{"id":8825,"date":"2023-05-26T00:00:00","date_gmt":"2023-05-25T22:00:00","guid":{"rendered":"https:\/\/sfc.com\/spain-film-commission-regresa-de-cannes-con-un-balance-positivo-de-su-participacion\/"},"modified":"2025-02-11T08:06:22","modified_gmt":"2025-02-11T07:06:22","slug":"spain-film-commission-regresa-de-cannes-con-un-balance-positivo-de-su-participacion","status":"publish","type":"post","link":"https:\/\/spainfilmcommission.com\/en\/blog\/spain-film-commission-regresa-de-cannes-con-un-balance-positivo-de-su-participacion\/","title":{"rendered":"Spain Film Commission regresa de Cannes con un balance positivo de su participaci\u00f3n"},"content":{"rendered":"<p>Spain Film Commission ha desarrollado una completa agenda en el March\u00e9 du Film 2023, una edici\u00f3n que cierra con r\u00e9cord de participaci\u00f3n, en el a\u00f1o que Espa\u00f1a era el invitado de honor.\u00a0<\/p>\n<p>La agenda de actividades comenz\u00f3 el d\u00eda 17 de mayo como patrocinadores, junto a la Academia de Cine de Espa\u00f1a, del evento de apertura del March\u00e9 du Film.\u00a0<\/p>\n<p>Spain Film Commission, ha contado con un \u00e1rea preferente en el stand de Espa\u00f1a,en el que junto a sus socios Andaluc\u00eda Film Commission, Castilla-La Mancha Film Commission, Canary Islands Film, Catalunya Film Commission, Film Madrid, Madrid Film Office, Mallorca Film Commission, Film Valencia, Navarra Film Commission, Terrassa Film Office, Valencia Film Office and Valladolid Film Commission han estado difundiendo las ventajas de rodar en el territorio espa\u00f1ol.\u00a0<\/p>\n<p>La agenda prevista ha incluido encuentros con entidades hom\u00f3logas y asociaciones de productores de Australia, como\u00a0 Graeme\u00a0 Mason, Director Ejecutivo de Screen Australia; o el Ministro de Estado de la India,\u00a0 Shri L Muruga, el productor Bobby Bedi, director de Content Flow, y ejecutivos de la Federaci\u00f3n de C\u00e1maras de Comercio e Industria de la India como Pankaj Singh y \u00a0Leena Jaisani con quienes se han mantenido sendas reuniones de trabajo trabajo, dando continuidad a las misiones recientemente desarrolladas en India y Australia.\u00a0<\/p>\n<p>Tambi\u00e9n en el marco del March\u00e9 du film se han desarrollado fruct\u00edferos encuentros con los miembros de Latin American Film Commission Network, Aina Aizemberg de Argentina, Luiz Toledo de Brasil, Essie Masterlari de Panam\u00e1, Jos\u00e9 Castro de Costa Rica, junto a Carlos Rosado compartieron un espacio de transferencia de conocimientos y experiencias.\u00a0<\/p>\n<p>El pasado s\u00e1bado se present\u00f3 la primera base de datos de estudios y plat\u00f3s de Espa\u00f1a bajo el marco de un evento organizado por la revista Variety en el pabell\u00f3n de Estados Unidos. En dicha presentaci\u00f3n particip\u00f3 John Hopewell, editor de Variety, y el secretario general de SFC Juan Manuel Guimerans.\u00a0<\/p>\n<p>Esta base de datos re\u00fane instalaciones de todo el pa\u00eds, constituyendo una herramienta \u00e1gil para productores y profesionales de la industria de rodajes internacional.\u00a0\u00a0<\/p>\n<p>Las actividades de SFC en Cannes forman parte del plan de acci\u00f3n que viene desarrollando la entidad para contribuir a consolidar el Hub Audiovisual Espa\u00f1ol, uno de nuestros motores de reactivaci\u00f3n econ\u00f3mica puesto en marcha por el Gobierno de Espa\u00f1a. El plan, dirigido por el Ministerio de Asuntos Econ\u00f3micos y Transformaci\u00f3n Digital y articulado por la Secretar\u00eda de Estado de Telecomunicaciones e Infraestructuras Digitales, recoge inversiones p\u00fablicas y reformas para lograr un impulso significativo de toda la cadena de valor de la industria audiovisual a partir de las fortalezas que posee Espa\u00f1a: una industria audiovisual solvente, profesionales de talento y prestigio, una capacidad creativa reconocida mundialmente y una ventaja comparativa en el mercado global creciente de producci\u00f3n audiovisual en espa\u00f1ol.<br \/>\nAdem\u00e1s del talento y de los extraordinarios escenarios naturales, otra de las ventajas de Espa\u00f1a para las productoras cinematogr\u00e1ficas es los incentivos fiscales con deducciones para rodajes internacionales que oscilan entre el 35% y el 60%, seg\u00fan el territorio, y abarcan desde los gastos del personal creativo hasta el derivado de la utilizaci\u00f3n de industrias t\u00e9cnicas y otros proveedores.\u00a0<\/p>\n<p>#SHOOTINGINSPAIN #WEMAKETHEMAGIC #SPAINAVSHUB<\/p>\n","protected":false},"excerpt":{"rendered":"<p>Spain Film Commission ha desarrollado una completa agenda en el March\u00e9 du Film 2023, una edici\u00f3n que cierra con r\u00e9cord de participaci\u00f3n, en el a\u00f1o que Espa\u00f1a era el invitado [&hellip;]<\/p>\n","protected":false},"author":2,"featured_media":8826,"comment_status":"closed","ping_status":"","sticky":false,"template":"","format":"standard","meta":{"footnotes":""},"categories":[38],"tags":[],"class_list":["post-8825","post","type-post","status-publish","format-standard","has-post-thumbnail","hentry","category-noticias"],"yoast_head":"<!-- This site is optimized with the Yoast SEO plugin v27.3 - https:\/\/yoast.com\/product\/yoast-seo-wordpress\/ -->\n<title>Spain Film Commission regresa de Cannes con un balance positivo de su participaci\u00f3n - Spain Film Commission<\/title>\n<meta name=\"robots\" content=\"index, follow, max-snippet:-1, max-image-preview:large, max-video-preview:-1\" \/>\n<link rel=\"canonical\" href=\"https:\/\/spainfilmcommission.com\/en\/blog\/spain-film-commission-regresa-de-cannes-con-un-balance-positivo-de-su-participacion\/\" \/>\n<meta property=\"og:locale\" content=\"en_US\" \/>\n<meta property=\"og:type\" content=\"article\" \/>\n<meta property=\"og:title\" content=\"Spain Film Commission regresa de Cannes con un balance positivo de su participaci\u00f3n - Spain Film Commission\" \/>\n<meta property=\"og:description\" content=\"Spain Film Commission ha desarrollado una completa agenda en el March\u00e9 du Film 2023, una edici\u00f3n que cierra con r\u00e9cord de participaci\u00f3n, en el a\u00f1o que Espa\u00f1a era el invitado [&hellip;]\" \/>\n<meta property=\"og:url\" content=\"https:\/\/spainfilmcommission.com\/en\/blog\/spain-film-commission-regresa-de-cannes-con-un-balance-positivo-de-su-participacion\/\" \/>\n<meta property=\"og:site_name\" content=\"Spain Film Commission\" \/>\n<meta property=\"article:published_time\" content=\"2023-05-25T22:00:00+00:00\" \/>\n<meta property=\"article:modified_time\" content=\"2025-02-11T07:06:22+00:00\" \/>\n<meta property=\"og:image\" content=\"https:\/\/spainfilmcommission.com\/wp-content\/uploads\/2024\/11\/spain-film-commission-regresa-de-cannes-con-un-balance-positivo-de-su-participacion-333.jpeg\" \/>\n\t<meta property=\"og:image:width\" content=\"1170\" \/>\n\t<meta property=\"og:image:height\" content=\"877\" \/>\n\t<meta property=\"og:image:type\" content=\"image\/jpeg\" \/>\n<meta name=\"author\" content=\"studio128k_dam\" \/>\n<meta name=\"twitter:card\" content=\"summary_large_image\" \/>\n<meta name=\"twitter:label1\" content=\"Written by\" \/>\n\t<meta name=\"twitter:data1\" content=\"studio128k_dam\" \/>\n\t<meta name=\"twitter:label2\" content=\"Est. reading time\" \/>\n\t<meta name=\"twitter:data2\" content=\"3 minutes\" \/>\n<script type=\"application\/ld+json\" class=\"yoast-schema-graph\">{\"@context\":\"https:\\\/\\\/schema.org\",\"@graph\":[{\"@type\":\"Article\",\"@id\":\"https:\\\/\\\/spainfilmcommission.com\\\/en\\\/blog\\\/spain-film-commission-regresa-de-cannes-con-un-balance-positivo-de-su-participacion\\\/#article\",\"isPartOf\":{\"@id\":\"https:\\\/\\\/spainfilmcommission.com\\\/en\\\/blog\\\/spain-film-commission-regresa-de-cannes-con-un-balance-positivo-de-su-participacion\\\/\"},\"author\":{\"name\":\"studio128k_dam\",\"@id\":\"https:\\\/\\\/spainfilmcommission.com\\\/en\\\/#\\\/schema\\\/person\\\/6c014ba6ceac198d178a6a9e61113c9d\"},\"headline\":\"Spain Film Commission regresa de Cannes con un balance positivo de su participaci\u00f3n\",\"datePublished\":\"2023-05-25T22:00:00+00:00\",\"dateModified\":\"2025-02-11T07:06:22+00:00\",\"mainEntityOfPage\":{\"@id\":\"https:\\\/\\\/spainfilmcommission.com\\\/en\\\/blog\\\/spain-film-commission-regresa-de-cannes-con-un-balance-positivo-de-su-participacion\\\/\"},\"wordCount\":570,\"publisher\":{\"@id\":\"https:\\\/\\\/spainfilmcommission.com\\\/en\\\/#organization\"},\"image\":{\"@id\":\"https:\\\/\\\/spainfilmcommission.com\\\/en\\\/blog\\\/spain-film-commission-regresa-de-cannes-con-un-balance-positivo-de-su-participacion\\\/#primaryimage\"},\"thumbnailUrl\":\"https:\\\/\\\/spainfilmcommission.com\\\/wp-content\\\/uploads\\\/2024\\\/11\\\/spain-film-commission-regresa-de-cannes-con-un-balance-positivo-de-su-participacion-333.jpeg\",\"articleSection\":[\"Noticias\"],\"inLanguage\":\"en-US\"},{\"@type\":\"WebPage\",\"@id\":\"https:\\\/\\\/spainfilmcommission.com\\\/en\\\/blog\\\/spain-film-commission-regresa-de-cannes-con-un-balance-positivo-de-su-participacion\\\/\",\"url\":\"https:\\\/\\\/spainfilmcommission.com\\\/en\\\/blog\\\/spain-film-commission-regresa-de-cannes-con-un-balance-positivo-de-su-participacion\\\/\",\"name\":\"Spain Film Commission regresa de Cannes con un balance positivo de su participaci\u00f3n - Spain Film Commission\",\"isPartOf\":{\"@id\":\"https:\\\/\\\/spainfilmcommission.com\\\/en\\\/#website\"},\"primaryImageOfPage\":{\"@id\":\"https:\\\/\\\/spainfilmcommission.com\\\/en\\\/blog\\\/spain-film-commission-regresa-de-cannes-con-un-balance-positivo-de-su-participacion\\\/#primaryimage\"},\"image\":{\"@id\":\"https:\\\/\\\/spainfilmcommission.com\\\/en\\\/blog\\\/spain-film-commission-regresa-de-cannes-con-un-balance-positivo-de-su-participacion\\\/#primaryimage\"},\"thumbnailUrl\":\"https:\\\/\\\/spainfilmcommission.com\\\/wp-content\\\/uploads\\\/2024\\\/11\\\/spain-film-commission-regresa-de-cannes-con-un-balance-positivo-de-su-participacion-333.jpeg\",\"datePublished\":\"2023-05-25T22:00:00+00:00\",\"dateModified\":\"2025-02-11T07:06:22+00:00\",\"breadcrumb\":{\"@id\":\"https:\\\/\\\/spainfilmcommission.com\\\/en\\\/blog\\\/spain-film-commission-regresa-de-cannes-con-un-balance-positivo-de-su-participacion\\\/#breadcrumb\"},\"inLanguage\":\"en-US\",\"potentialAction\":[{\"@type\":\"ReadAction\",\"target\":[\"https:\\\/\\\/spainfilmcommission.com\\\/en\\\/blog\\\/spain-film-commission-regresa-de-cannes-con-un-balance-positivo-de-su-participacion\\\/\"]}]},{\"@type\":\"ImageObject\",\"inLanguage\":\"en-US\",\"@id\":\"https:\\\/\\\/spainfilmcommission.com\\\/en\\\/blog\\\/spain-film-commission-regresa-de-cannes-con-un-balance-positivo-de-su-participacion\\\/#primaryimage\",\"url\":\"https:\\\/\\\/spainfilmcommission.com\\\/wp-content\\\/uploads\\\/2024\\\/11\\\/spain-film-commission-regresa-de-cannes-con-un-balance-positivo-de-su-participacion-333.jpeg\",\"contentUrl\":\"https:\\\/\\\/spainfilmcommission.com\\\/wp-content\\\/uploads\\\/2024\\\/11\\\/spain-film-commission-regresa-de-cannes-con-un-balance-positivo-de-su-participacion-333.jpeg\",\"width\":1170,\"height\":877},{\"@type\":\"BreadcrumbList\",\"@id\":\"https:\\\/\\\/spainfilmcommission.com\\\/en\\\/blog\\\/spain-film-commission-regresa-de-cannes-con-un-balance-positivo-de-su-participacion\\\/#breadcrumb\",\"itemListElement\":[{\"@type\":\"ListItem\",\"position\":1,\"name\":\"Portada\",\"item\":\"https:\\\/\\\/spainfilmcommission.com\\\/en\\\/\"},{\"@type\":\"ListItem\",\"position\":2,\"name\":\"Spain Film Commission regresa de Cannes con un balance positivo de su participaci\u00f3n\"}]},{\"@type\":\"WebSite\",\"@id\":\"https:\\\/\\\/spainfilmcommission.com\\\/en\\\/#website\",\"url\":\"https:\\\/\\\/spainfilmcommission.com\\\/en\\\/\",\"name\":\"Spain Film Commission\",\"description\":\"\",\"publisher\":{\"@id\":\"https:\\\/\\\/spainfilmcommission.com\\\/en\\\/#organization\"},\"potentialAction\":[{\"@type\":\"SearchAction\",\"target\":{\"@type\":\"EntryPoint\",\"urlTemplate\":\"https:\\\/\\\/spainfilmcommission.com\\\/en\\\/?s={search_term_string}\"},\"query-input\":{\"@type\":\"PropertyValueSpecification\",\"valueRequired\":true,\"valueName\":\"search_term_string\"}}],\"inLanguage\":\"en-US\"},{\"@type\":\"Organization\",\"@id\":\"https:\\\/\\\/spainfilmcommission.com\\\/en\\\/#organization\",\"name\":\"Spain Film Commission\",\"url\":\"https:\\\/\\\/spainfilmcommission.com\\\/en\\\/\",\"logo\":{\"@type\":\"ImageObject\",\"inLanguage\":\"en-US\",\"@id\":\"https:\\\/\\\/spainfilmcommission.com\\\/en\\\/#\\\/schema\\\/logo\\\/image\\\/\",\"url\":\"https:\\\/\\\/spainfilmcommission.com\\\/wp-content\\\/uploads\\\/2024\\\/07\\\/SPC_COLOR.png\",\"contentUrl\":\"https:\\\/\\\/spainfilmcommission.com\\\/wp-content\\\/uploads\\\/2024\\\/07\\\/SPC_COLOR.png\",\"width\":1665,\"height\":1665,\"caption\":\"Spain Film Commission\"},\"image\":{\"@id\":\"https:\\\/\\\/spainfilmcommission.com\\\/en\\\/#\\\/schema\\\/logo\\\/image\\\/\"}},{\"@type\":\"Person\",\"@id\":\"https:\\\/\\\/spainfilmcommission.com\\\/en\\\/#\\\/schema\\\/person\\\/6c014ba6ceac198d178a6a9e61113c9d\",\"name\":\"studio128k_dam\",\"image\":{\"@type\":\"ImageObject\",\"inLanguage\":\"en-US\",\"@id\":\"https:\\\/\\\/secure.gravatar.com\\\/avatar\\\/810f99144a13522c24aa173f9cd8bf079d0e89758af00b5f2938443cd51b31e9?s=96&d=mm&r=g\",\"url\":\"https:\\\/\\\/secure.gravatar.com\\\/avatar\\\/810f99144a13522c24aa173f9cd8bf079d0e89758af00b5f2938443cd51b31e9?s=96&d=mm&r=g\",\"contentUrl\":\"https:\\\/\\\/secure.gravatar.com\\\/avatar\\\/810f99144a13522c24aa173f9cd8bf079d0e89758af00b5f2938443cd51b31e9?s=96&d=mm&r=g\",\"caption\":\"studio128k_dam\"}}]}<\/script>\n<!-- \/ Yoast SEO plugin. -->","yoast_head_json":{"title":"Spain Film Commission regresa de Cannes con un balance positivo de su participaci\u00f3n - Spain Film Commission","robots":{"index":"index","follow":"follow","max-snippet":"max-snippet:-1","max-image-preview":"max-image-preview:large","max-video-preview":"max-video-preview:-1"},"canonical":"https:\/\/spainfilmcommission.com\/en\/blog\/spain-film-commission-regresa-de-cannes-con-un-balance-positivo-de-su-participacion\/","og_locale":"en_US","og_type":"article","og_title":"Spain Film Commission regresa de Cannes con un balance positivo de su participaci\u00f3n - Spain Film Commission","og_description":"Spain Film Commission ha desarrollado una completa agenda en el March\u00e9 du Film 2023, una edici\u00f3n que cierra con r\u00e9cord de participaci\u00f3n, en el a\u00f1o que Espa\u00f1a era el invitado [&hellip;]","og_url":"https:\/\/spainfilmcommission.com\/en\/blog\/spain-film-commission-regresa-de-cannes-con-un-balance-positivo-de-su-participacion\/","og_site_name":"Spain Film Commission","article_published_time":"2023-05-25T22:00:00+00:00","article_modified_time":"2025-02-11T07:06:22+00:00","og_image":[{"width":1170,"height":877,"url":"https:\/\/spainfilmcommission.com\/wp-content\/uploads\/2024\/11\/spain-film-commission-regresa-de-cannes-con-un-balance-positivo-de-su-participacion-333.jpeg","type":"image\/jpeg"}],"author":"studio128k_dam","twitter_card":"summary_large_image","twitter_misc":{"Written by":"studio128k_dam","Est. reading time":"3 minutes"},"schema":{"@context":"https:\/\/schema.org","@graph":[{"@type":"Article","@id":"https:\/\/spainfilmcommission.com\/en\/blog\/spain-film-commission-regresa-de-cannes-con-un-balance-positivo-de-su-participacion\/#article","isPartOf":{"@id":"https:\/\/spainfilmcommission.com\/en\/blog\/spain-film-commission-regresa-de-cannes-con-un-balance-positivo-de-su-participacion\/"},"author":{"name":"studio128k_dam","@id":"https:\/\/spainfilmcommission.com\/en\/#\/schema\/person\/6c014ba6ceac198d178a6a9e61113c9d"},"headline":"Spain Film Commission regresa de Cannes con un balance positivo de su participaci\u00f3n","datePublished":"2023-05-25T22:00:00+00:00","dateModified":"2025-02-11T07:06:22+00:00","mainEntityOfPage":{"@id":"https:\/\/spainfilmcommission.com\/en\/blog\/spain-film-commission-regresa-de-cannes-con-un-balance-positivo-de-su-participacion\/"},"wordCount":570,"publisher":{"@id":"https:\/\/spainfilmcommission.com\/en\/#organization"},"image":{"@id":"https:\/\/spainfilmcommission.com\/en\/blog\/spain-film-commission-regresa-de-cannes-con-un-balance-positivo-de-su-participacion\/#primaryimage"},"thumbnailUrl":"https:\/\/spainfilmcommission.com\/wp-content\/uploads\/2024\/11\/spain-film-commission-regresa-de-cannes-con-un-balance-positivo-de-su-participacion-333.jpeg","articleSection":["Noticias"],"inLanguage":"en-US"},{"@type":"WebPage","@id":"https:\/\/spainfilmcommission.com\/en\/blog\/spain-film-commission-regresa-de-cannes-con-un-balance-positivo-de-su-participacion\/","url":"https:\/\/spainfilmcommission.com\/en\/blog\/spain-film-commission-regresa-de-cannes-con-un-balance-positivo-de-su-participacion\/","name":"Spain Film Commission regresa de Cannes con un balance positivo de su participaci\u00f3n - Spain Film Commission","isPartOf":{"@id":"https:\/\/spainfilmcommission.com\/en\/#website"},"primaryImageOfPage":{"@id":"https:\/\/spainfilmcommission.com\/en\/blog\/spain-film-commission-regresa-de-cannes-con-un-balance-positivo-de-su-participacion\/#primaryimage"},"image":{"@id":"https:\/\/spainfilmcommission.com\/en\/blog\/spain-film-commission-regresa-de-cannes-con-un-balance-positivo-de-su-participacion\/#primaryimage"},"thumbnailUrl":"https:\/\/spainfilmcommission.com\/wp-content\/uploads\/2024\/11\/spain-film-commission-regresa-de-cannes-con-un-balance-positivo-de-su-participacion-333.jpeg","datePublished":"2023-05-25T22:00:00+00:00","dateModified":"2025-02-11T07:06:22+00:00","breadcrumb":{"@id":"https:\/\/spainfilmcommission.com\/en\/blog\/spain-film-commission-regresa-de-cannes-con-un-balance-positivo-de-su-participacion\/#breadcrumb"},"inLanguage":"en-US","potentialAction":[{"@type":"ReadAction","target":["https:\/\/spainfilmcommission.com\/en\/blog\/spain-film-commission-regresa-de-cannes-con-un-balance-positivo-de-su-participacion\/"]}]},{"@type":"ImageObject","inLanguage":"en-US","@id":"https:\/\/spainfilmcommission.com\/en\/blog\/spain-film-commission-regresa-de-cannes-con-un-balance-positivo-de-su-participacion\/#primaryimage","url":"https:\/\/spainfilmcommission.com\/wp-content\/uploads\/2024\/11\/spain-film-commission-regresa-de-cannes-con-un-balance-positivo-de-su-participacion-333.jpeg","contentUrl":"https:\/\/spainfilmcommission.com\/wp-content\/uploads\/2024\/11\/spain-film-commission-regresa-de-cannes-con-un-balance-positivo-de-su-participacion-333.jpeg","width":1170,"height":877},{"@type":"BreadcrumbList","@id":"https:\/\/spainfilmcommission.com\/en\/blog\/spain-film-commission-regresa-de-cannes-con-un-balance-positivo-de-su-participacion\/#breadcrumb","itemListElement":[{"@type":"ListItem","position":1,"name":"Portada","item":"https:\/\/spainfilmcommission.com\/en\/"},{"@type":"ListItem","position":2,"name":"Spain Film Commission regresa de Cannes con un balance positivo de su participaci\u00f3n"}]},{"@type":"WebSite","@id":"https:\/\/spainfilmcommission.com\/en\/#website","url":"https:\/\/spainfilmcommission.com\/en\/","name":"Spain Film Commission","description":"","publisher":{"@id":"https:\/\/spainfilmcommission.com\/en\/#organization"},"potentialAction":[{"@type":"SearchAction","target":{"@type":"EntryPoint","urlTemplate":"https:\/\/spainfilmcommission.com\/en\/?s={search_term_string}"},"query-input":{"@type":"PropertyValueSpecification","valueRequired":true,"valueName":"search_term_string"}}],"inLanguage":"en-US"},{"@type":"Organization","@id":"https:\/\/spainfilmcommission.com\/en\/#organization","name":"Spain Film Commission","url":"https:\/\/spainfilmcommission.com\/en\/","logo":{"@type":"ImageObject","inLanguage":"en-US","@id":"https:\/\/spainfilmcommission.com\/en\/#\/schema\/logo\/image\/","url":"https:\/\/spainfilmcommission.com\/wp-content\/uploads\/2024\/07\/SPC_COLOR.png","contentUrl":"https:\/\/spainfilmcommission.com\/wp-content\/uploads\/2024\/07\/SPC_COLOR.png","width":1665,"height":1665,"caption":"Spain Film Commission"},"image":{"@id":"https:\/\/spainfilmcommission.com\/en\/#\/schema\/logo\/image\/"}},{"@type":"Person","@id":"https:\/\/spainfilmcommission.com\/en\/#\/schema\/person\/6c014ba6ceac198d178a6a9e61113c9d","name":"studio128k_dam","image":{"@type":"ImageObject","inLanguage":"en-US","@id":"https:\/\/secure.gravatar.com\/avatar\/810f99144a13522c24aa173f9cd8bf079d0e89758af00b5f2938443cd51b31e9?s=96&d=mm&r=g","url":"https:\/\/secure.gravatar.com\/avatar\/810f99144a13522c24aa173f9cd8bf079d0e89758af00b5f2938443cd51b31e9?s=96&d=mm&r=g","contentUrl":"https:\/\/secure.gravatar.com\/avatar\/810f99144a13522c24aa173f9cd8bf079d0e89758af00b5f2938443cd51b31e9?s=96&d=mm&r=g","caption":"studio128k_dam"}}]}},"_links":{"self":[{"href":"https:\/\/spainfilmcommission.com\/en\/wp-json\/wp\/v2\/posts\/8825","targetHints":{"allow":["GET"]}}],"collection":[{"href":"https:\/\/spainfilmcommission.com\/en\/wp-json\/wp\/v2\/posts"}],"about":[{"href":"https:\/\/spainfilmcommission.com\/en\/wp-json\/wp\/v2\/types\/post"}],"author":[{"embeddable":true,"href":"https:\/\/spainfilmcommission.com\/en\/wp-json\/wp\/v2\/users\/2"}],"replies":[{"embeddable":true,"href":"https:\/\/spainfilmcommission.com\/en\/wp-json\/wp\/v2\/comments?post=8825"}],"version-history":[{"count":0,"href":"https:\/\/spainfilmcommission.com\/en\/wp-json\/wp\/v2\/posts\/8825\/revisions"}],"wp:featuredmedia":[{"embeddable":true,"href":"https:\/\/spainfilmcommission.com\/en\/wp-json\/wp\/v2\/media\/8826"}],"wp:attachment":[{"href":"https:\/\/spainfilmcommission.com\/en\/wp-json\/wp\/v2\/media?parent=8825"}],"wp:term":[{"taxonomy":"category","embeddable":true,"href":"https:\/\/spainfilmcommission.com\/en\/wp-json\/wp\/v2\/categories?post=8825"},{"taxonomy":"post_tag","embeddable":true,"href":"https:\/\/spainfilmcommission.com\/en\/wp-json\/wp\/v2\/tags?post=8825"}],"curies":[{"name":"wp","href":"https:\/\/api.w.org\/{rel}","templated":true}]}}