{"id":8813,"date":"2023-05-11T00:00:00","date_gmt":"2023-05-10T22:00:00","guid":{"rendered":"https:\/\/sfc.com\/spain-film-commission-participa-en-la-76-edicion-del-marche-du-film-2023-en-cannes-en-la-que-espana-es-pais-invitado-de-honor-de-esta-edicion\/"},"modified":"2025-02-11T08:06:22","modified_gmt":"2025-02-11T07:06:22","slug":"spain-film-commission-participa-en-la-76-edicion-del-marche-du-film-2023-en-cannes-en-la-que-espana-es-pais-invitado-de-honor-de-esta-edicion","status":"publish","type":"post","link":"https:\/\/spainfilmcommission.com\/en\/blog\/spain-film-commission-participa-en-la-76-edicion-del-marche-du-film-2023-en-cannes-en-la-que-espana-es-pais-invitado-de-honor-de-esta-edicion\/","title":{"rendered":"Spain Film Commission participa en la 76 edici\u00f3n del March\u00e9 du Film 2023 en Cannes en la que Espa\u00f1a es pa\u00eds invitado de honor de esta edici\u00f3n"},"content":{"rendered":"<h2 style=\"font-family:Arial, sans-serif;font-size:12px;text-align:justify;\"><span style=\"font-size:14px;\"><span style=\"font-family:'lucida sans unicode', 'lucida grande', sans-serif;\">El objetivo es contribuir a consolidar el Hub Audiovisual Espa\u00f1ol como motor de reactivaci\u00f3n econ\u00f3mica y atracci\u00f3n de inversi\u00f3n extranjera<\/span><\/span><\/h2>\n<h2 style=\"font-family:Arial, sans-serif;font-size:12px;text-align:justify;\"><span style=\"font-size:14px;\"><span style=\"font-family:'lucida sans unicode', 'lucida grande', sans-serif;\">Spain Film Commission presentar\u00e1 la primera base de datos de los estudios y plat\u00f3s de Espa\u00f1a dentro de un intenso programa de actividades profesionales<\/span><\/span><\/h2>\n<p style=\"font-size:12px;font-family:Arial, sans-serif;text-align:justify;\"><span style=\"font-family:'lucida sans unicode', 'lucida grande', sans-serif;\"><span style=\"font-size:14px;\"><strong>Spain Film Commission<\/strong>\u00a0<strong>(SFC)<\/strong>\u00a0desarrollar\u00e1 un amplio programa de actividades y encuentros profesionales para dar continuidad a la labor que viene desarrollando en mercados internacionales. Su amplia agenda de actividades comienza el d\u00eda 17 de mayo como patrocinadores, junto a la Academia de Cine de Espa\u00f1a, del evento de apertura del March\u00e9. El March\u00e9 du Film se desarrollar\u00e1 entre el 16 y el 24 de mayo y cobra especial relevancia en esta edici\u00f3n ya que Espa\u00f1a es el &#8216;Pa\u00eds invitado de Honor\u2019.<\/span><\/span><\/p>\n<p style=\"font-size:12px;font-family:Arial, sans-serif;text-align:justify;\"><span style=\"font-family:'lucida sans unicode', 'lucida grande', sans-serif;\"><span style=\"font-size:14px;\">La participaci\u00f3n de Espa\u00f1a en el que es el evento de referencia del mercado cinematogr\u00e1fico de Europa est\u00e1 impulsada por ICEX Spain Trade &#038; Investment y el ICAA (Instituto de Cinematograf\u00eda y Audiovisual), que han desarrollado un importante programa de promoci\u00f3n de talento e industria audiovisual espa\u00f1olas.<\/span><\/span><\/p>\n<p style=\"font-size:12px;font-family:Arial, sans-serif;text-align:justify;\"><span style=\"font-family:'lucida sans unicode', 'lucida grande', sans-serif;\"><span style=\"font-size:14px;\"><strong>Spain Film Commission,<\/strong>\u00a0que cuenta con un \u00e1rea preferente en el stand de Espa\u00f1a, organizar\u00e1 encuentros con entidades hom\u00f3logas y asociaciones de productores de Australia, India, Latinoam\u00e9rica y Reino Unido; un encuentro con la MPA (Motion Picture Association), entre otras reuniones, y la presentaci\u00f3n de la\u00a0<strong>primera base de datos de estudios y plat\u00f3s de Espa\u00f1a<\/strong>\u00a0bajo el marco de un evento organizado por la revista Variety.<\/span><\/span><\/p>\n<p style=\"font-size:12px;font-family:Arial, sans-serif;text-align:justify;\"><span style=\"font-family:'lucida sans unicode', 'lucida grande', sans-serif;\"><span style=\"font-size:14px;\"><strong>La direcci\u00f3n de SFC<\/strong>\u00a0se acompa\u00f1a en esta ocasi\u00f3n de doce de los socios de su red: Andaluc\u00eda Film Commission, Castilla-La Mancha Film Commission, Canary Islands Film, Catalunya Film Commission, Film Madrid, Madrid Film Office, Mallorca Film Commission, Film Valencia, Navarra Film Commission, Terrassa Film Office, Valencia Film Office y Valladolid Film Commission.<\/span><\/span><\/p>\n<p style=\"font-size:12px;font-family:Arial, sans-serif;text-align:justify;\"><span style=\"font-family:'lucida sans unicode', 'lucida grande', sans-serif;\"><span style=\"font-size:14px;\"><em>&#8220;Espa\u00f1a es un creciente destino de rodaje de una industria audiovisual cada vez m\u00e1s potente y de grandes producciones internacionales, ante las que cada vez somos m\u00e1s atractivos, gracias a las localizaciones, al talento de nuestros profesionales y a un competitivo marco de incentivos fiscales que se introdujo en 2015 y que ha evolucionado muy favorablemente desde la aprobaci\u00f3n del Plan Espa\u00f1a Hub Audiovisual del Plan de Recuperaci\u00f3n Transformaci\u00f3n y Resiliencia&#8221;<\/em>,\u00a0 destaca\u00a0<strong>Carlos Rosado<\/strong>, presidente de la entidad.\u00a0<\/span><\/span><\/p>\n<p style=\"font-size:12px;font-family:Arial, sans-serif;text-align:justify;\"><span style=\"font-family:'lucida sans unicode', 'lucida grande', sans-serif;\"><span style=\"font-size:14px;\">Las actividades de<strong>\u00a0SFC<\/strong>\u00a0en Cannes forman parte del plan de acci\u00f3n que viene desarrollando la entidad para contribuir a consolidar el\u00a0<strong>Hub Audiovisual Espa\u00f1ol,<\/strong>\u00a0uno de nuestros motores de reactivaci\u00f3n econ\u00f3mica puesto en marcha por el Gobierno de Espa\u00f1a. El plan, dirigido por el Ministerio de Asuntos Econ\u00f3micos y Transformaci\u00f3n Digital y articulado por la Secretar\u00eda de Estado de Telecomunicaciones e Infraestructuras Digitales, recoge inversiones p\u00fablicas y reformas para lograr un impulso significativo de toda la cadena de valor de la industria audiovisual a partir de las fortalezas que posee Espa\u00f1a: una industria audiovisual solvente, profesionales de talento y prestigio, una capacidad creativa reconocida mundialmente y una ventaja comparativa en el mercado global creciente de producci\u00f3n audiovisual en espa\u00f1ol.\u00a0<br \/>\nAdem\u00e1s del talento y de los extraordinarios escenarios naturales, otra de las ventajas de Espa\u00f1a para las productoras cinematogr\u00e1ficas es los incentivos fiscales con deducciones para rodajes internacionales que oscilan entre el 35% y el 60%, seg\u00fan el territorio, y abarcan desde los gastos del personal creativo hasta el derivado de la utilizaci\u00f3n de industrias t\u00e9cnicas y otros proveedores.<\/span><\/span><\/p>\n<p style=\"font-size:12px;font-family:Arial, sans-serif;text-align:justify;\"><span style=\"font-family:'lucida sans unicode', 'lucida grande', sans-serif;\"><span id=\"docs-internal-guid-60784847-7fff-1f9c-7789-a24feb620a71\"><span style=\"font-size:12pt;color:rgb(225,11,19);background-color:transparent;font-weight:700;vertical-align:baseline;white-space:pre-wrap;\">#SHOOTINGINSPAIN #WEMAKETHEMAGIC #SPAINASVHUB<\/span><\/span><\/span><\/p>\n","protected":false},"excerpt":{"rendered":"<p>El objetivo es contribuir a consolidar el Hub Audiovisual Espa\u00f1ol como motor de reactivaci\u00f3n econ\u00f3mica y atracci\u00f3n de inversi\u00f3n extranjera Spain Film Commission presentar\u00e1 la primera base de datos de [&hellip;]<\/p>\n","protected":false},"author":2,"featured_media":8814,"comment_status":"closed","ping_status":"","sticky":false,"template":"","format":"standard","meta":{"footnotes":""},"categories":[38],"tags":[],"class_list":["post-8813","post","type-post","status-publish","format-standard","has-post-thumbnail","hentry","category-noticias"],"yoast_head":"<!-- This site is optimized with the Yoast SEO plugin v27.3 - https:\/\/yoast.com\/product\/yoast-seo-wordpress\/ -->\n<title>Spain Film Commission participa en la 76 edici\u00f3n del March\u00e9 du Film 2023 en Cannes en la que Espa\u00f1a es pa\u00eds invitado de honor de esta edici\u00f3n - Spain Film Commission<\/title>\n<meta name=\"robots\" content=\"index, follow, max-snippet:-1, max-image-preview:large, max-video-preview:-1\" \/>\n<link rel=\"canonical\" href=\"https:\/\/spainfilmcommission.com\/en\/blog\/spain-film-commission-participa-en-la-76-edicion-del-marche-du-film-2023-en-cannes-en-la-que-espana-es-pais-invitado-de-honor-de-esta-edicion\/\" \/>\n<meta property=\"og:locale\" content=\"en_US\" \/>\n<meta property=\"og:type\" content=\"article\" \/>\n<meta property=\"og:title\" content=\"Spain Film Commission participa en la 76 edici\u00f3n del March\u00e9 du Film 2023 en Cannes en la que Espa\u00f1a es pa\u00eds invitado de honor de esta edici\u00f3n - Spain Film Commission\" \/>\n<meta property=\"og:description\" content=\"El objetivo es contribuir a consolidar el Hub Audiovisual Espa\u00f1ol como motor de reactivaci\u00f3n econ\u00f3mica y atracci\u00f3n de inversi\u00f3n extranjera Spain Film Commission presentar\u00e1 la primera base de datos de [&hellip;]\" \/>\n<meta property=\"og:url\" content=\"https:\/\/spainfilmcommission.com\/en\/blog\/spain-film-commission-participa-en-la-76-edicion-del-marche-du-film-2023-en-cannes-en-la-que-espana-es-pais-invitado-de-honor-de-esta-edicion\/\" \/>\n<meta property=\"og:site_name\" content=\"Spain Film Commission\" \/>\n<meta property=\"article:published_time\" content=\"2023-05-10T22:00:00+00:00\" \/>\n<meta property=\"article:modified_time\" content=\"2025-02-11T07:06:22+00:00\" \/>\n<meta property=\"og:image\" content=\"https:\/\/spainfilmcommission.com\/wp-content\/uploads\/2024\/11\/spain-film-commission-sfc-participa-en-la-76-edicion-del-marche-du-film-2023-en-cannes-en-la-que-espana-es-pais-invitado-de-honor-de-esta-edicion-329.png\" \/>\n\t<meta property=\"og:image:width\" content=\"1170\" \/>\n\t<meta property=\"og:image:height\" content=\"658\" \/>\n\t<meta property=\"og:image:type\" content=\"image\/png\" \/>\n<meta name=\"author\" content=\"studio128k_dam\" \/>\n<meta name=\"twitter:card\" content=\"summary_large_image\" \/>\n<meta name=\"twitter:label1\" content=\"Written by\" \/>\n\t<meta name=\"twitter:data1\" content=\"studio128k_dam\" \/>\n\t<meta name=\"twitter:label2\" content=\"Est. reading time\" \/>\n\t<meta name=\"twitter:data2\" content=\"3 minutes\" \/>\n<script type=\"application\/ld+json\" class=\"yoast-schema-graph\">{\"@context\":\"https:\\\/\\\/schema.org\",\"@graph\":[{\"@type\":\"Article\",\"@id\":\"https:\\\/\\\/spainfilmcommission.com\\\/en\\\/blog\\\/spain-film-commission-participa-en-la-76-edicion-del-marche-du-film-2023-en-cannes-en-la-que-espana-es-pais-invitado-de-honor-de-esta-edicion\\\/#article\",\"isPartOf\":{\"@id\":\"https:\\\/\\\/spainfilmcommission.com\\\/en\\\/blog\\\/spain-film-commission-participa-en-la-76-edicion-del-marche-du-film-2023-en-cannes-en-la-que-espana-es-pais-invitado-de-honor-de-esta-edicion\\\/\"},\"author\":{\"name\":\"studio128k_dam\",\"@id\":\"https:\\\/\\\/spainfilmcommission.com\\\/en\\\/#\\\/schema\\\/person\\\/6c014ba6ceac198d178a6a9e61113c9d\"},\"headline\":\"Spain Film Commission participa en la 76 edici\u00f3n del March\u00e9 du Film 2023 en Cannes en la que Espa\u00f1a es pa\u00eds invitado de honor de esta edici\u00f3n\",\"datePublished\":\"2023-05-10T22:00:00+00:00\",\"dateModified\":\"2025-02-11T07:06:22+00:00\",\"mainEntityOfPage\":{\"@id\":\"https:\\\/\\\/spainfilmcommission.com\\\/en\\\/blog\\\/spain-film-commission-participa-en-la-76-edicion-del-marche-du-film-2023-en-cannes-en-la-que-espana-es-pais-invitado-de-honor-de-esta-edicion\\\/\"},\"wordCount\":628,\"publisher\":{\"@id\":\"https:\\\/\\\/spainfilmcommission.com\\\/en\\\/#organization\"},\"image\":{\"@id\":\"https:\\\/\\\/spainfilmcommission.com\\\/en\\\/blog\\\/spain-film-commission-participa-en-la-76-edicion-del-marche-du-film-2023-en-cannes-en-la-que-espana-es-pais-invitado-de-honor-de-esta-edicion\\\/#primaryimage\"},\"thumbnailUrl\":\"https:\\\/\\\/spainfilmcommission.com\\\/wp-content\\\/uploads\\\/2024\\\/11\\\/spain-film-commission-sfc-participa-en-la-76-edicion-del-marche-du-film-2023-en-cannes-en-la-que-espana-es-pais-invitado-de-honor-de-esta-edicion-329.png\",\"articleSection\":[\"Noticias\"],\"inLanguage\":\"en-US\"},{\"@type\":\"WebPage\",\"@id\":\"https:\\\/\\\/spainfilmcommission.com\\\/en\\\/blog\\\/spain-film-commission-participa-en-la-76-edicion-del-marche-du-film-2023-en-cannes-en-la-que-espana-es-pais-invitado-de-honor-de-esta-edicion\\\/\",\"url\":\"https:\\\/\\\/spainfilmcommission.com\\\/en\\\/blog\\\/spain-film-commission-participa-en-la-76-edicion-del-marche-du-film-2023-en-cannes-en-la-que-espana-es-pais-invitado-de-honor-de-esta-edicion\\\/\",\"name\":\"Spain Film Commission participa en la 76 edici\u00f3n del March\u00e9 du Film 2023 en Cannes en la que Espa\u00f1a es pa\u00eds invitado de honor de esta edici\u00f3n - Spain Film Commission\",\"isPartOf\":{\"@id\":\"https:\\\/\\\/spainfilmcommission.com\\\/en\\\/#website\"},\"primaryImageOfPage\":{\"@id\":\"https:\\\/\\\/spainfilmcommission.com\\\/en\\\/blog\\\/spain-film-commission-participa-en-la-76-edicion-del-marche-du-film-2023-en-cannes-en-la-que-espana-es-pais-invitado-de-honor-de-esta-edicion\\\/#primaryimage\"},\"image\":{\"@id\":\"https:\\\/\\\/spainfilmcommission.com\\\/en\\\/blog\\\/spain-film-commission-participa-en-la-76-edicion-del-marche-du-film-2023-en-cannes-en-la-que-espana-es-pais-invitado-de-honor-de-esta-edicion\\\/#primaryimage\"},\"thumbnailUrl\":\"https:\\\/\\\/spainfilmcommission.com\\\/wp-content\\\/uploads\\\/2024\\\/11\\\/spain-film-commission-sfc-participa-en-la-76-edicion-del-marche-du-film-2023-en-cannes-en-la-que-espana-es-pais-invitado-de-honor-de-esta-edicion-329.png\",\"datePublished\":\"2023-05-10T22:00:00+00:00\",\"dateModified\":\"2025-02-11T07:06:22+00:00\",\"breadcrumb\":{\"@id\":\"https:\\\/\\\/spainfilmcommission.com\\\/en\\\/blog\\\/spain-film-commission-participa-en-la-76-edicion-del-marche-du-film-2023-en-cannes-en-la-que-espana-es-pais-invitado-de-honor-de-esta-edicion\\\/#breadcrumb\"},\"inLanguage\":\"en-US\",\"potentialAction\":[{\"@type\":\"ReadAction\",\"target\":[\"https:\\\/\\\/spainfilmcommission.com\\\/en\\\/blog\\\/spain-film-commission-participa-en-la-76-edicion-del-marche-du-film-2023-en-cannes-en-la-que-espana-es-pais-invitado-de-honor-de-esta-edicion\\\/\"]}]},{\"@type\":\"ImageObject\",\"inLanguage\":\"en-US\",\"@id\":\"https:\\\/\\\/spainfilmcommission.com\\\/en\\\/blog\\\/spain-film-commission-participa-en-la-76-edicion-del-marche-du-film-2023-en-cannes-en-la-que-espana-es-pais-invitado-de-honor-de-esta-edicion\\\/#primaryimage\",\"url\":\"https:\\\/\\\/spainfilmcommission.com\\\/wp-content\\\/uploads\\\/2024\\\/11\\\/spain-film-commission-sfc-participa-en-la-76-edicion-del-marche-du-film-2023-en-cannes-en-la-que-espana-es-pais-invitado-de-honor-de-esta-edicion-329.png\",\"contentUrl\":\"https:\\\/\\\/spainfilmcommission.com\\\/wp-content\\\/uploads\\\/2024\\\/11\\\/spain-film-commission-sfc-participa-en-la-76-edicion-del-marche-du-film-2023-en-cannes-en-la-que-espana-es-pais-invitado-de-honor-de-esta-edicion-329.png\",\"width\":1170,\"height\":658},{\"@type\":\"BreadcrumbList\",\"@id\":\"https:\\\/\\\/spainfilmcommission.com\\\/en\\\/blog\\\/spain-film-commission-participa-en-la-76-edicion-del-marche-du-film-2023-en-cannes-en-la-que-espana-es-pais-invitado-de-honor-de-esta-edicion\\\/#breadcrumb\",\"itemListElement\":[{\"@type\":\"ListItem\",\"position\":1,\"name\":\"Portada\",\"item\":\"https:\\\/\\\/spainfilmcommission.com\\\/en\\\/\"},{\"@type\":\"ListItem\",\"position\":2,\"name\":\"Spain Film Commission participa en la 76 edici\u00f3n del March\u00e9 du Film 2023 en Cannes en la que Espa\u00f1a es pa\u00eds invitado de honor de esta edici\u00f3n\"}]},{\"@type\":\"WebSite\",\"@id\":\"https:\\\/\\\/spainfilmcommission.com\\\/en\\\/#website\",\"url\":\"https:\\\/\\\/spainfilmcommission.com\\\/en\\\/\",\"name\":\"Spain Film Commission\",\"description\":\"\",\"publisher\":{\"@id\":\"https:\\\/\\\/spainfilmcommission.com\\\/en\\\/#organization\"},\"potentialAction\":[{\"@type\":\"SearchAction\",\"target\":{\"@type\":\"EntryPoint\",\"urlTemplate\":\"https:\\\/\\\/spainfilmcommission.com\\\/en\\\/?s={search_term_string}\"},\"query-input\":{\"@type\":\"PropertyValueSpecification\",\"valueRequired\":true,\"valueName\":\"search_term_string\"}}],\"inLanguage\":\"en-US\"},{\"@type\":\"Organization\",\"@id\":\"https:\\\/\\\/spainfilmcommission.com\\\/en\\\/#organization\",\"name\":\"Spain Film Commission\",\"url\":\"https:\\\/\\\/spainfilmcommission.com\\\/en\\\/\",\"logo\":{\"@type\":\"ImageObject\",\"inLanguage\":\"en-US\",\"@id\":\"https:\\\/\\\/spainfilmcommission.com\\\/en\\\/#\\\/schema\\\/logo\\\/image\\\/\",\"url\":\"https:\\\/\\\/spainfilmcommission.com\\\/wp-content\\\/uploads\\\/2024\\\/07\\\/SPC_COLOR.png\",\"contentUrl\":\"https:\\\/\\\/spainfilmcommission.com\\\/wp-content\\\/uploads\\\/2024\\\/07\\\/SPC_COLOR.png\",\"width\":1665,\"height\":1665,\"caption\":\"Spain Film Commission\"},\"image\":{\"@id\":\"https:\\\/\\\/spainfilmcommission.com\\\/en\\\/#\\\/schema\\\/logo\\\/image\\\/\"}},{\"@type\":\"Person\",\"@id\":\"https:\\\/\\\/spainfilmcommission.com\\\/en\\\/#\\\/schema\\\/person\\\/6c014ba6ceac198d178a6a9e61113c9d\",\"name\":\"studio128k_dam\",\"image\":{\"@type\":\"ImageObject\",\"inLanguage\":\"en-US\",\"@id\":\"https:\\\/\\\/secure.gravatar.com\\\/avatar\\\/810f99144a13522c24aa173f9cd8bf079d0e89758af00b5f2938443cd51b31e9?s=96&d=mm&r=g\",\"url\":\"https:\\\/\\\/secure.gravatar.com\\\/avatar\\\/810f99144a13522c24aa173f9cd8bf079d0e89758af00b5f2938443cd51b31e9?s=96&d=mm&r=g\",\"contentUrl\":\"https:\\\/\\\/secure.gravatar.com\\\/avatar\\\/810f99144a13522c24aa173f9cd8bf079d0e89758af00b5f2938443cd51b31e9?s=96&d=mm&r=g\",\"caption\":\"studio128k_dam\"}}]}<\/script>\n<!-- \/ Yoast SEO plugin. -->","yoast_head_json":{"title":"Spain Film Commission participa en la 76 edici\u00f3n del March\u00e9 du Film 2023 en Cannes en la que Espa\u00f1a es pa\u00eds invitado de honor de esta edici\u00f3n - Spain Film Commission","robots":{"index":"index","follow":"follow","max-snippet":"max-snippet:-1","max-image-preview":"max-image-preview:large","max-video-preview":"max-video-preview:-1"},"canonical":"https:\/\/spainfilmcommission.com\/en\/blog\/spain-film-commission-participa-en-la-76-edicion-del-marche-du-film-2023-en-cannes-en-la-que-espana-es-pais-invitado-de-honor-de-esta-edicion\/","og_locale":"en_US","og_type":"article","og_title":"Spain Film Commission participa en la 76 edici\u00f3n del March\u00e9 du Film 2023 en Cannes en la que Espa\u00f1a es pa\u00eds invitado de honor de esta edici\u00f3n - Spain Film Commission","og_description":"El objetivo es contribuir a consolidar el Hub Audiovisual Espa\u00f1ol como motor de reactivaci\u00f3n econ\u00f3mica y atracci\u00f3n de inversi\u00f3n extranjera Spain Film Commission presentar\u00e1 la primera base de datos de [&hellip;]","og_url":"https:\/\/spainfilmcommission.com\/en\/blog\/spain-film-commission-participa-en-la-76-edicion-del-marche-du-film-2023-en-cannes-en-la-que-espana-es-pais-invitado-de-honor-de-esta-edicion\/","og_site_name":"Spain Film Commission","article_published_time":"2023-05-10T22:00:00+00:00","article_modified_time":"2025-02-11T07:06:22+00:00","og_image":[{"width":1170,"height":658,"url":"https:\/\/spainfilmcommission.com\/wp-content\/uploads\/2024\/11\/spain-film-commission-sfc-participa-en-la-76-edicion-del-marche-du-film-2023-en-cannes-en-la-que-espana-es-pais-invitado-de-honor-de-esta-edicion-329.png","type":"image\/png"}],"author":"studio128k_dam","twitter_card":"summary_large_image","twitter_misc":{"Written by":"studio128k_dam","Est. reading time":"3 minutes"},"schema":{"@context":"https:\/\/schema.org","@graph":[{"@type":"Article","@id":"https:\/\/spainfilmcommission.com\/en\/blog\/spain-film-commission-participa-en-la-76-edicion-del-marche-du-film-2023-en-cannes-en-la-que-espana-es-pais-invitado-de-honor-de-esta-edicion\/#article","isPartOf":{"@id":"https:\/\/spainfilmcommission.com\/en\/blog\/spain-film-commission-participa-en-la-76-edicion-del-marche-du-film-2023-en-cannes-en-la-que-espana-es-pais-invitado-de-honor-de-esta-edicion\/"},"author":{"name":"studio128k_dam","@id":"https:\/\/spainfilmcommission.com\/en\/#\/schema\/person\/6c014ba6ceac198d178a6a9e61113c9d"},"headline":"Spain Film Commission participa en la 76 edici\u00f3n del March\u00e9 du Film 2023 en Cannes en la que Espa\u00f1a es pa\u00eds invitado de honor de esta edici\u00f3n","datePublished":"2023-05-10T22:00:00+00:00","dateModified":"2025-02-11T07:06:22+00:00","mainEntityOfPage":{"@id":"https:\/\/spainfilmcommission.com\/en\/blog\/spain-film-commission-participa-en-la-76-edicion-del-marche-du-film-2023-en-cannes-en-la-que-espana-es-pais-invitado-de-honor-de-esta-edicion\/"},"wordCount":628,"publisher":{"@id":"https:\/\/spainfilmcommission.com\/en\/#organization"},"image":{"@id":"https:\/\/spainfilmcommission.com\/en\/blog\/spain-film-commission-participa-en-la-76-edicion-del-marche-du-film-2023-en-cannes-en-la-que-espana-es-pais-invitado-de-honor-de-esta-edicion\/#primaryimage"},"thumbnailUrl":"https:\/\/spainfilmcommission.com\/wp-content\/uploads\/2024\/11\/spain-film-commission-sfc-participa-en-la-76-edicion-del-marche-du-film-2023-en-cannes-en-la-que-espana-es-pais-invitado-de-honor-de-esta-edicion-329.png","articleSection":["Noticias"],"inLanguage":"en-US"},{"@type":"WebPage","@id":"https:\/\/spainfilmcommission.com\/en\/blog\/spain-film-commission-participa-en-la-76-edicion-del-marche-du-film-2023-en-cannes-en-la-que-espana-es-pais-invitado-de-honor-de-esta-edicion\/","url":"https:\/\/spainfilmcommission.com\/en\/blog\/spain-film-commission-participa-en-la-76-edicion-del-marche-du-film-2023-en-cannes-en-la-que-espana-es-pais-invitado-de-honor-de-esta-edicion\/","name":"Spain Film Commission participa en la 76 edici\u00f3n del March\u00e9 du Film 2023 en Cannes en la que Espa\u00f1a es pa\u00eds invitado de honor de esta edici\u00f3n - Spain Film Commission","isPartOf":{"@id":"https:\/\/spainfilmcommission.com\/en\/#website"},"primaryImageOfPage":{"@id":"https:\/\/spainfilmcommission.com\/en\/blog\/spain-film-commission-participa-en-la-76-edicion-del-marche-du-film-2023-en-cannes-en-la-que-espana-es-pais-invitado-de-honor-de-esta-edicion\/#primaryimage"},"image":{"@id":"https:\/\/spainfilmcommission.com\/en\/blog\/spain-film-commission-participa-en-la-76-edicion-del-marche-du-film-2023-en-cannes-en-la-que-espana-es-pais-invitado-de-honor-de-esta-edicion\/#primaryimage"},"thumbnailUrl":"https:\/\/spainfilmcommission.com\/wp-content\/uploads\/2024\/11\/spain-film-commission-sfc-participa-en-la-76-edicion-del-marche-du-film-2023-en-cannes-en-la-que-espana-es-pais-invitado-de-honor-de-esta-edicion-329.png","datePublished":"2023-05-10T22:00:00+00:00","dateModified":"2025-02-11T07:06:22+00:00","breadcrumb":{"@id":"https:\/\/spainfilmcommission.com\/en\/blog\/spain-film-commission-participa-en-la-76-edicion-del-marche-du-film-2023-en-cannes-en-la-que-espana-es-pais-invitado-de-honor-de-esta-edicion\/#breadcrumb"},"inLanguage":"en-US","potentialAction":[{"@type":"ReadAction","target":["https:\/\/spainfilmcommission.com\/en\/blog\/spain-film-commission-participa-en-la-76-edicion-del-marche-du-film-2023-en-cannes-en-la-que-espana-es-pais-invitado-de-honor-de-esta-edicion\/"]}]},{"@type":"ImageObject","inLanguage":"en-US","@id":"https:\/\/spainfilmcommission.com\/en\/blog\/spain-film-commission-participa-en-la-76-edicion-del-marche-du-film-2023-en-cannes-en-la-que-espana-es-pais-invitado-de-honor-de-esta-edicion\/#primaryimage","url":"https:\/\/spainfilmcommission.com\/wp-content\/uploads\/2024\/11\/spain-film-commission-sfc-participa-en-la-76-edicion-del-marche-du-film-2023-en-cannes-en-la-que-espana-es-pais-invitado-de-honor-de-esta-edicion-329.png","contentUrl":"https:\/\/spainfilmcommission.com\/wp-content\/uploads\/2024\/11\/spain-film-commission-sfc-participa-en-la-76-edicion-del-marche-du-film-2023-en-cannes-en-la-que-espana-es-pais-invitado-de-honor-de-esta-edicion-329.png","width":1170,"height":658},{"@type":"BreadcrumbList","@id":"https:\/\/spainfilmcommission.com\/en\/blog\/spain-film-commission-participa-en-la-76-edicion-del-marche-du-film-2023-en-cannes-en-la-que-espana-es-pais-invitado-de-honor-de-esta-edicion\/#breadcrumb","itemListElement":[{"@type":"ListItem","position":1,"name":"Portada","item":"https:\/\/spainfilmcommission.com\/en\/"},{"@type":"ListItem","position":2,"name":"Spain Film Commission participa en la 76 edici\u00f3n del March\u00e9 du Film 2023 en Cannes en la que Espa\u00f1a es pa\u00eds invitado de honor de esta edici\u00f3n"}]},{"@type":"WebSite","@id":"https:\/\/spainfilmcommission.com\/en\/#website","url":"https:\/\/spainfilmcommission.com\/en\/","name":"Spain Film Commission","description":"","publisher":{"@id":"https:\/\/spainfilmcommission.com\/en\/#organization"},"potentialAction":[{"@type":"SearchAction","target":{"@type":"EntryPoint","urlTemplate":"https:\/\/spainfilmcommission.com\/en\/?s={search_term_string}"},"query-input":{"@type":"PropertyValueSpecification","valueRequired":true,"valueName":"search_term_string"}}],"inLanguage":"en-US"},{"@type":"Organization","@id":"https:\/\/spainfilmcommission.com\/en\/#organization","name":"Spain Film Commission","url":"https:\/\/spainfilmcommission.com\/en\/","logo":{"@type":"ImageObject","inLanguage":"en-US","@id":"https:\/\/spainfilmcommission.com\/en\/#\/schema\/logo\/image\/","url":"https:\/\/spainfilmcommission.com\/wp-content\/uploads\/2024\/07\/SPC_COLOR.png","contentUrl":"https:\/\/spainfilmcommission.com\/wp-content\/uploads\/2024\/07\/SPC_COLOR.png","width":1665,"height":1665,"caption":"Spain Film Commission"},"image":{"@id":"https:\/\/spainfilmcommission.com\/en\/#\/schema\/logo\/image\/"}},{"@type":"Person","@id":"https:\/\/spainfilmcommission.com\/en\/#\/schema\/person\/6c014ba6ceac198d178a6a9e61113c9d","name":"studio128k_dam","image":{"@type":"ImageObject","inLanguage":"en-US","@id":"https:\/\/secure.gravatar.com\/avatar\/810f99144a13522c24aa173f9cd8bf079d0e89758af00b5f2938443cd51b31e9?s=96&d=mm&r=g","url":"https:\/\/secure.gravatar.com\/avatar\/810f99144a13522c24aa173f9cd8bf079d0e89758af00b5f2938443cd51b31e9?s=96&d=mm&r=g","contentUrl":"https:\/\/secure.gravatar.com\/avatar\/810f99144a13522c24aa173f9cd8bf079d0e89758af00b5f2938443cd51b31e9?s=96&d=mm&r=g","caption":"studio128k_dam"}}]}},"_links":{"self":[{"href":"https:\/\/spainfilmcommission.com\/en\/wp-json\/wp\/v2\/posts\/8813","targetHints":{"allow":["GET"]}}],"collection":[{"href":"https:\/\/spainfilmcommission.com\/en\/wp-json\/wp\/v2\/posts"}],"about":[{"href":"https:\/\/spainfilmcommission.com\/en\/wp-json\/wp\/v2\/types\/post"}],"author":[{"embeddable":true,"href":"https:\/\/spainfilmcommission.com\/en\/wp-json\/wp\/v2\/users\/2"}],"replies":[{"embeddable":true,"href":"https:\/\/spainfilmcommission.com\/en\/wp-json\/wp\/v2\/comments?post=8813"}],"version-history":[{"count":0,"href":"https:\/\/spainfilmcommission.com\/en\/wp-json\/wp\/v2\/posts\/8813\/revisions"}],"wp:featuredmedia":[{"embeddable":true,"href":"https:\/\/spainfilmcommission.com\/en\/wp-json\/wp\/v2\/media\/8814"}],"wp:attachment":[{"href":"https:\/\/spainfilmcommission.com\/en\/wp-json\/wp\/v2\/media?parent=8813"}],"wp:term":[{"taxonomy":"category","embeddable":true,"href":"https:\/\/spainfilmcommission.com\/en\/wp-json\/wp\/v2\/categories?post=8813"},{"taxonomy":"post_tag","embeddable":true,"href":"https:\/\/spainfilmcommission.com\/en\/wp-json\/wp\/v2\/tags?post=8813"}],"curies":[{"name":"wp","href":"https:\/\/api.w.org\/{rel}","templated":true}]}}