{"id":8810,"date":"2023-05-08T00:00:00","date_gmt":"2023-05-07T22:00:00","guid":{"rendered":"https:\/\/sfc.com\/marche-du-film-2023-cannes-film-market\/"},"modified":"2025-02-11T08:06:22","modified_gmt":"2025-02-11T07:06:22","slug":"marche-du-film-2023-cannes-film-market","status":"publish","type":"post","link":"https:\/\/spainfilmcommission.com\/en\/blog\/marche-du-film-2023-cannes-film-market\/","title":{"rendered":"March\u00e9 du Film 2023 &#8211; Cannes Film Market"},"content":{"rendered":"<p>Espa\u00f1a ser\u00e1 el pa\u00eds invitado de la pr\u00f3xima edici\u00f3n de 2023 del <a href=\"https:\/\/www.marchedufilm.com\/\" target=\"_blank\"><strong>March\u00e9 du Film<\/strong><\/a>, que inicia sus actividades el <strong>16 de mayo<\/strong>, en el marco de la<strong> <a href=\"https:\/\/www.festival-cannes.com\/\" target=\"_blank\">76\u00aa edici\u00f3n del Festival de Cannes.<\/a><\/strong><\/p>\n<p>La participaci\u00f3n de Espa\u00f1a en Cannes est\u00e1 organizada por<strong> ICEX Spain Trade &#038; Investment,<\/strong>\u00a0la entidad p\u00fablica del <strong>Ministerio de Industria, Comercio y Turismo<\/strong>, e<strong> ICAA<\/strong> &#8211; Instituto de Cinematograf\u00eda y Audiovisual que han desarrollado un completo programa destinado a promover el talento y la industria audiovisual espa\u00f1olas.\u00a0<\/p>\n<p>\nSpain Film Commission, en su estrategia de promover a Espa\u00f1a como destino de rodajes preferente a nivel global,\u00a0 participar\u00e1 en esta edici\u00f3n junto a doce socios de su red: <strong>Andaluc\u00eda Film Commission, Castilla-La Mancha Film Commission, Canary Islands Film, Catalunya Film Commission, Film Madrid, Madrid Film Office, Mallorca Film Commission, Film Valencia, Navarra Film Commission, Terrassa Film Office, Valencia Film Office y Valladolid Film Commission.<\/strong> Hasta el 24 de mayo se desarrollar\u00e1n actividades y encuentros profesionales programados por SFC que dar\u00e1n continuidad a la labor desarrollada en mercados como el brit\u00e1nico, norteamericano, indio y australiano y se presentar\u00e1 un estudio sobre los plat\u00f3s e instalaciones de rodajes en Espa\u00f1a.<\/p>\n<p>La participaci\u00f3n de SFC en el March\u00e9 du Film se enmarca dentro de las acciones que desarrolla la entidad para contribuir a consolidar el Hub Audiovisual Espa\u00f1ol, uno de los motores de reactivaci\u00f3n econ\u00f3mica puesta en marcha por el Gobierno de Espa\u00f1a y que adem\u00e1s de atraer rodajes internacionales al pa\u00eds, est\u00e1 centrado en promover las ventajas fiscales para concretar inversiones en el sector.\u00a0<\/p>\n<p>El plan recoge inversiones p\u00fablicas y reformas para lograr un impulso significativo de toda la cadena de valor de la industria audiovisual a partir de las fortalezas que posee Espa\u00f1a, tales como una industria audiovisual solvente, profesionales bien formados y de prestigio, una capacidad creativa reconocida mundialmente y una ventaja comparativa en el mercado global creciente de producci\u00f3n audiovisual en espa\u00f1ol.\u00a0<\/p>\n<h4 style=\"font-family:Arial, sans-serif;font-weight:600;line-height:1.1;color:rgb(225,11,19);margin-top:20px;margin-bottom:10px;font-size:12px;text-transform:uppercase;text-align:justify;\"><span style=\"font-family:'lucida sans unicode', 'lucida grande', sans-serif;\"><span style=\"font-size:16px;\">#SHOOTINGINSPAIN\u00a0<\/span><\/span><span style=\"font-size:16px;\">#WEMAKETHEMAGIC #SPAINAVHUB\u00a0<\/span><\/h4>\n<p style=\"margin:0px 0px 15px;font-size:14px;line-height:1.5em;text-align:justify;font-family:'Fira Sans', sans-serif;\">\u00a0<\/p>\n","protected":false},"excerpt":{"rendered":"<p>Espa\u00f1a ser\u00e1 el pa\u00eds invitado de la pr\u00f3xima edici\u00f3n de 2023 del March\u00e9 du Film, que inicia sus actividades el 16 de mayo, en el marco de la 76\u00aa edici\u00f3n [&hellip;]<\/p>\n","protected":false},"author":2,"featured_media":8811,"comment_status":"closed","ping_status":"","sticky":false,"template":"","format":"standard","meta":{"footnotes":""},"categories":[38],"tags":[],"class_list":["post-8810","post","type-post","status-publish","format-standard","has-post-thumbnail","hentry","category-noticias"],"yoast_head":"<!-- This site is optimized with the Yoast SEO plugin v27.3 - https:\/\/yoast.com\/product\/yoast-seo-wordpress\/ -->\n<title>March\u00e9 du Film 2023 - Cannes Film Market - Spain Film Commission<\/title>\n<meta name=\"robots\" content=\"index, follow, max-snippet:-1, max-image-preview:large, max-video-preview:-1\" \/>\n<link rel=\"canonical\" href=\"https:\/\/spainfilmcommission.com\/en\/blog\/marche-du-film-2023-cannes-film-market\/\" \/>\n<meta property=\"og:locale\" content=\"en_US\" \/>\n<meta property=\"og:type\" content=\"article\" \/>\n<meta property=\"og:title\" content=\"March\u00e9 du Film 2023 - Cannes Film Market - Spain Film Commission\" \/>\n<meta property=\"og:description\" content=\"Espa\u00f1a ser\u00e1 el pa\u00eds invitado de la pr\u00f3xima edici\u00f3n de 2023 del March\u00e9 du Film, que inicia sus actividades el 16 de mayo, en el marco de la 76\u00aa edici\u00f3n [&hellip;]\" \/>\n<meta property=\"og:url\" content=\"https:\/\/spainfilmcommission.com\/en\/blog\/marche-du-film-2023-cannes-film-market\/\" \/>\n<meta property=\"og:site_name\" content=\"Spain Film Commission\" \/>\n<meta property=\"article:published_time\" content=\"2023-05-07T22:00:00+00:00\" \/>\n<meta property=\"article:modified_time\" content=\"2025-02-11T07:06:22+00:00\" \/>\n<meta property=\"og:image\" content=\"https:\/\/spainfilmcommission.com\/wp-content\/uploads\/2024\/11\/spain-film-commission-participa-en-la-edicion-2023-de-mdf-328.jpeg\" \/>\n\t<meta property=\"og:image:width\" content=\"1028\" \/>\n\t<meta property=\"og:image:height\" content=\"617\" \/>\n\t<meta property=\"og:image:type\" content=\"image\/jpeg\" \/>\n<meta name=\"author\" content=\"studio128k_dam\" \/>\n<meta name=\"twitter:card\" content=\"summary_large_image\" \/>\n<meta name=\"twitter:label1\" content=\"Written by\" \/>\n\t<meta name=\"twitter:data1\" content=\"studio128k_dam\" \/>\n\t<meta name=\"twitter:label2\" content=\"Est. reading time\" \/>\n\t<meta name=\"twitter:data2\" content=\"2 minutes\" \/>\n<script type=\"application\/ld+json\" class=\"yoast-schema-graph\">{\"@context\":\"https:\\\/\\\/schema.org\",\"@graph\":[{\"@type\":\"Article\",\"@id\":\"https:\\\/\\\/spainfilmcommission.com\\\/en\\\/blog\\\/marche-du-film-2023-cannes-film-market\\\/#article\",\"isPartOf\":{\"@id\":\"https:\\\/\\\/spainfilmcommission.com\\\/en\\\/blog\\\/marche-du-film-2023-cannes-film-market\\\/\"},\"author\":{\"name\":\"studio128k_dam\",\"@id\":\"https:\\\/\\\/spainfilmcommission.com\\\/en\\\/#\\\/schema\\\/person\\\/6c014ba6ceac198d178a6a9e61113c9d\"},\"headline\":\"March\u00e9 du Film 2023 &#8211; Cannes Film Market\",\"datePublished\":\"2023-05-07T22:00:00+00:00\",\"dateModified\":\"2025-02-11T07:06:22+00:00\",\"mainEntityOfPage\":{\"@id\":\"https:\\\/\\\/spainfilmcommission.com\\\/en\\\/blog\\\/marche-du-film-2023-cannes-film-market\\\/\"},\"wordCount\":350,\"publisher\":{\"@id\":\"https:\\\/\\\/spainfilmcommission.com\\\/en\\\/#organization\"},\"image\":{\"@id\":\"https:\\\/\\\/spainfilmcommission.com\\\/en\\\/blog\\\/marche-du-film-2023-cannes-film-market\\\/#primaryimage\"},\"thumbnailUrl\":\"https:\\\/\\\/spainfilmcommission.com\\\/wp-content\\\/uploads\\\/2024\\\/11\\\/spain-film-commission-participa-en-la-edicion-2023-de-mdf-328.jpeg\",\"articleSection\":[\"Noticias\"],\"inLanguage\":\"en-US\"},{\"@type\":\"WebPage\",\"@id\":\"https:\\\/\\\/spainfilmcommission.com\\\/en\\\/blog\\\/marche-du-film-2023-cannes-film-market\\\/\",\"url\":\"https:\\\/\\\/spainfilmcommission.com\\\/en\\\/blog\\\/marche-du-film-2023-cannes-film-market\\\/\",\"name\":\"March\u00e9 du Film 2023 - Cannes Film Market - Spain Film Commission\",\"isPartOf\":{\"@id\":\"https:\\\/\\\/spainfilmcommission.com\\\/en\\\/#website\"},\"primaryImageOfPage\":{\"@id\":\"https:\\\/\\\/spainfilmcommission.com\\\/en\\\/blog\\\/marche-du-film-2023-cannes-film-market\\\/#primaryimage\"},\"image\":{\"@id\":\"https:\\\/\\\/spainfilmcommission.com\\\/en\\\/blog\\\/marche-du-film-2023-cannes-film-market\\\/#primaryimage\"},\"thumbnailUrl\":\"https:\\\/\\\/spainfilmcommission.com\\\/wp-content\\\/uploads\\\/2024\\\/11\\\/spain-film-commission-participa-en-la-edicion-2023-de-mdf-328.jpeg\",\"datePublished\":\"2023-05-07T22:00:00+00:00\",\"dateModified\":\"2025-02-11T07:06:22+00:00\",\"breadcrumb\":{\"@id\":\"https:\\\/\\\/spainfilmcommission.com\\\/en\\\/blog\\\/marche-du-film-2023-cannes-film-market\\\/#breadcrumb\"},\"inLanguage\":\"en-US\",\"potentialAction\":[{\"@type\":\"ReadAction\",\"target\":[\"https:\\\/\\\/spainfilmcommission.com\\\/en\\\/blog\\\/marche-du-film-2023-cannes-film-market\\\/\"]}]},{\"@type\":\"ImageObject\",\"inLanguage\":\"en-US\",\"@id\":\"https:\\\/\\\/spainfilmcommission.com\\\/en\\\/blog\\\/marche-du-film-2023-cannes-film-market\\\/#primaryimage\",\"url\":\"https:\\\/\\\/spainfilmcommission.com\\\/wp-content\\\/uploads\\\/2024\\\/11\\\/spain-film-commission-participa-en-la-edicion-2023-de-mdf-328.jpeg\",\"contentUrl\":\"https:\\\/\\\/spainfilmcommission.com\\\/wp-content\\\/uploads\\\/2024\\\/11\\\/spain-film-commission-participa-en-la-edicion-2023-de-mdf-328.jpeg\",\"width\":1028,\"height\":617},{\"@type\":\"BreadcrumbList\",\"@id\":\"https:\\\/\\\/spainfilmcommission.com\\\/en\\\/blog\\\/marche-du-film-2023-cannes-film-market\\\/#breadcrumb\",\"itemListElement\":[{\"@type\":\"ListItem\",\"position\":1,\"name\":\"Portada\",\"item\":\"https:\\\/\\\/spainfilmcommission.com\\\/en\\\/\"},{\"@type\":\"ListItem\",\"position\":2,\"name\":\"March\u00e9 du Film 2023 &#8211; Cannes Film Market\"}]},{\"@type\":\"WebSite\",\"@id\":\"https:\\\/\\\/spainfilmcommission.com\\\/en\\\/#website\",\"url\":\"https:\\\/\\\/spainfilmcommission.com\\\/en\\\/\",\"name\":\"Spain Film Commission\",\"description\":\"\",\"publisher\":{\"@id\":\"https:\\\/\\\/spainfilmcommission.com\\\/en\\\/#organization\"},\"potentialAction\":[{\"@type\":\"SearchAction\",\"target\":{\"@type\":\"EntryPoint\",\"urlTemplate\":\"https:\\\/\\\/spainfilmcommission.com\\\/en\\\/?s={search_term_string}\"},\"query-input\":{\"@type\":\"PropertyValueSpecification\",\"valueRequired\":true,\"valueName\":\"search_term_string\"}}],\"inLanguage\":\"en-US\"},{\"@type\":\"Organization\",\"@id\":\"https:\\\/\\\/spainfilmcommission.com\\\/en\\\/#organization\",\"name\":\"Spain Film Commission\",\"url\":\"https:\\\/\\\/spainfilmcommission.com\\\/en\\\/\",\"logo\":{\"@type\":\"ImageObject\",\"inLanguage\":\"en-US\",\"@id\":\"https:\\\/\\\/spainfilmcommission.com\\\/en\\\/#\\\/schema\\\/logo\\\/image\\\/\",\"url\":\"https:\\\/\\\/spainfilmcommission.com\\\/wp-content\\\/uploads\\\/2024\\\/07\\\/SPC_COLOR.png\",\"contentUrl\":\"https:\\\/\\\/spainfilmcommission.com\\\/wp-content\\\/uploads\\\/2024\\\/07\\\/SPC_COLOR.png\",\"width\":1665,\"height\":1665,\"caption\":\"Spain Film Commission\"},\"image\":{\"@id\":\"https:\\\/\\\/spainfilmcommission.com\\\/en\\\/#\\\/schema\\\/logo\\\/image\\\/\"}},{\"@type\":\"Person\",\"@id\":\"https:\\\/\\\/spainfilmcommission.com\\\/en\\\/#\\\/schema\\\/person\\\/6c014ba6ceac198d178a6a9e61113c9d\",\"name\":\"studio128k_dam\",\"image\":{\"@type\":\"ImageObject\",\"inLanguage\":\"en-US\",\"@id\":\"https:\\\/\\\/secure.gravatar.com\\\/avatar\\\/810f99144a13522c24aa173f9cd8bf079d0e89758af00b5f2938443cd51b31e9?s=96&d=mm&r=g\",\"url\":\"https:\\\/\\\/secure.gravatar.com\\\/avatar\\\/810f99144a13522c24aa173f9cd8bf079d0e89758af00b5f2938443cd51b31e9?s=96&d=mm&r=g\",\"contentUrl\":\"https:\\\/\\\/secure.gravatar.com\\\/avatar\\\/810f99144a13522c24aa173f9cd8bf079d0e89758af00b5f2938443cd51b31e9?s=96&d=mm&r=g\",\"caption\":\"studio128k_dam\"}}]}<\/script>\n<!-- \/ Yoast SEO plugin. -->","yoast_head_json":{"title":"March\u00e9 du Film 2023 - Cannes Film Market - Spain Film Commission","robots":{"index":"index","follow":"follow","max-snippet":"max-snippet:-1","max-image-preview":"max-image-preview:large","max-video-preview":"max-video-preview:-1"},"canonical":"https:\/\/spainfilmcommission.com\/en\/blog\/marche-du-film-2023-cannes-film-market\/","og_locale":"en_US","og_type":"article","og_title":"March\u00e9 du Film 2023 - Cannes Film Market - Spain Film Commission","og_description":"Espa\u00f1a ser\u00e1 el pa\u00eds invitado de la pr\u00f3xima edici\u00f3n de 2023 del March\u00e9 du Film, que inicia sus actividades el 16 de mayo, en el marco de la 76\u00aa edici\u00f3n [&hellip;]","og_url":"https:\/\/spainfilmcommission.com\/en\/blog\/marche-du-film-2023-cannes-film-market\/","og_site_name":"Spain Film Commission","article_published_time":"2023-05-07T22:00:00+00:00","article_modified_time":"2025-02-11T07:06:22+00:00","og_image":[{"width":1028,"height":617,"url":"https:\/\/spainfilmcommission.com\/wp-content\/uploads\/2024\/11\/spain-film-commission-participa-en-la-edicion-2023-de-mdf-328.jpeg","type":"image\/jpeg"}],"author":"studio128k_dam","twitter_card":"summary_large_image","twitter_misc":{"Written by":"studio128k_dam","Est. reading time":"2 minutes"},"schema":{"@context":"https:\/\/schema.org","@graph":[{"@type":"Article","@id":"https:\/\/spainfilmcommission.com\/en\/blog\/marche-du-film-2023-cannes-film-market\/#article","isPartOf":{"@id":"https:\/\/spainfilmcommission.com\/en\/blog\/marche-du-film-2023-cannes-film-market\/"},"author":{"name":"studio128k_dam","@id":"https:\/\/spainfilmcommission.com\/en\/#\/schema\/person\/6c014ba6ceac198d178a6a9e61113c9d"},"headline":"March\u00e9 du Film 2023 &#8211; Cannes Film Market","datePublished":"2023-05-07T22:00:00+00:00","dateModified":"2025-02-11T07:06:22+00:00","mainEntityOfPage":{"@id":"https:\/\/spainfilmcommission.com\/en\/blog\/marche-du-film-2023-cannes-film-market\/"},"wordCount":350,"publisher":{"@id":"https:\/\/spainfilmcommission.com\/en\/#organization"},"image":{"@id":"https:\/\/spainfilmcommission.com\/en\/blog\/marche-du-film-2023-cannes-film-market\/#primaryimage"},"thumbnailUrl":"https:\/\/spainfilmcommission.com\/wp-content\/uploads\/2024\/11\/spain-film-commission-participa-en-la-edicion-2023-de-mdf-328.jpeg","articleSection":["Noticias"],"inLanguage":"en-US"},{"@type":"WebPage","@id":"https:\/\/spainfilmcommission.com\/en\/blog\/marche-du-film-2023-cannes-film-market\/","url":"https:\/\/spainfilmcommission.com\/en\/blog\/marche-du-film-2023-cannes-film-market\/","name":"March\u00e9 du Film 2023 - Cannes Film Market - Spain Film Commission","isPartOf":{"@id":"https:\/\/spainfilmcommission.com\/en\/#website"},"primaryImageOfPage":{"@id":"https:\/\/spainfilmcommission.com\/en\/blog\/marche-du-film-2023-cannes-film-market\/#primaryimage"},"image":{"@id":"https:\/\/spainfilmcommission.com\/en\/blog\/marche-du-film-2023-cannes-film-market\/#primaryimage"},"thumbnailUrl":"https:\/\/spainfilmcommission.com\/wp-content\/uploads\/2024\/11\/spain-film-commission-participa-en-la-edicion-2023-de-mdf-328.jpeg","datePublished":"2023-05-07T22:00:00+00:00","dateModified":"2025-02-11T07:06:22+00:00","breadcrumb":{"@id":"https:\/\/spainfilmcommission.com\/en\/blog\/marche-du-film-2023-cannes-film-market\/#breadcrumb"},"inLanguage":"en-US","potentialAction":[{"@type":"ReadAction","target":["https:\/\/spainfilmcommission.com\/en\/blog\/marche-du-film-2023-cannes-film-market\/"]}]},{"@type":"ImageObject","inLanguage":"en-US","@id":"https:\/\/spainfilmcommission.com\/en\/blog\/marche-du-film-2023-cannes-film-market\/#primaryimage","url":"https:\/\/spainfilmcommission.com\/wp-content\/uploads\/2024\/11\/spain-film-commission-participa-en-la-edicion-2023-de-mdf-328.jpeg","contentUrl":"https:\/\/spainfilmcommission.com\/wp-content\/uploads\/2024\/11\/spain-film-commission-participa-en-la-edicion-2023-de-mdf-328.jpeg","width":1028,"height":617},{"@type":"BreadcrumbList","@id":"https:\/\/spainfilmcommission.com\/en\/blog\/marche-du-film-2023-cannes-film-market\/#breadcrumb","itemListElement":[{"@type":"ListItem","position":1,"name":"Portada","item":"https:\/\/spainfilmcommission.com\/en\/"},{"@type":"ListItem","position":2,"name":"March\u00e9 du Film 2023 &#8211; Cannes Film Market"}]},{"@type":"WebSite","@id":"https:\/\/spainfilmcommission.com\/en\/#website","url":"https:\/\/spainfilmcommission.com\/en\/","name":"Spain Film Commission","description":"","publisher":{"@id":"https:\/\/spainfilmcommission.com\/en\/#organization"},"potentialAction":[{"@type":"SearchAction","target":{"@type":"EntryPoint","urlTemplate":"https:\/\/spainfilmcommission.com\/en\/?s={search_term_string}"},"query-input":{"@type":"PropertyValueSpecification","valueRequired":true,"valueName":"search_term_string"}}],"inLanguage":"en-US"},{"@type":"Organization","@id":"https:\/\/spainfilmcommission.com\/en\/#organization","name":"Spain Film Commission","url":"https:\/\/spainfilmcommission.com\/en\/","logo":{"@type":"ImageObject","inLanguage":"en-US","@id":"https:\/\/spainfilmcommission.com\/en\/#\/schema\/logo\/image\/","url":"https:\/\/spainfilmcommission.com\/wp-content\/uploads\/2024\/07\/SPC_COLOR.png","contentUrl":"https:\/\/spainfilmcommission.com\/wp-content\/uploads\/2024\/07\/SPC_COLOR.png","width":1665,"height":1665,"caption":"Spain Film Commission"},"image":{"@id":"https:\/\/spainfilmcommission.com\/en\/#\/schema\/logo\/image\/"}},{"@type":"Person","@id":"https:\/\/spainfilmcommission.com\/en\/#\/schema\/person\/6c014ba6ceac198d178a6a9e61113c9d","name":"studio128k_dam","image":{"@type":"ImageObject","inLanguage":"en-US","@id":"https:\/\/secure.gravatar.com\/avatar\/810f99144a13522c24aa173f9cd8bf079d0e89758af00b5f2938443cd51b31e9?s=96&d=mm&r=g","url":"https:\/\/secure.gravatar.com\/avatar\/810f99144a13522c24aa173f9cd8bf079d0e89758af00b5f2938443cd51b31e9?s=96&d=mm&r=g","contentUrl":"https:\/\/secure.gravatar.com\/avatar\/810f99144a13522c24aa173f9cd8bf079d0e89758af00b5f2938443cd51b31e9?s=96&d=mm&r=g","caption":"studio128k_dam"}}]}},"_links":{"self":[{"href":"https:\/\/spainfilmcommission.com\/en\/wp-json\/wp\/v2\/posts\/8810","targetHints":{"allow":["GET"]}}],"collection":[{"href":"https:\/\/spainfilmcommission.com\/en\/wp-json\/wp\/v2\/posts"}],"about":[{"href":"https:\/\/spainfilmcommission.com\/en\/wp-json\/wp\/v2\/types\/post"}],"author":[{"embeddable":true,"href":"https:\/\/spainfilmcommission.com\/en\/wp-json\/wp\/v2\/users\/2"}],"replies":[{"embeddable":true,"href":"https:\/\/spainfilmcommission.com\/en\/wp-json\/wp\/v2\/comments?post=8810"}],"version-history":[{"count":0,"href":"https:\/\/spainfilmcommission.com\/en\/wp-json\/wp\/v2\/posts\/8810\/revisions"}],"wp:featuredmedia":[{"embeddable":true,"href":"https:\/\/spainfilmcommission.com\/en\/wp-json\/wp\/v2\/media\/8811"}],"wp:attachment":[{"href":"https:\/\/spainfilmcommission.com\/en\/wp-json\/wp\/v2\/media?parent=8810"}],"wp:term":[{"taxonomy":"category","embeddable":true,"href":"https:\/\/spainfilmcommission.com\/en\/wp-json\/wp\/v2\/categories?post=8810"},{"taxonomy":"post_tag","embeddable":true,"href":"https:\/\/spainfilmcommission.com\/en\/wp-json\/wp\/v2\/tags?post=8810"}],"curies":[{"name":"wp","href":"https:\/\/api.w.org\/{rel}","templated":true}]}}