{"id":8807,"date":"2023-04-26T00:00:00","date_gmt":"2023-04-25T22:00:00","guid":{"rendered":"https:\/\/sfc.com\/shooting-locations-marketplace-convoca-su-tercera-edicion-para-octubre\/"},"modified":"2025-02-11T08:06:22","modified_gmt":"2025-02-11T07:06:22","slug":"shooting-locations-marketplace-convoca-su-tercera-edicion-para-octubre","status":"publish","type":"post","link":"https:\/\/spainfilmcommission.com\/en\/blog\/shooting-locations-marketplace-convoca-su-tercera-edicion-para-octubre\/","title":{"rendered":"Shooting Locations Marketplace convoca su tercera edici\u00f3n para octubre"},"content":{"rendered":"<p><span style=\"font-family:Arial, sans-serif;font-size:14px;\">&#8226;<\/span><span style=\"font-family:Arial, sans-serif;font-size:14px;white-space:pre;\"> <\/span><span style=\"font-family:Arial, sans-serif;font-size:14px;\">Evento para localizadores y destinos de rodajes organizado por Feria de Valladolid y Spain Film Commission<\/span><\/p>\n<p style=\"font-size:12px;font-family:Arial, sans-serif;text-align:justify;\"><span style=\"font-size:14px;\"><strong>Feria de Valladolid\u00a0<\/strong>y\u00a0<strong>Spain Film Commission<\/strong>\u00a0convocan la tercera edici\u00f3n de\u00a0<strong>Shooting Locations Marketplace<\/strong>\u00a0que se celebrar\u00e1 el pr\u00f3ximo mes de\u00a0<strong>octubre<\/strong>, en concreto los d\u00edas\u00a0<strong>17 y 18<\/strong>. Se trata del principal evento sobre la industria de los rodajes de cuantos se celebran en Espa\u00f1a y uno de los m\u00e1s importantes de Europa; un evento abierto a la participaci\u00f3n de profesionales dedicados a la b\u00fasqueda de localizaciones y de los destinos, p\u00fablicos y privados, capaces de albergar rodajes de todo tipo.<\/span><\/p>\n<p style=\"font-size:12px;font-family:Arial, sans-serif;text-align:justify;\"><span style=\"font-size:14px;\"><strong>Shooting Locations Marketplace<\/strong>\u00a0tiene el formato de un foro de negocio en el que se suceden los encuentros entre destinos y localizadores de la industria audiovisual, y al que tambi\u00e9n asisten representantes de otros agentes involucrados en la industria de los rodajes. Es un evento de \u00e1mbito internacional al que en la pasada edici\u00f3n se sumaron, adem\u00e1s de Espa\u00f1a, profesionales de pa\u00edses como<strong>\u00a0Estados Unidos, Noruega, Malta, Jordania, Polonia, Gran Breta\u00f1a<\/strong>\u00a0y\u00a0<strong>Abu Dhabi<\/strong>.<\/span><\/p>\n<p style=\"font-size:12px;font-family:Arial, sans-serif;text-align:justify;\"><span style=\"font-size:14px;\">Tras los buenos resultados de las ediciones precedentes, Shooting Locations Marketplace apuesta por seguir creciendo tanto en el n\u00famero de destinos como en los perfiles profesionales participantes &#8220;<em>con el fin de ofrecer contenidos de alto inter\u00e9s para los asistentes y consolidar esta cita en el escenario audiovisual internacional&#8221;<\/em>, ha afirmado\u00a0<strong>Alberto Alonso<\/strong>, director general de\u00a0<strong>Feria de Valladolid<\/strong>.<\/span><\/p>\n<p style=\"font-size:12px;font-family:Arial, sans-serif;text-align:justify;\"><span style=\"font-size:14px;\">El presidente de\u00a0<strong>Spain Film Commission<\/strong>,\u00a0<strong>Carlos Rosado<\/strong>, se ha referido &#8220;<em>al impulso que Shooting Locations Marketplace ofrece al posicionamiento de Espa\u00f1a como destino para rodajes internacionales, proyecto destacado dentro del Plan Spain Audiovisual Hub impulsado por la Vicepresidencia de Asuntos Econ\u00f3micos del Gobierno de Espa\u00f1a dentro del Plan de Recuperaci\u00f3n, Transformaci\u00f3n y Resiliencia financiado con los fondos Next-Generation EU<\/em>&#8221;.<\/span><\/p>\n","protected":false},"excerpt":{"rendered":"<p>&#8226; Evento para localizadores y destinos de rodajes organizado por Feria de Valladolid y Spain Film Commission Feria de Valladolid\u00a0y\u00a0Spain Film Commission\u00a0convocan la tercera edici\u00f3n de\u00a0Shooting Locations Marketplace\u00a0que se celebrar\u00e1 [&hellip;]<\/p>\n","protected":false},"author":2,"featured_media":8808,"comment_status":"closed","ping_status":"","sticky":false,"template":"","format":"standard","meta":{"footnotes":""},"categories":[38],"tags":[],"class_list":["post-8807","post","type-post","status-publish","format-standard","has-post-thumbnail","hentry","category-noticias"],"yoast_head":"<!-- This site is optimized with the Yoast SEO plugin v27.3 - https:\/\/yoast.com\/product\/yoast-seo-wordpress\/ -->\n<title>Shooting Locations Marketplace convoca su tercera edici\u00f3n para octubre - Spain Film Commission<\/title>\n<meta name=\"robots\" content=\"index, follow, max-snippet:-1, max-image-preview:large, max-video-preview:-1\" \/>\n<link rel=\"canonical\" href=\"https:\/\/spainfilmcommission.com\/en\/blog\/shooting-locations-marketplace-convoca-su-tercera-edicion-para-octubre\/\" \/>\n<meta property=\"og:locale\" content=\"en_US\" \/>\n<meta property=\"og:type\" content=\"article\" \/>\n<meta property=\"og:title\" content=\"Shooting Locations Marketplace convoca su tercera edici\u00f3n para octubre - Spain Film Commission\" \/>\n<meta property=\"og:description\" content=\"&#8226; Evento para localizadores y destinos de rodajes organizado por Feria de Valladolid y Spain Film Commission Feria de Valladolid\u00a0y\u00a0Spain Film Commission\u00a0convocan la tercera edici\u00f3n de\u00a0Shooting Locations Marketplace\u00a0que se celebrar\u00e1 [&hellip;]\" \/>\n<meta property=\"og:url\" content=\"https:\/\/spainfilmcommission.com\/en\/blog\/shooting-locations-marketplace-convoca-su-tercera-edicion-para-octubre\/\" \/>\n<meta property=\"og:site_name\" content=\"Spain Film Commission\" \/>\n<meta property=\"article:published_time\" content=\"2023-04-25T22:00:00+00:00\" \/>\n<meta property=\"article:modified_time\" content=\"2025-02-11T07:06:22+00:00\" \/>\n<meta property=\"og:image\" content=\"https:\/\/spainfilmcommission.com\/wp-content\/uploads\/2024\/11\/shooting-locations-marketplace-convoca-su-tercera-edicion-para-octubre-327.jpg\" \/>\n\t<meta property=\"og:image:width\" content=\"1170\" \/>\n\t<meta property=\"og:image:height\" content=\"877\" \/>\n\t<meta property=\"og:image:type\" content=\"image\/jpeg\" \/>\n<meta name=\"author\" content=\"studio128k_dam\" \/>\n<meta name=\"twitter:card\" content=\"summary_large_image\" \/>\n<meta name=\"twitter:label1\" content=\"Written by\" \/>\n\t<meta name=\"twitter:data1\" content=\"studio128k_dam\" \/>\n\t<meta name=\"twitter:label2\" content=\"Est. reading time\" \/>\n\t<meta name=\"twitter:data2\" content=\"2 minutes\" \/>\n<script type=\"application\/ld+json\" class=\"yoast-schema-graph\">{\"@context\":\"https:\\\/\\\/schema.org\",\"@graph\":[{\"@type\":\"Article\",\"@id\":\"https:\\\/\\\/spainfilmcommission.com\\\/en\\\/blog\\\/shooting-locations-marketplace-convoca-su-tercera-edicion-para-octubre\\\/#article\",\"isPartOf\":{\"@id\":\"https:\\\/\\\/spainfilmcommission.com\\\/en\\\/blog\\\/shooting-locations-marketplace-convoca-su-tercera-edicion-para-octubre\\\/\"},\"author\":{\"name\":\"studio128k_dam\",\"@id\":\"https:\\\/\\\/spainfilmcommission.com\\\/en\\\/#\\\/schema\\\/person\\\/6c014ba6ceac198d178a6a9e61113c9d\"},\"headline\":\"Shooting Locations Marketplace convoca su tercera edici\u00f3n para octubre\",\"datePublished\":\"2023-04-25T22:00:00+00:00\",\"dateModified\":\"2025-02-11T07:06:22+00:00\",\"mainEntityOfPage\":{\"@id\":\"https:\\\/\\\/spainfilmcommission.com\\\/en\\\/blog\\\/shooting-locations-marketplace-convoca-su-tercera-edicion-para-octubre\\\/\"},\"wordCount\":320,\"publisher\":{\"@id\":\"https:\\\/\\\/spainfilmcommission.com\\\/en\\\/#organization\"},\"image\":{\"@id\":\"https:\\\/\\\/spainfilmcommission.com\\\/en\\\/blog\\\/shooting-locations-marketplace-convoca-su-tercera-edicion-para-octubre\\\/#primaryimage\"},\"thumbnailUrl\":\"https:\\\/\\\/spainfilmcommission.com\\\/wp-content\\\/uploads\\\/2024\\\/11\\\/shooting-locations-marketplace-convoca-su-tercera-edicion-para-octubre-327.jpg\",\"articleSection\":[\"Noticias\"],\"inLanguage\":\"en-US\"},{\"@type\":\"WebPage\",\"@id\":\"https:\\\/\\\/spainfilmcommission.com\\\/en\\\/blog\\\/shooting-locations-marketplace-convoca-su-tercera-edicion-para-octubre\\\/\",\"url\":\"https:\\\/\\\/spainfilmcommission.com\\\/en\\\/blog\\\/shooting-locations-marketplace-convoca-su-tercera-edicion-para-octubre\\\/\",\"name\":\"Shooting Locations Marketplace convoca su tercera edici\u00f3n para octubre - Spain Film Commission\",\"isPartOf\":{\"@id\":\"https:\\\/\\\/spainfilmcommission.com\\\/en\\\/#website\"},\"primaryImageOfPage\":{\"@id\":\"https:\\\/\\\/spainfilmcommission.com\\\/en\\\/blog\\\/shooting-locations-marketplace-convoca-su-tercera-edicion-para-octubre\\\/#primaryimage\"},\"image\":{\"@id\":\"https:\\\/\\\/spainfilmcommission.com\\\/en\\\/blog\\\/shooting-locations-marketplace-convoca-su-tercera-edicion-para-octubre\\\/#primaryimage\"},\"thumbnailUrl\":\"https:\\\/\\\/spainfilmcommission.com\\\/wp-content\\\/uploads\\\/2024\\\/11\\\/shooting-locations-marketplace-convoca-su-tercera-edicion-para-octubre-327.jpg\",\"datePublished\":\"2023-04-25T22:00:00+00:00\",\"dateModified\":\"2025-02-11T07:06:22+00:00\",\"breadcrumb\":{\"@id\":\"https:\\\/\\\/spainfilmcommission.com\\\/en\\\/blog\\\/shooting-locations-marketplace-convoca-su-tercera-edicion-para-octubre\\\/#breadcrumb\"},\"inLanguage\":\"en-US\",\"potentialAction\":[{\"@type\":\"ReadAction\",\"target\":[\"https:\\\/\\\/spainfilmcommission.com\\\/en\\\/blog\\\/shooting-locations-marketplace-convoca-su-tercera-edicion-para-octubre\\\/\"]}]},{\"@type\":\"ImageObject\",\"inLanguage\":\"en-US\",\"@id\":\"https:\\\/\\\/spainfilmcommission.com\\\/en\\\/blog\\\/shooting-locations-marketplace-convoca-su-tercera-edicion-para-octubre\\\/#primaryimage\",\"url\":\"https:\\\/\\\/spainfilmcommission.com\\\/wp-content\\\/uploads\\\/2024\\\/11\\\/shooting-locations-marketplace-convoca-su-tercera-edicion-para-octubre-327.jpg\",\"contentUrl\":\"https:\\\/\\\/spainfilmcommission.com\\\/wp-content\\\/uploads\\\/2024\\\/11\\\/shooting-locations-marketplace-convoca-su-tercera-edicion-para-octubre-327.jpg\",\"width\":1170,\"height\":877},{\"@type\":\"BreadcrumbList\",\"@id\":\"https:\\\/\\\/spainfilmcommission.com\\\/en\\\/blog\\\/shooting-locations-marketplace-convoca-su-tercera-edicion-para-octubre\\\/#breadcrumb\",\"itemListElement\":[{\"@type\":\"ListItem\",\"position\":1,\"name\":\"Portada\",\"item\":\"https:\\\/\\\/spainfilmcommission.com\\\/en\\\/\"},{\"@type\":\"ListItem\",\"position\":2,\"name\":\"Shooting Locations Marketplace convoca su tercera edici\u00f3n para octubre\"}]},{\"@type\":\"WebSite\",\"@id\":\"https:\\\/\\\/spainfilmcommission.com\\\/en\\\/#website\",\"url\":\"https:\\\/\\\/spainfilmcommission.com\\\/en\\\/\",\"name\":\"Spain Film Commission\",\"description\":\"\",\"publisher\":{\"@id\":\"https:\\\/\\\/spainfilmcommission.com\\\/en\\\/#organization\"},\"potentialAction\":[{\"@type\":\"SearchAction\",\"target\":{\"@type\":\"EntryPoint\",\"urlTemplate\":\"https:\\\/\\\/spainfilmcommission.com\\\/en\\\/?s={search_term_string}\"},\"query-input\":{\"@type\":\"PropertyValueSpecification\",\"valueRequired\":true,\"valueName\":\"search_term_string\"}}],\"inLanguage\":\"en-US\"},{\"@type\":\"Organization\",\"@id\":\"https:\\\/\\\/spainfilmcommission.com\\\/en\\\/#organization\",\"name\":\"Spain Film Commission\",\"url\":\"https:\\\/\\\/spainfilmcommission.com\\\/en\\\/\",\"logo\":{\"@type\":\"ImageObject\",\"inLanguage\":\"en-US\",\"@id\":\"https:\\\/\\\/spainfilmcommission.com\\\/en\\\/#\\\/schema\\\/logo\\\/image\\\/\",\"url\":\"https:\\\/\\\/spainfilmcommission.com\\\/wp-content\\\/uploads\\\/2024\\\/07\\\/SPC_COLOR.png\",\"contentUrl\":\"https:\\\/\\\/spainfilmcommission.com\\\/wp-content\\\/uploads\\\/2024\\\/07\\\/SPC_COLOR.png\",\"width\":1665,\"height\":1665,\"caption\":\"Spain Film Commission\"},\"image\":{\"@id\":\"https:\\\/\\\/spainfilmcommission.com\\\/en\\\/#\\\/schema\\\/logo\\\/image\\\/\"}},{\"@type\":\"Person\",\"@id\":\"https:\\\/\\\/spainfilmcommission.com\\\/en\\\/#\\\/schema\\\/person\\\/6c014ba6ceac198d178a6a9e61113c9d\",\"name\":\"studio128k_dam\",\"image\":{\"@type\":\"ImageObject\",\"inLanguage\":\"en-US\",\"@id\":\"https:\\\/\\\/secure.gravatar.com\\\/avatar\\\/810f99144a13522c24aa173f9cd8bf079d0e89758af00b5f2938443cd51b31e9?s=96&d=mm&r=g\",\"url\":\"https:\\\/\\\/secure.gravatar.com\\\/avatar\\\/810f99144a13522c24aa173f9cd8bf079d0e89758af00b5f2938443cd51b31e9?s=96&d=mm&r=g\",\"contentUrl\":\"https:\\\/\\\/secure.gravatar.com\\\/avatar\\\/810f99144a13522c24aa173f9cd8bf079d0e89758af00b5f2938443cd51b31e9?s=96&d=mm&r=g\",\"caption\":\"studio128k_dam\"}}]}<\/script>\n<!-- \/ Yoast SEO plugin. -->","yoast_head_json":{"title":"Shooting Locations Marketplace convoca su tercera edici\u00f3n para octubre - Spain Film Commission","robots":{"index":"index","follow":"follow","max-snippet":"max-snippet:-1","max-image-preview":"max-image-preview:large","max-video-preview":"max-video-preview:-1"},"canonical":"https:\/\/spainfilmcommission.com\/en\/blog\/shooting-locations-marketplace-convoca-su-tercera-edicion-para-octubre\/","og_locale":"en_US","og_type":"article","og_title":"Shooting Locations Marketplace convoca su tercera edici\u00f3n para octubre - Spain Film Commission","og_description":"&#8226; Evento para localizadores y destinos de rodajes organizado por Feria de Valladolid y Spain Film Commission Feria de Valladolid\u00a0y\u00a0Spain Film Commission\u00a0convocan la tercera edici\u00f3n de\u00a0Shooting Locations Marketplace\u00a0que se celebrar\u00e1 [&hellip;]","og_url":"https:\/\/spainfilmcommission.com\/en\/blog\/shooting-locations-marketplace-convoca-su-tercera-edicion-para-octubre\/","og_site_name":"Spain Film Commission","article_published_time":"2023-04-25T22:00:00+00:00","article_modified_time":"2025-02-11T07:06:22+00:00","og_image":[{"width":1170,"height":877,"url":"https:\/\/spainfilmcommission.com\/wp-content\/uploads\/2024\/11\/shooting-locations-marketplace-convoca-su-tercera-edicion-para-octubre-327.jpg","type":"image\/jpeg"}],"author":"studio128k_dam","twitter_card":"summary_large_image","twitter_misc":{"Written by":"studio128k_dam","Est. reading time":"2 minutes"},"schema":{"@context":"https:\/\/schema.org","@graph":[{"@type":"Article","@id":"https:\/\/spainfilmcommission.com\/en\/blog\/shooting-locations-marketplace-convoca-su-tercera-edicion-para-octubre\/#article","isPartOf":{"@id":"https:\/\/spainfilmcommission.com\/en\/blog\/shooting-locations-marketplace-convoca-su-tercera-edicion-para-octubre\/"},"author":{"name":"studio128k_dam","@id":"https:\/\/spainfilmcommission.com\/en\/#\/schema\/person\/6c014ba6ceac198d178a6a9e61113c9d"},"headline":"Shooting Locations Marketplace convoca su tercera edici\u00f3n para octubre","datePublished":"2023-04-25T22:00:00+00:00","dateModified":"2025-02-11T07:06:22+00:00","mainEntityOfPage":{"@id":"https:\/\/spainfilmcommission.com\/en\/blog\/shooting-locations-marketplace-convoca-su-tercera-edicion-para-octubre\/"},"wordCount":320,"publisher":{"@id":"https:\/\/spainfilmcommission.com\/en\/#organization"},"image":{"@id":"https:\/\/spainfilmcommission.com\/en\/blog\/shooting-locations-marketplace-convoca-su-tercera-edicion-para-octubre\/#primaryimage"},"thumbnailUrl":"https:\/\/spainfilmcommission.com\/wp-content\/uploads\/2024\/11\/shooting-locations-marketplace-convoca-su-tercera-edicion-para-octubre-327.jpg","articleSection":["Noticias"],"inLanguage":"en-US"},{"@type":"WebPage","@id":"https:\/\/spainfilmcommission.com\/en\/blog\/shooting-locations-marketplace-convoca-su-tercera-edicion-para-octubre\/","url":"https:\/\/spainfilmcommission.com\/en\/blog\/shooting-locations-marketplace-convoca-su-tercera-edicion-para-octubre\/","name":"Shooting Locations Marketplace convoca su tercera edici\u00f3n para octubre - Spain Film Commission","isPartOf":{"@id":"https:\/\/spainfilmcommission.com\/en\/#website"},"primaryImageOfPage":{"@id":"https:\/\/spainfilmcommission.com\/en\/blog\/shooting-locations-marketplace-convoca-su-tercera-edicion-para-octubre\/#primaryimage"},"image":{"@id":"https:\/\/spainfilmcommission.com\/en\/blog\/shooting-locations-marketplace-convoca-su-tercera-edicion-para-octubre\/#primaryimage"},"thumbnailUrl":"https:\/\/spainfilmcommission.com\/wp-content\/uploads\/2024\/11\/shooting-locations-marketplace-convoca-su-tercera-edicion-para-octubre-327.jpg","datePublished":"2023-04-25T22:00:00+00:00","dateModified":"2025-02-11T07:06:22+00:00","breadcrumb":{"@id":"https:\/\/spainfilmcommission.com\/en\/blog\/shooting-locations-marketplace-convoca-su-tercera-edicion-para-octubre\/#breadcrumb"},"inLanguage":"en-US","potentialAction":[{"@type":"ReadAction","target":["https:\/\/spainfilmcommission.com\/en\/blog\/shooting-locations-marketplace-convoca-su-tercera-edicion-para-octubre\/"]}]},{"@type":"ImageObject","inLanguage":"en-US","@id":"https:\/\/spainfilmcommission.com\/en\/blog\/shooting-locations-marketplace-convoca-su-tercera-edicion-para-octubre\/#primaryimage","url":"https:\/\/spainfilmcommission.com\/wp-content\/uploads\/2024\/11\/shooting-locations-marketplace-convoca-su-tercera-edicion-para-octubre-327.jpg","contentUrl":"https:\/\/spainfilmcommission.com\/wp-content\/uploads\/2024\/11\/shooting-locations-marketplace-convoca-su-tercera-edicion-para-octubre-327.jpg","width":1170,"height":877},{"@type":"BreadcrumbList","@id":"https:\/\/spainfilmcommission.com\/en\/blog\/shooting-locations-marketplace-convoca-su-tercera-edicion-para-octubre\/#breadcrumb","itemListElement":[{"@type":"ListItem","position":1,"name":"Portada","item":"https:\/\/spainfilmcommission.com\/en\/"},{"@type":"ListItem","position":2,"name":"Shooting Locations Marketplace convoca su tercera edici\u00f3n para octubre"}]},{"@type":"WebSite","@id":"https:\/\/spainfilmcommission.com\/en\/#website","url":"https:\/\/spainfilmcommission.com\/en\/","name":"Spain Film Commission","description":"","publisher":{"@id":"https:\/\/spainfilmcommission.com\/en\/#organization"},"potentialAction":[{"@type":"SearchAction","target":{"@type":"EntryPoint","urlTemplate":"https:\/\/spainfilmcommission.com\/en\/?s={search_term_string}"},"query-input":{"@type":"PropertyValueSpecification","valueRequired":true,"valueName":"search_term_string"}}],"inLanguage":"en-US"},{"@type":"Organization","@id":"https:\/\/spainfilmcommission.com\/en\/#organization","name":"Spain Film Commission","url":"https:\/\/spainfilmcommission.com\/en\/","logo":{"@type":"ImageObject","inLanguage":"en-US","@id":"https:\/\/spainfilmcommission.com\/en\/#\/schema\/logo\/image\/","url":"https:\/\/spainfilmcommission.com\/wp-content\/uploads\/2024\/07\/SPC_COLOR.png","contentUrl":"https:\/\/spainfilmcommission.com\/wp-content\/uploads\/2024\/07\/SPC_COLOR.png","width":1665,"height":1665,"caption":"Spain Film Commission"},"image":{"@id":"https:\/\/spainfilmcommission.com\/en\/#\/schema\/logo\/image\/"}},{"@type":"Person","@id":"https:\/\/spainfilmcommission.com\/en\/#\/schema\/person\/6c014ba6ceac198d178a6a9e61113c9d","name":"studio128k_dam","image":{"@type":"ImageObject","inLanguage":"en-US","@id":"https:\/\/secure.gravatar.com\/avatar\/810f99144a13522c24aa173f9cd8bf079d0e89758af00b5f2938443cd51b31e9?s=96&d=mm&r=g","url":"https:\/\/secure.gravatar.com\/avatar\/810f99144a13522c24aa173f9cd8bf079d0e89758af00b5f2938443cd51b31e9?s=96&d=mm&r=g","contentUrl":"https:\/\/secure.gravatar.com\/avatar\/810f99144a13522c24aa173f9cd8bf079d0e89758af00b5f2938443cd51b31e9?s=96&d=mm&r=g","caption":"studio128k_dam"}}]}},"_links":{"self":[{"href":"https:\/\/spainfilmcommission.com\/en\/wp-json\/wp\/v2\/posts\/8807","targetHints":{"allow":["GET"]}}],"collection":[{"href":"https:\/\/spainfilmcommission.com\/en\/wp-json\/wp\/v2\/posts"}],"about":[{"href":"https:\/\/spainfilmcommission.com\/en\/wp-json\/wp\/v2\/types\/post"}],"author":[{"embeddable":true,"href":"https:\/\/spainfilmcommission.com\/en\/wp-json\/wp\/v2\/users\/2"}],"replies":[{"embeddable":true,"href":"https:\/\/spainfilmcommission.com\/en\/wp-json\/wp\/v2\/comments?post=8807"}],"version-history":[{"count":0,"href":"https:\/\/spainfilmcommission.com\/en\/wp-json\/wp\/v2\/posts\/8807\/revisions"}],"wp:featuredmedia":[{"embeddable":true,"href":"https:\/\/spainfilmcommission.com\/en\/wp-json\/wp\/v2\/media\/8808"}],"wp:attachment":[{"href":"https:\/\/spainfilmcommission.com\/en\/wp-json\/wp\/v2\/media?parent=8807"}],"wp:term":[{"taxonomy":"category","embeddable":true,"href":"https:\/\/spainfilmcommission.com\/en\/wp-json\/wp\/v2\/categories?post=8807"},{"taxonomy":"post_tag","embeddable":true,"href":"https:\/\/spainfilmcommission.com\/en\/wp-json\/wp\/v2\/tags?post=8807"}],"curies":[{"name":"wp","href":"https:\/\/api.w.org\/{rel}","templated":true}]}}