{"id":8804,"date":"2023-04-22T00:00:00","date_gmt":"2023-04-21T22:00:00","guid":{"rendered":"https:\/\/sfc.com\/recorre-espana-a-traves-de-las-adaptaciones-literarias-a-la-pantalla\/"},"modified":"2025-02-11T08:06:22","modified_gmt":"2025-02-11T07:06:22","slug":"recorre-espana-a-traves-de-las-adaptaciones-literarias-a-la-pantalla","status":"publish","type":"post","link":"https:\/\/spainfilmcommission.com\/en\/blog\/recorre-espana-a-traves-de-las-adaptaciones-literarias-a-la-pantalla\/","title":{"rendered":"RECORRE ESPA\u00d1A A TRAV\u00c9S DE LAS ADAPTACIONES LITERARIAS A LA PANTALLA"},"content":{"rendered":"<p>Desde los comienzos del s\u00e9ptimo arte, el cine acept\u00f3 la misi\u00f3n de acercar al p\u00fablico otras formas de expresi\u00f3n art\u00edstica. Una buena pel\u00edcula es capaz de aunar todas las grandes artes y condensarlas en un canal audiovisual que permite su difusi\u00f3n a trav\u00e9s de una pantalla. Pero, si hay una fuente favorita de inspiraci\u00f3n para los cineastas, \u00e9sta siempre ha sido la literatura. \u00bfCu\u00e1ntos de los libros que has le\u00eddo parecen guiones pensados para ser contados visualmente?<\/p>\n<p>Coincidiendo con la fiesta grande de la literatura en castellano, este mes de abril hemos elegido algunas novelas escritas en las \u00faltimas d\u00e9cadas en las que el lugar donde transcurre la acci\u00f3n es un personaje m\u00e1s de la trama y de su pel\u00edcula.<\/p>\n<p>\u00c9ste es el recorrido que os proponemos para vivir Espa\u00f1a a trav\u00e9s de vuestras novelas favoritas, luego series y pel\u00edculas favoritas y, finalmente, vacaciones favoritas.<\/p>\n<p>\u00a1Comenzamos!<\/p>\n<h2>VIGO Y &#8220;LA PLAYA DE LOS AHOGADOS&#8221;<\/h2>\n<p>La primera parada por este recorrido en el que saltamos de la literatura a la pantalla, nos lleva a Galicia. Uno de los mejores escritores espa\u00f1oles de los \u00faltimos a\u00f1os, Domingo Villar, firma tres libros cuya acci\u00f3n transcurre entre Vigo y la provincia de Pontevedra: &#8220;Ojos de agua&#8221;, &#8220;La playa de los ahogados&#8221; y &#8220;El \u00faltimo barco&#8221; nos presentan a una pareja de polic\u00edas singulares por el contraste de sus formas de ser y sus maneras de entender la vida<\/p>\n<p>Gerardo Herrero eligi\u00f3 la segunda de las novelas de Caldas y Est\u00e9vez, &#8220;La playa de los ahogados&#8221;, para adaptarla al cine en 2015. Carmelo G\u00f3mez fue el elegido para encarnar al estoico Leo Caldas, mientras que el personaje del temperamental Rafael Est\u00e9vez recay\u00f3 en Antonio Garrido<\/p>\n<p>En este caso, como en los que veremos a continuaci\u00f3n, no hubo duda alguna en que los \u00fanico escenarios posibles para rodar la historia eran los originales reflejados en el libro<\/p>\n<p>&#8220;La playa de los ahogados&#8221; est\u00e1 en el municipio de Nigr\u00e1n (Pontevedra) donde la conocen como A Madorra. Este peque\u00f1o rinc\u00f3n, cercano a Vigo, ofrece un <a href=\"https:\/\/www.nigran.es\/wp-content\/uploads\/2023\/01\/WEB_Folleto_CASTELLANO_A3_Ruta_Domingo_Villar_5.0-1.pdf\" target=\"_blank\">estupendo recorrido por los paisajes de la novela y de la pel\u00edcula<\/a>. La ruta incluye cinco paradas en puntos claves: el puerto de Panx\u00f3n, la playa de La Madorra, el Templo Votivo del Mar, Punta Lameda, en la pen\u00ednsula de Monteferro y el Monumento a la Marina Universal. Est\u00e1 perfectamente se\u00f1alizada y se puede hacer en menos de tres horas.<\/p>\n<p>El hilo conductor de las novelas de Villar es, sin embargo, <a href=\"https:\/\/www.turismodevigo.org\/es\" target=\"_blank\">Vigo. La ciudad ol\u00edvica<\/a>, tradicional y moderna, vibrante y calmada, refleja la evoluci\u00f3n de la sociedad gallega en las \u00faltimas d\u00e9cadas. Para el lector, pasear con Leo Caldas por Vigo es visitar esquinas, calles y bares que huelen a mar y a buen vino, disfrutando sin prisa de esos peque\u00f1os placeres cotidianos que nos da la vida.<\/p>\n<h2>VITORIA Y &#8220;EL SILENCIO DE LA CIUDAD BLANC<\/h2>\n<p>&#8220;El silencio de la Ciudad Blanca&#8221;, &#8220;Los ritos del agua&#8221; y &#8220;Los se\u00f1ores del tiempo&#8221; son las tres novelas de una trilog\u00eda escrita por Eva Garc\u00eda S\u00e1enz de Urturi, cuyo argumento se desarrolla principalmente en Vitoria y la provincia de \u00c1lava. Trama policiaca aparte, en pocas novelas una ciudad tiene tanto protagonismo como en \u00e9stas. Del medievo al siglo XXI, la escritora nos hace un retrato de la sociedad alavesa a trav\u00e9s de su forma de vida, su folklore y su historia. Una caracter\u00edstica que la adaptaci\u00f3n cinematogr\u00e1fica de la primera novela (Atresmedia, 2019) tuvo muy en cuenta a la hora de rodar en las principales localizaciones de la capital alavesa.<\/p>\n<p>El ayuntamiento de Vitoria propone <a href=\"\" target=\"_blank\">una ruta que os permitir\u00e1 seguir las investigaciones de Kraken<\/a> (el inspector Ayala) a la caza de asesinos ritualistas. Los libros de Urturi nos llevan tambi\u00e9n a<a href=\"https:\/\/turismo.euskadi.eus\/es\/rutas\/ruta-escenarios-silencio-de-la-ciudad-blanca-eva-saenz-urturi-vitoria-gasteiz\/aa30-12379\/es\/#etapa4\" target=\"_blank\"> otros lugares emblem\u00e1ticos de la provincia de \u00c1lava<\/a>. En el municipio de Lagr\u00e1n est\u00e1 el pueblo del abuelo, Villaverde, refugio para Unai y su hermano y un lugar recurrente en la historia de Kraken. El precioso pueblo de Laguardia, emblema de la Rioja Alavesa, es otra parada obligada para seguir las andanzas de los protagonistas. El macizo de Aizkorri-Aratz,<a href=\"https:\/\/turismo.euskadi.eus\/costa-vasca\/\" target=\"_blank\"> Deba y San Juan de Gaztelugatxe<\/a> (en Guip\u00fazcoa) completan el recorrido por todos los escenarios que aparecen en la trilog\u00eda de la Ciudad Blanca y que son la manera perfecta de conocer esta parte de Espa\u00f1a<\/p>\n<h2>BARCELONA Y &#8220;LA CATEDRAL DEL MAR&#8221;<\/h2>\n<p>Y si de literatura adaptada a la pantalla estamos hablando, no podemos dejar de citar &#8220;La catedral del mar&#8221;, primera novela de Ildefonso Falcones. A partir de su evocador t\u00edtulo, nos muestra c\u00f3mo era la vida en la Espa\u00f1a del siglo XIV. En muchas ciudades de la \u00e9poca se estaban construyendo catedrales. Todas g\u00f3ticas y todas magn\u00edficas. En el caso de Barcelona, la ciudad crec\u00eda hacia la costa. El, por entonces, nuevo y humilde distrito de pescadores (la Ribera) decidi\u00f3 construir, con su propio dinero, el templo m\u00e1s grande que hubiese existido: Santa Mar\u00eda del Mar.<\/p>\n<p>A trav\u00e9s del personaje de Arnau Estanyol y su familia, Falcones nos lleva a recorrer una \u00e9poca bastante desconocida en general, pero en la que se construyeron la mayor parte de los grandes hitos urban\u00edsticos de la capital que es ahora la Ciudad Condal. Como la historia era de las que piden llevarla a la pantalla, no tard\u00f3 mucho en fraguarse una serie producida por Atresmedia, Diagonal TV, en colaboraci\u00f3n con Televisi\u00f3 de Catalunya y disponible en Netflix. Exitazo previsible: intrigas palaciegas, luchas medievales y amores imposibles, combinados con un decorado de excepci\u00f3n, eran una combinaci\u00f3n ganadora.<\/p>\n<p>As\u00ed que, para tu pr\u00f3xima escapada a Barcelona, aqu\u00ed va<a href=\"https:\/\/www.barcelonaturisme.com\/shopv3\/es\/product\/19880\/tour-literario-en-barcelona.html\" target=\"_blank\"> la ruta de &#8220;La catedral del mar&#8221;<\/a>. En menos de tres horas conocer\u00e1s todos los rincones en los que se rod\u00f3 la serie y habr\u00e1s recorrido los enclaves m\u00e1s bonitos del centro de la ciudad condal.\u00a0<\/p>\n<p>Como es l\u00f3gico, las ciudades han cambiado un poco en 700 a\u00f1os. O un mucho. De ah\u00ed que, rodar toda una serie en la misma localizaci\u00f3n, a veces no sea posible. Afortunadamente, lo que ya no es posible en Barcelona s\u00ed lo es en otros parajes. Por eso, este rodaje utiliz\u00f3 nada menos que otras cinco localizaciones para recrear la Ciudad Condal del siglo XIV.<\/p>\n<p>Tarragona, Sos del Rey Cat\u00f3lico (Zaragoza), C\u00e1ceres, Segovia y Toledo. Todas ellas conservan magn\u00edficos centros hist\u00f3ricos medievales y en cada una se eligi\u00f3 un edificio, una calle o una playa que sirvieron para recrear la Barcelona de Arnau y familia.<\/p>\n<h2>EXTREMADURA Y &#8220;LOS SANTOS INOCENTES&#8221;<\/h2>\n<p>Si la ruta de los escenarios de &#8220;La catedral del mar&#8221; nos ha tra\u00eddo hasta C\u00e1ceres, nuestra siguiente adaptaci\u00f3n literaria al cine nos lleva hasta Badajoz. En tres de sus m\u00e1s hermosos municipios, M\u00e9rida, Zafra y Alburquerque, se rod\u00f3 en 1984 la pel\u00edcula de Mario Camus &#8220;Los santos inocentes&#8221;, basada en la novela de Miguel Delibes. El escritor castellano hab\u00eda concebido la obra con la intenci\u00f3n de mostrar la incultura y la pobreza a la que se ve\u00edan sometidos los trabajadores de los latifundios fronterizos con Portugal a mediados del siglo XX.<\/p>\n<p>Sin embargo, nosotros nos quedamos con la Extremadura de hoy, vibrante, moderna, bell\u00edsima. Para comprobarlo, os proponemos un recorrido por estas tres joyas pacenses. La primera, indiscutiblemente, es la actual capital extreme\u00f1a: M\u00e9rida. Adem\u00e1s de su<a href=\"https:\/\/www.turismoextremadura.com\/es\/explora\/Conjunto-romano-de-Merida-y-Termas-de-Alange\/\" target=\"_blank\"> incre\u00edble conjunto arqueol\u00f3gico romano<\/a>, uno de los m\u00e1s importantes que se conservan en Europa, preserva el legado de visigodos, \u00e1rabes y reconquistadores.<\/p>\n<p>En poco m\u00e1s de media hora llegar\u00e1s desde M\u00e9rida a <a href=\"https:\/\/www.turismoextremadura.com\/es\/explora\/Zafra\/\" target=\"_blank\">Zafra<\/a>, la segunda de las localizaciones de &#8220;Los santos inocentes&#8221;. Esta hoy apacible y coqueta villa, ha sido testigo de muchos de los grandes devenires de la historia de Espa\u00f1a, especialmente en la \u00e9poca de la reconquista. De aquellos tiempos turbulentos conserva un patrimonio que incluye vestigios pre-romanos, romanos, \u00e1rabes y medievales. Como buena ciudad gremial, siempre ha sido un foco comercial, especialmente activo durante la \u00e9poca del descubrimiento de Am\u00e9rica.<\/p>\n<p>Alburquerque (la original, no la de Nuevo M\u00e9xico donde se rod\u00f3 Breaking Bad), es la tercera de las localizaciones de la novela y la pel\u00edcula. A media hora de Badajoz, esta villa est\u00e1 en medio de la Sierra de San Pedro, lugar de dehesas y pastos (y de jam\u00f3n ib\u00e9rico, por supuesto).<\/p>\n<p>Aunque el rodaje de la pel\u00edcula de Camus se centr\u00f3 pr\u00e1cticamente en una finca situada a las afueras de Alburquerque, tanto el equipo t\u00e9cnico como los actores se hospedaron en M\u00e9rida y alternaron en las tres localidades. Paco Rabal es especialmente recordado en la zona por frecuentar los bares de paisanos, y dormir en sus, por entonces, humildes casas<\/p>\n<h2>NAVARRA Y LA TRILOG\u00cdA DEL BAZT\u00c1N<\/h2>\n<p>Cerrando esta eminente lista de c\u00e9lebres novelas adaptadas a la pantalla, est\u00e1 uno de los fen\u00f3menos editoriales m\u00e1s espectaculares de los \u00faltimos a\u00f1os en Espa\u00f1a. Hace justamente ahora diez a\u00f1os, una escritora desconocida llamada Dolores Redondo, publicaba &#8220;El guardi\u00e1n invisible&#8221;. Se presentaba en sociedad la inspectora de Homicidios de la Polic\u00eda Foral de Navarra, Amaia Salazar. El resto, como quien dice, es historia.<\/p>\n<p>Con tintes de novela negra n\u00f3rdica, las tramas (truculentas pero fascinantes), los personajes (carism\u00e1ticos y \u00fanicos) y los inquietantes paisajes del valle del Bazt\u00e1n (rodeados de folklore, misticismo y magia), junto con la innegable maestr\u00eda narrativa de Redondo que mantiene una tensi\u00f3n constante hasta la \u00faltima p\u00e1gina, hacen que esta serie de novelas ambientadas en un peque\u00f1o entorno rural, se hayan convertido en un fen\u00f3meno de ventas.<\/p>\n<p>La serie de libros se complet\u00f3 con &#8220;Legado en los huesos&#8221; y &#8220;Ofrenda a la tormenta&#8221;. Su adaptaci\u00f3n al cine era inevitable y fue casi inmediato. Las pel\u00edculas (una por cada libro) se rodaron en los parajes originales en los que Dolores Redondo situ\u00f3 sus tramas, como el pueblo de Elizondo, su escenario principal. De nuevo, otro ejemplo perfecto de una localizaci\u00f3n cinematogr\u00e1fica que se convierte en protagonista de unas historias, que no podr\u00edan ser contadas en otro lugar sin perder su esencia.<\/p>\n<p>La acci\u00f3n de la trilog\u00eda del Bazt\u00e1n transcurre entre la capital navarra, Pamplona, y, obviamente, el valle del Bazt\u00e1n que da t\u00edtulo a la saga. Seg\u00fan el momento de la historia, la acci\u00f3n pivota de un punto a otro de estos atractivos destinos tur\u00edsticos, permiti\u00e9ndonos conocer lugares de extraordinaria belleza.<\/p>\n<p>En este v\u00eddeo,<a href=\"https:\/\/www.youtube.com\/watch?v=wQS_48ZLmIY&#038;t=280s\" target=\"_blank\"> la propia Dolores Redondo nos ense\u00f1a sus lugares favoritos.<\/a> Puede serviros de inspiraci\u00f3n para preparar el viaje a esta bella regi\u00f3n.<\/p>\n<p>Hasta aqu\u00ed nuestra particular selecci\u00f3n de libros llevados a la pantalla en Espa\u00f1a. En breve, podremos a\u00f1adir otros dos grandes best sellers: &#8220;Reina roja&#8221;, de Juan G\u00f3mez Jurado que ya ha terminado su rodaje en Madrid y &#8220;Memento mori&#8221;, de C\u00e9sar P\u00e9rez Gellida, rodado en Valladolid. \u00bfCu\u00e1l elegir\u00e1s para tu pr\u00f3xima escapada?<\/p>\n","protected":false},"excerpt":{"rendered":"<p>Desde los comienzos del s\u00e9ptimo arte, el cine acept\u00f3 la misi\u00f3n de acercar al p\u00fablico otras formas de expresi\u00f3n art\u00edstica. Una buena pel\u00edcula es capaz de aunar todas las grandes [&hellip;]<\/p>\n","protected":false},"author":2,"featured_media":8805,"comment_status":"closed","ping_status":"","sticky":false,"template":"","format":"standard","meta":{"footnotes":""},"categories":[38],"tags":[],"class_list":["post-8804","post","type-post","status-publish","format-standard","has-post-thumbnail","hentry","category-noticias"],"yoast_head":"<!-- This site is optimized with the Yoast SEO plugin v27.3 - https:\/\/yoast.com\/product\/yoast-seo-wordpress\/ -->\n<title>RECORRE ESPA\u00d1A A TRAV\u00c9S DE LAS ADAPTACIONES LITERARIAS A LA PANTALLA - Spain Film Commission<\/title>\n<meta name=\"robots\" content=\"index, follow, max-snippet:-1, max-image-preview:large, max-video-preview:-1\" \/>\n<link rel=\"canonical\" href=\"https:\/\/spainfilmcommission.com\/en\/blog\/recorre-espana-a-traves-de-las-adaptaciones-literarias-a-la-pantalla\/\" \/>\n<meta property=\"og:locale\" content=\"en_US\" \/>\n<meta property=\"og:type\" content=\"article\" \/>\n<meta property=\"og:title\" content=\"RECORRE ESPA\u00d1A A TRAV\u00c9S DE LAS ADAPTACIONES LITERARIAS A LA PANTALLA - Spain Film Commission\" \/>\n<meta property=\"og:description\" content=\"Desde los comienzos del s\u00e9ptimo arte, el cine acept\u00f3 la misi\u00f3n de acercar al p\u00fablico otras formas de expresi\u00f3n art\u00edstica. Una buena pel\u00edcula es capaz de aunar todas las grandes [&hellip;]\" \/>\n<meta property=\"og:url\" content=\"https:\/\/spainfilmcommission.com\/en\/blog\/recorre-espana-a-traves-de-las-adaptaciones-literarias-a-la-pantalla\/\" \/>\n<meta property=\"og:site_name\" content=\"Spain Film Commission\" \/>\n<meta property=\"article:published_time\" content=\"2023-04-21T22:00:00+00:00\" \/>\n<meta property=\"article:modified_time\" content=\"2025-02-11T07:06:22+00:00\" \/>\n<meta property=\"og:image\" content=\"https:\/\/spainfilmcommission.com\/wp-content\/uploads\/2024\/11\/recorre-espana-a-traves-de-las-adaptaciones-literarias-a-la-pantalla-326.png\" \/>\n\t<meta property=\"og:image:width\" content=\"350\" \/>\n\t<meta property=\"og:image:height\" content=\"250\" \/>\n\t<meta property=\"og:image:type\" content=\"image\/png\" \/>\n<meta name=\"author\" content=\"studio128k_dam\" \/>\n<meta name=\"twitter:card\" content=\"summary_large_image\" \/>\n<meta name=\"twitter:label1\" content=\"Written by\" \/>\n\t<meta name=\"twitter:data1\" content=\"studio128k_dam\" \/>\n\t<meta name=\"twitter:label2\" content=\"Est. reading time\" \/>\n\t<meta name=\"twitter:data2\" content=\"9 minutes\" \/>\n<script type=\"application\/ld+json\" class=\"yoast-schema-graph\">{\"@context\":\"https:\\\/\\\/schema.org\",\"@graph\":[{\"@type\":\"Article\",\"@id\":\"https:\\\/\\\/spainfilmcommission.com\\\/en\\\/blog\\\/recorre-espana-a-traves-de-las-adaptaciones-literarias-a-la-pantalla\\\/#article\",\"isPartOf\":{\"@id\":\"https:\\\/\\\/spainfilmcommission.com\\\/en\\\/blog\\\/recorre-espana-a-traves-de-las-adaptaciones-literarias-a-la-pantalla\\\/\"},\"author\":{\"name\":\"studio128k_dam\",\"@id\":\"https:\\\/\\\/spainfilmcommission.com\\\/en\\\/#\\\/schema\\\/person\\\/6c014ba6ceac198d178a6a9e61113c9d\"},\"headline\":\"RECORRE ESPA\u00d1A A TRAV\u00c9S DE LAS ADAPTACIONES LITERARIAS A LA PANTALLA\",\"datePublished\":\"2023-04-21T22:00:00+00:00\",\"dateModified\":\"2025-02-11T07:06:22+00:00\",\"mainEntityOfPage\":{\"@id\":\"https:\\\/\\\/spainfilmcommission.com\\\/en\\\/blog\\\/recorre-espana-a-traves-de-las-adaptaciones-literarias-a-la-pantalla\\\/\"},\"wordCount\":1910,\"publisher\":{\"@id\":\"https:\\\/\\\/spainfilmcommission.com\\\/en\\\/#organization\"},\"image\":{\"@id\":\"https:\\\/\\\/spainfilmcommission.com\\\/en\\\/blog\\\/recorre-espana-a-traves-de-las-adaptaciones-literarias-a-la-pantalla\\\/#primaryimage\"},\"thumbnailUrl\":\"https:\\\/\\\/spainfilmcommission.com\\\/wp-content\\\/uploads\\\/2024\\\/11\\\/recorre-espana-a-traves-de-las-adaptaciones-literarias-a-la-pantalla-326.png\",\"articleSection\":[\"Noticias\"],\"inLanguage\":\"en-US\"},{\"@type\":\"WebPage\",\"@id\":\"https:\\\/\\\/spainfilmcommission.com\\\/en\\\/blog\\\/recorre-espana-a-traves-de-las-adaptaciones-literarias-a-la-pantalla\\\/\",\"url\":\"https:\\\/\\\/spainfilmcommission.com\\\/en\\\/blog\\\/recorre-espana-a-traves-de-las-adaptaciones-literarias-a-la-pantalla\\\/\",\"name\":\"RECORRE ESPA\u00d1A A TRAV\u00c9S DE LAS ADAPTACIONES LITERARIAS A LA PANTALLA - Spain Film Commission\",\"isPartOf\":{\"@id\":\"https:\\\/\\\/spainfilmcommission.com\\\/en\\\/#website\"},\"primaryImageOfPage\":{\"@id\":\"https:\\\/\\\/spainfilmcommission.com\\\/en\\\/blog\\\/recorre-espana-a-traves-de-las-adaptaciones-literarias-a-la-pantalla\\\/#primaryimage\"},\"image\":{\"@id\":\"https:\\\/\\\/spainfilmcommission.com\\\/en\\\/blog\\\/recorre-espana-a-traves-de-las-adaptaciones-literarias-a-la-pantalla\\\/#primaryimage\"},\"thumbnailUrl\":\"https:\\\/\\\/spainfilmcommission.com\\\/wp-content\\\/uploads\\\/2024\\\/11\\\/recorre-espana-a-traves-de-las-adaptaciones-literarias-a-la-pantalla-326.png\",\"datePublished\":\"2023-04-21T22:00:00+00:00\",\"dateModified\":\"2025-02-11T07:06:22+00:00\",\"breadcrumb\":{\"@id\":\"https:\\\/\\\/spainfilmcommission.com\\\/en\\\/blog\\\/recorre-espana-a-traves-de-las-adaptaciones-literarias-a-la-pantalla\\\/#breadcrumb\"},\"inLanguage\":\"en-US\",\"potentialAction\":[{\"@type\":\"ReadAction\",\"target\":[\"https:\\\/\\\/spainfilmcommission.com\\\/en\\\/blog\\\/recorre-espana-a-traves-de-las-adaptaciones-literarias-a-la-pantalla\\\/\"]}]},{\"@type\":\"ImageObject\",\"inLanguage\":\"en-US\",\"@id\":\"https:\\\/\\\/spainfilmcommission.com\\\/en\\\/blog\\\/recorre-espana-a-traves-de-las-adaptaciones-literarias-a-la-pantalla\\\/#primaryimage\",\"url\":\"https:\\\/\\\/spainfilmcommission.com\\\/wp-content\\\/uploads\\\/2024\\\/11\\\/recorre-espana-a-traves-de-las-adaptaciones-literarias-a-la-pantalla-326.png\",\"contentUrl\":\"https:\\\/\\\/spainfilmcommission.com\\\/wp-content\\\/uploads\\\/2024\\\/11\\\/recorre-espana-a-traves-de-las-adaptaciones-literarias-a-la-pantalla-326.png\",\"width\":350,\"height\":250},{\"@type\":\"BreadcrumbList\",\"@id\":\"https:\\\/\\\/spainfilmcommission.com\\\/en\\\/blog\\\/recorre-espana-a-traves-de-las-adaptaciones-literarias-a-la-pantalla\\\/#breadcrumb\",\"itemListElement\":[{\"@type\":\"ListItem\",\"position\":1,\"name\":\"Portada\",\"item\":\"https:\\\/\\\/spainfilmcommission.com\\\/en\\\/\"},{\"@type\":\"ListItem\",\"position\":2,\"name\":\"RECORRE ESPA\u00d1A A TRAV\u00c9S DE LAS ADAPTACIONES LITERARIAS A LA PANTALLA\"}]},{\"@type\":\"WebSite\",\"@id\":\"https:\\\/\\\/spainfilmcommission.com\\\/en\\\/#website\",\"url\":\"https:\\\/\\\/spainfilmcommission.com\\\/en\\\/\",\"name\":\"Spain Film Commission\",\"description\":\"\",\"publisher\":{\"@id\":\"https:\\\/\\\/spainfilmcommission.com\\\/en\\\/#organization\"},\"potentialAction\":[{\"@type\":\"SearchAction\",\"target\":{\"@type\":\"EntryPoint\",\"urlTemplate\":\"https:\\\/\\\/spainfilmcommission.com\\\/en\\\/?s={search_term_string}\"},\"query-input\":{\"@type\":\"PropertyValueSpecification\",\"valueRequired\":true,\"valueName\":\"search_term_string\"}}],\"inLanguage\":\"en-US\"},{\"@type\":\"Organization\",\"@id\":\"https:\\\/\\\/spainfilmcommission.com\\\/en\\\/#organization\",\"name\":\"Spain Film Commission\",\"url\":\"https:\\\/\\\/spainfilmcommission.com\\\/en\\\/\",\"logo\":{\"@type\":\"ImageObject\",\"inLanguage\":\"en-US\",\"@id\":\"https:\\\/\\\/spainfilmcommission.com\\\/en\\\/#\\\/schema\\\/logo\\\/image\\\/\",\"url\":\"https:\\\/\\\/spainfilmcommission.com\\\/wp-content\\\/uploads\\\/2024\\\/07\\\/SPC_COLOR.png\",\"contentUrl\":\"https:\\\/\\\/spainfilmcommission.com\\\/wp-content\\\/uploads\\\/2024\\\/07\\\/SPC_COLOR.png\",\"width\":1665,\"height\":1665,\"caption\":\"Spain Film Commission\"},\"image\":{\"@id\":\"https:\\\/\\\/spainfilmcommission.com\\\/en\\\/#\\\/schema\\\/logo\\\/image\\\/\"}},{\"@type\":\"Person\",\"@id\":\"https:\\\/\\\/spainfilmcommission.com\\\/en\\\/#\\\/schema\\\/person\\\/6c014ba6ceac198d178a6a9e61113c9d\",\"name\":\"studio128k_dam\",\"image\":{\"@type\":\"ImageObject\",\"inLanguage\":\"en-US\",\"@id\":\"https:\\\/\\\/secure.gravatar.com\\\/avatar\\\/810f99144a13522c24aa173f9cd8bf079d0e89758af00b5f2938443cd51b31e9?s=96&d=mm&r=g\",\"url\":\"https:\\\/\\\/secure.gravatar.com\\\/avatar\\\/810f99144a13522c24aa173f9cd8bf079d0e89758af00b5f2938443cd51b31e9?s=96&d=mm&r=g\",\"contentUrl\":\"https:\\\/\\\/secure.gravatar.com\\\/avatar\\\/810f99144a13522c24aa173f9cd8bf079d0e89758af00b5f2938443cd51b31e9?s=96&d=mm&r=g\",\"caption\":\"studio128k_dam\"}}]}<\/script>\n<!-- \/ Yoast SEO plugin. -->","yoast_head_json":{"title":"RECORRE ESPA\u00d1A A TRAV\u00c9S DE LAS ADAPTACIONES LITERARIAS A LA PANTALLA - Spain Film Commission","robots":{"index":"index","follow":"follow","max-snippet":"max-snippet:-1","max-image-preview":"max-image-preview:large","max-video-preview":"max-video-preview:-1"},"canonical":"https:\/\/spainfilmcommission.com\/en\/blog\/recorre-espana-a-traves-de-las-adaptaciones-literarias-a-la-pantalla\/","og_locale":"en_US","og_type":"article","og_title":"RECORRE ESPA\u00d1A A TRAV\u00c9S DE LAS ADAPTACIONES LITERARIAS A LA PANTALLA - Spain Film Commission","og_description":"Desde los comienzos del s\u00e9ptimo arte, el cine acept\u00f3 la misi\u00f3n de acercar al p\u00fablico otras formas de expresi\u00f3n art\u00edstica. Una buena pel\u00edcula es capaz de aunar todas las grandes [&hellip;]","og_url":"https:\/\/spainfilmcommission.com\/en\/blog\/recorre-espana-a-traves-de-las-adaptaciones-literarias-a-la-pantalla\/","og_site_name":"Spain Film Commission","article_published_time":"2023-04-21T22:00:00+00:00","article_modified_time":"2025-02-11T07:06:22+00:00","og_image":[{"width":350,"height":250,"url":"https:\/\/spainfilmcommission.com\/wp-content\/uploads\/2024\/11\/recorre-espana-a-traves-de-las-adaptaciones-literarias-a-la-pantalla-326.png","type":"image\/png"}],"author":"studio128k_dam","twitter_card":"summary_large_image","twitter_misc":{"Written by":"studio128k_dam","Est. reading time":"9 minutes"},"schema":{"@context":"https:\/\/schema.org","@graph":[{"@type":"Article","@id":"https:\/\/spainfilmcommission.com\/en\/blog\/recorre-espana-a-traves-de-las-adaptaciones-literarias-a-la-pantalla\/#article","isPartOf":{"@id":"https:\/\/spainfilmcommission.com\/en\/blog\/recorre-espana-a-traves-de-las-adaptaciones-literarias-a-la-pantalla\/"},"author":{"name":"studio128k_dam","@id":"https:\/\/spainfilmcommission.com\/en\/#\/schema\/person\/6c014ba6ceac198d178a6a9e61113c9d"},"headline":"RECORRE ESPA\u00d1A A TRAV\u00c9S DE LAS ADAPTACIONES LITERARIAS A LA PANTALLA","datePublished":"2023-04-21T22:00:00+00:00","dateModified":"2025-02-11T07:06:22+00:00","mainEntityOfPage":{"@id":"https:\/\/spainfilmcommission.com\/en\/blog\/recorre-espana-a-traves-de-las-adaptaciones-literarias-a-la-pantalla\/"},"wordCount":1910,"publisher":{"@id":"https:\/\/spainfilmcommission.com\/en\/#organization"},"image":{"@id":"https:\/\/spainfilmcommission.com\/en\/blog\/recorre-espana-a-traves-de-las-adaptaciones-literarias-a-la-pantalla\/#primaryimage"},"thumbnailUrl":"https:\/\/spainfilmcommission.com\/wp-content\/uploads\/2024\/11\/recorre-espana-a-traves-de-las-adaptaciones-literarias-a-la-pantalla-326.png","articleSection":["Noticias"],"inLanguage":"en-US"},{"@type":"WebPage","@id":"https:\/\/spainfilmcommission.com\/en\/blog\/recorre-espana-a-traves-de-las-adaptaciones-literarias-a-la-pantalla\/","url":"https:\/\/spainfilmcommission.com\/en\/blog\/recorre-espana-a-traves-de-las-adaptaciones-literarias-a-la-pantalla\/","name":"RECORRE ESPA\u00d1A A TRAV\u00c9S DE LAS ADAPTACIONES LITERARIAS A LA PANTALLA - Spain Film Commission","isPartOf":{"@id":"https:\/\/spainfilmcommission.com\/en\/#website"},"primaryImageOfPage":{"@id":"https:\/\/spainfilmcommission.com\/en\/blog\/recorre-espana-a-traves-de-las-adaptaciones-literarias-a-la-pantalla\/#primaryimage"},"image":{"@id":"https:\/\/spainfilmcommission.com\/en\/blog\/recorre-espana-a-traves-de-las-adaptaciones-literarias-a-la-pantalla\/#primaryimage"},"thumbnailUrl":"https:\/\/spainfilmcommission.com\/wp-content\/uploads\/2024\/11\/recorre-espana-a-traves-de-las-adaptaciones-literarias-a-la-pantalla-326.png","datePublished":"2023-04-21T22:00:00+00:00","dateModified":"2025-02-11T07:06:22+00:00","breadcrumb":{"@id":"https:\/\/spainfilmcommission.com\/en\/blog\/recorre-espana-a-traves-de-las-adaptaciones-literarias-a-la-pantalla\/#breadcrumb"},"inLanguage":"en-US","potentialAction":[{"@type":"ReadAction","target":["https:\/\/spainfilmcommission.com\/en\/blog\/recorre-espana-a-traves-de-las-adaptaciones-literarias-a-la-pantalla\/"]}]},{"@type":"ImageObject","inLanguage":"en-US","@id":"https:\/\/spainfilmcommission.com\/en\/blog\/recorre-espana-a-traves-de-las-adaptaciones-literarias-a-la-pantalla\/#primaryimage","url":"https:\/\/spainfilmcommission.com\/wp-content\/uploads\/2024\/11\/recorre-espana-a-traves-de-las-adaptaciones-literarias-a-la-pantalla-326.png","contentUrl":"https:\/\/spainfilmcommission.com\/wp-content\/uploads\/2024\/11\/recorre-espana-a-traves-de-las-adaptaciones-literarias-a-la-pantalla-326.png","width":350,"height":250},{"@type":"BreadcrumbList","@id":"https:\/\/spainfilmcommission.com\/en\/blog\/recorre-espana-a-traves-de-las-adaptaciones-literarias-a-la-pantalla\/#breadcrumb","itemListElement":[{"@type":"ListItem","position":1,"name":"Portada","item":"https:\/\/spainfilmcommission.com\/en\/"},{"@type":"ListItem","position":2,"name":"RECORRE ESPA\u00d1A A TRAV\u00c9S DE LAS ADAPTACIONES LITERARIAS A LA PANTALLA"}]},{"@type":"WebSite","@id":"https:\/\/spainfilmcommission.com\/en\/#website","url":"https:\/\/spainfilmcommission.com\/en\/","name":"Spain Film Commission","description":"","publisher":{"@id":"https:\/\/spainfilmcommission.com\/en\/#organization"},"potentialAction":[{"@type":"SearchAction","target":{"@type":"EntryPoint","urlTemplate":"https:\/\/spainfilmcommission.com\/en\/?s={search_term_string}"},"query-input":{"@type":"PropertyValueSpecification","valueRequired":true,"valueName":"search_term_string"}}],"inLanguage":"en-US"},{"@type":"Organization","@id":"https:\/\/spainfilmcommission.com\/en\/#organization","name":"Spain Film Commission","url":"https:\/\/spainfilmcommission.com\/en\/","logo":{"@type":"ImageObject","inLanguage":"en-US","@id":"https:\/\/spainfilmcommission.com\/en\/#\/schema\/logo\/image\/","url":"https:\/\/spainfilmcommission.com\/wp-content\/uploads\/2024\/07\/SPC_COLOR.png","contentUrl":"https:\/\/spainfilmcommission.com\/wp-content\/uploads\/2024\/07\/SPC_COLOR.png","width":1665,"height":1665,"caption":"Spain Film Commission"},"image":{"@id":"https:\/\/spainfilmcommission.com\/en\/#\/schema\/logo\/image\/"}},{"@type":"Person","@id":"https:\/\/spainfilmcommission.com\/en\/#\/schema\/person\/6c014ba6ceac198d178a6a9e61113c9d","name":"studio128k_dam","image":{"@type":"ImageObject","inLanguage":"en-US","@id":"https:\/\/secure.gravatar.com\/avatar\/810f99144a13522c24aa173f9cd8bf079d0e89758af00b5f2938443cd51b31e9?s=96&d=mm&r=g","url":"https:\/\/secure.gravatar.com\/avatar\/810f99144a13522c24aa173f9cd8bf079d0e89758af00b5f2938443cd51b31e9?s=96&d=mm&r=g","contentUrl":"https:\/\/secure.gravatar.com\/avatar\/810f99144a13522c24aa173f9cd8bf079d0e89758af00b5f2938443cd51b31e9?s=96&d=mm&r=g","caption":"studio128k_dam"}}]}},"_links":{"self":[{"href":"https:\/\/spainfilmcommission.com\/en\/wp-json\/wp\/v2\/posts\/8804","targetHints":{"allow":["GET"]}}],"collection":[{"href":"https:\/\/spainfilmcommission.com\/en\/wp-json\/wp\/v2\/posts"}],"about":[{"href":"https:\/\/spainfilmcommission.com\/en\/wp-json\/wp\/v2\/types\/post"}],"author":[{"embeddable":true,"href":"https:\/\/spainfilmcommission.com\/en\/wp-json\/wp\/v2\/users\/2"}],"replies":[{"embeddable":true,"href":"https:\/\/spainfilmcommission.com\/en\/wp-json\/wp\/v2\/comments?post=8804"}],"version-history":[{"count":0,"href":"https:\/\/spainfilmcommission.com\/en\/wp-json\/wp\/v2\/posts\/8804\/revisions"}],"wp:featuredmedia":[{"embeddable":true,"href":"https:\/\/spainfilmcommission.com\/en\/wp-json\/wp\/v2\/media\/8805"}],"wp:attachment":[{"href":"https:\/\/spainfilmcommission.com\/en\/wp-json\/wp\/v2\/media?parent=8804"}],"wp:term":[{"taxonomy":"category","embeddable":true,"href":"https:\/\/spainfilmcommission.com\/en\/wp-json\/wp\/v2\/categories?post=8804"},{"taxonomy":"post_tag","embeddable":true,"href":"https:\/\/spainfilmcommission.com\/en\/wp-json\/wp\/v2\/tags?post=8804"}],"curies":[{"name":"wp","href":"https:\/\/api.w.org\/{rel}","templated":true}]}}