{"id":8801,"date":"2023-03-30T00:00:00","date_gmt":"2023-03-29T22:00:00","guid":{"rendered":"https:\/\/sfc.com\/spain-film-commission-y-linkedin-suman-fuerzas-para-impulsar-el-talento-audiovisual-espanol\/"},"modified":"2025-06-12T14:07:57","modified_gmt":"2025-06-12T12:07:57","slug":"spain-film-commission-y-linkedin-suman-fuerzas-para-impulsar-el-talento-audiovisual-espanol","status":"publish","type":"post","link":"https:\/\/spainfilmcommission.com\/en\/blog\/spain-film-commission-y-linkedin-suman-fuerzas-para-impulsar-el-talento-audiovisual-espanol\/","title":{"rendered":"Spain Film Commission y Linkedin suman fuerzas para impulsar el talento audiovisual espa\u00f1ol"},"content":{"rendered":"<h2 style=\"text-align: center;\"><span style=\"font-family: 'lucida sans unicode', 'lucida grande', sans-serif; font-size: 13px;\">\u00a0<\/span><\/h2>\n<p style=\"text-align: center;\"><span style=\"font-family: 'lucida sans unicode', 'lucida grande', sans-serif;\">La asociaci\u00f3n espa\u00f1ola de Film Commissions y Linkedin han presentado un proyecto de colaboraci\u00f3n en el marco de la iniciativa\u00a0Spain Film &amp; TV Talent Network<\/span><\/p>\n<p style=\"text-align: justify;\"><span style=\"font-family: 'lucida sans unicode', 'lucida grande', sans-serif;\">Esta acci\u00f3n se inscribe en la iniciativa Spain Film Talent Network, uno de los cinco programas que gestiona Spain Film Commission dentro del Plan Espa\u00f1a Hub Audiovisual, componente 25 del Plan de Recuperaci\u00f3n, Transformaci\u00f3n y Resiliencia que dirige la Secretar\u00eda de Estado de Telecomunicaciones e Infraestructuras Digitales.<\/span><\/p>\n<p style=\"text-align: justify;\"><span style=\"font-family: 'lucida sans unicode', 'lucida grande', sans-serif;\">El plan Espa\u00f1a Hub Audiovisual tiene como objetivos convertir a Espa\u00f1a en polo de atracci\u00f3n de la producci\u00f3n audiovisual, reduciendo los costes administrativos y regulatorios; mejorar la competitividad de las empresas a trav\u00e9s de la aplicaci\u00f3n de nuevas tecnolog\u00edas que les permitan competir en un mercado digitalizado y generar talento reduciendo la brecha de g\u00e9nero.<\/span><\/p>\n<p>Spain Film Commission, a trav\u00e9s de esta iniciativa desea reunir al talento audiovisual espa\u00f1ol incluyendo a empresas y a profesionales de todos \u00e1mbitos del sector.<\/p>\n<p>En la presentaci\u00f3n han participado Luis Cueto, Vocal Asesor del Ministerio de Asuntos Econ\u00f3micos y Transformaci\u00f3n Digital; Carlos Rosado, Presidente de Spain Film Commission; \u00c1ngel S\u00e1enz de Cenzano; Director General de Linkedin para Espa\u00f1a y Portugal; y Elena Neira docente, investigadora y escritora.<\/p>\n<p>Spain Film &amp; TV Talent Network ser\u00e1 una red que reunir\u00e1 al talento audiovisual espa\u00f1ol incluyendo a empresas y a profesionales de todos \u00e1mbitos del sector y contribuir\u00e1 a su su visibilizaci\u00f3n, promoviendo la diversidad y la pluralidad.<\/p>\n<p>El proyecto est\u00e1 abierto a la colaboraci\u00f3n de otras redes, asociaciones y entidades del sector, con la ambici\u00f3n de detectar al talento espa\u00f1ol all\u00e1 donde se encuentre, en Espa\u00f1a o en cualquier lugar del mundo; en cualquier actividad dentro de la cadena de valor del audiovisual y en todos sus \u00e1mbitos: cine, series, entretenimiento, publicidad, animaci\u00f3n, videojuegos. Talento en lo privado y en lo p\u00fablico. En productoras, servicios de streaming, estudios, asociaciones, centros formativos o de investigaci\u00f3n. Trabajando en empresas o instituciones, o de forma aut\u00f3noma.<\/p>\n<p style=\"text-align: justify;\"><span style=\"font-family: 'lucida sans unicode', 'lucida grande', sans-serif;\">Linkedin\u00a0cuenta con mas\u00a0 900\u00a0millones de usuarios en todo el mundo, 58 millones de empresas registradas, 15 millones de usuarios en Espa\u00f1a, se ha convertido en la red profesional mas importante a nivel global.\u00a0El 40% de los usuarios de LinkedIn que utilizan la plataforma con frecuencia acceden a ella a diario, lo que supone m\u00e1s de 1.000 millones de interacciones al mes y gracias a la red, se contratan 6 personas por cada minuto.\u00a0<\/span><\/p>\n<p>Spain Film Commission desea continuar respaldando al talento audiovisual espa\u00f1ol, tanto delante como detr\u00e1s de las c\u00e1maras, en todo el territorio de nuestro pa\u00eds y en todo el mundo, ya que entiende que es uno de los factores cr\u00edticos que permitir\u00e1n reforzar la competitividad de Espa\u00f1a como Hub audiovisual.<\/p>\n<p>Spain Film Commission es una asociaci\u00f3n sin \u00e1nimo de lucro que, desde hace 20 a\u00f1os, lidera el posicionamiento del pa\u00eds como destino de rodajes audiovisuales, coordinando los esfuerzos de una red de 41 film commissions y film offices, oficinas p\u00fablicas de apoyo a la industria de los rodajes distribuidas por toda Espa\u00f1a.<\/p>\n<p style=\"text-align: justify;\"><span style=\"font-family: 'lucida sans unicode', 'lucida grande', sans-serif;\"><span style=\"font-size: 14px; background-color: transparent; color: #e10b13; font-weight: bold; vertical-align: baseline; white-space: pre-wrap;\">#SHOOTINGINSPAIN #RUEDAENESPA\u00d1A #WEMAKETHEMAGIC #SPAINAVSHUB<\/span><span style=\"font-size: 14px;\">\u00a0<\/span><\/span><\/p>\n<p style=\"margin: 20px 0px 10px; font-family: Arial, sans-serif; font-size: 12px; color: #e10b13; font-weight: 600; line-height: 1.1; text-transform: uppercase; text-align: justify;\">\n","protected":false},"excerpt":{"rendered":"<p>\u00a0 La asociaci\u00f3n espa\u00f1ola de Film Commissions y Linkedin han presentado un proyecto de colaboraci\u00f3n en el marco de la iniciativa\u00a0Spain Film &amp; TV Talent Network Esta acci\u00f3n se inscribe [&hellip;]<\/p>\n","protected":false},"author":2,"featured_media":8802,"comment_status":"closed","ping_status":"closed","sticky":false,"template":"","format":"standard","meta":{"footnotes":""},"categories":[38],"tags":[],"class_list":["post-8801","post","type-post","status-publish","format-standard","has-post-thumbnail","hentry","category-noticias"],"yoast_head":"<!-- This site is optimized with the Yoast SEO plugin v27.3 - https:\/\/yoast.com\/product\/yoast-seo-wordpress\/ -->\n<title>Spain Film Commission y Linkedin suman fuerzas para impulsar el talento audiovisual espa\u00f1ol - Spain Film Commission<\/title>\n<meta name=\"robots\" content=\"index, follow, max-snippet:-1, max-image-preview:large, max-video-preview:-1\" \/>\n<link rel=\"canonical\" href=\"https:\/\/spainfilmcommission.com\/en\/blog\/spain-film-commission-y-linkedin-suman-fuerzas-para-impulsar-el-talento-audiovisual-espanol\/\" \/>\n<meta property=\"og:locale\" content=\"en_US\" \/>\n<meta property=\"og:type\" content=\"article\" \/>\n<meta property=\"og:title\" content=\"Spain Film Commission y Linkedin suman fuerzas para impulsar el talento audiovisual espa\u00f1ol - Spain Film Commission\" \/>\n<meta property=\"og:description\" content=\"\u00a0 La asociaci\u00f3n espa\u00f1ola de Film Commissions y Linkedin han presentado un proyecto de colaboraci\u00f3n en el marco de la iniciativa\u00a0Spain Film &amp; TV Talent Network Esta acci\u00f3n se inscribe [&hellip;]\" \/>\n<meta property=\"og:url\" content=\"https:\/\/spainfilmcommission.com\/en\/blog\/spain-film-commission-y-linkedin-suman-fuerzas-para-impulsar-el-talento-audiovisual-espanol\/\" \/>\n<meta property=\"og:site_name\" content=\"Spain Film Commission\" \/>\n<meta property=\"article:published_time\" content=\"2023-03-29T22:00:00+00:00\" \/>\n<meta property=\"article:modified_time\" content=\"2025-06-12T12:07:57+00:00\" \/>\n<meta property=\"og:image\" content=\"https:\/\/spainfilmcommission.com\/wp-content\/uploads\/2024\/11\/spain-film-commission-y-linkedin-suman-fuerzas-para-impulsar-el-talento-audiovisual-espanol-325.jpg\" \/>\n\t<meta property=\"og:image:width\" content=\"1170\" \/>\n\t<meta property=\"og:image:height\" content=\"658\" \/>\n\t<meta property=\"og:image:type\" content=\"image\/jpeg\" \/>\n<meta name=\"author\" content=\"studio128k_dam\" \/>\n<meta name=\"twitter:card\" content=\"summary_large_image\" \/>\n<meta name=\"twitter:label1\" content=\"Written by\" \/>\n\t<meta name=\"twitter:data1\" content=\"studio128k_dam\" \/>\n\t<meta name=\"twitter:label2\" content=\"Est. reading time\" \/>\n\t<meta name=\"twitter:data2\" content=\"3 minutes\" \/>\n<script type=\"application\/ld+json\" class=\"yoast-schema-graph\">{\"@context\":\"https:\\\/\\\/schema.org\",\"@graph\":[{\"@type\":\"Article\",\"@id\":\"https:\\\/\\\/spainfilmcommission.com\\\/en\\\/blog\\\/spain-film-commission-y-linkedin-suman-fuerzas-para-impulsar-el-talento-audiovisual-espanol\\\/#article\",\"isPartOf\":{\"@id\":\"https:\\\/\\\/spainfilmcommission.com\\\/en\\\/blog\\\/spain-film-commission-y-linkedin-suman-fuerzas-para-impulsar-el-talento-audiovisual-espanol\\\/\"},\"author\":{\"name\":\"studio128k_dam\",\"@id\":\"https:\\\/\\\/spainfilmcommission.com\\\/en\\\/#\\\/schema\\\/person\\\/6c014ba6ceac198d178a6a9e61113c9d\"},\"headline\":\"Spain Film Commission y Linkedin suman fuerzas para impulsar el talento audiovisual espa\u00f1ol\",\"datePublished\":\"2023-03-29T22:00:00+00:00\",\"dateModified\":\"2025-06-12T12:07:57+00:00\",\"mainEntityOfPage\":{\"@id\":\"https:\\\/\\\/spainfilmcommission.com\\\/en\\\/blog\\\/spain-film-commission-y-linkedin-suman-fuerzas-para-impulsar-el-talento-audiovisual-espanol\\\/\"},\"wordCount\":554,\"publisher\":{\"@id\":\"https:\\\/\\\/spainfilmcommission.com\\\/en\\\/#organization\"},\"image\":{\"@id\":\"https:\\\/\\\/spainfilmcommission.com\\\/en\\\/blog\\\/spain-film-commission-y-linkedin-suman-fuerzas-para-impulsar-el-talento-audiovisual-espanol\\\/#primaryimage\"},\"thumbnailUrl\":\"https:\\\/\\\/spainfilmcommission.com\\\/wp-content\\\/uploads\\\/2024\\\/11\\\/spain-film-commission-y-linkedin-suman-fuerzas-para-impulsar-el-talento-audiovisual-espanol-325.jpg\",\"articleSection\":[\"Noticias\"],\"inLanguage\":\"en-US\"},{\"@type\":\"WebPage\",\"@id\":\"https:\\\/\\\/spainfilmcommission.com\\\/en\\\/blog\\\/spain-film-commission-y-linkedin-suman-fuerzas-para-impulsar-el-talento-audiovisual-espanol\\\/\",\"url\":\"https:\\\/\\\/spainfilmcommission.com\\\/en\\\/blog\\\/spain-film-commission-y-linkedin-suman-fuerzas-para-impulsar-el-talento-audiovisual-espanol\\\/\",\"name\":\"Spain Film Commission y Linkedin suman fuerzas para impulsar el talento audiovisual espa\u00f1ol - Spain Film Commission\",\"isPartOf\":{\"@id\":\"https:\\\/\\\/spainfilmcommission.com\\\/en\\\/#website\"},\"primaryImageOfPage\":{\"@id\":\"https:\\\/\\\/spainfilmcommission.com\\\/en\\\/blog\\\/spain-film-commission-y-linkedin-suman-fuerzas-para-impulsar-el-talento-audiovisual-espanol\\\/#primaryimage\"},\"image\":{\"@id\":\"https:\\\/\\\/spainfilmcommission.com\\\/en\\\/blog\\\/spain-film-commission-y-linkedin-suman-fuerzas-para-impulsar-el-talento-audiovisual-espanol\\\/#primaryimage\"},\"thumbnailUrl\":\"https:\\\/\\\/spainfilmcommission.com\\\/wp-content\\\/uploads\\\/2024\\\/11\\\/spain-film-commission-y-linkedin-suman-fuerzas-para-impulsar-el-talento-audiovisual-espanol-325.jpg\",\"datePublished\":\"2023-03-29T22:00:00+00:00\",\"dateModified\":\"2025-06-12T12:07:57+00:00\",\"breadcrumb\":{\"@id\":\"https:\\\/\\\/spainfilmcommission.com\\\/en\\\/blog\\\/spain-film-commission-y-linkedin-suman-fuerzas-para-impulsar-el-talento-audiovisual-espanol\\\/#breadcrumb\"},\"inLanguage\":\"en-US\",\"potentialAction\":[{\"@type\":\"ReadAction\",\"target\":[\"https:\\\/\\\/spainfilmcommission.com\\\/en\\\/blog\\\/spain-film-commission-y-linkedin-suman-fuerzas-para-impulsar-el-talento-audiovisual-espanol\\\/\"]}]},{\"@type\":\"ImageObject\",\"inLanguage\":\"en-US\",\"@id\":\"https:\\\/\\\/spainfilmcommission.com\\\/en\\\/blog\\\/spain-film-commission-y-linkedin-suman-fuerzas-para-impulsar-el-talento-audiovisual-espanol\\\/#primaryimage\",\"url\":\"https:\\\/\\\/spainfilmcommission.com\\\/wp-content\\\/uploads\\\/2024\\\/11\\\/spain-film-commission-y-linkedin-suman-fuerzas-para-impulsar-el-talento-audiovisual-espanol-325.jpg\",\"contentUrl\":\"https:\\\/\\\/spainfilmcommission.com\\\/wp-content\\\/uploads\\\/2024\\\/11\\\/spain-film-commission-y-linkedin-suman-fuerzas-para-impulsar-el-talento-audiovisual-espanol-325.jpg\",\"width\":1170,\"height\":658},{\"@type\":\"BreadcrumbList\",\"@id\":\"https:\\\/\\\/spainfilmcommission.com\\\/en\\\/blog\\\/spain-film-commission-y-linkedin-suman-fuerzas-para-impulsar-el-talento-audiovisual-espanol\\\/#breadcrumb\",\"itemListElement\":[{\"@type\":\"ListItem\",\"position\":1,\"name\":\"Portada\",\"item\":\"https:\\\/\\\/spainfilmcommission.com\\\/en\\\/\"},{\"@type\":\"ListItem\",\"position\":2,\"name\":\"Spain Film Commission y Linkedin suman fuerzas para impulsar el talento audiovisual espa\u00f1ol\"}]},{\"@type\":\"WebSite\",\"@id\":\"https:\\\/\\\/spainfilmcommission.com\\\/en\\\/#website\",\"url\":\"https:\\\/\\\/spainfilmcommission.com\\\/en\\\/\",\"name\":\"Spain Film Commission\",\"description\":\"\",\"publisher\":{\"@id\":\"https:\\\/\\\/spainfilmcommission.com\\\/en\\\/#organization\"},\"potentialAction\":[{\"@type\":\"SearchAction\",\"target\":{\"@type\":\"EntryPoint\",\"urlTemplate\":\"https:\\\/\\\/spainfilmcommission.com\\\/en\\\/?s={search_term_string}\"},\"query-input\":{\"@type\":\"PropertyValueSpecification\",\"valueRequired\":true,\"valueName\":\"search_term_string\"}}],\"inLanguage\":\"en-US\"},{\"@type\":\"Organization\",\"@id\":\"https:\\\/\\\/spainfilmcommission.com\\\/en\\\/#organization\",\"name\":\"Spain Film Commission\",\"url\":\"https:\\\/\\\/spainfilmcommission.com\\\/en\\\/\",\"logo\":{\"@type\":\"ImageObject\",\"inLanguage\":\"en-US\",\"@id\":\"https:\\\/\\\/spainfilmcommission.com\\\/en\\\/#\\\/schema\\\/logo\\\/image\\\/\",\"url\":\"https:\\\/\\\/spainfilmcommission.com\\\/wp-content\\\/uploads\\\/2024\\\/07\\\/SPC_COLOR.png\",\"contentUrl\":\"https:\\\/\\\/spainfilmcommission.com\\\/wp-content\\\/uploads\\\/2024\\\/07\\\/SPC_COLOR.png\",\"width\":1665,\"height\":1665,\"caption\":\"Spain Film Commission\"},\"image\":{\"@id\":\"https:\\\/\\\/spainfilmcommission.com\\\/en\\\/#\\\/schema\\\/logo\\\/image\\\/\"}},{\"@type\":\"Person\",\"@id\":\"https:\\\/\\\/spainfilmcommission.com\\\/en\\\/#\\\/schema\\\/person\\\/6c014ba6ceac198d178a6a9e61113c9d\",\"name\":\"studio128k_dam\",\"image\":{\"@type\":\"ImageObject\",\"inLanguage\":\"en-US\",\"@id\":\"https:\\\/\\\/secure.gravatar.com\\\/avatar\\\/810f99144a13522c24aa173f9cd8bf079d0e89758af00b5f2938443cd51b31e9?s=96&d=mm&r=g\",\"url\":\"https:\\\/\\\/secure.gravatar.com\\\/avatar\\\/810f99144a13522c24aa173f9cd8bf079d0e89758af00b5f2938443cd51b31e9?s=96&d=mm&r=g\",\"contentUrl\":\"https:\\\/\\\/secure.gravatar.com\\\/avatar\\\/810f99144a13522c24aa173f9cd8bf079d0e89758af00b5f2938443cd51b31e9?s=96&d=mm&r=g\",\"caption\":\"studio128k_dam\"}}]}<\/script>\n<!-- \/ Yoast SEO plugin. -->","yoast_head_json":{"title":"Spain Film Commission y Linkedin suman fuerzas para impulsar el talento audiovisual espa\u00f1ol - Spain Film Commission","robots":{"index":"index","follow":"follow","max-snippet":"max-snippet:-1","max-image-preview":"max-image-preview:large","max-video-preview":"max-video-preview:-1"},"canonical":"https:\/\/spainfilmcommission.com\/en\/blog\/spain-film-commission-y-linkedin-suman-fuerzas-para-impulsar-el-talento-audiovisual-espanol\/","og_locale":"en_US","og_type":"article","og_title":"Spain Film Commission y Linkedin suman fuerzas para impulsar el talento audiovisual espa\u00f1ol - Spain Film Commission","og_description":"\u00a0 La asociaci\u00f3n espa\u00f1ola de Film Commissions y Linkedin han presentado un proyecto de colaboraci\u00f3n en el marco de la iniciativa\u00a0Spain Film &amp; TV Talent Network Esta acci\u00f3n se inscribe [&hellip;]","og_url":"https:\/\/spainfilmcommission.com\/en\/blog\/spain-film-commission-y-linkedin-suman-fuerzas-para-impulsar-el-talento-audiovisual-espanol\/","og_site_name":"Spain Film Commission","article_published_time":"2023-03-29T22:00:00+00:00","article_modified_time":"2025-06-12T12:07:57+00:00","og_image":[{"width":1170,"height":658,"url":"https:\/\/spainfilmcommission.com\/wp-content\/uploads\/2024\/11\/spain-film-commission-y-linkedin-suman-fuerzas-para-impulsar-el-talento-audiovisual-espanol-325.jpg","type":"image\/jpeg"}],"author":"studio128k_dam","twitter_card":"summary_large_image","twitter_misc":{"Written by":"studio128k_dam","Est. reading time":"3 minutes"},"schema":{"@context":"https:\/\/schema.org","@graph":[{"@type":"Article","@id":"https:\/\/spainfilmcommission.com\/en\/blog\/spain-film-commission-y-linkedin-suman-fuerzas-para-impulsar-el-talento-audiovisual-espanol\/#article","isPartOf":{"@id":"https:\/\/spainfilmcommission.com\/en\/blog\/spain-film-commission-y-linkedin-suman-fuerzas-para-impulsar-el-talento-audiovisual-espanol\/"},"author":{"name":"studio128k_dam","@id":"https:\/\/spainfilmcommission.com\/en\/#\/schema\/person\/6c014ba6ceac198d178a6a9e61113c9d"},"headline":"Spain Film Commission y Linkedin suman fuerzas para impulsar el talento audiovisual espa\u00f1ol","datePublished":"2023-03-29T22:00:00+00:00","dateModified":"2025-06-12T12:07:57+00:00","mainEntityOfPage":{"@id":"https:\/\/spainfilmcommission.com\/en\/blog\/spain-film-commission-y-linkedin-suman-fuerzas-para-impulsar-el-talento-audiovisual-espanol\/"},"wordCount":554,"publisher":{"@id":"https:\/\/spainfilmcommission.com\/en\/#organization"},"image":{"@id":"https:\/\/spainfilmcommission.com\/en\/blog\/spain-film-commission-y-linkedin-suman-fuerzas-para-impulsar-el-talento-audiovisual-espanol\/#primaryimage"},"thumbnailUrl":"https:\/\/spainfilmcommission.com\/wp-content\/uploads\/2024\/11\/spain-film-commission-y-linkedin-suman-fuerzas-para-impulsar-el-talento-audiovisual-espanol-325.jpg","articleSection":["Noticias"],"inLanguage":"en-US"},{"@type":"WebPage","@id":"https:\/\/spainfilmcommission.com\/en\/blog\/spain-film-commission-y-linkedin-suman-fuerzas-para-impulsar-el-talento-audiovisual-espanol\/","url":"https:\/\/spainfilmcommission.com\/en\/blog\/spain-film-commission-y-linkedin-suman-fuerzas-para-impulsar-el-talento-audiovisual-espanol\/","name":"Spain Film Commission y Linkedin suman fuerzas para impulsar el talento audiovisual espa\u00f1ol - Spain Film Commission","isPartOf":{"@id":"https:\/\/spainfilmcommission.com\/en\/#website"},"primaryImageOfPage":{"@id":"https:\/\/spainfilmcommission.com\/en\/blog\/spain-film-commission-y-linkedin-suman-fuerzas-para-impulsar-el-talento-audiovisual-espanol\/#primaryimage"},"image":{"@id":"https:\/\/spainfilmcommission.com\/en\/blog\/spain-film-commission-y-linkedin-suman-fuerzas-para-impulsar-el-talento-audiovisual-espanol\/#primaryimage"},"thumbnailUrl":"https:\/\/spainfilmcommission.com\/wp-content\/uploads\/2024\/11\/spain-film-commission-y-linkedin-suman-fuerzas-para-impulsar-el-talento-audiovisual-espanol-325.jpg","datePublished":"2023-03-29T22:00:00+00:00","dateModified":"2025-06-12T12:07:57+00:00","breadcrumb":{"@id":"https:\/\/spainfilmcommission.com\/en\/blog\/spain-film-commission-y-linkedin-suman-fuerzas-para-impulsar-el-talento-audiovisual-espanol\/#breadcrumb"},"inLanguage":"en-US","potentialAction":[{"@type":"ReadAction","target":["https:\/\/spainfilmcommission.com\/en\/blog\/spain-film-commission-y-linkedin-suman-fuerzas-para-impulsar-el-talento-audiovisual-espanol\/"]}]},{"@type":"ImageObject","inLanguage":"en-US","@id":"https:\/\/spainfilmcommission.com\/en\/blog\/spain-film-commission-y-linkedin-suman-fuerzas-para-impulsar-el-talento-audiovisual-espanol\/#primaryimage","url":"https:\/\/spainfilmcommission.com\/wp-content\/uploads\/2024\/11\/spain-film-commission-y-linkedin-suman-fuerzas-para-impulsar-el-talento-audiovisual-espanol-325.jpg","contentUrl":"https:\/\/spainfilmcommission.com\/wp-content\/uploads\/2024\/11\/spain-film-commission-y-linkedin-suman-fuerzas-para-impulsar-el-talento-audiovisual-espanol-325.jpg","width":1170,"height":658},{"@type":"BreadcrumbList","@id":"https:\/\/spainfilmcommission.com\/en\/blog\/spain-film-commission-y-linkedin-suman-fuerzas-para-impulsar-el-talento-audiovisual-espanol\/#breadcrumb","itemListElement":[{"@type":"ListItem","position":1,"name":"Portada","item":"https:\/\/spainfilmcommission.com\/en\/"},{"@type":"ListItem","position":2,"name":"Spain Film Commission y Linkedin suman fuerzas para impulsar el talento audiovisual espa\u00f1ol"}]},{"@type":"WebSite","@id":"https:\/\/spainfilmcommission.com\/en\/#website","url":"https:\/\/spainfilmcommission.com\/en\/","name":"Spain Film Commission","description":"","publisher":{"@id":"https:\/\/spainfilmcommission.com\/en\/#organization"},"potentialAction":[{"@type":"SearchAction","target":{"@type":"EntryPoint","urlTemplate":"https:\/\/spainfilmcommission.com\/en\/?s={search_term_string}"},"query-input":{"@type":"PropertyValueSpecification","valueRequired":true,"valueName":"search_term_string"}}],"inLanguage":"en-US"},{"@type":"Organization","@id":"https:\/\/spainfilmcommission.com\/en\/#organization","name":"Spain Film Commission","url":"https:\/\/spainfilmcommission.com\/en\/","logo":{"@type":"ImageObject","inLanguage":"en-US","@id":"https:\/\/spainfilmcommission.com\/en\/#\/schema\/logo\/image\/","url":"https:\/\/spainfilmcommission.com\/wp-content\/uploads\/2024\/07\/SPC_COLOR.png","contentUrl":"https:\/\/spainfilmcommission.com\/wp-content\/uploads\/2024\/07\/SPC_COLOR.png","width":1665,"height":1665,"caption":"Spain Film Commission"},"image":{"@id":"https:\/\/spainfilmcommission.com\/en\/#\/schema\/logo\/image\/"}},{"@type":"Person","@id":"https:\/\/spainfilmcommission.com\/en\/#\/schema\/person\/6c014ba6ceac198d178a6a9e61113c9d","name":"studio128k_dam","image":{"@type":"ImageObject","inLanguage":"en-US","@id":"https:\/\/secure.gravatar.com\/avatar\/810f99144a13522c24aa173f9cd8bf079d0e89758af00b5f2938443cd51b31e9?s=96&d=mm&r=g","url":"https:\/\/secure.gravatar.com\/avatar\/810f99144a13522c24aa173f9cd8bf079d0e89758af00b5f2938443cd51b31e9?s=96&d=mm&r=g","contentUrl":"https:\/\/secure.gravatar.com\/avatar\/810f99144a13522c24aa173f9cd8bf079d0e89758af00b5f2938443cd51b31e9?s=96&d=mm&r=g","caption":"studio128k_dam"}}]}},"_links":{"self":[{"href":"https:\/\/spainfilmcommission.com\/en\/wp-json\/wp\/v2\/posts\/8801","targetHints":{"allow":["GET"]}}],"collection":[{"href":"https:\/\/spainfilmcommission.com\/en\/wp-json\/wp\/v2\/posts"}],"about":[{"href":"https:\/\/spainfilmcommission.com\/en\/wp-json\/wp\/v2\/types\/post"}],"author":[{"embeddable":true,"href":"https:\/\/spainfilmcommission.com\/en\/wp-json\/wp\/v2\/users\/2"}],"replies":[{"embeddable":true,"href":"https:\/\/spainfilmcommission.com\/en\/wp-json\/wp\/v2\/comments?post=8801"}],"version-history":[{"count":0,"href":"https:\/\/spainfilmcommission.com\/en\/wp-json\/wp\/v2\/posts\/8801\/revisions"}],"wp:featuredmedia":[{"embeddable":true,"href":"https:\/\/spainfilmcommission.com\/en\/wp-json\/wp\/v2\/media\/8802"}],"wp:attachment":[{"href":"https:\/\/spainfilmcommission.com\/en\/wp-json\/wp\/v2\/media?parent=8801"}],"wp:term":[{"taxonomy":"category","embeddable":true,"href":"https:\/\/spainfilmcommission.com\/en\/wp-json\/wp\/v2\/categories?post=8801"},{"taxonomy":"post_tag","embeddable":true,"href":"https:\/\/spainfilmcommission.com\/en\/wp-json\/wp\/v2\/tags?post=8801"}],"curies":[{"name":"wp","href":"https:\/\/api.w.org\/{rel}","templated":true}]}}