{"id":8795,"date":"2023-03-21T00:00:00","date_gmt":"2023-03-20T22:00:00","guid":{"rendered":"https:\/\/sfc.com\/spain-film-commission-presenta-en-australia-el-potencial-internacional-del-hub-audiovisual-espanol\/"},"modified":"2025-02-11T08:06:22","modified_gmt":"2025-02-11T07:06:22","slug":"spain-film-commission-presenta-en-australia-el-potencial-internacional-del-hub-audiovisual-espanol","status":"publish","type":"post","link":"https:\/\/spainfilmcommission.com\/en\/blog\/spain-film-commission-presenta-en-australia-el-potencial-internacional-del-hub-audiovisual-espanol\/","title":{"rendered":"Spain Film Commission presenta en Australia el potencial internacional del Hub Audiovisual Espa\u00f1ol"},"content":{"rendered":"<div dir=\"ltr\" style=\"color:rgb(85,85,85);\">\n<p style=\"color:rgb(85,85,85);font-family:'-apple-system', 'system-ui', 'Helvetica Neue', 'Segoe UI', Arial, sans-serif, 'Apple Color Emoji', 'Segoe UI Emoji', 'Segoe UI Symbol';text-align:justify;\"><span style=\"font-size:14px;\"><span style=\"background-color:transparent;font-family:Arial;vertical-align:baseline;white-space:pre-wrap;\">Promover una <\/span><span style=\"background-color:transparent;font-family:Arial;font-weight:700;vertical-align:baseline;white-space:pre-wrap;\">alianza estrat\u00e9gica<\/span><span style=\"background-color:transparent;font-family:Arial;vertical-align:baseline;white-space:pre-wrap;\"> entre <\/span><span style=\"background-color:transparent;font-family:Arial;font-weight:700;vertical-align:baseline;white-space:pre-wrap;\">\u00a0Espa\u00f1a y Australia<\/span><span style=\"background-color:transparent;font-family:Arial;vertical-align:baseline;white-space:pre-wrap;\">, incentivar las <\/span><span style=\"background-color:transparent;font-family:Arial;font-weight:700;vertical-align:baseline;white-space:pre-wrap;\">coproducciones entre ambos pa\u00edses<\/span><span style=\"background-color:transparent;font-family:Arial;vertical-align:baseline;white-space:pre-wrap;\"> y fijar un <\/span><span style=\"background-color:transparent;font-family:Arial;font-weight:700;vertical-align:baseline;white-space:pre-wrap;\">calendario conjunto de acciones <\/span><span style=\"background-color:transparent;font-family:Arial;vertical-align:baseline;white-space:pre-wrap;\">constituyen los objetivos prioritarios de la visita oficial del Presidente de Spain Film Commission, <\/span><span style=\"background-color:transparent;font-family:Arial;font-weight:700;vertical-align:baseline;white-space:pre-wrap;\">Carlos Rosado,<\/span><span style=\"background-color:transparent;font-family:Arial;vertical-align:baseline;white-space:pre-wrap;\"> a un continente, referente mundial de la industria audiovisual. <\/span><\/span><span style=\"color:rgb(85,85,85);font-size:14px;text-align:justify;background-color:transparent;font-family:Arial;vertical-align:baseline;white-space:pre-wrap;\">La primer meta de esta misi\u00f3n institucional ser\u00e1 la organizaci\u00f3n de un <\/span><span style=\"color:rgb(85,85,85);font-size:14px;text-align:justify;background-color:transparent;font-family:Arial;font-weight:700;vertical-align:baseline;white-space:pre-wrap;\">encuentro\u00a0Espa\u00f1a-Australia<\/span><span style=\"color:rgb(85,85,85);font-size:14px;text-align:justify;background-color:transparent;font-family:Arial;vertical-align:baseline;white-space:pre-wrap;\">, a celebrarse el pr\u00f3ximo mes de mayo en el <\/span><span style=\"color:rgb(85,85,85);font-size:14px;text-align:justify;background-color:transparent;font-family:Arial;font-weight:700;vertical-align:baseline;white-space:pre-wrap;\">Marche du Film del Festival de Cannes<\/span><span style=\"color:rgb(85,85,85);font-size:14px;text-align:justify;background-color:transparent;font-family:Arial;vertical-align:baseline;white-space:pre-wrap;\">, con participaci\u00f3n de instituciones de ambos pa\u00edses.<\/span><\/p>\n<p dir=\"ltr\" style=\"line-height:1.38;text-align:justify;margin-top:10pt;margin-bottom:10pt;\"><span style=\"font-size:14px;\"><span id=\"docs-internal-guid-50a9a6cf-7fff-aa9f-88e6-f7de1e8dbed2\"><span style=\"font-family:Arial;color:rgb(85,85,85);background-color:transparent;vertical-align:baseline;white-space:pre-wrap;\">El viaje institucional a Australia se enmarca en el Eje 1 del <\/span><span style=\"font-family:Arial;color:rgb(85,85,85);background-color:transparent;font-weight:700;vertical-align:baseline;white-space:pre-wrap;\">Plan de Impulso al Sector Audiovisual-Spain Audiovisual Hub<\/span><span style=\"font-family:Arial;color:rgb(85,85,85);background-color:transparent;vertical-align:baseline;white-space:pre-wrap;\">, centrado en fomentar la <\/span><span style=\"font-family:Arial;color:rgb(85,85,85);background-color:transparent;font-weight:700;vertical-align:baseline;white-space:pre-wrap;\">digitalizaci\u00f3n<\/span><span style=\"font-family:Arial;color:rgb(85,85,85);background-color:transparent;vertical-align:baseline;white-space:pre-wrap;\">, la <\/span><span style=\"font-family:Arial;color:rgb(85,85,85);background-color:transparent;font-weight:700;vertical-align:baseline;white-space:pre-wrap;\">promoci\u00f3n<\/span><span style=\"font-family:Arial;color:rgb(85,85,85);background-color:transparent;vertical-align:baseline;white-space:pre-wrap;\">, la <\/span><span style=\"font-family:Arial;color:rgb(85,85,85);background-color:transparent;font-weight:700;vertical-align:baseline;white-space:pre-wrap;\">internacionalizaci\u00f3n <\/span><span style=\"font-family:Arial;color:rgb(85,85,85);background-color:transparent;vertical-align:baseline;white-space:pre-wrap;\">y la <\/span><span style=\"font-family:Arial;color:rgb(85,85,85);background-color:transparent;font-weight:700;vertical-align:baseline;white-space:pre-wrap;\">atracci\u00f3n de inversiones <\/span><span style=\"font-family:Arial;color:rgb(85,85,85);background-color:transparent;vertical-align:baseline;white-space:pre-wrap;\">para la industria audiovisual espa\u00f1ola. Spain Film Commission lidera, en este \u00e1mbito, actuaciones concretas para potenciar la imagen de Espa\u00f1a como <\/span><span style=\"font-family:Arial;color:rgb(85,85,85);background-color:transparent;font-weight:700;vertical-align:baseline;white-space:pre-wrap;\">destino internacional de rodajes e inversiones del sector audiovisual<\/span><span style=\"font-family:Arial;color:rgb(85,85,85);background-color:transparent;vertical-align:baseline;white-space:pre-wrap;\">, en coordinaci\u00f3n con las instituciones competentes del Estado y su red territorial de socios, que representa a un total de <\/span><span style=\"font-family:Arial;color:rgb(85,85,85);background-color:transparent;font-weight:700;vertical-align:baseline;white-space:pre-wrap;\">41 Film Commissions y Film Offices<\/span><span style=\"font-family:Arial;color:rgb(85,85,85);background-color:transparent;vertical-align:baseline;white-space:pre-wrap;\"> con presencia en todo el pa\u00eds.\u00a0<\/span><\/span><\/span><\/p>\n<p style=\"color:rgb(85,85,85);font-family:'-apple-system', 'system-ui', 'Helvetica Neue', 'Segoe UI', Arial, sans-serif, 'Apple Color Emoji', 'Segoe UI Emoji', 'Segoe UI Symbol';text-align:justify;\"><span style=\"font-size:14px;\"><span style=\"font-family:Arial;background-color:transparent;font-weight:700;vertical-align:baseline;white-space:pre-wrap;\">Carlos Rosado<\/span><span style=\"font-family:Arial;background-color:transparent;vertical-align:baseline;white-space:pre-wrap;\"> ha destacado en todo los encuentros mantenidos <\/span><span style=\"font-family:Arial;background-color:transparent;font-style:italic;vertical-align:baseline;white-space:pre-wrap;\">&#8220;el papel de Spain Film Commission como <\/span><span style=\"font-family:Arial;background-color:transparent;font-weight:700;font-style:italic;vertical-align:baseline;white-space:pre-wrap;\">agente especializado en la promoci\u00f3n del audiovisual espa\u00f1ol<\/span><span style=\"font-family:Arial;background-color:transparent;font-style:italic;vertical-align:baseline;white-space:pre-wrap;\"> y en la atracci\u00f3n de rodajes, incluyendo el fomento de las coproducciones&#8221;. <\/span><span style=\"font-family:Arial;background-color:transparent;vertical-align:baseline;white-space:pre-wrap;\">En su opini\u00f3n,<\/span><span style=\"font-family:Arial;background-color:transparent;font-style:italic;vertical-align:baseline;white-space:pre-wrap;\"> &#8220;Espa\u00f1a debe analizar el modelo australiano y propiciar la transferencia de conocimiento, especialmente en lo que respecta a las nuevas<\/span><span style=\"font-family:Arial;background-color:transparent;font-weight:700;font-style:italic;vertical-align:baseline;white-space:pre-wrap;\"> opciones de rodajes virtuales<\/span><span style=\"font-family:Arial;background-color:transparent;font-style:italic;vertical-align:baseline;white-space:pre-wrap;\"> que van a transformar profundamente los m\u00e9todos de producci\u00f3n y de gesti\u00f3n de las localizaciones&#8221;.<\/span><\/span><\/p>\n<p>\u00a0<\/p>\n<h4><span style=\"font-size:16px;\"><strong style=\"color:rgb(225,11,19);font-family:'lucida sans unicode', 'lucida grande', sans-serif;font-size:14px;text-align:justify;text-transform:uppercase;\">AGENDA INSTITUCIONAL<\/strong><\/span><\/h4>\n<p dir=\"ltr\" style=\"line-height:1.44;text-align:justify;margin-top:4pt;margin-bottom:4pt;\"><span style=\"font-size:14px;\"><span id=\"docs-internal-guid-9ebe5fbe-7fff-5a20-f6a3-2368a98822d7\"><span style=\"font-family:Arial;color:rgb(85,85,85);background-color:transparent;vertical-align:baseline;white-space:pre-wrap;\">El presidente de Spain Film Commission se ha reunido con <\/span><span style=\"font-family:Arial;color:rgb(85,85,85);background-color:transparent;font-weight:700;vertical-align:baseline;white-space:pre-wrap;\">Belinda Burns <\/span><span style=\"font-family:Arial;color:rgb(85,85,85);background-color:transparent;vertical-align:baseline;white-space:pre-wrap;\">Chief Creative Officer de Screen Queensland y con <\/span><span style=\"font-family:Arial;color:rgb(85,85,85);background-color:transparent;font-weight:700;vertical-align:baseline;white-space:pre-wrap;\">Bel\u00e9n Figuerola, <\/span><span style=\"font-family:Arial;color:rgb(85,85,85);background-color:transparent;vertical-align:baseline;white-space:pre-wrap;\">\u00a0agregada comercial en Sydney. En esta misma ciudad ha celebrado una ronda de encuentros con los m\u00e1ximos responsables de <\/span><span style=\"font-family:Arial;color:rgb(85,85,85);background-color:transparent;font-weight:700;font-style:italic;vertical-align:baseline;white-space:pre-wrap;\">Screen Australia<\/span><span style=\"font-family:Arial;color:rgb(85,85,85);background-color:transparent;vertical-align:baseline;white-space:pre-wrap;\">, <\/span><span style=\"font-family:Arial;color:rgb(85,85,85);background-color:transparent;font-weight:700;vertical-align:baseline;white-space:pre-wrap;\">Graeme Mason<\/span><span style=\"font-family:Arial;color:rgb(85,85,85);background-color:transparent;vertical-align:baseline;white-space:pre-wrap;\">, CEO de este organismo; <\/span><span style=\"font-family:Arial;color:rgb(85,85,85);background-color:transparent;font-weight:700;vertical-align:baseline;white-space:pre-wrap;\">Michele McDonald<\/span><span style=\"font-family:Arial;color:rgb(85,85,85);background-color:transparent;vertical-align:baseline;white-space:pre-wrap;\">, Senior Manager Producer Officer &#038; Co-Production y<\/span><span style=\"font-family:Arial;color:rgb(85,85,85);background-color:transparent;font-weight:700;vertical-align:baseline;white-space:pre-wrap;\"> Grainne Brundson,\u00a0 <\/span><span style=\"font-family:Arial;color:rgb(85,85,85);background-color:transparent;vertical-align:baseline;white-space:pre-wrap;\">Head of Content. En <\/span><span style=\"font-family:Arial;color:rgb(85,85,85);background-color:transparent;font-weight:700;vertical-align:baseline;white-space:pre-wrap;\">Canberra, Carlos Rosado <\/span><span style=\"font-family:Arial;color:rgb(85,85,85);background-color:transparent;vertical-align:baseline;white-space:pre-wrap;\">se ha entrevistado con <\/span><span style=\"font-family:Arial;color:rgb(85,85,85);background-color:transparent;font-weight:700;vertical-align:baseline;white-space:pre-wrap;\">Montserrat Mom\u00e1n<\/span><span style=\"font-family:Arial;color:rgb(85,85,85);background-color:transparent;vertical-align:baseline;white-space:pre-wrap;\">, Consejera de Asuntos Culturales y Cient\u00edficos de la Embajada Espa\u00f1ola en Australia.\u00a0<\/span><\/span><\/span><\/p>\n<p dir=\"ltr\" style=\"line-height:1.44;text-align:justify;margin-top:4pt;margin-bottom:4pt;\"><span style=\"font-size:14px;\"><span style=\"font-family:Arial;color:rgb(85,85,85);background-color:transparent;vertical-align:baseline;white-space:pre-wrap;\">En <\/span><span style=\"font-family:Arial;color:rgb(85,85,85);background-color:transparent;font-weight:700;vertical-align:baseline;white-space:pre-wrap;\">Queensland<\/span><span style=\"font-family:Arial;color:rgb(85,85,85);background-color:transparent;vertical-align:baseline;white-space:pre-wrap;\"> el presidente de Spain Film Commission ha sido recibido por<\/span><span style=\"font-family:Arial;color:rgb(85,85,85);background-color:transparent;font-weight:700;vertical-align:baseline;white-space:pre-wrap;\"> Curtis Pitt MP, <\/span><span style=\"font-family:Arial;color:rgb(85,85,85);background-color:transparent;vertical-align:baseline;white-space:pre-wrap;\">speaker of the Legislative Assembly of Queensland (Presidente del Parlamento) y por <\/span><span style=\"font-family:Arial;color:rgb(85,85,85);background-color:transparent;font-weight:700;vertical-align:baseline;white-space:pre-wrap;\">Donna O\u2019Donahue<\/span><span style=\"font-family:Arial;color:rgb(85,85,85);background-color:transparent;vertical-align:baseline;white-space:pre-wrap;\">, directora de pol\u00edtica social y asesora para la industria cinematogr\u00e1fica de la Premier de Queensland,<\/span><span style=\"font-family:Arial;color:rgb(85,85,85);background-color:transparent;font-weight:700;vertical-align:baseline;white-space:pre-wrap;\"> Annastacia Palaszczuk.\u00a0<\/span><\/span><\/p>\n<p class=\"s5\" style=\"font-family:'-apple-system', BlinkMacSystemFont, 'Helvetica Neue', 'Segoe UI', Arial, sans-serif, 'Apple Color Emoji', 'Segoe UI Emoji', 'Segoe UI Symbol';margin:5px 0px;font-size:18px;color:rgb(85,85,85);line-height:1.2;text-align:justify;\"><span style=\"font-size:14px;\"><span style=\"font-family:Arial;background-color:transparent;vertical-align:baseline;white-space:pre-wrap;\">La \u00faltima parte de esta visita se centrar\u00e1 en <\/span><span style=\"font-family:Arial;background-color:transparent;font-weight:700;vertical-align:baseline;white-space:pre-wrap;\">encuentros con las asociaciones de productoras y <\/span><span style=\"font-family:Arial;background-color:transparent;vertical-align:baseline;white-space:pre-wrap;\">la visita a uno de los estudios audiovisuales m\u00e1s importantes del continente, <\/span><span style=\"font-family:Arial;background-color:transparent;font-weight:700;vertical-align:baseline;white-space:pre-wrap;\">The Village Roadshow Studios, <\/span><span style=\"font-family:Arial;background-color:transparent;vertical-align:baseline;white-space:pre-wrap;\">ubicados en<\/span><span style=\"font-family:Arial;background-color:transparent;font-weight:700;vertical-align:baseline;white-space:pre-wrap;\"> Gold Coast<\/span><span style=\"font-family:Arial;background-color:transparent;vertical-align:baseline;white-space:pre-wrap;\">, donde compartir\u00e1 una jornada de trabajo con su presidenta, <\/span><span style=\"font-family:Arial;background-color:transparent;font-weight:700;vertical-align:baseline;white-space:pre-wrap;\">Lynne Benzie<\/span><span style=\"font-family:Arial;background-color:transparent;vertical-align:baseline;white-space:pre-wrap;\"> y una delegaci\u00f3n de las asociaciones de productores. <\/span><\/span><\/p>\n<h3 dir=\"ltr\" style=\"line-height:1.32;font-family:Arial, sans-serif;text-align:justify;margin-top:15pt;margin-bottom:8pt;\"><span style=\"font-family:'lucida sans unicode', 'lucida grande', sans-serif;\"><span style=\"font-size:14px;\"><span style=\"color:rgb(225,11,19);background-color:transparent;font-weight:700;vertical-align:baseline;white-space:pre-wrap;\">#SHOOTINGINSPAIN #RUEDAENESPA\u00d1A #WEMAKETHEMAGIC #SPAINAVSHUB<\/span>\u00a0<\/span><\/span><\/h3>\n<div>\u00a0<\/div>\n<\/div>\n","protected":false},"excerpt":{"rendered":"<p>Promover una alianza estrat\u00e9gica entre \u00a0Espa\u00f1a y Australia, incentivar las coproducciones entre ambos pa\u00edses y fijar un calendario conjunto de acciones constituyen los objetivos prioritarios de la visita oficial del [&hellip;]<\/p>\n","protected":false},"author":2,"featured_media":8796,"comment_status":"closed","ping_status":"","sticky":false,"template":"","format":"standard","meta":{"footnotes":""},"categories":[38],"tags":[],"class_list":["post-8795","post","type-post","status-publish","format-standard","has-post-thumbnail","hentry","category-noticias"],"yoast_head":"<!-- This site is optimized with the Yoast SEO plugin v27.3 - https:\/\/yoast.com\/product\/yoast-seo-wordpress\/ -->\n<title>Spain Film Commission presenta en Australia el potencial internacional del Hub Audiovisual Espa\u00f1ol - Spain Film Commission<\/title>\n<meta name=\"robots\" content=\"index, follow, max-snippet:-1, max-image-preview:large, max-video-preview:-1\" \/>\n<link rel=\"canonical\" href=\"https:\/\/spainfilmcommission.com\/en\/blog\/spain-film-commission-presenta-en-australia-el-potencial-internacional-del-hub-audiovisual-espanol\/\" \/>\n<meta property=\"og:locale\" content=\"en_US\" \/>\n<meta property=\"og:type\" content=\"article\" \/>\n<meta property=\"og:title\" content=\"Spain Film Commission presenta en Australia el potencial internacional del Hub Audiovisual Espa\u00f1ol - Spain Film Commission\" \/>\n<meta property=\"og:description\" content=\"Promover una alianza estrat\u00e9gica entre \u00a0Espa\u00f1a y Australia, incentivar las coproducciones entre ambos pa\u00edses y fijar un calendario conjunto de acciones constituyen los objetivos prioritarios de la visita oficial del [&hellip;]\" \/>\n<meta property=\"og:url\" content=\"https:\/\/spainfilmcommission.com\/en\/blog\/spain-film-commission-presenta-en-australia-el-potencial-internacional-del-hub-audiovisual-espanol\/\" \/>\n<meta property=\"og:site_name\" content=\"Spain Film Commission\" \/>\n<meta property=\"article:published_time\" content=\"2023-03-20T22:00:00+00:00\" \/>\n<meta property=\"article:modified_time\" content=\"2025-02-11T07:06:22+00:00\" \/>\n<meta property=\"og:image\" content=\"https:\/\/spainfilmcommission.com\/wp-content\/uploads\/2024\/11\/spain-film-commission-spain-film-commission-presenta-en-australia-el-potencial-internacional-del-hub-audiovisual-espanol-323.jpeg\" \/>\n\t<meta property=\"og:image:width\" content=\"1170\" \/>\n\t<meta property=\"og:image:height\" content=\"877\" \/>\n\t<meta property=\"og:image:type\" content=\"image\/jpeg\" \/>\n<meta name=\"author\" content=\"studio128k_dam\" \/>\n<meta name=\"twitter:card\" content=\"summary_large_image\" \/>\n<meta name=\"twitter:label1\" content=\"Written by\" \/>\n\t<meta name=\"twitter:data1\" content=\"studio128k_dam\" \/>\n\t<meta name=\"twitter:label2\" content=\"Est. reading time\" \/>\n\t<meta name=\"twitter:data2\" content=\"2 minutes\" \/>\n<script type=\"application\/ld+json\" class=\"yoast-schema-graph\">{\"@context\":\"https:\\\/\\\/schema.org\",\"@graph\":[{\"@type\":\"Article\",\"@id\":\"https:\\\/\\\/spainfilmcommission.com\\\/en\\\/blog\\\/spain-film-commission-presenta-en-australia-el-potencial-internacional-del-hub-audiovisual-espanol\\\/#article\",\"isPartOf\":{\"@id\":\"https:\\\/\\\/spainfilmcommission.com\\\/en\\\/blog\\\/spain-film-commission-presenta-en-australia-el-potencial-internacional-del-hub-audiovisual-espanol\\\/\"},\"author\":{\"name\":\"studio128k_dam\",\"@id\":\"https:\\\/\\\/spainfilmcommission.com\\\/en\\\/#\\\/schema\\\/person\\\/6c014ba6ceac198d178a6a9e61113c9d\"},\"headline\":\"Spain Film Commission presenta en Australia el potencial internacional del Hub Audiovisual Espa\u00f1ol\",\"datePublished\":\"2023-03-20T22:00:00+00:00\",\"dateModified\":\"2025-02-11T07:06:22+00:00\",\"mainEntityOfPage\":{\"@id\":\"https:\\\/\\\/spainfilmcommission.com\\\/en\\\/blog\\\/spain-film-commission-presenta-en-australia-el-potencial-internacional-del-hub-audiovisual-espanol\\\/\"},\"wordCount\":496,\"publisher\":{\"@id\":\"https:\\\/\\\/spainfilmcommission.com\\\/en\\\/#organization\"},\"image\":{\"@id\":\"https:\\\/\\\/spainfilmcommission.com\\\/en\\\/blog\\\/spain-film-commission-presenta-en-australia-el-potencial-internacional-del-hub-audiovisual-espanol\\\/#primaryimage\"},\"thumbnailUrl\":\"https:\\\/\\\/spainfilmcommission.com\\\/wp-content\\\/uploads\\\/2024\\\/11\\\/spain-film-commission-spain-film-commission-presenta-en-australia-el-potencial-internacional-del-hub-audiovisual-espanol-323.jpeg\",\"articleSection\":[\"Noticias\"],\"inLanguage\":\"en-US\"},{\"@type\":\"WebPage\",\"@id\":\"https:\\\/\\\/spainfilmcommission.com\\\/en\\\/blog\\\/spain-film-commission-presenta-en-australia-el-potencial-internacional-del-hub-audiovisual-espanol\\\/\",\"url\":\"https:\\\/\\\/spainfilmcommission.com\\\/en\\\/blog\\\/spain-film-commission-presenta-en-australia-el-potencial-internacional-del-hub-audiovisual-espanol\\\/\",\"name\":\"Spain Film Commission presenta en Australia el potencial internacional del Hub Audiovisual Espa\u00f1ol - Spain Film Commission\",\"isPartOf\":{\"@id\":\"https:\\\/\\\/spainfilmcommission.com\\\/en\\\/#website\"},\"primaryImageOfPage\":{\"@id\":\"https:\\\/\\\/spainfilmcommission.com\\\/en\\\/blog\\\/spain-film-commission-presenta-en-australia-el-potencial-internacional-del-hub-audiovisual-espanol\\\/#primaryimage\"},\"image\":{\"@id\":\"https:\\\/\\\/spainfilmcommission.com\\\/en\\\/blog\\\/spain-film-commission-presenta-en-australia-el-potencial-internacional-del-hub-audiovisual-espanol\\\/#primaryimage\"},\"thumbnailUrl\":\"https:\\\/\\\/spainfilmcommission.com\\\/wp-content\\\/uploads\\\/2024\\\/11\\\/spain-film-commission-spain-film-commission-presenta-en-australia-el-potencial-internacional-del-hub-audiovisual-espanol-323.jpeg\",\"datePublished\":\"2023-03-20T22:00:00+00:00\",\"dateModified\":\"2025-02-11T07:06:22+00:00\",\"breadcrumb\":{\"@id\":\"https:\\\/\\\/spainfilmcommission.com\\\/en\\\/blog\\\/spain-film-commission-presenta-en-australia-el-potencial-internacional-del-hub-audiovisual-espanol\\\/#breadcrumb\"},\"inLanguage\":\"en-US\",\"potentialAction\":[{\"@type\":\"ReadAction\",\"target\":[\"https:\\\/\\\/spainfilmcommission.com\\\/en\\\/blog\\\/spain-film-commission-presenta-en-australia-el-potencial-internacional-del-hub-audiovisual-espanol\\\/\"]}]},{\"@type\":\"ImageObject\",\"inLanguage\":\"en-US\",\"@id\":\"https:\\\/\\\/spainfilmcommission.com\\\/en\\\/blog\\\/spain-film-commission-presenta-en-australia-el-potencial-internacional-del-hub-audiovisual-espanol\\\/#primaryimage\",\"url\":\"https:\\\/\\\/spainfilmcommission.com\\\/wp-content\\\/uploads\\\/2024\\\/11\\\/spain-film-commission-spain-film-commission-presenta-en-australia-el-potencial-internacional-del-hub-audiovisual-espanol-323.jpeg\",\"contentUrl\":\"https:\\\/\\\/spainfilmcommission.com\\\/wp-content\\\/uploads\\\/2024\\\/11\\\/spain-film-commission-spain-film-commission-presenta-en-australia-el-potencial-internacional-del-hub-audiovisual-espanol-323.jpeg\",\"width\":1170,\"height\":877},{\"@type\":\"BreadcrumbList\",\"@id\":\"https:\\\/\\\/spainfilmcommission.com\\\/en\\\/blog\\\/spain-film-commission-presenta-en-australia-el-potencial-internacional-del-hub-audiovisual-espanol\\\/#breadcrumb\",\"itemListElement\":[{\"@type\":\"ListItem\",\"position\":1,\"name\":\"Portada\",\"item\":\"https:\\\/\\\/spainfilmcommission.com\\\/en\\\/\"},{\"@type\":\"ListItem\",\"position\":2,\"name\":\"Spain Film Commission presenta en Australia el potencial internacional del Hub Audiovisual Espa\u00f1ol\"}]},{\"@type\":\"WebSite\",\"@id\":\"https:\\\/\\\/spainfilmcommission.com\\\/en\\\/#website\",\"url\":\"https:\\\/\\\/spainfilmcommission.com\\\/en\\\/\",\"name\":\"Spain Film Commission\",\"description\":\"\",\"publisher\":{\"@id\":\"https:\\\/\\\/spainfilmcommission.com\\\/en\\\/#organization\"},\"potentialAction\":[{\"@type\":\"SearchAction\",\"target\":{\"@type\":\"EntryPoint\",\"urlTemplate\":\"https:\\\/\\\/spainfilmcommission.com\\\/en\\\/?s={search_term_string}\"},\"query-input\":{\"@type\":\"PropertyValueSpecification\",\"valueRequired\":true,\"valueName\":\"search_term_string\"}}],\"inLanguage\":\"en-US\"},{\"@type\":\"Organization\",\"@id\":\"https:\\\/\\\/spainfilmcommission.com\\\/en\\\/#organization\",\"name\":\"Spain Film Commission\",\"url\":\"https:\\\/\\\/spainfilmcommission.com\\\/en\\\/\",\"logo\":{\"@type\":\"ImageObject\",\"inLanguage\":\"en-US\",\"@id\":\"https:\\\/\\\/spainfilmcommission.com\\\/en\\\/#\\\/schema\\\/logo\\\/image\\\/\",\"url\":\"https:\\\/\\\/spainfilmcommission.com\\\/wp-content\\\/uploads\\\/2024\\\/07\\\/SPC_COLOR.png\",\"contentUrl\":\"https:\\\/\\\/spainfilmcommission.com\\\/wp-content\\\/uploads\\\/2024\\\/07\\\/SPC_COLOR.png\",\"width\":1665,\"height\":1665,\"caption\":\"Spain Film Commission\"},\"image\":{\"@id\":\"https:\\\/\\\/spainfilmcommission.com\\\/en\\\/#\\\/schema\\\/logo\\\/image\\\/\"}},{\"@type\":\"Person\",\"@id\":\"https:\\\/\\\/spainfilmcommission.com\\\/en\\\/#\\\/schema\\\/person\\\/6c014ba6ceac198d178a6a9e61113c9d\",\"name\":\"studio128k_dam\",\"image\":{\"@type\":\"ImageObject\",\"inLanguage\":\"en-US\",\"@id\":\"https:\\\/\\\/secure.gravatar.com\\\/avatar\\\/810f99144a13522c24aa173f9cd8bf079d0e89758af00b5f2938443cd51b31e9?s=96&d=mm&r=g\",\"url\":\"https:\\\/\\\/secure.gravatar.com\\\/avatar\\\/810f99144a13522c24aa173f9cd8bf079d0e89758af00b5f2938443cd51b31e9?s=96&d=mm&r=g\",\"contentUrl\":\"https:\\\/\\\/secure.gravatar.com\\\/avatar\\\/810f99144a13522c24aa173f9cd8bf079d0e89758af00b5f2938443cd51b31e9?s=96&d=mm&r=g\",\"caption\":\"studio128k_dam\"}}]}<\/script>\n<!-- \/ Yoast SEO plugin. -->","yoast_head_json":{"title":"Spain Film Commission presenta en Australia el potencial internacional del Hub Audiovisual Espa\u00f1ol - Spain Film Commission","robots":{"index":"index","follow":"follow","max-snippet":"max-snippet:-1","max-image-preview":"max-image-preview:large","max-video-preview":"max-video-preview:-1"},"canonical":"https:\/\/spainfilmcommission.com\/en\/blog\/spain-film-commission-presenta-en-australia-el-potencial-internacional-del-hub-audiovisual-espanol\/","og_locale":"en_US","og_type":"article","og_title":"Spain Film Commission presenta en Australia el potencial internacional del Hub Audiovisual Espa\u00f1ol - Spain Film Commission","og_description":"Promover una alianza estrat\u00e9gica entre \u00a0Espa\u00f1a y Australia, incentivar las coproducciones entre ambos pa\u00edses y fijar un calendario conjunto de acciones constituyen los objetivos prioritarios de la visita oficial del [&hellip;]","og_url":"https:\/\/spainfilmcommission.com\/en\/blog\/spain-film-commission-presenta-en-australia-el-potencial-internacional-del-hub-audiovisual-espanol\/","og_site_name":"Spain Film Commission","article_published_time":"2023-03-20T22:00:00+00:00","article_modified_time":"2025-02-11T07:06:22+00:00","og_image":[{"width":1170,"height":877,"url":"https:\/\/spainfilmcommission.com\/wp-content\/uploads\/2024\/11\/spain-film-commission-spain-film-commission-presenta-en-australia-el-potencial-internacional-del-hub-audiovisual-espanol-323.jpeg","type":"image\/jpeg"}],"author":"studio128k_dam","twitter_card":"summary_large_image","twitter_misc":{"Written by":"studio128k_dam","Est. reading time":"2 minutes"},"schema":{"@context":"https:\/\/schema.org","@graph":[{"@type":"Article","@id":"https:\/\/spainfilmcommission.com\/en\/blog\/spain-film-commission-presenta-en-australia-el-potencial-internacional-del-hub-audiovisual-espanol\/#article","isPartOf":{"@id":"https:\/\/spainfilmcommission.com\/en\/blog\/spain-film-commission-presenta-en-australia-el-potencial-internacional-del-hub-audiovisual-espanol\/"},"author":{"name":"studio128k_dam","@id":"https:\/\/spainfilmcommission.com\/en\/#\/schema\/person\/6c014ba6ceac198d178a6a9e61113c9d"},"headline":"Spain Film Commission presenta en Australia el potencial internacional del Hub Audiovisual Espa\u00f1ol","datePublished":"2023-03-20T22:00:00+00:00","dateModified":"2025-02-11T07:06:22+00:00","mainEntityOfPage":{"@id":"https:\/\/spainfilmcommission.com\/en\/blog\/spain-film-commission-presenta-en-australia-el-potencial-internacional-del-hub-audiovisual-espanol\/"},"wordCount":496,"publisher":{"@id":"https:\/\/spainfilmcommission.com\/en\/#organization"},"image":{"@id":"https:\/\/spainfilmcommission.com\/en\/blog\/spain-film-commission-presenta-en-australia-el-potencial-internacional-del-hub-audiovisual-espanol\/#primaryimage"},"thumbnailUrl":"https:\/\/spainfilmcommission.com\/wp-content\/uploads\/2024\/11\/spain-film-commission-spain-film-commission-presenta-en-australia-el-potencial-internacional-del-hub-audiovisual-espanol-323.jpeg","articleSection":["Noticias"],"inLanguage":"en-US"},{"@type":"WebPage","@id":"https:\/\/spainfilmcommission.com\/en\/blog\/spain-film-commission-presenta-en-australia-el-potencial-internacional-del-hub-audiovisual-espanol\/","url":"https:\/\/spainfilmcommission.com\/en\/blog\/spain-film-commission-presenta-en-australia-el-potencial-internacional-del-hub-audiovisual-espanol\/","name":"Spain Film Commission presenta en Australia el potencial internacional del Hub Audiovisual Espa\u00f1ol - Spain Film Commission","isPartOf":{"@id":"https:\/\/spainfilmcommission.com\/en\/#website"},"primaryImageOfPage":{"@id":"https:\/\/spainfilmcommission.com\/en\/blog\/spain-film-commission-presenta-en-australia-el-potencial-internacional-del-hub-audiovisual-espanol\/#primaryimage"},"image":{"@id":"https:\/\/spainfilmcommission.com\/en\/blog\/spain-film-commission-presenta-en-australia-el-potencial-internacional-del-hub-audiovisual-espanol\/#primaryimage"},"thumbnailUrl":"https:\/\/spainfilmcommission.com\/wp-content\/uploads\/2024\/11\/spain-film-commission-spain-film-commission-presenta-en-australia-el-potencial-internacional-del-hub-audiovisual-espanol-323.jpeg","datePublished":"2023-03-20T22:00:00+00:00","dateModified":"2025-02-11T07:06:22+00:00","breadcrumb":{"@id":"https:\/\/spainfilmcommission.com\/en\/blog\/spain-film-commission-presenta-en-australia-el-potencial-internacional-del-hub-audiovisual-espanol\/#breadcrumb"},"inLanguage":"en-US","potentialAction":[{"@type":"ReadAction","target":["https:\/\/spainfilmcommission.com\/en\/blog\/spain-film-commission-presenta-en-australia-el-potencial-internacional-del-hub-audiovisual-espanol\/"]}]},{"@type":"ImageObject","inLanguage":"en-US","@id":"https:\/\/spainfilmcommission.com\/en\/blog\/spain-film-commission-presenta-en-australia-el-potencial-internacional-del-hub-audiovisual-espanol\/#primaryimage","url":"https:\/\/spainfilmcommission.com\/wp-content\/uploads\/2024\/11\/spain-film-commission-spain-film-commission-presenta-en-australia-el-potencial-internacional-del-hub-audiovisual-espanol-323.jpeg","contentUrl":"https:\/\/spainfilmcommission.com\/wp-content\/uploads\/2024\/11\/spain-film-commission-spain-film-commission-presenta-en-australia-el-potencial-internacional-del-hub-audiovisual-espanol-323.jpeg","width":1170,"height":877},{"@type":"BreadcrumbList","@id":"https:\/\/spainfilmcommission.com\/en\/blog\/spain-film-commission-presenta-en-australia-el-potencial-internacional-del-hub-audiovisual-espanol\/#breadcrumb","itemListElement":[{"@type":"ListItem","position":1,"name":"Portada","item":"https:\/\/spainfilmcommission.com\/en\/"},{"@type":"ListItem","position":2,"name":"Spain Film Commission presenta en Australia el potencial internacional del Hub Audiovisual Espa\u00f1ol"}]},{"@type":"WebSite","@id":"https:\/\/spainfilmcommission.com\/en\/#website","url":"https:\/\/spainfilmcommission.com\/en\/","name":"Spain Film Commission","description":"","publisher":{"@id":"https:\/\/spainfilmcommission.com\/en\/#organization"},"potentialAction":[{"@type":"SearchAction","target":{"@type":"EntryPoint","urlTemplate":"https:\/\/spainfilmcommission.com\/en\/?s={search_term_string}"},"query-input":{"@type":"PropertyValueSpecification","valueRequired":true,"valueName":"search_term_string"}}],"inLanguage":"en-US"},{"@type":"Organization","@id":"https:\/\/spainfilmcommission.com\/en\/#organization","name":"Spain Film Commission","url":"https:\/\/spainfilmcommission.com\/en\/","logo":{"@type":"ImageObject","inLanguage":"en-US","@id":"https:\/\/spainfilmcommission.com\/en\/#\/schema\/logo\/image\/","url":"https:\/\/spainfilmcommission.com\/wp-content\/uploads\/2024\/07\/SPC_COLOR.png","contentUrl":"https:\/\/spainfilmcommission.com\/wp-content\/uploads\/2024\/07\/SPC_COLOR.png","width":1665,"height":1665,"caption":"Spain Film Commission"},"image":{"@id":"https:\/\/spainfilmcommission.com\/en\/#\/schema\/logo\/image\/"}},{"@type":"Person","@id":"https:\/\/spainfilmcommission.com\/en\/#\/schema\/person\/6c014ba6ceac198d178a6a9e61113c9d","name":"studio128k_dam","image":{"@type":"ImageObject","inLanguage":"en-US","@id":"https:\/\/secure.gravatar.com\/avatar\/810f99144a13522c24aa173f9cd8bf079d0e89758af00b5f2938443cd51b31e9?s=96&d=mm&r=g","url":"https:\/\/secure.gravatar.com\/avatar\/810f99144a13522c24aa173f9cd8bf079d0e89758af00b5f2938443cd51b31e9?s=96&d=mm&r=g","contentUrl":"https:\/\/secure.gravatar.com\/avatar\/810f99144a13522c24aa173f9cd8bf079d0e89758af00b5f2938443cd51b31e9?s=96&d=mm&r=g","caption":"studio128k_dam"}}]}},"_links":{"self":[{"href":"https:\/\/spainfilmcommission.com\/en\/wp-json\/wp\/v2\/posts\/8795","targetHints":{"allow":["GET"]}}],"collection":[{"href":"https:\/\/spainfilmcommission.com\/en\/wp-json\/wp\/v2\/posts"}],"about":[{"href":"https:\/\/spainfilmcommission.com\/en\/wp-json\/wp\/v2\/types\/post"}],"author":[{"embeddable":true,"href":"https:\/\/spainfilmcommission.com\/en\/wp-json\/wp\/v2\/users\/2"}],"replies":[{"embeddable":true,"href":"https:\/\/spainfilmcommission.com\/en\/wp-json\/wp\/v2\/comments?post=8795"}],"version-history":[{"count":0,"href":"https:\/\/spainfilmcommission.com\/en\/wp-json\/wp\/v2\/posts\/8795\/revisions"}],"wp:featuredmedia":[{"embeddable":true,"href":"https:\/\/spainfilmcommission.com\/en\/wp-json\/wp\/v2\/media\/8796"}],"wp:attachment":[{"href":"https:\/\/spainfilmcommission.com\/en\/wp-json\/wp\/v2\/media?parent=8795"}],"wp:term":[{"taxonomy":"category","embeddable":true,"href":"https:\/\/spainfilmcommission.com\/en\/wp-json\/wp\/v2\/categories?post=8795"},{"taxonomy":"post_tag","embeddable":true,"href":"https:\/\/spainfilmcommission.com\/en\/wp-json\/wp\/v2\/tags?post=8795"}],"curies":[{"name":"wp","href":"https:\/\/api.w.org\/{rel}","templated":true}]}}