{"id":8792,"date":"2023-03-20T00:00:00","date_gmt":"2023-03-19T22:00:00","guid":{"rendered":"https:\/\/sfc.com\/balance-positivo-de-la-participacion-de-la-entidad-en-la-edicion-26-del-festival-de-malaga\/"},"modified":"2025-02-11T08:06:22","modified_gmt":"2025-02-11T07:06:22","slug":"balance-positivo-de-la-participacion-de-la-entidad-en-la-edicion-26-del-festival-de-malaga","status":"publish","type":"post","link":"https:\/\/spainfilmcommission.com\/en\/blog\/balance-positivo-de-la-participacion-de-la-entidad-en-la-edicion-26-del-festival-de-malaga\/","title":{"rendered":"Balance positivo de la participaci\u00f3n de la entidad en la edici\u00f3n 26 del Festival de M\u00e1laga"},"content":{"rendered":"<p style=\"text-align:justify;\"><span style=\"font-size:14px;\"><span style=\"font-family:arial, helvetica, sans-serif;\"><span style=\"color:rgb(0,0,0);\">Junto a 22 socios miembros de la red, Spain Film Commission estuvo presente en el Festival, la semana del 13 al 17 de marzo, con un programa de actividades que incluyeron reuniones, mesas redondas y acciones de difusi\u00f3n de las ventajas de rodar en territorio espa\u00f1ol.\u00a0<\/span><\/span><\/span><\/p>\n<p class=\"p1\" style=\"font-size:12px;line-height:normal;font-family:'Helvetica Neue';margin:0px;color:rgb(0,0,0);text-align:justify;\"><span style=\"font-size:14px;\"><span style=\"font-family:arial, helvetica, sans-serif;\">El martes 15\u00a0en el Auditorio del\u00a0Museo\u00a0Picasso, se llevaron a cabo dos mesas redondas, abordando tem\u00e1ticas claves para el sector: Incentivos fiscales y Sostenibilidad.<\/span><\/span><\/p>\n<p class=\"p2\" style=\"font-size:12px;line-height:normal;font-family:'Helvetica Neue';margin:0px;color:rgb(0,0,0);text-align:justify;\">\u00a0<\/p>\n<p class=\"p1\" style=\"font-size:12px;line-height:normal;font-family:'Helvetica Neue';margin:0px;color:rgb(0,0,0);text-align:justify;\"><span style=\"font-size:14px;\"><span style=\"font-family:arial, helvetica, sans-serif;\">En primera de las mesas, representantes <strong>Bilbao Bizkaia Film Commission<\/strong>, <strong>Vitoria- Gasteiz Film Office<\/strong>, <strong>Navarra Film Commission<\/strong> y <strong>Canary Islands Films<\/strong>, presentaron las novedades en las ventajas fiscales de r\u00e9gimen propio en sus territorios.<\/span><\/span><\/p>\n<p class=\"p2\" style=\"font-size:12px;line-height:normal;font-family:'Helvetica Neue';margin:0px;color:rgb(0,0,0);text-align:justify;\">\u00a0<\/p>\n<p class=\"p1\" style=\"font-size:12px;line-height:normal;font-family:'Helvetica Neue';margin:0px;color:rgb(0,0,0);text-align:justify;\"><span style=\"font-size:14px;\"><span style=\"font-family:arial, helvetica, sans-serif;\">Seguidamente se llev\u00f3 a cabo la presentaci\u00f3n del informe\u00a0<b>&#8220;Situaci\u00f3n actual de las iniciativas de sostenibilidad en el sector audiovisual en Espa\u00f1a y Europa&#8221;, <\/b>desarrollado<b> <\/b>por\u00a0<strong>Spain Film Commission, RedCAU <\/strong>y <strong>CENER<\/strong>, con el fin de identificar las iniciativas, las mejores pr\u00e1cticas y las \u00e1reas donde hay m\u00e1s oportunidades de mejora en el \u00e1mbito de la sostenibilidad. El estudio ha sido liderado por Spain Film Commission en el marco del proyecto Spain Film Friendly Land.<\/span><\/span><\/p>\n<p class=\"p2\" style=\"font-size:12px;line-height:normal;font-family:'Helvetica Neue';margin:0px;color:rgb(0,0,0);text-align:justify;\">\u00a0<\/p>\n<p class=\"p1\" style=\"font-size:12px;line-height:normal;font-family:'Helvetica Neue';margin:0px;color:rgb(0,0,0);text-align:justify;\"><span style=\"font-size:14px;\"><span style=\"font-family:arial, helvetica, sans-serif;\">En esta ponencia han participado,\u00a0<b>Luis Cueto, <\/b>Vocal asesor de la Secretar\u00eda de Estado de Telecomunicaciones e Infraestructuras Digitales,<b> Teresa Azcona, <\/b>directora general de Spain Film Commission,\u00a0<b>Rosa Garc\u00eda, <\/b>Presidente de RedCAU,\u00a0<b>Florencio Manteca, <\/b>Director Energy Transition de Centro Nacional de Energ\u00edas Renovables <b>y Mar\u00eda Soler,<\/b> Assistant Producer &#038; ECOManager de Morena Films<b>.<\/b><\/span><\/span><\/p>\n<p class=\"p2\" style=\"font-size:12px;line-height:normal;font-family:'Helvetica Neue';margin:0px;color:rgb(0,0,0);text-align:justify;\">\u00a0<\/p>\n<p class=\"p1\" style=\"font-size:12px;line-height:normal;font-family:'Helvetica Neue';margin:0px;color:rgb(0,0,0);text-align:justify;\"><span style=\"font-size:14px;\"><span style=\"font-family:arial, helvetica, sans-serif;\">Ambas mesas fueron transmitidas v\u00eda streaming\u00a0y <a href=\"http:\/\/www.shootinginspain.info\/es\/mesasredondas-sfc\" target=\"_blank\">pueden visionarse aqui.<\/a><\/span><\/span><\/p>\n","protected":false},"excerpt":{"rendered":"<p>Junto a 22 socios miembros de la red, Spain Film Commission estuvo presente en el Festival, la semana del 13 al 17 de marzo, con un programa de actividades que [&hellip;]<\/p>\n","protected":false},"author":2,"featured_media":8793,"comment_status":"closed","ping_status":"","sticky":false,"template":"","format":"standard","meta":{"footnotes":""},"categories":[38],"tags":[],"class_list":["post-8792","post","type-post","status-publish","format-standard","has-post-thumbnail","hentry","category-noticias"],"yoast_head":"<!-- This site is optimized with the Yoast SEO plugin v27.3 - https:\/\/yoast.com\/product\/yoast-seo-wordpress\/ -->\n<title>Balance positivo de la participaci\u00f3n de la entidad en la edici\u00f3n 26 del Festival de M\u00e1laga - Spain Film Commission<\/title>\n<meta name=\"robots\" content=\"index, follow, max-snippet:-1, max-image-preview:large, max-video-preview:-1\" \/>\n<link rel=\"canonical\" href=\"https:\/\/spainfilmcommission.com\/en\/blog\/balance-positivo-de-la-participacion-de-la-entidad-en-la-edicion-26-del-festival-de-malaga\/\" \/>\n<meta property=\"og:locale\" content=\"en_US\" \/>\n<meta property=\"og:type\" content=\"article\" \/>\n<meta property=\"og:title\" content=\"Balance positivo de la participaci\u00f3n de la entidad en la edici\u00f3n 26 del Festival de M\u00e1laga - Spain Film Commission\" \/>\n<meta property=\"og:description\" content=\"Junto a 22 socios miembros de la red, Spain Film Commission estuvo presente en el Festival, la semana del 13 al 17 de marzo, con un programa de actividades que [&hellip;]\" \/>\n<meta property=\"og:url\" content=\"https:\/\/spainfilmcommission.com\/en\/blog\/balance-positivo-de-la-participacion-de-la-entidad-en-la-edicion-26-del-festival-de-malaga\/\" \/>\n<meta property=\"og:site_name\" content=\"Spain Film Commission\" \/>\n<meta property=\"article:published_time\" content=\"2023-03-19T22:00:00+00:00\" \/>\n<meta property=\"article:modified_time\" content=\"2025-02-11T07:06:22+00:00\" \/>\n<meta property=\"og:image\" content=\"https:\/\/spainfilmcommission.com\/wp-content\/uploads\/2024\/11\/balance-positivo-de-la-participacion-de-la-entidad-en-la-edicion-26-del-festival-de-malaga-322.jpeg\" \/>\n\t<meta property=\"og:image:width\" content=\"1170\" \/>\n\t<meta property=\"og:image:height\" content=\"877\" \/>\n\t<meta property=\"og:image:type\" content=\"image\/jpeg\" \/>\n<meta name=\"author\" content=\"studio128k_dam\" \/>\n<meta name=\"twitter:card\" content=\"summary_large_image\" \/>\n<meta name=\"twitter:label1\" content=\"Written by\" \/>\n\t<meta name=\"twitter:data1\" content=\"studio128k_dam\" \/>\n\t<meta name=\"twitter:label2\" content=\"Est. reading time\" \/>\n\t<meta name=\"twitter:data2\" content=\"1 minute\" \/>\n<script type=\"application\/ld+json\" class=\"yoast-schema-graph\">{\"@context\":\"https:\\\/\\\/schema.org\",\"@graph\":[{\"@type\":\"Article\",\"@id\":\"https:\\\/\\\/spainfilmcommission.com\\\/en\\\/blog\\\/balance-positivo-de-la-participacion-de-la-entidad-en-la-edicion-26-del-festival-de-malaga\\\/#article\",\"isPartOf\":{\"@id\":\"https:\\\/\\\/spainfilmcommission.com\\\/en\\\/blog\\\/balance-positivo-de-la-participacion-de-la-entidad-en-la-edicion-26-del-festival-de-malaga\\\/\"},\"author\":{\"name\":\"studio128k_dam\",\"@id\":\"https:\\\/\\\/spainfilmcommission.com\\\/en\\\/#\\\/schema\\\/person\\\/6c014ba6ceac198d178a6a9e61113c9d\"},\"headline\":\"Balance positivo de la participaci\u00f3n de la entidad en la edici\u00f3n 26 del Festival de M\u00e1laga\",\"datePublished\":\"2023-03-19T22:00:00+00:00\",\"dateModified\":\"2025-02-11T07:06:22+00:00\",\"mainEntityOfPage\":{\"@id\":\"https:\\\/\\\/spainfilmcommission.com\\\/en\\\/blog\\\/balance-positivo-de-la-participacion-de-la-entidad-en-la-edicion-26-del-festival-de-malaga\\\/\"},\"wordCount\":271,\"publisher\":{\"@id\":\"https:\\\/\\\/spainfilmcommission.com\\\/en\\\/#organization\"},\"image\":{\"@id\":\"https:\\\/\\\/spainfilmcommission.com\\\/en\\\/blog\\\/balance-positivo-de-la-participacion-de-la-entidad-en-la-edicion-26-del-festival-de-malaga\\\/#primaryimage\"},\"thumbnailUrl\":\"https:\\\/\\\/spainfilmcommission.com\\\/wp-content\\\/uploads\\\/2024\\\/11\\\/balance-positivo-de-la-participacion-de-la-entidad-en-la-edicion-26-del-festival-de-malaga-322.jpeg\",\"articleSection\":[\"Noticias\"],\"inLanguage\":\"en-US\"},{\"@type\":\"WebPage\",\"@id\":\"https:\\\/\\\/spainfilmcommission.com\\\/en\\\/blog\\\/balance-positivo-de-la-participacion-de-la-entidad-en-la-edicion-26-del-festival-de-malaga\\\/\",\"url\":\"https:\\\/\\\/spainfilmcommission.com\\\/en\\\/blog\\\/balance-positivo-de-la-participacion-de-la-entidad-en-la-edicion-26-del-festival-de-malaga\\\/\",\"name\":\"Balance positivo de la participaci\u00f3n de la entidad en la edici\u00f3n 26 del Festival de M\u00e1laga - Spain Film Commission\",\"isPartOf\":{\"@id\":\"https:\\\/\\\/spainfilmcommission.com\\\/en\\\/#website\"},\"primaryImageOfPage\":{\"@id\":\"https:\\\/\\\/spainfilmcommission.com\\\/en\\\/blog\\\/balance-positivo-de-la-participacion-de-la-entidad-en-la-edicion-26-del-festival-de-malaga\\\/#primaryimage\"},\"image\":{\"@id\":\"https:\\\/\\\/spainfilmcommission.com\\\/en\\\/blog\\\/balance-positivo-de-la-participacion-de-la-entidad-en-la-edicion-26-del-festival-de-malaga\\\/#primaryimage\"},\"thumbnailUrl\":\"https:\\\/\\\/spainfilmcommission.com\\\/wp-content\\\/uploads\\\/2024\\\/11\\\/balance-positivo-de-la-participacion-de-la-entidad-en-la-edicion-26-del-festival-de-malaga-322.jpeg\",\"datePublished\":\"2023-03-19T22:00:00+00:00\",\"dateModified\":\"2025-02-11T07:06:22+00:00\",\"breadcrumb\":{\"@id\":\"https:\\\/\\\/spainfilmcommission.com\\\/en\\\/blog\\\/balance-positivo-de-la-participacion-de-la-entidad-en-la-edicion-26-del-festival-de-malaga\\\/#breadcrumb\"},\"inLanguage\":\"en-US\",\"potentialAction\":[{\"@type\":\"ReadAction\",\"target\":[\"https:\\\/\\\/spainfilmcommission.com\\\/en\\\/blog\\\/balance-positivo-de-la-participacion-de-la-entidad-en-la-edicion-26-del-festival-de-malaga\\\/\"]}]},{\"@type\":\"ImageObject\",\"inLanguage\":\"en-US\",\"@id\":\"https:\\\/\\\/spainfilmcommission.com\\\/en\\\/blog\\\/balance-positivo-de-la-participacion-de-la-entidad-en-la-edicion-26-del-festival-de-malaga\\\/#primaryimage\",\"url\":\"https:\\\/\\\/spainfilmcommission.com\\\/wp-content\\\/uploads\\\/2024\\\/11\\\/balance-positivo-de-la-participacion-de-la-entidad-en-la-edicion-26-del-festival-de-malaga-322.jpeg\",\"contentUrl\":\"https:\\\/\\\/spainfilmcommission.com\\\/wp-content\\\/uploads\\\/2024\\\/11\\\/balance-positivo-de-la-participacion-de-la-entidad-en-la-edicion-26-del-festival-de-malaga-322.jpeg\",\"width\":1170,\"height\":877},{\"@type\":\"BreadcrumbList\",\"@id\":\"https:\\\/\\\/spainfilmcommission.com\\\/en\\\/blog\\\/balance-positivo-de-la-participacion-de-la-entidad-en-la-edicion-26-del-festival-de-malaga\\\/#breadcrumb\",\"itemListElement\":[{\"@type\":\"ListItem\",\"position\":1,\"name\":\"Portada\",\"item\":\"https:\\\/\\\/spainfilmcommission.com\\\/en\\\/\"},{\"@type\":\"ListItem\",\"position\":2,\"name\":\"Balance positivo de la participaci\u00f3n de la entidad en la edici\u00f3n 26 del Festival de M\u00e1laga\"}]},{\"@type\":\"WebSite\",\"@id\":\"https:\\\/\\\/spainfilmcommission.com\\\/en\\\/#website\",\"url\":\"https:\\\/\\\/spainfilmcommission.com\\\/en\\\/\",\"name\":\"Spain Film Commission\",\"description\":\"\",\"publisher\":{\"@id\":\"https:\\\/\\\/spainfilmcommission.com\\\/en\\\/#organization\"},\"potentialAction\":[{\"@type\":\"SearchAction\",\"target\":{\"@type\":\"EntryPoint\",\"urlTemplate\":\"https:\\\/\\\/spainfilmcommission.com\\\/en\\\/?s={search_term_string}\"},\"query-input\":{\"@type\":\"PropertyValueSpecification\",\"valueRequired\":true,\"valueName\":\"search_term_string\"}}],\"inLanguage\":\"en-US\"},{\"@type\":\"Organization\",\"@id\":\"https:\\\/\\\/spainfilmcommission.com\\\/en\\\/#organization\",\"name\":\"Spain Film Commission\",\"url\":\"https:\\\/\\\/spainfilmcommission.com\\\/en\\\/\",\"logo\":{\"@type\":\"ImageObject\",\"inLanguage\":\"en-US\",\"@id\":\"https:\\\/\\\/spainfilmcommission.com\\\/en\\\/#\\\/schema\\\/logo\\\/image\\\/\",\"url\":\"https:\\\/\\\/spainfilmcommission.com\\\/wp-content\\\/uploads\\\/2024\\\/07\\\/SPC_COLOR.png\",\"contentUrl\":\"https:\\\/\\\/spainfilmcommission.com\\\/wp-content\\\/uploads\\\/2024\\\/07\\\/SPC_COLOR.png\",\"width\":1665,\"height\":1665,\"caption\":\"Spain Film Commission\"},\"image\":{\"@id\":\"https:\\\/\\\/spainfilmcommission.com\\\/en\\\/#\\\/schema\\\/logo\\\/image\\\/\"}},{\"@type\":\"Person\",\"@id\":\"https:\\\/\\\/spainfilmcommission.com\\\/en\\\/#\\\/schema\\\/person\\\/6c014ba6ceac198d178a6a9e61113c9d\",\"name\":\"studio128k_dam\",\"image\":{\"@type\":\"ImageObject\",\"inLanguage\":\"en-US\",\"@id\":\"https:\\\/\\\/secure.gravatar.com\\\/avatar\\\/810f99144a13522c24aa173f9cd8bf079d0e89758af00b5f2938443cd51b31e9?s=96&d=mm&r=g\",\"url\":\"https:\\\/\\\/secure.gravatar.com\\\/avatar\\\/810f99144a13522c24aa173f9cd8bf079d0e89758af00b5f2938443cd51b31e9?s=96&d=mm&r=g\",\"contentUrl\":\"https:\\\/\\\/secure.gravatar.com\\\/avatar\\\/810f99144a13522c24aa173f9cd8bf079d0e89758af00b5f2938443cd51b31e9?s=96&d=mm&r=g\",\"caption\":\"studio128k_dam\"}}]}<\/script>\n<!-- \/ Yoast SEO plugin. -->","yoast_head_json":{"title":"Balance positivo de la participaci\u00f3n de la entidad en la edici\u00f3n 26 del Festival de M\u00e1laga - Spain Film Commission","robots":{"index":"index","follow":"follow","max-snippet":"max-snippet:-1","max-image-preview":"max-image-preview:large","max-video-preview":"max-video-preview:-1"},"canonical":"https:\/\/spainfilmcommission.com\/en\/blog\/balance-positivo-de-la-participacion-de-la-entidad-en-la-edicion-26-del-festival-de-malaga\/","og_locale":"en_US","og_type":"article","og_title":"Balance positivo de la participaci\u00f3n de la entidad en la edici\u00f3n 26 del Festival de M\u00e1laga - Spain Film Commission","og_description":"Junto a 22 socios miembros de la red, Spain Film Commission estuvo presente en el Festival, la semana del 13 al 17 de marzo, con un programa de actividades que [&hellip;]","og_url":"https:\/\/spainfilmcommission.com\/en\/blog\/balance-positivo-de-la-participacion-de-la-entidad-en-la-edicion-26-del-festival-de-malaga\/","og_site_name":"Spain Film Commission","article_published_time":"2023-03-19T22:00:00+00:00","article_modified_time":"2025-02-11T07:06:22+00:00","og_image":[{"width":1170,"height":877,"url":"https:\/\/spainfilmcommission.com\/wp-content\/uploads\/2024\/11\/balance-positivo-de-la-participacion-de-la-entidad-en-la-edicion-26-del-festival-de-malaga-322.jpeg","type":"image\/jpeg"}],"author":"studio128k_dam","twitter_card":"summary_large_image","twitter_misc":{"Written by":"studio128k_dam","Est. reading time":"1 minute"},"schema":{"@context":"https:\/\/schema.org","@graph":[{"@type":"Article","@id":"https:\/\/spainfilmcommission.com\/en\/blog\/balance-positivo-de-la-participacion-de-la-entidad-en-la-edicion-26-del-festival-de-malaga\/#article","isPartOf":{"@id":"https:\/\/spainfilmcommission.com\/en\/blog\/balance-positivo-de-la-participacion-de-la-entidad-en-la-edicion-26-del-festival-de-malaga\/"},"author":{"name":"studio128k_dam","@id":"https:\/\/spainfilmcommission.com\/en\/#\/schema\/person\/6c014ba6ceac198d178a6a9e61113c9d"},"headline":"Balance positivo de la participaci\u00f3n de la entidad en la edici\u00f3n 26 del Festival de M\u00e1laga","datePublished":"2023-03-19T22:00:00+00:00","dateModified":"2025-02-11T07:06:22+00:00","mainEntityOfPage":{"@id":"https:\/\/spainfilmcommission.com\/en\/blog\/balance-positivo-de-la-participacion-de-la-entidad-en-la-edicion-26-del-festival-de-malaga\/"},"wordCount":271,"publisher":{"@id":"https:\/\/spainfilmcommission.com\/en\/#organization"},"image":{"@id":"https:\/\/spainfilmcommission.com\/en\/blog\/balance-positivo-de-la-participacion-de-la-entidad-en-la-edicion-26-del-festival-de-malaga\/#primaryimage"},"thumbnailUrl":"https:\/\/spainfilmcommission.com\/wp-content\/uploads\/2024\/11\/balance-positivo-de-la-participacion-de-la-entidad-en-la-edicion-26-del-festival-de-malaga-322.jpeg","articleSection":["Noticias"],"inLanguage":"en-US"},{"@type":"WebPage","@id":"https:\/\/spainfilmcommission.com\/en\/blog\/balance-positivo-de-la-participacion-de-la-entidad-en-la-edicion-26-del-festival-de-malaga\/","url":"https:\/\/spainfilmcommission.com\/en\/blog\/balance-positivo-de-la-participacion-de-la-entidad-en-la-edicion-26-del-festival-de-malaga\/","name":"Balance positivo de la participaci\u00f3n de la entidad en la edici\u00f3n 26 del Festival de M\u00e1laga - Spain Film Commission","isPartOf":{"@id":"https:\/\/spainfilmcommission.com\/en\/#website"},"primaryImageOfPage":{"@id":"https:\/\/spainfilmcommission.com\/en\/blog\/balance-positivo-de-la-participacion-de-la-entidad-en-la-edicion-26-del-festival-de-malaga\/#primaryimage"},"image":{"@id":"https:\/\/spainfilmcommission.com\/en\/blog\/balance-positivo-de-la-participacion-de-la-entidad-en-la-edicion-26-del-festival-de-malaga\/#primaryimage"},"thumbnailUrl":"https:\/\/spainfilmcommission.com\/wp-content\/uploads\/2024\/11\/balance-positivo-de-la-participacion-de-la-entidad-en-la-edicion-26-del-festival-de-malaga-322.jpeg","datePublished":"2023-03-19T22:00:00+00:00","dateModified":"2025-02-11T07:06:22+00:00","breadcrumb":{"@id":"https:\/\/spainfilmcommission.com\/en\/blog\/balance-positivo-de-la-participacion-de-la-entidad-en-la-edicion-26-del-festival-de-malaga\/#breadcrumb"},"inLanguage":"en-US","potentialAction":[{"@type":"ReadAction","target":["https:\/\/spainfilmcommission.com\/en\/blog\/balance-positivo-de-la-participacion-de-la-entidad-en-la-edicion-26-del-festival-de-malaga\/"]}]},{"@type":"ImageObject","inLanguage":"en-US","@id":"https:\/\/spainfilmcommission.com\/en\/blog\/balance-positivo-de-la-participacion-de-la-entidad-en-la-edicion-26-del-festival-de-malaga\/#primaryimage","url":"https:\/\/spainfilmcommission.com\/wp-content\/uploads\/2024\/11\/balance-positivo-de-la-participacion-de-la-entidad-en-la-edicion-26-del-festival-de-malaga-322.jpeg","contentUrl":"https:\/\/spainfilmcommission.com\/wp-content\/uploads\/2024\/11\/balance-positivo-de-la-participacion-de-la-entidad-en-la-edicion-26-del-festival-de-malaga-322.jpeg","width":1170,"height":877},{"@type":"BreadcrumbList","@id":"https:\/\/spainfilmcommission.com\/en\/blog\/balance-positivo-de-la-participacion-de-la-entidad-en-la-edicion-26-del-festival-de-malaga\/#breadcrumb","itemListElement":[{"@type":"ListItem","position":1,"name":"Portada","item":"https:\/\/spainfilmcommission.com\/en\/"},{"@type":"ListItem","position":2,"name":"Balance positivo de la participaci\u00f3n de la entidad en la edici\u00f3n 26 del Festival de M\u00e1laga"}]},{"@type":"WebSite","@id":"https:\/\/spainfilmcommission.com\/en\/#website","url":"https:\/\/spainfilmcommission.com\/en\/","name":"Spain Film Commission","description":"","publisher":{"@id":"https:\/\/spainfilmcommission.com\/en\/#organization"},"potentialAction":[{"@type":"SearchAction","target":{"@type":"EntryPoint","urlTemplate":"https:\/\/spainfilmcommission.com\/en\/?s={search_term_string}"},"query-input":{"@type":"PropertyValueSpecification","valueRequired":true,"valueName":"search_term_string"}}],"inLanguage":"en-US"},{"@type":"Organization","@id":"https:\/\/spainfilmcommission.com\/en\/#organization","name":"Spain Film Commission","url":"https:\/\/spainfilmcommission.com\/en\/","logo":{"@type":"ImageObject","inLanguage":"en-US","@id":"https:\/\/spainfilmcommission.com\/en\/#\/schema\/logo\/image\/","url":"https:\/\/spainfilmcommission.com\/wp-content\/uploads\/2024\/07\/SPC_COLOR.png","contentUrl":"https:\/\/spainfilmcommission.com\/wp-content\/uploads\/2024\/07\/SPC_COLOR.png","width":1665,"height":1665,"caption":"Spain Film Commission"},"image":{"@id":"https:\/\/spainfilmcommission.com\/en\/#\/schema\/logo\/image\/"}},{"@type":"Person","@id":"https:\/\/spainfilmcommission.com\/en\/#\/schema\/person\/6c014ba6ceac198d178a6a9e61113c9d","name":"studio128k_dam","image":{"@type":"ImageObject","inLanguage":"en-US","@id":"https:\/\/secure.gravatar.com\/avatar\/810f99144a13522c24aa173f9cd8bf079d0e89758af00b5f2938443cd51b31e9?s=96&d=mm&r=g","url":"https:\/\/secure.gravatar.com\/avatar\/810f99144a13522c24aa173f9cd8bf079d0e89758af00b5f2938443cd51b31e9?s=96&d=mm&r=g","contentUrl":"https:\/\/secure.gravatar.com\/avatar\/810f99144a13522c24aa173f9cd8bf079d0e89758af00b5f2938443cd51b31e9?s=96&d=mm&r=g","caption":"studio128k_dam"}}]}},"_links":{"self":[{"href":"https:\/\/spainfilmcommission.com\/en\/wp-json\/wp\/v2\/posts\/8792","targetHints":{"allow":["GET"]}}],"collection":[{"href":"https:\/\/spainfilmcommission.com\/en\/wp-json\/wp\/v2\/posts"}],"about":[{"href":"https:\/\/spainfilmcommission.com\/en\/wp-json\/wp\/v2\/types\/post"}],"author":[{"embeddable":true,"href":"https:\/\/spainfilmcommission.com\/en\/wp-json\/wp\/v2\/users\/2"}],"replies":[{"embeddable":true,"href":"https:\/\/spainfilmcommission.com\/en\/wp-json\/wp\/v2\/comments?post=8792"}],"version-history":[{"count":0,"href":"https:\/\/spainfilmcommission.com\/en\/wp-json\/wp\/v2\/posts\/8792\/revisions"}],"wp:featuredmedia":[{"embeddable":true,"href":"https:\/\/spainfilmcommission.com\/en\/wp-json\/wp\/v2\/media\/8793"}],"wp:attachment":[{"href":"https:\/\/spainfilmcommission.com\/en\/wp-json\/wp\/v2\/media?parent=8792"}],"wp:term":[{"taxonomy":"category","embeddable":true,"href":"https:\/\/spainfilmcommission.com\/en\/wp-json\/wp\/v2\/categories?post=8792"},{"taxonomy":"post_tag","embeddable":true,"href":"https:\/\/spainfilmcommission.com\/en\/wp-json\/wp\/v2\/tags?post=8792"}],"curies":[{"name":"wp","href":"https:\/\/api.w.org\/{rel}","templated":true}]}}