{"id":8789,"date":"2023-03-15T00:00:00","date_gmt":"2023-03-14T22:00:00","guid":{"rendered":"https:\/\/sfc.com\/el-reto-de-la-sostenibilidad-de-la-industria-audiovisual-eje-del-estudio-presentado-por-spain-film-commission-redcau-y-cener-en-mafiz-del-festival-de-malaga-2023\/"},"modified":"2025-02-11T08:06:22","modified_gmt":"2025-02-11T07:06:22","slug":"el-reto-de-la-sostenibilidad-de-la-industria-audiovisual-eje-del-estudio-presentado-por-spain-film-commission-redcau-y-cener-en-mafiz-del-festival-de-malaga-2023","status":"publish","type":"post","link":"https:\/\/spainfilmcommission.com\/en\/blog\/el-reto-de-la-sostenibilidad-de-la-industria-audiovisual-eje-del-estudio-presentado-por-spain-film-commission-redcau-y-cener-en-mafiz-del-festival-de-malaga-2023\/","title":{"rendered":"El reto de la sostenibilidad de la industria audiovisual, eje del estudio presentado por Spain Film Commission, REDCAU y CENER en MAFIZ del Festival de M\u00e1laga 2023"},"content":{"rendered":"<p dir=\"ltr\" style=\"font-size:12px;font-family:Arial, sans-serif;line-height:1.38;text-align:justify;margin-top:0pt;margin-bottom:0pt;\"><span style=\"font-family:arial, helvetica, sans-serif;\"><span style=\"font-size:14px;\"><span style=\"color:rgb(0,0,0);background-color:transparent;vertical-align:baseline;white-space:pre-wrap;\">El estudio sobre la situaci\u00f3n actual del sector ha sido liderado por Spain Film Commission en el marco del proyecto Spain Film Friendly Land. La Red Espa\u00f1ola de Clusters Audiovisuales aglutina a m\u00e1s de 1.000 empresas de todo el sector.<\/span><\/span><\/span><\/p>\n<p dir=\"ltr\" style=\"font-size:12px;font-family:Arial, sans-serif;line-height:1.38;text-align:justify;margin-top:0pt;margin-bottom:0pt;\">\u00a0<\/p>\n<p dir=\"ltr\" style=\"font-size:12px;font-family:Arial, sans-serif;line-height:1.38;text-align:justify;margin-top:0pt;margin-bottom:0pt;\">\u00a0<\/p>\n<p dir=\"ltr\" style=\"font-size:12px;font-family:Arial, sans-serif;line-height:1.38;text-align:justify;margin-top:0pt;margin-bottom:0pt;\"><span style=\"font-family:arial, helvetica, sans-serif;\"><span style=\"font-size:14px;\"><span style=\"color:rgb(0,0,0);background-color:transparent;vertical-align:baseline;white-space:pre-wrap;\">Profesionales y agentes claves de toda la cadena de valor del audiovisual han participado ayer en la sesi\u00f3n <\/span><span style=\"color:rgb(0,0,0);background-color:transparent;font-weight:700;vertical-align:baseline;white-space:pre-wrap;\">&#8220;Situaci\u00f3n actual de las iniciativas de sostenibilidad en el sector audiovisual en Espa\u00f1a y Europa&#8221; <\/span><span style=\"color:rgb(0,0,0);background-color:transparent;vertical-align:baseline;white-space:pre-wrap;\">en el Auditorio del Museo Picasso de la ciudad de M\u00e1laga,\u00a0 donde se han dado a conocer las claves y conclusiones del estudio y han podido debatir acerca de las tendencias de futuro de la sostenibilidad en el sector.<\/span><\/span><\/span><\/p>\n<p dir=\"ltr\" style=\"font-size:12px;font-family:Arial, sans-serif;line-height:1.38;text-align:justify;margin-top:0pt;margin-bottom:0pt;\">\u00a0<\/p>\n<p dir=\"ltr\" style=\"font-size:12px;font-family:Arial, sans-serif;line-height:1.38;text-align:justify;margin-top:0pt;margin-bottom:0pt;\"><span style=\"font-family:arial, helvetica, sans-serif;\"><span style=\"font-size:14px;\"><span style=\"color:rgb(0,0,0);vertical-align:baseline;white-space:pre-wrap;\">El estudio ha identificado a m\u00e1s de cincuenta\u00a0 y cinco agentes p\u00fablicos y privados influyentes de todo el pa\u00eds, que mediante entrevistas o la respuesta a un formulario con cuestiones esenciales, han contribuido a identificar las iniciativas, las mejores pr\u00e1cticas y las \u00e1reas donde hay m\u00e1s oportunidades de mejora en el \u00e1mbito de la sostenibilidad.<\/span><\/span><\/span><\/p>\n<p dir=\"ltr\" style=\"font-size:12px;font-family:Arial, sans-serif;line-height:1.38;text-align:justify;margin-top:0pt;margin-bottom:0pt;\">\u00a0<\/p>\n<p dir=\"ltr\" style=\"font-size:12px;font-family:Arial, sans-serif;line-height:1.38;text-align:justify;margin-top:0pt;margin-bottom:0pt;\"><span style=\"font-family:arial, helvetica, sans-serif;\"><span style=\"font-size:14px;\"><span style=\"color:rgb(0,0,0);vertical-align:baseline;white-space:pre-wrap;\">Han participado el Instituto de la Cinematograf\u00eda y las Artes Audiovisuales, Radio Televisi\u00f3n Espa\u00f1ola; plataformas como Netflix, HBO, Atresmedia, Amazon Prime, Mediapro, Movistar+; asociaciones profesionales y empresariales del sector como APPA, Alia, Profilm, la Asociaci\u00f3n de Productoras Publicitarias de Espa\u00f1a; empresas productoras y de service a la producci\u00f3n como Secuoya, Morena Films, AV2 Media Films, Fresco Films; agencias certificadoras como Bureau Veritas, Aenor y T\u00dcV; empresas de servicios de eco-managment como Mrs. Greenfilm, Creast, K is for knowledge, Bilibib, Inedit, Green Globe Sostenibilidad, Grunver Sostenibilidad y eventos cinematogr\u00e1ficos como el Festival de M\u00e1laga, Premios Goya, Festival de San Sebasti\u00e1n, Another Way Film Festival.\u00a0<\/span><\/span><\/span><\/p>\n<p dir=\"ltr\" style=\"font-size:12px;font-family:Arial, sans-serif;line-height:1.38;text-align:justify;margin-top:0pt;margin-bottom:0pt;\">\u00a0<\/p>\n<p dir=\"ltr\" style=\"font-size:12px;font-family:Arial, sans-serif;line-height:1.38;text-align:justify;margin-top:0pt;margin-bottom:0pt;\"><span style=\"font-family:arial, helvetica, sans-serif;\"><span style=\"color:rgb(0,0,0);white-space:pre-wrap;font-size:14px;\">En relaci\u00f3n a Spain Film Commission, han participado en el estudio 15 film commission y film offices, que han aportado las estrategias que est\u00e1n desarrollando en cada uno de sus territorios para promover y apoyar los rodajes sostenibles: Catalunya Film Commisison,\u00a0 Mallorca Film Commission, Basque Green Film, Film Madrid, Madrid Film Office, Tenerife Film Commission, Asturias Film Commission, San Sebasti\u00e1n Film Commission, M\u00e1laga Film Office, Menorca Film Commission, Zaragoza Film Office, Cantabria Film Commission, Navarra Film Commission, Benidorm Film Office y Valencia Film.\u00a0<\/span><\/span><\/p>\n<p dir=\"ltr\" style=\"font-size:12px;font-family:Arial, sans-serif;line-height:1.38;text-align:justify;margin-top:0pt;margin-bottom:0pt;\">\u00a0<\/p>\n<p dir=\"ltr\" style=\"font-size:12px;font-family:Arial, sans-serif;line-height:1.38;text-align:justify;margin-top:0pt;margin-bottom:0pt;\">\u00a0<\/p>\n<p dir=\"ltr\" style=\"font-size:12px;font-family:Arial, sans-serif;line-height:1.38;text-align:justify;margin-top:0pt;margin-bottom:0pt;\"><span style=\"font-family:arial, helvetica, sans-serif;\"><span style=\"font-size:14px;\"><span style=\"color:rgb(0,0,0);background-color:transparent;vertical-align:baseline;white-space:pre-wrap;\"><strong>Luis Cueto, Vocal asesor de la Secretar\u00eda de Estado de Telecomunicaciones e Infraestructuras Digitales <\/strong>ha iniciado la sesi\u00f3n y ha manifestado que <\/span><\/span><em><span style=\"font-size:14px;\">&#8220;Espa\u00f1a quiere estar en la vanguardia de los rodajes sostenibles y estamos dando los pasos necesarios para ello. El estudio que se ha realizando ha dibujado un primer mapa, con un diagn\u00f3stico para\u00a0\u00a0poder influir tanto en la normativa espa\u00f1ola como en la europea&#8221;<\/span><\/em><\/span><\/p>\n<p dir=\"ltr\" style=\"font-size:12px;font-family:Arial, sans-serif;line-height:1.38;text-align:justify;margin-top:0pt;margin-bottom:0pt;\">\u00a0<\/p>\n<p dir=\"ltr\" style=\"font-size:12px;font-family:Arial, sans-serif;line-height:1.38;text-align:justify;margin-top:0pt;margin-bottom:0pt;\"><span style=\"font-family:arial, helvetica, sans-serif;\"><span style=\"font-size:14px;\"><span style=\"color:rgb(0,0,0);background-color:transparent;vertical-align:baseline;white-space:pre-wrap;\"><strong>Teresa Azcona, directora general de Spain Film Commission<\/strong>, ha compartido con la audiencia algunas de las conclusiones m\u00e1s relevantes del estudio. &#8220;<\/span><span style=\"color:rgb(0,0,0);background-color:transparent;font-style:italic;vertical-align:baseline;white-space:pre-wrap;\">La demanda de formaci\u00f3n por parte de las empresas, los profesionales y los t\u00e9cnicos de la administraci\u00f3n y la articulaci\u00f3n de programas formativos homog\u00e9neos ser\u00e1n clave para avanzar en la sostenibilidad de la industria&#8221; <\/span><span style=\"color:rgb(0,0,0);background-color:transparent;vertical-align:baseline;white-space:pre-wrap;\">\u00a0Ha destacado que el estudio, impulsado por Spain Film Commission <\/span><span style=\"color:rgb(0,0,0);background-color:transparent;font-style:italic;vertical-align:baseline;white-space:pre-wrap;\">&#8220;ha permitido por primera vez aglutinar los esfuerzos que en \u00e9ste \u00e1mbito hace el sector p\u00fablico y privado, identificar las iniciativas y proyectos m\u00e1s eficientes, que podr\u00e1n constituir la base para una estrategia global de sostenibilidad de la industria audiovisual espa\u00f1ola&#8221;.<\/span><\/span><\/span><\/p>\n<p dir=\"ltr\" style=\"font-size:12px;font-family:Arial, sans-serif;line-height:1.38;text-align:justify;margin-top:0pt;margin-bottom:0pt;\">\u00a0<\/p>\n<p dir=\"ltr\" style=\"font-size:12px;font-family:Arial, sans-serif;line-height:1.38;text-align:justify;margin-top:0pt;margin-bottom:0pt;\">\u00a0<\/p>\n<p dir=\"ltr\" style=\"font-size:12px;font-family:Arial, sans-serif;line-height:1.38;text-align:justify;margin-top:0pt;margin-bottom:0pt;\"><span style=\"font-family:arial, helvetica, sans-serif;\"><span style=\"font-size:14px;\"><span style=\"color:rgb(0,0,0);background-color:transparent;vertical-align:baseline;white-space:pre-wrap;\"><strong>Rosa Garc\u00eda, Presidente de REDCAU<\/strong>, Red de Cl\u00fasters Audiovisuales de Espa\u00f1a\u00a0 ha expuesto <\/span><\/span><em><span style=\"font-size:14px;\">&#8220;La cooperaci\u00f3n entre territorios y la colaboraci\u00f3n p\u00fablico &#8211; privada se encuentra en el ADN de Redcau y es por eso que para nosotros es fundamental trabajar con otros agentes, como Spain Film Commission en aquellos objetivos comunes. Es el caso del green shooting y las acciones tendentes a un sector audiovisual m\u00e1s sostenible. Esperamos que este sea un primer paso en un camino que podamos recorrer diferentes entidades de manera conjunta&#8221;.<\/span><\/em><\/span><\/p>\n<p dir=\"ltr\" style=\"font-size:12px;font-family:Arial, sans-serif;line-height:1.38;text-align:justify;margin-top:0pt;margin-bottom:0pt;\">\u00a0<\/p>\n<p dir=\"ltr\" style=\"font-size:12px;font-family:Arial, sans-serif;line-height:1.38;text-align:justify;margin-top:0pt;margin-bottom:0pt;\"><span style=\"font-family:arial, helvetica, sans-serif;\"><span style=\"font-size:14px;\"><span style=\"color:rgb(0,0,0);background-color:transparent;vertical-align:baseline;white-space:pre-wrap;\"><strong>Florencio Manteca, Director Energy Transition de Centro Nacional de Energ\u00edas Renovables <\/strong>con m\u00e1s de 200 investigadores \u00a0ha mencionado que <em>&#8220;h<\/em><\/span><\/span><em><span style=\"background-color:transparent;color:rgb(0,0,0);font-size:11pt;white-space:pre-wrap;\">a sido clave para hacer una aportaci\u00f3n eficiente al estudio, tener un aprendizaje de todas las caracter\u00edsticas del sector audiovisual, en toda su cadena de valor&#8221; <\/span><\/em><\/span><\/p>\n<div style=\"font-family:Arial, sans-serif;font-size:12px;\">\u00a0<\/div>\n<p dir=\"ltr\" style=\"font-size:12px;font-family:Arial, sans-serif;line-height:1.38;text-align:justify;margin-top:0pt;margin-bottom:0pt;\"><span style=\"font-family:arial, helvetica, sans-serif;\"><span style=\"background-color:transparent;color:rgb(0,0,0);white-space:pre-wrap;font-size:14px;\"><strong>Mar\u00eda Soler, Assistant Producer &#038; ECOManager de Morena Films<\/strong>, ha expuesto las iniciativas que desde la compa\u00f1\u00eda viene aplicando en cada uno de sus proyectos. <em>&#8220;En Cerdita, se ahorraron un 40% de la huella de carbono, y se ha compensado la huella plantando \u00e1rboles en el Bosque del Cine en Cantabria. Morena Films desde siempre ha tenido vocaci\u00f3n medioambiental en un sentido amplio, incorporamos componentes sociales. Antes y luego del rodaje de Cerdita hemos procurado h<\/em><\/span><em><span style=\"background-color:transparent;color:rgb(0,0,0);font-size:11pt;white-space:pre-wrap;\">acer visible en la pel\u00edcula, gastar todo lo posible en la zona del rodaje, promocionar el \u00e1rea para que se vaya a rodar all\u00ed y montamos una ludoteca para favorecer la conciliaci\u00f3n familiar de un equipo formado por el 60% de mujeres&#8221; <\/span><\/em><\/span><\/p>\n<p dir=\"ltr\" style=\"font-size:12px;font-family:Arial, sans-serif;line-height:1.38;text-align:justify;margin-top:0pt;margin-bottom:0pt;\">\u00a0<\/p>\n<p dir=\"ltr\" style=\"font-size:12px;font-family:Arial, sans-serif;line-height:1.38;margin-top:0pt;margin-bottom:0pt;\"><span style=\"font-family:arial, helvetica, sans-serif;\"><span style=\"font-size:14px;\"><span style=\"color:rgb(0,0,0);vertical-align:baseline;white-space:pre-wrap;\">Spain Film Friendly Land es una iniciativa de Spain Film Commission, financiada a trav\u00e9s del Plan de Recuperaci\u00f3n, Transformaci\u00f3n y Resiliencia del Gobierno de Espa\u00f1a.<\/span><\/span><\/span><\/p>\n<div>\u00a0<\/div>\n<div>\u00a0<\/div>\n<div>\n<h3 dir=\"ltr\" style=\"font-family:Arial, sans-serif;line-height:1.32;text-align:justify;margin-top:15pt;margin-bottom:8pt;\"><span style=\"font-family:'lucida sans unicode', 'lucida grande', sans-serif;\"><span style=\"font-size:14px;\"><span style=\"color:rgb(225,11,19);background-color:transparent;font-weight:700;vertical-align:baseline;white-space:pre-wrap;\">#SHOOTINGINSPAIN #RUEDAENESPA\u00d1A #WEMAKETHEMAGIC #FESTIVALM\u00c1LAGA #MAFIZMALAGA #26FESTIVALM\u00c1LAGA <\/span><span class=\"s5\" style=\"color:rgb(0,0,0);\">\u00a0<\/span>\u00a0<span style=\"color:rgb(225,11,19);background-color:transparent;font-weight:700;vertical-align:baseline;white-space:pre-wrap;\"> <\/span>\u00a0<\/span><\/span>\u00a0<\/h3>\n<\/div>\n","protected":false},"excerpt":{"rendered":"<p>El estudio sobre la situaci\u00f3n actual del sector ha sido liderado por Spain Film Commission en el marco del proyecto Spain Film Friendly Land. La Red Espa\u00f1ola de Clusters Audiovisuales [&hellip;]<\/p>\n","protected":false},"author":2,"featured_media":8790,"comment_status":"closed","ping_status":"","sticky":false,"template":"","format":"standard","meta":{"footnotes":""},"categories":[38],"tags":[],"class_list":["post-8789","post","type-post","status-publish","format-standard","has-post-thumbnail","hentry","category-noticias"],"yoast_head":"<!-- This site is optimized with the Yoast SEO plugin v27.3 - https:\/\/yoast.com\/product\/yoast-seo-wordpress\/ -->\n<title>El reto de la sostenibilidad de la industria audiovisual, eje del estudio presentado por Spain Film Commission, REDCAU y CENER en MAFIZ del Festival de M\u00e1laga 2023 - Spain Film Commission<\/title>\n<meta name=\"robots\" content=\"index, follow, max-snippet:-1, max-image-preview:large, max-video-preview:-1\" \/>\n<link rel=\"canonical\" href=\"https:\/\/spainfilmcommission.com\/en\/blog\/el-reto-de-la-sostenibilidad-de-la-industria-audiovisual-eje-del-estudio-presentado-por-spain-film-commission-redcau-y-cener-en-mafiz-del-festival-de-malaga-2023\/\" \/>\n<meta property=\"og:locale\" content=\"en_US\" \/>\n<meta property=\"og:type\" content=\"article\" \/>\n<meta property=\"og:title\" content=\"El reto de la sostenibilidad de la industria audiovisual, eje del estudio presentado por Spain Film Commission, REDCAU y CENER en MAFIZ del Festival de M\u00e1laga 2023 - Spain Film Commission\" \/>\n<meta property=\"og:description\" content=\"El estudio sobre la situaci\u00f3n actual del sector ha sido liderado por Spain Film Commission en el marco del proyecto Spain Film Friendly Land. La Red Espa\u00f1ola de Clusters Audiovisuales [&hellip;]\" \/>\n<meta property=\"og:url\" content=\"https:\/\/spainfilmcommission.com\/en\/blog\/el-reto-de-la-sostenibilidad-de-la-industria-audiovisual-eje-del-estudio-presentado-por-spain-film-commission-redcau-y-cener-en-mafiz-del-festival-de-malaga-2023\/\" \/>\n<meta property=\"og:site_name\" content=\"Spain Film Commission\" \/>\n<meta property=\"article:published_time\" content=\"2023-03-14T22:00:00+00:00\" \/>\n<meta property=\"article:modified_time\" content=\"2025-02-11T07:06:22+00:00\" \/>\n<meta property=\"og:image\" content=\"https:\/\/spainfilmcommission.com\/wp-content\/uploads\/2024\/11\/el-reto-de-la-sostenibilidad-de-la-industria-audiovisual-eje-del-estudio-presentado-por-spain-film-commission-redcau-y-cener-en-mafiz-del-festival-de-malaga-2023-321.jpeg\" \/>\n\t<meta property=\"og:image:width\" content=\"1170\" \/>\n\t<meta property=\"og:image:height\" content=\"877\" \/>\n\t<meta property=\"og:image:type\" content=\"image\/jpeg\" \/>\n<meta name=\"author\" content=\"studio128k_dam\" \/>\n<meta name=\"twitter:card\" content=\"summary_large_image\" \/>\n<meta name=\"twitter:label1\" content=\"Written by\" \/>\n\t<meta name=\"twitter:data1\" content=\"studio128k_dam\" \/>\n\t<meta name=\"twitter:label2\" content=\"Est. reading time\" \/>\n\t<meta name=\"twitter:data2\" content=\"4 minutes\" \/>\n<script type=\"application\/ld+json\" class=\"yoast-schema-graph\">{\"@context\":\"https:\\\/\\\/schema.org\",\"@graph\":[{\"@type\":\"Article\",\"@id\":\"https:\\\/\\\/spainfilmcommission.com\\\/en\\\/blog\\\/el-reto-de-la-sostenibilidad-de-la-industria-audiovisual-eje-del-estudio-presentado-por-spain-film-commission-redcau-y-cener-en-mafiz-del-festival-de-malaga-2023\\\/#article\",\"isPartOf\":{\"@id\":\"https:\\\/\\\/spainfilmcommission.com\\\/en\\\/blog\\\/el-reto-de-la-sostenibilidad-de-la-industria-audiovisual-eje-del-estudio-presentado-por-spain-film-commission-redcau-y-cener-en-mafiz-del-festival-de-malaga-2023\\\/\"},\"author\":{\"name\":\"studio128k_dam\",\"@id\":\"https:\\\/\\\/spainfilmcommission.com\\\/en\\\/#\\\/schema\\\/person\\\/6c014ba6ceac198d178a6a9e61113c9d\"},\"headline\":\"El reto de la sostenibilidad de la industria audiovisual, eje del estudio presentado por Spain Film Commission, REDCAU y CENER en MAFIZ del Festival de M\u00e1laga 2023\",\"datePublished\":\"2023-03-14T22:00:00+00:00\",\"dateModified\":\"2025-02-11T07:06:22+00:00\",\"mainEntityOfPage\":{\"@id\":\"https:\\\/\\\/spainfilmcommission.com\\\/en\\\/blog\\\/el-reto-de-la-sostenibilidad-de-la-industria-audiovisual-eje-del-estudio-presentado-por-spain-film-commission-redcau-y-cener-en-mafiz-del-festival-de-malaga-2023\\\/\"},\"wordCount\":891,\"publisher\":{\"@id\":\"https:\\\/\\\/spainfilmcommission.com\\\/en\\\/#organization\"},\"image\":{\"@id\":\"https:\\\/\\\/spainfilmcommission.com\\\/en\\\/blog\\\/el-reto-de-la-sostenibilidad-de-la-industria-audiovisual-eje-del-estudio-presentado-por-spain-film-commission-redcau-y-cener-en-mafiz-del-festival-de-malaga-2023\\\/#primaryimage\"},\"thumbnailUrl\":\"https:\\\/\\\/spainfilmcommission.com\\\/wp-content\\\/uploads\\\/2024\\\/11\\\/el-reto-de-la-sostenibilidad-de-la-industria-audiovisual-eje-del-estudio-presentado-por-spain-film-commission-redcau-y-cener-en-mafiz-del-festival-de-malaga-2023-321.jpeg\",\"articleSection\":[\"Noticias\"],\"inLanguage\":\"en-US\"},{\"@type\":\"WebPage\",\"@id\":\"https:\\\/\\\/spainfilmcommission.com\\\/en\\\/blog\\\/el-reto-de-la-sostenibilidad-de-la-industria-audiovisual-eje-del-estudio-presentado-por-spain-film-commission-redcau-y-cener-en-mafiz-del-festival-de-malaga-2023\\\/\",\"url\":\"https:\\\/\\\/spainfilmcommission.com\\\/en\\\/blog\\\/el-reto-de-la-sostenibilidad-de-la-industria-audiovisual-eje-del-estudio-presentado-por-spain-film-commission-redcau-y-cener-en-mafiz-del-festival-de-malaga-2023\\\/\",\"name\":\"El reto de la sostenibilidad de la industria audiovisual, eje del estudio presentado por Spain Film Commission, REDCAU y CENER en MAFIZ del Festival de M\u00e1laga 2023 - Spain Film Commission\",\"isPartOf\":{\"@id\":\"https:\\\/\\\/spainfilmcommission.com\\\/en\\\/#website\"},\"primaryImageOfPage\":{\"@id\":\"https:\\\/\\\/spainfilmcommission.com\\\/en\\\/blog\\\/el-reto-de-la-sostenibilidad-de-la-industria-audiovisual-eje-del-estudio-presentado-por-spain-film-commission-redcau-y-cener-en-mafiz-del-festival-de-malaga-2023\\\/#primaryimage\"},\"image\":{\"@id\":\"https:\\\/\\\/spainfilmcommission.com\\\/en\\\/blog\\\/el-reto-de-la-sostenibilidad-de-la-industria-audiovisual-eje-del-estudio-presentado-por-spain-film-commission-redcau-y-cener-en-mafiz-del-festival-de-malaga-2023\\\/#primaryimage\"},\"thumbnailUrl\":\"https:\\\/\\\/spainfilmcommission.com\\\/wp-content\\\/uploads\\\/2024\\\/11\\\/el-reto-de-la-sostenibilidad-de-la-industria-audiovisual-eje-del-estudio-presentado-por-spain-film-commission-redcau-y-cener-en-mafiz-del-festival-de-malaga-2023-321.jpeg\",\"datePublished\":\"2023-03-14T22:00:00+00:00\",\"dateModified\":\"2025-02-11T07:06:22+00:00\",\"breadcrumb\":{\"@id\":\"https:\\\/\\\/spainfilmcommission.com\\\/en\\\/blog\\\/el-reto-de-la-sostenibilidad-de-la-industria-audiovisual-eje-del-estudio-presentado-por-spain-film-commission-redcau-y-cener-en-mafiz-del-festival-de-malaga-2023\\\/#breadcrumb\"},\"inLanguage\":\"en-US\",\"potentialAction\":[{\"@type\":\"ReadAction\",\"target\":[\"https:\\\/\\\/spainfilmcommission.com\\\/en\\\/blog\\\/el-reto-de-la-sostenibilidad-de-la-industria-audiovisual-eje-del-estudio-presentado-por-spain-film-commission-redcau-y-cener-en-mafiz-del-festival-de-malaga-2023\\\/\"]}]},{\"@type\":\"ImageObject\",\"inLanguage\":\"en-US\",\"@id\":\"https:\\\/\\\/spainfilmcommission.com\\\/en\\\/blog\\\/el-reto-de-la-sostenibilidad-de-la-industria-audiovisual-eje-del-estudio-presentado-por-spain-film-commission-redcau-y-cener-en-mafiz-del-festival-de-malaga-2023\\\/#primaryimage\",\"url\":\"https:\\\/\\\/spainfilmcommission.com\\\/wp-content\\\/uploads\\\/2024\\\/11\\\/el-reto-de-la-sostenibilidad-de-la-industria-audiovisual-eje-del-estudio-presentado-por-spain-film-commission-redcau-y-cener-en-mafiz-del-festival-de-malaga-2023-321.jpeg\",\"contentUrl\":\"https:\\\/\\\/spainfilmcommission.com\\\/wp-content\\\/uploads\\\/2024\\\/11\\\/el-reto-de-la-sostenibilidad-de-la-industria-audiovisual-eje-del-estudio-presentado-por-spain-film-commission-redcau-y-cener-en-mafiz-del-festival-de-malaga-2023-321.jpeg\",\"width\":1170,\"height\":877},{\"@type\":\"BreadcrumbList\",\"@id\":\"https:\\\/\\\/spainfilmcommission.com\\\/en\\\/blog\\\/el-reto-de-la-sostenibilidad-de-la-industria-audiovisual-eje-del-estudio-presentado-por-spain-film-commission-redcau-y-cener-en-mafiz-del-festival-de-malaga-2023\\\/#breadcrumb\",\"itemListElement\":[{\"@type\":\"ListItem\",\"position\":1,\"name\":\"Portada\",\"item\":\"https:\\\/\\\/spainfilmcommission.com\\\/en\\\/\"},{\"@type\":\"ListItem\",\"position\":2,\"name\":\"El reto de la sostenibilidad de la industria audiovisual, eje del estudio presentado por Spain Film Commission, REDCAU y CENER en MAFIZ del Festival de M\u00e1laga 2023\"}]},{\"@type\":\"WebSite\",\"@id\":\"https:\\\/\\\/spainfilmcommission.com\\\/en\\\/#website\",\"url\":\"https:\\\/\\\/spainfilmcommission.com\\\/en\\\/\",\"name\":\"Spain Film Commission\",\"description\":\"\",\"publisher\":{\"@id\":\"https:\\\/\\\/spainfilmcommission.com\\\/en\\\/#organization\"},\"potentialAction\":[{\"@type\":\"SearchAction\",\"target\":{\"@type\":\"EntryPoint\",\"urlTemplate\":\"https:\\\/\\\/spainfilmcommission.com\\\/en\\\/?s={search_term_string}\"},\"query-input\":{\"@type\":\"PropertyValueSpecification\",\"valueRequired\":true,\"valueName\":\"search_term_string\"}}],\"inLanguage\":\"en-US\"},{\"@type\":\"Organization\",\"@id\":\"https:\\\/\\\/spainfilmcommission.com\\\/en\\\/#organization\",\"name\":\"Spain Film Commission\",\"url\":\"https:\\\/\\\/spainfilmcommission.com\\\/en\\\/\",\"logo\":{\"@type\":\"ImageObject\",\"inLanguage\":\"en-US\",\"@id\":\"https:\\\/\\\/spainfilmcommission.com\\\/en\\\/#\\\/schema\\\/logo\\\/image\\\/\",\"url\":\"https:\\\/\\\/spainfilmcommission.com\\\/wp-content\\\/uploads\\\/2024\\\/07\\\/SPC_COLOR.png\",\"contentUrl\":\"https:\\\/\\\/spainfilmcommission.com\\\/wp-content\\\/uploads\\\/2024\\\/07\\\/SPC_COLOR.png\",\"width\":1665,\"height\":1665,\"caption\":\"Spain Film Commission\"},\"image\":{\"@id\":\"https:\\\/\\\/spainfilmcommission.com\\\/en\\\/#\\\/schema\\\/logo\\\/image\\\/\"}},{\"@type\":\"Person\",\"@id\":\"https:\\\/\\\/spainfilmcommission.com\\\/en\\\/#\\\/schema\\\/person\\\/6c014ba6ceac198d178a6a9e61113c9d\",\"name\":\"studio128k_dam\",\"image\":{\"@type\":\"ImageObject\",\"inLanguage\":\"en-US\",\"@id\":\"https:\\\/\\\/secure.gravatar.com\\\/avatar\\\/810f99144a13522c24aa173f9cd8bf079d0e89758af00b5f2938443cd51b31e9?s=96&d=mm&r=g\",\"url\":\"https:\\\/\\\/secure.gravatar.com\\\/avatar\\\/810f99144a13522c24aa173f9cd8bf079d0e89758af00b5f2938443cd51b31e9?s=96&d=mm&r=g\",\"contentUrl\":\"https:\\\/\\\/secure.gravatar.com\\\/avatar\\\/810f99144a13522c24aa173f9cd8bf079d0e89758af00b5f2938443cd51b31e9?s=96&d=mm&r=g\",\"caption\":\"studio128k_dam\"}}]}<\/script>\n<!-- \/ Yoast SEO plugin. -->","yoast_head_json":{"title":"El reto de la sostenibilidad de la industria audiovisual, eje del estudio presentado por Spain Film Commission, REDCAU y CENER en MAFIZ del Festival de M\u00e1laga 2023 - Spain Film Commission","robots":{"index":"index","follow":"follow","max-snippet":"max-snippet:-1","max-image-preview":"max-image-preview:large","max-video-preview":"max-video-preview:-1"},"canonical":"https:\/\/spainfilmcommission.com\/en\/blog\/el-reto-de-la-sostenibilidad-de-la-industria-audiovisual-eje-del-estudio-presentado-por-spain-film-commission-redcau-y-cener-en-mafiz-del-festival-de-malaga-2023\/","og_locale":"en_US","og_type":"article","og_title":"El reto de la sostenibilidad de la industria audiovisual, eje del estudio presentado por Spain Film Commission, REDCAU y CENER en MAFIZ del Festival de M\u00e1laga 2023 - Spain Film Commission","og_description":"El estudio sobre la situaci\u00f3n actual del sector ha sido liderado por Spain Film Commission en el marco del proyecto Spain Film Friendly Land. La Red Espa\u00f1ola de Clusters Audiovisuales [&hellip;]","og_url":"https:\/\/spainfilmcommission.com\/en\/blog\/el-reto-de-la-sostenibilidad-de-la-industria-audiovisual-eje-del-estudio-presentado-por-spain-film-commission-redcau-y-cener-en-mafiz-del-festival-de-malaga-2023\/","og_site_name":"Spain Film Commission","article_published_time":"2023-03-14T22:00:00+00:00","article_modified_time":"2025-02-11T07:06:22+00:00","og_image":[{"width":1170,"height":877,"url":"https:\/\/spainfilmcommission.com\/wp-content\/uploads\/2024\/11\/el-reto-de-la-sostenibilidad-de-la-industria-audiovisual-eje-del-estudio-presentado-por-spain-film-commission-redcau-y-cener-en-mafiz-del-festival-de-malaga-2023-321.jpeg","type":"image\/jpeg"}],"author":"studio128k_dam","twitter_card":"summary_large_image","twitter_misc":{"Written by":"studio128k_dam","Est. reading time":"4 minutes"},"schema":{"@context":"https:\/\/schema.org","@graph":[{"@type":"Article","@id":"https:\/\/spainfilmcommission.com\/en\/blog\/el-reto-de-la-sostenibilidad-de-la-industria-audiovisual-eje-del-estudio-presentado-por-spain-film-commission-redcau-y-cener-en-mafiz-del-festival-de-malaga-2023\/#article","isPartOf":{"@id":"https:\/\/spainfilmcommission.com\/en\/blog\/el-reto-de-la-sostenibilidad-de-la-industria-audiovisual-eje-del-estudio-presentado-por-spain-film-commission-redcau-y-cener-en-mafiz-del-festival-de-malaga-2023\/"},"author":{"name":"studio128k_dam","@id":"https:\/\/spainfilmcommission.com\/en\/#\/schema\/person\/6c014ba6ceac198d178a6a9e61113c9d"},"headline":"El reto de la sostenibilidad de la industria audiovisual, eje del estudio presentado por Spain Film Commission, REDCAU y CENER en MAFIZ del Festival de M\u00e1laga 2023","datePublished":"2023-03-14T22:00:00+00:00","dateModified":"2025-02-11T07:06:22+00:00","mainEntityOfPage":{"@id":"https:\/\/spainfilmcommission.com\/en\/blog\/el-reto-de-la-sostenibilidad-de-la-industria-audiovisual-eje-del-estudio-presentado-por-spain-film-commission-redcau-y-cener-en-mafiz-del-festival-de-malaga-2023\/"},"wordCount":891,"publisher":{"@id":"https:\/\/spainfilmcommission.com\/en\/#organization"},"image":{"@id":"https:\/\/spainfilmcommission.com\/en\/blog\/el-reto-de-la-sostenibilidad-de-la-industria-audiovisual-eje-del-estudio-presentado-por-spain-film-commission-redcau-y-cener-en-mafiz-del-festival-de-malaga-2023\/#primaryimage"},"thumbnailUrl":"https:\/\/spainfilmcommission.com\/wp-content\/uploads\/2024\/11\/el-reto-de-la-sostenibilidad-de-la-industria-audiovisual-eje-del-estudio-presentado-por-spain-film-commission-redcau-y-cener-en-mafiz-del-festival-de-malaga-2023-321.jpeg","articleSection":["Noticias"],"inLanguage":"en-US"},{"@type":"WebPage","@id":"https:\/\/spainfilmcommission.com\/en\/blog\/el-reto-de-la-sostenibilidad-de-la-industria-audiovisual-eje-del-estudio-presentado-por-spain-film-commission-redcau-y-cener-en-mafiz-del-festival-de-malaga-2023\/","url":"https:\/\/spainfilmcommission.com\/en\/blog\/el-reto-de-la-sostenibilidad-de-la-industria-audiovisual-eje-del-estudio-presentado-por-spain-film-commission-redcau-y-cener-en-mafiz-del-festival-de-malaga-2023\/","name":"El reto de la sostenibilidad de la industria audiovisual, eje del estudio presentado por Spain Film Commission, REDCAU y CENER en MAFIZ del Festival de M\u00e1laga 2023 - Spain Film Commission","isPartOf":{"@id":"https:\/\/spainfilmcommission.com\/en\/#website"},"primaryImageOfPage":{"@id":"https:\/\/spainfilmcommission.com\/en\/blog\/el-reto-de-la-sostenibilidad-de-la-industria-audiovisual-eje-del-estudio-presentado-por-spain-film-commission-redcau-y-cener-en-mafiz-del-festival-de-malaga-2023\/#primaryimage"},"image":{"@id":"https:\/\/spainfilmcommission.com\/en\/blog\/el-reto-de-la-sostenibilidad-de-la-industria-audiovisual-eje-del-estudio-presentado-por-spain-film-commission-redcau-y-cener-en-mafiz-del-festival-de-malaga-2023\/#primaryimage"},"thumbnailUrl":"https:\/\/spainfilmcommission.com\/wp-content\/uploads\/2024\/11\/el-reto-de-la-sostenibilidad-de-la-industria-audiovisual-eje-del-estudio-presentado-por-spain-film-commission-redcau-y-cener-en-mafiz-del-festival-de-malaga-2023-321.jpeg","datePublished":"2023-03-14T22:00:00+00:00","dateModified":"2025-02-11T07:06:22+00:00","breadcrumb":{"@id":"https:\/\/spainfilmcommission.com\/en\/blog\/el-reto-de-la-sostenibilidad-de-la-industria-audiovisual-eje-del-estudio-presentado-por-spain-film-commission-redcau-y-cener-en-mafiz-del-festival-de-malaga-2023\/#breadcrumb"},"inLanguage":"en-US","potentialAction":[{"@type":"ReadAction","target":["https:\/\/spainfilmcommission.com\/en\/blog\/el-reto-de-la-sostenibilidad-de-la-industria-audiovisual-eje-del-estudio-presentado-por-spain-film-commission-redcau-y-cener-en-mafiz-del-festival-de-malaga-2023\/"]}]},{"@type":"ImageObject","inLanguage":"en-US","@id":"https:\/\/spainfilmcommission.com\/en\/blog\/el-reto-de-la-sostenibilidad-de-la-industria-audiovisual-eje-del-estudio-presentado-por-spain-film-commission-redcau-y-cener-en-mafiz-del-festival-de-malaga-2023\/#primaryimage","url":"https:\/\/spainfilmcommission.com\/wp-content\/uploads\/2024\/11\/el-reto-de-la-sostenibilidad-de-la-industria-audiovisual-eje-del-estudio-presentado-por-spain-film-commission-redcau-y-cener-en-mafiz-del-festival-de-malaga-2023-321.jpeg","contentUrl":"https:\/\/spainfilmcommission.com\/wp-content\/uploads\/2024\/11\/el-reto-de-la-sostenibilidad-de-la-industria-audiovisual-eje-del-estudio-presentado-por-spain-film-commission-redcau-y-cener-en-mafiz-del-festival-de-malaga-2023-321.jpeg","width":1170,"height":877},{"@type":"BreadcrumbList","@id":"https:\/\/spainfilmcommission.com\/en\/blog\/el-reto-de-la-sostenibilidad-de-la-industria-audiovisual-eje-del-estudio-presentado-por-spain-film-commission-redcau-y-cener-en-mafiz-del-festival-de-malaga-2023\/#breadcrumb","itemListElement":[{"@type":"ListItem","position":1,"name":"Portada","item":"https:\/\/spainfilmcommission.com\/en\/"},{"@type":"ListItem","position":2,"name":"El reto de la sostenibilidad de la industria audiovisual, eje del estudio presentado por Spain Film Commission, REDCAU y CENER en MAFIZ del Festival de M\u00e1laga 2023"}]},{"@type":"WebSite","@id":"https:\/\/spainfilmcommission.com\/en\/#website","url":"https:\/\/spainfilmcommission.com\/en\/","name":"Spain Film Commission","description":"","publisher":{"@id":"https:\/\/spainfilmcommission.com\/en\/#organization"},"potentialAction":[{"@type":"SearchAction","target":{"@type":"EntryPoint","urlTemplate":"https:\/\/spainfilmcommission.com\/en\/?s={search_term_string}"},"query-input":{"@type":"PropertyValueSpecification","valueRequired":true,"valueName":"search_term_string"}}],"inLanguage":"en-US"},{"@type":"Organization","@id":"https:\/\/spainfilmcommission.com\/en\/#organization","name":"Spain Film Commission","url":"https:\/\/spainfilmcommission.com\/en\/","logo":{"@type":"ImageObject","inLanguage":"en-US","@id":"https:\/\/spainfilmcommission.com\/en\/#\/schema\/logo\/image\/","url":"https:\/\/spainfilmcommission.com\/wp-content\/uploads\/2024\/07\/SPC_COLOR.png","contentUrl":"https:\/\/spainfilmcommission.com\/wp-content\/uploads\/2024\/07\/SPC_COLOR.png","width":1665,"height":1665,"caption":"Spain Film Commission"},"image":{"@id":"https:\/\/spainfilmcommission.com\/en\/#\/schema\/logo\/image\/"}},{"@type":"Person","@id":"https:\/\/spainfilmcommission.com\/en\/#\/schema\/person\/6c014ba6ceac198d178a6a9e61113c9d","name":"studio128k_dam","image":{"@type":"ImageObject","inLanguage":"en-US","@id":"https:\/\/secure.gravatar.com\/avatar\/810f99144a13522c24aa173f9cd8bf079d0e89758af00b5f2938443cd51b31e9?s=96&d=mm&r=g","url":"https:\/\/secure.gravatar.com\/avatar\/810f99144a13522c24aa173f9cd8bf079d0e89758af00b5f2938443cd51b31e9?s=96&d=mm&r=g","contentUrl":"https:\/\/secure.gravatar.com\/avatar\/810f99144a13522c24aa173f9cd8bf079d0e89758af00b5f2938443cd51b31e9?s=96&d=mm&r=g","caption":"studio128k_dam"}}]}},"_links":{"self":[{"href":"https:\/\/spainfilmcommission.com\/en\/wp-json\/wp\/v2\/posts\/8789","targetHints":{"allow":["GET"]}}],"collection":[{"href":"https:\/\/spainfilmcommission.com\/en\/wp-json\/wp\/v2\/posts"}],"about":[{"href":"https:\/\/spainfilmcommission.com\/en\/wp-json\/wp\/v2\/types\/post"}],"author":[{"embeddable":true,"href":"https:\/\/spainfilmcommission.com\/en\/wp-json\/wp\/v2\/users\/2"}],"replies":[{"embeddable":true,"href":"https:\/\/spainfilmcommission.com\/en\/wp-json\/wp\/v2\/comments?post=8789"}],"version-history":[{"count":0,"href":"https:\/\/spainfilmcommission.com\/en\/wp-json\/wp\/v2\/posts\/8789\/revisions"}],"wp:featuredmedia":[{"embeddable":true,"href":"https:\/\/spainfilmcommission.com\/en\/wp-json\/wp\/v2\/media\/8790"}],"wp:attachment":[{"href":"https:\/\/spainfilmcommission.com\/en\/wp-json\/wp\/v2\/media?parent=8789"}],"wp:term":[{"taxonomy":"category","embeddable":true,"href":"https:\/\/spainfilmcommission.com\/en\/wp-json\/wp\/v2\/categories?post=8789"},{"taxonomy":"post_tag","embeddable":true,"href":"https:\/\/spainfilmcommission.com\/en\/wp-json\/wp\/v2\/tags?post=8789"}],"curies":[{"name":"wp","href":"https:\/\/api.w.org\/{rel}","templated":true}]}}