{"id":8786,"date":"2023-03-09T00:00:00","date_gmt":"2023-03-08T22:00:00","guid":{"rendered":"https:\/\/sfc.com\/peliculas-falleras-y-pirotecnicas-de-un-director-mediterraneo\/"},"modified":"2025-02-11T08:06:23","modified_gmt":"2025-02-11T07:06:23","slug":"peliculas-falleras-y-pirotecnicas-de-un-director-mediterraneo","status":"publish","type":"post","link":"https:\/\/spainfilmcommission.com\/en\/blog\/peliculas-falleras-y-pirotecnicas-de-un-director-mediterraneo\/","title":{"rendered":"Pel\u00edculas falleras y pirot\u00e9cnicas de un director mediterr\u00e1neo"},"content":{"rendered":"<p>Valencia nos da cada a\u00f1o una buena excusa para visitarla. Las Fallas son Patrimonio Cultural Inmaterial de la Humanidad y una cita para todos los que quieren vivir una experiencia \u00fanica. Pero hay muchas m\u00e1s razones para conocer esta ciudad que presume de su pasado hist\u00f3rico, pero se atreve con las grandes construcciones del siglo XXI.<\/p>\n<p>Para los mit\u00f3manos del s\u00e9ptimo arte, cualquier lugar relacionado con actores y rodajes se convierte en objeto de peregrinaje. Con los directores, sin embargo, no se produce tanto ese fen\u00f3meno &#8220;fan&#8221;. Quiz\u00e1s porque muchas veces se desconoce de d\u00f3nde es el cineasta, quiz\u00e1s porque nos parece que su lugar de nacimiento no tiene mayor importancia.<\/p>\n<p>En el caso de Lu\u00eds Garc\u00eda Berlanga, ocurre justo lo contrario. El director de obras maestras como &#8220;El verdugo&#8221;, &#8220;Pl\u00e1cido&#8221; y &#8220;Bienvenido, M\u00edster Marshall&#8221;, naci\u00f3, se crio y vivi\u00f3 en Valencia, y esta hermosa y c\u00e1lida capital marc\u00f3 en gran medida su trayectoria. \u00c9l mismo defini\u00f3 sus pel\u00edculas como &#8220;falleras, pirot\u00e9cnicas y rodadas sobre la inspiraci\u00f3n instant\u00e1nea del &#8220;pensat i fet&#8221; (pensado y hecho).<\/p>\n<p>Berlanga volvi\u00f3 siempre a su ciudad en busca de inspiraci\u00f3n, por lo que, seguir sus pasos a trav\u00e9s de los lugares que le gustaba frecuentar, es entender mejor la simbolog\u00eda de su cine. Por eso, Valencia Film Office y el Ayuntamiento de Valencia quisieron celebrar su centenario (en 2021) ofreciendo al viajero de pantalla un recorrido por los cines, los caf\u00e9s, las bibliotecas y los museos que formaron al director ilustrado que fue don Luis<\/p>\n<h3><strong>LA RUTA<\/strong><\/h3>\n<p>Hacer la ruta de Berlanga supone recorrer algunos de los lugares m\u00e1s hermosos y emblem\u00e1ticos de Valencia a trav\u00e9s de la mirada del Berlanga ni\u00f1o y del cineasta adulto. A lo largo de casi dos horas, el turista pasea por la Plaza del Ayuntamiento, la Estaci\u00f3n del Norte, la Plaza de Toros, el Paseo Ruzafa, el cine Rialto, el hotel Londres, el antiguo bar Torino y el Palau de Forcall\u00f3.\u00a0<\/p>\n<p>Berlanga naci\u00f3 en el n\u00famero 13 de la entonces calle C\u00edscar, que hoy corresponder\u00eda al cruce de Conde Salvatierra con Sorn\u00ed. Al parecer, lo suyo con el s\u00e9ptimo arte empez\u00f3 en el cine Rialto donde, seg\u00fan \u00e9l mismo contaba, tuvo una revelaci\u00f3n viendo &#8220;Don Quijote&#8221; de Pabst. De ah\u00ed que, aunque como muchos espa\u00f1oles de la \u00e9poca se matricul\u00f3 en Filosof\u00eda y Letras, en menos de un a\u00f1o decidi\u00f3 dedicarse profesionalmente al cine, para lo que se traslad\u00f3 a Madrid, donde estaba el Instituto de Investigaciones y Experiencias Cinematogr\u00e1ficas (IIEC). Por cierto, que all\u00ed conoci\u00f3 a Juan Antonio Bardem, con quien rodar\u00eda su primer largometraje en 1951: &#8220;Esa pareja feliz&#8221;.<\/p>\n<p>Luego vendr\u00edan &#8220;Bienvenido, M\u00edster Marshall&#8221;, &#8220;Calabuch&#8221;, &#8220;Pl\u00e1cido&#8221;, &#8220;El verdugo&#8221;&#8230; tantos y tantos t\u00edtulos que bien le valieron el reconocimiento de la cr\u00edtica y de sus propios compa\u00f1eros en Cannes, Venecia e incluso Hollywood.<\/p>\n<p>Esta visita evoca esos cines, esos caf\u00e9s y esas tertulias, conformando el relato de un joven adolescente que, con los a\u00f1os, propici\u00f3 argumentos filos\u00f3ficos en sus cintas que nos hicieron reflexionar sobre nuestras vidas.<\/p>\n<p>No dejes de apuntar esta referencia como imprescindible para tu pr\u00f3xima visita a Valencia. Para reservar una ruta en exclusiva para ti y tu grupo, escribe a <a href=\"mailto:valenciafilmoffice@visitvalencia.es\" target=\"_blank\">valenciafilmoffice@visitvalencia.es<\/a><\/p>\n<h3><strong>OTROS LUGARES DE VALENCIA QUE NO TE DEBES PERDER<\/strong><\/h3>\n<p>Adem\u00e1s de las Fallas, hay otras fiestas muy pr\u00f3ximas que tampoco te debes perder en este destino, como la Semana Santa Marinera. Cualquier excusa es buena para unas vacaciones en Valencia y aqu\u00ed te vamos a dar otras cinco razones m\u00e1s para visitarla:<\/p>\n<p><a href=\"https:\/\/www.visitvalencia.com\/que-ver-valencia\/albufera-valencia\" target=\"_blank\">La Albufera<\/a>. A solo 10 kms de la ciudad, un entorno de ensue\u00f1o donde la tranquilidad del paisaje y la luz que lo envuelve te har\u00e1n sentir en un lugar muy lejano. Y, adem\u00e1s, \u00a1all\u00ed se invent\u00f3 la paella!<\/p>\n<p><a href=\"https:\/\/www.visitvalencia.com\/que-hacer-valencia\/cultura-valenciana\/monumentos-en-valencia\/lonja-seda\" target=\"_blank\">La Lonja de la Seda<\/a>. Una joya del g\u00f3tico civil, Patrimonio de la Humanidad. Su uso original era servir de banco y centro de mercadeo de tejidos en la Edad Media.<\/p>\n<p><a href=\"https:\/\/www.visitvalencia.com\/que-hacer-valencia\/cultura-valenciana\/monumentos-en-valencia\/catedral-valencia\" target=\"_blank\">Catedral, Miguelete y Santo C\u00e1liz.<\/a> La catedral g\u00f3tica, la leyenda del aut\u00e9ntico santo grial y una torre que domina la ciudad, todos en el mismo sitio. Pasear por las calles que los rodean, especialmente de noche, te transportar\u00e1 a otros tiempos.<\/p>\n<p><a href=\"https:\/\/www.visitvalencia.com\/que-ver-valencia\/jardines-del-turia\" target=\"_blank\">El jard\u00edn del Turia<\/a>. Nada menos que 9 kms de paseo en mitad del centro urbano. Entre otras muchas actividades divertidas, en el Parque de Cabecera puedes alquilar peque\u00f1as barcas con forma de cisne y en los estanques que rodean la Ciudad de las Artes y las Ciencias, en los meses estivales hay bolas para andar sobre el agua y canoas.<\/p>\n<p><a href=\"https:\/\/www.visitvalencia.com\/que-ver-valencia\/ciudad-de-las-artes-y-de-las-ciencias-y-pla-del-real\/cuidad-de-las-artes-y-de-las-ciencias\" target=\"_blank\">La Ciudad de las Artes y las Ciencias<\/a>. Otro enorme plat\u00f3 de rodaje para series y pel\u00edculas. En realidad, es un complejo de ocio cient\u00edfico y cultural para disfrutar en familia, pero su arquitectura es tan innovadora y espectacular, que solo con pasear por ella te parecer\u00e1 que est\u00e1s en un futuro no tan lejano.<\/p>\n<p>\u00a0<\/p>\n<p>\u00a0<\/p>\n<p>\u00a0<\/p>\n<h3><strong>#SHOOTINGINSPAIN #RUEDAENESPA\u00d1A #WEMAKETHEMAGIC<\/strong><\/h3>\n","protected":false},"excerpt":{"rendered":"<p>Valencia nos da cada a\u00f1o una buena excusa para visitarla. Las Fallas son Patrimonio Cultural Inmaterial de la Humanidad y una cita para todos los que quieren vivir una experiencia [&hellip;]<\/p>\n","protected":false},"author":2,"featured_media":8787,"comment_status":"closed","ping_status":"","sticky":false,"template":"","format":"standard","meta":{"footnotes":""},"categories":[38],"tags":[],"class_list":["post-8786","post","type-post","status-publish","format-standard","has-post-thumbnail","hentry","category-noticias"],"yoast_head":"<!-- This site is optimized with the Yoast SEO plugin v27.3 - https:\/\/yoast.com\/product\/yoast-seo-wordpress\/ -->\n<title>Pel\u00edculas falleras y pirot\u00e9cnicas de un director mediterr\u00e1neo - Spain Film Commission<\/title>\n<meta name=\"robots\" content=\"index, follow, max-snippet:-1, max-image-preview:large, max-video-preview:-1\" \/>\n<link rel=\"canonical\" href=\"https:\/\/spainfilmcommission.com\/en\/blog\/peliculas-falleras-y-pirotecnicas-de-un-director-mediterraneo\/\" \/>\n<meta property=\"og:locale\" content=\"en_US\" \/>\n<meta property=\"og:type\" content=\"article\" \/>\n<meta property=\"og:title\" content=\"Pel\u00edculas falleras y pirot\u00e9cnicas de un director mediterr\u00e1neo - Spain Film Commission\" \/>\n<meta property=\"og:description\" content=\"Valencia nos da cada a\u00f1o una buena excusa para visitarla. Las Fallas son Patrimonio Cultural Inmaterial de la Humanidad y una cita para todos los que quieren vivir una experiencia [&hellip;]\" \/>\n<meta property=\"og:url\" content=\"https:\/\/spainfilmcommission.com\/en\/blog\/peliculas-falleras-y-pirotecnicas-de-un-director-mediterraneo\/\" \/>\n<meta property=\"og:site_name\" content=\"Spain Film Commission\" \/>\n<meta property=\"article:published_time\" content=\"2023-03-08T22:00:00+00:00\" \/>\n<meta property=\"article:modified_time\" content=\"2025-02-11T07:06:23+00:00\" \/>\n<meta property=\"og:image\" content=\"https:\/\/spainfilmcommission.com\/wp-content\/uploads\/2024\/11\/peliculas-falleras-y-pirotecnicas-de-un-director-mediterraneo-320.png\" \/>\n\t<meta property=\"og:image:width\" content=\"350\" \/>\n\t<meta property=\"og:image:height\" content=\"250\" \/>\n\t<meta property=\"og:image:type\" content=\"image\/png\" \/>\n<meta name=\"author\" content=\"studio128k_dam\" \/>\n<meta name=\"twitter:card\" content=\"summary_large_image\" \/>\n<meta name=\"twitter:label1\" content=\"Written by\" \/>\n\t<meta name=\"twitter:data1\" content=\"studio128k_dam\" \/>\n\t<meta name=\"twitter:label2\" content=\"Est. reading time\" \/>\n\t<meta name=\"twitter:data2\" content=\"4 minutes\" \/>\n<script type=\"application\/ld+json\" class=\"yoast-schema-graph\">{\"@context\":\"https:\\\/\\\/schema.org\",\"@graph\":[{\"@type\":\"Article\",\"@id\":\"https:\\\/\\\/spainfilmcommission.com\\\/en\\\/blog\\\/peliculas-falleras-y-pirotecnicas-de-un-director-mediterraneo\\\/#article\",\"isPartOf\":{\"@id\":\"https:\\\/\\\/spainfilmcommission.com\\\/en\\\/blog\\\/peliculas-falleras-y-pirotecnicas-de-un-director-mediterraneo\\\/\"},\"author\":{\"name\":\"studio128k_dam\",\"@id\":\"https:\\\/\\\/spainfilmcommission.com\\\/en\\\/#\\\/schema\\\/person\\\/6c014ba6ceac198d178a6a9e61113c9d\"},\"headline\":\"Pel\u00edculas falleras y pirot\u00e9cnicas de un director mediterr\u00e1neo\",\"datePublished\":\"2023-03-08T22:00:00+00:00\",\"dateModified\":\"2025-02-11T07:06:23+00:00\",\"mainEntityOfPage\":{\"@id\":\"https:\\\/\\\/spainfilmcommission.com\\\/en\\\/blog\\\/peliculas-falleras-y-pirotecnicas-de-un-director-mediterraneo\\\/\"},\"wordCount\":881,\"publisher\":{\"@id\":\"https:\\\/\\\/spainfilmcommission.com\\\/en\\\/#organization\"},\"image\":{\"@id\":\"https:\\\/\\\/spainfilmcommission.com\\\/en\\\/blog\\\/peliculas-falleras-y-pirotecnicas-de-un-director-mediterraneo\\\/#primaryimage\"},\"thumbnailUrl\":\"https:\\\/\\\/spainfilmcommission.com\\\/wp-content\\\/uploads\\\/2024\\\/11\\\/peliculas-falleras-y-pirotecnicas-de-un-director-mediterraneo-320.png\",\"articleSection\":[\"Noticias\"],\"inLanguage\":\"en-US\"},{\"@type\":\"WebPage\",\"@id\":\"https:\\\/\\\/spainfilmcommission.com\\\/en\\\/blog\\\/peliculas-falleras-y-pirotecnicas-de-un-director-mediterraneo\\\/\",\"url\":\"https:\\\/\\\/spainfilmcommission.com\\\/en\\\/blog\\\/peliculas-falleras-y-pirotecnicas-de-un-director-mediterraneo\\\/\",\"name\":\"Pel\u00edculas falleras y pirot\u00e9cnicas de un director mediterr\u00e1neo - Spain Film Commission\",\"isPartOf\":{\"@id\":\"https:\\\/\\\/spainfilmcommission.com\\\/en\\\/#website\"},\"primaryImageOfPage\":{\"@id\":\"https:\\\/\\\/spainfilmcommission.com\\\/en\\\/blog\\\/peliculas-falleras-y-pirotecnicas-de-un-director-mediterraneo\\\/#primaryimage\"},\"image\":{\"@id\":\"https:\\\/\\\/spainfilmcommission.com\\\/en\\\/blog\\\/peliculas-falleras-y-pirotecnicas-de-un-director-mediterraneo\\\/#primaryimage\"},\"thumbnailUrl\":\"https:\\\/\\\/spainfilmcommission.com\\\/wp-content\\\/uploads\\\/2024\\\/11\\\/peliculas-falleras-y-pirotecnicas-de-un-director-mediterraneo-320.png\",\"datePublished\":\"2023-03-08T22:00:00+00:00\",\"dateModified\":\"2025-02-11T07:06:23+00:00\",\"breadcrumb\":{\"@id\":\"https:\\\/\\\/spainfilmcommission.com\\\/en\\\/blog\\\/peliculas-falleras-y-pirotecnicas-de-un-director-mediterraneo\\\/#breadcrumb\"},\"inLanguage\":\"en-US\",\"potentialAction\":[{\"@type\":\"ReadAction\",\"target\":[\"https:\\\/\\\/spainfilmcommission.com\\\/en\\\/blog\\\/peliculas-falleras-y-pirotecnicas-de-un-director-mediterraneo\\\/\"]}]},{\"@type\":\"ImageObject\",\"inLanguage\":\"en-US\",\"@id\":\"https:\\\/\\\/spainfilmcommission.com\\\/en\\\/blog\\\/peliculas-falleras-y-pirotecnicas-de-un-director-mediterraneo\\\/#primaryimage\",\"url\":\"https:\\\/\\\/spainfilmcommission.com\\\/wp-content\\\/uploads\\\/2024\\\/11\\\/peliculas-falleras-y-pirotecnicas-de-un-director-mediterraneo-320.png\",\"contentUrl\":\"https:\\\/\\\/spainfilmcommission.com\\\/wp-content\\\/uploads\\\/2024\\\/11\\\/peliculas-falleras-y-pirotecnicas-de-un-director-mediterraneo-320.png\",\"width\":350,\"height\":250},{\"@type\":\"BreadcrumbList\",\"@id\":\"https:\\\/\\\/spainfilmcommission.com\\\/en\\\/blog\\\/peliculas-falleras-y-pirotecnicas-de-un-director-mediterraneo\\\/#breadcrumb\",\"itemListElement\":[{\"@type\":\"ListItem\",\"position\":1,\"name\":\"Portada\",\"item\":\"https:\\\/\\\/spainfilmcommission.com\\\/en\\\/\"},{\"@type\":\"ListItem\",\"position\":2,\"name\":\"Pel\u00edculas falleras y pirot\u00e9cnicas de un director mediterr\u00e1neo\"}]},{\"@type\":\"WebSite\",\"@id\":\"https:\\\/\\\/spainfilmcommission.com\\\/en\\\/#website\",\"url\":\"https:\\\/\\\/spainfilmcommission.com\\\/en\\\/\",\"name\":\"Spain Film Commission\",\"description\":\"\",\"publisher\":{\"@id\":\"https:\\\/\\\/spainfilmcommission.com\\\/en\\\/#organization\"},\"potentialAction\":[{\"@type\":\"SearchAction\",\"target\":{\"@type\":\"EntryPoint\",\"urlTemplate\":\"https:\\\/\\\/spainfilmcommission.com\\\/en\\\/?s={search_term_string}\"},\"query-input\":{\"@type\":\"PropertyValueSpecification\",\"valueRequired\":true,\"valueName\":\"search_term_string\"}}],\"inLanguage\":\"en-US\"},{\"@type\":\"Organization\",\"@id\":\"https:\\\/\\\/spainfilmcommission.com\\\/en\\\/#organization\",\"name\":\"Spain Film Commission\",\"url\":\"https:\\\/\\\/spainfilmcommission.com\\\/en\\\/\",\"logo\":{\"@type\":\"ImageObject\",\"inLanguage\":\"en-US\",\"@id\":\"https:\\\/\\\/spainfilmcommission.com\\\/en\\\/#\\\/schema\\\/logo\\\/image\\\/\",\"url\":\"https:\\\/\\\/spainfilmcommission.com\\\/wp-content\\\/uploads\\\/2024\\\/07\\\/SPC_COLOR.png\",\"contentUrl\":\"https:\\\/\\\/spainfilmcommission.com\\\/wp-content\\\/uploads\\\/2024\\\/07\\\/SPC_COLOR.png\",\"width\":1665,\"height\":1665,\"caption\":\"Spain Film Commission\"},\"image\":{\"@id\":\"https:\\\/\\\/spainfilmcommission.com\\\/en\\\/#\\\/schema\\\/logo\\\/image\\\/\"}},{\"@type\":\"Person\",\"@id\":\"https:\\\/\\\/spainfilmcommission.com\\\/en\\\/#\\\/schema\\\/person\\\/6c014ba6ceac198d178a6a9e61113c9d\",\"name\":\"studio128k_dam\",\"image\":{\"@type\":\"ImageObject\",\"inLanguage\":\"en-US\",\"@id\":\"https:\\\/\\\/secure.gravatar.com\\\/avatar\\\/810f99144a13522c24aa173f9cd8bf079d0e89758af00b5f2938443cd51b31e9?s=96&d=mm&r=g\",\"url\":\"https:\\\/\\\/secure.gravatar.com\\\/avatar\\\/810f99144a13522c24aa173f9cd8bf079d0e89758af00b5f2938443cd51b31e9?s=96&d=mm&r=g\",\"contentUrl\":\"https:\\\/\\\/secure.gravatar.com\\\/avatar\\\/810f99144a13522c24aa173f9cd8bf079d0e89758af00b5f2938443cd51b31e9?s=96&d=mm&r=g\",\"caption\":\"studio128k_dam\"}}]}<\/script>\n<!-- \/ Yoast SEO plugin. -->","yoast_head_json":{"title":"Pel\u00edculas falleras y pirot\u00e9cnicas de un director mediterr\u00e1neo - Spain Film Commission","robots":{"index":"index","follow":"follow","max-snippet":"max-snippet:-1","max-image-preview":"max-image-preview:large","max-video-preview":"max-video-preview:-1"},"canonical":"https:\/\/spainfilmcommission.com\/en\/blog\/peliculas-falleras-y-pirotecnicas-de-un-director-mediterraneo\/","og_locale":"en_US","og_type":"article","og_title":"Pel\u00edculas falleras y pirot\u00e9cnicas de un director mediterr\u00e1neo - Spain Film Commission","og_description":"Valencia nos da cada a\u00f1o una buena excusa para visitarla. Las Fallas son Patrimonio Cultural Inmaterial de la Humanidad y una cita para todos los que quieren vivir una experiencia [&hellip;]","og_url":"https:\/\/spainfilmcommission.com\/en\/blog\/peliculas-falleras-y-pirotecnicas-de-un-director-mediterraneo\/","og_site_name":"Spain Film Commission","article_published_time":"2023-03-08T22:00:00+00:00","article_modified_time":"2025-02-11T07:06:23+00:00","og_image":[{"width":350,"height":250,"url":"https:\/\/spainfilmcommission.com\/wp-content\/uploads\/2024\/11\/peliculas-falleras-y-pirotecnicas-de-un-director-mediterraneo-320.png","type":"image\/png"}],"author":"studio128k_dam","twitter_card":"summary_large_image","twitter_misc":{"Written by":"studio128k_dam","Est. reading time":"4 minutes"},"schema":{"@context":"https:\/\/schema.org","@graph":[{"@type":"Article","@id":"https:\/\/spainfilmcommission.com\/en\/blog\/peliculas-falleras-y-pirotecnicas-de-un-director-mediterraneo\/#article","isPartOf":{"@id":"https:\/\/spainfilmcommission.com\/en\/blog\/peliculas-falleras-y-pirotecnicas-de-un-director-mediterraneo\/"},"author":{"name":"studio128k_dam","@id":"https:\/\/spainfilmcommission.com\/en\/#\/schema\/person\/6c014ba6ceac198d178a6a9e61113c9d"},"headline":"Pel\u00edculas falleras y pirot\u00e9cnicas de un director mediterr\u00e1neo","datePublished":"2023-03-08T22:00:00+00:00","dateModified":"2025-02-11T07:06:23+00:00","mainEntityOfPage":{"@id":"https:\/\/spainfilmcommission.com\/en\/blog\/peliculas-falleras-y-pirotecnicas-de-un-director-mediterraneo\/"},"wordCount":881,"publisher":{"@id":"https:\/\/spainfilmcommission.com\/en\/#organization"},"image":{"@id":"https:\/\/spainfilmcommission.com\/en\/blog\/peliculas-falleras-y-pirotecnicas-de-un-director-mediterraneo\/#primaryimage"},"thumbnailUrl":"https:\/\/spainfilmcommission.com\/wp-content\/uploads\/2024\/11\/peliculas-falleras-y-pirotecnicas-de-un-director-mediterraneo-320.png","articleSection":["Noticias"],"inLanguage":"en-US"},{"@type":"WebPage","@id":"https:\/\/spainfilmcommission.com\/en\/blog\/peliculas-falleras-y-pirotecnicas-de-un-director-mediterraneo\/","url":"https:\/\/spainfilmcommission.com\/en\/blog\/peliculas-falleras-y-pirotecnicas-de-un-director-mediterraneo\/","name":"Pel\u00edculas falleras y pirot\u00e9cnicas de un director mediterr\u00e1neo - Spain Film Commission","isPartOf":{"@id":"https:\/\/spainfilmcommission.com\/en\/#website"},"primaryImageOfPage":{"@id":"https:\/\/spainfilmcommission.com\/en\/blog\/peliculas-falleras-y-pirotecnicas-de-un-director-mediterraneo\/#primaryimage"},"image":{"@id":"https:\/\/spainfilmcommission.com\/en\/blog\/peliculas-falleras-y-pirotecnicas-de-un-director-mediterraneo\/#primaryimage"},"thumbnailUrl":"https:\/\/spainfilmcommission.com\/wp-content\/uploads\/2024\/11\/peliculas-falleras-y-pirotecnicas-de-un-director-mediterraneo-320.png","datePublished":"2023-03-08T22:00:00+00:00","dateModified":"2025-02-11T07:06:23+00:00","breadcrumb":{"@id":"https:\/\/spainfilmcommission.com\/en\/blog\/peliculas-falleras-y-pirotecnicas-de-un-director-mediterraneo\/#breadcrumb"},"inLanguage":"en-US","potentialAction":[{"@type":"ReadAction","target":["https:\/\/spainfilmcommission.com\/en\/blog\/peliculas-falleras-y-pirotecnicas-de-un-director-mediterraneo\/"]}]},{"@type":"ImageObject","inLanguage":"en-US","@id":"https:\/\/spainfilmcommission.com\/en\/blog\/peliculas-falleras-y-pirotecnicas-de-un-director-mediterraneo\/#primaryimage","url":"https:\/\/spainfilmcommission.com\/wp-content\/uploads\/2024\/11\/peliculas-falleras-y-pirotecnicas-de-un-director-mediterraneo-320.png","contentUrl":"https:\/\/spainfilmcommission.com\/wp-content\/uploads\/2024\/11\/peliculas-falleras-y-pirotecnicas-de-un-director-mediterraneo-320.png","width":350,"height":250},{"@type":"BreadcrumbList","@id":"https:\/\/spainfilmcommission.com\/en\/blog\/peliculas-falleras-y-pirotecnicas-de-un-director-mediterraneo\/#breadcrumb","itemListElement":[{"@type":"ListItem","position":1,"name":"Portada","item":"https:\/\/spainfilmcommission.com\/en\/"},{"@type":"ListItem","position":2,"name":"Pel\u00edculas falleras y pirot\u00e9cnicas de un director mediterr\u00e1neo"}]},{"@type":"WebSite","@id":"https:\/\/spainfilmcommission.com\/en\/#website","url":"https:\/\/spainfilmcommission.com\/en\/","name":"Spain Film Commission","description":"","publisher":{"@id":"https:\/\/spainfilmcommission.com\/en\/#organization"},"potentialAction":[{"@type":"SearchAction","target":{"@type":"EntryPoint","urlTemplate":"https:\/\/spainfilmcommission.com\/en\/?s={search_term_string}"},"query-input":{"@type":"PropertyValueSpecification","valueRequired":true,"valueName":"search_term_string"}}],"inLanguage":"en-US"},{"@type":"Organization","@id":"https:\/\/spainfilmcommission.com\/en\/#organization","name":"Spain Film Commission","url":"https:\/\/spainfilmcommission.com\/en\/","logo":{"@type":"ImageObject","inLanguage":"en-US","@id":"https:\/\/spainfilmcommission.com\/en\/#\/schema\/logo\/image\/","url":"https:\/\/spainfilmcommission.com\/wp-content\/uploads\/2024\/07\/SPC_COLOR.png","contentUrl":"https:\/\/spainfilmcommission.com\/wp-content\/uploads\/2024\/07\/SPC_COLOR.png","width":1665,"height":1665,"caption":"Spain Film Commission"},"image":{"@id":"https:\/\/spainfilmcommission.com\/en\/#\/schema\/logo\/image\/"}},{"@type":"Person","@id":"https:\/\/spainfilmcommission.com\/en\/#\/schema\/person\/6c014ba6ceac198d178a6a9e61113c9d","name":"studio128k_dam","image":{"@type":"ImageObject","inLanguage":"en-US","@id":"https:\/\/secure.gravatar.com\/avatar\/810f99144a13522c24aa173f9cd8bf079d0e89758af00b5f2938443cd51b31e9?s=96&d=mm&r=g","url":"https:\/\/secure.gravatar.com\/avatar\/810f99144a13522c24aa173f9cd8bf079d0e89758af00b5f2938443cd51b31e9?s=96&d=mm&r=g","contentUrl":"https:\/\/secure.gravatar.com\/avatar\/810f99144a13522c24aa173f9cd8bf079d0e89758af00b5f2938443cd51b31e9?s=96&d=mm&r=g","caption":"studio128k_dam"}}]}},"_links":{"self":[{"href":"https:\/\/spainfilmcommission.com\/en\/wp-json\/wp\/v2\/posts\/8786","targetHints":{"allow":["GET"]}}],"collection":[{"href":"https:\/\/spainfilmcommission.com\/en\/wp-json\/wp\/v2\/posts"}],"about":[{"href":"https:\/\/spainfilmcommission.com\/en\/wp-json\/wp\/v2\/types\/post"}],"author":[{"embeddable":true,"href":"https:\/\/spainfilmcommission.com\/en\/wp-json\/wp\/v2\/users\/2"}],"replies":[{"embeddable":true,"href":"https:\/\/spainfilmcommission.com\/en\/wp-json\/wp\/v2\/comments?post=8786"}],"version-history":[{"count":0,"href":"https:\/\/spainfilmcommission.com\/en\/wp-json\/wp\/v2\/posts\/8786\/revisions"}],"wp:featuredmedia":[{"embeddable":true,"href":"https:\/\/spainfilmcommission.com\/en\/wp-json\/wp\/v2\/media\/8787"}],"wp:attachment":[{"href":"https:\/\/spainfilmcommission.com\/en\/wp-json\/wp\/v2\/media?parent=8786"}],"wp:term":[{"taxonomy":"category","embeddable":true,"href":"https:\/\/spainfilmcommission.com\/en\/wp-json\/wp\/v2\/categories?post=8786"},{"taxonomy":"post_tag","embeddable":true,"href":"https:\/\/spainfilmcommission.com\/en\/wp-json\/wp\/v2\/tags?post=8786"}],"curies":[{"name":"wp","href":"https:\/\/api.w.org\/{rel}","templated":true}]}}