{"id":8783,"date":"2023-03-10T00:00:00","date_gmt":"2023-03-09T22:00:00","guid":{"rendered":"https:\/\/sfc.com\/comienza-el-festival-de-malaga-con-una-gran-presencia-de-socios-de-spain-film-commission\/"},"modified":"2025-02-11T08:06:23","modified_gmt":"2025-02-11T07:06:23","slug":"comienza-el-festival-de-malaga-con-una-gran-presencia-de-socios-de-spain-film-commission","status":"publish","type":"post","link":"https:\/\/spainfilmcommission.com\/en\/blog\/comienza-el-festival-de-malaga-con-una-gran-presencia-de-socios-de-spain-film-commission\/","title":{"rendered":"Comienza el Festival de M\u00e1laga con una gran presencia de socios de Spain Film Commission"},"content":{"rendered":"<p>El Festival de M\u00e1laga comienza su 26\u00aa edici\u00f3n, con 232 pel\u00edculas seleccionadas, procedentes de 57 pa\u00edses, lo que demuestra el importante posicionamiento internacional del festival. Las diversas actividades dirigidas a profesionales se concentran en el\u00a0 MAFIZ, desde el lunes 13 al viernes 17 de marzo, en varias sedes de la ciudad andaluza.\u00a0<\/p>\n<p>Spain Film Commission y 22\u00a0miembros de su red\u00a0participar\u00e1n en\u00a0<strong>MAFIZ<\/strong>, tanto en la zona expositiva como en las sesiones sobre Incentivos Fiscales y Sostenibilidad programadas para el d\u00eda\u00a0<strong>15 de marzo\u00a0<\/strong>en el<strong>\u00a0Auditorio del Museo Picasso<\/strong>.<\/p>\n<p>La mejora del\u00a0<strong>Incentivo Fiscal\u00a0<\/strong>y sus particularidades en algunas regiones espa\u00f1olas, ser\u00e1n el eje de la primera sesi\u00f3n, en la que se analizar\u00e1 las oportunidades que porporcionan para\u00a0posicionar\u00a0al pa\u00eds como destino de rodajes preferente a nivel global. La\u00a0<strong>sostenibilidad\u00a0<\/strong>de la industria audiovisual en la actualidad protagonizar\u00e1 la segunda sesi\u00f3n, donde destacados profesionales de toda la cadena de valor,\u00a0aportar\u00e1n su visi\u00f3n del tema.<\/p>\n<p>Programa\u00a0<\/p>\n<p><strong>11:00 &#8211; 12:00. Mesa Redonda: Incentivos fiscales a la producci\u00f3n audiovisual: oportunidades y diversidad<\/strong><\/p>\n<p>Modera: Francisco Men\u00e9ndez (We Law)<\/p>\n<p>Ponentes:<\/p>\n<ul>\n<li><strong>Natacha Mora<\/strong>\u00a0de Canary Islands Film<\/li>\n<li><strong>Agust\u00edn Atxa<\/strong>\u00a0de Bilbao Bizkaia Film Commission<\/li>\n<li><strong>Sara Sevilla\u00a0<\/strong>de Navarra Film Commission<\/li>\n<li><strong>Ana Ruiz\u00a0<\/strong>Vitoria-Gasteiz Film Offic<\/li>\n<\/ul>\n<p><strong>12:30 &#8211; 14:00 Mesa Redonda: Presentaci\u00f3n del informe &#8220;Situaci\u00f3n actual de las iniciativas de sostenibilidad en el sector audiovisual en Espa\u00f1a y Europa&#8221;<\/strong><\/p>\n<p>Ponentes: \u00a0<\/p>\n<ul>\n<li><strong>Luis Cueto<\/strong>, Vocal asesor de la Secretar\u00eda de Estado de Telecomunicaciones e Infraestructuras Digitales<\/li>\n<li><strong>Juan Manuel Guimer\u00e1ns<\/strong>, Secretario General de Spain Film Commission<\/li>\n<li><strong>Rosa Garc\u00eda<\/strong>, Presidente de REDCAU, Red de Cl\u00fasters Audiovisuales de Espa\u00f1a<\/li>\n<li><strong>Florencio Manteca<\/strong>, Director Energy Transition de CENER<\/li>\n<li><strong>Leyre Est\u00e9vez<\/strong>, \u00c1rea de Innovaci\u00f3n RedCAU<\/li>\n<li><strong>Mar\u00eda Soler,<\/strong>\u00a0Assistant Producer &#038; ECOManager de Morena Film<\/li>\n<\/ul>\n<p>En esta edici\u00f3n del MAFIZ, acoger\u00e1 a 22 miembros de la red de Spain Film Commission, todos con una intensa agenda de actividades y reuniones: <strong>Andaluc\u00eda Film Commission,\u00a0Arag\u00f3n Film Commission, Asturias Para\u00edso Natural Film Commission,\u00a0\u00a0Bilbao Vizkaia Film Commission, Canary Islands Film, Cantabria Film Commission, Castilla &#8211; La Mancha Film Comission, Castilla y Le\u00f3n Film Commission, Catalunya\u00a0Film Commission, Extremadura Film Commission, Film Madrid, M\u00e1laga Film Office, M\u00e1laga Film Commission, Madrid Film Office, Menorca Film Commission,\u00a0Pontevedra Film Commission, Santiago de Compostela Film Office, Terrassa Film Commission, Vigo Film Office, Vitoria-Gasteiz Film Office, Valladolid Film Commission y Zaragoza Film Commission.<\/strong><\/p>\n<p>Spain Film Commission es la mayor red de oficinas\u00a0de atenci\u00f3n de rodajes extendida en todo el pa\u00eds, que adem\u00e1s de su labor de promoci\u00f3n exterior, impulsan\u00a0el talento de los creadores y profesionales del audiovisual espa\u00f1ol.<\/p>\n<p class=\"p1\" style=\"margin:0px;line-height:normal;font-family:'Helvetica Neue';color:rgb(0,0,0);\"><b>#FestivalM\u00e1laga #ShootingInSpain #WeMakeTheMagic #SpainAVSHub<\/b><\/p>\n<p style=\"font-weight:600;line-height:1.1;font-family:Arial, sans-serif;font-size:12px;color:rgb(225,11,19);margin-top:20px;margin-bottom:10px;text-transform:uppercase;text-align:justify;\">\u00a0<\/p>\n","protected":false},"excerpt":{"rendered":"<p>El Festival de M\u00e1laga comienza su 26\u00aa edici\u00f3n, con 232 pel\u00edculas seleccionadas, procedentes de 57 pa\u00edses, lo que demuestra el importante posicionamiento internacional del festival. Las diversas actividades dirigidas a [&hellip;]<\/p>\n","protected":false},"author":2,"featured_media":8784,"comment_status":"closed","ping_status":"","sticky":false,"template":"","format":"standard","meta":{"footnotes":""},"categories":[38],"tags":[],"class_list":["post-8783","post","type-post","status-publish","format-standard","has-post-thumbnail","hentry","category-noticias"],"yoast_head":"<!-- This site is optimized with the Yoast SEO plugin v27.3 - https:\/\/yoast.com\/product\/yoast-seo-wordpress\/ -->\n<title>Comienza el Festival de M\u00e1laga con una gran presencia de socios de Spain Film Commission - Spain Film Commission<\/title>\n<meta name=\"robots\" content=\"index, follow, max-snippet:-1, max-image-preview:large, max-video-preview:-1\" \/>\n<link rel=\"canonical\" href=\"https:\/\/spainfilmcommission.com\/en\/blog\/comienza-el-festival-de-malaga-con-una-gran-presencia-de-socios-de-spain-film-commission\/\" \/>\n<meta property=\"og:locale\" content=\"en_US\" \/>\n<meta property=\"og:type\" content=\"article\" \/>\n<meta property=\"og:title\" content=\"Comienza el Festival de M\u00e1laga con una gran presencia de socios de Spain Film Commission - Spain Film Commission\" \/>\n<meta property=\"og:description\" content=\"El Festival de M\u00e1laga comienza su 26\u00aa edici\u00f3n, con 232 pel\u00edculas seleccionadas, procedentes de 57 pa\u00edses, lo que demuestra el importante posicionamiento internacional del festival. Las diversas actividades dirigidas a [&hellip;]\" \/>\n<meta property=\"og:url\" content=\"https:\/\/spainfilmcommission.com\/en\/blog\/comienza-el-festival-de-malaga-con-una-gran-presencia-de-socios-de-spain-film-commission\/\" \/>\n<meta property=\"og:site_name\" content=\"Spain Film Commission\" \/>\n<meta property=\"article:published_time\" content=\"2023-03-09T22:00:00+00:00\" \/>\n<meta property=\"article:modified_time\" content=\"2025-02-11T07:06:23+00:00\" \/>\n<meta property=\"og:image\" content=\"https:\/\/spainfilmcommission.com\/wp-content\/uploads\/2024\/11\/comienza-el-festival-de-malaga-con-una-gran-presencia-de-socios-de-spain-film-commission-319.jpeg\" \/>\n\t<meta property=\"og:image:width\" content=\"1170\" \/>\n\t<meta property=\"og:image:height\" content=\"877\" \/>\n\t<meta property=\"og:image:type\" content=\"image\/jpeg\" \/>\n<meta name=\"author\" content=\"studio128k_dam\" \/>\n<meta name=\"twitter:card\" content=\"summary_large_image\" \/>\n<meta name=\"twitter:label1\" content=\"Written by\" \/>\n\t<meta name=\"twitter:data1\" content=\"studio128k_dam\" \/>\n\t<meta name=\"twitter:label2\" content=\"Est. reading time\" \/>\n\t<meta name=\"twitter:data2\" content=\"2 minutes\" \/>\n<script type=\"application\/ld+json\" class=\"yoast-schema-graph\">{\"@context\":\"https:\\\/\\\/schema.org\",\"@graph\":[{\"@type\":\"Article\",\"@id\":\"https:\\\/\\\/spainfilmcommission.com\\\/en\\\/blog\\\/comienza-el-festival-de-malaga-con-una-gran-presencia-de-socios-de-spain-film-commission\\\/#article\",\"isPartOf\":{\"@id\":\"https:\\\/\\\/spainfilmcommission.com\\\/en\\\/blog\\\/comienza-el-festival-de-malaga-con-una-gran-presencia-de-socios-de-spain-film-commission\\\/\"},\"author\":{\"name\":\"studio128k_dam\",\"@id\":\"https:\\\/\\\/spainfilmcommission.com\\\/en\\\/#\\\/schema\\\/person\\\/6c014ba6ceac198d178a6a9e61113c9d\"},\"headline\":\"Comienza el Festival de M\u00e1laga con una gran presencia de socios de Spain Film Commission\",\"datePublished\":\"2023-03-09T22:00:00+00:00\",\"dateModified\":\"2025-02-11T07:06:23+00:00\",\"mainEntityOfPage\":{\"@id\":\"https:\\\/\\\/spainfilmcommission.com\\\/en\\\/blog\\\/comienza-el-festival-de-malaga-con-una-gran-presencia-de-socios-de-spain-film-commission\\\/\"},\"wordCount\":466,\"publisher\":{\"@id\":\"https:\\\/\\\/spainfilmcommission.com\\\/en\\\/#organization\"},\"image\":{\"@id\":\"https:\\\/\\\/spainfilmcommission.com\\\/en\\\/blog\\\/comienza-el-festival-de-malaga-con-una-gran-presencia-de-socios-de-spain-film-commission\\\/#primaryimage\"},\"thumbnailUrl\":\"https:\\\/\\\/spainfilmcommission.com\\\/wp-content\\\/uploads\\\/2024\\\/11\\\/comienza-el-festival-de-malaga-con-una-gran-presencia-de-socios-de-spain-film-commission-319.jpeg\",\"articleSection\":[\"Noticias\"],\"inLanguage\":\"en-US\"},{\"@type\":\"WebPage\",\"@id\":\"https:\\\/\\\/spainfilmcommission.com\\\/en\\\/blog\\\/comienza-el-festival-de-malaga-con-una-gran-presencia-de-socios-de-spain-film-commission\\\/\",\"url\":\"https:\\\/\\\/spainfilmcommission.com\\\/en\\\/blog\\\/comienza-el-festival-de-malaga-con-una-gran-presencia-de-socios-de-spain-film-commission\\\/\",\"name\":\"Comienza el Festival de M\u00e1laga con una gran presencia de socios de Spain Film Commission - Spain Film Commission\",\"isPartOf\":{\"@id\":\"https:\\\/\\\/spainfilmcommission.com\\\/en\\\/#website\"},\"primaryImageOfPage\":{\"@id\":\"https:\\\/\\\/spainfilmcommission.com\\\/en\\\/blog\\\/comienza-el-festival-de-malaga-con-una-gran-presencia-de-socios-de-spain-film-commission\\\/#primaryimage\"},\"image\":{\"@id\":\"https:\\\/\\\/spainfilmcommission.com\\\/en\\\/blog\\\/comienza-el-festival-de-malaga-con-una-gran-presencia-de-socios-de-spain-film-commission\\\/#primaryimage\"},\"thumbnailUrl\":\"https:\\\/\\\/spainfilmcommission.com\\\/wp-content\\\/uploads\\\/2024\\\/11\\\/comienza-el-festival-de-malaga-con-una-gran-presencia-de-socios-de-spain-film-commission-319.jpeg\",\"datePublished\":\"2023-03-09T22:00:00+00:00\",\"dateModified\":\"2025-02-11T07:06:23+00:00\",\"breadcrumb\":{\"@id\":\"https:\\\/\\\/spainfilmcommission.com\\\/en\\\/blog\\\/comienza-el-festival-de-malaga-con-una-gran-presencia-de-socios-de-spain-film-commission\\\/#breadcrumb\"},\"inLanguage\":\"en-US\",\"potentialAction\":[{\"@type\":\"ReadAction\",\"target\":[\"https:\\\/\\\/spainfilmcommission.com\\\/en\\\/blog\\\/comienza-el-festival-de-malaga-con-una-gran-presencia-de-socios-de-spain-film-commission\\\/\"]}]},{\"@type\":\"ImageObject\",\"inLanguage\":\"en-US\",\"@id\":\"https:\\\/\\\/spainfilmcommission.com\\\/en\\\/blog\\\/comienza-el-festival-de-malaga-con-una-gran-presencia-de-socios-de-spain-film-commission\\\/#primaryimage\",\"url\":\"https:\\\/\\\/spainfilmcommission.com\\\/wp-content\\\/uploads\\\/2024\\\/11\\\/comienza-el-festival-de-malaga-con-una-gran-presencia-de-socios-de-spain-film-commission-319.jpeg\",\"contentUrl\":\"https:\\\/\\\/spainfilmcommission.com\\\/wp-content\\\/uploads\\\/2024\\\/11\\\/comienza-el-festival-de-malaga-con-una-gran-presencia-de-socios-de-spain-film-commission-319.jpeg\",\"width\":1170,\"height\":877},{\"@type\":\"BreadcrumbList\",\"@id\":\"https:\\\/\\\/spainfilmcommission.com\\\/en\\\/blog\\\/comienza-el-festival-de-malaga-con-una-gran-presencia-de-socios-de-spain-film-commission\\\/#breadcrumb\",\"itemListElement\":[{\"@type\":\"ListItem\",\"position\":1,\"name\":\"Portada\",\"item\":\"https:\\\/\\\/spainfilmcommission.com\\\/en\\\/\"},{\"@type\":\"ListItem\",\"position\":2,\"name\":\"Comienza el Festival de M\u00e1laga con una gran presencia de socios de Spain Film Commission\"}]},{\"@type\":\"WebSite\",\"@id\":\"https:\\\/\\\/spainfilmcommission.com\\\/en\\\/#website\",\"url\":\"https:\\\/\\\/spainfilmcommission.com\\\/en\\\/\",\"name\":\"Spain Film Commission\",\"description\":\"\",\"publisher\":{\"@id\":\"https:\\\/\\\/spainfilmcommission.com\\\/en\\\/#organization\"},\"potentialAction\":[{\"@type\":\"SearchAction\",\"target\":{\"@type\":\"EntryPoint\",\"urlTemplate\":\"https:\\\/\\\/spainfilmcommission.com\\\/en\\\/?s={search_term_string}\"},\"query-input\":{\"@type\":\"PropertyValueSpecification\",\"valueRequired\":true,\"valueName\":\"search_term_string\"}}],\"inLanguage\":\"en-US\"},{\"@type\":\"Organization\",\"@id\":\"https:\\\/\\\/spainfilmcommission.com\\\/en\\\/#organization\",\"name\":\"Spain Film Commission\",\"url\":\"https:\\\/\\\/spainfilmcommission.com\\\/en\\\/\",\"logo\":{\"@type\":\"ImageObject\",\"inLanguage\":\"en-US\",\"@id\":\"https:\\\/\\\/spainfilmcommission.com\\\/en\\\/#\\\/schema\\\/logo\\\/image\\\/\",\"url\":\"https:\\\/\\\/spainfilmcommission.com\\\/wp-content\\\/uploads\\\/2024\\\/07\\\/SPC_COLOR.png\",\"contentUrl\":\"https:\\\/\\\/spainfilmcommission.com\\\/wp-content\\\/uploads\\\/2024\\\/07\\\/SPC_COLOR.png\",\"width\":1665,\"height\":1665,\"caption\":\"Spain Film Commission\"},\"image\":{\"@id\":\"https:\\\/\\\/spainfilmcommission.com\\\/en\\\/#\\\/schema\\\/logo\\\/image\\\/\"}},{\"@type\":\"Person\",\"@id\":\"https:\\\/\\\/spainfilmcommission.com\\\/en\\\/#\\\/schema\\\/person\\\/6c014ba6ceac198d178a6a9e61113c9d\",\"name\":\"studio128k_dam\",\"image\":{\"@type\":\"ImageObject\",\"inLanguage\":\"en-US\",\"@id\":\"https:\\\/\\\/secure.gravatar.com\\\/avatar\\\/810f99144a13522c24aa173f9cd8bf079d0e89758af00b5f2938443cd51b31e9?s=96&d=mm&r=g\",\"url\":\"https:\\\/\\\/secure.gravatar.com\\\/avatar\\\/810f99144a13522c24aa173f9cd8bf079d0e89758af00b5f2938443cd51b31e9?s=96&d=mm&r=g\",\"contentUrl\":\"https:\\\/\\\/secure.gravatar.com\\\/avatar\\\/810f99144a13522c24aa173f9cd8bf079d0e89758af00b5f2938443cd51b31e9?s=96&d=mm&r=g\",\"caption\":\"studio128k_dam\"}}]}<\/script>\n<!-- \/ Yoast SEO plugin. -->","yoast_head_json":{"title":"Comienza el Festival de M\u00e1laga con una gran presencia de socios de Spain Film Commission - Spain Film Commission","robots":{"index":"index","follow":"follow","max-snippet":"max-snippet:-1","max-image-preview":"max-image-preview:large","max-video-preview":"max-video-preview:-1"},"canonical":"https:\/\/spainfilmcommission.com\/en\/blog\/comienza-el-festival-de-malaga-con-una-gran-presencia-de-socios-de-spain-film-commission\/","og_locale":"en_US","og_type":"article","og_title":"Comienza el Festival de M\u00e1laga con una gran presencia de socios de Spain Film Commission - Spain Film Commission","og_description":"El Festival de M\u00e1laga comienza su 26\u00aa edici\u00f3n, con 232 pel\u00edculas seleccionadas, procedentes de 57 pa\u00edses, lo que demuestra el importante posicionamiento internacional del festival. Las diversas actividades dirigidas a [&hellip;]","og_url":"https:\/\/spainfilmcommission.com\/en\/blog\/comienza-el-festival-de-malaga-con-una-gran-presencia-de-socios-de-spain-film-commission\/","og_site_name":"Spain Film Commission","article_published_time":"2023-03-09T22:00:00+00:00","article_modified_time":"2025-02-11T07:06:23+00:00","og_image":[{"width":1170,"height":877,"url":"https:\/\/spainfilmcommission.com\/wp-content\/uploads\/2024\/11\/comienza-el-festival-de-malaga-con-una-gran-presencia-de-socios-de-spain-film-commission-319.jpeg","type":"image\/jpeg"}],"author":"studio128k_dam","twitter_card":"summary_large_image","twitter_misc":{"Written by":"studio128k_dam","Est. reading time":"2 minutes"},"schema":{"@context":"https:\/\/schema.org","@graph":[{"@type":"Article","@id":"https:\/\/spainfilmcommission.com\/en\/blog\/comienza-el-festival-de-malaga-con-una-gran-presencia-de-socios-de-spain-film-commission\/#article","isPartOf":{"@id":"https:\/\/spainfilmcommission.com\/en\/blog\/comienza-el-festival-de-malaga-con-una-gran-presencia-de-socios-de-spain-film-commission\/"},"author":{"name":"studio128k_dam","@id":"https:\/\/spainfilmcommission.com\/en\/#\/schema\/person\/6c014ba6ceac198d178a6a9e61113c9d"},"headline":"Comienza el Festival de M\u00e1laga con una gran presencia de socios de Spain Film Commission","datePublished":"2023-03-09T22:00:00+00:00","dateModified":"2025-02-11T07:06:23+00:00","mainEntityOfPage":{"@id":"https:\/\/spainfilmcommission.com\/en\/blog\/comienza-el-festival-de-malaga-con-una-gran-presencia-de-socios-de-spain-film-commission\/"},"wordCount":466,"publisher":{"@id":"https:\/\/spainfilmcommission.com\/en\/#organization"},"image":{"@id":"https:\/\/spainfilmcommission.com\/en\/blog\/comienza-el-festival-de-malaga-con-una-gran-presencia-de-socios-de-spain-film-commission\/#primaryimage"},"thumbnailUrl":"https:\/\/spainfilmcommission.com\/wp-content\/uploads\/2024\/11\/comienza-el-festival-de-malaga-con-una-gran-presencia-de-socios-de-spain-film-commission-319.jpeg","articleSection":["Noticias"],"inLanguage":"en-US"},{"@type":"WebPage","@id":"https:\/\/spainfilmcommission.com\/en\/blog\/comienza-el-festival-de-malaga-con-una-gran-presencia-de-socios-de-spain-film-commission\/","url":"https:\/\/spainfilmcommission.com\/en\/blog\/comienza-el-festival-de-malaga-con-una-gran-presencia-de-socios-de-spain-film-commission\/","name":"Comienza el Festival de M\u00e1laga con una gran presencia de socios de Spain Film Commission - Spain Film Commission","isPartOf":{"@id":"https:\/\/spainfilmcommission.com\/en\/#website"},"primaryImageOfPage":{"@id":"https:\/\/spainfilmcommission.com\/en\/blog\/comienza-el-festival-de-malaga-con-una-gran-presencia-de-socios-de-spain-film-commission\/#primaryimage"},"image":{"@id":"https:\/\/spainfilmcommission.com\/en\/blog\/comienza-el-festival-de-malaga-con-una-gran-presencia-de-socios-de-spain-film-commission\/#primaryimage"},"thumbnailUrl":"https:\/\/spainfilmcommission.com\/wp-content\/uploads\/2024\/11\/comienza-el-festival-de-malaga-con-una-gran-presencia-de-socios-de-spain-film-commission-319.jpeg","datePublished":"2023-03-09T22:00:00+00:00","dateModified":"2025-02-11T07:06:23+00:00","breadcrumb":{"@id":"https:\/\/spainfilmcommission.com\/en\/blog\/comienza-el-festival-de-malaga-con-una-gran-presencia-de-socios-de-spain-film-commission\/#breadcrumb"},"inLanguage":"en-US","potentialAction":[{"@type":"ReadAction","target":["https:\/\/spainfilmcommission.com\/en\/blog\/comienza-el-festival-de-malaga-con-una-gran-presencia-de-socios-de-spain-film-commission\/"]}]},{"@type":"ImageObject","inLanguage":"en-US","@id":"https:\/\/spainfilmcommission.com\/en\/blog\/comienza-el-festival-de-malaga-con-una-gran-presencia-de-socios-de-spain-film-commission\/#primaryimage","url":"https:\/\/spainfilmcommission.com\/wp-content\/uploads\/2024\/11\/comienza-el-festival-de-malaga-con-una-gran-presencia-de-socios-de-spain-film-commission-319.jpeg","contentUrl":"https:\/\/spainfilmcommission.com\/wp-content\/uploads\/2024\/11\/comienza-el-festival-de-malaga-con-una-gran-presencia-de-socios-de-spain-film-commission-319.jpeg","width":1170,"height":877},{"@type":"BreadcrumbList","@id":"https:\/\/spainfilmcommission.com\/en\/blog\/comienza-el-festival-de-malaga-con-una-gran-presencia-de-socios-de-spain-film-commission\/#breadcrumb","itemListElement":[{"@type":"ListItem","position":1,"name":"Portada","item":"https:\/\/spainfilmcommission.com\/en\/"},{"@type":"ListItem","position":2,"name":"Comienza el Festival de M\u00e1laga con una gran presencia de socios de Spain Film Commission"}]},{"@type":"WebSite","@id":"https:\/\/spainfilmcommission.com\/en\/#website","url":"https:\/\/spainfilmcommission.com\/en\/","name":"Spain Film Commission","description":"","publisher":{"@id":"https:\/\/spainfilmcommission.com\/en\/#organization"},"potentialAction":[{"@type":"SearchAction","target":{"@type":"EntryPoint","urlTemplate":"https:\/\/spainfilmcommission.com\/en\/?s={search_term_string}"},"query-input":{"@type":"PropertyValueSpecification","valueRequired":true,"valueName":"search_term_string"}}],"inLanguage":"en-US"},{"@type":"Organization","@id":"https:\/\/spainfilmcommission.com\/en\/#organization","name":"Spain Film Commission","url":"https:\/\/spainfilmcommission.com\/en\/","logo":{"@type":"ImageObject","inLanguage":"en-US","@id":"https:\/\/spainfilmcommission.com\/en\/#\/schema\/logo\/image\/","url":"https:\/\/spainfilmcommission.com\/wp-content\/uploads\/2024\/07\/SPC_COLOR.png","contentUrl":"https:\/\/spainfilmcommission.com\/wp-content\/uploads\/2024\/07\/SPC_COLOR.png","width":1665,"height":1665,"caption":"Spain Film Commission"},"image":{"@id":"https:\/\/spainfilmcommission.com\/en\/#\/schema\/logo\/image\/"}},{"@type":"Person","@id":"https:\/\/spainfilmcommission.com\/en\/#\/schema\/person\/6c014ba6ceac198d178a6a9e61113c9d","name":"studio128k_dam","image":{"@type":"ImageObject","inLanguage":"en-US","@id":"https:\/\/secure.gravatar.com\/avatar\/810f99144a13522c24aa173f9cd8bf079d0e89758af00b5f2938443cd51b31e9?s=96&d=mm&r=g","url":"https:\/\/secure.gravatar.com\/avatar\/810f99144a13522c24aa173f9cd8bf079d0e89758af00b5f2938443cd51b31e9?s=96&d=mm&r=g","contentUrl":"https:\/\/secure.gravatar.com\/avatar\/810f99144a13522c24aa173f9cd8bf079d0e89758af00b5f2938443cd51b31e9?s=96&d=mm&r=g","caption":"studio128k_dam"}}]}},"_links":{"self":[{"href":"https:\/\/spainfilmcommission.com\/en\/wp-json\/wp\/v2\/posts\/8783","targetHints":{"allow":["GET"]}}],"collection":[{"href":"https:\/\/spainfilmcommission.com\/en\/wp-json\/wp\/v2\/posts"}],"about":[{"href":"https:\/\/spainfilmcommission.com\/en\/wp-json\/wp\/v2\/types\/post"}],"author":[{"embeddable":true,"href":"https:\/\/spainfilmcommission.com\/en\/wp-json\/wp\/v2\/users\/2"}],"replies":[{"embeddable":true,"href":"https:\/\/spainfilmcommission.com\/en\/wp-json\/wp\/v2\/comments?post=8783"}],"version-history":[{"count":0,"href":"https:\/\/spainfilmcommission.com\/en\/wp-json\/wp\/v2\/posts\/8783\/revisions"}],"wp:featuredmedia":[{"embeddable":true,"href":"https:\/\/spainfilmcommission.com\/en\/wp-json\/wp\/v2\/media\/8784"}],"wp:attachment":[{"href":"https:\/\/spainfilmcommission.com\/en\/wp-json\/wp\/v2\/media?parent=8783"}],"wp:term":[{"taxonomy":"category","embeddable":true,"href":"https:\/\/spainfilmcommission.com\/en\/wp-json\/wp\/v2\/categories?post=8783"},{"taxonomy":"post_tag","embeddable":true,"href":"https:\/\/spainfilmcommission.com\/en\/wp-json\/wp\/v2\/tags?post=8783"}],"curies":[{"name":"wp","href":"https:\/\/api.w.org\/{rel}","templated":true}]}}