{"id":8780,"date":"2023-03-07T00:00:00","date_gmt":"2023-03-06T22:00:00","guid":{"rendered":"https:\/\/sfc.com\/spain-film-commission-celebra-el-8m-y-reivindica-el-papel-de-las-mujeres-en-el-audiovisual\/"},"modified":"2025-02-11T08:06:23","modified_gmt":"2025-02-11T07:06:23","slug":"spain-film-commission-celebra-el-8m-y-reivindica-el-papel-de-las-mujeres-en-el-audiovisual","status":"publish","type":"post","link":"https:\/\/spainfilmcommission.com\/en\/blog\/spain-film-commission-celebra-el-8m-y-reivindica-el-papel-de-las-mujeres-en-el-audiovisual\/","title":{"rendered":"Spain Film Commission celebra el 8M y reivindica el papel de las mujeres en el audiovisual"},"content":{"rendered":"<p><span style=\"font-size:14px;\"><span style=\"font-family:arial, helvetica, sans-serif;\">Spain Film Commission hace suyas las demandas del conjunto de las asociaciones y movimientos de \u00e1mbito estatal, territorial y local que defienden la visibilidad y participaci\u00f3n de las mujeres en la industria audiovisual en condiciones de igualdad en aspectos clave como son, entre otros, el salarial, el reconocimiento, premios y proyecci\u00f3n, y el respeto su libertad y capacidad creativa.\u00a0<\/span><\/span><\/p>\n<p><span style=\"font-size:14px;\"><span style=\"font-family:arial, helvetica, sans-serif;\">Queda mucho por hacer y el sector audiovisual debe ser pionero en la conformaci\u00f3n de un modelo de relaciones igualitarias y democr\u00e1ticas,\u00a0 en el que nadie sufra discriminaci\u00f3n o marginaci\u00f3n alguna.<\/span><\/span><\/p>\n<p><span style=\"font-size:14px;\"><span style=\"font-family:arial, helvetica, sans-serif;\">Spain Film Commission insta a todas las instituciones a que se contin\u00faen dando los pasos necesarios para que las normas y medidas relacionadas con la industria audiovisual promuevan y garanticen la paridad efectiva de hombres y mujeres.\u00a0<\/span><\/span><\/p>\n<p><span style=\"font-size:14px;\"><span style=\"font-family:arial, helvetica, sans-serif;\">Las formaciones pol\u00edticas, representadas en las instituciones, han de escuchar y atender las peticiones que en este sentido plantean las asociaciones profesionales del sector que defienden los derechos de las mujeres.\u00a0<\/span><\/span><\/p>\n<p><span style=\"font-size:14px;\"><span style=\"font-family:arial, helvetica, sans-serif;\">Operadores de televisi\u00f3n, plataformas y todos los agentes del sector audiovisual no pueden ser ajenos a la demanda de igualdad real y han de asumir medidas\u00a0 espec\u00edficas en la financiaci\u00f3n y distribuci\u00f3n de obras pensadas, realizadas y dirigidas por mujeres.\u00a0<\/span><\/span><\/p>\n<p><span style=\"font-size:14px;\"><span style=\"font-family:arial, helvetica, sans-serif;\">Iniciativas como \u00e9sta han de generar consenso y contribuir a la consolidaci\u00f3n de sociedades m\u00e1s igualitarias en las que la mirada de las mujeres es clave para la superaci\u00f3n de estereotipos que nos empobrecen como sociedad.<\/span><\/span><\/p>\n<h3 dir=\"ltr\" style=\"font-family:Arial, sans-serif;font-weight:600;line-height:1.32;color:rgb(225,11,19);margin-top:15pt;margin-bottom:8pt;font-size:16px;text-transform:uppercase;text-align:justify;\"><span style=\"font-size:12pt;font-family:Arial;background-color:transparent;vertical-align:baseline;white-space:pre-wrap;\">#SHOOTINGINSPAIN #RUEDAENESPA\u00d1A #WEMAKETHEMAGIC <\/span><\/h3>\n","protected":false},"excerpt":{"rendered":"<h2><strong>Spain Film Commission celebra el 8M y reivindica el papel de las mujeres en el audiovisual\u00a0<\/strong><\/h2>\n<p>\u00a0<\/p>\n<p>\u00a0<\/p>\n<p>\u00a0<\/p>\n<p>\u00a0<\/p>\n<p>\u00a0<\/p>\n<p>\u00a0<\/p>\n","protected":false},"author":2,"featured_media":8781,"comment_status":"closed","ping_status":"","sticky":false,"template":"","format":"standard","meta":{"footnotes":""},"categories":[38],"tags":[],"class_list":["post-8780","post","type-post","status-publish","format-standard","has-post-thumbnail","hentry","category-noticias"],"yoast_head":"<!-- This site is optimized with the Yoast SEO plugin v27.3 - https:\/\/yoast.com\/product\/yoast-seo-wordpress\/ -->\n<title>Spain Film Commission celebra el 8M y reivindica el papel de las mujeres en el audiovisual - Spain Film Commission<\/title>\n<meta name=\"robots\" content=\"index, follow, max-snippet:-1, max-image-preview:large, max-video-preview:-1\" \/>\n<link rel=\"canonical\" href=\"https:\/\/spainfilmcommission.com\/en\/blog\/spain-film-commission-celebra-el-8m-y-reivindica-el-papel-de-las-mujeres-en-el-audiovisual\/\" \/>\n<meta property=\"og:locale\" content=\"en_US\" \/>\n<meta property=\"og:type\" content=\"article\" \/>\n<meta property=\"og:title\" content=\"Spain Film Commission celebra el 8M y reivindica el papel de las mujeres en el audiovisual - Spain Film Commission\" \/>\n<meta property=\"og:description\" content=\"Spain Film Commission celebra el 8M y reivindica el papel de las mujeres en el audiovisual\u00a0 \u00a0 \u00a0 \u00a0 \u00a0 \u00a0 \u00a0\" \/>\n<meta property=\"og:url\" content=\"https:\/\/spainfilmcommission.com\/en\/blog\/spain-film-commission-celebra-el-8m-y-reivindica-el-papel-de-las-mujeres-en-el-audiovisual\/\" \/>\n<meta property=\"og:site_name\" content=\"Spain Film Commission\" \/>\n<meta property=\"article:published_time\" content=\"2023-03-06T22:00:00+00:00\" \/>\n<meta property=\"article:modified_time\" content=\"2025-02-11T07:06:23+00:00\" \/>\n<meta property=\"og:image\" content=\"https:\/\/spainfilmcommission.com\/wp-content\/uploads\/2024\/11\/spain-film-commission-celebra-el-8m-y-reivindica-el-papel-de-las-mujeres-en-el-audiovisual-318.jpeg\" \/>\n\t<meta property=\"og:image:width\" content=\"1170\" \/>\n\t<meta property=\"og:image:height\" content=\"779\" \/>\n\t<meta property=\"og:image:type\" content=\"image\/jpeg\" \/>\n<meta name=\"author\" content=\"studio128k_dam\" \/>\n<meta name=\"twitter:card\" content=\"summary_large_image\" \/>\n<meta name=\"twitter:label1\" content=\"Written by\" \/>\n\t<meta name=\"twitter:data1\" content=\"studio128k_dam\" \/>\n\t<meta name=\"twitter:label2\" content=\"Est. reading time\" \/>\n\t<meta name=\"twitter:data2\" content=\"1 minute\" \/>\n<script type=\"application\/ld+json\" class=\"yoast-schema-graph\">{\"@context\":\"https:\\\/\\\/schema.org\",\"@graph\":[{\"@type\":\"Article\",\"@id\":\"https:\\\/\\\/spainfilmcommission.com\\\/en\\\/blog\\\/spain-film-commission-celebra-el-8m-y-reivindica-el-papel-de-las-mujeres-en-el-audiovisual\\\/#article\",\"isPartOf\":{\"@id\":\"https:\\\/\\\/spainfilmcommission.com\\\/en\\\/blog\\\/spain-film-commission-celebra-el-8m-y-reivindica-el-papel-de-las-mujeres-en-el-audiovisual\\\/\"},\"author\":{\"name\":\"studio128k_dam\",\"@id\":\"https:\\\/\\\/spainfilmcommission.com\\\/en\\\/#\\\/schema\\\/person\\\/6c014ba6ceac198d178a6a9e61113c9d\"},\"headline\":\"Spain Film Commission celebra el 8M y reivindica el papel de las mujeres en el audiovisual\",\"datePublished\":\"2023-03-06T22:00:00+00:00\",\"dateModified\":\"2025-02-11T07:06:23+00:00\",\"mainEntityOfPage\":{\"@id\":\"https:\\\/\\\/spainfilmcommission.com\\\/en\\\/blog\\\/spain-film-commission-celebra-el-8m-y-reivindica-el-papel-de-las-mujeres-en-el-audiovisual\\\/\"},\"wordCount\":269,\"publisher\":{\"@id\":\"https:\\\/\\\/spainfilmcommission.com\\\/en\\\/#organization\"},\"image\":{\"@id\":\"https:\\\/\\\/spainfilmcommission.com\\\/en\\\/blog\\\/spain-film-commission-celebra-el-8m-y-reivindica-el-papel-de-las-mujeres-en-el-audiovisual\\\/#primaryimage\"},\"thumbnailUrl\":\"https:\\\/\\\/spainfilmcommission.com\\\/wp-content\\\/uploads\\\/2024\\\/11\\\/spain-film-commission-celebra-el-8m-y-reivindica-el-papel-de-las-mujeres-en-el-audiovisual-318.jpeg\",\"articleSection\":[\"Noticias\"],\"inLanguage\":\"en-US\"},{\"@type\":\"WebPage\",\"@id\":\"https:\\\/\\\/spainfilmcommission.com\\\/en\\\/blog\\\/spain-film-commission-celebra-el-8m-y-reivindica-el-papel-de-las-mujeres-en-el-audiovisual\\\/\",\"url\":\"https:\\\/\\\/spainfilmcommission.com\\\/en\\\/blog\\\/spain-film-commission-celebra-el-8m-y-reivindica-el-papel-de-las-mujeres-en-el-audiovisual\\\/\",\"name\":\"Spain Film Commission celebra el 8M y reivindica el papel de las mujeres en el audiovisual - Spain Film Commission\",\"isPartOf\":{\"@id\":\"https:\\\/\\\/spainfilmcommission.com\\\/en\\\/#website\"},\"primaryImageOfPage\":{\"@id\":\"https:\\\/\\\/spainfilmcommission.com\\\/en\\\/blog\\\/spain-film-commission-celebra-el-8m-y-reivindica-el-papel-de-las-mujeres-en-el-audiovisual\\\/#primaryimage\"},\"image\":{\"@id\":\"https:\\\/\\\/spainfilmcommission.com\\\/en\\\/blog\\\/spain-film-commission-celebra-el-8m-y-reivindica-el-papel-de-las-mujeres-en-el-audiovisual\\\/#primaryimage\"},\"thumbnailUrl\":\"https:\\\/\\\/spainfilmcommission.com\\\/wp-content\\\/uploads\\\/2024\\\/11\\\/spain-film-commission-celebra-el-8m-y-reivindica-el-papel-de-las-mujeres-en-el-audiovisual-318.jpeg\",\"datePublished\":\"2023-03-06T22:00:00+00:00\",\"dateModified\":\"2025-02-11T07:06:23+00:00\",\"breadcrumb\":{\"@id\":\"https:\\\/\\\/spainfilmcommission.com\\\/en\\\/blog\\\/spain-film-commission-celebra-el-8m-y-reivindica-el-papel-de-las-mujeres-en-el-audiovisual\\\/#breadcrumb\"},\"inLanguage\":\"en-US\",\"potentialAction\":[{\"@type\":\"ReadAction\",\"target\":[\"https:\\\/\\\/spainfilmcommission.com\\\/en\\\/blog\\\/spain-film-commission-celebra-el-8m-y-reivindica-el-papel-de-las-mujeres-en-el-audiovisual\\\/\"]}]},{\"@type\":\"ImageObject\",\"inLanguage\":\"en-US\",\"@id\":\"https:\\\/\\\/spainfilmcommission.com\\\/en\\\/blog\\\/spain-film-commission-celebra-el-8m-y-reivindica-el-papel-de-las-mujeres-en-el-audiovisual\\\/#primaryimage\",\"url\":\"https:\\\/\\\/spainfilmcommission.com\\\/wp-content\\\/uploads\\\/2024\\\/11\\\/spain-film-commission-celebra-el-8m-y-reivindica-el-papel-de-las-mujeres-en-el-audiovisual-318.jpeg\",\"contentUrl\":\"https:\\\/\\\/spainfilmcommission.com\\\/wp-content\\\/uploads\\\/2024\\\/11\\\/spain-film-commission-celebra-el-8m-y-reivindica-el-papel-de-las-mujeres-en-el-audiovisual-318.jpeg\",\"width\":1170,\"height\":779},{\"@type\":\"BreadcrumbList\",\"@id\":\"https:\\\/\\\/spainfilmcommission.com\\\/en\\\/blog\\\/spain-film-commission-celebra-el-8m-y-reivindica-el-papel-de-las-mujeres-en-el-audiovisual\\\/#breadcrumb\",\"itemListElement\":[{\"@type\":\"ListItem\",\"position\":1,\"name\":\"Portada\",\"item\":\"https:\\\/\\\/spainfilmcommission.com\\\/en\\\/\"},{\"@type\":\"ListItem\",\"position\":2,\"name\":\"Spain Film Commission celebra el 8M y reivindica el papel de las mujeres en el audiovisual\"}]},{\"@type\":\"WebSite\",\"@id\":\"https:\\\/\\\/spainfilmcommission.com\\\/en\\\/#website\",\"url\":\"https:\\\/\\\/spainfilmcommission.com\\\/en\\\/\",\"name\":\"Spain Film Commission\",\"description\":\"\",\"publisher\":{\"@id\":\"https:\\\/\\\/spainfilmcommission.com\\\/en\\\/#organization\"},\"potentialAction\":[{\"@type\":\"SearchAction\",\"target\":{\"@type\":\"EntryPoint\",\"urlTemplate\":\"https:\\\/\\\/spainfilmcommission.com\\\/en\\\/?s={search_term_string}\"},\"query-input\":{\"@type\":\"PropertyValueSpecification\",\"valueRequired\":true,\"valueName\":\"search_term_string\"}}],\"inLanguage\":\"en-US\"},{\"@type\":\"Organization\",\"@id\":\"https:\\\/\\\/spainfilmcommission.com\\\/en\\\/#organization\",\"name\":\"Spain Film Commission\",\"url\":\"https:\\\/\\\/spainfilmcommission.com\\\/en\\\/\",\"logo\":{\"@type\":\"ImageObject\",\"inLanguage\":\"en-US\",\"@id\":\"https:\\\/\\\/spainfilmcommission.com\\\/en\\\/#\\\/schema\\\/logo\\\/image\\\/\",\"url\":\"https:\\\/\\\/spainfilmcommission.com\\\/wp-content\\\/uploads\\\/2024\\\/07\\\/SPC_COLOR.png\",\"contentUrl\":\"https:\\\/\\\/spainfilmcommission.com\\\/wp-content\\\/uploads\\\/2024\\\/07\\\/SPC_COLOR.png\",\"width\":1665,\"height\":1665,\"caption\":\"Spain Film Commission\"},\"image\":{\"@id\":\"https:\\\/\\\/spainfilmcommission.com\\\/en\\\/#\\\/schema\\\/logo\\\/image\\\/\"}},{\"@type\":\"Person\",\"@id\":\"https:\\\/\\\/spainfilmcommission.com\\\/en\\\/#\\\/schema\\\/person\\\/6c014ba6ceac198d178a6a9e61113c9d\",\"name\":\"studio128k_dam\",\"image\":{\"@type\":\"ImageObject\",\"inLanguage\":\"en-US\",\"@id\":\"https:\\\/\\\/secure.gravatar.com\\\/avatar\\\/810f99144a13522c24aa173f9cd8bf079d0e89758af00b5f2938443cd51b31e9?s=96&d=mm&r=g\",\"url\":\"https:\\\/\\\/secure.gravatar.com\\\/avatar\\\/810f99144a13522c24aa173f9cd8bf079d0e89758af00b5f2938443cd51b31e9?s=96&d=mm&r=g\",\"contentUrl\":\"https:\\\/\\\/secure.gravatar.com\\\/avatar\\\/810f99144a13522c24aa173f9cd8bf079d0e89758af00b5f2938443cd51b31e9?s=96&d=mm&r=g\",\"caption\":\"studio128k_dam\"}}]}<\/script>\n<!-- \/ Yoast SEO plugin. -->","yoast_head_json":{"title":"Spain Film Commission celebra el 8M y reivindica el papel de las mujeres en el audiovisual - Spain Film Commission","robots":{"index":"index","follow":"follow","max-snippet":"max-snippet:-1","max-image-preview":"max-image-preview:large","max-video-preview":"max-video-preview:-1"},"canonical":"https:\/\/spainfilmcommission.com\/en\/blog\/spain-film-commission-celebra-el-8m-y-reivindica-el-papel-de-las-mujeres-en-el-audiovisual\/","og_locale":"en_US","og_type":"article","og_title":"Spain Film Commission celebra el 8M y reivindica el papel de las mujeres en el audiovisual - Spain Film Commission","og_description":"Spain Film Commission celebra el 8M y reivindica el papel de las mujeres en el audiovisual\u00a0 \u00a0 \u00a0 \u00a0 \u00a0 \u00a0 \u00a0","og_url":"https:\/\/spainfilmcommission.com\/en\/blog\/spain-film-commission-celebra-el-8m-y-reivindica-el-papel-de-las-mujeres-en-el-audiovisual\/","og_site_name":"Spain Film Commission","article_published_time":"2023-03-06T22:00:00+00:00","article_modified_time":"2025-02-11T07:06:23+00:00","og_image":[{"width":1170,"height":779,"url":"https:\/\/spainfilmcommission.com\/wp-content\/uploads\/2024\/11\/spain-film-commission-celebra-el-8m-y-reivindica-el-papel-de-las-mujeres-en-el-audiovisual-318.jpeg","type":"image\/jpeg"}],"author":"studio128k_dam","twitter_card":"summary_large_image","twitter_misc":{"Written by":"studio128k_dam","Est. reading time":"1 minute"},"schema":{"@context":"https:\/\/schema.org","@graph":[{"@type":"Article","@id":"https:\/\/spainfilmcommission.com\/en\/blog\/spain-film-commission-celebra-el-8m-y-reivindica-el-papel-de-las-mujeres-en-el-audiovisual\/#article","isPartOf":{"@id":"https:\/\/spainfilmcommission.com\/en\/blog\/spain-film-commission-celebra-el-8m-y-reivindica-el-papel-de-las-mujeres-en-el-audiovisual\/"},"author":{"name":"studio128k_dam","@id":"https:\/\/spainfilmcommission.com\/en\/#\/schema\/person\/6c014ba6ceac198d178a6a9e61113c9d"},"headline":"Spain Film Commission celebra el 8M y reivindica el papel de las mujeres en el audiovisual","datePublished":"2023-03-06T22:00:00+00:00","dateModified":"2025-02-11T07:06:23+00:00","mainEntityOfPage":{"@id":"https:\/\/spainfilmcommission.com\/en\/blog\/spain-film-commission-celebra-el-8m-y-reivindica-el-papel-de-las-mujeres-en-el-audiovisual\/"},"wordCount":269,"publisher":{"@id":"https:\/\/spainfilmcommission.com\/en\/#organization"},"image":{"@id":"https:\/\/spainfilmcommission.com\/en\/blog\/spain-film-commission-celebra-el-8m-y-reivindica-el-papel-de-las-mujeres-en-el-audiovisual\/#primaryimage"},"thumbnailUrl":"https:\/\/spainfilmcommission.com\/wp-content\/uploads\/2024\/11\/spain-film-commission-celebra-el-8m-y-reivindica-el-papel-de-las-mujeres-en-el-audiovisual-318.jpeg","articleSection":["Noticias"],"inLanguage":"en-US"},{"@type":"WebPage","@id":"https:\/\/spainfilmcommission.com\/en\/blog\/spain-film-commission-celebra-el-8m-y-reivindica-el-papel-de-las-mujeres-en-el-audiovisual\/","url":"https:\/\/spainfilmcommission.com\/en\/blog\/spain-film-commission-celebra-el-8m-y-reivindica-el-papel-de-las-mujeres-en-el-audiovisual\/","name":"Spain Film Commission celebra el 8M y reivindica el papel de las mujeres en el audiovisual - Spain Film Commission","isPartOf":{"@id":"https:\/\/spainfilmcommission.com\/en\/#website"},"primaryImageOfPage":{"@id":"https:\/\/spainfilmcommission.com\/en\/blog\/spain-film-commission-celebra-el-8m-y-reivindica-el-papel-de-las-mujeres-en-el-audiovisual\/#primaryimage"},"image":{"@id":"https:\/\/spainfilmcommission.com\/en\/blog\/spain-film-commission-celebra-el-8m-y-reivindica-el-papel-de-las-mujeres-en-el-audiovisual\/#primaryimage"},"thumbnailUrl":"https:\/\/spainfilmcommission.com\/wp-content\/uploads\/2024\/11\/spain-film-commission-celebra-el-8m-y-reivindica-el-papel-de-las-mujeres-en-el-audiovisual-318.jpeg","datePublished":"2023-03-06T22:00:00+00:00","dateModified":"2025-02-11T07:06:23+00:00","breadcrumb":{"@id":"https:\/\/spainfilmcommission.com\/en\/blog\/spain-film-commission-celebra-el-8m-y-reivindica-el-papel-de-las-mujeres-en-el-audiovisual\/#breadcrumb"},"inLanguage":"en-US","potentialAction":[{"@type":"ReadAction","target":["https:\/\/spainfilmcommission.com\/en\/blog\/spain-film-commission-celebra-el-8m-y-reivindica-el-papel-de-las-mujeres-en-el-audiovisual\/"]}]},{"@type":"ImageObject","inLanguage":"en-US","@id":"https:\/\/spainfilmcommission.com\/en\/blog\/spain-film-commission-celebra-el-8m-y-reivindica-el-papel-de-las-mujeres-en-el-audiovisual\/#primaryimage","url":"https:\/\/spainfilmcommission.com\/wp-content\/uploads\/2024\/11\/spain-film-commission-celebra-el-8m-y-reivindica-el-papel-de-las-mujeres-en-el-audiovisual-318.jpeg","contentUrl":"https:\/\/spainfilmcommission.com\/wp-content\/uploads\/2024\/11\/spain-film-commission-celebra-el-8m-y-reivindica-el-papel-de-las-mujeres-en-el-audiovisual-318.jpeg","width":1170,"height":779},{"@type":"BreadcrumbList","@id":"https:\/\/spainfilmcommission.com\/en\/blog\/spain-film-commission-celebra-el-8m-y-reivindica-el-papel-de-las-mujeres-en-el-audiovisual\/#breadcrumb","itemListElement":[{"@type":"ListItem","position":1,"name":"Portada","item":"https:\/\/spainfilmcommission.com\/en\/"},{"@type":"ListItem","position":2,"name":"Spain Film Commission celebra el 8M y reivindica el papel de las mujeres en el audiovisual"}]},{"@type":"WebSite","@id":"https:\/\/spainfilmcommission.com\/en\/#website","url":"https:\/\/spainfilmcommission.com\/en\/","name":"Spain Film Commission","description":"","publisher":{"@id":"https:\/\/spainfilmcommission.com\/en\/#organization"},"potentialAction":[{"@type":"SearchAction","target":{"@type":"EntryPoint","urlTemplate":"https:\/\/spainfilmcommission.com\/en\/?s={search_term_string}"},"query-input":{"@type":"PropertyValueSpecification","valueRequired":true,"valueName":"search_term_string"}}],"inLanguage":"en-US"},{"@type":"Organization","@id":"https:\/\/spainfilmcommission.com\/en\/#organization","name":"Spain Film Commission","url":"https:\/\/spainfilmcommission.com\/en\/","logo":{"@type":"ImageObject","inLanguage":"en-US","@id":"https:\/\/spainfilmcommission.com\/en\/#\/schema\/logo\/image\/","url":"https:\/\/spainfilmcommission.com\/wp-content\/uploads\/2024\/07\/SPC_COLOR.png","contentUrl":"https:\/\/spainfilmcommission.com\/wp-content\/uploads\/2024\/07\/SPC_COLOR.png","width":1665,"height":1665,"caption":"Spain Film Commission"},"image":{"@id":"https:\/\/spainfilmcommission.com\/en\/#\/schema\/logo\/image\/"}},{"@type":"Person","@id":"https:\/\/spainfilmcommission.com\/en\/#\/schema\/person\/6c014ba6ceac198d178a6a9e61113c9d","name":"studio128k_dam","image":{"@type":"ImageObject","inLanguage":"en-US","@id":"https:\/\/secure.gravatar.com\/avatar\/810f99144a13522c24aa173f9cd8bf079d0e89758af00b5f2938443cd51b31e9?s=96&d=mm&r=g","url":"https:\/\/secure.gravatar.com\/avatar\/810f99144a13522c24aa173f9cd8bf079d0e89758af00b5f2938443cd51b31e9?s=96&d=mm&r=g","contentUrl":"https:\/\/secure.gravatar.com\/avatar\/810f99144a13522c24aa173f9cd8bf079d0e89758af00b5f2938443cd51b31e9?s=96&d=mm&r=g","caption":"studio128k_dam"}}]}},"_links":{"self":[{"href":"https:\/\/spainfilmcommission.com\/en\/wp-json\/wp\/v2\/posts\/8780","targetHints":{"allow":["GET"]}}],"collection":[{"href":"https:\/\/spainfilmcommission.com\/en\/wp-json\/wp\/v2\/posts"}],"about":[{"href":"https:\/\/spainfilmcommission.com\/en\/wp-json\/wp\/v2\/types\/post"}],"author":[{"embeddable":true,"href":"https:\/\/spainfilmcommission.com\/en\/wp-json\/wp\/v2\/users\/2"}],"replies":[{"embeddable":true,"href":"https:\/\/spainfilmcommission.com\/en\/wp-json\/wp\/v2\/comments?post=8780"}],"version-history":[{"count":0,"href":"https:\/\/spainfilmcommission.com\/en\/wp-json\/wp\/v2\/posts\/8780\/revisions"}],"wp:featuredmedia":[{"embeddable":true,"href":"https:\/\/spainfilmcommission.com\/en\/wp-json\/wp\/v2\/media\/8781"}],"wp:attachment":[{"href":"https:\/\/spainfilmcommission.com\/en\/wp-json\/wp\/v2\/media?parent=8780"}],"wp:term":[{"taxonomy":"category","embeddable":true,"href":"https:\/\/spainfilmcommission.com\/en\/wp-json\/wp\/v2\/categories?post=8780"},{"taxonomy":"post_tag","embeddable":true,"href":"https:\/\/spainfilmcommission.com\/en\/wp-json\/wp\/v2\/tags?post=8780"}],"curies":[{"name":"wp","href":"https:\/\/api.w.org\/{rel}","templated":true}]}}