{"id":8777,"date":"2023-02-15T00:00:00","date_gmt":"2023-02-14T22:00:00","guid":{"rendered":"https:\/\/sfc.com\/spain-film-commission-participa-en-el-european-film-market-de-la-berlinale-con-una-amplia-representacion-de-socios-de-la-red\/"},"modified":"2025-02-11T08:06:23","modified_gmt":"2025-02-11T07:06:23","slug":"spain-film-commission-participa-en-el-european-film-market-de-la-berlinale-con-una-amplia-representacion-de-socios-de-la-red","status":"publish","type":"post","link":"https:\/\/spainfilmcommission.com\/en\/blog\/spain-film-commission-participa-en-el-european-film-market-de-la-berlinale-con-una-amplia-representacion-de-socios-de-la-red\/","title":{"rendered":"Spain Film Commission participa en el European Film Market de la Berlinale con una amplia representaci\u00f3n de socios de la red"},"content":{"rendered":"<p style=\"font-family:Arial, sans-serif;text-align:justify;\"><span style=\"font-size:14px;\"><span id=\"docs-internal-guid-bb3ee2ad-7fff-76dd-794f-bbe9b5b6a8cb\"><span style=\"font-family:Calibri, sans-serif;color:rgb(0,0,0);font-weight:700;vertical-align:baseline;white-space:pre-wrap;\">Siete pel\u00edculas espa\u00f1olas rodadas en Pa\u00eds Vasco, Galicia, Catalu\u00f1a y Castilla Le\u00f3n han sido seleccionadas en distintas secciones del festival y una de ellas compite por el Oso de Oro.<\/span><\/span><\/span><\/p>\n<p dir=\"ltr\" style=\"font-size:12px;font-family:Arial, sans-serif;line-height:1.38;margin-top:0pt;margin-bottom:0pt;text-align:justify;\"><span id=\"docs-internal-guid-225fe506-7fff-30c0-eb2b-e48920d023ce\"><span style=\"font-size:11pt;font-family:Calibri, sans-serif;color:rgb(0,0,0);font-weight:700;vertical-align:baseline;white-space:pre-wrap;\">Spain Film Commission y doce socios de la red de Spain Film Commission <\/span><span style=\"font-size:11pt;font-family:Calibri, sans-serif;color:rgb(0,0,0);vertical-align:baseline;white-space:pre-wrap;\">estar\u00e1n presentes en el European Film Market. E<\/span><span style=\"font-size:11pt;font-family:Calibri, sans-serif;color:rgb(0,0,0);font-weight:700;vertical-align:baseline;white-space:pre-wrap;\">l s<\/span><span style=\"font-size:11pt;font-family:Calibri, sans-serif;color:rgb(0,0,0);vertical-align:baseline;white-space:pre-wrap;\">tand <\/span><span style=\"font-size:11pt;font-family:Calibri, sans-serif;color:rgb(0,0,0);font-weight:700;vertical-align:baseline;white-space:pre-wrap;\">&#8220;Cinema from Spain&#8221; <\/span><span style=\"font-size:11pt;font-family:Calibri, sans-serif;color:rgb(0,0,0);vertical-align:baseline;white-space:pre-wrap;\">situado en <\/span><span style=\"font-size:11pt;font-family:Calibri, sans-serif;color:rgb(0,0,0);font-weight:700;vertical-align:baseline;white-space:pre-wrap;\">Martin Gropius-Bau C1,<\/span><span style=\"font-size:11pt;font-family:Calibri, sans-serif;color:rgb(0,0,0);vertical-align:baseline;white-space:pre-wrap;\"> donde se dar\u00e1n a conocer las mejoras de los incentivos fiscales adem\u00e1s de otras ventajas de rodar en Espa\u00f1a.\u00a0 <\/span><span style=\"font-size:11pt;font-family:Calibri, sans-serif;color:rgb(0,0,0);font-weight:700;vertical-align:baseline;white-space:pre-wrap;\">Andalucia Film Commission<\/span><span style=\"font-size:11pt;font-family:Calibri, sans-serif;color:rgb(0,0,0);vertical-align:baseline;white-space:pre-wrap;\">, <\/span><span style=\"font-size:11pt;font-family:Calibri, sans-serif;color:rgb(0,0,0);font-weight:700;vertical-align:baseline;white-space:pre-wrap;\">Bilbao Bizkaia Film Commission,<\/span><span style=\"font-size:11pt;font-family:Calibri, sans-serif;color:rgb(0,0,0);vertical-align:baseline;white-space:pre-wrap;\"> <\/span><span style=\"font-size:11pt;font-family:Calibri, sans-serif;color:rgb(0,0,0);font-weight:700;vertical-align:baseline;white-space:pre-wrap;\">Canary Islands Film, Cantabria Film Commission,Castilla La Mancha Film Commission, Catalunya Film Commission, Film Madrid, Madrid Film Office, Mallorca Film Commission, Navarra Film Commission, Valladolid Film Commission y Vitoria- Gasteiz Film Office <\/span><span style=\"font-size:11pt;font-family:Calibri, sans-serif;color:rgb(0,0,0);vertical-align:baseline;white-space:pre-wrap;\">asisten al mayor mercado audiovisual europeo\u00a0 para captar proyectos audiovisuales en desarrollo, en uno de los mejores momentos de la industria espa\u00f1ola de rodajes.<\/span><\/span><\/p>\n<p dir=\"ltr\" style=\"font-size:12px;font-family:Arial, sans-serif;line-height:1.38;margin-top:0pt;margin-bottom:0pt;text-align:justify;\"><span style=\"font-size:11pt;font-family:Calibri, sans-serif;color:rgb(0,0,0);vertical-align:baseline;white-space:pre-wrap;\">\u00a0<\/span><\/p>\n<h4 dir=\"ltr\" style=\"font-family:Arial, sans-serif;font-size:12px;line-height:1.38;margin-top:12pt;margin-bottom:2pt;text-align:justify;\"><span style=\"font-size:12pt;font-family:Calibri, sans-serif;color:rgb(0,0,0);font-weight:700;vertical-align:baseline;white-space:pre-wrap;\">Incentivos fiscales<\/span><\/h4>\n<p dir=\"ltr\" style=\"font-size:12px;font-family:Arial, sans-serif;line-height:1.38;margin-top:0pt;margin-bottom:0pt;text-align:justify;\"><span style=\"font-size:11pt;font-family:Calibri, sans-serif;color:rgb(0,0,0);vertical-align:baseline;white-space:pre-wrap;\">La mejora a los incentivos fiscales al audiovisual en Espa\u00f1a, introducida por la\u00a0 <\/span><a href=\"https:\/\/mailbusiness.ionos.es\/appsuite\/?tl=y#\"><span style=\"font-size:11pt;font-family:Calibri, sans-serif;color:rgb(0,0,0);vertical-align:baseline;white-space:pre-wrap;\">Ley 38\/2022<\/span><\/a><span style=\"font-size:11pt;font-family:Calibri, sans-serif;color:rgb(0,0,0);vertical-align:baseline;white-space:pre-wrap;\">,\u00a0 incrementa los l\u00edmites m\u00e1ximos de las deducciones por inversiones en producciones cinematogr\u00e1ficas de 10 a 20 millones de euros y a 10 millones de euros por episodio en el caso de las series. Por la misma ley, tambi\u00e9n se elimina el tope de 100.000 euros por persona en la contrataci\u00f3n<\/span><span style=\"font-size:11pt;font-family:Calibri, sans-serif;color:rgb(0,0,0);font-weight:700;vertical-align:baseline;white-space:pre-wrap;\"> <\/span><span style=\"font-size:11pt;font-family:Calibri, sans-serif;color:rgb(0,0,0);vertical-align:baseline;white-space:pre-wrap;\">de personal creativo en producciones internacionales<\/span><span style=\"font-size:11pt;font-family:Calibri, sans-serif;color:rgb(0,0,0);font-weight:700;vertical-align:baseline;white-space:pre-wrap;\">.<\/span><span style=\"font-size:11pt;font-family:Calibri, sans-serif;color:rgb(0,0,0);vertical-align:baseline;white-space:pre-wrap;\"> Estos cambios<\/span><span style=\"font-size:11pt;font-family:Calibri, sans-serif;color:rgb(0,0,0);font-weight:700;vertical-align:baseline;white-space:pre-wrap;\">,<\/span><span style=\"font-size:11pt;font-family:Calibri, sans-serif;color:rgb(0,0,0);vertical-align:baseline;white-space:pre-wrap;\"> que representan una mejora sustancial en la competividad de Espa\u00f1a<\/span><span style=\"font-size:11pt;font-family:Calibri, sans-serif;color:rgb(0,0,0);vertical-align:baseline;white-space:pre-wrap;\">,<\/span><span style=\"font-size:11pt;font-family:Calibri, sans-serif;color:rgb(0,0,0);vertical-align:baseline;white-space:pre-wrap;\"> como destino de rodajes e inversiones audiovisuales, son una de las novedades que Spain Film Commission difundir\u00e1 en esta edici\u00f3n.<\/span><\/p>\n<p dir=\"ltr\" style=\"font-size:12px;font-family:Arial, sans-serif;line-height:1.38;margin-top:0pt;margin-bottom:0pt;text-align:justify;\"><span style=\"font-size:11pt;font-family:Calibri, sans-serif;color:rgb(0,0,0);vertical-align:baseline;white-space:pre-wrap;\">\u00a0<\/span><\/p>\n<h4 dir=\"ltr\" style=\"font-family:Arial, sans-serif;font-size:12px;line-height:1.38;margin-top:12pt;margin-bottom:2pt;text-align:justify;\"><span style=\"font-size:12pt;font-family:Calibri, sans-serif;color:rgb(0,0,0);font-weight:700;vertical-align:baseline;white-space:pre-wrap;\">Participaci\u00f3n de pel\u00edculas espa\u00f1olas<\/span><\/h4>\n<p dir=\"ltr\" style=\"font-size:12px;font-family:Arial, sans-serif;line-height:1.38;margin-top:0pt;margin-bottom:0pt;text-align:justify;\"><span style=\"font-size:11pt;font-family:Calibri, sans-serif;color:rgb(0,0,0);vertical-align:baseline;white-space:pre-wrap;\">El gran momento que vive nuestro cine se refleja en la participaci\u00f3n de siete pel\u00edculas en distintas secciones de la Berlinale<\/span><span style=\"font-size:11pt;font-family:Calibri, sans-serif;color:rgb(0,0,0);font-weight:700;vertical-align:baseline;white-space:pre-wrap;\">,<\/span><span style=\"font-size:11pt;font-family:Calibri, sans-serif;color:rgb(0,0,0);vertical-align:baseline;white-space:pre-wrap;\"> rodadas en localizaciones singulares a lo largo de todo el pa\u00eds.<\/span><\/p>\n<p dir=\"ltr\" style=\"font-size:12px;font-family:Arial, sans-serif;line-height:1.38;margin-top:0pt;margin-bottom:0pt;text-align:justify;\">\u00a0<\/p>\n<p dir=\"ltr\" style=\"font-size:12px;font-family:Arial, sans-serif;line-height:1.38;margin-top:0pt;margin-bottom:0pt;text-align:justify;\"><span style=\"font-size:11pt;font-family:Calibri, sans-serif;color:rgb(0,0,0);vertical-align:baseline;white-space:pre-wrap;\">Cuando la alavesa Est\u00edbaliz Urresola rod\u00f3 su cortometraje &#8220;Cuerdas, cont\u00f3 con el apoyo de las <\/span><span style=\"font-size:11pt;font-family:Calibri, sans-serif;color:rgb(0,0,0);vertical-align:baseline;white-space:pre-wrap;\">Film Commissions<\/span><span style=\"font-size:11pt;font-family:Calibri, sans-serif;color:rgb(0,0,0);font-weight:700;vertical-align:baseline;white-space:pre-wrap;\">. <\/span><span style=\"font-size:11pt;font-family:Calibri, sans-serif;color:rgb(0,0,0);vertical-align:baseline;white-space:pre-wrap;\">El corto, filmado en su Llodio natal y Muskiz se present\u00f3 en la Semana de la Cr\u00edtica de Cannes y gan\u00f3 el premio Rails d&#8217;Ory, as\u00ed como el Forqu\u00e9. Al filmar su primer <\/span><span style=\"font-size:11pt;font-family:Calibri, sans-serif;color:rgb(0,0,0);vertical-align:baseline;white-space:pre-wrap;\">largometraje, Est\u00edbaliz volvi\u00f3 a recibir el respaldo de las Film Commissions<\/span><span style=\"font-size:11pt;font-family:Calibri, sans-serif;color:rgb(0,0,0);vertical-align:baseline;white-space:pre-wrap;\"> para facilitar no solo las localizaciones sino tambi\u00e9n muchas otras gestiones necesarias para crear la magia del cine. En Berl\u00edn s<\/span><span style=\"font-size:11pt;font-family:Calibri, sans-serif;color:rgb(0,0,0);vertical-align:baseline;white-space:pre-wrap;\">u pel\u00edcula\u00a0 &#8220;<\/span><span style=\"font-size:11pt;font-family:Calibri, sans-serif;color:rgb(0,0,0);font-weight:700;vertical-align:baseline;white-space:pre-wrap;\">20.000 especies de abejas<\/span><span style=\"font-size:11pt;font-family:Calibri, sans-serif;color:rgb(0,0,0);vertical-align:baseline;white-space:pre-wrap;\">&#8220;, compite por el Oso de Oro con una\u00a0 historia que cuenta con una gran variedad de personajes femeninos que encarnan la colmena familiar, con tradiciones vascas ancestrales que tienen que ver con el valor de la naturaleza. Fue rodada en distintas localizaciones <\/span><span style=\"font-size:11pt;font-family:Calibri, sans-serif;color:rgb(0,0,0);vertical-align:baseline;white-space:pre-wrap;\">enLlodio, Hendaya y Amurrio.\u00a0<\/span><\/p>\n<p dir=\"ltr\" style=\"font-size:12px;font-family:Arial, sans-serif;line-height:1.38;margin-top:0pt;margin-bottom:0pt;text-align:justify;\">\u00a0<\/p>\n<p dir=\"ltr\" style=\"font-size:12px;font-family:Arial, sans-serif;line-height:1.38;margin-top:0pt;margin-bottom:0pt;text-align:justify;\"><span style=\"font-size:11pt;font-family:Calibri, sans-serif;color:rgb(0,0,0);vertical-align:baseline;white-space:pre-wrap;\">En la secci\u00f3n de cortometrajes, compite por el oso de oro &#8216;<\/span><span style=\"font-size:11pt;font-family:Calibri, sans-serif;color:rgb(0,0,0);font-weight:700;vertical-align:baseline;white-space:pre-wrap;\">La herida luminosa<\/span><span style=\"font-size:11pt;font-family:Calibri, sans-serif;color:rgb(0,0,0);vertical-align:baseline;white-space:pre-wrap;\">\u2019, dirigido por <\/span><span style=\"font-size:11pt;font-family:Calibri, sans-serif;color:rgb(0,0,0);font-weight:700;vertical-align:baseline;white-space:pre-wrap;\">Christian Avil\u00e9s<\/span><span style=\"font-size:11pt;font-family:Calibri, sans-serif;color:rgb(0,0,0);vertical-align:baseline;white-space:pre-wrap;\"> y producido por ESCAC Films, una f\u00e1bula contempor\u00e1nea sobre el turismo de masas rodado en diversas localizaciones de Catalu\u00f1a.<\/span><\/p>\n<p dir=\"ltr\" style=\"font-size:12px;font-family:Arial, sans-serif;line-height:1.38;margin-top:0pt;margin-bottom:0pt;text-align:justify;\"><span style=\"font-size:11pt;font-family:Calibri, sans-serif;color:rgb(0,0,0);vertical-align:baseline;white-space:pre-wrap;\">&#8220;<\/span><span style=\"font-size:11pt;font-family:Calibri, sans-serif;color:rgb(0,0,0);font-weight:700;vertical-align:baseline;white-space:pre-wrap;\">Matria<\/span><span style=\"font-size:11pt;font-family:Calibri, sans-serif;color:rgb(0,0,0);vertical-align:baseline;white-space:pre-wrap;\">&#8221; de <\/span><span style=\"font-size:11pt;font-family:Calibri, sans-serif;color:rgb(0,0,0);font-weight:700;vertical-align:baseline;white-space:pre-wrap;\">\u00c1lvaro Gago<\/span><span style=\"font-size:11pt;font-family:Calibri, sans-serif;color:rgb(0,0,0);vertical-align:baseline;white-space:pre-wrap;\"> se ha servido de distintas localizaciones de Pontevedra, como la parroquia de Mourente o la f\u00e1brica de congelados Santa Mar, una de las localizaciones escogidas para el desarrollo de la trama, como tambi\u00e9n las plazas de A Ferrer\u00eda y en la Peregrina<\/span><\/p>\n<p dir=\"ltr\" style=\"font-size:12px;font-family:Arial, sans-serif;line-height:1.38;margin-top:0pt;margin-bottom:0pt;text-align:justify;\"><span style=\"font-size:11pt;font-family:Calibri, sans-serif;color:rgb(0,0,0);vertical-align:baseline;white-space:pre-wrap;\">&#8220;<\/span><span style=\"font-size:11pt;font-family:Calibri, sans-serif;color:rgb(0,0,0);font-weight:700;vertical-align:baseline;white-space:pre-wrap;\">Sica<\/span><span style=\"font-size:11pt;font-family:Calibri, sans-serif;color:rgb(0,0,0);vertical-align:baseline;white-space:pre-wrap;\">&#8220;, de <\/span><span style=\"font-size:11pt;font-family:Calibri, sans-serif;color:rgb(0,0,0);font-weight:700;vertical-align:baseline;white-space:pre-wrap;\">Carla Subirana,<\/span><span style=\"font-size:11pt;font-family:Calibri, sans-serif;color:rgb(0,0,0);vertical-align:baseline;white-space:pre-wrap;\"> un coming-of-age rodado en la Costa de Morte y protagonizado por una joven de 14 a\u00f1os que, tras el naufragio de su padre, espera que el mar le devuelva el cuerpo, participa en la secci\u00f3n Generation 14plus.<\/span><\/p>\n<p dir=\"ltr\" style=\"font-size:12px;font-family:Arial, sans-serif;line-height:1.38;margin-top:0pt;margin-bottom:0pt;text-align:justify;\"><span style=\"font-size:11pt;font-family:Calibri, sans-serif;color:rgb(0,0,0);vertical-align:baseline;white-space:pre-wrap;\">&#8220;<\/span><span style=\"font-size:11pt;font-family:Calibri, sans-serif;color:rgb(0,0,0);font-weight:700;vertical-align:baseline;white-space:pre-wrap;\">El esp\u00edritu de la colmena&#8221;<\/span><span style=\"font-size:11pt;font-family:Calibri, sans-serif;color:rgb(0,0,0);vertical-align:baseline;white-space:pre-wrap;\">;el film de 1973 de <\/span><span style=\"font-size:11pt;font-family:Calibri, sans-serif;color:rgb(0,0,0);font-weight:700;vertical-align:baseline;white-space:pre-wrap;\">V\u00edctor Erice<\/span><span style=\"font-size:11pt;font-family:Calibri, sans-serif;color:rgb(0,0,0);vertical-align:baseline;white-space:pre-wrap;\"> rodado<\/span><span style=\"font-size:11pt;font-family:Calibri, sans-serif;color:rgb(0,0,0);font-weight:700;vertical-align:baseline;white-space:pre-wrap;\"> <\/span><span style=\"font-size:11pt;font-family:Calibri, sans-serif;color:rgb(0,0,0);vertical-align:baseline;white-space:pre-wrap;\">en el pueblo segoviano de Hoyuelos, participa en la secci\u00f3n Retrospective.<\/span><\/p>\n<p dir=\"ltr\" style=\"font-size:12px;font-family:Arial, sans-serif;line-height:1.38;margin-top:0pt;margin-bottom:0pt;text-align:justify;\"><span style=\"font-size:11pt;font-family:Calibri, sans-serif;color:rgb(0,0,0);vertical-align:baseline;white-space:pre-wrap;\">&#8220;<\/span><span style=\"font-size:11pt;font-family:Calibri, sans-serif;color:rgb(0,0,0);font-weight:700;vertical-align:baseline;white-space:pre-wrap;\">A \u00e1rvore&#8221;<\/span><span style=\"font-size:11pt;font-family:Calibri, sans-serif;color:rgb(0,0,0);vertical-align:baseline;white-space:pre-wrap;\"> (&#8220;The Tree&#8221;), de <\/span><span style=\"font-size:11pt;font-family:Calibri, sans-serif;color:rgb(0,0,0);font-weight:700;vertical-align:baseline;white-space:pre-wrap;\">Ana Vaz<\/span><span style=\"font-size:11pt;font-family:Calibri, sans-serif;color:rgb(0,0,0);vertical-align:baseline;white-space:pre-wrap;\">, una coproducci\u00f3n Espa\u00f1a Brasil y\u00a0 &#8220;<\/span><span style=\"font-size:11pt;font-family:Calibri, sans-serif;color:rgb(0,0,0);font-weight:700;vertical-align:baseline;white-space:pre-wrap;\">Anqa<\/span><span style=\"font-size:11pt;font-family:Calibri, sans-serif;color:rgb(0,0,0);vertical-align:baseline;white-space:pre-wrap;\">&#8221; de <\/span><span style=\"font-size:11pt;font-family:Calibri, sans-serif;color:rgb(0,0,0);font-weight:700;vertical-align:baseline;white-space:pre-wrap;\">Helin \u00c7elik<\/span><span style=\"font-size:11pt;font-family:Calibri, sans-serif;color:rgb(0,0,0);vertical-align:baseline;white-space:pre-wrap;\"> una coproducci\u00f3n Espa\u00f1a-Austria participar\u00e1n en la secci\u00f3n Forum Expanded.\u00a0<\/span><\/p>\n","protected":false},"excerpt":{"rendered":"<h3 style=\"font-family:Arial, sans-serif;text-align:justify;\"><span style=\"font-size:14px;\"><span id=\"docs-internal-guid-bb3ee2ad-7fff-76dd-794f-bbe9b5b6a8cb\"><span style=\"font-family:Calibri, sans-serif;color:rgb(0,0,0);font-weight:700;vertical-align:baseline;white-space:pre-wrap;\">Siete pel\u00edculas espa\u00f1olas rodadas en Pa\u00eds Vasco, Galicia, Catalu\u00f1a y Castilla Le\u00f3n han sido seleccionadas en distintas secciones del festival y una de ellas compite por el Oso de Oro.<\/span><\/span><span style=\"font-family:arial, helvetica, sans-serif;\">\u00a0<\/span><\/span><\/h3>\n","protected":false},"author":2,"featured_media":8778,"comment_status":"closed","ping_status":"","sticky":false,"template":"","format":"standard","meta":{"footnotes":""},"categories":[38],"tags":[],"class_list":["post-8777","post","type-post","status-publish","format-standard","has-post-thumbnail","hentry","category-noticias"],"yoast_head":"<!-- This site is optimized with the Yoast SEO plugin v27.3 - https:\/\/yoast.com\/product\/yoast-seo-wordpress\/ -->\n<title>Spain Film Commission participa en el European Film Market de la Berlinale con una amplia representaci\u00f3n de socios de la red - Spain Film Commission<\/title>\n<meta name=\"robots\" content=\"index, follow, max-snippet:-1, max-image-preview:large, max-video-preview:-1\" \/>\n<link rel=\"canonical\" href=\"https:\/\/spainfilmcommission.com\/en\/blog\/spain-film-commission-participa-en-el-european-film-market-de-la-berlinale-con-una-amplia-representacion-de-socios-de-la-red\/\" \/>\n<meta property=\"og:locale\" content=\"en_US\" \/>\n<meta property=\"og:type\" content=\"article\" \/>\n<meta property=\"og:title\" content=\"Spain Film Commission participa en el European Film Market de la Berlinale con una amplia representaci\u00f3n de socios de la red - Spain Film Commission\" \/>\n<meta property=\"og:description\" content=\"Siete pel\u00edculas espa\u00f1olas rodadas en Pa\u00eds Vasco, Galicia, Catalu\u00f1a y Castilla Le\u00f3n han sido seleccionadas en distintas secciones del festival y una de ellas compite por el Oso de Oro.\u00a0\" \/>\n<meta property=\"og:url\" content=\"https:\/\/spainfilmcommission.com\/en\/blog\/spain-film-commission-participa-en-el-european-film-market-de-la-berlinale-con-una-amplia-representacion-de-socios-de-la-red\/\" \/>\n<meta property=\"og:site_name\" content=\"Spain Film Commission\" \/>\n<meta property=\"article:published_time\" content=\"2023-02-14T22:00:00+00:00\" \/>\n<meta property=\"article:modified_time\" content=\"2025-02-11T07:06:23+00:00\" \/>\n<meta property=\"og:image\" content=\"https:\/\/spainfilmcommission.com\/wp-content\/uploads\/2024\/11\/spain-film-commission-participa-en-el-european-film-market-de-la-berlinale-con-una-amplia-representacion-de-socios-de-la-red-317.png\" \/>\n\t<meta property=\"og:image:width\" content=\"1170\" \/>\n\t<meta property=\"og:image:height\" content=\"936\" \/>\n\t<meta property=\"og:image:type\" content=\"image\/png\" \/>\n<meta name=\"author\" content=\"studio128k_dam\" \/>\n<meta name=\"twitter:card\" content=\"summary_large_image\" \/>\n<meta name=\"twitter:label1\" content=\"Written by\" \/>\n\t<meta name=\"twitter:data1\" content=\"studio128k_dam\" \/>\n\t<meta name=\"twitter:label2\" content=\"Est. reading time\" \/>\n\t<meta name=\"twitter:data2\" content=\"3 minutes\" \/>\n<script type=\"application\/ld+json\" class=\"yoast-schema-graph\">{\"@context\":\"https:\\\/\\\/schema.org\",\"@graph\":[{\"@type\":\"Article\",\"@id\":\"https:\\\/\\\/spainfilmcommission.com\\\/en\\\/blog\\\/spain-film-commission-participa-en-el-european-film-market-de-la-berlinale-con-una-amplia-representacion-de-socios-de-la-red\\\/#article\",\"isPartOf\":{\"@id\":\"https:\\\/\\\/spainfilmcommission.com\\\/en\\\/blog\\\/spain-film-commission-participa-en-el-european-film-market-de-la-berlinale-con-una-amplia-representacion-de-socios-de-la-red\\\/\"},\"author\":{\"name\":\"studio128k_dam\",\"@id\":\"https:\\\/\\\/spainfilmcommission.com\\\/en\\\/#\\\/schema\\\/person\\\/6c014ba6ceac198d178a6a9e61113c9d\"},\"headline\":\"Spain Film Commission participa en el European Film Market de la Berlinale con una amplia representaci\u00f3n de socios de la red\",\"datePublished\":\"2023-02-14T22:00:00+00:00\",\"dateModified\":\"2025-02-11T07:06:23+00:00\",\"mainEntityOfPage\":{\"@id\":\"https:\\\/\\\/spainfilmcommission.com\\\/en\\\/blog\\\/spain-film-commission-participa-en-el-european-film-market-de-la-berlinale-con-una-amplia-representacion-de-socios-de-la-red\\\/\"},\"wordCount\":657,\"publisher\":{\"@id\":\"https:\\\/\\\/spainfilmcommission.com\\\/en\\\/#organization\"},\"image\":{\"@id\":\"https:\\\/\\\/spainfilmcommission.com\\\/en\\\/blog\\\/spain-film-commission-participa-en-el-european-film-market-de-la-berlinale-con-una-amplia-representacion-de-socios-de-la-red\\\/#primaryimage\"},\"thumbnailUrl\":\"https:\\\/\\\/spainfilmcommission.com\\\/wp-content\\\/uploads\\\/2024\\\/11\\\/spain-film-commission-participa-en-el-european-film-market-de-la-berlinale-con-una-amplia-representacion-de-socios-de-la-red-317.png\",\"articleSection\":[\"Noticias\"],\"inLanguage\":\"en-US\"},{\"@type\":\"WebPage\",\"@id\":\"https:\\\/\\\/spainfilmcommission.com\\\/en\\\/blog\\\/spain-film-commission-participa-en-el-european-film-market-de-la-berlinale-con-una-amplia-representacion-de-socios-de-la-red\\\/\",\"url\":\"https:\\\/\\\/spainfilmcommission.com\\\/en\\\/blog\\\/spain-film-commission-participa-en-el-european-film-market-de-la-berlinale-con-una-amplia-representacion-de-socios-de-la-red\\\/\",\"name\":\"Spain Film Commission participa en el European Film Market de la Berlinale con una amplia representaci\u00f3n de socios de la red - Spain Film Commission\",\"isPartOf\":{\"@id\":\"https:\\\/\\\/spainfilmcommission.com\\\/en\\\/#website\"},\"primaryImageOfPage\":{\"@id\":\"https:\\\/\\\/spainfilmcommission.com\\\/en\\\/blog\\\/spain-film-commission-participa-en-el-european-film-market-de-la-berlinale-con-una-amplia-representacion-de-socios-de-la-red\\\/#primaryimage\"},\"image\":{\"@id\":\"https:\\\/\\\/spainfilmcommission.com\\\/en\\\/blog\\\/spain-film-commission-participa-en-el-european-film-market-de-la-berlinale-con-una-amplia-representacion-de-socios-de-la-red\\\/#primaryimage\"},\"thumbnailUrl\":\"https:\\\/\\\/spainfilmcommission.com\\\/wp-content\\\/uploads\\\/2024\\\/11\\\/spain-film-commission-participa-en-el-european-film-market-de-la-berlinale-con-una-amplia-representacion-de-socios-de-la-red-317.png\",\"datePublished\":\"2023-02-14T22:00:00+00:00\",\"dateModified\":\"2025-02-11T07:06:23+00:00\",\"breadcrumb\":{\"@id\":\"https:\\\/\\\/spainfilmcommission.com\\\/en\\\/blog\\\/spain-film-commission-participa-en-el-european-film-market-de-la-berlinale-con-una-amplia-representacion-de-socios-de-la-red\\\/#breadcrumb\"},\"inLanguage\":\"en-US\",\"potentialAction\":[{\"@type\":\"ReadAction\",\"target\":[\"https:\\\/\\\/spainfilmcommission.com\\\/en\\\/blog\\\/spain-film-commission-participa-en-el-european-film-market-de-la-berlinale-con-una-amplia-representacion-de-socios-de-la-red\\\/\"]}]},{\"@type\":\"ImageObject\",\"inLanguage\":\"en-US\",\"@id\":\"https:\\\/\\\/spainfilmcommission.com\\\/en\\\/blog\\\/spain-film-commission-participa-en-el-european-film-market-de-la-berlinale-con-una-amplia-representacion-de-socios-de-la-red\\\/#primaryimage\",\"url\":\"https:\\\/\\\/spainfilmcommission.com\\\/wp-content\\\/uploads\\\/2024\\\/11\\\/spain-film-commission-participa-en-el-european-film-market-de-la-berlinale-con-una-amplia-representacion-de-socios-de-la-red-317.png\",\"contentUrl\":\"https:\\\/\\\/spainfilmcommission.com\\\/wp-content\\\/uploads\\\/2024\\\/11\\\/spain-film-commission-participa-en-el-european-film-market-de-la-berlinale-con-una-amplia-representacion-de-socios-de-la-red-317.png\",\"width\":1170,\"height\":936},{\"@type\":\"BreadcrumbList\",\"@id\":\"https:\\\/\\\/spainfilmcommission.com\\\/en\\\/blog\\\/spain-film-commission-participa-en-el-european-film-market-de-la-berlinale-con-una-amplia-representacion-de-socios-de-la-red\\\/#breadcrumb\",\"itemListElement\":[{\"@type\":\"ListItem\",\"position\":1,\"name\":\"Portada\",\"item\":\"https:\\\/\\\/spainfilmcommission.com\\\/en\\\/\"},{\"@type\":\"ListItem\",\"position\":2,\"name\":\"Spain Film Commission participa en el European Film Market de la Berlinale con una amplia representaci\u00f3n de socios de la red\"}]},{\"@type\":\"WebSite\",\"@id\":\"https:\\\/\\\/spainfilmcommission.com\\\/en\\\/#website\",\"url\":\"https:\\\/\\\/spainfilmcommission.com\\\/en\\\/\",\"name\":\"Spain Film Commission\",\"description\":\"\",\"publisher\":{\"@id\":\"https:\\\/\\\/spainfilmcommission.com\\\/en\\\/#organization\"},\"potentialAction\":[{\"@type\":\"SearchAction\",\"target\":{\"@type\":\"EntryPoint\",\"urlTemplate\":\"https:\\\/\\\/spainfilmcommission.com\\\/en\\\/?s={search_term_string}\"},\"query-input\":{\"@type\":\"PropertyValueSpecification\",\"valueRequired\":true,\"valueName\":\"search_term_string\"}}],\"inLanguage\":\"en-US\"},{\"@type\":\"Organization\",\"@id\":\"https:\\\/\\\/spainfilmcommission.com\\\/en\\\/#organization\",\"name\":\"Spain Film Commission\",\"url\":\"https:\\\/\\\/spainfilmcommission.com\\\/en\\\/\",\"logo\":{\"@type\":\"ImageObject\",\"inLanguage\":\"en-US\",\"@id\":\"https:\\\/\\\/spainfilmcommission.com\\\/en\\\/#\\\/schema\\\/logo\\\/image\\\/\",\"url\":\"https:\\\/\\\/spainfilmcommission.com\\\/wp-content\\\/uploads\\\/2024\\\/07\\\/SPC_COLOR.png\",\"contentUrl\":\"https:\\\/\\\/spainfilmcommission.com\\\/wp-content\\\/uploads\\\/2024\\\/07\\\/SPC_COLOR.png\",\"width\":1665,\"height\":1665,\"caption\":\"Spain Film Commission\"},\"image\":{\"@id\":\"https:\\\/\\\/spainfilmcommission.com\\\/en\\\/#\\\/schema\\\/logo\\\/image\\\/\"}},{\"@type\":\"Person\",\"@id\":\"https:\\\/\\\/spainfilmcommission.com\\\/en\\\/#\\\/schema\\\/person\\\/6c014ba6ceac198d178a6a9e61113c9d\",\"name\":\"studio128k_dam\",\"image\":{\"@type\":\"ImageObject\",\"inLanguage\":\"en-US\",\"@id\":\"https:\\\/\\\/secure.gravatar.com\\\/avatar\\\/810f99144a13522c24aa173f9cd8bf079d0e89758af00b5f2938443cd51b31e9?s=96&d=mm&r=g\",\"url\":\"https:\\\/\\\/secure.gravatar.com\\\/avatar\\\/810f99144a13522c24aa173f9cd8bf079d0e89758af00b5f2938443cd51b31e9?s=96&d=mm&r=g\",\"contentUrl\":\"https:\\\/\\\/secure.gravatar.com\\\/avatar\\\/810f99144a13522c24aa173f9cd8bf079d0e89758af00b5f2938443cd51b31e9?s=96&d=mm&r=g\",\"caption\":\"studio128k_dam\"}}]}<\/script>\n<!-- \/ Yoast SEO plugin. -->","yoast_head_json":{"title":"Spain Film Commission participa en el European Film Market de la Berlinale con una amplia representaci\u00f3n de socios de la red - Spain Film Commission","robots":{"index":"index","follow":"follow","max-snippet":"max-snippet:-1","max-image-preview":"max-image-preview:large","max-video-preview":"max-video-preview:-1"},"canonical":"https:\/\/spainfilmcommission.com\/en\/blog\/spain-film-commission-participa-en-el-european-film-market-de-la-berlinale-con-una-amplia-representacion-de-socios-de-la-red\/","og_locale":"en_US","og_type":"article","og_title":"Spain Film Commission participa en el European Film Market de la Berlinale con una amplia representaci\u00f3n de socios de la red - Spain Film Commission","og_description":"Siete pel\u00edculas espa\u00f1olas rodadas en Pa\u00eds Vasco, Galicia, Catalu\u00f1a y Castilla Le\u00f3n han sido seleccionadas en distintas secciones del festival y una de ellas compite por el Oso de Oro.\u00a0","og_url":"https:\/\/spainfilmcommission.com\/en\/blog\/spain-film-commission-participa-en-el-european-film-market-de-la-berlinale-con-una-amplia-representacion-de-socios-de-la-red\/","og_site_name":"Spain Film Commission","article_published_time":"2023-02-14T22:00:00+00:00","article_modified_time":"2025-02-11T07:06:23+00:00","og_image":[{"width":1170,"height":936,"url":"https:\/\/spainfilmcommission.com\/wp-content\/uploads\/2024\/11\/spain-film-commission-participa-en-el-european-film-market-de-la-berlinale-con-una-amplia-representacion-de-socios-de-la-red-317.png","type":"image\/png"}],"author":"studio128k_dam","twitter_card":"summary_large_image","twitter_misc":{"Written by":"studio128k_dam","Est. reading time":"3 minutes"},"schema":{"@context":"https:\/\/schema.org","@graph":[{"@type":"Article","@id":"https:\/\/spainfilmcommission.com\/en\/blog\/spain-film-commission-participa-en-el-european-film-market-de-la-berlinale-con-una-amplia-representacion-de-socios-de-la-red\/#article","isPartOf":{"@id":"https:\/\/spainfilmcommission.com\/en\/blog\/spain-film-commission-participa-en-el-european-film-market-de-la-berlinale-con-una-amplia-representacion-de-socios-de-la-red\/"},"author":{"name":"studio128k_dam","@id":"https:\/\/spainfilmcommission.com\/en\/#\/schema\/person\/6c014ba6ceac198d178a6a9e61113c9d"},"headline":"Spain Film Commission participa en el European Film Market de la Berlinale con una amplia representaci\u00f3n de socios de la red","datePublished":"2023-02-14T22:00:00+00:00","dateModified":"2025-02-11T07:06:23+00:00","mainEntityOfPage":{"@id":"https:\/\/spainfilmcommission.com\/en\/blog\/spain-film-commission-participa-en-el-european-film-market-de-la-berlinale-con-una-amplia-representacion-de-socios-de-la-red\/"},"wordCount":657,"publisher":{"@id":"https:\/\/spainfilmcommission.com\/en\/#organization"},"image":{"@id":"https:\/\/spainfilmcommission.com\/en\/blog\/spain-film-commission-participa-en-el-european-film-market-de-la-berlinale-con-una-amplia-representacion-de-socios-de-la-red\/#primaryimage"},"thumbnailUrl":"https:\/\/spainfilmcommission.com\/wp-content\/uploads\/2024\/11\/spain-film-commission-participa-en-el-european-film-market-de-la-berlinale-con-una-amplia-representacion-de-socios-de-la-red-317.png","articleSection":["Noticias"],"inLanguage":"en-US"},{"@type":"WebPage","@id":"https:\/\/spainfilmcommission.com\/en\/blog\/spain-film-commission-participa-en-el-european-film-market-de-la-berlinale-con-una-amplia-representacion-de-socios-de-la-red\/","url":"https:\/\/spainfilmcommission.com\/en\/blog\/spain-film-commission-participa-en-el-european-film-market-de-la-berlinale-con-una-amplia-representacion-de-socios-de-la-red\/","name":"Spain Film Commission participa en el European Film Market de la Berlinale con una amplia representaci\u00f3n de socios de la red - Spain Film Commission","isPartOf":{"@id":"https:\/\/spainfilmcommission.com\/en\/#website"},"primaryImageOfPage":{"@id":"https:\/\/spainfilmcommission.com\/en\/blog\/spain-film-commission-participa-en-el-european-film-market-de-la-berlinale-con-una-amplia-representacion-de-socios-de-la-red\/#primaryimage"},"image":{"@id":"https:\/\/spainfilmcommission.com\/en\/blog\/spain-film-commission-participa-en-el-european-film-market-de-la-berlinale-con-una-amplia-representacion-de-socios-de-la-red\/#primaryimage"},"thumbnailUrl":"https:\/\/spainfilmcommission.com\/wp-content\/uploads\/2024\/11\/spain-film-commission-participa-en-el-european-film-market-de-la-berlinale-con-una-amplia-representacion-de-socios-de-la-red-317.png","datePublished":"2023-02-14T22:00:00+00:00","dateModified":"2025-02-11T07:06:23+00:00","breadcrumb":{"@id":"https:\/\/spainfilmcommission.com\/en\/blog\/spain-film-commission-participa-en-el-european-film-market-de-la-berlinale-con-una-amplia-representacion-de-socios-de-la-red\/#breadcrumb"},"inLanguage":"en-US","potentialAction":[{"@type":"ReadAction","target":["https:\/\/spainfilmcommission.com\/en\/blog\/spain-film-commission-participa-en-el-european-film-market-de-la-berlinale-con-una-amplia-representacion-de-socios-de-la-red\/"]}]},{"@type":"ImageObject","inLanguage":"en-US","@id":"https:\/\/spainfilmcommission.com\/en\/blog\/spain-film-commission-participa-en-el-european-film-market-de-la-berlinale-con-una-amplia-representacion-de-socios-de-la-red\/#primaryimage","url":"https:\/\/spainfilmcommission.com\/wp-content\/uploads\/2024\/11\/spain-film-commission-participa-en-el-european-film-market-de-la-berlinale-con-una-amplia-representacion-de-socios-de-la-red-317.png","contentUrl":"https:\/\/spainfilmcommission.com\/wp-content\/uploads\/2024\/11\/spain-film-commission-participa-en-el-european-film-market-de-la-berlinale-con-una-amplia-representacion-de-socios-de-la-red-317.png","width":1170,"height":936},{"@type":"BreadcrumbList","@id":"https:\/\/spainfilmcommission.com\/en\/blog\/spain-film-commission-participa-en-el-european-film-market-de-la-berlinale-con-una-amplia-representacion-de-socios-de-la-red\/#breadcrumb","itemListElement":[{"@type":"ListItem","position":1,"name":"Portada","item":"https:\/\/spainfilmcommission.com\/en\/"},{"@type":"ListItem","position":2,"name":"Spain Film Commission participa en el European Film Market de la Berlinale con una amplia representaci\u00f3n de socios de la red"}]},{"@type":"WebSite","@id":"https:\/\/spainfilmcommission.com\/en\/#website","url":"https:\/\/spainfilmcommission.com\/en\/","name":"Spain Film Commission","description":"","publisher":{"@id":"https:\/\/spainfilmcommission.com\/en\/#organization"},"potentialAction":[{"@type":"SearchAction","target":{"@type":"EntryPoint","urlTemplate":"https:\/\/spainfilmcommission.com\/en\/?s={search_term_string}"},"query-input":{"@type":"PropertyValueSpecification","valueRequired":true,"valueName":"search_term_string"}}],"inLanguage":"en-US"},{"@type":"Organization","@id":"https:\/\/spainfilmcommission.com\/en\/#organization","name":"Spain Film Commission","url":"https:\/\/spainfilmcommission.com\/en\/","logo":{"@type":"ImageObject","inLanguage":"en-US","@id":"https:\/\/spainfilmcommission.com\/en\/#\/schema\/logo\/image\/","url":"https:\/\/spainfilmcommission.com\/wp-content\/uploads\/2024\/07\/SPC_COLOR.png","contentUrl":"https:\/\/spainfilmcommission.com\/wp-content\/uploads\/2024\/07\/SPC_COLOR.png","width":1665,"height":1665,"caption":"Spain Film Commission"},"image":{"@id":"https:\/\/spainfilmcommission.com\/en\/#\/schema\/logo\/image\/"}},{"@type":"Person","@id":"https:\/\/spainfilmcommission.com\/en\/#\/schema\/person\/6c014ba6ceac198d178a6a9e61113c9d","name":"studio128k_dam","image":{"@type":"ImageObject","inLanguage":"en-US","@id":"https:\/\/secure.gravatar.com\/avatar\/810f99144a13522c24aa173f9cd8bf079d0e89758af00b5f2938443cd51b31e9?s=96&d=mm&r=g","url":"https:\/\/secure.gravatar.com\/avatar\/810f99144a13522c24aa173f9cd8bf079d0e89758af00b5f2938443cd51b31e9?s=96&d=mm&r=g","contentUrl":"https:\/\/secure.gravatar.com\/avatar\/810f99144a13522c24aa173f9cd8bf079d0e89758af00b5f2938443cd51b31e9?s=96&d=mm&r=g","caption":"studio128k_dam"}}]}},"_links":{"self":[{"href":"https:\/\/spainfilmcommission.com\/en\/wp-json\/wp\/v2\/posts\/8777","targetHints":{"allow":["GET"]}}],"collection":[{"href":"https:\/\/spainfilmcommission.com\/en\/wp-json\/wp\/v2\/posts"}],"about":[{"href":"https:\/\/spainfilmcommission.com\/en\/wp-json\/wp\/v2\/types\/post"}],"author":[{"embeddable":true,"href":"https:\/\/spainfilmcommission.com\/en\/wp-json\/wp\/v2\/users\/2"}],"replies":[{"embeddable":true,"href":"https:\/\/spainfilmcommission.com\/en\/wp-json\/wp\/v2\/comments?post=8777"}],"version-history":[{"count":0,"href":"https:\/\/spainfilmcommission.com\/en\/wp-json\/wp\/v2\/posts\/8777\/revisions"}],"wp:featuredmedia":[{"embeddable":true,"href":"https:\/\/spainfilmcommission.com\/en\/wp-json\/wp\/v2\/media\/8778"}],"wp:attachment":[{"href":"https:\/\/spainfilmcommission.com\/en\/wp-json\/wp\/v2\/media?parent=8777"}],"wp:term":[{"taxonomy":"category","embeddable":true,"href":"https:\/\/spainfilmcommission.com\/en\/wp-json\/wp\/v2\/categories?post=8777"},{"taxonomy":"post_tag","embeddable":true,"href":"https:\/\/spainfilmcommission.com\/en\/wp-json\/wp\/v2\/tags?post=8777"}],"curies":[{"name":"wp","href":"https:\/\/api.w.org\/{rel}","templated":true}]}}