{"id":8774,"date":"2023-02-09T00:00:00","date_gmt":"2023-02-08T22:00:00","guid":{"rendered":"https:\/\/sfc.com\/spain-film-commission-se-suma-a-la-gran-fiesta-del-cine-espanol\/"},"modified":"2025-02-11T08:06:23","modified_gmt":"2025-02-11T07:06:23","slug":"spain-film-commission-se-suma-a-la-gran-fiesta-del-cine-espanol","status":"publish","type":"post","link":"https:\/\/spainfilmcommission.com\/en\/blog\/spain-film-commission-se-suma-a-la-gran-fiesta-del-cine-espanol\/","title":{"rendered":"Spain Film Commission se suma a la gran fiesta del cine espa\u00f1ol"},"content":{"rendered":"<p><strong style=\"font-family:Arial, sans-serif;font-size:12px;\"><span style=\"font-size:11pt;font-family:Arial;color:rgb(0,0,0);background-color:transparent;vertical-align:baseline;white-space:pre-wrap;\">M\u00e1s de cuarenta film commissions y film offices, agentes clave para facilitar el acceso a las localizaciones de las pel\u00edculas nominadas en este extraordinario a\u00f1o del cine espa\u00f1ol<\/span><\/strong><\/p>\n<p dir=\"ltr\" style=\"font-size:12px;font-family:Arial, sans-serif;line-height:1.38;text-align:justify;margin-top:0pt;margin-bottom:8pt;\"><span style=\"font-size:11pt;font-family:Arial;color:rgb(0,0,0);background-color:transparent;vertical-align:baseline;white-space:pre-wrap;\">El cine espa\u00f1ol vive un momento de oportunidad y \u00e9xito global, que nos llena de orgullo y representa una apuesta ganadora para posicionarnos como referente mundial de calidad y profesionalidad.\u00a0 Se est\u00e1n rodando pel\u00edculas que triunfan con historias humanas, tan reales, veraces y cre\u00edbles como nuestras vidas vida diarias, que actores y actrices, en muchos casos noveles, logran convertir en universales.\u00a0 Equipos art\u00edsticos y t\u00e9cnicos de primer nivel est\u00e1n demostrando que en Espa\u00f1a se puede hacer cine con may\u00fasculas; cine y series que destacan nuestro talento, nuestra identidad, nuestra cultura y nuestro idioma, incluidas lenguas cooficiales como el catal\u00e1n, el\u00a0 euskera o el gallego.\u00a0<\/span><\/p>\n<p dir=\"ltr\" style=\"font-size:12px;font-family:Arial, sans-serif;line-height:1.38;text-align:justify;margin-top:0pt;margin-bottom:8pt;\"><span style=\"font-size:11pt;font-family:Arial;color:rgb(0,0,0);background-color:transparent;vertical-align:baseline;white-space:pre-wrap;\">En un a\u00f1o extraordinario, los t\u00edtulos y profesionales nominados reflejan la gran riqueza cultural y diversidad de nuestro pa\u00eds. Directores j\u00f3venes, y especialmente mujeres, como <\/span><span style=\"font-size:11pt;font-family:Arial;color:rgb(0,0,0);background-color:transparent;font-weight:700;vertical-align:baseline;white-space:pre-wrap;\">Carla Sim\u00f3n<\/span><span style=\"font-size:11pt;font-family:Arial;color:rgb(0,0,0);background-color:transparent;vertical-align:baseline;white-space:pre-wrap;\"> (&#8220;Alcarr\u00e1s); <\/span><span style=\"font-size:11pt;font-family:Arial;color:rgb(0,0,0);background-color:transparent;font-weight:700;vertical-align:baseline;white-space:pre-wrap;\">Estibaliz Urresola<\/span><span style=\"font-size:11pt;font-family:Arial;color:rgb(0,0,0);background-color:transparent;vertical-align:baseline;white-space:pre-wrap;\"> (&#8220;Cuerdas&#8221;); <\/span><span style=\"font-size:11pt;font-family:Arial;color:rgb(0,0,0);background-color:transparent;font-weight:700;vertical-align:baseline;white-space:pre-wrap;\">Alauda Ruiz de Azua<\/span><span style=\"font-size:11pt;font-family:Arial;color:rgb(0,0,0);background-color:transparent;vertical-align:baseline;white-space:pre-wrap;\"> (&#8220;Cinco lobitos&#8221;); <\/span><span style=\"font-size:11pt;font-family:Arial;color:rgb(0,0,0);background-color:transparent;font-weight:700;vertical-align:baseline;white-space:pre-wrap;\">Carlota Pereda<\/span><span style=\"font-size:11pt;font-family:Arial;color:rgb(0,0,0);background-color:transparent;vertical-align:baseline;white-space:pre-wrap;\"> (&#8220;Cerdita&#8221;) o <\/span><span style=\"font-size:11pt;font-family:Arial;color:rgb(0,0,0);background-color:transparent;font-weight:700;vertical-align:baseline;white-space:pre-wrap;\">Pilar Palomero<\/span><span style=\"font-size:11pt;font-family:Arial;color:rgb(0,0,0);background-color:transparent;vertical-align:baseline;white-space:pre-wrap;\">\u00a0 (&#8220;La maternal&#8221;). Todas ellas suman premios y reconocimientos de prestigio, al igual que otros nombres como <\/span><span style=\"font-size:11pt;font-family:Arial;color:rgb(0,0,0);background-color:transparent;font-weight:700;vertical-align:baseline;white-space:pre-wrap;\">Rodrigo Sorogoyen<\/span><span style=\"font-size:11pt;font-family:Arial;color:rgb(0,0,0);background-color:transparent;vertical-align:baseline;white-space:pre-wrap;\"> (&#8220;As bestas), <\/span><span style=\"font-size:11pt;font-family:Arial;color:rgb(0,0,0);background-color:transparent;font-weight:700;vertical-align:baseline;white-space:pre-wrap;\">Alberto Rodr\u00edguez<\/span><span style=\"font-size:11pt;font-family:Arial;color:rgb(0,0,0);background-color:transparent;vertical-align:baseline;white-space:pre-wrap;\"> (&#8220;Modelo 77&#8221;) o <\/span><span style=\"font-size:11pt;font-family:Arial;color:rgb(0,0,0);background-color:transparent;font-weight:700;vertical-align:baseline;white-space:pre-wrap;\">Fernando Franco<\/span><span style=\"font-size:11pt;font-family:Arial;color:rgb(0,0,0);background-color:transparent;vertical-align:baseline;white-space:pre-wrap;\"> (&#8220;La consagraci\u00f3n de la primavera&#8221;).\u00a0 Sus t\u00edtulos son aplaudidos en los mejores festivales y el futuro no puede ser m\u00e1s prometedor. Mujeres y hombres, nuevos talentos y profesionales consolidados, lo rural y lo urbano, lo \u00edntimo y lo fant\u00e1stico.<\/span><\/p>\n<p dir=\"ltr\" style=\"font-size:12px;font-family:Arial, sans-serif;line-height:1.38;text-align:justify;margin-top:0pt;margin-bottom:0pt;\"><span style=\"font-size:11pt;font-family:Arial;color:rgb(0,0,0);background-color:transparent;vertical-align:baseline;white-space:pre-wrap;\">Y detr\u00e1s de las pel\u00edculas, la red de socios de Spain Film Commission, comprometida con el cine espa\u00f1ol desde hace m\u00e1s de veinte a\u00f1os. Film Commissions de Andaluc\u00eda, Catalu\u00f1a, Extremadura, Madrid, Navarra y los territorios vascos, entre otras dentro de una red de 41 socios, han sido clave en los rodajes de los trabajos nominados, tanto largometrajes como documentales y cortometrajes.<\/span><\/p>\n<p dir=\"ltr\" style=\"font-size:12px;font-family:Arial, sans-serif;line-height:1.38;text-align:justify;margin-top:0pt;margin-bottom:0pt;\"><span style=\"font-size:11pt;font-family:Arial;color:rgb(0,0,0);background-color:transparent;vertical-align:baseline;white-space:pre-wrap;\">\u00a0<\/span><\/p>\n<p dir=\"ltr\" style=\"font-size:12px;font-family:Arial, sans-serif;line-height:1.38;text-align:justify;margin-top:0pt;margin-bottom:0pt;\"><span style=\"font-size:11pt;font-family:Arial;color:rgb(0,0,0);background-color:transparent;font-weight:700;vertical-align:baseline;white-space:pre-wrap;\">Carlos Rosado,<\/span><span style=\"font-size:11pt;font-family:Arial;color:rgb(0,0,0);background-color:transparent;vertical-align:baseline;white-space:pre-wrap;\"> acad\u00e9mico y presidente de Spain Film Commission, estar\u00e1 presente en la ceremonia que se llevar\u00e1 a cabo en el Palacio de Congresos y Exposiciones de Sevilla, en representaci\u00f3n de la red.\u00a0<\/span><\/p>\n<p dir=\"ltr\" style=\"font-size:12px;font-family:Arial, sans-serif;line-height:1.38;margin-top:0pt;margin-bottom:0pt;\"><span style=\"font-size:11pt;font-family:Arial;color:rgb(85,85,85);background-color:transparent;font-style:italic;vertical-align:baseline;white-space:pre-wrap;\">\u00a0<\/span><\/p>\n<p dir=\"ltr\" style=\"font-size:12px;font-family:Arial, sans-serif;line-height:1.38;text-align:justify;margin-top:0pt;margin-bottom:0pt;\"><span style=\"font-size:11pt;font-family:Arial;color:rgb(0,0,0);background-color:transparent;font-style:italic;vertical-align:baseline;white-space:pre-wrap;\">\u00a0<\/span><\/p>\n<h4 dir=\"ltr\" style=\"font-family:Arial, sans-serif;font-size:12px;line-height:1.38;text-align:justify;margin-top:0pt;margin-bottom:0pt;\"><strong><span style=\"font-size:11pt;font-family:Arial;color:rgb(0,0,0);background-color:transparent;font-style:italic;vertical-align:baseline;white-space:pre-wrap;\">Las pel\u00edculas nominadas y sus localizaciones\u00a0<\/span><\/strong><\/h4>\n<p dir=\"ltr\" style=\"font-size:12px;font-family:Arial, sans-serif;line-height:1.38;text-align:justify;margin-top:0pt;margin-bottom:0pt;\"><span style=\"font-size:11pt;font-family:Arial;color:rgb(85,85,85);background-color:transparent;font-style:italic;vertical-align:baseline;white-space:pre-wrap;\">\u00a0<\/span><\/p>\n<p dir=\"ltr\" style=\"font-size:12px;font-family:Arial, sans-serif;line-height:1.38;text-align:justify;margin-top:0pt;margin-bottom:0pt;\"><span style=\"font-size:11pt;font-family:Arial;color:rgb(0,0,0);background-color:transparent;font-style:italic;vertical-align:baseline;white-space:pre-wrap;\">\u00a0<\/span><\/p>\n<p dir=\"ltr\" style=\"font-size:12px;font-family:Arial, sans-serif;line-height:1.38;text-align:justify;margin-top:0pt;margin-bottom:0pt;\"><span style=\"font-size:11pt;font-family:Arial;color:rgb(0,0,0);background-color:transparent;vertical-align:baseline;white-space:pre-wrap;\">&#8220;As Bestas&#8221;, la ya multipremiada producci\u00f3n, que cosecha 17 nominaciones a los Goya, se ha servido de localizaciones como el Bierzo, Ponferrada entre otras localizaciones de Le\u00f3n y\u00a0 Galicia, mientras &#8220;Modelo 77&#8221; con 16 nominaciones, est\u00e1 rodada en localizaciones de Sevilla y Barcelona.<\/span><\/p>\n<p dir=\"ltr\" style=\"font-size:12px;font-family:Arial, sans-serif;line-height:1.38;text-align:justify;margin-top:0pt;margin-bottom:0pt;\"><span style=\"font-size:11pt;font-family:Arial;color:rgb(0,0,0);background-color:transparent;vertical-align:baseline;white-space:pre-wrap;\">\u00a0<\/span><\/p>\n<p dir=\"ltr\" style=\"font-size:12px;font-family:Arial, sans-serif;line-height:1.38;text-align:justify;margin-top:0pt;margin-bottom:0pt;\"><span style=\"font-size:11pt;font-family:Arial;color:rgb(0,0,0);background-color:transparent;vertical-align:baseline;white-space:pre-wrap;\">Suman 11 nominaciones tanto &#8220;Cinco Lobitos&#8221;, rodada en parte en Bakio y Mundaka (Bizkaia) y Madrid, como &#8220;Alcarr\u00e1s&#8221;, filmada en varios municipios de Lleida y en Fraga, Huesca.\u00a0<\/span><\/p>\n<p dir=\"ltr\" style=\"font-size:12px;font-family:Arial, sans-serif;line-height:1.38;text-align:justify;margin-top:0pt;margin-bottom:0pt;\"><span style=\"font-size:11pt;font-family:Arial;color:rgb(0,0,0);background-color:transparent;vertical-align:baseline;white-space:pre-wrap;\">\u00a0<\/span><\/p>\n<p dir=\"ltr\" style=\"font-size:12px;font-family:Arial, sans-serif;line-height:1.38;text-align:justify;margin-top:0pt;margin-bottom:0pt;\"><span style=\"font-size:11pt;font-family:Arial;color:rgb(0,0,0);background-color:transparent;vertical-align:baseline;white-space:pre-wrap;\">&#8220;La maternal&#8221;, nominada a tres premios Goya, fue rodada en Barcelona y Monegros. &#8220;Cerdita&#8221; fue rodada en localizaciones de Villanueva de la Vera, Extremadura y llega a la gala con seis nominaciones<\/span><span style=\"font-size:11pt;font-family:Arial;color:rgb(0,0,0);background-color:transparent;vertical-align:baseline;white-space:pre-wrap;\">.\u00a0 <\/span><span style=\"font-size:11pt;font-family:Arial;color:rgb(0,0,0);background-color:transparent;vertical-align:baseline;white-space:pre-wrap;\">&#8220;Los renglones torcidos de Dios&#8221;, por su parte, obtuvo tambi\u00e9n 6 nominaciones y se rod\u00f3 en localizaciones de Tarragona y Barcelona.\u00a0<\/span><\/p>\n<p dir=\"ltr\" style=\"font-size:12px;font-family:Arial, sans-serif;line-height:1.38;text-align:justify;margin-top:0pt;margin-bottom:0pt;\"><span style=\"font-size:11pt;font-family:Arial;color:rgb(0,0,0);background-color:transparent;vertical-align:baseline;white-space:pre-wrap;\">\u00a0<\/span><\/p>\n<p dir=\"ltr\" style=\"font-size:12px;font-family:Arial, sans-serif;line-height:1.38;text-align:justify;margin-top:0pt;margin-bottom:0pt;\"><span style=\"font-size:11pt;font-family:Arial;color:rgb(0,0,0);background-color:transparent;vertical-align:baseline;white-space:pre-wrap;\">&#8220;Irati&#8221;, con cinco nominaciones fue rodada en Navarra, Alava, Bizkaia, Gipuzkoa, Huesca. La producci\u00f3n &#8220;En los m\u00e1rgenes&#8221; rodada en Madrid, cuenta con 5 nominaciones<\/span><\/p>\n<p dir=\"ltr\" style=\"font-size:12px;font-family:Arial, sans-serif;line-height:1.38;margin-top:0pt;margin-bottom:0pt;\"><span style=\"font-size:11pt;font-family:Arial;color:rgb(85,85,85);background-color:transparent;vertical-align:baseline;white-space:pre-wrap;\">\u00a0<\/span><\/p>\n<p dir=\"ltr\" style=\"font-size:12px;font-family:Arial, sans-serif;line-height:1.38;text-align:justify;margin-top:0pt;margin-bottom:0pt;\"><span style=\"font-size:11pt;font-family:Arial;color:rgb(0,0,0);background-color:transparent;vertical-align:baseline;white-space:pre-wrap;\">&#8220;Mant\u00edcora&#8221;, se ha servido de localizaciones de Madrid y Sitges y es candidata en 4 categor\u00edas. &#8220;La piedad&#8221; rodada en localizaciones de Madrid y Sevilla, recoge 3 nominaciones en los Goya 2023.<\/span><\/p>\n<p dir=\"ltr\" style=\"font-size:12px;font-family:Arial, sans-serif;line-height:1.38;text-align:justify;margin-top:0pt;margin-bottom:0pt;\"><span style=\"font-size:11pt;font-family:Arial;color:rgb(0,0,0);background-color:transparent;vertical-align:baseline;white-space:pre-wrap;\">\u00a0<\/span><\/p>\n<p dir=\"ltr\" style=\"font-size:12px;font-family:Arial, sans-serif;line-height:1.38;text-align:justify;margin-top:0pt;margin-bottom:0pt;\"><span style=\"font-size:11pt;font-family:Arial;color:rgb(0,0,0);background-color:transparent;vertical-align:baseline;white-space:pre-wrap;\">&#8220;Suro&#8221; ambientada en varias localizaciones de Girona, obtuvo dos nominaciones y &#8220;El Agua&#8221; que compite en dos categor\u00edas: mejor direcci\u00f3n novel y mejor actriz revelaci\u00f3n, se ha servido de localizaciones en el r\u00edo Segura en Murcia, Orihuela y Alicante.<\/span><\/p>\n<p dir=\"ltr\" style=\"font-size:12px;font-family:Arial, sans-serif;line-height:1.38;text-align:justify;margin-top:0pt;margin-bottom:0pt;\"><span style=\"font-size:11pt;font-family:Arial;color:rgb(0,0,0);background-color:transparent;vertical-align:baseline;white-space:pre-wrap;\">\u00a0<\/span><\/p>\n<p dir=\"ltr\" style=\"font-size:12px;font-family:Arial, sans-serif;line-height:1.38;text-align:justify;margin-top:0pt;margin-bottom:0pt;\"><span style=\"font-size:11pt;font-family:Arial;color:rgb(0,0,0);background-color:transparent;vertical-align:baseline;white-space:pre-wrap;\">&#8220;La consagraci\u00f3n de la primavera&#8221; nominada a mejor actor y mejor actriz revelaci\u00f3n fue rodada entre Madrid y Granada. El terror tambi\u00e9n es protagonista en los Goya 2023, con la producci\u00f3n &#8220;Malnazidos&#8221; rodada en localizaciones de Cardona y Barcelona, recoge dos nominaciones, en la categor\u00eda mejor efectos especiales y mejor dise\u00f1o de vestuario.<\/span><\/p>\n<h3 dir=\"ltr\" style=\"font-family:Arial, sans-serif;line-height:1.32;text-align:justify;margin-top:15pt;margin-bottom:8pt;\">\u00a0<\/h3>\n<h3 dir=\"ltr\" style=\"font-family:Arial, sans-serif;line-height:1.32;text-align:justify;margin-top:15pt;margin-bottom:8pt;\"><span style=\"font-size:12pt;font-family:Arial;color:rgb(225,11,19);background-color:transparent;font-weight:700;vertical-align:baseline;white-space:pre-wrap;\">#SHOOTINGINSPAIN #RUEDAENESPA\u00d1A #WEMAKETHEMAGIC <\/span><\/h3>\n<div>\u00a0<\/div>\n","protected":false},"excerpt":{"rendered":"<p>M\u00e1s de cuarenta film commissions y film offices, agentes clave para facilitar el acceso a las localizaciones de las pel\u00edculas nominadas en este extraordinario a\u00f1o del cine espa\u00f1ol El cine [&hellip;]<\/p>\n","protected":false},"author":2,"featured_media":8775,"comment_status":"closed","ping_status":"","sticky":false,"template":"","format":"standard","meta":{"footnotes":""},"categories":[38],"tags":[],"class_list":["post-8774","post","type-post","status-publish","format-standard","has-post-thumbnail","hentry","category-noticias"],"yoast_head":"<!-- This site is optimized with the Yoast SEO plugin v27.3 - https:\/\/yoast.com\/product\/yoast-seo-wordpress\/ -->\n<title>Spain Film Commission se suma a la gran fiesta del cine espa\u00f1ol - Spain Film Commission<\/title>\n<meta name=\"robots\" content=\"index, follow, max-snippet:-1, max-image-preview:large, max-video-preview:-1\" \/>\n<link rel=\"canonical\" href=\"https:\/\/spainfilmcommission.com\/en\/blog\/spain-film-commission-se-suma-a-la-gran-fiesta-del-cine-espanol\/\" \/>\n<meta property=\"og:locale\" content=\"en_US\" \/>\n<meta property=\"og:type\" content=\"article\" \/>\n<meta property=\"og:title\" content=\"Spain Film Commission se suma a la gran fiesta del cine espa\u00f1ol - Spain Film Commission\" \/>\n<meta property=\"og:description\" content=\"M\u00e1s de cuarenta film commissions y film offices, agentes clave para facilitar el acceso a las localizaciones de las pel\u00edculas nominadas en este extraordinario a\u00f1o del cine espa\u00f1ol El cine [&hellip;]\" \/>\n<meta property=\"og:url\" content=\"https:\/\/spainfilmcommission.com\/en\/blog\/spain-film-commission-se-suma-a-la-gran-fiesta-del-cine-espanol\/\" \/>\n<meta property=\"og:site_name\" content=\"Spain Film Commission\" \/>\n<meta property=\"article:published_time\" content=\"2023-02-08T22:00:00+00:00\" \/>\n<meta property=\"article:modified_time\" content=\"2025-02-11T07:06:23+00:00\" \/>\n<meta property=\"og:image\" content=\"https:\/\/spainfilmcommission.com\/wp-content\/uploads\/2024\/11\/spain-film-commission-se-suma-a-la-gran-fiesta-del-cine-espanol-315.png\" \/>\n\t<meta property=\"og:image:width\" content=\"1170\" \/>\n\t<meta property=\"og:image:height\" content=\"683\" \/>\n\t<meta property=\"og:image:type\" content=\"image\/png\" \/>\n<meta name=\"author\" content=\"studio128k_dam\" \/>\n<meta name=\"twitter:card\" content=\"summary_large_image\" \/>\n<meta name=\"twitter:label1\" content=\"Written by\" \/>\n\t<meta name=\"twitter:data1\" content=\"studio128k_dam\" \/>\n\t<meta name=\"twitter:label2\" content=\"Est. reading time\" \/>\n\t<meta name=\"twitter:data2\" content=\"3 minutes\" \/>\n<script type=\"application\/ld+json\" class=\"yoast-schema-graph\">{\"@context\":\"https:\\\/\\\/schema.org\",\"@graph\":[{\"@type\":\"Article\",\"@id\":\"https:\\\/\\\/spainfilmcommission.com\\\/en\\\/blog\\\/spain-film-commission-se-suma-a-la-gran-fiesta-del-cine-espanol\\\/#article\",\"isPartOf\":{\"@id\":\"https:\\\/\\\/spainfilmcommission.com\\\/en\\\/blog\\\/spain-film-commission-se-suma-a-la-gran-fiesta-del-cine-espanol\\\/\"},\"author\":{\"name\":\"studio128k_dam\",\"@id\":\"https:\\\/\\\/spainfilmcommission.com\\\/en\\\/#\\\/schema\\\/person\\\/6c014ba6ceac198d178a6a9e61113c9d\"},\"headline\":\"Spain Film Commission se suma a la gran fiesta del cine espa\u00f1ol\",\"datePublished\":\"2023-02-08T22:00:00+00:00\",\"dateModified\":\"2025-02-11T07:06:23+00:00\",\"mainEntityOfPage\":{\"@id\":\"https:\\\/\\\/spainfilmcommission.com\\\/en\\\/blog\\\/spain-film-commission-se-suma-a-la-gran-fiesta-del-cine-espanol\\\/\"},\"wordCount\":671,\"publisher\":{\"@id\":\"https:\\\/\\\/spainfilmcommission.com\\\/en\\\/#organization\"},\"image\":{\"@id\":\"https:\\\/\\\/spainfilmcommission.com\\\/en\\\/blog\\\/spain-film-commission-se-suma-a-la-gran-fiesta-del-cine-espanol\\\/#primaryimage\"},\"thumbnailUrl\":\"https:\\\/\\\/spainfilmcommission.com\\\/wp-content\\\/uploads\\\/2024\\\/11\\\/spain-film-commission-se-suma-a-la-gran-fiesta-del-cine-espanol-315.png\",\"articleSection\":[\"Noticias\"],\"inLanguage\":\"en-US\"},{\"@type\":\"WebPage\",\"@id\":\"https:\\\/\\\/spainfilmcommission.com\\\/en\\\/blog\\\/spain-film-commission-se-suma-a-la-gran-fiesta-del-cine-espanol\\\/\",\"url\":\"https:\\\/\\\/spainfilmcommission.com\\\/en\\\/blog\\\/spain-film-commission-se-suma-a-la-gran-fiesta-del-cine-espanol\\\/\",\"name\":\"Spain Film Commission se suma a la gran fiesta del cine espa\u00f1ol - Spain Film Commission\",\"isPartOf\":{\"@id\":\"https:\\\/\\\/spainfilmcommission.com\\\/en\\\/#website\"},\"primaryImageOfPage\":{\"@id\":\"https:\\\/\\\/spainfilmcommission.com\\\/en\\\/blog\\\/spain-film-commission-se-suma-a-la-gran-fiesta-del-cine-espanol\\\/#primaryimage\"},\"image\":{\"@id\":\"https:\\\/\\\/spainfilmcommission.com\\\/en\\\/blog\\\/spain-film-commission-se-suma-a-la-gran-fiesta-del-cine-espanol\\\/#primaryimage\"},\"thumbnailUrl\":\"https:\\\/\\\/spainfilmcommission.com\\\/wp-content\\\/uploads\\\/2024\\\/11\\\/spain-film-commission-se-suma-a-la-gran-fiesta-del-cine-espanol-315.png\",\"datePublished\":\"2023-02-08T22:00:00+00:00\",\"dateModified\":\"2025-02-11T07:06:23+00:00\",\"breadcrumb\":{\"@id\":\"https:\\\/\\\/spainfilmcommission.com\\\/en\\\/blog\\\/spain-film-commission-se-suma-a-la-gran-fiesta-del-cine-espanol\\\/#breadcrumb\"},\"inLanguage\":\"en-US\",\"potentialAction\":[{\"@type\":\"ReadAction\",\"target\":[\"https:\\\/\\\/spainfilmcommission.com\\\/en\\\/blog\\\/spain-film-commission-se-suma-a-la-gran-fiesta-del-cine-espanol\\\/\"]}]},{\"@type\":\"ImageObject\",\"inLanguage\":\"en-US\",\"@id\":\"https:\\\/\\\/spainfilmcommission.com\\\/en\\\/blog\\\/spain-film-commission-se-suma-a-la-gran-fiesta-del-cine-espanol\\\/#primaryimage\",\"url\":\"https:\\\/\\\/spainfilmcommission.com\\\/wp-content\\\/uploads\\\/2024\\\/11\\\/spain-film-commission-se-suma-a-la-gran-fiesta-del-cine-espanol-315.png\",\"contentUrl\":\"https:\\\/\\\/spainfilmcommission.com\\\/wp-content\\\/uploads\\\/2024\\\/11\\\/spain-film-commission-se-suma-a-la-gran-fiesta-del-cine-espanol-315.png\",\"width\":1170,\"height\":683},{\"@type\":\"BreadcrumbList\",\"@id\":\"https:\\\/\\\/spainfilmcommission.com\\\/en\\\/blog\\\/spain-film-commission-se-suma-a-la-gran-fiesta-del-cine-espanol\\\/#breadcrumb\",\"itemListElement\":[{\"@type\":\"ListItem\",\"position\":1,\"name\":\"Portada\",\"item\":\"https:\\\/\\\/spainfilmcommission.com\\\/en\\\/\"},{\"@type\":\"ListItem\",\"position\":2,\"name\":\"Spain Film Commission se suma a la gran fiesta del cine espa\u00f1ol\"}]},{\"@type\":\"WebSite\",\"@id\":\"https:\\\/\\\/spainfilmcommission.com\\\/en\\\/#website\",\"url\":\"https:\\\/\\\/spainfilmcommission.com\\\/en\\\/\",\"name\":\"Spain Film Commission\",\"description\":\"\",\"publisher\":{\"@id\":\"https:\\\/\\\/spainfilmcommission.com\\\/en\\\/#organization\"},\"potentialAction\":[{\"@type\":\"SearchAction\",\"target\":{\"@type\":\"EntryPoint\",\"urlTemplate\":\"https:\\\/\\\/spainfilmcommission.com\\\/en\\\/?s={search_term_string}\"},\"query-input\":{\"@type\":\"PropertyValueSpecification\",\"valueRequired\":true,\"valueName\":\"search_term_string\"}}],\"inLanguage\":\"en-US\"},{\"@type\":\"Organization\",\"@id\":\"https:\\\/\\\/spainfilmcommission.com\\\/en\\\/#organization\",\"name\":\"Spain Film Commission\",\"url\":\"https:\\\/\\\/spainfilmcommission.com\\\/en\\\/\",\"logo\":{\"@type\":\"ImageObject\",\"inLanguage\":\"en-US\",\"@id\":\"https:\\\/\\\/spainfilmcommission.com\\\/en\\\/#\\\/schema\\\/logo\\\/image\\\/\",\"url\":\"https:\\\/\\\/spainfilmcommission.com\\\/wp-content\\\/uploads\\\/2024\\\/07\\\/SPC_COLOR.png\",\"contentUrl\":\"https:\\\/\\\/spainfilmcommission.com\\\/wp-content\\\/uploads\\\/2024\\\/07\\\/SPC_COLOR.png\",\"width\":1665,\"height\":1665,\"caption\":\"Spain Film Commission\"},\"image\":{\"@id\":\"https:\\\/\\\/spainfilmcommission.com\\\/en\\\/#\\\/schema\\\/logo\\\/image\\\/\"}},{\"@type\":\"Person\",\"@id\":\"https:\\\/\\\/spainfilmcommission.com\\\/en\\\/#\\\/schema\\\/person\\\/6c014ba6ceac198d178a6a9e61113c9d\",\"name\":\"studio128k_dam\",\"image\":{\"@type\":\"ImageObject\",\"inLanguage\":\"en-US\",\"@id\":\"https:\\\/\\\/secure.gravatar.com\\\/avatar\\\/810f99144a13522c24aa173f9cd8bf079d0e89758af00b5f2938443cd51b31e9?s=96&d=mm&r=g\",\"url\":\"https:\\\/\\\/secure.gravatar.com\\\/avatar\\\/810f99144a13522c24aa173f9cd8bf079d0e89758af00b5f2938443cd51b31e9?s=96&d=mm&r=g\",\"contentUrl\":\"https:\\\/\\\/secure.gravatar.com\\\/avatar\\\/810f99144a13522c24aa173f9cd8bf079d0e89758af00b5f2938443cd51b31e9?s=96&d=mm&r=g\",\"caption\":\"studio128k_dam\"}}]}<\/script>\n<!-- \/ Yoast SEO plugin. -->","yoast_head_json":{"title":"Spain Film Commission se suma a la gran fiesta del cine espa\u00f1ol - Spain Film Commission","robots":{"index":"index","follow":"follow","max-snippet":"max-snippet:-1","max-image-preview":"max-image-preview:large","max-video-preview":"max-video-preview:-1"},"canonical":"https:\/\/spainfilmcommission.com\/en\/blog\/spain-film-commission-se-suma-a-la-gran-fiesta-del-cine-espanol\/","og_locale":"en_US","og_type":"article","og_title":"Spain Film Commission se suma a la gran fiesta del cine espa\u00f1ol - Spain Film Commission","og_description":"M\u00e1s de cuarenta film commissions y film offices, agentes clave para facilitar el acceso a las localizaciones de las pel\u00edculas nominadas en este extraordinario a\u00f1o del cine espa\u00f1ol El cine [&hellip;]","og_url":"https:\/\/spainfilmcommission.com\/en\/blog\/spain-film-commission-se-suma-a-la-gran-fiesta-del-cine-espanol\/","og_site_name":"Spain Film Commission","article_published_time":"2023-02-08T22:00:00+00:00","article_modified_time":"2025-02-11T07:06:23+00:00","og_image":[{"width":1170,"height":683,"url":"https:\/\/spainfilmcommission.com\/wp-content\/uploads\/2024\/11\/spain-film-commission-se-suma-a-la-gran-fiesta-del-cine-espanol-315.png","type":"image\/png"}],"author":"studio128k_dam","twitter_card":"summary_large_image","twitter_misc":{"Written by":"studio128k_dam","Est. reading time":"3 minutes"},"schema":{"@context":"https:\/\/schema.org","@graph":[{"@type":"Article","@id":"https:\/\/spainfilmcommission.com\/en\/blog\/spain-film-commission-se-suma-a-la-gran-fiesta-del-cine-espanol\/#article","isPartOf":{"@id":"https:\/\/spainfilmcommission.com\/en\/blog\/spain-film-commission-se-suma-a-la-gran-fiesta-del-cine-espanol\/"},"author":{"name":"studio128k_dam","@id":"https:\/\/spainfilmcommission.com\/en\/#\/schema\/person\/6c014ba6ceac198d178a6a9e61113c9d"},"headline":"Spain Film Commission se suma a la gran fiesta del cine espa\u00f1ol","datePublished":"2023-02-08T22:00:00+00:00","dateModified":"2025-02-11T07:06:23+00:00","mainEntityOfPage":{"@id":"https:\/\/spainfilmcommission.com\/en\/blog\/spain-film-commission-se-suma-a-la-gran-fiesta-del-cine-espanol\/"},"wordCount":671,"publisher":{"@id":"https:\/\/spainfilmcommission.com\/en\/#organization"},"image":{"@id":"https:\/\/spainfilmcommission.com\/en\/blog\/spain-film-commission-se-suma-a-la-gran-fiesta-del-cine-espanol\/#primaryimage"},"thumbnailUrl":"https:\/\/spainfilmcommission.com\/wp-content\/uploads\/2024\/11\/spain-film-commission-se-suma-a-la-gran-fiesta-del-cine-espanol-315.png","articleSection":["Noticias"],"inLanguage":"en-US"},{"@type":"WebPage","@id":"https:\/\/spainfilmcommission.com\/en\/blog\/spain-film-commission-se-suma-a-la-gran-fiesta-del-cine-espanol\/","url":"https:\/\/spainfilmcommission.com\/en\/blog\/spain-film-commission-se-suma-a-la-gran-fiesta-del-cine-espanol\/","name":"Spain Film Commission se suma a la gran fiesta del cine espa\u00f1ol - Spain Film Commission","isPartOf":{"@id":"https:\/\/spainfilmcommission.com\/en\/#website"},"primaryImageOfPage":{"@id":"https:\/\/spainfilmcommission.com\/en\/blog\/spain-film-commission-se-suma-a-la-gran-fiesta-del-cine-espanol\/#primaryimage"},"image":{"@id":"https:\/\/spainfilmcommission.com\/en\/blog\/spain-film-commission-se-suma-a-la-gran-fiesta-del-cine-espanol\/#primaryimage"},"thumbnailUrl":"https:\/\/spainfilmcommission.com\/wp-content\/uploads\/2024\/11\/spain-film-commission-se-suma-a-la-gran-fiesta-del-cine-espanol-315.png","datePublished":"2023-02-08T22:00:00+00:00","dateModified":"2025-02-11T07:06:23+00:00","breadcrumb":{"@id":"https:\/\/spainfilmcommission.com\/en\/blog\/spain-film-commission-se-suma-a-la-gran-fiesta-del-cine-espanol\/#breadcrumb"},"inLanguage":"en-US","potentialAction":[{"@type":"ReadAction","target":["https:\/\/spainfilmcommission.com\/en\/blog\/spain-film-commission-se-suma-a-la-gran-fiesta-del-cine-espanol\/"]}]},{"@type":"ImageObject","inLanguage":"en-US","@id":"https:\/\/spainfilmcommission.com\/en\/blog\/spain-film-commission-se-suma-a-la-gran-fiesta-del-cine-espanol\/#primaryimage","url":"https:\/\/spainfilmcommission.com\/wp-content\/uploads\/2024\/11\/spain-film-commission-se-suma-a-la-gran-fiesta-del-cine-espanol-315.png","contentUrl":"https:\/\/spainfilmcommission.com\/wp-content\/uploads\/2024\/11\/spain-film-commission-se-suma-a-la-gran-fiesta-del-cine-espanol-315.png","width":1170,"height":683},{"@type":"BreadcrumbList","@id":"https:\/\/spainfilmcommission.com\/en\/blog\/spain-film-commission-se-suma-a-la-gran-fiesta-del-cine-espanol\/#breadcrumb","itemListElement":[{"@type":"ListItem","position":1,"name":"Portada","item":"https:\/\/spainfilmcommission.com\/en\/"},{"@type":"ListItem","position":2,"name":"Spain Film Commission se suma a la gran fiesta del cine espa\u00f1ol"}]},{"@type":"WebSite","@id":"https:\/\/spainfilmcommission.com\/en\/#website","url":"https:\/\/spainfilmcommission.com\/en\/","name":"Spain Film Commission","description":"","publisher":{"@id":"https:\/\/spainfilmcommission.com\/en\/#organization"},"potentialAction":[{"@type":"SearchAction","target":{"@type":"EntryPoint","urlTemplate":"https:\/\/spainfilmcommission.com\/en\/?s={search_term_string}"},"query-input":{"@type":"PropertyValueSpecification","valueRequired":true,"valueName":"search_term_string"}}],"inLanguage":"en-US"},{"@type":"Organization","@id":"https:\/\/spainfilmcommission.com\/en\/#organization","name":"Spain Film Commission","url":"https:\/\/spainfilmcommission.com\/en\/","logo":{"@type":"ImageObject","inLanguage":"en-US","@id":"https:\/\/spainfilmcommission.com\/en\/#\/schema\/logo\/image\/","url":"https:\/\/spainfilmcommission.com\/wp-content\/uploads\/2024\/07\/SPC_COLOR.png","contentUrl":"https:\/\/spainfilmcommission.com\/wp-content\/uploads\/2024\/07\/SPC_COLOR.png","width":1665,"height":1665,"caption":"Spain Film Commission"},"image":{"@id":"https:\/\/spainfilmcommission.com\/en\/#\/schema\/logo\/image\/"}},{"@type":"Person","@id":"https:\/\/spainfilmcommission.com\/en\/#\/schema\/person\/6c014ba6ceac198d178a6a9e61113c9d","name":"studio128k_dam","image":{"@type":"ImageObject","inLanguage":"en-US","@id":"https:\/\/secure.gravatar.com\/avatar\/810f99144a13522c24aa173f9cd8bf079d0e89758af00b5f2938443cd51b31e9?s=96&d=mm&r=g","url":"https:\/\/secure.gravatar.com\/avatar\/810f99144a13522c24aa173f9cd8bf079d0e89758af00b5f2938443cd51b31e9?s=96&d=mm&r=g","contentUrl":"https:\/\/secure.gravatar.com\/avatar\/810f99144a13522c24aa173f9cd8bf079d0e89758af00b5f2938443cd51b31e9?s=96&d=mm&r=g","caption":"studio128k_dam"}}]}},"_links":{"self":[{"href":"https:\/\/spainfilmcommission.com\/en\/wp-json\/wp\/v2\/posts\/8774","targetHints":{"allow":["GET"]}}],"collection":[{"href":"https:\/\/spainfilmcommission.com\/en\/wp-json\/wp\/v2\/posts"}],"about":[{"href":"https:\/\/spainfilmcommission.com\/en\/wp-json\/wp\/v2\/types\/post"}],"author":[{"embeddable":true,"href":"https:\/\/spainfilmcommission.com\/en\/wp-json\/wp\/v2\/users\/2"}],"replies":[{"embeddable":true,"href":"https:\/\/spainfilmcommission.com\/en\/wp-json\/wp\/v2\/comments?post=8774"}],"version-history":[{"count":0,"href":"https:\/\/spainfilmcommission.com\/en\/wp-json\/wp\/v2\/posts\/8774\/revisions"}],"wp:featuredmedia":[{"embeddable":true,"href":"https:\/\/spainfilmcommission.com\/en\/wp-json\/wp\/v2\/media\/8775"}],"wp:attachment":[{"href":"https:\/\/spainfilmcommission.com\/en\/wp-json\/wp\/v2\/media?parent=8774"}],"wp:term":[{"taxonomy":"category","embeddable":true,"href":"https:\/\/spainfilmcommission.com\/en\/wp-json\/wp\/v2\/categories?post=8774"},{"taxonomy":"post_tag","embeddable":true,"href":"https:\/\/spainfilmcommission.com\/en\/wp-json\/wp\/v2\/tags?post=8774"}],"curies":[{"name":"wp","href":"https:\/\/api.w.org\/{rel}","templated":true}]}}