{"id":8771,"date":"2023-01-24T00:00:00","date_gmt":"2023-01-23T22:00:00","guid":{"rendered":"https:\/\/sfc.com\/fitur-screen-consolida-el-valor-anadido-del-turismo-de-pantalla-como-elemento-multiplicador-del-valor-de-los-rodajes-audiovisuales\/"},"modified":"2025-02-11T08:06:23","modified_gmt":"2025-02-11T07:06:23","slug":"fitur-screen-consolida-el-valor-anadido-del-turismo-de-pantalla-como-elemento-multiplicador-del-valor-de-los-rodajes-audiovisuales","status":"publish","type":"post","link":"https:\/\/spainfilmcommission.com\/en\/blog\/fitur-screen-consolida-el-valor-anadido-del-turismo-de-pantalla-como-elemento-multiplicador-del-valor-de-los-rodajes-audiovisuales\/","title":{"rendered":"FITUR SCREEN consolida el valor a\u00f1adido del turismo de pantalla como elemento multiplicador del valor de los rodajes audiovisuales"},"content":{"rendered":"<p style=\"font-size:12px;font-family:Arial, sans-serif;text-align:justify;\"><span style=\"font-size:14px;\">FITUR SCREEN, celebrada del 18 al 22 de enero en el marco de FITUR, ha cerrado su quinta edici\u00f3n con la constataci\u00f3n de que el turismo audiovisual mejorar la cadena de valor del sector audiovisual, que contin\u00faa estrechando sus lazos con el sector tur\u00edstico mientras Spain Film Commission lidera el relato del turismo de pantalla, gracias al proyecto Spain Screen Grand Tour.<\/span><\/p>\n<p style=\"font-size:12px;font-family:Arial, sans-serif;text-align:justify;\"><span style=\"font-size:14px;\">FITUR SCREEN, espacio coorganizado por Spain Film Commission e Ifema-Madrid con la colaboraci\u00f3n de Netflix con el objetivo de impulsar este nuevo segmento tur\u00edstico, se ha consolidado en 2023 como el punto de encuentro de los destinos que apuestan por una tendencia de consumo al alza.<\/span><\/p>\n<p style=\"font-size:12px;font-family:Arial, sans-serif;text-align:justify;\"><span style=\"font-size:14px;\">Durante los cinco d\u00edas de feria, FITUR ha congregado a un total 222.000 asistentes que representan un crecimiento del 99,6%, casi el doble que en 2022. Atendiendo al perfil de estos participantes, se han contabilizado 136.000 profesionales, que representa un crecimiento del 68%, y otros 86.000 visitantes de p\u00fablico general, cifras que triplican el dato del pasado a\u00f1o.<\/span><\/p>\n<p style=\"font-size:12px;font-family:Arial, sans-serif;text-align:justify;\"><span style=\"font-size:14px;\">En cuanto a participaci\u00f3n, la feria ha reunido a 8.500 empresas, 131 pa\u00edses, 755 titulares, a lo largo de 8 pabellones del recinto ferial, que han representado una superficie de 66.900 m2 netos de exposici\u00f3n, igualando la ocupaci\u00f3n de 2020.<\/span><\/p>\n<p style=\"font-size:12px;font-family:Arial, sans-serif;text-align:justify;\"><span style=\"font-size:14px;\">Respecto a FITUR SCREEN, este espacio ha desarrollado un programa con m\u00e1s de 15 presentaciones, dos mesas redondas y la entrega de los reconocimientos al Embajador Honorario de Spain Film Commission y a la Mejor Producci\u00f3n Audiovisual 2022, adem\u00e1s de acoger los stands de los socios territoriales de Spain Film Commission presentes en esta edici\u00f3n. Estos datos ponen de manifiesto el inter\u00e9s creciente por potenciar un turismo que se caracteriza por su car\u00e1cter innovador y sostenible.<\/span><\/p>\n<p style=\"font-size:12px;font-family:Arial, sans-serif;text-align:justify;\"><span style=\"font-size:14px;\">El turismo de pantalla suma al liderazgo de Espa\u00f1a en el sector tur\u00edstico las oportunidades que se presentan al ser el cuarto pa\u00eds del mundo m\u00e1s utilizado para localizaciones de pel\u00edculas. Gracias al paso por el escenario de FITUR SCREEN de autoridades y profesionales vinculados a ambos sectores, se puede afirmar que el turismo de pantalla conquistar\u00e1 el tan desea<\/span><span style=\"font-size:14px;\">do reto de ofrecer experiencias memorables, convirti\u00e9ndose en el aut\u00e9ntico turismo de emociones.<\/span><\/p>\n<p style=\"font-size:12px;font-family:Arial, sans-serif;text-align:justify;\">\u00a0<\/p>\n<h2 style=\"font-family:Arial, sans-serif;\"><span style=\"font-size:16px;\"><strong>Mesas redondas<\/strong><\/span><\/h2>\n<p style=\"font-size:12px;font-family:Arial, sans-serif;text-align:justify;\">\u00a0<\/p>\n<p style=\"font-size:12px;font-family:Arial, sans-serif;text-align:justify;\"><span style=\"font-family:arial, helvetica, sans-serif;\"><span style=\"font-size:14px;\">A lo largo de cinco jornadas, FITUR SCREEN ha desarrollado un amplio programa de actividades, con mesas redondas, reconocimientos y presentaciones de numerosas film offices y film commissions, adem\u00e1s del acto de inauguraci\u00f3n oficial, en el que Mar\u00eda Gonz\u00e1lez Veracruz, secretaria de Estado de Telecomunicaciones e Infraestructuras Digitales, se mostr\u00f3 satisfecha de los objetivos alcanzados hasta la fecha por el Hub Audiovisual y destac\u00f3 el ambicioso prop\u00f3sito para este a\u00f1o: &#8220;Vamos en la buena direcci\u00f3n y vamos a ser capaces de conseguir el objetivo para 2023 de aumentar el 30% de la producci\u00f3n audiovisual&#8221;.<\/span><\/span><\/p>\n<p style=\"font-size:12px;font-family:Arial, sans-serif;text-align:justify;\"><span style=\"font-family:arial, helvetica, sans-serif;\"><span style=\"font-size:14px;\">FITUR SCREEN celebr\u00f3 una mesa redonda sobre &#8220;Los nuevos espacios de ocio del screen tourism&#8221;, con la participaci\u00f3n de Diego Gracia, director del Parque Warner en Madrid; Olga Mart\u00edn Sancho, Director Government Regulatory Affairs en NBC Universal International, y Guillermo de Oliveira, director de cine y director del Almer\u00eda Western Festival.<\/span><\/span><\/p>\n<p style=\"font-size:12px;font-family:Arial, sans-serif;text-align:justify;\"><span style=\"font-family:arial, helvetica, sans-serif;\"><span style=\"font-size:14px;\">Entre otras ideas, Diego Gracia, explic\u00f3 que toda la tematizaci\u00f3n de Parque Warner tiene el objetivo de que el visitante &#8220;experimente de nuevo lo que ha vivido viendo pel\u00edculas y series de televisi\u00f3n&#8221;; Olga Mart\u00edn Sancho record\u00f3 que en el parque tem\u00e1tico de Universal &#8220;siempre ha sido b\u00e1sico relacionar las atracciones con las pel\u00edculas&#8221;, y Guillermo de Oliveira destac\u00f3 que los poblados del Oeste creados en el desierto de Tabernas durante el &#8216;boom\u2019 de los rodajes de spaghetti western en Almer\u00eda, constituyen una oferta tur\u00edstica importante para la provincia y que a\u00fan hoy sirven como escenarios para rodajes.<\/span><\/span><\/p>\n<p style=\"font-size:12px;font-family:Arial, sans-serif;text-align:justify;\"><span style=\"font-family:arial, helvetica, sans-serif;\"><span style=\"font-size:14px;\">La secci\u00f3n dedicada a conectar la industria tur\u00edstica y audiovisual en el marco de la Feria Internacional de Turismo acogi\u00f3 tambi\u00e9n la mesa redonda &#8220;La influencia del cine y las series en la cultura de los viajes&#8221;, con la participaci\u00f3n de Beatriz \u00c1lvarez, Public Policy Coordinator de Netflix; Michele Pitta, especialista de Proyectos de la Organizaci\u00f3n Mundial del Turismo, y Ana Abade, Manager de Asuntos P\u00fablicos de Booking.com para Espa\u00f1a y Portugal.<\/span><\/span><\/p>\n<p style=\"font-size:12px;font-family:Arial, sans-serif;text-align:justify;\"><span style=\"font-family:arial, helvetica, sans-serif;\"><span style=\"font-size:14px;\">Entre otras cuestiones, Beatriz \u00c1lvarez reconocido que &#8220;el turismo audiovisual es una externalidad positiva que ayuda a mejorar la cadena de valor del sector audiovisual&#8221;; Michele Pitta explic\u00f3 que este tipo de turismo &#8220;tiene un gran impacto positivo en los destinos&#8221; porque los contenidos audiovisuales crean &#8220;una conexi\u00f3n m\u00e1s all\u00e1 del inter\u00e9s de viajar a determinado pa\u00eds por haberlo visto en la pantalla&#8221; porque genera tambi\u00e9n inter\u00e9s &#8220;por la cultura, la gastronom\u00eda, la historia o los idiomas&#8221; del destino, y Ana Abade ha recordado que en Booking &#8220;estamos\u00a0<\/span><\/span><span style=\"font-family:arial, helvetica, sans-serif;\"><span style=\"font-size:14px;\">ahora muy enfocados en las experiencias porque queremos que, cuando la gente llegue a sus destinos, sepan qu\u00e9 hacer&#8221;.<\/span><\/span><\/p>\n<p style=\"font-size:12px;font-family:Arial, sans-serif;text-align:justify;\">\u00a0<\/p>\n<h2 style=\"font-family:Arial, sans-serif;\"><span style=\"font-size:16px;\"><strong>Reconocimientos<\/strong><\/span><\/h2>\n<p style=\"font-size:12px;font-family:Arial, sans-serif;text-align:justify;\"><span style=\"font-size:14px;\">Brendan Fitzgerald, vicepresidente senior de coproducciones internacionales en idioma ingl\u00e9s de Sony Pictures Television International Production, recibi\u00f3 la distinci\u00f3n de Embajador Honorario de Spain Film Commission 2023, reconocimiento que agradeci\u00f3 mostrando su satisfacci\u00f3n por formar parte de la industria audiovisual espa\u00f1ola. &#8220;Me dedico a vender -ha explicado-, cosa que es gratificante y divertida cuando de verdad crees en el producto. Ahora estamos vendiendo Espa\u00f1a al mundo y podemos vender algo en lo que creemos profundamente&#8221;.<\/span><\/p>\n<p style=\"font-size:12px;font-family:Arial, sans-serif;text-align:justify;\"><span style=\"font-size:14px;\">FITUR SCREEN celebr\u00f3 tambi\u00e9n la entrega del premio a la Mejor Producci\u00f3n Audiovisual Spain Film Commission 2022 al equipo de la pel\u00edcula &#8220;Voy a pas\u00e1rmelo bien&#8221; y a Valladolid Film Commission, acto que cont\u00f3 con la presencia del productor de la pel\u00edcula, Enrique Lavigne; el director, David Serrano, y los j\u00f3venes protagonistas, Izan Fern\u00e1ndez, Renata Hermida Richards, Rodrigo Gibaja, Rodrigo D\u00edaz, adem\u00e1s de Juan Manuel Guimerans, de director de Valladolid Film Commission, socio que propuso la candidatura.<\/span><\/p>\n<p style=\"font-size:12px;font-family:Arial, sans-serif;text-align:justify;\"><span style=\"font-size:14px;\">Tras recoger el premio, Enrique Lavigne destac\u00f3 que Valladolid &#8220;no solo ha sido escenario para rodar, sino que ha sido protagonista de la pel\u00edcula&#8221;, que &#8220;estaba m\u00e1s bella que nunca y esto es para la eternidad&#8221;. Por su parte, Juan Manuel Guimerans, al recoger el trofeo, ha recordado que en su presentaci\u00f3n, se defini\u00f3 &#8220;Voy a pas\u00e1rmelo bien&#8221; como el &#8220;La la Land&#8221; de Valladolid. &#8220;Despu\u00e9s de ver la pel\u00edcula pens\u00e9 que ya le gustar\u00eda a Los \u00c1ngeles tener una pel\u00edcula como&#8221; Voy a pas\u00e1rmelo bien&#8221;.<\/span><\/p>\n<p style=\"font-size:12px;font-family:Arial, sans-serif;text-align:justify;\">\u00a0<\/p>\n<h2 style=\"font-family:Arial, sans-serif;\"><span style=\"font-size:16px;\"><strong>Presentaciones<\/strong><\/span><\/h2>\n<p style=\"font-size:12px;font-family:Arial, sans-serif;text-align:justify;\"><span style=\"font-size:14px;\">El espacio FITUR SCREEN, situado en el pabell\u00f3n 8 de Ifema, alberg\u00f3 una nutrida representaci\u00f3n de los socios de la red de oficinas territoriales de Spain Film Commission: Andaluc\u00eda Film Commission, Cantabria Film Commission, Castilla la Mancha Film Commission, film offices de la Comunitat Valenciana (Alicante, Benidorm, Pe\u00f1\u00edscola y Valencia), Extremadura Film Commission, Film Madrid, Madrid Film Office, La Rioja Film Commission, Mallorca Film Commission, Menorca Film Commission, Pontevedra Provincia Film Commission, Regi\u00f3n de Murcia Film Commission, Valladolid Film Commission y Zaragoza Film Office.<\/span><\/p>\n<p style=\"font-size:12px;font-family:Arial, sans-serif;text-align:justify;\"><span style=\"font-size:14px;\">Durante cinco d\u00edas, FITUR SCREEN ha acogido numerosas presentaciones de film commissions y film offices. La primera jornada se celebraron la presentaci\u00f3n de Valladolid Film Commission, titulada &#8220;Valladolid, Creative City of Film&#8221;, con la presencia del alcalde de la ciudad, \u00d3scar Puente; Pe\u00f1\u00edscola Film Office, que mostr\u00f3 sus rutas tur\u00edsticas de cine con realidad aumentada, con la participaci\u00f3n de su alcalde, Andr\u00e9s Mart\u00ednez Castell\u00e0; Pontevedra Film Commission ofreci\u00f3 la charla &#8220;Pontevedra Plat\u00f3 de Cine&#8221; a cargo de Carmela Silva, presidenta de la Diputaci\u00f3n de Pontevedra.<\/span><\/p>\n<p style=\"font-size:12px;font-family:Arial, sans-serif;text-align:justify;\"><span style=\"font-size:14px;\">Turisme Comunitat Valenciana, cuyo stand reuni\u00f3 a las film office de Alicante, Benidorm, Pe\u00f1\u00edscola y Valencia, organiz\u00f3 la mesa redonda &#8220;El efecto de las series y los festivales&#8221; con la participaci\u00f3n de Lorena Zamorano, concejala de Turismo, Patrimonio Hist\u00f3rico y Contrataci\u00f3n de Alcoi; Rosa Roig, directora gerente de Mostra de Val\u00e8ncia; Vicente Sanchis Raggio, director del Festival Cine Independiente de Elche; Luis Larrodera, presidente del Festival de Alf\u00e0s del Pi; Pepa Jord\u00e1, de Visit Valencia y Hugo Marcos &#8211; CIFFT General Secretary; Juan Jos\u00e9 Berenguer, alcalde de El Campello, Carlos Navas, director del festival Series Nostrum.<\/span><\/p>\n<p style=\"font-size:12px;font-family:Arial, sans-serif;text-align:justify;\"><span style=\"font-size:14px;\">Burgos Film Commission centr\u00f3 su presentaci\u00f3n en &#8220;2023, un a\u00f1o de cine&#8221;; &#8220;Andaluc\u00eda, destino de Cine: descubre las rutas de la Red de Ciudades de Cine&#8221; fue t\u00edtulo de la presentaci\u00f3n de Andaluc\u00eda Film Commission; Madrid Film Office y Film Madrid ofrecieron la charla &#8220;Abierto por rodajes: diversificaci\u00f3n del sector tur\u00edstico y cultural&#8221;; &#8220;Zaragoza, ciudad de Cine&#8221; fue el t\u00edtulo de la presentaci\u00f3n de Zaragoza Film Office, a cargo de Sara Fern\u00e1ndez Escuer, vicealcaldesa y consejera de Cultura y Proyecci\u00f3n Exterior del Ayuntamiento de Zaragoza, y el alcalde de Vigo, Abel Caballero, protagoniz\u00f3 la charla &#8220;Vigo, un plat\u00f3 para mil historias&#8221; de la Vigo Film Office.<\/span><\/p>\n<p style=\"font-size:12px;font-family:Arial, sans-serif;text-align:justify;\"><span style=\"font-size:14px;\">Castilla La Mancha Film Commission dedic\u00f3 su intervenci\u00f3n a la nueva edici\u00f3n de Conecta Fiction &#038; Entertainment con la presencia de Patricia Franco Jim\u00e9nez, consejera de Econom\u00eda, Empresas y Empleo Junta de Comunidades de Castilla La Mancha; la Comunitat Valenciana present\u00f3 los &#8220;Estudios Ciudad de la Luz. Comunitat Valenciana plat\u00f3 de cine&#8221; con la participaci\u00f3n de Francesc Colomer, secretario auton\u00f3mico de Turismo; la Comarca de Los Monegros centr\u00f3 su presentaci\u00f3n en el 30 aniversario de la pel\u00edcula &#8220;Jam\u00f3n, jam\u00f3n&#8221; con la presencia de Armando Sanjuan Franco, presidente de la comarca de Los Monegros; La Rioja Film Commission organiz\u00f3 una mesa redonda sobre &#8220;La Rioja de Cine&#8221; con una nutrida representaci\u00f3n de cineastas riojanos; Extremadura Film Commission present\u00f3 su &#8220;Caravana de cine en Las Hurdes. Nuevos escenarios&#8221;, y Cantabria Film Commission ofrecido la charla &#8220;El impulso al cine de Cantabria&#8221; a cargo de Pablo Zuloaga, vicepresidente del Gobierno de Cantabria y consejero de Cultura.<\/span><\/p>\n<p style=\"font-size:12px;font-family:Arial, sans-serif;text-align:justify;\"><span style=\"font-size:14px;\">Durante la celebraci\u00f3n de FITUR SCREEN, los visitantes, adem\u00e1s del programa de charlas y presentaciones, han podido disfrutar de numerosas propuestas a trav\u00e9s de los diferentes expositores de las film offices y film commissions participantes: informaci\u00f3n sobre rutas de cine de Espa\u00f1a, la exposici\u00f3n Spain Travel Guide, organizada en colaboraci\u00f3n con Netflix y Turespa\u00f1a, un photocall virtual, un quiz cin\u00e9filo organizado por la Revista Viajar y proyecciones de cine en sesi\u00f3n continua.<\/span><\/p>\n<div>\n<h3 style=\"font-weight:600;line-height:1.1;font-family:Arial, sans-serif;font-size:12px;color:rgb(225,11,19);margin-top:20px;margin-bottom:10px;text-transform:uppercase;text-align:justify;\"><span style=\"font-size:14px;\">#FITURSCREEN2023\u00a0#SCREENGRANDTOUR\u00a0<span style=\"font-family:'lucida sans unicode', 'lucida grande', sans-serif;\">#SHOOTINGINSPAIN #ESPA\u00d1AVIVELOQUEVES\u00a0<\/span><\/span><\/h3>\n<\/div>\n","protected":false},"excerpt":{"rendered":"<p style=\"font-size:12px;font-family:Arial, sans-serif;text-align:justify;\"><span style=\"font-size:14px;\"><span style=\"font-family:'lucida sans unicode', 'lucida grande', sans-serif;\">\u00a0<\/span><\/span><\/p>\n","protected":false},"author":2,"featured_media":8772,"comment_status":"closed","ping_status":"","sticky":false,"template":"","format":"standard","meta":{"footnotes":""},"categories":[38],"tags":[],"class_list":["post-8771","post","type-post","status-publish","format-standard","has-post-thumbnail","hentry","category-noticias"],"yoast_head":"<!-- This site is optimized with the Yoast SEO plugin v27.3 - https:\/\/yoast.com\/product\/yoast-seo-wordpress\/ -->\n<title>FITUR SCREEN consolida el valor a\u00f1adido del turismo de pantalla como elemento multiplicador del valor de los rodajes audiovisuales - Spain Film Commission<\/title>\n<meta name=\"robots\" content=\"index, follow, max-snippet:-1, max-image-preview:large, max-video-preview:-1\" \/>\n<link rel=\"canonical\" href=\"https:\/\/spainfilmcommission.com\/en\/blog\/fitur-screen-consolida-el-valor-anadido-del-turismo-de-pantalla-como-elemento-multiplicador-del-valor-de-los-rodajes-audiovisuales\/\" \/>\n<meta property=\"og:locale\" content=\"en_US\" \/>\n<meta property=\"og:type\" content=\"article\" \/>\n<meta property=\"og:title\" content=\"FITUR SCREEN consolida el valor a\u00f1adido del turismo de pantalla como elemento multiplicador del valor de los rodajes audiovisuales - Spain Film Commission\" \/>\n<meta property=\"og:description\" content=\"\u00a0\" \/>\n<meta property=\"og:url\" content=\"https:\/\/spainfilmcommission.com\/en\/blog\/fitur-screen-consolida-el-valor-anadido-del-turismo-de-pantalla-como-elemento-multiplicador-del-valor-de-los-rodajes-audiovisuales\/\" \/>\n<meta property=\"og:site_name\" content=\"Spain Film Commission\" \/>\n<meta property=\"article:published_time\" content=\"2023-01-23T22:00:00+00:00\" \/>\n<meta property=\"article:modified_time\" content=\"2025-02-11T07:06:23+00:00\" \/>\n<meta property=\"og:image\" content=\"https:\/\/spainfilmcommission.com\/wp-content\/uploads\/2024\/11\/fitur-screen-consolida-el-valor-anadido-del-turismo-de-pantalla-como-elemento-multiplicador-del-valor-de-los-rodajes-audiovisuales-314.jpeg\" \/>\n\t<meta property=\"og:image:width\" content=\"1170\" \/>\n\t<meta property=\"og:image:height\" content=\"780\" \/>\n\t<meta property=\"og:image:type\" content=\"image\/jpeg\" \/>\n<meta name=\"author\" content=\"studio128k_dam\" \/>\n<meta name=\"twitter:card\" content=\"summary_large_image\" \/>\n<meta name=\"twitter:label1\" content=\"Written by\" \/>\n\t<meta name=\"twitter:data1\" content=\"studio128k_dam\" \/>\n\t<meta name=\"twitter:label2\" content=\"Est. reading time\" \/>\n\t<meta name=\"twitter:data2\" content=\"9 minutes\" \/>\n<script type=\"application\/ld+json\" class=\"yoast-schema-graph\">{\"@context\":\"https:\\\/\\\/schema.org\",\"@graph\":[{\"@type\":\"Article\",\"@id\":\"https:\\\/\\\/spainfilmcommission.com\\\/en\\\/blog\\\/fitur-screen-consolida-el-valor-anadido-del-turismo-de-pantalla-como-elemento-multiplicador-del-valor-de-los-rodajes-audiovisuales\\\/#article\",\"isPartOf\":{\"@id\":\"https:\\\/\\\/spainfilmcommission.com\\\/en\\\/blog\\\/fitur-screen-consolida-el-valor-anadido-del-turismo-de-pantalla-como-elemento-multiplicador-del-valor-de-los-rodajes-audiovisuales\\\/\"},\"author\":{\"name\":\"studio128k_dam\",\"@id\":\"https:\\\/\\\/spainfilmcommission.com\\\/en\\\/#\\\/schema\\\/person\\\/6c014ba6ceac198d178a6a9e61113c9d\"},\"headline\":\"FITUR SCREEN consolida el valor a\u00f1adido del turismo de pantalla como elemento multiplicador del valor de los rodajes audiovisuales\",\"datePublished\":\"2023-01-23T22:00:00+00:00\",\"dateModified\":\"2025-02-11T07:06:23+00:00\",\"mainEntityOfPage\":{\"@id\":\"https:\\\/\\\/spainfilmcommission.com\\\/en\\\/blog\\\/fitur-screen-consolida-el-valor-anadido-del-turismo-de-pantalla-como-elemento-multiplicador-del-valor-de-los-rodajes-audiovisuales\\\/\"},\"wordCount\":1751,\"publisher\":{\"@id\":\"https:\\\/\\\/spainfilmcommission.com\\\/en\\\/#organization\"},\"image\":{\"@id\":\"https:\\\/\\\/spainfilmcommission.com\\\/en\\\/blog\\\/fitur-screen-consolida-el-valor-anadido-del-turismo-de-pantalla-como-elemento-multiplicador-del-valor-de-los-rodajes-audiovisuales\\\/#primaryimage\"},\"thumbnailUrl\":\"https:\\\/\\\/spainfilmcommission.com\\\/wp-content\\\/uploads\\\/2024\\\/11\\\/fitur-screen-consolida-el-valor-anadido-del-turismo-de-pantalla-como-elemento-multiplicador-del-valor-de-los-rodajes-audiovisuales-314.jpeg\",\"articleSection\":[\"Noticias\"],\"inLanguage\":\"en-US\"},{\"@type\":\"WebPage\",\"@id\":\"https:\\\/\\\/spainfilmcommission.com\\\/en\\\/blog\\\/fitur-screen-consolida-el-valor-anadido-del-turismo-de-pantalla-como-elemento-multiplicador-del-valor-de-los-rodajes-audiovisuales\\\/\",\"url\":\"https:\\\/\\\/spainfilmcommission.com\\\/en\\\/blog\\\/fitur-screen-consolida-el-valor-anadido-del-turismo-de-pantalla-como-elemento-multiplicador-del-valor-de-los-rodajes-audiovisuales\\\/\",\"name\":\"FITUR SCREEN consolida el valor a\u00f1adido del turismo de pantalla como elemento multiplicador del valor de los rodajes audiovisuales - Spain Film Commission\",\"isPartOf\":{\"@id\":\"https:\\\/\\\/spainfilmcommission.com\\\/en\\\/#website\"},\"primaryImageOfPage\":{\"@id\":\"https:\\\/\\\/spainfilmcommission.com\\\/en\\\/blog\\\/fitur-screen-consolida-el-valor-anadido-del-turismo-de-pantalla-como-elemento-multiplicador-del-valor-de-los-rodajes-audiovisuales\\\/#primaryimage\"},\"image\":{\"@id\":\"https:\\\/\\\/spainfilmcommission.com\\\/en\\\/blog\\\/fitur-screen-consolida-el-valor-anadido-del-turismo-de-pantalla-como-elemento-multiplicador-del-valor-de-los-rodajes-audiovisuales\\\/#primaryimage\"},\"thumbnailUrl\":\"https:\\\/\\\/spainfilmcommission.com\\\/wp-content\\\/uploads\\\/2024\\\/11\\\/fitur-screen-consolida-el-valor-anadido-del-turismo-de-pantalla-como-elemento-multiplicador-del-valor-de-los-rodajes-audiovisuales-314.jpeg\",\"datePublished\":\"2023-01-23T22:00:00+00:00\",\"dateModified\":\"2025-02-11T07:06:23+00:00\",\"breadcrumb\":{\"@id\":\"https:\\\/\\\/spainfilmcommission.com\\\/en\\\/blog\\\/fitur-screen-consolida-el-valor-anadido-del-turismo-de-pantalla-como-elemento-multiplicador-del-valor-de-los-rodajes-audiovisuales\\\/#breadcrumb\"},\"inLanguage\":\"en-US\",\"potentialAction\":[{\"@type\":\"ReadAction\",\"target\":[\"https:\\\/\\\/spainfilmcommission.com\\\/en\\\/blog\\\/fitur-screen-consolida-el-valor-anadido-del-turismo-de-pantalla-como-elemento-multiplicador-del-valor-de-los-rodajes-audiovisuales\\\/\"]}]},{\"@type\":\"ImageObject\",\"inLanguage\":\"en-US\",\"@id\":\"https:\\\/\\\/spainfilmcommission.com\\\/en\\\/blog\\\/fitur-screen-consolida-el-valor-anadido-del-turismo-de-pantalla-como-elemento-multiplicador-del-valor-de-los-rodajes-audiovisuales\\\/#primaryimage\",\"url\":\"https:\\\/\\\/spainfilmcommission.com\\\/wp-content\\\/uploads\\\/2024\\\/11\\\/fitur-screen-consolida-el-valor-anadido-del-turismo-de-pantalla-como-elemento-multiplicador-del-valor-de-los-rodajes-audiovisuales-314.jpeg\",\"contentUrl\":\"https:\\\/\\\/spainfilmcommission.com\\\/wp-content\\\/uploads\\\/2024\\\/11\\\/fitur-screen-consolida-el-valor-anadido-del-turismo-de-pantalla-como-elemento-multiplicador-del-valor-de-los-rodajes-audiovisuales-314.jpeg\",\"width\":1170,\"height\":780},{\"@type\":\"BreadcrumbList\",\"@id\":\"https:\\\/\\\/spainfilmcommission.com\\\/en\\\/blog\\\/fitur-screen-consolida-el-valor-anadido-del-turismo-de-pantalla-como-elemento-multiplicador-del-valor-de-los-rodajes-audiovisuales\\\/#breadcrumb\",\"itemListElement\":[{\"@type\":\"ListItem\",\"position\":1,\"name\":\"Portada\",\"item\":\"https:\\\/\\\/spainfilmcommission.com\\\/en\\\/\"},{\"@type\":\"ListItem\",\"position\":2,\"name\":\"FITUR SCREEN consolida el valor a\u00f1adido del turismo de pantalla como elemento multiplicador del valor de los rodajes audiovisuales\"}]},{\"@type\":\"WebSite\",\"@id\":\"https:\\\/\\\/spainfilmcommission.com\\\/en\\\/#website\",\"url\":\"https:\\\/\\\/spainfilmcommission.com\\\/en\\\/\",\"name\":\"Spain Film Commission\",\"description\":\"\",\"publisher\":{\"@id\":\"https:\\\/\\\/spainfilmcommission.com\\\/en\\\/#organization\"},\"potentialAction\":[{\"@type\":\"SearchAction\",\"target\":{\"@type\":\"EntryPoint\",\"urlTemplate\":\"https:\\\/\\\/spainfilmcommission.com\\\/en\\\/?s={search_term_string}\"},\"query-input\":{\"@type\":\"PropertyValueSpecification\",\"valueRequired\":true,\"valueName\":\"search_term_string\"}}],\"inLanguage\":\"en-US\"},{\"@type\":\"Organization\",\"@id\":\"https:\\\/\\\/spainfilmcommission.com\\\/en\\\/#organization\",\"name\":\"Spain Film Commission\",\"url\":\"https:\\\/\\\/spainfilmcommission.com\\\/en\\\/\",\"logo\":{\"@type\":\"ImageObject\",\"inLanguage\":\"en-US\",\"@id\":\"https:\\\/\\\/spainfilmcommission.com\\\/en\\\/#\\\/schema\\\/logo\\\/image\\\/\",\"url\":\"https:\\\/\\\/spainfilmcommission.com\\\/wp-content\\\/uploads\\\/2024\\\/07\\\/SPC_COLOR.png\",\"contentUrl\":\"https:\\\/\\\/spainfilmcommission.com\\\/wp-content\\\/uploads\\\/2024\\\/07\\\/SPC_COLOR.png\",\"width\":1665,\"height\":1665,\"caption\":\"Spain Film Commission\"},\"image\":{\"@id\":\"https:\\\/\\\/spainfilmcommission.com\\\/en\\\/#\\\/schema\\\/logo\\\/image\\\/\"}},{\"@type\":\"Person\",\"@id\":\"https:\\\/\\\/spainfilmcommission.com\\\/en\\\/#\\\/schema\\\/person\\\/6c014ba6ceac198d178a6a9e61113c9d\",\"name\":\"studio128k_dam\",\"image\":{\"@type\":\"ImageObject\",\"inLanguage\":\"en-US\",\"@id\":\"https:\\\/\\\/secure.gravatar.com\\\/avatar\\\/810f99144a13522c24aa173f9cd8bf079d0e89758af00b5f2938443cd51b31e9?s=96&d=mm&r=g\",\"url\":\"https:\\\/\\\/secure.gravatar.com\\\/avatar\\\/810f99144a13522c24aa173f9cd8bf079d0e89758af00b5f2938443cd51b31e9?s=96&d=mm&r=g\",\"contentUrl\":\"https:\\\/\\\/secure.gravatar.com\\\/avatar\\\/810f99144a13522c24aa173f9cd8bf079d0e89758af00b5f2938443cd51b31e9?s=96&d=mm&r=g\",\"caption\":\"studio128k_dam\"}}]}<\/script>\n<!-- \/ Yoast SEO plugin. -->","yoast_head_json":{"title":"FITUR SCREEN consolida el valor a\u00f1adido del turismo de pantalla como elemento multiplicador del valor de los rodajes audiovisuales - Spain Film Commission","robots":{"index":"index","follow":"follow","max-snippet":"max-snippet:-1","max-image-preview":"max-image-preview:large","max-video-preview":"max-video-preview:-1"},"canonical":"https:\/\/spainfilmcommission.com\/en\/blog\/fitur-screen-consolida-el-valor-anadido-del-turismo-de-pantalla-como-elemento-multiplicador-del-valor-de-los-rodajes-audiovisuales\/","og_locale":"en_US","og_type":"article","og_title":"FITUR SCREEN consolida el valor a\u00f1adido del turismo de pantalla como elemento multiplicador del valor de los rodajes audiovisuales - Spain Film Commission","og_description":"\u00a0","og_url":"https:\/\/spainfilmcommission.com\/en\/blog\/fitur-screen-consolida-el-valor-anadido-del-turismo-de-pantalla-como-elemento-multiplicador-del-valor-de-los-rodajes-audiovisuales\/","og_site_name":"Spain Film Commission","article_published_time":"2023-01-23T22:00:00+00:00","article_modified_time":"2025-02-11T07:06:23+00:00","og_image":[{"width":1170,"height":780,"url":"https:\/\/spainfilmcommission.com\/wp-content\/uploads\/2024\/11\/fitur-screen-consolida-el-valor-anadido-del-turismo-de-pantalla-como-elemento-multiplicador-del-valor-de-los-rodajes-audiovisuales-314.jpeg","type":"image\/jpeg"}],"author":"studio128k_dam","twitter_card":"summary_large_image","twitter_misc":{"Written by":"studio128k_dam","Est. reading time":"9 minutes"},"schema":{"@context":"https:\/\/schema.org","@graph":[{"@type":"Article","@id":"https:\/\/spainfilmcommission.com\/en\/blog\/fitur-screen-consolida-el-valor-anadido-del-turismo-de-pantalla-como-elemento-multiplicador-del-valor-de-los-rodajes-audiovisuales\/#article","isPartOf":{"@id":"https:\/\/spainfilmcommission.com\/en\/blog\/fitur-screen-consolida-el-valor-anadido-del-turismo-de-pantalla-como-elemento-multiplicador-del-valor-de-los-rodajes-audiovisuales\/"},"author":{"name":"studio128k_dam","@id":"https:\/\/spainfilmcommission.com\/en\/#\/schema\/person\/6c014ba6ceac198d178a6a9e61113c9d"},"headline":"FITUR SCREEN consolida el valor a\u00f1adido del turismo de pantalla como elemento multiplicador del valor de los rodajes audiovisuales","datePublished":"2023-01-23T22:00:00+00:00","dateModified":"2025-02-11T07:06:23+00:00","mainEntityOfPage":{"@id":"https:\/\/spainfilmcommission.com\/en\/blog\/fitur-screen-consolida-el-valor-anadido-del-turismo-de-pantalla-como-elemento-multiplicador-del-valor-de-los-rodajes-audiovisuales\/"},"wordCount":1751,"publisher":{"@id":"https:\/\/spainfilmcommission.com\/en\/#organization"},"image":{"@id":"https:\/\/spainfilmcommission.com\/en\/blog\/fitur-screen-consolida-el-valor-anadido-del-turismo-de-pantalla-como-elemento-multiplicador-del-valor-de-los-rodajes-audiovisuales\/#primaryimage"},"thumbnailUrl":"https:\/\/spainfilmcommission.com\/wp-content\/uploads\/2024\/11\/fitur-screen-consolida-el-valor-anadido-del-turismo-de-pantalla-como-elemento-multiplicador-del-valor-de-los-rodajes-audiovisuales-314.jpeg","articleSection":["Noticias"],"inLanguage":"en-US"},{"@type":"WebPage","@id":"https:\/\/spainfilmcommission.com\/en\/blog\/fitur-screen-consolida-el-valor-anadido-del-turismo-de-pantalla-como-elemento-multiplicador-del-valor-de-los-rodajes-audiovisuales\/","url":"https:\/\/spainfilmcommission.com\/en\/blog\/fitur-screen-consolida-el-valor-anadido-del-turismo-de-pantalla-como-elemento-multiplicador-del-valor-de-los-rodajes-audiovisuales\/","name":"FITUR SCREEN consolida el valor a\u00f1adido del turismo de pantalla como elemento multiplicador del valor de los rodajes audiovisuales - Spain Film Commission","isPartOf":{"@id":"https:\/\/spainfilmcommission.com\/en\/#website"},"primaryImageOfPage":{"@id":"https:\/\/spainfilmcommission.com\/en\/blog\/fitur-screen-consolida-el-valor-anadido-del-turismo-de-pantalla-como-elemento-multiplicador-del-valor-de-los-rodajes-audiovisuales\/#primaryimage"},"image":{"@id":"https:\/\/spainfilmcommission.com\/en\/blog\/fitur-screen-consolida-el-valor-anadido-del-turismo-de-pantalla-como-elemento-multiplicador-del-valor-de-los-rodajes-audiovisuales\/#primaryimage"},"thumbnailUrl":"https:\/\/spainfilmcommission.com\/wp-content\/uploads\/2024\/11\/fitur-screen-consolida-el-valor-anadido-del-turismo-de-pantalla-como-elemento-multiplicador-del-valor-de-los-rodajes-audiovisuales-314.jpeg","datePublished":"2023-01-23T22:00:00+00:00","dateModified":"2025-02-11T07:06:23+00:00","breadcrumb":{"@id":"https:\/\/spainfilmcommission.com\/en\/blog\/fitur-screen-consolida-el-valor-anadido-del-turismo-de-pantalla-como-elemento-multiplicador-del-valor-de-los-rodajes-audiovisuales\/#breadcrumb"},"inLanguage":"en-US","potentialAction":[{"@type":"ReadAction","target":["https:\/\/spainfilmcommission.com\/en\/blog\/fitur-screen-consolida-el-valor-anadido-del-turismo-de-pantalla-como-elemento-multiplicador-del-valor-de-los-rodajes-audiovisuales\/"]}]},{"@type":"ImageObject","inLanguage":"en-US","@id":"https:\/\/spainfilmcommission.com\/en\/blog\/fitur-screen-consolida-el-valor-anadido-del-turismo-de-pantalla-como-elemento-multiplicador-del-valor-de-los-rodajes-audiovisuales\/#primaryimage","url":"https:\/\/spainfilmcommission.com\/wp-content\/uploads\/2024\/11\/fitur-screen-consolida-el-valor-anadido-del-turismo-de-pantalla-como-elemento-multiplicador-del-valor-de-los-rodajes-audiovisuales-314.jpeg","contentUrl":"https:\/\/spainfilmcommission.com\/wp-content\/uploads\/2024\/11\/fitur-screen-consolida-el-valor-anadido-del-turismo-de-pantalla-como-elemento-multiplicador-del-valor-de-los-rodajes-audiovisuales-314.jpeg","width":1170,"height":780},{"@type":"BreadcrumbList","@id":"https:\/\/spainfilmcommission.com\/en\/blog\/fitur-screen-consolida-el-valor-anadido-del-turismo-de-pantalla-como-elemento-multiplicador-del-valor-de-los-rodajes-audiovisuales\/#breadcrumb","itemListElement":[{"@type":"ListItem","position":1,"name":"Portada","item":"https:\/\/spainfilmcommission.com\/en\/"},{"@type":"ListItem","position":2,"name":"FITUR SCREEN consolida el valor a\u00f1adido del turismo de pantalla como elemento multiplicador del valor de los rodajes audiovisuales"}]},{"@type":"WebSite","@id":"https:\/\/spainfilmcommission.com\/en\/#website","url":"https:\/\/spainfilmcommission.com\/en\/","name":"Spain Film Commission","description":"","publisher":{"@id":"https:\/\/spainfilmcommission.com\/en\/#organization"},"potentialAction":[{"@type":"SearchAction","target":{"@type":"EntryPoint","urlTemplate":"https:\/\/spainfilmcommission.com\/en\/?s={search_term_string}"},"query-input":{"@type":"PropertyValueSpecification","valueRequired":true,"valueName":"search_term_string"}}],"inLanguage":"en-US"},{"@type":"Organization","@id":"https:\/\/spainfilmcommission.com\/en\/#organization","name":"Spain Film Commission","url":"https:\/\/spainfilmcommission.com\/en\/","logo":{"@type":"ImageObject","inLanguage":"en-US","@id":"https:\/\/spainfilmcommission.com\/en\/#\/schema\/logo\/image\/","url":"https:\/\/spainfilmcommission.com\/wp-content\/uploads\/2024\/07\/SPC_COLOR.png","contentUrl":"https:\/\/spainfilmcommission.com\/wp-content\/uploads\/2024\/07\/SPC_COLOR.png","width":1665,"height":1665,"caption":"Spain Film Commission"},"image":{"@id":"https:\/\/spainfilmcommission.com\/en\/#\/schema\/logo\/image\/"}},{"@type":"Person","@id":"https:\/\/spainfilmcommission.com\/en\/#\/schema\/person\/6c014ba6ceac198d178a6a9e61113c9d","name":"studio128k_dam","image":{"@type":"ImageObject","inLanguage":"en-US","@id":"https:\/\/secure.gravatar.com\/avatar\/810f99144a13522c24aa173f9cd8bf079d0e89758af00b5f2938443cd51b31e9?s=96&d=mm&r=g","url":"https:\/\/secure.gravatar.com\/avatar\/810f99144a13522c24aa173f9cd8bf079d0e89758af00b5f2938443cd51b31e9?s=96&d=mm&r=g","contentUrl":"https:\/\/secure.gravatar.com\/avatar\/810f99144a13522c24aa173f9cd8bf079d0e89758af00b5f2938443cd51b31e9?s=96&d=mm&r=g","caption":"studio128k_dam"}}]}},"_links":{"self":[{"href":"https:\/\/spainfilmcommission.com\/en\/wp-json\/wp\/v2\/posts\/8771","targetHints":{"allow":["GET"]}}],"collection":[{"href":"https:\/\/spainfilmcommission.com\/en\/wp-json\/wp\/v2\/posts"}],"about":[{"href":"https:\/\/spainfilmcommission.com\/en\/wp-json\/wp\/v2\/types\/post"}],"author":[{"embeddable":true,"href":"https:\/\/spainfilmcommission.com\/en\/wp-json\/wp\/v2\/users\/2"}],"replies":[{"embeddable":true,"href":"https:\/\/spainfilmcommission.com\/en\/wp-json\/wp\/v2\/comments?post=8771"}],"version-history":[{"count":0,"href":"https:\/\/spainfilmcommission.com\/en\/wp-json\/wp\/v2\/posts\/8771\/revisions"}],"wp:featuredmedia":[{"embeddable":true,"href":"https:\/\/spainfilmcommission.com\/en\/wp-json\/wp\/v2\/media\/8772"}],"wp:attachment":[{"href":"https:\/\/spainfilmcommission.com\/en\/wp-json\/wp\/v2\/media?parent=8771"}],"wp:term":[{"taxonomy":"category","embeddable":true,"href":"https:\/\/spainfilmcommission.com\/en\/wp-json\/wp\/v2\/categories?post=8771"},{"taxonomy":"post_tag","embeddable":true,"href":"https:\/\/spainfilmcommission.com\/en\/wp-json\/wp\/v2\/tags?post=8771"}],"curies":[{"name":"wp","href":"https:\/\/api.w.org\/{rel}","templated":true}]}}