{"id":8764,"date":"2023-01-19T00:00:00","date_gmt":"2023-01-18T22:00:00","guid":{"rendered":"https:\/\/sfc.com\/brendan-fitzgerald-vicepresidente-senior-de-coproducciones-internacionales-en-idioma-ingles-de-sony-pictures-television-international-production-recibe-la-distincion-de-embajador-honorario-2023-de-spa\/"},"modified":"2025-02-11T08:06:23","modified_gmt":"2025-02-11T07:06:23","slug":"brendan-fitzgerald-vicepresidente-senior-de-coproducciones-internacionales-en-idioma-ingles-de-sony-pictures-television-international-production-recibe-la-distincion-de-embajador-honorario-2023-de-spa","status":"publish","type":"post","link":"https:\/\/spainfilmcommission.com\/en\/blog\/brendan-fitzgerald-vicepresidente-senior-de-coproducciones-internacionales-en-idioma-ingles-de-sony-pictures-television-international-production-recibe-la-distincion-de-embajador-honorario-2023-de-spa\/","title":{"rendered":"Brendan Fitzgerald, vicepresidente senior de coproducciones internacionales en idioma ingl\u00e9s de Sony Pictures Television International Production, recibe la distinci\u00f3n de Embajador Honorario 2023 de Spain Film Commission"},"content":{"rendered":"<p style=\"font-size:12px;font-family:Arial, sans-serif;text-align:center;\"><span style=\"font-size:14px;\"><span style=\"color:rgb(0,0,0);font-family:Calibri, sans-serif;font-weight:700;white-space:pre-wrap;\">FITUR SCREEN analiza en una mesa redonda los nuevos espacios de ocio del screen tourism, que act\u00faan como caja de resonancia del atractivo de las pel\u00edculas y las series de televisi\u00f3n<\/span><\/span><\/p>\n<p style=\"font-size:12px;font-family:Arial, sans-serif;text-align:justify;\"><span style=\"font-size:14px;\">Las nuevas propuestas de ocio surgidas a partir de pel\u00edculas, sagas y series ha sido objeto de an\u00e1lisis en la segunda jornada de FITUR SCREEN, en la que se ha hecho entrega de la distinci\u00f3n de <strong>Embajador Honor\u00edfico de Spain Film Commission<\/strong> y se ha desarrollado un amplio programa de actividades, en las que han participado las film offices y film commissions de <strong>Andaluc\u00eda, Madrid, Zaragoza, Vigo, Castilla La Mancha, Comunitat Valenciana, Comarca de Los Monegros y La Rioja.<\/strong><\/span><\/p>\n<p style=\"font-size:12px;font-family:Arial, sans-serif;text-align:justify;\"><span style=\"font-size:14px;\">FITUR SCREEN ha celebrado una mesa redonda, moderada por <strong>Teresa Azcona<\/strong>, directora general de Spain Film Commission, sobre &#8220;Los nuevos espacios de ocio del screen tourism&#8221;, con la participaci\u00f3n de <strong>Diego Gracia<\/strong>, director del Parque Warner en Madrid; <strong>Olga Mart\u00edn Sancho<\/strong>, Director Government Regulatory Affairs en NBC Universal International, y <strong>Guillermo de Oliveira<\/strong>, director de cine y director del Almer\u00eda Western Festival.<\/span><\/p>\n<p style=\"font-size:12px;font-family:Arial, sans-serif;text-align:justify;\"><span style=\"font-size:14px;\">Este encuentro ha analizado los espacios de ocio surgidos alrededor de diversas pel\u00edculas, sagas y series. Azcona ha explicado que &#8220;los rodajes no solo tienen un impacto positivo mientras suceden, sino que su impacto se extiende m\u00e1s all\u00e1 de la producci\u00f3n, especialmente con impactos positivos en el turismo&#8221;.<\/span><\/p>\n<p style=\"font-size:12px;font-family:Arial, sans-serif;text-align:justify;\"><span style=\"font-size:14px;\">Al hilo, Diego Gracia, director del Parque Warner, ha explicado que toda la tematizaci\u00f3n de este complejo de ocio &#8220;tiene que ver con los estudios Warner&#8221; con el objetivo de que el visitante &#8220;experimente de nuevo lo que ha vivido viendo pel\u00edculas y series de televisi\u00f3n&#8221;, adaptando su oferta a las expectativas del visitante: &#8220;Hay un turismo que busca experiencias de adrenalina y para eso est\u00e1n las monta\u00f1as rusas, y otro tipo de p\u00fablico que busca que las atracciones lo transporte de nuevo a esa historia&#8221;.\u00a0<\/span><\/p>\n<p style=\"font-size:12px;font-family:Arial, sans-serif;text-align:justify;\"><span style=\"font-size:14px;\">Por su parte, Olga Mart\u00edn Sancho ha recordado que el parque tem\u00e1tico de Universal surgi\u00f3 para atender una creciente demanda de tours para ver rodajes. Por eso, &#8220;siempre ha sido b\u00e1sico relacionar las atracciones con las pel\u00edculas&#8221;, entre las que mencion\u00f3 cl\u00e1sicos como King Kong, E.T. y Regreso al futuro, y grandes \u00e9xitos como Jurassic Park o Harry Potter. &#8220;La idea es que entres al parque y vayas de una pel\u00edcula a otra&#8221;, ha a\u00f1adido.<\/span><\/p>\n<p style=\"font-size:12px;font-family:Arial, sans-serif;text-align:justify;\"><span style=\"font-size:14px;\">Finalmente, Guillermo de Oliveira ha hablado sobre los poblados del Oeste creados en el desierto de Tabernas durante el &#8216;boom de los rodajes de spaghetti western en Almer\u00eda, y que hoy constituyen una oferta tur\u00edstica importante para la provincia y que a\u00fan hoy sirven como escenarios para rodajes. El director, finalmente, record\u00f3 que es muy dif\u00edcil &#8220;predecir que se va a convertir en \u00e9xito&#8221; y, cuando esto sucede, tambi\u00e9n &#8220;es muy dif\u00edcil saber qu\u00e9 secuencia se va a poner de moda y va a provocar el inter\u00e9s en el espectador&#8221;.<\/span><\/p>\n<p style=\"font-size:12px;font-family:Arial, sans-serif;text-align:justify;\"><span style=\"font-size:14px;\"><u><strong>Brendan Fitzgerald, Embajador Spain Film Commission 2023<\/strong><\/u><\/span><\/p>\n<p style=\"font-size:12px;font-family:Arial, sans-serif;text-align:justify;\"><span style=\"font-size:14px;\">Brendan Fitzgerald, vicepresidente senior de coproducciones internacionales en idioma ingl\u00e9s de Sony Pictures Television International Production, ha sido uno de los grandes protagonistas de la segunda jornada de FITUR SCREEN. Fitzgerald ha recibido este jueves 19 de enero la distinci\u00f3n de Embajador Honorario de Spain Film Commission 2023.<\/span><\/p>\n<p style=\"font-size:12px;font-family:Arial, sans-serif;text-align:justify;\"><span style=\"font-size:14px;\">El nuevo Embajador Honor\u00edfico ha agradecido este reconocimiento y se ha mostrado satisfecho de formar parte de la industria audiovisual espa\u00f1ola.<em> &#8220;Me dedico a vender -ha explicado-, cosa que es gratificante y divertida cuando de verdad crees en el producto. Ahora estamos vendiendo Espa\u00f1a al mundo y podemos vender algo en lo que creemos profundamente&#8221;. Adem\u00e1s, se ha mostrado orgulloso de formar parte de lo que ha llamado &#8220;c\u00edrculo virtuoso&#8221;, integrado por &#8220;las localizaciones, actores, directores y escritores, gente detr\u00e1s de las c\u00e1maras y las administraciones p\u00fablicas detr\u00e1s de todos nosotros&#8221;.<\/em><\/span><\/p>\n<p style=\"font-size:12px;font-family:Arial, sans-serif;text-align:justify;\"><span style=\"font-size:14px;\"><u><strong>Presentaciones en FITUR SCREEN<\/strong><\/u><\/span><\/p>\n<p style=\"font-size:12px;font-family:Arial, sans-serif;text-align:justify;\"><span style=\"font-size:14px;\">A lo largo del d\u00eda, Andaluc\u00eda Film Commission, Madrid Film Office y Film Madrid, Zaragoza Film Commission, Vigo Film Office, Castilla La Mancha Film Commission, Comunidad Valenciana, Comarca de Los Monegros y La Rioja Film Commission han ofrecido la presentaci\u00f3n de sus novedades y recursos.<\/span><\/p>\n<p style=\"font-size:12px;font-family:Arial, sans-serif;text-align:justify;\"><span style=\"font-size:14px;\"><strong>&#8220;Andaluc\u00eda, destino de Cine: descubre las rutas de la Red de Ciudades de Cine&#8221;<\/strong> ha sido el t\u00edtulo de la presentaci\u00f3n de Andaluc\u00eda Film Commission a cargo de su directora, Piluca Querol, y de varios representantes de esta red de Ciudades de Cine de Andaluc\u00eda: Juan Manuel Alcedo (C\u00e1diz), Jose M Navarro (Almer\u00eda), Isabel Gallardo (Jerez de la Frontera) y Jezabel Ram\u00edrez (Priego de C\u00f3rdoba).<\/span><\/p>\n<p style=\"font-size:12px;font-family:Arial, sans-serif;text-align:justify;\"><span style=\"font-size:14px;\"><strong>Madrid Film Office y Film Madrid <\/strong>han ofrecido la charla &#8220;Abierto por rodajes: diversificaci\u00f3n del sector tur\u00edstico y cultural&#8221;, en la que han participado Francisco Polo, director del Museo del Ferrocarril de Madrid; Yara Mart\u00ednez, directora del hotel Iberostar Las Letras Gran V\u00eda, y V\u00edctor Aertsen, film officer de Madrid Film Office, que ha actuado como moderador.<\/span><\/p>\n<p style=\"font-size:12px;font-family:Arial, sans-serif;text-align:justify;\"><span style=\"font-size:14px;\">Sara Fern\u00e1ndez Escuer, vicealcaldesa y consejera de Cultura y Proyecci\u00f3n Exterior del Ayuntamiento de Zaragoza, ha acudido a FITUR SCREEN para ofrecer la charla Zaragoza, ciudad de Cine de <strong>Zaragoza Film Office<\/strong>.\u00a0A continuaci\u00f3n, el turno ha sido para <strong>Vigo Film Office<\/strong>, cuya presentaci\u00f3n, titulada &#8220;Vigo, un plat\u00f3 para mil historias&#8221;, ha corrido a cargo del alcalde de la ciudad, Abel Caballero, acompa\u00f1ado por las actrices Ux\u00eda Blanco y D\u00e9borah Vukusic.<\/span><\/p>\n<p style=\"font-size:12px;font-family:Arial, sans-serif;text-align:justify;\"><span style=\"font-size:14px;\"><strong>Castilla La Mancha Film Commission<\/strong> ha dedicado su intervenci\u00f3n en FITUR SCREEN a la nueva edici\u00f3n de Conecta Fiction &#038; Entertainment, que tendr\u00e1 lugar en la ciudad de Toledo el pr\u00f3ximo mes de junio, con la participaci\u00f3n de G\u00e9raldine Gonard, directora de Inside Content S.L., y Patricia Franco Jim\u00e9nez, consejera de Econom\u00eda, Empresas y Empleo Junta de Comunidades de Castilla La Mancha.<\/span><\/p>\n<p style=\"font-size:12px;font-family:Arial, sans-serif;text-align:justify;\"><span style=\"font-size:14px;\">La <strong>Comunitat Valenciana<\/strong> ha protagonizado la presentaci\u00f3n titulada &#8220;Estudios Ciudad de la Luz. Comunitat Valenciana plat\u00f3 de cine&#8221;, en la que han intervenido Antonio Rodes, director general de la Sociedad de Proyectos para la Transformaci\u00f3n Digital, y Francesc Colomer, secretario auton\u00f3mico de Turismo Comunitat Valenciana.<\/span><\/p>\n<p style=\"font-size:12px;font-family:Arial, sans-serif;text-align:justify;\"><span style=\"font-size:14px;\">La <strong>Comarca de Los Monegros<\/strong> ha centrado su presentaci\u00f3n en el 30 aniversario de la pel\u00edcula &#8220;Jam\u00f3n, jam\u00f3n&#8221;, dirigida por Bigas Luna y rodada en esta comarca aragonesa. Esta charla ha contado con la participaci\u00f3n de Armando Sanjuan Franco, presidente de la comarca de Los Monegros; Marcos Vaquer Flor de Lis, consejero de Turismo, y Natalia Arazo Capistros, directora \u00e1rea de Turismo y responsable de Monegros Film Commission.<\/span><\/p>\n<p style=\"font-size:12px;font-family:Arial, sans-serif;text-align:justify;\"><span style=\"font-size:14px;\"><strong>La Rioja Film Commission<\/strong> ha organizado una mesa redonda sobre &#8220;La Rioja de Cine&#8221;, que ha contado con una nutrida representaci\u00f3n de cineastas riojanos: Santiago Tabernero, director de cine y coordinador CineLab La Rioja De Cine; Diego P\u00e9rez, director y guionista de &#8220;El Kala&#8221;; Adri\u00e1n Sabando, director y guionista de &#8220;La Ni\u00f1a Del Almendro&#8221;; Carlos La\u00edn, director y guionista de &#8220;La Maleza&#8221;, y Anne Dobaran, directora y guionista de &#8220;Izurdea&#8221;. Andrea \u00c1lvarez, directora de La Rioja Film Commission, ha sido la moderadora de esta mesa redonda, que ha cerrado el programa de actividades de la segunda jornada en FITUR SCREEN<\/span><\/p>\n<h3 style=\"font-family:Arial, sans-serif;font-weight:600;line-height:1.1;font-size:12px;color:rgb(225,11,19);margin-top:20px;margin-bottom:10px;text-transform:uppercase;text-align:justify;\"><span style=\"font-size:14px;\">#FITURSCREEN2023\u00a0#SCREENGRANDTOUR\u00a0<span style=\"font-family:'lucida sans unicode', 'lucida grande', sans-serif;\">#SHOOTINGINSPAIN<\/span><\/span><\/h3>\n","protected":false},"excerpt":{"rendered":"<p>FITUR SCREEN analiza en una mesa redonda los nuevos espacios de ocio del screen tourism, que act\u00faan como caja de resonancia del atractivo de las pel\u00edculas y las series de [&hellip;]<\/p>\n","protected":false},"author":2,"featured_media":8765,"comment_status":"closed","ping_status":"","sticky":false,"template":"","format":"standard","meta":{"footnotes":""},"categories":[38],"tags":[],"class_list":["post-8764","post","type-post","status-publish","format-standard","has-post-thumbnail","hentry","category-noticias"],"yoast_head":"<!-- This site is optimized with the Yoast SEO plugin v27.3 - https:\/\/yoast.com\/product\/yoast-seo-wordpress\/ -->\n<title>Brendan Fitzgerald, vicepresidente senior de coproducciones internacionales en idioma ingl\u00e9s de Sony Pictures Television International Production, recibe la distinci\u00f3n de Embajador Honorario 2023 de Spain Film Commission - Spain Film Commission<\/title>\n<meta name=\"robots\" content=\"index, follow, max-snippet:-1, max-image-preview:large, max-video-preview:-1\" \/>\n<link rel=\"canonical\" href=\"https:\/\/spainfilmcommission.com\/en\/blog\/brendan-fitzgerald-vicepresidente-senior-de-coproducciones-internacionales-en-idioma-ingles-de-sony-pictures-television-international-production-recibe-la-distincion-de-embajador-honorario-2023-de-spa\/\" \/>\n<meta property=\"og:locale\" content=\"en_US\" \/>\n<meta property=\"og:type\" content=\"article\" \/>\n<meta property=\"og:title\" content=\"Brendan Fitzgerald, vicepresidente senior de coproducciones internacionales en idioma ingl\u00e9s de Sony Pictures Television International Production, recibe la distinci\u00f3n de Embajador Honorario 2023 de Spain Film Commission - Spain Film Commission\" \/>\n<meta property=\"og:description\" content=\"FITUR SCREEN analiza en una mesa redonda los nuevos espacios de ocio del screen tourism, que act\u00faan como caja de resonancia del atractivo de las pel\u00edculas y las series de [&hellip;]\" \/>\n<meta property=\"og:url\" content=\"https:\/\/spainfilmcommission.com\/en\/blog\/brendan-fitzgerald-vicepresidente-senior-de-coproducciones-internacionales-en-idioma-ingles-de-sony-pictures-television-international-production-recibe-la-distincion-de-embajador-honorario-2023-de-spa\/\" \/>\n<meta property=\"og:site_name\" content=\"Spain Film Commission\" \/>\n<meta property=\"article:published_time\" content=\"2023-01-18T22:00:00+00:00\" \/>\n<meta property=\"article:modified_time\" content=\"2025-02-11T07:06:23+00:00\" \/>\n<meta property=\"og:image\" content=\"https:\/\/spainfilmcommission.com\/wp-content\/uploads\/2024\/11\/brendan-fitzgerald-vicepresidente-senior-de-coproducciones-internacionales-en-idioma-ingles-de-sony-pictures-television-international-production-recibe-la-distincion-de-embajador-honorario-2023-de-spain-film-commission-310.jpg\" \/>\n\t<meta property=\"og:image:width\" content=\"1170\" \/>\n\t<meta property=\"og:image:height\" content=\"780\" \/>\n\t<meta property=\"og:image:type\" content=\"image\/jpeg\" \/>\n<meta name=\"author\" content=\"studio128k_dam\" \/>\n<meta name=\"twitter:card\" content=\"summary_large_image\" \/>\n<meta name=\"twitter:label1\" content=\"Written by\" \/>\n\t<meta name=\"twitter:data1\" content=\"studio128k_dam\" \/>\n\t<meta name=\"twitter:label2\" content=\"Est. reading time\" \/>\n\t<meta name=\"twitter:data2\" content=\"6 minutes\" \/>\n<script type=\"application\/ld+json\" class=\"yoast-schema-graph\">{\"@context\":\"https:\\\/\\\/schema.org\",\"@graph\":[{\"@type\":\"Article\",\"@id\":\"https:\\\/\\\/spainfilmcommission.com\\\/en\\\/blog\\\/brendan-fitzgerald-vicepresidente-senior-de-coproducciones-internacionales-en-idioma-ingles-de-sony-pictures-television-international-production-recibe-la-distincion-de-embajador-honorario-2023-de-spa\\\/#article\",\"isPartOf\":{\"@id\":\"https:\\\/\\\/spainfilmcommission.com\\\/en\\\/blog\\\/brendan-fitzgerald-vicepresidente-senior-de-coproducciones-internacionales-en-idioma-ingles-de-sony-pictures-television-international-production-recibe-la-distincion-de-embajador-honorario-2023-de-spa\\\/\"},\"author\":{\"name\":\"studio128k_dam\",\"@id\":\"https:\\\/\\\/spainfilmcommission.com\\\/en\\\/#\\\/schema\\\/person\\\/6c014ba6ceac198d178a6a9e61113c9d\"},\"headline\":\"Brendan Fitzgerald, vicepresidente senior de coproducciones internacionales en idioma ingl\u00e9s de Sony Pictures Television International Production, recibe la distinci\u00f3n de Embajador Honorario 2023 de Spain Film Commission\",\"datePublished\":\"2023-01-18T22:00:00+00:00\",\"dateModified\":\"2025-02-11T07:06:23+00:00\",\"mainEntityOfPage\":{\"@id\":\"https:\\\/\\\/spainfilmcommission.com\\\/en\\\/blog\\\/brendan-fitzgerald-vicepresidente-senior-de-coproducciones-internacionales-en-idioma-ingles-de-sony-pictures-television-international-production-recibe-la-distincion-de-embajador-honorario-2023-de-spa\\\/\"},\"wordCount\":1251,\"publisher\":{\"@id\":\"https:\\\/\\\/spainfilmcommission.com\\\/en\\\/#organization\"},\"image\":{\"@id\":\"https:\\\/\\\/spainfilmcommission.com\\\/en\\\/blog\\\/brendan-fitzgerald-vicepresidente-senior-de-coproducciones-internacionales-en-idioma-ingles-de-sony-pictures-television-international-production-recibe-la-distincion-de-embajador-honorario-2023-de-spa\\\/#primaryimage\"},\"thumbnailUrl\":\"https:\\\/\\\/spainfilmcommission.com\\\/wp-content\\\/uploads\\\/2024\\\/11\\\/brendan-fitzgerald-vicepresidente-senior-de-coproducciones-internacionales-en-idioma-ingles-de-sony-pictures-television-international-production-recibe-la-distincion-de-embajador-honorario-2023-de-spain-film-commission-310.jpg\",\"articleSection\":[\"Noticias\"],\"inLanguage\":\"en-US\"},{\"@type\":\"WebPage\",\"@id\":\"https:\\\/\\\/spainfilmcommission.com\\\/en\\\/blog\\\/brendan-fitzgerald-vicepresidente-senior-de-coproducciones-internacionales-en-idioma-ingles-de-sony-pictures-television-international-production-recibe-la-distincion-de-embajador-honorario-2023-de-spa\\\/\",\"url\":\"https:\\\/\\\/spainfilmcommission.com\\\/en\\\/blog\\\/brendan-fitzgerald-vicepresidente-senior-de-coproducciones-internacionales-en-idioma-ingles-de-sony-pictures-television-international-production-recibe-la-distincion-de-embajador-honorario-2023-de-spa\\\/\",\"name\":\"Brendan Fitzgerald, vicepresidente senior de coproducciones internacionales en idioma ingl\u00e9s de Sony Pictures Television International Production, recibe la distinci\u00f3n de Embajador Honorario 2023 de Spain Film Commission - Spain Film Commission\",\"isPartOf\":{\"@id\":\"https:\\\/\\\/spainfilmcommission.com\\\/en\\\/#website\"},\"primaryImageOfPage\":{\"@id\":\"https:\\\/\\\/spainfilmcommission.com\\\/en\\\/blog\\\/brendan-fitzgerald-vicepresidente-senior-de-coproducciones-internacionales-en-idioma-ingles-de-sony-pictures-television-international-production-recibe-la-distincion-de-embajador-honorario-2023-de-spa\\\/#primaryimage\"},\"image\":{\"@id\":\"https:\\\/\\\/spainfilmcommission.com\\\/en\\\/blog\\\/brendan-fitzgerald-vicepresidente-senior-de-coproducciones-internacionales-en-idioma-ingles-de-sony-pictures-television-international-production-recibe-la-distincion-de-embajador-honorario-2023-de-spa\\\/#primaryimage\"},\"thumbnailUrl\":\"https:\\\/\\\/spainfilmcommission.com\\\/wp-content\\\/uploads\\\/2024\\\/11\\\/brendan-fitzgerald-vicepresidente-senior-de-coproducciones-internacionales-en-idioma-ingles-de-sony-pictures-television-international-production-recibe-la-distincion-de-embajador-honorario-2023-de-spain-film-commission-310.jpg\",\"datePublished\":\"2023-01-18T22:00:00+00:00\",\"dateModified\":\"2025-02-11T07:06:23+00:00\",\"breadcrumb\":{\"@id\":\"https:\\\/\\\/spainfilmcommission.com\\\/en\\\/blog\\\/brendan-fitzgerald-vicepresidente-senior-de-coproducciones-internacionales-en-idioma-ingles-de-sony-pictures-television-international-production-recibe-la-distincion-de-embajador-honorario-2023-de-spa\\\/#breadcrumb\"},\"inLanguage\":\"en-US\",\"potentialAction\":[{\"@type\":\"ReadAction\",\"target\":[\"https:\\\/\\\/spainfilmcommission.com\\\/en\\\/blog\\\/brendan-fitzgerald-vicepresidente-senior-de-coproducciones-internacionales-en-idioma-ingles-de-sony-pictures-television-international-production-recibe-la-distincion-de-embajador-honorario-2023-de-spa\\\/\"]}]},{\"@type\":\"ImageObject\",\"inLanguage\":\"en-US\",\"@id\":\"https:\\\/\\\/spainfilmcommission.com\\\/en\\\/blog\\\/brendan-fitzgerald-vicepresidente-senior-de-coproducciones-internacionales-en-idioma-ingles-de-sony-pictures-television-international-production-recibe-la-distincion-de-embajador-honorario-2023-de-spa\\\/#primaryimage\",\"url\":\"https:\\\/\\\/spainfilmcommission.com\\\/wp-content\\\/uploads\\\/2024\\\/11\\\/brendan-fitzgerald-vicepresidente-senior-de-coproducciones-internacionales-en-idioma-ingles-de-sony-pictures-television-international-production-recibe-la-distincion-de-embajador-honorario-2023-de-spain-film-commission-310.jpg\",\"contentUrl\":\"https:\\\/\\\/spainfilmcommission.com\\\/wp-content\\\/uploads\\\/2024\\\/11\\\/brendan-fitzgerald-vicepresidente-senior-de-coproducciones-internacionales-en-idioma-ingles-de-sony-pictures-television-international-production-recibe-la-distincion-de-embajador-honorario-2023-de-spain-film-commission-310.jpg\",\"width\":1170,\"height\":780},{\"@type\":\"BreadcrumbList\",\"@id\":\"https:\\\/\\\/spainfilmcommission.com\\\/en\\\/blog\\\/brendan-fitzgerald-vicepresidente-senior-de-coproducciones-internacionales-en-idioma-ingles-de-sony-pictures-television-international-production-recibe-la-distincion-de-embajador-honorario-2023-de-spa\\\/#breadcrumb\",\"itemListElement\":[{\"@type\":\"ListItem\",\"position\":1,\"name\":\"Portada\",\"item\":\"https:\\\/\\\/spainfilmcommission.com\\\/en\\\/\"},{\"@type\":\"ListItem\",\"position\":2,\"name\":\"Brendan Fitzgerald, vicepresidente senior de coproducciones internacionales en idioma ingl\u00e9s de Sony Pictures Television International Production, recibe la distinci\u00f3n de Embajador Honorario 2023 de Spain Film Commission\"}]},{\"@type\":\"WebSite\",\"@id\":\"https:\\\/\\\/spainfilmcommission.com\\\/en\\\/#website\",\"url\":\"https:\\\/\\\/spainfilmcommission.com\\\/en\\\/\",\"name\":\"Spain Film Commission\",\"description\":\"\",\"publisher\":{\"@id\":\"https:\\\/\\\/spainfilmcommission.com\\\/en\\\/#organization\"},\"potentialAction\":[{\"@type\":\"SearchAction\",\"target\":{\"@type\":\"EntryPoint\",\"urlTemplate\":\"https:\\\/\\\/spainfilmcommission.com\\\/en\\\/?s={search_term_string}\"},\"query-input\":{\"@type\":\"PropertyValueSpecification\",\"valueRequired\":true,\"valueName\":\"search_term_string\"}}],\"inLanguage\":\"en-US\"},{\"@type\":\"Organization\",\"@id\":\"https:\\\/\\\/spainfilmcommission.com\\\/en\\\/#organization\",\"name\":\"Spain Film Commission\",\"url\":\"https:\\\/\\\/spainfilmcommission.com\\\/en\\\/\",\"logo\":{\"@type\":\"ImageObject\",\"inLanguage\":\"en-US\",\"@id\":\"https:\\\/\\\/spainfilmcommission.com\\\/en\\\/#\\\/schema\\\/logo\\\/image\\\/\",\"url\":\"https:\\\/\\\/spainfilmcommission.com\\\/wp-content\\\/uploads\\\/2024\\\/07\\\/SPC_COLOR.png\",\"contentUrl\":\"https:\\\/\\\/spainfilmcommission.com\\\/wp-content\\\/uploads\\\/2024\\\/07\\\/SPC_COLOR.png\",\"width\":1665,\"height\":1665,\"caption\":\"Spain Film Commission\"},\"image\":{\"@id\":\"https:\\\/\\\/spainfilmcommission.com\\\/en\\\/#\\\/schema\\\/logo\\\/image\\\/\"}},{\"@type\":\"Person\",\"@id\":\"https:\\\/\\\/spainfilmcommission.com\\\/en\\\/#\\\/schema\\\/person\\\/6c014ba6ceac198d178a6a9e61113c9d\",\"name\":\"studio128k_dam\",\"image\":{\"@type\":\"ImageObject\",\"inLanguage\":\"en-US\",\"@id\":\"https:\\\/\\\/secure.gravatar.com\\\/avatar\\\/810f99144a13522c24aa173f9cd8bf079d0e89758af00b5f2938443cd51b31e9?s=96&d=mm&r=g\",\"url\":\"https:\\\/\\\/secure.gravatar.com\\\/avatar\\\/810f99144a13522c24aa173f9cd8bf079d0e89758af00b5f2938443cd51b31e9?s=96&d=mm&r=g\",\"contentUrl\":\"https:\\\/\\\/secure.gravatar.com\\\/avatar\\\/810f99144a13522c24aa173f9cd8bf079d0e89758af00b5f2938443cd51b31e9?s=96&d=mm&r=g\",\"caption\":\"studio128k_dam\"}}]}<\/script>\n<!-- \/ Yoast SEO plugin. -->","yoast_head_json":{"title":"Brendan Fitzgerald, vicepresidente senior de coproducciones internacionales en idioma ingl\u00e9s de Sony Pictures Television International Production, recibe la distinci\u00f3n de Embajador Honorario 2023 de Spain Film Commission - Spain Film Commission","robots":{"index":"index","follow":"follow","max-snippet":"max-snippet:-1","max-image-preview":"max-image-preview:large","max-video-preview":"max-video-preview:-1"},"canonical":"https:\/\/spainfilmcommission.com\/en\/blog\/brendan-fitzgerald-vicepresidente-senior-de-coproducciones-internacionales-en-idioma-ingles-de-sony-pictures-television-international-production-recibe-la-distincion-de-embajador-honorario-2023-de-spa\/","og_locale":"en_US","og_type":"article","og_title":"Brendan Fitzgerald, vicepresidente senior de coproducciones internacionales en idioma ingl\u00e9s de Sony Pictures Television International Production, recibe la distinci\u00f3n de Embajador Honorario 2023 de Spain Film Commission - Spain Film Commission","og_description":"FITUR SCREEN analiza en una mesa redonda los nuevos espacios de ocio del screen tourism, que act\u00faan como caja de resonancia del atractivo de las pel\u00edculas y las series de [&hellip;]","og_url":"https:\/\/spainfilmcommission.com\/en\/blog\/brendan-fitzgerald-vicepresidente-senior-de-coproducciones-internacionales-en-idioma-ingles-de-sony-pictures-television-international-production-recibe-la-distincion-de-embajador-honorario-2023-de-spa\/","og_site_name":"Spain Film Commission","article_published_time":"2023-01-18T22:00:00+00:00","article_modified_time":"2025-02-11T07:06:23+00:00","og_image":[{"width":1170,"height":780,"url":"https:\/\/spainfilmcommission.com\/wp-content\/uploads\/2024\/11\/brendan-fitzgerald-vicepresidente-senior-de-coproducciones-internacionales-en-idioma-ingles-de-sony-pictures-television-international-production-recibe-la-distincion-de-embajador-honorario-2023-de-spain-film-commission-310.jpg","type":"image\/jpeg"}],"author":"studio128k_dam","twitter_card":"summary_large_image","twitter_misc":{"Written by":"studio128k_dam","Est. reading time":"6 minutes"},"schema":{"@context":"https:\/\/schema.org","@graph":[{"@type":"Article","@id":"https:\/\/spainfilmcommission.com\/en\/blog\/brendan-fitzgerald-vicepresidente-senior-de-coproducciones-internacionales-en-idioma-ingles-de-sony-pictures-television-international-production-recibe-la-distincion-de-embajador-honorario-2023-de-spa\/#article","isPartOf":{"@id":"https:\/\/spainfilmcommission.com\/en\/blog\/brendan-fitzgerald-vicepresidente-senior-de-coproducciones-internacionales-en-idioma-ingles-de-sony-pictures-television-international-production-recibe-la-distincion-de-embajador-honorario-2023-de-spa\/"},"author":{"name":"studio128k_dam","@id":"https:\/\/spainfilmcommission.com\/en\/#\/schema\/person\/6c014ba6ceac198d178a6a9e61113c9d"},"headline":"Brendan Fitzgerald, vicepresidente senior de coproducciones internacionales en idioma ingl\u00e9s de Sony Pictures Television International Production, recibe la distinci\u00f3n de Embajador Honorario 2023 de Spain Film Commission","datePublished":"2023-01-18T22:00:00+00:00","dateModified":"2025-02-11T07:06:23+00:00","mainEntityOfPage":{"@id":"https:\/\/spainfilmcommission.com\/en\/blog\/brendan-fitzgerald-vicepresidente-senior-de-coproducciones-internacionales-en-idioma-ingles-de-sony-pictures-television-international-production-recibe-la-distincion-de-embajador-honorario-2023-de-spa\/"},"wordCount":1251,"publisher":{"@id":"https:\/\/spainfilmcommission.com\/en\/#organization"},"image":{"@id":"https:\/\/spainfilmcommission.com\/en\/blog\/brendan-fitzgerald-vicepresidente-senior-de-coproducciones-internacionales-en-idioma-ingles-de-sony-pictures-television-international-production-recibe-la-distincion-de-embajador-honorario-2023-de-spa\/#primaryimage"},"thumbnailUrl":"https:\/\/spainfilmcommission.com\/wp-content\/uploads\/2024\/11\/brendan-fitzgerald-vicepresidente-senior-de-coproducciones-internacionales-en-idioma-ingles-de-sony-pictures-television-international-production-recibe-la-distincion-de-embajador-honorario-2023-de-spain-film-commission-310.jpg","articleSection":["Noticias"],"inLanguage":"en-US"},{"@type":"WebPage","@id":"https:\/\/spainfilmcommission.com\/en\/blog\/brendan-fitzgerald-vicepresidente-senior-de-coproducciones-internacionales-en-idioma-ingles-de-sony-pictures-television-international-production-recibe-la-distincion-de-embajador-honorario-2023-de-spa\/","url":"https:\/\/spainfilmcommission.com\/en\/blog\/brendan-fitzgerald-vicepresidente-senior-de-coproducciones-internacionales-en-idioma-ingles-de-sony-pictures-television-international-production-recibe-la-distincion-de-embajador-honorario-2023-de-spa\/","name":"Brendan Fitzgerald, vicepresidente senior de coproducciones internacionales en idioma ingl\u00e9s de Sony Pictures Television International Production, recibe la distinci\u00f3n de Embajador Honorario 2023 de Spain Film Commission - Spain Film Commission","isPartOf":{"@id":"https:\/\/spainfilmcommission.com\/en\/#website"},"primaryImageOfPage":{"@id":"https:\/\/spainfilmcommission.com\/en\/blog\/brendan-fitzgerald-vicepresidente-senior-de-coproducciones-internacionales-en-idioma-ingles-de-sony-pictures-television-international-production-recibe-la-distincion-de-embajador-honorario-2023-de-spa\/#primaryimage"},"image":{"@id":"https:\/\/spainfilmcommission.com\/en\/blog\/brendan-fitzgerald-vicepresidente-senior-de-coproducciones-internacionales-en-idioma-ingles-de-sony-pictures-television-international-production-recibe-la-distincion-de-embajador-honorario-2023-de-spa\/#primaryimage"},"thumbnailUrl":"https:\/\/spainfilmcommission.com\/wp-content\/uploads\/2024\/11\/brendan-fitzgerald-vicepresidente-senior-de-coproducciones-internacionales-en-idioma-ingles-de-sony-pictures-television-international-production-recibe-la-distincion-de-embajador-honorario-2023-de-spain-film-commission-310.jpg","datePublished":"2023-01-18T22:00:00+00:00","dateModified":"2025-02-11T07:06:23+00:00","breadcrumb":{"@id":"https:\/\/spainfilmcommission.com\/en\/blog\/brendan-fitzgerald-vicepresidente-senior-de-coproducciones-internacionales-en-idioma-ingles-de-sony-pictures-television-international-production-recibe-la-distincion-de-embajador-honorario-2023-de-spa\/#breadcrumb"},"inLanguage":"en-US","potentialAction":[{"@type":"ReadAction","target":["https:\/\/spainfilmcommission.com\/en\/blog\/brendan-fitzgerald-vicepresidente-senior-de-coproducciones-internacionales-en-idioma-ingles-de-sony-pictures-television-international-production-recibe-la-distincion-de-embajador-honorario-2023-de-spa\/"]}]},{"@type":"ImageObject","inLanguage":"en-US","@id":"https:\/\/spainfilmcommission.com\/en\/blog\/brendan-fitzgerald-vicepresidente-senior-de-coproducciones-internacionales-en-idioma-ingles-de-sony-pictures-television-international-production-recibe-la-distincion-de-embajador-honorario-2023-de-spa\/#primaryimage","url":"https:\/\/spainfilmcommission.com\/wp-content\/uploads\/2024\/11\/brendan-fitzgerald-vicepresidente-senior-de-coproducciones-internacionales-en-idioma-ingles-de-sony-pictures-television-international-production-recibe-la-distincion-de-embajador-honorario-2023-de-spain-film-commission-310.jpg","contentUrl":"https:\/\/spainfilmcommission.com\/wp-content\/uploads\/2024\/11\/brendan-fitzgerald-vicepresidente-senior-de-coproducciones-internacionales-en-idioma-ingles-de-sony-pictures-television-international-production-recibe-la-distincion-de-embajador-honorario-2023-de-spain-film-commission-310.jpg","width":1170,"height":780},{"@type":"BreadcrumbList","@id":"https:\/\/spainfilmcommission.com\/en\/blog\/brendan-fitzgerald-vicepresidente-senior-de-coproducciones-internacionales-en-idioma-ingles-de-sony-pictures-television-international-production-recibe-la-distincion-de-embajador-honorario-2023-de-spa\/#breadcrumb","itemListElement":[{"@type":"ListItem","position":1,"name":"Portada","item":"https:\/\/spainfilmcommission.com\/en\/"},{"@type":"ListItem","position":2,"name":"Brendan Fitzgerald, vicepresidente senior de coproducciones internacionales en idioma ingl\u00e9s de Sony Pictures Television International Production, recibe la distinci\u00f3n de Embajador Honorario 2023 de Spain Film Commission"}]},{"@type":"WebSite","@id":"https:\/\/spainfilmcommission.com\/en\/#website","url":"https:\/\/spainfilmcommission.com\/en\/","name":"Spain Film Commission","description":"","publisher":{"@id":"https:\/\/spainfilmcommission.com\/en\/#organization"},"potentialAction":[{"@type":"SearchAction","target":{"@type":"EntryPoint","urlTemplate":"https:\/\/spainfilmcommission.com\/en\/?s={search_term_string}"},"query-input":{"@type":"PropertyValueSpecification","valueRequired":true,"valueName":"search_term_string"}}],"inLanguage":"en-US"},{"@type":"Organization","@id":"https:\/\/spainfilmcommission.com\/en\/#organization","name":"Spain Film Commission","url":"https:\/\/spainfilmcommission.com\/en\/","logo":{"@type":"ImageObject","inLanguage":"en-US","@id":"https:\/\/spainfilmcommission.com\/en\/#\/schema\/logo\/image\/","url":"https:\/\/spainfilmcommission.com\/wp-content\/uploads\/2024\/07\/SPC_COLOR.png","contentUrl":"https:\/\/spainfilmcommission.com\/wp-content\/uploads\/2024\/07\/SPC_COLOR.png","width":1665,"height":1665,"caption":"Spain Film Commission"},"image":{"@id":"https:\/\/spainfilmcommission.com\/en\/#\/schema\/logo\/image\/"}},{"@type":"Person","@id":"https:\/\/spainfilmcommission.com\/en\/#\/schema\/person\/6c014ba6ceac198d178a6a9e61113c9d","name":"studio128k_dam","image":{"@type":"ImageObject","inLanguage":"en-US","@id":"https:\/\/secure.gravatar.com\/avatar\/810f99144a13522c24aa173f9cd8bf079d0e89758af00b5f2938443cd51b31e9?s=96&d=mm&r=g","url":"https:\/\/secure.gravatar.com\/avatar\/810f99144a13522c24aa173f9cd8bf079d0e89758af00b5f2938443cd51b31e9?s=96&d=mm&r=g","contentUrl":"https:\/\/secure.gravatar.com\/avatar\/810f99144a13522c24aa173f9cd8bf079d0e89758af00b5f2938443cd51b31e9?s=96&d=mm&r=g","caption":"studio128k_dam"}}]}},"_links":{"self":[{"href":"https:\/\/spainfilmcommission.com\/en\/wp-json\/wp\/v2\/posts\/8764","targetHints":{"allow":["GET"]}}],"collection":[{"href":"https:\/\/spainfilmcommission.com\/en\/wp-json\/wp\/v2\/posts"}],"about":[{"href":"https:\/\/spainfilmcommission.com\/en\/wp-json\/wp\/v2\/types\/post"}],"author":[{"embeddable":true,"href":"https:\/\/spainfilmcommission.com\/en\/wp-json\/wp\/v2\/users\/2"}],"replies":[{"embeddable":true,"href":"https:\/\/spainfilmcommission.com\/en\/wp-json\/wp\/v2\/comments?post=8764"}],"version-history":[{"count":0,"href":"https:\/\/spainfilmcommission.com\/en\/wp-json\/wp\/v2\/posts\/8764\/revisions"}],"wp:featuredmedia":[{"embeddable":true,"href":"https:\/\/spainfilmcommission.com\/en\/wp-json\/wp\/v2\/media\/8765"}],"wp:attachment":[{"href":"https:\/\/spainfilmcommission.com\/en\/wp-json\/wp\/v2\/media?parent=8764"}],"wp:term":[{"taxonomy":"category","embeddable":true,"href":"https:\/\/spainfilmcommission.com\/en\/wp-json\/wp\/v2\/categories?post=8764"},{"taxonomy":"post_tag","embeddable":true,"href":"https:\/\/spainfilmcommission.com\/en\/wp-json\/wp\/v2\/tags?post=8764"}],"curies":[{"name":"wp","href":"https:\/\/api.w.org\/{rel}","templated":true}]}}