{"id":8761,"date":"2023-01-18T00:00:00","date_gmt":"2023-01-17T22:00:00","guid":{"rendered":"https:\/\/sfc.com\/la-quinta-edicion-de-fitur-screen-se-consolida-como-uno-de-los-espacios-de-encuentro-de-la-industria-turistica-y-la-audiovisual\/"},"modified":"2025-02-11T08:06:23","modified_gmt":"2025-02-11T07:06:23","slug":"la-quinta-edicion-de-fitur-screen-se-consolida-como-uno-de-los-espacios-de-encuentro-de-la-industria-turistica-y-la-audiovisual","status":"publish","type":"post","link":"https:\/\/spainfilmcommission.com\/en\/blog\/la-quinta-edicion-de-fitur-screen-se-consolida-como-uno-de-los-espacios-de-encuentro-de-la-industria-turistica-y-la-audiovisual\/","title":{"rendered":"La quinta edici\u00f3n de FITUR SCREEN se consolida como uno  de los espacios de encuentro de la industria tur\u00edstica y la audiovisual"},"content":{"rendered":"<p style=\"text-align:justify;\"><span style=\"font-family:arial, helvetica, sans-serif;\"><span style=\"font-size:14px;text-align:justify;\">La secretaria de Estado de Telecomunicaciones\u00a0destaca en la inauguraci\u00f3n de FITUR SCREEN\u00a0la importancia de la acci\u00f3n conjunta, coordinada y descentralizada de los territorios representados por Spain Film Commission.\u00a0<\/span><\/span><\/p>\n<p style=\"text-align:justify;\"><span style=\"font-family:arial, helvetica, sans-serif;\"><span style=\"font-size:14px;\"><strong>FITUR SCREEN<\/strong>, la secci\u00f3n dedicada a conectar la industria tur\u00edstica y audiovisual en el marco de la\u00a0<strong>Feria Internacional de Turismo<\/strong>, ha abierto este mi\u00e9rcoles sus puertas con un recorrido institucional por los diferentes stands que conforman este espacio y la celebraci\u00f3n de las presentaciones de las film commissions de\u00a0<strong>Valladolid, Pontevedra, Burgos, Murcia y Pe\u00f1\u00edscola Film Office<\/strong>, adem\u00e1s de una mesa redonda sobre &#8220;El efecto de las series y los festivales&#8221; organizada por\u00a0<strong>Turisme Comunitat Valenciana<\/strong>.<\/span><\/span><\/p>\n<p style=\"text-align:justify;\"><span style=\"font-family:arial, helvetica, sans-serif;\"><span style=\"font-size:14px;\">El\u00a0<strong>acto oficial de inauguraci\u00f3n<\/strong>\u00a0de FITUR SCREEN, espacio coorganizado por\u00a0<strong>Spain Film Commission<\/strong>\u00a0e\u00a0<strong>Ifema-Madrid<\/strong>\u00a0con la colaboraci\u00f3n de\u00a0<strong>Netflix<\/strong>, ha contado con la presencia de\u00a0<strong>Mar\u00eda Gonz\u00e1lez Veracruz<\/strong>, secretaria de Estado de Telecomunicaciones e Infraestructuras Digitales;\u00a0<strong>Ana Mu\u00f1oz Llabres<\/strong>, subdirectora general de Desarrollo y Sostenibilidad Tur\u00edstica de la secretaria de Estado de Turismo,\u00a0<strong>Carlos Rosado,<\/strong>\u00a0presidente de Spain Film Commission, y\u00a0<strong>Esperanza Ib\u00e1\u00f1ez<\/strong>, directora de Relaciones Institucionales de Netflix.<\/span><\/span><\/p>\n<p style=\"text-align:justify;\"><span style=\"font-family:arial, helvetica, sans-serif;\"><span style=\"font-size:14px;\">En su intervenci\u00f3n, la secretaria de Estado ha destacado que,\u00a0<em>&#8220;cuando todos nos ponemos a trabajar en la misma direcci\u00f3n, somos capaces de multiplicarnos y ser exponencialmente much\u00edsimo m\u00e1s poderosos, y ese es el objetivo del Plan Hub Audiovisual de Espa\u00f1a&#8221;.<\/em>\u00a0As\u00ed, Mar\u00eda Gonz\u00e1lez se ha mostrado satisfecha de los objetivos alcanzados hasta la fecha por el Hub Audiovisual y destac\u00f3 el ambicioso prop\u00f3sito para este a\u00f1o:\u00a0<em>&#8220;Vamos en la buena direcci\u00f3n y vamos a ser capaces de conseguir el objetivo para 2023 de aumentar el 30% de la producci\u00f3n audiovisual&#8221;.<\/em><\/span><\/span><\/p>\n<p style=\"text-align:justify;\"><span style=\"font-family:arial, helvetica, sans-serif;\"><span style=\"font-size:14px;\">Por \u00faltimo, la secretaria de Estado record\u00f3 otros dos objetivos del Plan Hub Audiovisual de Espa\u00f1a. Por un lado, el\u00a0<strong>desarrollo de la industria local,<\/strong>\u00a0para lo cual, record\u00f3 que\u00a0<em>&#8220;es muy importante la implantaci\u00f3n territorial&#8221;\u00a0<\/em>y, por otro, la atracci\u00f3n de inversiones y proyectos, objetivo\u00a0<em>&#8220;donde estamos volcados desde todos los \u00e1mbitos del Gobierno&#8221;<\/em>.<\/span><\/span><\/p>\n<p style=\"text-align:justify;\"><span style=\"font-family:arial, helvetica, sans-serif;\"><span style=\"font-size:14px;\">El espacio Fitur Screen, situado en el pabell\u00f3n 8 de Ifema, alberga una nutrida representaci\u00f3n de los socios de la red de oficinas territoriales de Spain Film Commission:\u00a0<strong>Andaluc\u00eda Film Commission, Cantabria Film Commission, Castilla la Mancha Film Commission, film offices de la Comunitat Valenciana (Alicante, Benidorm, Pe\u00f1\u00edscola y Valencia), Extremadura Film Commission, Film Madrid, Madrid Film Office, La Rioja Film Commission, Mallorca Film Commission, Menorca Film Commission, Pontevedra Provincia Film Commission, Regi\u00f3n de Murcia Film Commission, Valladolid Film Commission y Zaragoza Film Office.<\/strong><\/span><\/span><\/p>\n<p style=\"text-align:justify;\"><span style=\"font-family:arial, helvetica, sans-serif;\"><span style=\"font-size:14px;\"><u><strong>Programa de actividades<\/strong><\/u><\/span><\/span><\/p>\n<p style=\"text-align:justify;\"><span style=\"font-family:arial, helvetica, sans-serif;\"><span style=\"font-size:14px;\">La primera jornada de FITUR SCREEN ha contado con una numerosa presencia institucional. As\u00ed, el alcalde de Valladolid,\u00a0<strong>\u00d3scar Puente<\/strong>, ha participado en la presentaci\u00f3n de Valladolid Film Commission, titulada &#8220;Valladolid, Creative City of Film&#8221;, en la que tambi\u00e9n han tomado parte\u00a0<strong>Sara Velasco,<\/strong>\u00a0CEO de Grupo Izen y directora de Zebra Producciones, y\u00a0<strong>Juan Manuel Guimer\u00e1ns<\/strong>, coordinador de Valladolid Film Commission.<\/span><\/span><\/p>\n<p style=\"text-align:justify;\"><span style=\"font-family:arial, helvetica, sans-serif;\"><span style=\"font-size:14px;\">El alcalde ha destacado que Valladolid ofrece\u00a0<em>&#8220;es una una estupenda alternativa para que la industria audiovisual que est\u00e1 situada en el entorno de Madrid se planteen Valladolid como como una posibilidad, ya que la ciudad ofrece &#8221;much\u00edsimas cosas que podr\u00edas encontrar en Madrid pero son m\u00e1s accesibles en Valladolid&#8221;. Como ejemplo, ha destacado producciones como &#8220;Voy a pas\u00e1rmelo bien&#8221; o &#8220;Memento Mori&#8221;, rodadas en Valladolid que, adem\u00e1s, &#8220;han servido para dar a conocer la ciudad&#8221;.<\/em><\/span><\/span><\/p>\n<p style=\"text-align:justify;\"><span style=\"font-family:arial, helvetica, sans-serif;\"><span style=\"font-size:14px;\"><strong>Pe\u00f1\u00edscola Film Office<\/strong>\u00a0ha ofrecido la presentaci\u00f3n de las rutas tur\u00edsticas de cine con realidad aumentada, acto que ha contado con la participaci\u00f3n del alcalde de Pe\u00f1\u00edscola, Andr\u00e9s Mart\u00ednez Castell\u00e0; la concejala de Cultura, Raquel Par\u00eds; Bel\u00e9n Miguel, jefa del \u00e1rea de Turismo, Laura Hidalgo, film officer de Pe\u00f1\u00edscola Film Office.<\/span><\/span><\/p>\n<p style=\"text-align:justify;\"><span style=\"font-family:arial, helvetica, sans-serif;\"><span style=\"font-size:14px;\">A continuaci\u00f3n,\u00a0<strong>Pontevedra Film Commission<\/strong>\u00a0ha ofrecido la charla &#8220;Pontevedra Plat\u00f3 de Cine&#8221; a cargo de Carmela Silva, presidenta de la Diputaci\u00f3n de Pontevedra, y Daniel Froiz, CEO de Matriuska Producciones, en la que Carlos Rosado, presidente de Spain Film Commission, ha ejercido de anfitri\u00f3n.\u00a0<\/span><\/span><\/p>\n<p style=\"text-align:justify;\"><span style=\"font-family:arial, helvetica, sans-serif;\"><span style=\"font-size:14px;\"><strong>Turisme Comunitat Valenciana<\/strong>, cuyo stand alberga a las film office de Alicante, Benidorm, Pe\u00f1\u00edscola y Valencia, ha organizado la mesa redonda &#8220;El efecto de las series y los festivales&#8221;, en la que han abordado esta cuesti\u00f3n expertos como Lorena Zamorano, concejala de Turismo, Patrimonio Hist\u00f3rico y Contrataci\u00f3n de Alcoi; Rosa Roig, directora gerente de Mostra de Val\u00e8ncia; Vicente Sanchis Raggio, director del Festival Cine Independiente de Elche; Luis Larrodera, presidente del Festival de Alf\u00e0s del Pi; Pepa Jord\u00e1, de Visit Valencia y Hugo Marcos &#8211; CIFFT General Secretary; Juan Jos\u00e9 Berenguer, alcalde de El Campello, Carlos Navas, director del festival Series Nostrum.<\/span><\/span><\/p>\n<p style=\"text-align:justify;\"><span style=\"font-family:arial, helvetica, sans-serif;\"><span style=\"font-size:14px;\"><strong>Murcia Film Commission<\/strong>, que recientemente ha ingresado como socio de Spain Film Commission, ha acudido a FITUR SCREEN con una amplia representaci\u00f3n de miembros de la industria audiovisual de Murcia, adem\u00e1s del consejero de Presidencia, Turismo, Cultura y Deportes, Marcos Ortu\u00f1o Soto; el secretario general de dicha consejer\u00eda la Consejer\u00eda de Presidencia, Turismo, Cultura y Deportes, Juan Antonio Lorca S\u00e1nchez; el director general del Instituto de las Industrias Culturales y las Artes de la Consejer\u00eda de Presidencia, Turismo, Cultura y Deportes, Manuel Cebri\u00e1n L\u00f3pez; el director general de Instituto de Turismo de la Consejer\u00eda de Presidencia, Turismo, Cultura y Deportes, Juan Francisco Mart\u00ednez Carrasco; as\u00ed como el director general del Instituto de Fomento de la Regi\u00f3n de Murcia.<\/span><\/span><\/p>\n<p style=\"text-align:justify;\"><span style=\"font-family:arial, helvetica, sans-serif;\"><span style=\"font-size:14px;\">La presentaci\u00f3n &#8220;2023, un a\u00f1o de cine&#8221; a cargo de\u00a0<strong>Burgos Film Commission<\/strong>, en la que han intervenido su responsable del \u00e1rea de promoci\u00f3n y coordinaci\u00f3n, Raquel Puente Robles, y su responsable de relaciones p\u00fablicas y comunicaci\u00f3n, Sergio Garc\u00eda, ha puesto el punto final a la primera jornada de FITUR SCREEN<\/span><\/span><\/p>\n<h3 style=\"font-weight:600;line-height:1.1;font-family:Arial, sans-serif;font-size:12px;color:rgb(225,11,19);margin-top:20px;margin-bottom:10px;text-transform:uppercase;text-align:justify;\"><span style=\"font-size:14px;\">#FITURSCREEN2023\u00a0#SCREENGRANDTOUR\u00a0<span style=\"font-family:'lucida sans unicode', 'lucida grande', sans-serif;\">#SHOOTINGINSPAIN<\/span><\/span><\/h3>\n","protected":false},"excerpt":{"rendered":"<p>La secretaria de Estado de Telecomunicaciones\u00a0destaca en la inauguraci\u00f3n de FITUR SCREEN\u00a0la importancia de la acci\u00f3n conjunta, coordinada y descentralizada de los territorios representados por Spain Film Commission.\u00a0 FITUR SCREEN, [&hellip;]<\/p>\n","protected":false},"author":2,"featured_media":8762,"comment_status":"closed","ping_status":"","sticky":false,"template":"","format":"standard","meta":{"footnotes":""},"categories":[38],"tags":[],"class_list":["post-8761","post","type-post","status-publish","format-standard","has-post-thumbnail","hentry","category-noticias"],"yoast_head":"<!-- This site is optimized with the Yoast SEO plugin v27.3 - https:\/\/yoast.com\/product\/yoast-seo-wordpress\/ -->\n<title>La quinta edici\u00f3n de FITUR SCREEN se consolida como uno de los espacios de encuentro de la industria tur\u00edstica y la audiovisual - Spain Film Commission<\/title>\n<meta name=\"robots\" content=\"index, follow, max-snippet:-1, max-image-preview:large, max-video-preview:-1\" \/>\n<link rel=\"canonical\" href=\"https:\/\/spainfilmcommission.com\/en\/blog\/la-quinta-edicion-de-fitur-screen-se-consolida-como-uno-de-los-espacios-de-encuentro-de-la-industria-turistica-y-la-audiovisual\/\" \/>\n<meta property=\"og:locale\" content=\"en_US\" \/>\n<meta property=\"og:type\" content=\"article\" \/>\n<meta property=\"og:title\" content=\"La quinta edici\u00f3n de FITUR SCREEN se consolida como uno de los espacios de encuentro de la industria tur\u00edstica y la audiovisual - Spain Film Commission\" \/>\n<meta property=\"og:description\" content=\"La secretaria de Estado de Telecomunicaciones\u00a0destaca en la inauguraci\u00f3n de FITUR SCREEN\u00a0la importancia de la acci\u00f3n conjunta, coordinada y descentralizada de los territorios representados por Spain Film Commission.\u00a0 FITUR SCREEN, [&hellip;]\" \/>\n<meta property=\"og:url\" content=\"https:\/\/spainfilmcommission.com\/en\/blog\/la-quinta-edicion-de-fitur-screen-se-consolida-como-uno-de-los-espacios-de-encuentro-de-la-industria-turistica-y-la-audiovisual\/\" \/>\n<meta property=\"og:site_name\" content=\"Spain Film Commission\" \/>\n<meta property=\"article:published_time\" content=\"2023-01-17T22:00:00+00:00\" \/>\n<meta property=\"article:modified_time\" content=\"2025-02-11T07:06:23+00:00\" \/>\n<meta property=\"og:image\" content=\"https:\/\/spainfilmcommission.com\/wp-content\/uploads\/2024\/11\/la-quinta-edicion-de-fitur-screen-se-consolida-como-uno-de-los-espacios-de-encuentro-de-la-industria-turistica-y-la-audiovisual-309.jpg\" \/>\n\t<meta property=\"og:image:width\" content=\"1170\" \/>\n\t<meta property=\"og:image:height\" content=\"970\" \/>\n\t<meta property=\"og:image:type\" content=\"image\/jpeg\" \/>\n<meta name=\"author\" content=\"studio128k_dam\" \/>\n<meta name=\"twitter:card\" content=\"summary_large_image\" \/>\n<meta name=\"twitter:label1\" content=\"Written by\" \/>\n\t<meta name=\"twitter:data1\" content=\"studio128k_dam\" \/>\n\t<meta name=\"twitter:label2\" content=\"Est. reading time\" \/>\n\t<meta name=\"twitter:data2\" content=\"5 minutes\" \/>\n<script type=\"application\/ld+json\" class=\"yoast-schema-graph\">{\"@context\":\"https:\\\/\\\/schema.org\",\"@graph\":[{\"@type\":\"Article\",\"@id\":\"https:\\\/\\\/spainfilmcommission.com\\\/en\\\/blog\\\/la-quinta-edicion-de-fitur-screen-se-consolida-como-uno-de-los-espacios-de-encuentro-de-la-industria-turistica-y-la-audiovisual\\\/#article\",\"isPartOf\":{\"@id\":\"https:\\\/\\\/spainfilmcommission.com\\\/en\\\/blog\\\/la-quinta-edicion-de-fitur-screen-se-consolida-como-uno-de-los-espacios-de-encuentro-de-la-industria-turistica-y-la-audiovisual\\\/\"},\"author\":{\"name\":\"studio128k_dam\",\"@id\":\"https:\\\/\\\/spainfilmcommission.com\\\/en\\\/#\\\/schema\\\/person\\\/6c014ba6ceac198d178a6a9e61113c9d\"},\"headline\":\"La quinta edici\u00f3n de FITUR SCREEN se consolida como uno de los espacios de encuentro de la industria tur\u00edstica y la audiovisual\",\"datePublished\":\"2023-01-17T22:00:00+00:00\",\"dateModified\":\"2025-02-11T07:06:23+00:00\",\"mainEntityOfPage\":{\"@id\":\"https:\\\/\\\/spainfilmcommission.com\\\/en\\\/blog\\\/la-quinta-edicion-de-fitur-screen-se-consolida-como-uno-de-los-espacios-de-encuentro-de-la-industria-turistica-y-la-audiovisual\\\/\"},\"wordCount\":1018,\"publisher\":{\"@id\":\"https:\\\/\\\/spainfilmcommission.com\\\/en\\\/#organization\"},\"image\":{\"@id\":\"https:\\\/\\\/spainfilmcommission.com\\\/en\\\/blog\\\/la-quinta-edicion-de-fitur-screen-se-consolida-como-uno-de-los-espacios-de-encuentro-de-la-industria-turistica-y-la-audiovisual\\\/#primaryimage\"},\"thumbnailUrl\":\"https:\\\/\\\/spainfilmcommission.com\\\/wp-content\\\/uploads\\\/2024\\\/11\\\/la-quinta-edicion-de-fitur-screen-se-consolida-como-uno-de-los-espacios-de-encuentro-de-la-industria-turistica-y-la-audiovisual-309.jpg\",\"articleSection\":[\"Noticias\"],\"inLanguage\":\"en-US\"},{\"@type\":\"WebPage\",\"@id\":\"https:\\\/\\\/spainfilmcommission.com\\\/en\\\/blog\\\/la-quinta-edicion-de-fitur-screen-se-consolida-como-uno-de-los-espacios-de-encuentro-de-la-industria-turistica-y-la-audiovisual\\\/\",\"url\":\"https:\\\/\\\/spainfilmcommission.com\\\/en\\\/blog\\\/la-quinta-edicion-de-fitur-screen-se-consolida-como-uno-de-los-espacios-de-encuentro-de-la-industria-turistica-y-la-audiovisual\\\/\",\"name\":\"La quinta edici\u00f3n de FITUR SCREEN se consolida como uno de los espacios de encuentro de la industria tur\u00edstica y la audiovisual - Spain Film Commission\",\"isPartOf\":{\"@id\":\"https:\\\/\\\/spainfilmcommission.com\\\/en\\\/#website\"},\"primaryImageOfPage\":{\"@id\":\"https:\\\/\\\/spainfilmcommission.com\\\/en\\\/blog\\\/la-quinta-edicion-de-fitur-screen-se-consolida-como-uno-de-los-espacios-de-encuentro-de-la-industria-turistica-y-la-audiovisual\\\/#primaryimage\"},\"image\":{\"@id\":\"https:\\\/\\\/spainfilmcommission.com\\\/en\\\/blog\\\/la-quinta-edicion-de-fitur-screen-se-consolida-como-uno-de-los-espacios-de-encuentro-de-la-industria-turistica-y-la-audiovisual\\\/#primaryimage\"},\"thumbnailUrl\":\"https:\\\/\\\/spainfilmcommission.com\\\/wp-content\\\/uploads\\\/2024\\\/11\\\/la-quinta-edicion-de-fitur-screen-se-consolida-como-uno-de-los-espacios-de-encuentro-de-la-industria-turistica-y-la-audiovisual-309.jpg\",\"datePublished\":\"2023-01-17T22:00:00+00:00\",\"dateModified\":\"2025-02-11T07:06:23+00:00\",\"breadcrumb\":{\"@id\":\"https:\\\/\\\/spainfilmcommission.com\\\/en\\\/blog\\\/la-quinta-edicion-de-fitur-screen-se-consolida-como-uno-de-los-espacios-de-encuentro-de-la-industria-turistica-y-la-audiovisual\\\/#breadcrumb\"},\"inLanguage\":\"en-US\",\"potentialAction\":[{\"@type\":\"ReadAction\",\"target\":[\"https:\\\/\\\/spainfilmcommission.com\\\/en\\\/blog\\\/la-quinta-edicion-de-fitur-screen-se-consolida-como-uno-de-los-espacios-de-encuentro-de-la-industria-turistica-y-la-audiovisual\\\/\"]}]},{\"@type\":\"ImageObject\",\"inLanguage\":\"en-US\",\"@id\":\"https:\\\/\\\/spainfilmcommission.com\\\/en\\\/blog\\\/la-quinta-edicion-de-fitur-screen-se-consolida-como-uno-de-los-espacios-de-encuentro-de-la-industria-turistica-y-la-audiovisual\\\/#primaryimage\",\"url\":\"https:\\\/\\\/spainfilmcommission.com\\\/wp-content\\\/uploads\\\/2024\\\/11\\\/la-quinta-edicion-de-fitur-screen-se-consolida-como-uno-de-los-espacios-de-encuentro-de-la-industria-turistica-y-la-audiovisual-309.jpg\",\"contentUrl\":\"https:\\\/\\\/spainfilmcommission.com\\\/wp-content\\\/uploads\\\/2024\\\/11\\\/la-quinta-edicion-de-fitur-screen-se-consolida-como-uno-de-los-espacios-de-encuentro-de-la-industria-turistica-y-la-audiovisual-309.jpg\",\"width\":1170,\"height\":970},{\"@type\":\"BreadcrumbList\",\"@id\":\"https:\\\/\\\/spainfilmcommission.com\\\/en\\\/blog\\\/la-quinta-edicion-de-fitur-screen-se-consolida-como-uno-de-los-espacios-de-encuentro-de-la-industria-turistica-y-la-audiovisual\\\/#breadcrumb\",\"itemListElement\":[{\"@type\":\"ListItem\",\"position\":1,\"name\":\"Portada\",\"item\":\"https:\\\/\\\/spainfilmcommission.com\\\/en\\\/\"},{\"@type\":\"ListItem\",\"position\":2,\"name\":\"La quinta edici\u00f3n de FITUR SCREEN se consolida como uno de los espacios de encuentro de la industria tur\u00edstica y la audiovisual\"}]},{\"@type\":\"WebSite\",\"@id\":\"https:\\\/\\\/spainfilmcommission.com\\\/en\\\/#website\",\"url\":\"https:\\\/\\\/spainfilmcommission.com\\\/en\\\/\",\"name\":\"Spain Film Commission\",\"description\":\"\",\"publisher\":{\"@id\":\"https:\\\/\\\/spainfilmcommission.com\\\/en\\\/#organization\"},\"potentialAction\":[{\"@type\":\"SearchAction\",\"target\":{\"@type\":\"EntryPoint\",\"urlTemplate\":\"https:\\\/\\\/spainfilmcommission.com\\\/en\\\/?s={search_term_string}\"},\"query-input\":{\"@type\":\"PropertyValueSpecification\",\"valueRequired\":true,\"valueName\":\"search_term_string\"}}],\"inLanguage\":\"en-US\"},{\"@type\":\"Organization\",\"@id\":\"https:\\\/\\\/spainfilmcommission.com\\\/en\\\/#organization\",\"name\":\"Spain Film Commission\",\"url\":\"https:\\\/\\\/spainfilmcommission.com\\\/en\\\/\",\"logo\":{\"@type\":\"ImageObject\",\"inLanguage\":\"en-US\",\"@id\":\"https:\\\/\\\/spainfilmcommission.com\\\/en\\\/#\\\/schema\\\/logo\\\/image\\\/\",\"url\":\"https:\\\/\\\/spainfilmcommission.com\\\/wp-content\\\/uploads\\\/2024\\\/07\\\/SPC_COLOR.png\",\"contentUrl\":\"https:\\\/\\\/spainfilmcommission.com\\\/wp-content\\\/uploads\\\/2024\\\/07\\\/SPC_COLOR.png\",\"width\":1665,\"height\":1665,\"caption\":\"Spain Film Commission\"},\"image\":{\"@id\":\"https:\\\/\\\/spainfilmcommission.com\\\/en\\\/#\\\/schema\\\/logo\\\/image\\\/\"}},{\"@type\":\"Person\",\"@id\":\"https:\\\/\\\/spainfilmcommission.com\\\/en\\\/#\\\/schema\\\/person\\\/6c014ba6ceac198d178a6a9e61113c9d\",\"name\":\"studio128k_dam\",\"image\":{\"@type\":\"ImageObject\",\"inLanguage\":\"en-US\",\"@id\":\"https:\\\/\\\/secure.gravatar.com\\\/avatar\\\/810f99144a13522c24aa173f9cd8bf079d0e89758af00b5f2938443cd51b31e9?s=96&d=mm&r=g\",\"url\":\"https:\\\/\\\/secure.gravatar.com\\\/avatar\\\/810f99144a13522c24aa173f9cd8bf079d0e89758af00b5f2938443cd51b31e9?s=96&d=mm&r=g\",\"contentUrl\":\"https:\\\/\\\/secure.gravatar.com\\\/avatar\\\/810f99144a13522c24aa173f9cd8bf079d0e89758af00b5f2938443cd51b31e9?s=96&d=mm&r=g\",\"caption\":\"studio128k_dam\"}}]}<\/script>\n<!-- \/ Yoast SEO plugin. -->","yoast_head_json":{"title":"La quinta edici\u00f3n de FITUR SCREEN se consolida como uno de los espacios de encuentro de la industria tur\u00edstica y la audiovisual - Spain Film Commission","robots":{"index":"index","follow":"follow","max-snippet":"max-snippet:-1","max-image-preview":"max-image-preview:large","max-video-preview":"max-video-preview:-1"},"canonical":"https:\/\/spainfilmcommission.com\/en\/blog\/la-quinta-edicion-de-fitur-screen-se-consolida-como-uno-de-los-espacios-de-encuentro-de-la-industria-turistica-y-la-audiovisual\/","og_locale":"en_US","og_type":"article","og_title":"La quinta edici\u00f3n de FITUR SCREEN se consolida como uno de los espacios de encuentro de la industria tur\u00edstica y la audiovisual - Spain Film Commission","og_description":"La secretaria de Estado de Telecomunicaciones\u00a0destaca en la inauguraci\u00f3n de FITUR SCREEN\u00a0la importancia de la acci\u00f3n conjunta, coordinada y descentralizada de los territorios representados por Spain Film Commission.\u00a0 FITUR SCREEN, [&hellip;]","og_url":"https:\/\/spainfilmcommission.com\/en\/blog\/la-quinta-edicion-de-fitur-screen-se-consolida-como-uno-de-los-espacios-de-encuentro-de-la-industria-turistica-y-la-audiovisual\/","og_site_name":"Spain Film Commission","article_published_time":"2023-01-17T22:00:00+00:00","article_modified_time":"2025-02-11T07:06:23+00:00","og_image":[{"width":1170,"height":970,"url":"https:\/\/spainfilmcommission.com\/wp-content\/uploads\/2024\/11\/la-quinta-edicion-de-fitur-screen-se-consolida-como-uno-de-los-espacios-de-encuentro-de-la-industria-turistica-y-la-audiovisual-309.jpg","type":"image\/jpeg"}],"author":"studio128k_dam","twitter_card":"summary_large_image","twitter_misc":{"Written by":"studio128k_dam","Est. reading time":"5 minutes"},"schema":{"@context":"https:\/\/schema.org","@graph":[{"@type":"Article","@id":"https:\/\/spainfilmcommission.com\/en\/blog\/la-quinta-edicion-de-fitur-screen-se-consolida-como-uno-de-los-espacios-de-encuentro-de-la-industria-turistica-y-la-audiovisual\/#article","isPartOf":{"@id":"https:\/\/spainfilmcommission.com\/en\/blog\/la-quinta-edicion-de-fitur-screen-se-consolida-como-uno-de-los-espacios-de-encuentro-de-la-industria-turistica-y-la-audiovisual\/"},"author":{"name":"studio128k_dam","@id":"https:\/\/spainfilmcommission.com\/en\/#\/schema\/person\/6c014ba6ceac198d178a6a9e61113c9d"},"headline":"La quinta edici\u00f3n de FITUR SCREEN se consolida como uno de los espacios de encuentro de la industria tur\u00edstica y la audiovisual","datePublished":"2023-01-17T22:00:00+00:00","dateModified":"2025-02-11T07:06:23+00:00","mainEntityOfPage":{"@id":"https:\/\/spainfilmcommission.com\/en\/blog\/la-quinta-edicion-de-fitur-screen-se-consolida-como-uno-de-los-espacios-de-encuentro-de-la-industria-turistica-y-la-audiovisual\/"},"wordCount":1018,"publisher":{"@id":"https:\/\/spainfilmcommission.com\/en\/#organization"},"image":{"@id":"https:\/\/spainfilmcommission.com\/en\/blog\/la-quinta-edicion-de-fitur-screen-se-consolida-como-uno-de-los-espacios-de-encuentro-de-la-industria-turistica-y-la-audiovisual\/#primaryimage"},"thumbnailUrl":"https:\/\/spainfilmcommission.com\/wp-content\/uploads\/2024\/11\/la-quinta-edicion-de-fitur-screen-se-consolida-como-uno-de-los-espacios-de-encuentro-de-la-industria-turistica-y-la-audiovisual-309.jpg","articleSection":["Noticias"],"inLanguage":"en-US"},{"@type":"WebPage","@id":"https:\/\/spainfilmcommission.com\/en\/blog\/la-quinta-edicion-de-fitur-screen-se-consolida-como-uno-de-los-espacios-de-encuentro-de-la-industria-turistica-y-la-audiovisual\/","url":"https:\/\/spainfilmcommission.com\/en\/blog\/la-quinta-edicion-de-fitur-screen-se-consolida-como-uno-de-los-espacios-de-encuentro-de-la-industria-turistica-y-la-audiovisual\/","name":"La quinta edici\u00f3n de FITUR SCREEN se consolida como uno de los espacios de encuentro de la industria tur\u00edstica y la audiovisual - Spain Film Commission","isPartOf":{"@id":"https:\/\/spainfilmcommission.com\/en\/#website"},"primaryImageOfPage":{"@id":"https:\/\/spainfilmcommission.com\/en\/blog\/la-quinta-edicion-de-fitur-screen-se-consolida-como-uno-de-los-espacios-de-encuentro-de-la-industria-turistica-y-la-audiovisual\/#primaryimage"},"image":{"@id":"https:\/\/spainfilmcommission.com\/en\/blog\/la-quinta-edicion-de-fitur-screen-se-consolida-como-uno-de-los-espacios-de-encuentro-de-la-industria-turistica-y-la-audiovisual\/#primaryimage"},"thumbnailUrl":"https:\/\/spainfilmcommission.com\/wp-content\/uploads\/2024\/11\/la-quinta-edicion-de-fitur-screen-se-consolida-como-uno-de-los-espacios-de-encuentro-de-la-industria-turistica-y-la-audiovisual-309.jpg","datePublished":"2023-01-17T22:00:00+00:00","dateModified":"2025-02-11T07:06:23+00:00","breadcrumb":{"@id":"https:\/\/spainfilmcommission.com\/en\/blog\/la-quinta-edicion-de-fitur-screen-se-consolida-como-uno-de-los-espacios-de-encuentro-de-la-industria-turistica-y-la-audiovisual\/#breadcrumb"},"inLanguage":"en-US","potentialAction":[{"@type":"ReadAction","target":["https:\/\/spainfilmcommission.com\/en\/blog\/la-quinta-edicion-de-fitur-screen-se-consolida-como-uno-de-los-espacios-de-encuentro-de-la-industria-turistica-y-la-audiovisual\/"]}]},{"@type":"ImageObject","inLanguage":"en-US","@id":"https:\/\/spainfilmcommission.com\/en\/blog\/la-quinta-edicion-de-fitur-screen-se-consolida-como-uno-de-los-espacios-de-encuentro-de-la-industria-turistica-y-la-audiovisual\/#primaryimage","url":"https:\/\/spainfilmcommission.com\/wp-content\/uploads\/2024\/11\/la-quinta-edicion-de-fitur-screen-se-consolida-como-uno-de-los-espacios-de-encuentro-de-la-industria-turistica-y-la-audiovisual-309.jpg","contentUrl":"https:\/\/spainfilmcommission.com\/wp-content\/uploads\/2024\/11\/la-quinta-edicion-de-fitur-screen-se-consolida-como-uno-de-los-espacios-de-encuentro-de-la-industria-turistica-y-la-audiovisual-309.jpg","width":1170,"height":970},{"@type":"BreadcrumbList","@id":"https:\/\/spainfilmcommission.com\/en\/blog\/la-quinta-edicion-de-fitur-screen-se-consolida-como-uno-de-los-espacios-de-encuentro-de-la-industria-turistica-y-la-audiovisual\/#breadcrumb","itemListElement":[{"@type":"ListItem","position":1,"name":"Portada","item":"https:\/\/spainfilmcommission.com\/en\/"},{"@type":"ListItem","position":2,"name":"La quinta edici\u00f3n de FITUR SCREEN se consolida como uno de los espacios de encuentro de la industria tur\u00edstica y la audiovisual"}]},{"@type":"WebSite","@id":"https:\/\/spainfilmcommission.com\/en\/#website","url":"https:\/\/spainfilmcommission.com\/en\/","name":"Spain Film Commission","description":"","publisher":{"@id":"https:\/\/spainfilmcommission.com\/en\/#organization"},"potentialAction":[{"@type":"SearchAction","target":{"@type":"EntryPoint","urlTemplate":"https:\/\/spainfilmcommission.com\/en\/?s={search_term_string}"},"query-input":{"@type":"PropertyValueSpecification","valueRequired":true,"valueName":"search_term_string"}}],"inLanguage":"en-US"},{"@type":"Organization","@id":"https:\/\/spainfilmcommission.com\/en\/#organization","name":"Spain Film Commission","url":"https:\/\/spainfilmcommission.com\/en\/","logo":{"@type":"ImageObject","inLanguage":"en-US","@id":"https:\/\/spainfilmcommission.com\/en\/#\/schema\/logo\/image\/","url":"https:\/\/spainfilmcommission.com\/wp-content\/uploads\/2024\/07\/SPC_COLOR.png","contentUrl":"https:\/\/spainfilmcommission.com\/wp-content\/uploads\/2024\/07\/SPC_COLOR.png","width":1665,"height":1665,"caption":"Spain Film Commission"},"image":{"@id":"https:\/\/spainfilmcommission.com\/en\/#\/schema\/logo\/image\/"}},{"@type":"Person","@id":"https:\/\/spainfilmcommission.com\/en\/#\/schema\/person\/6c014ba6ceac198d178a6a9e61113c9d","name":"studio128k_dam","image":{"@type":"ImageObject","inLanguage":"en-US","@id":"https:\/\/secure.gravatar.com\/avatar\/810f99144a13522c24aa173f9cd8bf079d0e89758af00b5f2938443cd51b31e9?s=96&d=mm&r=g","url":"https:\/\/secure.gravatar.com\/avatar\/810f99144a13522c24aa173f9cd8bf079d0e89758af00b5f2938443cd51b31e9?s=96&d=mm&r=g","contentUrl":"https:\/\/secure.gravatar.com\/avatar\/810f99144a13522c24aa173f9cd8bf079d0e89758af00b5f2938443cd51b31e9?s=96&d=mm&r=g","caption":"studio128k_dam"}}]}},"_links":{"self":[{"href":"https:\/\/spainfilmcommission.com\/en\/wp-json\/wp\/v2\/posts\/8761","targetHints":{"allow":["GET"]}}],"collection":[{"href":"https:\/\/spainfilmcommission.com\/en\/wp-json\/wp\/v2\/posts"}],"about":[{"href":"https:\/\/spainfilmcommission.com\/en\/wp-json\/wp\/v2\/types\/post"}],"author":[{"embeddable":true,"href":"https:\/\/spainfilmcommission.com\/en\/wp-json\/wp\/v2\/users\/2"}],"replies":[{"embeddable":true,"href":"https:\/\/spainfilmcommission.com\/en\/wp-json\/wp\/v2\/comments?post=8761"}],"version-history":[{"count":0,"href":"https:\/\/spainfilmcommission.com\/en\/wp-json\/wp\/v2\/posts\/8761\/revisions"}],"wp:featuredmedia":[{"embeddable":true,"href":"https:\/\/spainfilmcommission.com\/en\/wp-json\/wp\/v2\/media\/8762"}],"wp:attachment":[{"href":"https:\/\/spainfilmcommission.com\/en\/wp-json\/wp\/v2\/media?parent=8761"}],"wp:term":[{"taxonomy":"category","embeddable":true,"href":"https:\/\/spainfilmcommission.com\/en\/wp-json\/wp\/v2\/categories?post=8761"},{"taxonomy":"post_tag","embeddable":true,"href":"https:\/\/spainfilmcommission.com\/en\/wp-json\/wp\/v2\/tags?post=8761"}],"curies":[{"name":"wp","href":"https:\/\/api.w.org\/{rel}","templated":true}]}}