{"id":8758,"date":"2023-01-17T00:00:00","date_gmt":"2023-01-16T22:00:00","guid":{"rendered":"https:\/\/sfc.com\/voy-a-pasarmelo-bien-premio-mejor-produccion-audiovisual-spain-film-commission-2022\/"},"modified":"2025-02-11T08:06:23","modified_gmt":"2025-02-11T07:06:23","slug":"voy-a-pasarmelo-bien-premio-mejor-produccion-audiovisual-spain-film-commission-2022","status":"publish","type":"post","link":"https:\/\/spainfilmcommission.com\/en\/blog\/voy-a-pasarmelo-bien-premio-mejor-produccion-audiovisual-spain-film-commission-2022\/","title":{"rendered":"Voy a pas\u00e1rmelo bien, premio Mejor Producci\u00f3n Audiovisual Spain Film Commission 2022"},"content":{"rendered":"<p style=\"font-size:12px;font-family:Arial, sans-serif;text-align:justify;\"><span style=\"font-size:16px;\"><strong>Propuesta por Valladolid Film Commission, el film es un musical inspirado en las canciones del grupo Hombres. El premio se entregar\u00e1 el viernes 20 de enero en el marco de FITUR SCREEN, en el pabell\u00f3n 8 de Ifema, a las 13.30 horas.<\/strong><\/span><\/p>\n<p style=\"font-size:12px;font-family:Arial, sans-serif;text-align:justify;\"><span style=\"font-size:16px;\">La pel\u00edcula <strong>&#8220;Voy a pas\u00e1rmelo bien&#8221;,<\/strong> de<strong> David Serrano<\/strong>, ha obtenido el premio Mejor Producci\u00f3n Audiovisual Spain Film Commission 2022. El jurado, integrado por la Junta Directiva de Spain Film Commission, ha valorado la inteligente ambientaci\u00f3n en la ciudad de Valladolid, convertida en un personaje m\u00e1s de la pel\u00edcula, su excelente acogida por el p\u00fablico, y la fluida colaboraci\u00f3n con la Film Commission local para llevar a cabo el rodaje.<\/span><\/p>\n<p style=\"font-size:12px;font-family:Arial, sans-serif;text-align:justify;\"><span style=\"font-size:16px;\">Rodada en Valladolid, Guadalajara y Madrid entre 2021 y 2022, la producci\u00f3n ganadora es un largometraje musical inspirado por las canciones del grupo Hombres G que se estren\u00f3 en salas el 12 de agosto de 2022 y el 28 de octubre en Amazon Prime Video.<\/span><\/p>\n<p style=\"font-size:12px;font-family:Arial, sans-serif;text-align:justify;\"><span style=\"font-size:16px;\">&#8220;Voy a pas\u00e1rmelo bien&#8221;, protagonizada por Ra\u00fal Ar\u00e9valo, Karla Souza, Dani Rovira y los \u00a0adolescentes Izan Fern\u00e1ndez, Renata Hermida Richards, Rodrigo Gibaja, Rodrigo D\u00edas y Michel Herr\u00e1iz, es una coproducci\u00f3n entre Espa\u00f1a y M\u00e9xico de El Estudio, en colaboraci\u00f3n con Sony Pictures Intl, Les Parapluies Rochefort AIE y Para\u00edso Torres de Sat\u00e9lite, \u00a0y la participaci\u00f3n de RTVE, que ha contado con la colaboraci\u00f3n de Valladolid Film Commission.<\/span><\/p>\n<p style=\"font-size:12px;font-family:Arial, sans-serif;text-align:justify;\"><span style=\"font-size:16px;\">La pel\u00edcula ha inspirado, adem\u00e1s, una nueva ruta tur\u00edstica teatralizada en la ciudad de Valladolid basada en el largometraje. El Ayuntamiento de la ciudad, a trav\u00e9s de la Sociedad Mixta de Turismo, propone al visitante participar en el casting para una supuesta segunda parte de la comedia musical. De esta forma, una directora de casting gu\u00eda a los &#8220;aspirantes&#8221; por algunos de los lugares donde se ha realizado el rodaje de la pel\u00edcula de David Serrano.<\/span><\/p>\n<p style=\"font-size:12px;font-family:Arial, sans-serif;text-align:justify;\"><span style=\"font-size:16px;\">Propuesta por Valladolid Film Commission, &#8220;Voy a pas\u00e1rmelo bien&#8221; ha sido seleccionada entre 12 obras audiovisuales, largometrajes de ficci\u00f3n , documentales y series estrenadas en el a\u00f1o 2022, rodadas en localizaciones de toda Espa\u00f1a, propuestas por las Film Commissions y Film Offices socias de Spain Film Commission. La entrega del galard\u00f3n se celebrar\u00e1 el viernes 20 de enero en FITUR SCREEN en un acto al que asistir\u00e1n representantes de las productoras y Valladolid Film Commission.<\/span><\/p>\n<p style=\"font-size:12px;font-family:Arial, sans-serif;text-align:justify;\"><span style=\"font-size:16px;\">Spain Film Commission pretende con este galard\u00f3n reconocer aquella producci\u00f3n audiovisual nacional o internacional rodada en Espa\u00f1a que difunda las localizaciones representativas del pa\u00eds, que haya contado con compa\u00f1\u00edas y profesionales espa\u00f1oles y que, por su transcendencia, haya tenido una gran repercusi\u00f3n.<\/span><\/p>\n<p style=\"font-size:12px;font-family:Arial, sans-serif;text-align:justify;\"><span style=\"font-size:16px;\">&#8220;La casa de papel&#8221;, &#8220;La peste&#8221;, &#8220;The Crown&#8221; y &#8220;Maixabel&#8221; recibieron en 2018, 2019, 2020 y 2021, respectivamente, este mismo Premio, que se ha consolidado en las ediciones celebradas hasta la fecha como un referente de prestigio en el sector audiovisual nacional e internacional.\u00a0<\/span><\/p>\n<h4 style=\"font-family:Arial, sans-serif;font-size:12px;font-weight:600;line-height:1.1;color:rgb(225,11,19);margin-top:20px;margin-bottom:10px;text-transform:uppercase;text-align:justify;\"><span style=\"font-size:16px;\">#FITURSCREEN2023\u00a0#SCREENGRANDTOUR\u00a0<\/span><span style=\"font-family:'lucida sans unicode', 'lucida grande', sans-serif;\"><span style=\"font-size:16px;\">#SHOOTINGINSPAIN<\/span><\/span><span style=\"font-size:16px;\">\u00a0#SPAINAVHUB<\/span><\/h4>\n","protected":false},"excerpt":{"rendered":"<p>Propuesta por Valladolid Film Commission, el film es un musical inspirado en las canciones del grupo Hombres. El premio se entregar\u00e1 el viernes 20 de enero en el marco de [&hellip;]<\/p>\n","protected":false},"author":2,"featured_media":8759,"comment_status":"closed","ping_status":"","sticky":false,"template":"","format":"standard","meta":{"footnotes":""},"categories":[38],"tags":[],"class_list":["post-8758","post","type-post","status-publish","format-standard","has-post-thumbnail","hentry","category-noticias"],"yoast_head":"<!-- This site is optimized with the Yoast SEO plugin v27.3 - https:\/\/yoast.com\/product\/yoast-seo-wordpress\/ -->\n<title>Voy a pas\u00e1rmelo bien, premio Mejor Producci\u00f3n Audiovisual Spain Film Commission 2022 - Spain Film Commission<\/title>\n<meta name=\"robots\" content=\"index, follow, max-snippet:-1, max-image-preview:large, max-video-preview:-1\" \/>\n<link rel=\"canonical\" href=\"https:\/\/spainfilmcommission.com\/en\/blog\/voy-a-pasarmelo-bien-premio-mejor-produccion-audiovisual-spain-film-commission-2022\/\" \/>\n<meta property=\"og:locale\" content=\"en_US\" \/>\n<meta property=\"og:type\" content=\"article\" \/>\n<meta property=\"og:title\" content=\"Voy a pas\u00e1rmelo bien, premio Mejor Producci\u00f3n Audiovisual Spain Film Commission 2022 - Spain Film Commission\" \/>\n<meta property=\"og:description\" content=\"Propuesta por Valladolid Film Commission, el film es un musical inspirado en las canciones del grupo Hombres. El premio se entregar\u00e1 el viernes 20 de enero en el marco de [&hellip;]\" \/>\n<meta property=\"og:url\" content=\"https:\/\/spainfilmcommission.com\/en\/blog\/voy-a-pasarmelo-bien-premio-mejor-produccion-audiovisual-spain-film-commission-2022\/\" \/>\n<meta property=\"og:site_name\" content=\"Spain Film Commission\" \/>\n<meta property=\"article:published_time\" content=\"2023-01-16T22:00:00+00:00\" \/>\n<meta property=\"article:modified_time\" content=\"2025-02-11T07:06:23+00:00\" \/>\n<meta property=\"og:image\" content=\"https:\/\/spainfilmcommission.com\/wp-content\/uploads\/2024\/11\/voy-a-pasarmelo-bien-premio-mejor-produccion-audiovisual-spain-film-commission-2022-308.jpg\" \/>\n\t<meta property=\"og:image:width\" content=\"1170\" \/>\n\t<meta property=\"og:image:height\" content=\"779\" \/>\n\t<meta property=\"og:image:type\" content=\"image\/jpeg\" \/>\n<meta name=\"author\" content=\"studio128k_dam\" \/>\n<meta name=\"twitter:card\" content=\"summary_large_image\" \/>\n<meta name=\"twitter:label1\" content=\"Written by\" \/>\n\t<meta name=\"twitter:data1\" content=\"studio128k_dam\" \/>\n\t<meta name=\"twitter:label2\" content=\"Est. reading time\" \/>\n\t<meta name=\"twitter:data2\" content=\"2 minutes\" \/>\n<script type=\"application\/ld+json\" class=\"yoast-schema-graph\">{\"@context\":\"https:\\\/\\\/schema.org\",\"@graph\":[{\"@type\":\"Article\",\"@id\":\"https:\\\/\\\/spainfilmcommission.com\\\/en\\\/blog\\\/voy-a-pasarmelo-bien-premio-mejor-produccion-audiovisual-spain-film-commission-2022\\\/#article\",\"isPartOf\":{\"@id\":\"https:\\\/\\\/spainfilmcommission.com\\\/en\\\/blog\\\/voy-a-pasarmelo-bien-premio-mejor-produccion-audiovisual-spain-film-commission-2022\\\/\"},\"author\":{\"name\":\"studio128k_dam\",\"@id\":\"https:\\\/\\\/spainfilmcommission.com\\\/en\\\/#\\\/schema\\\/person\\\/6c014ba6ceac198d178a6a9e61113c9d\"},\"headline\":\"Voy a pas\u00e1rmelo bien, premio Mejor Producci\u00f3n Audiovisual Spain Film Commission 2022\",\"datePublished\":\"2023-01-16T22:00:00+00:00\",\"dateModified\":\"2025-02-11T07:06:23+00:00\",\"mainEntityOfPage\":{\"@id\":\"https:\\\/\\\/spainfilmcommission.com\\\/en\\\/blog\\\/voy-a-pasarmelo-bien-premio-mejor-produccion-audiovisual-spain-film-commission-2022\\\/\"},\"wordCount\":504,\"publisher\":{\"@id\":\"https:\\\/\\\/spainfilmcommission.com\\\/en\\\/#organization\"},\"image\":{\"@id\":\"https:\\\/\\\/spainfilmcommission.com\\\/en\\\/blog\\\/voy-a-pasarmelo-bien-premio-mejor-produccion-audiovisual-spain-film-commission-2022\\\/#primaryimage\"},\"thumbnailUrl\":\"https:\\\/\\\/spainfilmcommission.com\\\/wp-content\\\/uploads\\\/2024\\\/11\\\/voy-a-pasarmelo-bien-premio-mejor-produccion-audiovisual-spain-film-commission-2022-308.jpg\",\"articleSection\":[\"Noticias\"],\"inLanguage\":\"en-US\"},{\"@type\":\"WebPage\",\"@id\":\"https:\\\/\\\/spainfilmcommission.com\\\/en\\\/blog\\\/voy-a-pasarmelo-bien-premio-mejor-produccion-audiovisual-spain-film-commission-2022\\\/\",\"url\":\"https:\\\/\\\/spainfilmcommission.com\\\/en\\\/blog\\\/voy-a-pasarmelo-bien-premio-mejor-produccion-audiovisual-spain-film-commission-2022\\\/\",\"name\":\"Voy a pas\u00e1rmelo bien, premio Mejor Producci\u00f3n Audiovisual Spain Film Commission 2022 - Spain Film Commission\",\"isPartOf\":{\"@id\":\"https:\\\/\\\/spainfilmcommission.com\\\/en\\\/#website\"},\"primaryImageOfPage\":{\"@id\":\"https:\\\/\\\/spainfilmcommission.com\\\/en\\\/blog\\\/voy-a-pasarmelo-bien-premio-mejor-produccion-audiovisual-spain-film-commission-2022\\\/#primaryimage\"},\"image\":{\"@id\":\"https:\\\/\\\/spainfilmcommission.com\\\/en\\\/blog\\\/voy-a-pasarmelo-bien-premio-mejor-produccion-audiovisual-spain-film-commission-2022\\\/#primaryimage\"},\"thumbnailUrl\":\"https:\\\/\\\/spainfilmcommission.com\\\/wp-content\\\/uploads\\\/2024\\\/11\\\/voy-a-pasarmelo-bien-premio-mejor-produccion-audiovisual-spain-film-commission-2022-308.jpg\",\"datePublished\":\"2023-01-16T22:00:00+00:00\",\"dateModified\":\"2025-02-11T07:06:23+00:00\",\"breadcrumb\":{\"@id\":\"https:\\\/\\\/spainfilmcommission.com\\\/en\\\/blog\\\/voy-a-pasarmelo-bien-premio-mejor-produccion-audiovisual-spain-film-commission-2022\\\/#breadcrumb\"},\"inLanguage\":\"en-US\",\"potentialAction\":[{\"@type\":\"ReadAction\",\"target\":[\"https:\\\/\\\/spainfilmcommission.com\\\/en\\\/blog\\\/voy-a-pasarmelo-bien-premio-mejor-produccion-audiovisual-spain-film-commission-2022\\\/\"]}]},{\"@type\":\"ImageObject\",\"inLanguage\":\"en-US\",\"@id\":\"https:\\\/\\\/spainfilmcommission.com\\\/en\\\/blog\\\/voy-a-pasarmelo-bien-premio-mejor-produccion-audiovisual-spain-film-commission-2022\\\/#primaryimage\",\"url\":\"https:\\\/\\\/spainfilmcommission.com\\\/wp-content\\\/uploads\\\/2024\\\/11\\\/voy-a-pasarmelo-bien-premio-mejor-produccion-audiovisual-spain-film-commission-2022-308.jpg\",\"contentUrl\":\"https:\\\/\\\/spainfilmcommission.com\\\/wp-content\\\/uploads\\\/2024\\\/11\\\/voy-a-pasarmelo-bien-premio-mejor-produccion-audiovisual-spain-film-commission-2022-308.jpg\",\"width\":1170,\"height\":779},{\"@type\":\"BreadcrumbList\",\"@id\":\"https:\\\/\\\/spainfilmcommission.com\\\/en\\\/blog\\\/voy-a-pasarmelo-bien-premio-mejor-produccion-audiovisual-spain-film-commission-2022\\\/#breadcrumb\",\"itemListElement\":[{\"@type\":\"ListItem\",\"position\":1,\"name\":\"Portada\",\"item\":\"https:\\\/\\\/spainfilmcommission.com\\\/en\\\/\"},{\"@type\":\"ListItem\",\"position\":2,\"name\":\"Voy a pas\u00e1rmelo bien, premio Mejor Producci\u00f3n Audiovisual Spain Film Commission 2022\"}]},{\"@type\":\"WebSite\",\"@id\":\"https:\\\/\\\/spainfilmcommission.com\\\/en\\\/#website\",\"url\":\"https:\\\/\\\/spainfilmcommission.com\\\/en\\\/\",\"name\":\"Spain Film Commission\",\"description\":\"\",\"publisher\":{\"@id\":\"https:\\\/\\\/spainfilmcommission.com\\\/en\\\/#organization\"},\"potentialAction\":[{\"@type\":\"SearchAction\",\"target\":{\"@type\":\"EntryPoint\",\"urlTemplate\":\"https:\\\/\\\/spainfilmcommission.com\\\/en\\\/?s={search_term_string}\"},\"query-input\":{\"@type\":\"PropertyValueSpecification\",\"valueRequired\":true,\"valueName\":\"search_term_string\"}}],\"inLanguage\":\"en-US\"},{\"@type\":\"Organization\",\"@id\":\"https:\\\/\\\/spainfilmcommission.com\\\/en\\\/#organization\",\"name\":\"Spain Film Commission\",\"url\":\"https:\\\/\\\/spainfilmcommission.com\\\/en\\\/\",\"logo\":{\"@type\":\"ImageObject\",\"inLanguage\":\"en-US\",\"@id\":\"https:\\\/\\\/spainfilmcommission.com\\\/en\\\/#\\\/schema\\\/logo\\\/image\\\/\",\"url\":\"https:\\\/\\\/spainfilmcommission.com\\\/wp-content\\\/uploads\\\/2024\\\/07\\\/SPC_COLOR.png\",\"contentUrl\":\"https:\\\/\\\/spainfilmcommission.com\\\/wp-content\\\/uploads\\\/2024\\\/07\\\/SPC_COLOR.png\",\"width\":1665,\"height\":1665,\"caption\":\"Spain Film Commission\"},\"image\":{\"@id\":\"https:\\\/\\\/spainfilmcommission.com\\\/en\\\/#\\\/schema\\\/logo\\\/image\\\/\"}},{\"@type\":\"Person\",\"@id\":\"https:\\\/\\\/spainfilmcommission.com\\\/en\\\/#\\\/schema\\\/person\\\/6c014ba6ceac198d178a6a9e61113c9d\",\"name\":\"studio128k_dam\",\"image\":{\"@type\":\"ImageObject\",\"inLanguage\":\"en-US\",\"@id\":\"https:\\\/\\\/secure.gravatar.com\\\/avatar\\\/810f99144a13522c24aa173f9cd8bf079d0e89758af00b5f2938443cd51b31e9?s=96&d=mm&r=g\",\"url\":\"https:\\\/\\\/secure.gravatar.com\\\/avatar\\\/810f99144a13522c24aa173f9cd8bf079d0e89758af00b5f2938443cd51b31e9?s=96&d=mm&r=g\",\"contentUrl\":\"https:\\\/\\\/secure.gravatar.com\\\/avatar\\\/810f99144a13522c24aa173f9cd8bf079d0e89758af00b5f2938443cd51b31e9?s=96&d=mm&r=g\",\"caption\":\"studio128k_dam\"}}]}<\/script>\n<!-- \/ Yoast SEO plugin. -->","yoast_head_json":{"title":"Voy a pas\u00e1rmelo bien, premio Mejor Producci\u00f3n Audiovisual Spain Film Commission 2022 - Spain Film Commission","robots":{"index":"index","follow":"follow","max-snippet":"max-snippet:-1","max-image-preview":"max-image-preview:large","max-video-preview":"max-video-preview:-1"},"canonical":"https:\/\/spainfilmcommission.com\/en\/blog\/voy-a-pasarmelo-bien-premio-mejor-produccion-audiovisual-spain-film-commission-2022\/","og_locale":"en_US","og_type":"article","og_title":"Voy a pas\u00e1rmelo bien, premio Mejor Producci\u00f3n Audiovisual Spain Film Commission 2022 - Spain Film Commission","og_description":"Propuesta por Valladolid Film Commission, el film es un musical inspirado en las canciones del grupo Hombres. El premio se entregar\u00e1 el viernes 20 de enero en el marco de [&hellip;]","og_url":"https:\/\/spainfilmcommission.com\/en\/blog\/voy-a-pasarmelo-bien-premio-mejor-produccion-audiovisual-spain-film-commission-2022\/","og_site_name":"Spain Film Commission","article_published_time":"2023-01-16T22:00:00+00:00","article_modified_time":"2025-02-11T07:06:23+00:00","og_image":[{"width":1170,"height":779,"url":"https:\/\/spainfilmcommission.com\/wp-content\/uploads\/2024\/11\/voy-a-pasarmelo-bien-premio-mejor-produccion-audiovisual-spain-film-commission-2022-308.jpg","type":"image\/jpeg"}],"author":"studio128k_dam","twitter_card":"summary_large_image","twitter_misc":{"Written by":"studio128k_dam","Est. reading time":"2 minutes"},"schema":{"@context":"https:\/\/schema.org","@graph":[{"@type":"Article","@id":"https:\/\/spainfilmcommission.com\/en\/blog\/voy-a-pasarmelo-bien-premio-mejor-produccion-audiovisual-spain-film-commission-2022\/#article","isPartOf":{"@id":"https:\/\/spainfilmcommission.com\/en\/blog\/voy-a-pasarmelo-bien-premio-mejor-produccion-audiovisual-spain-film-commission-2022\/"},"author":{"name":"studio128k_dam","@id":"https:\/\/spainfilmcommission.com\/en\/#\/schema\/person\/6c014ba6ceac198d178a6a9e61113c9d"},"headline":"Voy a pas\u00e1rmelo bien, premio Mejor Producci\u00f3n Audiovisual Spain Film Commission 2022","datePublished":"2023-01-16T22:00:00+00:00","dateModified":"2025-02-11T07:06:23+00:00","mainEntityOfPage":{"@id":"https:\/\/spainfilmcommission.com\/en\/blog\/voy-a-pasarmelo-bien-premio-mejor-produccion-audiovisual-spain-film-commission-2022\/"},"wordCount":504,"publisher":{"@id":"https:\/\/spainfilmcommission.com\/en\/#organization"},"image":{"@id":"https:\/\/spainfilmcommission.com\/en\/blog\/voy-a-pasarmelo-bien-premio-mejor-produccion-audiovisual-spain-film-commission-2022\/#primaryimage"},"thumbnailUrl":"https:\/\/spainfilmcommission.com\/wp-content\/uploads\/2024\/11\/voy-a-pasarmelo-bien-premio-mejor-produccion-audiovisual-spain-film-commission-2022-308.jpg","articleSection":["Noticias"],"inLanguage":"en-US"},{"@type":"WebPage","@id":"https:\/\/spainfilmcommission.com\/en\/blog\/voy-a-pasarmelo-bien-premio-mejor-produccion-audiovisual-spain-film-commission-2022\/","url":"https:\/\/spainfilmcommission.com\/en\/blog\/voy-a-pasarmelo-bien-premio-mejor-produccion-audiovisual-spain-film-commission-2022\/","name":"Voy a pas\u00e1rmelo bien, premio Mejor Producci\u00f3n Audiovisual Spain Film Commission 2022 - Spain Film Commission","isPartOf":{"@id":"https:\/\/spainfilmcommission.com\/en\/#website"},"primaryImageOfPage":{"@id":"https:\/\/spainfilmcommission.com\/en\/blog\/voy-a-pasarmelo-bien-premio-mejor-produccion-audiovisual-spain-film-commission-2022\/#primaryimage"},"image":{"@id":"https:\/\/spainfilmcommission.com\/en\/blog\/voy-a-pasarmelo-bien-premio-mejor-produccion-audiovisual-spain-film-commission-2022\/#primaryimage"},"thumbnailUrl":"https:\/\/spainfilmcommission.com\/wp-content\/uploads\/2024\/11\/voy-a-pasarmelo-bien-premio-mejor-produccion-audiovisual-spain-film-commission-2022-308.jpg","datePublished":"2023-01-16T22:00:00+00:00","dateModified":"2025-02-11T07:06:23+00:00","breadcrumb":{"@id":"https:\/\/spainfilmcommission.com\/en\/blog\/voy-a-pasarmelo-bien-premio-mejor-produccion-audiovisual-spain-film-commission-2022\/#breadcrumb"},"inLanguage":"en-US","potentialAction":[{"@type":"ReadAction","target":["https:\/\/spainfilmcommission.com\/en\/blog\/voy-a-pasarmelo-bien-premio-mejor-produccion-audiovisual-spain-film-commission-2022\/"]}]},{"@type":"ImageObject","inLanguage":"en-US","@id":"https:\/\/spainfilmcommission.com\/en\/blog\/voy-a-pasarmelo-bien-premio-mejor-produccion-audiovisual-spain-film-commission-2022\/#primaryimage","url":"https:\/\/spainfilmcommission.com\/wp-content\/uploads\/2024\/11\/voy-a-pasarmelo-bien-premio-mejor-produccion-audiovisual-spain-film-commission-2022-308.jpg","contentUrl":"https:\/\/spainfilmcommission.com\/wp-content\/uploads\/2024\/11\/voy-a-pasarmelo-bien-premio-mejor-produccion-audiovisual-spain-film-commission-2022-308.jpg","width":1170,"height":779},{"@type":"BreadcrumbList","@id":"https:\/\/spainfilmcommission.com\/en\/blog\/voy-a-pasarmelo-bien-premio-mejor-produccion-audiovisual-spain-film-commission-2022\/#breadcrumb","itemListElement":[{"@type":"ListItem","position":1,"name":"Portada","item":"https:\/\/spainfilmcommission.com\/en\/"},{"@type":"ListItem","position":2,"name":"Voy a pas\u00e1rmelo bien, premio Mejor Producci\u00f3n Audiovisual Spain Film Commission 2022"}]},{"@type":"WebSite","@id":"https:\/\/spainfilmcommission.com\/en\/#website","url":"https:\/\/spainfilmcommission.com\/en\/","name":"Spain Film Commission","description":"","publisher":{"@id":"https:\/\/spainfilmcommission.com\/en\/#organization"},"potentialAction":[{"@type":"SearchAction","target":{"@type":"EntryPoint","urlTemplate":"https:\/\/spainfilmcommission.com\/en\/?s={search_term_string}"},"query-input":{"@type":"PropertyValueSpecification","valueRequired":true,"valueName":"search_term_string"}}],"inLanguage":"en-US"},{"@type":"Organization","@id":"https:\/\/spainfilmcommission.com\/en\/#organization","name":"Spain Film Commission","url":"https:\/\/spainfilmcommission.com\/en\/","logo":{"@type":"ImageObject","inLanguage":"en-US","@id":"https:\/\/spainfilmcommission.com\/en\/#\/schema\/logo\/image\/","url":"https:\/\/spainfilmcommission.com\/wp-content\/uploads\/2024\/07\/SPC_COLOR.png","contentUrl":"https:\/\/spainfilmcommission.com\/wp-content\/uploads\/2024\/07\/SPC_COLOR.png","width":1665,"height":1665,"caption":"Spain Film Commission"},"image":{"@id":"https:\/\/spainfilmcommission.com\/en\/#\/schema\/logo\/image\/"}},{"@type":"Person","@id":"https:\/\/spainfilmcommission.com\/en\/#\/schema\/person\/6c014ba6ceac198d178a6a9e61113c9d","name":"studio128k_dam","image":{"@type":"ImageObject","inLanguage":"en-US","@id":"https:\/\/secure.gravatar.com\/avatar\/810f99144a13522c24aa173f9cd8bf079d0e89758af00b5f2938443cd51b31e9?s=96&d=mm&r=g","url":"https:\/\/secure.gravatar.com\/avatar\/810f99144a13522c24aa173f9cd8bf079d0e89758af00b5f2938443cd51b31e9?s=96&d=mm&r=g","contentUrl":"https:\/\/secure.gravatar.com\/avatar\/810f99144a13522c24aa173f9cd8bf079d0e89758af00b5f2938443cd51b31e9?s=96&d=mm&r=g","caption":"studio128k_dam"}}]}},"_links":{"self":[{"href":"https:\/\/spainfilmcommission.com\/en\/wp-json\/wp\/v2\/posts\/8758","targetHints":{"allow":["GET"]}}],"collection":[{"href":"https:\/\/spainfilmcommission.com\/en\/wp-json\/wp\/v2\/posts"}],"about":[{"href":"https:\/\/spainfilmcommission.com\/en\/wp-json\/wp\/v2\/types\/post"}],"author":[{"embeddable":true,"href":"https:\/\/spainfilmcommission.com\/en\/wp-json\/wp\/v2\/users\/2"}],"replies":[{"embeddable":true,"href":"https:\/\/spainfilmcommission.com\/en\/wp-json\/wp\/v2\/comments?post=8758"}],"version-history":[{"count":0,"href":"https:\/\/spainfilmcommission.com\/en\/wp-json\/wp\/v2\/posts\/8758\/revisions"}],"wp:featuredmedia":[{"embeddable":true,"href":"https:\/\/spainfilmcommission.com\/en\/wp-json\/wp\/v2\/media\/8759"}],"wp:attachment":[{"href":"https:\/\/spainfilmcommission.com\/en\/wp-json\/wp\/v2\/media?parent=8758"}],"wp:term":[{"taxonomy":"category","embeddable":true,"href":"https:\/\/spainfilmcommission.com\/en\/wp-json\/wp\/v2\/categories?post=8758"},{"taxonomy":"post_tag","embeddable":true,"href":"https:\/\/spainfilmcommission.com\/en\/wp-json\/wp\/v2\/tags?post=8758"}],"curies":[{"name":"wp","href":"https:\/\/api.w.org\/{rel}","templated":true}]}}