{"id":8749,"date":"2023-01-14T00:00:00","date_gmt":"2023-01-13T22:00:00","guid":{"rendered":"https:\/\/sfc.com\/el-programa-de-actividades-de-fitur-screen-ofrecera-una-amplia-panoramica-de-las-propuestas-de-los-socios-de-spain-film-commission\/"},"modified":"2025-02-11T08:06:23","modified_gmt":"2025-02-11T07:06:23","slug":"el-programa-de-actividades-de-fitur-screen-ofrecera-una-amplia-panoramica-de-las-propuestas-de-los-socios-de-spain-film-commission","status":"publish","type":"post","link":"https:\/\/spainfilmcommission.com\/en\/blog\/el-programa-de-actividades-de-fitur-screen-ofrecera-una-amplia-panoramica-de-las-propuestas-de-los-socios-de-spain-film-commission\/","title":{"rendered":"El programa de actividades de FITUR SCREEN ofrecer\u00e1 una amplia panor\u00e1mica de las propuestas de los socios de Spain Film Commission"},"content":{"rendered":"<ul style=\"font-family:Arial, sans-serif;font-size:12px;\">\n<li><span style=\"font-size:14px;\"><span style=\"font-family:arial, helvetica, sans-serif;\"><strong>El espacio reunir\u00e1 a numerosos socios de SFC, que presentar\u00e1n sus novedades, propuestas y proyectos arropados por una nutrida presencia de presidentes auton\u00f3micos, consejeros y alcaldes<\/strong><\/span><\/span><\/li>\n<li><span style=\"font-size:14px;\"><span style=\"font-family:arial, helvetica, sans-serif;\"><strong>FITUR SCREEN analizar\u00e1 en sendas mesas redondas los nuevos espacios de ocio del\u00a0<em>screen tourism<\/em>\u00a0y la influencia del cine y las series en la cultura de los viaje<\/strong><\/span><\/span><\/li>\n<\/ul>\n<p style=\"font-size:12px;font-family:Arial, sans-serif;\"><span style=\"font-size:14px;\"><strong>FITUR SCREEN,<\/strong>\u00a0la secci\u00f3n dedicada a conectar la industria tur\u00edstica y audiovisual en el marco de la Feria Internacional de Turismo, celebrar\u00e1 su quinta edici\u00f3n del\u00a0<strong>18 al 22 de enero<\/strong>\u00a0y contar\u00e1 con la participaci\u00f3n de numerosas film offices y film commissions de todo el territorio nacional.\u00a0<\/span><\/p>\n<p style=\"font-size:12px;font-family:Arial, sans-serif;\"><span style=\"font-size:14px;\">FITUR SCREEN, coorganizado por Spain Film Commission e IFEMA MADRID con la colaboraci\u00f3n de Netflix, pretende promover la iniciativa\u00a0<em>Spain Screen Grand Tour<\/em>, que destaca el v\u00ednculo entre el audiovisual y el turismo, y mostrar las nuevas propuestas de ocio surgidas alrededor de los rodajes en Espa\u00f1a.<\/span><\/p>\n<p style=\"font-size:12px;font-family:Arial, sans-serif;\"><span style=\"font-size:14px;\">Con este objetivo, FITUR SCREEN desarrollar\u00e1 un amplio programa de actividades que abarca la celebraci\u00f3n de dos mesas redondas que pondr\u00e1n el foco sobre dos tendencias que impulsan la conexi\u00f3n del turismo y el audiovisual, y las presentaciones por parte de los socios de Spain Film Commission presentes en Fitur de sus principales novedades en materia tur\u00edstica, sus ventajas en materia de rodajes y los proyectos audiovisuales desarrollados.<\/span><\/p>\n<p style=\"font-size:12px;font-family:Arial, sans-serif;\"><span style=\"font-size:14px;\">Respecto a las mesas redondas, la primera, titulada &#8220;Los nuevos espacios de ocio del\u00a0<em>screen tourism<\/em>&#8221;, abordar\u00e1 el desarrollo de nuevas propuestas tematizadas que dan respuesta a la creciente demanda del turismo ligado a grandes franquicias. Esta mesa contar\u00e1, entre otros, con la participaci\u00f3n de Diego Garc\u00eda, director de Parque Warner; y Guillermo de Oliveira, director de cine y del Almer\u00eda Western Festival.<\/span><\/p>\n<p style=\"font-size:12px;font-family:Arial, sans-serif;\"><span style=\"font-size:14px;\">La segunda mesa redonda, &#8220;La influencia del cine y las series en la cultura de los viajes&#8221;, abordar\u00e1 este creciente fen\u00f3meno a trav\u00e9s del an\u00e1lisis de expertos como Beatriz \u00c1lvarez, Public Policy Coordinator Netflix; Michelle Pita, especialista de proyectos de la Organizaci\u00f3n Mundial del Turismo, o Pilar Crespo, Regional Manager Spain &#038; Portugal de Booking.<\/span><\/p>\n<h4 style=\"font-family:Arial, sans-serif;font-size:12px;\"><span style=\"font-size:14px;\"><strong>Amplia representaci\u00f3n institucional<\/strong><\/span><\/h4>\n<p style=\"font-size:12px;font-family:Arial, sans-serif;\"><span style=\"font-size:14px;\">Esta edici\u00f3n contar\u00e1 con una amplia presencia de socios miembros de la red territorial de Spain Film Commission, que se encuentra en plena expansi\u00f3n, con m\u00e1s de 39 socios de todas las Comunidades Aut\u00f3nomas:\u00a0<strong>Andaluc\u00eda Film Commission, Cantabria Film Commission, Castilla la Mancha Film Commission, film offices de la Comunitat Valenciana (Alicante, Benidorm, Pe\u00f1iscola y Valencia), Extremadura Film Commission, Film Madrid, Madrid Film Office, La Rioja Film Commission, Mallorca Film Commission, Menorca Film Commission, Pontevedra Provincia Film Commission, Regi\u00f3n de Murcia Film Commission, Valladolid Film Commission y Zaragoza Film Office.<\/strong><\/span><\/p>\n<p style=\"font-size:12px;font-family:Arial, sans-serif;\"><span style=\"font-size:14px;\">A lo largo de cinco jornadas, los socios mostrar\u00e1n en sus stands sus territorios, localizaciones y propuestas de turismo de pantalla en FITUR SCREEN 2023. Estas presentaciones estar\u00e1n arropadas por destacados representantes institucionales, con la presencia confirmada de los presidentes auton\u00f3micos de la Regi\u00f3n de Murcia,<strong>\u00a0Fernando L\u00f3pez Miras,<\/strong>\u00a0y Comunitat Valenciana,\u00a0<strong>Ximo Puig<\/strong>; el vicepresidente de Cantabria,\u00a0<strong>Pablo Zuloaga;<\/strong>\u00a0la consejera de Econom\u00eda, Empresas y Empleo de Castilla La Mancha,\u00a0<strong>Patricia Franco Jim\u00e9nez<\/strong>; la consejera de Cultura, Turismo y Deportes de Extremadura,\u00a0<strong>Nuria Flores Redondo<\/strong>; la presidenta de la Diputaci\u00f3n de Pontevedra,\u00a0<strong>Carmela Silva<\/strong>; los alcaldes de Pe\u00f1\u00edscola,\u00a0<strong>Andr\u00e9s Mart\u00ednez Castell\u00e0<\/strong>; Valladolid,\u00a0<strong>\u00d3scar Puente;<\/strong>\u00a0y Vigo,\u00a0<strong>Abel Caballero<\/strong>; o la vicealcaldesa de Zaragoza,<strong>\u00a0Sara Fern\u00e1ndez Escuer<\/strong>, entre otros cargos institucionales.<\/span><\/p>\n<p style=\"font-size:12px;font-family:Arial, sans-serif;\"><span style=\"font-size:14px;\">Andaluc\u00eda Film Commission ofrecer\u00e1 la presentaci\u00f3n titulada &#8220;Andalucia, destino de cine&#8221;; &#8220;Un a\u00f1o de cine&#8221; ser\u00e1 la ponencia de Burgos Film Commission, y Castilla-La Mancha Film Commission abordar\u00e1 la nueva edici\u00f3n de Conecta Fiction &#038; Entertainment Toledo 2023 con la participaci\u00f3n de la consejera de Econom\u00eda, Empresas y Empleo de Castilla La Mancha,\u00a0<strong>Patricia Franco Jim\u00e9nez.<\/strong>\u00a0Cantabria Film Commission hablar\u00e1 sobre &#8220;El impulso al cine de Cantabria&#8221; con la participaci\u00f3n de\u00a0<strong>Pablo Zuloaga<\/strong>, vicepresidente del Gobierno de Cantabria y consejero de Cultura.<\/span><\/p>\n<p style=\"font-size:12px;font-family:Arial, sans-serif;\"><span style=\"font-size:14px;\">La Comunitat Valenciana tendr\u00e1 una amplia representaci\u00f3n en FITUR SCREEN, con la participaci\u00f3n de las film offices de Alicante, Benidorm, Pe\u00f1iscola y Valencia y la celebraci\u00f3n de varias actividades, como la un encuentro en torno a &#8220;El efecto de las series y los festivales&#8221;, la presentaci\u00f3n de Pe\u00f1\u00edscola Film Office a cargo del alcalde de la ciudad,\u00a0<strong>Andr\u00e9s Mart\u00ednez Castell\u00e0<\/strong>, y de la concejala de Cultura,\u00a0<strong>Raquel Par\u00eds<\/strong>; y la de los estudios Ciudad de la Luz de Alicante, acto que contar\u00e1 con la presencia del presidente de la Comunitat Valenciana,\u00a0<strong>Ximo Puig.<\/strong><\/span><\/p>\n<p style=\"font-size:12px;font-family:Arial, sans-serif;\"><span style=\"font-size:14px;\">Extremadura Film Commission dedicar\u00e1 su presentaci\u00f3n a la comarca de Las Hurdes -&#8220;Caravana de cine en Las Hurdes. Nuevos escenarios&#8221;- con la presencia de\u00a0<strong>Nuria Flores Redondo,<\/strong>\u00a0consejera de Cultura, Turismo y Deporte de la Junta de Extremadura. Adem\u00e1s, su stand en FITUR SCREEN acoger\u00e1 la actividad &#8220;Concilio de dragones&#8221;, consistente en una charla entre\u00a0<em>influencers<\/em>\u00a0del mundo de &#8220;Juego de Tronos&#8221;, como\u00a0<strong>Javi Marcos<\/strong>\u00a0o<strong>\u00a0Maglor.<\/strong><\/span><\/p>\n<p style=\"font-size:12px;font-family:Arial, sans-serif;\"><span style=\"font-size:14px;\">Madrid Film Office y Film Madrid ofrecer\u00e1n un encuentro que llevar\u00e1 por t\u00edtulo &#8220;Abierto por rodajes: diversificaci\u00f3n del sector tur\u00edstico y cultural&#8221;, y Monegros Film Commission dedicar\u00e1 la suya al 30 aniversario del film &#8220;Jam\u00f3n, jam\u00f3n&#8221;, con la intervenci\u00f3n de\u00a0<strong>Armando Sanjuan Franco<\/strong>, presidente de la comarca aragonesa.<\/span><\/p>\n<p style=\"font-size:12px;font-family:Arial, sans-serif;\"><span style=\"font-size:14px;\">La presidenta de la Diputaci\u00f3n de Pontevedra,\u00a0<strong>Carmela Silva,\u00a0<\/strong>acudir\u00e1 a la presentaci\u00f3n &#8220;Pontevedra, plat\u00f3 de cine&#8221; a cargo de Pontevedra Film Commission, y el presidente de la Comunidad Aut\u00f3noma Regi\u00f3n de Murcia, Fernando L\u00f3pez Miras, tambi\u00e9n estar\u00e1 en FITUR SCREEN para participar en la presentaci\u00f3n de Regi\u00f3n de Murcia Film Commission. &#8220;La Rioja de cine&#8221; ser\u00e1 el t\u00edtulo de la charla de Rioja Film Commission para mostrar al p\u00fablico sus recursos y novedades.<\/span><\/p>\n<p style=\"font-size:12px;font-family:Arial, sans-serif;\"><span style=\"font-size:14px;\">El alcalde de Valladolid,\u00a0<strong>\u00d3scar Puent<\/strong>e, visitar\u00e1 FITUR SCREEN para presentar las \u00faltimas novedades del proyecto &#8220;Valladolid, City of Film&#8221;; el alcalde de Vigo,\u00a0<strong>Abel Caballero<\/strong>, hablar\u00e1 sobre &#8220;Vigo, un plat\u00f3 para mil historias&#8221;, y la vicealcaldesa y consejera de Cultura y Proyecci\u00f3n Exterior del Ayuntamiento de Zaragoza,\u00a0<strong>Sara Fern\u00e1ndez Escuer<\/strong>, dedicar\u00e1 su intervenci\u00f3n a &#8220;Zaragoza, ciudad de cine&#8221;.<\/span><\/p>\n<p style=\"font-size:12px;font-family:Arial, sans-serif;\"><span style=\"font-size:14px;\">Spain Film Commission protagonizar\u00e1 a su vez diversas actividades durante la feria, como el acto de acogida de los nuevos socios de la organizaci\u00f3n, la entrega de la distinci\u00f3n a los nuevos Embajadores Spain Film Commission 2023 y del premio Mejor Producci\u00f3n Spain Film Commission 2022, acto que tendr\u00e1 lugar en la ma\u00f1ana del viernes 20\u00a0y supondr\u00e1 el colof\u00f3n al programa de FITUR SCREEN 2023.<\/span><\/p>\n<h4 style=\"font-family:Arial, sans-serif;font-size:12px;\"><span style=\"font-size:14px;\"><strong>Espa\u00f1a, Hub Audiovisual de Europa<\/strong><\/span><\/h4>\n<p style=\"font-size:12px;font-family:Arial, sans-serif;\"><span style=\"font-size:14px;\">La industria audiovisual tiene un car\u00e1cter estrat\u00e9gico por su car\u00e1cter global, su capacidad de generar empleo y su potencial de modernizaci\u00f3n gracias a la digitalizaci\u00f3n, destacando su capacidad de dinamizaci\u00f3n del turismo.<\/span><\/p>\n<p style=\"font-size:12px;font-family:Arial, sans-serif;\"><span style=\"font-size:14px;\">Spain Film Commission ha sido precursora y se ha posicionado como referente al evidenciar la relaci\u00f3n entre la industria audiovisual y la tur\u00edstica.<\/span><\/p>\n<p style=\"font-size:12px;font-family:Arial, sans-serif;\"><span style=\"font-size:14px;\">En FITUR SCREEN se expondr\u00e1n los casos de \u00e9xito m\u00e1s relevantes relacionados con el turismo de pantalla con el apoyo de la Secretar\u00eda de Estado de Turismo y la Secretaria de Estado de Telecomunicaciones e Infraestructuras Digitales a trav\u00e9s del plan &#8216;Espa\u00f1a, Hub Audiovisual de Europa\u2019<\/span><\/p>\n<p style=\"font-size:12px;font-family:Arial, sans-serif;\"><span style=\"font-size:14px;\">El plan &#8216;Espa\u00f1a, Hub Audiovisual de Europa&#8217;, con m\u00e1s de 1.600 millones de euros de inversi\u00f3n p\u00fablica hasta 2025, convertir\u00e1 a Espa\u00f1a en un pa\u00eds l\u00edder en producci\u00f3n audiovisual en la era digital, un im\u00e1n para la inversi\u00f3n y el talento internacional, y con un ecosistema reforzado para exportar y competir en los mercados internacionales.<\/span><\/p>\n<p style=\"font-size:12px;font-family:Arial, sans-serif;\">\u00a0<\/p>\n<h4 style=\"font-family:Arial, sans-serif;font-size:12px;font-weight:600;line-height:1.1;color:rgb(225,11,19);margin-top:20px;margin-bottom:10px;text-transform:uppercase;text-align:justify;\"><span style=\"font-size:16px;\">#FITURSCREEN2023\u00a0#SCREENGRANDTOUR\u00a0<\/span><span style=\"font-family:'lucida sans unicode', 'lucida grande', sans-serif;\"><span style=\"font-size:16px;\">#SHOOTINGINSPAIN<\/span><\/span><span style=\"font-size:16px;\">\u00a0#SPAINAVHUB<\/span><\/h4>\n","protected":false},"excerpt":{"rendered":"<ul style=\"font-family:Arial, sans-serif;font-size:12px;\">\n<li><span style=\"font-size:14px;\"><span style=\"font-family:arial, helvetica, sans-serif;\"><strong>El espacio reunir\u00e1 a numerosos socios de SFC, que presentar\u00e1n sus novedades, propuestas y proyectos arropados por una nutrida presencia de presidentes auton\u00f3micos, consejeros y alcaldes<\/strong><\/span><\/span><\/li>\n<li><span style=\"font-size:14px;\"><span style=\"font-family:arial, helvetica, sans-serif;\"><strong>FITUR SCREEN analizar\u00e1 en sendas mesas redondas los nuevos espacios de ocio del\u00a0<em>screen tourism<\/em>\u00a0y la influencia del cine y las series en la cultura de los viajes<\/strong><\/span><\/span><\/li>\n<\/ul>\n","protected":false},"author":2,"featured_media":8750,"comment_status":"closed","ping_status":"","sticky":false,"template":"","format":"standard","meta":{"footnotes":""},"categories":[38],"tags":[],"class_list":["post-8749","post","type-post","status-publish","format-standard","has-post-thumbnail","hentry","category-noticias"],"yoast_head":"<!-- This site is optimized with the Yoast SEO plugin v27.3 - https:\/\/yoast.com\/product\/yoast-seo-wordpress\/ -->\n<title>El programa de actividades de FITUR SCREEN ofrecer\u00e1 una amplia panor\u00e1mica de las propuestas de los socios de Spain Film Commission - Spain Film Commission<\/title>\n<meta name=\"robots\" content=\"index, follow, max-snippet:-1, max-image-preview:large, max-video-preview:-1\" \/>\n<link rel=\"canonical\" href=\"https:\/\/spainfilmcommission.com\/en\/blog\/el-programa-de-actividades-de-fitur-screen-ofrecera-una-amplia-panoramica-de-las-propuestas-de-los-socios-de-spain-film-commission\/\" \/>\n<meta property=\"og:locale\" content=\"en_US\" \/>\n<meta property=\"og:type\" content=\"article\" \/>\n<meta property=\"og:title\" content=\"El programa de actividades de FITUR SCREEN ofrecer\u00e1 una amplia panor\u00e1mica de las propuestas de los socios de Spain Film Commission - Spain Film Commission\" \/>\n<meta property=\"og:description\" content=\"El espacio reunir\u00e1 a numerosos socios de SFC, que presentar\u00e1n sus novedades, propuestas y proyectos arropados por una nutrida presencia de presidentes auton\u00f3micos, consejeros y alcaldes FITUR SCREEN analizar\u00e1 en sendas mesas redondas los nuevos espacios de ocio del\u00a0screen tourism\u00a0y la influencia del cine y las series en la cultura de los viajes\" \/>\n<meta property=\"og:url\" content=\"https:\/\/spainfilmcommission.com\/en\/blog\/el-programa-de-actividades-de-fitur-screen-ofrecera-una-amplia-panoramica-de-las-propuestas-de-los-socios-de-spain-film-commission\/\" \/>\n<meta property=\"og:site_name\" content=\"Spain Film Commission\" \/>\n<meta property=\"article:published_time\" content=\"2023-01-13T22:00:00+00:00\" \/>\n<meta property=\"article:modified_time\" content=\"2025-02-11T07:06:23+00:00\" \/>\n<meta property=\"og:image\" content=\"https:\/\/spainfilmcommission.com\/wp-content\/uploads\/2024\/11\/el-programa-de-actividades-de-fitur-screen-ofrecera-una-amplia-panoramica-de-las-propuestas-de-los-socios-de-spain-film-commission-305.png\" \/>\n\t<meta property=\"og:image:width\" content=\"1170\" \/>\n\t<meta property=\"og:image:height\" content=\"658\" \/>\n\t<meta property=\"og:image:type\" content=\"image\/png\" \/>\n<meta name=\"author\" content=\"studio128k_dam\" \/>\n<meta name=\"twitter:card\" content=\"summary_large_image\" \/>\n<meta name=\"twitter:label1\" content=\"Written by\" \/>\n\t<meta name=\"twitter:data1\" content=\"studio128k_dam\" \/>\n\t<meta name=\"twitter:label2\" content=\"Est. reading time\" \/>\n\t<meta name=\"twitter:data2\" content=\"7 minutes\" \/>\n<script type=\"application\/ld+json\" class=\"yoast-schema-graph\">{\"@context\":\"https:\\\/\\\/schema.org\",\"@graph\":[{\"@type\":\"Article\",\"@id\":\"https:\\\/\\\/spainfilmcommission.com\\\/en\\\/blog\\\/el-programa-de-actividades-de-fitur-screen-ofrecera-una-amplia-panoramica-de-las-propuestas-de-los-socios-de-spain-film-commission\\\/#article\",\"isPartOf\":{\"@id\":\"https:\\\/\\\/spainfilmcommission.com\\\/en\\\/blog\\\/el-programa-de-actividades-de-fitur-screen-ofrecera-una-amplia-panoramica-de-las-propuestas-de-los-socios-de-spain-film-commission\\\/\"},\"author\":{\"name\":\"studio128k_dam\",\"@id\":\"https:\\\/\\\/spainfilmcommission.com\\\/en\\\/#\\\/schema\\\/person\\\/6c014ba6ceac198d178a6a9e61113c9d\"},\"headline\":\"El programa de actividades de FITUR SCREEN ofrecer\u00e1 una amplia panor\u00e1mica de las propuestas de los socios de Spain Film Commission\",\"datePublished\":\"2023-01-13T22:00:00+00:00\",\"dateModified\":\"2025-02-11T07:06:23+00:00\",\"mainEntityOfPage\":{\"@id\":\"https:\\\/\\\/spainfilmcommission.com\\\/en\\\/blog\\\/el-programa-de-actividades-de-fitur-screen-ofrecera-una-amplia-panoramica-de-las-propuestas-de-los-socios-de-spain-film-commission\\\/\"},\"wordCount\":1322,\"publisher\":{\"@id\":\"https:\\\/\\\/spainfilmcommission.com\\\/en\\\/#organization\"},\"image\":{\"@id\":\"https:\\\/\\\/spainfilmcommission.com\\\/en\\\/blog\\\/el-programa-de-actividades-de-fitur-screen-ofrecera-una-amplia-panoramica-de-las-propuestas-de-los-socios-de-spain-film-commission\\\/#primaryimage\"},\"thumbnailUrl\":\"https:\\\/\\\/spainfilmcommission.com\\\/wp-content\\\/uploads\\\/2024\\\/11\\\/el-programa-de-actividades-de-fitur-screen-ofrecera-una-amplia-panoramica-de-las-propuestas-de-los-socios-de-spain-film-commission-305.png\",\"articleSection\":[\"Noticias\"],\"inLanguage\":\"en-US\"},{\"@type\":\"WebPage\",\"@id\":\"https:\\\/\\\/spainfilmcommission.com\\\/en\\\/blog\\\/el-programa-de-actividades-de-fitur-screen-ofrecera-una-amplia-panoramica-de-las-propuestas-de-los-socios-de-spain-film-commission\\\/\",\"url\":\"https:\\\/\\\/spainfilmcommission.com\\\/en\\\/blog\\\/el-programa-de-actividades-de-fitur-screen-ofrecera-una-amplia-panoramica-de-las-propuestas-de-los-socios-de-spain-film-commission\\\/\",\"name\":\"El programa de actividades de FITUR SCREEN ofrecer\u00e1 una amplia panor\u00e1mica de las propuestas de los socios de Spain Film Commission - Spain Film Commission\",\"isPartOf\":{\"@id\":\"https:\\\/\\\/spainfilmcommission.com\\\/en\\\/#website\"},\"primaryImageOfPage\":{\"@id\":\"https:\\\/\\\/spainfilmcommission.com\\\/en\\\/blog\\\/el-programa-de-actividades-de-fitur-screen-ofrecera-una-amplia-panoramica-de-las-propuestas-de-los-socios-de-spain-film-commission\\\/#primaryimage\"},\"image\":{\"@id\":\"https:\\\/\\\/spainfilmcommission.com\\\/en\\\/blog\\\/el-programa-de-actividades-de-fitur-screen-ofrecera-una-amplia-panoramica-de-las-propuestas-de-los-socios-de-spain-film-commission\\\/#primaryimage\"},\"thumbnailUrl\":\"https:\\\/\\\/spainfilmcommission.com\\\/wp-content\\\/uploads\\\/2024\\\/11\\\/el-programa-de-actividades-de-fitur-screen-ofrecera-una-amplia-panoramica-de-las-propuestas-de-los-socios-de-spain-film-commission-305.png\",\"datePublished\":\"2023-01-13T22:00:00+00:00\",\"dateModified\":\"2025-02-11T07:06:23+00:00\",\"breadcrumb\":{\"@id\":\"https:\\\/\\\/spainfilmcommission.com\\\/en\\\/blog\\\/el-programa-de-actividades-de-fitur-screen-ofrecera-una-amplia-panoramica-de-las-propuestas-de-los-socios-de-spain-film-commission\\\/#breadcrumb\"},\"inLanguage\":\"en-US\",\"potentialAction\":[{\"@type\":\"ReadAction\",\"target\":[\"https:\\\/\\\/spainfilmcommission.com\\\/en\\\/blog\\\/el-programa-de-actividades-de-fitur-screen-ofrecera-una-amplia-panoramica-de-las-propuestas-de-los-socios-de-spain-film-commission\\\/\"]}]},{\"@type\":\"ImageObject\",\"inLanguage\":\"en-US\",\"@id\":\"https:\\\/\\\/spainfilmcommission.com\\\/en\\\/blog\\\/el-programa-de-actividades-de-fitur-screen-ofrecera-una-amplia-panoramica-de-las-propuestas-de-los-socios-de-spain-film-commission\\\/#primaryimage\",\"url\":\"https:\\\/\\\/spainfilmcommission.com\\\/wp-content\\\/uploads\\\/2024\\\/11\\\/el-programa-de-actividades-de-fitur-screen-ofrecera-una-amplia-panoramica-de-las-propuestas-de-los-socios-de-spain-film-commission-305.png\",\"contentUrl\":\"https:\\\/\\\/spainfilmcommission.com\\\/wp-content\\\/uploads\\\/2024\\\/11\\\/el-programa-de-actividades-de-fitur-screen-ofrecera-una-amplia-panoramica-de-las-propuestas-de-los-socios-de-spain-film-commission-305.png\",\"width\":1170,\"height\":658},{\"@type\":\"BreadcrumbList\",\"@id\":\"https:\\\/\\\/spainfilmcommission.com\\\/en\\\/blog\\\/el-programa-de-actividades-de-fitur-screen-ofrecera-una-amplia-panoramica-de-las-propuestas-de-los-socios-de-spain-film-commission\\\/#breadcrumb\",\"itemListElement\":[{\"@type\":\"ListItem\",\"position\":1,\"name\":\"Portada\",\"item\":\"https:\\\/\\\/spainfilmcommission.com\\\/en\\\/\"},{\"@type\":\"ListItem\",\"position\":2,\"name\":\"El programa de actividades de FITUR SCREEN ofrecer\u00e1 una amplia panor\u00e1mica de las propuestas de los socios de Spain Film Commission\"}]},{\"@type\":\"WebSite\",\"@id\":\"https:\\\/\\\/spainfilmcommission.com\\\/en\\\/#website\",\"url\":\"https:\\\/\\\/spainfilmcommission.com\\\/en\\\/\",\"name\":\"Spain Film Commission\",\"description\":\"\",\"publisher\":{\"@id\":\"https:\\\/\\\/spainfilmcommission.com\\\/en\\\/#organization\"},\"potentialAction\":[{\"@type\":\"SearchAction\",\"target\":{\"@type\":\"EntryPoint\",\"urlTemplate\":\"https:\\\/\\\/spainfilmcommission.com\\\/en\\\/?s={search_term_string}\"},\"query-input\":{\"@type\":\"PropertyValueSpecification\",\"valueRequired\":true,\"valueName\":\"search_term_string\"}}],\"inLanguage\":\"en-US\"},{\"@type\":\"Organization\",\"@id\":\"https:\\\/\\\/spainfilmcommission.com\\\/en\\\/#organization\",\"name\":\"Spain Film Commission\",\"url\":\"https:\\\/\\\/spainfilmcommission.com\\\/en\\\/\",\"logo\":{\"@type\":\"ImageObject\",\"inLanguage\":\"en-US\",\"@id\":\"https:\\\/\\\/spainfilmcommission.com\\\/en\\\/#\\\/schema\\\/logo\\\/image\\\/\",\"url\":\"https:\\\/\\\/spainfilmcommission.com\\\/wp-content\\\/uploads\\\/2024\\\/07\\\/SPC_COLOR.png\",\"contentUrl\":\"https:\\\/\\\/spainfilmcommission.com\\\/wp-content\\\/uploads\\\/2024\\\/07\\\/SPC_COLOR.png\",\"width\":1665,\"height\":1665,\"caption\":\"Spain Film Commission\"},\"image\":{\"@id\":\"https:\\\/\\\/spainfilmcommission.com\\\/en\\\/#\\\/schema\\\/logo\\\/image\\\/\"}},{\"@type\":\"Person\",\"@id\":\"https:\\\/\\\/spainfilmcommission.com\\\/en\\\/#\\\/schema\\\/person\\\/6c014ba6ceac198d178a6a9e61113c9d\",\"name\":\"studio128k_dam\",\"image\":{\"@type\":\"ImageObject\",\"inLanguage\":\"en-US\",\"@id\":\"https:\\\/\\\/secure.gravatar.com\\\/avatar\\\/810f99144a13522c24aa173f9cd8bf079d0e89758af00b5f2938443cd51b31e9?s=96&d=mm&r=g\",\"url\":\"https:\\\/\\\/secure.gravatar.com\\\/avatar\\\/810f99144a13522c24aa173f9cd8bf079d0e89758af00b5f2938443cd51b31e9?s=96&d=mm&r=g\",\"contentUrl\":\"https:\\\/\\\/secure.gravatar.com\\\/avatar\\\/810f99144a13522c24aa173f9cd8bf079d0e89758af00b5f2938443cd51b31e9?s=96&d=mm&r=g\",\"caption\":\"studio128k_dam\"}}]}<\/script>\n<!-- \/ Yoast SEO plugin. -->","yoast_head_json":{"title":"El programa de actividades de FITUR SCREEN ofrecer\u00e1 una amplia panor\u00e1mica de las propuestas de los socios de Spain Film Commission - Spain Film Commission","robots":{"index":"index","follow":"follow","max-snippet":"max-snippet:-1","max-image-preview":"max-image-preview:large","max-video-preview":"max-video-preview:-1"},"canonical":"https:\/\/spainfilmcommission.com\/en\/blog\/el-programa-de-actividades-de-fitur-screen-ofrecera-una-amplia-panoramica-de-las-propuestas-de-los-socios-de-spain-film-commission\/","og_locale":"en_US","og_type":"article","og_title":"El programa de actividades de FITUR SCREEN ofrecer\u00e1 una amplia panor\u00e1mica de las propuestas de los socios de Spain Film Commission - Spain Film Commission","og_description":"El espacio reunir\u00e1 a numerosos socios de SFC, que presentar\u00e1n sus novedades, propuestas y proyectos arropados por una nutrida presencia de presidentes auton\u00f3micos, consejeros y alcaldes FITUR SCREEN analizar\u00e1 en sendas mesas redondas los nuevos espacios de ocio del\u00a0screen tourism\u00a0y la influencia del cine y las series en la cultura de los viajes","og_url":"https:\/\/spainfilmcommission.com\/en\/blog\/el-programa-de-actividades-de-fitur-screen-ofrecera-una-amplia-panoramica-de-las-propuestas-de-los-socios-de-spain-film-commission\/","og_site_name":"Spain Film Commission","article_published_time":"2023-01-13T22:00:00+00:00","article_modified_time":"2025-02-11T07:06:23+00:00","og_image":[{"width":1170,"height":658,"url":"https:\/\/spainfilmcommission.com\/wp-content\/uploads\/2024\/11\/el-programa-de-actividades-de-fitur-screen-ofrecera-una-amplia-panoramica-de-las-propuestas-de-los-socios-de-spain-film-commission-305.png","type":"image\/png"}],"author":"studio128k_dam","twitter_card":"summary_large_image","twitter_misc":{"Written by":"studio128k_dam","Est. reading time":"7 minutes"},"schema":{"@context":"https:\/\/schema.org","@graph":[{"@type":"Article","@id":"https:\/\/spainfilmcommission.com\/en\/blog\/el-programa-de-actividades-de-fitur-screen-ofrecera-una-amplia-panoramica-de-las-propuestas-de-los-socios-de-spain-film-commission\/#article","isPartOf":{"@id":"https:\/\/spainfilmcommission.com\/en\/blog\/el-programa-de-actividades-de-fitur-screen-ofrecera-una-amplia-panoramica-de-las-propuestas-de-los-socios-de-spain-film-commission\/"},"author":{"name":"studio128k_dam","@id":"https:\/\/spainfilmcommission.com\/en\/#\/schema\/person\/6c014ba6ceac198d178a6a9e61113c9d"},"headline":"El programa de actividades de FITUR SCREEN ofrecer\u00e1 una amplia panor\u00e1mica de las propuestas de los socios de Spain Film Commission","datePublished":"2023-01-13T22:00:00+00:00","dateModified":"2025-02-11T07:06:23+00:00","mainEntityOfPage":{"@id":"https:\/\/spainfilmcommission.com\/en\/blog\/el-programa-de-actividades-de-fitur-screen-ofrecera-una-amplia-panoramica-de-las-propuestas-de-los-socios-de-spain-film-commission\/"},"wordCount":1322,"publisher":{"@id":"https:\/\/spainfilmcommission.com\/en\/#organization"},"image":{"@id":"https:\/\/spainfilmcommission.com\/en\/blog\/el-programa-de-actividades-de-fitur-screen-ofrecera-una-amplia-panoramica-de-las-propuestas-de-los-socios-de-spain-film-commission\/#primaryimage"},"thumbnailUrl":"https:\/\/spainfilmcommission.com\/wp-content\/uploads\/2024\/11\/el-programa-de-actividades-de-fitur-screen-ofrecera-una-amplia-panoramica-de-las-propuestas-de-los-socios-de-spain-film-commission-305.png","articleSection":["Noticias"],"inLanguage":"en-US"},{"@type":"WebPage","@id":"https:\/\/spainfilmcommission.com\/en\/blog\/el-programa-de-actividades-de-fitur-screen-ofrecera-una-amplia-panoramica-de-las-propuestas-de-los-socios-de-spain-film-commission\/","url":"https:\/\/spainfilmcommission.com\/en\/blog\/el-programa-de-actividades-de-fitur-screen-ofrecera-una-amplia-panoramica-de-las-propuestas-de-los-socios-de-spain-film-commission\/","name":"El programa de actividades de FITUR SCREEN ofrecer\u00e1 una amplia panor\u00e1mica de las propuestas de los socios de Spain Film Commission - Spain Film Commission","isPartOf":{"@id":"https:\/\/spainfilmcommission.com\/en\/#website"},"primaryImageOfPage":{"@id":"https:\/\/spainfilmcommission.com\/en\/blog\/el-programa-de-actividades-de-fitur-screen-ofrecera-una-amplia-panoramica-de-las-propuestas-de-los-socios-de-spain-film-commission\/#primaryimage"},"image":{"@id":"https:\/\/spainfilmcommission.com\/en\/blog\/el-programa-de-actividades-de-fitur-screen-ofrecera-una-amplia-panoramica-de-las-propuestas-de-los-socios-de-spain-film-commission\/#primaryimage"},"thumbnailUrl":"https:\/\/spainfilmcommission.com\/wp-content\/uploads\/2024\/11\/el-programa-de-actividades-de-fitur-screen-ofrecera-una-amplia-panoramica-de-las-propuestas-de-los-socios-de-spain-film-commission-305.png","datePublished":"2023-01-13T22:00:00+00:00","dateModified":"2025-02-11T07:06:23+00:00","breadcrumb":{"@id":"https:\/\/spainfilmcommission.com\/en\/blog\/el-programa-de-actividades-de-fitur-screen-ofrecera-una-amplia-panoramica-de-las-propuestas-de-los-socios-de-spain-film-commission\/#breadcrumb"},"inLanguage":"en-US","potentialAction":[{"@type":"ReadAction","target":["https:\/\/spainfilmcommission.com\/en\/blog\/el-programa-de-actividades-de-fitur-screen-ofrecera-una-amplia-panoramica-de-las-propuestas-de-los-socios-de-spain-film-commission\/"]}]},{"@type":"ImageObject","inLanguage":"en-US","@id":"https:\/\/spainfilmcommission.com\/en\/blog\/el-programa-de-actividades-de-fitur-screen-ofrecera-una-amplia-panoramica-de-las-propuestas-de-los-socios-de-spain-film-commission\/#primaryimage","url":"https:\/\/spainfilmcommission.com\/wp-content\/uploads\/2024\/11\/el-programa-de-actividades-de-fitur-screen-ofrecera-una-amplia-panoramica-de-las-propuestas-de-los-socios-de-spain-film-commission-305.png","contentUrl":"https:\/\/spainfilmcommission.com\/wp-content\/uploads\/2024\/11\/el-programa-de-actividades-de-fitur-screen-ofrecera-una-amplia-panoramica-de-las-propuestas-de-los-socios-de-spain-film-commission-305.png","width":1170,"height":658},{"@type":"BreadcrumbList","@id":"https:\/\/spainfilmcommission.com\/en\/blog\/el-programa-de-actividades-de-fitur-screen-ofrecera-una-amplia-panoramica-de-las-propuestas-de-los-socios-de-spain-film-commission\/#breadcrumb","itemListElement":[{"@type":"ListItem","position":1,"name":"Portada","item":"https:\/\/spainfilmcommission.com\/en\/"},{"@type":"ListItem","position":2,"name":"El programa de actividades de FITUR SCREEN ofrecer\u00e1 una amplia panor\u00e1mica de las propuestas de los socios de Spain Film Commission"}]},{"@type":"WebSite","@id":"https:\/\/spainfilmcommission.com\/en\/#website","url":"https:\/\/spainfilmcommission.com\/en\/","name":"Spain Film Commission","description":"","publisher":{"@id":"https:\/\/spainfilmcommission.com\/en\/#organization"},"potentialAction":[{"@type":"SearchAction","target":{"@type":"EntryPoint","urlTemplate":"https:\/\/spainfilmcommission.com\/en\/?s={search_term_string}"},"query-input":{"@type":"PropertyValueSpecification","valueRequired":true,"valueName":"search_term_string"}}],"inLanguage":"en-US"},{"@type":"Organization","@id":"https:\/\/spainfilmcommission.com\/en\/#organization","name":"Spain Film Commission","url":"https:\/\/spainfilmcommission.com\/en\/","logo":{"@type":"ImageObject","inLanguage":"en-US","@id":"https:\/\/spainfilmcommission.com\/en\/#\/schema\/logo\/image\/","url":"https:\/\/spainfilmcommission.com\/wp-content\/uploads\/2024\/07\/SPC_COLOR.png","contentUrl":"https:\/\/spainfilmcommission.com\/wp-content\/uploads\/2024\/07\/SPC_COLOR.png","width":1665,"height":1665,"caption":"Spain Film Commission"},"image":{"@id":"https:\/\/spainfilmcommission.com\/en\/#\/schema\/logo\/image\/"}},{"@type":"Person","@id":"https:\/\/spainfilmcommission.com\/en\/#\/schema\/person\/6c014ba6ceac198d178a6a9e61113c9d","name":"studio128k_dam","image":{"@type":"ImageObject","inLanguage":"en-US","@id":"https:\/\/secure.gravatar.com\/avatar\/810f99144a13522c24aa173f9cd8bf079d0e89758af00b5f2938443cd51b31e9?s=96&d=mm&r=g","url":"https:\/\/secure.gravatar.com\/avatar\/810f99144a13522c24aa173f9cd8bf079d0e89758af00b5f2938443cd51b31e9?s=96&d=mm&r=g","contentUrl":"https:\/\/secure.gravatar.com\/avatar\/810f99144a13522c24aa173f9cd8bf079d0e89758af00b5f2938443cd51b31e9?s=96&d=mm&r=g","caption":"studio128k_dam"}}]}},"_links":{"self":[{"href":"https:\/\/spainfilmcommission.com\/en\/wp-json\/wp\/v2\/posts\/8749","targetHints":{"allow":["GET"]}}],"collection":[{"href":"https:\/\/spainfilmcommission.com\/en\/wp-json\/wp\/v2\/posts"}],"about":[{"href":"https:\/\/spainfilmcommission.com\/en\/wp-json\/wp\/v2\/types\/post"}],"author":[{"embeddable":true,"href":"https:\/\/spainfilmcommission.com\/en\/wp-json\/wp\/v2\/users\/2"}],"replies":[{"embeddable":true,"href":"https:\/\/spainfilmcommission.com\/en\/wp-json\/wp\/v2\/comments?post=8749"}],"version-history":[{"count":0,"href":"https:\/\/spainfilmcommission.com\/en\/wp-json\/wp\/v2\/posts\/8749\/revisions"}],"wp:featuredmedia":[{"embeddable":true,"href":"https:\/\/spainfilmcommission.com\/en\/wp-json\/wp\/v2\/media\/8750"}],"wp:attachment":[{"href":"https:\/\/spainfilmcommission.com\/en\/wp-json\/wp\/v2\/media?parent=8749"}],"wp:term":[{"taxonomy":"category","embeddable":true,"href":"https:\/\/spainfilmcommission.com\/en\/wp-json\/wp\/v2\/categories?post=8749"},{"taxonomy":"post_tag","embeddable":true,"href":"https:\/\/spainfilmcommission.com\/en\/wp-json\/wp\/v2\/tags?post=8749"}],"curies":[{"name":"wp","href":"https:\/\/api.w.org\/{rel}","templated":true}]}}