{"id":8746,"date":"2023-01-12T00:00:00","date_gmt":"2023-01-11T22:00:00","guid":{"rendered":"https:\/\/sfc.com\/cuenta-regresiva-para-el-inicio-de-la-quinta-edicion-de-fitur-screen-2023\/"},"modified":"2025-02-11T08:06:23","modified_gmt":"2025-02-11T07:06:23","slug":"cuenta-regresiva-para-el-inicio-de-la-quinta-edicion-de-fitur-screen-2023","status":"publish","type":"post","link":"https:\/\/spainfilmcommission.com\/en\/blog\/cuenta-regresiva-para-el-inicio-de-la-quinta-edicion-de-fitur-screen-2023\/","title":{"rendered":"Cuenta regresiva para el inicio de la quinta edici\u00f3n de Fitur Screen 2023"},"content":{"rendered":"<ul>\n<li style=\"text-align:justify;\"><span style=\"font-size:14px;\"><span style=\"font-family:arial, helvetica, sans-serif;\">FITUR SCREEN analizar\u00e1 en sendas mesas redondas los nuevos espacios de ocio del\u00a0<em>screen tourism<\/em>\u00a0y la influencia del cine y las series en la cultura de los viajes<\/span><\/span><\/li>\n<li>\n<p style=\"text-align:justify;\"><span style=\"font-size:14px;\"><span style=\"font-family:arial, helvetica, sans-serif;\">Spain Film Commission entregar\u00e1 las distinciones de Embajadores Honorarios de SFC 2023 y el premio SFC a la Mejor Producci\u00f3n rodada en Espa\u00f1a en 2022<\/span><\/span><\/p>\n<\/li>\n<\/ul>\n<p style=\"font-size:12px;font-family:Arial, sans-serif;text-align:justify;\"><span style=\"font-size:14px;\"><span style=\"font-family:arial, helvetica, sans-serif;\"><a href=\"http:\/\/www.shootinginspain.info\/es\/fitur-screen-2023\" target=\"_blank\">FITUR SCREEN<\/a>, el espacio coorganizado por\u00a0<strong>Spain Film Commission<\/strong>\u00a0e\u00a0<a href=\"https:\/\/www.ifema.es\/\" target=\"_blank\">IFEMA MADRID<\/a>\u00a0con la colaboraci\u00f3n de\u00a0<strong>Netflix<\/strong>\u00a0destinado al turismo cinematogr\u00e1fico, celebrar\u00e1 su quinta edici\u00f3n del 18 al 22 de enero en el marco de la Feria Internacional de Turismo con el objetivo de promover su iniciativa Spain Screen Grand Tour, que destaca el v\u00ednculo cada d\u00eda m\u00e1s estrecho entre el audiovisual y el turismo, y muestra las nuevas propuestas de ocio surgidas alrededor de los rodajes en Espa\u00f1a.<\/span><\/span><\/p>\n<p style=\"font-size:12px;font-family:Arial, sans-serif;text-align:justify;\"><span style=\"font-size:14px;\"><span style=\"font-family:arial, helvetica, sans-serif;\">FITUR SCREEN, que contar\u00e1 esta edici\u00f3n como expositores con trece de los 39 socios de Spain Film Commission, ofrecer\u00e1 a lo largo de cinco jornadas un programa de actividades que abarcar\u00e1 presentaciones de diferentes film offices y film commissions, la tradicional entrega de los reconocimientos de\u00a0<em>&#8220;Embajadores de Spain Film Commission 2023&#8221;<\/em>\u00a0y de\u00a0<em>&#8220;Mejor producci\u00f3n Spain Film Commission 2022&#8221;<\/em>, as\u00ed como dos mesas redondas que pondr\u00e1n el foco sobre dos tendencias que estrechan el v\u00ednculo entre el audiovisual y el turismo.<\/span><\/span><\/p>\n<p style=\"font-size:12px;font-family:Arial, sans-serif;text-align:justify;\"><span style=\"font-size:14px;\"><span style=\"font-family:arial, helvetica, sans-serif;\">En primer lugar, el\u00a0<strong>jueves 19<\/strong>\u00a0se celebrar\u00e1 una mesa redonda internacional que, bajo el t\u00edtulo\u00a0<em>&#8220;Los nuevos espacios de ocio del\u00a0screen tourism&#8221;<\/em>, abordar\u00e1 el desarrollo de nuevas propuestas tematizadas que dan respuesta a la creciente demanda del turismo ligado a grandes franquicias.<\/span><\/span><\/p>\n<p style=\"font-size:12px;font-family:Arial, sans-serif;text-align:justify;\"><span style=\"font-size:14px;\"><span style=\"font-family:arial, helvetica, sans-serif;\">El viernes 20 tendr\u00e1 lugar la segunda mesa redonda, titulada &#8220;<em>La influencia del cine y las series en la cultura de los viajes<\/em>&#8221;, que abordar\u00e1 este creciente fen\u00f3meno a trav\u00e9s del an\u00e1lisis de expertos de empresas como\u00a0<a href=\"https:\/\/www.booking.com\/index.es.html?gclid=Cj0KCQiA_P6dBhD1ARIsAAGI7HD6OzsEcUzNnqll9Ln6hBR9SmjCtM5HR-1OJWwEVmjQthG_JAEFrMgaAnIWEALw_wcB&#038;label=es-JCB2UqznXtCO_RDP_nj5CAS410545262609%3Apl%3Ata%3Ap1%3Ap22.563.000%3Aac%3Aap%3Aneg%3Afi%3Atikwd-65526620%3Alp1005517%3Ali%3Adec%3Adm%3Appccp%3DUmFuZG9tSVYkc2RlIyh9Ye8F2ouj63ytkBtrYs5TAfs&#038;aid=376371&#038;ws=\" target=\"_blank\">Booking\u00a0<\/a>y\u00a0<a href=\"http:\/\/www.shootinginspain.info\/www.netflix.com\/\" target=\"_blank\">Netflix\u00a0<\/a>y entidades como la\u00a0<a href=\"https:\/\/www.unwto.org\/es\" target=\"_blank\">Organizaci\u00f3n Mundial del Turismo<\/a>\u00a0(<strong>OMT<\/strong>) y\u00a0<strong>Andaluc\u00eda Film Commission<\/strong><\/span><\/span><\/p>\n<h3 style=\"font-family:Arial, sans-serif;text-align:justify;\"><span style=\"font-size:14px;\"><span style=\"font-family:arial, helvetica, sans-serif;\"><strong>Amplio programa de actividades<\/strong><\/span><\/span><\/h3>\n<p style=\"font-size:12px;font-family:Arial, sans-serif;text-align:justify;\"><span style=\"font-size:14px;\"><span style=\"font-family:arial, helvetica, sans-serif;\">Esta edici\u00f3n contar\u00e1 con una amplia presencia de socios miembros de la red territorial de Spain Film Commission, que se encuentra en plena expansi\u00f3n con m\u00e1s de 39 socios de todas las Comunidades Aut\u00f3nomas:\u00a0<strong>Andaluc\u00eda Film Commission, Cantabria Film Commission, Castilla la Mancha Film Commission,\u00a0film offices de la Comunitat Valenciana (Alicante, Benidorm, Pe\u00f1iscola y Valencia), Film Madrid, Extremadura Film Commission, Madrid Film Office, La Rioja Film Commission, Mallorca Film Commission, Menorca Film Commission, Pontevedra Provincia Film Commission, Regi\u00f3n de Murcia Film Commission, Valladolid Film Commission, Zaragoza Film Office.\u00a0<\/strong><\/span><\/span><\/p>\n<p style=\"font-size:12px;font-family:Arial, sans-serif;text-align:justify;\"><span style=\"font-size:14px;\"><span style=\"font-family:arial, helvetica, sans-serif;\">A lo largo de cinco jornadas, los socios mostrar\u00e1n en sus stands sus territorios, localizaciones y propuestas de turismo de pantalla en FITUR SCREEN 2023. Las actividades abiertas al p\u00fablico arrancar\u00e1n en la ma\u00f1ana del mi\u00e9rcoles 19 con la participaci\u00f3n de Fernando L\u00f3pez Miras, presidente de la Comunidad Aut\u00f3noma Regi\u00f3n de Murcia, quien abrir\u00e1 el programa con la presentaci\u00f3n de Regi\u00f3n de Murcia Film Commission. Esa misma ma\u00f1ana, el alcalde de Valladolid, \u00d3scar Puente, visitar\u00e1 FITUR SCREEN para presentar las \u00faltimas novedades del proyecto &#8220;<em>Valladolid, City of Film<\/em>&#8221;.<\/span><\/span><\/p>\n<p style=\"font-size:12px;font-family:Arial, sans-serif;text-align:justify;\"><span style=\"font-size:14px;\"><span style=\"font-family:arial, helvetica, sans-serif;\">Turisme Comunitat Valenciana ofrecer\u00e1 dos presentaciones en FITUR SCREEN. En la tarde del mi\u00e9rcoles tendr\u00e1 lugar la titulada &#8220;<em>El efecto de las series y los festivales<\/em>&#8221; y, al d\u00eda siguiente, el presidente de la Comunitat Valenciana,\u00a0<strong>Ximo Puig<\/strong>, ofrecer\u00e1 una presentaci\u00f3n de los estudios Ciudad de la Luz de Alicante.\u00a0<\/span><\/span><\/p>\n<p style=\"font-size:12px;font-family:Arial, sans-serif;text-align:justify;\"><span style=\"font-size:14px;\"><span style=\"font-family:arial, helvetica, sans-serif;\">Previamente, durante la jornada del jueves, se celebrar\u00e1n las presentaciones de\u00a0<strong>Madrid Film Office<\/strong>\u00a0y\u00a0<strong>Film Madrid<\/strong>, titulada\u00a0<em>&#8220;Abierto por rodajes: diversificaci\u00f3n del sector tur\u00edstico y cultural<\/em>&#8221;; de\u00a0<strong>Zaragoza Film Commission,<\/strong>\u00a0titulada\u00a0<em>&#8220;Zaragoza, ciudad de cine<\/em>&#8221;, a cargo de\u00a0<strong>Sara Fern\u00e1ndez Escuer<\/strong>, vicealcaldesa y consejera de Cultura y Proyecci\u00f3n Exterior del Ayuntamiento de Zaragoza, y de\u00a0<strong>Vigo Film Office<\/strong>, con la presencia de su alcalde,\u00a0<strong>Abel Caballero<\/strong>, quien hablar\u00e1 sobre\u00a0<em>&#8220;Vigo, un plat\u00f3 para mil historias&#8221;.<\/em><\/span><\/span><\/p>\n<p style=\"font-size:12px;font-family:Arial, sans-serif;text-align:justify;\"><span style=\"font-size:14px;\"><span style=\"font-family:arial, helvetica, sans-serif;\">El programa del jueves se completar\u00e1 con las presentaciones de\u00a0<strong>Castilla-La Mancha Film Commission, Rioja Film Commission<\/strong>\u00a0y\u00a0<strong>Monegros Film Commission<\/strong>, cuya presentaci\u00f3n &#8211;a cargo de\u00a0<strong>Armando Sanjuan Franco<\/strong>, presidente de la Comarca de Los Monegros, y<strong>\u00a0Marcos Vaquer Flor de Lis<\/strong>, consejero de Turismo de Arag\u00f3n- estar\u00e1 dedicada al 30 aniversario de la pel\u00edcula &#8220;Jam\u00f3n, jam\u00f3n&#8221;, de Bigas Luna, que lanz\u00f3 al estrellato a sus protagonistas\u00a0<strong>Pen\u00e9lope Cruz, Javier Bardem y Jordi Moll\u00e1<\/strong>.<\/span><\/span><\/p>\n<p style=\"font-size:12px;font-family:Arial, sans-serif;text-align:justify;\"><span style=\"font-size:14px;\"><span style=\"font-family:arial, helvetica, sans-serif;\">La ma\u00f1ana del viernes ser\u00e1 el turno para\u00a0<strong>Extremadura Film Commission<\/strong>, que dedicar\u00e1 su presentaci\u00f3n a la comarca de Las Hurdes &#8211;<em>&#8220;Caravana de cine en Las Hurdes. Nuevos escenarios&#8221;<\/em>&#8211; con la presencia de\u00a0<strong>Nuria Flores Redondo<\/strong>, consejera de Cultura, Turismo y Deporte de la Junta de Extremadura; de la presentaci\u00f3n de\u00a0<strong>Cantabria Film Commission<\/strong>, en la que<strong>\u00a0Pablo Zuloaga<\/strong>, vicepresidente del Gobierno de Cantabria y consejero de Cultura, hablar\u00e1 sobre &#8220;<em>El impulso al cine de Cantabria&#8221;,<\/em>\u00a0y de\u00a0<strong>Andaluc\u00eda Film Commission,<\/strong>\u00a0con la presentaci\u00f3n titulada\u00a0<em>&#8220;Andalucia, destino de cine&#8221;.<\/em><\/span><\/span><\/p>\n<p style=\"font-size:12px;font-family:Arial, sans-serif;text-align:justify;\"><span style=\"font-size:14px;\"><span style=\"font-family:arial, helvetica, sans-serif;\">Spain Film Commission protagonizar\u00e1 diversas actividades durante la feria, como el acto de acogida de los nuevos socios de la organizaci\u00f3n, la entrega en la ma\u00f1ana del jueves de la distinci\u00f3n a los\u00a0<em><strong>nuevos Embajadores Spain Film Commission 2023<\/strong><\/em>\u00a0y del<em><strong>\u00a0premio Mejor Producci\u00f3n Spain Film Commission 2022,<\/strong><\/em>\u00a0acto que tendr\u00e1 lugar en la ma\u00f1ana del viernes 21 y supondr\u00e1 el colof\u00f3n al programa de FITUR SCREEN 2023\u00a0<\/span>Accede al programa completo,<a href=\"http:\/\/www.shootinginspain.info\/es\/programa-4\" target=\"_blank\">\u00a0aqui<\/a><\/span><\/p>\n<h3 style=\"font-family:Arial, sans-serif;text-align:justify;\"><span style=\"font-size:14px;\"><span style=\"font-family:arial, helvetica, sans-serif;\"><strong>Espa\u00f1a, Hub Audiovisual de Europa<\/strong><\/span><\/span><\/h3>\n<p style=\"font-size:12px;font-family:Arial, sans-serif;text-align:justify;\"><span style=\"font-size:14px;\"><span style=\"font-family:arial, helvetica, sans-serif;\">La industria audiovisual tiene un car\u00e1cter estrat\u00e9gico por su car\u00e1cter global, su capacidad de generar empleo y su potencial de modernizaci\u00f3n gracias a la digitalizaci\u00f3n, destacando su capacidad de dinamizaci\u00f3n del turismo.<\/span><\/span><\/p>\n<p style=\"font-size:12px;font-family:Arial, sans-serif;text-align:justify;\"><span style=\"font-size:14px;\"><span style=\"font-family:arial, helvetica, sans-serif;\">Spain Film Commission ha sido precursora y se ha posicionado como referente al evidenciar la relaci\u00f3n entre la industria audiovisual y la tur\u00edstica.<\/span><\/span><\/p>\n<p style=\"font-size:12px;font-family:Arial, sans-serif;text-align:justify;\"><span style=\"font-size:14px;\"><span style=\"font-family:arial, helvetica, sans-serif;\">En FITUR Screen se expondr\u00e1n los casos de \u00e9xito m\u00e1s relevantes relacionados con el turismo de pantalla con el apoyo de la Secretar\u00eda de Estado de Turismo y la Secretaria de Estado de Telecomunicaciones e Infraestructuras Digitales a trav\u00e9s del plan &#8216;Espa\u00f1a, Hub Audiovisual de Europa\u2019<\/span><\/span><\/p>\n<p style=\"font-size:12px;font-family:Arial, sans-serif;text-align:justify;\"><span style=\"font-size:14px;\"><span style=\"font-family:arial, helvetica, sans-serif;\">El plan &#8216;Espa\u00f1a, Hub Audiovisual de Europa&#8217;, con m\u00e1s de 1.600 millones de euros de inversi\u00f3n p\u00fablica hasta 2025, convertir\u00e1 a Espa\u00f1a en un pa\u00eds l\u00edder en producci\u00f3n audiovisual en la era digital, un im\u00e1n para la inversi\u00f3n y el talento internacional, y con un ecosistema reforzado para exportar y competir en los mercados internacionales.<\/span><\/span><\/p>\n<h4 style=\"font-family:Arial, sans-serif;font-size:12px;font-weight:600;line-height:1.1;color:rgb(225,11,19);margin-top:20px;margin-bottom:10px;text-transform:uppercase;text-align:justify;\"><span style=\"font-size:16px;\">#FITURSCREEN2023\u00a0#SCREENGRANDTOUR\u00a0<\/span><span style=\"font-family:'lucida sans unicode', 'lucida grande', sans-serif;\"><span style=\"font-size:16px;\">#SHOOTINGINSPAIN<\/span><\/span><span style=\"font-size:16px;\">\u00a0#SPAINAVHUB<\/span><\/h4>\n","protected":false},"excerpt":{"rendered":"<ul>\n<li style=\"text-align:justify;\"><span style=\"font-size:14px;\"><span style=\"font-family:arial, helvetica, sans-serif;\">FITUR SCREEN analizar\u00e1 en sendas mesas redondas los nuevos espacios de ocio del\u00a0<em>screen tourism<\/em>\u00a0y la influencia del cine y las series en la cultura de los viajes<\/span><\/span><\/li>\n<li>\n<p style=\"text-align:justify;\"><span style=\"font-size:14px;\"><span style=\"font-family:arial, helvetica, sans-serif;\">Spain Film Commission entregar\u00e1 las distinciones de Embajadores Honorarios de SFC 2023 y el premio SFC a la Mejor Producci\u00f3n rodada en Espa\u00f1a en 2022<\/span><\/span><\/p>\n<\/li>\n<\/ul>\n","protected":false},"author":2,"featured_media":8747,"comment_status":"closed","ping_status":"","sticky":false,"template":"","format":"standard","meta":{"footnotes":""},"categories":[38],"tags":[],"class_list":["post-8746","post","type-post","status-publish","format-standard","has-post-thumbnail","hentry","category-noticias"],"yoast_head":"<!-- This site is optimized with the Yoast SEO plugin v27.3 - https:\/\/yoast.com\/product\/yoast-seo-wordpress\/ -->\n<title>Cuenta regresiva para el inicio de la quinta edici\u00f3n de Fitur Screen 2023 - Spain Film Commission<\/title>\n<meta name=\"robots\" content=\"index, follow, max-snippet:-1, max-image-preview:large, max-video-preview:-1\" \/>\n<link rel=\"canonical\" href=\"https:\/\/spainfilmcommission.com\/en\/blog\/cuenta-regresiva-para-el-inicio-de-la-quinta-edicion-de-fitur-screen-2023\/\" \/>\n<meta property=\"og:locale\" content=\"en_US\" \/>\n<meta property=\"og:type\" content=\"article\" \/>\n<meta property=\"og:title\" content=\"Cuenta regresiva para el inicio de la quinta edici\u00f3n de Fitur Screen 2023 - Spain Film Commission\" \/>\n<meta property=\"og:description\" content=\"FITUR SCREEN analizar\u00e1 en sendas mesas redondas los nuevos espacios de ocio del\u00a0screen tourism\u00a0y la influencia del cine y las series en la cultura de los viajes  Spain Film Commission entregar\u00e1 las distinciones de Embajadores Honorarios de SFC 2023 y el premio SFC a la Mejor Producci\u00f3n rodada en Espa\u00f1a en 2022\" \/>\n<meta property=\"og:url\" content=\"https:\/\/spainfilmcommission.com\/en\/blog\/cuenta-regresiva-para-el-inicio-de-la-quinta-edicion-de-fitur-screen-2023\/\" \/>\n<meta property=\"og:site_name\" content=\"Spain Film Commission\" \/>\n<meta property=\"article:published_time\" content=\"2023-01-11T22:00:00+00:00\" \/>\n<meta property=\"article:modified_time\" content=\"2025-02-11T07:06:23+00:00\" \/>\n<meta property=\"og:image\" content=\"https:\/\/spainfilmcommission.com\/wp-content\/uploads\/2024\/11\/fitur-screen-vuelve-a-fitur-de-la-mano-de-spain-film-commission-y-netflix-304.jpg\" \/>\n\t<meta property=\"og:image:width\" content=\"1170\" \/>\n\t<meta property=\"og:image:height\" content=\"877\" \/>\n\t<meta property=\"og:image:type\" content=\"image\/jpeg\" \/>\n<meta name=\"author\" content=\"studio128k_dam\" \/>\n<meta name=\"twitter:card\" content=\"summary_large_image\" \/>\n<meta name=\"twitter:label1\" content=\"Written by\" \/>\n\t<meta name=\"twitter:data1\" content=\"studio128k_dam\" \/>\n\t<meta name=\"twitter:label2\" content=\"Est. reading time\" \/>\n\t<meta name=\"twitter:data2\" content=\"5 minutes\" \/>\n<script type=\"application\/ld+json\" class=\"yoast-schema-graph\">{\"@context\":\"https:\\\/\\\/schema.org\",\"@graph\":[{\"@type\":\"Article\",\"@id\":\"https:\\\/\\\/spainfilmcommission.com\\\/en\\\/blog\\\/cuenta-regresiva-para-el-inicio-de-la-quinta-edicion-de-fitur-screen-2023\\\/#article\",\"isPartOf\":{\"@id\":\"https:\\\/\\\/spainfilmcommission.com\\\/en\\\/blog\\\/cuenta-regresiva-para-el-inicio-de-la-quinta-edicion-de-fitur-screen-2023\\\/\"},\"author\":{\"name\":\"studio128k_dam\",\"@id\":\"https:\\\/\\\/spainfilmcommission.com\\\/en\\\/#\\\/schema\\\/person\\\/6c014ba6ceac198d178a6a9e61113c9d\"},\"headline\":\"Cuenta regresiva para el inicio de la quinta edici\u00f3n de Fitur Screen 2023\",\"datePublished\":\"2023-01-11T22:00:00+00:00\",\"dateModified\":\"2025-02-11T07:06:23+00:00\",\"mainEntityOfPage\":{\"@id\":\"https:\\\/\\\/spainfilmcommission.com\\\/en\\\/blog\\\/cuenta-regresiva-para-el-inicio-de-la-quinta-edicion-de-fitur-screen-2023\\\/\"},\"wordCount\":1103,\"publisher\":{\"@id\":\"https:\\\/\\\/spainfilmcommission.com\\\/en\\\/#organization\"},\"image\":{\"@id\":\"https:\\\/\\\/spainfilmcommission.com\\\/en\\\/blog\\\/cuenta-regresiva-para-el-inicio-de-la-quinta-edicion-de-fitur-screen-2023\\\/#primaryimage\"},\"thumbnailUrl\":\"https:\\\/\\\/spainfilmcommission.com\\\/wp-content\\\/uploads\\\/2024\\\/11\\\/fitur-screen-vuelve-a-fitur-de-la-mano-de-spain-film-commission-y-netflix-304.jpg\",\"articleSection\":[\"Noticias\"],\"inLanguage\":\"en-US\"},{\"@type\":\"WebPage\",\"@id\":\"https:\\\/\\\/spainfilmcommission.com\\\/en\\\/blog\\\/cuenta-regresiva-para-el-inicio-de-la-quinta-edicion-de-fitur-screen-2023\\\/\",\"url\":\"https:\\\/\\\/spainfilmcommission.com\\\/en\\\/blog\\\/cuenta-regresiva-para-el-inicio-de-la-quinta-edicion-de-fitur-screen-2023\\\/\",\"name\":\"Cuenta regresiva para el inicio de la quinta edici\u00f3n de Fitur Screen 2023 - Spain Film Commission\",\"isPartOf\":{\"@id\":\"https:\\\/\\\/spainfilmcommission.com\\\/en\\\/#website\"},\"primaryImageOfPage\":{\"@id\":\"https:\\\/\\\/spainfilmcommission.com\\\/en\\\/blog\\\/cuenta-regresiva-para-el-inicio-de-la-quinta-edicion-de-fitur-screen-2023\\\/#primaryimage\"},\"image\":{\"@id\":\"https:\\\/\\\/spainfilmcommission.com\\\/en\\\/blog\\\/cuenta-regresiva-para-el-inicio-de-la-quinta-edicion-de-fitur-screen-2023\\\/#primaryimage\"},\"thumbnailUrl\":\"https:\\\/\\\/spainfilmcommission.com\\\/wp-content\\\/uploads\\\/2024\\\/11\\\/fitur-screen-vuelve-a-fitur-de-la-mano-de-spain-film-commission-y-netflix-304.jpg\",\"datePublished\":\"2023-01-11T22:00:00+00:00\",\"dateModified\":\"2025-02-11T07:06:23+00:00\",\"breadcrumb\":{\"@id\":\"https:\\\/\\\/spainfilmcommission.com\\\/en\\\/blog\\\/cuenta-regresiva-para-el-inicio-de-la-quinta-edicion-de-fitur-screen-2023\\\/#breadcrumb\"},\"inLanguage\":\"en-US\",\"potentialAction\":[{\"@type\":\"ReadAction\",\"target\":[\"https:\\\/\\\/spainfilmcommission.com\\\/en\\\/blog\\\/cuenta-regresiva-para-el-inicio-de-la-quinta-edicion-de-fitur-screen-2023\\\/\"]}]},{\"@type\":\"ImageObject\",\"inLanguage\":\"en-US\",\"@id\":\"https:\\\/\\\/spainfilmcommission.com\\\/en\\\/blog\\\/cuenta-regresiva-para-el-inicio-de-la-quinta-edicion-de-fitur-screen-2023\\\/#primaryimage\",\"url\":\"https:\\\/\\\/spainfilmcommission.com\\\/wp-content\\\/uploads\\\/2024\\\/11\\\/fitur-screen-vuelve-a-fitur-de-la-mano-de-spain-film-commission-y-netflix-304.jpg\",\"contentUrl\":\"https:\\\/\\\/spainfilmcommission.com\\\/wp-content\\\/uploads\\\/2024\\\/11\\\/fitur-screen-vuelve-a-fitur-de-la-mano-de-spain-film-commission-y-netflix-304.jpg\",\"width\":1170,\"height\":877},{\"@type\":\"BreadcrumbList\",\"@id\":\"https:\\\/\\\/spainfilmcommission.com\\\/en\\\/blog\\\/cuenta-regresiva-para-el-inicio-de-la-quinta-edicion-de-fitur-screen-2023\\\/#breadcrumb\",\"itemListElement\":[{\"@type\":\"ListItem\",\"position\":1,\"name\":\"Portada\",\"item\":\"https:\\\/\\\/spainfilmcommission.com\\\/en\\\/\"},{\"@type\":\"ListItem\",\"position\":2,\"name\":\"Cuenta regresiva para el inicio de la quinta edici\u00f3n de Fitur Screen 2023\"}]},{\"@type\":\"WebSite\",\"@id\":\"https:\\\/\\\/spainfilmcommission.com\\\/en\\\/#website\",\"url\":\"https:\\\/\\\/spainfilmcommission.com\\\/en\\\/\",\"name\":\"Spain Film Commission\",\"description\":\"\",\"publisher\":{\"@id\":\"https:\\\/\\\/spainfilmcommission.com\\\/en\\\/#organization\"},\"potentialAction\":[{\"@type\":\"SearchAction\",\"target\":{\"@type\":\"EntryPoint\",\"urlTemplate\":\"https:\\\/\\\/spainfilmcommission.com\\\/en\\\/?s={search_term_string}\"},\"query-input\":{\"@type\":\"PropertyValueSpecification\",\"valueRequired\":true,\"valueName\":\"search_term_string\"}}],\"inLanguage\":\"en-US\"},{\"@type\":\"Organization\",\"@id\":\"https:\\\/\\\/spainfilmcommission.com\\\/en\\\/#organization\",\"name\":\"Spain Film Commission\",\"url\":\"https:\\\/\\\/spainfilmcommission.com\\\/en\\\/\",\"logo\":{\"@type\":\"ImageObject\",\"inLanguage\":\"en-US\",\"@id\":\"https:\\\/\\\/spainfilmcommission.com\\\/en\\\/#\\\/schema\\\/logo\\\/image\\\/\",\"url\":\"https:\\\/\\\/spainfilmcommission.com\\\/wp-content\\\/uploads\\\/2024\\\/07\\\/SPC_COLOR.png\",\"contentUrl\":\"https:\\\/\\\/spainfilmcommission.com\\\/wp-content\\\/uploads\\\/2024\\\/07\\\/SPC_COLOR.png\",\"width\":1665,\"height\":1665,\"caption\":\"Spain Film Commission\"},\"image\":{\"@id\":\"https:\\\/\\\/spainfilmcommission.com\\\/en\\\/#\\\/schema\\\/logo\\\/image\\\/\"}},{\"@type\":\"Person\",\"@id\":\"https:\\\/\\\/spainfilmcommission.com\\\/en\\\/#\\\/schema\\\/person\\\/6c014ba6ceac198d178a6a9e61113c9d\",\"name\":\"studio128k_dam\",\"image\":{\"@type\":\"ImageObject\",\"inLanguage\":\"en-US\",\"@id\":\"https:\\\/\\\/secure.gravatar.com\\\/avatar\\\/810f99144a13522c24aa173f9cd8bf079d0e89758af00b5f2938443cd51b31e9?s=96&d=mm&r=g\",\"url\":\"https:\\\/\\\/secure.gravatar.com\\\/avatar\\\/810f99144a13522c24aa173f9cd8bf079d0e89758af00b5f2938443cd51b31e9?s=96&d=mm&r=g\",\"contentUrl\":\"https:\\\/\\\/secure.gravatar.com\\\/avatar\\\/810f99144a13522c24aa173f9cd8bf079d0e89758af00b5f2938443cd51b31e9?s=96&d=mm&r=g\",\"caption\":\"studio128k_dam\"}}]}<\/script>\n<!-- \/ Yoast SEO plugin. -->","yoast_head_json":{"title":"Cuenta regresiva para el inicio de la quinta edici\u00f3n de Fitur Screen 2023 - Spain Film Commission","robots":{"index":"index","follow":"follow","max-snippet":"max-snippet:-1","max-image-preview":"max-image-preview:large","max-video-preview":"max-video-preview:-1"},"canonical":"https:\/\/spainfilmcommission.com\/en\/blog\/cuenta-regresiva-para-el-inicio-de-la-quinta-edicion-de-fitur-screen-2023\/","og_locale":"en_US","og_type":"article","og_title":"Cuenta regresiva para el inicio de la quinta edici\u00f3n de Fitur Screen 2023 - Spain Film Commission","og_description":"FITUR SCREEN analizar\u00e1 en sendas mesas redondas los nuevos espacios de ocio del\u00a0screen tourism\u00a0y la influencia del cine y las series en la cultura de los viajes  Spain Film Commission entregar\u00e1 las distinciones de Embajadores Honorarios de SFC 2023 y el premio SFC a la Mejor Producci\u00f3n rodada en Espa\u00f1a en 2022","og_url":"https:\/\/spainfilmcommission.com\/en\/blog\/cuenta-regresiva-para-el-inicio-de-la-quinta-edicion-de-fitur-screen-2023\/","og_site_name":"Spain Film Commission","article_published_time":"2023-01-11T22:00:00+00:00","article_modified_time":"2025-02-11T07:06:23+00:00","og_image":[{"width":1170,"height":877,"url":"https:\/\/spainfilmcommission.com\/wp-content\/uploads\/2024\/11\/fitur-screen-vuelve-a-fitur-de-la-mano-de-spain-film-commission-y-netflix-304.jpg","type":"image\/jpeg"}],"author":"studio128k_dam","twitter_card":"summary_large_image","twitter_misc":{"Written by":"studio128k_dam","Est. reading time":"5 minutes"},"schema":{"@context":"https:\/\/schema.org","@graph":[{"@type":"Article","@id":"https:\/\/spainfilmcommission.com\/en\/blog\/cuenta-regresiva-para-el-inicio-de-la-quinta-edicion-de-fitur-screen-2023\/#article","isPartOf":{"@id":"https:\/\/spainfilmcommission.com\/en\/blog\/cuenta-regresiva-para-el-inicio-de-la-quinta-edicion-de-fitur-screen-2023\/"},"author":{"name":"studio128k_dam","@id":"https:\/\/spainfilmcommission.com\/en\/#\/schema\/person\/6c014ba6ceac198d178a6a9e61113c9d"},"headline":"Cuenta regresiva para el inicio de la quinta edici\u00f3n de Fitur Screen 2023","datePublished":"2023-01-11T22:00:00+00:00","dateModified":"2025-02-11T07:06:23+00:00","mainEntityOfPage":{"@id":"https:\/\/spainfilmcommission.com\/en\/blog\/cuenta-regresiva-para-el-inicio-de-la-quinta-edicion-de-fitur-screen-2023\/"},"wordCount":1103,"publisher":{"@id":"https:\/\/spainfilmcommission.com\/en\/#organization"},"image":{"@id":"https:\/\/spainfilmcommission.com\/en\/blog\/cuenta-regresiva-para-el-inicio-de-la-quinta-edicion-de-fitur-screen-2023\/#primaryimage"},"thumbnailUrl":"https:\/\/spainfilmcommission.com\/wp-content\/uploads\/2024\/11\/fitur-screen-vuelve-a-fitur-de-la-mano-de-spain-film-commission-y-netflix-304.jpg","articleSection":["Noticias"],"inLanguage":"en-US"},{"@type":"WebPage","@id":"https:\/\/spainfilmcommission.com\/en\/blog\/cuenta-regresiva-para-el-inicio-de-la-quinta-edicion-de-fitur-screen-2023\/","url":"https:\/\/spainfilmcommission.com\/en\/blog\/cuenta-regresiva-para-el-inicio-de-la-quinta-edicion-de-fitur-screen-2023\/","name":"Cuenta regresiva para el inicio de la quinta edici\u00f3n de Fitur Screen 2023 - Spain Film Commission","isPartOf":{"@id":"https:\/\/spainfilmcommission.com\/en\/#website"},"primaryImageOfPage":{"@id":"https:\/\/spainfilmcommission.com\/en\/blog\/cuenta-regresiva-para-el-inicio-de-la-quinta-edicion-de-fitur-screen-2023\/#primaryimage"},"image":{"@id":"https:\/\/spainfilmcommission.com\/en\/blog\/cuenta-regresiva-para-el-inicio-de-la-quinta-edicion-de-fitur-screen-2023\/#primaryimage"},"thumbnailUrl":"https:\/\/spainfilmcommission.com\/wp-content\/uploads\/2024\/11\/fitur-screen-vuelve-a-fitur-de-la-mano-de-spain-film-commission-y-netflix-304.jpg","datePublished":"2023-01-11T22:00:00+00:00","dateModified":"2025-02-11T07:06:23+00:00","breadcrumb":{"@id":"https:\/\/spainfilmcommission.com\/en\/blog\/cuenta-regresiva-para-el-inicio-de-la-quinta-edicion-de-fitur-screen-2023\/#breadcrumb"},"inLanguage":"en-US","potentialAction":[{"@type":"ReadAction","target":["https:\/\/spainfilmcommission.com\/en\/blog\/cuenta-regresiva-para-el-inicio-de-la-quinta-edicion-de-fitur-screen-2023\/"]}]},{"@type":"ImageObject","inLanguage":"en-US","@id":"https:\/\/spainfilmcommission.com\/en\/blog\/cuenta-regresiva-para-el-inicio-de-la-quinta-edicion-de-fitur-screen-2023\/#primaryimage","url":"https:\/\/spainfilmcommission.com\/wp-content\/uploads\/2024\/11\/fitur-screen-vuelve-a-fitur-de-la-mano-de-spain-film-commission-y-netflix-304.jpg","contentUrl":"https:\/\/spainfilmcommission.com\/wp-content\/uploads\/2024\/11\/fitur-screen-vuelve-a-fitur-de-la-mano-de-spain-film-commission-y-netflix-304.jpg","width":1170,"height":877},{"@type":"BreadcrumbList","@id":"https:\/\/spainfilmcommission.com\/en\/blog\/cuenta-regresiva-para-el-inicio-de-la-quinta-edicion-de-fitur-screen-2023\/#breadcrumb","itemListElement":[{"@type":"ListItem","position":1,"name":"Portada","item":"https:\/\/spainfilmcommission.com\/en\/"},{"@type":"ListItem","position":2,"name":"Cuenta regresiva para el inicio de la quinta edici\u00f3n de Fitur Screen 2023"}]},{"@type":"WebSite","@id":"https:\/\/spainfilmcommission.com\/en\/#website","url":"https:\/\/spainfilmcommission.com\/en\/","name":"Spain Film Commission","description":"","publisher":{"@id":"https:\/\/spainfilmcommission.com\/en\/#organization"},"potentialAction":[{"@type":"SearchAction","target":{"@type":"EntryPoint","urlTemplate":"https:\/\/spainfilmcommission.com\/en\/?s={search_term_string}"},"query-input":{"@type":"PropertyValueSpecification","valueRequired":true,"valueName":"search_term_string"}}],"inLanguage":"en-US"},{"@type":"Organization","@id":"https:\/\/spainfilmcommission.com\/en\/#organization","name":"Spain Film Commission","url":"https:\/\/spainfilmcommission.com\/en\/","logo":{"@type":"ImageObject","inLanguage":"en-US","@id":"https:\/\/spainfilmcommission.com\/en\/#\/schema\/logo\/image\/","url":"https:\/\/spainfilmcommission.com\/wp-content\/uploads\/2024\/07\/SPC_COLOR.png","contentUrl":"https:\/\/spainfilmcommission.com\/wp-content\/uploads\/2024\/07\/SPC_COLOR.png","width":1665,"height":1665,"caption":"Spain Film Commission"},"image":{"@id":"https:\/\/spainfilmcommission.com\/en\/#\/schema\/logo\/image\/"}},{"@type":"Person","@id":"https:\/\/spainfilmcommission.com\/en\/#\/schema\/person\/6c014ba6ceac198d178a6a9e61113c9d","name":"studio128k_dam","image":{"@type":"ImageObject","inLanguage":"en-US","@id":"https:\/\/secure.gravatar.com\/avatar\/810f99144a13522c24aa173f9cd8bf079d0e89758af00b5f2938443cd51b31e9?s=96&d=mm&r=g","url":"https:\/\/secure.gravatar.com\/avatar\/810f99144a13522c24aa173f9cd8bf079d0e89758af00b5f2938443cd51b31e9?s=96&d=mm&r=g","contentUrl":"https:\/\/secure.gravatar.com\/avatar\/810f99144a13522c24aa173f9cd8bf079d0e89758af00b5f2938443cd51b31e9?s=96&d=mm&r=g","caption":"studio128k_dam"}}]}},"_links":{"self":[{"href":"https:\/\/spainfilmcommission.com\/en\/wp-json\/wp\/v2\/posts\/8746","targetHints":{"allow":["GET"]}}],"collection":[{"href":"https:\/\/spainfilmcommission.com\/en\/wp-json\/wp\/v2\/posts"}],"about":[{"href":"https:\/\/spainfilmcommission.com\/en\/wp-json\/wp\/v2\/types\/post"}],"author":[{"embeddable":true,"href":"https:\/\/spainfilmcommission.com\/en\/wp-json\/wp\/v2\/users\/2"}],"replies":[{"embeddable":true,"href":"https:\/\/spainfilmcommission.com\/en\/wp-json\/wp\/v2\/comments?post=8746"}],"version-history":[{"count":0,"href":"https:\/\/spainfilmcommission.com\/en\/wp-json\/wp\/v2\/posts\/8746\/revisions"}],"wp:featuredmedia":[{"embeddable":true,"href":"https:\/\/spainfilmcommission.com\/en\/wp-json\/wp\/v2\/media\/8747"}],"wp:attachment":[{"href":"https:\/\/spainfilmcommission.com\/en\/wp-json\/wp\/v2\/media?parent=8746"}],"wp:term":[{"taxonomy":"category","embeddable":true,"href":"https:\/\/spainfilmcommission.com\/en\/wp-json\/wp\/v2\/categories?post=8746"},{"taxonomy":"post_tag","embeddable":true,"href":"https:\/\/spainfilmcommission.com\/en\/wp-json\/wp\/v2\/tags?post=8746"}],"curies":[{"name":"wp","href":"https:\/\/api.w.org\/{rel}","templated":true}]}}