{"id":8737,"date":"2022-12-05T00:00:00","date_gmt":"2022-12-04T22:00:00","guid":{"rendered":"https:\/\/sfc.com\/spain-film-commission-regresa-a-focus-london\/"},"modified":"2025-02-11T08:06:23","modified_gmt":"2025-02-11T07:06:23","slug":"spain-film-commission-regresa-a-focus-london","status":"publish","type":"post","link":"https:\/\/spainfilmcommission.com\/en\/blog\/spain-film-commission-regresa-a-focus-london\/","title":{"rendered":"Spain Film Commission regresa a Focus London"},"content":{"rendered":"<p>Spain Film Commission participar\u00e1 en la octava edici\u00f3n de <a href=\"https:\/\/focus2022.com\/focus-2022\" target=\"_blank\">Focus London 2022<\/a>, como cierre de un a\u00f1o marcado por el retorno a la presencialidad en los mercados, luego de la pandemia de COVID-19.<br \/>\n<strong>FOCUS LONDON\u00a0<\/strong>es\u00a0el mercado de referencia y punto de encuentro de profesionales del sector audiovisual internacional, donde los asistentes pueden reunirse con creadores de contenido y facilitadores de m\u00e1s de 100 pa\u00edses\u00a0y es el punto de atracci\u00f3n de\u00a0miles de profesionales de la producci\u00f3n de todas las industrias creativas de la pantalla, incluidas pel\u00edculas, televisi\u00f3n, publicidad, animaci\u00f3n y juegos.<\/p>\n<p>En esta oportunidad Spain Film Commission participar\u00e1 junto a <a href=\"https:\/\/andaluciafilm.com\/\" target=\"_blank\"><strong>Andaluc\u00eda Film Commission<\/strong><\/a>,<b>\u00a0<a href=\"https:\/\/www.bcncatfilmcommission.com\/\" target=\"_blank\">Catalunya Film Commission<\/a><\/b>,\u00a0<a href=\"https:\/\/www.madrid.org\/filmmadrid\/\" target=\"_blank\"><strong>Film Madrid<\/strong><\/a>, y <a href=\"https:\/\/mallorcafilmcommission.net\/es\/\" target=\"_blank\"><strong>Mallorca Film Commission<\/strong><\/a> en un stand de atenci\u00f3n a profesionales.\u00a0<\/p>\n<p>A su vez, dentro del <a href=\"https:\/\/focus2022.com\/focus-2022\/pages\/programme\" target=\"_blank\">programa de actividades<\/a>, <em><strong>Teresa Azcona<\/strong><\/em>,\u00a0directora general de SFC-Spain Audiovisual Hub participar\u00e1 el dia <strong>6 de diciembre a las 17.30h<\/strong>\u00a0en una ponencia titulada:\u00a0<strong>Dollars and Percents: Navigating the Global Production Incentives Landscape <\/strong>en asociaci\u00f3n con<strong>\u00a0Olsberg&#8226;SPI,\u00a0<\/strong>en ella participar\u00e1n\u00a0<strong><em>Leon Forde<\/em><\/strong>, director general de Olsberg\u00b7 SPI;\u00a0<em><strong>Einar Hansen T\u00f3masson<\/strong><\/em>, film commissioner de Islandia y\u00a0<em><strong>Julia Valentine<\/strong><\/em>, jefe de producci\u00f3n de\u00a0Abu Dhabi Film Commission.\u00a0<\/p>\n<p>Spain Film Commission dar\u00e1 a conocer la <strong>modificaci\u00f3n de la\u00a0normativa que regula\u00a0los incentivos fiscales<\/strong> a las producciones audiovisuales en Espa\u00f1a, que entrar\u00e1 en vigor\u00a0a partir del 1 de enero de 2023:<\/p>\n<ul>\n<li>El <strong>incremento\u00a0del l\u00edmite de deducci\u00f3n de 10 a 20 millones de euros por producci\u00f3n<\/strong><\/li>\n<li>En el caso de series audiovisuales,\u00a0la deducci\u00f3n se determinar\u00e1 por episodio y el l\u00edmite ser\u00e1 de <strong>10 millones de euros por episodio;\u00a0<\/strong><\/li>\n<li>La <strong>eliminaci\u00f3n\u00a0del l\u00edmite de 100.000 euros por persona en los gastos en personal\u00a0creativo.<\/strong><\/li>\n<\/ul>\n<h2>Espa\u00f1a, Hub Audiovisual de Europa<\/h2>\n<p>El Plan<strong> &#8220;Espa\u00f1a, Hub Audiovisual de Europa<\/strong>&#8221; movilizar\u00e1 unos recursos p\u00fablicos que ascienden a 1.603M &#8364; y su meta es aumentar un 30% la producci\u00f3n audiovisual realizada en Espa\u00f1a. Spain Film Commission participa en distintos foros profesionales, para difundir el Hub Audiovisual Espa\u00f1ol, uno de los motores de reactivaci\u00f3n econ\u00f3mica puesta en marcha por el Gobierno de Espa\u00f1a y que adem\u00e1s de atraer rodajes internacionales al pa\u00eds, est\u00e1 centrado en promover las ventajas fiscales para concretar inversiones en el sector.\u00a0<\/p>\n<p>El plan recoge inversiones p\u00fablicas y reformas para lograr un impulso significativo de toda la cadena de valor de la industria audiovisual a partir de las fortalezas que posee Espa\u00f1a, tales como una industria audiovisual solvente, profesionales bien formados y de prestigio, una capacidad creativa reconocida mundialmente y una ventaja comparativa en el mercado global creciente de producci\u00f3n audiovisual en espa\u00f1ol.\u00a0<\/p>\n<p>\u00a0<\/p>\n<h4 style=\"font-family:Arial, sans-serif;font-weight:600;line-height:1.1;color:rgb(225,11,19);margin-top:20px;margin-bottom:10px;font-size:12px;text-transform:uppercase;text-align:justify;\"><span style=\"font-family:'lucida sans unicode', 'lucida grande', sans-serif;\"><span style=\"font-size:16px;\">#SHOOTINGINSPAIN\u00a0<\/span><\/span><span style=\"font-size:16px;\">#WEMAKETHEMAGIC #SPAINAVHUB\u00a0<\/span><\/h4>\n<p>\u00a0<\/p>\n<p>\u00a0<\/p>\n<p>\u00a0<\/p>\n","protected":false},"excerpt":{"rendered":"<p>Spain Film Commission participar\u00e1 en la octava edici\u00f3n de Focus London 2022, como cierre de un a\u00f1o marcado por el retorno a la presencialidad en los mercados, luego de la [&hellip;]<\/p>\n","protected":false},"author":2,"featured_media":8738,"comment_status":"closed","ping_status":"","sticky":false,"template":"","format":"standard","meta":{"footnotes":""},"categories":[38],"tags":[],"class_list":["post-8737","post","type-post","status-publish","format-standard","has-post-thumbnail","hentry","category-noticias"],"yoast_head":"<!-- This site is optimized with the Yoast SEO plugin v27.3 - https:\/\/yoast.com\/product\/yoast-seo-wordpress\/ -->\n<title>Spain Film Commission regresa a Focus London - Spain Film Commission<\/title>\n<meta name=\"robots\" content=\"index, follow, max-snippet:-1, max-image-preview:large, max-video-preview:-1\" \/>\n<link rel=\"canonical\" href=\"https:\/\/spainfilmcommission.com\/en\/blog\/spain-film-commission-regresa-a-focus-london\/\" \/>\n<meta property=\"og:locale\" content=\"en_US\" \/>\n<meta property=\"og:type\" content=\"article\" \/>\n<meta property=\"og:title\" content=\"Spain Film Commission regresa a Focus London - Spain Film Commission\" \/>\n<meta property=\"og:description\" content=\"Spain Film Commission participar\u00e1 en la octava edici\u00f3n de Focus London 2022, como cierre de un a\u00f1o marcado por el retorno a la presencialidad en los mercados, luego de la [&hellip;]\" \/>\n<meta property=\"og:url\" content=\"https:\/\/spainfilmcommission.com\/en\/blog\/spain-film-commission-regresa-a-focus-london\/\" \/>\n<meta property=\"og:site_name\" content=\"Spain Film Commission\" \/>\n<meta property=\"article:published_time\" content=\"2022-12-04T22:00:00+00:00\" \/>\n<meta property=\"article:modified_time\" content=\"2025-02-11T07:06:23+00:00\" \/>\n<meta property=\"og:image\" content=\"https:\/\/spainfilmcommission.com\/wp-content\/uploads\/2024\/11\/spain-film-commission-regresa-a-focus-london-2022-301.jpeg\" \/>\n\t<meta property=\"og:image:width\" content=\"275\" \/>\n\t<meta property=\"og:image:height\" content=\"183\" \/>\n\t<meta property=\"og:image:type\" content=\"image\/jpeg\" \/>\n<meta name=\"author\" content=\"studio128k_dam\" \/>\n<meta name=\"twitter:card\" content=\"summary_large_image\" \/>\n<meta name=\"twitter:label1\" content=\"Written by\" \/>\n\t<meta name=\"twitter:data1\" content=\"studio128k_dam\" \/>\n\t<meta name=\"twitter:label2\" content=\"Est. reading time\" \/>\n\t<meta name=\"twitter:data2\" content=\"2 minutes\" \/>\n<script type=\"application\/ld+json\" class=\"yoast-schema-graph\">{\"@context\":\"https:\\\/\\\/schema.org\",\"@graph\":[{\"@type\":\"Article\",\"@id\":\"https:\\\/\\\/spainfilmcommission.com\\\/en\\\/blog\\\/spain-film-commission-regresa-a-focus-london\\\/#article\",\"isPartOf\":{\"@id\":\"https:\\\/\\\/spainfilmcommission.com\\\/en\\\/blog\\\/spain-film-commission-regresa-a-focus-london\\\/\"},\"author\":{\"name\":\"studio128k_dam\",\"@id\":\"https:\\\/\\\/spainfilmcommission.com\\\/en\\\/#\\\/schema\\\/person\\\/6c014ba6ceac198d178a6a9e61113c9d\"},\"headline\":\"Spain Film Commission regresa a Focus London\",\"datePublished\":\"2022-12-04T22:00:00+00:00\",\"dateModified\":\"2025-02-11T07:06:23+00:00\",\"mainEntityOfPage\":{\"@id\":\"https:\\\/\\\/spainfilmcommission.com\\\/en\\\/blog\\\/spain-film-commission-regresa-a-focus-london\\\/\"},\"wordCount\":464,\"publisher\":{\"@id\":\"https:\\\/\\\/spainfilmcommission.com\\\/en\\\/#organization\"},\"image\":{\"@id\":\"https:\\\/\\\/spainfilmcommission.com\\\/en\\\/blog\\\/spain-film-commission-regresa-a-focus-london\\\/#primaryimage\"},\"thumbnailUrl\":\"https:\\\/\\\/spainfilmcommission.com\\\/wp-content\\\/uploads\\\/2024\\\/11\\\/spain-film-commission-regresa-a-focus-london-2022-301.jpeg\",\"articleSection\":[\"Noticias\"],\"inLanguage\":\"en-US\"},{\"@type\":\"WebPage\",\"@id\":\"https:\\\/\\\/spainfilmcommission.com\\\/en\\\/blog\\\/spain-film-commission-regresa-a-focus-london\\\/\",\"url\":\"https:\\\/\\\/spainfilmcommission.com\\\/en\\\/blog\\\/spain-film-commission-regresa-a-focus-london\\\/\",\"name\":\"Spain Film Commission regresa a Focus London - Spain Film Commission\",\"isPartOf\":{\"@id\":\"https:\\\/\\\/spainfilmcommission.com\\\/en\\\/#website\"},\"primaryImageOfPage\":{\"@id\":\"https:\\\/\\\/spainfilmcommission.com\\\/en\\\/blog\\\/spain-film-commission-regresa-a-focus-london\\\/#primaryimage\"},\"image\":{\"@id\":\"https:\\\/\\\/spainfilmcommission.com\\\/en\\\/blog\\\/spain-film-commission-regresa-a-focus-london\\\/#primaryimage\"},\"thumbnailUrl\":\"https:\\\/\\\/spainfilmcommission.com\\\/wp-content\\\/uploads\\\/2024\\\/11\\\/spain-film-commission-regresa-a-focus-london-2022-301.jpeg\",\"datePublished\":\"2022-12-04T22:00:00+00:00\",\"dateModified\":\"2025-02-11T07:06:23+00:00\",\"breadcrumb\":{\"@id\":\"https:\\\/\\\/spainfilmcommission.com\\\/en\\\/blog\\\/spain-film-commission-regresa-a-focus-london\\\/#breadcrumb\"},\"inLanguage\":\"en-US\",\"potentialAction\":[{\"@type\":\"ReadAction\",\"target\":[\"https:\\\/\\\/spainfilmcommission.com\\\/en\\\/blog\\\/spain-film-commission-regresa-a-focus-london\\\/\"]}]},{\"@type\":\"ImageObject\",\"inLanguage\":\"en-US\",\"@id\":\"https:\\\/\\\/spainfilmcommission.com\\\/en\\\/blog\\\/spain-film-commission-regresa-a-focus-london\\\/#primaryimage\",\"url\":\"https:\\\/\\\/spainfilmcommission.com\\\/wp-content\\\/uploads\\\/2024\\\/11\\\/spain-film-commission-regresa-a-focus-london-2022-301.jpeg\",\"contentUrl\":\"https:\\\/\\\/spainfilmcommission.com\\\/wp-content\\\/uploads\\\/2024\\\/11\\\/spain-film-commission-regresa-a-focus-london-2022-301.jpeg\",\"width\":275,\"height\":183},{\"@type\":\"BreadcrumbList\",\"@id\":\"https:\\\/\\\/spainfilmcommission.com\\\/en\\\/blog\\\/spain-film-commission-regresa-a-focus-london\\\/#breadcrumb\",\"itemListElement\":[{\"@type\":\"ListItem\",\"position\":1,\"name\":\"Portada\",\"item\":\"https:\\\/\\\/spainfilmcommission.com\\\/en\\\/\"},{\"@type\":\"ListItem\",\"position\":2,\"name\":\"Spain Film Commission regresa a Focus London\"}]},{\"@type\":\"WebSite\",\"@id\":\"https:\\\/\\\/spainfilmcommission.com\\\/en\\\/#website\",\"url\":\"https:\\\/\\\/spainfilmcommission.com\\\/en\\\/\",\"name\":\"Spain Film Commission\",\"description\":\"\",\"publisher\":{\"@id\":\"https:\\\/\\\/spainfilmcommission.com\\\/en\\\/#organization\"},\"potentialAction\":[{\"@type\":\"SearchAction\",\"target\":{\"@type\":\"EntryPoint\",\"urlTemplate\":\"https:\\\/\\\/spainfilmcommission.com\\\/en\\\/?s={search_term_string}\"},\"query-input\":{\"@type\":\"PropertyValueSpecification\",\"valueRequired\":true,\"valueName\":\"search_term_string\"}}],\"inLanguage\":\"en-US\"},{\"@type\":\"Organization\",\"@id\":\"https:\\\/\\\/spainfilmcommission.com\\\/en\\\/#organization\",\"name\":\"Spain Film Commission\",\"url\":\"https:\\\/\\\/spainfilmcommission.com\\\/en\\\/\",\"logo\":{\"@type\":\"ImageObject\",\"inLanguage\":\"en-US\",\"@id\":\"https:\\\/\\\/spainfilmcommission.com\\\/en\\\/#\\\/schema\\\/logo\\\/image\\\/\",\"url\":\"https:\\\/\\\/spainfilmcommission.com\\\/wp-content\\\/uploads\\\/2024\\\/07\\\/SPC_COLOR.png\",\"contentUrl\":\"https:\\\/\\\/spainfilmcommission.com\\\/wp-content\\\/uploads\\\/2024\\\/07\\\/SPC_COLOR.png\",\"width\":1665,\"height\":1665,\"caption\":\"Spain Film Commission\"},\"image\":{\"@id\":\"https:\\\/\\\/spainfilmcommission.com\\\/en\\\/#\\\/schema\\\/logo\\\/image\\\/\"}},{\"@type\":\"Person\",\"@id\":\"https:\\\/\\\/spainfilmcommission.com\\\/en\\\/#\\\/schema\\\/person\\\/6c014ba6ceac198d178a6a9e61113c9d\",\"name\":\"studio128k_dam\",\"image\":{\"@type\":\"ImageObject\",\"inLanguage\":\"en-US\",\"@id\":\"https:\\\/\\\/secure.gravatar.com\\\/avatar\\\/810f99144a13522c24aa173f9cd8bf079d0e89758af00b5f2938443cd51b31e9?s=96&d=mm&r=g\",\"url\":\"https:\\\/\\\/secure.gravatar.com\\\/avatar\\\/810f99144a13522c24aa173f9cd8bf079d0e89758af00b5f2938443cd51b31e9?s=96&d=mm&r=g\",\"contentUrl\":\"https:\\\/\\\/secure.gravatar.com\\\/avatar\\\/810f99144a13522c24aa173f9cd8bf079d0e89758af00b5f2938443cd51b31e9?s=96&d=mm&r=g\",\"caption\":\"studio128k_dam\"}}]}<\/script>\n<!-- \/ Yoast SEO plugin. -->","yoast_head_json":{"title":"Spain Film Commission regresa a Focus London - Spain Film Commission","robots":{"index":"index","follow":"follow","max-snippet":"max-snippet:-1","max-image-preview":"max-image-preview:large","max-video-preview":"max-video-preview:-1"},"canonical":"https:\/\/spainfilmcommission.com\/en\/blog\/spain-film-commission-regresa-a-focus-london\/","og_locale":"en_US","og_type":"article","og_title":"Spain Film Commission regresa a Focus London - Spain Film Commission","og_description":"Spain Film Commission participar\u00e1 en la octava edici\u00f3n de Focus London 2022, como cierre de un a\u00f1o marcado por el retorno a la presencialidad en los mercados, luego de la [&hellip;]","og_url":"https:\/\/spainfilmcommission.com\/en\/blog\/spain-film-commission-regresa-a-focus-london\/","og_site_name":"Spain Film Commission","article_published_time":"2022-12-04T22:00:00+00:00","article_modified_time":"2025-02-11T07:06:23+00:00","og_image":[{"width":275,"height":183,"url":"https:\/\/spainfilmcommission.com\/wp-content\/uploads\/2024\/11\/spain-film-commission-regresa-a-focus-london-2022-301.jpeg","type":"image\/jpeg"}],"author":"studio128k_dam","twitter_card":"summary_large_image","twitter_misc":{"Written by":"studio128k_dam","Est. reading time":"2 minutes"},"schema":{"@context":"https:\/\/schema.org","@graph":[{"@type":"Article","@id":"https:\/\/spainfilmcommission.com\/en\/blog\/spain-film-commission-regresa-a-focus-london\/#article","isPartOf":{"@id":"https:\/\/spainfilmcommission.com\/en\/blog\/spain-film-commission-regresa-a-focus-london\/"},"author":{"name":"studio128k_dam","@id":"https:\/\/spainfilmcommission.com\/en\/#\/schema\/person\/6c014ba6ceac198d178a6a9e61113c9d"},"headline":"Spain Film Commission regresa a Focus London","datePublished":"2022-12-04T22:00:00+00:00","dateModified":"2025-02-11T07:06:23+00:00","mainEntityOfPage":{"@id":"https:\/\/spainfilmcommission.com\/en\/blog\/spain-film-commission-regresa-a-focus-london\/"},"wordCount":464,"publisher":{"@id":"https:\/\/spainfilmcommission.com\/en\/#organization"},"image":{"@id":"https:\/\/spainfilmcommission.com\/en\/blog\/spain-film-commission-regresa-a-focus-london\/#primaryimage"},"thumbnailUrl":"https:\/\/spainfilmcommission.com\/wp-content\/uploads\/2024\/11\/spain-film-commission-regresa-a-focus-london-2022-301.jpeg","articleSection":["Noticias"],"inLanguage":"en-US"},{"@type":"WebPage","@id":"https:\/\/spainfilmcommission.com\/en\/blog\/spain-film-commission-regresa-a-focus-london\/","url":"https:\/\/spainfilmcommission.com\/en\/blog\/spain-film-commission-regresa-a-focus-london\/","name":"Spain Film Commission regresa a Focus London - Spain Film Commission","isPartOf":{"@id":"https:\/\/spainfilmcommission.com\/en\/#website"},"primaryImageOfPage":{"@id":"https:\/\/spainfilmcommission.com\/en\/blog\/spain-film-commission-regresa-a-focus-london\/#primaryimage"},"image":{"@id":"https:\/\/spainfilmcommission.com\/en\/blog\/spain-film-commission-regresa-a-focus-london\/#primaryimage"},"thumbnailUrl":"https:\/\/spainfilmcommission.com\/wp-content\/uploads\/2024\/11\/spain-film-commission-regresa-a-focus-london-2022-301.jpeg","datePublished":"2022-12-04T22:00:00+00:00","dateModified":"2025-02-11T07:06:23+00:00","breadcrumb":{"@id":"https:\/\/spainfilmcommission.com\/en\/blog\/spain-film-commission-regresa-a-focus-london\/#breadcrumb"},"inLanguage":"en-US","potentialAction":[{"@type":"ReadAction","target":["https:\/\/spainfilmcommission.com\/en\/blog\/spain-film-commission-regresa-a-focus-london\/"]}]},{"@type":"ImageObject","inLanguage":"en-US","@id":"https:\/\/spainfilmcommission.com\/en\/blog\/spain-film-commission-regresa-a-focus-london\/#primaryimage","url":"https:\/\/spainfilmcommission.com\/wp-content\/uploads\/2024\/11\/spain-film-commission-regresa-a-focus-london-2022-301.jpeg","contentUrl":"https:\/\/spainfilmcommission.com\/wp-content\/uploads\/2024\/11\/spain-film-commission-regresa-a-focus-london-2022-301.jpeg","width":275,"height":183},{"@type":"BreadcrumbList","@id":"https:\/\/spainfilmcommission.com\/en\/blog\/spain-film-commission-regresa-a-focus-london\/#breadcrumb","itemListElement":[{"@type":"ListItem","position":1,"name":"Portada","item":"https:\/\/spainfilmcommission.com\/en\/"},{"@type":"ListItem","position":2,"name":"Spain Film Commission regresa a Focus London"}]},{"@type":"WebSite","@id":"https:\/\/spainfilmcommission.com\/en\/#website","url":"https:\/\/spainfilmcommission.com\/en\/","name":"Spain Film Commission","description":"","publisher":{"@id":"https:\/\/spainfilmcommission.com\/en\/#organization"},"potentialAction":[{"@type":"SearchAction","target":{"@type":"EntryPoint","urlTemplate":"https:\/\/spainfilmcommission.com\/en\/?s={search_term_string}"},"query-input":{"@type":"PropertyValueSpecification","valueRequired":true,"valueName":"search_term_string"}}],"inLanguage":"en-US"},{"@type":"Organization","@id":"https:\/\/spainfilmcommission.com\/en\/#organization","name":"Spain Film Commission","url":"https:\/\/spainfilmcommission.com\/en\/","logo":{"@type":"ImageObject","inLanguage":"en-US","@id":"https:\/\/spainfilmcommission.com\/en\/#\/schema\/logo\/image\/","url":"https:\/\/spainfilmcommission.com\/wp-content\/uploads\/2024\/07\/SPC_COLOR.png","contentUrl":"https:\/\/spainfilmcommission.com\/wp-content\/uploads\/2024\/07\/SPC_COLOR.png","width":1665,"height":1665,"caption":"Spain Film Commission"},"image":{"@id":"https:\/\/spainfilmcommission.com\/en\/#\/schema\/logo\/image\/"}},{"@type":"Person","@id":"https:\/\/spainfilmcommission.com\/en\/#\/schema\/person\/6c014ba6ceac198d178a6a9e61113c9d","name":"studio128k_dam","image":{"@type":"ImageObject","inLanguage":"en-US","@id":"https:\/\/secure.gravatar.com\/avatar\/810f99144a13522c24aa173f9cd8bf079d0e89758af00b5f2938443cd51b31e9?s=96&d=mm&r=g","url":"https:\/\/secure.gravatar.com\/avatar\/810f99144a13522c24aa173f9cd8bf079d0e89758af00b5f2938443cd51b31e9?s=96&d=mm&r=g","contentUrl":"https:\/\/secure.gravatar.com\/avatar\/810f99144a13522c24aa173f9cd8bf079d0e89758af00b5f2938443cd51b31e9?s=96&d=mm&r=g","caption":"studio128k_dam"}}]}},"_links":{"self":[{"href":"https:\/\/spainfilmcommission.com\/en\/wp-json\/wp\/v2\/posts\/8737","targetHints":{"allow":["GET"]}}],"collection":[{"href":"https:\/\/spainfilmcommission.com\/en\/wp-json\/wp\/v2\/posts"}],"about":[{"href":"https:\/\/spainfilmcommission.com\/en\/wp-json\/wp\/v2\/types\/post"}],"author":[{"embeddable":true,"href":"https:\/\/spainfilmcommission.com\/en\/wp-json\/wp\/v2\/users\/2"}],"replies":[{"embeddable":true,"href":"https:\/\/spainfilmcommission.com\/en\/wp-json\/wp\/v2\/comments?post=8737"}],"version-history":[{"count":0,"href":"https:\/\/spainfilmcommission.com\/en\/wp-json\/wp\/v2\/posts\/8737\/revisions"}],"wp:featuredmedia":[{"embeddable":true,"href":"https:\/\/spainfilmcommission.com\/en\/wp-json\/wp\/v2\/media\/8738"}],"wp:attachment":[{"href":"https:\/\/spainfilmcommission.com\/en\/wp-json\/wp\/v2\/media?parent=8737"}],"wp:term":[{"taxonomy":"category","embeddable":true,"href":"https:\/\/spainfilmcommission.com\/en\/wp-json\/wp\/v2\/categories?post=8737"},{"taxonomy":"post_tag","embeddable":true,"href":"https:\/\/spainfilmcommission.com\/en\/wp-json\/wp\/v2\/tags?post=8737"}],"curies":[{"name":"wp","href":"https:\/\/api.w.org\/{rel}","templated":true}]}}