{"id":8734,"date":"2022-11-28T00:00:00","date_gmt":"2022-11-27T22:00:00","guid":{"rendered":"https:\/\/sfc.com\/spain-film-commission-participa-de-la-edicion-2022-de-ventana-sur-junto-a-mas-de-100-profesionales-del-audiovisual-espanol\/"},"modified":"2025-02-11T08:06:23","modified_gmt":"2025-02-11T07:06:23","slug":"spain-film-commission-participa-de-la-edicion-2022-de-ventana-sur-junto-a-mas-de-100-profesionales-del-audiovisual-espanol","status":"publish","type":"post","link":"https:\/\/spainfilmcommission.com\/en\/blog\/spain-film-commission-participa-de-la-edicion-2022-de-ventana-sur-junto-a-mas-de-100-profesionales-del-audiovisual-espanol\/","title":{"rendered":"Spain Film Commission participa de la edici\u00f3n 2022 de Ventana Sur, junto a m\u00e1s de 100 profesionales del audiovisual espa\u00f1ol"},"content":{"rendered":"<p style=\"text-align:justify;\"><span style=\"font-family:arial, helvetica, sans-serif;\"><span style=\"font-size:14px;\">Spain Film Commission presente en la edici\u00f3n 2022\u00a0 de <a href=\"https:\/\/www.ventana-sur.com\/\" target=\"_blank\">Ventana Sur<\/a>, el mercado de cine y televisi\u00f3n m\u00e1s grande de Am\u00e9rica Latina. El presidente, Carlos Rosado y Juan Manuel Guimerans, secretario general de SFC, tienen previsto participar en sesiones y diversos encuentros,\u00a0para consolidar las relaciones con la red de film commissions de Am\u00e9rica Latina y dar a conocer las ventajas con las que cuenta Espa\u00f1a, para atraer rodajes internacionales.\u00a0<\/p>\n<p>Ventana Sur es el mercado m\u00e1s importante de contenidos audiovisuales de Latinoam\u00e9rica que todos los a\u00f1os re\u00fane a m\u00e1s de tres mil compradores y vendedores de productos audiovisuales del mundo. Al igual que en a\u00f1os anteriores, ofrecer\u00e1 espacios de encuentro, proyecciones, conferencias y charlas de inter\u00e9s para quienes integran la industria del cine, con el fin de generar lazos que posibiliten la concreci\u00f3n de producciones, afianzar coproducciones con pa\u00edses latinoamericanos y ampliar las posibilidades de distribuci\u00f3n y exhibici\u00f3n.<\/span><\/span><\/p>\n<p style=\"text-align:justify;\"><span style=\"font-family:arial, helvetica, sans-serif;\"><span style=\"font-size:14px;\">Entre las novedades se encuentra la primera edici\u00f3n de Spanish Screenings on Tour en Ventana Sur, donde m\u00e1s de cien profesionales del audiovisual espa\u00f1ol participar\u00e1n en m\u00e1s de veinte actividades bajo el lema<strong> &#8216;Spanish Audiovisual: Talent and Future<\/strong>\u2019. Se organizar\u00e1n nueve actividades de networking entre las que destacan los desayunos de trabajo, un encuentro de coproducci\u00f3n, y happy hours; y miembros de la delegaci\u00f3n participar\u00e1n en siete conferencias y panels durante todo el mercado. Veinti\u00fan proyectos en desarrollo, siete &#8216;works in progress\u2019 y cuarenta pel\u00edculas con potencial para remake, veintiuna pel\u00edculas terminadas en Market Screenings y tres Market Premieres se presentar\u00e1n ante la industria internacional, adem\u00e1s de una amplia presencia de pel\u00edculas espa\u00f1olas inscritas en la Video Library.<\/span><\/span><\/p>\n<p style=\"text-align:justify;\"><span style=\"font-family:arial, helvetica, sans-serif;\"><span style=\"font-size:14px;\">Dentro del\u00a0<a href=\"https:\/\/www.ventana-sur.com\/wp-content\/uploads\/2022\/11\/Conferences-Activities_vFinal.pdf\" target=\"_blank\">programa<\/a>\u00a0de actividades de industria, Spain Film Commission organiza\u00a0en<\/span> <span style=\"font-size:14px;\">colaboraci\u00f3n con<a href=\"http:\/\/latamtrainingcenter\" target=\"_blank\"> Latin American Training Center-LATC<\/a>\u00a0<\/span>\u00a0<span style=\"font-size:14px;\">el d\u00eda <strong>30 de noviembre<\/strong>, a las 14h, -hora local- en el Complejo de la Universidad Cat\u00f3lica Argentina, el<\/span><span style=\"font-size:14px;\">\u00a0panel titulado <em><strong>&#8220;Las Film Commissions abren la puerta: Nuevas formas de colaboraci\u00f3n entre Espa\u00f1a y Latam&#8221;.\u00a0<\/strong><\/em><\/span><\/span><\/p>\n<p style=\"text-align:justify;\"><span style=\"font-family:arial, helvetica, sans-serif;\"><span style=\"font-size:14px;\"><strong>Sol Mayoral,<\/strong> directora de <a href=\"https:\/\/bafc.buenosaires.gob.ar\/index\" target=\"_blank\">Buenos Aires Film Commission<\/a> junto a <strong>Carlos Rosado<\/strong>, presidente de Spain Film Commission, <strong>Luiz\u00a0<\/strong><\/span><span style=\"font-size:14px;\"><strong>Toledo<\/strong>, Director of Investments &#038; Strategic Partnerships, <a href=\"http:\/\/spcine.com.br\/\" target=\"_blank\">Spcine<\/a>,\u00a0 <strong>Jos\u00e9 Castro<\/strong>, Film Commissioner de\u00a0<a href=\"https:\/\/www.costaricafilmcommission.org\/es\/\" target=\"_blank\">Costa Rica Film Commission<\/a>;\u00a0 y <strong>Ricardo Cantor Bossa<\/strong>, Film Commissioner de <a href=\"https:\/\/www.filmingbogota.gov.co\/\" target=\"_blank\">Bogot\u00e1 Film Commission<\/a> abordar\u00e1n diferentes tem\u00e1ticas que den un punto de partida a una labor colaborativa entre Espa\u00f1a y Latinoamerica:\u00a0<em>\u00bfCu\u00e1l es el papel de las comisiones f\u00edlmicas en Latinoam\u00e9rica y Espa\u00f1a? \u00bfC\u00f3mo promueven sus destinos, infraestructura e incentivos?.\u00a0<\/em><\/span><\/span><span style=\"text-align:justify;font-family:arial, helvetica, sans-serif;font-size:14px;\">El panel ser\u00e1 moderado por\u00a0<\/span><span style=\"text-align:justify;font-size:14px;\"><strong>Steve Solot<\/strong>, presidente del\u00a0<strong>Latin American Training Center-LATC.<\/strong><\/span><\/p>\n<h4 style=\"text-align:justify;\"><u><strong><span style=\"font-size:16px;\"><span style=\"font-family:arial, helvetica, sans-serif;\">Acuerdo de colaboraci\u00f3n\u00a0LAFCN- SFC\u00a0<\/span><\/span><\/strong><\/u><\/h4>\n<p style=\"text-align:justify;\"><span style=\"font-family:arial, helvetica, sans-serif;\"><span style=\"font-size:14px;\">Al finalizar el panel, se formalizar\u00e1 la firma de un nuevo acuerdo de colaboraci\u00f3n\u00a0Spain Film Commission con la naciente red <a href=\"https:\/\/www.facebook.com\/latamfcn\/\" target=\"_blank\">Latin American &#038; Caribbean Film Commission Network<\/a> promovida por film commissions de <strong>Argentina, Sao Paulo, Rio de Janeiro, Colombia, Ciudad de M\u00e9xico, M\u00e9xico y Costa Rica<\/strong>.\u00a0<\/span><\/span><\/p>\n<p style=\"margin:0px 0px 10px;font-family:Arial, sans-serif;font-size:12px;text-align:justify;\"><span style=\"font-family:arial, helvetica, sans-serif;\"><span style=\"font-size:14px;\">Desde Spain Film Commission entendemos que Espa\u00f1a e Iberoam\u00e9rica y Portugal deben hacer valer el n\u00famero de sus habitantes ante las grandes productoras porque demandan obras audiovisuales que reflejen sus identidades.<\/span><\/span><\/p>\n<p style=\"margin:0px 0px 10px;font-family:Arial, sans-serif;font-size:12px;text-align:justify;\"><span style=\"font-family:arial, helvetica, sans-serif;\"><span style=\"font-size:14px;\">Un idioma que hablan cerca de 500 millones, 41 millones en USA y el portugu\u00e9s 260 millones,\u00a0nos exige trazar una estrategia para captar producciones a los pa\u00edses en que hay una ciudadan\u00eda que quiere verse en las pantallas.<\/span><\/span><\/p>\n<p style=\"margin:0px 0px 10px;font-family:Arial, sans-serif;font-size:12px;text-align:justify;\"><span style=\"font-family:arial, helvetica, sans-serif;\"><span style=\"font-size:14px;\">&#8220;<em>La firma nos alentar\u00e1\u00a0a compartir experiencias, a facilitar entre nosotros la transferencia del conocimiento de un medio que conocemos bien,\u00a0competimos lealmente pero todos juntos somos un gigante al que la industria audiovisual tiene que atender&#8221;<\/em>\u00a0ha expresado\u00a0<span style=\"font-weight:700;\">Carlos Rosado<\/span>, presidente de SFC.\u00a0<\/span><\/span><\/p>\n<p style=\"text-align:justify;\">\u00a0<\/p>\n<h4 style=\"text-align:justify;\"><span style=\"font-family:arial, helvetica, sans-serif;\"><span style=\"font-size:16px;\"><u><strong>Espa\u00f1a, Hub Audiovisual de Europa<\/strong><\/u><\/span><\/span><\/h4>\n<p><span style=\"font-family:arial, helvetica, sans-serif;\"><span style=\"font-size:14px;\">El Plan <strong>&#8220;Espa\u00f1a, Hub Audiovisual de Europa&#8221;<\/strong> movilizar\u00e1 unos recursos p\u00fablicos que ascienden a <strong>1.603M &#8364;<\/strong> y su meta es aumentar un 30% la producci\u00f3n audiovisual realizada en Espa\u00f1a. Spain Film Commission participa\u00a0en distintos foros profesionales,\u00a0para difundir el Hub Audiovisual Espa\u00f1ol, uno de los motores de reactivaci\u00f3n econ\u00f3mica puesta en marcha por el Gobierno de Espa\u00f1a y que adem\u00e1s de atraer rodajes internacionales al pa\u00eds, est\u00e1 centrado en promover las ventajas fiscales para concretar inversiones en el sector.\u00a0<\/span><\/span><\/p>\n<p><span style=\"font-size:14px;\"><span style=\"font-family:arial, helvetica, sans-serif;\">El plan recoge inversiones p\u00fablicas y reformas para lograr un impulso significativo de toda la cadena de valor de la industria audiovisual a partir de las fortalezas que posee Espa\u00f1a, tales como una industria audiovisual solvente, profesionales bien formados y de prestigio, una capacidad creativa reconocida mundialmente y una ventaja comparativa en el mercado global creciente de producci\u00f3n audiovisual en espa\u00f1ol<\/span>.\u00a0<\/span><\/p>\n<h4 style=\"font-family:Arial, sans-serif;font-weight:600;line-height:1.1;color:rgb(225,11,19);margin-top:20px;margin-bottom:10px;font-size:12px;text-transform:uppercase;text-align:justify;\"><span style=\"font-family:'lucida sans unicode', 'lucida grande', sans-serif;\"><span style=\"font-size:16px;\">#SHOOTINGINSPAIN <\/span><\/span><span style=\"font-size:16px;\">#WEMAKETHEMAGIC #SPAINAVHUB\u00a0<\/span><\/h4>\n","protected":false},"excerpt":{"rendered":"<p>Spain Film Commission presente en la edici\u00f3n 2022\u00a0 de Ventana Sur, el mercado de cine y televisi\u00f3n m\u00e1s grande de Am\u00e9rica Latina. El presidente, Carlos Rosado y Juan Manuel Guimerans, [&hellip;]<\/p>\n","protected":false},"author":2,"featured_media":8735,"comment_status":"closed","ping_status":"","sticky":false,"template":"","format":"standard","meta":{"footnotes":""},"categories":[38],"tags":[],"class_list":["post-8734","post","type-post","status-publish","format-standard","has-post-thumbnail","hentry","category-noticias"],"yoast_head":"<!-- This site is optimized with the Yoast SEO plugin v27.3 - https:\/\/yoast.com\/product\/yoast-seo-wordpress\/ -->\n<title>Spain Film Commission participa de la edici\u00f3n 2022 de Ventana Sur, junto a m\u00e1s de 100 profesionales del audiovisual espa\u00f1ol - Spain Film Commission<\/title>\n<meta name=\"robots\" content=\"index, follow, max-snippet:-1, max-image-preview:large, max-video-preview:-1\" \/>\n<link rel=\"canonical\" href=\"https:\/\/spainfilmcommission.com\/en\/blog\/spain-film-commission-participa-de-la-edicion-2022-de-ventana-sur-junto-a-mas-de-100-profesionales-del-audiovisual-espanol\/\" \/>\n<meta property=\"og:locale\" content=\"en_US\" \/>\n<meta property=\"og:type\" content=\"article\" \/>\n<meta property=\"og:title\" content=\"Spain Film Commission participa de la edici\u00f3n 2022 de Ventana Sur, junto a m\u00e1s de 100 profesionales del audiovisual espa\u00f1ol - Spain Film Commission\" \/>\n<meta property=\"og:description\" content=\"Spain Film Commission presente en la edici\u00f3n 2022\u00a0 de Ventana Sur, el mercado de cine y televisi\u00f3n m\u00e1s grande de Am\u00e9rica Latina. El presidente, Carlos Rosado y Juan Manuel Guimerans, [&hellip;]\" \/>\n<meta property=\"og:url\" content=\"https:\/\/spainfilmcommission.com\/en\/blog\/spain-film-commission-participa-de-la-edicion-2022-de-ventana-sur-junto-a-mas-de-100-profesionales-del-audiovisual-espanol\/\" \/>\n<meta property=\"og:site_name\" content=\"Spain Film Commission\" \/>\n<meta property=\"article:published_time\" content=\"2022-11-27T22:00:00+00:00\" \/>\n<meta property=\"article:modified_time\" content=\"2025-02-11T07:06:23+00:00\" \/>\n<meta property=\"og:image\" content=\"https:\/\/spainfilmcommission.com\/wp-content\/uploads\/2024\/11\/spain-film-commission-participa-de-la-edicion-2022-de-ventana-sur-junto-a-mas-de-100-profesionales-del-audiovisual-espanol-300.jpeg\" \/>\n\t<meta property=\"og:image:width\" content=\"1170\" \/>\n\t<meta property=\"og:image:height\" content=\"821\" \/>\n\t<meta property=\"og:image:type\" content=\"image\/jpeg\" \/>\n<meta name=\"author\" content=\"studio128k_dam\" \/>\n<meta name=\"twitter:card\" content=\"summary_large_image\" \/>\n<meta name=\"twitter:label1\" content=\"Written by\" \/>\n\t<meta name=\"twitter:data1\" content=\"studio128k_dam\" \/>\n\t<meta name=\"twitter:label2\" content=\"Est. reading time\" \/>\n\t<meta name=\"twitter:data2\" content=\"4 minutes\" \/>\n<script type=\"application\/ld+json\" class=\"yoast-schema-graph\">{\"@context\":\"https:\\\/\\\/schema.org\",\"@graph\":[{\"@type\":\"Article\",\"@id\":\"https:\\\/\\\/spainfilmcommission.com\\\/en\\\/blog\\\/spain-film-commission-participa-de-la-edicion-2022-de-ventana-sur-junto-a-mas-de-100-profesionales-del-audiovisual-espanol\\\/#article\",\"isPartOf\":{\"@id\":\"https:\\\/\\\/spainfilmcommission.com\\\/en\\\/blog\\\/spain-film-commission-participa-de-la-edicion-2022-de-ventana-sur-junto-a-mas-de-100-profesionales-del-audiovisual-espanol\\\/\"},\"author\":{\"name\":\"studio128k_dam\",\"@id\":\"https:\\\/\\\/spainfilmcommission.com\\\/en\\\/#\\\/schema\\\/person\\\/6c014ba6ceac198d178a6a9e61113c9d\"},\"headline\":\"Spain Film Commission participa de la edici\u00f3n 2022 de Ventana Sur, junto a m\u00e1s de 100 profesionales del audiovisual espa\u00f1ol\",\"datePublished\":\"2022-11-27T22:00:00+00:00\",\"dateModified\":\"2025-02-11T07:06:23+00:00\",\"mainEntityOfPage\":{\"@id\":\"https:\\\/\\\/spainfilmcommission.com\\\/en\\\/blog\\\/spain-film-commission-participa-de-la-edicion-2022-de-ventana-sur-junto-a-mas-de-100-profesionales-del-audiovisual-espanol\\\/\"},\"wordCount\":811,\"publisher\":{\"@id\":\"https:\\\/\\\/spainfilmcommission.com\\\/en\\\/#organization\"},\"image\":{\"@id\":\"https:\\\/\\\/spainfilmcommission.com\\\/en\\\/blog\\\/spain-film-commission-participa-de-la-edicion-2022-de-ventana-sur-junto-a-mas-de-100-profesionales-del-audiovisual-espanol\\\/#primaryimage\"},\"thumbnailUrl\":\"https:\\\/\\\/spainfilmcommission.com\\\/wp-content\\\/uploads\\\/2024\\\/11\\\/spain-film-commission-participa-de-la-edicion-2022-de-ventana-sur-junto-a-mas-de-100-profesionales-del-audiovisual-espanol-300.jpeg\",\"articleSection\":[\"Noticias\"],\"inLanguage\":\"en-US\"},{\"@type\":\"WebPage\",\"@id\":\"https:\\\/\\\/spainfilmcommission.com\\\/en\\\/blog\\\/spain-film-commission-participa-de-la-edicion-2022-de-ventana-sur-junto-a-mas-de-100-profesionales-del-audiovisual-espanol\\\/\",\"url\":\"https:\\\/\\\/spainfilmcommission.com\\\/en\\\/blog\\\/spain-film-commission-participa-de-la-edicion-2022-de-ventana-sur-junto-a-mas-de-100-profesionales-del-audiovisual-espanol\\\/\",\"name\":\"Spain Film Commission participa de la edici\u00f3n 2022 de Ventana Sur, junto a m\u00e1s de 100 profesionales del audiovisual espa\u00f1ol - Spain Film Commission\",\"isPartOf\":{\"@id\":\"https:\\\/\\\/spainfilmcommission.com\\\/en\\\/#website\"},\"primaryImageOfPage\":{\"@id\":\"https:\\\/\\\/spainfilmcommission.com\\\/en\\\/blog\\\/spain-film-commission-participa-de-la-edicion-2022-de-ventana-sur-junto-a-mas-de-100-profesionales-del-audiovisual-espanol\\\/#primaryimage\"},\"image\":{\"@id\":\"https:\\\/\\\/spainfilmcommission.com\\\/en\\\/blog\\\/spain-film-commission-participa-de-la-edicion-2022-de-ventana-sur-junto-a-mas-de-100-profesionales-del-audiovisual-espanol\\\/#primaryimage\"},\"thumbnailUrl\":\"https:\\\/\\\/spainfilmcommission.com\\\/wp-content\\\/uploads\\\/2024\\\/11\\\/spain-film-commission-participa-de-la-edicion-2022-de-ventana-sur-junto-a-mas-de-100-profesionales-del-audiovisual-espanol-300.jpeg\",\"datePublished\":\"2022-11-27T22:00:00+00:00\",\"dateModified\":\"2025-02-11T07:06:23+00:00\",\"breadcrumb\":{\"@id\":\"https:\\\/\\\/spainfilmcommission.com\\\/en\\\/blog\\\/spain-film-commission-participa-de-la-edicion-2022-de-ventana-sur-junto-a-mas-de-100-profesionales-del-audiovisual-espanol\\\/#breadcrumb\"},\"inLanguage\":\"en-US\",\"potentialAction\":[{\"@type\":\"ReadAction\",\"target\":[\"https:\\\/\\\/spainfilmcommission.com\\\/en\\\/blog\\\/spain-film-commission-participa-de-la-edicion-2022-de-ventana-sur-junto-a-mas-de-100-profesionales-del-audiovisual-espanol\\\/\"]}]},{\"@type\":\"ImageObject\",\"inLanguage\":\"en-US\",\"@id\":\"https:\\\/\\\/spainfilmcommission.com\\\/en\\\/blog\\\/spain-film-commission-participa-de-la-edicion-2022-de-ventana-sur-junto-a-mas-de-100-profesionales-del-audiovisual-espanol\\\/#primaryimage\",\"url\":\"https:\\\/\\\/spainfilmcommission.com\\\/wp-content\\\/uploads\\\/2024\\\/11\\\/spain-film-commission-participa-de-la-edicion-2022-de-ventana-sur-junto-a-mas-de-100-profesionales-del-audiovisual-espanol-300.jpeg\",\"contentUrl\":\"https:\\\/\\\/spainfilmcommission.com\\\/wp-content\\\/uploads\\\/2024\\\/11\\\/spain-film-commission-participa-de-la-edicion-2022-de-ventana-sur-junto-a-mas-de-100-profesionales-del-audiovisual-espanol-300.jpeg\",\"width\":1170,\"height\":821},{\"@type\":\"BreadcrumbList\",\"@id\":\"https:\\\/\\\/spainfilmcommission.com\\\/en\\\/blog\\\/spain-film-commission-participa-de-la-edicion-2022-de-ventana-sur-junto-a-mas-de-100-profesionales-del-audiovisual-espanol\\\/#breadcrumb\",\"itemListElement\":[{\"@type\":\"ListItem\",\"position\":1,\"name\":\"Portada\",\"item\":\"https:\\\/\\\/spainfilmcommission.com\\\/en\\\/\"},{\"@type\":\"ListItem\",\"position\":2,\"name\":\"Spain Film Commission participa de la edici\u00f3n 2022 de Ventana Sur, junto a m\u00e1s de 100 profesionales del audiovisual espa\u00f1ol\"}]},{\"@type\":\"WebSite\",\"@id\":\"https:\\\/\\\/spainfilmcommission.com\\\/en\\\/#website\",\"url\":\"https:\\\/\\\/spainfilmcommission.com\\\/en\\\/\",\"name\":\"Spain Film Commission\",\"description\":\"\",\"publisher\":{\"@id\":\"https:\\\/\\\/spainfilmcommission.com\\\/en\\\/#organization\"},\"potentialAction\":[{\"@type\":\"SearchAction\",\"target\":{\"@type\":\"EntryPoint\",\"urlTemplate\":\"https:\\\/\\\/spainfilmcommission.com\\\/en\\\/?s={search_term_string}\"},\"query-input\":{\"@type\":\"PropertyValueSpecification\",\"valueRequired\":true,\"valueName\":\"search_term_string\"}}],\"inLanguage\":\"en-US\"},{\"@type\":\"Organization\",\"@id\":\"https:\\\/\\\/spainfilmcommission.com\\\/en\\\/#organization\",\"name\":\"Spain Film Commission\",\"url\":\"https:\\\/\\\/spainfilmcommission.com\\\/en\\\/\",\"logo\":{\"@type\":\"ImageObject\",\"inLanguage\":\"en-US\",\"@id\":\"https:\\\/\\\/spainfilmcommission.com\\\/en\\\/#\\\/schema\\\/logo\\\/image\\\/\",\"url\":\"https:\\\/\\\/spainfilmcommission.com\\\/wp-content\\\/uploads\\\/2024\\\/07\\\/SPC_COLOR.png\",\"contentUrl\":\"https:\\\/\\\/spainfilmcommission.com\\\/wp-content\\\/uploads\\\/2024\\\/07\\\/SPC_COLOR.png\",\"width\":1665,\"height\":1665,\"caption\":\"Spain Film Commission\"},\"image\":{\"@id\":\"https:\\\/\\\/spainfilmcommission.com\\\/en\\\/#\\\/schema\\\/logo\\\/image\\\/\"}},{\"@type\":\"Person\",\"@id\":\"https:\\\/\\\/spainfilmcommission.com\\\/en\\\/#\\\/schema\\\/person\\\/6c014ba6ceac198d178a6a9e61113c9d\",\"name\":\"studio128k_dam\",\"image\":{\"@type\":\"ImageObject\",\"inLanguage\":\"en-US\",\"@id\":\"https:\\\/\\\/secure.gravatar.com\\\/avatar\\\/810f99144a13522c24aa173f9cd8bf079d0e89758af00b5f2938443cd51b31e9?s=96&d=mm&r=g\",\"url\":\"https:\\\/\\\/secure.gravatar.com\\\/avatar\\\/810f99144a13522c24aa173f9cd8bf079d0e89758af00b5f2938443cd51b31e9?s=96&d=mm&r=g\",\"contentUrl\":\"https:\\\/\\\/secure.gravatar.com\\\/avatar\\\/810f99144a13522c24aa173f9cd8bf079d0e89758af00b5f2938443cd51b31e9?s=96&d=mm&r=g\",\"caption\":\"studio128k_dam\"}}]}<\/script>\n<!-- \/ Yoast SEO plugin. -->","yoast_head_json":{"title":"Spain Film Commission participa de la edici\u00f3n 2022 de Ventana Sur, junto a m\u00e1s de 100 profesionales del audiovisual espa\u00f1ol - Spain Film Commission","robots":{"index":"index","follow":"follow","max-snippet":"max-snippet:-1","max-image-preview":"max-image-preview:large","max-video-preview":"max-video-preview:-1"},"canonical":"https:\/\/spainfilmcommission.com\/en\/blog\/spain-film-commission-participa-de-la-edicion-2022-de-ventana-sur-junto-a-mas-de-100-profesionales-del-audiovisual-espanol\/","og_locale":"en_US","og_type":"article","og_title":"Spain Film Commission participa de la edici\u00f3n 2022 de Ventana Sur, junto a m\u00e1s de 100 profesionales del audiovisual espa\u00f1ol - Spain Film Commission","og_description":"Spain Film Commission presente en la edici\u00f3n 2022\u00a0 de Ventana Sur, el mercado de cine y televisi\u00f3n m\u00e1s grande de Am\u00e9rica Latina. El presidente, Carlos Rosado y Juan Manuel Guimerans, [&hellip;]","og_url":"https:\/\/spainfilmcommission.com\/en\/blog\/spain-film-commission-participa-de-la-edicion-2022-de-ventana-sur-junto-a-mas-de-100-profesionales-del-audiovisual-espanol\/","og_site_name":"Spain Film Commission","article_published_time":"2022-11-27T22:00:00+00:00","article_modified_time":"2025-02-11T07:06:23+00:00","og_image":[{"width":1170,"height":821,"url":"https:\/\/spainfilmcommission.com\/wp-content\/uploads\/2024\/11\/spain-film-commission-participa-de-la-edicion-2022-de-ventana-sur-junto-a-mas-de-100-profesionales-del-audiovisual-espanol-300.jpeg","type":"image\/jpeg"}],"author":"studio128k_dam","twitter_card":"summary_large_image","twitter_misc":{"Written by":"studio128k_dam","Est. reading time":"4 minutes"},"schema":{"@context":"https:\/\/schema.org","@graph":[{"@type":"Article","@id":"https:\/\/spainfilmcommission.com\/en\/blog\/spain-film-commission-participa-de-la-edicion-2022-de-ventana-sur-junto-a-mas-de-100-profesionales-del-audiovisual-espanol\/#article","isPartOf":{"@id":"https:\/\/spainfilmcommission.com\/en\/blog\/spain-film-commission-participa-de-la-edicion-2022-de-ventana-sur-junto-a-mas-de-100-profesionales-del-audiovisual-espanol\/"},"author":{"name":"studio128k_dam","@id":"https:\/\/spainfilmcommission.com\/en\/#\/schema\/person\/6c014ba6ceac198d178a6a9e61113c9d"},"headline":"Spain Film Commission participa de la edici\u00f3n 2022 de Ventana Sur, junto a m\u00e1s de 100 profesionales del audiovisual espa\u00f1ol","datePublished":"2022-11-27T22:00:00+00:00","dateModified":"2025-02-11T07:06:23+00:00","mainEntityOfPage":{"@id":"https:\/\/spainfilmcommission.com\/en\/blog\/spain-film-commission-participa-de-la-edicion-2022-de-ventana-sur-junto-a-mas-de-100-profesionales-del-audiovisual-espanol\/"},"wordCount":811,"publisher":{"@id":"https:\/\/spainfilmcommission.com\/en\/#organization"},"image":{"@id":"https:\/\/spainfilmcommission.com\/en\/blog\/spain-film-commission-participa-de-la-edicion-2022-de-ventana-sur-junto-a-mas-de-100-profesionales-del-audiovisual-espanol\/#primaryimage"},"thumbnailUrl":"https:\/\/spainfilmcommission.com\/wp-content\/uploads\/2024\/11\/spain-film-commission-participa-de-la-edicion-2022-de-ventana-sur-junto-a-mas-de-100-profesionales-del-audiovisual-espanol-300.jpeg","articleSection":["Noticias"],"inLanguage":"en-US"},{"@type":"WebPage","@id":"https:\/\/spainfilmcommission.com\/en\/blog\/spain-film-commission-participa-de-la-edicion-2022-de-ventana-sur-junto-a-mas-de-100-profesionales-del-audiovisual-espanol\/","url":"https:\/\/spainfilmcommission.com\/en\/blog\/spain-film-commission-participa-de-la-edicion-2022-de-ventana-sur-junto-a-mas-de-100-profesionales-del-audiovisual-espanol\/","name":"Spain Film Commission participa de la edici\u00f3n 2022 de Ventana Sur, junto a m\u00e1s de 100 profesionales del audiovisual espa\u00f1ol - Spain Film Commission","isPartOf":{"@id":"https:\/\/spainfilmcommission.com\/en\/#website"},"primaryImageOfPage":{"@id":"https:\/\/spainfilmcommission.com\/en\/blog\/spain-film-commission-participa-de-la-edicion-2022-de-ventana-sur-junto-a-mas-de-100-profesionales-del-audiovisual-espanol\/#primaryimage"},"image":{"@id":"https:\/\/spainfilmcommission.com\/en\/blog\/spain-film-commission-participa-de-la-edicion-2022-de-ventana-sur-junto-a-mas-de-100-profesionales-del-audiovisual-espanol\/#primaryimage"},"thumbnailUrl":"https:\/\/spainfilmcommission.com\/wp-content\/uploads\/2024\/11\/spain-film-commission-participa-de-la-edicion-2022-de-ventana-sur-junto-a-mas-de-100-profesionales-del-audiovisual-espanol-300.jpeg","datePublished":"2022-11-27T22:00:00+00:00","dateModified":"2025-02-11T07:06:23+00:00","breadcrumb":{"@id":"https:\/\/spainfilmcommission.com\/en\/blog\/spain-film-commission-participa-de-la-edicion-2022-de-ventana-sur-junto-a-mas-de-100-profesionales-del-audiovisual-espanol\/#breadcrumb"},"inLanguage":"en-US","potentialAction":[{"@type":"ReadAction","target":["https:\/\/spainfilmcommission.com\/en\/blog\/spain-film-commission-participa-de-la-edicion-2022-de-ventana-sur-junto-a-mas-de-100-profesionales-del-audiovisual-espanol\/"]}]},{"@type":"ImageObject","inLanguage":"en-US","@id":"https:\/\/spainfilmcommission.com\/en\/blog\/spain-film-commission-participa-de-la-edicion-2022-de-ventana-sur-junto-a-mas-de-100-profesionales-del-audiovisual-espanol\/#primaryimage","url":"https:\/\/spainfilmcommission.com\/wp-content\/uploads\/2024\/11\/spain-film-commission-participa-de-la-edicion-2022-de-ventana-sur-junto-a-mas-de-100-profesionales-del-audiovisual-espanol-300.jpeg","contentUrl":"https:\/\/spainfilmcommission.com\/wp-content\/uploads\/2024\/11\/spain-film-commission-participa-de-la-edicion-2022-de-ventana-sur-junto-a-mas-de-100-profesionales-del-audiovisual-espanol-300.jpeg","width":1170,"height":821},{"@type":"BreadcrumbList","@id":"https:\/\/spainfilmcommission.com\/en\/blog\/spain-film-commission-participa-de-la-edicion-2022-de-ventana-sur-junto-a-mas-de-100-profesionales-del-audiovisual-espanol\/#breadcrumb","itemListElement":[{"@type":"ListItem","position":1,"name":"Portada","item":"https:\/\/spainfilmcommission.com\/en\/"},{"@type":"ListItem","position":2,"name":"Spain Film Commission participa de la edici\u00f3n 2022 de Ventana Sur, junto a m\u00e1s de 100 profesionales del audiovisual espa\u00f1ol"}]},{"@type":"WebSite","@id":"https:\/\/spainfilmcommission.com\/en\/#website","url":"https:\/\/spainfilmcommission.com\/en\/","name":"Spain Film Commission","description":"","publisher":{"@id":"https:\/\/spainfilmcommission.com\/en\/#organization"},"potentialAction":[{"@type":"SearchAction","target":{"@type":"EntryPoint","urlTemplate":"https:\/\/spainfilmcommission.com\/en\/?s={search_term_string}"},"query-input":{"@type":"PropertyValueSpecification","valueRequired":true,"valueName":"search_term_string"}}],"inLanguage":"en-US"},{"@type":"Organization","@id":"https:\/\/spainfilmcommission.com\/en\/#organization","name":"Spain Film Commission","url":"https:\/\/spainfilmcommission.com\/en\/","logo":{"@type":"ImageObject","inLanguage":"en-US","@id":"https:\/\/spainfilmcommission.com\/en\/#\/schema\/logo\/image\/","url":"https:\/\/spainfilmcommission.com\/wp-content\/uploads\/2024\/07\/SPC_COLOR.png","contentUrl":"https:\/\/spainfilmcommission.com\/wp-content\/uploads\/2024\/07\/SPC_COLOR.png","width":1665,"height":1665,"caption":"Spain Film Commission"},"image":{"@id":"https:\/\/spainfilmcommission.com\/en\/#\/schema\/logo\/image\/"}},{"@type":"Person","@id":"https:\/\/spainfilmcommission.com\/en\/#\/schema\/person\/6c014ba6ceac198d178a6a9e61113c9d","name":"studio128k_dam","image":{"@type":"ImageObject","inLanguage":"en-US","@id":"https:\/\/secure.gravatar.com\/avatar\/810f99144a13522c24aa173f9cd8bf079d0e89758af00b5f2938443cd51b31e9?s=96&d=mm&r=g","url":"https:\/\/secure.gravatar.com\/avatar\/810f99144a13522c24aa173f9cd8bf079d0e89758af00b5f2938443cd51b31e9?s=96&d=mm&r=g","contentUrl":"https:\/\/secure.gravatar.com\/avatar\/810f99144a13522c24aa173f9cd8bf079d0e89758af00b5f2938443cd51b31e9?s=96&d=mm&r=g","caption":"studio128k_dam"}}]}},"_links":{"self":[{"href":"https:\/\/spainfilmcommission.com\/en\/wp-json\/wp\/v2\/posts\/8734","targetHints":{"allow":["GET"]}}],"collection":[{"href":"https:\/\/spainfilmcommission.com\/en\/wp-json\/wp\/v2\/posts"}],"about":[{"href":"https:\/\/spainfilmcommission.com\/en\/wp-json\/wp\/v2\/types\/post"}],"author":[{"embeddable":true,"href":"https:\/\/spainfilmcommission.com\/en\/wp-json\/wp\/v2\/users\/2"}],"replies":[{"embeddable":true,"href":"https:\/\/spainfilmcommission.com\/en\/wp-json\/wp\/v2\/comments?post=8734"}],"version-history":[{"count":0,"href":"https:\/\/spainfilmcommission.com\/en\/wp-json\/wp\/v2\/posts\/8734\/revisions"}],"wp:featuredmedia":[{"embeddable":true,"href":"https:\/\/spainfilmcommission.com\/en\/wp-json\/wp\/v2\/media\/8735"}],"wp:attachment":[{"href":"https:\/\/spainfilmcommission.com\/en\/wp-json\/wp\/v2\/media?parent=8734"}],"wp:term":[{"taxonomy":"category","embeddable":true,"href":"https:\/\/spainfilmcommission.com\/en\/wp-json\/wp\/v2\/categories?post=8734"},{"taxonomy":"post_tag","embeddable":true,"href":"https:\/\/spainfilmcommission.com\/en\/wp-json\/wp\/v2\/tags?post=8734"}],"curies":[{"name":"wp","href":"https:\/\/api.w.org\/{rel}","templated":true}]}}