{"id":8725,"date":"2022-11-21T00:00:00","date_gmt":"2022-11-20T22:00:00","guid":{"rendered":"https:\/\/sfc.com\/importante-presencia-de-la-delegacion-espanola-en-el-international-film-festival-of-india-y-en-el-film-bazaar\/"},"modified":"2025-02-11T08:06:24","modified_gmt":"2025-02-11T07:06:24","slug":"importante-presencia-de-la-delegacion-espanola-en-el-international-film-festival-of-india-y-en-el-film-bazaar","status":"publish","type":"post","link":"https:\/\/spainfilmcommission.com\/en\/blog\/importante-presencia-de-la-delegacion-espanola-en-el-international-film-festival-of-india-y-en-el-film-bazaar\/","title":{"rendered":"Importante presencia de la delegaci\u00f3n espa\u00f1ola en el International Film Festival of India y en el Film Bazaar"},"content":{"rendered":"<p dir=\"ltr\" style=\"line-height:1.2;text-align:justify;margin-top:0pt;margin-bottom:8pt;\"><span id=\"docs-internal-guid-620e6638-7fff-757a-03c8-31c58ff7a0b6\"><span style=\"font-size:12pt;font-family:Arial;color:rgb(0,0,0);background-color:transparent;vertical-align:baseline;white-space:pre-wrap;\">La acci\u00f3n <\/span><span style=\"font-size:12pt;font-family:Arial;color:rgb(0,0,0);background-color:transparent;font-weight:700;vertical-align:baseline;white-space:pre-wrap;\">Shooting in Spain &#8211; Focus on India 2022<\/span><span style=\"font-size:12pt;font-family:Arial;color:rgb(0,0,0);background-color:transparent;vertical-align:baseline;white-space:pre-wrap;\">, que <\/span><span style=\"font-size:12pt;font-family:Arial;color:rgb(0,0,0);background-color:transparent;font-weight:700;vertical-align:baseline;white-space:pre-wrap;\">desarrollan Spain Film Commission y Casa de la India<\/span><span style=\"font-size:12pt;font-family:Arial;color:rgb(0,0,0);background-color:transparent;vertical-align:baseline;white-space:pre-wrap;\"> en el marco del <\/span><span style=\"font-size:12pt;font-family:Arial;color:rgb(0,0,0);background-color:transparent;font-weight:700;vertical-align:baseline;white-space:pre-wrap;\">Plan Spain AVS Hub, del Gobierno de Espa\u00f1a<\/span><span style=\"font-size:12pt;font-family:Arial;color:rgb(0,0,0);background-color:transparent;vertical-align:baseline;white-space:pre-wrap;\">, llega a su tercera etapa con su participaci\u00f3n en el\u00a0 <\/span><a href=\"https:\/\/iffigoa.org\/\"><span style=\"font-size:12pt;font-family:Arial;color:rgb(17,85,204);background-color:transparent;font-weight:700;vertical-align:baseline;white-space:pre-wrap;\">International Film Festival of India<\/span><\/a><span style=\"font-size:12pt;font-family:Arial;color:rgb(0,0,0);background-color:transparent;font-weight:700;vertical-align:baseline;white-space:pre-wrap;\"> (IFFI) y <\/span><a href=\"https:\/\/filmbazaarindia.com\/\"><span style=\"font-size:12pt;font-family:Arial;color:rgb(17,85,204);background-color:transparent;font-weight:700;vertical-align:baseline;white-space:pre-wrap;\">Film Bazaar<\/span><\/a><span style=\"font-size:12pt;font-family:Arial;color:rgb(0,0,0);background-color:transparent;vertical-align:baseline;white-space:pre-wrap;\">, de Goa.<\/span><\/span><\/p>\n<p dir=\"ltr\" style=\"line-height:1.2;text-align:justify;margin-top:0pt;margin-bottom:8pt;\"><span><span style=\"font-size:12pt;font-family:Arial;color:rgb(0,0,0);background-color:transparent;vertical-align:baseline;white-space:pre-wrap;\">El Film Bazaar, el mayor mercado audiovisual del sur de Asia, y la 53 edici\u00f3n de IFFI, son organizados por el <\/span><a href=\"https:\/\/mib.gov.in\/\"><span style=\"font-size:12pt;font-family:Arial;color:rgb(17,85,204);background-color:transparent;font-weight:700;vertical-align:baseline;white-space:pre-wrap;\">Ministry of Information &#038; Broadcasting<\/span><\/a><span style=\"font-size:12pt;font-family:Arial;color:rgb(0,0,0);background-color:transparent;font-weight:700;vertical-align:baseline;white-space:pre-wrap;\">, y el <\/span><a href=\"https:\/\/www.nfdcindia.com\/\"><span style=\"font-size:12pt;font-family:Arial;color:rgb(17,85,204);background-color:transparent;font-weight:700;vertical-align:baseline;white-space:pre-wrap;\">NFDC<\/span><\/a><span style=\"font-size:12pt;font-family:Arial;color:rgb(0,0,0);background-color:transparent;font-weight:700;vertical-align:baseline;white-space:pre-wrap;\">,<\/span><span style=\"font-size:12pt;font-family:Arial;color:rgb(0,0,0);background-color:transparent;vertical-align:baseline;white-space:pre-wrap;\"> entidades indias que han generado la invitaci\u00f3n a SFC para que esta acci\u00f3n haya podido desarrollarse.<\/span><\/span><\/p>\n<p dir=\"ltr\" style=\"line-height:1.2;text-align:justify;margin-top:0pt;margin-bottom:8pt;\"><span><span style=\"font-size:12pt;font-family:Arial;color:rgb(0,0,0);background-color:transparent;vertical-align:baseline;white-space:pre-wrap;\">El IFFI, fundado en 1952, alcanza en 2022 su 53\u00aa edici\u00f3n, y no solo es uno de los festivales internacionales de clase A, a la que pertenecen iconos mundiales como Cannes, Berl\u00edn, Venecia o Toronto, sino que en esta edici\u00f3n presta una especial atenci\u00f3n al audiovisual espa\u00f1ol, tanto en su vertiente creativa como industrial.\u00a0<\/span><\/span><\/p>\n<p dir=\"ltr\" style=\"line-height:1.2;text-align:justify;margin-top:0pt;margin-bottom:8pt;\"><span><span style=\"font-size:12pt;font-family:Arial;color:rgb(0,0,0);background-color:transparent;vertical-align:baseline;white-space:pre-wrap;\">SFC, CDLI y una amplia delegaci\u00f3n espa\u00f1ola, compuesta por representantes de la <\/span><span style=\"font-size:12pt;font-family:Arial;color:rgb(0,0,0);background-color:transparent;font-weight:700;vertical-align:baseline;white-space:pre-wrap;\">Embajada espa\u00f1ola en Delhi, el Consulado general en Mumbai<\/span><span style=\"font-size:12pt;font-family:Arial;color:rgb(0,0,0);background-color:transparent;vertical-align:baseline;white-space:pre-wrap;\">, y las oficinas especializadas de <\/span><span style=\"font-size:12pt;font-family:Arial;color:rgb(0,0,0);background-color:transparent;font-weight:700;vertical-align:baseline;white-space:pre-wrap;\">ICEX y TURESPA\u00d1A<\/span><span style=\"font-size:12pt;font-family:Arial;color:rgb(0,0,0);background-color:transparent;vertical-align:baseline;white-space:pre-wrap;\"> en Mumbai, a las que se unieron diversos productores y cineastas espa\u00f1oles, participaron en la inauguraci\u00f3n oficial el domingo 20, del Festival, en la que se realiz\u00f3 un homenaje especial al cineasta espa\u00f1ol, <\/span><span style=\"font-size:12pt;font-family:Arial;color:rgb(0,0,0);background-color:transparent;font-weight:700;font-style:italic;vertical-align:baseline;white-space:pre-wrap;\">Carlos Saura<\/span><span style=\"font-size:12pt;font-family:Arial;color:rgb(0,0,0);background-color:transparent;vertical-align:baseline;white-space:pre-wrap;\">, que ser\u00e1 reconocido con el m\u00e1ximo premio de India en la materia: el <\/span><span style=\"font-size:12pt;font-family:Arial;color:rgb(0,0,0);background-color:transparent;font-weight:700;font-style:italic;vertical-align:baseline;white-space:pre-wrap;\">&#8220;IFFI Satyajit Ray Lifetime Achievement Award&#8221;<\/span><span style=\"font-size:12pt;font-family:Arial;color:rgb(0,0,0);background-color:transparent;vertical-align:baseline;white-space:pre-wrap;\">, que recogi\u00f3 su hija, <\/span><span style=\"font-size:12pt;font-family:Arial;color:rgb(0,0,0);background-color:transparent;font-weight:700;font-style:italic;vertical-align:baseline;white-space:pre-wrap;\">Anna Saura<\/span><span style=\"font-size:12pt;font-family:Arial;color:rgb(0,0,0);background-color:transparent;vertical-align:baseline;white-space:pre-wrap;\">, productora de Morena Films, en su nombre. El homenaje se complet\u00f3 con la interpretaci\u00f3n de un n\u00famero del espect\u00e1culo esc\u00e9nico <\/span><span style=\"font-size:12pt;font-family:Arial;color:rgb(0,0,0);background-color:transparent;font-weight:700;font-style:italic;vertical-align:baseline;white-space:pre-wrap;\">&#8220;Flamenco-India&#8221;,<\/span><span style=\"font-size:12pt;font-family:Arial;color:rgb(0,0,0);background-color:transparent;vertical-align:baseline;white-space:pre-wrap;\"> obra del propio Carlos Saura, estrenado mundialmente en Valladolid en 2015, y que supone la m\u00e1xima expresi\u00f3n de la fusi\u00f3n entre las culturas musicales de ambos pa\u00edses.\u00a0<\/span><\/span><\/p>\n<p dir=\"ltr\" style=\"line-height:1.2;text-align:justify;margin-top:0pt;margin-bottom:8pt;\"><span><span style=\"font-size:12pt;font-family:Arial;color:rgb(0,0,0);background-color:transparent;vertical-align:baseline;white-space:pre-wrap;\">Entre otros ejemplos de la amplia presencia espa\u00f1ola en esta edici\u00f3n del IFFI, encontramos la propia retrospectiva sobre la cinematograf\u00eda de Carlos Saura que el festival ha programado, con 7 t\u00edtulos, junto con una muestra del cine espa\u00f1ol m\u00e1s reciente, compuesta por 8 pel\u00edculas de nacionalidad espa\u00f1ola.A su vez un proyecto espa\u00f1ol ha sido seleccionado para un selecto grupo de tan solo 20 proyectos que se incorpora a la secci\u00f3n de coproducciones del Film Bazaar, y en la secci\u00f3n &#8220;Knowledge Series&#8221; se incluye una presentaci\u00f3n espec\u00edfica titulada: <\/span><span style=\"font-size:12pt;font-family:Arial;color:rgb(0,0,0);background-color:transparent;font-weight:700;vertical-align:baseline;white-space:pre-wrap;\">&#8220;Coproducing and Filming in Spain, the NEW European AVS Hub&#8221;.\u00a0<\/span><\/span><\/p>\n<p dir=\"ltr\" style=\"line-height:1.2;text-align:justify;margin-top:0pt;margin-bottom:8pt;\"><span><span style=\"font-size:12pt;font-family:Arial;color:rgb(0,0,0);background-color:transparent;vertical-align:baseline;white-space:pre-wrap;\">Tambi\u00e9n hubo presencia espa\u00f1ola en el Jurado Internacional de la 53 IFFI, en la persona de<\/span><span style=\"font-size:12pt;font-family:Arial;color:rgb(0,0,0);background-color:transparent;font-weight:700;font-style:italic;vertical-align:baseline;white-space:pre-wrap;\"> Javier Angulo<\/span><span style=\"font-size:12pt;font-family:Arial;color:rgb(0,0,0);background-color:transparent;vertical-align:baseline;white-space:pre-wrap;\">, Periodista y Cineasta espa\u00f1ol, y Director del Festival Internacional de Cine de Valladolid (<\/span><span style=\"font-size:12pt;font-family:Arial;color:rgb(0,0,0);background-color:transparent;font-weight:700;vertical-align:baseline;white-space:pre-wrap;\">SEMINCI<\/span><span style=\"font-size:12pt;font-family:Arial;color:rgb(0,0,0);background-color:transparent;vertical-align:baseline;white-space:pre-wrap;\">), desde hace m\u00e1s de una d\u00e9cada.<\/span><\/span><\/p>\n<p dir=\"ltr\" style=\"line-height:1.2;text-align:justify;margin-top:0pt;margin-bottom:8pt;\"><span><span style=\"font-size:12pt;font-family:Arial;color:rgb(0,0,0);background-color:transparent;vertical-align:baseline;white-space:pre-wrap;\">La delegaci\u00f3n espa\u00f1ola contin\u00faa en Goa hoy 21 de noviembre, en el marco del 53 <\/span><span style=\"font-size:12pt;font-family:Arial;color:rgb(0,0,0);background-color:transparent;font-weight:700;vertical-align:baseline;white-space:pre-wrap;\">International Film Festival of India (IFFI) y Film Bazaar<\/span><span style=\"font-size:12pt;font-family:Arial;color:rgb(0,0,0);background-color:transparent;vertical-align:baseline;white-space:pre-wrap;\">, en los que la presencia de Espa\u00f1a ha sido estelar.<\/span><\/span><\/p>\n<p dir=\"ltr\" style=\"line-height:1.2;text-align:justify;margin-top:0pt;margin-bottom:8pt;\"><span><span style=\"font-size:12pt;font-family:Arial;color:rgb(0,0,0);background-color:transparent;vertical-align:baseline;white-space:pre-wrap;\">En la ma\u00f1ana se desarrollaron importantes reuniones con productoras de Cine y TV indias, incluyendo una con <\/span><span style=\"font-size:12pt;font-family:Arial;color:rgb(0,0,0);background-color:transparent;font-weight:700;font-style:italic;vertical-align:baseline;white-space:pre-wrap;\">Joseph Sabbas y Andre Timmins<\/span><span style=\"font-size:12pt;font-family:Arial;color:rgb(0,0,0);background-color:transparent;vertical-align:baseline;white-space:pre-wrap;\">, co-founders y directores<\/span><span style=\"font-size:12pt;font-family:Arial;color:rgb(0,0,0);background-color:transparent;font-weight:700;vertical-align:baseline;white-space:pre-wrap;\"> de Wizcraft<\/span><span style=\"font-size:12pt;font-family:Arial;color:rgb(0,0,0);background-color:transparent;vertical-align:baseline;white-space:pre-wrap;\"> organizadores <\/span><span style=\"font-size:12pt;font-family:Arial;color:rgb(0,0,0);background-color:transparent;font-weight:700;vertical-align:baseline;white-space:pre-wrap;\">premios IIFA<\/span><span style=\"font-size:12pt;font-family:Arial;color:rgb(0,0,0);background-color:transparent;vertical-align:baseline;white-space:pre-wrap;\">, tambi\u00e9n acudi\u00f3 a apoyar la sesi\u00f3n de pitch del equipo espa\u00f1ol de producci\u00f3n de &#8220;<\/span><span style=\"font-size:12pt;font-family:Arial;color:rgb(0,0,0);background-color:transparent;font-weight:700;vertical-align:baseline;white-space:pre-wrap;\">Anita Delgado, Princess of Kapurthala<\/span><span style=\"font-size:12pt;font-family:Arial;color:rgb(0,0,0);background-color:transparent;vertical-align:baseline;white-space:pre-wrap;\">, en el Co-production Market del Film Bazaar.<\/span><\/span><\/p>\n<p dir=\"ltr\" style=\"line-height:1.2;text-align:justify;margin-top:0pt;margin-bottom:8pt;\"><span><span style=\"font-size:12pt;font-family:Arial;color:rgb(0,0,0);background-color:transparent;vertical-align:baseline;white-space:pre-wrap;\">Por la tarde, tambi\u00e9n el Film Bazaar en su secci\u00f3n &#8220;Knowledge Series&#8221;, tuvo lugar la cuarta de las presentaciones a productoras indias incluidas en la agenda, con un debate titulado <\/span><span style=\"font-size:12pt;font-family:Arial;color:rgb(0,0,0);background-color:transparent;font-weight:700;vertical-align:baseline;white-space:pre-wrap;\">&#8220;Coproducing and Filming in Spain, the NEW European AVS Hub&#8221;<\/span><span style=\"font-size:12pt;font-family:Arial;color:rgb(0,0,0);background-color:transparent;font-weight:700;font-style:italic;vertical-align:baseline;white-space:pre-wrap;\">, <\/span><span style=\"font-size:12pt;font-family:Arial;color:rgb(0,0,0);background-color:transparent;vertical-align:baseline;white-space:pre-wrap;\">que cont\u00f3 con la participaci\u00f3n de<\/span><span style=\"font-size:12pt;font-family:Arial;color:rgb(0,0,0);background-color:transparent;font-weight:700;font-style:italic;vertical-align:baseline;white-space:pre-wrap;\"> <\/span><span style=\"font-size:12pt;font-family:Arial;color:rgb(0,0,0);background-color:transparent;font-weight:700;vertical-align:baseline;white-space:pre-wrap;\">Carlos Rosado<\/span><span style=\"font-size:12pt;font-family:Arial;color:rgb(0,0,0);background-color:transparent;vertical-align:baseline;white-space:pre-wrap;\">, presidente de SFC; <\/span><span style=\"font-size:12pt;font-family:Arial;color:rgb(0,0,0);background-color:transparent;font-weight:700;vertical-align:baseline;white-space:pre-wrap;\">Juan Manuel Guimer\u00e1ns<\/span><span style=\"font-size:12pt;font-family:Arial;color:rgb(0,0,0);background-color:transparent;font-weight:700;font-style:italic;vertical-align:baseline;white-space:pre-wrap;\">, <\/span><span style=\"font-size:12pt;font-family:Arial;color:rgb(0,0,0);background-color:transparent;vertical-align:baseline;white-space:pre-wrap;\">Secretario general; <\/span><span style=\"font-size:12pt;font-family:Arial;color:rgb(0,0,0);background-color:transparent;font-weight:700;vertical-align:baseline;white-space:pre-wrap;\">Guillermo Rodr\u00edguez<\/span><span style=\"font-size:12pt;font-family:Arial;color:rgb(0,0,0);background-color:transparent;vertical-align:baseline;white-space:pre-wrap;\">, director de la Fundaci\u00f3n Casa de la Indi-, y Mr. <\/span><span style=\"font-size:12pt;font-family:Arial;color:rgb(0,0,0);background-color:transparent;font-weight:700;vertical-align:baseline;white-space:pre-wrap;\">Ravi Kottarakara<\/span><span style=\"font-size:12pt;font-family:Arial;color:rgb(0,0,0);background-color:transparent;vertical-align:baseline;white-space:pre-wrap;\">, presidente honorario de la <\/span><span style=\"font-size:12pt;font-family:Arial;color:rgb(0,0,0);background-color:transparent;font-weight:700;vertical-align:baseline;white-space:pre-wrap;\">South India Film Chamber of Commerce.<\/span><\/span><\/p>\n<p dir=\"ltr\" style=\"line-height:1.2;text-align:justify;margin-top:0pt;margin-bottom:8pt;\"><span><span style=\"font-size:12pt;font-family:Arial;color:rgb(0,0,0);background-color:transparent;vertical-align:baseline;white-space:pre-wrap;\">La South India Film Chamber of Commerce, es una asociaci\u00f3n de productores, distribuidores y exhibidores radicados en la zona Sur del pa\u00eds, incluyendo los pujantes mercados regionales de <\/span><span style=\"font-size:12pt;font-family:Arial;color:rgb(0,0,0);background-color:transparent;font-weight:700;vertical-align:baseline;white-space:pre-wrap;\">Telugu, Karnataka, Kerala y Tamil Nadu<\/span><span style=\"font-size:12pt;font-family:Arial;color:rgb(0,0,0);background-color:transparent;vertical-align:baseline;white-space:pre-wrap;\">, que agrupan a decenas de millones de espectadores, con una creciente demanda de localizaciones internacionales. La diversidad del mercado indio, habitualmente ignorada por la industria europea y norteamericana, es objeto de especial atenci\u00f3n por parte de SFC y CDLI.<\/span><\/span><\/p>\n<p>\u00a0<\/p>\n<h4 dir=\"ltr\" style=\"line-height:1.2;text-align:justify;margin-top:0pt;margin-bottom:8pt;\"><span><span style=\"font-size:12pt;font-family:Arial;color:rgb(0,0,0);background-color:transparent;vertical-align:baseline;white-space:pre-wrap;\">Memorandum of Understanding Spain Film Commission &#8211; SIFCC<\/span><\/span><\/h4>\n<p>\u00a0<\/p>\n<p dir=\"ltr\" style=\"line-height:1.2;text-align:justify;margin-top:0pt;margin-bottom:8pt;\"><span><span style=\"font-size:12pt;font-family:Arial;color:rgb(0,0,0);background-color:transparent;vertical-align:baseline;white-space:pre-wrap;\">Otro importante hito en la jornada de hoy, ha sido la firma del tercer MoU que se ha suscripto entre SFC y una entidad india, en esta ocasi\u00f3n con la SIFCC, extendiendo as\u00ed las relaciones industriales entre Espa\u00f1a e India, en el campo audiovisual, al conjunto del mercado de este pa\u00eds.<\/span><\/span><\/p>\n<p dir=\"ltr\" style=\"line-height:1.2;text-align:justify;margin-top:0pt;margin-bottom:8pt;\"><span><span style=\"font-size:12pt;font-family:Arial;color:rgb(0,0,0);background-color:transparent;vertical-align:baseline;white-space:pre-wrap;\">La jornada culmin\u00f3 con la participaci\u00f3n en la &#8220;<\/span><span style=\"font-size:12pt;font-family:Arial;color:rgb(0,0,0);background-color:transparent;font-weight:700;vertical-align:baseline;white-space:pre-wrap;\">Spanish Evening&#8221; <\/span><span style=\"font-size:12pt;font-family:Arial;color:rgb(0,0,0);background-color:transparent;vertical-align:baseline;white-space:pre-wrap;\">organizada por la Embajada de Espa\u00f1a en Delhi y SFC, en la que se present\u00f3 a un selecto grupo de invitados del IFFI una muestra de cultura, gastronom\u00eda y audiovisual espa\u00f1oles, con el apoyo especial de<\/span><span style=\"font-size:12pt;font-family:Arial;color:rgb(0,0,0);background-color:transparent;font-weight:700;vertical-align:baseline;white-space:pre-wrap;\"> AECID<\/span><span style=\"font-size:12pt;font-family:Arial;color:rgb(0,0,0);background-color:transparent;vertical-align:baseline;white-space:pre-wrap;\"> y <\/span><span style=\"font-size:12pt;font-family:Arial;color:rgb(0,0,0);background-color:transparent;font-weight:700;vertical-align:baseline;white-space:pre-wrap;\">TURESPA\u00d1A.\u00a0<\/span><\/span><\/p>\n<div>\u00a0<\/div>\n<div>\u00a0<\/div>\n<div>\n<h3 style=\"font-family:Arial, sans-serif;font-weight:600;line-height:1.1;color:rgb(225,11,19);margin-top:20px;margin-bottom:10px;font-size:12px;text-transform:uppercase;text-align:justify;\"><span style=\"font-family:'lucida sans unicode', 'lucida grande', sans-serif;\"><span style=\"font-size:16px;\">#SHOOTINGINSPAIN #FOCUSONINDIA\u00a0<\/span><\/span><span style=\"font-size:16px;\">#WEMAKETHEMAGIC #SPAINAVHUB #PLANDERECUPERACION<\/span><\/h3>\n<\/div>\n","protected":false},"excerpt":{"rendered":"<p>La acci\u00f3n Shooting in Spain &#8211; Focus on India 2022, que desarrollan Spain Film Commission y Casa de la India en el marco del Plan Spain AVS Hub, del Gobierno [&hellip;]<\/p>\n","protected":false},"author":2,"featured_media":8726,"comment_status":"closed","ping_status":"","sticky":false,"template":"","format":"standard","meta":{"footnotes":""},"categories":[38],"tags":[],"class_list":["post-8725","post","type-post","status-publish","format-standard","has-post-thumbnail","hentry","category-noticias"],"yoast_head":"<!-- This site is optimized with the Yoast SEO plugin v27.3 - https:\/\/yoast.com\/product\/yoast-seo-wordpress\/ -->\n<title>Importante presencia de la delegaci\u00f3n espa\u00f1ola en el International Film Festival of India y en el Film Bazaar - Spain Film Commission<\/title>\n<meta name=\"robots\" content=\"index, follow, max-snippet:-1, max-image-preview:large, max-video-preview:-1\" \/>\n<link rel=\"canonical\" href=\"https:\/\/spainfilmcommission.com\/en\/blog\/importante-presencia-de-la-delegacion-espanola-en-el-international-film-festival-of-india-y-en-el-film-bazaar\/\" \/>\n<meta property=\"og:locale\" content=\"en_US\" \/>\n<meta property=\"og:type\" content=\"article\" \/>\n<meta property=\"og:title\" content=\"Importante presencia de la delegaci\u00f3n espa\u00f1ola en el International Film Festival of India y en el Film Bazaar - Spain Film Commission\" \/>\n<meta property=\"og:description\" content=\"La acci\u00f3n Shooting in Spain &#8211; Focus on India 2022, que desarrollan Spain Film Commission y Casa de la India en el marco del Plan Spain AVS Hub, del Gobierno [&hellip;]\" \/>\n<meta property=\"og:url\" content=\"https:\/\/spainfilmcommission.com\/en\/blog\/importante-presencia-de-la-delegacion-espanola-en-el-international-film-festival-of-india-y-en-el-film-bazaar\/\" \/>\n<meta property=\"og:site_name\" content=\"Spain Film Commission\" \/>\n<meta property=\"article:published_time\" content=\"2022-11-20T22:00:00+00:00\" \/>\n<meta property=\"article:modified_time\" content=\"2025-02-11T07:06:24+00:00\" \/>\n<meta property=\"og:image\" content=\"https:\/\/spainfilmcommission.com\/wp-content\/uploads\/2024\/11\/spain-film-commission-presente-en-international-film-festival-of-india-y-en-el-film-bazaar-en-goa-297.jpeg\" \/>\n\t<meta property=\"og:image:width\" content=\"1170\" \/>\n\t<meta property=\"og:image:height\" content=\"623\" \/>\n\t<meta property=\"og:image:type\" content=\"image\/jpeg\" \/>\n<meta name=\"author\" content=\"studio128k_dam\" \/>\n<meta name=\"twitter:card\" content=\"summary_large_image\" \/>\n<meta name=\"twitter:label1\" content=\"Written by\" \/>\n\t<meta name=\"twitter:data1\" content=\"studio128k_dam\" \/>\n\t<meta name=\"twitter:label2\" content=\"Est. reading time\" \/>\n\t<meta name=\"twitter:data2\" content=\"4 minutes\" \/>\n<script type=\"application\/ld+json\" class=\"yoast-schema-graph\">{\"@context\":\"https:\\\/\\\/schema.org\",\"@graph\":[{\"@type\":\"Article\",\"@id\":\"https:\\\/\\\/spainfilmcommission.com\\\/en\\\/blog\\\/importante-presencia-de-la-delegacion-espanola-en-el-international-film-festival-of-india-y-en-el-film-bazaar\\\/#article\",\"isPartOf\":{\"@id\":\"https:\\\/\\\/spainfilmcommission.com\\\/en\\\/blog\\\/importante-presencia-de-la-delegacion-espanola-en-el-international-film-festival-of-india-y-en-el-film-bazaar\\\/\"},\"author\":{\"name\":\"studio128k_dam\",\"@id\":\"https:\\\/\\\/spainfilmcommission.com\\\/en\\\/#\\\/schema\\\/person\\\/6c014ba6ceac198d178a6a9e61113c9d\"},\"headline\":\"Importante presencia de la delegaci\u00f3n espa\u00f1ola en el International Film Festival of India y en el Film Bazaar\",\"datePublished\":\"2022-11-20T22:00:00+00:00\",\"dateModified\":\"2025-02-11T07:06:24+00:00\",\"mainEntityOfPage\":{\"@id\":\"https:\\\/\\\/spainfilmcommission.com\\\/en\\\/blog\\\/importante-presencia-de-la-delegacion-espanola-en-el-international-film-festival-of-india-y-en-el-film-bazaar\\\/\"},\"wordCount\":857,\"publisher\":{\"@id\":\"https:\\\/\\\/spainfilmcommission.com\\\/en\\\/#organization\"},\"image\":{\"@id\":\"https:\\\/\\\/spainfilmcommission.com\\\/en\\\/blog\\\/importante-presencia-de-la-delegacion-espanola-en-el-international-film-festival-of-india-y-en-el-film-bazaar\\\/#primaryimage\"},\"thumbnailUrl\":\"https:\\\/\\\/spainfilmcommission.com\\\/wp-content\\\/uploads\\\/2024\\\/11\\\/spain-film-commission-presente-en-international-film-festival-of-india-y-en-el-film-bazaar-en-goa-297.jpeg\",\"articleSection\":[\"Noticias\"],\"inLanguage\":\"en-US\"},{\"@type\":\"WebPage\",\"@id\":\"https:\\\/\\\/spainfilmcommission.com\\\/en\\\/blog\\\/importante-presencia-de-la-delegacion-espanola-en-el-international-film-festival-of-india-y-en-el-film-bazaar\\\/\",\"url\":\"https:\\\/\\\/spainfilmcommission.com\\\/en\\\/blog\\\/importante-presencia-de-la-delegacion-espanola-en-el-international-film-festival-of-india-y-en-el-film-bazaar\\\/\",\"name\":\"Importante presencia de la delegaci\u00f3n espa\u00f1ola en el International Film Festival of India y en el Film Bazaar - Spain Film Commission\",\"isPartOf\":{\"@id\":\"https:\\\/\\\/spainfilmcommission.com\\\/en\\\/#website\"},\"primaryImageOfPage\":{\"@id\":\"https:\\\/\\\/spainfilmcommission.com\\\/en\\\/blog\\\/importante-presencia-de-la-delegacion-espanola-en-el-international-film-festival-of-india-y-en-el-film-bazaar\\\/#primaryimage\"},\"image\":{\"@id\":\"https:\\\/\\\/spainfilmcommission.com\\\/en\\\/blog\\\/importante-presencia-de-la-delegacion-espanola-en-el-international-film-festival-of-india-y-en-el-film-bazaar\\\/#primaryimage\"},\"thumbnailUrl\":\"https:\\\/\\\/spainfilmcommission.com\\\/wp-content\\\/uploads\\\/2024\\\/11\\\/spain-film-commission-presente-en-international-film-festival-of-india-y-en-el-film-bazaar-en-goa-297.jpeg\",\"datePublished\":\"2022-11-20T22:00:00+00:00\",\"dateModified\":\"2025-02-11T07:06:24+00:00\",\"breadcrumb\":{\"@id\":\"https:\\\/\\\/spainfilmcommission.com\\\/en\\\/blog\\\/importante-presencia-de-la-delegacion-espanola-en-el-international-film-festival-of-india-y-en-el-film-bazaar\\\/#breadcrumb\"},\"inLanguage\":\"en-US\",\"potentialAction\":[{\"@type\":\"ReadAction\",\"target\":[\"https:\\\/\\\/spainfilmcommission.com\\\/en\\\/blog\\\/importante-presencia-de-la-delegacion-espanola-en-el-international-film-festival-of-india-y-en-el-film-bazaar\\\/\"]}]},{\"@type\":\"ImageObject\",\"inLanguage\":\"en-US\",\"@id\":\"https:\\\/\\\/spainfilmcommission.com\\\/en\\\/blog\\\/importante-presencia-de-la-delegacion-espanola-en-el-international-film-festival-of-india-y-en-el-film-bazaar\\\/#primaryimage\",\"url\":\"https:\\\/\\\/spainfilmcommission.com\\\/wp-content\\\/uploads\\\/2024\\\/11\\\/spain-film-commission-presente-en-international-film-festival-of-india-y-en-el-film-bazaar-en-goa-297.jpeg\",\"contentUrl\":\"https:\\\/\\\/spainfilmcommission.com\\\/wp-content\\\/uploads\\\/2024\\\/11\\\/spain-film-commission-presente-en-international-film-festival-of-india-y-en-el-film-bazaar-en-goa-297.jpeg\",\"width\":1170,\"height\":623},{\"@type\":\"BreadcrumbList\",\"@id\":\"https:\\\/\\\/spainfilmcommission.com\\\/en\\\/blog\\\/importante-presencia-de-la-delegacion-espanola-en-el-international-film-festival-of-india-y-en-el-film-bazaar\\\/#breadcrumb\",\"itemListElement\":[{\"@type\":\"ListItem\",\"position\":1,\"name\":\"Portada\",\"item\":\"https:\\\/\\\/spainfilmcommission.com\\\/en\\\/\"},{\"@type\":\"ListItem\",\"position\":2,\"name\":\"Importante presencia de la delegaci\u00f3n espa\u00f1ola en el International Film Festival of India y en el Film Bazaar\"}]},{\"@type\":\"WebSite\",\"@id\":\"https:\\\/\\\/spainfilmcommission.com\\\/en\\\/#website\",\"url\":\"https:\\\/\\\/spainfilmcommission.com\\\/en\\\/\",\"name\":\"Spain Film Commission\",\"description\":\"\",\"publisher\":{\"@id\":\"https:\\\/\\\/spainfilmcommission.com\\\/en\\\/#organization\"},\"potentialAction\":[{\"@type\":\"SearchAction\",\"target\":{\"@type\":\"EntryPoint\",\"urlTemplate\":\"https:\\\/\\\/spainfilmcommission.com\\\/en\\\/?s={search_term_string}\"},\"query-input\":{\"@type\":\"PropertyValueSpecification\",\"valueRequired\":true,\"valueName\":\"search_term_string\"}}],\"inLanguage\":\"en-US\"},{\"@type\":\"Organization\",\"@id\":\"https:\\\/\\\/spainfilmcommission.com\\\/en\\\/#organization\",\"name\":\"Spain Film Commission\",\"url\":\"https:\\\/\\\/spainfilmcommission.com\\\/en\\\/\",\"logo\":{\"@type\":\"ImageObject\",\"inLanguage\":\"en-US\",\"@id\":\"https:\\\/\\\/spainfilmcommission.com\\\/en\\\/#\\\/schema\\\/logo\\\/image\\\/\",\"url\":\"https:\\\/\\\/spainfilmcommission.com\\\/wp-content\\\/uploads\\\/2024\\\/07\\\/SPC_COLOR.png\",\"contentUrl\":\"https:\\\/\\\/spainfilmcommission.com\\\/wp-content\\\/uploads\\\/2024\\\/07\\\/SPC_COLOR.png\",\"width\":1665,\"height\":1665,\"caption\":\"Spain Film Commission\"},\"image\":{\"@id\":\"https:\\\/\\\/spainfilmcommission.com\\\/en\\\/#\\\/schema\\\/logo\\\/image\\\/\"}},{\"@type\":\"Person\",\"@id\":\"https:\\\/\\\/spainfilmcommission.com\\\/en\\\/#\\\/schema\\\/person\\\/6c014ba6ceac198d178a6a9e61113c9d\",\"name\":\"studio128k_dam\",\"image\":{\"@type\":\"ImageObject\",\"inLanguage\":\"en-US\",\"@id\":\"https:\\\/\\\/secure.gravatar.com\\\/avatar\\\/810f99144a13522c24aa173f9cd8bf079d0e89758af00b5f2938443cd51b31e9?s=96&d=mm&r=g\",\"url\":\"https:\\\/\\\/secure.gravatar.com\\\/avatar\\\/810f99144a13522c24aa173f9cd8bf079d0e89758af00b5f2938443cd51b31e9?s=96&d=mm&r=g\",\"contentUrl\":\"https:\\\/\\\/secure.gravatar.com\\\/avatar\\\/810f99144a13522c24aa173f9cd8bf079d0e89758af00b5f2938443cd51b31e9?s=96&d=mm&r=g\",\"caption\":\"studio128k_dam\"}}]}<\/script>\n<!-- \/ Yoast SEO plugin. -->","yoast_head_json":{"title":"Importante presencia de la delegaci\u00f3n espa\u00f1ola en el International Film Festival of India y en el Film Bazaar - Spain Film Commission","robots":{"index":"index","follow":"follow","max-snippet":"max-snippet:-1","max-image-preview":"max-image-preview:large","max-video-preview":"max-video-preview:-1"},"canonical":"https:\/\/spainfilmcommission.com\/en\/blog\/importante-presencia-de-la-delegacion-espanola-en-el-international-film-festival-of-india-y-en-el-film-bazaar\/","og_locale":"en_US","og_type":"article","og_title":"Importante presencia de la delegaci\u00f3n espa\u00f1ola en el International Film Festival of India y en el Film Bazaar - Spain Film Commission","og_description":"La acci\u00f3n Shooting in Spain &#8211; Focus on India 2022, que desarrollan Spain Film Commission y Casa de la India en el marco del Plan Spain AVS Hub, del Gobierno [&hellip;]","og_url":"https:\/\/spainfilmcommission.com\/en\/blog\/importante-presencia-de-la-delegacion-espanola-en-el-international-film-festival-of-india-y-en-el-film-bazaar\/","og_site_name":"Spain Film Commission","article_published_time":"2022-11-20T22:00:00+00:00","article_modified_time":"2025-02-11T07:06:24+00:00","og_image":[{"width":1170,"height":623,"url":"https:\/\/spainfilmcommission.com\/wp-content\/uploads\/2024\/11\/spain-film-commission-presente-en-international-film-festival-of-india-y-en-el-film-bazaar-en-goa-297.jpeg","type":"image\/jpeg"}],"author":"studio128k_dam","twitter_card":"summary_large_image","twitter_misc":{"Written by":"studio128k_dam","Est. reading time":"4 minutes"},"schema":{"@context":"https:\/\/schema.org","@graph":[{"@type":"Article","@id":"https:\/\/spainfilmcommission.com\/en\/blog\/importante-presencia-de-la-delegacion-espanola-en-el-international-film-festival-of-india-y-en-el-film-bazaar\/#article","isPartOf":{"@id":"https:\/\/spainfilmcommission.com\/en\/blog\/importante-presencia-de-la-delegacion-espanola-en-el-international-film-festival-of-india-y-en-el-film-bazaar\/"},"author":{"name":"studio128k_dam","@id":"https:\/\/spainfilmcommission.com\/en\/#\/schema\/person\/6c014ba6ceac198d178a6a9e61113c9d"},"headline":"Importante presencia de la delegaci\u00f3n espa\u00f1ola en el International Film Festival of India y en el Film Bazaar","datePublished":"2022-11-20T22:00:00+00:00","dateModified":"2025-02-11T07:06:24+00:00","mainEntityOfPage":{"@id":"https:\/\/spainfilmcommission.com\/en\/blog\/importante-presencia-de-la-delegacion-espanola-en-el-international-film-festival-of-india-y-en-el-film-bazaar\/"},"wordCount":857,"publisher":{"@id":"https:\/\/spainfilmcommission.com\/en\/#organization"},"image":{"@id":"https:\/\/spainfilmcommission.com\/en\/blog\/importante-presencia-de-la-delegacion-espanola-en-el-international-film-festival-of-india-y-en-el-film-bazaar\/#primaryimage"},"thumbnailUrl":"https:\/\/spainfilmcommission.com\/wp-content\/uploads\/2024\/11\/spain-film-commission-presente-en-international-film-festival-of-india-y-en-el-film-bazaar-en-goa-297.jpeg","articleSection":["Noticias"],"inLanguage":"en-US"},{"@type":"WebPage","@id":"https:\/\/spainfilmcommission.com\/en\/blog\/importante-presencia-de-la-delegacion-espanola-en-el-international-film-festival-of-india-y-en-el-film-bazaar\/","url":"https:\/\/spainfilmcommission.com\/en\/blog\/importante-presencia-de-la-delegacion-espanola-en-el-international-film-festival-of-india-y-en-el-film-bazaar\/","name":"Importante presencia de la delegaci\u00f3n espa\u00f1ola en el International Film Festival of India y en el Film Bazaar - Spain Film Commission","isPartOf":{"@id":"https:\/\/spainfilmcommission.com\/en\/#website"},"primaryImageOfPage":{"@id":"https:\/\/spainfilmcommission.com\/en\/blog\/importante-presencia-de-la-delegacion-espanola-en-el-international-film-festival-of-india-y-en-el-film-bazaar\/#primaryimage"},"image":{"@id":"https:\/\/spainfilmcommission.com\/en\/blog\/importante-presencia-de-la-delegacion-espanola-en-el-international-film-festival-of-india-y-en-el-film-bazaar\/#primaryimage"},"thumbnailUrl":"https:\/\/spainfilmcommission.com\/wp-content\/uploads\/2024\/11\/spain-film-commission-presente-en-international-film-festival-of-india-y-en-el-film-bazaar-en-goa-297.jpeg","datePublished":"2022-11-20T22:00:00+00:00","dateModified":"2025-02-11T07:06:24+00:00","breadcrumb":{"@id":"https:\/\/spainfilmcommission.com\/en\/blog\/importante-presencia-de-la-delegacion-espanola-en-el-international-film-festival-of-india-y-en-el-film-bazaar\/#breadcrumb"},"inLanguage":"en-US","potentialAction":[{"@type":"ReadAction","target":["https:\/\/spainfilmcommission.com\/en\/blog\/importante-presencia-de-la-delegacion-espanola-en-el-international-film-festival-of-india-y-en-el-film-bazaar\/"]}]},{"@type":"ImageObject","inLanguage":"en-US","@id":"https:\/\/spainfilmcommission.com\/en\/blog\/importante-presencia-de-la-delegacion-espanola-en-el-international-film-festival-of-india-y-en-el-film-bazaar\/#primaryimage","url":"https:\/\/spainfilmcommission.com\/wp-content\/uploads\/2024\/11\/spain-film-commission-presente-en-international-film-festival-of-india-y-en-el-film-bazaar-en-goa-297.jpeg","contentUrl":"https:\/\/spainfilmcommission.com\/wp-content\/uploads\/2024\/11\/spain-film-commission-presente-en-international-film-festival-of-india-y-en-el-film-bazaar-en-goa-297.jpeg","width":1170,"height":623},{"@type":"BreadcrumbList","@id":"https:\/\/spainfilmcommission.com\/en\/blog\/importante-presencia-de-la-delegacion-espanola-en-el-international-film-festival-of-india-y-en-el-film-bazaar\/#breadcrumb","itemListElement":[{"@type":"ListItem","position":1,"name":"Portada","item":"https:\/\/spainfilmcommission.com\/en\/"},{"@type":"ListItem","position":2,"name":"Importante presencia de la delegaci\u00f3n espa\u00f1ola en el International Film Festival of India y en el Film Bazaar"}]},{"@type":"WebSite","@id":"https:\/\/spainfilmcommission.com\/en\/#website","url":"https:\/\/spainfilmcommission.com\/en\/","name":"Spain Film Commission","description":"","publisher":{"@id":"https:\/\/spainfilmcommission.com\/en\/#organization"},"potentialAction":[{"@type":"SearchAction","target":{"@type":"EntryPoint","urlTemplate":"https:\/\/spainfilmcommission.com\/en\/?s={search_term_string}"},"query-input":{"@type":"PropertyValueSpecification","valueRequired":true,"valueName":"search_term_string"}}],"inLanguage":"en-US"},{"@type":"Organization","@id":"https:\/\/spainfilmcommission.com\/en\/#organization","name":"Spain Film Commission","url":"https:\/\/spainfilmcommission.com\/en\/","logo":{"@type":"ImageObject","inLanguage":"en-US","@id":"https:\/\/spainfilmcommission.com\/en\/#\/schema\/logo\/image\/","url":"https:\/\/spainfilmcommission.com\/wp-content\/uploads\/2024\/07\/SPC_COLOR.png","contentUrl":"https:\/\/spainfilmcommission.com\/wp-content\/uploads\/2024\/07\/SPC_COLOR.png","width":1665,"height":1665,"caption":"Spain Film Commission"},"image":{"@id":"https:\/\/spainfilmcommission.com\/en\/#\/schema\/logo\/image\/"}},{"@type":"Person","@id":"https:\/\/spainfilmcommission.com\/en\/#\/schema\/person\/6c014ba6ceac198d178a6a9e61113c9d","name":"studio128k_dam","image":{"@type":"ImageObject","inLanguage":"en-US","@id":"https:\/\/secure.gravatar.com\/avatar\/810f99144a13522c24aa173f9cd8bf079d0e89758af00b5f2938443cd51b31e9?s=96&d=mm&r=g","url":"https:\/\/secure.gravatar.com\/avatar\/810f99144a13522c24aa173f9cd8bf079d0e89758af00b5f2938443cd51b31e9?s=96&d=mm&r=g","contentUrl":"https:\/\/secure.gravatar.com\/avatar\/810f99144a13522c24aa173f9cd8bf079d0e89758af00b5f2938443cd51b31e9?s=96&d=mm&r=g","caption":"studio128k_dam"}}]}},"_links":{"self":[{"href":"https:\/\/spainfilmcommission.com\/en\/wp-json\/wp\/v2\/posts\/8725","targetHints":{"allow":["GET"]}}],"collection":[{"href":"https:\/\/spainfilmcommission.com\/en\/wp-json\/wp\/v2\/posts"}],"about":[{"href":"https:\/\/spainfilmcommission.com\/en\/wp-json\/wp\/v2\/types\/post"}],"author":[{"embeddable":true,"href":"https:\/\/spainfilmcommission.com\/en\/wp-json\/wp\/v2\/users\/2"}],"replies":[{"embeddable":true,"href":"https:\/\/spainfilmcommission.com\/en\/wp-json\/wp\/v2\/comments?post=8725"}],"version-history":[{"count":0,"href":"https:\/\/spainfilmcommission.com\/en\/wp-json\/wp\/v2\/posts\/8725\/revisions"}],"wp:featuredmedia":[{"embeddable":true,"href":"https:\/\/spainfilmcommission.com\/en\/wp-json\/wp\/v2\/media\/8726"}],"wp:attachment":[{"href":"https:\/\/spainfilmcommission.com\/en\/wp-json\/wp\/v2\/media?parent=8725"}],"wp:term":[{"taxonomy":"category","embeddable":true,"href":"https:\/\/spainfilmcommission.com\/en\/wp-json\/wp\/v2\/categories?post=8725"},{"taxonomy":"post_tag","embeddable":true,"href":"https:\/\/spainfilmcommission.com\/en\/wp-json\/wp\/v2\/tags?post=8725"}],"curies":[{"name":"wp","href":"https:\/\/api.w.org\/{rel}","templated":true}]}}