{"id":8719,"date":"2022-11-17T00:00:00","date_gmt":"2022-11-16T22:00:00","guid":{"rendered":"https:\/\/sfc.com\/protagonismo-espanol-en-la-11-edicion-de-la-cii-big-picture-summit-segunda-jornada-shooting-in-spain-i-focus-on-india-2022\/"},"modified":"2025-02-11T08:06:24","modified_gmt":"2025-02-11T07:06:24","slug":"protagonismo-espanol-en-la-11-edicion-de-la-cii-big-picture-summit-segunda-jornada-shooting-in-spain-i-focus-on-india-2022","status":"publish","type":"post","link":"https:\/\/spainfilmcommission.com\/en\/blog\/protagonismo-espanol-en-la-11-edicion-de-la-cii-big-picture-summit-segunda-jornada-shooting-in-spain-i-focus-on-india-2022\/","title":{"rendered":"Protagonismo espa\u00f1ol en la 11\u00aa edici\u00f3n de la CII Big Picture Summit &#8211; Segunda jornada Shooting In Spain I Focus on India 2022"},"content":{"rendered":"<ul>\n<li><span style=\"font-size:14px;\">La misi\u00f3n organizada por Spain Film Commission y <a href=\"http:\/\/www.casadelaindia.org\/\" target=\"_blank\">Casa de la India<\/a> cuenta con el apoyo del <a href=\"https:\/\/portal.mineco.gob.es\/es-es\/Paginas\/index.aspx\" target=\"_blank\">Ministerio de Asuntos Ec\u00f3nomicos y Transformaci\u00f3n Digital<\/a> y se enmarca dentro del plan <a href=\"https:\/\/spainaudiovisualhub.mineco.gob.es\/es\/home\" target=\"_blank\">Spain Audiovisual Hub<\/a>.<\/span><\/li>\n<li><span style=\"font-size:14px;\">La iniciativa forma parte de la serie de encuentros <strong>&#8220;Shooting in Spain&#8221;<\/strong> que Spain Film Commission impulsa desde el a\u00f1o <strong>2019 <\/strong>para atraer proyectos e inversiones a la industria audiovisual espa\u00f1ola y\u00a0 posicionar al pa\u00eds como destino preferente de rodajes internacionales.<\/span><\/li>\n<\/ul>\n<p><span style=\"font-size:14px;\">La delegaci\u00f3n espa\u00f1ola en India ha protagonizado la \u00faltima jornada de la <a href=\"https:\/\/ciibigpicture.in\/\" target=\"_blank\">CII Big Picture Summit<\/a>. A las 11.30h, en la parte central de la jornada se ha realizado una presentaci\u00f3n titulada<strong> &#8220;Spain, the NEW AVS Hub in Europe&#8221;.<\/strong><br \/>\n<strong>Carlos Rosado<\/strong>, en su intervenci\u00f3n destac\u00f3 la importancia de estrechar lazos entre ambos paises.\u00a0 <em>&#8220;A trav\u00e9s de las pel\u00edculas indias hemos podido conocer y aprender sobre la hermosa cultura e historia de la India. Ser\u00e1 \u00fatil para la industria en ambos lados tener una colaboraci\u00f3n m\u00e1s estrecha entre la industria cinematogr\u00e1fica india y la espa\u00f1ola<\/em>&#8220;<\/span><\/p>\n<h4>\n<span style=\"font-size:14px;\">Memorandum of Understanding SFC &#8211; FII\u00a0<\/span><\/h4>\n<p><span style=\"font-size:14px;\">A continuaci\u00f3n de la presentaci\u00f3n, en la que participaron el Presidente de SFC, <strong>Carlos Rosado<\/strong>, su Secretario general, <strong>Juan Manuel Guimer\u00e1ns<\/strong>, y el Director de la Fundaci\u00f3n Casa de la India, <strong>Guillermo Rodr\u00edguez<\/strong>, se procededi\u00f3 a la firma de un <strong>Memorandum of Understanding<\/strong>, entre SFC y la<a href=\"https:\/\/filmfed.org\/\" target=\"_blank\"> Film Federation of India<\/a> (FFI), representada por su Presidente,<strong>\u00a0T.P Aggarwal<\/strong>.<\/span><\/p>\n<p><span style=\"font-size:14px;\">\u00a0La FFI\u00a0es un organismo nacional que re\u00fane a m\u00e1s de 18.000 productores, m\u00e1s de 2.000 distribuidores y cerca de 12.000 empresas exhibidoras de toda India, y tiene su sede en Mumbai. Una de las actividades m\u00e1s relevantes de FFI es la de ser el organismo que selecciona anualmente la pel\u00edcula que representar\u00e1 a India en los Oscars.<\/span><\/p>\n<h4>\n<span style=\"font-size:14px;\">Reuniones institucionales con representantes de los Gobiernos de la India y Espa\u00f1a<\/span><\/h4>\n<p><span style=\"font-size:14px;\">La delegaci\u00f3n espa\u00f1ola fue recibida por <strong>Apurva Chandra<\/strong>,\u00a0Ministry of Information &#038; Broadcasting, el departamento del Gobierno de la India responsable del impulso al sector audiovisual de su pa\u00eds. Entre otras funciones, este Ministerio se encarga de la coordinaci\u00f3n de la presencia de la India en Festivales y Mercados internacionales, y de \u00e9l surgi\u00f3, en el pasado Festival de Cannes la invitaci\u00f3n oficial a SFC para realizar una misi\u00f3n directa en India que sirviese para retomar e impulsar las relaciones f\u00edlmicas entre los dos pa\u00edses. A la reuni\u00f3n asisti\u00f3\u00a0<strong>Victor Sinovas<\/strong>, agregado Comercial de la<a href=\"https:\/\/www.exteriores.gob.es\/Embajadas\/nuevadelhi\/es\/Paginas\/index.aspx\" target=\"_blank\"> Embajada de Espa\u00f1a en Nueva Delhi <\/a>(Oficina Comercial ICEX), quien\u00a0se uni\u00f3 a la reuni\u00f3n que mantuvo\u00a0toda la delegaci\u00f3n con representantes de la Embajada de Espa\u00f1a en Nueva Delhi, encabezados, por su Primer Secretario, <strong>Alfonso P\u00e9rez-Hern\u00e1ndez Eggart<\/strong>.<\/span><\/p>\n<h4><span style=\"font-size:14px;\">\u00a0Actividades en el Instituto Cervantes de Nueva Delhi<\/span><\/h4>\n<p><span style=\"font-size:14px;\">Por la tarde, el I<a href=\"https:\/\/nuevadelhi.cervantes.es\/es\/default.shtm\" target=\"_blank\">nstituto Cervantes de Nueva Delhi<\/a>, uno de los m\u00e1s importantes de la red en todo el mundo por n\u00famero de alumnos fue la sede de una singular actividad. En el Auditorio del Instituto Cervantes, entre las 16.30 y las 20.00 se desarroll\u00f3 un amplio programa vinculado al cine espa\u00f1ol, con dos partes bien diferenciadas: la primera una conferencia titulada: &#8220;A Conference on Locations and Incentives in India and Spain&#8221; , organizada con la colaboraci\u00f3n de <a href=\"https:\/\/www.diorama.in\/\" target=\"_blank\">Diorama Film Festival &#038; Market<\/a>, el festival-mercado audiovisual m\u00e1s importante de Delhi, que cada a\u00f1o se celebra en el mes de diciembre y que, ya en 2020, distingui\u00f3 a la Spain Film Commission con su premio a la &#8220;Mejor localizaci\u00f3n internacional&#8221;.\u00a0<br \/>\nLa conferencia, que vers\u00f3\u00a0sobre las posibilidades que Espa\u00f1a ofrece a las producciones indias y las opciones de cooperaci\u00f3n entre ambos pa\u00edses, ha contado con la participaci\u00f3n de<strong> Mike Day<\/strong>, CEO Palma Picture y miembro de <a href=\"https:\/\/www.profilm.es\/\" target=\"_blank\">PROFILM<\/a> junto a\u00a0<strong>Kunal\u00a0Srivastava<\/strong>, productor y Presidente de Diorama y el propio <strong>T.P. Aggarwal<\/strong>, Presidente de FFI, representantes de la Embajada de Espa\u00f1a en Delhi, as\u00ed como diversos productores indios interesados en proyectos de colaboraci\u00f3n.<br \/>\nLa segunda parte de la tarde se centr\u00f3 en la inauguraci\u00f3n de una gran exposici\u00f3n sobre la obra del cineasta espa\u00f1ol <strong>Carlos Saura<\/strong>, y su proyecto sobre la relaci\u00f3n entre la cultura musical espa\u00f1ola e india, titulada <em><strong>&#8220;Carlos Saura. Flamenco-India&#8221;. <\/strong><\/em>La exposici\u00f3n coorganizada por el <strong>Instituto Cervantes de Nueva Delhi <\/strong>y <strong>Casa de la India<\/strong> es la primera en su g\u00e9nero que se produce en el pa\u00eds, y a ella asisti\u00f3, en representaci\u00f3n de Carlos Saura que no puede hacerlo por motivos de salud, su hija, la actriz y productora <strong>Anna Saura,<\/strong> junto a una amplia representaci\u00f3n de miembros de la comunidad espa\u00f1ola en la capital de India, y numerosos invitados indios del mundo de la Cultura.<\/span><\/p>\n<p>\u00a0<\/p>\n<h3 style=\"font-family:Arial, sans-serif;font-weight:600;line-height:1.1;color:rgb(225,11,19);margin-top:20px;margin-bottom:10px;font-size:12px;text-transform:uppercase;text-align:justify;\"><span style=\"font-family:'lucida sans unicode', 'lucida grande', sans-serif;\"><span style=\"font-size:16px;\">#SHOOTINGINSPAIN #focusonindia\u00a0<\/span><\/span><span style=\"font-size:16px;\">#WEMAKETHEMAGIC #SPAINAVHUB #PLANDERECUPERACION<\/span><\/h3>\n<div style=\"font-family:'Fira Sans', sans-serif;font-size:15px;\">\u00a0<\/div>\n","protected":false},"excerpt":{"rendered":"<ul>\n<li>La misi\u00f3n organizada por Spain Film Commission y Casa de la India cuenta con el apoyo del Ministerio de Asuntos Ec\u00f3nomicos y Transformaci\u00f3n Digital y se enmarca dentro del plan Spain Audiovisual Hub.\u00a0<\/li>\n<li>La iniciativa forma parte de la serie de encuentros &#8220;Shooting in Spain&#8221; que Spain Film Commission impulsa desde el a\u00f1o 2019 para atraer proyectos e inversiones a la industria audiovisual espa\u00f1ola y\u00a0 posicionar al pa\u00eds como destino preferente de rodajes internacionales.\u00a0<\/li>\n<\/ul>\n","protected":false},"author":2,"featured_media":8720,"comment_status":"closed","ping_status":"","sticky":false,"template":"","format":"standard","meta":{"footnotes":""},"categories":[38],"tags":[],"class_list":["post-8719","post","type-post","status-publish","format-standard","has-post-thumbnail","hentry","category-noticias"],"yoast_head":"<!-- This site is optimized with the Yoast SEO plugin v27.3 - https:\/\/yoast.com\/product\/yoast-seo-wordpress\/ -->\n<title>Protagonismo espa\u00f1ol en la 11\u00aa edici\u00f3n de la CII Big Picture Summit - Segunda jornada Shooting In Spain I Focus on India 2022 - Spain Film Commission<\/title>\n<meta name=\"robots\" content=\"index, follow, max-snippet:-1, max-image-preview:large, max-video-preview:-1\" \/>\n<link rel=\"canonical\" href=\"https:\/\/spainfilmcommission.com\/en\/blog\/protagonismo-espanol-en-la-11-edicion-de-la-cii-big-picture-summit-segunda-jornada-shooting-in-spain-i-focus-on-india-2022\/\" \/>\n<meta property=\"og:locale\" content=\"en_US\" \/>\n<meta property=\"og:type\" content=\"article\" \/>\n<meta property=\"og:title\" content=\"Protagonismo espa\u00f1ol en la 11\u00aa edici\u00f3n de la CII Big Picture Summit - Segunda jornada Shooting In Spain I Focus on India 2022 - Spain Film Commission\" \/>\n<meta property=\"og:description\" content=\"La misi\u00f3n organizada por Spain Film Commission y Casa de la India cuenta con el apoyo del Ministerio de Asuntos Ec\u00f3nomicos y Transformaci\u00f3n Digital y se enmarca dentro del plan Spain Audiovisual Hub.\u00a0 La iniciativa forma parte de la serie de encuentros &#8220;Shooting in Spain&#8221; que Spain Film Commission impulsa desde el a\u00f1o 2019 para atraer proyectos e inversiones a la industria audiovisual espa\u00f1ola y\u00a0 posicionar al pa\u00eds como destino preferente de rodajes internacionales.\u00a0\" \/>\n<meta property=\"og:url\" content=\"https:\/\/spainfilmcommission.com\/en\/blog\/protagonismo-espanol-en-la-11-edicion-de-la-cii-big-picture-summit-segunda-jornada-shooting-in-spain-i-focus-on-india-2022\/\" \/>\n<meta property=\"og:site_name\" content=\"Spain Film Commission\" \/>\n<meta property=\"article:published_time\" content=\"2022-11-16T22:00:00+00:00\" \/>\n<meta property=\"article:modified_time\" content=\"2025-02-11T07:06:24+00:00\" \/>\n<meta property=\"og:image\" content=\"https:\/\/spainfilmcommission.com\/wp-content\/uploads\/2024\/11\/protagonismo-espanol-en-la-11-edicion-de-la-cii-big-picture-summit-segunda-jornada-shooting-in-spain-i-focus-on-india-2022-295.jpg\" \/>\n\t<meta property=\"og:image:width\" content=\"1024\" \/>\n\t<meta property=\"og:image:height\" content=\"683\" \/>\n\t<meta property=\"og:image:type\" content=\"image\/jpeg\" \/>\n<meta name=\"author\" content=\"studio128k_dam\" \/>\n<meta name=\"twitter:card\" content=\"summary_large_image\" \/>\n<meta name=\"twitter:label1\" content=\"Written by\" \/>\n\t<meta name=\"twitter:data1\" content=\"studio128k_dam\" \/>\n\t<meta name=\"twitter:label2\" content=\"Est. reading time\" \/>\n\t<meta name=\"twitter:data2\" content=\"4 minutes\" \/>\n<script type=\"application\/ld+json\" class=\"yoast-schema-graph\">{\"@context\":\"https:\\\/\\\/schema.org\",\"@graph\":[{\"@type\":\"Article\",\"@id\":\"https:\\\/\\\/spainfilmcommission.com\\\/en\\\/blog\\\/protagonismo-espanol-en-la-11-edicion-de-la-cii-big-picture-summit-segunda-jornada-shooting-in-spain-i-focus-on-india-2022\\\/#article\",\"isPartOf\":{\"@id\":\"https:\\\/\\\/spainfilmcommission.com\\\/en\\\/blog\\\/protagonismo-espanol-en-la-11-edicion-de-la-cii-big-picture-summit-segunda-jornada-shooting-in-spain-i-focus-on-india-2022\\\/\"},\"author\":{\"name\":\"studio128k_dam\",\"@id\":\"https:\\\/\\\/spainfilmcommission.com\\\/en\\\/#\\\/schema\\\/person\\\/6c014ba6ceac198d178a6a9e61113c9d\"},\"headline\":\"Protagonismo espa\u00f1ol en la 11\u00aa edici\u00f3n de la CII Big Picture Summit &#8211; Segunda jornada Shooting In Spain I Focus on India 2022\",\"datePublished\":\"2022-11-16T22:00:00+00:00\",\"dateModified\":\"2025-02-11T07:06:24+00:00\",\"mainEntityOfPage\":{\"@id\":\"https:\\\/\\\/spainfilmcommission.com\\\/en\\\/blog\\\/protagonismo-espanol-en-la-11-edicion-de-la-cii-big-picture-summit-segunda-jornada-shooting-in-spain-i-focus-on-india-2022\\\/\"},\"wordCount\":838,\"publisher\":{\"@id\":\"https:\\\/\\\/spainfilmcommission.com\\\/en\\\/#organization\"},\"image\":{\"@id\":\"https:\\\/\\\/spainfilmcommission.com\\\/en\\\/blog\\\/protagonismo-espanol-en-la-11-edicion-de-la-cii-big-picture-summit-segunda-jornada-shooting-in-spain-i-focus-on-india-2022\\\/#primaryimage\"},\"thumbnailUrl\":\"https:\\\/\\\/spainfilmcommission.com\\\/wp-content\\\/uploads\\\/2024\\\/11\\\/protagonismo-espanol-en-la-11-edicion-de-la-cii-big-picture-summit-segunda-jornada-shooting-in-spain-i-focus-on-india-2022-295.jpg\",\"articleSection\":[\"Noticias\"],\"inLanguage\":\"en-US\"},{\"@type\":\"WebPage\",\"@id\":\"https:\\\/\\\/spainfilmcommission.com\\\/en\\\/blog\\\/protagonismo-espanol-en-la-11-edicion-de-la-cii-big-picture-summit-segunda-jornada-shooting-in-spain-i-focus-on-india-2022\\\/\",\"url\":\"https:\\\/\\\/spainfilmcommission.com\\\/en\\\/blog\\\/protagonismo-espanol-en-la-11-edicion-de-la-cii-big-picture-summit-segunda-jornada-shooting-in-spain-i-focus-on-india-2022\\\/\",\"name\":\"Protagonismo espa\u00f1ol en la 11\u00aa edici\u00f3n de la CII Big Picture Summit - Segunda jornada Shooting In Spain I Focus on India 2022 - Spain Film Commission\",\"isPartOf\":{\"@id\":\"https:\\\/\\\/spainfilmcommission.com\\\/en\\\/#website\"},\"primaryImageOfPage\":{\"@id\":\"https:\\\/\\\/spainfilmcommission.com\\\/en\\\/blog\\\/protagonismo-espanol-en-la-11-edicion-de-la-cii-big-picture-summit-segunda-jornada-shooting-in-spain-i-focus-on-india-2022\\\/#primaryimage\"},\"image\":{\"@id\":\"https:\\\/\\\/spainfilmcommission.com\\\/en\\\/blog\\\/protagonismo-espanol-en-la-11-edicion-de-la-cii-big-picture-summit-segunda-jornada-shooting-in-spain-i-focus-on-india-2022\\\/#primaryimage\"},\"thumbnailUrl\":\"https:\\\/\\\/spainfilmcommission.com\\\/wp-content\\\/uploads\\\/2024\\\/11\\\/protagonismo-espanol-en-la-11-edicion-de-la-cii-big-picture-summit-segunda-jornada-shooting-in-spain-i-focus-on-india-2022-295.jpg\",\"datePublished\":\"2022-11-16T22:00:00+00:00\",\"dateModified\":\"2025-02-11T07:06:24+00:00\",\"breadcrumb\":{\"@id\":\"https:\\\/\\\/spainfilmcommission.com\\\/en\\\/blog\\\/protagonismo-espanol-en-la-11-edicion-de-la-cii-big-picture-summit-segunda-jornada-shooting-in-spain-i-focus-on-india-2022\\\/#breadcrumb\"},\"inLanguage\":\"en-US\",\"potentialAction\":[{\"@type\":\"ReadAction\",\"target\":[\"https:\\\/\\\/spainfilmcommission.com\\\/en\\\/blog\\\/protagonismo-espanol-en-la-11-edicion-de-la-cii-big-picture-summit-segunda-jornada-shooting-in-spain-i-focus-on-india-2022\\\/\"]}]},{\"@type\":\"ImageObject\",\"inLanguage\":\"en-US\",\"@id\":\"https:\\\/\\\/spainfilmcommission.com\\\/en\\\/blog\\\/protagonismo-espanol-en-la-11-edicion-de-la-cii-big-picture-summit-segunda-jornada-shooting-in-spain-i-focus-on-india-2022\\\/#primaryimage\",\"url\":\"https:\\\/\\\/spainfilmcommission.com\\\/wp-content\\\/uploads\\\/2024\\\/11\\\/protagonismo-espanol-en-la-11-edicion-de-la-cii-big-picture-summit-segunda-jornada-shooting-in-spain-i-focus-on-india-2022-295.jpg\",\"contentUrl\":\"https:\\\/\\\/spainfilmcommission.com\\\/wp-content\\\/uploads\\\/2024\\\/11\\\/protagonismo-espanol-en-la-11-edicion-de-la-cii-big-picture-summit-segunda-jornada-shooting-in-spain-i-focus-on-india-2022-295.jpg\",\"width\":1024,\"height\":683},{\"@type\":\"BreadcrumbList\",\"@id\":\"https:\\\/\\\/spainfilmcommission.com\\\/en\\\/blog\\\/protagonismo-espanol-en-la-11-edicion-de-la-cii-big-picture-summit-segunda-jornada-shooting-in-spain-i-focus-on-india-2022\\\/#breadcrumb\",\"itemListElement\":[{\"@type\":\"ListItem\",\"position\":1,\"name\":\"Portada\",\"item\":\"https:\\\/\\\/spainfilmcommission.com\\\/en\\\/\"},{\"@type\":\"ListItem\",\"position\":2,\"name\":\"Protagonismo espa\u00f1ol en la 11\u00aa edici\u00f3n de la CII Big Picture Summit &#8211; Segunda jornada Shooting In Spain I Focus on India 2022\"}]},{\"@type\":\"WebSite\",\"@id\":\"https:\\\/\\\/spainfilmcommission.com\\\/en\\\/#website\",\"url\":\"https:\\\/\\\/spainfilmcommission.com\\\/en\\\/\",\"name\":\"Spain Film Commission\",\"description\":\"\",\"publisher\":{\"@id\":\"https:\\\/\\\/spainfilmcommission.com\\\/en\\\/#organization\"},\"potentialAction\":[{\"@type\":\"SearchAction\",\"target\":{\"@type\":\"EntryPoint\",\"urlTemplate\":\"https:\\\/\\\/spainfilmcommission.com\\\/en\\\/?s={search_term_string}\"},\"query-input\":{\"@type\":\"PropertyValueSpecification\",\"valueRequired\":true,\"valueName\":\"search_term_string\"}}],\"inLanguage\":\"en-US\"},{\"@type\":\"Organization\",\"@id\":\"https:\\\/\\\/spainfilmcommission.com\\\/en\\\/#organization\",\"name\":\"Spain Film Commission\",\"url\":\"https:\\\/\\\/spainfilmcommission.com\\\/en\\\/\",\"logo\":{\"@type\":\"ImageObject\",\"inLanguage\":\"en-US\",\"@id\":\"https:\\\/\\\/spainfilmcommission.com\\\/en\\\/#\\\/schema\\\/logo\\\/image\\\/\",\"url\":\"https:\\\/\\\/spainfilmcommission.com\\\/wp-content\\\/uploads\\\/2024\\\/07\\\/SPC_COLOR.png\",\"contentUrl\":\"https:\\\/\\\/spainfilmcommission.com\\\/wp-content\\\/uploads\\\/2024\\\/07\\\/SPC_COLOR.png\",\"width\":1665,\"height\":1665,\"caption\":\"Spain Film Commission\"},\"image\":{\"@id\":\"https:\\\/\\\/spainfilmcommission.com\\\/en\\\/#\\\/schema\\\/logo\\\/image\\\/\"}},{\"@type\":\"Person\",\"@id\":\"https:\\\/\\\/spainfilmcommission.com\\\/en\\\/#\\\/schema\\\/person\\\/6c014ba6ceac198d178a6a9e61113c9d\",\"name\":\"studio128k_dam\",\"image\":{\"@type\":\"ImageObject\",\"inLanguage\":\"en-US\",\"@id\":\"https:\\\/\\\/secure.gravatar.com\\\/avatar\\\/810f99144a13522c24aa173f9cd8bf079d0e89758af00b5f2938443cd51b31e9?s=96&d=mm&r=g\",\"url\":\"https:\\\/\\\/secure.gravatar.com\\\/avatar\\\/810f99144a13522c24aa173f9cd8bf079d0e89758af00b5f2938443cd51b31e9?s=96&d=mm&r=g\",\"contentUrl\":\"https:\\\/\\\/secure.gravatar.com\\\/avatar\\\/810f99144a13522c24aa173f9cd8bf079d0e89758af00b5f2938443cd51b31e9?s=96&d=mm&r=g\",\"caption\":\"studio128k_dam\"}}]}<\/script>\n<!-- \/ Yoast SEO plugin. -->","yoast_head_json":{"title":"Protagonismo espa\u00f1ol en la 11\u00aa edici\u00f3n de la CII Big Picture Summit - Segunda jornada Shooting In Spain I Focus on India 2022 - Spain Film Commission","robots":{"index":"index","follow":"follow","max-snippet":"max-snippet:-1","max-image-preview":"max-image-preview:large","max-video-preview":"max-video-preview:-1"},"canonical":"https:\/\/spainfilmcommission.com\/en\/blog\/protagonismo-espanol-en-la-11-edicion-de-la-cii-big-picture-summit-segunda-jornada-shooting-in-spain-i-focus-on-india-2022\/","og_locale":"en_US","og_type":"article","og_title":"Protagonismo espa\u00f1ol en la 11\u00aa edici\u00f3n de la CII Big Picture Summit - Segunda jornada Shooting In Spain I Focus on India 2022 - Spain Film Commission","og_description":"La misi\u00f3n organizada por Spain Film Commission y Casa de la India cuenta con el apoyo del Ministerio de Asuntos Ec\u00f3nomicos y Transformaci\u00f3n Digital y se enmarca dentro del plan Spain Audiovisual Hub.\u00a0 La iniciativa forma parte de la serie de encuentros &#8220;Shooting in Spain&#8221; que Spain Film Commission impulsa desde el a\u00f1o 2019 para atraer proyectos e inversiones a la industria audiovisual espa\u00f1ola y\u00a0 posicionar al pa\u00eds como destino preferente de rodajes internacionales.\u00a0","og_url":"https:\/\/spainfilmcommission.com\/en\/blog\/protagonismo-espanol-en-la-11-edicion-de-la-cii-big-picture-summit-segunda-jornada-shooting-in-spain-i-focus-on-india-2022\/","og_site_name":"Spain Film Commission","article_published_time":"2022-11-16T22:00:00+00:00","article_modified_time":"2025-02-11T07:06:24+00:00","og_image":[{"width":1024,"height":683,"url":"https:\/\/spainfilmcommission.com\/wp-content\/uploads\/2024\/11\/protagonismo-espanol-en-la-11-edicion-de-la-cii-big-picture-summit-segunda-jornada-shooting-in-spain-i-focus-on-india-2022-295.jpg","type":"image\/jpeg"}],"author":"studio128k_dam","twitter_card":"summary_large_image","twitter_misc":{"Written by":"studio128k_dam","Est. reading time":"4 minutes"},"schema":{"@context":"https:\/\/schema.org","@graph":[{"@type":"Article","@id":"https:\/\/spainfilmcommission.com\/en\/blog\/protagonismo-espanol-en-la-11-edicion-de-la-cii-big-picture-summit-segunda-jornada-shooting-in-spain-i-focus-on-india-2022\/#article","isPartOf":{"@id":"https:\/\/spainfilmcommission.com\/en\/blog\/protagonismo-espanol-en-la-11-edicion-de-la-cii-big-picture-summit-segunda-jornada-shooting-in-spain-i-focus-on-india-2022\/"},"author":{"name":"studio128k_dam","@id":"https:\/\/spainfilmcommission.com\/en\/#\/schema\/person\/6c014ba6ceac198d178a6a9e61113c9d"},"headline":"Protagonismo espa\u00f1ol en la 11\u00aa edici\u00f3n de la CII Big Picture Summit &#8211; Segunda jornada Shooting In Spain I Focus on India 2022","datePublished":"2022-11-16T22:00:00+00:00","dateModified":"2025-02-11T07:06:24+00:00","mainEntityOfPage":{"@id":"https:\/\/spainfilmcommission.com\/en\/blog\/protagonismo-espanol-en-la-11-edicion-de-la-cii-big-picture-summit-segunda-jornada-shooting-in-spain-i-focus-on-india-2022\/"},"wordCount":838,"publisher":{"@id":"https:\/\/spainfilmcommission.com\/en\/#organization"},"image":{"@id":"https:\/\/spainfilmcommission.com\/en\/blog\/protagonismo-espanol-en-la-11-edicion-de-la-cii-big-picture-summit-segunda-jornada-shooting-in-spain-i-focus-on-india-2022\/#primaryimage"},"thumbnailUrl":"https:\/\/spainfilmcommission.com\/wp-content\/uploads\/2024\/11\/protagonismo-espanol-en-la-11-edicion-de-la-cii-big-picture-summit-segunda-jornada-shooting-in-spain-i-focus-on-india-2022-295.jpg","articleSection":["Noticias"],"inLanguage":"en-US"},{"@type":"WebPage","@id":"https:\/\/spainfilmcommission.com\/en\/blog\/protagonismo-espanol-en-la-11-edicion-de-la-cii-big-picture-summit-segunda-jornada-shooting-in-spain-i-focus-on-india-2022\/","url":"https:\/\/spainfilmcommission.com\/en\/blog\/protagonismo-espanol-en-la-11-edicion-de-la-cii-big-picture-summit-segunda-jornada-shooting-in-spain-i-focus-on-india-2022\/","name":"Protagonismo espa\u00f1ol en la 11\u00aa edici\u00f3n de la CII Big Picture Summit - Segunda jornada Shooting In Spain I Focus on India 2022 - Spain Film Commission","isPartOf":{"@id":"https:\/\/spainfilmcommission.com\/en\/#website"},"primaryImageOfPage":{"@id":"https:\/\/spainfilmcommission.com\/en\/blog\/protagonismo-espanol-en-la-11-edicion-de-la-cii-big-picture-summit-segunda-jornada-shooting-in-spain-i-focus-on-india-2022\/#primaryimage"},"image":{"@id":"https:\/\/spainfilmcommission.com\/en\/blog\/protagonismo-espanol-en-la-11-edicion-de-la-cii-big-picture-summit-segunda-jornada-shooting-in-spain-i-focus-on-india-2022\/#primaryimage"},"thumbnailUrl":"https:\/\/spainfilmcommission.com\/wp-content\/uploads\/2024\/11\/protagonismo-espanol-en-la-11-edicion-de-la-cii-big-picture-summit-segunda-jornada-shooting-in-spain-i-focus-on-india-2022-295.jpg","datePublished":"2022-11-16T22:00:00+00:00","dateModified":"2025-02-11T07:06:24+00:00","breadcrumb":{"@id":"https:\/\/spainfilmcommission.com\/en\/blog\/protagonismo-espanol-en-la-11-edicion-de-la-cii-big-picture-summit-segunda-jornada-shooting-in-spain-i-focus-on-india-2022\/#breadcrumb"},"inLanguage":"en-US","potentialAction":[{"@type":"ReadAction","target":["https:\/\/spainfilmcommission.com\/en\/blog\/protagonismo-espanol-en-la-11-edicion-de-la-cii-big-picture-summit-segunda-jornada-shooting-in-spain-i-focus-on-india-2022\/"]}]},{"@type":"ImageObject","inLanguage":"en-US","@id":"https:\/\/spainfilmcommission.com\/en\/blog\/protagonismo-espanol-en-la-11-edicion-de-la-cii-big-picture-summit-segunda-jornada-shooting-in-spain-i-focus-on-india-2022\/#primaryimage","url":"https:\/\/spainfilmcommission.com\/wp-content\/uploads\/2024\/11\/protagonismo-espanol-en-la-11-edicion-de-la-cii-big-picture-summit-segunda-jornada-shooting-in-spain-i-focus-on-india-2022-295.jpg","contentUrl":"https:\/\/spainfilmcommission.com\/wp-content\/uploads\/2024\/11\/protagonismo-espanol-en-la-11-edicion-de-la-cii-big-picture-summit-segunda-jornada-shooting-in-spain-i-focus-on-india-2022-295.jpg","width":1024,"height":683},{"@type":"BreadcrumbList","@id":"https:\/\/spainfilmcommission.com\/en\/blog\/protagonismo-espanol-en-la-11-edicion-de-la-cii-big-picture-summit-segunda-jornada-shooting-in-spain-i-focus-on-india-2022\/#breadcrumb","itemListElement":[{"@type":"ListItem","position":1,"name":"Portada","item":"https:\/\/spainfilmcommission.com\/en\/"},{"@type":"ListItem","position":2,"name":"Protagonismo espa\u00f1ol en la 11\u00aa edici\u00f3n de la CII Big Picture Summit &#8211; Segunda jornada Shooting In Spain I Focus on India 2022"}]},{"@type":"WebSite","@id":"https:\/\/spainfilmcommission.com\/en\/#website","url":"https:\/\/spainfilmcommission.com\/en\/","name":"Spain Film Commission","description":"","publisher":{"@id":"https:\/\/spainfilmcommission.com\/en\/#organization"},"potentialAction":[{"@type":"SearchAction","target":{"@type":"EntryPoint","urlTemplate":"https:\/\/spainfilmcommission.com\/en\/?s={search_term_string}"},"query-input":{"@type":"PropertyValueSpecification","valueRequired":true,"valueName":"search_term_string"}}],"inLanguage":"en-US"},{"@type":"Organization","@id":"https:\/\/spainfilmcommission.com\/en\/#organization","name":"Spain Film Commission","url":"https:\/\/spainfilmcommission.com\/en\/","logo":{"@type":"ImageObject","inLanguage":"en-US","@id":"https:\/\/spainfilmcommission.com\/en\/#\/schema\/logo\/image\/","url":"https:\/\/spainfilmcommission.com\/wp-content\/uploads\/2024\/07\/SPC_COLOR.png","contentUrl":"https:\/\/spainfilmcommission.com\/wp-content\/uploads\/2024\/07\/SPC_COLOR.png","width":1665,"height":1665,"caption":"Spain Film Commission"},"image":{"@id":"https:\/\/spainfilmcommission.com\/en\/#\/schema\/logo\/image\/"}},{"@type":"Person","@id":"https:\/\/spainfilmcommission.com\/en\/#\/schema\/person\/6c014ba6ceac198d178a6a9e61113c9d","name":"studio128k_dam","image":{"@type":"ImageObject","inLanguage":"en-US","@id":"https:\/\/secure.gravatar.com\/avatar\/810f99144a13522c24aa173f9cd8bf079d0e89758af00b5f2938443cd51b31e9?s=96&d=mm&r=g","url":"https:\/\/secure.gravatar.com\/avatar\/810f99144a13522c24aa173f9cd8bf079d0e89758af00b5f2938443cd51b31e9?s=96&d=mm&r=g","contentUrl":"https:\/\/secure.gravatar.com\/avatar\/810f99144a13522c24aa173f9cd8bf079d0e89758af00b5f2938443cd51b31e9?s=96&d=mm&r=g","caption":"studio128k_dam"}}]}},"_links":{"self":[{"href":"https:\/\/spainfilmcommission.com\/en\/wp-json\/wp\/v2\/posts\/8719","targetHints":{"allow":["GET"]}}],"collection":[{"href":"https:\/\/spainfilmcommission.com\/en\/wp-json\/wp\/v2\/posts"}],"about":[{"href":"https:\/\/spainfilmcommission.com\/en\/wp-json\/wp\/v2\/types\/post"}],"author":[{"embeddable":true,"href":"https:\/\/spainfilmcommission.com\/en\/wp-json\/wp\/v2\/users\/2"}],"replies":[{"embeddable":true,"href":"https:\/\/spainfilmcommission.com\/en\/wp-json\/wp\/v2\/comments?post=8719"}],"version-history":[{"count":0,"href":"https:\/\/spainfilmcommission.com\/en\/wp-json\/wp\/v2\/posts\/8719\/revisions"}],"wp:featuredmedia":[{"embeddable":true,"href":"https:\/\/spainfilmcommission.com\/en\/wp-json\/wp\/v2\/media\/8720"}],"wp:attachment":[{"href":"https:\/\/spainfilmcommission.com\/en\/wp-json\/wp\/v2\/media?parent=8719"}],"wp:term":[{"taxonomy":"category","embeddable":true,"href":"https:\/\/spainfilmcommission.com\/en\/wp-json\/wp\/v2\/categories?post=8719"},{"taxonomy":"post_tag","embeddable":true,"href":"https:\/\/spainfilmcommission.com\/en\/wp-json\/wp\/v2\/tags?post=8719"}],"curies":[{"name":"wp","href":"https:\/\/api.w.org\/{rel}","templated":true}]}}