{"id":8713,"date":"2022-11-15T00:00:00","date_gmt":"2022-11-14T22:00:00","guid":{"rendered":"https:\/\/sfc.com\/spain-film-commission-con-la-colaboracion-de-casa-de-la-india-inicia-hoy-en-india-una-accion-de-promocion-de-espana-y-de-su-industria-de-los-rodajes-audiovisuales\/"},"modified":"2025-06-16T11:44:26","modified_gmt":"2025-06-16T09:44:26","slug":"spain-film-commission-con-la-colaboracion-de-casa-de-la-india-inicia-hoy-en-india-una-accion-de-promocion-de-espana-y-de-su-industria-de-los-rodajes-audiovisuales","status":"publish","type":"post","link":"https:\/\/spainfilmcommission.com\/en\/blog\/spain-film-commission-con-la-colaboracion-de-casa-de-la-india-inicia-hoy-en-india-una-accion-de-promocion-de-espana-y-de-su-industria-de-los-rodajes-audiovisuales\/","title":{"rendered":"Spain Film Commission, con la colaboraci\u00f3n de Casa de la India, inicia hoy, en India, una acci\u00f3n de promoci\u00f3n de Espa\u00f1a y de su industria de los rodajes audiovisuales."},"content":{"rendered":"<p dir=\"ltr\" style=\"font-size: 12px; font-family: Arial, sans-serif; line-height: 1.284; text-indent: 35pt; margin-top: 0pt; margin-bottom: 8pt;\"><span id=\"docs-internal-guid-8959b124-7fff-dbfb-390a-ef8b7ffc9198\"><span style=\"font-size: 12pt; font-family: Arial; color: #000000; background-color: transparent; font-weight: bold; vertical-align: baseline; white-space: pre-wrap;\">Spain Film Commission (SFC)<\/span><span style=\"font-size: 12pt; font-family: Arial; color: #000000; background-color: transparent; vertical-align: baseline; white-space: pre-wrap;\"> trabaja para la promoci\u00f3n de Espa\u00f1a como destino de producciones del gigante asi\u00e1tico desde al menos 2015, firmando el primer acuerdo de colaboraci\u00f3n (Memorandum of Understanding &#8211; MoU) con la principal asociaci\u00f3n de productores de India (<\/span><span style=\"font-size: 12pt; font-family: Arial; color: #000000; background-color: transparent; font-weight: bold; vertical-align: baseline; white-space: pre-wrap;\">Producers Guild of India<\/span><span style=\"font-size: 12pt; font-family: Arial; color: #000000; background-color: transparent; vertical-align: baseline; white-space: pre-wrap;\">) en 2016, durante la celebraci\u00f3n de los premios IFFA en Madrid.<\/span><\/span><\/p>\n<p dir=\"ltr\" style=\"line-height: 1.656; text-align: justify; margin-top: 0pt; margin-bottom: 0pt;\"><span style=\"font-size: 12pt; font-family: Arial; color: #000000; background-color: transparent; vertical-align: baseline; white-space: pre-wrap;\">La iniciativa forma parte de la serie de encuentros \u201cShooting in Spain\u201d que Spain Film Commission impulsa desde el a\u00f1o 2019 para atraer proyectos e inversiones a la industria audiovisual espa\u00f1ola y\u00a0 posicionar al pa\u00eds como destino preferente de rodajes internacionales.\u00a0 Seg\u00fan la<\/span><a href=\"https:\/\/filmfed.org\/\"> <span style=\"font-size: 12pt; font-family: Arial; color: #1155cc; background-color: transparent; vertical-align: baseline; white-space: pre-wrap;\">Film Federation of India<\/span><\/a><span style=\"font-size: 12pt; font-family: Arial; color: #000000; background-color: transparent; vertical-align: baseline; white-space: pre-wrap;\">, en su informe de septiembre de 2022, se rodaron 1691 largometrajes\u00a0 y 3332 cortometrajes en 2021, lo que hace de India el mayor centro de producci\u00f3n audiovisual a nivel global.<\/span><\/p>\n<p dir=\"ltr\" style=\"line-height: 1.656; text-indent: 36pt; text-align: justify; margin-top: 0pt; margin-bottom: 0pt;\"><span style=\"font-size: 9pt; font-family: Arial; background-color: transparent; vertical-align: baseline; white-space: pre-wrap;\">\u00a0<\/span><\/p>\n<p dir=\"ltr\" style=\"line-height: 1.5408; text-align: justify; margin-top: 0pt; margin-bottom: 0pt; padding: 0pt 0pt 8pt;\"><span style=\"font-size: 12pt; font-family: Arial; color: #000000; background-color: transparent; vertical-align: baseline; white-space: pre-wrap;\">A lo largo de esta d\u00e9cada, e incluso durante los tiempos m\u00e1s complejos de la pandemia de COVID19, han sido muy relevante el trabajo realizado por <\/span><span style=\"font-size: 12pt; font-family: Arial; color: #000000; background-color: transparent; font-weight: bold; vertical-align: baseline; white-space: pre-wrap;\">SFC y Casa de la India (CDLI)<\/span><span style=\"font-size: 12pt; font-family: Arial; color: #000000; background-color: transparent; vertical-align: baseline; white-space: pre-wrap;\"> con el apoyo de las principales instituciones p\u00fablicas y privadas en India y en Espa\u00f1a, destacando la misi\u00f3n de 2018, durante la que se renov\u00f3 el MoU con el <\/span><span style=\"font-size: 12pt; font-family: Arial; color: #000000; background-color: transparent; font-weight: bold; vertical-align: baseline; white-space: pre-wrap;\">Guild<\/span><span style=\"font-size: 12pt; font-family: Arial; color: #000000; background-color: transparent; vertical-align: baseline; white-space: pre-wrap;\">, en el marco de la <\/span><span style=\"font-size: 12pt; font-family: Arial; color: #000000; background-color: transparent; font-weight: bold; vertical-align: baseline; white-space: pre-wrap;\">CII Big Picture Summit<\/span><span style=\"font-size: 12pt; font-family: Arial; color: #000000; background-color: transparent; vertical-align: baseline; white-space: pre-wrap;\">.<\/span><\/p>\n<p dir=\"ltr\" style=\"line-height: 1.5408; text-align: justify; margin-top: 0pt; margin-bottom: 0pt; padding: 0pt 0pt 8pt;\"><span style=\"font-size: 12pt; font-family: Arial; color: #000000; background-color: transparent; vertical-align: baseline; white-space: pre-wrap;\">Fruto de ese esfuerzo se ha conseguido ir atrayendo sobre Espa\u00f1a la mirada de alguna de las principales productoras audiovisuales indias, como es <\/span><span style=\"font-size: 12pt; font-family: Arial; color: #000000; background-color: transparent; font-weight: bold; vertical-align: baseline; white-space: pre-wrap;\">YashRaj Films<\/span><span style=\"font-size: 12pt; font-family: Arial; color: #000000; background-color: transparent; vertical-align: baseline; white-space: pre-wrap;\"> (y su reciente proyecto <\/span><span style=\"font-size: 12pt; font-family: Arial; color: #000000; background-color: transparent; font-weight: bold; font-style: italic; vertical-align: baseline; white-space: pre-wrap;\">\u201cPathan\u201d,<\/span><span style=\"font-size: 12pt; font-family: Arial; color: #000000; background-color: transparent; vertical-align: baseline; white-space: pre-wrap;\"> llamado a ser uno de los \u00e9xitos de taquilla en 2023 y rodada parcialmente en nuestro pa\u00eds, con estrellas como <\/span><span style=\"font-size: 12pt; font-family: Arial; color: #000000; background-color: transparent; font-weight: bold; font-style: italic; vertical-align: baseline; white-space: pre-wrap;\">Shahrukh Khan<\/span><span style=\"font-size: 12pt; font-family: Arial; color: #000000; background-color: transparent; vertical-align: baseline; white-space: pre-wrap;\"> o <\/span><span style=\"font-size: 12pt; font-family: Arial; color: #000000; background-color: transparent; font-weight: bold; font-style: italic; vertical-align: baseline; white-space: pre-wrap;\">Deepika Padukone<\/span><span style=\"font-size: 12pt; font-family: Arial; color: #000000; background-color: transparent; vertical-align: baseline; white-space: pre-wrap;\">). M\u00e1s proyectos se encuentran en estos momentos en preproducci\u00f3n, y esta acci\u00f3n de <\/span><span style=\"font-size: 12pt; font-family: Arial; color: #000000; background-color: transparent; font-weight: bold; vertical-align: baseline; white-space: pre-wrap;\">SFC y CDLI <\/span><span style=\"font-size: 12pt; font-family: Arial; color: #000000; background-color: transparent; vertical-align: baseline; white-space: pre-wrap;\">en noviembre de 2022 ser\u00e1 determinante para darles el impulso que necesitan, de la mano de la difusi\u00f3n del plan del Gobierno espa\u00f1ol <\/span><span style=\"font-size: 12pt; font-family: Arial; color: #000000; background-color: transparent; font-weight: bold; font-style: italic; vertical-align: baseline; white-space: pre-wrap;\">\u201cSpain AVS Hub\u201d<\/span><span style=\"font-size: 12pt; font-family: Arial; color: #000000; background-color: transparent; vertical-align: baseline; white-space: pre-wrap;\">, en el marco del <\/span><span style=\"font-size: 12pt; font-family: Arial; color: #000000; background-color: transparent; font-weight: bold; font-style: italic; vertical-align: baseline; white-space: pre-wrap;\">Plan de Recuperaci\u00f3n, Transformaci\u00f3n y Resiliencia \u2013 Fondos Next-Generation EU.<\/span><\/p>\n<p dir=\"ltr\" style=\"line-height: 1.5408; text-align: justify; margin-top: 0pt; margin-bottom: 0pt; padding: 0pt 0pt 8pt;\"><span style=\"font-size: 12pt; font-family: Arial; color: #000000; background-color: transparent; vertical-align: baseline; white-space: pre-wrap;\">En esta acci\u00f3n, denominada <\/span><span style=\"font-size: 12pt; font-family: Arial; color: #000000; background-color: transparent; font-weight: bold; font-style: italic; vertical-align: baseline; white-space: pre-wrap;\">\u201cShooting in Spain \u2013 Focus on India 2022\u201d<\/span><span style=\"font-size: 12pt; font-family: Arial; color: #000000; background-color: transparent; vertical-align: baseline; white-space: pre-wrap;\">, <\/span><span style=\"font-size: 12pt; font-family: Arial; color: #000000; background-color: transparent; font-weight: bold; vertical-align: baseline; white-space: pre-wrap;\">SFC y CDLI<\/span><span style=\"font-size: 12pt; font-family: Arial; color: #000000; background-color: transparent; vertical-align: baseline; white-space: pre-wrap;\"> cuentan con el apoyo total de las autoridades indias, representadas en la Embajada de India en Madrid, cuyo titular, <\/span><span style=\"font-size: 12pt; font-family: Arial; color: #000000; background-color: transparent; font-weight: bold; font-style: italic; vertical-align: baseline; white-space: pre-wrap;\">Mr. Dinesh Patnaik<\/span><span style=\"font-size: 12pt; font-family: Arial; color: #000000; background-color: transparent; vertical-align: baseline; white-space: pre-wrap;\">, ha sido clave para facilitar todos los tr\u00e1mites a la delegaci\u00f3n espa\u00f1ola compuesta por el Presidente de SFC, <\/span><span style=\"font-size: 12pt; font-family: Arial; color: #000000; background-color: transparent; font-weight: bold; font-style: italic; vertical-align: baseline; white-space: pre-wrap;\">Carlos Rosado<\/span><span style=\"font-size: 12pt; font-family: Arial; color: #000000; background-color: transparent; vertical-align: baseline; white-space: pre-wrap;\">, su Secretario general, <\/span><span style=\"font-size: 12pt; font-family: Arial; color: #000000; background-color: transparent; font-weight: bold; font-style: italic; vertical-align: baseline; white-space: pre-wrap;\">Juan Manuel Guimer\u00e1ns<\/span><span style=\"font-size: 12pt; font-family: Arial; color: #000000; background-color: transparent; vertical-align: baseline; white-space: pre-wrap;\">, y el Director de la Fundaci\u00f3n Casa de la India, Guillermo Rodr\u00edguez, junto a dos destacados representantes de <\/span><span style=\"font-size: 12pt; font-family: Arial; color: #000000; background-color: transparent; font-weight: bold; vertical-align: baseline; white-space: pre-wrap;\">PROFILM, <\/span><span style=\"font-size: 12pt; font-family: Arial; color: #000000; background-color: transparent; font-weight: bold; font-style: italic; vertical-align: baseline; white-space: pre-wrap;\">Fernando Victoria de Lecea<\/span><span style=\"font-size: 12pt; font-family: Arial; color: #000000; background-color: transparent; vertical-align: baseline; white-space: pre-wrap;\"> (Me\u00f1akoz Films), Presidente, y <\/span><span style=\"font-size: 12pt; font-family: Arial; color: #000000; background-color: transparent; font-weight: bold; font-style: italic; vertical-align: baseline; white-space: pre-wrap;\">Mike Day<\/span><span style=\"font-size: 12pt; font-family: Arial; color: #000000; background-color: transparent; vertical-align: baseline; white-space: pre-wrap;\">, de Palma Pictures, reciente responsable de la producci\u00f3n espa\u00f1ola de la citada \u201cPathan\u201d.<\/span><\/p>\n<p dir=\"ltr\" style=\"line-height: 1.5408; text-align: justify; margin-top: 0pt; margin-bottom: 0pt; padding: 0pt 0pt 8pt;\"><span style=\"font-size: 12pt; font-family: Arial; color: #000000; background-color: transparent; vertical-align: baseline; white-space: pre-wrap;\">Adem\u00e1s, en India, la delegaci\u00f3n espa\u00f1ola, a la que se ir\u00e1n uniendo, en diferentes momentos, otros productores espa\u00f1oles, como <\/span><span style=\"font-size: 12pt; font-family: Arial; color: #000000; background-color: transparent; font-weight: bold; font-style: italic; vertical-align: baseline; white-space: pre-wrap;\">Anna Saura<\/span><span style=\"font-size: 12pt; font-family: Arial; color: #000000; background-color: transparent; vertical-align: baseline; white-space: pre-wrap;\"> (Morena Films) o <\/span><span style=\"font-size: 12pt; font-family: Arial; color: #000000; background-color: transparent; font-weight: bold; font-style: italic; vertical-align: baseline; white-space: pre-wrap;\">Juan Antonio Casado<\/span><span style=\"font-size: 12pt; font-family: Arial; color: #000000; background-color: transparent; vertical-align: baseline; white-space: pre-wrap;\"> (POK Production) -con proyecto seleccionado en el exclusivo mercado de coproducciones del <\/span><span style=\"font-size: 12pt; font-family: Arial; color: #000000; background-color: transparent; font-weight: bold; font-style: italic; vertical-align: baseline; white-space: pre-wrap;\">Film Bazaar<\/span><span style=\"font-size: 12pt; font-family: Arial; color: #000000; background-color: transparent; vertical-align: baseline; white-space: pre-wrap;\"> en Goa-, contar\u00e1 con el total apoyo de la representaci\u00f3n diplom\u00e1tica espa\u00f1ola en Delhi y Mumbai, incluyendo <\/span><span style=\"font-size: 12pt; font-family: Arial; color: #000000; background-color: transparent; font-weight: bold; vertical-align: baseline; white-space: pre-wrap;\">Embajada de Espa\u00f1a en India<\/span><span style=\"font-size: 12pt; font-family: Arial; color: #000000; background-color: transparent; vertical-align: baseline; white-space: pre-wrap;\">, <\/span><span style=\"font-size: 12pt; font-family: Arial; color: #000000; background-color: transparent; font-weight: bold; vertical-align: baseline; white-space: pre-wrap;\">Consulado General de Espa\u00f1a en Mumbai<\/span><span style=\"font-size: 12pt; font-family: Arial; color: #000000; background-color: transparent; vertical-align: baseline; white-space: pre-wrap;\">, y sus Consejer\u00edas econ\u00f3mica y comercial (<\/span><span style=\"font-size: 12pt; font-family: Arial; color: #000000; background-color: transparent; font-weight: bold; vertical-align: baseline; white-space: pre-wrap;\">ICEX<\/span><span style=\"font-size: 12pt; font-family: Arial; color: #000000; background-color: transparent; vertical-align: baseline; white-space: pre-wrap;\">) y tur\u00edstica (<\/span><span style=\"font-size: 12pt; font-family: Arial; color: #000000; background-color: transparent; font-weight: bold; vertical-align: baseline; white-space: pre-wrap;\">TurEspa\u00f1a<\/span><span style=\"font-size: 12pt; font-family: Arial; color: #000000; background-color: transparent; vertical-align: baseline; white-space: pre-wrap;\">), as\u00ed como de <\/span><span style=\"font-size: 12pt; font-family: Arial; color: #000000; background-color: transparent; font-weight: bold; vertical-align: baseline; white-space: pre-wrap;\">AECID.<\/span><\/p>\n<p dir=\"ltr\" style=\"line-height: 1.5408; text-align: justify; margin-top: 0pt; margin-bottom: 0pt; padding: 0pt 0pt 8pt;\"><span style=\"font-size: 12pt; font-family: Arial; color: #000000; background-color: transparent; vertical-align: baseline; white-space: pre-wrap;\">En definitiva, una acci\u00f3n imprescindible para que Espa\u00f1a ocupe el lugar que le corresponde en el radar de las grandes productoras de India, como nuevo Hub audiovisual en Europa. Para que nuestro pa\u00eds se consolide como destino prioritario de producciones del que es uno de los mercados audiovisuales m\u00e1s potentes del mundo, y a su vez m\u00e1s diverso, como se va a reflejar en la pluralidad de ciudades y eventos en que SFC va a participar (desde Delhi a Goa, pasando por Mumbai; desde el <\/span><span style=\"font-size: 12pt; font-family: Arial; color: #000000; background-color: transparent; font-weight: bold; vertical-align: baseline; white-space: pre-wrap;\">CII Big Picture Summit<\/span><span style=\"font-size: 12pt; font-family: Arial; color: #000000; background-color: transparent; vertical-align: baseline; white-space: pre-wrap;\"> al <\/span><span style=\"font-size: 12pt; font-family: Arial; color: #000000; background-color: transparent; font-weight: bold; vertical-align: baseline; white-space: pre-wrap;\">Festival Internacional de Cine y Mercado de India<\/span><span style=\"font-size: 12pt; font-family: Arial; color: #000000; background-color: transparent; vertical-align: baseline; white-space: pre-wrap;\">; desde acuerdos con la <\/span><span style=\"font-size: 12pt; font-family: Arial; color: #000000; background-color: transparent; font-weight: bold; vertical-align: baseline; white-space: pre-wrap;\">Film Federation of India<\/span><span style=\"font-size: 12pt; font-family: Arial; color: #000000; background-color: transparent; vertical-align: baseline; white-space: pre-wrap;\">, en Delhi, a la <\/span><span style=\"font-size: 12pt; font-family: Arial; color: #000000; background-color: transparent; font-weight: bold; vertical-align: baseline; white-space: pre-wrap;\">South Indian Film Chamber of Commerce<\/span><span style=\"font-size: 12pt; font-family: Arial; color: #000000; background-color: transparent; vertical-align: baseline; white-space: pre-wrap;\">, en Goa, pasando por la renovaci\u00f3n por 4 a\u00f1os m\u00e1s, del MoU con el <\/span><span style=\"font-size: 12pt; font-family: Arial; color: #000000; background-color: transparent; font-weight: bold; vertical-align: baseline; white-space: pre-wrap;\">Guild<\/span><span style=\"font-size: 12pt; font-family: Arial; color: #000000; background-color: transparent; vertical-align: baseline; white-space: pre-wrap;\">, en Mumbai), en un road-show que, en tan solo 7 d\u00edas, llevar\u00e1 al Cine espa\u00f1ol y a la Industria de los Rodajes en Espa\u00f1a, a recorrer m\u00e1s de 17.000 kms.<\/span><\/p>\n<p dir=\"ltr\" style=\"line-height: 1.38; margin-top: 0pt; margin-bottom: 0pt; padding: 1pt 0pt 9pt;\"><span style=\"font-size: 9pt; font-family: Arial; background-color: transparent; vertical-align: baseline; white-space: pre-wrap;\">\u00a0<\/span><\/p>\n<h3 dir=\"ltr\" style=\"line-height: 1.656; text-align: justify; margin-top: 0pt; margin-bottom: 0pt;\"><span style=\"font-size: 12pt; font-family: Arial; color: #000000; background-color: transparent; font-weight: bold; vertical-align: baseline; white-space: pre-wrap;\">Espa\u00f1a, Hub Audiovisual de Europa<\/span><\/h3>\n<p dir=\"ltr\" style=\"line-height: 1.656; text-align: justify; margin-top: 0pt; margin-bottom: 0pt;\"><span style=\"font-size: 9pt; font-family: Arial; background-color: transparent; vertical-align: baseline; white-space: pre-wrap;\">\u00a0<\/span><\/p>\n<p dir=\"ltr\" style=\"line-height: 1.656; text-align: justify; margin-top: 0pt; margin-bottom: 0pt;\"><span style=\"font-size: 12pt; font-family: Arial; color: #000000; background-color: transparent; vertical-align: baseline; white-space: pre-wrap;\">El Plan &#8220;Espa\u00f1a, Hub Audiovisual de Europa&#8221; movilizar\u00e1 unos recursos p\u00fablicos que ascienden a 1.603M \u20ac y su meta es aumentar un 30% la producci\u00f3n audiovisual realizada en Espa\u00f1a. Spain Film Commission participar\u00e1 en distintos foros profesionales en India,\u00a0 para difundir el Hub Audiovisual Espa\u00f1ol, uno de los motores de reactivaci\u00f3n econ\u00f3mica puesta en marcha por el Gobierno de Espa\u00f1a y que adem\u00e1s de atraer rodajes internacionales al pa\u00eds, est\u00e1 centrado en promover las ventajas fiscales para concretar inversiones en el sector.\u00a0<\/span><\/p>\n<p dir=\"ltr\" style=\"line-height: 1.656; text-align: justify; margin-top: 0pt; margin-bottom: 0pt;\"><span style=\"font-size: 12pt; font-family: Arial; color: #000000; background-color: transparent; vertical-align: baseline; white-space: pre-wrap;\">El plan recoge inversiones p\u00fablicas y reformas para lograr un impulso significativo de toda la cadena de valor de la industria audiovisual a partir de las fortalezas que posee Espa\u00f1a, tales como una industria audiovisual solvente, profesionales bien formados y de prestigio, una capacidad creativa reconocida mundialmente y una ventaja comparativa en el mercado global creciente de producci\u00f3n audiovisual en espa\u00f1ol.<\/span><\/p>\n<p dir=\"ltr\" style=\"line-height: 1.656; text-align: justify; margin-top: 0pt; margin-bottom: 0pt;\"><span style=\"font-size: 9pt; font-family: Arial; background-color: transparent; vertical-align: baseline; white-space: pre-wrap;\">\u00a0<\/span><\/p>\n<p dir=\"ltr\" style=\"line-height: 1.656; text-align: justify; margin-top: 0pt; margin-bottom: 0pt;\"><span style=\"font-size: 9pt; font-family: Arial; background-color: transparent; vertical-align: baseline; white-space: pre-wrap;\">\u00a0<\/span><\/p>\n<h3 dir=\"ltr\" style=\"line-height: 1.656; text-align: justify; margin-top: 0pt; margin-bottom: 0pt;\"><span style=\"font-size: 12pt; font-family: Arial; color: #000000; background-color: transparent; font-weight: bold; vertical-align: baseline; white-space: pre-wrap;\">Spain Film Commission, 20 a\u00f1os liderando la industria de rodajes espa\u00f1ola<\/span><\/h3>\n<h3 dir=\"ltr\" style=\"line-height: 1.38; margin-top: 0pt; margin-bottom: 0pt;\"><span style=\"font-size: 9pt; font-family: Arial; background-color: transparent; vertical-align: baseline; white-space: pre-wrap;\">\u00a0<\/span><\/h3>\n<p dir=\"ltr\" style=\"line-height: 1.656; text-align: justify; margin-top: 0pt; margin-bottom: 0pt;\"><span style=\"font-size: 12pt; font-family: Arial; color: #000000; background-color: transparent; vertical-align: baseline; white-space: pre-wrap;\">Spain Film Commission es la entidad reconocida por el gobierno espa\u00f1ol como la entidad m\u00e1s especializada y experimentada para la captaci\u00f3n de rodajes y la promoci\u00f3n de nuestro territorio disponiendo tambi\u00e9n de una extensa red que ya se extiende por todo el pa\u00eds, con 37 oficinas especializadas en la atenci\u00f3n de rodaje. <\/span><\/p>\n<h3 style=\"font-family: Arial, sans-serif; font-weight: 600; line-height: 1.1; color: #e10b13; margin-top: 20px; margin-bottom: 10px; font-size: 12px; text-transform: uppercase; text-align: justify;\"><span style=\"font-family: 'lucida sans unicode', 'lucida grande', sans-serif;\"><span style=\"font-size: 16px;\">#SHOOTINGINSPAIN #RUEDAENESPA\u00d1A\u00a0<\/span><\/span><span style=\"font-size: 16px;\">#WEMAKETHEMAGIC #SPAINAVHUB #PLANDERECUPERACION<\/span><\/h3>\n<div><\/div>\n","protected":false},"excerpt":{"rendered":"<p>Spain Film Commission (SFC) trabaja para la promoci\u00f3n de Espa\u00f1a como destino de producciones del gigante asi\u00e1tico desde al menos 2015, firmando el primer acuerdo de colaboraci\u00f3n (Memorandum of Understanding [&hellip;]<\/p>\n","protected":false},"author":2,"featured_media":8714,"comment_status":"closed","ping_status":"closed","sticky":false,"template":"","format":"standard","meta":{"footnotes":""},"categories":[38],"tags":[],"class_list":["post-8713","post","type-post","status-publish","format-standard","has-post-thumbnail","hentry","category-noticias"],"yoast_head":"<!-- This site is optimized with the Yoast SEO plugin v27.3 - https:\/\/yoast.com\/product\/yoast-seo-wordpress\/ -->\n<title>Spain Film Commission, con la colaboraci\u00f3n de Casa de la India, inicia hoy, en India, una acci\u00f3n de promoci\u00f3n de Espa\u00f1a y de su industria de los rodajes audiovisuales. - Spain Film Commission<\/title>\n<meta name=\"robots\" content=\"index, follow, max-snippet:-1, max-image-preview:large, max-video-preview:-1\" \/>\n<link rel=\"canonical\" href=\"https:\/\/spainfilmcommission.com\/en\/blog\/spain-film-commission-con-la-colaboracion-de-casa-de-la-india-inicia-hoy-en-india-una-accion-de-promocion-de-espana-y-de-su-industria-de-los-rodajes-audiovisuales\/\" \/>\n<meta property=\"og:locale\" content=\"en_US\" \/>\n<meta property=\"og:type\" content=\"article\" \/>\n<meta property=\"og:title\" content=\"Spain Film Commission, con la colaboraci\u00f3n de Casa de la India, inicia hoy, en India, una acci\u00f3n de promoci\u00f3n de Espa\u00f1a y de su industria de los rodajes audiovisuales. - Spain Film Commission\" \/>\n<meta property=\"og:description\" content=\"Spain Film Commission (SFC) trabaja para la promoci\u00f3n de Espa\u00f1a como destino de producciones del gigante asi\u00e1tico desde al menos 2015, firmando el primer acuerdo de colaboraci\u00f3n (Memorandum of Understanding [&hellip;]\" \/>\n<meta property=\"og:url\" content=\"https:\/\/spainfilmcommission.com\/en\/blog\/spain-film-commission-con-la-colaboracion-de-casa-de-la-india-inicia-hoy-en-india-una-accion-de-promocion-de-espana-y-de-su-industria-de-los-rodajes-audiovisuales\/\" \/>\n<meta property=\"og:site_name\" content=\"Spain Film Commission\" \/>\n<meta property=\"article:published_time\" content=\"2022-11-14T22:00:00+00:00\" \/>\n<meta property=\"article:modified_time\" content=\"2025-06-16T09:44:26+00:00\" \/>\n<meta property=\"og:image\" content=\"https:\/\/spainfilmcommission.com\/wp-content\/uploads\/2024\/11\/spain-film-commission-con-la-colaboracion-de-casa-de-la-india-inicia-hoy-en-india-una-accion-de-promocion-de-espana-y-de-su-industria-de-los-rodajes-audiovisuales-293.png\" \/>\n\t<meta property=\"og:image:width\" content=\"1024\" \/>\n\t<meta property=\"og:image:height\" content=\"512\" \/>\n\t<meta property=\"og:image:type\" content=\"image\/png\" \/>\n<meta name=\"author\" content=\"studio128k_dam\" \/>\n<meta name=\"twitter:card\" content=\"summary_large_image\" \/>\n<meta name=\"twitter:label1\" content=\"Written by\" \/>\n\t<meta name=\"twitter:data1\" content=\"studio128k_dam\" \/>\n\t<meta name=\"twitter:label2\" content=\"Est. reading time\" \/>\n\t<meta name=\"twitter:data2\" content=\"5 minutes\" \/>\n<script type=\"application\/ld+json\" class=\"yoast-schema-graph\">{\"@context\":\"https:\\\/\\\/schema.org\",\"@graph\":[{\"@type\":\"Article\",\"@id\":\"https:\\\/\\\/spainfilmcommission.com\\\/en\\\/blog\\\/spain-film-commission-con-la-colaboracion-de-casa-de-la-india-inicia-hoy-en-india-una-accion-de-promocion-de-espana-y-de-su-industria-de-los-rodajes-audiovisuales\\\/#article\",\"isPartOf\":{\"@id\":\"https:\\\/\\\/spainfilmcommission.com\\\/en\\\/blog\\\/spain-film-commission-con-la-colaboracion-de-casa-de-la-india-inicia-hoy-en-india-una-accion-de-promocion-de-espana-y-de-su-industria-de-los-rodajes-audiovisuales\\\/\"},\"author\":{\"name\":\"studio128k_dam\",\"@id\":\"https:\\\/\\\/spainfilmcommission.com\\\/en\\\/#\\\/schema\\\/person\\\/6c014ba6ceac198d178a6a9e61113c9d\"},\"headline\":\"Spain Film Commission, con la colaboraci\u00f3n de Casa de la India, inicia hoy, en India, una acci\u00f3n de promoci\u00f3n de Espa\u00f1a y de su industria de los rodajes audiovisuales.\",\"datePublished\":\"2022-11-14T22:00:00+00:00\",\"dateModified\":\"2025-06-16T09:44:26+00:00\",\"mainEntityOfPage\":{\"@id\":\"https:\\\/\\\/spainfilmcommission.com\\\/en\\\/blog\\\/spain-film-commission-con-la-colaboracion-de-casa-de-la-india-inicia-hoy-en-india-una-accion-de-promocion-de-espana-y-de-su-industria-de-los-rodajes-audiovisuales\\\/\"},\"wordCount\":979,\"publisher\":{\"@id\":\"https:\\\/\\\/spainfilmcommission.com\\\/en\\\/#organization\"},\"image\":{\"@id\":\"https:\\\/\\\/spainfilmcommission.com\\\/en\\\/blog\\\/spain-film-commission-con-la-colaboracion-de-casa-de-la-india-inicia-hoy-en-india-una-accion-de-promocion-de-espana-y-de-su-industria-de-los-rodajes-audiovisuales\\\/#primaryimage\"},\"thumbnailUrl\":\"https:\\\/\\\/spainfilmcommission.com\\\/wp-content\\\/uploads\\\/2024\\\/11\\\/spain-film-commission-con-la-colaboracion-de-casa-de-la-india-inicia-hoy-en-india-una-accion-de-promocion-de-espana-y-de-su-industria-de-los-rodajes-audiovisuales-293.png\",\"articleSection\":[\"Noticias\"],\"inLanguage\":\"en-US\"},{\"@type\":\"WebPage\",\"@id\":\"https:\\\/\\\/spainfilmcommission.com\\\/en\\\/blog\\\/spain-film-commission-con-la-colaboracion-de-casa-de-la-india-inicia-hoy-en-india-una-accion-de-promocion-de-espana-y-de-su-industria-de-los-rodajes-audiovisuales\\\/\",\"url\":\"https:\\\/\\\/spainfilmcommission.com\\\/en\\\/blog\\\/spain-film-commission-con-la-colaboracion-de-casa-de-la-india-inicia-hoy-en-india-una-accion-de-promocion-de-espana-y-de-su-industria-de-los-rodajes-audiovisuales\\\/\",\"name\":\"Spain Film Commission, con la colaboraci\u00f3n de Casa de la India, inicia hoy, en India, una acci\u00f3n de promoci\u00f3n de Espa\u00f1a y de su industria de los rodajes audiovisuales. - Spain Film Commission\",\"isPartOf\":{\"@id\":\"https:\\\/\\\/spainfilmcommission.com\\\/en\\\/#website\"},\"primaryImageOfPage\":{\"@id\":\"https:\\\/\\\/spainfilmcommission.com\\\/en\\\/blog\\\/spain-film-commission-con-la-colaboracion-de-casa-de-la-india-inicia-hoy-en-india-una-accion-de-promocion-de-espana-y-de-su-industria-de-los-rodajes-audiovisuales\\\/#primaryimage\"},\"image\":{\"@id\":\"https:\\\/\\\/spainfilmcommission.com\\\/en\\\/blog\\\/spain-film-commission-con-la-colaboracion-de-casa-de-la-india-inicia-hoy-en-india-una-accion-de-promocion-de-espana-y-de-su-industria-de-los-rodajes-audiovisuales\\\/#primaryimage\"},\"thumbnailUrl\":\"https:\\\/\\\/spainfilmcommission.com\\\/wp-content\\\/uploads\\\/2024\\\/11\\\/spain-film-commission-con-la-colaboracion-de-casa-de-la-india-inicia-hoy-en-india-una-accion-de-promocion-de-espana-y-de-su-industria-de-los-rodajes-audiovisuales-293.png\",\"datePublished\":\"2022-11-14T22:00:00+00:00\",\"dateModified\":\"2025-06-16T09:44:26+00:00\",\"breadcrumb\":{\"@id\":\"https:\\\/\\\/spainfilmcommission.com\\\/en\\\/blog\\\/spain-film-commission-con-la-colaboracion-de-casa-de-la-india-inicia-hoy-en-india-una-accion-de-promocion-de-espana-y-de-su-industria-de-los-rodajes-audiovisuales\\\/#breadcrumb\"},\"inLanguage\":\"en-US\",\"potentialAction\":[{\"@type\":\"ReadAction\",\"target\":[\"https:\\\/\\\/spainfilmcommission.com\\\/en\\\/blog\\\/spain-film-commission-con-la-colaboracion-de-casa-de-la-india-inicia-hoy-en-india-una-accion-de-promocion-de-espana-y-de-su-industria-de-los-rodajes-audiovisuales\\\/\"]}]},{\"@type\":\"ImageObject\",\"inLanguage\":\"en-US\",\"@id\":\"https:\\\/\\\/spainfilmcommission.com\\\/en\\\/blog\\\/spain-film-commission-con-la-colaboracion-de-casa-de-la-india-inicia-hoy-en-india-una-accion-de-promocion-de-espana-y-de-su-industria-de-los-rodajes-audiovisuales\\\/#primaryimage\",\"url\":\"https:\\\/\\\/spainfilmcommission.com\\\/wp-content\\\/uploads\\\/2024\\\/11\\\/spain-film-commission-con-la-colaboracion-de-casa-de-la-india-inicia-hoy-en-india-una-accion-de-promocion-de-espana-y-de-su-industria-de-los-rodajes-audiovisuales-293.png\",\"contentUrl\":\"https:\\\/\\\/spainfilmcommission.com\\\/wp-content\\\/uploads\\\/2024\\\/11\\\/spain-film-commission-con-la-colaboracion-de-casa-de-la-india-inicia-hoy-en-india-una-accion-de-promocion-de-espana-y-de-su-industria-de-los-rodajes-audiovisuales-293.png\",\"width\":1024,\"height\":512},{\"@type\":\"BreadcrumbList\",\"@id\":\"https:\\\/\\\/spainfilmcommission.com\\\/en\\\/blog\\\/spain-film-commission-con-la-colaboracion-de-casa-de-la-india-inicia-hoy-en-india-una-accion-de-promocion-de-espana-y-de-su-industria-de-los-rodajes-audiovisuales\\\/#breadcrumb\",\"itemListElement\":[{\"@type\":\"ListItem\",\"position\":1,\"name\":\"Portada\",\"item\":\"https:\\\/\\\/spainfilmcommission.com\\\/en\\\/\"},{\"@type\":\"ListItem\",\"position\":2,\"name\":\"Spain Film Commission, con la colaboraci\u00f3n de Casa de la India, inicia hoy, en India, una acci\u00f3n de promoci\u00f3n de Espa\u00f1a y de su industria de los rodajes audiovisuales.\"}]},{\"@type\":\"WebSite\",\"@id\":\"https:\\\/\\\/spainfilmcommission.com\\\/en\\\/#website\",\"url\":\"https:\\\/\\\/spainfilmcommission.com\\\/en\\\/\",\"name\":\"Spain Film Commission\",\"description\":\"\",\"publisher\":{\"@id\":\"https:\\\/\\\/spainfilmcommission.com\\\/en\\\/#organization\"},\"potentialAction\":[{\"@type\":\"SearchAction\",\"target\":{\"@type\":\"EntryPoint\",\"urlTemplate\":\"https:\\\/\\\/spainfilmcommission.com\\\/en\\\/?s={search_term_string}\"},\"query-input\":{\"@type\":\"PropertyValueSpecification\",\"valueRequired\":true,\"valueName\":\"search_term_string\"}}],\"inLanguage\":\"en-US\"},{\"@type\":\"Organization\",\"@id\":\"https:\\\/\\\/spainfilmcommission.com\\\/en\\\/#organization\",\"name\":\"Spain Film Commission\",\"url\":\"https:\\\/\\\/spainfilmcommission.com\\\/en\\\/\",\"logo\":{\"@type\":\"ImageObject\",\"inLanguage\":\"en-US\",\"@id\":\"https:\\\/\\\/spainfilmcommission.com\\\/en\\\/#\\\/schema\\\/logo\\\/image\\\/\",\"url\":\"https:\\\/\\\/spainfilmcommission.com\\\/wp-content\\\/uploads\\\/2024\\\/07\\\/SPC_COLOR.png\",\"contentUrl\":\"https:\\\/\\\/spainfilmcommission.com\\\/wp-content\\\/uploads\\\/2024\\\/07\\\/SPC_COLOR.png\",\"width\":1665,\"height\":1665,\"caption\":\"Spain Film Commission\"},\"image\":{\"@id\":\"https:\\\/\\\/spainfilmcommission.com\\\/en\\\/#\\\/schema\\\/logo\\\/image\\\/\"}},{\"@type\":\"Person\",\"@id\":\"https:\\\/\\\/spainfilmcommission.com\\\/en\\\/#\\\/schema\\\/person\\\/6c014ba6ceac198d178a6a9e61113c9d\",\"name\":\"studio128k_dam\",\"image\":{\"@type\":\"ImageObject\",\"inLanguage\":\"en-US\",\"@id\":\"https:\\\/\\\/secure.gravatar.com\\\/avatar\\\/810f99144a13522c24aa173f9cd8bf079d0e89758af00b5f2938443cd51b31e9?s=96&d=mm&r=g\",\"url\":\"https:\\\/\\\/secure.gravatar.com\\\/avatar\\\/810f99144a13522c24aa173f9cd8bf079d0e89758af00b5f2938443cd51b31e9?s=96&d=mm&r=g\",\"contentUrl\":\"https:\\\/\\\/secure.gravatar.com\\\/avatar\\\/810f99144a13522c24aa173f9cd8bf079d0e89758af00b5f2938443cd51b31e9?s=96&d=mm&r=g\",\"caption\":\"studio128k_dam\"}}]}<\/script>\n<!-- \/ Yoast SEO plugin. -->","yoast_head_json":{"title":"Spain Film Commission, con la colaboraci\u00f3n de Casa de la India, inicia hoy, en India, una acci\u00f3n de promoci\u00f3n de Espa\u00f1a y de su industria de los rodajes audiovisuales. - Spain Film Commission","robots":{"index":"index","follow":"follow","max-snippet":"max-snippet:-1","max-image-preview":"max-image-preview:large","max-video-preview":"max-video-preview:-1"},"canonical":"https:\/\/spainfilmcommission.com\/en\/blog\/spain-film-commission-con-la-colaboracion-de-casa-de-la-india-inicia-hoy-en-india-una-accion-de-promocion-de-espana-y-de-su-industria-de-los-rodajes-audiovisuales\/","og_locale":"en_US","og_type":"article","og_title":"Spain Film Commission, con la colaboraci\u00f3n de Casa de la India, inicia hoy, en India, una acci\u00f3n de promoci\u00f3n de Espa\u00f1a y de su industria de los rodajes audiovisuales. - Spain Film Commission","og_description":"Spain Film Commission (SFC) trabaja para la promoci\u00f3n de Espa\u00f1a como destino de producciones del gigante asi\u00e1tico desde al menos 2015, firmando el primer acuerdo de colaboraci\u00f3n (Memorandum of Understanding [&hellip;]","og_url":"https:\/\/spainfilmcommission.com\/en\/blog\/spain-film-commission-con-la-colaboracion-de-casa-de-la-india-inicia-hoy-en-india-una-accion-de-promocion-de-espana-y-de-su-industria-de-los-rodajes-audiovisuales\/","og_site_name":"Spain Film Commission","article_published_time":"2022-11-14T22:00:00+00:00","article_modified_time":"2025-06-16T09:44:26+00:00","og_image":[{"width":1024,"height":512,"url":"https:\/\/spainfilmcommission.com\/wp-content\/uploads\/2024\/11\/spain-film-commission-con-la-colaboracion-de-casa-de-la-india-inicia-hoy-en-india-una-accion-de-promocion-de-espana-y-de-su-industria-de-los-rodajes-audiovisuales-293.png","type":"image\/png"}],"author":"studio128k_dam","twitter_card":"summary_large_image","twitter_misc":{"Written by":"studio128k_dam","Est. reading time":"5 minutes"},"schema":{"@context":"https:\/\/schema.org","@graph":[{"@type":"Article","@id":"https:\/\/spainfilmcommission.com\/en\/blog\/spain-film-commission-con-la-colaboracion-de-casa-de-la-india-inicia-hoy-en-india-una-accion-de-promocion-de-espana-y-de-su-industria-de-los-rodajes-audiovisuales\/#article","isPartOf":{"@id":"https:\/\/spainfilmcommission.com\/en\/blog\/spain-film-commission-con-la-colaboracion-de-casa-de-la-india-inicia-hoy-en-india-una-accion-de-promocion-de-espana-y-de-su-industria-de-los-rodajes-audiovisuales\/"},"author":{"name":"studio128k_dam","@id":"https:\/\/spainfilmcommission.com\/en\/#\/schema\/person\/6c014ba6ceac198d178a6a9e61113c9d"},"headline":"Spain Film Commission, con la colaboraci\u00f3n de Casa de la India, inicia hoy, en India, una acci\u00f3n de promoci\u00f3n de Espa\u00f1a y de su industria de los rodajes audiovisuales.","datePublished":"2022-11-14T22:00:00+00:00","dateModified":"2025-06-16T09:44:26+00:00","mainEntityOfPage":{"@id":"https:\/\/spainfilmcommission.com\/en\/blog\/spain-film-commission-con-la-colaboracion-de-casa-de-la-india-inicia-hoy-en-india-una-accion-de-promocion-de-espana-y-de-su-industria-de-los-rodajes-audiovisuales\/"},"wordCount":979,"publisher":{"@id":"https:\/\/spainfilmcommission.com\/en\/#organization"},"image":{"@id":"https:\/\/spainfilmcommission.com\/en\/blog\/spain-film-commission-con-la-colaboracion-de-casa-de-la-india-inicia-hoy-en-india-una-accion-de-promocion-de-espana-y-de-su-industria-de-los-rodajes-audiovisuales\/#primaryimage"},"thumbnailUrl":"https:\/\/spainfilmcommission.com\/wp-content\/uploads\/2024\/11\/spain-film-commission-con-la-colaboracion-de-casa-de-la-india-inicia-hoy-en-india-una-accion-de-promocion-de-espana-y-de-su-industria-de-los-rodajes-audiovisuales-293.png","articleSection":["Noticias"],"inLanguage":"en-US"},{"@type":"WebPage","@id":"https:\/\/spainfilmcommission.com\/en\/blog\/spain-film-commission-con-la-colaboracion-de-casa-de-la-india-inicia-hoy-en-india-una-accion-de-promocion-de-espana-y-de-su-industria-de-los-rodajes-audiovisuales\/","url":"https:\/\/spainfilmcommission.com\/en\/blog\/spain-film-commission-con-la-colaboracion-de-casa-de-la-india-inicia-hoy-en-india-una-accion-de-promocion-de-espana-y-de-su-industria-de-los-rodajes-audiovisuales\/","name":"Spain Film Commission, con la colaboraci\u00f3n de Casa de la India, inicia hoy, en India, una acci\u00f3n de promoci\u00f3n de Espa\u00f1a y de su industria de los rodajes audiovisuales. - Spain Film Commission","isPartOf":{"@id":"https:\/\/spainfilmcommission.com\/en\/#website"},"primaryImageOfPage":{"@id":"https:\/\/spainfilmcommission.com\/en\/blog\/spain-film-commission-con-la-colaboracion-de-casa-de-la-india-inicia-hoy-en-india-una-accion-de-promocion-de-espana-y-de-su-industria-de-los-rodajes-audiovisuales\/#primaryimage"},"image":{"@id":"https:\/\/spainfilmcommission.com\/en\/blog\/spain-film-commission-con-la-colaboracion-de-casa-de-la-india-inicia-hoy-en-india-una-accion-de-promocion-de-espana-y-de-su-industria-de-los-rodajes-audiovisuales\/#primaryimage"},"thumbnailUrl":"https:\/\/spainfilmcommission.com\/wp-content\/uploads\/2024\/11\/spain-film-commission-con-la-colaboracion-de-casa-de-la-india-inicia-hoy-en-india-una-accion-de-promocion-de-espana-y-de-su-industria-de-los-rodajes-audiovisuales-293.png","datePublished":"2022-11-14T22:00:00+00:00","dateModified":"2025-06-16T09:44:26+00:00","breadcrumb":{"@id":"https:\/\/spainfilmcommission.com\/en\/blog\/spain-film-commission-con-la-colaboracion-de-casa-de-la-india-inicia-hoy-en-india-una-accion-de-promocion-de-espana-y-de-su-industria-de-los-rodajes-audiovisuales\/#breadcrumb"},"inLanguage":"en-US","potentialAction":[{"@type":"ReadAction","target":["https:\/\/spainfilmcommission.com\/en\/blog\/spain-film-commission-con-la-colaboracion-de-casa-de-la-india-inicia-hoy-en-india-una-accion-de-promocion-de-espana-y-de-su-industria-de-los-rodajes-audiovisuales\/"]}]},{"@type":"ImageObject","inLanguage":"en-US","@id":"https:\/\/spainfilmcommission.com\/en\/blog\/spain-film-commission-con-la-colaboracion-de-casa-de-la-india-inicia-hoy-en-india-una-accion-de-promocion-de-espana-y-de-su-industria-de-los-rodajes-audiovisuales\/#primaryimage","url":"https:\/\/spainfilmcommission.com\/wp-content\/uploads\/2024\/11\/spain-film-commission-con-la-colaboracion-de-casa-de-la-india-inicia-hoy-en-india-una-accion-de-promocion-de-espana-y-de-su-industria-de-los-rodajes-audiovisuales-293.png","contentUrl":"https:\/\/spainfilmcommission.com\/wp-content\/uploads\/2024\/11\/spain-film-commission-con-la-colaboracion-de-casa-de-la-india-inicia-hoy-en-india-una-accion-de-promocion-de-espana-y-de-su-industria-de-los-rodajes-audiovisuales-293.png","width":1024,"height":512},{"@type":"BreadcrumbList","@id":"https:\/\/spainfilmcommission.com\/en\/blog\/spain-film-commission-con-la-colaboracion-de-casa-de-la-india-inicia-hoy-en-india-una-accion-de-promocion-de-espana-y-de-su-industria-de-los-rodajes-audiovisuales\/#breadcrumb","itemListElement":[{"@type":"ListItem","position":1,"name":"Portada","item":"https:\/\/spainfilmcommission.com\/en\/"},{"@type":"ListItem","position":2,"name":"Spain Film Commission, con la colaboraci\u00f3n de Casa de la India, inicia hoy, en India, una acci\u00f3n de promoci\u00f3n de Espa\u00f1a y de su industria de los rodajes audiovisuales."}]},{"@type":"WebSite","@id":"https:\/\/spainfilmcommission.com\/en\/#website","url":"https:\/\/spainfilmcommission.com\/en\/","name":"Spain Film Commission","description":"","publisher":{"@id":"https:\/\/spainfilmcommission.com\/en\/#organization"},"potentialAction":[{"@type":"SearchAction","target":{"@type":"EntryPoint","urlTemplate":"https:\/\/spainfilmcommission.com\/en\/?s={search_term_string}"},"query-input":{"@type":"PropertyValueSpecification","valueRequired":true,"valueName":"search_term_string"}}],"inLanguage":"en-US"},{"@type":"Organization","@id":"https:\/\/spainfilmcommission.com\/en\/#organization","name":"Spain Film Commission","url":"https:\/\/spainfilmcommission.com\/en\/","logo":{"@type":"ImageObject","inLanguage":"en-US","@id":"https:\/\/spainfilmcommission.com\/en\/#\/schema\/logo\/image\/","url":"https:\/\/spainfilmcommission.com\/wp-content\/uploads\/2024\/07\/SPC_COLOR.png","contentUrl":"https:\/\/spainfilmcommission.com\/wp-content\/uploads\/2024\/07\/SPC_COLOR.png","width":1665,"height":1665,"caption":"Spain Film Commission"},"image":{"@id":"https:\/\/spainfilmcommission.com\/en\/#\/schema\/logo\/image\/"}},{"@type":"Person","@id":"https:\/\/spainfilmcommission.com\/en\/#\/schema\/person\/6c014ba6ceac198d178a6a9e61113c9d","name":"studio128k_dam","image":{"@type":"ImageObject","inLanguage":"en-US","@id":"https:\/\/secure.gravatar.com\/avatar\/810f99144a13522c24aa173f9cd8bf079d0e89758af00b5f2938443cd51b31e9?s=96&d=mm&r=g","url":"https:\/\/secure.gravatar.com\/avatar\/810f99144a13522c24aa173f9cd8bf079d0e89758af00b5f2938443cd51b31e9?s=96&d=mm&r=g","contentUrl":"https:\/\/secure.gravatar.com\/avatar\/810f99144a13522c24aa173f9cd8bf079d0e89758af00b5f2938443cd51b31e9?s=96&d=mm&r=g","caption":"studio128k_dam"}}]}},"_links":{"self":[{"href":"https:\/\/spainfilmcommission.com\/en\/wp-json\/wp\/v2\/posts\/8713","targetHints":{"allow":["GET"]}}],"collection":[{"href":"https:\/\/spainfilmcommission.com\/en\/wp-json\/wp\/v2\/posts"}],"about":[{"href":"https:\/\/spainfilmcommission.com\/en\/wp-json\/wp\/v2\/types\/post"}],"author":[{"embeddable":true,"href":"https:\/\/spainfilmcommission.com\/en\/wp-json\/wp\/v2\/users\/2"}],"replies":[{"embeddable":true,"href":"https:\/\/spainfilmcommission.com\/en\/wp-json\/wp\/v2\/comments?post=8713"}],"version-history":[{"count":0,"href":"https:\/\/spainfilmcommission.com\/en\/wp-json\/wp\/v2\/posts\/8713\/revisions"}],"wp:featuredmedia":[{"embeddable":true,"href":"https:\/\/spainfilmcommission.com\/en\/wp-json\/wp\/v2\/media\/8714"}],"wp:attachment":[{"href":"https:\/\/spainfilmcommission.com\/en\/wp-json\/wp\/v2\/media?parent=8713"}],"wp:term":[{"taxonomy":"category","embeddable":true,"href":"https:\/\/spainfilmcommission.com\/en\/wp-json\/wp\/v2\/categories?post=8713"},{"taxonomy":"post_tag","embeddable":true,"href":"https:\/\/spainfilmcommission.com\/en\/wp-json\/wp\/v2\/tags?post=8713"}],"curies":[{"name":"wp","href":"https:\/\/api.w.org\/{rel}","templated":true}]}}