{"id":8710,"date":"2022-11-10T00:00:00","date_gmt":"2022-11-09T22:00:00","guid":{"rendered":"https:\/\/sfc.com\/ifema-madrid-y-spain-film-commission-renuevan-su-alianza-para-la-organizacion-de-fitur-screen-2023\/"},"modified":"2025-02-11T08:06:24","modified_gmt":"2025-02-11T07:06:24","slug":"ifema-madrid-y-spain-film-commission-renuevan-su-alianza-para-la-organizacion-de-fitur-screen-2023","status":"publish","type":"post","link":"https:\/\/spainfilmcommission.com\/en\/blog\/ifema-madrid-y-spain-film-commission-renuevan-su-alianza-para-la-organizacion-de-fitur-screen-2023\/","title":{"rendered":"IFEMA MADRID y Spain Film Commission renuevan su alianza para la organizaci\u00f3n de FITUR SCREEN 2023"},"content":{"rendered":"<ul>\n<li style=\"font-size:12px;font-family:Arial, sans-serif;\"><span style=\"font-size:14px;\"><strong>La secci\u00f3n monogr\u00e1fica especializada en turismo cinematogr\u00e1fico, cumplir\u00e1 en FITUR 23 su sexta edici\u00f3n, impulsado un segmento cada vez m\u00e1s demandado en el mundo entero.<\/strong><\/span><\/li>\n<li style=\"font-size:12px;font-family:Arial, sans-serif;\"><span style=\"font-size:14px;\"><strong>Organizado por IFEMA MADRID, FITUR 2023 se celebrar\u00e1\u00a0<\/strong><strong>del 18 al 22 de enero de 2023 en el Recinto\u00a0 Ferial.\u00a0<\/strong><\/span><\/li>\n<\/ul>\n<p style=\"font-size:12px;font-family:Arial, sans-serif;\">\u00a0<\/p>\n<p style=\"font-size:12px;font-family:Arial, sans-serif;text-align:justify;\"><span style=\"font-size:14px;\">El Director General de\u00a0<strong>IFEMA MADRID<\/strong>, Juan Arrizabalaga, y el Presidente de\u00a0<strong>SPAIN FILM COMMISSION, SFC<\/strong>, Carlos Rosado, han renovado su \u00a0acuerdo de colaboraci\u00f3n para dar continuidad, por sexto\u00a0 a\u00f1o consecutivo, a la secci\u00f3n monogr\u00e1fica especializada en turismo cinematogr\u00e1fico,\u00a0<strong>FITUR SCREEN\u00a0<\/strong>\u00a0que, tras el \u00e9xito de sus pasadas ediciones, volver\u00e1 a contar con un espacio propio dise\u00f1ado para conectar la industria tur\u00edstica y audiovisual, en el marco de\u00a0<strong>FITUR 23,<\/strong>\u00a0 la feria l\u00edder del sector tur\u00edstico que se celebra los pr\u00f3ximos\u00a0<strong>18 al 22 de enero<\/strong>, en\u00a0<strong>IFEMA MADRID.<\/strong><\/span><\/p>\n<div style=\"font-family:Arial, sans-serif;font-size:12px;\">\n<p style=\"text-align:justify;\"><span style=\"font-size:14px;\">Para IFEMA MADRID, seg\u00fan se\u00f1al\u00f3 su Director General, Juan Arrizabalaga, &#8220;<em>la continuidad de esta colaboraci\u00f3n se enlaza a los objetivos de la instituci\u00f3n orientados a mejorar el posicionamiento de FITUR a trav\u00e9s del impulso de contenidos de valor para los profesionales del sector tur\u00edstico. Unos objetivos, que en este caso, gracias a la cualificada experiencia de SPAIN<\/em><strong>\u00a0FILM COMMISSION,\u00a0<\/strong><em>pionera en la visibilizaci\u00f3n e impulso del turismo cinematogr\u00e1fico<\/em>,<em>\u00a0se materializan en consolidar una secci\u00f3n de extraordinario inter\u00e9s para desarrollar el negocio tur\u00edstico, como as\u00ed revela la creciente demanda y especial relevancia en Espa\u00f1a y en el mundo de esta actividad tur\u00edstica&#8221;.<\/em><\/span><\/p>\n<p style=\"text-align:justify;\"><span style=\"font-size:14px;\">Por su parte, el presidente de\u00a0<strong>SPAIN FILM COMMISSION,\u00a0<\/strong>Carlos Rosado, ha se\u00f1alado que &#8220;<em>el turismo de pantalla es un fen\u00f3meno en continuo crecimiento, que genera un retorno positivo en la actividad econ\u00f3mica, la promoci\u00f3n de destino, la difusi\u00f3n del patrimonio y la cultura&#8221;.\u00a0\u00a0<\/em>En su opini\u00f3n<em>, &#8220;las personas que viajan motivadas por las pel\u00edculas y series que han visto, est\u00e1n m\u00e1s interconectadas, mejor informadas, comparten en tiempo real sus experiencias, cuentan con un alto poder adquisitivo, est\u00e1n m\u00e1s comprometidas con la sostenibilidad y son m\u00e1s respetuosas con la diversidad y las costumbres locales<\/em>&#8221;.<\/span><\/p>\n<p style=\"text-align:justify;\"><span style=\"font-size:14px;\">En este sentido, Carlos Rosado considera que &#8220;el acuerdo alcanzado entre\u00a0<strong>IFEMA MADRID<\/strong>\u00a0y\u00a0<strong>SPAIN FILM COMMISSION<\/strong>\u00a0es clave para consolidar una iniciativa estrat\u00e9gica de pa\u00eds, que constituye el mejor escaparate para impulsar en el mundo el turismo de pantalla&#8221;. \u00a0Carlos Rosado est\u00e1 convencido de que &#8220;la irrupci\u00f3n, entre otras, de plataformas como Netflix, HBO, Amazon o Disney incentivan esta tendencia, que se afianza como motor de reactivaci\u00f3n del sector tur\u00edstico y abre un nicho de mercado que debemos apoyar&#8221;. &#8220;Para que el turismo de pantalla sea una oportunidad de negocio -ha recordado- es preciso atraer producciones nacionales e internacionales a Espa\u00f1a, y \u00e9ste es el trabajo que\u00a0<strong>SPAIN FILM COMMISSION\u00a0<\/strong>lleva realizando con \u00e9xito desde hace m\u00e1s de 20 a\u00f1os.<\/span><\/p>\n<\/div>\n<p style=\"font-size:12px;font-family:Arial, sans-serif;text-align:justify;\"><span style=\"font-size:14px;\"><strong>Organizada por IFEMA MADRID, FITUR<\/strong>, una de las principales ferias internacionales de turismo en el mundo y la m\u00e1s importante en su papel de hub con Latinoam\u00e9rica, prepara su pr\u00f3ximo gran un evento de dinamizaci\u00f3n global, reafirmando su papel como la mayor plataforma de negocio para el sector tur\u00edstico, \u00a0reuniendo las mejores herramientas y toda una oferta orientada a mostrar al profesional las \u00faltimas tendencias y soluciones, con especial foco de atenci\u00f3n a la\u00a0<strong>sostenibilidad\u00a0<\/strong>y la\u00a0<strong>innovaci\u00f3n tecnol\u00f3gica.\u00a0<\/strong>La oferta de\u00a0<strong>FITUR 2023<\/strong>\u00a0tambi\u00e9n estar\u00e1 fuertemente marcada por la\u00a0<strong>especializaci\u00f3n,\u00a0<\/strong>representada a lo largo de sus diferentes secciones monogr\u00e1ficas que tienen por objeto crear nuevas redes tur\u00edsticas a trav\u00e9s de las oportunidades que abren los avances tecnol\u00f3gicos, la digitalizaci\u00f3n y los diferentes nichos de negocio que, como el turismo cinematogr\u00e1fico, ofrecen su potencial en relaci\u00f3n con los viajes y el turismo.<\/span><\/p>\n<p style=\"font-size:12px;font-family:Arial, sans-serif;text-align:justify;\"><span style=\"font-size:14px;\"><strong>SPAIN FILM COMMISSION<\/strong>\u00a0es una entidad sin \u00e1nimo de lucro que re\u00fane a una red territorial de aproximadamente cuarenta Film Commissions y Film Offices con presencia en todo el pa\u00eds. Desde 2001 lidera el posicionamiento de Espa\u00f1a como destino de rodajes audiovisuales y ha sido precursora en analizar y evidenciar la relaci\u00f3n entre la industria audiovisual y la tur\u00edstica. Desde su creaci\u00f3n, ha impulsado distintas iniciativas que han contribuido a crear un \u00e1mbito de trabajo de turismo y cine, con entidad propia dentro de la organizaci\u00f3n.<\/span><\/p>\n","protected":false},"excerpt":{"rendered":"<p style=\"font-size:12px;font-family:Arial, sans-serif;\"><strong>La secci\u00f3n monogr\u00e1fica especializada en turismo cinematogr\u00e1fico, cumplir\u00e1 en FITUR 23 su sexta edici\u00f3n, impulsado un segmento cada vez m\u00e1s demandado en el mundo entero.<\/strong><\/p>\n<p style=\"font-size:12px;font-family:Arial, sans-serif;\"><strong>Organizado por IFEMA MADRID, FITUR 2023 se celebrar\u00e1\u00a0<\/strong><strong>del 18 al 22 de enero de 2023 en el Recinto\u00a0 Ferial.\u00a0<\/strong><\/p>\n","protected":false},"author":2,"featured_media":8711,"comment_status":"closed","ping_status":"","sticky":false,"template":"","format":"standard","meta":{"footnotes":""},"categories":[38],"tags":[],"class_list":["post-8710","post","type-post","status-publish","format-standard","has-post-thumbnail","hentry","category-noticias"],"yoast_head":"<!-- This site is optimized with the Yoast SEO plugin v27.3 - https:\/\/yoast.com\/product\/yoast-seo-wordpress\/ -->\n<title>IFEMA MADRID y Spain Film Commission renuevan su alianza para la organizaci\u00f3n de FITUR SCREEN 2023 - Spain Film Commission<\/title>\n<meta name=\"robots\" content=\"index, follow, max-snippet:-1, max-image-preview:large, max-video-preview:-1\" \/>\n<link rel=\"canonical\" href=\"https:\/\/spainfilmcommission.com\/en\/blog\/ifema-madrid-y-spain-film-commission-renuevan-su-alianza-para-la-organizacion-de-fitur-screen-2023\/\" \/>\n<meta property=\"og:locale\" content=\"en_US\" \/>\n<meta property=\"og:type\" content=\"article\" \/>\n<meta property=\"og:title\" content=\"IFEMA MADRID y Spain Film Commission renuevan su alianza para la organizaci\u00f3n de FITUR SCREEN 2023 - Spain Film Commission\" \/>\n<meta property=\"og:description\" content=\"La secci\u00f3n monogr\u00e1fica especializada en turismo cinematogr\u00e1fico, cumplir\u00e1 en FITUR 23 su sexta edici\u00f3n, impulsado un segmento cada vez m\u00e1s demandado en el mundo entero. Organizado por IFEMA MADRID, FITUR 2023 se celebrar\u00e1\u00a0del 18 al 22 de enero de 2023 en el Recinto\u00a0 Ferial.\u00a0\" \/>\n<meta property=\"og:url\" content=\"https:\/\/spainfilmcommission.com\/en\/blog\/ifema-madrid-y-spain-film-commission-renuevan-su-alianza-para-la-organizacion-de-fitur-screen-2023\/\" \/>\n<meta property=\"og:site_name\" content=\"Spain Film Commission\" \/>\n<meta property=\"article:published_time\" content=\"2022-11-09T22:00:00+00:00\" \/>\n<meta property=\"article:modified_time\" content=\"2025-02-11T07:06:24+00:00\" \/>\n<meta property=\"og:image\" content=\"https:\/\/spainfilmcommission.com\/wp-content\/uploads\/2024\/11\/ifema-madrid-y-spain-film-commission-renuevan-su-alianza-para-la-organizacion-de-fitur-screen-2023-292.jpg\" \/>\n\t<meta property=\"og:image:width\" content=\"1170\" \/>\n\t<meta property=\"og:image:height\" content=\"779\" \/>\n\t<meta property=\"og:image:type\" content=\"image\/jpeg\" \/>\n<meta name=\"author\" content=\"studio128k_dam\" \/>\n<meta name=\"twitter:card\" content=\"summary_large_image\" \/>\n<meta name=\"twitter:label1\" content=\"Written by\" \/>\n\t<meta name=\"twitter:data1\" content=\"studio128k_dam\" \/>\n\t<meta name=\"twitter:label2\" content=\"Est. reading time\" \/>\n\t<meta name=\"twitter:data2\" content=\"4 minutes\" \/>\n<script type=\"application\/ld+json\" class=\"yoast-schema-graph\">{\"@context\":\"https:\\\/\\\/schema.org\",\"@graph\":[{\"@type\":\"Article\",\"@id\":\"https:\\\/\\\/spainfilmcommission.com\\\/en\\\/blog\\\/ifema-madrid-y-spain-film-commission-renuevan-su-alianza-para-la-organizacion-de-fitur-screen-2023\\\/#article\",\"isPartOf\":{\"@id\":\"https:\\\/\\\/spainfilmcommission.com\\\/en\\\/blog\\\/ifema-madrid-y-spain-film-commission-renuevan-su-alianza-para-la-organizacion-de-fitur-screen-2023\\\/\"},\"author\":{\"name\":\"studio128k_dam\",\"@id\":\"https:\\\/\\\/spainfilmcommission.com\\\/en\\\/#\\\/schema\\\/person\\\/6c014ba6ceac198d178a6a9e61113c9d\"},\"headline\":\"IFEMA MADRID y Spain Film Commission renuevan su alianza para la organizaci\u00f3n de FITUR SCREEN 2023\",\"datePublished\":\"2022-11-09T22:00:00+00:00\",\"dateModified\":\"2025-02-11T07:06:24+00:00\",\"mainEntityOfPage\":{\"@id\":\"https:\\\/\\\/spainfilmcommission.com\\\/en\\\/blog\\\/ifema-madrid-y-spain-film-commission-renuevan-su-alianza-para-la-organizacion-de-fitur-screen-2023\\\/\"},\"wordCount\":755,\"publisher\":{\"@id\":\"https:\\\/\\\/spainfilmcommission.com\\\/en\\\/#organization\"},\"image\":{\"@id\":\"https:\\\/\\\/spainfilmcommission.com\\\/en\\\/blog\\\/ifema-madrid-y-spain-film-commission-renuevan-su-alianza-para-la-organizacion-de-fitur-screen-2023\\\/#primaryimage\"},\"thumbnailUrl\":\"https:\\\/\\\/spainfilmcommission.com\\\/wp-content\\\/uploads\\\/2024\\\/11\\\/ifema-madrid-y-spain-film-commission-renuevan-su-alianza-para-la-organizacion-de-fitur-screen-2023-292.jpg\",\"articleSection\":[\"Noticias\"],\"inLanguage\":\"en-US\"},{\"@type\":\"WebPage\",\"@id\":\"https:\\\/\\\/spainfilmcommission.com\\\/en\\\/blog\\\/ifema-madrid-y-spain-film-commission-renuevan-su-alianza-para-la-organizacion-de-fitur-screen-2023\\\/\",\"url\":\"https:\\\/\\\/spainfilmcommission.com\\\/en\\\/blog\\\/ifema-madrid-y-spain-film-commission-renuevan-su-alianza-para-la-organizacion-de-fitur-screen-2023\\\/\",\"name\":\"IFEMA MADRID y Spain Film Commission renuevan su alianza para la organizaci\u00f3n de FITUR SCREEN 2023 - Spain Film Commission\",\"isPartOf\":{\"@id\":\"https:\\\/\\\/spainfilmcommission.com\\\/en\\\/#website\"},\"primaryImageOfPage\":{\"@id\":\"https:\\\/\\\/spainfilmcommission.com\\\/en\\\/blog\\\/ifema-madrid-y-spain-film-commission-renuevan-su-alianza-para-la-organizacion-de-fitur-screen-2023\\\/#primaryimage\"},\"image\":{\"@id\":\"https:\\\/\\\/spainfilmcommission.com\\\/en\\\/blog\\\/ifema-madrid-y-spain-film-commission-renuevan-su-alianza-para-la-organizacion-de-fitur-screen-2023\\\/#primaryimage\"},\"thumbnailUrl\":\"https:\\\/\\\/spainfilmcommission.com\\\/wp-content\\\/uploads\\\/2024\\\/11\\\/ifema-madrid-y-spain-film-commission-renuevan-su-alianza-para-la-organizacion-de-fitur-screen-2023-292.jpg\",\"datePublished\":\"2022-11-09T22:00:00+00:00\",\"dateModified\":\"2025-02-11T07:06:24+00:00\",\"breadcrumb\":{\"@id\":\"https:\\\/\\\/spainfilmcommission.com\\\/en\\\/blog\\\/ifema-madrid-y-spain-film-commission-renuevan-su-alianza-para-la-organizacion-de-fitur-screen-2023\\\/#breadcrumb\"},\"inLanguage\":\"en-US\",\"potentialAction\":[{\"@type\":\"ReadAction\",\"target\":[\"https:\\\/\\\/spainfilmcommission.com\\\/en\\\/blog\\\/ifema-madrid-y-spain-film-commission-renuevan-su-alianza-para-la-organizacion-de-fitur-screen-2023\\\/\"]}]},{\"@type\":\"ImageObject\",\"inLanguage\":\"en-US\",\"@id\":\"https:\\\/\\\/spainfilmcommission.com\\\/en\\\/blog\\\/ifema-madrid-y-spain-film-commission-renuevan-su-alianza-para-la-organizacion-de-fitur-screen-2023\\\/#primaryimage\",\"url\":\"https:\\\/\\\/spainfilmcommission.com\\\/wp-content\\\/uploads\\\/2024\\\/11\\\/ifema-madrid-y-spain-film-commission-renuevan-su-alianza-para-la-organizacion-de-fitur-screen-2023-292.jpg\",\"contentUrl\":\"https:\\\/\\\/spainfilmcommission.com\\\/wp-content\\\/uploads\\\/2024\\\/11\\\/ifema-madrid-y-spain-film-commission-renuevan-su-alianza-para-la-organizacion-de-fitur-screen-2023-292.jpg\",\"width\":1170,\"height\":779},{\"@type\":\"BreadcrumbList\",\"@id\":\"https:\\\/\\\/spainfilmcommission.com\\\/en\\\/blog\\\/ifema-madrid-y-spain-film-commission-renuevan-su-alianza-para-la-organizacion-de-fitur-screen-2023\\\/#breadcrumb\",\"itemListElement\":[{\"@type\":\"ListItem\",\"position\":1,\"name\":\"Portada\",\"item\":\"https:\\\/\\\/spainfilmcommission.com\\\/en\\\/\"},{\"@type\":\"ListItem\",\"position\":2,\"name\":\"IFEMA MADRID y Spain Film Commission renuevan su alianza para la organizaci\u00f3n de FITUR SCREEN 2023\"}]},{\"@type\":\"WebSite\",\"@id\":\"https:\\\/\\\/spainfilmcommission.com\\\/en\\\/#website\",\"url\":\"https:\\\/\\\/spainfilmcommission.com\\\/en\\\/\",\"name\":\"Spain Film Commission\",\"description\":\"\",\"publisher\":{\"@id\":\"https:\\\/\\\/spainfilmcommission.com\\\/en\\\/#organization\"},\"potentialAction\":[{\"@type\":\"SearchAction\",\"target\":{\"@type\":\"EntryPoint\",\"urlTemplate\":\"https:\\\/\\\/spainfilmcommission.com\\\/en\\\/?s={search_term_string}\"},\"query-input\":{\"@type\":\"PropertyValueSpecification\",\"valueRequired\":true,\"valueName\":\"search_term_string\"}}],\"inLanguage\":\"en-US\"},{\"@type\":\"Organization\",\"@id\":\"https:\\\/\\\/spainfilmcommission.com\\\/en\\\/#organization\",\"name\":\"Spain Film Commission\",\"url\":\"https:\\\/\\\/spainfilmcommission.com\\\/en\\\/\",\"logo\":{\"@type\":\"ImageObject\",\"inLanguage\":\"en-US\",\"@id\":\"https:\\\/\\\/spainfilmcommission.com\\\/en\\\/#\\\/schema\\\/logo\\\/image\\\/\",\"url\":\"https:\\\/\\\/spainfilmcommission.com\\\/wp-content\\\/uploads\\\/2024\\\/07\\\/SPC_COLOR.png\",\"contentUrl\":\"https:\\\/\\\/spainfilmcommission.com\\\/wp-content\\\/uploads\\\/2024\\\/07\\\/SPC_COLOR.png\",\"width\":1665,\"height\":1665,\"caption\":\"Spain Film Commission\"},\"image\":{\"@id\":\"https:\\\/\\\/spainfilmcommission.com\\\/en\\\/#\\\/schema\\\/logo\\\/image\\\/\"}},{\"@type\":\"Person\",\"@id\":\"https:\\\/\\\/spainfilmcommission.com\\\/en\\\/#\\\/schema\\\/person\\\/6c014ba6ceac198d178a6a9e61113c9d\",\"name\":\"studio128k_dam\",\"image\":{\"@type\":\"ImageObject\",\"inLanguage\":\"en-US\",\"@id\":\"https:\\\/\\\/secure.gravatar.com\\\/avatar\\\/810f99144a13522c24aa173f9cd8bf079d0e89758af00b5f2938443cd51b31e9?s=96&d=mm&r=g\",\"url\":\"https:\\\/\\\/secure.gravatar.com\\\/avatar\\\/810f99144a13522c24aa173f9cd8bf079d0e89758af00b5f2938443cd51b31e9?s=96&d=mm&r=g\",\"contentUrl\":\"https:\\\/\\\/secure.gravatar.com\\\/avatar\\\/810f99144a13522c24aa173f9cd8bf079d0e89758af00b5f2938443cd51b31e9?s=96&d=mm&r=g\",\"caption\":\"studio128k_dam\"}}]}<\/script>\n<!-- \/ Yoast SEO plugin. -->","yoast_head_json":{"title":"IFEMA MADRID y Spain Film Commission renuevan su alianza para la organizaci\u00f3n de FITUR SCREEN 2023 - Spain Film Commission","robots":{"index":"index","follow":"follow","max-snippet":"max-snippet:-1","max-image-preview":"max-image-preview:large","max-video-preview":"max-video-preview:-1"},"canonical":"https:\/\/spainfilmcommission.com\/en\/blog\/ifema-madrid-y-spain-film-commission-renuevan-su-alianza-para-la-organizacion-de-fitur-screen-2023\/","og_locale":"en_US","og_type":"article","og_title":"IFEMA MADRID y Spain Film Commission renuevan su alianza para la organizaci\u00f3n de FITUR SCREEN 2023 - Spain Film Commission","og_description":"La secci\u00f3n monogr\u00e1fica especializada en turismo cinematogr\u00e1fico, cumplir\u00e1 en FITUR 23 su sexta edici\u00f3n, impulsado un segmento cada vez m\u00e1s demandado en el mundo entero. Organizado por IFEMA MADRID, FITUR 2023 se celebrar\u00e1\u00a0del 18 al 22 de enero de 2023 en el Recinto\u00a0 Ferial.\u00a0","og_url":"https:\/\/spainfilmcommission.com\/en\/blog\/ifema-madrid-y-spain-film-commission-renuevan-su-alianza-para-la-organizacion-de-fitur-screen-2023\/","og_site_name":"Spain Film Commission","article_published_time":"2022-11-09T22:00:00+00:00","article_modified_time":"2025-02-11T07:06:24+00:00","og_image":[{"width":1170,"height":779,"url":"https:\/\/spainfilmcommission.com\/wp-content\/uploads\/2024\/11\/ifema-madrid-y-spain-film-commission-renuevan-su-alianza-para-la-organizacion-de-fitur-screen-2023-292.jpg","type":"image\/jpeg"}],"author":"studio128k_dam","twitter_card":"summary_large_image","twitter_misc":{"Written by":"studio128k_dam","Est. reading time":"4 minutes"},"schema":{"@context":"https:\/\/schema.org","@graph":[{"@type":"Article","@id":"https:\/\/spainfilmcommission.com\/en\/blog\/ifema-madrid-y-spain-film-commission-renuevan-su-alianza-para-la-organizacion-de-fitur-screen-2023\/#article","isPartOf":{"@id":"https:\/\/spainfilmcommission.com\/en\/blog\/ifema-madrid-y-spain-film-commission-renuevan-su-alianza-para-la-organizacion-de-fitur-screen-2023\/"},"author":{"name":"studio128k_dam","@id":"https:\/\/spainfilmcommission.com\/en\/#\/schema\/person\/6c014ba6ceac198d178a6a9e61113c9d"},"headline":"IFEMA MADRID y Spain Film Commission renuevan su alianza para la organizaci\u00f3n de FITUR SCREEN 2023","datePublished":"2022-11-09T22:00:00+00:00","dateModified":"2025-02-11T07:06:24+00:00","mainEntityOfPage":{"@id":"https:\/\/spainfilmcommission.com\/en\/blog\/ifema-madrid-y-spain-film-commission-renuevan-su-alianza-para-la-organizacion-de-fitur-screen-2023\/"},"wordCount":755,"publisher":{"@id":"https:\/\/spainfilmcommission.com\/en\/#organization"},"image":{"@id":"https:\/\/spainfilmcommission.com\/en\/blog\/ifema-madrid-y-spain-film-commission-renuevan-su-alianza-para-la-organizacion-de-fitur-screen-2023\/#primaryimage"},"thumbnailUrl":"https:\/\/spainfilmcommission.com\/wp-content\/uploads\/2024\/11\/ifema-madrid-y-spain-film-commission-renuevan-su-alianza-para-la-organizacion-de-fitur-screen-2023-292.jpg","articleSection":["Noticias"],"inLanguage":"en-US"},{"@type":"WebPage","@id":"https:\/\/spainfilmcommission.com\/en\/blog\/ifema-madrid-y-spain-film-commission-renuevan-su-alianza-para-la-organizacion-de-fitur-screen-2023\/","url":"https:\/\/spainfilmcommission.com\/en\/blog\/ifema-madrid-y-spain-film-commission-renuevan-su-alianza-para-la-organizacion-de-fitur-screen-2023\/","name":"IFEMA MADRID y Spain Film Commission renuevan su alianza para la organizaci\u00f3n de FITUR SCREEN 2023 - Spain Film Commission","isPartOf":{"@id":"https:\/\/spainfilmcommission.com\/en\/#website"},"primaryImageOfPage":{"@id":"https:\/\/spainfilmcommission.com\/en\/blog\/ifema-madrid-y-spain-film-commission-renuevan-su-alianza-para-la-organizacion-de-fitur-screen-2023\/#primaryimage"},"image":{"@id":"https:\/\/spainfilmcommission.com\/en\/blog\/ifema-madrid-y-spain-film-commission-renuevan-su-alianza-para-la-organizacion-de-fitur-screen-2023\/#primaryimage"},"thumbnailUrl":"https:\/\/spainfilmcommission.com\/wp-content\/uploads\/2024\/11\/ifema-madrid-y-spain-film-commission-renuevan-su-alianza-para-la-organizacion-de-fitur-screen-2023-292.jpg","datePublished":"2022-11-09T22:00:00+00:00","dateModified":"2025-02-11T07:06:24+00:00","breadcrumb":{"@id":"https:\/\/spainfilmcommission.com\/en\/blog\/ifema-madrid-y-spain-film-commission-renuevan-su-alianza-para-la-organizacion-de-fitur-screen-2023\/#breadcrumb"},"inLanguage":"en-US","potentialAction":[{"@type":"ReadAction","target":["https:\/\/spainfilmcommission.com\/en\/blog\/ifema-madrid-y-spain-film-commission-renuevan-su-alianza-para-la-organizacion-de-fitur-screen-2023\/"]}]},{"@type":"ImageObject","inLanguage":"en-US","@id":"https:\/\/spainfilmcommission.com\/en\/blog\/ifema-madrid-y-spain-film-commission-renuevan-su-alianza-para-la-organizacion-de-fitur-screen-2023\/#primaryimage","url":"https:\/\/spainfilmcommission.com\/wp-content\/uploads\/2024\/11\/ifema-madrid-y-spain-film-commission-renuevan-su-alianza-para-la-organizacion-de-fitur-screen-2023-292.jpg","contentUrl":"https:\/\/spainfilmcommission.com\/wp-content\/uploads\/2024\/11\/ifema-madrid-y-spain-film-commission-renuevan-su-alianza-para-la-organizacion-de-fitur-screen-2023-292.jpg","width":1170,"height":779},{"@type":"BreadcrumbList","@id":"https:\/\/spainfilmcommission.com\/en\/blog\/ifema-madrid-y-spain-film-commission-renuevan-su-alianza-para-la-organizacion-de-fitur-screen-2023\/#breadcrumb","itemListElement":[{"@type":"ListItem","position":1,"name":"Portada","item":"https:\/\/spainfilmcommission.com\/en\/"},{"@type":"ListItem","position":2,"name":"IFEMA MADRID y Spain Film Commission renuevan su alianza para la organizaci\u00f3n de FITUR SCREEN 2023"}]},{"@type":"WebSite","@id":"https:\/\/spainfilmcommission.com\/en\/#website","url":"https:\/\/spainfilmcommission.com\/en\/","name":"Spain Film Commission","description":"","publisher":{"@id":"https:\/\/spainfilmcommission.com\/en\/#organization"},"potentialAction":[{"@type":"SearchAction","target":{"@type":"EntryPoint","urlTemplate":"https:\/\/spainfilmcommission.com\/en\/?s={search_term_string}"},"query-input":{"@type":"PropertyValueSpecification","valueRequired":true,"valueName":"search_term_string"}}],"inLanguage":"en-US"},{"@type":"Organization","@id":"https:\/\/spainfilmcommission.com\/en\/#organization","name":"Spain Film Commission","url":"https:\/\/spainfilmcommission.com\/en\/","logo":{"@type":"ImageObject","inLanguage":"en-US","@id":"https:\/\/spainfilmcommission.com\/en\/#\/schema\/logo\/image\/","url":"https:\/\/spainfilmcommission.com\/wp-content\/uploads\/2024\/07\/SPC_COLOR.png","contentUrl":"https:\/\/spainfilmcommission.com\/wp-content\/uploads\/2024\/07\/SPC_COLOR.png","width":1665,"height":1665,"caption":"Spain Film Commission"},"image":{"@id":"https:\/\/spainfilmcommission.com\/en\/#\/schema\/logo\/image\/"}},{"@type":"Person","@id":"https:\/\/spainfilmcommission.com\/en\/#\/schema\/person\/6c014ba6ceac198d178a6a9e61113c9d","name":"studio128k_dam","image":{"@type":"ImageObject","inLanguage":"en-US","@id":"https:\/\/secure.gravatar.com\/avatar\/810f99144a13522c24aa173f9cd8bf079d0e89758af00b5f2938443cd51b31e9?s=96&d=mm&r=g","url":"https:\/\/secure.gravatar.com\/avatar\/810f99144a13522c24aa173f9cd8bf079d0e89758af00b5f2938443cd51b31e9?s=96&d=mm&r=g","contentUrl":"https:\/\/secure.gravatar.com\/avatar\/810f99144a13522c24aa173f9cd8bf079d0e89758af00b5f2938443cd51b31e9?s=96&d=mm&r=g","caption":"studio128k_dam"}}]}},"_links":{"self":[{"href":"https:\/\/spainfilmcommission.com\/en\/wp-json\/wp\/v2\/posts\/8710","targetHints":{"allow":["GET"]}}],"collection":[{"href":"https:\/\/spainfilmcommission.com\/en\/wp-json\/wp\/v2\/posts"}],"about":[{"href":"https:\/\/spainfilmcommission.com\/en\/wp-json\/wp\/v2\/types\/post"}],"author":[{"embeddable":true,"href":"https:\/\/spainfilmcommission.com\/en\/wp-json\/wp\/v2\/users\/2"}],"replies":[{"embeddable":true,"href":"https:\/\/spainfilmcommission.com\/en\/wp-json\/wp\/v2\/comments?post=8710"}],"version-history":[{"count":0,"href":"https:\/\/spainfilmcommission.com\/en\/wp-json\/wp\/v2\/posts\/8710\/revisions"}],"wp:featuredmedia":[{"embeddable":true,"href":"https:\/\/spainfilmcommission.com\/en\/wp-json\/wp\/v2\/media\/8711"}],"wp:attachment":[{"href":"https:\/\/spainfilmcommission.com\/en\/wp-json\/wp\/v2\/media?parent=8710"}],"wp:term":[{"taxonomy":"category","embeddable":true,"href":"https:\/\/spainfilmcommission.com\/en\/wp-json\/wp\/v2\/categories?post=8710"},{"taxonomy":"post_tag","embeddable":true,"href":"https:\/\/spainfilmcommission.com\/en\/wp-json\/wp\/v2\/tags?post=8710"}],"curies":[{"name":"wp","href":"https:\/\/api.w.org\/{rel}","templated":true}]}}