{"id":8704,"date":"2022-10-20T00:00:00","date_gmt":"2022-10-19T22:00:00","guid":{"rendered":"https:\/\/sfc.com\/arranca-la-segunda-edicion-de-shooting-locations-marketplace\/"},"modified":"2025-02-11T08:06:24","modified_gmt":"2025-02-11T07:06:24","slug":"arranca-la-segunda-edicion-de-shooting-locations-marketplace","status":"publish","type":"post","link":"https:\/\/spainfilmcommission.com\/en\/blog\/arranca-la-segunda-edicion-de-shooting-locations-marketplace\/","title":{"rendered":"Arranca la segunda edici\u00f3n de Shooting Locations Marketplace"},"content":{"rendered":"<p style=\"font-size:12px;font-family:Arial, sans-serif;text-align:justify;\"><span style=\"font-size:14px;\">&#8226;<span style=\"white-space:pre;\"> <\/span>Evento organizado por Feria de Valladolid y Spain Film Commission<\/span><\/p>\n<p style=\"font-size:12px;font-family:Arial, sans-serif;text-align:justify;\"><span style=\"font-size:14px;\">&#8226;<span style=\"white-space:pre;\"> <\/span>Aumenta un 30 por ciento la participaci\u00f3n de destinos, localizadores, productores y empresas del sector.<\/span><\/p>\n<div style=\"font-family:Arial, sans-serif;font-size:12px;text-align:justify;\">\u00a0<\/div>\n<p style=\"font-size:12px;font-family:Arial, sans-serif;text-align:justify;\"><span style=\"font-size:14px;\"><strong>Shooting Locations Marketplace<\/strong>\u00a0celebra desde hoy su segunda edici\u00f3n, que ve incrementado en un 30 por ciento la participaci\u00f3n de localizadores, productores, destinos de rodaje y empresas proveedoras de servicios a la industria audiovisual. Profesionales de doce nacionalidades se dar\u00e1n cita en este evento, que est\u00e1 organizado conjuntamente por\u00a0<strong>Feria de Valladolid<\/strong>\u00a0y\u00a0<strong>Spain Film Commission<\/strong>\u00a0y cuenta con el patrocinio del\u00a0<strong>Ayuntamiento de Valladolid.<\/strong><\/span><\/p>\n<p style=\"font-size:12px;font-family:Arial, sans-serif;text-align:justify;\"><span style=\"font-size:14px;text-align:justify;\">El alcalde de Valladolid,<\/span><strong style=\"font-size:14px;text-align:justify;\">\u00a0\u00d3scar Puente<\/strong><span style=\"font-size:14px;text-align:justify;\">, ha mencionado que &#8220;<\/span><em style=\"font-size:14px;text-align:justify;\">Shooting Locations Marketplace naci\u00f3 con la pretensi\u00f3n de ser un referente en Europa y va camino de conseguirlo<\/em><em style=\"font-size:14px;text-align:justify;\">&#8221;<\/em><span style=\"font-size:14px;text-align:justify;\">,<\/span><span style=\"font-size:14px;text-align:justify;\">\u00a0Los datos invitan a pensar que esas bases se est\u00e1n consolidando, a lo que ayuda su adecuaci\u00f3n a las l\u00edneas de actuaci\u00f3n del Plan Espa\u00f1a Hub Audiovisual de Europa impulsado por el Gobierno de Espa\u00f1a, con financiaci\u00f3n del Plan de Recuperaci\u00f3n, Transformaci\u00f3n y Resiliencia.<\/span><\/p>\n<p style=\"font-size:12px;font-family:Arial, sans-serif;text-align:justify;\"><span style=\"font-size:14px;\"><em>&#8220;Arranca con unas magn\u00edficas perspectivas y el reto de consolidar este encuentro como referente de la industria audiovisual en nuestro pa\u00eds y en el mundo, al tiempo que contribuye al \u00e9xito del Plan &#8220;Espa\u00f1a, HUB Audiovisual de Europa&#8221;<\/em>, ha manifestado el presidente de\u00a0<strong>Spain Film Commission<\/strong>,\u00a0<strong>Carlos Rosado.<\/strong><\/span><\/p>\n<p style=\"font-size:12px;font-family:Arial, sans-serif;text-align:justify;\"><span style=\"font-size:14px;\">El director general de\u00a0<strong>Feria de Valladolid<\/strong>, ha destacado el car\u00e1cter global del proyecto &#8220;<em>con participaci\u00f3n de profesionales de doce nacionalidades&#8221;<\/em>\u00a0y ha subrayado la importancia de contar, en una segunda edici\u00f3n, con destinos como\u00a0<strong>Abu Dhabi<\/strong>,\u00a0<strong>Noruega, Malta, Polonia, Jordania<\/strong>\u00a0y\u00a0<strong>Gran Breta\u00f1a.<\/strong><\/span><\/p>\n<p style=\"font-size:12px;font-family:Arial, sans-serif;text-align:justify;\"><span style=\"font-size:14px;\">Y en cuanto a la procedencia de localizadores y productores,\u00a0<strong>Estados Unidos<\/strong>\u00a0y\u00a0<strong>Gran Breta\u00f1a<\/strong>\u00a0son de nuevo los principales mercados, junto con\u00a0<strong>Espa\u00f1a<\/strong>.\u00a0<strong>Alemania, Italia,<\/strong>\u00a0<strong>Canad\u00e1<\/strong>\u00a0y\u00a0<strong>M\u00e9xico<\/strong>\u00a0completan el mapa de procedencia de estos profesionales.<\/span><\/p>\n<p style=\"font-size:12px;font-family:Arial, sans-serif;text-align:justify;\"><span style=\"font-size:14px;\"><strong>Carlos Rosado\u00a0<\/strong>se ha referido tambi\u00e9n a\u00a0<strong>la participaci\u00f3n de las film commissions y film offices socias de Spain Film Commission, que suman m\u00e1s de<\/strong>\u00a0<strong>veinticinco destinos<\/strong>\u00a0asistentes de toda la geograf\u00eda nacional, tanto de \u00e1mbito regional como local.<\/span><\/p>\n<p style=\"font-size:12px;font-family:Arial, sans-serif;text-align:justify;\"><span style=\"font-size:14px;\">Empresas privadas se incorporan este a\u00f1o al evento, en concreto la red de Paradores Nacionales, la compa\u00f1\u00eda THB Hotels, Seven Islands, Locafixer y Pleo Technologies, tres firmas que prestan servicios de apoyo a las producciones.<\/span><\/p>\n<p style=\"font-size:12px;font-family:Arial, sans-serif;text-align:justify;\"><span style=\"font-size:14px;\">La filosof\u00eda de Shooting Locations Marketplace es facilitar encuentros entre destinos y localizadores con intereses comunes, y para ello se organiza un programa de entrevistas previo, que arranca con m\u00e1s de 700 citas de trabajo.<\/span><\/p>\n<p style=\"font-size:12px;font-family:Arial, sans-serif;text-align:justify;\">\u00a0<\/p>\n<p style=\"font-size:12px;font-family:Arial, sans-serif;text-align:justify;\">\u00a0<\/p>\n<h3 style=\"font-family:Arial, sans-serif;text-align:justify;\"><strong><span style=\"font-size:16px;\">Localizadores de siete nacionalidades<\/span><\/strong><\/h3>\n<p style=\"font-size:12px;font-family:Arial, sans-serif;text-align:justify;\"><span style=\"font-size:14px;\">El n\u00famero de localizadores participantes tambi\u00e9n aumenta respecto a 2021 y este a\u00f1o ser\u00e1n alrededor de 50 los profesionales de siete nacionalidades que acudir\u00e1n a\u00a0<strong>Feria de Valladolid<\/strong>. El 76 por ciento son internacionales y la mayor\u00eda procede de Estados Unidos y Gran Breta\u00f1a, dos importantes mercados en el sector audiovisual. Se suma M\u00e9xico a esta lista en la que est\u00e1n tambi\u00e9n\u00a0<strong>Alemania, Canad\u00e1, Italia\u00a0<\/strong>y\u00a0<strong>Espa\u00f1a.<\/strong><\/span><\/p>\n<p style=\"font-size:12px;font-family:Arial, sans-serif;text-align:justify;\"><span style=\"font-size:14px;\"><em>&#8220;Destacan adem\u00e1s dos hechos: tan solo diez de estos profesionales estuvieron en la primera edici\u00f3n y este a\u00f1o acuden adem\u00e1s de localizadores, productores, un perfil con mayor capacidad de decisi\u00f3n a la hora de elegir d\u00f3nde rodar&#8221;<\/em>, ha destacado\u00a0<strong>Alonso.<\/strong><\/span><\/p>\n<p style=\"font-size:12px;font-family:Arial, sans-serif;text-align:justify;\"><span style=\"font-size:14px;\">En los curr\u00edculums de estos 50 participantes figuran trabajos junto a nombres como\u00a0<strong>Steven Spielberg, George Clooney, Olivia Wilde, Nicolas Cage, J.J. Abrams<\/strong>; estudios y plataformas como\u00a0<strong>NBC Universal<\/strong>,\u00a0<strong>Marvel<\/strong>,\u00a0<strong>HBO<\/strong>,\u00a0<strong>Disney<\/strong>,\u00a0<strong>Apple<\/strong>,\u00a0<strong>Amazon<\/strong>,\u00a0<strong>Netflix<\/strong>,\u00a0<strong>Hulu<\/strong>,\u00a0<strong>Showtime<\/strong>; y entre las pel\u00edculas y series para las que han elegido escenarios aparecen\u00a0<strong>Misi\u00f3n Imposible<\/strong>,\u00a0<strong>The House of Dragon, Black Mirror, Demimonde, The Crown, Hustle, 30 Monedas, Vampire Academy, Warrior Nun 2, Fast and Furious, producciones de Bollywood<\/strong>, etc.<\/span><\/p>\n<p style=\"font-size:12px;font-family:Arial, sans-serif;text-align:justify;\">\u00a0<\/p>\n<p style=\"font-size:12px;font-family:Arial, sans-serif;text-align:justify;\">\u00a0<\/p>\n<p style=\"font-size:12px;font-family:Arial, sans-serif;text-align:justify;\"><strong><span style=\"font-size:16px;\">Conferencias y mesas redondas<\/span><\/strong><\/p>\n<p style=\"font-size:12px;font-family:Arial, sans-serif;text-align:justify;\"><span style=\"font-size:14px;\">El intercambio de conocimiento, conocer casos de \u00e9xito y analizar los retos de futuro del sector son tambi\u00e9n objetivos de Shooting Locations Marketplace y para ello se desarrolla un programa de conferencias y mesas redondas que comenzar\u00e1 con la ponencia del estadounidense James Lin, localizador y productor de NBC Universal.<\/span><\/p>\n<p style=\"font-size:12px;font-family:Arial, sans-serif;text-align:justify;\"><span style=\"font-size:14px;\">A continuaci\u00f3n,\u00a0<strong>Noruega<\/strong>,\u00a0<strong>Abu Dhabi<\/strong>\u00a0y\u00a0<strong>Alex Scott<\/strong>\u00a0hablar\u00e1n sobre cu\u00e1les son las claves para crecer como destino de rodajes. La primera jornada concluir\u00e1 con una mesa redonda sobre producciones internacionales en la que intervendr\u00e1n el presidente de Profilm, Fernando Victoria de Lecea; Bilbao Bizkaia Film Commission y el localizador brit\u00e1nico Dan Connolly.<\/span><\/p>\n<p style=\"font-size:12px;font-family:Arial, sans-serif;text-align:justify;\"><span style=\"font-size:14px;\">El viernes 21 ser\u00e1 el turno de\u00a0<strong>Malta<\/strong>,\u00a0<strong>V\u00edctor Aertsen<\/strong>, de\u00a0<strong>Madrid Film Office<\/strong>, y el localizador\u00a0<strong>Enrique Guti\u00e9rrez del \u00c1lamo,<\/strong>\u00a0responsable de localizaciones de obras como\u00a0<strong>&#8220;30 Monedas&#8221;<\/strong>\u00a0o\u00a0<strong>&#8220;Cu\u00e9ntame c\u00f3mo pas\u00f3&#8221;.<\/strong>\u00a0La sesi\u00f3n concluir\u00e1 con una charla entre\u00a0<strong>Lori Balton<\/strong>, localizadora estadounidense con una trayectoria profesional de tres d\u00e9cadas, y el productor indio\u00a0<strong>Bobby Bedi<\/strong>, que tiene en su haber piezas como el cl\u00e1sico\u00a0<strong>&#8220;Sandokan&#8221;<\/strong>, estrenada en los a\u00f1os 70.<\/span><\/p>\n<p style=\"font-size:12px;font-family:Arial, sans-serif;text-align:justify;\"><span style=\"font-size:14px;\">Como punto de encuentro para los profesionales del mundo audiovisual, Shooting Locations Marketplace ha suscrito acuerdos de colaboraci\u00f3n con las principales asociaciones del sector y medios de comunicaci\u00f3n especializados:<\/span><\/p>\n<p style=\"font-size:12px;font-family:Arial, sans-serif;text-align:justify;\"><span style=\"font-size:14px;\">EUFCN &#8211; European Film Commissions Network\u00a0<\/span><\/p>\n<p style=\"font-size:12px;font-family:Arial, sans-serif;text-align:justify;\"><span style=\"font-size:14px;\">PROFILM<\/span><\/p>\n<p style=\"font-size:12px;font-family:Arial, sans-serif;text-align:justify;\"><span style=\"font-size:14px;\">APPA &#8211; Asociaci\u00f3n de Profesionales de Producci\u00f3n Audiovisual<\/span><\/p>\n<p style=\"font-size:12px;font-family:Arial, sans-serif;text-align:justify;\"><span style=\"font-size:14px;\">AL\u00cdA &#8211; Alianza Audiovisual<\/span><\/p>\n<p style=\"font-size:12px;font-family:Arial, sans-serif;text-align:justify;\"><span style=\"font-size:14px;\">Audiovisual 451<\/span><\/p>\n<p style=\"font-size:12px;font-family:Arial, sans-serif;text-align:justify;\"><span style=\"font-size:14px;\">Cineuropa<\/span><\/p>\n<p style=\"font-size:12px;font-family:Arial, sans-serif;text-align:justify;\"><span style=\"font-size:14px;\">Cine y Tele<\/span><\/p>\n<p style=\"font-size:12px;font-family:Arial, sans-serif;text-align:justify;\"><span style=\"font-size:14px;\">Asociaci\u00f3n de Periodistas Iberoamericanos de Cine<\/span><\/p>\n<p style=\"font-size:12px;font-family:Arial, sans-serif;text-align:justify;\"><span style=\"font-size:14px;\">Latam Cinema<\/span><\/p>\n<p style=\"font-size:12px;font-family:Arial, sans-serif;text-align:justify;\"><span style=\"font-size:14px;\">Camera Light<\/span><\/p>\n<p style=\"font-size:12px;font-family:Arial, sans-serif;text-align:justify;\"><span style=\"font-size:14px;\">Screen Daily<\/span><\/p>\n<p style=\"font-size:12px;font-family:Arial, sans-serif;text-align:justify;\"><span style=\"font-size:14px;\">KFTV<\/span><\/p>\n<p style=\"font-size:12px;font-family:Arial, sans-serif;text-align:justify;\"><span style=\"font-size:14px;\">Le Film Fran\u00e7ais<\/span><\/p>\n<p style=\"font-size:12px;font-family:Arial, sans-serif;text-align:justify;\">\u00a0<\/p>\n<p style=\"font-size:12px;font-family:Arial, sans-serif;text-align:justify;\">\u00a0<\/p>\n<h3 style=\"font-family:Arial, sans-serif;text-align:justify;\"><span style=\"font-size:16px;\"><strong>Apoyo institucional<\/strong><\/span><\/h3>\n<p style=\"font-size:12px;font-family:Arial, sans-serif;text-align:justify;\"><span style=\"font-size:14px;\">El Ayuntamiento de Valladolid patrocina este evento que da visibilidad a la ciudad ante profesionales de la industria audiovisual internacional. Adem\u00e1s, Spain Film Commission enmarca Shooting Locations Marketplace en las l\u00edneas de actuaci\u00f3n del Plan Espa\u00f1a HUB Audiovisual, que cuenta con financiaci\u00f3n del Pan de Recuperaci\u00f3n, Transformaci\u00f3n y Resiliencia del Gobierno de Espa\u00f1a.<\/span><\/p>\n<p style=\"font-size:12px;font-family:Arial, sans-serif;text-align:justify;\">\u00a0<\/p>\n<p style=\"font-size:12px;font-family:Arial, sans-serif;text-align:justify;\">\u00a0<\/p>\n<h3 style=\"font-family:Arial, sans-serif;text-align:justify;\"><span style=\"font-size:16px;\"><strong>Visitas a los destinos<\/strong><\/span><\/h3>\n<p style=\"font-size:12px;font-family:Arial, sans-serif;text-align:justify;\"><span style=\"font-size:14px;\"><em>&#8220;Conocer nuevos lugares, ampliar mi lista de opciones para rodar y contactar con colegas de otros lugares&#8221;\u00a0<\/em>son las principales motivaciones de los localizadores para participar en Shooting Locations Marketplace. Y tras las sesiones &#8220;te\u00f3ricas&#8221; el viaje concluye con un programa de visitas a escenarios de\u00a0<strong>Catalu\u00f1a,<\/strong>\u00a0<strong>Castilla-La Mancha, Vigo, Pontevedra e Islas Canarias<\/strong>.<\/span><\/p>\n<p style=\"font-size:12px;font-family:Arial, sans-serif;text-align:justify;\">\u00a0<\/p>\n<p style=\"font-size:12px;font-family:Arial, sans-serif;text-align:justify;\">\u00a0<\/p>\n<h3 style=\"font-family:Arial, sans-serif;text-align:justify;\"><span style=\"font-size:16px;\"><strong>Relaci\u00f3n de participantes<\/strong><\/span><\/h3>\n<p style=\"font-size:12px;font-family:Arial, sans-serif;text-align:justify;\"><span style=\"font-size:14px;\">ABU DHABI FILM COMMISSION<\/span><\/p>\n<p style=\"font-size:12px;font-family:Arial, sans-serif;text-align:justify;\"><span style=\"font-size:14px;\">ALICANTE FILM OFFICE<\/span><\/p>\n<p style=\"font-size:12px;font-family:Arial, sans-serif;text-align:justify;\"><span style=\"font-size:14px;\">ANDALUC\u00cdA FILM COMMISSION<\/span><\/p>\n<p style=\"font-size:12px;font-family:Arial, sans-serif;text-align:justify;\"><span style=\"font-size:14px;\">ASTURIAS PARA\u00cdSO NATURAL FILM COMMISSION<\/span><\/p>\n<p style=\"font-size:12px;font-family:Arial, sans-serif;text-align:justify;\"><span style=\"font-size:14px;\">BILBAO BIZKAIA FILM COMMISSION<\/span><\/p>\n<p style=\"font-size:12px;font-family:Arial, sans-serif;text-align:justify;\"><span style=\"font-size:14px;\">BRITISH FILM COMMISSION\u00a0<\/span><\/p>\n<p style=\"font-size:12px;font-family:Arial, sans-serif;text-align:justify;\"><span style=\"font-size:14px;\">BURGOS FILM COMMISSION &#8211; ASOCIACI\u00d3N CULTURAL SAD HILL<\/span><\/p>\n<p style=\"font-size:12px;font-family:Arial, sans-serif;text-align:justify;\"><span style=\"font-size:14px;\">CANARY ISLANDS FILM<\/span><\/p>\n<p style=\"font-size:12px;font-family:Arial, sans-serif;text-align:justify;\"><span style=\"font-size:14px;\">CANTABRIA FILM COMMISSION<\/span><\/p>\n<p style=\"font-size:12px;font-family:Arial, sans-serif;text-align:justify;\"><span style=\"font-size:14px;\">CASTILLA-LA MANCHA FILM COMMISSION<\/span><\/p>\n<p style=\"font-size:12px;font-family:Arial, sans-serif;text-align:justify;\"><span style=\"font-size:14px;\">CATALUNYA FILM COMMISSION\u00a0<\/span><\/p>\n<p style=\"font-size:12px;font-family:Arial, sans-serif;text-align:justify;\"><span style=\"font-size:14px;\">FILM MADRID\u00a0<\/span><\/p>\n<p style=\"font-size:12px;font-family:Arial, sans-serif;text-align:justify;\"><span style=\"font-size:14px;\">FILM LONDON<\/span><\/p>\n<p style=\"font-size:12px;font-family:Arial, sans-serif;text-align:justify;\"><span style=\"font-size:14px;\">IBIZA FILM COMMISSION<\/span><\/p>\n<p style=\"font-size:12px;font-family:Arial, sans-serif;text-align:justify;\"><span style=\"font-size:14px;\">LA RIOJA FILM COMMISSION<\/span><\/p>\n<p style=\"font-size:12px;font-family:Arial, sans-serif;text-align:justify;\"><span style=\"font-size:14px;\">LOCAFIXER<\/span><\/p>\n<p style=\"font-size:12px;font-family:Arial, sans-serif;text-align:justify;\"><span style=\"font-size:14px;\">MADRID FILM OFFICE<\/span><\/p>\n<p style=\"font-size:12px;font-family:Arial, sans-serif;text-align:justify;\"><span style=\"font-size:14px;\">MALLORCA FILM COMMISSION<\/span><\/p>\n<p style=\"font-size:12px;font-family:Arial, sans-serif;text-align:justify;\"><span style=\"font-size:14px;\">MALTA FILM COMMISSION<\/span><\/p>\n<p style=\"font-size:12px;font-family:Arial, sans-serif;text-align:justify;\"><span style=\"font-size:14px;\">MENORCA FILM COMMISSION<\/span><\/p>\n<p style=\"font-size:12px;font-family:Arial, sans-serif;text-align:justify;\"><span style=\"font-size:14px;\">NAVARRA FILM COMMISSION<\/span><\/p>\n<p style=\"font-size:12px;font-family:Arial, sans-serif;text-align:justify;\"><span style=\"font-size:14px;\">NORWEGIAN FILM COMMISSION<\/span><\/p>\n<p style=\"font-size:12px;font-family:Arial, sans-serif;text-align:justify;\"><span style=\"font-size:14px;\">PARADORES DE TURISMO DE ESPA\u00d1A<\/span><\/p>\n<p style=\"font-size:12px;font-family:Arial, sans-serif;text-align:justify;\"><span style=\"font-size:14px;\">PLEO TECHNOLOGIES<\/span><\/p>\n<p style=\"font-size:12px;font-family:Arial, sans-serif;text-align:justify;\"><span style=\"font-size:14px;\">POLISH FILM INSTITUTE<\/span><\/p>\n<p style=\"font-size:12px;font-family:Arial, sans-serif;text-align:justify;\"><span style=\"font-size:14px;\">PONTEVEDRA PROVINCIA FILM COMMISSION<\/span><\/p>\n<p style=\"font-size:12px;font-family:Arial, sans-serif;text-align:justify;\"><span style=\"font-size:14px;\">SALAMANCA FILM COMMISSION<\/span><\/p>\n<p style=\"font-size:12px;font-family:Arial, sans-serif;text-align:justify;\"><span style=\"font-size:14px;\">SANTIAGO DE COMPOSTELA FILM COMMISSION<\/span><\/p>\n<p style=\"font-size:12px;font-family:Arial, sans-serif;text-align:justify;\"><span style=\"font-size:14px;\">SAN SEBATIAN-GIPUZKOA FILM COMMISSION<\/span><\/p>\n<p style=\"font-size:12px;font-family:Arial, sans-serif;text-align:justify;\"><span style=\"font-size:14px;\">SEVEN ISLANDS FILM<\/span><\/p>\n<p style=\"font-size:12px;font-family:Arial, sans-serif;text-align:justify;\"><span style=\"font-size:14px;\">SEVILLA FILM OFFICE (S&#038;ME)<\/span><\/p>\n<p style=\"font-size:12px;font-family:Arial, sans-serif;text-align:justify;\"><span style=\"font-size:14px;\">SPAIN FILM COMMISSION<\/span><\/p>\n<p style=\"font-size:12px;font-family:Arial, sans-serif;text-align:justify;\"><span style=\"font-size:14px;\">TERRASSA FILM OFFICE \/ PARC AUDIOVISUAL DE CATALUNYA<\/span><\/p>\n<p style=\"font-size:12px;font-family:Arial, sans-serif;text-align:justify;\"><span style=\"font-size:14px;\">THB HOTELS<\/span><\/p>\n<p style=\"font-size:12px;font-family:Arial, sans-serif;text-align:justify;\"><span style=\"font-size:14px;\">THE ROYAL FILM COMMISSION &#8211; JORDAN<\/span><\/p>\n<p style=\"font-size:12px;font-family:Arial, sans-serif;text-align:justify;\"><span style=\"font-size:14px;\">VALENCIA FILM OFFICE<\/span><\/p>\n<p style=\"font-size:12px;font-family:Arial, sans-serif;text-align:justify;\"><span style=\"font-size:14px;\">VALLADOLID FILM COMMISSION<\/span><\/p>\n<p style=\"font-size:12px;font-family:Arial, sans-serif;text-align:justify;\"><span style=\"font-size:14px;\">VIGO FILM OFFICE<\/span><\/p>\n<p style=\"font-size:12px;font-family:Arial, sans-serif;text-align:justify;\"><span style=\"font-size:14px;\">VITORIA-GASTEIZ FILM OFFICE<\/span><\/p>\n<p style=\"font-size:12px;font-family:Arial, sans-serif;text-align:justify;\"><span style=\"font-size:14px;\">ZARAGOZA FILM OFFICE<\/span><\/p>\n<h3 style=\"font-family:Arial, sans-serif;font-weight:600;line-height:1.1;color:rgb(225,11,19);margin-top:20px;margin-bottom:10px;font-size:12px;text-transform:uppercase;text-align:justify;\"><span style=\"font-family:'lucida sans unicode', 'lucida grande', sans-serif;\"><span style=\"font-size:16px;\">#SHOOTINGINSPAIN #RUEDAENESPA\u00d1A\u00a0<\/span><\/span><span style=\"font-size:16px;\">#WEMAKETHEMAGIC #SPAINAVHUB #PLANDERECUPERACION<\/span><\/h3>\n<div style=\"font-family:Arial, sans-serif;font-size:12px;\">\n<p>\u00a0<\/p>\n<\/div>\n","protected":false},"excerpt":{"rendered":"<p>&#8226; Evento organizado por Feria de Valladolid y Spain Film Commission<\/p>\n<p>&#8226; Aumenta un 30 por ciento la participaci\u00f3n de destinos, localizadores, productores y empresas del sector.<\/p>\n","protected":false},"author":2,"featured_media":8705,"comment_status":"closed","ping_status":"","sticky":false,"template":"","format":"standard","meta":{"footnotes":""},"categories":[38],"tags":[],"class_list":["post-8704","post","type-post","status-publish","format-standard","has-post-thumbnail","hentry","category-noticias"],"yoast_head":"<!-- This site is optimized with the Yoast SEO plugin v27.3 - https:\/\/yoast.com\/product\/yoast-seo-wordpress\/ -->\n<title>Arranca la segunda edici\u00f3n de Shooting Locations Marketplace - Spain Film Commission<\/title>\n<meta name=\"robots\" content=\"index, follow, max-snippet:-1, max-image-preview:large, max-video-preview:-1\" \/>\n<link rel=\"canonical\" href=\"https:\/\/spainfilmcommission.com\/en\/blog\/arranca-la-segunda-edicion-de-shooting-locations-marketplace\/\" \/>\n<meta property=\"og:locale\" content=\"en_US\" \/>\n<meta property=\"og:type\" content=\"article\" \/>\n<meta property=\"og:title\" content=\"Arranca la segunda edici\u00f3n de Shooting Locations Marketplace - Spain Film Commission\" \/>\n<meta property=\"og:description\" content=\"&#8226; Evento organizado por Feria de Valladolid y Spain Film Commission &#8226; Aumenta un 30 por ciento la participaci\u00f3n de destinos, localizadores, productores y empresas del sector.\" \/>\n<meta property=\"og:url\" content=\"https:\/\/spainfilmcommission.com\/en\/blog\/arranca-la-segunda-edicion-de-shooting-locations-marketplace\/\" \/>\n<meta property=\"og:site_name\" content=\"Spain Film Commission\" \/>\n<meta property=\"article:published_time\" content=\"2022-10-19T22:00:00+00:00\" \/>\n<meta property=\"article:modified_time\" content=\"2025-02-11T07:06:24+00:00\" \/>\n<meta property=\"og:image\" content=\"https:\/\/spainfilmcommission.com\/wp-content\/uploads\/2024\/11\/arranca-la-segunda-edicion-de-shooting-locations-marketplace-290.jpeg\" \/>\n\t<meta property=\"og:image:width\" content=\"1170\" \/>\n\t<meta property=\"og:image:height\" content=\"877\" \/>\n\t<meta property=\"og:image:type\" content=\"image\/jpeg\" \/>\n<meta name=\"author\" content=\"studio128k_dam\" \/>\n<meta name=\"twitter:card\" content=\"summary_large_image\" \/>\n<meta name=\"twitter:label1\" content=\"Written by\" \/>\n\t<meta name=\"twitter:data1\" content=\"studio128k_dam\" \/>\n\t<meta name=\"twitter:label2\" content=\"Est. reading time\" \/>\n\t<meta name=\"twitter:data2\" content=\"6 minutes\" \/>\n<script type=\"application\/ld+json\" class=\"yoast-schema-graph\">{\"@context\":\"https:\\\/\\\/schema.org\",\"@graph\":[{\"@type\":\"Article\",\"@id\":\"https:\\\/\\\/spainfilmcommission.com\\\/en\\\/blog\\\/arranca-la-segunda-edicion-de-shooting-locations-marketplace\\\/#article\",\"isPartOf\":{\"@id\":\"https:\\\/\\\/spainfilmcommission.com\\\/en\\\/blog\\\/arranca-la-segunda-edicion-de-shooting-locations-marketplace\\\/\"},\"author\":{\"name\":\"studio128k_dam\",\"@id\":\"https:\\\/\\\/spainfilmcommission.com\\\/en\\\/#\\\/schema\\\/person\\\/6c014ba6ceac198d178a6a9e61113c9d\"},\"headline\":\"Arranca la segunda edici\u00f3n de Shooting Locations Marketplace\",\"datePublished\":\"2022-10-19T22:00:00+00:00\",\"dateModified\":\"2025-02-11T07:06:24+00:00\",\"mainEntityOfPage\":{\"@id\":\"https:\\\/\\\/spainfilmcommission.com\\\/en\\\/blog\\\/arranca-la-segunda-edicion-de-shooting-locations-marketplace\\\/\"},\"wordCount\":1180,\"publisher\":{\"@id\":\"https:\\\/\\\/spainfilmcommission.com\\\/en\\\/#organization\"},\"image\":{\"@id\":\"https:\\\/\\\/spainfilmcommission.com\\\/en\\\/blog\\\/arranca-la-segunda-edicion-de-shooting-locations-marketplace\\\/#primaryimage\"},\"thumbnailUrl\":\"https:\\\/\\\/spainfilmcommission.com\\\/wp-content\\\/uploads\\\/2024\\\/11\\\/arranca-la-segunda-edicion-de-shooting-locations-marketplace-290.jpeg\",\"articleSection\":[\"Noticias\"],\"inLanguage\":\"en-US\"},{\"@type\":\"WebPage\",\"@id\":\"https:\\\/\\\/spainfilmcommission.com\\\/en\\\/blog\\\/arranca-la-segunda-edicion-de-shooting-locations-marketplace\\\/\",\"url\":\"https:\\\/\\\/spainfilmcommission.com\\\/en\\\/blog\\\/arranca-la-segunda-edicion-de-shooting-locations-marketplace\\\/\",\"name\":\"Arranca la segunda edici\u00f3n de Shooting Locations Marketplace - Spain Film Commission\",\"isPartOf\":{\"@id\":\"https:\\\/\\\/spainfilmcommission.com\\\/en\\\/#website\"},\"primaryImageOfPage\":{\"@id\":\"https:\\\/\\\/spainfilmcommission.com\\\/en\\\/blog\\\/arranca-la-segunda-edicion-de-shooting-locations-marketplace\\\/#primaryimage\"},\"image\":{\"@id\":\"https:\\\/\\\/spainfilmcommission.com\\\/en\\\/blog\\\/arranca-la-segunda-edicion-de-shooting-locations-marketplace\\\/#primaryimage\"},\"thumbnailUrl\":\"https:\\\/\\\/spainfilmcommission.com\\\/wp-content\\\/uploads\\\/2024\\\/11\\\/arranca-la-segunda-edicion-de-shooting-locations-marketplace-290.jpeg\",\"datePublished\":\"2022-10-19T22:00:00+00:00\",\"dateModified\":\"2025-02-11T07:06:24+00:00\",\"breadcrumb\":{\"@id\":\"https:\\\/\\\/spainfilmcommission.com\\\/en\\\/blog\\\/arranca-la-segunda-edicion-de-shooting-locations-marketplace\\\/#breadcrumb\"},\"inLanguage\":\"en-US\",\"potentialAction\":[{\"@type\":\"ReadAction\",\"target\":[\"https:\\\/\\\/spainfilmcommission.com\\\/en\\\/blog\\\/arranca-la-segunda-edicion-de-shooting-locations-marketplace\\\/\"]}]},{\"@type\":\"ImageObject\",\"inLanguage\":\"en-US\",\"@id\":\"https:\\\/\\\/spainfilmcommission.com\\\/en\\\/blog\\\/arranca-la-segunda-edicion-de-shooting-locations-marketplace\\\/#primaryimage\",\"url\":\"https:\\\/\\\/spainfilmcommission.com\\\/wp-content\\\/uploads\\\/2024\\\/11\\\/arranca-la-segunda-edicion-de-shooting-locations-marketplace-290.jpeg\",\"contentUrl\":\"https:\\\/\\\/spainfilmcommission.com\\\/wp-content\\\/uploads\\\/2024\\\/11\\\/arranca-la-segunda-edicion-de-shooting-locations-marketplace-290.jpeg\",\"width\":1170,\"height\":877},{\"@type\":\"BreadcrumbList\",\"@id\":\"https:\\\/\\\/spainfilmcommission.com\\\/en\\\/blog\\\/arranca-la-segunda-edicion-de-shooting-locations-marketplace\\\/#breadcrumb\",\"itemListElement\":[{\"@type\":\"ListItem\",\"position\":1,\"name\":\"Portada\",\"item\":\"https:\\\/\\\/spainfilmcommission.com\\\/en\\\/\"},{\"@type\":\"ListItem\",\"position\":2,\"name\":\"Arranca la segunda edici\u00f3n de Shooting Locations Marketplace\"}]},{\"@type\":\"WebSite\",\"@id\":\"https:\\\/\\\/spainfilmcommission.com\\\/en\\\/#website\",\"url\":\"https:\\\/\\\/spainfilmcommission.com\\\/en\\\/\",\"name\":\"Spain Film Commission\",\"description\":\"\",\"publisher\":{\"@id\":\"https:\\\/\\\/spainfilmcommission.com\\\/en\\\/#organization\"},\"potentialAction\":[{\"@type\":\"SearchAction\",\"target\":{\"@type\":\"EntryPoint\",\"urlTemplate\":\"https:\\\/\\\/spainfilmcommission.com\\\/en\\\/?s={search_term_string}\"},\"query-input\":{\"@type\":\"PropertyValueSpecification\",\"valueRequired\":true,\"valueName\":\"search_term_string\"}}],\"inLanguage\":\"en-US\"},{\"@type\":\"Organization\",\"@id\":\"https:\\\/\\\/spainfilmcommission.com\\\/en\\\/#organization\",\"name\":\"Spain Film Commission\",\"url\":\"https:\\\/\\\/spainfilmcommission.com\\\/en\\\/\",\"logo\":{\"@type\":\"ImageObject\",\"inLanguage\":\"en-US\",\"@id\":\"https:\\\/\\\/spainfilmcommission.com\\\/en\\\/#\\\/schema\\\/logo\\\/image\\\/\",\"url\":\"https:\\\/\\\/spainfilmcommission.com\\\/wp-content\\\/uploads\\\/2024\\\/07\\\/SPC_COLOR.png\",\"contentUrl\":\"https:\\\/\\\/spainfilmcommission.com\\\/wp-content\\\/uploads\\\/2024\\\/07\\\/SPC_COLOR.png\",\"width\":1665,\"height\":1665,\"caption\":\"Spain Film Commission\"},\"image\":{\"@id\":\"https:\\\/\\\/spainfilmcommission.com\\\/en\\\/#\\\/schema\\\/logo\\\/image\\\/\"}},{\"@type\":\"Person\",\"@id\":\"https:\\\/\\\/spainfilmcommission.com\\\/en\\\/#\\\/schema\\\/person\\\/6c014ba6ceac198d178a6a9e61113c9d\",\"name\":\"studio128k_dam\",\"image\":{\"@type\":\"ImageObject\",\"inLanguage\":\"en-US\",\"@id\":\"https:\\\/\\\/secure.gravatar.com\\\/avatar\\\/810f99144a13522c24aa173f9cd8bf079d0e89758af00b5f2938443cd51b31e9?s=96&d=mm&r=g\",\"url\":\"https:\\\/\\\/secure.gravatar.com\\\/avatar\\\/810f99144a13522c24aa173f9cd8bf079d0e89758af00b5f2938443cd51b31e9?s=96&d=mm&r=g\",\"contentUrl\":\"https:\\\/\\\/secure.gravatar.com\\\/avatar\\\/810f99144a13522c24aa173f9cd8bf079d0e89758af00b5f2938443cd51b31e9?s=96&d=mm&r=g\",\"caption\":\"studio128k_dam\"}}]}<\/script>\n<!-- \/ Yoast SEO plugin. -->","yoast_head_json":{"title":"Arranca la segunda edici\u00f3n de Shooting Locations Marketplace - Spain Film Commission","robots":{"index":"index","follow":"follow","max-snippet":"max-snippet:-1","max-image-preview":"max-image-preview:large","max-video-preview":"max-video-preview:-1"},"canonical":"https:\/\/spainfilmcommission.com\/en\/blog\/arranca-la-segunda-edicion-de-shooting-locations-marketplace\/","og_locale":"en_US","og_type":"article","og_title":"Arranca la segunda edici\u00f3n de Shooting Locations Marketplace - Spain Film Commission","og_description":"&#8226; Evento organizado por Feria de Valladolid y Spain Film Commission &#8226; Aumenta un 30 por ciento la participaci\u00f3n de destinos, localizadores, productores y empresas del sector.","og_url":"https:\/\/spainfilmcommission.com\/en\/blog\/arranca-la-segunda-edicion-de-shooting-locations-marketplace\/","og_site_name":"Spain Film Commission","article_published_time":"2022-10-19T22:00:00+00:00","article_modified_time":"2025-02-11T07:06:24+00:00","og_image":[{"width":1170,"height":877,"url":"https:\/\/spainfilmcommission.com\/wp-content\/uploads\/2024\/11\/arranca-la-segunda-edicion-de-shooting-locations-marketplace-290.jpeg","type":"image\/jpeg"}],"author":"studio128k_dam","twitter_card":"summary_large_image","twitter_misc":{"Written by":"studio128k_dam","Est. reading time":"6 minutes"},"schema":{"@context":"https:\/\/schema.org","@graph":[{"@type":"Article","@id":"https:\/\/spainfilmcommission.com\/en\/blog\/arranca-la-segunda-edicion-de-shooting-locations-marketplace\/#article","isPartOf":{"@id":"https:\/\/spainfilmcommission.com\/en\/blog\/arranca-la-segunda-edicion-de-shooting-locations-marketplace\/"},"author":{"name":"studio128k_dam","@id":"https:\/\/spainfilmcommission.com\/en\/#\/schema\/person\/6c014ba6ceac198d178a6a9e61113c9d"},"headline":"Arranca la segunda edici\u00f3n de Shooting Locations Marketplace","datePublished":"2022-10-19T22:00:00+00:00","dateModified":"2025-02-11T07:06:24+00:00","mainEntityOfPage":{"@id":"https:\/\/spainfilmcommission.com\/en\/blog\/arranca-la-segunda-edicion-de-shooting-locations-marketplace\/"},"wordCount":1180,"publisher":{"@id":"https:\/\/spainfilmcommission.com\/en\/#organization"},"image":{"@id":"https:\/\/spainfilmcommission.com\/en\/blog\/arranca-la-segunda-edicion-de-shooting-locations-marketplace\/#primaryimage"},"thumbnailUrl":"https:\/\/spainfilmcommission.com\/wp-content\/uploads\/2024\/11\/arranca-la-segunda-edicion-de-shooting-locations-marketplace-290.jpeg","articleSection":["Noticias"],"inLanguage":"en-US"},{"@type":"WebPage","@id":"https:\/\/spainfilmcommission.com\/en\/blog\/arranca-la-segunda-edicion-de-shooting-locations-marketplace\/","url":"https:\/\/spainfilmcommission.com\/en\/blog\/arranca-la-segunda-edicion-de-shooting-locations-marketplace\/","name":"Arranca la segunda edici\u00f3n de Shooting Locations Marketplace - Spain Film Commission","isPartOf":{"@id":"https:\/\/spainfilmcommission.com\/en\/#website"},"primaryImageOfPage":{"@id":"https:\/\/spainfilmcommission.com\/en\/blog\/arranca-la-segunda-edicion-de-shooting-locations-marketplace\/#primaryimage"},"image":{"@id":"https:\/\/spainfilmcommission.com\/en\/blog\/arranca-la-segunda-edicion-de-shooting-locations-marketplace\/#primaryimage"},"thumbnailUrl":"https:\/\/spainfilmcommission.com\/wp-content\/uploads\/2024\/11\/arranca-la-segunda-edicion-de-shooting-locations-marketplace-290.jpeg","datePublished":"2022-10-19T22:00:00+00:00","dateModified":"2025-02-11T07:06:24+00:00","breadcrumb":{"@id":"https:\/\/spainfilmcommission.com\/en\/blog\/arranca-la-segunda-edicion-de-shooting-locations-marketplace\/#breadcrumb"},"inLanguage":"en-US","potentialAction":[{"@type":"ReadAction","target":["https:\/\/spainfilmcommission.com\/en\/blog\/arranca-la-segunda-edicion-de-shooting-locations-marketplace\/"]}]},{"@type":"ImageObject","inLanguage":"en-US","@id":"https:\/\/spainfilmcommission.com\/en\/blog\/arranca-la-segunda-edicion-de-shooting-locations-marketplace\/#primaryimage","url":"https:\/\/spainfilmcommission.com\/wp-content\/uploads\/2024\/11\/arranca-la-segunda-edicion-de-shooting-locations-marketplace-290.jpeg","contentUrl":"https:\/\/spainfilmcommission.com\/wp-content\/uploads\/2024\/11\/arranca-la-segunda-edicion-de-shooting-locations-marketplace-290.jpeg","width":1170,"height":877},{"@type":"BreadcrumbList","@id":"https:\/\/spainfilmcommission.com\/en\/blog\/arranca-la-segunda-edicion-de-shooting-locations-marketplace\/#breadcrumb","itemListElement":[{"@type":"ListItem","position":1,"name":"Portada","item":"https:\/\/spainfilmcommission.com\/en\/"},{"@type":"ListItem","position":2,"name":"Arranca la segunda edici\u00f3n de Shooting Locations Marketplace"}]},{"@type":"WebSite","@id":"https:\/\/spainfilmcommission.com\/en\/#website","url":"https:\/\/spainfilmcommission.com\/en\/","name":"Spain Film Commission","description":"","publisher":{"@id":"https:\/\/spainfilmcommission.com\/en\/#organization"},"potentialAction":[{"@type":"SearchAction","target":{"@type":"EntryPoint","urlTemplate":"https:\/\/spainfilmcommission.com\/en\/?s={search_term_string}"},"query-input":{"@type":"PropertyValueSpecification","valueRequired":true,"valueName":"search_term_string"}}],"inLanguage":"en-US"},{"@type":"Organization","@id":"https:\/\/spainfilmcommission.com\/en\/#organization","name":"Spain Film Commission","url":"https:\/\/spainfilmcommission.com\/en\/","logo":{"@type":"ImageObject","inLanguage":"en-US","@id":"https:\/\/spainfilmcommission.com\/en\/#\/schema\/logo\/image\/","url":"https:\/\/spainfilmcommission.com\/wp-content\/uploads\/2024\/07\/SPC_COLOR.png","contentUrl":"https:\/\/spainfilmcommission.com\/wp-content\/uploads\/2024\/07\/SPC_COLOR.png","width":1665,"height":1665,"caption":"Spain Film Commission"},"image":{"@id":"https:\/\/spainfilmcommission.com\/en\/#\/schema\/logo\/image\/"}},{"@type":"Person","@id":"https:\/\/spainfilmcommission.com\/en\/#\/schema\/person\/6c014ba6ceac198d178a6a9e61113c9d","name":"studio128k_dam","image":{"@type":"ImageObject","inLanguage":"en-US","@id":"https:\/\/secure.gravatar.com\/avatar\/810f99144a13522c24aa173f9cd8bf079d0e89758af00b5f2938443cd51b31e9?s=96&d=mm&r=g","url":"https:\/\/secure.gravatar.com\/avatar\/810f99144a13522c24aa173f9cd8bf079d0e89758af00b5f2938443cd51b31e9?s=96&d=mm&r=g","contentUrl":"https:\/\/secure.gravatar.com\/avatar\/810f99144a13522c24aa173f9cd8bf079d0e89758af00b5f2938443cd51b31e9?s=96&d=mm&r=g","caption":"studio128k_dam"}}]}},"_links":{"self":[{"href":"https:\/\/spainfilmcommission.com\/en\/wp-json\/wp\/v2\/posts\/8704","targetHints":{"allow":["GET"]}}],"collection":[{"href":"https:\/\/spainfilmcommission.com\/en\/wp-json\/wp\/v2\/posts"}],"about":[{"href":"https:\/\/spainfilmcommission.com\/en\/wp-json\/wp\/v2\/types\/post"}],"author":[{"embeddable":true,"href":"https:\/\/spainfilmcommission.com\/en\/wp-json\/wp\/v2\/users\/2"}],"replies":[{"embeddable":true,"href":"https:\/\/spainfilmcommission.com\/en\/wp-json\/wp\/v2\/comments?post=8704"}],"version-history":[{"count":0,"href":"https:\/\/spainfilmcommission.com\/en\/wp-json\/wp\/v2\/posts\/8704\/revisions"}],"wp:featuredmedia":[{"embeddable":true,"href":"https:\/\/spainfilmcommission.com\/en\/wp-json\/wp\/v2\/media\/8705"}],"wp:attachment":[{"href":"https:\/\/spainfilmcommission.com\/en\/wp-json\/wp\/v2\/media?parent=8704"}],"wp:term":[{"taxonomy":"category","embeddable":true,"href":"https:\/\/spainfilmcommission.com\/en\/wp-json\/wp\/v2\/categories?post=8704"},{"taxonomy":"post_tag","embeddable":true,"href":"https:\/\/spainfilmcommission.com\/en\/wp-json\/wp\/v2\/tags?post=8704"}],"curies":[{"name":"wp","href":"https:\/\/api.w.org\/{rel}","templated":true}]}}