{"id":8701,"date":"2022-10-14T00:00:00","date_gmt":"2022-10-13T22:00:00","guid":{"rendered":"https:\/\/sfc.com\/shooting-locations-marketplace-se-consolida-en-su-ii-edicion-como-punto-de-encuentro-y-referente-de-negocio-para-la-industria-audiovisual\/"},"modified":"2025-06-16T12:00:29","modified_gmt":"2025-06-16T10:00:29","slug":"shooting-locations-marketplace-se-consolida-en-su-ii-edicion-como-punto-de-encuentro-y-referente-de-negocio-para-la-industria-audiovisual","status":"publish","type":"post","link":"https:\/\/spainfilmcommission.com\/en\/blog\/shooting-locations-marketplace-se-consolida-en-su-ii-edicion-como-punto-de-encuentro-y-referente-de-negocio-para-la-industria-audiovisual\/","title":{"rendered":"Shooting Locations Marketplace se consolida en su II Edici\u00f3n como punto de encuentro y referente de negocio para la industria audiovisual"},"content":{"rendered":"<ul style=\"font-family: Arial, sans-serif; font-size: 12px;\">\n<li><strong style=\"font-family: arial, helvetica, sans-serif; font-size: 14px;\">Este evento, organizado por Feria de Valladolid y Spain Film Commission, incrementa en un treinta por ciento la participaci\u00f3n de destinos de rodaje, localizadores, productores y empresas del sector.<\/strong><\/li>\n<\/ul>\n<div>\n<p style=\"font-size: 12px; font-family: Arial, sans-serif; text-align: justify;\"><span style=\"font-size: 14px;\"><span style=\"font-family: arial, helvetica, sans-serif;\">\u00a0<a href=\"https:\/\/feriavalladolid.com\/shootinglocationsmarketplace\/en\/homepage-en\/\" target=\"_blank\" rel=\"noopener\">Shooting Locations Marketplace<\/a>, el evento para localizadores, productores, empresas proveedoras de servicios a la industria audiovisual y destinos de rodaje, organizado conjuntamente por\u00a0<a href=\"https:\/\/feriavalladolid.com\/\" target=\"_blank\" rel=\"noopener\">Feria de Valladolid\u00a0<\/a>y\u00a0<a href=\"http:\/\/www.shootinginspain.info\/\" target=\"_blank\" rel=\"noopener\">Spain Film Commission<\/a>\u00a0y el patrocinio del Ayuntamiento de Valladolid, celebrar\u00e1 su\u00a0<strong>II Edici\u00f3n\u00a0<\/strong>los d\u00edas\u00a0<strong>20 y 21 de octubre.<\/strong><\/span><\/span><\/p>\n<p style=\"font-size: 12px; font-family: Arial, sans-serif; text-align: justify;\"><span style=\"font-size: 14px;\"><span style=\"font-family: arial, helvetica, sans-serif;\">Las cifras de este a\u00f1o, que reflejan un crecimiento del 30 por ciento respecto al ejercicio anterior, consolidan este encuentro como referente de la industria audiovisual en nuestro pa\u00eds y en el mundo. Sus promotores coinciden al destacar la contribuci\u00f3n de Shooting Locations Marketplace al \u00e9xito del Plan \u201cEspa\u00f1a, HUB Audiovisual de Europa\u201d.<\/span><\/span><\/p>\n<p style=\"font-size: 12px; font-family: Arial, sans-serif; text-align: justify;\"><span style=\"font-size: 14px;\"><span style=\"font-family: arial, helvetica, sans-serif;\">El presidente de Spain Film Commission, Carlos Rosado, ha incidido en que \u201ceste a\u00f1o se deben afianzar las bases de este proyecto que ya en su primera edici\u00f3n demostr\u00f3 ser una herramienta muy \u00fatil para las productoras y la red de film commissions y film offices\u201d.<\/span><\/span><\/p>\n<p style=\"font-size: 12px; font-family: Arial, sans-serif; text-align: justify;\"><span style=\"font-size: 14px;\"><span style=\"font-family: arial, helvetica, sans-serif;\">El director general de Feria de Valladolid, Alberto Alonso,ha explicado por su parte que en esta II Edici\u00f3n \u201caumenta tanto el n\u00famero de destinos como el de localizadores y productores participantes, tanto nacionales como internacionales\u201d.<\/span><\/span><\/p>\n<p style=\"font-size: 12px; font-family: Arial, sans-serif; text-align: justify;\"><span style=\"font-size: 14px;\"><span style=\"font-family: arial, helvetica, sans-serif;\">Carlos Rosado se ha referido tambi\u00e9n a la participaci\u00f3n de las film commissions y film offices socias de Spain Film Commission, que suman m\u00e1s de veinticinco destinos asistentes de toda la geograf\u00eda nacional, tanto de \u00e1mbito regional como local.<\/span><\/span><\/p>\n<p style=\"font-size: 12px; font-family: Arial, sans-serif; text-align: justify;\"><span style=\"font-size: 14px;\"><span style=\"font-family: arial, helvetica, sans-serif;\">Alberto Alonso ha puesto en valor la vertiente internacional de este mercado de contrataci\u00f3n, al que asisten, junto a los destinos nacionales, Noruega, Malta, Jordania, Polonia, Gran Breta\u00f1a y la ciudad de Abu Dhabi.<\/span><\/span><\/p>\n<p style=\"font-size: 12px; font-family: Arial, sans-serif; text-align: justify;\"><span style=\"font-size: 14px;\"><span style=\"font-family: arial, helvetica, sans-serif;\">En cuanto a la presencia de empresas privadas, este a\u00f1o se incorporan la red de Paradores Nacionales, la compa\u00f1\u00eda THB Hotels, Seven Islands y Locafixer, dos firmas que prestan servicios de apoyo a las producciones.<\/span><\/span><\/p>\n<p style=\"font-size: 12px; font-family: Arial, sans-serif; text-align: justify;\"><span style=\"font-size: 14px;\"><span style=\"font-family: arial, helvetica, sans-serif;\">La filosof\u00eda de Shooting Locations Marketplace es facilitar encuentros entre destinos y localizadores con intereses comunes, y para ello se organiza un programa de entrevistas previo, que arranca con m\u00e1s de 700 citas de trabajo.<\/span><\/span><\/p>\n<h4 style=\"font-family: Arial, sans-serif; font-size: 12px; text-align: justify;\"><span style=\"font-size: 14px;\"><span style=\"font-family: arial, helvetica, sans-serif;\"><strong>Localizadores de siete nacionalidades<\/strong><\/span><\/span><\/h4>\n<p style=\"font-size: 12px; font-family: Arial, sans-serif; text-align: justify;\"><span style=\"font-size: 14px;\"><span style=\"font-family: arial, helvetica, sans-serif;\">El n\u00famero de localizadores participantes tambi\u00e9n aumenta respecto a 2021 y este a\u00f1o ser\u00e1n alrededor de 50 los profesionales de siete nacionalidades que acudir\u00e1n a Feria de Valladolid. El 76 por ciento son internacionales y la mayor\u00eda procede de Estados Unidos y Gran Breta\u00f1a, dos importantes mercados en el sector audiovisual. Se suma M\u00e9xico a esta lista en la que est\u00e1n tambi\u00e9n Alemania, Canad\u00e1, Italia y Espa\u00f1a.<\/span><\/span><\/p>\n<p style=\"font-size: 12px; font-family: Arial, sans-serif; text-align: justify;\"><span style=\"font-size: 14px;\"><span style=\"font-family: arial, helvetica, sans-serif;\">\u201cDestacan adem\u00e1s dos hechos: tan solo diez de estos profesionales estuvieron en la primera edici\u00f3n y este a\u00f1o acuden adem\u00e1s de localizadores, productores, un perfil con mayor capacidad de decisi\u00f3n a la hora de elegir d\u00f3nde rodar\u201d, ha destacado Alonso.<\/span><\/span><\/p>\n<p style=\"font-size: 12px; font-family: Arial, sans-serif; text-align: justify;\"><span style=\"font-size: 14px; font-family: arial, helvetica, sans-serif;\">En los curr\u00edculums de estos 50 participantes figuran trabajos junto a nombres como Steven Spielberg, George Clooney, Olivia Wilde, Nicolas Cage, J.J. Abrams; estudios y plataformas como\u00a0<a href=\"https:\/\/www.nbcuniversal.com\/\" target=\"_blank\" rel=\"noopener\">NBC Universal<\/a>,\u00a0<a href=\"https:\/\/www.marvel.com\/\" target=\"_blank\" rel=\"noopener\">Marvel<\/a>,\u00a0<a href=\"https:\/\/www.hbomax.com\/es\/es\" target=\"_blank\" rel=\"noopener\">HBO<\/a>,\u00a0<\/span><span style=\"font-size: 14px;\"><a href=\"https:\/\/www.disney.es\/\" target=\"_blank\" rel=\"noopener\">Disney<\/a>,<\/span>\u00a0<span style=\"font-size: 14px;\"><span style=\"font-family: arial, helvetica, sans-serif;\">\u00a0Apple, Amazon, Netflix, Hulu, Showtime; y entre las pel\u00edculas y series para las que han elegido escenarios aparecen Misi\u00f3n Imposible, The House of Dragon, Black Mirror, Demimonde, The Crown, Hustle, 30 Monedas, Vampire Academy, Warrior Nun 2, Fast and Furious, producciones de Bollywood, etc.<\/span><\/span><\/p>\n<h4 style=\"font-family: Arial, sans-serif; font-size: 12px; text-align: justify;\"><span style=\"font-size: 14px;\"><span style=\"font-family: arial, helvetica, sans-serif;\"><strong>Conferencias y mesas redondas<\/strong><\/span><\/span><\/h4>\n<p style=\"font-size: 12px; font-family: Arial, sans-serif; text-align: justify;\"><span style=\"font-size: 14px;\"><span style=\"font-family: arial, helvetica, sans-serif;\">El intercambio de conocimiento, conocer casos de \u00e9xito y analizar los retos de futuro del sector son tambi\u00e9n objetivos de Shooting Locations Marketplace y para ello se desarrolla un programa de conferencias y mesas redondas que comenzar\u00e1 con la ponencia del estadounidense James Lin, localizador y productor de NBC Universal.<\/span><\/span><\/p>\n<p style=\"font-size: 12px; font-family: Arial, sans-serif; text-align: justify;\"><span style=\"font-size: 14px;\"><span style=\"font-family: arial, helvetica, sans-serif;\">A continuaci\u00f3n, Noruega, Abu Dhabi y Alex Scott hablar\u00e1n sobre cu\u00e1les son las claves para crecer como destino de rodajes. La primera jornada concluir\u00e1 con una mesa redonda sobre producciones internacionales en la que intervendr\u00e1n el presidente de Profilm, Fernando Victoria de Lecea; Agust\u00edn Atxa de Bilbao Bizkaia Film Commission y el localizador brit\u00e1nico Dan Connolly.<\/span><\/span><\/p>\n<p style=\"font-size: 12px; font-family: Arial, sans-serif; text-align: justify;\"><span style=\"font-size: 14px;\"><span style=\"font-family: arial, helvetica, sans-serif;\">El viernes 21 ser\u00e1 el turno de Malta, Salvador Yag\u00fce, jefe de localizaciones de la serie \u201cGarc\u00eda\u201d, producida por HBO, y V\u00edctor Aertsen, de Madrid Film Office. La sesi\u00f3n concluir\u00e1 con una charla entre Lori Balton, localizadora estadounidense con una trayectoria profesional de tres d\u00e9cadas, y el productor hind\u00fa Bobby Bedi, que tiene en su haber obras como el cl\u00e1sico \u201cSandokan\u201d, estrenada en los a\u00f1os 70.<\/span><\/span><\/p>\n<p style=\"font-size: 12px; font-family: Arial, sans-serif; text-align: justify;\"><span style=\"font-size: 14px;\"><span style=\"font-family: arial, helvetica, sans-serif;\">Como punto de encuentro para los profesionales del mundo audiovisual, Shooting Locations Marketplace ha suscrito acuerdos de colaboraci\u00f3n con las principales asociaciones del sector y medios de comunicaci\u00f3n especializados\u00a0 \u00a0 \u00a0 \u00a0 \u00a0\u00a0<\/span><\/span><\/p>\n<p style=\"font-size: 12px; font-family: Arial, sans-serif; text-align: justify;\"><span style=\"font-size: 14px;\"><span style=\"font-family: arial, helvetica, sans-serif;\">\u00a0\u00a0\u00a0\u00a0\u00a0\u00a0\u00a0\u00a0\u00a0\u00a0<a href=\"https:\/\/eufcn.com\/\" target=\"_blank\" rel=\"noopener\">\u00a0EUFCN\u00a0<\/a>&#8211; European Film Commissions Network<\/span><\/span><\/p>\n<p style=\"font-size: 12px; font-family: Arial, sans-serif; text-align: justify;\"><span style=\"font-size: 14px;\"><span style=\"font-family: arial, helvetica, sans-serif;\">\u00a0\u00a0\u00a0\u00a0\u00a0\u00a0\u00a0\u00a0\u00a0\u00a0\u00a0\u00a0<a href=\"https:\/\/www.profilm.es\/\" target=\"_blank\" rel=\"noopener\">PROFILM<\/a><\/span><\/span><\/p>\n<p style=\"font-size: 12px; font-family: Arial, sans-serif; text-align: justify;\"><span style=\"font-size: 14px;\"><span style=\"font-family: arial, helvetica, sans-serif;\">\u00a0\u00a0\u00a0\u00a0\u00a0\u00a0\u00a0\u00a0\u00a0\u00a0\u00a0\u00a0<a href=\"https:\/\/www.asociacionappa.es\/\" target=\"_blank\" rel=\"noopener\">APPA\u00a0<\/a>\u2013 Asociaci\u00f3n de Profesionales de Producci\u00f3n Audiovisual<\/span><\/span><\/p>\n<p style=\"font-size: 12px; font-family: Arial, sans-serif; text-align: justify;\"><span style=\"font-size: 14px;\"><span style=\"font-family: arial, helvetica, sans-serif;\">\u00a0\u00a0\u00a0\u00a0\u00a0\u00a0\u00a0\u00a0\u00a0\u00a0\u00a0\u00a0<a href=\"https:\/\/www.aliaaudiovisual.com\/\" target=\"_blank\" rel=\"noopener\">AL\u00cdA<\/a>\u00a0\u2013 Alianza Audiovisual<\/span><\/span><\/p>\n<p style=\"font-size: 12px; font-family: Arial, sans-serif; text-align: justify;\"><span style=\"font-size: 14px;\"><span style=\"font-family: arial, helvetica, sans-serif;\">\u00a0\u00a0\u00a0\u00a0\u00a0\u00a0\u00a0\u00a0\u00a0\u00a0\u00a0<a href=\"https:\/\/www.audiovisual451.com\/\" target=\"_blank\" rel=\"noopener\">\u00a0Audiovisual 451<\/a><\/span><\/span><\/p>\n<p style=\"font-size: 12px; font-family: Arial, sans-serif; text-align: justify;\"><span style=\"font-size: 14px;\"><span style=\"font-family: arial, helvetica, sans-serif;\">\u00a0\u00a0\u00a0\u00a0\u00a0\u00a0\u00a0\u00a0\u00a0\u00a0\u00a0\u00a0<a href=\"https:\/\/www.cineuropa.org\/es\/\" target=\"_blank\" rel=\"noopener\">Cineuropa<\/a><\/span><\/span><\/p>\n<p style=\"font-size: 12px; font-family: Arial, sans-serif; text-align: justify;\"><span style=\"font-size: 14px;\"><span style=\"font-family: arial, helvetica, sans-serif;\">\u00a0\u00a0\u00a0\u00a0\u00a0\u00a0\u00a0\u00a0\u00a0\u00a0\u00a0\u00a0<a href=\"https:\/\/www.cineytele.com\/\" target=\"_blank\" rel=\"noopener\">Cine y Tele<\/a><\/span><\/span><\/p>\n<p style=\"font-size: 12px; font-family: Arial, sans-serif; text-align: justify;\"><span style=\"font-size: 14px;\"><span style=\"font-family: arial, helvetica, sans-serif;\">\u00a0\u00a0\u00a0\u00a0\u00a0\u00a0\u00a0\u00a0\u00a0\u00a0\u00a0 Asociaci\u00f3n de Periodistas Iberoamericanos de Cine<\/span><\/span><\/p>\n<p style=\"font-size: 12px; font-family: Arial, sans-serif; text-align: justify;\"><span style=\"font-size: 14px;\"><span style=\"font-family: arial, helvetica, sans-serif;\">\u00a0\u00a0\u00a0\u00a0\u00a0\u00a0\u00a0\u00a0\u00a0\u00a0\u00a0\u00a0<a href=\"https:\/\/www.latamcinema.com\/\" target=\"_blank\" rel=\"noopener\">Latam Cinema<\/a><\/span><\/span><\/p>\n<p style=\"font-size: 12px; font-family: Arial, sans-serif; text-align: justify;\"><span style=\"font-size: 14px;\"><span style=\"font-family: arial, helvetica, sans-serif;\">\u00a0\u00a0\u00a0\u00a0\u00a0\u00a0\u00a0\u00a0\u00a0\u00a0\u00a0\u00a0<a href=\"https:\/\/www.cameraandlightmag.com\/\" target=\"_blank\" rel=\"noopener\">Camera Light<\/a><\/span><\/span><\/p>\n<p style=\"font-size: 12px; font-family: Arial, sans-serif; text-align: justify;\"><span style=\"font-size: 14px;\"><span style=\"font-family: arial, helvetica, sans-serif;\">\u00a0\u00a0\u00a0\u00a0\u00a0\u00a0\u00a0\u00a0\u00a0\u00a0\u00a0\u00a0<a href=\"https:\/\/www.screendaily.com\/\" target=\"_blank\" rel=\"noopener\">Screen Daily<\/a><\/span><\/span><\/p>\n<p style=\"font-size: 12px; font-family: Arial, sans-serif; text-align: justify;\"><span style=\"font-size: 14px;\"><span style=\"font-family: arial, helvetica, sans-serif;\">\u00a0\u00a0\u00a0\u00a0\u00a0\u00a0\u00a0\u00a0\u00a0\u00a0\u00a0\u00a0<a href=\"https:\/\/www.kftv.com\/\" target=\"_blank\" rel=\"noopener\">KFTV<\/a><\/span><\/span><\/p>\n<p style=\"font-size: 12px; font-family: Arial, sans-serif; text-align: justify;\"><span style=\"font-size: 14px;\"><span style=\"font-family: arial, helvetica, sans-serif;\">\u00a0\u00a0\u00a0\u00a0\u00a0\u00a0\u00a0\u00a0\u00a0\u00a0\u00a0<a href=\"http:\/\/www.lefilmfrancais.com\/\" target=\"_blank\" rel=\"noopener\">\u00a0<\/a><a href=\"https:\/\/www.lefilmfrancais.com\/\" target=\"_blank\" rel=\"noopener\">Le Film Francais<\/a><a href=\"http:\/\/www.lefilmfrancais.com\/\" target=\"_blank\" rel=\"noopener\">e<\/a><\/span><\/span><\/p>\n<h4 style=\"font-family: Arial, sans-serif; font-size: 12px; text-align: justify;\"><span style=\"font-size: 14px;\"><span style=\"font-family: arial, helvetica, sans-serif;\"><strong>Apoyo institucional<\/strong><\/span><\/span><\/h4>\n<p style=\"font-size: 12px; font-family: Arial, sans-serif; text-align: justify;\"><span style=\"font-size: 14px;\"><span style=\"font-family: arial, helvetica, sans-serif;\">El Ayuntamiento de Valladolid patrocina este evento que da visibilidad a la ciudad ante profesionales de la industria audiovisual internacional. Adem\u00e1s, Spain Film Commission enmarca Shooting Locations Marketplace en las l\u00edneas de actuaci\u00f3n del Plan Espa\u00f1a HUB Audiovisual, que cuenta con financiaci\u00f3n del Pan de Recuperaci\u00f3n, Transformaci\u00f3n y Resiliencia del Gobierno de Espa\u00f1a.<\/span><\/span><\/p>\n<p style=\"font-size: 12px; font-family: Arial, sans-serif; text-align: justify;\"><span style=\"font-size: 14px;\"><span style=\"font-family: arial, helvetica, sans-serif;\"><strong>Visitas a los destinos<\/strong><\/span><\/span><\/p>\n<p style=\"font-size: 12px; font-family: Arial, sans-serif; text-align: justify;\"><span style=\"font-size: 14px;\"><span style=\"font-family: arial, helvetica, sans-serif;\">\u201cConocer nuevos lugares, ampliar mi lista de opciones para rodar y contactar con colegas de otros lugares\u201d son las principales motivaciones de los localizadores para participar en Shooting Locations Marketplace. Y tras las sesiones \u201cte\u00f3ricas\u201d el viaje concluye con un programa de visitas a escenarios de Catalu\u00f1a, Castilla-La Mancha, Vigo, Pontevedra e Islas Canarias.<\/span><\/span><\/p>\n<h4 style=\"font-family: Arial, sans-serif; font-size: 12px; text-align: justify;\"><span style=\"font-size: 14px;\"><span style=\"font-family: arial, helvetica, sans-serif;\"><strong>Relaci\u00f3n de participantes<\/strong><\/span><\/span><\/h4>\n<p style=\"font-family: Arial, sans-serif; font-size: 12px; text-align: justify;\"><span style=\"font-size: 14px;\"><span style=\"font-family: arial, helvetica, sans-serif;\"><a href=\"https:\/\/www.film.gov.ae\/en\/\" target=\"_blank\" rel=\"noopener\">ABU DHABI FILM COMMISSION<\/a><\/span><\/span><\/p>\n<p style=\"font-size: 12px; font-family: Arial, sans-serif; text-align: justify;\"><span style=\"font-size: 14px;\"><span style=\"font-family: arial, helvetica, sans-serif;\"><a href=\"https:\/\/www.alicantefilmoffice.com\/\" target=\"_blank\" rel=\"noopener\">ALICANTE FILM OFFICE<\/a><\/span><\/span><\/p>\n<p style=\"font-size: 12px; font-family: Arial, sans-serif; text-align: justify;\"><span style=\"font-size: 14px;\"><span style=\"font-family: arial, helvetica, sans-serif;\"><a href=\"https:\/\/andaluciafilm.com\/\" target=\"_blank\" rel=\"noopener\">ANDALUC\u00cdA FILM COMMISSION<\/a><\/span><\/span><\/p>\n<p style=\"font-size: 12px; font-family: Arial, sans-serif; text-align: justify;\"><span style=\"font-size: 14px;\"><span style=\"font-family: arial, helvetica, sans-serif;\"><a href=\"https:\/\/www.turismoasturias.es\/filmcommission\" target=\"_blank\" rel=\"noopener\">ASTURIAS PARA\u00cdSO NATURAL FILM COMMISSION<\/a><\/span><\/span><\/p>\n<p style=\"font-size: 12px; font-family: Arial, sans-serif; text-align: justify;\"><span style=\"font-size: 14px;\"><span style=\"font-family: arial, helvetica, sans-serif;\"><a href=\"https:\/\/www.bifilmcommission.com\/es\/\" target=\"_blank\" rel=\"noopener\">BILBAO BIZKAIA FILM COMMISSION<\/a><\/span><\/span><\/p>\n<p style=\"font-size: 12px; font-family: Arial, sans-serif; text-align: justify;\"><span style=\"font-size: 14px;\"><span style=\"font-family: arial, helvetica, sans-serif;\"><a href=\"https:\/\/britishfilmcommission.org.uk\/\" target=\"_blank\" rel=\"noopener\">BRITISH FILM COMMISSION<\/a><\/span><\/span><\/p>\n<p style=\"font-size: 12px; font-family: Arial, sans-serif; text-align: justify;\"><span style=\"font-size: 14px;\"><span style=\"font-family: arial, helvetica, sans-serif;\"><a href=\"https:\/\/burgosfilmcommission.org\/\" target=\"_blank\" rel=\"noopener\">BURGOS FILM COMMISSION\u00a0<\/a>&#8211;\u00a0<a href=\"https:\/\/asociacionculturalsadhill.wordpress.com\/\" target=\"_blank\" rel=\"noopener\">ASOCIACI\u00d3N CULTURAL SAD HILL<\/a><\/span><\/span><\/p>\n<p style=\"font-size: 12px; font-family: Arial, sans-serif; text-align: justify;\"><span style=\"font-size: 14px;\"><span style=\"font-family: arial, helvetica, sans-serif;\"><a href=\"https:\/\/canaryislandsfilm.com\/\" target=\"_blank\" rel=\"noopener\">CANARY ISLANDS FILM<\/a><\/span><\/span><\/p>\n<p style=\"font-size: 12px; font-family: Arial, sans-serif; text-align: justify;\"><span style=\"font-size: 14px;\"><span style=\"font-family: arial, helvetica, sans-serif;\"><a href=\"http:\/\/cantabriafilmcommission.com\/\" target=\"_blank\" rel=\"noopener\">CANTABRIA FILM COMMISSION<\/a><\/span><\/span><\/p>\n<p style=\"font-size: 12px; font-family: Arial, sans-serif; text-align: justify;\"><span style=\"font-size: 14px;\"><span style=\"font-family: arial, helvetica, sans-serif;\"><a href=\"https:\/\/www.castillalamanchafilm.com\/\" target=\"_blank\" rel=\"noopener\">CASTILLA-LA MANCHA FILM COMMISSION<\/a><\/span><\/span><\/p>\n<p style=\"font-size: 12px; font-family: Arial, sans-serif; text-align: justify;\"><span style=\"font-size: 14px;\"><span style=\"font-family: arial, helvetica, sans-serif;\"><a href=\"https:\/\/www.bcncatfilmcommission.com\/\" target=\"_blank\" rel=\"noopener\">CATALUNYA FILM COMMISSION<\/a><\/span><\/span><\/p>\n<p style=\"font-size: 12px; font-family: Arial, sans-serif; text-align: justify;\"><span style=\"font-size: 14px;\"><span style=\"font-family: arial, helvetica, sans-serif;\"><a href=\"http:\/\/www.madrid.org\/filmmadrid\/\" target=\"_blank\" rel=\"noopener\">FILM MADRID<\/a><\/span><\/span><\/p>\n<p style=\"font-size: 12px; font-family: Arial, sans-serif; text-align: justify;\"><span style=\"font-size: 14px;\"><span style=\"font-family: arial, helvetica, sans-serif;\"><a href=\"https:\/\/filmlondon.org.uk\/\" target=\"_blank\" rel=\"noopener\">FILM LONDON<\/a><\/span><\/span><\/p>\n<p style=\"font-size: 12px; font-family: Arial, sans-serif; text-align: justify;\"><span style=\"font-size: 14px;\"><span style=\"font-family: arial, helvetica, sans-serif;\"><a href=\"https:\/\/ibizafilmcommission.com\/es\/\" target=\"_blank\" rel=\"noopener\">IBIZA FILM COMMISSION<\/a><\/span><\/span><\/p>\n<p style=\"font-size: 12px; font-family: Arial, sans-serif; text-align: justify;\"><span style=\"font-size: 14px;\"><span style=\"font-family: arial, helvetica, sans-serif;\"><a href=\"http:\/\/www.filmcommissionlarioja.org\/\" target=\"_blank\" rel=\"noopener\">LA RIOJA FILM COMMISSION<\/a><\/span><\/span><\/p>\n<p style=\"font-size: 12px; font-family: Arial, sans-serif; text-align: justify;\"><span style=\"font-size: 14px;\"><span style=\"font-family: arial, helvetica, sans-serif;\"><a href=\"https:\/\/mobile.twitter.com\/locafixer\" target=\"_blank\" rel=\"noopener\">LOCAFIXER<\/a><\/span><\/span><\/p>\n<p style=\"font-size: 12px; font-family: Arial, sans-serif; text-align: justify;\"><span style=\"font-size: 14px;\"><span style=\"font-family: arial, helvetica, sans-serif;\"><a href=\"https:\/\/madridfilmoffice.com\/\" target=\"_blank\" rel=\"noopener\">MADRID FILM OFFICE<\/a><\/span><\/span><\/p>\n<p style=\"font-size: 12px; font-family: Arial, sans-serif; text-align: justify;\"><span style=\"font-size: 14px;\"><span style=\"font-family: arial, helvetica, sans-serif;\"><a href=\"https:\/\/mallorcafilmcommission.net\/es\/\" target=\"_blank\" rel=\"noopener\">MALLORCA FILM COMMISSION<\/a><\/span><\/span><\/p>\n<p style=\"font-size: 12px; font-family: Arial, sans-serif; text-align: justify;\"><span style=\"font-size: 14px;\"><span style=\"font-family: arial, helvetica, sans-serif;\"><a href=\"https:\/\/maltafilmcommission.com\/\" target=\"_blank\" rel=\"noopener\">MALTA FILM COMMISSION<\/a><\/span><\/span><\/p>\n<p style=\"font-size: 12px; font-family: Arial, sans-serif; text-align: justify;\"><span style=\"font-size: 14px;\"><span style=\"font-family: arial, helvetica, sans-serif;\"><a href=\"https:\/\/www.menorca.es\/es\/FilmCommission\" target=\"_blank\" rel=\"noopener\">MENORCA FILM COMMISSION<\/a><\/span><\/span><\/p>\n<p style=\"font-size: 12px; font-family: Arial, sans-serif; text-align: justify;\"><span style=\"font-size: 14px;\"><span style=\"font-family: arial, helvetica, sans-serif;\"><a href=\"https:\/\/www.navarrafilm.com\/\" target=\"_blank\" rel=\"noopener\">NAVARRA FILM COMMISSION<\/a><\/span><\/span><\/p>\n<p style=\"font-size: 12px; font-family: Arial, sans-serif; text-align: justify;\"><span style=\"font-size: 14px;\"><span style=\"font-family: arial, helvetica, sans-serif;\"><a href=\"https:\/\/www.norwegianfilm.com\/\" target=\"_blank\" rel=\"noopener\">NORWEGIAN FILM COMMISSION<\/a><\/span><\/span><\/p>\n<p style=\"font-size: 12px; font-family: Arial, sans-serif; text-align: justify;\"><span style=\"font-size: 14px;\"><span style=\"font-family: arial, helvetica, sans-serif;\"><a href=\"https:\/\/www.parador.es\/es\" target=\"_blank\" rel=\"noopener\">PARADORES DE TURISMO DE ESPA\u00d1A<\/a><\/span><\/span><\/p>\n<p style=\"font-size: 12px; font-family: Arial, sans-serif; text-align: justify;\"><span style=\"font-size: 14px;\"><span style=\"font-family: arial, helvetica, sans-serif;\"><a href=\"https:\/\/pisf.pl\/en\/\" target=\"_blank\" rel=\"noopener\">POLISH FILM INSTITUTE<\/a><\/span><\/span><\/p>\n<p style=\"font-size: 12px; font-family: Arial, sans-serif; text-align: justify;\"><span style=\"font-size: 14px;\"><span style=\"font-family: arial, helvetica, sans-serif;\"><a href=\"https:\/\/www.pontevedrafilmcommission.com\/es\/\" target=\"_blank\" rel=\"noopener\">PONTEVEDRA PROVINCIA FILM COMMISSION<\/a><\/span><\/span><\/p>\n<p style=\"font-size: 12px; font-family: Arial, sans-serif; text-align: justify;\"><span style=\"font-size: 14px;\"><span style=\"font-family: arial, helvetica, sans-serif;\"><a href=\"https:\/\/salamancafilmcommission.com\/\" target=\"_blank\" rel=\"noopener\">SALAMANCA FILM COMMISSION<\/a><\/span><\/span><\/p>\n<p style=\"font-size: 12px; font-family: Arial, sans-serif; text-align: justify;\"><span style=\"font-size: 14px;\"><span style=\"font-family: arial, helvetica, sans-serif;\"><a href=\"https:\/\/www.santiagoturismo.com\/film-commission\" target=\"_blank\" rel=\"noopener\">SANTIAGO DE COMPOSTELA FILM COMMISSION<\/a><\/span><\/span><\/p>\n<p style=\"font-size: 12px; font-family: Arial, sans-serif; text-align: justify;\"><span style=\"font-size: 14px;\"><span style=\"font-family: arial, helvetica, sans-serif;\"><a href=\"https:\/\/sansebastian-gipuzkoafilmcommission.eus\/es\/\" target=\"_blank\" rel=\"noopener\">SAN SEBATIAN-GIPUZKOA FILM COMMISSION<\/a><\/span><\/span><\/p>\n<p style=\"font-size: 12px; font-family: Arial, sans-serif; text-align: justify;\"><span style=\"font-size: 14px;\"><span style=\"font-family: arial, helvetica, sans-serif;\"><a href=\"https:\/\/7ifilm.com\/\" target=\"_blank\" rel=\"noopener\">SEVEN ISLANDS FILM<\/a><\/span><\/span><\/p>\n<p style=\"font-size: 12px; font-family: Arial, sans-serif; text-align: justify;\"><span style=\"font-size: 14px;\"><span style=\"font-family: arial, helvetica, sans-serif;\"><a href=\"https:\/\/sevillaandme.com\/\" target=\"_blank\" rel=\"noopener\">SEVILLA FILM OFFICE (S&amp;ME)<\/a><\/span><\/span><\/p>\n<p style=\"font-size: 12px; font-family: Arial, sans-serif; text-align: justify;\"><span style=\"font-size: 14px;\"><span style=\"font-family: arial, helvetica, sans-serif;\"><a href=\"http:\/\/www.shootinginspain.info\" target=\"_blank\" rel=\"noopener\">SPAIN FILM COMMISSIO<\/a><\/span><\/span><a href=\"http:\/\/www.shootinginspain.info\" target=\"_blank\" rel=\"noopener\"><span style=\"font-size: 14px;\"><span style=\"font-family: arial, helvetica, sans-serif;\">N<\/span><\/span><\/a><\/p>\n<p style=\"font-size: 12px; font-family: Arial, sans-serif; text-align: justify;\"><span style=\"font-size: 14px;\"><a style=\"text-align: justify;\" href=\"https:\/\/www.parcaudiovisual.cat\/filmoffice\/es\/\" target=\"_blank\" rel=\"noopener\">TERRASSA FILM OFFICE<\/a><span style=\"text-align: justify;\">\u00a0&#8211;<\/span><span style=\"text-align: justify;\">\u00a0<\/span><a style=\"text-align: justify;\" href=\"https:\/\/www.parcaudiovisual.cat\/\" target=\"_blank\" rel=\"noopener\">PARC AUDIOVISUAL DE CATALUNYA<\/a><\/span><\/p>\n<p style=\"font-size: 12px; font-family: Arial, sans-serif; text-align: justify;\"><span style=\"font-size: 14px;\"><span style=\"font-family: arial, helvetica, sans-serif;\"><a href=\"https:\/\/www.thbhotels.com\/\" target=\"_blank\" rel=\"noopener\">THB HOTELS<\/a><\/span><\/span><\/p>\n<p style=\"font-size: 12px; font-family: Arial, sans-serif; text-align: justify;\"><span style=\"font-size: 14px;\"><span style=\"font-family: arial, helvetica, sans-serif;\"><a href=\"http:\/\/www.film.jo\/\" target=\"_blank\" rel=\"noopener\">THE ROYAL FILM COMMISSION &#8211; JORDAN<\/a><\/span><\/span><\/p>\n<p style=\"font-size: 12px; font-family: Arial, sans-serif; text-align: justify;\"><span style=\"font-size: 14px;\"><span style=\"font-family: arial, helvetica, sans-serif;\"><a href=\"https:\/\/www.valenciafilmoffice.org\/\" target=\"_blank\" rel=\"noopener\">VALENCIA FILM OFFICE<\/a><\/span><\/span><\/p>\n<p style=\"font-size: 12px; font-family: Arial, sans-serif; text-align: justify;\"><span style=\"font-size: 14px;\"><span style=\"font-family: arial, helvetica, sans-serif;\"><a href=\"https:\/\/valladolidcityoffilm.com\/que-es-valladolid-film-office\/\" target=\"_blank\" rel=\"noopener\">VALLADOLID FILM COMMISSION<\/a><\/span><\/span><\/p>\n<p style=\"font-size: 12px; font-family: Arial, sans-serif; text-align: justify;\"><span style=\"font-size: 14px;\"><span style=\"font-family: arial, helvetica, sans-serif;\"><a href=\"http:\/\/www.shootinginspain.info\/es\/mailing\/210\" target=\"_blank\" rel=\"noopener\">VIGO FILM OFFICE<\/a><\/span><\/span><\/p>\n<p style=\"font-size: 12px; font-family: Arial, sans-serif; text-align: justify;\"><span style=\"font-size: 14px;\"><span style=\"font-family: arial, helvetica, sans-serif;\"><a href=\"https:\/\/www.vitoria-gasteiz.org\/wb021\/was\/contenidoAction.do?uid=u_24e9bad9_159affddf2b__7df3&amp;idioma=es&amp;lang=es&amp;locale=es\" target=\"_blank\" rel=\"noopener\">VITORIA-GASTEIZ FILM OFFICE<\/a><\/span><\/span><\/p>\n<p style=\"font-size: 12px; font-family: Arial, sans-serif; text-align: justify;\"><span style=\"font-size: 14px;\"><span style=\"font-family: arial, helvetica, sans-serif;\"><a href=\"https:\/\/www.zaragoza.es\/sede\/servicio\/equipamiento\/29600\" target=\"_blank\" rel=\"noopener\">ZARAGOZA FILM OFFICE<\/a><\/span><\/span><\/p>\n<p style=\"font-size: 12px; font-family: Arial, sans-serif; text-align: center;\"><strong><span style=\"font-size: 16px;\"><a href=\"http:\/\/www.shootinglocationsmarketplace.com\/\" target=\"_blank\" rel=\"noopener\">www.shootinglocationsmarketplace.com<\/a><\/span><\/strong><\/p>\n<\/div>\n\n\n<p><\/p>\n","protected":false},"excerpt":{"rendered":"<ul style=\"font-family:Arial, sans-serif;font-size:12px;\">\n<li><strong style=\"font-family:arial, helvetica, sans-serif;font-size:14px;\">Este evento, organizado por Feria de Valladolid y Spain Film Commission, incrementa en un treinta por ciento la participaci\u00f3n de destinos de rodaje, localizadores, productores y empresas del sector.<\/strong><\/li>\n<\/ul>\n","protected":false},"author":2,"featured_media":8702,"comment_status":"closed","ping_status":"closed","sticky":false,"template":"","format":"standard","meta":{"footnotes":""},"categories":[38],"tags":[],"class_list":["post-8701","post","type-post","status-publish","format-standard","has-post-thumbnail","hentry","category-noticias"],"yoast_head":"<!-- This site is optimized with the Yoast SEO plugin v27.3 - https:\/\/yoast.com\/product\/yoast-seo-wordpress\/ -->\n<title>Shooting Locations Marketplace se consolida en su II Edici\u00f3n como punto de encuentro y referente de negocio para la industria audiovisual - Spain Film Commission<\/title>\n<meta name=\"robots\" content=\"index, follow, max-snippet:-1, max-image-preview:large, max-video-preview:-1\" \/>\n<link rel=\"canonical\" href=\"https:\/\/spainfilmcommission.com\/en\/blog\/shooting-locations-marketplace-se-consolida-en-su-ii-edicion-como-punto-de-encuentro-y-referente-de-negocio-para-la-industria-audiovisual\/\" \/>\n<meta property=\"og:locale\" content=\"en_US\" \/>\n<meta property=\"og:type\" content=\"article\" \/>\n<meta property=\"og:title\" content=\"Shooting Locations Marketplace se consolida en su II Edici\u00f3n como punto de encuentro y referente de negocio para la industria audiovisual - Spain Film Commission\" \/>\n<meta property=\"og:description\" content=\"Este evento, organizado por Feria de Valladolid y Spain Film Commission, incrementa en un treinta por ciento la participaci\u00f3n de destinos de rodaje, localizadores, productores y empresas del sector.\" \/>\n<meta property=\"og:url\" content=\"https:\/\/spainfilmcommission.com\/en\/blog\/shooting-locations-marketplace-se-consolida-en-su-ii-edicion-como-punto-de-encuentro-y-referente-de-negocio-para-la-industria-audiovisual\/\" \/>\n<meta property=\"og:site_name\" content=\"Spain Film Commission\" \/>\n<meta property=\"article:published_time\" content=\"2022-10-13T22:00:00+00:00\" \/>\n<meta property=\"article:modified_time\" content=\"2025-06-16T10:00:29+00:00\" \/>\n<meta property=\"og:image\" content=\"https:\/\/spainfilmcommission.com\/wp-content\/uploads\/2024\/11\/shooting-locations-marketplace-se-consolida-en-su-ii-edicion-como-punto-de-encuentro-y-referente-de-negocio-para-la-industria-audiovisual-289.jpeg\" \/>\n\t<meta property=\"og:image:width\" content=\"1170\" \/>\n\t<meta property=\"og:image:height\" content=\"835\" \/>\n\t<meta property=\"og:image:type\" content=\"image\/jpeg\" \/>\n<meta name=\"author\" content=\"studio128k_dam\" \/>\n<meta name=\"twitter:card\" content=\"summary_large_image\" \/>\n<meta name=\"twitter:label1\" content=\"Written by\" \/>\n\t<meta name=\"twitter:data1\" content=\"studio128k_dam\" \/>\n\t<meta name=\"twitter:label2\" content=\"Est. reading time\" \/>\n\t<meta name=\"twitter:data2\" content=\"5 minutes\" \/>\n<script type=\"application\/ld+json\" class=\"yoast-schema-graph\">{\"@context\":\"https:\\\/\\\/schema.org\",\"@graph\":[{\"@type\":\"Article\",\"@id\":\"https:\\\/\\\/spainfilmcommission.com\\\/en\\\/blog\\\/shooting-locations-marketplace-se-consolida-en-su-ii-edicion-como-punto-de-encuentro-y-referente-de-negocio-para-la-industria-audiovisual\\\/#article\",\"isPartOf\":{\"@id\":\"https:\\\/\\\/spainfilmcommission.com\\\/en\\\/blog\\\/shooting-locations-marketplace-se-consolida-en-su-ii-edicion-como-punto-de-encuentro-y-referente-de-negocio-para-la-industria-audiovisual\\\/\"},\"author\":{\"name\":\"studio128k_dam\",\"@id\":\"https:\\\/\\\/spainfilmcommission.com\\\/en\\\/#\\\/schema\\\/person\\\/6c014ba6ceac198d178a6a9e61113c9d\"},\"headline\":\"Shooting Locations Marketplace se consolida en su II Edici\u00f3n como punto de encuentro y referente de negocio para la industria audiovisual\",\"datePublished\":\"2022-10-13T22:00:00+00:00\",\"dateModified\":\"2025-06-16T10:00:29+00:00\",\"mainEntityOfPage\":{\"@id\":\"https:\\\/\\\/spainfilmcommission.com\\\/en\\\/blog\\\/shooting-locations-marketplace-se-consolida-en-su-ii-edicion-como-punto-de-encuentro-y-referente-de-negocio-para-la-industria-audiovisual\\\/\"},\"wordCount\":1133,\"publisher\":{\"@id\":\"https:\\\/\\\/spainfilmcommission.com\\\/en\\\/#organization\"},\"image\":{\"@id\":\"https:\\\/\\\/spainfilmcommission.com\\\/en\\\/blog\\\/shooting-locations-marketplace-se-consolida-en-su-ii-edicion-como-punto-de-encuentro-y-referente-de-negocio-para-la-industria-audiovisual\\\/#primaryimage\"},\"thumbnailUrl\":\"https:\\\/\\\/spainfilmcommission.com\\\/wp-content\\\/uploads\\\/2024\\\/11\\\/shooting-locations-marketplace-se-consolida-en-su-ii-edicion-como-punto-de-encuentro-y-referente-de-negocio-para-la-industria-audiovisual-289.jpeg\",\"articleSection\":[\"Noticias\"],\"inLanguage\":\"en-US\"},{\"@type\":\"WebPage\",\"@id\":\"https:\\\/\\\/spainfilmcommission.com\\\/en\\\/blog\\\/shooting-locations-marketplace-se-consolida-en-su-ii-edicion-como-punto-de-encuentro-y-referente-de-negocio-para-la-industria-audiovisual\\\/\",\"url\":\"https:\\\/\\\/spainfilmcommission.com\\\/en\\\/blog\\\/shooting-locations-marketplace-se-consolida-en-su-ii-edicion-como-punto-de-encuentro-y-referente-de-negocio-para-la-industria-audiovisual\\\/\",\"name\":\"Shooting Locations Marketplace se consolida en su II Edici\u00f3n como punto de encuentro y referente de negocio para la industria audiovisual - Spain Film Commission\",\"isPartOf\":{\"@id\":\"https:\\\/\\\/spainfilmcommission.com\\\/en\\\/#website\"},\"primaryImageOfPage\":{\"@id\":\"https:\\\/\\\/spainfilmcommission.com\\\/en\\\/blog\\\/shooting-locations-marketplace-se-consolida-en-su-ii-edicion-como-punto-de-encuentro-y-referente-de-negocio-para-la-industria-audiovisual\\\/#primaryimage\"},\"image\":{\"@id\":\"https:\\\/\\\/spainfilmcommission.com\\\/en\\\/blog\\\/shooting-locations-marketplace-se-consolida-en-su-ii-edicion-como-punto-de-encuentro-y-referente-de-negocio-para-la-industria-audiovisual\\\/#primaryimage\"},\"thumbnailUrl\":\"https:\\\/\\\/spainfilmcommission.com\\\/wp-content\\\/uploads\\\/2024\\\/11\\\/shooting-locations-marketplace-se-consolida-en-su-ii-edicion-como-punto-de-encuentro-y-referente-de-negocio-para-la-industria-audiovisual-289.jpeg\",\"datePublished\":\"2022-10-13T22:00:00+00:00\",\"dateModified\":\"2025-06-16T10:00:29+00:00\",\"breadcrumb\":{\"@id\":\"https:\\\/\\\/spainfilmcommission.com\\\/en\\\/blog\\\/shooting-locations-marketplace-se-consolida-en-su-ii-edicion-como-punto-de-encuentro-y-referente-de-negocio-para-la-industria-audiovisual\\\/#breadcrumb\"},\"inLanguage\":\"en-US\",\"potentialAction\":[{\"@type\":\"ReadAction\",\"target\":[\"https:\\\/\\\/spainfilmcommission.com\\\/en\\\/blog\\\/shooting-locations-marketplace-se-consolida-en-su-ii-edicion-como-punto-de-encuentro-y-referente-de-negocio-para-la-industria-audiovisual\\\/\"]}]},{\"@type\":\"ImageObject\",\"inLanguage\":\"en-US\",\"@id\":\"https:\\\/\\\/spainfilmcommission.com\\\/en\\\/blog\\\/shooting-locations-marketplace-se-consolida-en-su-ii-edicion-como-punto-de-encuentro-y-referente-de-negocio-para-la-industria-audiovisual\\\/#primaryimage\",\"url\":\"https:\\\/\\\/spainfilmcommission.com\\\/wp-content\\\/uploads\\\/2024\\\/11\\\/shooting-locations-marketplace-se-consolida-en-su-ii-edicion-como-punto-de-encuentro-y-referente-de-negocio-para-la-industria-audiovisual-289.jpeg\",\"contentUrl\":\"https:\\\/\\\/spainfilmcommission.com\\\/wp-content\\\/uploads\\\/2024\\\/11\\\/shooting-locations-marketplace-se-consolida-en-su-ii-edicion-como-punto-de-encuentro-y-referente-de-negocio-para-la-industria-audiovisual-289.jpeg\",\"width\":1170,\"height\":835},{\"@type\":\"BreadcrumbList\",\"@id\":\"https:\\\/\\\/spainfilmcommission.com\\\/en\\\/blog\\\/shooting-locations-marketplace-se-consolida-en-su-ii-edicion-como-punto-de-encuentro-y-referente-de-negocio-para-la-industria-audiovisual\\\/#breadcrumb\",\"itemListElement\":[{\"@type\":\"ListItem\",\"position\":1,\"name\":\"Portada\",\"item\":\"https:\\\/\\\/spainfilmcommission.com\\\/en\\\/\"},{\"@type\":\"ListItem\",\"position\":2,\"name\":\"Shooting Locations Marketplace se consolida en su II Edici\u00f3n como punto de encuentro y referente de negocio para la industria audiovisual\"}]},{\"@type\":\"WebSite\",\"@id\":\"https:\\\/\\\/spainfilmcommission.com\\\/en\\\/#website\",\"url\":\"https:\\\/\\\/spainfilmcommission.com\\\/en\\\/\",\"name\":\"Spain Film Commission\",\"description\":\"\",\"publisher\":{\"@id\":\"https:\\\/\\\/spainfilmcommission.com\\\/en\\\/#organization\"},\"potentialAction\":[{\"@type\":\"SearchAction\",\"target\":{\"@type\":\"EntryPoint\",\"urlTemplate\":\"https:\\\/\\\/spainfilmcommission.com\\\/en\\\/?s={search_term_string}\"},\"query-input\":{\"@type\":\"PropertyValueSpecification\",\"valueRequired\":true,\"valueName\":\"search_term_string\"}}],\"inLanguage\":\"en-US\"},{\"@type\":\"Organization\",\"@id\":\"https:\\\/\\\/spainfilmcommission.com\\\/en\\\/#organization\",\"name\":\"Spain Film Commission\",\"url\":\"https:\\\/\\\/spainfilmcommission.com\\\/en\\\/\",\"logo\":{\"@type\":\"ImageObject\",\"inLanguage\":\"en-US\",\"@id\":\"https:\\\/\\\/spainfilmcommission.com\\\/en\\\/#\\\/schema\\\/logo\\\/image\\\/\",\"url\":\"https:\\\/\\\/spainfilmcommission.com\\\/wp-content\\\/uploads\\\/2024\\\/07\\\/SPC_COLOR.png\",\"contentUrl\":\"https:\\\/\\\/spainfilmcommission.com\\\/wp-content\\\/uploads\\\/2024\\\/07\\\/SPC_COLOR.png\",\"width\":1665,\"height\":1665,\"caption\":\"Spain Film Commission\"},\"image\":{\"@id\":\"https:\\\/\\\/spainfilmcommission.com\\\/en\\\/#\\\/schema\\\/logo\\\/image\\\/\"}},{\"@type\":\"Person\",\"@id\":\"https:\\\/\\\/spainfilmcommission.com\\\/en\\\/#\\\/schema\\\/person\\\/6c014ba6ceac198d178a6a9e61113c9d\",\"name\":\"studio128k_dam\",\"image\":{\"@type\":\"ImageObject\",\"inLanguage\":\"en-US\",\"@id\":\"https:\\\/\\\/secure.gravatar.com\\\/avatar\\\/810f99144a13522c24aa173f9cd8bf079d0e89758af00b5f2938443cd51b31e9?s=96&d=mm&r=g\",\"url\":\"https:\\\/\\\/secure.gravatar.com\\\/avatar\\\/810f99144a13522c24aa173f9cd8bf079d0e89758af00b5f2938443cd51b31e9?s=96&d=mm&r=g\",\"contentUrl\":\"https:\\\/\\\/secure.gravatar.com\\\/avatar\\\/810f99144a13522c24aa173f9cd8bf079d0e89758af00b5f2938443cd51b31e9?s=96&d=mm&r=g\",\"caption\":\"studio128k_dam\"}}]}<\/script>\n<!-- \/ Yoast SEO plugin. -->","yoast_head_json":{"title":"Shooting Locations Marketplace se consolida en su II Edici\u00f3n como punto de encuentro y referente de negocio para la industria audiovisual - Spain Film Commission","robots":{"index":"index","follow":"follow","max-snippet":"max-snippet:-1","max-image-preview":"max-image-preview:large","max-video-preview":"max-video-preview:-1"},"canonical":"https:\/\/spainfilmcommission.com\/en\/blog\/shooting-locations-marketplace-se-consolida-en-su-ii-edicion-como-punto-de-encuentro-y-referente-de-negocio-para-la-industria-audiovisual\/","og_locale":"en_US","og_type":"article","og_title":"Shooting Locations Marketplace se consolida en su II Edici\u00f3n como punto de encuentro y referente de negocio para la industria audiovisual - Spain Film Commission","og_description":"Este evento, organizado por Feria de Valladolid y Spain Film Commission, incrementa en un treinta por ciento la participaci\u00f3n de destinos de rodaje, localizadores, productores y empresas del sector.","og_url":"https:\/\/spainfilmcommission.com\/en\/blog\/shooting-locations-marketplace-se-consolida-en-su-ii-edicion-como-punto-de-encuentro-y-referente-de-negocio-para-la-industria-audiovisual\/","og_site_name":"Spain Film Commission","article_published_time":"2022-10-13T22:00:00+00:00","article_modified_time":"2025-06-16T10:00:29+00:00","og_image":[{"width":1170,"height":835,"url":"https:\/\/spainfilmcommission.com\/wp-content\/uploads\/2024\/11\/shooting-locations-marketplace-se-consolida-en-su-ii-edicion-como-punto-de-encuentro-y-referente-de-negocio-para-la-industria-audiovisual-289.jpeg","type":"image\/jpeg"}],"author":"studio128k_dam","twitter_card":"summary_large_image","twitter_misc":{"Written by":"studio128k_dam","Est. reading time":"5 minutes"},"schema":{"@context":"https:\/\/schema.org","@graph":[{"@type":"Article","@id":"https:\/\/spainfilmcommission.com\/en\/blog\/shooting-locations-marketplace-se-consolida-en-su-ii-edicion-como-punto-de-encuentro-y-referente-de-negocio-para-la-industria-audiovisual\/#article","isPartOf":{"@id":"https:\/\/spainfilmcommission.com\/en\/blog\/shooting-locations-marketplace-se-consolida-en-su-ii-edicion-como-punto-de-encuentro-y-referente-de-negocio-para-la-industria-audiovisual\/"},"author":{"name":"studio128k_dam","@id":"https:\/\/spainfilmcommission.com\/en\/#\/schema\/person\/6c014ba6ceac198d178a6a9e61113c9d"},"headline":"Shooting Locations Marketplace se consolida en su II Edici\u00f3n como punto de encuentro y referente de negocio para la industria audiovisual","datePublished":"2022-10-13T22:00:00+00:00","dateModified":"2025-06-16T10:00:29+00:00","mainEntityOfPage":{"@id":"https:\/\/spainfilmcommission.com\/en\/blog\/shooting-locations-marketplace-se-consolida-en-su-ii-edicion-como-punto-de-encuentro-y-referente-de-negocio-para-la-industria-audiovisual\/"},"wordCount":1133,"publisher":{"@id":"https:\/\/spainfilmcommission.com\/en\/#organization"},"image":{"@id":"https:\/\/spainfilmcommission.com\/en\/blog\/shooting-locations-marketplace-se-consolida-en-su-ii-edicion-como-punto-de-encuentro-y-referente-de-negocio-para-la-industria-audiovisual\/#primaryimage"},"thumbnailUrl":"https:\/\/spainfilmcommission.com\/wp-content\/uploads\/2024\/11\/shooting-locations-marketplace-se-consolida-en-su-ii-edicion-como-punto-de-encuentro-y-referente-de-negocio-para-la-industria-audiovisual-289.jpeg","articleSection":["Noticias"],"inLanguage":"en-US"},{"@type":"WebPage","@id":"https:\/\/spainfilmcommission.com\/en\/blog\/shooting-locations-marketplace-se-consolida-en-su-ii-edicion-como-punto-de-encuentro-y-referente-de-negocio-para-la-industria-audiovisual\/","url":"https:\/\/spainfilmcommission.com\/en\/blog\/shooting-locations-marketplace-se-consolida-en-su-ii-edicion-como-punto-de-encuentro-y-referente-de-negocio-para-la-industria-audiovisual\/","name":"Shooting Locations Marketplace se consolida en su II Edici\u00f3n como punto de encuentro y referente de negocio para la industria audiovisual - Spain Film Commission","isPartOf":{"@id":"https:\/\/spainfilmcommission.com\/en\/#website"},"primaryImageOfPage":{"@id":"https:\/\/spainfilmcommission.com\/en\/blog\/shooting-locations-marketplace-se-consolida-en-su-ii-edicion-como-punto-de-encuentro-y-referente-de-negocio-para-la-industria-audiovisual\/#primaryimage"},"image":{"@id":"https:\/\/spainfilmcommission.com\/en\/blog\/shooting-locations-marketplace-se-consolida-en-su-ii-edicion-como-punto-de-encuentro-y-referente-de-negocio-para-la-industria-audiovisual\/#primaryimage"},"thumbnailUrl":"https:\/\/spainfilmcommission.com\/wp-content\/uploads\/2024\/11\/shooting-locations-marketplace-se-consolida-en-su-ii-edicion-como-punto-de-encuentro-y-referente-de-negocio-para-la-industria-audiovisual-289.jpeg","datePublished":"2022-10-13T22:00:00+00:00","dateModified":"2025-06-16T10:00:29+00:00","breadcrumb":{"@id":"https:\/\/spainfilmcommission.com\/en\/blog\/shooting-locations-marketplace-se-consolida-en-su-ii-edicion-como-punto-de-encuentro-y-referente-de-negocio-para-la-industria-audiovisual\/#breadcrumb"},"inLanguage":"en-US","potentialAction":[{"@type":"ReadAction","target":["https:\/\/spainfilmcommission.com\/en\/blog\/shooting-locations-marketplace-se-consolida-en-su-ii-edicion-como-punto-de-encuentro-y-referente-de-negocio-para-la-industria-audiovisual\/"]}]},{"@type":"ImageObject","inLanguage":"en-US","@id":"https:\/\/spainfilmcommission.com\/en\/blog\/shooting-locations-marketplace-se-consolida-en-su-ii-edicion-como-punto-de-encuentro-y-referente-de-negocio-para-la-industria-audiovisual\/#primaryimage","url":"https:\/\/spainfilmcommission.com\/wp-content\/uploads\/2024\/11\/shooting-locations-marketplace-se-consolida-en-su-ii-edicion-como-punto-de-encuentro-y-referente-de-negocio-para-la-industria-audiovisual-289.jpeg","contentUrl":"https:\/\/spainfilmcommission.com\/wp-content\/uploads\/2024\/11\/shooting-locations-marketplace-se-consolida-en-su-ii-edicion-como-punto-de-encuentro-y-referente-de-negocio-para-la-industria-audiovisual-289.jpeg","width":1170,"height":835},{"@type":"BreadcrumbList","@id":"https:\/\/spainfilmcommission.com\/en\/blog\/shooting-locations-marketplace-se-consolida-en-su-ii-edicion-como-punto-de-encuentro-y-referente-de-negocio-para-la-industria-audiovisual\/#breadcrumb","itemListElement":[{"@type":"ListItem","position":1,"name":"Portada","item":"https:\/\/spainfilmcommission.com\/en\/"},{"@type":"ListItem","position":2,"name":"Shooting Locations Marketplace se consolida en su II Edici\u00f3n como punto de encuentro y referente de negocio para la industria audiovisual"}]},{"@type":"WebSite","@id":"https:\/\/spainfilmcommission.com\/en\/#website","url":"https:\/\/spainfilmcommission.com\/en\/","name":"Spain Film Commission","description":"","publisher":{"@id":"https:\/\/spainfilmcommission.com\/en\/#organization"},"potentialAction":[{"@type":"SearchAction","target":{"@type":"EntryPoint","urlTemplate":"https:\/\/spainfilmcommission.com\/en\/?s={search_term_string}"},"query-input":{"@type":"PropertyValueSpecification","valueRequired":true,"valueName":"search_term_string"}}],"inLanguage":"en-US"},{"@type":"Organization","@id":"https:\/\/spainfilmcommission.com\/en\/#organization","name":"Spain Film Commission","url":"https:\/\/spainfilmcommission.com\/en\/","logo":{"@type":"ImageObject","inLanguage":"en-US","@id":"https:\/\/spainfilmcommission.com\/en\/#\/schema\/logo\/image\/","url":"https:\/\/spainfilmcommission.com\/wp-content\/uploads\/2024\/07\/SPC_COLOR.png","contentUrl":"https:\/\/spainfilmcommission.com\/wp-content\/uploads\/2024\/07\/SPC_COLOR.png","width":1665,"height":1665,"caption":"Spain Film Commission"},"image":{"@id":"https:\/\/spainfilmcommission.com\/en\/#\/schema\/logo\/image\/"}},{"@type":"Person","@id":"https:\/\/spainfilmcommission.com\/en\/#\/schema\/person\/6c014ba6ceac198d178a6a9e61113c9d","name":"studio128k_dam","image":{"@type":"ImageObject","inLanguage":"en-US","@id":"https:\/\/secure.gravatar.com\/avatar\/810f99144a13522c24aa173f9cd8bf079d0e89758af00b5f2938443cd51b31e9?s=96&d=mm&r=g","url":"https:\/\/secure.gravatar.com\/avatar\/810f99144a13522c24aa173f9cd8bf079d0e89758af00b5f2938443cd51b31e9?s=96&d=mm&r=g","contentUrl":"https:\/\/secure.gravatar.com\/avatar\/810f99144a13522c24aa173f9cd8bf079d0e89758af00b5f2938443cd51b31e9?s=96&d=mm&r=g","caption":"studio128k_dam"}}]}},"_links":{"self":[{"href":"https:\/\/spainfilmcommission.com\/en\/wp-json\/wp\/v2\/posts\/8701","targetHints":{"allow":["GET"]}}],"collection":[{"href":"https:\/\/spainfilmcommission.com\/en\/wp-json\/wp\/v2\/posts"}],"about":[{"href":"https:\/\/spainfilmcommission.com\/en\/wp-json\/wp\/v2\/types\/post"}],"author":[{"embeddable":true,"href":"https:\/\/spainfilmcommission.com\/en\/wp-json\/wp\/v2\/users\/2"}],"replies":[{"embeddable":true,"href":"https:\/\/spainfilmcommission.com\/en\/wp-json\/wp\/v2\/comments?post=8701"}],"version-history":[{"count":0,"href":"https:\/\/spainfilmcommission.com\/en\/wp-json\/wp\/v2\/posts\/8701\/revisions"}],"wp:featuredmedia":[{"embeddable":true,"href":"https:\/\/spainfilmcommission.com\/en\/wp-json\/wp\/v2\/media\/8702"}],"wp:attachment":[{"href":"https:\/\/spainfilmcommission.com\/en\/wp-json\/wp\/v2\/media?parent=8701"}],"wp:term":[{"taxonomy":"category","embeddable":true,"href":"https:\/\/spainfilmcommission.com\/en\/wp-json\/wp\/v2\/categories?post=8701"},{"taxonomy":"post_tag","embeddable":true,"href":"https:\/\/spainfilmcommission.com\/en\/wp-json\/wp\/v2\/tags?post=8701"}],"curies":[{"name":"wp","href":"https:\/\/api.w.org\/{rel}","templated":true}]}}