{"id":8698,"date":"2022-10-09T00:00:00","date_gmt":"2022-10-08T22:00:00","guid":{"rendered":"https:\/\/sfc.com\/sevilla-acoge-el-tercer-ciclo-de-jornadas-formativas-de-spain-film-commission\/"},"modified":"2025-02-11T08:06:24","modified_gmt":"2025-02-11T07:06:24","slug":"sevilla-acoge-el-tercer-ciclo-de-jornadas-formativas-de-spain-film-commission","status":"publish","type":"post","link":"https:\/\/spainfilmcommission.com\/en\/blog\/sevilla-acoge-el-tercer-ciclo-de-jornadas-formativas-de-spain-film-commission\/","title":{"rendered":"Sevilla acoge el tercer ciclo de jornadas formativas de Spain Film Commission"},"content":{"rendered":"<ul style=\"font-family:Arial, sans-serif;font-size:12px;\">\n<li><span style=\"font-size:14px;\">Los d\u00edas 10 y 11 de octubre varios commissioner recibir\u00e1n una formaci\u00f3n espec\u00edfica de la mano de Spain Film Commission<\/span><\/li>\n<\/ul>\n<div>\n<p style=\"font-size:12px;font-family:Arial, sans-serif;text-align:justify;\"><span style=\"font-size:14px;\"><strong>Paula Moreno<\/strong>, delegada de\u00a0<strong>Carmona Film Office<\/strong>;\u00a0<strong>Bel\u00e9n Carrasco<\/strong>, responsable de\u00a0<strong>M\u00e1laga Film Office<\/strong>;\u00a0<strong>Flora Pic\u00f3n<\/strong>, comisionada de\u00a0<strong>Extremadura Film Commission<\/strong>;\u00a0<strong>Sara Dom\u00ednguez,<\/strong>\u00a0responsable de\u00a0<strong>Andaluc\u00eda Film Commission<\/strong>;\u00a0<strong>Javier Bouzas<\/strong>, responsable de\u00a0<strong>Asturias Film Commission<\/strong>; y\u00a0<\/span><strong style=\"font-size:14px;\">Saray Pineda<\/strong><span style=\"font-size:14px;\">, delegada de\u00a0<\/span><strong style=\"font-size:14px;\">Sevilla Film Office\u00a0<\/strong><span style=\"font-size:14px;\">(<\/span><strong style=\"font-size:14px;\">Sevilla&#038;me<\/strong><span style=\"font-size:14px;\">), son los nuevos commissioner que estar\u00e1n presentes en el ciclo formativo que ser\u00e1 impartido por personalidades destacadas del sector cinematogr\u00e1fico como\u00a0<\/span><strong style=\"font-size:14px;\">Piluca Querol<\/strong><span style=\"font-size:14px;\">, directora de Andaluc\u00eda Film Commission;\u00a0<\/span><strong style=\"font-size:14px;\">Pedro Contreras<\/strong><span style=\"font-size:14px;\">, coordinador del \u00c1rea de Entretenimiento y Deporte en Montero-Aramburu Abogados;\u00a0<\/span><strong style=\"font-size:14px;\">Rogelio Chac\u00f3n<\/strong><span style=\"font-size:14px;\">, productor y experto en t\u00e9cnicas de pitching;\u00a0<\/span><strong style=\"font-size:14px;\">Sandra Magro<\/strong><span style=\"font-size:14px;\">, co-fundadora de Mrs. Greenfilm; y<\/span><strong style=\"font-size:14px;\">\u00a0Fernando Victoria de Lecea<\/strong><span style=\"font-size:14px;\">, CEO de Me\u00f1akoz Films.<\/span><\/p>\n<p style=\"font-size:12px;font-family:Arial, sans-serif;text-align:justify;\"><span style=\"font-size:14px;\">Las jornadas formativas se desarrollar\u00e1n en la sede de\u00a0<strong>Sevilla City Office,<\/strong>\u00a0ubicada en Paseo Alcalde Marqu\u00e9s de Contadero s\/n, siendo inauguradas el 10 de octubre por<strong>\u00a0Antonio Jim\u00e9nez,<\/strong>\u00a0director gerente de Sevilla City Office;\u00a0<strong>Carlos Rosado<\/strong>, presidente de Spain Film Commission, y\u00a0<strong>Saray Pineda<\/strong>, responsable de Sevilla Film Office (Sevilla&#038;me). Tras esta presentaci\u00f3n, los asistentes podr\u00e1n aprender las claves de tem\u00e1ticas como la Visi\u00f3n pr\u00e1ctica de Film Commission de gran experiencia, el Entorno profesional del trabajo del film commisssioner, la importancia de El pitching como llamada a la acci\u00f3n, la visi\u00f3n de Patrimonio, turismo y green shooting y los ejes del Entorno del Hub audiovisual.<\/span><\/p>\n<p style=\"font-size:12px;font-family:Arial, sans-serif;text-align:justify;\"><span style=\"font-size:14px;\">Esta iniciativa continuar\u00e1 en las ciudades de\u00a0Toledo,\u00a0San Sebasti\u00e1n y Alicante.\u00a0<\/span><\/p>\n<p style=\"font-size:12px;font-family:Arial, sans-serif;text-align:justify;\">\u00a0<\/p>\n<h3 style=\"font-family:Arial, sans-serif;font-weight:600;line-height:1.1;color:rgb(225,11,19);margin-top:20px;margin-bottom:10px;font-size:12px;text-transform:uppercase;text-align:justify;\"><span style=\"font-family:'lucida sans unicode', 'lucida grande', sans-serif;\"><span style=\"font-size:16px;\">#SHOOTINGINSPAIN #RUEDAENESPA\u00d1A\u00a0<\/span><\/span><span style=\"font-size:16px;\">#WEMAKETHEMAGIC #SPAINAVHUB #PLANDERECUPERACION<\/span><\/h3>\n<div>\u00a0<\/div>\n<div style=\"font-family:Arial, sans-serif;font-size:12px;\">\u00a0<\/div>\n<\/div>\n<div>\u00a0<\/div>\n","protected":false},"excerpt":{"rendered":"<ul style=\"font-family:Arial, sans-serif;font-size:12px;\">\n<li><span style=\"font-size:14px;\">Los d\u00edas 10 y 11 de octubre varios commissioner recibir\u00e1n una formaci\u00f3n espec\u00edfica de la mano de Spain Film Commission<\/span><\/li>\n<\/ul>\n","protected":false},"author":2,"featured_media":8699,"comment_status":"closed","ping_status":"","sticky":false,"template":"","format":"standard","meta":{"footnotes":""},"categories":[38],"tags":[],"class_list":["post-8698","post","type-post","status-publish","format-standard","has-post-thumbnail","hentry","category-noticias"],"yoast_head":"<!-- This site is optimized with the Yoast SEO plugin v27.3 - https:\/\/yoast.com\/product\/yoast-seo-wordpress\/ -->\n<title>Sevilla acoge el tercer ciclo de jornadas formativas de Spain Film Commission - Spain Film Commission<\/title>\n<meta name=\"robots\" content=\"index, follow, max-snippet:-1, max-image-preview:large, max-video-preview:-1\" \/>\n<link rel=\"canonical\" href=\"https:\/\/spainfilmcommission.com\/en\/blog\/sevilla-acoge-el-tercer-ciclo-de-jornadas-formativas-de-spain-film-commission\/\" \/>\n<meta property=\"og:locale\" content=\"en_US\" \/>\n<meta property=\"og:type\" content=\"article\" \/>\n<meta property=\"og:title\" content=\"Sevilla acoge el tercer ciclo de jornadas formativas de Spain Film Commission - Spain Film Commission\" \/>\n<meta property=\"og:description\" content=\"Los d\u00edas 10 y 11 de octubre varios commissioner recibir\u00e1n una formaci\u00f3n espec\u00edfica de la mano de Spain Film Commission\" \/>\n<meta property=\"og:url\" content=\"https:\/\/spainfilmcommission.com\/en\/blog\/sevilla-acoge-el-tercer-ciclo-de-jornadas-formativas-de-spain-film-commission\/\" \/>\n<meta property=\"og:site_name\" content=\"Spain Film Commission\" \/>\n<meta property=\"article:published_time\" content=\"2022-10-08T22:00:00+00:00\" \/>\n<meta property=\"article:modified_time\" content=\"2025-02-11T07:06:24+00:00\" \/>\n<meta property=\"og:image\" content=\"https:\/\/spainfilmcommission.com\/wp-content\/uploads\/2024\/11\/sevilla-acoge-el-tercer-ciclo-de-jornadas-formativas-de-spain-film-commission-288.jpeg\" \/>\n\t<meta property=\"og:image:width\" content=\"1170\" \/>\n\t<meta property=\"og:image:height\" content=\"800\" \/>\n\t<meta property=\"og:image:type\" content=\"image\/jpeg\" \/>\n<meta name=\"author\" content=\"studio128k_dam\" \/>\n<meta name=\"twitter:card\" content=\"summary_large_image\" \/>\n<meta name=\"twitter:label1\" content=\"Written by\" \/>\n\t<meta name=\"twitter:data1\" content=\"studio128k_dam\" \/>\n\t<meta name=\"twitter:label2\" content=\"Est. reading time\" \/>\n\t<meta name=\"twitter:data2\" content=\"1 minute\" \/>\n<script type=\"application\/ld+json\" class=\"yoast-schema-graph\">{\"@context\":\"https:\\\/\\\/schema.org\",\"@graph\":[{\"@type\":\"Article\",\"@id\":\"https:\\\/\\\/spainfilmcommission.com\\\/en\\\/blog\\\/sevilla-acoge-el-tercer-ciclo-de-jornadas-formativas-de-spain-film-commission\\\/#article\",\"isPartOf\":{\"@id\":\"https:\\\/\\\/spainfilmcommission.com\\\/en\\\/blog\\\/sevilla-acoge-el-tercer-ciclo-de-jornadas-formativas-de-spain-film-commission\\\/\"},\"author\":{\"name\":\"studio128k_dam\",\"@id\":\"https:\\\/\\\/spainfilmcommission.com\\\/en\\\/#\\\/schema\\\/person\\\/6c014ba6ceac198d178a6a9e61113c9d\"},\"headline\":\"Sevilla acoge el tercer ciclo de jornadas formativas de Spain Film Commission\",\"datePublished\":\"2022-10-08T22:00:00+00:00\",\"dateModified\":\"2025-02-11T07:06:24+00:00\",\"mainEntityOfPage\":{\"@id\":\"https:\\\/\\\/spainfilmcommission.com\\\/en\\\/blog\\\/sevilla-acoge-el-tercer-ciclo-de-jornadas-formativas-de-spain-film-commission\\\/\"},\"wordCount\":290,\"publisher\":{\"@id\":\"https:\\\/\\\/spainfilmcommission.com\\\/en\\\/#organization\"},\"image\":{\"@id\":\"https:\\\/\\\/spainfilmcommission.com\\\/en\\\/blog\\\/sevilla-acoge-el-tercer-ciclo-de-jornadas-formativas-de-spain-film-commission\\\/#primaryimage\"},\"thumbnailUrl\":\"https:\\\/\\\/spainfilmcommission.com\\\/wp-content\\\/uploads\\\/2024\\\/11\\\/sevilla-acoge-el-tercer-ciclo-de-jornadas-formativas-de-spain-film-commission-288.jpeg\",\"articleSection\":[\"Noticias\"],\"inLanguage\":\"en-US\"},{\"@type\":\"WebPage\",\"@id\":\"https:\\\/\\\/spainfilmcommission.com\\\/en\\\/blog\\\/sevilla-acoge-el-tercer-ciclo-de-jornadas-formativas-de-spain-film-commission\\\/\",\"url\":\"https:\\\/\\\/spainfilmcommission.com\\\/en\\\/blog\\\/sevilla-acoge-el-tercer-ciclo-de-jornadas-formativas-de-spain-film-commission\\\/\",\"name\":\"Sevilla acoge el tercer ciclo de jornadas formativas de Spain Film Commission - Spain Film Commission\",\"isPartOf\":{\"@id\":\"https:\\\/\\\/spainfilmcommission.com\\\/en\\\/#website\"},\"primaryImageOfPage\":{\"@id\":\"https:\\\/\\\/spainfilmcommission.com\\\/en\\\/blog\\\/sevilla-acoge-el-tercer-ciclo-de-jornadas-formativas-de-spain-film-commission\\\/#primaryimage\"},\"image\":{\"@id\":\"https:\\\/\\\/spainfilmcommission.com\\\/en\\\/blog\\\/sevilla-acoge-el-tercer-ciclo-de-jornadas-formativas-de-spain-film-commission\\\/#primaryimage\"},\"thumbnailUrl\":\"https:\\\/\\\/spainfilmcommission.com\\\/wp-content\\\/uploads\\\/2024\\\/11\\\/sevilla-acoge-el-tercer-ciclo-de-jornadas-formativas-de-spain-film-commission-288.jpeg\",\"datePublished\":\"2022-10-08T22:00:00+00:00\",\"dateModified\":\"2025-02-11T07:06:24+00:00\",\"breadcrumb\":{\"@id\":\"https:\\\/\\\/spainfilmcommission.com\\\/en\\\/blog\\\/sevilla-acoge-el-tercer-ciclo-de-jornadas-formativas-de-spain-film-commission\\\/#breadcrumb\"},\"inLanguage\":\"en-US\",\"potentialAction\":[{\"@type\":\"ReadAction\",\"target\":[\"https:\\\/\\\/spainfilmcommission.com\\\/en\\\/blog\\\/sevilla-acoge-el-tercer-ciclo-de-jornadas-formativas-de-spain-film-commission\\\/\"]}]},{\"@type\":\"ImageObject\",\"inLanguage\":\"en-US\",\"@id\":\"https:\\\/\\\/spainfilmcommission.com\\\/en\\\/blog\\\/sevilla-acoge-el-tercer-ciclo-de-jornadas-formativas-de-spain-film-commission\\\/#primaryimage\",\"url\":\"https:\\\/\\\/spainfilmcommission.com\\\/wp-content\\\/uploads\\\/2024\\\/11\\\/sevilla-acoge-el-tercer-ciclo-de-jornadas-formativas-de-spain-film-commission-288.jpeg\",\"contentUrl\":\"https:\\\/\\\/spainfilmcommission.com\\\/wp-content\\\/uploads\\\/2024\\\/11\\\/sevilla-acoge-el-tercer-ciclo-de-jornadas-formativas-de-spain-film-commission-288.jpeg\",\"width\":1170,\"height\":800},{\"@type\":\"BreadcrumbList\",\"@id\":\"https:\\\/\\\/spainfilmcommission.com\\\/en\\\/blog\\\/sevilla-acoge-el-tercer-ciclo-de-jornadas-formativas-de-spain-film-commission\\\/#breadcrumb\",\"itemListElement\":[{\"@type\":\"ListItem\",\"position\":1,\"name\":\"Portada\",\"item\":\"https:\\\/\\\/spainfilmcommission.com\\\/en\\\/\"},{\"@type\":\"ListItem\",\"position\":2,\"name\":\"Sevilla acoge el tercer ciclo de jornadas formativas de Spain Film Commission\"}]},{\"@type\":\"WebSite\",\"@id\":\"https:\\\/\\\/spainfilmcommission.com\\\/en\\\/#website\",\"url\":\"https:\\\/\\\/spainfilmcommission.com\\\/en\\\/\",\"name\":\"Spain Film Commission\",\"description\":\"\",\"publisher\":{\"@id\":\"https:\\\/\\\/spainfilmcommission.com\\\/en\\\/#organization\"},\"potentialAction\":[{\"@type\":\"SearchAction\",\"target\":{\"@type\":\"EntryPoint\",\"urlTemplate\":\"https:\\\/\\\/spainfilmcommission.com\\\/en\\\/?s={search_term_string}\"},\"query-input\":{\"@type\":\"PropertyValueSpecification\",\"valueRequired\":true,\"valueName\":\"search_term_string\"}}],\"inLanguage\":\"en-US\"},{\"@type\":\"Organization\",\"@id\":\"https:\\\/\\\/spainfilmcommission.com\\\/en\\\/#organization\",\"name\":\"Spain Film Commission\",\"url\":\"https:\\\/\\\/spainfilmcommission.com\\\/en\\\/\",\"logo\":{\"@type\":\"ImageObject\",\"inLanguage\":\"en-US\",\"@id\":\"https:\\\/\\\/spainfilmcommission.com\\\/en\\\/#\\\/schema\\\/logo\\\/image\\\/\",\"url\":\"https:\\\/\\\/spainfilmcommission.com\\\/wp-content\\\/uploads\\\/2024\\\/07\\\/SPC_COLOR.png\",\"contentUrl\":\"https:\\\/\\\/spainfilmcommission.com\\\/wp-content\\\/uploads\\\/2024\\\/07\\\/SPC_COLOR.png\",\"width\":1665,\"height\":1665,\"caption\":\"Spain Film Commission\"},\"image\":{\"@id\":\"https:\\\/\\\/spainfilmcommission.com\\\/en\\\/#\\\/schema\\\/logo\\\/image\\\/\"}},{\"@type\":\"Person\",\"@id\":\"https:\\\/\\\/spainfilmcommission.com\\\/en\\\/#\\\/schema\\\/person\\\/6c014ba6ceac198d178a6a9e61113c9d\",\"name\":\"studio128k_dam\",\"image\":{\"@type\":\"ImageObject\",\"inLanguage\":\"en-US\",\"@id\":\"https:\\\/\\\/secure.gravatar.com\\\/avatar\\\/810f99144a13522c24aa173f9cd8bf079d0e89758af00b5f2938443cd51b31e9?s=96&d=mm&r=g\",\"url\":\"https:\\\/\\\/secure.gravatar.com\\\/avatar\\\/810f99144a13522c24aa173f9cd8bf079d0e89758af00b5f2938443cd51b31e9?s=96&d=mm&r=g\",\"contentUrl\":\"https:\\\/\\\/secure.gravatar.com\\\/avatar\\\/810f99144a13522c24aa173f9cd8bf079d0e89758af00b5f2938443cd51b31e9?s=96&d=mm&r=g\",\"caption\":\"studio128k_dam\"}}]}<\/script>\n<!-- \/ Yoast SEO plugin. -->","yoast_head_json":{"title":"Sevilla acoge el tercer ciclo de jornadas formativas de Spain Film Commission - Spain Film Commission","robots":{"index":"index","follow":"follow","max-snippet":"max-snippet:-1","max-image-preview":"max-image-preview:large","max-video-preview":"max-video-preview:-1"},"canonical":"https:\/\/spainfilmcommission.com\/en\/blog\/sevilla-acoge-el-tercer-ciclo-de-jornadas-formativas-de-spain-film-commission\/","og_locale":"en_US","og_type":"article","og_title":"Sevilla acoge el tercer ciclo de jornadas formativas de Spain Film Commission - Spain Film Commission","og_description":"Los d\u00edas 10 y 11 de octubre varios commissioner recibir\u00e1n una formaci\u00f3n espec\u00edfica de la mano de Spain Film Commission","og_url":"https:\/\/spainfilmcommission.com\/en\/blog\/sevilla-acoge-el-tercer-ciclo-de-jornadas-formativas-de-spain-film-commission\/","og_site_name":"Spain Film Commission","article_published_time":"2022-10-08T22:00:00+00:00","article_modified_time":"2025-02-11T07:06:24+00:00","og_image":[{"width":1170,"height":800,"url":"https:\/\/spainfilmcommission.com\/wp-content\/uploads\/2024\/11\/sevilla-acoge-el-tercer-ciclo-de-jornadas-formativas-de-spain-film-commission-288.jpeg","type":"image\/jpeg"}],"author":"studio128k_dam","twitter_card":"summary_large_image","twitter_misc":{"Written by":"studio128k_dam","Est. reading time":"1 minute"},"schema":{"@context":"https:\/\/schema.org","@graph":[{"@type":"Article","@id":"https:\/\/spainfilmcommission.com\/en\/blog\/sevilla-acoge-el-tercer-ciclo-de-jornadas-formativas-de-spain-film-commission\/#article","isPartOf":{"@id":"https:\/\/spainfilmcommission.com\/en\/blog\/sevilla-acoge-el-tercer-ciclo-de-jornadas-formativas-de-spain-film-commission\/"},"author":{"name":"studio128k_dam","@id":"https:\/\/spainfilmcommission.com\/en\/#\/schema\/person\/6c014ba6ceac198d178a6a9e61113c9d"},"headline":"Sevilla acoge el tercer ciclo de jornadas formativas de Spain Film Commission","datePublished":"2022-10-08T22:00:00+00:00","dateModified":"2025-02-11T07:06:24+00:00","mainEntityOfPage":{"@id":"https:\/\/spainfilmcommission.com\/en\/blog\/sevilla-acoge-el-tercer-ciclo-de-jornadas-formativas-de-spain-film-commission\/"},"wordCount":290,"publisher":{"@id":"https:\/\/spainfilmcommission.com\/en\/#organization"},"image":{"@id":"https:\/\/spainfilmcommission.com\/en\/blog\/sevilla-acoge-el-tercer-ciclo-de-jornadas-formativas-de-spain-film-commission\/#primaryimage"},"thumbnailUrl":"https:\/\/spainfilmcommission.com\/wp-content\/uploads\/2024\/11\/sevilla-acoge-el-tercer-ciclo-de-jornadas-formativas-de-spain-film-commission-288.jpeg","articleSection":["Noticias"],"inLanguage":"en-US"},{"@type":"WebPage","@id":"https:\/\/spainfilmcommission.com\/en\/blog\/sevilla-acoge-el-tercer-ciclo-de-jornadas-formativas-de-spain-film-commission\/","url":"https:\/\/spainfilmcommission.com\/en\/blog\/sevilla-acoge-el-tercer-ciclo-de-jornadas-formativas-de-spain-film-commission\/","name":"Sevilla acoge el tercer ciclo de jornadas formativas de Spain Film Commission - Spain Film Commission","isPartOf":{"@id":"https:\/\/spainfilmcommission.com\/en\/#website"},"primaryImageOfPage":{"@id":"https:\/\/spainfilmcommission.com\/en\/blog\/sevilla-acoge-el-tercer-ciclo-de-jornadas-formativas-de-spain-film-commission\/#primaryimage"},"image":{"@id":"https:\/\/spainfilmcommission.com\/en\/blog\/sevilla-acoge-el-tercer-ciclo-de-jornadas-formativas-de-spain-film-commission\/#primaryimage"},"thumbnailUrl":"https:\/\/spainfilmcommission.com\/wp-content\/uploads\/2024\/11\/sevilla-acoge-el-tercer-ciclo-de-jornadas-formativas-de-spain-film-commission-288.jpeg","datePublished":"2022-10-08T22:00:00+00:00","dateModified":"2025-02-11T07:06:24+00:00","breadcrumb":{"@id":"https:\/\/spainfilmcommission.com\/en\/blog\/sevilla-acoge-el-tercer-ciclo-de-jornadas-formativas-de-spain-film-commission\/#breadcrumb"},"inLanguage":"en-US","potentialAction":[{"@type":"ReadAction","target":["https:\/\/spainfilmcommission.com\/en\/blog\/sevilla-acoge-el-tercer-ciclo-de-jornadas-formativas-de-spain-film-commission\/"]}]},{"@type":"ImageObject","inLanguage":"en-US","@id":"https:\/\/spainfilmcommission.com\/en\/blog\/sevilla-acoge-el-tercer-ciclo-de-jornadas-formativas-de-spain-film-commission\/#primaryimage","url":"https:\/\/spainfilmcommission.com\/wp-content\/uploads\/2024\/11\/sevilla-acoge-el-tercer-ciclo-de-jornadas-formativas-de-spain-film-commission-288.jpeg","contentUrl":"https:\/\/spainfilmcommission.com\/wp-content\/uploads\/2024\/11\/sevilla-acoge-el-tercer-ciclo-de-jornadas-formativas-de-spain-film-commission-288.jpeg","width":1170,"height":800},{"@type":"BreadcrumbList","@id":"https:\/\/spainfilmcommission.com\/en\/blog\/sevilla-acoge-el-tercer-ciclo-de-jornadas-formativas-de-spain-film-commission\/#breadcrumb","itemListElement":[{"@type":"ListItem","position":1,"name":"Portada","item":"https:\/\/spainfilmcommission.com\/en\/"},{"@type":"ListItem","position":2,"name":"Sevilla acoge el tercer ciclo de jornadas formativas de Spain Film Commission"}]},{"@type":"WebSite","@id":"https:\/\/spainfilmcommission.com\/en\/#website","url":"https:\/\/spainfilmcommission.com\/en\/","name":"Spain Film Commission","description":"","publisher":{"@id":"https:\/\/spainfilmcommission.com\/en\/#organization"},"potentialAction":[{"@type":"SearchAction","target":{"@type":"EntryPoint","urlTemplate":"https:\/\/spainfilmcommission.com\/en\/?s={search_term_string}"},"query-input":{"@type":"PropertyValueSpecification","valueRequired":true,"valueName":"search_term_string"}}],"inLanguage":"en-US"},{"@type":"Organization","@id":"https:\/\/spainfilmcommission.com\/en\/#organization","name":"Spain Film Commission","url":"https:\/\/spainfilmcommission.com\/en\/","logo":{"@type":"ImageObject","inLanguage":"en-US","@id":"https:\/\/spainfilmcommission.com\/en\/#\/schema\/logo\/image\/","url":"https:\/\/spainfilmcommission.com\/wp-content\/uploads\/2024\/07\/SPC_COLOR.png","contentUrl":"https:\/\/spainfilmcommission.com\/wp-content\/uploads\/2024\/07\/SPC_COLOR.png","width":1665,"height":1665,"caption":"Spain Film Commission"},"image":{"@id":"https:\/\/spainfilmcommission.com\/en\/#\/schema\/logo\/image\/"}},{"@type":"Person","@id":"https:\/\/spainfilmcommission.com\/en\/#\/schema\/person\/6c014ba6ceac198d178a6a9e61113c9d","name":"studio128k_dam","image":{"@type":"ImageObject","inLanguage":"en-US","@id":"https:\/\/secure.gravatar.com\/avatar\/810f99144a13522c24aa173f9cd8bf079d0e89758af00b5f2938443cd51b31e9?s=96&d=mm&r=g","url":"https:\/\/secure.gravatar.com\/avatar\/810f99144a13522c24aa173f9cd8bf079d0e89758af00b5f2938443cd51b31e9?s=96&d=mm&r=g","contentUrl":"https:\/\/secure.gravatar.com\/avatar\/810f99144a13522c24aa173f9cd8bf079d0e89758af00b5f2938443cd51b31e9?s=96&d=mm&r=g","caption":"studio128k_dam"}}]}},"_links":{"self":[{"href":"https:\/\/spainfilmcommission.com\/en\/wp-json\/wp\/v2\/posts\/8698","targetHints":{"allow":["GET"]}}],"collection":[{"href":"https:\/\/spainfilmcommission.com\/en\/wp-json\/wp\/v2\/posts"}],"about":[{"href":"https:\/\/spainfilmcommission.com\/en\/wp-json\/wp\/v2\/types\/post"}],"author":[{"embeddable":true,"href":"https:\/\/spainfilmcommission.com\/en\/wp-json\/wp\/v2\/users\/2"}],"replies":[{"embeddable":true,"href":"https:\/\/spainfilmcommission.com\/en\/wp-json\/wp\/v2\/comments?post=8698"}],"version-history":[{"count":0,"href":"https:\/\/spainfilmcommission.com\/en\/wp-json\/wp\/v2\/posts\/8698\/revisions"}],"wp:featuredmedia":[{"embeddable":true,"href":"https:\/\/spainfilmcommission.com\/en\/wp-json\/wp\/v2\/media\/8699"}],"wp:attachment":[{"href":"https:\/\/spainfilmcommission.com\/en\/wp-json\/wp\/v2\/media?parent=8698"}],"wp:term":[{"taxonomy":"category","embeddable":true,"href":"https:\/\/spainfilmcommission.com\/en\/wp-json\/wp\/v2\/categories?post=8698"},{"taxonomy":"post_tag","embeddable":true,"href":"https:\/\/spainfilmcommission.com\/en\/wp-json\/wp\/v2\/tags?post=8698"}],"curies":[{"name":"wp","href":"https:\/\/api.w.org\/{rel}","templated":true}]}}