{"id":8695,"date":"2022-10-07T00:00:00","date_gmt":"2022-10-06T22:00:00","guid":{"rendered":"https:\/\/sfc.com\/la-ciudad-autonoma-de-melilla-ingresara-en-la-red-spain-film-commission\/"},"modified":"2025-02-11T08:06:24","modified_gmt":"2025-02-11T07:06:24","slug":"la-ciudad-autonoma-de-melilla-ingresara-en-la-red-spain-film-commission","status":"publish","type":"post","link":"https:\/\/spainfilmcommission.com\/en\/blog\/la-ciudad-autonoma-de-melilla-ingresara-en-la-red-spain-film-commission\/","title":{"rendered":"La Ciudad Aut\u00f3noma de Melilla ingresar\u00e1 en la red Spain Film Commission"},"content":{"rendered":"<p style=\"font-size:12px;font-family:Arial, sans-serif;\"><span style=\"font-size:14px;\">La consejera de Educaci\u00f3n, Cultura, Festejos e Igualdad, Elena Fern\u00e1ndez Trevi\u00f1o, acompa\u00f1ada del presidente de Spain Film Commission, Carlos Rosado Cobi\u00e1n, ha anunciado la entrada de Melilla de manera inmediata en la Asociaci\u00f3n Espa\u00f1ola de Comisionados de filmaciones, cine y televisi\u00f3n.<\/span><\/p>\n<p style=\"font-size:12px;font-family:Arial, sans-serif;\"><span style=\"font-size:14px;text-align:justify;\">Esta decisi\u00f3n viene precedida de un trabajo conjunto y duradero en el tiempo entre la Consejer\u00eda y la Spain Film Commission que ha desembocado en un acuerdo esta ma\u00f1ana. Para la consejera Fern\u00e1ndez Trevi\u00f1o &#8220;la entrada en la red de\u00a0Spain Film Commission ser\u00e1 enormemente beneficioso para Melilla; nos va a agilizar el trabajo, la posibilidad de trabajar en una red y facilitar la log\u00edstica necesaria&#8221;. En este sentido, la consejera ha indicado que en el futuro la creaci\u00f3n de un equipo u oficina ser\u00eda &#8220;la opci\u00f3n m\u00e1s interesante: Melilla es una ciudad que ofrece m\u00faltiples posibilidades patrimoniales y culturales muy interesante para productores&#8221;.<\/span><\/p>\n<p style=\"font-size:12px;font-family:Arial, sans-serif;text-align:justify;\"><span style=\"font-size:14px;\">El presidente de Spain Film Commission, Carlos Rosado Cobi\u00e1n, se ha mostrado muy satisfecho por el acuerdo alcanzado con la Ciudad Aut\u00f3noma de Melilla. &#8220;La creaci\u00f3n de\u00a0<strong>Melilla Film Commission<\/strong>\u00a0significa disponer de una oficina especializada para que Melilla sea destino para las industrias de los rodajes&#8221;, ha se\u00f1alado. En esta l\u00ednea, el responsable de la entidad ha destacado el marcado car\u00e1cter &#8220;deslocalizado&#8221; que tiene la asociaci\u00f3n, lo que genera una clara vocaci\u00f3n por el crecimiento de la industria. &#8220;Melilla tiene unas condiciones \u00f3ptimas para los rodajes que tendr\u00e1 su rendimiento en el turismo&#8221;, ha apuntado Carlos Rosado. Adem\u00e1s de eso, el presidente de la Spain Film Commission ha indicado la dedicaci\u00f3n de la asociaci\u00f3n en crear tejido profesional para que &#8220;las personas que se quieren dedicar a esta industria no tengan que irse fuera&#8221;.<\/span><\/p>\n<p style=\"font-size:12px;font-family:Arial, sans-serif;text-align:justify;\"><span style=\"font-size:14px;\">La creaci\u00f3n de la Melilla Film Commission tiene como objetivo despertar el inter\u00e9s por Melilla de la industria cinematogr\u00e1fica y de rodajes por su inefable patrimonio cultural, arquitect\u00f3nico y natural. La entrada en la Ciudad Aut\u00f3noma de Melilla en esta red a\u00f1ade una nueva localizaci\u00f3n que ofrece una singularidad \u00fanica al del resto del territorio nacional. En este sentido, el ingreso aspira a convertir a Melilla en un destino atractivo para la industria cinematogr\u00e1fica y que eso produzca un rendimiento en el turismo y la actividad econ\u00f3mica.<\/span><\/p>\n","protected":false},"excerpt":{"rendered":"<ul>\n<li style=\"font-size:12px;font-family:Arial, sans-serif;\"><strong>Elena Fern\u00e1ndez Trevi\u00f1o ha anunciado el ingreso de la Ciudad en esta red<\/strong><\/li>\n<li style=\"font-size:12px;font-family:Arial, sans-serif;\"><strong>El presidente de la Spain Film Commission se\u00f1ala el gran potencial de Melilla para la industria cinematogr\u00e1fica y de rodajes.<\/strong><\/li>\n<\/ul>\n","protected":false},"author":2,"featured_media":8696,"comment_status":"closed","ping_status":"","sticky":false,"template":"","format":"standard","meta":{"footnotes":""},"categories":[38],"tags":[],"class_list":["post-8695","post","type-post","status-publish","format-standard","has-post-thumbnail","hentry","category-noticias"],"yoast_head":"<!-- This site is optimized with the Yoast SEO plugin v27.3 - https:\/\/yoast.com\/product\/yoast-seo-wordpress\/ -->\n<title>La Ciudad Aut\u00f3noma de Melilla ingresar\u00e1 en la red Spain Film Commission - Spain Film Commission<\/title>\n<meta name=\"robots\" content=\"index, follow, max-snippet:-1, max-image-preview:large, max-video-preview:-1\" \/>\n<link rel=\"canonical\" href=\"https:\/\/spainfilmcommission.com\/en\/blog\/la-ciudad-autonoma-de-melilla-ingresara-en-la-red-spain-film-commission\/\" \/>\n<meta property=\"og:locale\" content=\"en_US\" \/>\n<meta property=\"og:type\" content=\"article\" \/>\n<meta property=\"og:title\" content=\"La Ciudad Aut\u00f3noma de Melilla ingresar\u00e1 en la red Spain Film Commission - Spain Film Commission\" \/>\n<meta property=\"og:description\" content=\"Elena Fern\u00e1ndez Trevi\u00f1o ha anunciado el ingreso de la Ciudad en esta red El presidente de la Spain Film Commission se\u00f1ala el gran potencial de Melilla para la industria cinematogr\u00e1fica y de rodajes.\" \/>\n<meta property=\"og:url\" content=\"https:\/\/spainfilmcommission.com\/en\/blog\/la-ciudad-autonoma-de-melilla-ingresara-en-la-red-spain-film-commission\/\" \/>\n<meta property=\"og:site_name\" content=\"Spain Film Commission\" \/>\n<meta property=\"article:published_time\" content=\"2022-10-06T22:00:00+00:00\" \/>\n<meta property=\"article:modified_time\" content=\"2025-02-11T07:06:24+00:00\" \/>\n<meta property=\"og:image\" content=\"https:\/\/spainfilmcommission.com\/wp-content\/uploads\/2024\/11\/la-ciudad-autonoma-de-melilla-ingresara-en-la-red-spain-film-commission-287.jpeg\" \/>\n\t<meta property=\"og:image:width\" content=\"1024\" \/>\n\t<meta property=\"og:image:height\" content=\"790\" \/>\n\t<meta property=\"og:image:type\" content=\"image\/jpeg\" \/>\n<meta name=\"author\" content=\"studio128k_dam\" \/>\n<meta name=\"twitter:card\" content=\"summary_large_image\" \/>\n<meta name=\"twitter:label1\" content=\"Written by\" \/>\n\t<meta name=\"twitter:data1\" content=\"studio128k_dam\" \/>\n\t<meta name=\"twitter:label2\" content=\"Est. reading time\" \/>\n\t<meta name=\"twitter:data2\" content=\"2 minutes\" \/>\n<script type=\"application\/ld+json\" class=\"yoast-schema-graph\">{\"@context\":\"https:\\\/\\\/schema.org\",\"@graph\":[{\"@type\":\"Article\",\"@id\":\"https:\\\/\\\/spainfilmcommission.com\\\/en\\\/blog\\\/la-ciudad-autonoma-de-melilla-ingresara-en-la-red-spain-film-commission\\\/#article\",\"isPartOf\":{\"@id\":\"https:\\\/\\\/spainfilmcommission.com\\\/en\\\/blog\\\/la-ciudad-autonoma-de-melilla-ingresara-en-la-red-spain-film-commission\\\/\"},\"author\":{\"name\":\"studio128k_dam\",\"@id\":\"https:\\\/\\\/spainfilmcommission.com\\\/en\\\/#\\\/schema\\\/person\\\/6c014ba6ceac198d178a6a9e61113c9d\"},\"headline\":\"La Ciudad Aut\u00f3noma de Melilla ingresar\u00e1 en la red Spain Film Commission\",\"datePublished\":\"2022-10-06T22:00:00+00:00\",\"dateModified\":\"2025-02-11T07:06:24+00:00\",\"mainEntityOfPage\":{\"@id\":\"https:\\\/\\\/spainfilmcommission.com\\\/en\\\/blog\\\/la-ciudad-autonoma-de-melilla-ingresara-en-la-red-spain-film-commission\\\/\"},\"wordCount\":419,\"publisher\":{\"@id\":\"https:\\\/\\\/spainfilmcommission.com\\\/en\\\/#organization\"},\"image\":{\"@id\":\"https:\\\/\\\/spainfilmcommission.com\\\/en\\\/blog\\\/la-ciudad-autonoma-de-melilla-ingresara-en-la-red-spain-film-commission\\\/#primaryimage\"},\"thumbnailUrl\":\"https:\\\/\\\/spainfilmcommission.com\\\/wp-content\\\/uploads\\\/2024\\\/11\\\/la-ciudad-autonoma-de-melilla-ingresara-en-la-red-spain-film-commission-287.jpeg\",\"articleSection\":[\"Noticias\"],\"inLanguage\":\"en-US\"},{\"@type\":\"WebPage\",\"@id\":\"https:\\\/\\\/spainfilmcommission.com\\\/en\\\/blog\\\/la-ciudad-autonoma-de-melilla-ingresara-en-la-red-spain-film-commission\\\/\",\"url\":\"https:\\\/\\\/spainfilmcommission.com\\\/en\\\/blog\\\/la-ciudad-autonoma-de-melilla-ingresara-en-la-red-spain-film-commission\\\/\",\"name\":\"La Ciudad Aut\u00f3noma de Melilla ingresar\u00e1 en la red Spain Film Commission - Spain Film Commission\",\"isPartOf\":{\"@id\":\"https:\\\/\\\/spainfilmcommission.com\\\/en\\\/#website\"},\"primaryImageOfPage\":{\"@id\":\"https:\\\/\\\/spainfilmcommission.com\\\/en\\\/blog\\\/la-ciudad-autonoma-de-melilla-ingresara-en-la-red-spain-film-commission\\\/#primaryimage\"},\"image\":{\"@id\":\"https:\\\/\\\/spainfilmcommission.com\\\/en\\\/blog\\\/la-ciudad-autonoma-de-melilla-ingresara-en-la-red-spain-film-commission\\\/#primaryimage\"},\"thumbnailUrl\":\"https:\\\/\\\/spainfilmcommission.com\\\/wp-content\\\/uploads\\\/2024\\\/11\\\/la-ciudad-autonoma-de-melilla-ingresara-en-la-red-spain-film-commission-287.jpeg\",\"datePublished\":\"2022-10-06T22:00:00+00:00\",\"dateModified\":\"2025-02-11T07:06:24+00:00\",\"breadcrumb\":{\"@id\":\"https:\\\/\\\/spainfilmcommission.com\\\/en\\\/blog\\\/la-ciudad-autonoma-de-melilla-ingresara-en-la-red-spain-film-commission\\\/#breadcrumb\"},\"inLanguage\":\"en-US\",\"potentialAction\":[{\"@type\":\"ReadAction\",\"target\":[\"https:\\\/\\\/spainfilmcommission.com\\\/en\\\/blog\\\/la-ciudad-autonoma-de-melilla-ingresara-en-la-red-spain-film-commission\\\/\"]}]},{\"@type\":\"ImageObject\",\"inLanguage\":\"en-US\",\"@id\":\"https:\\\/\\\/spainfilmcommission.com\\\/en\\\/blog\\\/la-ciudad-autonoma-de-melilla-ingresara-en-la-red-spain-film-commission\\\/#primaryimage\",\"url\":\"https:\\\/\\\/spainfilmcommission.com\\\/wp-content\\\/uploads\\\/2024\\\/11\\\/la-ciudad-autonoma-de-melilla-ingresara-en-la-red-spain-film-commission-287.jpeg\",\"contentUrl\":\"https:\\\/\\\/spainfilmcommission.com\\\/wp-content\\\/uploads\\\/2024\\\/11\\\/la-ciudad-autonoma-de-melilla-ingresara-en-la-red-spain-film-commission-287.jpeg\",\"width\":1024,\"height\":790},{\"@type\":\"BreadcrumbList\",\"@id\":\"https:\\\/\\\/spainfilmcommission.com\\\/en\\\/blog\\\/la-ciudad-autonoma-de-melilla-ingresara-en-la-red-spain-film-commission\\\/#breadcrumb\",\"itemListElement\":[{\"@type\":\"ListItem\",\"position\":1,\"name\":\"Portada\",\"item\":\"https:\\\/\\\/spainfilmcommission.com\\\/en\\\/\"},{\"@type\":\"ListItem\",\"position\":2,\"name\":\"La Ciudad Aut\u00f3noma de Melilla ingresar\u00e1 en la red Spain Film Commission\"}]},{\"@type\":\"WebSite\",\"@id\":\"https:\\\/\\\/spainfilmcommission.com\\\/en\\\/#website\",\"url\":\"https:\\\/\\\/spainfilmcommission.com\\\/en\\\/\",\"name\":\"Spain Film Commission\",\"description\":\"\",\"publisher\":{\"@id\":\"https:\\\/\\\/spainfilmcommission.com\\\/en\\\/#organization\"},\"potentialAction\":[{\"@type\":\"SearchAction\",\"target\":{\"@type\":\"EntryPoint\",\"urlTemplate\":\"https:\\\/\\\/spainfilmcommission.com\\\/en\\\/?s={search_term_string}\"},\"query-input\":{\"@type\":\"PropertyValueSpecification\",\"valueRequired\":true,\"valueName\":\"search_term_string\"}}],\"inLanguage\":\"en-US\"},{\"@type\":\"Organization\",\"@id\":\"https:\\\/\\\/spainfilmcommission.com\\\/en\\\/#organization\",\"name\":\"Spain Film Commission\",\"url\":\"https:\\\/\\\/spainfilmcommission.com\\\/en\\\/\",\"logo\":{\"@type\":\"ImageObject\",\"inLanguage\":\"en-US\",\"@id\":\"https:\\\/\\\/spainfilmcommission.com\\\/en\\\/#\\\/schema\\\/logo\\\/image\\\/\",\"url\":\"https:\\\/\\\/spainfilmcommission.com\\\/wp-content\\\/uploads\\\/2024\\\/07\\\/SPC_COLOR.png\",\"contentUrl\":\"https:\\\/\\\/spainfilmcommission.com\\\/wp-content\\\/uploads\\\/2024\\\/07\\\/SPC_COLOR.png\",\"width\":1665,\"height\":1665,\"caption\":\"Spain Film Commission\"},\"image\":{\"@id\":\"https:\\\/\\\/spainfilmcommission.com\\\/en\\\/#\\\/schema\\\/logo\\\/image\\\/\"}},{\"@type\":\"Person\",\"@id\":\"https:\\\/\\\/spainfilmcommission.com\\\/en\\\/#\\\/schema\\\/person\\\/6c014ba6ceac198d178a6a9e61113c9d\",\"name\":\"studio128k_dam\",\"image\":{\"@type\":\"ImageObject\",\"inLanguage\":\"en-US\",\"@id\":\"https:\\\/\\\/secure.gravatar.com\\\/avatar\\\/810f99144a13522c24aa173f9cd8bf079d0e89758af00b5f2938443cd51b31e9?s=96&d=mm&r=g\",\"url\":\"https:\\\/\\\/secure.gravatar.com\\\/avatar\\\/810f99144a13522c24aa173f9cd8bf079d0e89758af00b5f2938443cd51b31e9?s=96&d=mm&r=g\",\"contentUrl\":\"https:\\\/\\\/secure.gravatar.com\\\/avatar\\\/810f99144a13522c24aa173f9cd8bf079d0e89758af00b5f2938443cd51b31e9?s=96&d=mm&r=g\",\"caption\":\"studio128k_dam\"}}]}<\/script>\n<!-- \/ Yoast SEO plugin. -->","yoast_head_json":{"title":"La Ciudad Aut\u00f3noma de Melilla ingresar\u00e1 en la red Spain Film Commission - Spain Film Commission","robots":{"index":"index","follow":"follow","max-snippet":"max-snippet:-1","max-image-preview":"max-image-preview:large","max-video-preview":"max-video-preview:-1"},"canonical":"https:\/\/spainfilmcommission.com\/en\/blog\/la-ciudad-autonoma-de-melilla-ingresara-en-la-red-spain-film-commission\/","og_locale":"en_US","og_type":"article","og_title":"La Ciudad Aut\u00f3noma de Melilla ingresar\u00e1 en la red Spain Film Commission - Spain Film Commission","og_description":"Elena Fern\u00e1ndez Trevi\u00f1o ha anunciado el ingreso de la Ciudad en esta red El presidente de la Spain Film Commission se\u00f1ala el gran potencial de Melilla para la industria cinematogr\u00e1fica y de rodajes.","og_url":"https:\/\/spainfilmcommission.com\/en\/blog\/la-ciudad-autonoma-de-melilla-ingresara-en-la-red-spain-film-commission\/","og_site_name":"Spain Film Commission","article_published_time":"2022-10-06T22:00:00+00:00","article_modified_time":"2025-02-11T07:06:24+00:00","og_image":[{"width":1024,"height":790,"url":"https:\/\/spainfilmcommission.com\/wp-content\/uploads\/2024\/11\/la-ciudad-autonoma-de-melilla-ingresara-en-la-red-spain-film-commission-287.jpeg","type":"image\/jpeg"}],"author":"studio128k_dam","twitter_card":"summary_large_image","twitter_misc":{"Written by":"studio128k_dam","Est. reading time":"2 minutes"},"schema":{"@context":"https:\/\/schema.org","@graph":[{"@type":"Article","@id":"https:\/\/spainfilmcommission.com\/en\/blog\/la-ciudad-autonoma-de-melilla-ingresara-en-la-red-spain-film-commission\/#article","isPartOf":{"@id":"https:\/\/spainfilmcommission.com\/en\/blog\/la-ciudad-autonoma-de-melilla-ingresara-en-la-red-spain-film-commission\/"},"author":{"name":"studio128k_dam","@id":"https:\/\/spainfilmcommission.com\/en\/#\/schema\/person\/6c014ba6ceac198d178a6a9e61113c9d"},"headline":"La Ciudad Aut\u00f3noma de Melilla ingresar\u00e1 en la red Spain Film Commission","datePublished":"2022-10-06T22:00:00+00:00","dateModified":"2025-02-11T07:06:24+00:00","mainEntityOfPage":{"@id":"https:\/\/spainfilmcommission.com\/en\/blog\/la-ciudad-autonoma-de-melilla-ingresara-en-la-red-spain-film-commission\/"},"wordCount":419,"publisher":{"@id":"https:\/\/spainfilmcommission.com\/en\/#organization"},"image":{"@id":"https:\/\/spainfilmcommission.com\/en\/blog\/la-ciudad-autonoma-de-melilla-ingresara-en-la-red-spain-film-commission\/#primaryimage"},"thumbnailUrl":"https:\/\/spainfilmcommission.com\/wp-content\/uploads\/2024\/11\/la-ciudad-autonoma-de-melilla-ingresara-en-la-red-spain-film-commission-287.jpeg","articleSection":["Noticias"],"inLanguage":"en-US"},{"@type":"WebPage","@id":"https:\/\/spainfilmcommission.com\/en\/blog\/la-ciudad-autonoma-de-melilla-ingresara-en-la-red-spain-film-commission\/","url":"https:\/\/spainfilmcommission.com\/en\/blog\/la-ciudad-autonoma-de-melilla-ingresara-en-la-red-spain-film-commission\/","name":"La Ciudad Aut\u00f3noma de Melilla ingresar\u00e1 en la red Spain Film Commission - Spain Film Commission","isPartOf":{"@id":"https:\/\/spainfilmcommission.com\/en\/#website"},"primaryImageOfPage":{"@id":"https:\/\/spainfilmcommission.com\/en\/blog\/la-ciudad-autonoma-de-melilla-ingresara-en-la-red-spain-film-commission\/#primaryimage"},"image":{"@id":"https:\/\/spainfilmcommission.com\/en\/blog\/la-ciudad-autonoma-de-melilla-ingresara-en-la-red-spain-film-commission\/#primaryimage"},"thumbnailUrl":"https:\/\/spainfilmcommission.com\/wp-content\/uploads\/2024\/11\/la-ciudad-autonoma-de-melilla-ingresara-en-la-red-spain-film-commission-287.jpeg","datePublished":"2022-10-06T22:00:00+00:00","dateModified":"2025-02-11T07:06:24+00:00","breadcrumb":{"@id":"https:\/\/spainfilmcommission.com\/en\/blog\/la-ciudad-autonoma-de-melilla-ingresara-en-la-red-spain-film-commission\/#breadcrumb"},"inLanguage":"en-US","potentialAction":[{"@type":"ReadAction","target":["https:\/\/spainfilmcommission.com\/en\/blog\/la-ciudad-autonoma-de-melilla-ingresara-en-la-red-spain-film-commission\/"]}]},{"@type":"ImageObject","inLanguage":"en-US","@id":"https:\/\/spainfilmcommission.com\/en\/blog\/la-ciudad-autonoma-de-melilla-ingresara-en-la-red-spain-film-commission\/#primaryimage","url":"https:\/\/spainfilmcommission.com\/wp-content\/uploads\/2024\/11\/la-ciudad-autonoma-de-melilla-ingresara-en-la-red-spain-film-commission-287.jpeg","contentUrl":"https:\/\/spainfilmcommission.com\/wp-content\/uploads\/2024\/11\/la-ciudad-autonoma-de-melilla-ingresara-en-la-red-spain-film-commission-287.jpeg","width":1024,"height":790},{"@type":"BreadcrumbList","@id":"https:\/\/spainfilmcommission.com\/en\/blog\/la-ciudad-autonoma-de-melilla-ingresara-en-la-red-spain-film-commission\/#breadcrumb","itemListElement":[{"@type":"ListItem","position":1,"name":"Portada","item":"https:\/\/spainfilmcommission.com\/en\/"},{"@type":"ListItem","position":2,"name":"La Ciudad Aut\u00f3noma de Melilla ingresar\u00e1 en la red Spain Film Commission"}]},{"@type":"WebSite","@id":"https:\/\/spainfilmcommission.com\/en\/#website","url":"https:\/\/spainfilmcommission.com\/en\/","name":"Spain Film Commission","description":"","publisher":{"@id":"https:\/\/spainfilmcommission.com\/en\/#organization"},"potentialAction":[{"@type":"SearchAction","target":{"@type":"EntryPoint","urlTemplate":"https:\/\/spainfilmcommission.com\/en\/?s={search_term_string}"},"query-input":{"@type":"PropertyValueSpecification","valueRequired":true,"valueName":"search_term_string"}}],"inLanguage":"en-US"},{"@type":"Organization","@id":"https:\/\/spainfilmcommission.com\/en\/#organization","name":"Spain Film Commission","url":"https:\/\/spainfilmcommission.com\/en\/","logo":{"@type":"ImageObject","inLanguage":"en-US","@id":"https:\/\/spainfilmcommission.com\/en\/#\/schema\/logo\/image\/","url":"https:\/\/spainfilmcommission.com\/wp-content\/uploads\/2024\/07\/SPC_COLOR.png","contentUrl":"https:\/\/spainfilmcommission.com\/wp-content\/uploads\/2024\/07\/SPC_COLOR.png","width":1665,"height":1665,"caption":"Spain Film Commission"},"image":{"@id":"https:\/\/spainfilmcommission.com\/en\/#\/schema\/logo\/image\/"}},{"@type":"Person","@id":"https:\/\/spainfilmcommission.com\/en\/#\/schema\/person\/6c014ba6ceac198d178a6a9e61113c9d","name":"studio128k_dam","image":{"@type":"ImageObject","inLanguage":"en-US","@id":"https:\/\/secure.gravatar.com\/avatar\/810f99144a13522c24aa173f9cd8bf079d0e89758af00b5f2938443cd51b31e9?s=96&d=mm&r=g","url":"https:\/\/secure.gravatar.com\/avatar\/810f99144a13522c24aa173f9cd8bf079d0e89758af00b5f2938443cd51b31e9?s=96&d=mm&r=g","contentUrl":"https:\/\/secure.gravatar.com\/avatar\/810f99144a13522c24aa173f9cd8bf079d0e89758af00b5f2938443cd51b31e9?s=96&d=mm&r=g","caption":"studio128k_dam"}}]}},"_links":{"self":[{"href":"https:\/\/spainfilmcommission.com\/en\/wp-json\/wp\/v2\/posts\/8695","targetHints":{"allow":["GET"]}}],"collection":[{"href":"https:\/\/spainfilmcommission.com\/en\/wp-json\/wp\/v2\/posts"}],"about":[{"href":"https:\/\/spainfilmcommission.com\/en\/wp-json\/wp\/v2\/types\/post"}],"author":[{"embeddable":true,"href":"https:\/\/spainfilmcommission.com\/en\/wp-json\/wp\/v2\/users\/2"}],"replies":[{"embeddable":true,"href":"https:\/\/spainfilmcommission.com\/en\/wp-json\/wp\/v2\/comments?post=8695"}],"version-history":[{"count":0,"href":"https:\/\/spainfilmcommission.com\/en\/wp-json\/wp\/v2\/posts\/8695\/revisions"}],"wp:featuredmedia":[{"embeddable":true,"href":"https:\/\/spainfilmcommission.com\/en\/wp-json\/wp\/v2\/media\/8696"}],"wp:attachment":[{"href":"https:\/\/spainfilmcommission.com\/en\/wp-json\/wp\/v2\/media?parent=8695"}],"wp:term":[{"taxonomy":"category","embeddable":true,"href":"https:\/\/spainfilmcommission.com\/en\/wp-json\/wp\/v2\/categories?post=8695"},{"taxonomy":"post_tag","embeddable":true,"href":"https:\/\/spainfilmcommission.com\/en\/wp-json\/wp\/v2\/tags?post=8695"}],"curies":[{"name":"wp","href":"https:\/\/api.w.org\/{rel}","templated":true}]}}