{"id":8692,"date":"2022-09-30T00:00:00","date_gmt":"2022-09-29T22:00:00","guid":{"rendered":"https:\/\/sfc.com\/spain-film-commission-reivindica-las-fortalezas-de-espana-como-destino-preferente-en-europa-para-rodajes-internacionales\/"},"modified":"2025-02-11T08:06:24","modified_gmt":"2025-02-11T07:06:24","slug":"spain-film-commission-reivindica-las-fortalezas-de-espana-como-destino-preferente-en-europa-para-rodajes-internacionales","status":"publish","type":"post","link":"https:\/\/spainfilmcommission.com\/en\/blog\/spain-film-commission-reivindica-las-fortalezas-de-espana-como-destino-preferente-en-europa-para-rodajes-internacionales\/","title":{"rendered":"Spain Film Commission reivindica las fortalezas de Espa\u00f1a como destino preferente en Europa para rodajes internacionales"},"content":{"rendered":"<p style=\"font-size:12px;font-family:Arial, sans-serif;text-align:justify;\"><span style=\"font-size:14px;\">Spain Film\u00a0 Commission, organizaci\u00f3n sin \u00e1nimo de lucro que re\u00fane a 38 film offices y film commissions de todo el territorio nacional, ha revindicado las\u00a0<strong>fortalezas de Espa\u00f1a como destino de rodajes<\/strong>\u00a0y ha fomentado la coproducci\u00f3n internacional en su participaci\u00f3n en la segunda edici\u00f3n de Iberseries &#038; Platino Industria.<\/span><\/p>\n<p style=\"font-size:12px;font-family:Arial, sans-serif;text-align:justify;\"><span style=\"font-size:14px;\">SFC, uno de los patrocinadores de esta gran cita del audiovisual iberoamericano, ha atendido, en su stand, visitas de profesionales y productoras de Espa\u00f1a y Am\u00e9rica Latina,\u00a0que han mostrado su inter\u00e9s por las\u00a0<strong>oportunidades y beneficios que ofrece Espa\u00f1a como plat\u00f3 de cine<\/strong>. Adem\u00e1s, SFC ha esponsorizado los\u00a0<em>Pitch de Plataformas, Productoras y Distribuidoras<\/em>, concebidos para\u00a0<strong>promover la coproducci\u00f3n internacional<\/strong>\u00a0mediante encuentros\u00a0<em>one to one<\/em>\u00a0de proyectos de series y pel\u00edculas con productoras, compradores y plataformas de contenido, que han evaluado 132 proyectos procedentes de 19 pa\u00edses.<\/span><\/p>\n<p style=\"font-size:12px;font-family:Arial, sans-serif;text-align:justify;\"><span style=\"font-size:14px;\">SFC ha protagonizado los\u00a0<em>Pitch de las Comisiones de Filmaciones a los Productores<\/em>, en las que han participado los socios\u00a0<strong>Andaluc\u00eda Film Commission<\/strong>,\u00a0<strong>Canary Islands Film<\/strong>,\u00a0<strong>Cantabria Film Commission<\/strong>,\u00a0<strong>Castilla-La Mancha Film Comission<\/strong>,\u00a0<strong>Navarra Film Commission<\/strong>\u00a0y\u00a0<strong>Zaragoza Film Office<\/strong>. En estos\u00a0<em>pitch<\/em>\u00a0han servido como marco para la presentaci\u00f3n ante productores internacionales de sus respectivas localizaciones y condiciones favorables para los rodajes de pel\u00edculas, series y productos audiovisuales.<\/span><\/p>\n<p style=\"font-size:12px;font-family:Arial, sans-serif;text-align:justify;\"><span style=\"font-size:14px;\">Adem\u00e1s, SFC ha patrocinado la segunda edici\u00f3n del\u00a0<em>Taller de Formaci\u00f3n de Showrunners<\/em>, en el que han participado\u00a0<strong>12 proyectos<\/strong>\u00a0procedentes de Argentina, Chile, Colombia, Espa\u00f1a, Per\u00fa y Uruguay.<\/span><\/p>\n<p style=\"font-size:12px;font-family:Arial, sans-serif;text-align:justify;\"><span style=\"font-size:14px;\"><strong>Nuevos retos<\/strong><\/span><\/p>\n<p style=\"font-size:12px;font-family:Arial, sans-serif;text-align:justify;\"><span style=\"font-size:14px;\">SFC ha estado presente en tres mesas redondas. La primera, titulada &#8220;Rodajes internacionales en Espa\u00f1a: todo tipo de territorios para todo tipo de historias&#8221;, ha estado moderada por\u00a0<strong>Teresa Azcona<\/strong>, directora general de SFC-Spain Audiovisual Hub. &#8220;Cada socio de Spain Film Commission &#8211;ha se\u00f1alado- trabaja con empresas de\u00a0<em>service<\/em>, que son el alma de los rodajes en Espa\u00f1a&#8221;. En esta mesa han participado\u00a0<strong>Jos\u00e9 Luis Escolar<\/strong>, CEO de Calle Cruzada;\u00a0<strong>Juan Cano<\/strong>, socio y productor de Surfilm Production;\u00a0<strong>Peter Welter<\/strong>, productor de Fresco Films;\u00a0<strong>Jos\u00e9 Mar\u00eda Gonz\u00e1lez Sinde<\/strong>, CEO de Secuoya Studios Services, y\u00a0<strong>Fabia Buenaventura<\/strong>, jefa del departamento Invest in Spain-ICEX.<\/span><\/p>\n<p style=\"font-size:12px;font-family:Arial, sans-serif;text-align:justify;\"><span style=\"font-size:14px;\"><strong>Teresa Azcona<\/strong>\u00a0tambi\u00e9n ha intervenido, en esta ocasi\u00f3n como ponente, en la mesa redonda titulada &#8220;Pol\u00edticas p\u00fablicas de apoyo al audiovisual: Spain Audiovisual Hub&#8221;, donde se ha expuesto a los asistentes las consecuencias positivas de la\u00a0<strong>consideraci\u00f3n del Audiovisual como sector econ\u00f3mico estrat\u00e9gico<\/strong>. &#8220;Todo lo que ven\u00eda haciendo Spain Film Commission anteriormente se ha reforzado, y adem\u00e1s se han abierto nuevas posibilidades y se han planteado nuevos retos que nunca nos hubi\u00e9ramos imaginado&#8221;. Moderada por la abogada\u00a0<strong>In\u00e9s de las Casas<\/strong>, junto a Azcona han intervenido\u00a0<strong>Cristina Morales<\/strong>, subdirectora general de Contenidos de la Sociedad de la Informaci\u00f3n en la Secretar\u00eda de Estado para el Avance Digital, Ministerio de Econom\u00eda y Empresa, y\u00a0<strong>Pablo Conde<\/strong>, director de Moda, H\u00e1bitat e Industrias Culturales del ICEX.<\/span><\/p>\n<p style=\"font-size:12px;font-family:Arial, sans-serif;text-align:justify;\"><span style=\"font-size:14px;\">Por \u00faltimo, SFC ha participado en la mesa redonda &#8220;Latitudes y geograf\u00edas que han impactado al audiovisual&#8221;, representada por\u00a0<strong>Miguel \u00c1ngel Villanueva<\/strong>, Film Commissioner de Castilla La Mancha, quien ha abogado por impulsar la coproducci\u00f3n de Espa\u00f1a con Iberoam\u00e9rica. Esta mesa redonda ha estado moderada por\u00a0<strong>Ra\u00fal Torquemada<\/strong>, director de la Madrid Film Office, quien ha planteado la cuesti\u00f3n de la importancia de cuantificar el impacto de los rodajes en los territorios: &#8220;Cuanto m\u00e1s conocimiento tengamos de nosotros mismos, m\u00e1s fuertes seremos&#8221;.<\/span><\/p>\n<p style=\"font-size:12px;font-family:Arial, sans-serif;text-align:justify;\"><span style=\"font-size:14px;\"><strong>Presencia de socios<\/strong><\/span><\/p>\n<p style=\"font-size:12px;font-family:Arial, sans-serif;text-align:justify;\"><span style=\"font-size:14px;\">Film Madrid y Madrid Film Office han sido\u00a0<em>partners<\/em>\u00a0de Iberseries &#038; Platino Industria, evento que ha contado con la presencia de\u00a0<strong>Andaluc\u00eda Film Commission<\/strong>,\u00a0<strong>Asturias Para\u00edso Natural Film Commission<\/strong>,\u00a0<strong>Canary Islands Film<\/strong>,\u00a0<strong>Cantabria Film Commission<\/strong>,\u00a0<strong>Castilla La Mancha Film Commission<\/strong>,\u00a0<strong>La Rioja Film Commission<\/strong>,\u00a0<strong>Navarra Film Commission<\/strong>\u00a0y\u00a0<strong>Zaragoza Film Office<\/strong>. Impulsada por EGEDA y Fundaci\u00f3n Secuoya, con el apoyo del Ayuntamiento de Madrid, la Comunidad de Madrid e ICEX Espa\u00f1a Exportaci\u00f3n e Inversiones, esta gran cita del audiovisual iberoamericano se ha convertido durante cuatro intensos d\u00edas en el gran referente internacional de la producci\u00f3n en espa\u00f1ol y portugu\u00e9s.<\/span><\/p>\n<div>\u00a0<\/div>\n","protected":false},"excerpt":{"rendered":"<p>Spain Film\u00a0 Commission, organizaci\u00f3n sin \u00e1nimo de lucro que re\u00fane a 38 film offices y film commissions de todo el territorio nacional, ha revindicado las\u00a0fortalezas de Espa\u00f1a como destino de [&hellip;]<\/p>\n","protected":false},"author":2,"featured_media":8693,"comment_status":"closed","ping_status":"","sticky":false,"template":"","format":"standard","meta":{"footnotes":""},"categories":[38],"tags":[],"class_list":["post-8692","post","type-post","status-publish","format-standard","has-post-thumbnail","hentry","category-noticias"],"yoast_head":"<!-- This site is optimized with the Yoast SEO plugin v27.3 - https:\/\/yoast.com\/product\/yoast-seo-wordpress\/ -->\n<title>Spain Film Commission reivindica las fortalezas de Espa\u00f1a como destino preferente en Europa para rodajes internacionales - Spain Film Commission<\/title>\n<meta name=\"robots\" content=\"index, follow, max-snippet:-1, max-image-preview:large, max-video-preview:-1\" \/>\n<link rel=\"canonical\" href=\"https:\/\/spainfilmcommission.com\/en\/blog\/spain-film-commission-reivindica-las-fortalezas-de-espana-como-destino-preferente-en-europa-para-rodajes-internacionales\/\" \/>\n<meta property=\"og:locale\" content=\"en_US\" \/>\n<meta property=\"og:type\" content=\"article\" \/>\n<meta property=\"og:title\" content=\"Spain Film Commission reivindica las fortalezas de Espa\u00f1a como destino preferente en Europa para rodajes internacionales - Spain Film Commission\" \/>\n<meta property=\"og:description\" content=\"Spain Film\u00a0 Commission, organizaci\u00f3n sin \u00e1nimo de lucro que re\u00fane a 38 film offices y film commissions de todo el territorio nacional, ha revindicado las\u00a0fortalezas de Espa\u00f1a como destino de [&hellip;]\" \/>\n<meta property=\"og:url\" content=\"https:\/\/spainfilmcommission.com\/en\/blog\/spain-film-commission-reivindica-las-fortalezas-de-espana-como-destino-preferente-en-europa-para-rodajes-internacionales\/\" \/>\n<meta property=\"og:site_name\" content=\"Spain Film Commission\" \/>\n<meta property=\"article:published_time\" content=\"2022-09-29T22:00:00+00:00\" \/>\n<meta property=\"article:modified_time\" content=\"2025-02-11T07:06:24+00:00\" \/>\n<meta property=\"og:image\" content=\"https:\/\/spainfilmcommission.com\/wp-content\/uploads\/2024\/11\/spain-film-commission-reivindica-las-fortalezas-de-espana-como-destino-preferente-en-europa-para-rodajes-internacionales-286.jpeg\" \/>\n\t<meta property=\"og:image:width\" content=\"1170\" \/>\n\t<meta property=\"og:image:height\" content=\"878\" \/>\n\t<meta property=\"og:image:type\" content=\"image\/jpeg\" \/>\n<meta name=\"author\" content=\"studio128k_dam\" \/>\n<meta name=\"twitter:card\" content=\"summary_large_image\" \/>\n<meta name=\"twitter:label1\" content=\"Written by\" \/>\n\t<meta name=\"twitter:data1\" content=\"studio128k_dam\" \/>\n\t<meta name=\"twitter:label2\" content=\"Est. reading time\" \/>\n\t<meta name=\"twitter:data2\" content=\"4 minutes\" \/>\n<script type=\"application\/ld+json\" class=\"yoast-schema-graph\">{\"@context\":\"https:\\\/\\\/schema.org\",\"@graph\":[{\"@type\":\"Article\",\"@id\":\"https:\\\/\\\/spainfilmcommission.com\\\/en\\\/blog\\\/spain-film-commission-reivindica-las-fortalezas-de-espana-como-destino-preferente-en-europa-para-rodajes-internacionales\\\/#article\",\"isPartOf\":{\"@id\":\"https:\\\/\\\/spainfilmcommission.com\\\/en\\\/blog\\\/spain-film-commission-reivindica-las-fortalezas-de-espana-como-destino-preferente-en-europa-para-rodajes-internacionales\\\/\"},\"author\":{\"name\":\"studio128k_dam\",\"@id\":\"https:\\\/\\\/spainfilmcommission.com\\\/en\\\/#\\\/schema\\\/person\\\/6c014ba6ceac198d178a6a9e61113c9d\"},\"headline\":\"Spain Film Commission reivindica las fortalezas de Espa\u00f1a como destino preferente en Europa para rodajes internacionales\",\"datePublished\":\"2022-09-29T22:00:00+00:00\",\"dateModified\":\"2025-02-11T07:06:24+00:00\",\"mainEntityOfPage\":{\"@id\":\"https:\\\/\\\/spainfilmcommission.com\\\/en\\\/blog\\\/spain-film-commission-reivindica-las-fortalezas-de-espana-como-destino-preferente-en-europa-para-rodajes-internacionales\\\/\"},\"wordCount\":718,\"publisher\":{\"@id\":\"https:\\\/\\\/spainfilmcommission.com\\\/en\\\/#organization\"},\"image\":{\"@id\":\"https:\\\/\\\/spainfilmcommission.com\\\/en\\\/blog\\\/spain-film-commission-reivindica-las-fortalezas-de-espana-como-destino-preferente-en-europa-para-rodajes-internacionales\\\/#primaryimage\"},\"thumbnailUrl\":\"https:\\\/\\\/spainfilmcommission.com\\\/wp-content\\\/uploads\\\/2024\\\/11\\\/spain-film-commission-reivindica-las-fortalezas-de-espana-como-destino-preferente-en-europa-para-rodajes-internacionales-286.jpeg\",\"articleSection\":[\"Noticias\"],\"inLanguage\":\"en-US\"},{\"@type\":\"WebPage\",\"@id\":\"https:\\\/\\\/spainfilmcommission.com\\\/en\\\/blog\\\/spain-film-commission-reivindica-las-fortalezas-de-espana-como-destino-preferente-en-europa-para-rodajes-internacionales\\\/\",\"url\":\"https:\\\/\\\/spainfilmcommission.com\\\/en\\\/blog\\\/spain-film-commission-reivindica-las-fortalezas-de-espana-como-destino-preferente-en-europa-para-rodajes-internacionales\\\/\",\"name\":\"Spain Film Commission reivindica las fortalezas de Espa\u00f1a como destino preferente en Europa para rodajes internacionales - Spain Film Commission\",\"isPartOf\":{\"@id\":\"https:\\\/\\\/spainfilmcommission.com\\\/en\\\/#website\"},\"primaryImageOfPage\":{\"@id\":\"https:\\\/\\\/spainfilmcommission.com\\\/en\\\/blog\\\/spain-film-commission-reivindica-las-fortalezas-de-espana-como-destino-preferente-en-europa-para-rodajes-internacionales\\\/#primaryimage\"},\"image\":{\"@id\":\"https:\\\/\\\/spainfilmcommission.com\\\/en\\\/blog\\\/spain-film-commission-reivindica-las-fortalezas-de-espana-como-destino-preferente-en-europa-para-rodajes-internacionales\\\/#primaryimage\"},\"thumbnailUrl\":\"https:\\\/\\\/spainfilmcommission.com\\\/wp-content\\\/uploads\\\/2024\\\/11\\\/spain-film-commission-reivindica-las-fortalezas-de-espana-como-destino-preferente-en-europa-para-rodajes-internacionales-286.jpeg\",\"datePublished\":\"2022-09-29T22:00:00+00:00\",\"dateModified\":\"2025-02-11T07:06:24+00:00\",\"breadcrumb\":{\"@id\":\"https:\\\/\\\/spainfilmcommission.com\\\/en\\\/blog\\\/spain-film-commission-reivindica-las-fortalezas-de-espana-como-destino-preferente-en-europa-para-rodajes-internacionales\\\/#breadcrumb\"},\"inLanguage\":\"en-US\",\"potentialAction\":[{\"@type\":\"ReadAction\",\"target\":[\"https:\\\/\\\/spainfilmcommission.com\\\/en\\\/blog\\\/spain-film-commission-reivindica-las-fortalezas-de-espana-como-destino-preferente-en-europa-para-rodajes-internacionales\\\/\"]}]},{\"@type\":\"ImageObject\",\"inLanguage\":\"en-US\",\"@id\":\"https:\\\/\\\/spainfilmcommission.com\\\/en\\\/blog\\\/spain-film-commission-reivindica-las-fortalezas-de-espana-como-destino-preferente-en-europa-para-rodajes-internacionales\\\/#primaryimage\",\"url\":\"https:\\\/\\\/spainfilmcommission.com\\\/wp-content\\\/uploads\\\/2024\\\/11\\\/spain-film-commission-reivindica-las-fortalezas-de-espana-como-destino-preferente-en-europa-para-rodajes-internacionales-286.jpeg\",\"contentUrl\":\"https:\\\/\\\/spainfilmcommission.com\\\/wp-content\\\/uploads\\\/2024\\\/11\\\/spain-film-commission-reivindica-las-fortalezas-de-espana-como-destino-preferente-en-europa-para-rodajes-internacionales-286.jpeg\",\"width\":1170,\"height\":878},{\"@type\":\"BreadcrumbList\",\"@id\":\"https:\\\/\\\/spainfilmcommission.com\\\/en\\\/blog\\\/spain-film-commission-reivindica-las-fortalezas-de-espana-como-destino-preferente-en-europa-para-rodajes-internacionales\\\/#breadcrumb\",\"itemListElement\":[{\"@type\":\"ListItem\",\"position\":1,\"name\":\"Portada\",\"item\":\"https:\\\/\\\/spainfilmcommission.com\\\/en\\\/\"},{\"@type\":\"ListItem\",\"position\":2,\"name\":\"Spain Film Commission reivindica las fortalezas de Espa\u00f1a como destino preferente en Europa para rodajes internacionales\"}]},{\"@type\":\"WebSite\",\"@id\":\"https:\\\/\\\/spainfilmcommission.com\\\/en\\\/#website\",\"url\":\"https:\\\/\\\/spainfilmcommission.com\\\/en\\\/\",\"name\":\"Spain Film Commission\",\"description\":\"\",\"publisher\":{\"@id\":\"https:\\\/\\\/spainfilmcommission.com\\\/en\\\/#organization\"},\"potentialAction\":[{\"@type\":\"SearchAction\",\"target\":{\"@type\":\"EntryPoint\",\"urlTemplate\":\"https:\\\/\\\/spainfilmcommission.com\\\/en\\\/?s={search_term_string}\"},\"query-input\":{\"@type\":\"PropertyValueSpecification\",\"valueRequired\":true,\"valueName\":\"search_term_string\"}}],\"inLanguage\":\"en-US\"},{\"@type\":\"Organization\",\"@id\":\"https:\\\/\\\/spainfilmcommission.com\\\/en\\\/#organization\",\"name\":\"Spain Film Commission\",\"url\":\"https:\\\/\\\/spainfilmcommission.com\\\/en\\\/\",\"logo\":{\"@type\":\"ImageObject\",\"inLanguage\":\"en-US\",\"@id\":\"https:\\\/\\\/spainfilmcommission.com\\\/en\\\/#\\\/schema\\\/logo\\\/image\\\/\",\"url\":\"https:\\\/\\\/spainfilmcommission.com\\\/wp-content\\\/uploads\\\/2024\\\/07\\\/SPC_COLOR.png\",\"contentUrl\":\"https:\\\/\\\/spainfilmcommission.com\\\/wp-content\\\/uploads\\\/2024\\\/07\\\/SPC_COLOR.png\",\"width\":1665,\"height\":1665,\"caption\":\"Spain Film Commission\"},\"image\":{\"@id\":\"https:\\\/\\\/spainfilmcommission.com\\\/en\\\/#\\\/schema\\\/logo\\\/image\\\/\"}},{\"@type\":\"Person\",\"@id\":\"https:\\\/\\\/spainfilmcommission.com\\\/en\\\/#\\\/schema\\\/person\\\/6c014ba6ceac198d178a6a9e61113c9d\",\"name\":\"studio128k_dam\",\"image\":{\"@type\":\"ImageObject\",\"inLanguage\":\"en-US\",\"@id\":\"https:\\\/\\\/secure.gravatar.com\\\/avatar\\\/810f99144a13522c24aa173f9cd8bf079d0e89758af00b5f2938443cd51b31e9?s=96&d=mm&r=g\",\"url\":\"https:\\\/\\\/secure.gravatar.com\\\/avatar\\\/810f99144a13522c24aa173f9cd8bf079d0e89758af00b5f2938443cd51b31e9?s=96&d=mm&r=g\",\"contentUrl\":\"https:\\\/\\\/secure.gravatar.com\\\/avatar\\\/810f99144a13522c24aa173f9cd8bf079d0e89758af00b5f2938443cd51b31e9?s=96&d=mm&r=g\",\"caption\":\"studio128k_dam\"}}]}<\/script>\n<!-- \/ Yoast SEO plugin. -->","yoast_head_json":{"title":"Spain Film Commission reivindica las fortalezas de Espa\u00f1a como destino preferente en Europa para rodajes internacionales - Spain Film Commission","robots":{"index":"index","follow":"follow","max-snippet":"max-snippet:-1","max-image-preview":"max-image-preview:large","max-video-preview":"max-video-preview:-1"},"canonical":"https:\/\/spainfilmcommission.com\/en\/blog\/spain-film-commission-reivindica-las-fortalezas-de-espana-como-destino-preferente-en-europa-para-rodajes-internacionales\/","og_locale":"en_US","og_type":"article","og_title":"Spain Film Commission reivindica las fortalezas de Espa\u00f1a como destino preferente en Europa para rodajes internacionales - Spain Film Commission","og_description":"Spain Film\u00a0 Commission, organizaci\u00f3n sin \u00e1nimo de lucro que re\u00fane a 38 film offices y film commissions de todo el territorio nacional, ha revindicado las\u00a0fortalezas de Espa\u00f1a como destino de [&hellip;]","og_url":"https:\/\/spainfilmcommission.com\/en\/blog\/spain-film-commission-reivindica-las-fortalezas-de-espana-como-destino-preferente-en-europa-para-rodajes-internacionales\/","og_site_name":"Spain Film Commission","article_published_time":"2022-09-29T22:00:00+00:00","article_modified_time":"2025-02-11T07:06:24+00:00","og_image":[{"width":1170,"height":878,"url":"https:\/\/spainfilmcommission.com\/wp-content\/uploads\/2024\/11\/spain-film-commission-reivindica-las-fortalezas-de-espana-como-destino-preferente-en-europa-para-rodajes-internacionales-286.jpeg","type":"image\/jpeg"}],"author":"studio128k_dam","twitter_card":"summary_large_image","twitter_misc":{"Written by":"studio128k_dam","Est. reading time":"4 minutes"},"schema":{"@context":"https:\/\/schema.org","@graph":[{"@type":"Article","@id":"https:\/\/spainfilmcommission.com\/en\/blog\/spain-film-commission-reivindica-las-fortalezas-de-espana-como-destino-preferente-en-europa-para-rodajes-internacionales\/#article","isPartOf":{"@id":"https:\/\/spainfilmcommission.com\/en\/blog\/spain-film-commission-reivindica-las-fortalezas-de-espana-como-destino-preferente-en-europa-para-rodajes-internacionales\/"},"author":{"name":"studio128k_dam","@id":"https:\/\/spainfilmcommission.com\/en\/#\/schema\/person\/6c014ba6ceac198d178a6a9e61113c9d"},"headline":"Spain Film Commission reivindica las fortalezas de Espa\u00f1a como destino preferente en Europa para rodajes internacionales","datePublished":"2022-09-29T22:00:00+00:00","dateModified":"2025-02-11T07:06:24+00:00","mainEntityOfPage":{"@id":"https:\/\/spainfilmcommission.com\/en\/blog\/spain-film-commission-reivindica-las-fortalezas-de-espana-como-destino-preferente-en-europa-para-rodajes-internacionales\/"},"wordCount":718,"publisher":{"@id":"https:\/\/spainfilmcommission.com\/en\/#organization"},"image":{"@id":"https:\/\/spainfilmcommission.com\/en\/blog\/spain-film-commission-reivindica-las-fortalezas-de-espana-como-destino-preferente-en-europa-para-rodajes-internacionales\/#primaryimage"},"thumbnailUrl":"https:\/\/spainfilmcommission.com\/wp-content\/uploads\/2024\/11\/spain-film-commission-reivindica-las-fortalezas-de-espana-como-destino-preferente-en-europa-para-rodajes-internacionales-286.jpeg","articleSection":["Noticias"],"inLanguage":"en-US"},{"@type":"WebPage","@id":"https:\/\/spainfilmcommission.com\/en\/blog\/spain-film-commission-reivindica-las-fortalezas-de-espana-como-destino-preferente-en-europa-para-rodajes-internacionales\/","url":"https:\/\/spainfilmcommission.com\/en\/blog\/spain-film-commission-reivindica-las-fortalezas-de-espana-como-destino-preferente-en-europa-para-rodajes-internacionales\/","name":"Spain Film Commission reivindica las fortalezas de Espa\u00f1a como destino preferente en Europa para rodajes internacionales - Spain Film Commission","isPartOf":{"@id":"https:\/\/spainfilmcommission.com\/en\/#website"},"primaryImageOfPage":{"@id":"https:\/\/spainfilmcommission.com\/en\/blog\/spain-film-commission-reivindica-las-fortalezas-de-espana-como-destino-preferente-en-europa-para-rodajes-internacionales\/#primaryimage"},"image":{"@id":"https:\/\/spainfilmcommission.com\/en\/blog\/spain-film-commission-reivindica-las-fortalezas-de-espana-como-destino-preferente-en-europa-para-rodajes-internacionales\/#primaryimage"},"thumbnailUrl":"https:\/\/spainfilmcommission.com\/wp-content\/uploads\/2024\/11\/spain-film-commission-reivindica-las-fortalezas-de-espana-como-destino-preferente-en-europa-para-rodajes-internacionales-286.jpeg","datePublished":"2022-09-29T22:00:00+00:00","dateModified":"2025-02-11T07:06:24+00:00","breadcrumb":{"@id":"https:\/\/spainfilmcommission.com\/en\/blog\/spain-film-commission-reivindica-las-fortalezas-de-espana-como-destino-preferente-en-europa-para-rodajes-internacionales\/#breadcrumb"},"inLanguage":"en-US","potentialAction":[{"@type":"ReadAction","target":["https:\/\/spainfilmcommission.com\/en\/blog\/spain-film-commission-reivindica-las-fortalezas-de-espana-como-destino-preferente-en-europa-para-rodajes-internacionales\/"]}]},{"@type":"ImageObject","inLanguage":"en-US","@id":"https:\/\/spainfilmcommission.com\/en\/blog\/spain-film-commission-reivindica-las-fortalezas-de-espana-como-destino-preferente-en-europa-para-rodajes-internacionales\/#primaryimage","url":"https:\/\/spainfilmcommission.com\/wp-content\/uploads\/2024\/11\/spain-film-commission-reivindica-las-fortalezas-de-espana-como-destino-preferente-en-europa-para-rodajes-internacionales-286.jpeg","contentUrl":"https:\/\/spainfilmcommission.com\/wp-content\/uploads\/2024\/11\/spain-film-commission-reivindica-las-fortalezas-de-espana-como-destino-preferente-en-europa-para-rodajes-internacionales-286.jpeg","width":1170,"height":878},{"@type":"BreadcrumbList","@id":"https:\/\/spainfilmcommission.com\/en\/blog\/spain-film-commission-reivindica-las-fortalezas-de-espana-como-destino-preferente-en-europa-para-rodajes-internacionales\/#breadcrumb","itemListElement":[{"@type":"ListItem","position":1,"name":"Portada","item":"https:\/\/spainfilmcommission.com\/en\/"},{"@type":"ListItem","position":2,"name":"Spain Film Commission reivindica las fortalezas de Espa\u00f1a como destino preferente en Europa para rodajes internacionales"}]},{"@type":"WebSite","@id":"https:\/\/spainfilmcommission.com\/en\/#website","url":"https:\/\/spainfilmcommission.com\/en\/","name":"Spain Film Commission","description":"","publisher":{"@id":"https:\/\/spainfilmcommission.com\/en\/#organization"},"potentialAction":[{"@type":"SearchAction","target":{"@type":"EntryPoint","urlTemplate":"https:\/\/spainfilmcommission.com\/en\/?s={search_term_string}"},"query-input":{"@type":"PropertyValueSpecification","valueRequired":true,"valueName":"search_term_string"}}],"inLanguage":"en-US"},{"@type":"Organization","@id":"https:\/\/spainfilmcommission.com\/en\/#organization","name":"Spain Film Commission","url":"https:\/\/spainfilmcommission.com\/en\/","logo":{"@type":"ImageObject","inLanguage":"en-US","@id":"https:\/\/spainfilmcommission.com\/en\/#\/schema\/logo\/image\/","url":"https:\/\/spainfilmcommission.com\/wp-content\/uploads\/2024\/07\/SPC_COLOR.png","contentUrl":"https:\/\/spainfilmcommission.com\/wp-content\/uploads\/2024\/07\/SPC_COLOR.png","width":1665,"height":1665,"caption":"Spain Film Commission"},"image":{"@id":"https:\/\/spainfilmcommission.com\/en\/#\/schema\/logo\/image\/"}},{"@type":"Person","@id":"https:\/\/spainfilmcommission.com\/en\/#\/schema\/person\/6c014ba6ceac198d178a6a9e61113c9d","name":"studio128k_dam","image":{"@type":"ImageObject","inLanguage":"en-US","@id":"https:\/\/secure.gravatar.com\/avatar\/810f99144a13522c24aa173f9cd8bf079d0e89758af00b5f2938443cd51b31e9?s=96&d=mm&r=g","url":"https:\/\/secure.gravatar.com\/avatar\/810f99144a13522c24aa173f9cd8bf079d0e89758af00b5f2938443cd51b31e9?s=96&d=mm&r=g","contentUrl":"https:\/\/secure.gravatar.com\/avatar\/810f99144a13522c24aa173f9cd8bf079d0e89758af00b5f2938443cd51b31e9?s=96&d=mm&r=g","caption":"studio128k_dam"}}]}},"_links":{"self":[{"href":"https:\/\/spainfilmcommission.com\/en\/wp-json\/wp\/v2\/posts\/8692","targetHints":{"allow":["GET"]}}],"collection":[{"href":"https:\/\/spainfilmcommission.com\/en\/wp-json\/wp\/v2\/posts"}],"about":[{"href":"https:\/\/spainfilmcommission.com\/en\/wp-json\/wp\/v2\/types\/post"}],"author":[{"embeddable":true,"href":"https:\/\/spainfilmcommission.com\/en\/wp-json\/wp\/v2\/users\/2"}],"replies":[{"embeddable":true,"href":"https:\/\/spainfilmcommission.com\/en\/wp-json\/wp\/v2\/comments?post=8692"}],"version-history":[{"count":0,"href":"https:\/\/spainfilmcommission.com\/en\/wp-json\/wp\/v2\/posts\/8692\/revisions"}],"wp:featuredmedia":[{"embeddable":true,"href":"https:\/\/spainfilmcommission.com\/en\/wp-json\/wp\/v2\/media\/8693"}],"wp:attachment":[{"href":"https:\/\/spainfilmcommission.com\/en\/wp-json\/wp\/v2\/media?parent=8692"}],"wp:term":[{"taxonomy":"category","embeddable":true,"href":"https:\/\/spainfilmcommission.com\/en\/wp-json\/wp\/v2\/categories?post=8692"},{"taxonomy":"post_tag","embeddable":true,"href":"https:\/\/spainfilmcommission.com\/en\/wp-json\/wp\/v2\/tags?post=8692"}],"curies":[{"name":"wp","href":"https:\/\/api.w.org\/{rel}","templated":true}]}}