{"id":8689,"date":"2022-09-27T00:00:00","date_gmt":"2022-09-26T22:00:00","guid":{"rendered":"https:\/\/sfc.com\/spain-film-commission-sponsor-en-la-segunda-edicion-de-iberseries-platino-industria\/"},"modified":"2025-02-11T08:06:24","modified_gmt":"2025-02-11T07:06:24","slug":"spain-film-commission-sponsor-en-la-segunda-edicion-de-iberseries-platino-industria","status":"publish","type":"post","link":"https:\/\/spainfilmcommission.com\/en\/blog\/spain-film-commission-sponsor-en-la-segunda-edicion-de-iberseries-platino-industria\/","title":{"rendered":"Spain Film Commission sponsor en la segunda edici\u00f3n de Iberseries &#038; Platino Industria"},"content":{"rendered":"<p style=\"font-size:12px;font-family:Arial, sans-serif;text-align:justify;\"><span style=\"font-size:14px;\"><strong>Spain Film\u00a0 Commission<\/strong>, organizaci\u00f3n sin \u00e1nimo de lucro que re\u00fane a 38 film offices y film commissions de todo el territorio nacional, tendr\u00e1 un\u00a0papel activo en la segunda edici\u00f3n de Iberseries &#038; Platino Industria, que se celebrar\u00e1 del 27 al 30 de septiembre en Matadero Madrid. SFC ser\u00e1 uno de los patrocinadores de esta gran cita del audiovisual iberoamericano, contar\u00e1 con un stand propio en el \u00e1rea de mercado y\u00a0<em>networking<\/em>, y participar\u00e1 como ponente en varias conferencias y mesas redondas.<\/span><\/p>\n<p style=\"font-size:12px;font-family:Arial, sans-serif;text-align:justify;\"><span style=\"font-size:14px;\"><a href=\"https:\/\/iberseriesplatinoindustria.com\/\" target=\"_blank\">Iberseries &#038; Platino Industria<\/a>\u00a0tendr\u00e1 a SFC como\u00a0<em>s<\/em><em>ponsor<\/em>\u00a0de los\u00a0<strong>Pitch de Plataformas, Productoras y Distribuidoras<\/strong>, que tendr\u00e1n lugar los d\u00edas\u00a028 y 29 de septiembre con el objetivo de acercar proyectos audiovisuales en etapa de desarrollo, producci\u00f3n,\u00a0<em>work in progress<\/em>\u00a0o terminados a productoras, compradores, vendedores internacionales y plataformas de contenido.<\/span><\/p>\n<p style=\"font-size:12px;font-family:Arial, sans-serif;text-align:justify;\"><span style=\"font-size:14px;\">SFC ser\u00e1 tambi\u00e9n\u00a0<em>sponsor<\/em>\u00a0de la segunda edici\u00f3n del\u00a0<strong>Taller de Formaci\u00f3n de Showrunners<\/strong>, pensado para ofrecer formacion especifica a estos profesionales, a\u00a0los participantes\u00a0abordando la escritura, producci\u00f3n y gesti\u00f3n de proyectos. Este taller se celebrar\u00e1 los d\u00edas 28 y 29 de septiembre<\/span>.<\/p>\n<h3 style=\"font-family:Arial, sans-serif;text-align:justify;\"><strong>Mesas redondas<\/strong><\/h3>\n<p style=\"font-size:12px;font-family:Arial, sans-serif;text-align:justify;\"><span style=\"font-size:14px;\">SFC participar\u00e1, adem\u00e1s, en dos mesas redondas. La primera tendr\u00e1 lugar el 27 de septiembre a partir de las 17:15 horas en el auditorio de la Casa del Lector y tendr\u00e1 por t\u00edtulo\u00a0<strong>&#8220;Rodajes internacionales en Espa\u00f1a: todo tipo de territorios para todo tipo de historias<\/strong>&#8221;. Moderada por\u00a0<strong>Teresa Azcona<\/strong>, directora general SFC-Spain Audiovisual Hub, contar\u00e1 con la participaci\u00f3n de\u00a0<strong>Jos\u00e9 Luis Escolar<\/strong>, CEO de Calle Cruzada;\u00a0<strong>Juan Cano<\/strong>, socio y productor de Surfilm Production;\u00a0<strong>Peter Welter<\/strong>, productor de Fresco Films;\u00a0<strong>Jos\u00e9 Mar\u00eda Gonz\u00e1lez Sinde<\/strong>, CEO de Secuoya Studios Services, y\u00a0<strong>Fabia Buenaventura<\/strong>, jefa del departamento Invest in Spain-ICEX.<\/span><\/p>\n<p style=\"font-size:12px;font-family:Arial, sans-serif;text-align:justify;\"><span style=\"font-size:14px;\">En la segunda mesa redonda, SFC moderar\u00e1 la sesi\u00f3n\u00a0<strong>&#8220;Latitudes y geograf\u00edas que han impactado al audiovisual&#8221;,<\/strong>\u00a0que tendr\u00e1 lugar el 29 de septiembre a partir de las 13:30 horas en el auditorio de la Casa del Lector. Intervendr\u00e1n\u00a0<strong>Mar\u00eda Sol Mayoral<\/strong>, directora de la Buenos Aires Film Commission (Argentina);\u00a0<strong>Luiz Toledo<\/strong>, director de Asuntos Internacionales de SPcine (Brasil);\u00a0<strong>Ricardo Cantor<\/strong>, gerente de Artes Audiovisuales en Cinemateca de Bogot\u00e1 &#8211; Comisi\u00f3n F\u00edlmica de Bogot\u00e1 (Colombia), adem\u00e1s de\u00a0<strong>Teresa Azcona<\/strong>, directora general SFC-Spain Audiovisual Hub. La mesa estar\u00e1 moderada por\u00a0<strong>Ra\u00fal Torquemada<\/strong>, director de la Madrid Film Office, Ayuntamiento de Madrid (Espa\u00f1a).<\/span><\/p>\n<h3 style=\"font-family:Arial, sans-serif;text-align:justify;\"><strong>Presencia de socios<\/strong><\/h3>\n<p style=\"font-size:12px;font-family:Arial, sans-serif;text-align:justify;\"><span style=\"font-size:14px;\"><a href=\"http:\/\/www.madrid.org\/filmmadrid\/\" target=\"_blank\">Film Madrid<\/a>\u00a0y\u00a0<a href=\"https:\/\/madridfilmoffice.com\/\" target=\"_blank\">Madrid Film Office<\/a>\u00a0son partners de Iberseries &#038; Platino Industria, evento que contar\u00e1 con la presencia de\u00a0<a href=\"https:\/\/andaluciafilm.com\/\" target=\"_blank\">Andaluc\u00eda Film Commission,<\/a>\u00a0<a href=\"https:\/\/www.turismoasturias.es\/filmcommission\" target=\"_blank\">Asturias Para\u00edso Natural Film Commission<\/a>,\u00a0<a href=\"https:\/\/canaryislandsfilm.com\/\" target=\"_blank\">Canary Islands Film<\/a>,\u00a0<a href=\"http:\/\/cantabriafilmcommission.com\/\" target=\"_blank\">Cantabria Film Commission<\/a>,\u00a0<a href=\"https:\/\/www.castillalamanchafilm.com\/\" target=\"_blank\">Castilla La Mancha Film Commission<\/a>,\u00a0<a href=\"http:\/\/www.filmcommissionlarioja.org\/\" target=\"_blank\">La Rioja Film Commission<\/a>,\u00a0<a href=\"https:\/\/navarrafilm.com\/\" target=\"_blank\">Navarra Film Commission<\/a>\u00a0y\u00a0<a href=\"https:\/\/www.zaragoza.es\/sede\/portal\/cultura\/servicio\/noticia\/302013\" target=\"_blank\">Zaragoza Film Office<\/a>. Todos ellos\u00a0participar\u00e1n los d\u00edas 27 y 28 de septiembre en el Pitch Film Commissions to Producers \/ Comisiones de Filmaciones y Hoteles.<\/span><\/p>\n<h3 style=\"font-weight:600;line-height:1.1;font-family:Arial, sans-serif;color:rgb(225,11,19);margin-top:20px;margin-bottom:10px;font-size:12px;text-transform:uppercase;text-align:justify;\"><span style=\"font-family:'lucida sans unicode', 'lucida grande', sans-serif;\"><span style=\"font-size:16px;\">#SHOOTINGINSPAIN #RUEDAENESPA\u00d1A\u00a0<\/span><\/span><span style=\"font-size:16px;\">#WEMAKETHEMAGIC #SPAINAVHUB #PLANDERECUPERACION<\/span><\/h3>\n","protected":false},"excerpt":{"rendered":"<p>Spain Film\u00a0 Commission, organizaci\u00f3n sin \u00e1nimo de lucro que re\u00fane a 38 film offices y film commissions de todo el territorio nacional, tendr\u00e1 un\u00a0papel activo en la segunda edici\u00f3n de [&hellip;]<\/p>\n","protected":false},"author":2,"featured_media":8690,"comment_status":"closed","ping_status":"","sticky":false,"template":"","format":"standard","meta":{"footnotes":""},"categories":[38],"tags":[],"class_list":["post-8689","post","type-post","status-publish","format-standard","has-post-thumbnail","hentry","category-noticias"],"yoast_head":"<!-- This site is optimized with the Yoast SEO plugin v27.3 - https:\/\/yoast.com\/product\/yoast-seo-wordpress\/ -->\n<title>Spain Film Commission sponsor en la segunda edici\u00f3n de Iberseries &amp; Platino Industria - Spain Film Commission<\/title>\n<meta name=\"robots\" content=\"index, follow, max-snippet:-1, max-image-preview:large, max-video-preview:-1\" \/>\n<link rel=\"canonical\" href=\"https:\/\/spainfilmcommission.com\/en\/blog\/spain-film-commission-sponsor-en-la-segunda-edicion-de-iberseries-platino-industria\/\" \/>\n<meta property=\"og:locale\" content=\"en_US\" \/>\n<meta property=\"og:type\" content=\"article\" \/>\n<meta property=\"og:title\" content=\"Spain Film Commission sponsor en la segunda edici\u00f3n de Iberseries &amp; Platino Industria - Spain Film Commission\" \/>\n<meta property=\"og:description\" content=\"Spain Film\u00a0 Commission, organizaci\u00f3n sin \u00e1nimo de lucro que re\u00fane a 38 film offices y film commissions de todo el territorio nacional, tendr\u00e1 un\u00a0papel activo en la segunda edici\u00f3n de [&hellip;]\" \/>\n<meta property=\"og:url\" content=\"https:\/\/spainfilmcommission.com\/en\/blog\/spain-film-commission-sponsor-en-la-segunda-edicion-de-iberseries-platino-industria\/\" \/>\n<meta property=\"og:site_name\" content=\"Spain Film Commission\" \/>\n<meta property=\"article:published_time\" content=\"2022-09-26T22:00:00+00:00\" \/>\n<meta property=\"article:modified_time\" content=\"2025-02-11T07:06:24+00:00\" \/>\n<meta property=\"og:image\" content=\"https:\/\/spainfilmcommission.com\/wp-content\/uploads\/2024\/11\/spain-film-commission-sponsor-en-la-segunda-edicion-de-iberseries-platino-industria-285.jpg\" \/>\n\t<meta property=\"og:image:width\" content=\"1170\" \/>\n\t<meta property=\"og:image:height\" content=\"878\" \/>\n\t<meta property=\"og:image:type\" content=\"image\/jpeg\" \/>\n<meta name=\"author\" content=\"studio128k_dam\" \/>\n<meta name=\"twitter:card\" content=\"summary_large_image\" \/>\n<meta name=\"twitter:label1\" content=\"Written by\" \/>\n\t<meta name=\"twitter:data1\" content=\"studio128k_dam\" \/>\n\t<meta name=\"twitter:label2\" content=\"Est. reading time\" \/>\n\t<meta name=\"twitter:data2\" content=\"2 minutes\" \/>\n<script type=\"application\/ld+json\" class=\"yoast-schema-graph\">{\"@context\":\"https:\\\/\\\/schema.org\",\"@graph\":[{\"@type\":\"Article\",\"@id\":\"https:\\\/\\\/spainfilmcommission.com\\\/en\\\/blog\\\/spain-film-commission-sponsor-en-la-segunda-edicion-de-iberseries-platino-industria\\\/#article\",\"isPartOf\":{\"@id\":\"https:\\\/\\\/spainfilmcommission.com\\\/en\\\/blog\\\/spain-film-commission-sponsor-en-la-segunda-edicion-de-iberseries-platino-industria\\\/\"},\"author\":{\"name\":\"studio128k_dam\",\"@id\":\"https:\\\/\\\/spainfilmcommission.com\\\/en\\\/#\\\/schema\\\/person\\\/6c014ba6ceac198d178a6a9e61113c9d\"},\"headline\":\"Spain Film Commission sponsor en la segunda edici\u00f3n de Iberseries &#038; Platino Industria\",\"datePublished\":\"2022-09-26T22:00:00+00:00\",\"dateModified\":\"2025-02-11T07:06:24+00:00\",\"mainEntityOfPage\":{\"@id\":\"https:\\\/\\\/spainfilmcommission.com\\\/en\\\/blog\\\/spain-film-commission-sponsor-en-la-segunda-edicion-de-iberseries-platino-industria\\\/\"},\"wordCount\":490,\"publisher\":{\"@id\":\"https:\\\/\\\/spainfilmcommission.com\\\/en\\\/#organization\"},\"image\":{\"@id\":\"https:\\\/\\\/spainfilmcommission.com\\\/en\\\/blog\\\/spain-film-commission-sponsor-en-la-segunda-edicion-de-iberseries-platino-industria\\\/#primaryimage\"},\"thumbnailUrl\":\"https:\\\/\\\/spainfilmcommission.com\\\/wp-content\\\/uploads\\\/2024\\\/11\\\/spain-film-commission-sponsor-en-la-segunda-edicion-de-iberseries-platino-industria-285.jpg\",\"articleSection\":[\"Noticias\"],\"inLanguage\":\"en-US\"},{\"@type\":\"WebPage\",\"@id\":\"https:\\\/\\\/spainfilmcommission.com\\\/en\\\/blog\\\/spain-film-commission-sponsor-en-la-segunda-edicion-de-iberseries-platino-industria\\\/\",\"url\":\"https:\\\/\\\/spainfilmcommission.com\\\/en\\\/blog\\\/spain-film-commission-sponsor-en-la-segunda-edicion-de-iberseries-platino-industria\\\/\",\"name\":\"Spain Film Commission sponsor en la segunda edici\u00f3n de Iberseries & Platino Industria - Spain Film Commission\",\"isPartOf\":{\"@id\":\"https:\\\/\\\/spainfilmcommission.com\\\/en\\\/#website\"},\"primaryImageOfPage\":{\"@id\":\"https:\\\/\\\/spainfilmcommission.com\\\/en\\\/blog\\\/spain-film-commission-sponsor-en-la-segunda-edicion-de-iberseries-platino-industria\\\/#primaryimage\"},\"image\":{\"@id\":\"https:\\\/\\\/spainfilmcommission.com\\\/en\\\/blog\\\/spain-film-commission-sponsor-en-la-segunda-edicion-de-iberseries-platino-industria\\\/#primaryimage\"},\"thumbnailUrl\":\"https:\\\/\\\/spainfilmcommission.com\\\/wp-content\\\/uploads\\\/2024\\\/11\\\/spain-film-commission-sponsor-en-la-segunda-edicion-de-iberseries-platino-industria-285.jpg\",\"datePublished\":\"2022-09-26T22:00:00+00:00\",\"dateModified\":\"2025-02-11T07:06:24+00:00\",\"breadcrumb\":{\"@id\":\"https:\\\/\\\/spainfilmcommission.com\\\/en\\\/blog\\\/spain-film-commission-sponsor-en-la-segunda-edicion-de-iberseries-platino-industria\\\/#breadcrumb\"},\"inLanguage\":\"en-US\",\"potentialAction\":[{\"@type\":\"ReadAction\",\"target\":[\"https:\\\/\\\/spainfilmcommission.com\\\/en\\\/blog\\\/spain-film-commission-sponsor-en-la-segunda-edicion-de-iberseries-platino-industria\\\/\"]}]},{\"@type\":\"ImageObject\",\"inLanguage\":\"en-US\",\"@id\":\"https:\\\/\\\/spainfilmcommission.com\\\/en\\\/blog\\\/spain-film-commission-sponsor-en-la-segunda-edicion-de-iberseries-platino-industria\\\/#primaryimage\",\"url\":\"https:\\\/\\\/spainfilmcommission.com\\\/wp-content\\\/uploads\\\/2024\\\/11\\\/spain-film-commission-sponsor-en-la-segunda-edicion-de-iberseries-platino-industria-285.jpg\",\"contentUrl\":\"https:\\\/\\\/spainfilmcommission.com\\\/wp-content\\\/uploads\\\/2024\\\/11\\\/spain-film-commission-sponsor-en-la-segunda-edicion-de-iberseries-platino-industria-285.jpg\",\"width\":1170,\"height\":878},{\"@type\":\"BreadcrumbList\",\"@id\":\"https:\\\/\\\/spainfilmcommission.com\\\/en\\\/blog\\\/spain-film-commission-sponsor-en-la-segunda-edicion-de-iberseries-platino-industria\\\/#breadcrumb\",\"itemListElement\":[{\"@type\":\"ListItem\",\"position\":1,\"name\":\"Portada\",\"item\":\"https:\\\/\\\/spainfilmcommission.com\\\/en\\\/\"},{\"@type\":\"ListItem\",\"position\":2,\"name\":\"Spain Film Commission sponsor en la segunda edici\u00f3n de Iberseries &#038; Platino Industria\"}]},{\"@type\":\"WebSite\",\"@id\":\"https:\\\/\\\/spainfilmcommission.com\\\/en\\\/#website\",\"url\":\"https:\\\/\\\/spainfilmcommission.com\\\/en\\\/\",\"name\":\"Spain Film Commission\",\"description\":\"\",\"publisher\":{\"@id\":\"https:\\\/\\\/spainfilmcommission.com\\\/en\\\/#organization\"},\"potentialAction\":[{\"@type\":\"SearchAction\",\"target\":{\"@type\":\"EntryPoint\",\"urlTemplate\":\"https:\\\/\\\/spainfilmcommission.com\\\/en\\\/?s={search_term_string}\"},\"query-input\":{\"@type\":\"PropertyValueSpecification\",\"valueRequired\":true,\"valueName\":\"search_term_string\"}}],\"inLanguage\":\"en-US\"},{\"@type\":\"Organization\",\"@id\":\"https:\\\/\\\/spainfilmcommission.com\\\/en\\\/#organization\",\"name\":\"Spain Film Commission\",\"url\":\"https:\\\/\\\/spainfilmcommission.com\\\/en\\\/\",\"logo\":{\"@type\":\"ImageObject\",\"inLanguage\":\"en-US\",\"@id\":\"https:\\\/\\\/spainfilmcommission.com\\\/en\\\/#\\\/schema\\\/logo\\\/image\\\/\",\"url\":\"https:\\\/\\\/spainfilmcommission.com\\\/wp-content\\\/uploads\\\/2024\\\/07\\\/SPC_COLOR.png\",\"contentUrl\":\"https:\\\/\\\/spainfilmcommission.com\\\/wp-content\\\/uploads\\\/2024\\\/07\\\/SPC_COLOR.png\",\"width\":1665,\"height\":1665,\"caption\":\"Spain Film Commission\"},\"image\":{\"@id\":\"https:\\\/\\\/spainfilmcommission.com\\\/en\\\/#\\\/schema\\\/logo\\\/image\\\/\"}},{\"@type\":\"Person\",\"@id\":\"https:\\\/\\\/spainfilmcommission.com\\\/en\\\/#\\\/schema\\\/person\\\/6c014ba6ceac198d178a6a9e61113c9d\",\"name\":\"studio128k_dam\",\"image\":{\"@type\":\"ImageObject\",\"inLanguage\":\"en-US\",\"@id\":\"https:\\\/\\\/secure.gravatar.com\\\/avatar\\\/810f99144a13522c24aa173f9cd8bf079d0e89758af00b5f2938443cd51b31e9?s=96&d=mm&r=g\",\"url\":\"https:\\\/\\\/secure.gravatar.com\\\/avatar\\\/810f99144a13522c24aa173f9cd8bf079d0e89758af00b5f2938443cd51b31e9?s=96&d=mm&r=g\",\"contentUrl\":\"https:\\\/\\\/secure.gravatar.com\\\/avatar\\\/810f99144a13522c24aa173f9cd8bf079d0e89758af00b5f2938443cd51b31e9?s=96&d=mm&r=g\",\"caption\":\"studio128k_dam\"}}]}<\/script>\n<!-- \/ Yoast SEO plugin. -->","yoast_head_json":{"title":"Spain Film Commission sponsor en la segunda edici\u00f3n de Iberseries & Platino Industria - Spain Film Commission","robots":{"index":"index","follow":"follow","max-snippet":"max-snippet:-1","max-image-preview":"max-image-preview:large","max-video-preview":"max-video-preview:-1"},"canonical":"https:\/\/spainfilmcommission.com\/en\/blog\/spain-film-commission-sponsor-en-la-segunda-edicion-de-iberseries-platino-industria\/","og_locale":"en_US","og_type":"article","og_title":"Spain Film Commission sponsor en la segunda edici\u00f3n de Iberseries & Platino Industria - Spain Film Commission","og_description":"Spain Film\u00a0 Commission, organizaci\u00f3n sin \u00e1nimo de lucro que re\u00fane a 38 film offices y film commissions de todo el territorio nacional, tendr\u00e1 un\u00a0papel activo en la segunda edici\u00f3n de [&hellip;]","og_url":"https:\/\/spainfilmcommission.com\/en\/blog\/spain-film-commission-sponsor-en-la-segunda-edicion-de-iberseries-platino-industria\/","og_site_name":"Spain Film Commission","article_published_time":"2022-09-26T22:00:00+00:00","article_modified_time":"2025-02-11T07:06:24+00:00","og_image":[{"width":1170,"height":878,"url":"https:\/\/spainfilmcommission.com\/wp-content\/uploads\/2024\/11\/spain-film-commission-sponsor-en-la-segunda-edicion-de-iberseries-platino-industria-285.jpg","type":"image\/jpeg"}],"author":"studio128k_dam","twitter_card":"summary_large_image","twitter_misc":{"Written by":"studio128k_dam","Est. reading time":"2 minutes"},"schema":{"@context":"https:\/\/schema.org","@graph":[{"@type":"Article","@id":"https:\/\/spainfilmcommission.com\/en\/blog\/spain-film-commission-sponsor-en-la-segunda-edicion-de-iberseries-platino-industria\/#article","isPartOf":{"@id":"https:\/\/spainfilmcommission.com\/en\/blog\/spain-film-commission-sponsor-en-la-segunda-edicion-de-iberseries-platino-industria\/"},"author":{"name":"studio128k_dam","@id":"https:\/\/spainfilmcommission.com\/en\/#\/schema\/person\/6c014ba6ceac198d178a6a9e61113c9d"},"headline":"Spain Film Commission sponsor en la segunda edici\u00f3n de Iberseries &#038; Platino Industria","datePublished":"2022-09-26T22:00:00+00:00","dateModified":"2025-02-11T07:06:24+00:00","mainEntityOfPage":{"@id":"https:\/\/spainfilmcommission.com\/en\/blog\/spain-film-commission-sponsor-en-la-segunda-edicion-de-iberseries-platino-industria\/"},"wordCount":490,"publisher":{"@id":"https:\/\/spainfilmcommission.com\/en\/#organization"},"image":{"@id":"https:\/\/spainfilmcommission.com\/en\/blog\/spain-film-commission-sponsor-en-la-segunda-edicion-de-iberseries-platino-industria\/#primaryimage"},"thumbnailUrl":"https:\/\/spainfilmcommission.com\/wp-content\/uploads\/2024\/11\/spain-film-commission-sponsor-en-la-segunda-edicion-de-iberseries-platino-industria-285.jpg","articleSection":["Noticias"],"inLanguage":"en-US"},{"@type":"WebPage","@id":"https:\/\/spainfilmcommission.com\/en\/blog\/spain-film-commission-sponsor-en-la-segunda-edicion-de-iberseries-platino-industria\/","url":"https:\/\/spainfilmcommission.com\/en\/blog\/spain-film-commission-sponsor-en-la-segunda-edicion-de-iberseries-platino-industria\/","name":"Spain Film Commission sponsor en la segunda edici\u00f3n de Iberseries & Platino Industria - Spain Film Commission","isPartOf":{"@id":"https:\/\/spainfilmcommission.com\/en\/#website"},"primaryImageOfPage":{"@id":"https:\/\/spainfilmcommission.com\/en\/blog\/spain-film-commission-sponsor-en-la-segunda-edicion-de-iberseries-platino-industria\/#primaryimage"},"image":{"@id":"https:\/\/spainfilmcommission.com\/en\/blog\/spain-film-commission-sponsor-en-la-segunda-edicion-de-iberseries-platino-industria\/#primaryimage"},"thumbnailUrl":"https:\/\/spainfilmcommission.com\/wp-content\/uploads\/2024\/11\/spain-film-commission-sponsor-en-la-segunda-edicion-de-iberseries-platino-industria-285.jpg","datePublished":"2022-09-26T22:00:00+00:00","dateModified":"2025-02-11T07:06:24+00:00","breadcrumb":{"@id":"https:\/\/spainfilmcommission.com\/en\/blog\/spain-film-commission-sponsor-en-la-segunda-edicion-de-iberseries-platino-industria\/#breadcrumb"},"inLanguage":"en-US","potentialAction":[{"@type":"ReadAction","target":["https:\/\/spainfilmcommission.com\/en\/blog\/spain-film-commission-sponsor-en-la-segunda-edicion-de-iberseries-platino-industria\/"]}]},{"@type":"ImageObject","inLanguage":"en-US","@id":"https:\/\/spainfilmcommission.com\/en\/blog\/spain-film-commission-sponsor-en-la-segunda-edicion-de-iberseries-platino-industria\/#primaryimage","url":"https:\/\/spainfilmcommission.com\/wp-content\/uploads\/2024\/11\/spain-film-commission-sponsor-en-la-segunda-edicion-de-iberseries-platino-industria-285.jpg","contentUrl":"https:\/\/spainfilmcommission.com\/wp-content\/uploads\/2024\/11\/spain-film-commission-sponsor-en-la-segunda-edicion-de-iberseries-platino-industria-285.jpg","width":1170,"height":878},{"@type":"BreadcrumbList","@id":"https:\/\/spainfilmcommission.com\/en\/blog\/spain-film-commission-sponsor-en-la-segunda-edicion-de-iberseries-platino-industria\/#breadcrumb","itemListElement":[{"@type":"ListItem","position":1,"name":"Portada","item":"https:\/\/spainfilmcommission.com\/en\/"},{"@type":"ListItem","position":2,"name":"Spain Film Commission sponsor en la segunda edici\u00f3n de Iberseries &#038; Platino Industria"}]},{"@type":"WebSite","@id":"https:\/\/spainfilmcommission.com\/en\/#website","url":"https:\/\/spainfilmcommission.com\/en\/","name":"Spain Film Commission","description":"","publisher":{"@id":"https:\/\/spainfilmcommission.com\/en\/#organization"},"potentialAction":[{"@type":"SearchAction","target":{"@type":"EntryPoint","urlTemplate":"https:\/\/spainfilmcommission.com\/en\/?s={search_term_string}"},"query-input":{"@type":"PropertyValueSpecification","valueRequired":true,"valueName":"search_term_string"}}],"inLanguage":"en-US"},{"@type":"Organization","@id":"https:\/\/spainfilmcommission.com\/en\/#organization","name":"Spain Film Commission","url":"https:\/\/spainfilmcommission.com\/en\/","logo":{"@type":"ImageObject","inLanguage":"en-US","@id":"https:\/\/spainfilmcommission.com\/en\/#\/schema\/logo\/image\/","url":"https:\/\/spainfilmcommission.com\/wp-content\/uploads\/2024\/07\/SPC_COLOR.png","contentUrl":"https:\/\/spainfilmcommission.com\/wp-content\/uploads\/2024\/07\/SPC_COLOR.png","width":1665,"height":1665,"caption":"Spain Film Commission"},"image":{"@id":"https:\/\/spainfilmcommission.com\/en\/#\/schema\/logo\/image\/"}},{"@type":"Person","@id":"https:\/\/spainfilmcommission.com\/en\/#\/schema\/person\/6c014ba6ceac198d178a6a9e61113c9d","name":"studio128k_dam","image":{"@type":"ImageObject","inLanguage":"en-US","@id":"https:\/\/secure.gravatar.com\/avatar\/810f99144a13522c24aa173f9cd8bf079d0e89758af00b5f2938443cd51b31e9?s=96&d=mm&r=g","url":"https:\/\/secure.gravatar.com\/avatar\/810f99144a13522c24aa173f9cd8bf079d0e89758af00b5f2938443cd51b31e9?s=96&d=mm&r=g","contentUrl":"https:\/\/secure.gravatar.com\/avatar\/810f99144a13522c24aa173f9cd8bf079d0e89758af00b5f2938443cd51b31e9?s=96&d=mm&r=g","caption":"studio128k_dam"}}]}},"_links":{"self":[{"href":"https:\/\/spainfilmcommission.com\/en\/wp-json\/wp\/v2\/posts\/8689","targetHints":{"allow":["GET"]}}],"collection":[{"href":"https:\/\/spainfilmcommission.com\/en\/wp-json\/wp\/v2\/posts"}],"about":[{"href":"https:\/\/spainfilmcommission.com\/en\/wp-json\/wp\/v2\/types\/post"}],"author":[{"embeddable":true,"href":"https:\/\/spainfilmcommission.com\/en\/wp-json\/wp\/v2\/users\/2"}],"replies":[{"embeddable":true,"href":"https:\/\/spainfilmcommission.com\/en\/wp-json\/wp\/v2\/comments?post=8689"}],"version-history":[{"count":0,"href":"https:\/\/spainfilmcommission.com\/en\/wp-json\/wp\/v2\/posts\/8689\/revisions"}],"wp:featuredmedia":[{"embeddable":true,"href":"https:\/\/spainfilmcommission.com\/en\/wp-json\/wp\/v2\/media\/8690"}],"wp:attachment":[{"href":"https:\/\/spainfilmcommission.com\/en\/wp-json\/wp\/v2\/media?parent=8689"}],"wp:term":[{"taxonomy":"category","embeddable":true,"href":"https:\/\/spainfilmcommission.com\/en\/wp-json\/wp\/v2\/categories?post=8689"},{"taxonomy":"post_tag","embeddable":true,"href":"https:\/\/spainfilmcommission.com\/en\/wp-json\/wp\/v2\/tags?post=8689"}],"curies":[{"name":"wp","href":"https:\/\/api.w.org\/{rel}","templated":true}]}}