{"id":8677,"date":"2022-09-19T00:00:00","date_gmt":"2022-09-18T22:00:00","guid":{"rendered":"https:\/\/sfc.com\/spain-film-commission-traslada-a-ximo-puig-su-pleno-apoyo-a-la-reapertura-de-la-ciudad-de-la-luz-de-alicante-y-asegura-que-su-puesta-en-marcha-beneficia-a-todo-el-pais\/"},"modified":"2025-02-11T08:06:47","modified_gmt":"2025-02-11T07:06:47","slug":"spain-film-commission-traslada-a-ximo-puig-su-pleno-apoyo-a-la-reapertura-de-la-ciudad-de-la-luz-de-alicante-y-asegura-que-su-puesta-en-marcha-beneficia-a-todo-el-pais","status":"publish","type":"post","link":"https:\/\/spainfilmcommission.com\/en\/blog\/spain-film-commission-traslada-a-ximo-puig-su-pleno-apoyo-a-la-reapertura-de-la-ciudad-de-la-luz-de-alicante-y-asegura-que-su-puesta-en-marcha-beneficia-a-todo-el-pais\/","title":{"rendered":"Spain Film Commission traslada a Ximo Puig su pleno apoyo a la reapertura de la Ciudad de la Luz de Alicante y asegura que su puesta en marcha beneficia a todo el pa\u00eds"},"content":{"rendered":"<ul style=\"font-family:Arial, sans-serif;font-size:12px;\">\n<li><span style=\"font-size:14px;\"><em>El presidente de SFC, Carlos Rosado, y el president de la Generalitat Valenciana, Ximo Puig, se re\u00fanen con motivo de la presentaci\u00f3n de la Ciudad de la Luz en el Festival de San Sebasti\u00e1n.<\/em><\/span><\/li>\n<li><span style=\"font-size:14px;\"><em>Rosado ha invitado a Puig a que la Ciudad de la Luz se sume a SFC para &#8220;unir fuerzas, ganar competitividad, fortalecer la industria audiovisual espa\u00f1ola y generar actividad econ\u00f3mica.<\/em><\/span><\/li>\n<\/ul>\n<div>\n<p style=\"font-size:12px;font-family:Arial, sans-serif;text-align:justify;\"><span style=\"font-size:14px;\"><a href=\"http:\/\/www.shootinginspain.info\/\" target=\"_blank\">Spain Film Commission<\/a>, la organizaci\u00f3n sin \u00e1nimo de lucro que agrupa a 37 Film Commissions y Film Offices de toda Espa\u00f1a, ha expresado al president de la Generalitat Valenciana,\u00a0<strong>Ximo Puig<\/strong>, su pleno apoyo a la reapertura de los estudios de Ciudad de la Luz de Alicante. Adem\u00e1s, el presidente de SFC,<strong>\u00a0Carlos Rosado<\/strong>, ha invitado a Puig a que la Ciudad de la Luz se sume a la red territorial de SFC para\u00a0<em>&#8220;unir fuerzas, ganar competitividad, fortalecer la industria audiovisual espa\u00f1ola y generar actividad econ\u00f3mica&#8221;.<\/em><\/span><\/p>\n<p style=\"font-size:12px;font-family:Arial, sans-serif;text-align:justify;\"><span style=\"font-size:14px;\">El 70\u00a0<a href=\"https:\/\/www.sansebastianfestival.com\/es\/\" target=\"_blank\">Festival de San Sebasti\u00e1n<\/a>\u00a0ha acogido la presentaci\u00f3n de la nueva etapa de estos estudios ante las principales productoras de cine, asociaciones profesionales, instituciones y prensa especializada, en un acto que ha tenido lugar en el Club de Prensa del Centro Kursaal, dentro del propio certamen.<\/span><\/p>\n<p style=\"font-size:12px;font-family:Arial, sans-serif;text-align:justify;\"><span style=\"font-size:14px;\">Con motivo de esta presentaci\u00f3n, el presidente de SFC,\u00a0<strong>Carlos Rosado<\/strong>, y el president de la Generalitat Valenciana,\u00a0<strong>Ximo Puig<\/strong>, han mantenido un encuentro previo en el que Rosado ha trasladado a Puig el apoyo de SFC a la reapertura de la Ciudad de la Luz. Rosado ha destacado\u00a0<em>&#8220;el valor y el potencial de estas instalaciones para la producci\u00f3n audiovisual, que posicionan a Espa\u00f1a como Hub Audiovisual de Europa y benefician al conjunto del pa\u00eds&#8221;.<\/em><\/span><\/p>\n<p style=\"font-size:12px;font-family:Arial, sans-serif;text-align:justify;\"><span style=\"font-size:14px;\">Ciudad de la Luz es un complejo industrial audiovisual situado en Alicante, propiedad de la Generalitat, a trav\u00e9s de su empresa p\u00fablica Sociedad Proyectos Tem\u00e1ticos de la Comunidad Valenciana. Estos estudios est\u00e1n considerados como unos de los mejores del mundo, tanto por sus instalaciones como por su privilegiada ubicaci\u00f3n. Disponen de talleres de seis plat\u00f3s, tres edificios para soporte a las producciones, espacios de apoyo, y dos\u00a0<em>back lots<\/em>, uno de ellos con el mejor tanque de agua de Europa.<\/span><\/p>\n<p style=\"font-size:12px;font-family:Arial, sans-serif;text-align:justify;\"><span style=\"font-size:14px;\">En esta nueva etapa, Ciudad de la Luz cuenta con servicios avanzados de producci\u00f3n audiovisual e incorpora todos los medios e instalaciones necesarias para el desarrollo de las producciones cinematogr\u00e1ficas y audiovisuales en todas sus fases.<\/span><\/p>\n<p style=\"font-size:12px;font-family:Arial, sans-serif;text-align:justify;\"><span style=\"font-size:14px;\">La presentaci\u00f3n ha contado con la asistencia del propio presidente de Spain Film Comission,\u00a0<strong>Carlos Rosado<\/strong>; la directora general de Industrias Culturales del Ministerio de Cultura,<strong>\u00a0Adriana Moscoso<\/strong>; la consellera de Innovaci\u00f3n de la Generalitat Valenciana,<strong>\u00a0Josefina Bueno<\/strong>, y la consellera de Cultura de la Generalitat de Catalunya,<strong>\u00a0Nat\u00e0lia Garriga,<\/strong>\u00a0adem\u00e1s del presidente de RTVE,\u00a0<strong>Jos\u00e9 Manuel P\u00e9rez Tornero<\/strong>, de numerosas productoras -entre ellas,\u00a0<strong>Babieka<\/strong>,\u00a0<strong>Tornasol Films\u00a0<\/strong>y\u00a0<strong>Oria Films<\/strong>&#8211; y de representantes de las plataformas\u00a0<strong>Netflix\u00a0<\/strong>y<strong>\u00a0Amazon.<\/strong><\/span><\/p>\n<p style=\"font-size:12px;font-family:Arial, sans-serif;text-align:justify;\">\u00a0<\/p>\n<h3 style=\"font-family:Arial, sans-serif;font-weight:600;line-height:1.1;color:rgb(225,11,19);margin-top:20px;margin-bottom:10px;font-size:12px;text-transform:uppercase;text-align:justify;\"><span style=\"font-family:'lucida sans unicode', 'lucida grande', sans-serif;\"><span style=\"font-size:16px;\">#SHOOTINGINSPAIN #RUEDAENESPA\u00d1A\u00a0<\/span><\/span><span style=\"font-size:16px;\">\u00a0#WEMAKETHEMAGIC #SPAINAVHUB #PLANDERECUPERACION<\/span><\/h3>\n<\/div>\n","protected":false},"excerpt":{"rendered":"<ul style=\"font-family:Arial, sans-serif;font-size:12px;\">\n<li><span style=\"font-size:14px;\"><em>El presidente de SFC, Carlos Rosado, y el president de la Generalitat Valenciana, Ximo Puig, se re\u00fanen con motivo de la presentaci\u00f3n de la Ciudad de la Luz en el Festival de San Sebasti\u00e1n.<\/em><\/span><\/li>\n<li><span style=\"font-size:14px;\"><em>Rosado ha invitado a Puig a que la Ciudad de la Luz se sume a SFC para &#8220;unir fuerzas, ganar competitividad, fortalecer la industria audiovisual espa\u00f1ola y generar actividad econ\u00f3mica.<\/em><\/span><\/li>\n<\/ul>\n","protected":false},"author":2,"featured_media":8678,"comment_status":"closed","ping_status":"","sticky":false,"template":"","format":"standard","meta":{"footnotes":""},"categories":[38],"tags":[],"class_list":["post-8677","post","type-post","status-publish","format-standard","has-post-thumbnail","hentry","category-noticias"],"yoast_head":"<!-- This site is optimized with the Yoast SEO plugin v27.3 - https:\/\/yoast.com\/product\/yoast-seo-wordpress\/ -->\n<title>Spain Film Commission traslada a Ximo Puig su pleno apoyo a la reapertura de la Ciudad de la Luz de Alicante y asegura que su puesta en marcha beneficia a todo el pa\u00eds - Spain Film Commission<\/title>\n<meta name=\"robots\" content=\"index, follow, max-snippet:-1, max-image-preview:large, max-video-preview:-1\" \/>\n<link rel=\"canonical\" href=\"https:\/\/spainfilmcommission.com\/en\/blog\/spain-film-commission-traslada-a-ximo-puig-su-pleno-apoyo-a-la-reapertura-de-la-ciudad-de-la-luz-de-alicante-y-asegura-que-su-puesta-en-marcha-beneficia-a-todo-el-pais\/\" \/>\n<meta property=\"og:locale\" content=\"en_US\" \/>\n<meta property=\"og:type\" content=\"article\" \/>\n<meta property=\"og:title\" content=\"Spain Film Commission traslada a Ximo Puig su pleno apoyo a la reapertura de la Ciudad de la Luz de Alicante y asegura que su puesta en marcha beneficia a todo el pa\u00eds - Spain Film Commission\" \/>\n<meta property=\"og:description\" content=\"El presidente de SFC, Carlos Rosado, y el president de la Generalitat Valenciana, Ximo Puig, se re\u00fanen con motivo de la presentaci\u00f3n de la Ciudad de la Luz en el Festival de San Sebasti\u00e1n. Rosado ha invitado a Puig a que la Ciudad de la Luz se sume a SFC para &#8220;unir fuerzas, ganar competitividad, fortalecer la industria audiovisual espa\u00f1ola y generar actividad econ\u00f3mica.\" \/>\n<meta property=\"og:url\" content=\"https:\/\/spainfilmcommission.com\/en\/blog\/spain-film-commission-traslada-a-ximo-puig-su-pleno-apoyo-a-la-reapertura-de-la-ciudad-de-la-luz-de-alicante-y-asegura-que-su-puesta-en-marcha-beneficia-a-todo-el-pais\/\" \/>\n<meta property=\"og:site_name\" content=\"Spain Film Commission\" \/>\n<meta property=\"article:published_time\" content=\"2022-09-18T22:00:00+00:00\" \/>\n<meta property=\"article:modified_time\" content=\"2025-02-11T07:06:47+00:00\" \/>\n<meta property=\"og:image\" content=\"https:\/\/spainfilmcommission.com\/wp-content\/uploads\/2024\/11\/spain-film-commission-traslada-a-ximo-puig-su-pleno-apoyo-a-la-reapertura-de-la-ciudad-de-la-luz-de-alicante-y-asegura-que-su-puesta-en-marcha-beneficia-a-todo-el-pais-281.jpeg\" \/>\n\t<meta property=\"og:image:width\" content=\"1024\" \/>\n\t<meta property=\"og:image:height\" content=\"782\" \/>\n\t<meta property=\"og:image:type\" content=\"image\/jpeg\" \/>\n<meta name=\"author\" content=\"studio128k_dam\" \/>\n<meta name=\"twitter:card\" content=\"summary_large_image\" \/>\n<meta name=\"twitter:label1\" content=\"Written by\" \/>\n\t<meta name=\"twitter:data1\" content=\"studio128k_dam\" \/>\n\t<meta name=\"twitter:label2\" content=\"Est. reading time\" \/>\n\t<meta name=\"twitter:data2\" content=\"3 minutes\" \/>\n<script type=\"application\/ld+json\" class=\"yoast-schema-graph\">{\"@context\":\"https:\\\/\\\/schema.org\",\"@graph\":[{\"@type\":\"Article\",\"@id\":\"https:\\\/\\\/spainfilmcommission.com\\\/en\\\/blog\\\/spain-film-commission-traslada-a-ximo-puig-su-pleno-apoyo-a-la-reapertura-de-la-ciudad-de-la-luz-de-alicante-y-asegura-que-su-puesta-en-marcha-beneficia-a-todo-el-pais\\\/#article\",\"isPartOf\":{\"@id\":\"https:\\\/\\\/spainfilmcommission.com\\\/en\\\/blog\\\/spain-film-commission-traslada-a-ximo-puig-su-pleno-apoyo-a-la-reapertura-de-la-ciudad-de-la-luz-de-alicante-y-asegura-que-su-puesta-en-marcha-beneficia-a-todo-el-pais\\\/\"},\"author\":{\"name\":\"studio128k_dam\",\"@id\":\"https:\\\/\\\/spainfilmcommission.com\\\/en\\\/#\\\/schema\\\/person\\\/6c014ba6ceac198d178a6a9e61113c9d\"},\"headline\":\"Spain Film Commission traslada a Ximo Puig su pleno apoyo a la reapertura de la Ciudad de la Luz de Alicante y asegura que su puesta en marcha beneficia a todo el pa\u00eds\",\"datePublished\":\"2022-09-18T22:00:00+00:00\",\"dateModified\":\"2025-02-11T07:06:47+00:00\",\"mainEntityOfPage\":{\"@id\":\"https:\\\/\\\/spainfilmcommission.com\\\/en\\\/blog\\\/spain-film-commission-traslada-a-ximo-puig-su-pleno-apoyo-a-la-reapertura-de-la-ciudad-de-la-luz-de-alicante-y-asegura-que-su-puesta-en-marcha-beneficia-a-todo-el-pais\\\/\"},\"wordCount\":537,\"publisher\":{\"@id\":\"https:\\\/\\\/spainfilmcommission.com\\\/en\\\/#organization\"},\"image\":{\"@id\":\"https:\\\/\\\/spainfilmcommission.com\\\/en\\\/blog\\\/spain-film-commission-traslada-a-ximo-puig-su-pleno-apoyo-a-la-reapertura-de-la-ciudad-de-la-luz-de-alicante-y-asegura-que-su-puesta-en-marcha-beneficia-a-todo-el-pais\\\/#primaryimage\"},\"thumbnailUrl\":\"https:\\\/\\\/spainfilmcommission.com\\\/wp-content\\\/uploads\\\/2024\\\/11\\\/spain-film-commission-traslada-a-ximo-puig-su-pleno-apoyo-a-la-reapertura-de-la-ciudad-de-la-luz-de-alicante-y-asegura-que-su-puesta-en-marcha-beneficia-a-todo-el-pais-281.jpeg\",\"articleSection\":[\"Noticias\"],\"inLanguage\":\"en-US\"},{\"@type\":\"WebPage\",\"@id\":\"https:\\\/\\\/spainfilmcommission.com\\\/en\\\/blog\\\/spain-film-commission-traslada-a-ximo-puig-su-pleno-apoyo-a-la-reapertura-de-la-ciudad-de-la-luz-de-alicante-y-asegura-que-su-puesta-en-marcha-beneficia-a-todo-el-pais\\\/\",\"url\":\"https:\\\/\\\/spainfilmcommission.com\\\/en\\\/blog\\\/spain-film-commission-traslada-a-ximo-puig-su-pleno-apoyo-a-la-reapertura-de-la-ciudad-de-la-luz-de-alicante-y-asegura-que-su-puesta-en-marcha-beneficia-a-todo-el-pais\\\/\",\"name\":\"Spain Film Commission traslada a Ximo Puig su pleno apoyo a la reapertura de la Ciudad de la Luz de Alicante y asegura que su puesta en marcha beneficia a todo el pa\u00eds - Spain Film Commission\",\"isPartOf\":{\"@id\":\"https:\\\/\\\/spainfilmcommission.com\\\/en\\\/#website\"},\"primaryImageOfPage\":{\"@id\":\"https:\\\/\\\/spainfilmcommission.com\\\/en\\\/blog\\\/spain-film-commission-traslada-a-ximo-puig-su-pleno-apoyo-a-la-reapertura-de-la-ciudad-de-la-luz-de-alicante-y-asegura-que-su-puesta-en-marcha-beneficia-a-todo-el-pais\\\/#primaryimage\"},\"image\":{\"@id\":\"https:\\\/\\\/spainfilmcommission.com\\\/en\\\/blog\\\/spain-film-commission-traslada-a-ximo-puig-su-pleno-apoyo-a-la-reapertura-de-la-ciudad-de-la-luz-de-alicante-y-asegura-que-su-puesta-en-marcha-beneficia-a-todo-el-pais\\\/#primaryimage\"},\"thumbnailUrl\":\"https:\\\/\\\/spainfilmcommission.com\\\/wp-content\\\/uploads\\\/2024\\\/11\\\/spain-film-commission-traslada-a-ximo-puig-su-pleno-apoyo-a-la-reapertura-de-la-ciudad-de-la-luz-de-alicante-y-asegura-que-su-puesta-en-marcha-beneficia-a-todo-el-pais-281.jpeg\",\"datePublished\":\"2022-09-18T22:00:00+00:00\",\"dateModified\":\"2025-02-11T07:06:47+00:00\",\"breadcrumb\":{\"@id\":\"https:\\\/\\\/spainfilmcommission.com\\\/en\\\/blog\\\/spain-film-commission-traslada-a-ximo-puig-su-pleno-apoyo-a-la-reapertura-de-la-ciudad-de-la-luz-de-alicante-y-asegura-que-su-puesta-en-marcha-beneficia-a-todo-el-pais\\\/#breadcrumb\"},\"inLanguage\":\"en-US\",\"potentialAction\":[{\"@type\":\"ReadAction\",\"target\":[\"https:\\\/\\\/spainfilmcommission.com\\\/en\\\/blog\\\/spain-film-commission-traslada-a-ximo-puig-su-pleno-apoyo-a-la-reapertura-de-la-ciudad-de-la-luz-de-alicante-y-asegura-que-su-puesta-en-marcha-beneficia-a-todo-el-pais\\\/\"]}]},{\"@type\":\"ImageObject\",\"inLanguage\":\"en-US\",\"@id\":\"https:\\\/\\\/spainfilmcommission.com\\\/en\\\/blog\\\/spain-film-commission-traslada-a-ximo-puig-su-pleno-apoyo-a-la-reapertura-de-la-ciudad-de-la-luz-de-alicante-y-asegura-que-su-puesta-en-marcha-beneficia-a-todo-el-pais\\\/#primaryimage\",\"url\":\"https:\\\/\\\/spainfilmcommission.com\\\/wp-content\\\/uploads\\\/2024\\\/11\\\/spain-film-commission-traslada-a-ximo-puig-su-pleno-apoyo-a-la-reapertura-de-la-ciudad-de-la-luz-de-alicante-y-asegura-que-su-puesta-en-marcha-beneficia-a-todo-el-pais-281.jpeg\",\"contentUrl\":\"https:\\\/\\\/spainfilmcommission.com\\\/wp-content\\\/uploads\\\/2024\\\/11\\\/spain-film-commission-traslada-a-ximo-puig-su-pleno-apoyo-a-la-reapertura-de-la-ciudad-de-la-luz-de-alicante-y-asegura-que-su-puesta-en-marcha-beneficia-a-todo-el-pais-281.jpeg\",\"width\":1024,\"height\":782},{\"@type\":\"BreadcrumbList\",\"@id\":\"https:\\\/\\\/spainfilmcommission.com\\\/en\\\/blog\\\/spain-film-commission-traslada-a-ximo-puig-su-pleno-apoyo-a-la-reapertura-de-la-ciudad-de-la-luz-de-alicante-y-asegura-que-su-puesta-en-marcha-beneficia-a-todo-el-pais\\\/#breadcrumb\",\"itemListElement\":[{\"@type\":\"ListItem\",\"position\":1,\"name\":\"Portada\",\"item\":\"https:\\\/\\\/spainfilmcommission.com\\\/en\\\/\"},{\"@type\":\"ListItem\",\"position\":2,\"name\":\"Spain Film Commission traslada a Ximo Puig su pleno apoyo a la reapertura de la Ciudad de la Luz de Alicante y asegura que su puesta en marcha beneficia a todo el pa\u00eds\"}]},{\"@type\":\"WebSite\",\"@id\":\"https:\\\/\\\/spainfilmcommission.com\\\/en\\\/#website\",\"url\":\"https:\\\/\\\/spainfilmcommission.com\\\/en\\\/\",\"name\":\"Spain Film Commission\",\"description\":\"\",\"publisher\":{\"@id\":\"https:\\\/\\\/spainfilmcommission.com\\\/en\\\/#organization\"},\"potentialAction\":[{\"@type\":\"SearchAction\",\"target\":{\"@type\":\"EntryPoint\",\"urlTemplate\":\"https:\\\/\\\/spainfilmcommission.com\\\/en\\\/?s={search_term_string}\"},\"query-input\":{\"@type\":\"PropertyValueSpecification\",\"valueRequired\":true,\"valueName\":\"search_term_string\"}}],\"inLanguage\":\"en-US\"},{\"@type\":\"Organization\",\"@id\":\"https:\\\/\\\/spainfilmcommission.com\\\/en\\\/#organization\",\"name\":\"Spain Film Commission\",\"url\":\"https:\\\/\\\/spainfilmcommission.com\\\/en\\\/\",\"logo\":{\"@type\":\"ImageObject\",\"inLanguage\":\"en-US\",\"@id\":\"https:\\\/\\\/spainfilmcommission.com\\\/en\\\/#\\\/schema\\\/logo\\\/image\\\/\",\"url\":\"https:\\\/\\\/spainfilmcommission.com\\\/wp-content\\\/uploads\\\/2024\\\/07\\\/SPC_COLOR.png\",\"contentUrl\":\"https:\\\/\\\/spainfilmcommission.com\\\/wp-content\\\/uploads\\\/2024\\\/07\\\/SPC_COLOR.png\",\"width\":1665,\"height\":1665,\"caption\":\"Spain Film Commission\"},\"image\":{\"@id\":\"https:\\\/\\\/spainfilmcommission.com\\\/en\\\/#\\\/schema\\\/logo\\\/image\\\/\"}},{\"@type\":\"Person\",\"@id\":\"https:\\\/\\\/spainfilmcommission.com\\\/en\\\/#\\\/schema\\\/person\\\/6c014ba6ceac198d178a6a9e61113c9d\",\"name\":\"studio128k_dam\",\"image\":{\"@type\":\"ImageObject\",\"inLanguage\":\"en-US\",\"@id\":\"https:\\\/\\\/secure.gravatar.com\\\/avatar\\\/810f99144a13522c24aa173f9cd8bf079d0e89758af00b5f2938443cd51b31e9?s=96&d=mm&r=g\",\"url\":\"https:\\\/\\\/secure.gravatar.com\\\/avatar\\\/810f99144a13522c24aa173f9cd8bf079d0e89758af00b5f2938443cd51b31e9?s=96&d=mm&r=g\",\"contentUrl\":\"https:\\\/\\\/secure.gravatar.com\\\/avatar\\\/810f99144a13522c24aa173f9cd8bf079d0e89758af00b5f2938443cd51b31e9?s=96&d=mm&r=g\",\"caption\":\"studio128k_dam\"}}]}<\/script>\n<!-- \/ Yoast SEO plugin. -->","yoast_head_json":{"title":"Spain Film Commission traslada a Ximo Puig su pleno apoyo a la reapertura de la Ciudad de la Luz de Alicante y asegura que su puesta en marcha beneficia a todo el pa\u00eds - Spain Film Commission","robots":{"index":"index","follow":"follow","max-snippet":"max-snippet:-1","max-image-preview":"max-image-preview:large","max-video-preview":"max-video-preview:-1"},"canonical":"https:\/\/spainfilmcommission.com\/en\/blog\/spain-film-commission-traslada-a-ximo-puig-su-pleno-apoyo-a-la-reapertura-de-la-ciudad-de-la-luz-de-alicante-y-asegura-que-su-puesta-en-marcha-beneficia-a-todo-el-pais\/","og_locale":"en_US","og_type":"article","og_title":"Spain Film Commission traslada a Ximo Puig su pleno apoyo a la reapertura de la Ciudad de la Luz de Alicante y asegura que su puesta en marcha beneficia a todo el pa\u00eds - Spain Film Commission","og_description":"El presidente de SFC, Carlos Rosado, y el president de la Generalitat Valenciana, Ximo Puig, se re\u00fanen con motivo de la presentaci\u00f3n de la Ciudad de la Luz en el Festival de San Sebasti\u00e1n. Rosado ha invitado a Puig a que la Ciudad de la Luz se sume a SFC para &#8220;unir fuerzas, ganar competitividad, fortalecer la industria audiovisual espa\u00f1ola y generar actividad econ\u00f3mica.","og_url":"https:\/\/spainfilmcommission.com\/en\/blog\/spain-film-commission-traslada-a-ximo-puig-su-pleno-apoyo-a-la-reapertura-de-la-ciudad-de-la-luz-de-alicante-y-asegura-que-su-puesta-en-marcha-beneficia-a-todo-el-pais\/","og_site_name":"Spain Film Commission","article_published_time":"2022-09-18T22:00:00+00:00","article_modified_time":"2025-02-11T07:06:47+00:00","og_image":[{"width":1024,"height":782,"url":"https:\/\/spainfilmcommission.com\/wp-content\/uploads\/2024\/11\/spain-film-commission-traslada-a-ximo-puig-su-pleno-apoyo-a-la-reapertura-de-la-ciudad-de-la-luz-de-alicante-y-asegura-que-su-puesta-en-marcha-beneficia-a-todo-el-pais-281.jpeg","type":"image\/jpeg"}],"author":"studio128k_dam","twitter_card":"summary_large_image","twitter_misc":{"Written by":"studio128k_dam","Est. reading time":"3 minutes"},"schema":{"@context":"https:\/\/schema.org","@graph":[{"@type":"Article","@id":"https:\/\/spainfilmcommission.com\/en\/blog\/spain-film-commission-traslada-a-ximo-puig-su-pleno-apoyo-a-la-reapertura-de-la-ciudad-de-la-luz-de-alicante-y-asegura-que-su-puesta-en-marcha-beneficia-a-todo-el-pais\/#article","isPartOf":{"@id":"https:\/\/spainfilmcommission.com\/en\/blog\/spain-film-commission-traslada-a-ximo-puig-su-pleno-apoyo-a-la-reapertura-de-la-ciudad-de-la-luz-de-alicante-y-asegura-que-su-puesta-en-marcha-beneficia-a-todo-el-pais\/"},"author":{"name":"studio128k_dam","@id":"https:\/\/spainfilmcommission.com\/en\/#\/schema\/person\/6c014ba6ceac198d178a6a9e61113c9d"},"headline":"Spain Film Commission traslada a Ximo Puig su pleno apoyo a la reapertura de la Ciudad de la Luz de Alicante y asegura que su puesta en marcha beneficia a todo el pa\u00eds","datePublished":"2022-09-18T22:00:00+00:00","dateModified":"2025-02-11T07:06:47+00:00","mainEntityOfPage":{"@id":"https:\/\/spainfilmcommission.com\/en\/blog\/spain-film-commission-traslada-a-ximo-puig-su-pleno-apoyo-a-la-reapertura-de-la-ciudad-de-la-luz-de-alicante-y-asegura-que-su-puesta-en-marcha-beneficia-a-todo-el-pais\/"},"wordCount":537,"publisher":{"@id":"https:\/\/spainfilmcommission.com\/en\/#organization"},"image":{"@id":"https:\/\/spainfilmcommission.com\/en\/blog\/spain-film-commission-traslada-a-ximo-puig-su-pleno-apoyo-a-la-reapertura-de-la-ciudad-de-la-luz-de-alicante-y-asegura-que-su-puesta-en-marcha-beneficia-a-todo-el-pais\/#primaryimage"},"thumbnailUrl":"https:\/\/spainfilmcommission.com\/wp-content\/uploads\/2024\/11\/spain-film-commission-traslada-a-ximo-puig-su-pleno-apoyo-a-la-reapertura-de-la-ciudad-de-la-luz-de-alicante-y-asegura-que-su-puesta-en-marcha-beneficia-a-todo-el-pais-281.jpeg","articleSection":["Noticias"],"inLanguage":"en-US"},{"@type":"WebPage","@id":"https:\/\/spainfilmcommission.com\/en\/blog\/spain-film-commission-traslada-a-ximo-puig-su-pleno-apoyo-a-la-reapertura-de-la-ciudad-de-la-luz-de-alicante-y-asegura-que-su-puesta-en-marcha-beneficia-a-todo-el-pais\/","url":"https:\/\/spainfilmcommission.com\/en\/blog\/spain-film-commission-traslada-a-ximo-puig-su-pleno-apoyo-a-la-reapertura-de-la-ciudad-de-la-luz-de-alicante-y-asegura-que-su-puesta-en-marcha-beneficia-a-todo-el-pais\/","name":"Spain Film Commission traslada a Ximo Puig su pleno apoyo a la reapertura de la Ciudad de la Luz de Alicante y asegura que su puesta en marcha beneficia a todo el pa\u00eds - Spain Film Commission","isPartOf":{"@id":"https:\/\/spainfilmcommission.com\/en\/#website"},"primaryImageOfPage":{"@id":"https:\/\/spainfilmcommission.com\/en\/blog\/spain-film-commission-traslada-a-ximo-puig-su-pleno-apoyo-a-la-reapertura-de-la-ciudad-de-la-luz-de-alicante-y-asegura-que-su-puesta-en-marcha-beneficia-a-todo-el-pais\/#primaryimage"},"image":{"@id":"https:\/\/spainfilmcommission.com\/en\/blog\/spain-film-commission-traslada-a-ximo-puig-su-pleno-apoyo-a-la-reapertura-de-la-ciudad-de-la-luz-de-alicante-y-asegura-que-su-puesta-en-marcha-beneficia-a-todo-el-pais\/#primaryimage"},"thumbnailUrl":"https:\/\/spainfilmcommission.com\/wp-content\/uploads\/2024\/11\/spain-film-commission-traslada-a-ximo-puig-su-pleno-apoyo-a-la-reapertura-de-la-ciudad-de-la-luz-de-alicante-y-asegura-que-su-puesta-en-marcha-beneficia-a-todo-el-pais-281.jpeg","datePublished":"2022-09-18T22:00:00+00:00","dateModified":"2025-02-11T07:06:47+00:00","breadcrumb":{"@id":"https:\/\/spainfilmcommission.com\/en\/blog\/spain-film-commission-traslada-a-ximo-puig-su-pleno-apoyo-a-la-reapertura-de-la-ciudad-de-la-luz-de-alicante-y-asegura-que-su-puesta-en-marcha-beneficia-a-todo-el-pais\/#breadcrumb"},"inLanguage":"en-US","potentialAction":[{"@type":"ReadAction","target":["https:\/\/spainfilmcommission.com\/en\/blog\/spain-film-commission-traslada-a-ximo-puig-su-pleno-apoyo-a-la-reapertura-de-la-ciudad-de-la-luz-de-alicante-y-asegura-que-su-puesta-en-marcha-beneficia-a-todo-el-pais\/"]}]},{"@type":"ImageObject","inLanguage":"en-US","@id":"https:\/\/spainfilmcommission.com\/en\/blog\/spain-film-commission-traslada-a-ximo-puig-su-pleno-apoyo-a-la-reapertura-de-la-ciudad-de-la-luz-de-alicante-y-asegura-que-su-puesta-en-marcha-beneficia-a-todo-el-pais\/#primaryimage","url":"https:\/\/spainfilmcommission.com\/wp-content\/uploads\/2024\/11\/spain-film-commission-traslada-a-ximo-puig-su-pleno-apoyo-a-la-reapertura-de-la-ciudad-de-la-luz-de-alicante-y-asegura-que-su-puesta-en-marcha-beneficia-a-todo-el-pais-281.jpeg","contentUrl":"https:\/\/spainfilmcommission.com\/wp-content\/uploads\/2024\/11\/spain-film-commission-traslada-a-ximo-puig-su-pleno-apoyo-a-la-reapertura-de-la-ciudad-de-la-luz-de-alicante-y-asegura-que-su-puesta-en-marcha-beneficia-a-todo-el-pais-281.jpeg","width":1024,"height":782},{"@type":"BreadcrumbList","@id":"https:\/\/spainfilmcommission.com\/en\/blog\/spain-film-commission-traslada-a-ximo-puig-su-pleno-apoyo-a-la-reapertura-de-la-ciudad-de-la-luz-de-alicante-y-asegura-que-su-puesta-en-marcha-beneficia-a-todo-el-pais\/#breadcrumb","itemListElement":[{"@type":"ListItem","position":1,"name":"Portada","item":"https:\/\/spainfilmcommission.com\/en\/"},{"@type":"ListItem","position":2,"name":"Spain Film Commission traslada a Ximo Puig su pleno apoyo a la reapertura de la Ciudad de la Luz de Alicante y asegura que su puesta en marcha beneficia a todo el pa\u00eds"}]},{"@type":"WebSite","@id":"https:\/\/spainfilmcommission.com\/en\/#website","url":"https:\/\/spainfilmcommission.com\/en\/","name":"Spain Film Commission","description":"","publisher":{"@id":"https:\/\/spainfilmcommission.com\/en\/#organization"},"potentialAction":[{"@type":"SearchAction","target":{"@type":"EntryPoint","urlTemplate":"https:\/\/spainfilmcommission.com\/en\/?s={search_term_string}"},"query-input":{"@type":"PropertyValueSpecification","valueRequired":true,"valueName":"search_term_string"}}],"inLanguage":"en-US"},{"@type":"Organization","@id":"https:\/\/spainfilmcommission.com\/en\/#organization","name":"Spain Film Commission","url":"https:\/\/spainfilmcommission.com\/en\/","logo":{"@type":"ImageObject","inLanguage":"en-US","@id":"https:\/\/spainfilmcommission.com\/en\/#\/schema\/logo\/image\/","url":"https:\/\/spainfilmcommission.com\/wp-content\/uploads\/2024\/07\/SPC_COLOR.png","contentUrl":"https:\/\/spainfilmcommission.com\/wp-content\/uploads\/2024\/07\/SPC_COLOR.png","width":1665,"height":1665,"caption":"Spain Film Commission"},"image":{"@id":"https:\/\/spainfilmcommission.com\/en\/#\/schema\/logo\/image\/"}},{"@type":"Person","@id":"https:\/\/spainfilmcommission.com\/en\/#\/schema\/person\/6c014ba6ceac198d178a6a9e61113c9d","name":"studio128k_dam","image":{"@type":"ImageObject","inLanguage":"en-US","@id":"https:\/\/secure.gravatar.com\/avatar\/810f99144a13522c24aa173f9cd8bf079d0e89758af00b5f2938443cd51b31e9?s=96&d=mm&r=g","url":"https:\/\/secure.gravatar.com\/avatar\/810f99144a13522c24aa173f9cd8bf079d0e89758af00b5f2938443cd51b31e9?s=96&d=mm&r=g","contentUrl":"https:\/\/secure.gravatar.com\/avatar\/810f99144a13522c24aa173f9cd8bf079d0e89758af00b5f2938443cd51b31e9?s=96&d=mm&r=g","caption":"studio128k_dam"}}]}},"_links":{"self":[{"href":"https:\/\/spainfilmcommission.com\/en\/wp-json\/wp\/v2\/posts\/8677","targetHints":{"allow":["GET"]}}],"collection":[{"href":"https:\/\/spainfilmcommission.com\/en\/wp-json\/wp\/v2\/posts"}],"about":[{"href":"https:\/\/spainfilmcommission.com\/en\/wp-json\/wp\/v2\/types\/post"}],"author":[{"embeddable":true,"href":"https:\/\/spainfilmcommission.com\/en\/wp-json\/wp\/v2\/users\/2"}],"replies":[{"embeddable":true,"href":"https:\/\/spainfilmcommission.com\/en\/wp-json\/wp\/v2\/comments?post=8677"}],"version-history":[{"count":0,"href":"https:\/\/spainfilmcommission.com\/en\/wp-json\/wp\/v2\/posts\/8677\/revisions"}],"wp:featuredmedia":[{"embeddable":true,"href":"https:\/\/spainfilmcommission.com\/en\/wp-json\/wp\/v2\/media\/8678"}],"wp:attachment":[{"href":"https:\/\/spainfilmcommission.com\/en\/wp-json\/wp\/v2\/media?parent=8677"}],"wp:term":[{"taxonomy":"category","embeddable":true,"href":"https:\/\/spainfilmcommission.com\/en\/wp-json\/wp\/v2\/categories?post=8677"},{"taxonomy":"post_tag","embeddable":true,"href":"https:\/\/spainfilmcommission.com\/en\/wp-json\/wp\/v2\/tags?post=8677"}],"curies":[{"name":"wp","href":"https:\/\/api.w.org\/{rel}","templated":true}]}}