{"id":8670,"date":"2022-09-14T00:00:00","date_gmt":"2022-09-13T22:00:00","guid":{"rendered":"https:\/\/sfc.com\/spain-film-commission-acude-al-70-festival-de-san-sebastian-con-el-objetivo-de-presentar-a-la-industria-audiovisual-internacional-las-ventajas-de-rodar-en-espana\/"},"modified":"2025-02-11T08:06:47","modified_gmt":"2025-02-11T07:06:47","slug":"spain-film-commission-acude-al-70-festival-de-san-sebastian-con-el-objetivo-de-presentar-a-la-industria-audiovisual-internacional-las-ventajas-de-rodar-en-espana","status":"publish","type":"post","link":"https:\/\/spainfilmcommission.com\/en\/blog\/spain-film-commission-acude-al-70-festival-de-san-sebastian-con-el-objetivo-de-presentar-a-la-industria-audiovisual-internacional-las-ventajas-de-rodar-en-espana\/","title":{"rendered":"Spain Film Commission acude al 70 Festival de San Sebasti\u00e1n con el objetivo de presentar a la industria audiovisual internacional las ventajas de rodar en Espa\u00f1a"},"content":{"rendered":"<p style=\"font-size:12px;font-family:Arial, sans-serif;text-align:justify;\"><span style=\"font-size:14px;\">Spain Film Commission (SFC) tendr\u00e1 un protagonismo especial en el 70 Festival de San Sebasti\u00e1n, que arranca este viernes 16 de septiembre. La asociaci\u00f3n sin \u00e1nimo de lucro constituida en 2001, que agrupa a 37 film offices y film commissions de todo el territorio nacional y lidera el posicionamiento del pa\u00eds como destino de rodajes audiovisuales, participar\u00e1 activamente en el \u00e1rea de industria del certamen cinematogr\u00e1fico.<\/span><\/p>\n<p style=\"font-size:12px;font-family:Arial, sans-serif;text-align:justify;\"><span style=\"font-size:14px;\">El martes 20 de septiembre, Spain Film Commission, con la colaboraci\u00f3n de Latinamerican &#038; Caribbean Film Commission Network-LFCN y Latin American Training Center-LATC, organizar\u00e1 una mesa redonda que, bajo el t\u00edtulo\u00a0<strong>&#8220;Nuevas oportunidades de colaboraci\u00f3n audiovisual entre Espa\u00f1a y Latinoam\u00e9rica&#8221;,<\/strong>\u00a0analizar\u00e1 el papel de las film comissions y film offices en Latinoam\u00e9rica y Espa\u00f1a para promover sus destinos, infraestructuras, incentivos y localizaciones en este momento de reapertura de la industria, y nuevas formas de colaboraci\u00f3n entre ellas.<\/span><\/p>\n<h4 style=\"font-family:Arial, sans-serif;font-size:12px;text-align:justify;\"><span style=\"font-size:14px;\"><strong>Colaboraci\u00f3n estrat\u00e9gica Espa\u00f1a-Am\u00e9rica Latina<\/strong><\/span><\/h4>\n<p style=\"font-size:12px;font-family:Arial, sans-serif;text-align:justify;\"><span style=\"font-size:14px;\">Este panel de expertos, que tendr\u00e1 lugar a partir de las 17:00 horas en el Club de Prensa del Edificio Gran Kursaal, estar\u00e1 moderado por\u00a0<strong>Steve Solot<\/strong>, presidente del Latin American Training Center-LATC y Asociado para Latam,\u00a0<strong>Olsberg SPI<\/strong>, y contar\u00e1 con la participaci\u00f3n de\u00a0<strong>Carlos Rosado<\/strong>, presidente de SFC;\u00a0<strong>Luiz Toledo,<\/strong>\u00a0director de Asuntos Internacionales de Spcine, y\u00a0<strong>Diana \u00c1lvarez<\/strong>, directora de COMEFILM.<\/span><\/p>\n<p style=\"font-size:12px;font-family:Arial, sans-serif;text-align:justify;\"><span style=\"font-size:14px;\">Previamente, a partir de las 9:45 de la ma\u00f1ana del martes,\u00a0<strong>Teresa Azcona<\/strong>\u00a0intervendr\u00e1 en la presentaci\u00f3n titulada &#8220;Dentro del mercado espa\u00f1ol: el boom audiovisual en Espa\u00f1a &#8211; Spain A\/V Hub&#8221;, que abordar\u00e1 las claves del \u00e9xito del Espa\u00f1a como polo de atracci\u00f3n de rodajes internacionales y la contribuci\u00f3n de SFC a este \u00e9xito, as\u00ed como las l\u00edneas de trabajo que desarrolla actualmente la asociaci\u00f3n.\u00a0<\/span><\/p>\n<p style=\"font-size:12px;font-family:Arial, sans-serif;text-align:justify;\"><span style=\"font-size:14px;\">La presentaci\u00f3n se celebrar\u00e1 en la Sala Patio de Tabakalera y, junto a\u00a0<strong>Teresa Azcona<\/strong>, tomar\u00e1n la palabra\u00a0<strong>Cristina Morales<\/strong>,\u00a0Subdirectora General de Ordenaci\u00f3n de los Servicios de Comunicaci\u00f3n Audiovisual, Direcci\u00f3n General de Telecomunicaciones y Ordenaci\u00f3n de los Servicios de Comunicaci\u00f3n Audiovisual, Secretar\u00eda de Estado de Telecomunicaciones e Infraestructuras Digitales<\/span>,<span style=\"font-size:14px;\">\u00a0<strong>Elisa Garc\u00eda<\/strong>, directora ejecutiva de ICEX-Ivest in Spain, y\u00a0<strong>Camilo V\u00e1zquez<\/strong>, asesor del Instituto de Cinematograf\u00eda y las Artes Audiovisuales (ICAA).<\/span><\/p>\n<p style=\"font-size:12px;font-family:Arial, sans-serif;text-align:justify;\"><span style=\"font-size:14px;\">La jornada concluir\u00e1 con un encuentro en el que se dar\u00e1 la bienvenida a los nuevos socios de la red SFC, y\u00a0un homenaje\u00a0a\u00a0<strong>Koldo Lasa<\/strong>, ex director de la Navarra Film Commission que \u00e9l mismo puso en marcha y ex vicepresidente de SFC, con motivo de su jubilaci\u00f3n. Con este acto se reconoce la dedicaci\u00f3n de Lasa a SFC, donde ejerci\u00f3 de responsable de Comunicaci\u00f3n e impuls\u00f3, entre otros proyectos, el nuevo portal web, una de las herramientas de trabajo y promoci\u00f3n fundamentales de la organizaci\u00f3n.<\/span><\/p>\n<h4 style=\"font-family:Arial, sans-serif;font-size:12px;text-align:justify;\">\u00a0<\/h4>\n<h4 style=\"font-family:Arial, sans-serif;font-size:12px;text-align:justify;\"><span style=\"font-size:14px;\"><strong>Monogr\u00e1fico de Variety<\/strong><\/span><\/h4>\n<p style=\"font-size:12px;font-family:Arial, sans-serif;text-align:justify;\"><span style=\"font-size:14px;\">SFC tendr\u00e1 tambi\u00e9n una intensa actividad durante el mi\u00e9rcoles 21. Durante la\u00a0\u00a0jornada se realizar\u00e1\u00a0la presentaci\u00f3n de un n\u00famero monogr\u00e1fico de la revista Variety que, bajo el t\u00edtulo &#8220;<strong>All About Spain<\/strong>&#8221;, repasa todas las ventajas que ofrece Espa\u00f1a para el rodaje de producciones audiovisuales y las ayudas y apoyo que SFC se brida a los productores para facilitar su labor. La publicaci\u00f3n, redactada \u00edntegramente en ingl\u00e9s, se distribuir\u00e1 entre las personas asistentes a las actividades del \u00e1rea de Industria del Festival de San Sebasti\u00e1n y se difundir\u00e1 a trav\u00e9s de los servicios digitales de\u00a0<a href=\"https:\/\/variety.com\/\" target=\"_blank\">variety.com.<\/a><\/span><\/p>\n<p style=\"font-size:12px;font-family:Arial, sans-serif;text-align:justify;\"><span style=\"font-size:14px;\">Este especial dedica en otra de sus secciones el papel de los embajadores de SFC como valedores de la industria audiovisual espa\u00f1ola ante el mundo: el ex embajador de EE UU en Espa\u00f1a,\u00a0<strong>James Costos<\/strong>; el director\u00a0<strong>Terry Guilliam<\/strong>; las actrices\u00a0<strong>Emily Blunt<\/strong>\u00a0y\u00a0<strong>Aitana S\u00e1nchez-Gij\u00f3n<\/strong>; el director de fotograf\u00eda<strong>\u00a0Javier Aguirresarobe<\/strong>, el jefe de localizaciones\u00a0<strong>Ramji Natarajan<\/strong>\u00a0y\u00a0<strong>Ver\u00f3nica Sullivan,<\/strong>\u00a0vicepresidenta de NBC Universal. Tambi\u00e9n recoge los testimonios de relevantes\u00a0localizadores y showrunners sobre la importante contribuci\u00f3n de SFC al desarrollo exitoso de sus proyectos. El monogr\u00e1fico repasa, por \u00faltimo, los principales rodajes auspiciados y los datos de contacto de las 37 film offices y film commissions que operan en Espa\u00f1a.<\/span><\/p>\n<h4 style=\"font-family:Arial, sans-serif;font-size:12px;text-align:justify;\">\u00a0<\/h4>\n<h4 style=\"font-family:Arial, sans-serif;font-size:12px;text-align:justify;\"><span style=\"font-size:14px;\"><strong>Asamblea anual y nuevos socios<\/strong><\/span><\/h4>\n<p style=\"font-size:12px;font-family:Arial, sans-serif;text-align:justify;\"><span style=\"font-size:14px;\">Precisamente, el Festival de San Sebasti\u00e1n ser\u00e1 el marco que albergar\u00e1 la celebraci\u00f3n de la Asamblea Anual de SFC, que tendr\u00e1 lugar en la jornada del mi\u00e9rcoles, y en la que se dar\u00e1 la bienvenida oficial a los seis nuevos socios que han ingresado en SFC durante 2022: Alicante Film Office, Menorca Film Commission, Pontevedra Provincia Film Commission, San Sebasti\u00e1n \/ Gipuzkoa Film Commission, Sevilla Film Office S&#038;Me y Vigo Film Office.<\/span><\/p>\n<p style=\"font-size:12px;font-family:Arial, sans-serif;text-align:justify;\">\u00a0<\/p>\n<div class=\"col-md-12\" style=\"padding-right:15px;padding-left:15px;float:left;width:1170px;font-family:'Fira Sans', sans-serif;font-size:15px;\">\n<h3 style=\"font-family:Arial, sans-serif;font-weight:600;line-height:1.1;color:rgb(225,11,19);margin-top:20px;margin-bottom:10px;font-size:12px;text-transform:uppercase;text-align:justify;\"><span><span style=\"font-family:'lucida sans unicode', 'lucida grande', sans-serif;\"><span style=\"font-size:16px;\">#SHOOTINGINSPAIN #RUEDAENESPA\u00d1A\u00a0<\/span><\/span><span style=\"font-size:16px;\">#WEmakeTHEMAGIC #SPAINAVHUB #PLANDERECUPERACION\u00a0<\/span><\/span>\u00a0<\/h3>\n<\/div>\n<div class=\"col-md-12\" style=\"padding-right:15px;padding-left:15px;float:left;width:1170px;font-family:'Fira Sans', sans-serif;font-size:15px;\">\n<div class=\"social social-dentro-evento\" style=\"margin:20px 0px;\">\u00a0<\/div>\n<\/div>\n","protected":false},"excerpt":{"rendered":"<p>Spain Film Commission (SFC) tendr\u00e1 un protagonismo especial en el 70 Festival de San Sebasti\u00e1n, que arranca este viernes 16 de septiembre. La asociaci\u00f3n sin \u00e1nimo de lucro constituida en [&hellip;]<\/p>\n","protected":false},"author":2,"featured_media":8671,"comment_status":"closed","ping_status":"","sticky":false,"template":"","format":"standard","meta":{"footnotes":""},"categories":[38],"tags":[],"class_list":["post-8670","post","type-post","status-publish","format-standard","has-post-thumbnail","hentry","category-noticias"],"yoast_head":"<!-- This site is optimized with the Yoast SEO plugin v27.3 - https:\/\/yoast.com\/product\/yoast-seo-wordpress\/ -->\n<title>Spain Film Commission acude al 70 Festival de San Sebasti\u00e1n con el objetivo de presentar a la industria audiovisual internacional las ventajas de rodar en Espa\u00f1a - Spain Film Commission<\/title>\n<meta name=\"robots\" content=\"index, follow, max-snippet:-1, max-image-preview:large, max-video-preview:-1\" \/>\n<link rel=\"canonical\" href=\"https:\/\/spainfilmcommission.com\/en\/blog\/spain-film-commission-acude-al-70-festival-de-san-sebastian-con-el-objetivo-de-presentar-a-la-industria-audiovisual-internacional-las-ventajas-de-rodar-en-espana\/\" \/>\n<meta property=\"og:locale\" content=\"en_US\" \/>\n<meta property=\"og:type\" content=\"article\" \/>\n<meta property=\"og:title\" content=\"Spain Film Commission acude al 70 Festival de San Sebasti\u00e1n con el objetivo de presentar a la industria audiovisual internacional las ventajas de rodar en Espa\u00f1a - Spain Film Commission\" \/>\n<meta property=\"og:description\" content=\"Spain Film Commission (SFC) tendr\u00e1 un protagonismo especial en el 70 Festival de San Sebasti\u00e1n, que arranca este viernes 16 de septiembre. La asociaci\u00f3n sin \u00e1nimo de lucro constituida en [&hellip;]\" \/>\n<meta property=\"og:url\" content=\"https:\/\/spainfilmcommission.com\/en\/blog\/spain-film-commission-acude-al-70-festival-de-san-sebastian-con-el-objetivo-de-presentar-a-la-industria-audiovisual-internacional-las-ventajas-de-rodar-en-espana\/\" \/>\n<meta property=\"og:site_name\" content=\"Spain Film Commission\" \/>\n<meta property=\"article:published_time\" content=\"2022-09-13T22:00:00+00:00\" \/>\n<meta property=\"article:modified_time\" content=\"2025-02-11T07:06:47+00:00\" \/>\n<meta property=\"og:image\" content=\"https:\/\/spainfilmcommission.com\/wp-content\/uploads\/2024\/11\/spain-film-commission-acude-al-70-festival-de-san-sebastian-con-el-objetivo-de-presentar-a-la-industria-audiovisual-internacional-las-ventajas-de-rodar-en-espana-278.png\" \/>\n\t<meta property=\"og:image:width\" content=\"1170\" \/>\n\t<meta property=\"og:image:height\" content=\"763\" \/>\n\t<meta property=\"og:image:type\" content=\"image\/png\" \/>\n<meta name=\"author\" content=\"studio128k_dam\" \/>\n<meta name=\"twitter:card\" content=\"summary_large_image\" \/>\n<meta name=\"twitter:label1\" content=\"Written by\" \/>\n\t<meta name=\"twitter:data1\" content=\"studio128k_dam\" \/>\n\t<meta name=\"twitter:label2\" content=\"Est. reading time\" \/>\n\t<meta name=\"twitter:data2\" content=\"4 minutes\" \/>\n<script type=\"application\/ld+json\" class=\"yoast-schema-graph\">{\"@context\":\"https:\\\/\\\/schema.org\",\"@graph\":[{\"@type\":\"Article\",\"@id\":\"https:\\\/\\\/spainfilmcommission.com\\\/en\\\/blog\\\/spain-film-commission-acude-al-70-festival-de-san-sebastian-con-el-objetivo-de-presentar-a-la-industria-audiovisual-internacional-las-ventajas-de-rodar-en-espana\\\/#article\",\"isPartOf\":{\"@id\":\"https:\\\/\\\/spainfilmcommission.com\\\/en\\\/blog\\\/spain-film-commission-acude-al-70-festival-de-san-sebastian-con-el-objetivo-de-presentar-a-la-industria-audiovisual-internacional-las-ventajas-de-rodar-en-espana\\\/\"},\"author\":{\"name\":\"studio128k_dam\",\"@id\":\"https:\\\/\\\/spainfilmcommission.com\\\/en\\\/#\\\/schema\\\/person\\\/6c014ba6ceac198d178a6a9e61113c9d\"},\"headline\":\"Spain Film Commission acude al 70 Festival de San Sebasti\u00e1n con el objetivo de presentar a la industria audiovisual internacional las ventajas de rodar en Espa\u00f1a\",\"datePublished\":\"2022-09-13T22:00:00+00:00\",\"dateModified\":\"2025-02-11T07:06:47+00:00\",\"mainEntityOfPage\":{\"@id\":\"https:\\\/\\\/spainfilmcommission.com\\\/en\\\/blog\\\/spain-film-commission-acude-al-70-festival-de-san-sebastian-con-el-objetivo-de-presentar-a-la-industria-audiovisual-internacional-las-ventajas-de-rodar-en-espana\\\/\"},\"wordCount\":815,\"publisher\":{\"@id\":\"https:\\\/\\\/spainfilmcommission.com\\\/en\\\/#organization\"},\"image\":{\"@id\":\"https:\\\/\\\/spainfilmcommission.com\\\/en\\\/blog\\\/spain-film-commission-acude-al-70-festival-de-san-sebastian-con-el-objetivo-de-presentar-a-la-industria-audiovisual-internacional-las-ventajas-de-rodar-en-espana\\\/#primaryimage\"},\"thumbnailUrl\":\"https:\\\/\\\/spainfilmcommission.com\\\/wp-content\\\/uploads\\\/2024\\\/11\\\/spain-film-commission-acude-al-70-festival-de-san-sebastian-con-el-objetivo-de-presentar-a-la-industria-audiovisual-internacional-las-ventajas-de-rodar-en-espana-278.png\",\"articleSection\":[\"Noticias\"],\"inLanguage\":\"en-US\"},{\"@type\":\"WebPage\",\"@id\":\"https:\\\/\\\/spainfilmcommission.com\\\/en\\\/blog\\\/spain-film-commission-acude-al-70-festival-de-san-sebastian-con-el-objetivo-de-presentar-a-la-industria-audiovisual-internacional-las-ventajas-de-rodar-en-espana\\\/\",\"url\":\"https:\\\/\\\/spainfilmcommission.com\\\/en\\\/blog\\\/spain-film-commission-acude-al-70-festival-de-san-sebastian-con-el-objetivo-de-presentar-a-la-industria-audiovisual-internacional-las-ventajas-de-rodar-en-espana\\\/\",\"name\":\"Spain Film Commission acude al 70 Festival de San Sebasti\u00e1n con el objetivo de presentar a la industria audiovisual internacional las ventajas de rodar en Espa\u00f1a - Spain Film Commission\",\"isPartOf\":{\"@id\":\"https:\\\/\\\/spainfilmcommission.com\\\/en\\\/#website\"},\"primaryImageOfPage\":{\"@id\":\"https:\\\/\\\/spainfilmcommission.com\\\/en\\\/blog\\\/spain-film-commission-acude-al-70-festival-de-san-sebastian-con-el-objetivo-de-presentar-a-la-industria-audiovisual-internacional-las-ventajas-de-rodar-en-espana\\\/#primaryimage\"},\"image\":{\"@id\":\"https:\\\/\\\/spainfilmcommission.com\\\/en\\\/blog\\\/spain-film-commission-acude-al-70-festival-de-san-sebastian-con-el-objetivo-de-presentar-a-la-industria-audiovisual-internacional-las-ventajas-de-rodar-en-espana\\\/#primaryimage\"},\"thumbnailUrl\":\"https:\\\/\\\/spainfilmcommission.com\\\/wp-content\\\/uploads\\\/2024\\\/11\\\/spain-film-commission-acude-al-70-festival-de-san-sebastian-con-el-objetivo-de-presentar-a-la-industria-audiovisual-internacional-las-ventajas-de-rodar-en-espana-278.png\",\"datePublished\":\"2022-09-13T22:00:00+00:00\",\"dateModified\":\"2025-02-11T07:06:47+00:00\",\"breadcrumb\":{\"@id\":\"https:\\\/\\\/spainfilmcommission.com\\\/en\\\/blog\\\/spain-film-commission-acude-al-70-festival-de-san-sebastian-con-el-objetivo-de-presentar-a-la-industria-audiovisual-internacional-las-ventajas-de-rodar-en-espana\\\/#breadcrumb\"},\"inLanguage\":\"en-US\",\"potentialAction\":[{\"@type\":\"ReadAction\",\"target\":[\"https:\\\/\\\/spainfilmcommission.com\\\/en\\\/blog\\\/spain-film-commission-acude-al-70-festival-de-san-sebastian-con-el-objetivo-de-presentar-a-la-industria-audiovisual-internacional-las-ventajas-de-rodar-en-espana\\\/\"]}]},{\"@type\":\"ImageObject\",\"inLanguage\":\"en-US\",\"@id\":\"https:\\\/\\\/spainfilmcommission.com\\\/en\\\/blog\\\/spain-film-commission-acude-al-70-festival-de-san-sebastian-con-el-objetivo-de-presentar-a-la-industria-audiovisual-internacional-las-ventajas-de-rodar-en-espana\\\/#primaryimage\",\"url\":\"https:\\\/\\\/spainfilmcommission.com\\\/wp-content\\\/uploads\\\/2024\\\/11\\\/spain-film-commission-acude-al-70-festival-de-san-sebastian-con-el-objetivo-de-presentar-a-la-industria-audiovisual-internacional-las-ventajas-de-rodar-en-espana-278.png\",\"contentUrl\":\"https:\\\/\\\/spainfilmcommission.com\\\/wp-content\\\/uploads\\\/2024\\\/11\\\/spain-film-commission-acude-al-70-festival-de-san-sebastian-con-el-objetivo-de-presentar-a-la-industria-audiovisual-internacional-las-ventajas-de-rodar-en-espana-278.png\",\"width\":1170,\"height\":763},{\"@type\":\"BreadcrumbList\",\"@id\":\"https:\\\/\\\/spainfilmcommission.com\\\/en\\\/blog\\\/spain-film-commission-acude-al-70-festival-de-san-sebastian-con-el-objetivo-de-presentar-a-la-industria-audiovisual-internacional-las-ventajas-de-rodar-en-espana\\\/#breadcrumb\",\"itemListElement\":[{\"@type\":\"ListItem\",\"position\":1,\"name\":\"Portada\",\"item\":\"https:\\\/\\\/spainfilmcommission.com\\\/en\\\/\"},{\"@type\":\"ListItem\",\"position\":2,\"name\":\"Spain Film Commission acude al 70 Festival de San Sebasti\u00e1n con el objetivo de presentar a la industria audiovisual internacional las ventajas de rodar en Espa\u00f1a\"}]},{\"@type\":\"WebSite\",\"@id\":\"https:\\\/\\\/spainfilmcommission.com\\\/en\\\/#website\",\"url\":\"https:\\\/\\\/spainfilmcommission.com\\\/en\\\/\",\"name\":\"Spain Film Commission\",\"description\":\"\",\"publisher\":{\"@id\":\"https:\\\/\\\/spainfilmcommission.com\\\/en\\\/#organization\"},\"potentialAction\":[{\"@type\":\"SearchAction\",\"target\":{\"@type\":\"EntryPoint\",\"urlTemplate\":\"https:\\\/\\\/spainfilmcommission.com\\\/en\\\/?s={search_term_string}\"},\"query-input\":{\"@type\":\"PropertyValueSpecification\",\"valueRequired\":true,\"valueName\":\"search_term_string\"}}],\"inLanguage\":\"en-US\"},{\"@type\":\"Organization\",\"@id\":\"https:\\\/\\\/spainfilmcommission.com\\\/en\\\/#organization\",\"name\":\"Spain Film Commission\",\"url\":\"https:\\\/\\\/spainfilmcommission.com\\\/en\\\/\",\"logo\":{\"@type\":\"ImageObject\",\"inLanguage\":\"en-US\",\"@id\":\"https:\\\/\\\/spainfilmcommission.com\\\/en\\\/#\\\/schema\\\/logo\\\/image\\\/\",\"url\":\"https:\\\/\\\/spainfilmcommission.com\\\/wp-content\\\/uploads\\\/2024\\\/07\\\/SPC_COLOR.png\",\"contentUrl\":\"https:\\\/\\\/spainfilmcommission.com\\\/wp-content\\\/uploads\\\/2024\\\/07\\\/SPC_COLOR.png\",\"width\":1665,\"height\":1665,\"caption\":\"Spain Film Commission\"},\"image\":{\"@id\":\"https:\\\/\\\/spainfilmcommission.com\\\/en\\\/#\\\/schema\\\/logo\\\/image\\\/\"}},{\"@type\":\"Person\",\"@id\":\"https:\\\/\\\/spainfilmcommission.com\\\/en\\\/#\\\/schema\\\/person\\\/6c014ba6ceac198d178a6a9e61113c9d\",\"name\":\"studio128k_dam\",\"image\":{\"@type\":\"ImageObject\",\"inLanguage\":\"en-US\",\"@id\":\"https:\\\/\\\/secure.gravatar.com\\\/avatar\\\/810f99144a13522c24aa173f9cd8bf079d0e89758af00b5f2938443cd51b31e9?s=96&d=mm&r=g\",\"url\":\"https:\\\/\\\/secure.gravatar.com\\\/avatar\\\/810f99144a13522c24aa173f9cd8bf079d0e89758af00b5f2938443cd51b31e9?s=96&d=mm&r=g\",\"contentUrl\":\"https:\\\/\\\/secure.gravatar.com\\\/avatar\\\/810f99144a13522c24aa173f9cd8bf079d0e89758af00b5f2938443cd51b31e9?s=96&d=mm&r=g\",\"caption\":\"studio128k_dam\"}}]}<\/script>\n<!-- \/ Yoast SEO plugin. -->","yoast_head_json":{"title":"Spain Film Commission acude al 70 Festival de San Sebasti\u00e1n con el objetivo de presentar a la industria audiovisual internacional las ventajas de rodar en Espa\u00f1a - Spain Film Commission","robots":{"index":"index","follow":"follow","max-snippet":"max-snippet:-1","max-image-preview":"max-image-preview:large","max-video-preview":"max-video-preview:-1"},"canonical":"https:\/\/spainfilmcommission.com\/en\/blog\/spain-film-commission-acude-al-70-festival-de-san-sebastian-con-el-objetivo-de-presentar-a-la-industria-audiovisual-internacional-las-ventajas-de-rodar-en-espana\/","og_locale":"en_US","og_type":"article","og_title":"Spain Film Commission acude al 70 Festival de San Sebasti\u00e1n con el objetivo de presentar a la industria audiovisual internacional las ventajas de rodar en Espa\u00f1a - Spain Film Commission","og_description":"Spain Film Commission (SFC) tendr\u00e1 un protagonismo especial en el 70 Festival de San Sebasti\u00e1n, que arranca este viernes 16 de septiembre. La asociaci\u00f3n sin \u00e1nimo de lucro constituida en [&hellip;]","og_url":"https:\/\/spainfilmcommission.com\/en\/blog\/spain-film-commission-acude-al-70-festival-de-san-sebastian-con-el-objetivo-de-presentar-a-la-industria-audiovisual-internacional-las-ventajas-de-rodar-en-espana\/","og_site_name":"Spain Film Commission","article_published_time":"2022-09-13T22:00:00+00:00","article_modified_time":"2025-02-11T07:06:47+00:00","og_image":[{"width":1170,"height":763,"url":"https:\/\/spainfilmcommission.com\/wp-content\/uploads\/2024\/11\/spain-film-commission-acude-al-70-festival-de-san-sebastian-con-el-objetivo-de-presentar-a-la-industria-audiovisual-internacional-las-ventajas-de-rodar-en-espana-278.png","type":"image\/png"}],"author":"studio128k_dam","twitter_card":"summary_large_image","twitter_misc":{"Written by":"studio128k_dam","Est. reading time":"4 minutes"},"schema":{"@context":"https:\/\/schema.org","@graph":[{"@type":"Article","@id":"https:\/\/spainfilmcommission.com\/en\/blog\/spain-film-commission-acude-al-70-festival-de-san-sebastian-con-el-objetivo-de-presentar-a-la-industria-audiovisual-internacional-las-ventajas-de-rodar-en-espana\/#article","isPartOf":{"@id":"https:\/\/spainfilmcommission.com\/en\/blog\/spain-film-commission-acude-al-70-festival-de-san-sebastian-con-el-objetivo-de-presentar-a-la-industria-audiovisual-internacional-las-ventajas-de-rodar-en-espana\/"},"author":{"name":"studio128k_dam","@id":"https:\/\/spainfilmcommission.com\/en\/#\/schema\/person\/6c014ba6ceac198d178a6a9e61113c9d"},"headline":"Spain Film Commission acude al 70 Festival de San Sebasti\u00e1n con el objetivo de presentar a la industria audiovisual internacional las ventajas de rodar en Espa\u00f1a","datePublished":"2022-09-13T22:00:00+00:00","dateModified":"2025-02-11T07:06:47+00:00","mainEntityOfPage":{"@id":"https:\/\/spainfilmcommission.com\/en\/blog\/spain-film-commission-acude-al-70-festival-de-san-sebastian-con-el-objetivo-de-presentar-a-la-industria-audiovisual-internacional-las-ventajas-de-rodar-en-espana\/"},"wordCount":815,"publisher":{"@id":"https:\/\/spainfilmcommission.com\/en\/#organization"},"image":{"@id":"https:\/\/spainfilmcommission.com\/en\/blog\/spain-film-commission-acude-al-70-festival-de-san-sebastian-con-el-objetivo-de-presentar-a-la-industria-audiovisual-internacional-las-ventajas-de-rodar-en-espana\/#primaryimage"},"thumbnailUrl":"https:\/\/spainfilmcommission.com\/wp-content\/uploads\/2024\/11\/spain-film-commission-acude-al-70-festival-de-san-sebastian-con-el-objetivo-de-presentar-a-la-industria-audiovisual-internacional-las-ventajas-de-rodar-en-espana-278.png","articleSection":["Noticias"],"inLanguage":"en-US"},{"@type":"WebPage","@id":"https:\/\/spainfilmcommission.com\/en\/blog\/spain-film-commission-acude-al-70-festival-de-san-sebastian-con-el-objetivo-de-presentar-a-la-industria-audiovisual-internacional-las-ventajas-de-rodar-en-espana\/","url":"https:\/\/spainfilmcommission.com\/en\/blog\/spain-film-commission-acude-al-70-festival-de-san-sebastian-con-el-objetivo-de-presentar-a-la-industria-audiovisual-internacional-las-ventajas-de-rodar-en-espana\/","name":"Spain Film Commission acude al 70 Festival de San Sebasti\u00e1n con el objetivo de presentar a la industria audiovisual internacional las ventajas de rodar en Espa\u00f1a - Spain Film Commission","isPartOf":{"@id":"https:\/\/spainfilmcommission.com\/en\/#website"},"primaryImageOfPage":{"@id":"https:\/\/spainfilmcommission.com\/en\/blog\/spain-film-commission-acude-al-70-festival-de-san-sebastian-con-el-objetivo-de-presentar-a-la-industria-audiovisual-internacional-las-ventajas-de-rodar-en-espana\/#primaryimage"},"image":{"@id":"https:\/\/spainfilmcommission.com\/en\/blog\/spain-film-commission-acude-al-70-festival-de-san-sebastian-con-el-objetivo-de-presentar-a-la-industria-audiovisual-internacional-las-ventajas-de-rodar-en-espana\/#primaryimage"},"thumbnailUrl":"https:\/\/spainfilmcommission.com\/wp-content\/uploads\/2024\/11\/spain-film-commission-acude-al-70-festival-de-san-sebastian-con-el-objetivo-de-presentar-a-la-industria-audiovisual-internacional-las-ventajas-de-rodar-en-espana-278.png","datePublished":"2022-09-13T22:00:00+00:00","dateModified":"2025-02-11T07:06:47+00:00","breadcrumb":{"@id":"https:\/\/spainfilmcommission.com\/en\/blog\/spain-film-commission-acude-al-70-festival-de-san-sebastian-con-el-objetivo-de-presentar-a-la-industria-audiovisual-internacional-las-ventajas-de-rodar-en-espana\/#breadcrumb"},"inLanguage":"en-US","potentialAction":[{"@type":"ReadAction","target":["https:\/\/spainfilmcommission.com\/en\/blog\/spain-film-commission-acude-al-70-festival-de-san-sebastian-con-el-objetivo-de-presentar-a-la-industria-audiovisual-internacional-las-ventajas-de-rodar-en-espana\/"]}]},{"@type":"ImageObject","inLanguage":"en-US","@id":"https:\/\/spainfilmcommission.com\/en\/blog\/spain-film-commission-acude-al-70-festival-de-san-sebastian-con-el-objetivo-de-presentar-a-la-industria-audiovisual-internacional-las-ventajas-de-rodar-en-espana\/#primaryimage","url":"https:\/\/spainfilmcommission.com\/wp-content\/uploads\/2024\/11\/spain-film-commission-acude-al-70-festival-de-san-sebastian-con-el-objetivo-de-presentar-a-la-industria-audiovisual-internacional-las-ventajas-de-rodar-en-espana-278.png","contentUrl":"https:\/\/spainfilmcommission.com\/wp-content\/uploads\/2024\/11\/spain-film-commission-acude-al-70-festival-de-san-sebastian-con-el-objetivo-de-presentar-a-la-industria-audiovisual-internacional-las-ventajas-de-rodar-en-espana-278.png","width":1170,"height":763},{"@type":"BreadcrumbList","@id":"https:\/\/spainfilmcommission.com\/en\/blog\/spain-film-commission-acude-al-70-festival-de-san-sebastian-con-el-objetivo-de-presentar-a-la-industria-audiovisual-internacional-las-ventajas-de-rodar-en-espana\/#breadcrumb","itemListElement":[{"@type":"ListItem","position":1,"name":"Portada","item":"https:\/\/spainfilmcommission.com\/en\/"},{"@type":"ListItem","position":2,"name":"Spain Film Commission acude al 70 Festival de San Sebasti\u00e1n con el objetivo de presentar a la industria audiovisual internacional las ventajas de rodar en Espa\u00f1a"}]},{"@type":"WebSite","@id":"https:\/\/spainfilmcommission.com\/en\/#website","url":"https:\/\/spainfilmcommission.com\/en\/","name":"Spain Film Commission","description":"","publisher":{"@id":"https:\/\/spainfilmcommission.com\/en\/#organization"},"potentialAction":[{"@type":"SearchAction","target":{"@type":"EntryPoint","urlTemplate":"https:\/\/spainfilmcommission.com\/en\/?s={search_term_string}"},"query-input":{"@type":"PropertyValueSpecification","valueRequired":true,"valueName":"search_term_string"}}],"inLanguage":"en-US"},{"@type":"Organization","@id":"https:\/\/spainfilmcommission.com\/en\/#organization","name":"Spain Film Commission","url":"https:\/\/spainfilmcommission.com\/en\/","logo":{"@type":"ImageObject","inLanguage":"en-US","@id":"https:\/\/spainfilmcommission.com\/en\/#\/schema\/logo\/image\/","url":"https:\/\/spainfilmcommission.com\/wp-content\/uploads\/2024\/07\/SPC_COLOR.png","contentUrl":"https:\/\/spainfilmcommission.com\/wp-content\/uploads\/2024\/07\/SPC_COLOR.png","width":1665,"height":1665,"caption":"Spain Film Commission"},"image":{"@id":"https:\/\/spainfilmcommission.com\/en\/#\/schema\/logo\/image\/"}},{"@type":"Person","@id":"https:\/\/spainfilmcommission.com\/en\/#\/schema\/person\/6c014ba6ceac198d178a6a9e61113c9d","name":"studio128k_dam","image":{"@type":"ImageObject","inLanguage":"en-US","@id":"https:\/\/secure.gravatar.com\/avatar\/810f99144a13522c24aa173f9cd8bf079d0e89758af00b5f2938443cd51b31e9?s=96&d=mm&r=g","url":"https:\/\/secure.gravatar.com\/avatar\/810f99144a13522c24aa173f9cd8bf079d0e89758af00b5f2938443cd51b31e9?s=96&d=mm&r=g","contentUrl":"https:\/\/secure.gravatar.com\/avatar\/810f99144a13522c24aa173f9cd8bf079d0e89758af00b5f2938443cd51b31e9?s=96&d=mm&r=g","caption":"studio128k_dam"}}]}},"_links":{"self":[{"href":"https:\/\/spainfilmcommission.com\/en\/wp-json\/wp\/v2\/posts\/8670","targetHints":{"allow":["GET"]}}],"collection":[{"href":"https:\/\/spainfilmcommission.com\/en\/wp-json\/wp\/v2\/posts"}],"about":[{"href":"https:\/\/spainfilmcommission.com\/en\/wp-json\/wp\/v2\/types\/post"}],"author":[{"embeddable":true,"href":"https:\/\/spainfilmcommission.com\/en\/wp-json\/wp\/v2\/users\/2"}],"replies":[{"embeddable":true,"href":"https:\/\/spainfilmcommission.com\/en\/wp-json\/wp\/v2\/comments?post=8670"}],"version-history":[{"count":0,"href":"https:\/\/spainfilmcommission.com\/en\/wp-json\/wp\/v2\/posts\/8670\/revisions"}],"wp:featuredmedia":[{"embeddable":true,"href":"https:\/\/spainfilmcommission.com\/en\/wp-json\/wp\/v2\/media\/8671"}],"wp:attachment":[{"href":"https:\/\/spainfilmcommission.com\/en\/wp-json\/wp\/v2\/media?parent=8670"}],"wp:term":[{"taxonomy":"category","embeddable":true,"href":"https:\/\/spainfilmcommission.com\/en\/wp-json\/wp\/v2\/categories?post=8670"},{"taxonomy":"post_tag","embeddable":true,"href":"https:\/\/spainfilmcommission.com\/en\/wp-json\/wp\/v2\/tags?post=8670"}],"curies":[{"name":"wp","href":"https:\/\/api.w.org\/{rel}","templated":true}]}}