{"id":8658,"date":"2022-08-02T00:00:00","date_gmt":"2022-08-01T22:00:00","guid":{"rendered":"https:\/\/sfc.com\/una-treintena-de-productores-participan-en-mallorca-en-un-taller-sobre-practicas-sostenibles-en-rodajes\/"},"modified":"2025-02-11T08:06:47","modified_gmt":"2025-02-11T07:06:47","slug":"una-treintena-de-productores-participan-en-mallorca-en-un-taller-sobre-practicas-sostenibles-en-rodajes","status":"publish","type":"post","link":"https:\/\/spainfilmcommission.com\/en\/blog\/una-treintena-de-productores-participan-en-mallorca-en-un-taller-sobre-practicas-sostenibles-en-rodajes\/","title":{"rendered":"Una treintena de productores participan en Mallorca en un taller sobre pr\u00e1cticas sostenibles en rodajes"},"content":{"rendered":"<p style=\"text-align:justify;\">El <strong>Green Film Shooting Plan<\/strong> del Consell de Mallorca, liderado por la <strong>Fundaci\u00f3n Mallorca Turisme<\/strong> y la <strong>Mallorca Film Commission<\/strong>, tiene por objetivo principal acompa\u00f1ar al sector audiovisual mallorqu\u00edn en su transici\u00f3n hacia la sostenibilidad. Este acompa\u00f1amiento incluye iniciativas de concienciaci\u00f3n, como la jornada de puertas abiertas a la que se han apuntado 15 productores locales.<\/p>\n<p style=\"text-align:justify;\">Green Film Lab es un taller del Torino Film Lab y Green Film, organizado por el Museo Nazionale del Cine y Trentino Film Commission, en colaboraci\u00f3n con EAVE y financiado por Media Europa Creativa. Tambi\u00e9n han colaborado la Fundaci\u00f3n Mallorca Turisme y la Mallorca Film Commission.<\/p>\n<p style=\"text-align:justify;\">Una treintena de productores locales e internacionales han participado en el Green Film Lab, un taller de cuatro d\u00edas realizado en Mallorca sobre pr\u00e1cticas sostenibles en rodajes. Seg\u00fan ha explicado este lunes el Consell de Mallorca, cinco de los asistentes viajaron con su pel\u00edcula bajo el brazo con el objetivo de conseguir el certificado de rodaje sostenible.<\/p>\n<p style=\"text-align:justify;\">As\u00ed, el taller les guiaba con cuestiones como la figura del eco-manager, c\u00f3mo hacer un plan de sostenibilidad o el Green Film Rating System y su aplicaci\u00f3n. Sobre este \u00faltimo, el Consell ha indicado que Mallorca es uno de los ocho territorios adheridos y consiste en una herramienta que orienta a productores de cine y televisi\u00f3n para trabajar de forma amigable con el medio ambiente, adem\u00e1s de una marca que se est\u00e1 abriendo camino para convertirse en el est\u00e1ndar europeo de certificaci\u00f3n de sostenibilidad de las producciones audiovisuales.<\/p>\n<p style=\"text-align:justify;\">Asimismo, es tambi\u00e9n un requisito ya indispensable para recibir importantes ayudas p\u00fablicas en Espa\u00f1a.<\/p>\n<p style=\"text-align:justify;\">Cinco de las productoras seleccionadas para el taller son espa\u00f1olas y tres de ellas han venido para crear el plan de sostenibilidad espec\u00edfico para su pel\u00edcula. Una de ellas se rodar\u00e1 en la isla a principios de 2023.<\/p>\n<p style=\"text-align:justify;\">Los seleccionados son de Macedonia, Turqu\u00eda, Grecia, Italia, Alemania y Dinamarca. Las productoras espa\u00f1olas son Miss Wasabi Films, Fasten Films, Setembro Cine, la mallorquina Cin\u00e8tica Produccions y Un paseo por el borne AIE, que tiene previsto rodar en Mallorca su pel\u00edcula, bajo el mismo nombre.<\/p>\n","protected":false},"excerpt":{"rendered":"<p>El Green Film Shooting Plan del Consell de Mallorca, liderado por la Fundaci\u00f3n Mallorca Turisme y la Mallorca Film Commission, tiene por objetivo principal acompa\u00f1ar al sector audiovisual mallorqu\u00edn en [&hellip;]<\/p>\n","protected":false},"author":2,"featured_media":8659,"comment_status":"closed","ping_status":"","sticky":false,"template":"","format":"standard","meta":{"footnotes":""},"categories":[38],"tags":[],"class_list":["post-8658","post","type-post","status-publish","format-standard","has-post-thumbnail","hentry","category-noticias"],"yoast_head":"<!-- This site is optimized with the Yoast SEO plugin v27.3 - https:\/\/yoast.com\/product\/yoast-seo-wordpress\/ -->\n<title>Una treintena de productores participan en Mallorca en un taller sobre pr\u00e1cticas sostenibles en rodajes - Spain Film Commission<\/title>\n<meta name=\"robots\" content=\"index, follow, max-snippet:-1, max-image-preview:large, max-video-preview:-1\" \/>\n<link rel=\"canonical\" href=\"https:\/\/spainfilmcommission.com\/en\/blog\/una-treintena-de-productores-participan-en-mallorca-en-un-taller-sobre-practicas-sostenibles-en-rodajes\/\" \/>\n<meta property=\"og:locale\" content=\"en_US\" \/>\n<meta property=\"og:type\" content=\"article\" \/>\n<meta property=\"og:title\" content=\"Una treintena de productores participan en Mallorca en un taller sobre pr\u00e1cticas sostenibles en rodajes - Spain Film Commission\" \/>\n<meta property=\"og:description\" content=\"El Green Film Shooting Plan del Consell de Mallorca, liderado por la Fundaci\u00f3n Mallorca Turisme y la Mallorca Film Commission, tiene por objetivo principal acompa\u00f1ar al sector audiovisual mallorqu\u00edn en [&hellip;]\" \/>\n<meta property=\"og:url\" content=\"https:\/\/spainfilmcommission.com\/en\/blog\/una-treintena-de-productores-participan-en-mallorca-en-un-taller-sobre-practicas-sostenibles-en-rodajes\/\" \/>\n<meta property=\"og:site_name\" content=\"Spain Film Commission\" \/>\n<meta property=\"article:published_time\" content=\"2022-08-01T22:00:00+00:00\" \/>\n<meta property=\"article:modified_time\" content=\"2025-02-11T07:06:47+00:00\" \/>\n<meta property=\"og:image\" content=\"https:\/\/spainfilmcommission.com\/wp-content\/uploads\/2024\/11\/una-treintena-de-productores-participan-en-mallorca-en-un-taller-sobre-practicas-sostenibles-en-rodajes-274.jpeg\" \/>\n\t<meta property=\"og:image:width\" content=\"824\" \/>\n\t<meta property=\"og:image:height\" content=\"623\" \/>\n\t<meta property=\"og:image:type\" content=\"image\/jpeg\" \/>\n<meta name=\"author\" content=\"studio128k_dam\" \/>\n<meta name=\"twitter:card\" content=\"summary_large_image\" \/>\n<meta name=\"twitter:label1\" content=\"Written by\" \/>\n\t<meta name=\"twitter:data1\" content=\"studio128k_dam\" \/>\n\t<meta name=\"twitter:label2\" content=\"Est. reading time\" \/>\n\t<meta name=\"twitter:data2\" content=\"2 minutes\" \/>\n<script type=\"application\/ld+json\" class=\"yoast-schema-graph\">{\"@context\":\"https:\\\/\\\/schema.org\",\"@graph\":[{\"@type\":\"Article\",\"@id\":\"https:\\\/\\\/spainfilmcommission.com\\\/en\\\/blog\\\/una-treintena-de-productores-participan-en-mallorca-en-un-taller-sobre-practicas-sostenibles-en-rodajes\\\/#article\",\"isPartOf\":{\"@id\":\"https:\\\/\\\/spainfilmcommission.com\\\/en\\\/blog\\\/una-treintena-de-productores-participan-en-mallorca-en-un-taller-sobre-practicas-sostenibles-en-rodajes\\\/\"},\"author\":{\"name\":\"studio128k_dam\",\"@id\":\"https:\\\/\\\/spainfilmcommission.com\\\/en\\\/#\\\/schema\\\/person\\\/6c014ba6ceac198d178a6a9e61113c9d\"},\"headline\":\"Una treintena de productores participan en Mallorca en un taller sobre pr\u00e1cticas sostenibles en rodajes\",\"datePublished\":\"2022-08-01T22:00:00+00:00\",\"dateModified\":\"2025-02-11T07:06:47+00:00\",\"mainEntityOfPage\":{\"@id\":\"https:\\\/\\\/spainfilmcommission.com\\\/en\\\/blog\\\/una-treintena-de-productores-participan-en-mallorca-en-un-taller-sobre-practicas-sostenibles-en-rodajes\\\/\"},\"wordCount\":387,\"publisher\":{\"@id\":\"https:\\\/\\\/spainfilmcommission.com\\\/en\\\/#organization\"},\"image\":{\"@id\":\"https:\\\/\\\/spainfilmcommission.com\\\/en\\\/blog\\\/una-treintena-de-productores-participan-en-mallorca-en-un-taller-sobre-practicas-sostenibles-en-rodajes\\\/#primaryimage\"},\"thumbnailUrl\":\"https:\\\/\\\/spainfilmcommission.com\\\/wp-content\\\/uploads\\\/2024\\\/11\\\/una-treintena-de-productores-participan-en-mallorca-en-un-taller-sobre-practicas-sostenibles-en-rodajes-274.jpeg\",\"articleSection\":[\"Noticias\"],\"inLanguage\":\"en-US\"},{\"@type\":\"WebPage\",\"@id\":\"https:\\\/\\\/spainfilmcommission.com\\\/en\\\/blog\\\/una-treintena-de-productores-participan-en-mallorca-en-un-taller-sobre-practicas-sostenibles-en-rodajes\\\/\",\"url\":\"https:\\\/\\\/spainfilmcommission.com\\\/en\\\/blog\\\/una-treintena-de-productores-participan-en-mallorca-en-un-taller-sobre-practicas-sostenibles-en-rodajes\\\/\",\"name\":\"Una treintena de productores participan en Mallorca en un taller sobre pr\u00e1cticas sostenibles en rodajes - Spain Film Commission\",\"isPartOf\":{\"@id\":\"https:\\\/\\\/spainfilmcommission.com\\\/en\\\/#website\"},\"primaryImageOfPage\":{\"@id\":\"https:\\\/\\\/spainfilmcommission.com\\\/en\\\/blog\\\/una-treintena-de-productores-participan-en-mallorca-en-un-taller-sobre-practicas-sostenibles-en-rodajes\\\/#primaryimage\"},\"image\":{\"@id\":\"https:\\\/\\\/spainfilmcommission.com\\\/en\\\/blog\\\/una-treintena-de-productores-participan-en-mallorca-en-un-taller-sobre-practicas-sostenibles-en-rodajes\\\/#primaryimage\"},\"thumbnailUrl\":\"https:\\\/\\\/spainfilmcommission.com\\\/wp-content\\\/uploads\\\/2024\\\/11\\\/una-treintena-de-productores-participan-en-mallorca-en-un-taller-sobre-practicas-sostenibles-en-rodajes-274.jpeg\",\"datePublished\":\"2022-08-01T22:00:00+00:00\",\"dateModified\":\"2025-02-11T07:06:47+00:00\",\"breadcrumb\":{\"@id\":\"https:\\\/\\\/spainfilmcommission.com\\\/en\\\/blog\\\/una-treintena-de-productores-participan-en-mallorca-en-un-taller-sobre-practicas-sostenibles-en-rodajes\\\/#breadcrumb\"},\"inLanguage\":\"en-US\",\"potentialAction\":[{\"@type\":\"ReadAction\",\"target\":[\"https:\\\/\\\/spainfilmcommission.com\\\/en\\\/blog\\\/una-treintena-de-productores-participan-en-mallorca-en-un-taller-sobre-practicas-sostenibles-en-rodajes\\\/\"]}]},{\"@type\":\"ImageObject\",\"inLanguage\":\"en-US\",\"@id\":\"https:\\\/\\\/spainfilmcommission.com\\\/en\\\/blog\\\/una-treintena-de-productores-participan-en-mallorca-en-un-taller-sobre-practicas-sostenibles-en-rodajes\\\/#primaryimage\",\"url\":\"https:\\\/\\\/spainfilmcommission.com\\\/wp-content\\\/uploads\\\/2024\\\/11\\\/una-treintena-de-productores-participan-en-mallorca-en-un-taller-sobre-practicas-sostenibles-en-rodajes-274.jpeg\",\"contentUrl\":\"https:\\\/\\\/spainfilmcommission.com\\\/wp-content\\\/uploads\\\/2024\\\/11\\\/una-treintena-de-productores-participan-en-mallorca-en-un-taller-sobre-practicas-sostenibles-en-rodajes-274.jpeg\",\"width\":824,\"height\":623},{\"@type\":\"BreadcrumbList\",\"@id\":\"https:\\\/\\\/spainfilmcommission.com\\\/en\\\/blog\\\/una-treintena-de-productores-participan-en-mallorca-en-un-taller-sobre-practicas-sostenibles-en-rodajes\\\/#breadcrumb\",\"itemListElement\":[{\"@type\":\"ListItem\",\"position\":1,\"name\":\"Portada\",\"item\":\"https:\\\/\\\/spainfilmcommission.com\\\/en\\\/\"},{\"@type\":\"ListItem\",\"position\":2,\"name\":\"Una treintena de productores participan en Mallorca en un taller sobre pr\u00e1cticas sostenibles en rodajes\"}]},{\"@type\":\"WebSite\",\"@id\":\"https:\\\/\\\/spainfilmcommission.com\\\/en\\\/#website\",\"url\":\"https:\\\/\\\/spainfilmcommission.com\\\/en\\\/\",\"name\":\"Spain Film Commission\",\"description\":\"\",\"publisher\":{\"@id\":\"https:\\\/\\\/spainfilmcommission.com\\\/en\\\/#organization\"},\"potentialAction\":[{\"@type\":\"SearchAction\",\"target\":{\"@type\":\"EntryPoint\",\"urlTemplate\":\"https:\\\/\\\/spainfilmcommission.com\\\/en\\\/?s={search_term_string}\"},\"query-input\":{\"@type\":\"PropertyValueSpecification\",\"valueRequired\":true,\"valueName\":\"search_term_string\"}}],\"inLanguage\":\"en-US\"},{\"@type\":\"Organization\",\"@id\":\"https:\\\/\\\/spainfilmcommission.com\\\/en\\\/#organization\",\"name\":\"Spain Film Commission\",\"url\":\"https:\\\/\\\/spainfilmcommission.com\\\/en\\\/\",\"logo\":{\"@type\":\"ImageObject\",\"inLanguage\":\"en-US\",\"@id\":\"https:\\\/\\\/spainfilmcommission.com\\\/en\\\/#\\\/schema\\\/logo\\\/image\\\/\",\"url\":\"https:\\\/\\\/spainfilmcommission.com\\\/wp-content\\\/uploads\\\/2024\\\/07\\\/SPC_COLOR.png\",\"contentUrl\":\"https:\\\/\\\/spainfilmcommission.com\\\/wp-content\\\/uploads\\\/2024\\\/07\\\/SPC_COLOR.png\",\"width\":1665,\"height\":1665,\"caption\":\"Spain Film Commission\"},\"image\":{\"@id\":\"https:\\\/\\\/spainfilmcommission.com\\\/en\\\/#\\\/schema\\\/logo\\\/image\\\/\"}},{\"@type\":\"Person\",\"@id\":\"https:\\\/\\\/spainfilmcommission.com\\\/en\\\/#\\\/schema\\\/person\\\/6c014ba6ceac198d178a6a9e61113c9d\",\"name\":\"studio128k_dam\",\"image\":{\"@type\":\"ImageObject\",\"inLanguage\":\"en-US\",\"@id\":\"https:\\\/\\\/secure.gravatar.com\\\/avatar\\\/810f99144a13522c24aa173f9cd8bf079d0e89758af00b5f2938443cd51b31e9?s=96&d=mm&r=g\",\"url\":\"https:\\\/\\\/secure.gravatar.com\\\/avatar\\\/810f99144a13522c24aa173f9cd8bf079d0e89758af00b5f2938443cd51b31e9?s=96&d=mm&r=g\",\"contentUrl\":\"https:\\\/\\\/secure.gravatar.com\\\/avatar\\\/810f99144a13522c24aa173f9cd8bf079d0e89758af00b5f2938443cd51b31e9?s=96&d=mm&r=g\",\"caption\":\"studio128k_dam\"}}]}<\/script>\n<!-- \/ Yoast SEO plugin. -->","yoast_head_json":{"title":"Una treintena de productores participan en Mallorca en un taller sobre pr\u00e1cticas sostenibles en rodajes - Spain Film Commission","robots":{"index":"index","follow":"follow","max-snippet":"max-snippet:-1","max-image-preview":"max-image-preview:large","max-video-preview":"max-video-preview:-1"},"canonical":"https:\/\/spainfilmcommission.com\/en\/blog\/una-treintena-de-productores-participan-en-mallorca-en-un-taller-sobre-practicas-sostenibles-en-rodajes\/","og_locale":"en_US","og_type":"article","og_title":"Una treintena de productores participan en Mallorca en un taller sobre pr\u00e1cticas sostenibles en rodajes - Spain Film Commission","og_description":"El Green Film Shooting Plan del Consell de Mallorca, liderado por la Fundaci\u00f3n Mallorca Turisme y la Mallorca Film Commission, tiene por objetivo principal acompa\u00f1ar al sector audiovisual mallorqu\u00edn en [&hellip;]","og_url":"https:\/\/spainfilmcommission.com\/en\/blog\/una-treintena-de-productores-participan-en-mallorca-en-un-taller-sobre-practicas-sostenibles-en-rodajes\/","og_site_name":"Spain Film Commission","article_published_time":"2022-08-01T22:00:00+00:00","article_modified_time":"2025-02-11T07:06:47+00:00","og_image":[{"width":824,"height":623,"url":"https:\/\/spainfilmcommission.com\/wp-content\/uploads\/2024\/11\/una-treintena-de-productores-participan-en-mallorca-en-un-taller-sobre-practicas-sostenibles-en-rodajes-274.jpeg","type":"image\/jpeg"}],"author":"studio128k_dam","twitter_card":"summary_large_image","twitter_misc":{"Written by":"studio128k_dam","Est. reading time":"2 minutes"},"schema":{"@context":"https:\/\/schema.org","@graph":[{"@type":"Article","@id":"https:\/\/spainfilmcommission.com\/en\/blog\/una-treintena-de-productores-participan-en-mallorca-en-un-taller-sobre-practicas-sostenibles-en-rodajes\/#article","isPartOf":{"@id":"https:\/\/spainfilmcommission.com\/en\/blog\/una-treintena-de-productores-participan-en-mallorca-en-un-taller-sobre-practicas-sostenibles-en-rodajes\/"},"author":{"name":"studio128k_dam","@id":"https:\/\/spainfilmcommission.com\/en\/#\/schema\/person\/6c014ba6ceac198d178a6a9e61113c9d"},"headline":"Una treintena de productores participan en Mallorca en un taller sobre pr\u00e1cticas sostenibles en rodajes","datePublished":"2022-08-01T22:00:00+00:00","dateModified":"2025-02-11T07:06:47+00:00","mainEntityOfPage":{"@id":"https:\/\/spainfilmcommission.com\/en\/blog\/una-treintena-de-productores-participan-en-mallorca-en-un-taller-sobre-practicas-sostenibles-en-rodajes\/"},"wordCount":387,"publisher":{"@id":"https:\/\/spainfilmcommission.com\/en\/#organization"},"image":{"@id":"https:\/\/spainfilmcommission.com\/en\/blog\/una-treintena-de-productores-participan-en-mallorca-en-un-taller-sobre-practicas-sostenibles-en-rodajes\/#primaryimage"},"thumbnailUrl":"https:\/\/spainfilmcommission.com\/wp-content\/uploads\/2024\/11\/una-treintena-de-productores-participan-en-mallorca-en-un-taller-sobre-practicas-sostenibles-en-rodajes-274.jpeg","articleSection":["Noticias"],"inLanguage":"en-US"},{"@type":"WebPage","@id":"https:\/\/spainfilmcommission.com\/en\/blog\/una-treintena-de-productores-participan-en-mallorca-en-un-taller-sobre-practicas-sostenibles-en-rodajes\/","url":"https:\/\/spainfilmcommission.com\/en\/blog\/una-treintena-de-productores-participan-en-mallorca-en-un-taller-sobre-practicas-sostenibles-en-rodajes\/","name":"Una treintena de productores participan en Mallorca en un taller sobre pr\u00e1cticas sostenibles en rodajes - Spain Film Commission","isPartOf":{"@id":"https:\/\/spainfilmcommission.com\/en\/#website"},"primaryImageOfPage":{"@id":"https:\/\/spainfilmcommission.com\/en\/blog\/una-treintena-de-productores-participan-en-mallorca-en-un-taller-sobre-practicas-sostenibles-en-rodajes\/#primaryimage"},"image":{"@id":"https:\/\/spainfilmcommission.com\/en\/blog\/una-treintena-de-productores-participan-en-mallorca-en-un-taller-sobre-practicas-sostenibles-en-rodajes\/#primaryimage"},"thumbnailUrl":"https:\/\/spainfilmcommission.com\/wp-content\/uploads\/2024\/11\/una-treintena-de-productores-participan-en-mallorca-en-un-taller-sobre-practicas-sostenibles-en-rodajes-274.jpeg","datePublished":"2022-08-01T22:00:00+00:00","dateModified":"2025-02-11T07:06:47+00:00","breadcrumb":{"@id":"https:\/\/spainfilmcommission.com\/en\/blog\/una-treintena-de-productores-participan-en-mallorca-en-un-taller-sobre-practicas-sostenibles-en-rodajes\/#breadcrumb"},"inLanguage":"en-US","potentialAction":[{"@type":"ReadAction","target":["https:\/\/spainfilmcommission.com\/en\/blog\/una-treintena-de-productores-participan-en-mallorca-en-un-taller-sobre-practicas-sostenibles-en-rodajes\/"]}]},{"@type":"ImageObject","inLanguage":"en-US","@id":"https:\/\/spainfilmcommission.com\/en\/blog\/una-treintena-de-productores-participan-en-mallorca-en-un-taller-sobre-practicas-sostenibles-en-rodajes\/#primaryimage","url":"https:\/\/spainfilmcommission.com\/wp-content\/uploads\/2024\/11\/una-treintena-de-productores-participan-en-mallorca-en-un-taller-sobre-practicas-sostenibles-en-rodajes-274.jpeg","contentUrl":"https:\/\/spainfilmcommission.com\/wp-content\/uploads\/2024\/11\/una-treintena-de-productores-participan-en-mallorca-en-un-taller-sobre-practicas-sostenibles-en-rodajes-274.jpeg","width":824,"height":623},{"@type":"BreadcrumbList","@id":"https:\/\/spainfilmcommission.com\/en\/blog\/una-treintena-de-productores-participan-en-mallorca-en-un-taller-sobre-practicas-sostenibles-en-rodajes\/#breadcrumb","itemListElement":[{"@type":"ListItem","position":1,"name":"Portada","item":"https:\/\/spainfilmcommission.com\/en\/"},{"@type":"ListItem","position":2,"name":"Una treintena de productores participan en Mallorca en un taller sobre pr\u00e1cticas sostenibles en rodajes"}]},{"@type":"WebSite","@id":"https:\/\/spainfilmcommission.com\/en\/#website","url":"https:\/\/spainfilmcommission.com\/en\/","name":"Spain Film Commission","description":"","publisher":{"@id":"https:\/\/spainfilmcommission.com\/en\/#organization"},"potentialAction":[{"@type":"SearchAction","target":{"@type":"EntryPoint","urlTemplate":"https:\/\/spainfilmcommission.com\/en\/?s={search_term_string}"},"query-input":{"@type":"PropertyValueSpecification","valueRequired":true,"valueName":"search_term_string"}}],"inLanguage":"en-US"},{"@type":"Organization","@id":"https:\/\/spainfilmcommission.com\/en\/#organization","name":"Spain Film Commission","url":"https:\/\/spainfilmcommission.com\/en\/","logo":{"@type":"ImageObject","inLanguage":"en-US","@id":"https:\/\/spainfilmcommission.com\/en\/#\/schema\/logo\/image\/","url":"https:\/\/spainfilmcommission.com\/wp-content\/uploads\/2024\/07\/SPC_COLOR.png","contentUrl":"https:\/\/spainfilmcommission.com\/wp-content\/uploads\/2024\/07\/SPC_COLOR.png","width":1665,"height":1665,"caption":"Spain Film Commission"},"image":{"@id":"https:\/\/spainfilmcommission.com\/en\/#\/schema\/logo\/image\/"}},{"@type":"Person","@id":"https:\/\/spainfilmcommission.com\/en\/#\/schema\/person\/6c014ba6ceac198d178a6a9e61113c9d","name":"studio128k_dam","image":{"@type":"ImageObject","inLanguage":"en-US","@id":"https:\/\/secure.gravatar.com\/avatar\/810f99144a13522c24aa173f9cd8bf079d0e89758af00b5f2938443cd51b31e9?s=96&d=mm&r=g","url":"https:\/\/secure.gravatar.com\/avatar\/810f99144a13522c24aa173f9cd8bf079d0e89758af00b5f2938443cd51b31e9?s=96&d=mm&r=g","contentUrl":"https:\/\/secure.gravatar.com\/avatar\/810f99144a13522c24aa173f9cd8bf079d0e89758af00b5f2938443cd51b31e9?s=96&d=mm&r=g","caption":"studio128k_dam"}}]}},"_links":{"self":[{"href":"https:\/\/spainfilmcommission.com\/en\/wp-json\/wp\/v2\/posts\/8658","targetHints":{"allow":["GET"]}}],"collection":[{"href":"https:\/\/spainfilmcommission.com\/en\/wp-json\/wp\/v2\/posts"}],"about":[{"href":"https:\/\/spainfilmcommission.com\/en\/wp-json\/wp\/v2\/types\/post"}],"author":[{"embeddable":true,"href":"https:\/\/spainfilmcommission.com\/en\/wp-json\/wp\/v2\/users\/2"}],"replies":[{"embeddable":true,"href":"https:\/\/spainfilmcommission.com\/en\/wp-json\/wp\/v2\/comments?post=8658"}],"version-history":[{"count":0,"href":"https:\/\/spainfilmcommission.com\/en\/wp-json\/wp\/v2\/posts\/8658\/revisions"}],"wp:featuredmedia":[{"embeddable":true,"href":"https:\/\/spainfilmcommission.com\/en\/wp-json\/wp\/v2\/media\/8659"}],"wp:attachment":[{"href":"https:\/\/spainfilmcommission.com\/en\/wp-json\/wp\/v2\/media?parent=8658"}],"wp:term":[{"taxonomy":"category","embeddable":true,"href":"https:\/\/spainfilmcommission.com\/en\/wp-json\/wp\/v2\/categories?post=8658"},{"taxonomy":"post_tag","embeddable":true,"href":"https:\/\/spainfilmcommission.com\/en\/wp-json\/wp\/v2\/tags?post=8658"}],"curies":[{"name":"wp","href":"https:\/\/api.w.org\/{rel}","templated":true}]}}