{"id":8646,"date":"2022-06-20T00:00:00","date_gmt":"2022-06-19T22:00:00","guid":{"rendered":"https:\/\/sfc.com\/spain-film-commission-tendra-una-destacada-presencia-en-la-sexta-edicion-de-conecta-ficcion-entertainment-que-arranca-este-martes-en-toledo\/"},"modified":"2025-02-11T08:06:47","modified_gmt":"2025-02-11T07:06:47","slug":"spain-film-commission-tendra-una-destacada-presencia-en-la-sexta-edicion-de-conecta-ficcion-entertainment-que-arranca-este-martes-en-toledo","status":"publish","type":"post","link":"https:\/\/spainfilmcommission.com\/en\/blog\/spain-film-commission-tendra-una-destacada-presencia-en-la-sexta-edicion-de-conecta-ficcion-entertainment-que-arranca-este-martes-en-toledo\/","title":{"rendered":"Spain Film Commission tendr\u00e1 una destacada presencia en la sexta edici\u00f3n de Conecta Ficci\u00f3n &#038; Entertainment, que arranca este martes en Toledo"},"content":{"rendered":"<p style=\"font-size:12px;font-family:Arial, sans-serif;text-align:justify;\"><span style=\"font-size:14px;\"><span style=\"font-family:arial, helvetica, sans-serif;\"><strong>Spain Film Commission<\/strong>\u00a0ser\u00e1 uno de los patrocinadores oficiales de la sexta edici\u00f3n de Conecta FICTION &#038; ENTERTAINMENT, el mayor encuentro internacional dedicado a la coproducci\u00f3n de series de ficci\u00f3n para televisi\u00f3n entre Europa y Am\u00e9rica, que arranca este martes 21 de junio en la ciudad de Toledo y que se prolongar\u00e1 hasta el pr\u00f3ximo viernes.<br \/>\n<a href=\"https:\/\/www.eventconecta.com\/\" target=\"_blank\">Conecta FICTION &#038; ENTERTAINMENT<\/a>,\u00a0evento que por primera vez se abre igualmente al contenido de entretenimiento y tendr\u00e1 a Espa\u00f1a como Pa\u00eds Foco, contar\u00e1 con una destacada presencia de Spain Film Commision en sus diferentes paneles, eventos, workshops, conferencias y encuentros.\u00a0<br \/>\nConcretamente,\u00a0<strong>Spain Film Commission\u00a0<\/strong>ser\u00e1 junto al\u00a0<strong>ICEX \/ Invest in Spain<\/strong>\u00a0y\u00a0<strong>RTVE<\/strong>, el patrocinador del\u00a0<strong><a href=\"https:\/\/www.eventconecta.com\/think-tank\/#:~:text=En%20la%20sexta%20edici%C3%B3n%20de,Spain%20Film%20Commission%20y%20RTVE.&#038;text=Comenzaremos%20el%20d%C3%ADa%20en%20las,parajes%20m%C3%A1s%20emblem%C3%A1ticos%20de%20Toledo.\" target=\"_blank\">Conecta Think Tank<\/a>,<\/strong>\u00a0un foro exclusivo que tendr\u00e1 lugar este martes 21 en Barrancas de Buruj\u00f3n, uno de los lugares m\u00e1s emblem\u00e1ticos de la provincia de Toledo, y la Finca Quinta Mirabel, donde los asistentes reflexionar\u00e1n, compartir\u00e1n, sacar\u00e1n conclusiones y ofrecer\u00e1n su visi\u00f3n de futuro sobre los temas m\u00e1s candentes del sector.<br \/>\nEl mi\u00e9rcoles 22,\u00a0<strong>Teresa Azcona<\/strong>, directora general Hub Audiovisual ser\u00e1 la ponente de la charla\u00a0<strong>Focus Spain:<\/strong>\u00a0Spain Film Commission, que tendr\u00e1 lugar en el auditorio del Palacio de Congresos El Greco de Toledo a partir de las 12:30 horas. En este mismo espacio, el jueves 23, Spain Film Comission participar\u00e1 en la Gala de Premios, en la que varios integrantes de la organizaci\u00f3n entregar\u00e1n\u00a0el\u00a0<strong>Premio SFC<\/strong>\u00a0dotado con 1.000 euros y se concede al proyecto presentado que mejor pone en valor las localizaciones de Espa\u00f1a.<\/span><\/span><\/p>\n<p style=\"font-size:12px;font-family:Arial, sans-serif;text-align:justify;\"><span style=\"font-size:14px;\"><span style=\"font-family:arial, helvetica, sans-serif;\"><strong>Gran n\u00famero de socios acreditados<\/strong><\/span><\/span><\/p>\n<p style=\"font-size:12px;font-family:Arial, sans-serif;text-align:justify;\"><span style=\"font-family:arial, helvetica, sans-serif;font-size:14px;\">La sexta edici\u00f3n de Conecta FICCION &#038; ENTERTAINMENT, cuya celebraci\u00f3n cuenta con el apoyo del Plan de Recuperaci\u00f3n, Transformaci\u00f3n y Resiliencia del Gobierno de Espa\u00f1a, contar\u00e1 con una nutrida representaci\u00f3n de Spain Film Commission, con una gran presencia de sus socios. Concretamente, acudir\u00e1n representantes de Valladolid Film Commission, Asturias Film Commission, Pontevedra Provincia Film Commission, Valencia Film Office, Andalucia Film Commission, Film Madrid, Madrid Film Office, Benidorm Film Office, Navarra Film Commission, Cantabria Film Commission y Canary Islands Film Commission, adem\u00e1s de Castilla La Mancha Film Commission como parte de la organizaci\u00f3n del evento.<\/span><\/p>\n<p style=\"font-size:12px;font-family:Arial, sans-serif;text-align:justify;\"><span style=\"font-size:14px;\"><span style=\"font-family:arial, helvetica, sans-serif;\"><strong>Conecta FICTION &#038; ENTERTAINMENT<\/strong>\u00a0ofrecer\u00e1 en esta nueva edici\u00f3n toda una serie de actividades orientadas a los profesionales internacionales que visitar\u00e1n durante esos d\u00edas Toledo con paneles, sesiones de pitching, charlas, street meetings para conocer la ciudad o keynotes que se suceder\u00e1n a lo largo de la semana para entender la situaci\u00f3n actual de la industria de ficci\u00f3n y entretenimiento para televisi\u00f3n. Igualmente ha puesto de relieve la agenda personalizada como servicio novedad de esta edici\u00f3n Conecta MEET y todas las oportunidades para aprovechar al m\u00e1ximo el evento.<\/span><\/span><\/p>\n<p style=\"font-size:12px;font-family:Arial, sans-serif;text-align:justify;\"><span style=\"font-size:14px;\"><span style=\"font-family:arial, helvetica, sans-serif;\">A trav\u00e9s de su completo\u00a0<a href=\"https:\/\/www.eventconecta.com\/programa-general\/\" target=\"_blank\">programa<\/a>, Conecta FICTION &#038; ENTERTAINMENT afronta su sexta edici\u00f3n como un punto de encuentro imprescindible para la industria de la producci\u00f3n para televisi\u00f3n a ambos lados del Atl\u00e1ntico al tiempo que refuerza el impacto positivo que generar\u00e1 en la ciudad, ofreciendo a todos los participantes una amplia oferta de actividades en diversos lugares de la ciudad y de su entorno que pondr\u00e1n en valor Toledo como gran escenario audiovisual.<\/span><\/span><\/p>\n<p style=\"font-size:12px;font-family:Arial, sans-serif;text-align:justify;\">\u00a0<\/p>\n<h3 style=\"font-weight:600;line-height:1.1;font-family:Arial, sans-serif;color:rgb(225,11,19);margin-top:20px;margin-bottom:10px;font-size:12px;text-transform:uppercase;text-align:justify;\"><span style=\"font-family:'lucida sans unicode', 'lucida grande', sans-serif;\"><span style=\"font-size:16px;\">#CONECTA6 #SHOOTINGINSPAIN #RUEDAENESPA\u00d1A #WEARETHEMAGIC\u00a0#PLANDERECUPERACION\u00a0<\/span><\/span><\/h3>\n","protected":false},"excerpt":{"rendered":"<p>Spain Film Commission\u00a0ser\u00e1 uno de los patrocinadores oficiales de la sexta edici\u00f3n de Conecta FICTION &#038; ENTERTAINMENT, el mayor encuentro internacional dedicado a la coproducci\u00f3n de series de ficci\u00f3n para [&hellip;]<\/p>\n","protected":false},"author":2,"featured_media":8647,"comment_status":"closed","ping_status":"","sticky":false,"template":"","format":"standard","meta":{"footnotes":""},"categories":[38],"tags":[],"class_list":["post-8646","post","type-post","status-publish","format-standard","has-post-thumbnail","hentry","category-noticias"],"yoast_head":"<!-- This site is optimized with the Yoast SEO plugin v27.3 - https:\/\/yoast.com\/product\/yoast-seo-wordpress\/ -->\n<title>Spain Film Commission tendr\u00e1 una destacada presencia en la sexta edici\u00f3n de Conecta Ficci\u00f3n &amp; Entertainment, que arranca este martes en Toledo - Spain Film Commission<\/title>\n<meta name=\"robots\" content=\"index, follow, max-snippet:-1, max-image-preview:large, max-video-preview:-1\" \/>\n<link rel=\"canonical\" href=\"https:\/\/spainfilmcommission.com\/en\/blog\/spain-film-commission-tendra-una-destacada-presencia-en-la-sexta-edicion-de-conecta-ficcion-entertainment-que-arranca-este-martes-en-toledo\/\" \/>\n<meta property=\"og:locale\" content=\"en_US\" \/>\n<meta property=\"og:type\" content=\"article\" \/>\n<meta property=\"og:title\" content=\"Spain Film Commission tendr\u00e1 una destacada presencia en la sexta edici\u00f3n de Conecta Ficci\u00f3n &amp; Entertainment, que arranca este martes en Toledo - Spain Film Commission\" \/>\n<meta property=\"og:description\" content=\"Spain Film Commission\u00a0ser\u00e1 uno de los patrocinadores oficiales de la sexta edici\u00f3n de Conecta FICTION &#038; ENTERTAINMENT, el mayor encuentro internacional dedicado a la coproducci\u00f3n de series de ficci\u00f3n para [&hellip;]\" \/>\n<meta property=\"og:url\" content=\"https:\/\/spainfilmcommission.com\/en\/blog\/spain-film-commission-tendra-una-destacada-presencia-en-la-sexta-edicion-de-conecta-ficcion-entertainment-que-arranca-este-martes-en-toledo\/\" \/>\n<meta property=\"og:site_name\" content=\"Spain Film Commission\" \/>\n<meta property=\"article:published_time\" content=\"2022-06-19T22:00:00+00:00\" \/>\n<meta property=\"article:modified_time\" content=\"2025-02-11T07:06:47+00:00\" \/>\n<meta property=\"og:image\" content=\"https:\/\/spainfilmcommission.com\/wp-content\/uploads\/2024\/11\/spain-film-commission-tendra-una-destacada-presencia-en-la-sexta-edicion-de-conecta-ficcion-entertainment-que-arranca-este-martes-en-toledo-269.png\" \/>\n\t<meta property=\"og:image:width\" content=\"1170\" \/>\n\t<meta property=\"og:image:height\" content=\"658\" \/>\n\t<meta property=\"og:image:type\" content=\"image\/png\" \/>\n<meta name=\"author\" content=\"studio128k_dam\" \/>\n<meta name=\"twitter:card\" content=\"summary_large_image\" \/>\n<meta name=\"twitter:label1\" content=\"Written by\" \/>\n\t<meta name=\"twitter:data1\" content=\"studio128k_dam\" \/>\n\t<meta name=\"twitter:label2\" content=\"Est. reading time\" \/>\n\t<meta name=\"twitter:data2\" content=\"3 minutes\" \/>\n<script type=\"application\/ld+json\" class=\"yoast-schema-graph\">{\"@context\":\"https:\\\/\\\/schema.org\",\"@graph\":[{\"@type\":\"Article\",\"@id\":\"https:\\\/\\\/spainfilmcommission.com\\\/en\\\/blog\\\/spain-film-commission-tendra-una-destacada-presencia-en-la-sexta-edicion-de-conecta-ficcion-entertainment-que-arranca-este-martes-en-toledo\\\/#article\",\"isPartOf\":{\"@id\":\"https:\\\/\\\/spainfilmcommission.com\\\/en\\\/blog\\\/spain-film-commission-tendra-una-destacada-presencia-en-la-sexta-edicion-de-conecta-ficcion-entertainment-que-arranca-este-martes-en-toledo\\\/\"},\"author\":{\"name\":\"studio128k_dam\",\"@id\":\"https:\\\/\\\/spainfilmcommission.com\\\/en\\\/#\\\/schema\\\/person\\\/6c014ba6ceac198d178a6a9e61113c9d\"},\"headline\":\"Spain Film Commission tendr\u00e1 una destacada presencia en la sexta edici\u00f3n de Conecta Ficci\u00f3n &#038; Entertainment, que arranca este martes en Toledo\",\"datePublished\":\"2022-06-19T22:00:00+00:00\",\"dateModified\":\"2025-02-11T07:06:47+00:00\",\"mainEntityOfPage\":{\"@id\":\"https:\\\/\\\/spainfilmcommission.com\\\/en\\\/blog\\\/spain-film-commission-tendra-una-destacada-presencia-en-la-sexta-edicion-de-conecta-ficcion-entertainment-que-arranca-este-martes-en-toledo\\\/\"},\"wordCount\":577,\"publisher\":{\"@id\":\"https:\\\/\\\/spainfilmcommission.com\\\/en\\\/#organization\"},\"image\":{\"@id\":\"https:\\\/\\\/spainfilmcommission.com\\\/en\\\/blog\\\/spain-film-commission-tendra-una-destacada-presencia-en-la-sexta-edicion-de-conecta-ficcion-entertainment-que-arranca-este-martes-en-toledo\\\/#primaryimage\"},\"thumbnailUrl\":\"https:\\\/\\\/spainfilmcommission.com\\\/wp-content\\\/uploads\\\/2024\\\/11\\\/spain-film-commission-tendra-una-destacada-presencia-en-la-sexta-edicion-de-conecta-ficcion-entertainment-que-arranca-este-martes-en-toledo-269.png\",\"articleSection\":[\"Noticias\"],\"inLanguage\":\"en-US\"},{\"@type\":\"WebPage\",\"@id\":\"https:\\\/\\\/spainfilmcommission.com\\\/en\\\/blog\\\/spain-film-commission-tendra-una-destacada-presencia-en-la-sexta-edicion-de-conecta-ficcion-entertainment-que-arranca-este-martes-en-toledo\\\/\",\"url\":\"https:\\\/\\\/spainfilmcommission.com\\\/en\\\/blog\\\/spain-film-commission-tendra-una-destacada-presencia-en-la-sexta-edicion-de-conecta-ficcion-entertainment-que-arranca-este-martes-en-toledo\\\/\",\"name\":\"Spain Film Commission tendr\u00e1 una destacada presencia en la sexta edici\u00f3n de Conecta Ficci\u00f3n & Entertainment, que arranca este martes en Toledo - Spain Film Commission\",\"isPartOf\":{\"@id\":\"https:\\\/\\\/spainfilmcommission.com\\\/en\\\/#website\"},\"primaryImageOfPage\":{\"@id\":\"https:\\\/\\\/spainfilmcommission.com\\\/en\\\/blog\\\/spain-film-commission-tendra-una-destacada-presencia-en-la-sexta-edicion-de-conecta-ficcion-entertainment-que-arranca-este-martes-en-toledo\\\/#primaryimage\"},\"image\":{\"@id\":\"https:\\\/\\\/spainfilmcommission.com\\\/en\\\/blog\\\/spain-film-commission-tendra-una-destacada-presencia-en-la-sexta-edicion-de-conecta-ficcion-entertainment-que-arranca-este-martes-en-toledo\\\/#primaryimage\"},\"thumbnailUrl\":\"https:\\\/\\\/spainfilmcommission.com\\\/wp-content\\\/uploads\\\/2024\\\/11\\\/spain-film-commission-tendra-una-destacada-presencia-en-la-sexta-edicion-de-conecta-ficcion-entertainment-que-arranca-este-martes-en-toledo-269.png\",\"datePublished\":\"2022-06-19T22:00:00+00:00\",\"dateModified\":\"2025-02-11T07:06:47+00:00\",\"breadcrumb\":{\"@id\":\"https:\\\/\\\/spainfilmcommission.com\\\/en\\\/blog\\\/spain-film-commission-tendra-una-destacada-presencia-en-la-sexta-edicion-de-conecta-ficcion-entertainment-que-arranca-este-martes-en-toledo\\\/#breadcrumb\"},\"inLanguage\":\"en-US\",\"potentialAction\":[{\"@type\":\"ReadAction\",\"target\":[\"https:\\\/\\\/spainfilmcommission.com\\\/en\\\/blog\\\/spain-film-commission-tendra-una-destacada-presencia-en-la-sexta-edicion-de-conecta-ficcion-entertainment-que-arranca-este-martes-en-toledo\\\/\"]}]},{\"@type\":\"ImageObject\",\"inLanguage\":\"en-US\",\"@id\":\"https:\\\/\\\/spainfilmcommission.com\\\/en\\\/blog\\\/spain-film-commission-tendra-una-destacada-presencia-en-la-sexta-edicion-de-conecta-ficcion-entertainment-que-arranca-este-martes-en-toledo\\\/#primaryimage\",\"url\":\"https:\\\/\\\/spainfilmcommission.com\\\/wp-content\\\/uploads\\\/2024\\\/11\\\/spain-film-commission-tendra-una-destacada-presencia-en-la-sexta-edicion-de-conecta-ficcion-entertainment-que-arranca-este-martes-en-toledo-269.png\",\"contentUrl\":\"https:\\\/\\\/spainfilmcommission.com\\\/wp-content\\\/uploads\\\/2024\\\/11\\\/spain-film-commission-tendra-una-destacada-presencia-en-la-sexta-edicion-de-conecta-ficcion-entertainment-que-arranca-este-martes-en-toledo-269.png\",\"width\":1170,\"height\":658},{\"@type\":\"BreadcrumbList\",\"@id\":\"https:\\\/\\\/spainfilmcommission.com\\\/en\\\/blog\\\/spain-film-commission-tendra-una-destacada-presencia-en-la-sexta-edicion-de-conecta-ficcion-entertainment-que-arranca-este-martes-en-toledo\\\/#breadcrumb\",\"itemListElement\":[{\"@type\":\"ListItem\",\"position\":1,\"name\":\"Portada\",\"item\":\"https:\\\/\\\/spainfilmcommission.com\\\/en\\\/\"},{\"@type\":\"ListItem\",\"position\":2,\"name\":\"Spain Film Commission tendr\u00e1 una destacada presencia en la sexta edici\u00f3n de Conecta Ficci\u00f3n &#038; Entertainment, que arranca este martes en Toledo\"}]},{\"@type\":\"WebSite\",\"@id\":\"https:\\\/\\\/spainfilmcommission.com\\\/en\\\/#website\",\"url\":\"https:\\\/\\\/spainfilmcommission.com\\\/en\\\/\",\"name\":\"Spain Film Commission\",\"description\":\"\",\"publisher\":{\"@id\":\"https:\\\/\\\/spainfilmcommission.com\\\/en\\\/#organization\"},\"potentialAction\":[{\"@type\":\"SearchAction\",\"target\":{\"@type\":\"EntryPoint\",\"urlTemplate\":\"https:\\\/\\\/spainfilmcommission.com\\\/en\\\/?s={search_term_string}\"},\"query-input\":{\"@type\":\"PropertyValueSpecification\",\"valueRequired\":true,\"valueName\":\"search_term_string\"}}],\"inLanguage\":\"en-US\"},{\"@type\":\"Organization\",\"@id\":\"https:\\\/\\\/spainfilmcommission.com\\\/en\\\/#organization\",\"name\":\"Spain Film Commission\",\"url\":\"https:\\\/\\\/spainfilmcommission.com\\\/en\\\/\",\"logo\":{\"@type\":\"ImageObject\",\"inLanguage\":\"en-US\",\"@id\":\"https:\\\/\\\/spainfilmcommission.com\\\/en\\\/#\\\/schema\\\/logo\\\/image\\\/\",\"url\":\"https:\\\/\\\/spainfilmcommission.com\\\/wp-content\\\/uploads\\\/2024\\\/07\\\/SPC_COLOR.png\",\"contentUrl\":\"https:\\\/\\\/spainfilmcommission.com\\\/wp-content\\\/uploads\\\/2024\\\/07\\\/SPC_COLOR.png\",\"width\":1665,\"height\":1665,\"caption\":\"Spain Film Commission\"},\"image\":{\"@id\":\"https:\\\/\\\/spainfilmcommission.com\\\/en\\\/#\\\/schema\\\/logo\\\/image\\\/\"}},{\"@type\":\"Person\",\"@id\":\"https:\\\/\\\/spainfilmcommission.com\\\/en\\\/#\\\/schema\\\/person\\\/6c014ba6ceac198d178a6a9e61113c9d\",\"name\":\"studio128k_dam\",\"image\":{\"@type\":\"ImageObject\",\"inLanguage\":\"en-US\",\"@id\":\"https:\\\/\\\/secure.gravatar.com\\\/avatar\\\/810f99144a13522c24aa173f9cd8bf079d0e89758af00b5f2938443cd51b31e9?s=96&d=mm&r=g\",\"url\":\"https:\\\/\\\/secure.gravatar.com\\\/avatar\\\/810f99144a13522c24aa173f9cd8bf079d0e89758af00b5f2938443cd51b31e9?s=96&d=mm&r=g\",\"contentUrl\":\"https:\\\/\\\/secure.gravatar.com\\\/avatar\\\/810f99144a13522c24aa173f9cd8bf079d0e89758af00b5f2938443cd51b31e9?s=96&d=mm&r=g\",\"caption\":\"studio128k_dam\"}}]}<\/script>\n<!-- \/ Yoast SEO plugin. -->","yoast_head_json":{"title":"Spain Film Commission tendr\u00e1 una destacada presencia en la sexta edici\u00f3n de Conecta Ficci\u00f3n & Entertainment, que arranca este martes en Toledo - Spain Film Commission","robots":{"index":"index","follow":"follow","max-snippet":"max-snippet:-1","max-image-preview":"max-image-preview:large","max-video-preview":"max-video-preview:-1"},"canonical":"https:\/\/spainfilmcommission.com\/en\/blog\/spain-film-commission-tendra-una-destacada-presencia-en-la-sexta-edicion-de-conecta-ficcion-entertainment-que-arranca-este-martes-en-toledo\/","og_locale":"en_US","og_type":"article","og_title":"Spain Film Commission tendr\u00e1 una destacada presencia en la sexta edici\u00f3n de Conecta Ficci\u00f3n & Entertainment, que arranca este martes en Toledo - Spain Film Commission","og_description":"Spain Film Commission\u00a0ser\u00e1 uno de los patrocinadores oficiales de la sexta edici\u00f3n de Conecta FICTION &#038; ENTERTAINMENT, el mayor encuentro internacional dedicado a la coproducci\u00f3n de series de ficci\u00f3n para [&hellip;]","og_url":"https:\/\/spainfilmcommission.com\/en\/blog\/spain-film-commission-tendra-una-destacada-presencia-en-la-sexta-edicion-de-conecta-ficcion-entertainment-que-arranca-este-martes-en-toledo\/","og_site_name":"Spain Film Commission","article_published_time":"2022-06-19T22:00:00+00:00","article_modified_time":"2025-02-11T07:06:47+00:00","og_image":[{"width":1170,"height":658,"url":"https:\/\/spainfilmcommission.com\/wp-content\/uploads\/2024\/11\/spain-film-commission-tendra-una-destacada-presencia-en-la-sexta-edicion-de-conecta-ficcion-entertainment-que-arranca-este-martes-en-toledo-269.png","type":"image\/png"}],"author":"studio128k_dam","twitter_card":"summary_large_image","twitter_misc":{"Written by":"studio128k_dam","Est. reading time":"3 minutes"},"schema":{"@context":"https:\/\/schema.org","@graph":[{"@type":"Article","@id":"https:\/\/spainfilmcommission.com\/en\/blog\/spain-film-commission-tendra-una-destacada-presencia-en-la-sexta-edicion-de-conecta-ficcion-entertainment-que-arranca-este-martes-en-toledo\/#article","isPartOf":{"@id":"https:\/\/spainfilmcommission.com\/en\/blog\/spain-film-commission-tendra-una-destacada-presencia-en-la-sexta-edicion-de-conecta-ficcion-entertainment-que-arranca-este-martes-en-toledo\/"},"author":{"name":"studio128k_dam","@id":"https:\/\/spainfilmcommission.com\/en\/#\/schema\/person\/6c014ba6ceac198d178a6a9e61113c9d"},"headline":"Spain Film Commission tendr\u00e1 una destacada presencia en la sexta edici\u00f3n de Conecta Ficci\u00f3n &#038; Entertainment, que arranca este martes en Toledo","datePublished":"2022-06-19T22:00:00+00:00","dateModified":"2025-02-11T07:06:47+00:00","mainEntityOfPage":{"@id":"https:\/\/spainfilmcommission.com\/en\/blog\/spain-film-commission-tendra-una-destacada-presencia-en-la-sexta-edicion-de-conecta-ficcion-entertainment-que-arranca-este-martes-en-toledo\/"},"wordCount":577,"publisher":{"@id":"https:\/\/spainfilmcommission.com\/en\/#organization"},"image":{"@id":"https:\/\/spainfilmcommission.com\/en\/blog\/spain-film-commission-tendra-una-destacada-presencia-en-la-sexta-edicion-de-conecta-ficcion-entertainment-que-arranca-este-martes-en-toledo\/#primaryimage"},"thumbnailUrl":"https:\/\/spainfilmcommission.com\/wp-content\/uploads\/2024\/11\/spain-film-commission-tendra-una-destacada-presencia-en-la-sexta-edicion-de-conecta-ficcion-entertainment-que-arranca-este-martes-en-toledo-269.png","articleSection":["Noticias"],"inLanguage":"en-US"},{"@type":"WebPage","@id":"https:\/\/spainfilmcommission.com\/en\/blog\/spain-film-commission-tendra-una-destacada-presencia-en-la-sexta-edicion-de-conecta-ficcion-entertainment-que-arranca-este-martes-en-toledo\/","url":"https:\/\/spainfilmcommission.com\/en\/blog\/spain-film-commission-tendra-una-destacada-presencia-en-la-sexta-edicion-de-conecta-ficcion-entertainment-que-arranca-este-martes-en-toledo\/","name":"Spain Film Commission tendr\u00e1 una destacada presencia en la sexta edici\u00f3n de Conecta Ficci\u00f3n & Entertainment, que arranca este martes en Toledo - Spain Film Commission","isPartOf":{"@id":"https:\/\/spainfilmcommission.com\/en\/#website"},"primaryImageOfPage":{"@id":"https:\/\/spainfilmcommission.com\/en\/blog\/spain-film-commission-tendra-una-destacada-presencia-en-la-sexta-edicion-de-conecta-ficcion-entertainment-que-arranca-este-martes-en-toledo\/#primaryimage"},"image":{"@id":"https:\/\/spainfilmcommission.com\/en\/blog\/spain-film-commission-tendra-una-destacada-presencia-en-la-sexta-edicion-de-conecta-ficcion-entertainment-que-arranca-este-martes-en-toledo\/#primaryimage"},"thumbnailUrl":"https:\/\/spainfilmcommission.com\/wp-content\/uploads\/2024\/11\/spain-film-commission-tendra-una-destacada-presencia-en-la-sexta-edicion-de-conecta-ficcion-entertainment-que-arranca-este-martes-en-toledo-269.png","datePublished":"2022-06-19T22:00:00+00:00","dateModified":"2025-02-11T07:06:47+00:00","breadcrumb":{"@id":"https:\/\/spainfilmcommission.com\/en\/blog\/spain-film-commission-tendra-una-destacada-presencia-en-la-sexta-edicion-de-conecta-ficcion-entertainment-que-arranca-este-martes-en-toledo\/#breadcrumb"},"inLanguage":"en-US","potentialAction":[{"@type":"ReadAction","target":["https:\/\/spainfilmcommission.com\/en\/blog\/spain-film-commission-tendra-una-destacada-presencia-en-la-sexta-edicion-de-conecta-ficcion-entertainment-que-arranca-este-martes-en-toledo\/"]}]},{"@type":"ImageObject","inLanguage":"en-US","@id":"https:\/\/spainfilmcommission.com\/en\/blog\/spain-film-commission-tendra-una-destacada-presencia-en-la-sexta-edicion-de-conecta-ficcion-entertainment-que-arranca-este-martes-en-toledo\/#primaryimage","url":"https:\/\/spainfilmcommission.com\/wp-content\/uploads\/2024\/11\/spain-film-commission-tendra-una-destacada-presencia-en-la-sexta-edicion-de-conecta-ficcion-entertainment-que-arranca-este-martes-en-toledo-269.png","contentUrl":"https:\/\/spainfilmcommission.com\/wp-content\/uploads\/2024\/11\/spain-film-commission-tendra-una-destacada-presencia-en-la-sexta-edicion-de-conecta-ficcion-entertainment-que-arranca-este-martes-en-toledo-269.png","width":1170,"height":658},{"@type":"BreadcrumbList","@id":"https:\/\/spainfilmcommission.com\/en\/blog\/spain-film-commission-tendra-una-destacada-presencia-en-la-sexta-edicion-de-conecta-ficcion-entertainment-que-arranca-este-martes-en-toledo\/#breadcrumb","itemListElement":[{"@type":"ListItem","position":1,"name":"Portada","item":"https:\/\/spainfilmcommission.com\/en\/"},{"@type":"ListItem","position":2,"name":"Spain Film Commission tendr\u00e1 una destacada presencia en la sexta edici\u00f3n de Conecta Ficci\u00f3n &#038; Entertainment, que arranca este martes en Toledo"}]},{"@type":"WebSite","@id":"https:\/\/spainfilmcommission.com\/en\/#website","url":"https:\/\/spainfilmcommission.com\/en\/","name":"Spain Film Commission","description":"","publisher":{"@id":"https:\/\/spainfilmcommission.com\/en\/#organization"},"potentialAction":[{"@type":"SearchAction","target":{"@type":"EntryPoint","urlTemplate":"https:\/\/spainfilmcommission.com\/en\/?s={search_term_string}"},"query-input":{"@type":"PropertyValueSpecification","valueRequired":true,"valueName":"search_term_string"}}],"inLanguage":"en-US"},{"@type":"Organization","@id":"https:\/\/spainfilmcommission.com\/en\/#organization","name":"Spain Film Commission","url":"https:\/\/spainfilmcommission.com\/en\/","logo":{"@type":"ImageObject","inLanguage":"en-US","@id":"https:\/\/spainfilmcommission.com\/en\/#\/schema\/logo\/image\/","url":"https:\/\/spainfilmcommission.com\/wp-content\/uploads\/2024\/07\/SPC_COLOR.png","contentUrl":"https:\/\/spainfilmcommission.com\/wp-content\/uploads\/2024\/07\/SPC_COLOR.png","width":1665,"height":1665,"caption":"Spain Film Commission"},"image":{"@id":"https:\/\/spainfilmcommission.com\/en\/#\/schema\/logo\/image\/"}},{"@type":"Person","@id":"https:\/\/spainfilmcommission.com\/en\/#\/schema\/person\/6c014ba6ceac198d178a6a9e61113c9d","name":"studio128k_dam","image":{"@type":"ImageObject","inLanguage":"en-US","@id":"https:\/\/secure.gravatar.com\/avatar\/810f99144a13522c24aa173f9cd8bf079d0e89758af00b5f2938443cd51b31e9?s=96&d=mm&r=g","url":"https:\/\/secure.gravatar.com\/avatar\/810f99144a13522c24aa173f9cd8bf079d0e89758af00b5f2938443cd51b31e9?s=96&d=mm&r=g","contentUrl":"https:\/\/secure.gravatar.com\/avatar\/810f99144a13522c24aa173f9cd8bf079d0e89758af00b5f2938443cd51b31e9?s=96&d=mm&r=g","caption":"studio128k_dam"}}]}},"_links":{"self":[{"href":"https:\/\/spainfilmcommission.com\/en\/wp-json\/wp\/v2\/posts\/8646","targetHints":{"allow":["GET"]}}],"collection":[{"href":"https:\/\/spainfilmcommission.com\/en\/wp-json\/wp\/v2\/posts"}],"about":[{"href":"https:\/\/spainfilmcommission.com\/en\/wp-json\/wp\/v2\/types\/post"}],"author":[{"embeddable":true,"href":"https:\/\/spainfilmcommission.com\/en\/wp-json\/wp\/v2\/users\/2"}],"replies":[{"embeddable":true,"href":"https:\/\/spainfilmcommission.com\/en\/wp-json\/wp\/v2\/comments?post=8646"}],"version-history":[{"count":0,"href":"https:\/\/spainfilmcommission.com\/en\/wp-json\/wp\/v2\/posts\/8646\/revisions"}],"wp:featuredmedia":[{"embeddable":true,"href":"https:\/\/spainfilmcommission.com\/en\/wp-json\/wp\/v2\/media\/8647"}],"wp:attachment":[{"href":"https:\/\/spainfilmcommission.com\/en\/wp-json\/wp\/v2\/media?parent=8646"}],"wp:term":[{"taxonomy":"category","embeddable":true,"href":"https:\/\/spainfilmcommission.com\/en\/wp-json\/wp\/v2\/categories?post=8646"},{"taxonomy":"post_tag","embeddable":true,"href":"https:\/\/spainfilmcommission.com\/en\/wp-json\/wp\/v2\/tags?post=8646"}],"curies":[{"name":"wp","href":"https:\/\/api.w.org\/{rel}","templated":true}]}}