{"id":8643,"date":"2022-06-15T00:00:00","date_gmt":"2022-06-14T22:00:00","guid":{"rendered":"https:\/\/sfc.com\/nueva-edicion-de-shooting-locations-marketplace-el-evento-para-localizadores-y-destinos-de-rodaje-en-valladolid\/"},"modified":"2025-02-11T08:06:47","modified_gmt":"2025-02-11T07:06:47","slug":"nueva-edicion-de-shooting-locations-marketplace-el-evento-para-localizadores-y-destinos-de-rodaje-en-valladolid","status":"publish","type":"post","link":"https:\/\/spainfilmcommission.com\/en\/blog\/nueva-edicion-de-shooting-locations-marketplace-el-evento-para-localizadores-y-destinos-de-rodaje-en-valladolid\/","title":{"rendered":"Nueva edici\u00f3n de Shooting Locations Marketplace, el evento para localizadores y destinos de rodaje en Valladolid"},"content":{"rendered":"<ul style=\"font-family:Arial, sans-serif;font-size:12px;\">\n<li><span style=\"font-family:arial, helvetica, sans-serif;\"><span style=\"font-size:14px;\">Se celebrar\u00e1\u00a0 los\u00a0 d\u00edas\u00a0 20\u00a0 y\u00a0 21\u00a0 de octubre en\u00a0 \u00a0Valladolid,\u00a0 \u00a0organizado\u00a0 \u00a0por\u00a0 \u00a0Feria\u00a0 \u00a0de Valladolid y Spain Film Commission<\/span><\/span><\/li>\n<li><span style=\"font-family:arial, helvetica, sans-serif;\"><span style=\"font-size:14px;\">Noruega\u00a0 \u00a0se\u00a0 \u00a0suma\u00a0 \u00a0al\u00a0 \u00a0proyecto\u00a0 \u00a0y\u00a0 \u00a0ser\u00e1\u00a0 \u00a0uno de\u00a0 \u00a0 \u00a0 \u00a0los\u00a0 \u00a0 \u00a0 \u00a0destinos\u00a0 \u00a0 \u00a0 \u00a0internacionales participantes\u00a0<\/span><\/span><\/li>\n<\/ul>\n<div style=\"text-align:justify;\">\n<p style=\"text-align:justify;\">\u00a0<\/p>\n<p style=\"text-align:justify;\"><span style=\"font-family:arial, helvetica, sans-serif;\"><span style=\"font-size:14px;\">Los d\u00edas 20 y 21 de octubre pr\u00f3ximos se celebrar\u00e1 la segunda edici\u00f3n de\u00a0<a href=\"https:\/\/feriavalladolid.com\/shootinglocationsmarketplace\/en\/homepage-en\/\" target=\"_blank\">Shooting\u00a0Locations Marketplace<\/a>, un\u00a0evento\u00a0para\u00a0la\u00a0industria audiovisual abierto a la participaci\u00f3n de productoras, localizadores y\u00a0 destinos de rodaje nacionales e internacionales.<\/span><\/span><\/p>\n<p style=\"text-align:justify;\"><span style=\"font-family:arial, helvetica, sans-serif;\"><span style=\"font-size:14px;\">Est\u00e1 organizado por\u00a0Spain Film Commission y\u00a0<a href=\"https:\/\/feriavalladolid.com\/\" target=\"_blank\">Feria de Valladolid<\/a>\u00a0y sus objetivos son ofrecer una plataforma de negocio a los profesionales de este sector y contribuir a la consolidaci\u00f3n de un sector con excelentes perspectivas de desarrollo.<\/span><\/span><\/p>\n<p style=\"text-align:justify;\"><span style=\"font-family:arial, helvetica, sans-serif;\"><span style=\"font-size:14px;\">&#8220;La\u00a0 \u00a0caracter\u00edstica\u00a0que\u00a0define\u00a0y\u00a0diferencia\u00a0a\u00a0Shooting Locations Marketplace de otros eventos es el protagonismo que tiene la figura del localizador, el programa de trabajo se articula en torno a ese profesional\u00a0al\u00a0que, durante dos\u00a0d\u00edas,\u00a0los\u00a0destinos\u00a0tienen\u00a0la oportunidad de presentar sus propuestas para albergar rodajes&#8221;, ha explicado el director general de Feria de Valladolid,\u00a0<strong>Alberto Alonso<\/strong>.<\/span><\/span><\/p>\n<p style=\"text-align:justify;\"><span style=\"font-family:arial, helvetica, sans-serif;\"><span style=\"font-size:14px;\">&#8220;El balance de la primera edici\u00f3n fue realmente bueno y nos marca la l\u00ednea\u00a0en\u00a0la\u00a0que\u00a0debemos\u00a0avanzar:\u00a0hacia\u00a0una\u00a0mayor internacionalizaci\u00f3n\u00a0tanto\u00a0en\u00a0la\u00a0 \u00a0oferta\u00a0 \u00a0de\u00a0<\/span><\/span><span style=\"font-size:14px;font-family:arial, helvetica, sans-serif;\">destinos\u00a0como\u00a0en\u00a0la participaci\u00f3n de localizadores, productoras y empresas de servicios&#8221;, a\u00f1adi\u00f3 Alonso.<\/span><\/p>\n<p><span style=\"font-family:arial, helvetica, sans-serif;\"><span style=\"font-size:14px;\">En la presentaci\u00f3n ha participado <strong>Luis Cueto<\/strong>, vocal asesor del Ministerio de Asuntos Econ\u00f3micos, qui\u00e9n ha se\u00f1alado el &#8220;esfuerzo realizado para convencer a AENA, paradores, parques naturales, ADIF, etc. para que faciliten los rodajes y haya una interlocuci\u00f3n&#8221;.<\/span><\/span><\/p>\n<p style=\"text-align:justify;\"><span style=\"font-family:arial, helvetica, sans-serif;\"><span style=\"font-size:14px;\">La previsi\u00f3n es contar con 60 destinos, entre los que estar\u00e1n los socios\u00a0de\u00a0Spain\u00a0Film\u00a0Commission\u00a0(Madrid,\u00a0Andaluc\u00eda, Vigo, Valencia, Canarias&#8230;); pa\u00edses como Portugal y Noruega, que acude por primera vez, y empresas como la cadena hotelera THB y la canaria Seven Islands.<\/span><\/span><\/p>\n<p style=\"text-align:justify;\"><span style=\"font-family:arial, helvetica, sans-serif;\"><span style=\"font-size:14px;\">En cuanto a la participaci\u00f3n de localizadores, han confirmado ya su presencia en Valladolid m\u00e1s de 60 profesionales procedentes de siete pa\u00edses. Espa\u00f1a representa el 32 por ciento, Gran Breta\u00f1a el 24 y Estados Unidos el 30 por ciento; el resto corresponde a Alemania, Malta, Canad\u00e1 y Portugal.<\/span><\/span><\/p>\n<p style=\"text-align:justify;\"><span style=\"font-family:arial, helvetica, sans-serif;\"><span style=\"font-size:14px;\">La relaci\u00f3n de asistentes internacionales incluye nombres como\u00a0<strong>Dan Connolly, Bill Doyle, Georgette Turner, Julie Hannum, Markus Bensch, Angus Ledgerwood, Peter Gray, Scott Trimble, Chris Baugh, Leann Emmert\u00a0<\/strong>o\u00a0<strong>Bill Darby,<\/strong>\u00a0responsables de pel\u00edculas y series como Citadel, Enola Holmes, Wonder Woman 84, El escuadr\u00f3n suicida, Capitana Marvel, Top Gun: Maverik, Los Romanov, John Wick 3: Parabellum, Tambi\u00e9n\u00a0 \u00a0asistir\u00e1\u00a0 \u00a0de\u00a0 \u00a0nuevo\u00a0 \u00a0la\u00a0 \u00a0estadounidense\u00a0\u00a0<strong>\u00a0Lori\u00a0 \u00a0Balton,<\/strong>\u00a0 \u00a0quien resumi\u00f3 la primera edici\u00f3n como &#8220;un \u00e9xito rotundo, un doble riesgo &#8211; por su formato innovador y las preocupaciones a causa del covid- que dio sus frutos. Volvimos a conectar con los colegas, compartimos tiempo de calidad con los destinos y finalizamos con un incomparable viaje a Canarias, una visita obligada para cualquier cineasta&#8221;.<\/span><\/span><\/p>\n<p style=\"text-align:justify;\"><span style=\"font-family:arial, helvetica, sans-serif;\"><span style=\"font-size:14px;\">El presidente de Spain Film Commission,\u00a0<strong>Carlos Rosado<\/strong>, ha afirmado que &#8220;en su primera edici\u00f3n demostr\u00f3 ser una herramienta \u00fatil para las productoras y la red de film commissions y film offices. Permiti\u00f3 establecer alianzas y lo que es a\u00fan m\u00e1s importante: cerrar acuerdos y poner en marcha nuevos proyectos audiovisuales en Espa\u00f1a. Esta ser\u00e1, sin duda alguna, la edici\u00f3n de la consolidaci\u00f3n como punto de encuentro del sector y una referencia internacional para proyectarnos en\u00a0 \u00a0el mundo\u00a0 \u00a0como\u00a0 \u00a0hub\u00a0 audiovisual\u00a0 \u00a0europeo\u00a0 \u00a0m\u00e1s\u00a0 \u00a0competitivo\u00a0 \u00a0y atractivo. Shooting Locations Marketplace es una cita obligada que nadie debe perderse. El negocio audiovisual en Espa\u00f1a tiene como referente en octubre Valladolid&#8221;. Film Madrid, que volver\u00e1 a estar en octubre en Shooting Locations Marketplace,\u00a0 \u00a0destac\u00f3\u00a0 \u00a0por\u00a0 \u00a0su\u00a0 \u00a0parte\u00a0 \u00a0&#8220;la\u00a0 \u00a0calidad\u00a0 \u00a0de\u00a0 \u00a0los\u00a0 \u00a0contactos establecidos, un trabajo que ha continuado en el tiempo y que sin duda nos va a permitir crecer&#8221;, se\u00f1al\u00f3\u00a0<strong>Rafael Cabrera<\/strong>.<\/span><\/span><\/p>\n<p style=\"text-align:justify;\"><span style=\"font-family:arial, helvetica, sans-serif;\"><span style=\"font-size:14px;\">El eje central de Shooting Locations Marketplace es la agenda de entrevistas,\u00a0 \u00a0concertadas\u00a0 \u00a0previamente\u00a0 \u00a0en\u00a0 \u00a0funci\u00f3n\u00a0 \u00a0de\u00a0 \u00a0intereses comunes, que el a\u00f1o pasado incluy\u00f3 m\u00e1s de 700 citas. Adem\u00e1s, se desarrolla un programa de conferencias en el que se analizan las tendencias del sector, casos de \u00e9xito, qu\u00e9 factores inclinan la balanza a la hora de elegir un destino u otro, etc.<\/span><\/span><\/p>\n<p style=\"text-align:justify;\"><span style=\"font-family:arial, helvetica, sans-serif;\"><span style=\"font-size:14px;\"><strong>Silvia Mart\u00ednez<\/strong>, responsable de Shooting Locations Marketplace, ha destacado como otro aspecto diferenciador del evento los viajes a destinos de rodajes para que localizadores y productoras conozcan in situ\u00a0 \u00a0la\u00a0 \u00a0oferta\u00a0 \u00a0que\u00a0 \u00a0presentan\u00a0 \u00a0las diferentes\u00a0 \u00a0Film\u00a0 \u00a0Commissions.<br \/>\n&#8220;Estamos trabajando en el dise\u00f1o de este programa que el a\u00f1o pasado nos permiti\u00f3 mostrar escenarios de Castilla y Le\u00f3n, Canarias y Comunidad Valenciana&#8221;.<\/span><\/span><\/p>\n<p style=\"text-align:justify;\"><span style=\"font-family:arial, helvetica, sans-serif;\"><span style=\"font-size:14px;\"><strong>Colaboraci\u00f3n con el sector<\/strong><\/span><\/span><\/p>\n<p style=\"text-align:justify;\"><span style=\"font-family:arial, helvetica, sans-serif;\"><span style=\"font-size:14px;\">Shooting Locations\u00a0Marketplace\u00a0ha\u00a0reeditado\u00a0acuerdos\u00a0de colaboraci\u00f3n con diferentes organismos y entidades profesionales del sector &#8220;porque\u00a0entendemos este\u00a0evento como\u00a0un lugar\u00a0para\u00a0el intercambio de conocimiento, de an\u00e1lisis y generador de negocio, una visi\u00f3n que compartimos con las siguientes instituciones, asociaciones profesionales y medios de comunicaci\u00f3n&#8221;.<br \/>\n<a href=\"https:\/\/eufcn.com\/\" target=\"_blank\">EUFCN<\/a>\u00a0I\u00a0<a href=\"https:\/\/www.profilm.es\/\" target=\"_blank\">Profilm<\/a>\u00a0I\u00a0<a href=\"https:\/\/locationmanagers.org\/compass-summer-2016\/lgmi-summer-2016-1\/\" target=\"_blank\">LGMI<\/a>\u00a0I\u00a0<a href=\"https:\/\/www.valladolid.es\/es\" target=\"_blank\">Ayuntamiento de Valladolid<\/a>\u00a0I\u00a0<a href=\"https:\/\/www.jcyl.es\/web\/jcyl\/Portada\/es\/Home\/1246890364336\/_\/_\/_\" target=\"_blank\">Junta de Castilla y Le\u00f3n<\/a>\u00a0I\u00a0<a href=\"https:\/\/www.diputaciondevalladolid.es\/es\" target=\"_blank\">Diputaci\u00f3n de Valladolid<\/a>\u00a0I\u00a0<a href=\"https:\/\/www.camaravalladolid.com\/\" target=\"_blank\">C\u00e1mara de Comercio e Industria de Valladolid<\/a>\u00a0I\u00a0<a href=\"https:\/\/www.audiovisual451.com\/\" target=\"_blank\">Audiovisual 451<\/a>\u00a0l\u00a0<a href=\"https:\/\/www.cineytele.com\/\" target=\"_blank\">Cine y Tele<\/a>\u00a0l\u00a0<a href=\"https:\/\/www.cineuropa.org\/es\/\" target=\"_blank\">Cineuropa<\/a>\u00a0l\u00a0<a href=\"https:\/\/www.latamcinema.com\/\" target=\"_blank\">Latam Cinema<\/a>\u00a0l\u00a0Asociaci\u00f3n de Periodistas Iberoamericanos de Cine<\/span><\/span><\/p>\n<p style=\"text-align:justify;\">\u00a0<\/p>\n<h3 style=\"font-weight:600;line-height:1.1;font-family:Arial, sans-serif;text-align:justify;color:rgb(225,11,19);margin-top:20px;margin-bottom:10px;font-size:12px;text-transform:uppercase;\"><span style=\"font-family:'lucida sans unicode', 'lucida grande', sans-serif;\"><span style=\"font-size:16px;\">#SHOOTINGINSPAIN #RUEDAENESPA\u00d1A #WEARETHEMAGIC\u00a0<\/span><\/span><\/h3>\n<\/div>\n","protected":false},"excerpt":{"rendered":"<p>Se celebrar\u00e1\u00a0 los\u00a0 d\u00edas\u00a0 20\u00a0 y\u00a0 21\u00a0 de octubre en\u00a0 \u00a0Valladolid,\u00a0 \u00a0organizado\u00a0 \u00a0por\u00a0 \u00a0Feria\u00a0 \u00a0de Valladolid y Spain Film Commission Noruega\u00a0 \u00a0se\u00a0 \u00a0suma\u00a0 \u00a0al\u00a0 \u00a0proyecto\u00a0 \u00a0y\u00a0 \u00a0ser\u00e1\u00a0 \u00a0uno de\u00a0 \u00a0 [&hellip;]<\/p>\n","protected":false},"author":2,"featured_media":8644,"comment_status":"closed","ping_status":"","sticky":false,"template":"","format":"standard","meta":{"footnotes":""},"categories":[38],"tags":[],"class_list":["post-8643","post","type-post","status-publish","format-standard","has-post-thumbnail","hentry","category-noticias"],"yoast_head":"<!-- This site is optimized with the Yoast SEO plugin v27.3 - https:\/\/yoast.com\/product\/yoast-seo-wordpress\/ -->\n<title>Nueva edici\u00f3n de Shooting Locations Marketplace, el evento para localizadores y destinos de rodaje en Valladolid - Spain Film Commission<\/title>\n<meta name=\"robots\" content=\"index, follow, max-snippet:-1, max-image-preview:large, max-video-preview:-1\" \/>\n<link rel=\"canonical\" href=\"https:\/\/spainfilmcommission.com\/en\/blog\/nueva-edicion-de-shooting-locations-marketplace-el-evento-para-localizadores-y-destinos-de-rodaje-en-valladolid\/\" \/>\n<meta property=\"og:locale\" content=\"en_US\" \/>\n<meta property=\"og:type\" content=\"article\" \/>\n<meta property=\"og:title\" content=\"Nueva edici\u00f3n de Shooting Locations Marketplace, el evento para localizadores y destinos de rodaje en Valladolid - Spain Film Commission\" \/>\n<meta property=\"og:description\" content=\"Se celebrar\u00e1\u00a0 los\u00a0 d\u00edas\u00a0 20\u00a0 y\u00a0 21\u00a0 de octubre en\u00a0 \u00a0Valladolid,\u00a0 \u00a0organizado\u00a0 \u00a0por\u00a0 \u00a0Feria\u00a0 \u00a0de Valladolid y Spain Film Commission Noruega\u00a0 \u00a0se\u00a0 \u00a0suma\u00a0 \u00a0al\u00a0 \u00a0proyecto\u00a0 \u00a0y\u00a0 \u00a0ser\u00e1\u00a0 \u00a0uno de\u00a0 \u00a0 [&hellip;]\" \/>\n<meta property=\"og:url\" content=\"https:\/\/spainfilmcommission.com\/en\/blog\/nueva-edicion-de-shooting-locations-marketplace-el-evento-para-localizadores-y-destinos-de-rodaje-en-valladolid\/\" \/>\n<meta property=\"og:site_name\" content=\"Spain Film Commission\" \/>\n<meta property=\"article:published_time\" content=\"2022-06-14T22:00:00+00:00\" \/>\n<meta property=\"article:modified_time\" content=\"2025-02-11T07:06:47+00:00\" \/>\n<meta property=\"og:image\" content=\"https:\/\/spainfilmcommission.com\/wp-content\/uploads\/2024\/11\/nueva-edicion-de-shooting-locations-marketplace-el-evento-para-localizadores-y-destinos-de-rodaje-en-valladolid-268.jpeg\" \/>\n\t<meta property=\"og:image:width\" content=\"1170\" \/>\n\t<meta property=\"og:image:height\" content=\"525\" \/>\n\t<meta property=\"og:image:type\" content=\"image\/jpeg\" \/>\n<meta name=\"author\" content=\"studio128k_dam\" \/>\n<meta name=\"twitter:card\" content=\"summary_large_image\" \/>\n<meta name=\"twitter:label1\" content=\"Written by\" \/>\n\t<meta name=\"twitter:data1\" content=\"studio128k_dam\" \/>\n\t<meta name=\"twitter:label2\" content=\"Est. reading time\" \/>\n\t<meta name=\"twitter:data2\" content=\"4 minutes\" \/>\n<script type=\"application\/ld+json\" class=\"yoast-schema-graph\">{\"@context\":\"https:\\\/\\\/schema.org\",\"@graph\":[{\"@type\":\"Article\",\"@id\":\"https:\\\/\\\/spainfilmcommission.com\\\/en\\\/blog\\\/nueva-edicion-de-shooting-locations-marketplace-el-evento-para-localizadores-y-destinos-de-rodaje-en-valladolid\\\/#article\",\"isPartOf\":{\"@id\":\"https:\\\/\\\/spainfilmcommission.com\\\/en\\\/blog\\\/nueva-edicion-de-shooting-locations-marketplace-el-evento-para-localizadores-y-destinos-de-rodaje-en-valladolid\\\/\"},\"author\":{\"name\":\"studio128k_dam\",\"@id\":\"https:\\\/\\\/spainfilmcommission.com\\\/en\\\/#\\\/schema\\\/person\\\/6c014ba6ceac198d178a6a9e61113c9d\"},\"headline\":\"Nueva edici\u00f3n de Shooting Locations Marketplace, el evento para localizadores y destinos de rodaje en Valladolid\",\"datePublished\":\"2022-06-14T22:00:00+00:00\",\"dateModified\":\"2025-02-11T07:06:47+00:00\",\"mainEntityOfPage\":{\"@id\":\"https:\\\/\\\/spainfilmcommission.com\\\/en\\\/blog\\\/nueva-edicion-de-shooting-locations-marketplace-el-evento-para-localizadores-y-destinos-de-rodaje-en-valladolid\\\/\"},\"wordCount\":898,\"publisher\":{\"@id\":\"https:\\\/\\\/spainfilmcommission.com\\\/en\\\/#organization\"},\"image\":{\"@id\":\"https:\\\/\\\/spainfilmcommission.com\\\/en\\\/blog\\\/nueva-edicion-de-shooting-locations-marketplace-el-evento-para-localizadores-y-destinos-de-rodaje-en-valladolid\\\/#primaryimage\"},\"thumbnailUrl\":\"https:\\\/\\\/spainfilmcommission.com\\\/wp-content\\\/uploads\\\/2024\\\/11\\\/nueva-edicion-de-shooting-locations-marketplace-el-evento-para-localizadores-y-destinos-de-rodaje-en-valladolid-268.jpeg\",\"articleSection\":[\"Noticias\"],\"inLanguage\":\"en-US\"},{\"@type\":\"WebPage\",\"@id\":\"https:\\\/\\\/spainfilmcommission.com\\\/en\\\/blog\\\/nueva-edicion-de-shooting-locations-marketplace-el-evento-para-localizadores-y-destinos-de-rodaje-en-valladolid\\\/\",\"url\":\"https:\\\/\\\/spainfilmcommission.com\\\/en\\\/blog\\\/nueva-edicion-de-shooting-locations-marketplace-el-evento-para-localizadores-y-destinos-de-rodaje-en-valladolid\\\/\",\"name\":\"Nueva edici\u00f3n de Shooting Locations Marketplace, el evento para localizadores y destinos de rodaje en Valladolid - Spain Film Commission\",\"isPartOf\":{\"@id\":\"https:\\\/\\\/spainfilmcommission.com\\\/en\\\/#website\"},\"primaryImageOfPage\":{\"@id\":\"https:\\\/\\\/spainfilmcommission.com\\\/en\\\/blog\\\/nueva-edicion-de-shooting-locations-marketplace-el-evento-para-localizadores-y-destinos-de-rodaje-en-valladolid\\\/#primaryimage\"},\"image\":{\"@id\":\"https:\\\/\\\/spainfilmcommission.com\\\/en\\\/blog\\\/nueva-edicion-de-shooting-locations-marketplace-el-evento-para-localizadores-y-destinos-de-rodaje-en-valladolid\\\/#primaryimage\"},\"thumbnailUrl\":\"https:\\\/\\\/spainfilmcommission.com\\\/wp-content\\\/uploads\\\/2024\\\/11\\\/nueva-edicion-de-shooting-locations-marketplace-el-evento-para-localizadores-y-destinos-de-rodaje-en-valladolid-268.jpeg\",\"datePublished\":\"2022-06-14T22:00:00+00:00\",\"dateModified\":\"2025-02-11T07:06:47+00:00\",\"breadcrumb\":{\"@id\":\"https:\\\/\\\/spainfilmcommission.com\\\/en\\\/blog\\\/nueva-edicion-de-shooting-locations-marketplace-el-evento-para-localizadores-y-destinos-de-rodaje-en-valladolid\\\/#breadcrumb\"},\"inLanguage\":\"en-US\",\"potentialAction\":[{\"@type\":\"ReadAction\",\"target\":[\"https:\\\/\\\/spainfilmcommission.com\\\/en\\\/blog\\\/nueva-edicion-de-shooting-locations-marketplace-el-evento-para-localizadores-y-destinos-de-rodaje-en-valladolid\\\/\"]}]},{\"@type\":\"ImageObject\",\"inLanguage\":\"en-US\",\"@id\":\"https:\\\/\\\/spainfilmcommission.com\\\/en\\\/blog\\\/nueva-edicion-de-shooting-locations-marketplace-el-evento-para-localizadores-y-destinos-de-rodaje-en-valladolid\\\/#primaryimage\",\"url\":\"https:\\\/\\\/spainfilmcommission.com\\\/wp-content\\\/uploads\\\/2024\\\/11\\\/nueva-edicion-de-shooting-locations-marketplace-el-evento-para-localizadores-y-destinos-de-rodaje-en-valladolid-268.jpeg\",\"contentUrl\":\"https:\\\/\\\/spainfilmcommission.com\\\/wp-content\\\/uploads\\\/2024\\\/11\\\/nueva-edicion-de-shooting-locations-marketplace-el-evento-para-localizadores-y-destinos-de-rodaje-en-valladolid-268.jpeg\",\"width\":1170,\"height\":525},{\"@type\":\"BreadcrumbList\",\"@id\":\"https:\\\/\\\/spainfilmcommission.com\\\/en\\\/blog\\\/nueva-edicion-de-shooting-locations-marketplace-el-evento-para-localizadores-y-destinos-de-rodaje-en-valladolid\\\/#breadcrumb\",\"itemListElement\":[{\"@type\":\"ListItem\",\"position\":1,\"name\":\"Portada\",\"item\":\"https:\\\/\\\/spainfilmcommission.com\\\/en\\\/\"},{\"@type\":\"ListItem\",\"position\":2,\"name\":\"Nueva edici\u00f3n de Shooting Locations Marketplace, el evento para localizadores y destinos de rodaje en Valladolid\"}]},{\"@type\":\"WebSite\",\"@id\":\"https:\\\/\\\/spainfilmcommission.com\\\/en\\\/#website\",\"url\":\"https:\\\/\\\/spainfilmcommission.com\\\/en\\\/\",\"name\":\"Spain Film Commission\",\"description\":\"\",\"publisher\":{\"@id\":\"https:\\\/\\\/spainfilmcommission.com\\\/en\\\/#organization\"},\"potentialAction\":[{\"@type\":\"SearchAction\",\"target\":{\"@type\":\"EntryPoint\",\"urlTemplate\":\"https:\\\/\\\/spainfilmcommission.com\\\/en\\\/?s={search_term_string}\"},\"query-input\":{\"@type\":\"PropertyValueSpecification\",\"valueRequired\":true,\"valueName\":\"search_term_string\"}}],\"inLanguage\":\"en-US\"},{\"@type\":\"Organization\",\"@id\":\"https:\\\/\\\/spainfilmcommission.com\\\/en\\\/#organization\",\"name\":\"Spain Film Commission\",\"url\":\"https:\\\/\\\/spainfilmcommission.com\\\/en\\\/\",\"logo\":{\"@type\":\"ImageObject\",\"inLanguage\":\"en-US\",\"@id\":\"https:\\\/\\\/spainfilmcommission.com\\\/en\\\/#\\\/schema\\\/logo\\\/image\\\/\",\"url\":\"https:\\\/\\\/spainfilmcommission.com\\\/wp-content\\\/uploads\\\/2024\\\/07\\\/SPC_COLOR.png\",\"contentUrl\":\"https:\\\/\\\/spainfilmcommission.com\\\/wp-content\\\/uploads\\\/2024\\\/07\\\/SPC_COLOR.png\",\"width\":1665,\"height\":1665,\"caption\":\"Spain Film Commission\"},\"image\":{\"@id\":\"https:\\\/\\\/spainfilmcommission.com\\\/en\\\/#\\\/schema\\\/logo\\\/image\\\/\"}},{\"@type\":\"Person\",\"@id\":\"https:\\\/\\\/spainfilmcommission.com\\\/en\\\/#\\\/schema\\\/person\\\/6c014ba6ceac198d178a6a9e61113c9d\",\"name\":\"studio128k_dam\",\"image\":{\"@type\":\"ImageObject\",\"inLanguage\":\"en-US\",\"@id\":\"https:\\\/\\\/secure.gravatar.com\\\/avatar\\\/810f99144a13522c24aa173f9cd8bf079d0e89758af00b5f2938443cd51b31e9?s=96&d=mm&r=g\",\"url\":\"https:\\\/\\\/secure.gravatar.com\\\/avatar\\\/810f99144a13522c24aa173f9cd8bf079d0e89758af00b5f2938443cd51b31e9?s=96&d=mm&r=g\",\"contentUrl\":\"https:\\\/\\\/secure.gravatar.com\\\/avatar\\\/810f99144a13522c24aa173f9cd8bf079d0e89758af00b5f2938443cd51b31e9?s=96&d=mm&r=g\",\"caption\":\"studio128k_dam\"}}]}<\/script>\n<!-- \/ Yoast SEO plugin. -->","yoast_head_json":{"title":"Nueva edici\u00f3n de Shooting Locations Marketplace, el evento para localizadores y destinos de rodaje en Valladolid - Spain Film Commission","robots":{"index":"index","follow":"follow","max-snippet":"max-snippet:-1","max-image-preview":"max-image-preview:large","max-video-preview":"max-video-preview:-1"},"canonical":"https:\/\/spainfilmcommission.com\/en\/blog\/nueva-edicion-de-shooting-locations-marketplace-el-evento-para-localizadores-y-destinos-de-rodaje-en-valladolid\/","og_locale":"en_US","og_type":"article","og_title":"Nueva edici\u00f3n de Shooting Locations Marketplace, el evento para localizadores y destinos de rodaje en Valladolid - Spain Film Commission","og_description":"Se celebrar\u00e1\u00a0 los\u00a0 d\u00edas\u00a0 20\u00a0 y\u00a0 21\u00a0 de octubre en\u00a0 \u00a0Valladolid,\u00a0 \u00a0organizado\u00a0 \u00a0por\u00a0 \u00a0Feria\u00a0 \u00a0de Valladolid y Spain Film Commission Noruega\u00a0 \u00a0se\u00a0 \u00a0suma\u00a0 \u00a0al\u00a0 \u00a0proyecto\u00a0 \u00a0y\u00a0 \u00a0ser\u00e1\u00a0 \u00a0uno de\u00a0 \u00a0 [&hellip;]","og_url":"https:\/\/spainfilmcommission.com\/en\/blog\/nueva-edicion-de-shooting-locations-marketplace-el-evento-para-localizadores-y-destinos-de-rodaje-en-valladolid\/","og_site_name":"Spain Film Commission","article_published_time":"2022-06-14T22:00:00+00:00","article_modified_time":"2025-02-11T07:06:47+00:00","og_image":[{"width":1170,"height":525,"url":"https:\/\/spainfilmcommission.com\/wp-content\/uploads\/2024\/11\/nueva-edicion-de-shooting-locations-marketplace-el-evento-para-localizadores-y-destinos-de-rodaje-en-valladolid-268.jpeg","type":"image\/jpeg"}],"author":"studio128k_dam","twitter_card":"summary_large_image","twitter_misc":{"Written by":"studio128k_dam","Est. reading time":"4 minutes"},"schema":{"@context":"https:\/\/schema.org","@graph":[{"@type":"Article","@id":"https:\/\/spainfilmcommission.com\/en\/blog\/nueva-edicion-de-shooting-locations-marketplace-el-evento-para-localizadores-y-destinos-de-rodaje-en-valladolid\/#article","isPartOf":{"@id":"https:\/\/spainfilmcommission.com\/en\/blog\/nueva-edicion-de-shooting-locations-marketplace-el-evento-para-localizadores-y-destinos-de-rodaje-en-valladolid\/"},"author":{"name":"studio128k_dam","@id":"https:\/\/spainfilmcommission.com\/en\/#\/schema\/person\/6c014ba6ceac198d178a6a9e61113c9d"},"headline":"Nueva edici\u00f3n de Shooting Locations Marketplace, el evento para localizadores y destinos de rodaje en Valladolid","datePublished":"2022-06-14T22:00:00+00:00","dateModified":"2025-02-11T07:06:47+00:00","mainEntityOfPage":{"@id":"https:\/\/spainfilmcommission.com\/en\/blog\/nueva-edicion-de-shooting-locations-marketplace-el-evento-para-localizadores-y-destinos-de-rodaje-en-valladolid\/"},"wordCount":898,"publisher":{"@id":"https:\/\/spainfilmcommission.com\/en\/#organization"},"image":{"@id":"https:\/\/spainfilmcommission.com\/en\/blog\/nueva-edicion-de-shooting-locations-marketplace-el-evento-para-localizadores-y-destinos-de-rodaje-en-valladolid\/#primaryimage"},"thumbnailUrl":"https:\/\/spainfilmcommission.com\/wp-content\/uploads\/2024\/11\/nueva-edicion-de-shooting-locations-marketplace-el-evento-para-localizadores-y-destinos-de-rodaje-en-valladolid-268.jpeg","articleSection":["Noticias"],"inLanguage":"en-US"},{"@type":"WebPage","@id":"https:\/\/spainfilmcommission.com\/en\/blog\/nueva-edicion-de-shooting-locations-marketplace-el-evento-para-localizadores-y-destinos-de-rodaje-en-valladolid\/","url":"https:\/\/spainfilmcommission.com\/en\/blog\/nueva-edicion-de-shooting-locations-marketplace-el-evento-para-localizadores-y-destinos-de-rodaje-en-valladolid\/","name":"Nueva edici\u00f3n de Shooting Locations Marketplace, el evento para localizadores y destinos de rodaje en Valladolid - Spain Film Commission","isPartOf":{"@id":"https:\/\/spainfilmcommission.com\/en\/#website"},"primaryImageOfPage":{"@id":"https:\/\/spainfilmcommission.com\/en\/blog\/nueva-edicion-de-shooting-locations-marketplace-el-evento-para-localizadores-y-destinos-de-rodaje-en-valladolid\/#primaryimage"},"image":{"@id":"https:\/\/spainfilmcommission.com\/en\/blog\/nueva-edicion-de-shooting-locations-marketplace-el-evento-para-localizadores-y-destinos-de-rodaje-en-valladolid\/#primaryimage"},"thumbnailUrl":"https:\/\/spainfilmcommission.com\/wp-content\/uploads\/2024\/11\/nueva-edicion-de-shooting-locations-marketplace-el-evento-para-localizadores-y-destinos-de-rodaje-en-valladolid-268.jpeg","datePublished":"2022-06-14T22:00:00+00:00","dateModified":"2025-02-11T07:06:47+00:00","breadcrumb":{"@id":"https:\/\/spainfilmcommission.com\/en\/blog\/nueva-edicion-de-shooting-locations-marketplace-el-evento-para-localizadores-y-destinos-de-rodaje-en-valladolid\/#breadcrumb"},"inLanguage":"en-US","potentialAction":[{"@type":"ReadAction","target":["https:\/\/spainfilmcommission.com\/en\/blog\/nueva-edicion-de-shooting-locations-marketplace-el-evento-para-localizadores-y-destinos-de-rodaje-en-valladolid\/"]}]},{"@type":"ImageObject","inLanguage":"en-US","@id":"https:\/\/spainfilmcommission.com\/en\/blog\/nueva-edicion-de-shooting-locations-marketplace-el-evento-para-localizadores-y-destinos-de-rodaje-en-valladolid\/#primaryimage","url":"https:\/\/spainfilmcommission.com\/wp-content\/uploads\/2024\/11\/nueva-edicion-de-shooting-locations-marketplace-el-evento-para-localizadores-y-destinos-de-rodaje-en-valladolid-268.jpeg","contentUrl":"https:\/\/spainfilmcommission.com\/wp-content\/uploads\/2024\/11\/nueva-edicion-de-shooting-locations-marketplace-el-evento-para-localizadores-y-destinos-de-rodaje-en-valladolid-268.jpeg","width":1170,"height":525},{"@type":"BreadcrumbList","@id":"https:\/\/spainfilmcommission.com\/en\/blog\/nueva-edicion-de-shooting-locations-marketplace-el-evento-para-localizadores-y-destinos-de-rodaje-en-valladolid\/#breadcrumb","itemListElement":[{"@type":"ListItem","position":1,"name":"Portada","item":"https:\/\/spainfilmcommission.com\/en\/"},{"@type":"ListItem","position":2,"name":"Nueva edici\u00f3n de Shooting Locations Marketplace, el evento para localizadores y destinos de rodaje en Valladolid"}]},{"@type":"WebSite","@id":"https:\/\/spainfilmcommission.com\/en\/#website","url":"https:\/\/spainfilmcommission.com\/en\/","name":"Spain Film Commission","description":"","publisher":{"@id":"https:\/\/spainfilmcommission.com\/en\/#organization"},"potentialAction":[{"@type":"SearchAction","target":{"@type":"EntryPoint","urlTemplate":"https:\/\/spainfilmcommission.com\/en\/?s={search_term_string}"},"query-input":{"@type":"PropertyValueSpecification","valueRequired":true,"valueName":"search_term_string"}}],"inLanguage":"en-US"},{"@type":"Organization","@id":"https:\/\/spainfilmcommission.com\/en\/#organization","name":"Spain Film Commission","url":"https:\/\/spainfilmcommission.com\/en\/","logo":{"@type":"ImageObject","inLanguage":"en-US","@id":"https:\/\/spainfilmcommission.com\/en\/#\/schema\/logo\/image\/","url":"https:\/\/spainfilmcommission.com\/wp-content\/uploads\/2024\/07\/SPC_COLOR.png","contentUrl":"https:\/\/spainfilmcommission.com\/wp-content\/uploads\/2024\/07\/SPC_COLOR.png","width":1665,"height":1665,"caption":"Spain Film Commission"},"image":{"@id":"https:\/\/spainfilmcommission.com\/en\/#\/schema\/logo\/image\/"}},{"@type":"Person","@id":"https:\/\/spainfilmcommission.com\/en\/#\/schema\/person\/6c014ba6ceac198d178a6a9e61113c9d","name":"studio128k_dam","image":{"@type":"ImageObject","inLanguage":"en-US","@id":"https:\/\/secure.gravatar.com\/avatar\/810f99144a13522c24aa173f9cd8bf079d0e89758af00b5f2938443cd51b31e9?s=96&d=mm&r=g","url":"https:\/\/secure.gravatar.com\/avatar\/810f99144a13522c24aa173f9cd8bf079d0e89758af00b5f2938443cd51b31e9?s=96&d=mm&r=g","contentUrl":"https:\/\/secure.gravatar.com\/avatar\/810f99144a13522c24aa173f9cd8bf079d0e89758af00b5f2938443cd51b31e9?s=96&d=mm&r=g","caption":"studio128k_dam"}}]}},"_links":{"self":[{"href":"https:\/\/spainfilmcommission.com\/en\/wp-json\/wp\/v2\/posts\/8643","targetHints":{"allow":["GET"]}}],"collection":[{"href":"https:\/\/spainfilmcommission.com\/en\/wp-json\/wp\/v2\/posts"}],"about":[{"href":"https:\/\/spainfilmcommission.com\/en\/wp-json\/wp\/v2\/types\/post"}],"author":[{"embeddable":true,"href":"https:\/\/spainfilmcommission.com\/en\/wp-json\/wp\/v2\/users\/2"}],"replies":[{"embeddable":true,"href":"https:\/\/spainfilmcommission.com\/en\/wp-json\/wp\/v2\/comments?post=8643"}],"version-history":[{"count":0,"href":"https:\/\/spainfilmcommission.com\/en\/wp-json\/wp\/v2\/posts\/8643\/revisions"}],"wp:featuredmedia":[{"embeddable":true,"href":"https:\/\/spainfilmcommission.com\/en\/wp-json\/wp\/v2\/media\/8644"}],"wp:attachment":[{"href":"https:\/\/spainfilmcommission.com\/en\/wp-json\/wp\/v2\/media?parent=8643"}],"wp:term":[{"taxonomy":"category","embeddable":true,"href":"https:\/\/spainfilmcommission.com\/en\/wp-json\/wp\/v2\/categories?post=8643"},{"taxonomy":"post_tag","embeddable":true,"href":"https:\/\/spainfilmcommission.com\/en\/wp-json\/wp\/v2\/tags?post=8643"}],"curies":[{"name":"wp","href":"https:\/\/api.w.org\/{rel}","templated":true}]}}