{"id":8640,"date":"2022-06-08T00:00:00","date_gmt":"2022-06-07T22:00:00","guid":{"rendered":"https:\/\/sfc.com\/san-sebastian-gipuzkoa-film-commission-se-suma-a-la-red-spain-film-commission\/"},"modified":"2025-02-11T08:06:47","modified_gmt":"2025-02-11T07:06:47","slug":"san-sebastian-gipuzkoa-film-commission-se-suma-a-la-red-spain-film-commission","status":"publish","type":"post","link":"https:\/\/spainfilmcommission.com\/en\/blog\/san-sebastian-gipuzkoa-film-commission-se-suma-a-la-red-spain-film-commission\/","title":{"rendered":"San Sebasti\u00e1n &#8211; Gipuzkoa Film Commission se suma a la Red  Spain Film Commission"},"content":{"rendered":"<ul style=\"font-family:Arial, sans-serif;font-size:12px;\">\n<li style=\"text-align:justify;\"><span style=\"font-size:14px;\"><span style=\"font-family:arial, helvetica, sans-serif;\">Spain Film Commission se consolida como la ventanilla \u00fanica de atenci\u00f3n a las producciones audiovisuales nacionales e internacionales, con 34 oficinas profesionales operativas en el conjunto del Estado.<\/span><\/span><\/li>\n<\/ul>\n<div style=\"font-family:Arial, sans-serif;font-size:12px;text-align:justify;\">\u00a0<\/div>\n<ul style=\"font-family:Arial, sans-serif;font-size:12px;\">\n<li style=\"text-align:justify;\"><span style=\"font-size:14px;\"><span style=\"font-family:arial, helvetica, sans-serif;\">San Sebasti\u00e1n &#8211; Gipuzkoa Film Commission tiene entre sus\u00a0 objetivos fomentar y promocionar el sector cinematogr\u00e1fico y el conjunto del ecosistema audiovisual local, facilitando los rodajes y sesiones fotogr\u00e1ficas en la ciudad y el Territorio.\u00a0<\/span><\/span><\/li>\n<\/ul>\n<div style=\"text-align:justify;\">\u00a0<\/div>\n<div style=\"text-align:justify;\">\n<p><span style=\"font-size:14px;\"><a href=\"https:\/\/sansebastian-gipuzkoafilmcommission.eus\/es\/\" target=\"_blank\">San Sebasti\u00e1n &#8211; Gipuzkoa Film Commission<\/a> se incorpora a la estructura operativa de Spain Film Commission. Esta ma\u00f1ana el presidente de la entidad, <strong>Carlos Rosado<\/strong>, ha mantenido dos encuentros de trabajo, con el director general de Fomento de\u00a0 San Sebasti\u00e1n <strong>I\u00f1igo Olaizola<\/strong>, y seguidamente con la Concejala de Impulso Econ\u00f3mico del Ayuntamiento de San Sebasti\u00e1n, <strong>Marisol Garmendia<\/strong>, y su equipo, para analizar los programas que est\u00e1 desarrollando Spain Film Commission en el marco del Hub Audiovisual, para mejorar las opciones competitivas del territorio para atracci\u00f3n de rodajes y producciones audiovisuales.<\/span><\/p>\n<p><span style=\"font-size:14px;\">Carlos Rosado ha manifestado que <em>&#8220;con la incorporaci\u00f3n de San Sebasti\u00e1n- Gipuzkoa Film Commission se refuerza de manera significativa la acci\u00f3n de consolidaci\u00f3n de la oferta de rodajes que contempla el Hub Audiovisual Espa\u00f1ol&#8221;<\/em>. En este sentido Spain Film Commission se ha comprometido a desarrollar acciones de promoci\u00f3n, en el Territorio y la capital guipuzcoana, encomendadas a la entidad por el Gobierno, coincidiendo con la pr\u00f3xima edici\u00f3n del Festival de Cine de San Sebasti\u00e1n. Por su parte, la concejala Marisol Garmendia ha se\u00f1alado que <em>&#8220;con esta incorporaci\u00f3n apostamos por la promoci\u00f3n a nivel internacional para seguir captando rodajes y grabaciones de envergadura que atraigan inversiones a la ciudad. Debemos destacar que en 2021 los proyectos que se llevaron a cabo en nuestro territorio supusieron cerca de 7 millones de euros de inversi\u00f3n directa para la ciudad&#8221;.<\/em><\/span><\/p>\n<p><span style=\"font-size:14px;\">San Sebasti\u00e1n &#8211; Gipuzkoa Film Commission es la oficina conjunta dependiente de <a href=\"http:\/\/www.fomentosansebastian.eus\/es\/\" target=\"_blank\">Fomento de San Sebasti\u00e1n<\/a>&#8211; Concejal\u00eda de Impulso Econ\u00f3mico y el Departamento de Cultura de la <a href=\"https:\/\/www.gipuzkoa.eus\/es\/\" target=\"_blank\">Diputaci\u00f3n de Gipuzkoa<\/a>. Cuenta con la colaboraci\u00f3n de las Agencias de Desarrollo de Gipuzkoa y entre sus funciones se encuentra el apoyo al sector audiovisual local y la atenci\u00f3n y gesti\u00f3n de rodajes en la Ciudad y el Territorio.<\/span><\/p>\n<p><span style=\"font-size:14px;\">San Sebasti\u00e1n &#8211; Gipuzkoa Film Commission ofrece sus propios incentivos fiscales. Las inversiones en producciones vascas y estatales logran una deducci\u00f3n del 35% en el Impuesto de Sociedades y un 45% si la obra es rodada en euskera. Las producciones extranjeras que rueden en el Territorio lograr\u00e1n una deducci\u00f3n del 35% sobre los gastos realizados en Euskadi. A estos incentivos adem\u00e1s, en algunos casos, se les puede a\u00f1adir la exenci\u00f3n de tasas municipales.<\/span><\/p>\n<\/div>\n","protected":false},"excerpt":{"rendered":"<p>Spain Film Commission se consolida como la ventanilla \u00fanica de atenci\u00f3n a las producciones audiovisuales nacionales e internacionales, con 34 oficinas profesionales operativas en el conjunto del Estado. \u00a0 San [&hellip;]<\/p>\n","protected":false},"author":2,"featured_media":8641,"comment_status":"closed","ping_status":"","sticky":false,"template":"","format":"standard","meta":{"footnotes":""},"categories":[38],"tags":[],"class_list":["post-8640","post","type-post","status-publish","format-standard","has-post-thumbnail","hentry","category-noticias"],"yoast_head":"<!-- This site is optimized with the Yoast SEO plugin v27.3 - https:\/\/yoast.com\/product\/yoast-seo-wordpress\/ -->\n<title>San Sebasti\u00e1n - Gipuzkoa Film Commission se suma a la Red Spain Film Commission - Spain Film Commission<\/title>\n<meta name=\"robots\" content=\"index, follow, max-snippet:-1, max-image-preview:large, max-video-preview:-1\" \/>\n<link rel=\"canonical\" href=\"https:\/\/spainfilmcommission.com\/en\/blog\/san-sebastian-gipuzkoa-film-commission-se-suma-a-la-red-spain-film-commission\/\" \/>\n<meta property=\"og:locale\" content=\"en_US\" \/>\n<meta property=\"og:type\" content=\"article\" \/>\n<meta property=\"og:title\" content=\"San Sebasti\u00e1n - Gipuzkoa Film Commission se suma a la Red Spain Film Commission - Spain Film Commission\" \/>\n<meta property=\"og:description\" content=\"Spain Film Commission se consolida como la ventanilla \u00fanica de atenci\u00f3n a las producciones audiovisuales nacionales e internacionales, con 34 oficinas profesionales operativas en el conjunto del Estado. \u00a0 San [&hellip;]\" \/>\n<meta property=\"og:url\" content=\"https:\/\/spainfilmcommission.com\/en\/blog\/san-sebastian-gipuzkoa-film-commission-se-suma-a-la-red-spain-film-commission\/\" \/>\n<meta property=\"og:site_name\" content=\"Spain Film Commission\" \/>\n<meta property=\"article:published_time\" content=\"2022-06-07T22:00:00+00:00\" \/>\n<meta property=\"article:modified_time\" content=\"2025-02-11T07:06:47+00:00\" \/>\n<meta property=\"og:image\" content=\"https:\/\/spainfilmcommission.com\/wp-content\/uploads\/2024\/11\/san-sebastian-gipuzkoa-film-commission-se-suma-a-la-red-spain-film-commission-267.jpeg\" \/>\n\t<meta property=\"og:image:width\" content=\"1170\" \/>\n\t<meta property=\"og:image:height\" content=\"780\" \/>\n\t<meta property=\"og:image:type\" content=\"image\/jpeg\" \/>\n<meta name=\"author\" content=\"studio128k_dam\" \/>\n<meta name=\"twitter:card\" content=\"summary_large_image\" \/>\n<meta name=\"twitter:label1\" content=\"Written by\" \/>\n\t<meta name=\"twitter:data1\" content=\"studio128k_dam\" \/>\n\t<meta name=\"twitter:label2\" content=\"Est. reading time\" \/>\n\t<meta name=\"twitter:data2\" content=\"2 minutes\" \/>\n<script type=\"application\/ld+json\" class=\"yoast-schema-graph\">{\"@context\":\"https:\\\/\\\/schema.org\",\"@graph\":[{\"@type\":\"Article\",\"@id\":\"https:\\\/\\\/spainfilmcommission.com\\\/en\\\/blog\\\/san-sebastian-gipuzkoa-film-commission-se-suma-a-la-red-spain-film-commission\\\/#article\",\"isPartOf\":{\"@id\":\"https:\\\/\\\/spainfilmcommission.com\\\/en\\\/blog\\\/san-sebastian-gipuzkoa-film-commission-se-suma-a-la-red-spain-film-commission\\\/\"},\"author\":{\"name\":\"studio128k_dam\",\"@id\":\"https:\\\/\\\/spainfilmcommission.com\\\/en\\\/#\\\/schema\\\/person\\\/6c014ba6ceac198d178a6a9e61113c9d\"},\"headline\":\"San Sebasti\u00e1n &#8211; Gipuzkoa Film Commission se suma a la Red Spain Film Commission\",\"datePublished\":\"2022-06-07T22:00:00+00:00\",\"dateModified\":\"2025-02-11T07:06:47+00:00\",\"mainEntityOfPage\":{\"@id\":\"https:\\\/\\\/spainfilmcommission.com\\\/en\\\/blog\\\/san-sebastian-gipuzkoa-film-commission-se-suma-a-la-red-spain-film-commission\\\/\"},\"wordCount\":476,\"publisher\":{\"@id\":\"https:\\\/\\\/spainfilmcommission.com\\\/en\\\/#organization\"},\"image\":{\"@id\":\"https:\\\/\\\/spainfilmcommission.com\\\/en\\\/blog\\\/san-sebastian-gipuzkoa-film-commission-se-suma-a-la-red-spain-film-commission\\\/#primaryimage\"},\"thumbnailUrl\":\"https:\\\/\\\/spainfilmcommission.com\\\/wp-content\\\/uploads\\\/2024\\\/11\\\/san-sebastian-gipuzkoa-film-commission-se-suma-a-la-red-spain-film-commission-267.jpeg\",\"articleSection\":[\"Noticias\"],\"inLanguage\":\"en-US\"},{\"@type\":\"WebPage\",\"@id\":\"https:\\\/\\\/spainfilmcommission.com\\\/en\\\/blog\\\/san-sebastian-gipuzkoa-film-commission-se-suma-a-la-red-spain-film-commission\\\/\",\"url\":\"https:\\\/\\\/spainfilmcommission.com\\\/en\\\/blog\\\/san-sebastian-gipuzkoa-film-commission-se-suma-a-la-red-spain-film-commission\\\/\",\"name\":\"San Sebasti\u00e1n - Gipuzkoa Film Commission se suma a la Red Spain Film Commission - Spain Film Commission\",\"isPartOf\":{\"@id\":\"https:\\\/\\\/spainfilmcommission.com\\\/en\\\/#website\"},\"primaryImageOfPage\":{\"@id\":\"https:\\\/\\\/spainfilmcommission.com\\\/en\\\/blog\\\/san-sebastian-gipuzkoa-film-commission-se-suma-a-la-red-spain-film-commission\\\/#primaryimage\"},\"image\":{\"@id\":\"https:\\\/\\\/spainfilmcommission.com\\\/en\\\/blog\\\/san-sebastian-gipuzkoa-film-commission-se-suma-a-la-red-spain-film-commission\\\/#primaryimage\"},\"thumbnailUrl\":\"https:\\\/\\\/spainfilmcommission.com\\\/wp-content\\\/uploads\\\/2024\\\/11\\\/san-sebastian-gipuzkoa-film-commission-se-suma-a-la-red-spain-film-commission-267.jpeg\",\"datePublished\":\"2022-06-07T22:00:00+00:00\",\"dateModified\":\"2025-02-11T07:06:47+00:00\",\"breadcrumb\":{\"@id\":\"https:\\\/\\\/spainfilmcommission.com\\\/en\\\/blog\\\/san-sebastian-gipuzkoa-film-commission-se-suma-a-la-red-spain-film-commission\\\/#breadcrumb\"},\"inLanguage\":\"en-US\",\"potentialAction\":[{\"@type\":\"ReadAction\",\"target\":[\"https:\\\/\\\/spainfilmcommission.com\\\/en\\\/blog\\\/san-sebastian-gipuzkoa-film-commission-se-suma-a-la-red-spain-film-commission\\\/\"]}]},{\"@type\":\"ImageObject\",\"inLanguage\":\"en-US\",\"@id\":\"https:\\\/\\\/spainfilmcommission.com\\\/en\\\/blog\\\/san-sebastian-gipuzkoa-film-commission-se-suma-a-la-red-spain-film-commission\\\/#primaryimage\",\"url\":\"https:\\\/\\\/spainfilmcommission.com\\\/wp-content\\\/uploads\\\/2024\\\/11\\\/san-sebastian-gipuzkoa-film-commission-se-suma-a-la-red-spain-film-commission-267.jpeg\",\"contentUrl\":\"https:\\\/\\\/spainfilmcommission.com\\\/wp-content\\\/uploads\\\/2024\\\/11\\\/san-sebastian-gipuzkoa-film-commission-se-suma-a-la-red-spain-film-commission-267.jpeg\",\"width\":1170,\"height\":780},{\"@type\":\"BreadcrumbList\",\"@id\":\"https:\\\/\\\/spainfilmcommission.com\\\/en\\\/blog\\\/san-sebastian-gipuzkoa-film-commission-se-suma-a-la-red-spain-film-commission\\\/#breadcrumb\",\"itemListElement\":[{\"@type\":\"ListItem\",\"position\":1,\"name\":\"Portada\",\"item\":\"https:\\\/\\\/spainfilmcommission.com\\\/en\\\/\"},{\"@type\":\"ListItem\",\"position\":2,\"name\":\"San Sebasti\u00e1n &#8211; Gipuzkoa Film Commission se suma a la Red Spain Film Commission\"}]},{\"@type\":\"WebSite\",\"@id\":\"https:\\\/\\\/spainfilmcommission.com\\\/en\\\/#website\",\"url\":\"https:\\\/\\\/spainfilmcommission.com\\\/en\\\/\",\"name\":\"Spain Film Commission\",\"description\":\"\",\"publisher\":{\"@id\":\"https:\\\/\\\/spainfilmcommission.com\\\/en\\\/#organization\"},\"potentialAction\":[{\"@type\":\"SearchAction\",\"target\":{\"@type\":\"EntryPoint\",\"urlTemplate\":\"https:\\\/\\\/spainfilmcommission.com\\\/en\\\/?s={search_term_string}\"},\"query-input\":{\"@type\":\"PropertyValueSpecification\",\"valueRequired\":true,\"valueName\":\"search_term_string\"}}],\"inLanguage\":\"en-US\"},{\"@type\":\"Organization\",\"@id\":\"https:\\\/\\\/spainfilmcommission.com\\\/en\\\/#organization\",\"name\":\"Spain Film Commission\",\"url\":\"https:\\\/\\\/spainfilmcommission.com\\\/en\\\/\",\"logo\":{\"@type\":\"ImageObject\",\"inLanguage\":\"en-US\",\"@id\":\"https:\\\/\\\/spainfilmcommission.com\\\/en\\\/#\\\/schema\\\/logo\\\/image\\\/\",\"url\":\"https:\\\/\\\/spainfilmcommission.com\\\/wp-content\\\/uploads\\\/2024\\\/07\\\/SPC_COLOR.png\",\"contentUrl\":\"https:\\\/\\\/spainfilmcommission.com\\\/wp-content\\\/uploads\\\/2024\\\/07\\\/SPC_COLOR.png\",\"width\":1665,\"height\":1665,\"caption\":\"Spain Film Commission\"},\"image\":{\"@id\":\"https:\\\/\\\/spainfilmcommission.com\\\/en\\\/#\\\/schema\\\/logo\\\/image\\\/\"}},{\"@type\":\"Person\",\"@id\":\"https:\\\/\\\/spainfilmcommission.com\\\/en\\\/#\\\/schema\\\/person\\\/6c014ba6ceac198d178a6a9e61113c9d\",\"name\":\"studio128k_dam\",\"image\":{\"@type\":\"ImageObject\",\"inLanguage\":\"en-US\",\"@id\":\"https:\\\/\\\/secure.gravatar.com\\\/avatar\\\/810f99144a13522c24aa173f9cd8bf079d0e89758af00b5f2938443cd51b31e9?s=96&d=mm&r=g\",\"url\":\"https:\\\/\\\/secure.gravatar.com\\\/avatar\\\/810f99144a13522c24aa173f9cd8bf079d0e89758af00b5f2938443cd51b31e9?s=96&d=mm&r=g\",\"contentUrl\":\"https:\\\/\\\/secure.gravatar.com\\\/avatar\\\/810f99144a13522c24aa173f9cd8bf079d0e89758af00b5f2938443cd51b31e9?s=96&d=mm&r=g\",\"caption\":\"studio128k_dam\"}}]}<\/script>\n<!-- \/ Yoast SEO plugin. -->","yoast_head_json":{"title":"San Sebasti\u00e1n - Gipuzkoa Film Commission se suma a la Red Spain Film Commission - Spain Film Commission","robots":{"index":"index","follow":"follow","max-snippet":"max-snippet:-1","max-image-preview":"max-image-preview:large","max-video-preview":"max-video-preview:-1"},"canonical":"https:\/\/spainfilmcommission.com\/en\/blog\/san-sebastian-gipuzkoa-film-commission-se-suma-a-la-red-spain-film-commission\/","og_locale":"en_US","og_type":"article","og_title":"San Sebasti\u00e1n - Gipuzkoa Film Commission se suma a la Red Spain Film Commission - Spain Film Commission","og_description":"Spain Film Commission se consolida como la ventanilla \u00fanica de atenci\u00f3n a las producciones audiovisuales nacionales e internacionales, con 34 oficinas profesionales operativas en el conjunto del Estado. \u00a0 San [&hellip;]","og_url":"https:\/\/spainfilmcommission.com\/en\/blog\/san-sebastian-gipuzkoa-film-commission-se-suma-a-la-red-spain-film-commission\/","og_site_name":"Spain Film Commission","article_published_time":"2022-06-07T22:00:00+00:00","article_modified_time":"2025-02-11T07:06:47+00:00","og_image":[{"width":1170,"height":780,"url":"https:\/\/spainfilmcommission.com\/wp-content\/uploads\/2024\/11\/san-sebastian-gipuzkoa-film-commission-se-suma-a-la-red-spain-film-commission-267.jpeg","type":"image\/jpeg"}],"author":"studio128k_dam","twitter_card":"summary_large_image","twitter_misc":{"Written by":"studio128k_dam","Est. reading time":"2 minutes"},"schema":{"@context":"https:\/\/schema.org","@graph":[{"@type":"Article","@id":"https:\/\/spainfilmcommission.com\/en\/blog\/san-sebastian-gipuzkoa-film-commission-se-suma-a-la-red-spain-film-commission\/#article","isPartOf":{"@id":"https:\/\/spainfilmcommission.com\/en\/blog\/san-sebastian-gipuzkoa-film-commission-se-suma-a-la-red-spain-film-commission\/"},"author":{"name":"studio128k_dam","@id":"https:\/\/spainfilmcommission.com\/en\/#\/schema\/person\/6c014ba6ceac198d178a6a9e61113c9d"},"headline":"San Sebasti\u00e1n &#8211; Gipuzkoa Film Commission se suma a la Red Spain Film Commission","datePublished":"2022-06-07T22:00:00+00:00","dateModified":"2025-02-11T07:06:47+00:00","mainEntityOfPage":{"@id":"https:\/\/spainfilmcommission.com\/en\/blog\/san-sebastian-gipuzkoa-film-commission-se-suma-a-la-red-spain-film-commission\/"},"wordCount":476,"publisher":{"@id":"https:\/\/spainfilmcommission.com\/en\/#organization"},"image":{"@id":"https:\/\/spainfilmcommission.com\/en\/blog\/san-sebastian-gipuzkoa-film-commission-se-suma-a-la-red-spain-film-commission\/#primaryimage"},"thumbnailUrl":"https:\/\/spainfilmcommission.com\/wp-content\/uploads\/2024\/11\/san-sebastian-gipuzkoa-film-commission-se-suma-a-la-red-spain-film-commission-267.jpeg","articleSection":["Noticias"],"inLanguage":"en-US"},{"@type":"WebPage","@id":"https:\/\/spainfilmcommission.com\/en\/blog\/san-sebastian-gipuzkoa-film-commission-se-suma-a-la-red-spain-film-commission\/","url":"https:\/\/spainfilmcommission.com\/en\/blog\/san-sebastian-gipuzkoa-film-commission-se-suma-a-la-red-spain-film-commission\/","name":"San Sebasti\u00e1n - Gipuzkoa Film Commission se suma a la Red Spain Film Commission - Spain Film Commission","isPartOf":{"@id":"https:\/\/spainfilmcommission.com\/en\/#website"},"primaryImageOfPage":{"@id":"https:\/\/spainfilmcommission.com\/en\/blog\/san-sebastian-gipuzkoa-film-commission-se-suma-a-la-red-spain-film-commission\/#primaryimage"},"image":{"@id":"https:\/\/spainfilmcommission.com\/en\/blog\/san-sebastian-gipuzkoa-film-commission-se-suma-a-la-red-spain-film-commission\/#primaryimage"},"thumbnailUrl":"https:\/\/spainfilmcommission.com\/wp-content\/uploads\/2024\/11\/san-sebastian-gipuzkoa-film-commission-se-suma-a-la-red-spain-film-commission-267.jpeg","datePublished":"2022-06-07T22:00:00+00:00","dateModified":"2025-02-11T07:06:47+00:00","breadcrumb":{"@id":"https:\/\/spainfilmcommission.com\/en\/blog\/san-sebastian-gipuzkoa-film-commission-se-suma-a-la-red-spain-film-commission\/#breadcrumb"},"inLanguage":"en-US","potentialAction":[{"@type":"ReadAction","target":["https:\/\/spainfilmcommission.com\/en\/blog\/san-sebastian-gipuzkoa-film-commission-se-suma-a-la-red-spain-film-commission\/"]}]},{"@type":"ImageObject","inLanguage":"en-US","@id":"https:\/\/spainfilmcommission.com\/en\/blog\/san-sebastian-gipuzkoa-film-commission-se-suma-a-la-red-spain-film-commission\/#primaryimage","url":"https:\/\/spainfilmcommission.com\/wp-content\/uploads\/2024\/11\/san-sebastian-gipuzkoa-film-commission-se-suma-a-la-red-spain-film-commission-267.jpeg","contentUrl":"https:\/\/spainfilmcommission.com\/wp-content\/uploads\/2024\/11\/san-sebastian-gipuzkoa-film-commission-se-suma-a-la-red-spain-film-commission-267.jpeg","width":1170,"height":780},{"@type":"BreadcrumbList","@id":"https:\/\/spainfilmcommission.com\/en\/blog\/san-sebastian-gipuzkoa-film-commission-se-suma-a-la-red-spain-film-commission\/#breadcrumb","itemListElement":[{"@type":"ListItem","position":1,"name":"Portada","item":"https:\/\/spainfilmcommission.com\/en\/"},{"@type":"ListItem","position":2,"name":"San Sebasti\u00e1n &#8211; Gipuzkoa Film Commission se suma a la Red Spain Film Commission"}]},{"@type":"WebSite","@id":"https:\/\/spainfilmcommission.com\/en\/#website","url":"https:\/\/spainfilmcommission.com\/en\/","name":"Spain Film Commission","description":"","publisher":{"@id":"https:\/\/spainfilmcommission.com\/en\/#organization"},"potentialAction":[{"@type":"SearchAction","target":{"@type":"EntryPoint","urlTemplate":"https:\/\/spainfilmcommission.com\/en\/?s={search_term_string}"},"query-input":{"@type":"PropertyValueSpecification","valueRequired":true,"valueName":"search_term_string"}}],"inLanguage":"en-US"},{"@type":"Organization","@id":"https:\/\/spainfilmcommission.com\/en\/#organization","name":"Spain Film Commission","url":"https:\/\/spainfilmcommission.com\/en\/","logo":{"@type":"ImageObject","inLanguage":"en-US","@id":"https:\/\/spainfilmcommission.com\/en\/#\/schema\/logo\/image\/","url":"https:\/\/spainfilmcommission.com\/wp-content\/uploads\/2024\/07\/SPC_COLOR.png","contentUrl":"https:\/\/spainfilmcommission.com\/wp-content\/uploads\/2024\/07\/SPC_COLOR.png","width":1665,"height":1665,"caption":"Spain Film Commission"},"image":{"@id":"https:\/\/spainfilmcommission.com\/en\/#\/schema\/logo\/image\/"}},{"@type":"Person","@id":"https:\/\/spainfilmcommission.com\/en\/#\/schema\/person\/6c014ba6ceac198d178a6a9e61113c9d","name":"studio128k_dam","image":{"@type":"ImageObject","inLanguage":"en-US","@id":"https:\/\/secure.gravatar.com\/avatar\/810f99144a13522c24aa173f9cd8bf079d0e89758af00b5f2938443cd51b31e9?s=96&d=mm&r=g","url":"https:\/\/secure.gravatar.com\/avatar\/810f99144a13522c24aa173f9cd8bf079d0e89758af00b5f2938443cd51b31e9?s=96&d=mm&r=g","contentUrl":"https:\/\/secure.gravatar.com\/avatar\/810f99144a13522c24aa173f9cd8bf079d0e89758af00b5f2938443cd51b31e9?s=96&d=mm&r=g","caption":"studio128k_dam"}}]}},"_links":{"self":[{"href":"https:\/\/spainfilmcommission.com\/en\/wp-json\/wp\/v2\/posts\/8640","targetHints":{"allow":["GET"]}}],"collection":[{"href":"https:\/\/spainfilmcommission.com\/en\/wp-json\/wp\/v2\/posts"}],"about":[{"href":"https:\/\/spainfilmcommission.com\/en\/wp-json\/wp\/v2\/types\/post"}],"author":[{"embeddable":true,"href":"https:\/\/spainfilmcommission.com\/en\/wp-json\/wp\/v2\/users\/2"}],"replies":[{"embeddable":true,"href":"https:\/\/spainfilmcommission.com\/en\/wp-json\/wp\/v2\/comments?post=8640"}],"version-history":[{"count":0,"href":"https:\/\/spainfilmcommission.com\/en\/wp-json\/wp\/v2\/posts\/8640\/revisions"}],"wp:featuredmedia":[{"embeddable":true,"href":"https:\/\/spainfilmcommission.com\/en\/wp-json\/wp\/v2\/media\/8641"}],"wp:attachment":[{"href":"https:\/\/spainfilmcommission.com\/en\/wp-json\/wp\/v2\/media?parent=8640"}],"wp:term":[{"taxonomy":"category","embeddable":true,"href":"https:\/\/spainfilmcommission.com\/en\/wp-json\/wp\/v2\/categories?post=8640"},{"taxonomy":"post_tag","embeddable":true,"href":"https:\/\/spainfilmcommission.com\/en\/wp-json\/wp\/v2\/tags?post=8640"}],"curies":[{"name":"wp","href":"https:\/\/api.w.org\/{rel}","templated":true}]}}