{"id":8637,"date":"2022-06-07T00:00:00","date_gmt":"2022-06-06T22:00:00","guid":{"rendered":"https:\/\/sfc.com\/conecta-fiction-entertainment-toledo-se-convertira-en-la-capital-del-audiovisual-internacional-del-21-al-24-de-junio-de-2022\/"},"modified":"2025-02-11T08:06:47","modified_gmt":"2025-02-11T07:06:47","slug":"conecta-fiction-entertainment-toledo-se-convertira-en-la-capital-del-audiovisual-internacional-del-21-al-24-de-junio-de-2022","status":"publish","type":"post","link":"https:\/\/spainfilmcommission.com\/en\/blog\/conecta-fiction-entertainment-toledo-se-convertira-en-la-capital-del-audiovisual-internacional-del-21-al-24-de-junio-de-2022\/","title":{"rendered":"Conecta FICTION &#038; ENTERTAINMENT, Toledo se convertir\u00e1 en la capital del audiovisual internacional del 21 al 24 de junio de 2022"},"content":{"rendered":"<p><span style=\"font-size:14px;\">&#9679; El\u00a0evento cuenta con el apoyo de Castilla la Mancha Film Commission y con el patrocinio oficial de Spain Film Commission<\/span><\/p>\n<p><span style=\"font-size:14px;\">&#9679;\u00a0 Una amplia oferta de actividades<\/span><span style=\"font-size:14px;\">\u00a0en diversos lugares de la ciudad pondr\u00e1n en valor a Toledo como gran escenario audiovisual, del 21 al 24 de junio.\u00a0<\/span><\/p>\n<p><span style=\"font-size:14px;\">En el d\u00eda de ayer,\u00a0se ha presentado la sexta edici\u00f3n de <strong>Conecta FICTION &#038; ENTERTAINMENT<\/strong>, el mayor encuentro internacional dedicado a la coproducci\u00f3n de series de ficci\u00f3n para televisi\u00f3n entre Europa y Am\u00e9rica que por primera vez se abre igualmente al contenido de entretenimiento y tendr\u00e1 a Espa\u00f1a como Pa\u00eds Foco. El evento, que ofrece a los profesionales acreditaci\u00f3n completa \u00f3 pases de d\u00eda, se celebrar\u00e1 en <strong>Toledo del 21 al 24 de junio en el palacio de congresos El Greco.<\/strong><\/span><\/p>\n<p><span style=\"font-size:14px;\">En el acto de presentaci\u00f3n han participado la directora general de Turismo, Comercio y Artesan\u00eda de Castilla -La-Mancha <strong>Ana Isabel Fern\u00e1ndez<\/strong> qui\u00e9n ha dado la bienvenida a los miembros de la prensa y dem\u00e1s autoridades, cediendo la palabra a <strong>G\u00e9raldine Gonard<\/strong> para que ofreciera una completa panor\u00e1mica de todas las actividades del encuentro internacional cerrando el acto la consejera de Econom\u00eda, Empresas y Empleo, <strong>Patricia Franco<\/strong> quien ha manifestado su apoyo al sector audiovisual a trav\u00e9s de la celebraci\u00f3n de Conecta en la Capital castellano manchega que se convertir\u00e1 en el centro internacional del sector y escaparate de la industria espa\u00f1ola en unos d\u00edas reiterando de manera expl\u00edcita su compromiso de hacer de Castilla-La Mancha un escenario de cine.<\/span><\/p>\n<p><span style=\"font-size:14px;\">Gonard ha realizado un recorrido general por el <a href=\"https:\/\/www.eventconecta.com\/programa-general\/\" target=\"_blank\"><strong>programa de Conecta FICTION &#038; ENTERTAINMENT<\/strong><\/a> que ofrecer\u00e1 en esta nueva edici\u00f3n toda una serie de <strong>actividades orientadas a los profesionales internacionales<\/strong> que visitar\u00e1n durante esos d\u00edas Toledo con <strong>Paneles, sesiones de pitching, charlas, street meetings<\/strong> para conocer la ciudad o <strong>keynotes<\/strong> que se suceder\u00e1n a lo largo de la semana para entender la situaci\u00f3n actual de la industria de ficci\u00f3n y entretenimiento para televisi\u00f3n. Igualmente ha puesto de relieve la agenda personalizada como servicio novedad de esta edici\u00f3n <strong>Conecta MEET<\/strong> y todas las oportunidades para aprovechar al m\u00e1ximo el evento.<\/span><\/p>\n<p><span style=\"font-size:14px;\">A trav\u00e9s de su completo programa, <strong>Conecta FICTION &#038; ENTERTAINMENT<\/strong> afronta su <strong>sexta edici\u00f3n<\/strong> como un <strong>punto de encuentro<\/strong> <strong>imprescindible<\/strong> para la industria de la <strong>producci\u00f3n para televisi\u00f3n<\/strong> a ambos lados del Atl\u00e1ntico al tiempo que refuerza el impacto positivo que generar\u00e1 en la ciudad, ofreciendo a todos los participantes una amplia oferta de <strong>actividades<\/strong> en diversos lugares de la ciudad y de su entorno que pondr\u00e1n en valor Toledo como gran escenario audiovisual.\u00a0<\/span><\/p>\n<h3 style=\"font-family:Arial, sans-serif;font-weight:600;line-height:1.1;color:rgb(225,11,19);margin-top:20px;margin-bottom:10px;font-size:12px;text-transform:uppercase;text-align:justify;\">\u00a0<\/h3>\n<h3 style=\"font-family:Arial, sans-serif;font-weight:600;line-height:1.1;color:rgb(225,11,19);margin-top:20px;margin-bottom:10px;font-size:12px;text-transform:uppercase;text-align:justify;\"><span style=\"font-size:16px;font-family:'lucida sans unicode', 'lucida grande', sans-serif;\">#SHOOTINGINSPAIN #RUEDAENESPA\u00d1A #WEMAKETHEMAGIC<\/span><\/h3>\n<p>\u00a0<\/p>\n<p>\u00a0<\/p>\n","protected":false},"excerpt":{"rendered":"<p>&#9679; El\u00a0evento cuenta con el apoyo de Castilla la Mancha Film Commission y con el patrocinio oficial de Spain Film Commission &#9679;\u00a0 Una amplia oferta de actividades\u00a0en diversos lugares de [&hellip;]<\/p>\n","protected":false},"author":2,"featured_media":8638,"comment_status":"closed","ping_status":"","sticky":false,"template":"","format":"standard","meta":{"footnotes":""},"categories":[38],"tags":[],"class_list":["post-8637","post","type-post","status-publish","format-standard","has-post-thumbnail","hentry","category-noticias"],"yoast_head":"<!-- This site is optimized with the Yoast SEO plugin v27.3 - https:\/\/yoast.com\/product\/yoast-seo-wordpress\/ -->\n<title>Conecta FICTION &amp; ENTERTAINMENT, Toledo se convertir\u00e1 en la capital del audiovisual internacional del 21 al 24 de junio de 2022 - Spain Film Commission<\/title>\n<meta name=\"robots\" content=\"index, follow, max-snippet:-1, max-image-preview:large, max-video-preview:-1\" \/>\n<link rel=\"canonical\" href=\"https:\/\/spainfilmcommission.com\/en\/blog\/conecta-fiction-entertainment-toledo-se-convertira-en-la-capital-del-audiovisual-internacional-del-21-al-24-de-junio-de-2022\/\" \/>\n<meta property=\"og:locale\" content=\"en_US\" \/>\n<meta property=\"og:type\" content=\"article\" \/>\n<meta property=\"og:title\" content=\"Conecta FICTION &amp; ENTERTAINMENT, Toledo se convertir\u00e1 en la capital del audiovisual internacional del 21 al 24 de junio de 2022 - Spain Film Commission\" \/>\n<meta property=\"og:description\" content=\"&#9679; El\u00a0evento cuenta con el apoyo de Castilla la Mancha Film Commission y con el patrocinio oficial de Spain Film Commission &#9679;\u00a0 Una amplia oferta de actividades\u00a0en diversos lugares de [&hellip;]\" \/>\n<meta property=\"og:url\" content=\"https:\/\/spainfilmcommission.com\/en\/blog\/conecta-fiction-entertainment-toledo-se-convertira-en-la-capital-del-audiovisual-internacional-del-21-al-24-de-junio-de-2022\/\" \/>\n<meta property=\"og:site_name\" content=\"Spain Film Commission\" \/>\n<meta property=\"article:published_time\" content=\"2022-06-06T22:00:00+00:00\" \/>\n<meta property=\"article:modified_time\" content=\"2025-02-11T07:06:47+00:00\" \/>\n<meta property=\"og:image\" content=\"https:\/\/spainfilmcommission.com\/wp-content\/uploads\/2024\/11\/conecta-fiction-entertainment-toledo-se-convertira-en-la-capital-del-audiovisual-internacional-del-21-al-24-de-junio-de-2022-266.png\" \/>\n\t<meta property=\"og:image:width\" content=\"1170\" \/>\n\t<meta property=\"og:image:height\" content=\"548\" \/>\n\t<meta property=\"og:image:type\" content=\"image\/png\" \/>\n<meta name=\"author\" content=\"studio128k_dam\" \/>\n<meta name=\"twitter:card\" content=\"summary_large_image\" \/>\n<meta name=\"twitter:label1\" content=\"Written by\" \/>\n\t<meta name=\"twitter:data1\" content=\"studio128k_dam\" \/>\n\t<meta name=\"twitter:label2\" content=\"Est. reading time\" \/>\n\t<meta name=\"twitter:data2\" content=\"2 minutes\" \/>\n<script type=\"application\/ld+json\" class=\"yoast-schema-graph\">{\"@context\":\"https:\\\/\\\/schema.org\",\"@graph\":[{\"@type\":\"Article\",\"@id\":\"https:\\\/\\\/spainfilmcommission.com\\\/en\\\/blog\\\/conecta-fiction-entertainment-toledo-se-convertira-en-la-capital-del-audiovisual-internacional-del-21-al-24-de-junio-de-2022\\\/#article\",\"isPartOf\":{\"@id\":\"https:\\\/\\\/spainfilmcommission.com\\\/en\\\/blog\\\/conecta-fiction-entertainment-toledo-se-convertira-en-la-capital-del-audiovisual-internacional-del-21-al-24-de-junio-de-2022\\\/\"},\"author\":{\"name\":\"studio128k_dam\",\"@id\":\"https:\\\/\\\/spainfilmcommission.com\\\/en\\\/#\\\/schema\\\/person\\\/6c014ba6ceac198d178a6a9e61113c9d\"},\"headline\":\"Conecta FICTION &#038; ENTERTAINMENT, Toledo se convertir\u00e1 en la capital del audiovisual internacional del 21 al 24 de junio de 2022\",\"datePublished\":\"2022-06-06T22:00:00+00:00\",\"dateModified\":\"2025-02-11T07:06:47+00:00\",\"mainEntityOfPage\":{\"@id\":\"https:\\\/\\\/spainfilmcommission.com\\\/en\\\/blog\\\/conecta-fiction-entertainment-toledo-se-convertira-en-la-capital-del-audiovisual-internacional-del-21-al-24-de-junio-de-2022\\\/\"},\"wordCount\":473,\"publisher\":{\"@id\":\"https:\\\/\\\/spainfilmcommission.com\\\/en\\\/#organization\"},\"image\":{\"@id\":\"https:\\\/\\\/spainfilmcommission.com\\\/en\\\/blog\\\/conecta-fiction-entertainment-toledo-se-convertira-en-la-capital-del-audiovisual-internacional-del-21-al-24-de-junio-de-2022\\\/#primaryimage\"},\"thumbnailUrl\":\"https:\\\/\\\/spainfilmcommission.com\\\/wp-content\\\/uploads\\\/2024\\\/11\\\/conecta-fiction-entertainment-toledo-se-convertira-en-la-capital-del-audiovisual-internacional-del-21-al-24-de-junio-de-2022-266.png\",\"articleSection\":[\"Noticias\"],\"inLanguage\":\"en-US\"},{\"@type\":\"WebPage\",\"@id\":\"https:\\\/\\\/spainfilmcommission.com\\\/en\\\/blog\\\/conecta-fiction-entertainment-toledo-se-convertira-en-la-capital-del-audiovisual-internacional-del-21-al-24-de-junio-de-2022\\\/\",\"url\":\"https:\\\/\\\/spainfilmcommission.com\\\/en\\\/blog\\\/conecta-fiction-entertainment-toledo-se-convertira-en-la-capital-del-audiovisual-internacional-del-21-al-24-de-junio-de-2022\\\/\",\"name\":\"Conecta FICTION & ENTERTAINMENT, Toledo se convertir\u00e1 en la capital del audiovisual internacional del 21 al 24 de junio de 2022 - Spain Film Commission\",\"isPartOf\":{\"@id\":\"https:\\\/\\\/spainfilmcommission.com\\\/en\\\/#website\"},\"primaryImageOfPage\":{\"@id\":\"https:\\\/\\\/spainfilmcommission.com\\\/en\\\/blog\\\/conecta-fiction-entertainment-toledo-se-convertira-en-la-capital-del-audiovisual-internacional-del-21-al-24-de-junio-de-2022\\\/#primaryimage\"},\"image\":{\"@id\":\"https:\\\/\\\/spainfilmcommission.com\\\/en\\\/blog\\\/conecta-fiction-entertainment-toledo-se-convertira-en-la-capital-del-audiovisual-internacional-del-21-al-24-de-junio-de-2022\\\/#primaryimage\"},\"thumbnailUrl\":\"https:\\\/\\\/spainfilmcommission.com\\\/wp-content\\\/uploads\\\/2024\\\/11\\\/conecta-fiction-entertainment-toledo-se-convertira-en-la-capital-del-audiovisual-internacional-del-21-al-24-de-junio-de-2022-266.png\",\"datePublished\":\"2022-06-06T22:00:00+00:00\",\"dateModified\":\"2025-02-11T07:06:47+00:00\",\"breadcrumb\":{\"@id\":\"https:\\\/\\\/spainfilmcommission.com\\\/en\\\/blog\\\/conecta-fiction-entertainment-toledo-se-convertira-en-la-capital-del-audiovisual-internacional-del-21-al-24-de-junio-de-2022\\\/#breadcrumb\"},\"inLanguage\":\"en-US\",\"potentialAction\":[{\"@type\":\"ReadAction\",\"target\":[\"https:\\\/\\\/spainfilmcommission.com\\\/en\\\/blog\\\/conecta-fiction-entertainment-toledo-se-convertira-en-la-capital-del-audiovisual-internacional-del-21-al-24-de-junio-de-2022\\\/\"]}]},{\"@type\":\"ImageObject\",\"inLanguage\":\"en-US\",\"@id\":\"https:\\\/\\\/spainfilmcommission.com\\\/en\\\/blog\\\/conecta-fiction-entertainment-toledo-se-convertira-en-la-capital-del-audiovisual-internacional-del-21-al-24-de-junio-de-2022\\\/#primaryimage\",\"url\":\"https:\\\/\\\/spainfilmcommission.com\\\/wp-content\\\/uploads\\\/2024\\\/11\\\/conecta-fiction-entertainment-toledo-se-convertira-en-la-capital-del-audiovisual-internacional-del-21-al-24-de-junio-de-2022-266.png\",\"contentUrl\":\"https:\\\/\\\/spainfilmcommission.com\\\/wp-content\\\/uploads\\\/2024\\\/11\\\/conecta-fiction-entertainment-toledo-se-convertira-en-la-capital-del-audiovisual-internacional-del-21-al-24-de-junio-de-2022-266.png\",\"width\":1170,\"height\":548},{\"@type\":\"BreadcrumbList\",\"@id\":\"https:\\\/\\\/spainfilmcommission.com\\\/en\\\/blog\\\/conecta-fiction-entertainment-toledo-se-convertira-en-la-capital-del-audiovisual-internacional-del-21-al-24-de-junio-de-2022\\\/#breadcrumb\",\"itemListElement\":[{\"@type\":\"ListItem\",\"position\":1,\"name\":\"Portada\",\"item\":\"https:\\\/\\\/spainfilmcommission.com\\\/en\\\/\"},{\"@type\":\"ListItem\",\"position\":2,\"name\":\"Conecta FICTION &#038; ENTERTAINMENT, Toledo se convertir\u00e1 en la capital del audiovisual internacional del 21 al 24 de junio de 2022\"}]},{\"@type\":\"WebSite\",\"@id\":\"https:\\\/\\\/spainfilmcommission.com\\\/en\\\/#website\",\"url\":\"https:\\\/\\\/spainfilmcommission.com\\\/en\\\/\",\"name\":\"Spain Film Commission\",\"description\":\"\",\"publisher\":{\"@id\":\"https:\\\/\\\/spainfilmcommission.com\\\/en\\\/#organization\"},\"potentialAction\":[{\"@type\":\"SearchAction\",\"target\":{\"@type\":\"EntryPoint\",\"urlTemplate\":\"https:\\\/\\\/spainfilmcommission.com\\\/en\\\/?s={search_term_string}\"},\"query-input\":{\"@type\":\"PropertyValueSpecification\",\"valueRequired\":true,\"valueName\":\"search_term_string\"}}],\"inLanguage\":\"en-US\"},{\"@type\":\"Organization\",\"@id\":\"https:\\\/\\\/spainfilmcommission.com\\\/en\\\/#organization\",\"name\":\"Spain Film Commission\",\"url\":\"https:\\\/\\\/spainfilmcommission.com\\\/en\\\/\",\"logo\":{\"@type\":\"ImageObject\",\"inLanguage\":\"en-US\",\"@id\":\"https:\\\/\\\/spainfilmcommission.com\\\/en\\\/#\\\/schema\\\/logo\\\/image\\\/\",\"url\":\"https:\\\/\\\/spainfilmcommission.com\\\/wp-content\\\/uploads\\\/2024\\\/07\\\/SPC_COLOR.png\",\"contentUrl\":\"https:\\\/\\\/spainfilmcommission.com\\\/wp-content\\\/uploads\\\/2024\\\/07\\\/SPC_COLOR.png\",\"width\":1665,\"height\":1665,\"caption\":\"Spain Film Commission\"},\"image\":{\"@id\":\"https:\\\/\\\/spainfilmcommission.com\\\/en\\\/#\\\/schema\\\/logo\\\/image\\\/\"}},{\"@type\":\"Person\",\"@id\":\"https:\\\/\\\/spainfilmcommission.com\\\/en\\\/#\\\/schema\\\/person\\\/6c014ba6ceac198d178a6a9e61113c9d\",\"name\":\"studio128k_dam\",\"image\":{\"@type\":\"ImageObject\",\"inLanguage\":\"en-US\",\"@id\":\"https:\\\/\\\/secure.gravatar.com\\\/avatar\\\/810f99144a13522c24aa173f9cd8bf079d0e89758af00b5f2938443cd51b31e9?s=96&d=mm&r=g\",\"url\":\"https:\\\/\\\/secure.gravatar.com\\\/avatar\\\/810f99144a13522c24aa173f9cd8bf079d0e89758af00b5f2938443cd51b31e9?s=96&d=mm&r=g\",\"contentUrl\":\"https:\\\/\\\/secure.gravatar.com\\\/avatar\\\/810f99144a13522c24aa173f9cd8bf079d0e89758af00b5f2938443cd51b31e9?s=96&d=mm&r=g\",\"caption\":\"studio128k_dam\"}}]}<\/script>\n<!-- \/ Yoast SEO plugin. -->","yoast_head_json":{"title":"Conecta FICTION & ENTERTAINMENT, Toledo se convertir\u00e1 en la capital del audiovisual internacional del 21 al 24 de junio de 2022 - Spain Film Commission","robots":{"index":"index","follow":"follow","max-snippet":"max-snippet:-1","max-image-preview":"max-image-preview:large","max-video-preview":"max-video-preview:-1"},"canonical":"https:\/\/spainfilmcommission.com\/en\/blog\/conecta-fiction-entertainment-toledo-se-convertira-en-la-capital-del-audiovisual-internacional-del-21-al-24-de-junio-de-2022\/","og_locale":"en_US","og_type":"article","og_title":"Conecta FICTION & ENTERTAINMENT, Toledo se convertir\u00e1 en la capital del audiovisual internacional del 21 al 24 de junio de 2022 - Spain Film Commission","og_description":"&#9679; El\u00a0evento cuenta con el apoyo de Castilla la Mancha Film Commission y con el patrocinio oficial de Spain Film Commission &#9679;\u00a0 Una amplia oferta de actividades\u00a0en diversos lugares de [&hellip;]","og_url":"https:\/\/spainfilmcommission.com\/en\/blog\/conecta-fiction-entertainment-toledo-se-convertira-en-la-capital-del-audiovisual-internacional-del-21-al-24-de-junio-de-2022\/","og_site_name":"Spain Film Commission","article_published_time":"2022-06-06T22:00:00+00:00","article_modified_time":"2025-02-11T07:06:47+00:00","og_image":[{"width":1170,"height":548,"url":"https:\/\/spainfilmcommission.com\/wp-content\/uploads\/2024\/11\/conecta-fiction-entertainment-toledo-se-convertira-en-la-capital-del-audiovisual-internacional-del-21-al-24-de-junio-de-2022-266.png","type":"image\/png"}],"author":"studio128k_dam","twitter_card":"summary_large_image","twitter_misc":{"Written by":"studio128k_dam","Est. reading time":"2 minutes"},"schema":{"@context":"https:\/\/schema.org","@graph":[{"@type":"Article","@id":"https:\/\/spainfilmcommission.com\/en\/blog\/conecta-fiction-entertainment-toledo-se-convertira-en-la-capital-del-audiovisual-internacional-del-21-al-24-de-junio-de-2022\/#article","isPartOf":{"@id":"https:\/\/spainfilmcommission.com\/en\/blog\/conecta-fiction-entertainment-toledo-se-convertira-en-la-capital-del-audiovisual-internacional-del-21-al-24-de-junio-de-2022\/"},"author":{"name":"studio128k_dam","@id":"https:\/\/spainfilmcommission.com\/en\/#\/schema\/person\/6c014ba6ceac198d178a6a9e61113c9d"},"headline":"Conecta FICTION &#038; ENTERTAINMENT, Toledo se convertir\u00e1 en la capital del audiovisual internacional del 21 al 24 de junio de 2022","datePublished":"2022-06-06T22:00:00+00:00","dateModified":"2025-02-11T07:06:47+00:00","mainEntityOfPage":{"@id":"https:\/\/spainfilmcommission.com\/en\/blog\/conecta-fiction-entertainment-toledo-se-convertira-en-la-capital-del-audiovisual-internacional-del-21-al-24-de-junio-de-2022\/"},"wordCount":473,"publisher":{"@id":"https:\/\/spainfilmcommission.com\/en\/#organization"},"image":{"@id":"https:\/\/spainfilmcommission.com\/en\/blog\/conecta-fiction-entertainment-toledo-se-convertira-en-la-capital-del-audiovisual-internacional-del-21-al-24-de-junio-de-2022\/#primaryimage"},"thumbnailUrl":"https:\/\/spainfilmcommission.com\/wp-content\/uploads\/2024\/11\/conecta-fiction-entertainment-toledo-se-convertira-en-la-capital-del-audiovisual-internacional-del-21-al-24-de-junio-de-2022-266.png","articleSection":["Noticias"],"inLanguage":"en-US"},{"@type":"WebPage","@id":"https:\/\/spainfilmcommission.com\/en\/blog\/conecta-fiction-entertainment-toledo-se-convertira-en-la-capital-del-audiovisual-internacional-del-21-al-24-de-junio-de-2022\/","url":"https:\/\/spainfilmcommission.com\/en\/blog\/conecta-fiction-entertainment-toledo-se-convertira-en-la-capital-del-audiovisual-internacional-del-21-al-24-de-junio-de-2022\/","name":"Conecta FICTION & ENTERTAINMENT, Toledo se convertir\u00e1 en la capital del audiovisual internacional del 21 al 24 de junio de 2022 - Spain Film Commission","isPartOf":{"@id":"https:\/\/spainfilmcommission.com\/en\/#website"},"primaryImageOfPage":{"@id":"https:\/\/spainfilmcommission.com\/en\/blog\/conecta-fiction-entertainment-toledo-se-convertira-en-la-capital-del-audiovisual-internacional-del-21-al-24-de-junio-de-2022\/#primaryimage"},"image":{"@id":"https:\/\/spainfilmcommission.com\/en\/blog\/conecta-fiction-entertainment-toledo-se-convertira-en-la-capital-del-audiovisual-internacional-del-21-al-24-de-junio-de-2022\/#primaryimage"},"thumbnailUrl":"https:\/\/spainfilmcommission.com\/wp-content\/uploads\/2024\/11\/conecta-fiction-entertainment-toledo-se-convertira-en-la-capital-del-audiovisual-internacional-del-21-al-24-de-junio-de-2022-266.png","datePublished":"2022-06-06T22:00:00+00:00","dateModified":"2025-02-11T07:06:47+00:00","breadcrumb":{"@id":"https:\/\/spainfilmcommission.com\/en\/blog\/conecta-fiction-entertainment-toledo-se-convertira-en-la-capital-del-audiovisual-internacional-del-21-al-24-de-junio-de-2022\/#breadcrumb"},"inLanguage":"en-US","potentialAction":[{"@type":"ReadAction","target":["https:\/\/spainfilmcommission.com\/en\/blog\/conecta-fiction-entertainment-toledo-se-convertira-en-la-capital-del-audiovisual-internacional-del-21-al-24-de-junio-de-2022\/"]}]},{"@type":"ImageObject","inLanguage":"en-US","@id":"https:\/\/spainfilmcommission.com\/en\/blog\/conecta-fiction-entertainment-toledo-se-convertira-en-la-capital-del-audiovisual-internacional-del-21-al-24-de-junio-de-2022\/#primaryimage","url":"https:\/\/spainfilmcommission.com\/wp-content\/uploads\/2024\/11\/conecta-fiction-entertainment-toledo-se-convertira-en-la-capital-del-audiovisual-internacional-del-21-al-24-de-junio-de-2022-266.png","contentUrl":"https:\/\/spainfilmcommission.com\/wp-content\/uploads\/2024\/11\/conecta-fiction-entertainment-toledo-se-convertira-en-la-capital-del-audiovisual-internacional-del-21-al-24-de-junio-de-2022-266.png","width":1170,"height":548},{"@type":"BreadcrumbList","@id":"https:\/\/spainfilmcommission.com\/en\/blog\/conecta-fiction-entertainment-toledo-se-convertira-en-la-capital-del-audiovisual-internacional-del-21-al-24-de-junio-de-2022\/#breadcrumb","itemListElement":[{"@type":"ListItem","position":1,"name":"Portada","item":"https:\/\/spainfilmcommission.com\/en\/"},{"@type":"ListItem","position":2,"name":"Conecta FICTION &#038; ENTERTAINMENT, Toledo se convertir\u00e1 en la capital del audiovisual internacional del 21 al 24 de junio de 2022"}]},{"@type":"WebSite","@id":"https:\/\/spainfilmcommission.com\/en\/#website","url":"https:\/\/spainfilmcommission.com\/en\/","name":"Spain Film Commission","description":"","publisher":{"@id":"https:\/\/spainfilmcommission.com\/en\/#organization"},"potentialAction":[{"@type":"SearchAction","target":{"@type":"EntryPoint","urlTemplate":"https:\/\/spainfilmcommission.com\/en\/?s={search_term_string}"},"query-input":{"@type":"PropertyValueSpecification","valueRequired":true,"valueName":"search_term_string"}}],"inLanguage":"en-US"},{"@type":"Organization","@id":"https:\/\/spainfilmcommission.com\/en\/#organization","name":"Spain Film Commission","url":"https:\/\/spainfilmcommission.com\/en\/","logo":{"@type":"ImageObject","inLanguage":"en-US","@id":"https:\/\/spainfilmcommission.com\/en\/#\/schema\/logo\/image\/","url":"https:\/\/spainfilmcommission.com\/wp-content\/uploads\/2024\/07\/SPC_COLOR.png","contentUrl":"https:\/\/spainfilmcommission.com\/wp-content\/uploads\/2024\/07\/SPC_COLOR.png","width":1665,"height":1665,"caption":"Spain Film Commission"},"image":{"@id":"https:\/\/spainfilmcommission.com\/en\/#\/schema\/logo\/image\/"}},{"@type":"Person","@id":"https:\/\/spainfilmcommission.com\/en\/#\/schema\/person\/6c014ba6ceac198d178a6a9e61113c9d","name":"studio128k_dam","image":{"@type":"ImageObject","inLanguage":"en-US","@id":"https:\/\/secure.gravatar.com\/avatar\/810f99144a13522c24aa173f9cd8bf079d0e89758af00b5f2938443cd51b31e9?s=96&d=mm&r=g","url":"https:\/\/secure.gravatar.com\/avatar\/810f99144a13522c24aa173f9cd8bf079d0e89758af00b5f2938443cd51b31e9?s=96&d=mm&r=g","contentUrl":"https:\/\/secure.gravatar.com\/avatar\/810f99144a13522c24aa173f9cd8bf079d0e89758af00b5f2938443cd51b31e9?s=96&d=mm&r=g","caption":"studio128k_dam"}}]}},"_links":{"self":[{"href":"https:\/\/spainfilmcommission.com\/en\/wp-json\/wp\/v2\/posts\/8637","targetHints":{"allow":["GET"]}}],"collection":[{"href":"https:\/\/spainfilmcommission.com\/en\/wp-json\/wp\/v2\/posts"}],"about":[{"href":"https:\/\/spainfilmcommission.com\/en\/wp-json\/wp\/v2\/types\/post"}],"author":[{"embeddable":true,"href":"https:\/\/spainfilmcommission.com\/en\/wp-json\/wp\/v2\/users\/2"}],"replies":[{"embeddable":true,"href":"https:\/\/spainfilmcommission.com\/en\/wp-json\/wp\/v2\/comments?post=8637"}],"version-history":[{"count":0,"href":"https:\/\/spainfilmcommission.com\/en\/wp-json\/wp\/v2\/posts\/8637\/revisions"}],"wp:featuredmedia":[{"embeddable":true,"href":"https:\/\/spainfilmcommission.com\/en\/wp-json\/wp\/v2\/media\/8638"}],"wp:attachment":[{"href":"https:\/\/spainfilmcommission.com\/en\/wp-json\/wp\/v2\/media?parent=8637"}],"wp:term":[{"taxonomy":"category","embeddable":true,"href":"https:\/\/spainfilmcommission.com\/en\/wp-json\/wp\/v2\/categories?post=8637"},{"taxonomy":"post_tag","embeddable":true,"href":"https:\/\/spainfilmcommission.com\/en\/wp-json\/wp\/v2\/tags?post=8637"}],"curies":[{"name":"wp","href":"https:\/\/api.w.org\/{rel}","templated":true}]}}