{"id":8619,"date":"2022-05-06T00:00:00","date_gmt":"2022-05-05T22:00:00","guid":{"rendered":"https:\/\/sfc.com\/espana-muestra-la-fortaleza-de-su-sector-audiovisual-a-una-delegacion-de-productores-estadounidenses\/"},"modified":"2025-02-11T08:06:47","modified_gmt":"2025-02-11T07:06:47","slug":"espana-muestra-la-fortaleza-de-su-sector-audiovisual-a-una-delegacion-de-productores-estadounidenses","status":"publish","type":"post","link":"https:\/\/spainfilmcommission.com\/en\/blog\/espana-muestra-la-fortaleza-de-su-sector-audiovisual-a-una-delegacion-de-productores-estadounidenses\/","title":{"rendered":"Espa\u00f1a muestra la fortaleza de su sector audiovisual a una delegaci\u00f3n de productores estadounidenses"},"content":{"rendered":"<div><span style=\"font-size:14px;\">&#8226;<span style=\"white-space:pre;\"> <\/span>El programa combina sesiones t\u00e9cnicas, encuentros institucionales, visita a localizaciones y reuniones con empresas, t\u00e9cnicos y talento espa\u00f1ol<\/span><\/div>\n<div><span style=\"font-size:14px;\">&#8226;<span style=\"white-space:pre;\"> <\/span>Esta actividad se enmarca en el <strong>Plan de Impulso al Sector Audiovisual &#8216;Espa\u00f1a, Hub Audiovisual de Europa<\/strong><\/span><\/div>\n<div style=\"text-align:justify;\"><span style=\"font-size:14px;\">&#8226;<span style=\"white-space:pre;\"> <\/span>Su Majestad la Reina presidir\u00e1 una jornada de trabajo el lunes d\u00eda 9 de mayo en <strong>ICEX Espa\u00f1a Exportaci\u00f3n e Inversiones<\/strong>.<\/span><\/div>\n<p style=\"text-align:justify;\"><span style=\"font-size:14px;\">La <strong>Secretar\u00eda de Estado de Telecomunicaciones e Infraestructuras Digitales<\/strong>, <strong>ICEX-Invest in Spain<\/strong> y la <strong>Spain Film Commission<\/strong> organizan una misi\u00f3n inversa de formaci\u00f3n, en la que participan cerca de 40 ejecutivos pertenecientes a compa\u00f1\u00edas socias de la <strong>Motion Picture Association (MPA<\/strong>) de Estados Unidos y otras plataformas y empresas audiovisuales estadounidenses de m\u00e1ximo nivel.\u00a0<\/span><\/p>\n<p style=\"text-align:justify;\"><span style=\"font-size:14px;\">Esta actividad forma parte de las medidas puestas en marcha dentro del <strong>Plan de Impulso al Sector Audiovisual &#8220;Espa\u00f1a, Hub Audiovisual de Europa&#8221; <\/strong>(Spain Audiovisual Hub), lanzado por el <strong>Gobierno de Espa\u00f1a<\/strong> en marzo de 2021.<\/span><\/p>\n<p style=\"text-align:justify;\"><span style=\"font-size:14px;\">El programa combina sesiones t\u00e9cnicas, encuentros institucionales, visita a localizaciones y reuniones con empresas, empresarios, t\u00e9cnicos y talento del sector espa\u00f1ol. La misi\u00f3n se desarrollar\u00e1 entre el <strong>8 y el 14 de mayo<\/strong> y recorrer\u00e1 varias regiones espa\u00f1olas. Los ejecutivos participar\u00e1n en una jornada de trabajo para conocer el ecosistema audiovisual espa\u00f1ol, presidida por <strong>Su Majestad la Reina<\/strong>, el lunes 9 de mayo.\u00a0<\/span><\/p>\n<p style=\"text-align:justify;\"><span style=\"font-size:14px;\">Asimismo, visitar\u00e1n <strong>Sevilla <\/strong>donde pasar\u00e1n una jornada en la que contactar\u00e1n con las film commissions de toda Espa\u00f1a y conocer\u00e1n localizaciones para futuros rodajes. El programa se completa con la visita a <strong>Canarias<\/strong>, para recorrer posibles escenarios para filmaciones y familiarizarse con el sector empresarial audiovisual de la comunidad aut\u00f3noma, as\u00ed como su especial r\u00e9gimen fiscal.\u00a0<\/span><\/p>\n<p style=\"text-align:justify;\"><span style=\"font-size:14px;\">El objetivo de la misi\u00f3n es reforzar entre los agentes estadounidenses el conocimiento de la industria audiovisual de Espa\u00f1a, poner en valor sus fortalezas, presentarles a los principales operadores y dar a conocer las oportunidades para rodar o invertir en nuestro pa\u00eds. Entre otros asuntos, se informar\u00e1 sobre los cambios legislativos impulsados por el Gobierno (especialmente, en materia fiscal y de visados) y el esfuerzo inversor que est\u00e1 realizando Espa\u00f1a para convertirse en el Hub Audiovisual de Europa<\/span><\/p>\n<p style=\"text-align:justify;\"><span style=\"font-size:14px;\">En el desarrollo de esta misi\u00f3n, han colaborado la <strong>Direcci\u00f3n General de Migraciones<\/strong>; la <strong>Direcci\u00f3n General de Tributos<\/strong>; el <strong>Instituto de la Cinematograf\u00eda y de las Artes Audiovisuales <\/strong>(ICAA); la <strong>Asociaci\u00f3n de Productoras Espa\u00f1olas de Audiovisual Internacional<\/strong> (PROFILM); ALIA &#8211; <strong>Alianza de la Industria Audiovisual<\/strong>; la <strong>Federaci\u00f3n Espa\u00f1ola de Asociaciones de Productoras de Animaci\u00f3n<\/strong> (DIBOOS); la <strong>Asociaci\u00f3n de Empresas de Post Producci\u00f3n<\/strong> (AEPP); la <strong>Federaci\u00f3n de Distribuidores Cinematogr\u00e1ficos<\/strong> (FEDICINE) y empresas espa\u00f1olas y estadounidenses ya implantadas en Espa\u00f1a.\u00a0<\/span><\/p>\n<h3 style=\"margin:15pt 0cm 7.5pt;font-size:12pt;font-family:Cambria, serif;color:rgb(36,63,96);text-align:justify;\"><strong><span lang=\"en-us\" style=\"font-family:'Lucida Sans Unicode', sans-serif;color:rgb(225,11,19);text-transform:uppercase;\">\u00a0#SHOOTINGINSPAIN #RUEDAENESPA\u00d1A<\/span><\/strong><\/h3>\n<h3 style=\"margin:15pt 0cm 7.5pt;font-size:12pt;font-family:Cambria, serif;color:rgb(36,63,96);text-align:justify;\"><strong><span lang=\"en-us\" style=\"font-family:'Lucida Sans Unicode', sans-serif;color:rgb(225,11,19);text-transform:uppercase;\">#WEmakethemagic<\/span><\/strong><\/h3>\n<p>\u00a0<\/p>\n","protected":false},"excerpt":{"rendered":"<p>&#8226; El programa combina sesiones t\u00e9cnicas, encuentros institucionales, visita a localizaciones y reuniones con empresas, t\u00e9cnicos y talento espa\u00f1ol &#8226; Esta actividad se enmarca en el Plan de Impulso al [&hellip;]<\/p>\n","protected":false},"author":2,"featured_media":8620,"comment_status":"closed","ping_status":"","sticky":false,"template":"","format":"standard","meta":{"footnotes":""},"categories":[38],"tags":[],"class_list":["post-8619","post","type-post","status-publish","format-standard","has-post-thumbnail","hentry","category-noticias"],"yoast_head":"<!-- This site is optimized with the Yoast SEO plugin v27.3 - https:\/\/yoast.com\/product\/yoast-seo-wordpress\/ -->\n<title>Espa\u00f1a muestra la fortaleza de su sector audiovisual a una delegaci\u00f3n de productores estadounidenses - Spain Film Commission<\/title>\n<meta name=\"robots\" content=\"index, follow, max-snippet:-1, max-image-preview:large, max-video-preview:-1\" \/>\n<link rel=\"canonical\" href=\"https:\/\/spainfilmcommission.com\/en\/blog\/espana-muestra-la-fortaleza-de-su-sector-audiovisual-a-una-delegacion-de-productores-estadounidenses\/\" \/>\n<meta property=\"og:locale\" content=\"en_US\" \/>\n<meta property=\"og:type\" content=\"article\" \/>\n<meta property=\"og:title\" content=\"Espa\u00f1a muestra la fortaleza de su sector audiovisual a una delegaci\u00f3n de productores estadounidenses - Spain Film Commission\" \/>\n<meta property=\"og:description\" content=\"&#8226; El programa combina sesiones t\u00e9cnicas, encuentros institucionales, visita a localizaciones y reuniones con empresas, t\u00e9cnicos y talento espa\u00f1ol &#8226; Esta actividad se enmarca en el Plan de Impulso al [&hellip;]\" \/>\n<meta property=\"og:url\" content=\"https:\/\/spainfilmcommission.com\/en\/blog\/espana-muestra-la-fortaleza-de-su-sector-audiovisual-a-una-delegacion-de-productores-estadounidenses\/\" \/>\n<meta property=\"og:site_name\" content=\"Spain Film Commission\" \/>\n<meta property=\"article:published_time\" content=\"2022-05-05T22:00:00+00:00\" \/>\n<meta property=\"article:modified_time\" content=\"2025-02-11T07:06:47+00:00\" \/>\n<meta property=\"og:image\" content=\"https:\/\/spainfilmcommission.com\/wp-content\/uploads\/2024\/11\/espana-muestra-la-fortaleza-de-su-sector-audiovisual-a-una-delegacion-de-productores-estadounidenses-260.jpeg\" \/>\n\t<meta property=\"og:image:width\" content=\"1170\" \/>\n\t<meta property=\"og:image:height\" content=\"631\" \/>\n\t<meta property=\"og:image:type\" content=\"image\/jpeg\" \/>\n<meta name=\"author\" content=\"studio128k_dam\" \/>\n<meta name=\"twitter:card\" content=\"summary_large_image\" \/>\n<meta name=\"twitter:label1\" content=\"Written by\" \/>\n\t<meta name=\"twitter:data1\" content=\"studio128k_dam\" \/>\n\t<meta name=\"twitter:label2\" content=\"Est. reading time\" \/>\n\t<meta name=\"twitter:data2\" content=\"2 minutes\" \/>\n<script type=\"application\/ld+json\" class=\"yoast-schema-graph\">{\"@context\":\"https:\\\/\\\/schema.org\",\"@graph\":[{\"@type\":\"Article\",\"@id\":\"https:\\\/\\\/spainfilmcommission.com\\\/en\\\/blog\\\/espana-muestra-la-fortaleza-de-su-sector-audiovisual-a-una-delegacion-de-productores-estadounidenses\\\/#article\",\"isPartOf\":{\"@id\":\"https:\\\/\\\/spainfilmcommission.com\\\/en\\\/blog\\\/espana-muestra-la-fortaleza-de-su-sector-audiovisual-a-una-delegacion-de-productores-estadounidenses\\\/\"},\"author\":{\"name\":\"studio128k_dam\",\"@id\":\"https:\\\/\\\/spainfilmcommission.com\\\/en\\\/#\\\/schema\\\/person\\\/6c014ba6ceac198d178a6a9e61113c9d\"},\"headline\":\"Espa\u00f1a muestra la fortaleza de su sector audiovisual a una delegaci\u00f3n de productores estadounidenses\",\"datePublished\":\"2022-05-05T22:00:00+00:00\",\"dateModified\":\"2025-02-11T07:06:47+00:00\",\"mainEntityOfPage\":{\"@id\":\"https:\\\/\\\/spainfilmcommission.com\\\/en\\\/blog\\\/espana-muestra-la-fortaleza-de-su-sector-audiovisual-a-una-delegacion-de-productores-estadounidenses\\\/\"},\"wordCount\":481,\"publisher\":{\"@id\":\"https:\\\/\\\/spainfilmcommission.com\\\/en\\\/#organization\"},\"image\":{\"@id\":\"https:\\\/\\\/spainfilmcommission.com\\\/en\\\/blog\\\/espana-muestra-la-fortaleza-de-su-sector-audiovisual-a-una-delegacion-de-productores-estadounidenses\\\/#primaryimage\"},\"thumbnailUrl\":\"https:\\\/\\\/spainfilmcommission.com\\\/wp-content\\\/uploads\\\/2024\\\/11\\\/espana-muestra-la-fortaleza-de-su-sector-audiovisual-a-una-delegacion-de-productores-estadounidenses-260.jpeg\",\"articleSection\":[\"Noticias\"],\"inLanguage\":\"en-US\"},{\"@type\":\"WebPage\",\"@id\":\"https:\\\/\\\/spainfilmcommission.com\\\/en\\\/blog\\\/espana-muestra-la-fortaleza-de-su-sector-audiovisual-a-una-delegacion-de-productores-estadounidenses\\\/\",\"url\":\"https:\\\/\\\/spainfilmcommission.com\\\/en\\\/blog\\\/espana-muestra-la-fortaleza-de-su-sector-audiovisual-a-una-delegacion-de-productores-estadounidenses\\\/\",\"name\":\"Espa\u00f1a muestra la fortaleza de su sector audiovisual a una delegaci\u00f3n de productores estadounidenses - Spain Film Commission\",\"isPartOf\":{\"@id\":\"https:\\\/\\\/spainfilmcommission.com\\\/en\\\/#website\"},\"primaryImageOfPage\":{\"@id\":\"https:\\\/\\\/spainfilmcommission.com\\\/en\\\/blog\\\/espana-muestra-la-fortaleza-de-su-sector-audiovisual-a-una-delegacion-de-productores-estadounidenses\\\/#primaryimage\"},\"image\":{\"@id\":\"https:\\\/\\\/spainfilmcommission.com\\\/en\\\/blog\\\/espana-muestra-la-fortaleza-de-su-sector-audiovisual-a-una-delegacion-de-productores-estadounidenses\\\/#primaryimage\"},\"thumbnailUrl\":\"https:\\\/\\\/spainfilmcommission.com\\\/wp-content\\\/uploads\\\/2024\\\/11\\\/espana-muestra-la-fortaleza-de-su-sector-audiovisual-a-una-delegacion-de-productores-estadounidenses-260.jpeg\",\"datePublished\":\"2022-05-05T22:00:00+00:00\",\"dateModified\":\"2025-02-11T07:06:47+00:00\",\"breadcrumb\":{\"@id\":\"https:\\\/\\\/spainfilmcommission.com\\\/en\\\/blog\\\/espana-muestra-la-fortaleza-de-su-sector-audiovisual-a-una-delegacion-de-productores-estadounidenses\\\/#breadcrumb\"},\"inLanguage\":\"en-US\",\"potentialAction\":[{\"@type\":\"ReadAction\",\"target\":[\"https:\\\/\\\/spainfilmcommission.com\\\/en\\\/blog\\\/espana-muestra-la-fortaleza-de-su-sector-audiovisual-a-una-delegacion-de-productores-estadounidenses\\\/\"]}]},{\"@type\":\"ImageObject\",\"inLanguage\":\"en-US\",\"@id\":\"https:\\\/\\\/spainfilmcommission.com\\\/en\\\/blog\\\/espana-muestra-la-fortaleza-de-su-sector-audiovisual-a-una-delegacion-de-productores-estadounidenses\\\/#primaryimage\",\"url\":\"https:\\\/\\\/spainfilmcommission.com\\\/wp-content\\\/uploads\\\/2024\\\/11\\\/espana-muestra-la-fortaleza-de-su-sector-audiovisual-a-una-delegacion-de-productores-estadounidenses-260.jpeg\",\"contentUrl\":\"https:\\\/\\\/spainfilmcommission.com\\\/wp-content\\\/uploads\\\/2024\\\/11\\\/espana-muestra-la-fortaleza-de-su-sector-audiovisual-a-una-delegacion-de-productores-estadounidenses-260.jpeg\",\"width\":1170,\"height\":631},{\"@type\":\"BreadcrumbList\",\"@id\":\"https:\\\/\\\/spainfilmcommission.com\\\/en\\\/blog\\\/espana-muestra-la-fortaleza-de-su-sector-audiovisual-a-una-delegacion-de-productores-estadounidenses\\\/#breadcrumb\",\"itemListElement\":[{\"@type\":\"ListItem\",\"position\":1,\"name\":\"Portada\",\"item\":\"https:\\\/\\\/spainfilmcommission.com\\\/en\\\/\"},{\"@type\":\"ListItem\",\"position\":2,\"name\":\"Espa\u00f1a muestra la fortaleza de su sector audiovisual a una delegaci\u00f3n de productores estadounidenses\"}]},{\"@type\":\"WebSite\",\"@id\":\"https:\\\/\\\/spainfilmcommission.com\\\/en\\\/#website\",\"url\":\"https:\\\/\\\/spainfilmcommission.com\\\/en\\\/\",\"name\":\"Spain Film Commission\",\"description\":\"\",\"publisher\":{\"@id\":\"https:\\\/\\\/spainfilmcommission.com\\\/en\\\/#organization\"},\"potentialAction\":[{\"@type\":\"SearchAction\",\"target\":{\"@type\":\"EntryPoint\",\"urlTemplate\":\"https:\\\/\\\/spainfilmcommission.com\\\/en\\\/?s={search_term_string}\"},\"query-input\":{\"@type\":\"PropertyValueSpecification\",\"valueRequired\":true,\"valueName\":\"search_term_string\"}}],\"inLanguage\":\"en-US\"},{\"@type\":\"Organization\",\"@id\":\"https:\\\/\\\/spainfilmcommission.com\\\/en\\\/#organization\",\"name\":\"Spain Film Commission\",\"url\":\"https:\\\/\\\/spainfilmcommission.com\\\/en\\\/\",\"logo\":{\"@type\":\"ImageObject\",\"inLanguage\":\"en-US\",\"@id\":\"https:\\\/\\\/spainfilmcommission.com\\\/en\\\/#\\\/schema\\\/logo\\\/image\\\/\",\"url\":\"https:\\\/\\\/spainfilmcommission.com\\\/wp-content\\\/uploads\\\/2024\\\/07\\\/SPC_COLOR.png\",\"contentUrl\":\"https:\\\/\\\/spainfilmcommission.com\\\/wp-content\\\/uploads\\\/2024\\\/07\\\/SPC_COLOR.png\",\"width\":1665,\"height\":1665,\"caption\":\"Spain Film Commission\"},\"image\":{\"@id\":\"https:\\\/\\\/spainfilmcommission.com\\\/en\\\/#\\\/schema\\\/logo\\\/image\\\/\"}},{\"@type\":\"Person\",\"@id\":\"https:\\\/\\\/spainfilmcommission.com\\\/en\\\/#\\\/schema\\\/person\\\/6c014ba6ceac198d178a6a9e61113c9d\",\"name\":\"studio128k_dam\",\"image\":{\"@type\":\"ImageObject\",\"inLanguage\":\"en-US\",\"@id\":\"https:\\\/\\\/secure.gravatar.com\\\/avatar\\\/810f99144a13522c24aa173f9cd8bf079d0e89758af00b5f2938443cd51b31e9?s=96&d=mm&r=g\",\"url\":\"https:\\\/\\\/secure.gravatar.com\\\/avatar\\\/810f99144a13522c24aa173f9cd8bf079d0e89758af00b5f2938443cd51b31e9?s=96&d=mm&r=g\",\"contentUrl\":\"https:\\\/\\\/secure.gravatar.com\\\/avatar\\\/810f99144a13522c24aa173f9cd8bf079d0e89758af00b5f2938443cd51b31e9?s=96&d=mm&r=g\",\"caption\":\"studio128k_dam\"}}]}<\/script>\n<!-- \/ Yoast SEO plugin. -->","yoast_head_json":{"title":"Espa\u00f1a muestra la fortaleza de su sector audiovisual a una delegaci\u00f3n de productores estadounidenses - Spain Film Commission","robots":{"index":"index","follow":"follow","max-snippet":"max-snippet:-1","max-image-preview":"max-image-preview:large","max-video-preview":"max-video-preview:-1"},"canonical":"https:\/\/spainfilmcommission.com\/en\/blog\/espana-muestra-la-fortaleza-de-su-sector-audiovisual-a-una-delegacion-de-productores-estadounidenses\/","og_locale":"en_US","og_type":"article","og_title":"Espa\u00f1a muestra la fortaleza de su sector audiovisual a una delegaci\u00f3n de productores estadounidenses - Spain Film Commission","og_description":"&#8226; El programa combina sesiones t\u00e9cnicas, encuentros institucionales, visita a localizaciones y reuniones con empresas, t\u00e9cnicos y talento espa\u00f1ol &#8226; Esta actividad se enmarca en el Plan de Impulso al [&hellip;]","og_url":"https:\/\/spainfilmcommission.com\/en\/blog\/espana-muestra-la-fortaleza-de-su-sector-audiovisual-a-una-delegacion-de-productores-estadounidenses\/","og_site_name":"Spain Film Commission","article_published_time":"2022-05-05T22:00:00+00:00","article_modified_time":"2025-02-11T07:06:47+00:00","og_image":[{"width":1170,"height":631,"url":"https:\/\/spainfilmcommission.com\/wp-content\/uploads\/2024\/11\/espana-muestra-la-fortaleza-de-su-sector-audiovisual-a-una-delegacion-de-productores-estadounidenses-260.jpeg","type":"image\/jpeg"}],"author":"studio128k_dam","twitter_card":"summary_large_image","twitter_misc":{"Written by":"studio128k_dam","Est. reading time":"2 minutes"},"schema":{"@context":"https:\/\/schema.org","@graph":[{"@type":"Article","@id":"https:\/\/spainfilmcommission.com\/en\/blog\/espana-muestra-la-fortaleza-de-su-sector-audiovisual-a-una-delegacion-de-productores-estadounidenses\/#article","isPartOf":{"@id":"https:\/\/spainfilmcommission.com\/en\/blog\/espana-muestra-la-fortaleza-de-su-sector-audiovisual-a-una-delegacion-de-productores-estadounidenses\/"},"author":{"name":"studio128k_dam","@id":"https:\/\/spainfilmcommission.com\/en\/#\/schema\/person\/6c014ba6ceac198d178a6a9e61113c9d"},"headline":"Espa\u00f1a muestra la fortaleza de su sector audiovisual a una delegaci\u00f3n de productores estadounidenses","datePublished":"2022-05-05T22:00:00+00:00","dateModified":"2025-02-11T07:06:47+00:00","mainEntityOfPage":{"@id":"https:\/\/spainfilmcommission.com\/en\/blog\/espana-muestra-la-fortaleza-de-su-sector-audiovisual-a-una-delegacion-de-productores-estadounidenses\/"},"wordCount":481,"publisher":{"@id":"https:\/\/spainfilmcommission.com\/en\/#organization"},"image":{"@id":"https:\/\/spainfilmcommission.com\/en\/blog\/espana-muestra-la-fortaleza-de-su-sector-audiovisual-a-una-delegacion-de-productores-estadounidenses\/#primaryimage"},"thumbnailUrl":"https:\/\/spainfilmcommission.com\/wp-content\/uploads\/2024\/11\/espana-muestra-la-fortaleza-de-su-sector-audiovisual-a-una-delegacion-de-productores-estadounidenses-260.jpeg","articleSection":["Noticias"],"inLanguage":"en-US"},{"@type":"WebPage","@id":"https:\/\/spainfilmcommission.com\/en\/blog\/espana-muestra-la-fortaleza-de-su-sector-audiovisual-a-una-delegacion-de-productores-estadounidenses\/","url":"https:\/\/spainfilmcommission.com\/en\/blog\/espana-muestra-la-fortaleza-de-su-sector-audiovisual-a-una-delegacion-de-productores-estadounidenses\/","name":"Espa\u00f1a muestra la fortaleza de su sector audiovisual a una delegaci\u00f3n de productores estadounidenses - Spain Film Commission","isPartOf":{"@id":"https:\/\/spainfilmcommission.com\/en\/#website"},"primaryImageOfPage":{"@id":"https:\/\/spainfilmcommission.com\/en\/blog\/espana-muestra-la-fortaleza-de-su-sector-audiovisual-a-una-delegacion-de-productores-estadounidenses\/#primaryimage"},"image":{"@id":"https:\/\/spainfilmcommission.com\/en\/blog\/espana-muestra-la-fortaleza-de-su-sector-audiovisual-a-una-delegacion-de-productores-estadounidenses\/#primaryimage"},"thumbnailUrl":"https:\/\/spainfilmcommission.com\/wp-content\/uploads\/2024\/11\/espana-muestra-la-fortaleza-de-su-sector-audiovisual-a-una-delegacion-de-productores-estadounidenses-260.jpeg","datePublished":"2022-05-05T22:00:00+00:00","dateModified":"2025-02-11T07:06:47+00:00","breadcrumb":{"@id":"https:\/\/spainfilmcommission.com\/en\/blog\/espana-muestra-la-fortaleza-de-su-sector-audiovisual-a-una-delegacion-de-productores-estadounidenses\/#breadcrumb"},"inLanguage":"en-US","potentialAction":[{"@type":"ReadAction","target":["https:\/\/spainfilmcommission.com\/en\/blog\/espana-muestra-la-fortaleza-de-su-sector-audiovisual-a-una-delegacion-de-productores-estadounidenses\/"]}]},{"@type":"ImageObject","inLanguage":"en-US","@id":"https:\/\/spainfilmcommission.com\/en\/blog\/espana-muestra-la-fortaleza-de-su-sector-audiovisual-a-una-delegacion-de-productores-estadounidenses\/#primaryimage","url":"https:\/\/spainfilmcommission.com\/wp-content\/uploads\/2024\/11\/espana-muestra-la-fortaleza-de-su-sector-audiovisual-a-una-delegacion-de-productores-estadounidenses-260.jpeg","contentUrl":"https:\/\/spainfilmcommission.com\/wp-content\/uploads\/2024\/11\/espana-muestra-la-fortaleza-de-su-sector-audiovisual-a-una-delegacion-de-productores-estadounidenses-260.jpeg","width":1170,"height":631},{"@type":"BreadcrumbList","@id":"https:\/\/spainfilmcommission.com\/en\/blog\/espana-muestra-la-fortaleza-de-su-sector-audiovisual-a-una-delegacion-de-productores-estadounidenses\/#breadcrumb","itemListElement":[{"@type":"ListItem","position":1,"name":"Portada","item":"https:\/\/spainfilmcommission.com\/en\/"},{"@type":"ListItem","position":2,"name":"Espa\u00f1a muestra la fortaleza de su sector audiovisual a una delegaci\u00f3n de productores estadounidenses"}]},{"@type":"WebSite","@id":"https:\/\/spainfilmcommission.com\/en\/#website","url":"https:\/\/spainfilmcommission.com\/en\/","name":"Spain Film Commission","description":"","publisher":{"@id":"https:\/\/spainfilmcommission.com\/en\/#organization"},"potentialAction":[{"@type":"SearchAction","target":{"@type":"EntryPoint","urlTemplate":"https:\/\/spainfilmcommission.com\/en\/?s={search_term_string}"},"query-input":{"@type":"PropertyValueSpecification","valueRequired":true,"valueName":"search_term_string"}}],"inLanguage":"en-US"},{"@type":"Organization","@id":"https:\/\/spainfilmcommission.com\/en\/#organization","name":"Spain Film Commission","url":"https:\/\/spainfilmcommission.com\/en\/","logo":{"@type":"ImageObject","inLanguage":"en-US","@id":"https:\/\/spainfilmcommission.com\/en\/#\/schema\/logo\/image\/","url":"https:\/\/spainfilmcommission.com\/wp-content\/uploads\/2024\/07\/SPC_COLOR.png","contentUrl":"https:\/\/spainfilmcommission.com\/wp-content\/uploads\/2024\/07\/SPC_COLOR.png","width":1665,"height":1665,"caption":"Spain Film Commission"},"image":{"@id":"https:\/\/spainfilmcommission.com\/en\/#\/schema\/logo\/image\/"}},{"@type":"Person","@id":"https:\/\/spainfilmcommission.com\/en\/#\/schema\/person\/6c014ba6ceac198d178a6a9e61113c9d","name":"studio128k_dam","image":{"@type":"ImageObject","inLanguage":"en-US","@id":"https:\/\/secure.gravatar.com\/avatar\/810f99144a13522c24aa173f9cd8bf079d0e89758af00b5f2938443cd51b31e9?s=96&d=mm&r=g","url":"https:\/\/secure.gravatar.com\/avatar\/810f99144a13522c24aa173f9cd8bf079d0e89758af00b5f2938443cd51b31e9?s=96&d=mm&r=g","contentUrl":"https:\/\/secure.gravatar.com\/avatar\/810f99144a13522c24aa173f9cd8bf079d0e89758af00b5f2938443cd51b31e9?s=96&d=mm&r=g","caption":"studio128k_dam"}}]}},"_links":{"self":[{"href":"https:\/\/spainfilmcommission.com\/en\/wp-json\/wp\/v2\/posts\/8619","targetHints":{"allow":["GET"]}}],"collection":[{"href":"https:\/\/spainfilmcommission.com\/en\/wp-json\/wp\/v2\/posts"}],"about":[{"href":"https:\/\/spainfilmcommission.com\/en\/wp-json\/wp\/v2\/types\/post"}],"author":[{"embeddable":true,"href":"https:\/\/spainfilmcommission.com\/en\/wp-json\/wp\/v2\/users\/2"}],"replies":[{"embeddable":true,"href":"https:\/\/spainfilmcommission.com\/en\/wp-json\/wp\/v2\/comments?post=8619"}],"version-history":[{"count":0,"href":"https:\/\/spainfilmcommission.com\/en\/wp-json\/wp\/v2\/posts\/8619\/revisions"}],"wp:featuredmedia":[{"embeddable":true,"href":"https:\/\/spainfilmcommission.com\/en\/wp-json\/wp\/v2\/media\/8620"}],"wp:attachment":[{"href":"https:\/\/spainfilmcommission.com\/en\/wp-json\/wp\/v2\/media?parent=8619"}],"wp:term":[{"taxonomy":"category","embeddable":true,"href":"https:\/\/spainfilmcommission.com\/en\/wp-json\/wp\/v2\/categories?post=8619"},{"taxonomy":"post_tag","embeddable":true,"href":"https:\/\/spainfilmcommission.com\/en\/wp-json\/wp\/v2\/tags?post=8619"}],"curies":[{"name":"wp","href":"https:\/\/api.w.org\/{rel}","templated":true}]}}