{"id":8613,"date":"2022-04-20T00:00:00","date_gmt":"2022-04-19T22:00:00","guid":{"rendered":"https:\/\/sfc.com\/exito-en-la-convocatoria-del-i-afterwork-cortamos-para-organizado-por-madrid-film-office\/"},"modified":"2025-02-11T08:06:47","modified_gmt":"2025-02-11T07:06:47","slug":"exito-en-la-convocatoria-del-i-afterwork-cortamos-para-organizado-por-madrid-film-office","status":"publish","type":"post","link":"https:\/\/spainfilmcommission.com\/en\/blog\/exito-en-la-convocatoria-del-i-afterwork-cortamos-para-organizado-por-madrid-film-office\/","title":{"rendered":"\u00c9xito en la convocatoria del I afterwork &#8216;Cortamos para&#8230;&#8221; organizado por Madrid Film Office"},"content":{"rendered":"<p style=\"text-align:justify;\">Madrid Film Office, oficina de promoci\u00f3n y asistencia a los rodajes del Ayuntamiento de Madrid adscrita al \u00c1rea Delegada de Turismo, ha organizado este martes el<strong> I Afterwork &#8216;Cortamos para&#8230;\u2019,<\/strong> ideado como espacio de encuentro y networking para empresas, profesionales e instituciones del sector audiovisual madrile\u00f1o. El evento ha tenido lugar un d\u00eda despu\u00e9s de que el alcalde de Madrid, Jos\u00e9 Luis Martinez-Almeida, anunciara una bater\u00eda de medidas cuyo fin ser\u00e1 convertir a la ciudad en un gran plat\u00f3 de rodajes, impulsar la industria audiovisual y fomentar el turismo de pantalla.<\/p>\n<p>El encuentro, que <strong>en su primera edici\u00f3n ha reunido a m\u00e1s de 230 representantes de la industria y organismos vinculados<\/strong>, ha contado con la participaci\u00f3n de la concejala delegada de Turismo, Almudena Ma\u00edllo, que ha subrayado la apuesta del Ayuntamiento por el audiovisual, recalcando la importancia de medidas como &#8220;la redacci\u00f3n de una ordenanza espec\u00edfica de rodajes que regule esta actividad en todos los espacios p\u00fablicos, una reducci\u00f3n de las tasas de rodaje para aquellas producciones que se localicen en espacios gestionados por la empresa p\u00fablica Madrid Destino o la organizaci\u00f3n de encuentros como este afterwork con el objetivo de reunir y establecer espacios distendidos de trabajo&#8221;.<\/p>\n<p>Ideado como un encuentro destinado a reunir a la industria audiovisual madrile\u00f1a y otras empresas e instituciones vinculadas con la actividad audiovisual en la ciudad, <strong>los Afterwork &#8216;Cortamos para&#8230;\u2019 tienen por objeto fomentar el networking y las sinergias entre el sector, promover el contacto y establecimiento de acuerdos de colaboraci\u00f3n con Madrid Film Office, impulsar la ciudad como centro de producci\u00f3n audiovisual, establecer un punto de encuentro entre creadores y productores, promocionar las medidas y actividades de apoyo al audiovisual desarrolladas por el Ayuntamiento y dar a conocer espacios susceptibles de ser utilizados como escenarios de rodaje.<\/strong><\/p>\n<p>En la presentaci\u00f3n, <strong>Ra\u00fal Torquemada Melero<\/strong>, Director de Madrid Film Office, enfatiz\u00f3 la vocaci\u00f3n peri\u00f3dica de estos encuentros que surgen con el deseo de que &#8220;durante el tiempo distendido en estos afterworks, de los que queremos celebrar dos o tres al a\u00f1o, conversaremos, hablaremos de nuestra industria, nos conoceremos e intercambiaremos opiniones e ideas con el fin de entablar relaciones profesionales fuertes y establecer posibles sinergias&#8221;.<\/p>\n<p>\u00a0<\/p>\n<p>\u00a0<\/p>\n<h3>Madrid Film Office<\/h3>\n<p><a href=\"https:\/\/madridfilmoffice.com\/\" target=\"_blank\">Madrid Film Office<\/a> es un servicio p\u00fablico del Ayuntamiento de Madrid que tiene como misi\u00f3n promocionar la ciudad como escenario de rodaje de producciones audiovisuales, asistir a las empresas y a los profesionales que eligen la ciudad de Madrid para llevar a cabo sus proyectos, apoyar al sector audiovisual madrile\u00f1o y estimular la inversi\u00f3n y el desarrollo local. Madrid Film Office colabora desde la fase de preproducci\u00f3n para facilitar la b\u00fasqueda de localizaciones, asesorar en materia de permisos y acompa\u00f1ar durante el desarrollo de los proyectos audiovisuales en la ciudad.<\/p>\n","protected":false},"excerpt":{"rendered":"<p>Madrid Film Office, oficina de promoci\u00f3n y asistencia a los rodajes del Ayuntamiento de Madrid adscrita al \u00c1rea Delegada de Turismo, ha organizado este martes el I Afterwork &#8216;Cortamos para&#8230;\u2019, [&hellip;]<\/p>\n","protected":false},"author":2,"featured_media":8614,"comment_status":"closed","ping_status":"","sticky":false,"template":"","format":"standard","meta":{"footnotes":""},"categories":[38],"tags":[],"class_list":["post-8613","post","type-post","status-publish","format-standard","has-post-thumbnail","hentry","category-noticias"],"yoast_head":"<!-- This site is optimized with the Yoast SEO plugin v27.3 - https:\/\/yoast.com\/product\/yoast-seo-wordpress\/ -->\n<title>\u00c9xito en la convocatoria del I afterwork &#039;Cortamos para...&quot; organizado por Madrid Film Office - Spain Film Commission<\/title>\n<meta name=\"robots\" content=\"index, follow, max-snippet:-1, max-image-preview:large, max-video-preview:-1\" \/>\n<link rel=\"canonical\" href=\"https:\/\/spainfilmcommission.com\/en\/blog\/exito-en-la-convocatoria-del-i-afterwork-cortamos-para-organizado-por-madrid-film-office\/\" \/>\n<meta property=\"og:locale\" content=\"en_US\" \/>\n<meta property=\"og:type\" content=\"article\" \/>\n<meta property=\"og:title\" content=\"\u00c9xito en la convocatoria del I afterwork &#039;Cortamos para...&quot; organizado por Madrid Film Office - Spain Film Commission\" \/>\n<meta property=\"og:description\" content=\"Madrid Film Office, oficina de promoci\u00f3n y asistencia a los rodajes del Ayuntamiento de Madrid adscrita al \u00c1rea Delegada de Turismo, ha organizado este martes el I Afterwork &#8216;Cortamos para&#8230;\u2019, [&hellip;]\" \/>\n<meta property=\"og:url\" content=\"https:\/\/spainfilmcommission.com\/en\/blog\/exito-en-la-convocatoria-del-i-afterwork-cortamos-para-organizado-por-madrid-film-office\/\" \/>\n<meta property=\"og:site_name\" content=\"Spain Film Commission\" \/>\n<meta property=\"article:published_time\" content=\"2022-04-19T22:00:00+00:00\" \/>\n<meta property=\"article:modified_time\" content=\"2025-02-11T07:06:47+00:00\" \/>\n<meta property=\"og:image\" content=\"https:\/\/spainfilmcommission.com\/wp-content\/uploads\/2024\/11\/exito-en-la-convocatoria-del-i-afterwork-cortamos-para-organizado-por-madrid-film-office-258.jpg\" \/>\n\t<meta property=\"og:image:width\" content=\"1170\" \/>\n\t<meta property=\"og:image:height\" content=\"784\" \/>\n\t<meta property=\"og:image:type\" content=\"image\/jpeg\" \/>\n<meta name=\"author\" content=\"studio128k_dam\" \/>\n<meta name=\"twitter:card\" content=\"summary_large_image\" \/>\n<meta name=\"twitter:label1\" content=\"Written by\" \/>\n\t<meta name=\"twitter:data1\" content=\"studio128k_dam\" \/>\n\t<meta name=\"twitter:label2\" content=\"Est. reading time\" \/>\n\t<meta name=\"twitter:data2\" content=\"2 minutes\" \/>\n<script type=\"application\/ld+json\" class=\"yoast-schema-graph\">{\"@context\":\"https:\\\/\\\/schema.org\",\"@graph\":[{\"@type\":\"Article\",\"@id\":\"https:\\\/\\\/spainfilmcommission.com\\\/en\\\/blog\\\/exito-en-la-convocatoria-del-i-afterwork-cortamos-para-organizado-por-madrid-film-office\\\/#article\",\"isPartOf\":{\"@id\":\"https:\\\/\\\/spainfilmcommission.com\\\/en\\\/blog\\\/exito-en-la-convocatoria-del-i-afterwork-cortamos-para-organizado-por-madrid-film-office\\\/\"},\"author\":{\"name\":\"studio128k_dam\",\"@id\":\"https:\\\/\\\/spainfilmcommission.com\\\/en\\\/#\\\/schema\\\/person\\\/6c014ba6ceac198d178a6a9e61113c9d\"},\"headline\":\"\u00c9xito en la convocatoria del I afterwork &#8216;Cortamos para&#8230;&#8221; organizado por Madrid Film Office\",\"datePublished\":\"2022-04-19T22:00:00+00:00\",\"dateModified\":\"2025-02-11T07:06:47+00:00\",\"mainEntityOfPage\":{\"@id\":\"https:\\\/\\\/spainfilmcommission.com\\\/en\\\/blog\\\/exito-en-la-convocatoria-del-i-afterwork-cortamos-para-organizado-por-madrid-film-office\\\/\"},\"wordCount\":497,\"publisher\":{\"@id\":\"https:\\\/\\\/spainfilmcommission.com\\\/en\\\/#organization\"},\"image\":{\"@id\":\"https:\\\/\\\/spainfilmcommission.com\\\/en\\\/blog\\\/exito-en-la-convocatoria-del-i-afterwork-cortamos-para-organizado-por-madrid-film-office\\\/#primaryimage\"},\"thumbnailUrl\":\"https:\\\/\\\/spainfilmcommission.com\\\/wp-content\\\/uploads\\\/2024\\\/11\\\/exito-en-la-convocatoria-del-i-afterwork-cortamos-para-organizado-por-madrid-film-office-258.jpg\",\"articleSection\":[\"Noticias\"],\"inLanguage\":\"en-US\"},{\"@type\":\"WebPage\",\"@id\":\"https:\\\/\\\/spainfilmcommission.com\\\/en\\\/blog\\\/exito-en-la-convocatoria-del-i-afterwork-cortamos-para-organizado-por-madrid-film-office\\\/\",\"url\":\"https:\\\/\\\/spainfilmcommission.com\\\/en\\\/blog\\\/exito-en-la-convocatoria-del-i-afterwork-cortamos-para-organizado-por-madrid-film-office\\\/\",\"name\":\"\u00c9xito en la convocatoria del I afterwork 'Cortamos para...\\\" organizado por Madrid Film Office - Spain Film Commission\",\"isPartOf\":{\"@id\":\"https:\\\/\\\/spainfilmcommission.com\\\/en\\\/#website\"},\"primaryImageOfPage\":{\"@id\":\"https:\\\/\\\/spainfilmcommission.com\\\/en\\\/blog\\\/exito-en-la-convocatoria-del-i-afterwork-cortamos-para-organizado-por-madrid-film-office\\\/#primaryimage\"},\"image\":{\"@id\":\"https:\\\/\\\/spainfilmcommission.com\\\/en\\\/blog\\\/exito-en-la-convocatoria-del-i-afterwork-cortamos-para-organizado-por-madrid-film-office\\\/#primaryimage\"},\"thumbnailUrl\":\"https:\\\/\\\/spainfilmcommission.com\\\/wp-content\\\/uploads\\\/2024\\\/11\\\/exito-en-la-convocatoria-del-i-afterwork-cortamos-para-organizado-por-madrid-film-office-258.jpg\",\"datePublished\":\"2022-04-19T22:00:00+00:00\",\"dateModified\":\"2025-02-11T07:06:47+00:00\",\"breadcrumb\":{\"@id\":\"https:\\\/\\\/spainfilmcommission.com\\\/en\\\/blog\\\/exito-en-la-convocatoria-del-i-afterwork-cortamos-para-organizado-por-madrid-film-office\\\/#breadcrumb\"},\"inLanguage\":\"en-US\",\"potentialAction\":[{\"@type\":\"ReadAction\",\"target\":[\"https:\\\/\\\/spainfilmcommission.com\\\/en\\\/blog\\\/exito-en-la-convocatoria-del-i-afterwork-cortamos-para-organizado-por-madrid-film-office\\\/\"]}]},{\"@type\":\"ImageObject\",\"inLanguage\":\"en-US\",\"@id\":\"https:\\\/\\\/spainfilmcommission.com\\\/en\\\/blog\\\/exito-en-la-convocatoria-del-i-afterwork-cortamos-para-organizado-por-madrid-film-office\\\/#primaryimage\",\"url\":\"https:\\\/\\\/spainfilmcommission.com\\\/wp-content\\\/uploads\\\/2024\\\/11\\\/exito-en-la-convocatoria-del-i-afterwork-cortamos-para-organizado-por-madrid-film-office-258.jpg\",\"contentUrl\":\"https:\\\/\\\/spainfilmcommission.com\\\/wp-content\\\/uploads\\\/2024\\\/11\\\/exito-en-la-convocatoria-del-i-afterwork-cortamos-para-organizado-por-madrid-film-office-258.jpg\",\"width\":1170,\"height\":784},{\"@type\":\"BreadcrumbList\",\"@id\":\"https:\\\/\\\/spainfilmcommission.com\\\/en\\\/blog\\\/exito-en-la-convocatoria-del-i-afterwork-cortamos-para-organizado-por-madrid-film-office\\\/#breadcrumb\",\"itemListElement\":[{\"@type\":\"ListItem\",\"position\":1,\"name\":\"Portada\",\"item\":\"https:\\\/\\\/spainfilmcommission.com\\\/en\\\/\"},{\"@type\":\"ListItem\",\"position\":2,\"name\":\"\u00c9xito en la convocatoria del I afterwork &#8216;Cortamos para&#8230;\u00bb organizado por Madrid Film Office\"}]},{\"@type\":\"WebSite\",\"@id\":\"https:\\\/\\\/spainfilmcommission.com\\\/en\\\/#website\",\"url\":\"https:\\\/\\\/spainfilmcommission.com\\\/en\\\/\",\"name\":\"Spain Film Commission\",\"description\":\"\",\"publisher\":{\"@id\":\"https:\\\/\\\/spainfilmcommission.com\\\/en\\\/#organization\"},\"potentialAction\":[{\"@type\":\"SearchAction\",\"target\":{\"@type\":\"EntryPoint\",\"urlTemplate\":\"https:\\\/\\\/spainfilmcommission.com\\\/en\\\/?s={search_term_string}\"},\"query-input\":{\"@type\":\"PropertyValueSpecification\",\"valueRequired\":true,\"valueName\":\"search_term_string\"}}],\"inLanguage\":\"en-US\"},{\"@type\":\"Organization\",\"@id\":\"https:\\\/\\\/spainfilmcommission.com\\\/en\\\/#organization\",\"name\":\"Spain Film Commission\",\"url\":\"https:\\\/\\\/spainfilmcommission.com\\\/en\\\/\",\"logo\":{\"@type\":\"ImageObject\",\"inLanguage\":\"en-US\",\"@id\":\"https:\\\/\\\/spainfilmcommission.com\\\/en\\\/#\\\/schema\\\/logo\\\/image\\\/\",\"url\":\"https:\\\/\\\/spainfilmcommission.com\\\/wp-content\\\/uploads\\\/2024\\\/07\\\/SPC_COLOR.png\",\"contentUrl\":\"https:\\\/\\\/spainfilmcommission.com\\\/wp-content\\\/uploads\\\/2024\\\/07\\\/SPC_COLOR.png\",\"width\":1665,\"height\":1665,\"caption\":\"Spain Film Commission\"},\"image\":{\"@id\":\"https:\\\/\\\/spainfilmcommission.com\\\/en\\\/#\\\/schema\\\/logo\\\/image\\\/\"}},{\"@type\":\"Person\",\"@id\":\"https:\\\/\\\/spainfilmcommission.com\\\/en\\\/#\\\/schema\\\/person\\\/6c014ba6ceac198d178a6a9e61113c9d\",\"name\":\"studio128k_dam\",\"image\":{\"@type\":\"ImageObject\",\"inLanguage\":\"en-US\",\"@id\":\"https:\\\/\\\/secure.gravatar.com\\\/avatar\\\/810f99144a13522c24aa173f9cd8bf079d0e89758af00b5f2938443cd51b31e9?s=96&d=mm&r=g\",\"url\":\"https:\\\/\\\/secure.gravatar.com\\\/avatar\\\/810f99144a13522c24aa173f9cd8bf079d0e89758af00b5f2938443cd51b31e9?s=96&d=mm&r=g\",\"contentUrl\":\"https:\\\/\\\/secure.gravatar.com\\\/avatar\\\/810f99144a13522c24aa173f9cd8bf079d0e89758af00b5f2938443cd51b31e9?s=96&d=mm&r=g\",\"caption\":\"studio128k_dam\"}}]}<\/script>\n<!-- \/ Yoast SEO plugin. -->","yoast_head_json":{"title":"\u00c9xito en la convocatoria del I afterwork 'Cortamos para...\" organizado por Madrid Film Office - Spain Film Commission","robots":{"index":"index","follow":"follow","max-snippet":"max-snippet:-1","max-image-preview":"max-image-preview:large","max-video-preview":"max-video-preview:-1"},"canonical":"https:\/\/spainfilmcommission.com\/en\/blog\/exito-en-la-convocatoria-del-i-afterwork-cortamos-para-organizado-por-madrid-film-office\/","og_locale":"en_US","og_type":"article","og_title":"\u00c9xito en la convocatoria del I afterwork 'Cortamos para...\" organizado por Madrid Film Office - Spain Film Commission","og_description":"Madrid Film Office, oficina de promoci\u00f3n y asistencia a los rodajes del Ayuntamiento de Madrid adscrita al \u00c1rea Delegada de Turismo, ha organizado este martes el I Afterwork &#8216;Cortamos para&#8230;\u2019, [&hellip;]","og_url":"https:\/\/spainfilmcommission.com\/en\/blog\/exito-en-la-convocatoria-del-i-afterwork-cortamos-para-organizado-por-madrid-film-office\/","og_site_name":"Spain Film Commission","article_published_time":"2022-04-19T22:00:00+00:00","article_modified_time":"2025-02-11T07:06:47+00:00","og_image":[{"width":1170,"height":784,"url":"https:\/\/spainfilmcommission.com\/wp-content\/uploads\/2024\/11\/exito-en-la-convocatoria-del-i-afterwork-cortamos-para-organizado-por-madrid-film-office-258.jpg","type":"image\/jpeg"}],"author":"studio128k_dam","twitter_card":"summary_large_image","twitter_misc":{"Written by":"studio128k_dam","Est. reading time":"2 minutes"},"schema":{"@context":"https:\/\/schema.org","@graph":[{"@type":"Article","@id":"https:\/\/spainfilmcommission.com\/en\/blog\/exito-en-la-convocatoria-del-i-afterwork-cortamos-para-organizado-por-madrid-film-office\/#article","isPartOf":{"@id":"https:\/\/spainfilmcommission.com\/en\/blog\/exito-en-la-convocatoria-del-i-afterwork-cortamos-para-organizado-por-madrid-film-office\/"},"author":{"name":"studio128k_dam","@id":"https:\/\/spainfilmcommission.com\/en\/#\/schema\/person\/6c014ba6ceac198d178a6a9e61113c9d"},"headline":"\u00c9xito en la convocatoria del I afterwork &#8216;Cortamos para&#8230;&#8221; organizado por Madrid Film Office","datePublished":"2022-04-19T22:00:00+00:00","dateModified":"2025-02-11T07:06:47+00:00","mainEntityOfPage":{"@id":"https:\/\/spainfilmcommission.com\/en\/blog\/exito-en-la-convocatoria-del-i-afterwork-cortamos-para-organizado-por-madrid-film-office\/"},"wordCount":497,"publisher":{"@id":"https:\/\/spainfilmcommission.com\/en\/#organization"},"image":{"@id":"https:\/\/spainfilmcommission.com\/en\/blog\/exito-en-la-convocatoria-del-i-afterwork-cortamos-para-organizado-por-madrid-film-office\/#primaryimage"},"thumbnailUrl":"https:\/\/spainfilmcommission.com\/wp-content\/uploads\/2024\/11\/exito-en-la-convocatoria-del-i-afterwork-cortamos-para-organizado-por-madrid-film-office-258.jpg","articleSection":["Noticias"],"inLanguage":"en-US"},{"@type":"WebPage","@id":"https:\/\/spainfilmcommission.com\/en\/blog\/exito-en-la-convocatoria-del-i-afterwork-cortamos-para-organizado-por-madrid-film-office\/","url":"https:\/\/spainfilmcommission.com\/en\/blog\/exito-en-la-convocatoria-del-i-afterwork-cortamos-para-organizado-por-madrid-film-office\/","name":"\u00c9xito en la convocatoria del I afterwork 'Cortamos para...\" organizado por Madrid Film Office - Spain Film Commission","isPartOf":{"@id":"https:\/\/spainfilmcommission.com\/en\/#website"},"primaryImageOfPage":{"@id":"https:\/\/spainfilmcommission.com\/en\/blog\/exito-en-la-convocatoria-del-i-afterwork-cortamos-para-organizado-por-madrid-film-office\/#primaryimage"},"image":{"@id":"https:\/\/spainfilmcommission.com\/en\/blog\/exito-en-la-convocatoria-del-i-afterwork-cortamos-para-organizado-por-madrid-film-office\/#primaryimage"},"thumbnailUrl":"https:\/\/spainfilmcommission.com\/wp-content\/uploads\/2024\/11\/exito-en-la-convocatoria-del-i-afterwork-cortamos-para-organizado-por-madrid-film-office-258.jpg","datePublished":"2022-04-19T22:00:00+00:00","dateModified":"2025-02-11T07:06:47+00:00","breadcrumb":{"@id":"https:\/\/spainfilmcommission.com\/en\/blog\/exito-en-la-convocatoria-del-i-afterwork-cortamos-para-organizado-por-madrid-film-office\/#breadcrumb"},"inLanguage":"en-US","potentialAction":[{"@type":"ReadAction","target":["https:\/\/spainfilmcommission.com\/en\/blog\/exito-en-la-convocatoria-del-i-afterwork-cortamos-para-organizado-por-madrid-film-office\/"]}]},{"@type":"ImageObject","inLanguage":"en-US","@id":"https:\/\/spainfilmcommission.com\/en\/blog\/exito-en-la-convocatoria-del-i-afterwork-cortamos-para-organizado-por-madrid-film-office\/#primaryimage","url":"https:\/\/spainfilmcommission.com\/wp-content\/uploads\/2024\/11\/exito-en-la-convocatoria-del-i-afterwork-cortamos-para-organizado-por-madrid-film-office-258.jpg","contentUrl":"https:\/\/spainfilmcommission.com\/wp-content\/uploads\/2024\/11\/exito-en-la-convocatoria-del-i-afterwork-cortamos-para-organizado-por-madrid-film-office-258.jpg","width":1170,"height":784},{"@type":"BreadcrumbList","@id":"https:\/\/spainfilmcommission.com\/en\/blog\/exito-en-la-convocatoria-del-i-afterwork-cortamos-para-organizado-por-madrid-film-office\/#breadcrumb","itemListElement":[{"@type":"ListItem","position":1,"name":"Portada","item":"https:\/\/spainfilmcommission.com\/en\/"},{"@type":"ListItem","position":2,"name":"\u00c9xito en la convocatoria del I afterwork &#8216;Cortamos para&#8230;\u00bb organizado por Madrid Film Office"}]},{"@type":"WebSite","@id":"https:\/\/spainfilmcommission.com\/en\/#website","url":"https:\/\/spainfilmcommission.com\/en\/","name":"Spain Film Commission","description":"","publisher":{"@id":"https:\/\/spainfilmcommission.com\/en\/#organization"},"potentialAction":[{"@type":"SearchAction","target":{"@type":"EntryPoint","urlTemplate":"https:\/\/spainfilmcommission.com\/en\/?s={search_term_string}"},"query-input":{"@type":"PropertyValueSpecification","valueRequired":true,"valueName":"search_term_string"}}],"inLanguage":"en-US"},{"@type":"Organization","@id":"https:\/\/spainfilmcommission.com\/en\/#organization","name":"Spain Film Commission","url":"https:\/\/spainfilmcommission.com\/en\/","logo":{"@type":"ImageObject","inLanguage":"en-US","@id":"https:\/\/spainfilmcommission.com\/en\/#\/schema\/logo\/image\/","url":"https:\/\/spainfilmcommission.com\/wp-content\/uploads\/2024\/07\/SPC_COLOR.png","contentUrl":"https:\/\/spainfilmcommission.com\/wp-content\/uploads\/2024\/07\/SPC_COLOR.png","width":1665,"height":1665,"caption":"Spain Film Commission"},"image":{"@id":"https:\/\/spainfilmcommission.com\/en\/#\/schema\/logo\/image\/"}},{"@type":"Person","@id":"https:\/\/spainfilmcommission.com\/en\/#\/schema\/person\/6c014ba6ceac198d178a6a9e61113c9d","name":"studio128k_dam","image":{"@type":"ImageObject","inLanguage":"en-US","@id":"https:\/\/secure.gravatar.com\/avatar\/810f99144a13522c24aa173f9cd8bf079d0e89758af00b5f2938443cd51b31e9?s=96&d=mm&r=g","url":"https:\/\/secure.gravatar.com\/avatar\/810f99144a13522c24aa173f9cd8bf079d0e89758af00b5f2938443cd51b31e9?s=96&d=mm&r=g","contentUrl":"https:\/\/secure.gravatar.com\/avatar\/810f99144a13522c24aa173f9cd8bf079d0e89758af00b5f2938443cd51b31e9?s=96&d=mm&r=g","caption":"studio128k_dam"}}]}},"_links":{"self":[{"href":"https:\/\/spainfilmcommission.com\/en\/wp-json\/wp\/v2\/posts\/8613","targetHints":{"allow":["GET"]}}],"collection":[{"href":"https:\/\/spainfilmcommission.com\/en\/wp-json\/wp\/v2\/posts"}],"about":[{"href":"https:\/\/spainfilmcommission.com\/en\/wp-json\/wp\/v2\/types\/post"}],"author":[{"embeddable":true,"href":"https:\/\/spainfilmcommission.com\/en\/wp-json\/wp\/v2\/users\/2"}],"replies":[{"embeddable":true,"href":"https:\/\/spainfilmcommission.com\/en\/wp-json\/wp\/v2\/comments?post=8613"}],"version-history":[{"count":0,"href":"https:\/\/spainfilmcommission.com\/en\/wp-json\/wp\/v2\/posts\/8613\/revisions"}],"wp:featuredmedia":[{"embeddable":true,"href":"https:\/\/spainfilmcommission.com\/en\/wp-json\/wp\/v2\/media\/8614"}],"wp:attachment":[{"href":"https:\/\/spainfilmcommission.com\/en\/wp-json\/wp\/v2\/media?parent=8613"}],"wp:term":[{"taxonomy":"category","embeddable":true,"href":"https:\/\/spainfilmcommission.com\/en\/wp-json\/wp\/v2\/categories?post=8613"},{"taxonomy":"post_tag","embeddable":true,"href":"https:\/\/spainfilmcommission.com\/en\/wp-json\/wp\/v2\/tags?post=8613"}],"curies":[{"name":"wp","href":"https:\/\/api.w.org\/{rel}","templated":true}]}}