{"id":8610,"date":"2022-04-08T00:00:00","date_gmt":"2022-04-07T22:00:00","guid":{"rendered":"https:\/\/sfc.com\/vigo-film-office-y-menorca-film-commission-se-incorporan-a-la-red-de-socios-spain-film-commission\/"},"modified":"2025-02-11T08:06:48","modified_gmt":"2025-02-11T07:06:48","slug":"vigo-film-office-y-menorca-film-commission-se-incorporan-a-la-red-de-socios-spain-film-commission","status":"publish","type":"post","link":"https:\/\/spainfilmcommission.com\/en\/blog\/vigo-film-office-y-menorca-film-commission-se-incorporan-a-la-red-de-socios-spain-film-commission\/","title":{"rendered":"Vigo Film Office y Menorca Film Commission se incorporan a la Red de Socios Spain Film Commission"},"content":{"rendered":"<p><span style=\"font-size:14px;\"><span style=\"font-family:arial, helvetica, sans-serif;\">Vigo Film Office y Menorca Film Commission se han incorporado recientemente a la Red\u00a0de Spain Film Commission. Actualmente\u00a0<strong>la red de oficinas de atenci\u00f3n a rodajes\u00a0cuenta con 32 socios\u00a0<\/strong>en todo el territorio nacional\u00a0y contin\u00faa en expansi\u00f3n.\u00a0<\/span><\/span><\/p>\n<h3>Vigo, mil y un espacios para el cine<\/h3>\n<p><span style=\"font-size:14px;\"><span style=\"font-family:arial, helvetica, sans-serif;\">La ciudad de Vigo posee un rico patrimonio hist\u00f3rico, cultural y, por supuesto, natural, ideal para el rodaje de cualquier tipo de producci\u00f3n audiovisual. Vigo y sus alrededores han convencido a grandes directores a lo largo de la historia para elegir esta ciudad como escenario de sus rodajes. Pel\u00edculas como &#8220;Los lunes al sol&#8221;, &#8220;Mi querida se\u00f1orita&#8221;, &#8220;Hero\u00edna&#8221; o &#8220;Toro&#8221;, entre muchas otras, han sido rodadas total o parcialmente en la ciudad.<\/span><\/span><\/p>\n<p><span style=\"font-size:14px;\"><span style=\"font-family:arial, helvetica, sans-serif;\"><a href=\"http:\/\/www.vigofilmoffice.com\/\" target=\"_blank\">Vigo Film Office\u00a0<\/a>(VFO) es un departamento de la Fundaci\u00f3n Vigo Convention Bureau, entidad sin \u00e1nimo de lucro, que tiene como misi\u00f3n promocionar la ciudad como escenario de rodaje de producciones audiovisuales, asistir a las productoras y profesionales que elijan Vigo para realizar sus trabajos, apoyar al sector audiovisual vigu\u00e9s y estimular la inversi\u00f3n y el desarrollo local.\u00a0<\/span><\/span><\/p>\n<h3>Menorca, el set de rodaje perfecto<\/h3>\n<p><span style=\"font-size:14px;\"><span style=\"font-family:arial, helvetica, sans-serif;\">Desde playas de ensue\u00f1o hasta fortalezas militares, pasando por palacios se\u00f1oriales, yacimientos arqueol\u00f3gicos y pueblos con car\u00e1cter mediterr\u00e1neo. Un territorio peque\u00f1o como Menorca condensa una gran cantidad de escenarios y localizaciones perfectos para todo tipo de producciones audiovisuales y cinematogr\u00e1ficas.<\/span><\/span><\/p>\n<p><span style=\"font-size:14px;\"><span style=\"font-family:arial, helvetica, sans-serif;\">Rodar en Menorca permite ahorrar tiempo debido a las distancias cortas, disfrutar de un clima suave con m\u00e1s de 300 d\u00edas de sol al a\u00f1o y poder escoger entre una interesante oferta de servicios de producci\u00f3n. Series de televisi\u00f3n, spots publicitarios, documentales y largometrajes han encontrado en Menorca el set de rodaje perfecto, contribuyendo al crecimiento del sector audiovisual de la isla.<\/span><\/span><\/p>\n<p><span style=\"font-size:14px;\"><span style=\"font-family:arial, helvetica, sans-serif;\"><a href=\"https:\/\/www.menorca.es\/Contingut.aspx?idpub=14516\" target=\"_blank\">Menorca Film Commission<\/a>\u00a0ofrece un servicio p\u00fablico y gratuito por parte de la la Fundaci\u00f3 Foment del Turisme de Menorca, que promueve y facilita los rodajes en la isla. La Menorca Film Commission ofrece asesoramiento a productoras y profesionales, act\u00faa como intermediaria con las administraciones que gestionan los distintos espacios e impulsa la proyecci\u00f3n exterior de las producciones baleares.<\/span><\/span><\/p>\n<h3 style=\"font-weight:600;line-height:1.1;font-family:Arial, sans-serif;color:rgb(225,11,19);margin-top:20px;margin-bottom:10px;font-size:12px;text-transform:uppercase;text-align:justify;\"><span style=\"font-family:tahoma, geneva, sans-serif;\"><span style=\"font-size:14px;\">#SHOOTINGINSPAIN\u00a0#WHEREYOURPROJECTSCOMETRUE\u00a0\u00a0<span class=\"r-18u37iz\">#SPAINAVSHUB<\/span><\/span><\/span><\/h3>\n<p>\u00a0<\/p>\n<p>\u00a0<\/p>\n<p>\u00a0<\/p>\n<p>\u00a0<\/p>\n<p>\u00a0<\/p>\n","protected":false},"excerpt":{"rendered":"<p>Vigo Film Office y Menorca Film Commission se han incorporado recientemente a la Red\u00a0de Spain Film Commission. Actualmente\u00a0la red de oficinas de atenci\u00f3n a rodajes\u00a0cuenta con 32 socios\u00a0en todo el [&hellip;]<\/p>\n","protected":false},"author":2,"featured_media":8611,"comment_status":"closed","ping_status":"","sticky":false,"template":"","format":"standard","meta":{"footnotes":""},"categories":[38],"tags":[],"class_list":["post-8610","post","type-post","status-publish","format-standard","has-post-thumbnail","hentry","category-noticias"],"yoast_head":"<!-- This site is optimized with the Yoast SEO plugin v27.3 - https:\/\/yoast.com\/product\/yoast-seo-wordpress\/ -->\n<title>Vigo Film Office y Menorca Film Commission se incorporan a la Red de Socios Spain Film Commission - Spain Film Commission<\/title>\n<meta name=\"robots\" content=\"index, follow, max-snippet:-1, max-image-preview:large, max-video-preview:-1\" \/>\n<link rel=\"canonical\" href=\"https:\/\/spainfilmcommission.com\/en\/blog\/vigo-film-office-y-menorca-film-commission-se-incorporan-a-la-red-de-socios-spain-film-commission\/\" \/>\n<meta property=\"og:locale\" content=\"en_US\" \/>\n<meta property=\"og:type\" content=\"article\" \/>\n<meta property=\"og:title\" content=\"Vigo Film Office y Menorca Film Commission se incorporan a la Red de Socios Spain Film Commission - Spain Film Commission\" \/>\n<meta property=\"og:description\" content=\"Vigo Film Office y Menorca Film Commission se han incorporado recientemente a la Red\u00a0de Spain Film Commission. Actualmente\u00a0la red de oficinas de atenci\u00f3n a rodajes\u00a0cuenta con 32 socios\u00a0en todo el [&hellip;]\" \/>\n<meta property=\"og:url\" content=\"https:\/\/spainfilmcommission.com\/en\/blog\/vigo-film-office-y-menorca-film-commission-se-incorporan-a-la-red-de-socios-spain-film-commission\/\" \/>\n<meta property=\"og:site_name\" content=\"Spain Film Commission\" \/>\n<meta property=\"article:published_time\" content=\"2022-04-07T22:00:00+00:00\" \/>\n<meta property=\"article:modified_time\" content=\"2025-02-11T07:06:48+00:00\" \/>\n<meta property=\"og:image\" content=\"https:\/\/spainfilmcommission.com\/wp-content\/uploads\/2024\/11\/vigo-film-office-y-menorca-film-commission-se-incorporan-a-la-red-de-socios-spain-film-commission-257.jpg\" \/>\n\t<meta property=\"og:image:width\" content=\"1170\" \/>\n\t<meta property=\"og:image:height\" content=\"658\" \/>\n\t<meta property=\"og:image:type\" content=\"image\/jpeg\" \/>\n<meta name=\"author\" content=\"studio128k_dam\" \/>\n<meta name=\"twitter:card\" content=\"summary_large_image\" \/>\n<meta name=\"twitter:label1\" content=\"Written by\" \/>\n\t<meta name=\"twitter:data1\" content=\"studio128k_dam\" \/>\n\t<meta name=\"twitter:label2\" content=\"Est. reading time\" \/>\n\t<meta name=\"twitter:data2\" content=\"2 minutes\" \/>\n<script type=\"application\/ld+json\" class=\"yoast-schema-graph\">{\"@context\":\"https:\\\/\\\/schema.org\",\"@graph\":[{\"@type\":\"Article\",\"@id\":\"https:\\\/\\\/spainfilmcommission.com\\\/en\\\/blog\\\/vigo-film-office-y-menorca-film-commission-se-incorporan-a-la-red-de-socios-spain-film-commission\\\/#article\",\"isPartOf\":{\"@id\":\"https:\\\/\\\/spainfilmcommission.com\\\/en\\\/blog\\\/vigo-film-office-y-menorca-film-commission-se-incorporan-a-la-red-de-socios-spain-film-commission\\\/\"},\"author\":{\"name\":\"studio128k_dam\",\"@id\":\"https:\\\/\\\/spainfilmcommission.com\\\/en\\\/#\\\/schema\\\/person\\\/6c014ba6ceac198d178a6a9e61113c9d\"},\"headline\":\"Vigo Film Office y Menorca Film Commission se incorporan a la Red de Socios Spain Film Commission\",\"datePublished\":\"2022-04-07T22:00:00+00:00\",\"dateModified\":\"2025-02-11T07:06:48+00:00\",\"mainEntityOfPage\":{\"@id\":\"https:\\\/\\\/spainfilmcommission.com\\\/en\\\/blog\\\/vigo-film-office-y-menorca-film-commission-se-incorporan-a-la-red-de-socios-spain-film-commission\\\/\"},\"wordCount\":390,\"publisher\":{\"@id\":\"https:\\\/\\\/spainfilmcommission.com\\\/en\\\/#organization\"},\"image\":{\"@id\":\"https:\\\/\\\/spainfilmcommission.com\\\/en\\\/blog\\\/vigo-film-office-y-menorca-film-commission-se-incorporan-a-la-red-de-socios-spain-film-commission\\\/#primaryimage\"},\"thumbnailUrl\":\"https:\\\/\\\/spainfilmcommission.com\\\/wp-content\\\/uploads\\\/2024\\\/11\\\/vigo-film-office-y-menorca-film-commission-se-incorporan-a-la-red-de-socios-spain-film-commission-257.jpg\",\"articleSection\":[\"Noticias\"],\"inLanguage\":\"en-US\"},{\"@type\":\"WebPage\",\"@id\":\"https:\\\/\\\/spainfilmcommission.com\\\/en\\\/blog\\\/vigo-film-office-y-menorca-film-commission-se-incorporan-a-la-red-de-socios-spain-film-commission\\\/\",\"url\":\"https:\\\/\\\/spainfilmcommission.com\\\/en\\\/blog\\\/vigo-film-office-y-menorca-film-commission-se-incorporan-a-la-red-de-socios-spain-film-commission\\\/\",\"name\":\"Vigo Film Office y Menorca Film Commission se incorporan a la Red de Socios Spain Film Commission - Spain Film Commission\",\"isPartOf\":{\"@id\":\"https:\\\/\\\/spainfilmcommission.com\\\/en\\\/#website\"},\"primaryImageOfPage\":{\"@id\":\"https:\\\/\\\/spainfilmcommission.com\\\/en\\\/blog\\\/vigo-film-office-y-menorca-film-commission-se-incorporan-a-la-red-de-socios-spain-film-commission\\\/#primaryimage\"},\"image\":{\"@id\":\"https:\\\/\\\/spainfilmcommission.com\\\/en\\\/blog\\\/vigo-film-office-y-menorca-film-commission-se-incorporan-a-la-red-de-socios-spain-film-commission\\\/#primaryimage\"},\"thumbnailUrl\":\"https:\\\/\\\/spainfilmcommission.com\\\/wp-content\\\/uploads\\\/2024\\\/11\\\/vigo-film-office-y-menorca-film-commission-se-incorporan-a-la-red-de-socios-spain-film-commission-257.jpg\",\"datePublished\":\"2022-04-07T22:00:00+00:00\",\"dateModified\":\"2025-02-11T07:06:48+00:00\",\"breadcrumb\":{\"@id\":\"https:\\\/\\\/spainfilmcommission.com\\\/en\\\/blog\\\/vigo-film-office-y-menorca-film-commission-se-incorporan-a-la-red-de-socios-spain-film-commission\\\/#breadcrumb\"},\"inLanguage\":\"en-US\",\"potentialAction\":[{\"@type\":\"ReadAction\",\"target\":[\"https:\\\/\\\/spainfilmcommission.com\\\/en\\\/blog\\\/vigo-film-office-y-menorca-film-commission-se-incorporan-a-la-red-de-socios-spain-film-commission\\\/\"]}]},{\"@type\":\"ImageObject\",\"inLanguage\":\"en-US\",\"@id\":\"https:\\\/\\\/spainfilmcommission.com\\\/en\\\/blog\\\/vigo-film-office-y-menorca-film-commission-se-incorporan-a-la-red-de-socios-spain-film-commission\\\/#primaryimage\",\"url\":\"https:\\\/\\\/spainfilmcommission.com\\\/wp-content\\\/uploads\\\/2024\\\/11\\\/vigo-film-office-y-menorca-film-commission-se-incorporan-a-la-red-de-socios-spain-film-commission-257.jpg\",\"contentUrl\":\"https:\\\/\\\/spainfilmcommission.com\\\/wp-content\\\/uploads\\\/2024\\\/11\\\/vigo-film-office-y-menorca-film-commission-se-incorporan-a-la-red-de-socios-spain-film-commission-257.jpg\",\"width\":1170,\"height\":658},{\"@type\":\"BreadcrumbList\",\"@id\":\"https:\\\/\\\/spainfilmcommission.com\\\/en\\\/blog\\\/vigo-film-office-y-menorca-film-commission-se-incorporan-a-la-red-de-socios-spain-film-commission\\\/#breadcrumb\",\"itemListElement\":[{\"@type\":\"ListItem\",\"position\":1,\"name\":\"Portada\",\"item\":\"https:\\\/\\\/spainfilmcommission.com\\\/en\\\/\"},{\"@type\":\"ListItem\",\"position\":2,\"name\":\"Vigo Film Office y Menorca Film Commission se incorporan a la Red de Socios Spain Film Commission\"}]},{\"@type\":\"WebSite\",\"@id\":\"https:\\\/\\\/spainfilmcommission.com\\\/en\\\/#website\",\"url\":\"https:\\\/\\\/spainfilmcommission.com\\\/en\\\/\",\"name\":\"Spain Film Commission\",\"description\":\"\",\"publisher\":{\"@id\":\"https:\\\/\\\/spainfilmcommission.com\\\/en\\\/#organization\"},\"potentialAction\":[{\"@type\":\"SearchAction\",\"target\":{\"@type\":\"EntryPoint\",\"urlTemplate\":\"https:\\\/\\\/spainfilmcommission.com\\\/en\\\/?s={search_term_string}\"},\"query-input\":{\"@type\":\"PropertyValueSpecification\",\"valueRequired\":true,\"valueName\":\"search_term_string\"}}],\"inLanguage\":\"en-US\"},{\"@type\":\"Organization\",\"@id\":\"https:\\\/\\\/spainfilmcommission.com\\\/en\\\/#organization\",\"name\":\"Spain Film Commission\",\"url\":\"https:\\\/\\\/spainfilmcommission.com\\\/en\\\/\",\"logo\":{\"@type\":\"ImageObject\",\"inLanguage\":\"en-US\",\"@id\":\"https:\\\/\\\/spainfilmcommission.com\\\/en\\\/#\\\/schema\\\/logo\\\/image\\\/\",\"url\":\"https:\\\/\\\/spainfilmcommission.com\\\/wp-content\\\/uploads\\\/2024\\\/07\\\/SPC_COLOR.png\",\"contentUrl\":\"https:\\\/\\\/spainfilmcommission.com\\\/wp-content\\\/uploads\\\/2024\\\/07\\\/SPC_COLOR.png\",\"width\":1665,\"height\":1665,\"caption\":\"Spain Film Commission\"},\"image\":{\"@id\":\"https:\\\/\\\/spainfilmcommission.com\\\/en\\\/#\\\/schema\\\/logo\\\/image\\\/\"}},{\"@type\":\"Person\",\"@id\":\"https:\\\/\\\/spainfilmcommission.com\\\/en\\\/#\\\/schema\\\/person\\\/6c014ba6ceac198d178a6a9e61113c9d\",\"name\":\"studio128k_dam\",\"image\":{\"@type\":\"ImageObject\",\"inLanguage\":\"en-US\",\"@id\":\"https:\\\/\\\/secure.gravatar.com\\\/avatar\\\/810f99144a13522c24aa173f9cd8bf079d0e89758af00b5f2938443cd51b31e9?s=96&d=mm&r=g\",\"url\":\"https:\\\/\\\/secure.gravatar.com\\\/avatar\\\/810f99144a13522c24aa173f9cd8bf079d0e89758af00b5f2938443cd51b31e9?s=96&d=mm&r=g\",\"contentUrl\":\"https:\\\/\\\/secure.gravatar.com\\\/avatar\\\/810f99144a13522c24aa173f9cd8bf079d0e89758af00b5f2938443cd51b31e9?s=96&d=mm&r=g\",\"caption\":\"studio128k_dam\"}}]}<\/script>\n<!-- \/ Yoast SEO plugin. -->","yoast_head_json":{"title":"Vigo Film Office y Menorca Film Commission se incorporan a la Red de Socios Spain Film Commission - Spain Film Commission","robots":{"index":"index","follow":"follow","max-snippet":"max-snippet:-1","max-image-preview":"max-image-preview:large","max-video-preview":"max-video-preview:-1"},"canonical":"https:\/\/spainfilmcommission.com\/en\/blog\/vigo-film-office-y-menorca-film-commission-se-incorporan-a-la-red-de-socios-spain-film-commission\/","og_locale":"en_US","og_type":"article","og_title":"Vigo Film Office y Menorca Film Commission se incorporan a la Red de Socios Spain Film Commission - Spain Film Commission","og_description":"Vigo Film Office y Menorca Film Commission se han incorporado recientemente a la Red\u00a0de Spain Film Commission. Actualmente\u00a0la red de oficinas de atenci\u00f3n a rodajes\u00a0cuenta con 32 socios\u00a0en todo el [&hellip;]","og_url":"https:\/\/spainfilmcommission.com\/en\/blog\/vigo-film-office-y-menorca-film-commission-se-incorporan-a-la-red-de-socios-spain-film-commission\/","og_site_name":"Spain Film Commission","article_published_time":"2022-04-07T22:00:00+00:00","article_modified_time":"2025-02-11T07:06:48+00:00","og_image":[{"width":1170,"height":658,"url":"https:\/\/spainfilmcommission.com\/wp-content\/uploads\/2024\/11\/vigo-film-office-y-menorca-film-commission-se-incorporan-a-la-red-de-socios-spain-film-commission-257.jpg","type":"image\/jpeg"}],"author":"studio128k_dam","twitter_card":"summary_large_image","twitter_misc":{"Written by":"studio128k_dam","Est. reading time":"2 minutes"},"schema":{"@context":"https:\/\/schema.org","@graph":[{"@type":"Article","@id":"https:\/\/spainfilmcommission.com\/en\/blog\/vigo-film-office-y-menorca-film-commission-se-incorporan-a-la-red-de-socios-spain-film-commission\/#article","isPartOf":{"@id":"https:\/\/spainfilmcommission.com\/en\/blog\/vigo-film-office-y-menorca-film-commission-se-incorporan-a-la-red-de-socios-spain-film-commission\/"},"author":{"name":"studio128k_dam","@id":"https:\/\/spainfilmcommission.com\/en\/#\/schema\/person\/6c014ba6ceac198d178a6a9e61113c9d"},"headline":"Vigo Film Office y Menorca Film Commission se incorporan a la Red de Socios Spain Film Commission","datePublished":"2022-04-07T22:00:00+00:00","dateModified":"2025-02-11T07:06:48+00:00","mainEntityOfPage":{"@id":"https:\/\/spainfilmcommission.com\/en\/blog\/vigo-film-office-y-menorca-film-commission-se-incorporan-a-la-red-de-socios-spain-film-commission\/"},"wordCount":390,"publisher":{"@id":"https:\/\/spainfilmcommission.com\/en\/#organization"},"image":{"@id":"https:\/\/spainfilmcommission.com\/en\/blog\/vigo-film-office-y-menorca-film-commission-se-incorporan-a-la-red-de-socios-spain-film-commission\/#primaryimage"},"thumbnailUrl":"https:\/\/spainfilmcommission.com\/wp-content\/uploads\/2024\/11\/vigo-film-office-y-menorca-film-commission-se-incorporan-a-la-red-de-socios-spain-film-commission-257.jpg","articleSection":["Noticias"],"inLanguage":"en-US"},{"@type":"WebPage","@id":"https:\/\/spainfilmcommission.com\/en\/blog\/vigo-film-office-y-menorca-film-commission-se-incorporan-a-la-red-de-socios-spain-film-commission\/","url":"https:\/\/spainfilmcommission.com\/en\/blog\/vigo-film-office-y-menorca-film-commission-se-incorporan-a-la-red-de-socios-spain-film-commission\/","name":"Vigo Film Office y Menorca Film Commission se incorporan a la Red de Socios Spain Film Commission - Spain Film Commission","isPartOf":{"@id":"https:\/\/spainfilmcommission.com\/en\/#website"},"primaryImageOfPage":{"@id":"https:\/\/spainfilmcommission.com\/en\/blog\/vigo-film-office-y-menorca-film-commission-se-incorporan-a-la-red-de-socios-spain-film-commission\/#primaryimage"},"image":{"@id":"https:\/\/spainfilmcommission.com\/en\/blog\/vigo-film-office-y-menorca-film-commission-se-incorporan-a-la-red-de-socios-spain-film-commission\/#primaryimage"},"thumbnailUrl":"https:\/\/spainfilmcommission.com\/wp-content\/uploads\/2024\/11\/vigo-film-office-y-menorca-film-commission-se-incorporan-a-la-red-de-socios-spain-film-commission-257.jpg","datePublished":"2022-04-07T22:00:00+00:00","dateModified":"2025-02-11T07:06:48+00:00","breadcrumb":{"@id":"https:\/\/spainfilmcommission.com\/en\/blog\/vigo-film-office-y-menorca-film-commission-se-incorporan-a-la-red-de-socios-spain-film-commission\/#breadcrumb"},"inLanguage":"en-US","potentialAction":[{"@type":"ReadAction","target":["https:\/\/spainfilmcommission.com\/en\/blog\/vigo-film-office-y-menorca-film-commission-se-incorporan-a-la-red-de-socios-spain-film-commission\/"]}]},{"@type":"ImageObject","inLanguage":"en-US","@id":"https:\/\/spainfilmcommission.com\/en\/blog\/vigo-film-office-y-menorca-film-commission-se-incorporan-a-la-red-de-socios-spain-film-commission\/#primaryimage","url":"https:\/\/spainfilmcommission.com\/wp-content\/uploads\/2024\/11\/vigo-film-office-y-menorca-film-commission-se-incorporan-a-la-red-de-socios-spain-film-commission-257.jpg","contentUrl":"https:\/\/spainfilmcommission.com\/wp-content\/uploads\/2024\/11\/vigo-film-office-y-menorca-film-commission-se-incorporan-a-la-red-de-socios-spain-film-commission-257.jpg","width":1170,"height":658},{"@type":"BreadcrumbList","@id":"https:\/\/spainfilmcommission.com\/en\/blog\/vigo-film-office-y-menorca-film-commission-se-incorporan-a-la-red-de-socios-spain-film-commission\/#breadcrumb","itemListElement":[{"@type":"ListItem","position":1,"name":"Portada","item":"https:\/\/spainfilmcommission.com\/en\/"},{"@type":"ListItem","position":2,"name":"Vigo Film Office y Menorca Film Commission se incorporan a la Red de Socios Spain Film Commission"}]},{"@type":"WebSite","@id":"https:\/\/spainfilmcommission.com\/en\/#website","url":"https:\/\/spainfilmcommission.com\/en\/","name":"Spain Film Commission","description":"","publisher":{"@id":"https:\/\/spainfilmcommission.com\/en\/#organization"},"potentialAction":[{"@type":"SearchAction","target":{"@type":"EntryPoint","urlTemplate":"https:\/\/spainfilmcommission.com\/en\/?s={search_term_string}"},"query-input":{"@type":"PropertyValueSpecification","valueRequired":true,"valueName":"search_term_string"}}],"inLanguage":"en-US"},{"@type":"Organization","@id":"https:\/\/spainfilmcommission.com\/en\/#organization","name":"Spain Film Commission","url":"https:\/\/spainfilmcommission.com\/en\/","logo":{"@type":"ImageObject","inLanguage":"en-US","@id":"https:\/\/spainfilmcommission.com\/en\/#\/schema\/logo\/image\/","url":"https:\/\/spainfilmcommission.com\/wp-content\/uploads\/2024\/07\/SPC_COLOR.png","contentUrl":"https:\/\/spainfilmcommission.com\/wp-content\/uploads\/2024\/07\/SPC_COLOR.png","width":1665,"height":1665,"caption":"Spain Film Commission"},"image":{"@id":"https:\/\/spainfilmcommission.com\/en\/#\/schema\/logo\/image\/"}},{"@type":"Person","@id":"https:\/\/spainfilmcommission.com\/en\/#\/schema\/person\/6c014ba6ceac198d178a6a9e61113c9d","name":"studio128k_dam","image":{"@type":"ImageObject","inLanguage":"en-US","@id":"https:\/\/secure.gravatar.com\/avatar\/810f99144a13522c24aa173f9cd8bf079d0e89758af00b5f2938443cd51b31e9?s=96&d=mm&r=g","url":"https:\/\/secure.gravatar.com\/avatar\/810f99144a13522c24aa173f9cd8bf079d0e89758af00b5f2938443cd51b31e9?s=96&d=mm&r=g","contentUrl":"https:\/\/secure.gravatar.com\/avatar\/810f99144a13522c24aa173f9cd8bf079d0e89758af00b5f2938443cd51b31e9?s=96&d=mm&r=g","caption":"studio128k_dam"}}]}},"_links":{"self":[{"href":"https:\/\/spainfilmcommission.com\/en\/wp-json\/wp\/v2\/posts\/8610","targetHints":{"allow":["GET"]}}],"collection":[{"href":"https:\/\/spainfilmcommission.com\/en\/wp-json\/wp\/v2\/posts"}],"about":[{"href":"https:\/\/spainfilmcommission.com\/en\/wp-json\/wp\/v2\/types\/post"}],"author":[{"embeddable":true,"href":"https:\/\/spainfilmcommission.com\/en\/wp-json\/wp\/v2\/users\/2"}],"replies":[{"embeddable":true,"href":"https:\/\/spainfilmcommission.com\/en\/wp-json\/wp\/v2\/comments?post=8610"}],"version-history":[{"count":0,"href":"https:\/\/spainfilmcommission.com\/en\/wp-json\/wp\/v2\/posts\/8610\/revisions"}],"wp:featuredmedia":[{"embeddable":true,"href":"https:\/\/spainfilmcommission.com\/en\/wp-json\/wp\/v2\/media\/8611"}],"wp:attachment":[{"href":"https:\/\/spainfilmcommission.com\/en\/wp-json\/wp\/v2\/media?parent=8610"}],"wp:term":[{"taxonomy":"category","embeddable":true,"href":"https:\/\/spainfilmcommission.com\/en\/wp-json\/wp\/v2\/categories?post=8610"},{"taxonomy":"post_tag","embeddable":true,"href":"https:\/\/spainfilmcommission.com\/en\/wp-json\/wp\/v2\/tags?post=8610"}],"curies":[{"name":"wp","href":"https:\/\/api.w.org\/{rel}","templated":true}]}}