{"id":8607,"date":"2022-03-29T00:00:00","date_gmt":"2022-03-28T22:00:00","guid":{"rendered":"https:\/\/sfc.com\/spain-film-commission-participa-del-evento-espanaplatodeeuropa\/"},"modified":"2025-02-11T08:06:48","modified_gmt":"2025-02-11T07:06:48","slug":"spain-film-commission-participa-del-evento-espanaplatodeeuropa","status":"publish","type":"post","link":"https:\/\/spainfilmcommission.com\/en\/blog\/spain-film-commission-participa-del-evento-espanaplatodeeuropa\/","title":{"rendered":"Spain Film Commission participa del evento #Espa\u00f1aPlat\u00f3DeEuropa"},"content":{"rendered":"<div class=\"default-style\" style=\"color:rgb(0,0,0);font-family:'-apple-system', BlinkMacSystemFont, 'Helvetica Neue', 'Segoe UI', Arial, sans-serif, 'Apple Color Emoji', 'Segoe UI Emoji', 'Segoe UI Symbol';text-align:justify;\"><span style=\"font-size:14px;\"><span style=\"font-family:arial, helvetica, sans-serif;\">El pr\u00f3ximo jueves 31, a partir de las 18 hs, Spain Film Commission participar\u00e1 del evento Next Spain,<strong>\u00a0#Espa\u00f1aPlatodeEuropa<\/strong>\u00a0 en el Auditorio de Secuoya Studios, donde analizaremos junto a los principales actores de la industria audiovisual, c\u00f3mo nuestro pa\u00eds se ha convertido en un destino preferente para rodajes nacionales e internacionales.<\/span><\/span><\/div>\n<div class=\"default-style\" style=\"color:rgb(0,0,0);font-family:'-apple-system', BlinkMacSystemFont, 'Helvetica Neue', 'Segoe UI', Arial, sans-serif, 'Apple Color Emoji', 'Segoe UI Emoji', 'Segoe UI Symbol';text-align:justify;\">\u00a0<\/div>\n<div class=\"default-style\" style=\"color:rgb(0,0,0);font-family:'-apple-system', BlinkMacSystemFont, 'Helvetica Neue', 'Segoe UI', Arial, sans-serif, 'Apple Color Emoji', 'Segoe UI Emoji', 'Segoe UI Symbol';text-align:justify;\"><span style=\"font-size:14px;\"><span style=\"font-family:arial, helvetica, sans-serif;\">Carlos Rosado intervendr\u00e1 a las 19.15 hs en la conversaci\u00f3n, denominada &#8220;FINANCIACI\u00d3N y FORMACI\u00d3N: Hablamos de incentivos fiscales y de lo que cuesta levantar una producci\u00f3n.&#8221;<br \/>\nCon Mariano Barroso, Presidente de la Academia de Cine; Gonzalo Salazar&#8211;Simpson, Productor y director de la ECAM y Pilar Benito, CEO Morena Films.<\/span><\/span><\/div>\n<div class=\"default-style\" style=\"color:rgb(0,0,0);font-family:'-apple-system', BlinkMacSystemFont, 'Helvetica Neue', 'Segoe UI', Arial, sans-serif, 'Apple Color Emoji', 'Segoe UI Emoji', 'Segoe UI Symbol';text-align:justify;\">\u00a0<\/div>\n<div class=\"default-style\" style=\"color:rgb(0,0,0);font-family:'-apple-system', BlinkMacSystemFont, 'Helvetica Neue', 'Segoe UI', Arial, sans-serif, 'Apple Color Emoji', 'Segoe UI Emoji', 'Segoe UI Symbol';text-align:justify;\"><span style=\"font-size:14px;\"><span style=\"font-family:arial, helvetica, sans-serif;\">El evento podr\u00e1 visionarse el jueves desde las 18 hs <a href=\"https:\/\/live.vocentoeventos.com\/nextspain\/\" target=\"_blank\">aqu\u00ed<\/a><\/span><\/span><\/div>\n<div class=\"default-style\" style=\"color:rgb(0,0,0);font-family:'-apple-system', BlinkMacSystemFont, 'Helvetica Neue', 'Segoe UI', Arial, sans-serif, 'Apple Color Emoji', 'Segoe UI Emoji', 'Segoe UI Symbol';\">\u00a0<\/div>\n<div class=\"default-style\" style=\"color:rgb(0,0,0);font-family:'-apple-system', BlinkMacSystemFont, 'Helvetica Neue', 'Segoe UI', Arial, sans-serif, 'Apple Color Emoji', 'Segoe UI Emoji', 'Segoe UI Symbol';\">\n<h3 style=\"font-family:Arial, sans-serif;font-weight:600;line-height:1.1;color:rgb(225,11,19);margin-top:20px;margin-bottom:10px;font-size:12px;text-transform:uppercase;text-align:justify;\"><span style=\"font-size:16px;\">#SHOOTINGINSPAIN<\/span><\/h3>\n<h3 style=\"font-family:Arial, sans-serif;font-weight:600;line-height:1.1;color:rgb(225,11,19);margin-top:20px;margin-bottom:10px;font-size:12px;text-transform:uppercase;text-align:justify;\"><span style=\"font-size:16px;\">#WHEREYOURPROJECTSCOMETRUE<\/span><\/h3>\n<h3 style=\"font-family:Arial, sans-serif;font-weight:600;line-height:1.1;color:rgb(225,11,19);margin-top:20px;margin-bottom:10px;font-size:12px;text-transform:uppercase;text-align:justify;\"><span style=\"font-size:16px;\">#SPAINAVHUB\u00a0<\/span><\/h3>\n<div style=\"font-family:'Fira Sans', sans-serif;font-size:15px;\">\u00a0<\/div>\n<\/div>\n","protected":false},"excerpt":{"rendered":"<p>El pr\u00f3ximo jueves 31, a partir de las 18 hs, Spain Film Commission participar\u00e1 del evento Next Spain,\u00a0#Espa\u00f1aPlatodeEuropa\u00a0 en el Auditorio de Secuoya Studios, donde analizaremos junto a los principales [&hellip;]<\/p>\n","protected":false},"author":2,"featured_media":8608,"comment_status":"closed","ping_status":"","sticky":false,"template":"","format":"standard","meta":{"footnotes":""},"categories":[38],"tags":[],"class_list":["post-8607","post","type-post","status-publish","format-standard","has-post-thumbnail","hentry","category-noticias"],"yoast_head":"<!-- This site is optimized with the Yoast SEO plugin v27.3 - https:\/\/yoast.com\/product\/yoast-seo-wordpress\/ -->\n<title>Spain Film Commission participa del evento #Espa\u00f1aPlat\u00f3DeEuropa - Spain Film Commission<\/title>\n<meta name=\"robots\" content=\"index, follow, max-snippet:-1, max-image-preview:large, max-video-preview:-1\" \/>\n<link rel=\"canonical\" href=\"https:\/\/spainfilmcommission.com\/en\/blog\/spain-film-commission-participa-del-evento-espanaplatodeeuropa\/\" \/>\n<meta property=\"og:locale\" content=\"en_US\" \/>\n<meta property=\"og:type\" content=\"article\" \/>\n<meta property=\"og:title\" content=\"Spain Film Commission participa del evento #Espa\u00f1aPlat\u00f3DeEuropa - Spain Film Commission\" \/>\n<meta property=\"og:description\" content=\"El pr\u00f3ximo jueves 31, a partir de las 18 hs, Spain Film Commission participar\u00e1 del evento Next Spain,\u00a0#Espa\u00f1aPlatodeEuropa\u00a0 en el Auditorio de Secuoya Studios, donde analizaremos junto a los principales [&hellip;]\" \/>\n<meta property=\"og:url\" content=\"https:\/\/spainfilmcommission.com\/en\/blog\/spain-film-commission-participa-del-evento-espanaplatodeeuropa\/\" \/>\n<meta property=\"og:site_name\" content=\"Spain Film Commission\" \/>\n<meta property=\"article:published_time\" content=\"2022-03-28T22:00:00+00:00\" \/>\n<meta property=\"article:modified_time\" content=\"2025-02-11T07:06:48+00:00\" \/>\n<meta property=\"og:image\" content=\"https:\/\/spainfilmcommission.com\/wp-content\/uploads\/2024\/11\/spain-film-commission-participa-del-evento-espanaplatodeeuropa-256.jpg\" \/>\n\t<meta property=\"og:image:width\" content=\"1024\" \/>\n\t<meta property=\"og:image:height\" content=\"512\" \/>\n\t<meta property=\"og:image:type\" content=\"image\/jpeg\" \/>\n<meta name=\"author\" content=\"studio128k_dam\" \/>\n<meta name=\"twitter:card\" content=\"summary_large_image\" \/>\n<meta name=\"twitter:label1\" content=\"Written by\" \/>\n\t<meta name=\"twitter:data1\" content=\"studio128k_dam\" \/>\n\t<meta name=\"twitter:label2\" content=\"Est. reading time\" \/>\n\t<meta name=\"twitter:data2\" content=\"1 minute\" \/>\n<script type=\"application\/ld+json\" class=\"yoast-schema-graph\">{\"@context\":\"https:\\\/\\\/schema.org\",\"@graph\":[{\"@type\":\"Article\",\"@id\":\"https:\\\/\\\/spainfilmcommission.com\\\/en\\\/blog\\\/spain-film-commission-participa-del-evento-espanaplatodeeuropa\\\/#article\",\"isPartOf\":{\"@id\":\"https:\\\/\\\/spainfilmcommission.com\\\/en\\\/blog\\\/spain-film-commission-participa-del-evento-espanaplatodeeuropa\\\/\"},\"author\":{\"name\":\"studio128k_dam\",\"@id\":\"https:\\\/\\\/spainfilmcommission.com\\\/en\\\/#\\\/schema\\\/person\\\/6c014ba6ceac198d178a6a9e61113c9d\"},\"headline\":\"Spain Film Commission participa del evento #Espa\u00f1aPlat\u00f3DeEuropa\",\"datePublished\":\"2022-03-28T22:00:00+00:00\",\"dateModified\":\"2025-02-11T07:06:48+00:00\",\"mainEntityOfPage\":{\"@id\":\"https:\\\/\\\/spainfilmcommission.com\\\/en\\\/blog\\\/spain-film-commission-participa-del-evento-espanaplatodeeuropa\\\/\"},\"wordCount\":128,\"publisher\":{\"@id\":\"https:\\\/\\\/spainfilmcommission.com\\\/en\\\/#organization\"},\"image\":{\"@id\":\"https:\\\/\\\/spainfilmcommission.com\\\/en\\\/blog\\\/spain-film-commission-participa-del-evento-espanaplatodeeuropa\\\/#primaryimage\"},\"thumbnailUrl\":\"https:\\\/\\\/spainfilmcommission.com\\\/wp-content\\\/uploads\\\/2024\\\/11\\\/spain-film-commission-participa-del-evento-espanaplatodeeuropa-256.jpg\",\"articleSection\":[\"Noticias\"],\"inLanguage\":\"en-US\"},{\"@type\":\"WebPage\",\"@id\":\"https:\\\/\\\/spainfilmcommission.com\\\/en\\\/blog\\\/spain-film-commission-participa-del-evento-espanaplatodeeuropa\\\/\",\"url\":\"https:\\\/\\\/spainfilmcommission.com\\\/en\\\/blog\\\/spain-film-commission-participa-del-evento-espanaplatodeeuropa\\\/\",\"name\":\"Spain Film Commission participa del evento #Espa\u00f1aPlat\u00f3DeEuropa - Spain Film Commission\",\"isPartOf\":{\"@id\":\"https:\\\/\\\/spainfilmcommission.com\\\/en\\\/#website\"},\"primaryImageOfPage\":{\"@id\":\"https:\\\/\\\/spainfilmcommission.com\\\/en\\\/blog\\\/spain-film-commission-participa-del-evento-espanaplatodeeuropa\\\/#primaryimage\"},\"image\":{\"@id\":\"https:\\\/\\\/spainfilmcommission.com\\\/en\\\/blog\\\/spain-film-commission-participa-del-evento-espanaplatodeeuropa\\\/#primaryimage\"},\"thumbnailUrl\":\"https:\\\/\\\/spainfilmcommission.com\\\/wp-content\\\/uploads\\\/2024\\\/11\\\/spain-film-commission-participa-del-evento-espanaplatodeeuropa-256.jpg\",\"datePublished\":\"2022-03-28T22:00:00+00:00\",\"dateModified\":\"2025-02-11T07:06:48+00:00\",\"breadcrumb\":{\"@id\":\"https:\\\/\\\/spainfilmcommission.com\\\/en\\\/blog\\\/spain-film-commission-participa-del-evento-espanaplatodeeuropa\\\/#breadcrumb\"},\"inLanguage\":\"en-US\",\"potentialAction\":[{\"@type\":\"ReadAction\",\"target\":[\"https:\\\/\\\/spainfilmcommission.com\\\/en\\\/blog\\\/spain-film-commission-participa-del-evento-espanaplatodeeuropa\\\/\"]}]},{\"@type\":\"ImageObject\",\"inLanguage\":\"en-US\",\"@id\":\"https:\\\/\\\/spainfilmcommission.com\\\/en\\\/blog\\\/spain-film-commission-participa-del-evento-espanaplatodeeuropa\\\/#primaryimage\",\"url\":\"https:\\\/\\\/spainfilmcommission.com\\\/wp-content\\\/uploads\\\/2024\\\/11\\\/spain-film-commission-participa-del-evento-espanaplatodeeuropa-256.jpg\",\"contentUrl\":\"https:\\\/\\\/spainfilmcommission.com\\\/wp-content\\\/uploads\\\/2024\\\/11\\\/spain-film-commission-participa-del-evento-espanaplatodeeuropa-256.jpg\",\"width\":1024,\"height\":512},{\"@type\":\"BreadcrumbList\",\"@id\":\"https:\\\/\\\/spainfilmcommission.com\\\/en\\\/blog\\\/spain-film-commission-participa-del-evento-espanaplatodeeuropa\\\/#breadcrumb\",\"itemListElement\":[{\"@type\":\"ListItem\",\"position\":1,\"name\":\"Portada\",\"item\":\"https:\\\/\\\/spainfilmcommission.com\\\/en\\\/\"},{\"@type\":\"ListItem\",\"position\":2,\"name\":\"Spain Film Commission participa del evento #Espa\u00f1aPlat\u00f3DeEuropa\"}]},{\"@type\":\"WebSite\",\"@id\":\"https:\\\/\\\/spainfilmcommission.com\\\/en\\\/#website\",\"url\":\"https:\\\/\\\/spainfilmcommission.com\\\/en\\\/\",\"name\":\"Spain Film Commission\",\"description\":\"\",\"publisher\":{\"@id\":\"https:\\\/\\\/spainfilmcommission.com\\\/en\\\/#organization\"},\"potentialAction\":[{\"@type\":\"SearchAction\",\"target\":{\"@type\":\"EntryPoint\",\"urlTemplate\":\"https:\\\/\\\/spainfilmcommission.com\\\/en\\\/?s={search_term_string}\"},\"query-input\":{\"@type\":\"PropertyValueSpecification\",\"valueRequired\":true,\"valueName\":\"search_term_string\"}}],\"inLanguage\":\"en-US\"},{\"@type\":\"Organization\",\"@id\":\"https:\\\/\\\/spainfilmcommission.com\\\/en\\\/#organization\",\"name\":\"Spain Film Commission\",\"url\":\"https:\\\/\\\/spainfilmcommission.com\\\/en\\\/\",\"logo\":{\"@type\":\"ImageObject\",\"inLanguage\":\"en-US\",\"@id\":\"https:\\\/\\\/spainfilmcommission.com\\\/en\\\/#\\\/schema\\\/logo\\\/image\\\/\",\"url\":\"https:\\\/\\\/spainfilmcommission.com\\\/wp-content\\\/uploads\\\/2024\\\/07\\\/SPC_COLOR.png\",\"contentUrl\":\"https:\\\/\\\/spainfilmcommission.com\\\/wp-content\\\/uploads\\\/2024\\\/07\\\/SPC_COLOR.png\",\"width\":1665,\"height\":1665,\"caption\":\"Spain Film Commission\"},\"image\":{\"@id\":\"https:\\\/\\\/spainfilmcommission.com\\\/en\\\/#\\\/schema\\\/logo\\\/image\\\/\"}},{\"@type\":\"Person\",\"@id\":\"https:\\\/\\\/spainfilmcommission.com\\\/en\\\/#\\\/schema\\\/person\\\/6c014ba6ceac198d178a6a9e61113c9d\",\"name\":\"studio128k_dam\",\"image\":{\"@type\":\"ImageObject\",\"inLanguage\":\"en-US\",\"@id\":\"https:\\\/\\\/secure.gravatar.com\\\/avatar\\\/810f99144a13522c24aa173f9cd8bf079d0e89758af00b5f2938443cd51b31e9?s=96&d=mm&r=g\",\"url\":\"https:\\\/\\\/secure.gravatar.com\\\/avatar\\\/810f99144a13522c24aa173f9cd8bf079d0e89758af00b5f2938443cd51b31e9?s=96&d=mm&r=g\",\"contentUrl\":\"https:\\\/\\\/secure.gravatar.com\\\/avatar\\\/810f99144a13522c24aa173f9cd8bf079d0e89758af00b5f2938443cd51b31e9?s=96&d=mm&r=g\",\"caption\":\"studio128k_dam\"}}]}<\/script>\n<!-- \/ Yoast SEO plugin. -->","yoast_head_json":{"title":"Spain Film Commission participa del evento #Espa\u00f1aPlat\u00f3DeEuropa - Spain Film Commission","robots":{"index":"index","follow":"follow","max-snippet":"max-snippet:-1","max-image-preview":"max-image-preview:large","max-video-preview":"max-video-preview:-1"},"canonical":"https:\/\/spainfilmcommission.com\/en\/blog\/spain-film-commission-participa-del-evento-espanaplatodeeuropa\/","og_locale":"en_US","og_type":"article","og_title":"Spain Film Commission participa del evento #Espa\u00f1aPlat\u00f3DeEuropa - Spain Film Commission","og_description":"El pr\u00f3ximo jueves 31, a partir de las 18 hs, Spain Film Commission participar\u00e1 del evento Next Spain,\u00a0#Espa\u00f1aPlatodeEuropa\u00a0 en el Auditorio de Secuoya Studios, donde analizaremos junto a los principales [&hellip;]","og_url":"https:\/\/spainfilmcommission.com\/en\/blog\/spain-film-commission-participa-del-evento-espanaplatodeeuropa\/","og_site_name":"Spain Film Commission","article_published_time":"2022-03-28T22:00:00+00:00","article_modified_time":"2025-02-11T07:06:48+00:00","og_image":[{"width":1024,"height":512,"url":"https:\/\/spainfilmcommission.com\/wp-content\/uploads\/2024\/11\/spain-film-commission-participa-del-evento-espanaplatodeeuropa-256.jpg","type":"image\/jpeg"}],"author":"studio128k_dam","twitter_card":"summary_large_image","twitter_misc":{"Written by":"studio128k_dam","Est. reading time":"1 minute"},"schema":{"@context":"https:\/\/schema.org","@graph":[{"@type":"Article","@id":"https:\/\/spainfilmcommission.com\/en\/blog\/spain-film-commission-participa-del-evento-espanaplatodeeuropa\/#article","isPartOf":{"@id":"https:\/\/spainfilmcommission.com\/en\/blog\/spain-film-commission-participa-del-evento-espanaplatodeeuropa\/"},"author":{"name":"studio128k_dam","@id":"https:\/\/spainfilmcommission.com\/en\/#\/schema\/person\/6c014ba6ceac198d178a6a9e61113c9d"},"headline":"Spain Film Commission participa del evento #Espa\u00f1aPlat\u00f3DeEuropa","datePublished":"2022-03-28T22:00:00+00:00","dateModified":"2025-02-11T07:06:48+00:00","mainEntityOfPage":{"@id":"https:\/\/spainfilmcommission.com\/en\/blog\/spain-film-commission-participa-del-evento-espanaplatodeeuropa\/"},"wordCount":128,"publisher":{"@id":"https:\/\/spainfilmcommission.com\/en\/#organization"},"image":{"@id":"https:\/\/spainfilmcommission.com\/en\/blog\/spain-film-commission-participa-del-evento-espanaplatodeeuropa\/#primaryimage"},"thumbnailUrl":"https:\/\/spainfilmcommission.com\/wp-content\/uploads\/2024\/11\/spain-film-commission-participa-del-evento-espanaplatodeeuropa-256.jpg","articleSection":["Noticias"],"inLanguage":"en-US"},{"@type":"WebPage","@id":"https:\/\/spainfilmcommission.com\/en\/blog\/spain-film-commission-participa-del-evento-espanaplatodeeuropa\/","url":"https:\/\/spainfilmcommission.com\/en\/blog\/spain-film-commission-participa-del-evento-espanaplatodeeuropa\/","name":"Spain Film Commission participa del evento #Espa\u00f1aPlat\u00f3DeEuropa - Spain Film Commission","isPartOf":{"@id":"https:\/\/spainfilmcommission.com\/en\/#website"},"primaryImageOfPage":{"@id":"https:\/\/spainfilmcommission.com\/en\/blog\/spain-film-commission-participa-del-evento-espanaplatodeeuropa\/#primaryimage"},"image":{"@id":"https:\/\/spainfilmcommission.com\/en\/blog\/spain-film-commission-participa-del-evento-espanaplatodeeuropa\/#primaryimage"},"thumbnailUrl":"https:\/\/spainfilmcommission.com\/wp-content\/uploads\/2024\/11\/spain-film-commission-participa-del-evento-espanaplatodeeuropa-256.jpg","datePublished":"2022-03-28T22:00:00+00:00","dateModified":"2025-02-11T07:06:48+00:00","breadcrumb":{"@id":"https:\/\/spainfilmcommission.com\/en\/blog\/spain-film-commission-participa-del-evento-espanaplatodeeuropa\/#breadcrumb"},"inLanguage":"en-US","potentialAction":[{"@type":"ReadAction","target":["https:\/\/spainfilmcommission.com\/en\/blog\/spain-film-commission-participa-del-evento-espanaplatodeeuropa\/"]}]},{"@type":"ImageObject","inLanguage":"en-US","@id":"https:\/\/spainfilmcommission.com\/en\/blog\/spain-film-commission-participa-del-evento-espanaplatodeeuropa\/#primaryimage","url":"https:\/\/spainfilmcommission.com\/wp-content\/uploads\/2024\/11\/spain-film-commission-participa-del-evento-espanaplatodeeuropa-256.jpg","contentUrl":"https:\/\/spainfilmcommission.com\/wp-content\/uploads\/2024\/11\/spain-film-commission-participa-del-evento-espanaplatodeeuropa-256.jpg","width":1024,"height":512},{"@type":"BreadcrumbList","@id":"https:\/\/spainfilmcommission.com\/en\/blog\/spain-film-commission-participa-del-evento-espanaplatodeeuropa\/#breadcrumb","itemListElement":[{"@type":"ListItem","position":1,"name":"Portada","item":"https:\/\/spainfilmcommission.com\/en\/"},{"@type":"ListItem","position":2,"name":"Spain Film Commission participa del evento #Espa\u00f1aPlat\u00f3DeEuropa"}]},{"@type":"WebSite","@id":"https:\/\/spainfilmcommission.com\/en\/#website","url":"https:\/\/spainfilmcommission.com\/en\/","name":"Spain Film Commission","description":"","publisher":{"@id":"https:\/\/spainfilmcommission.com\/en\/#organization"},"potentialAction":[{"@type":"SearchAction","target":{"@type":"EntryPoint","urlTemplate":"https:\/\/spainfilmcommission.com\/en\/?s={search_term_string}"},"query-input":{"@type":"PropertyValueSpecification","valueRequired":true,"valueName":"search_term_string"}}],"inLanguage":"en-US"},{"@type":"Organization","@id":"https:\/\/spainfilmcommission.com\/en\/#organization","name":"Spain Film Commission","url":"https:\/\/spainfilmcommission.com\/en\/","logo":{"@type":"ImageObject","inLanguage":"en-US","@id":"https:\/\/spainfilmcommission.com\/en\/#\/schema\/logo\/image\/","url":"https:\/\/spainfilmcommission.com\/wp-content\/uploads\/2024\/07\/SPC_COLOR.png","contentUrl":"https:\/\/spainfilmcommission.com\/wp-content\/uploads\/2024\/07\/SPC_COLOR.png","width":1665,"height":1665,"caption":"Spain Film Commission"},"image":{"@id":"https:\/\/spainfilmcommission.com\/en\/#\/schema\/logo\/image\/"}},{"@type":"Person","@id":"https:\/\/spainfilmcommission.com\/en\/#\/schema\/person\/6c014ba6ceac198d178a6a9e61113c9d","name":"studio128k_dam","image":{"@type":"ImageObject","inLanguage":"en-US","@id":"https:\/\/secure.gravatar.com\/avatar\/810f99144a13522c24aa173f9cd8bf079d0e89758af00b5f2938443cd51b31e9?s=96&d=mm&r=g","url":"https:\/\/secure.gravatar.com\/avatar\/810f99144a13522c24aa173f9cd8bf079d0e89758af00b5f2938443cd51b31e9?s=96&d=mm&r=g","contentUrl":"https:\/\/secure.gravatar.com\/avatar\/810f99144a13522c24aa173f9cd8bf079d0e89758af00b5f2938443cd51b31e9?s=96&d=mm&r=g","caption":"studio128k_dam"}}]}},"_links":{"self":[{"href":"https:\/\/spainfilmcommission.com\/en\/wp-json\/wp\/v2\/posts\/8607","targetHints":{"allow":["GET"]}}],"collection":[{"href":"https:\/\/spainfilmcommission.com\/en\/wp-json\/wp\/v2\/posts"}],"about":[{"href":"https:\/\/spainfilmcommission.com\/en\/wp-json\/wp\/v2\/types\/post"}],"author":[{"embeddable":true,"href":"https:\/\/spainfilmcommission.com\/en\/wp-json\/wp\/v2\/users\/2"}],"replies":[{"embeddable":true,"href":"https:\/\/spainfilmcommission.com\/en\/wp-json\/wp\/v2\/comments?post=8607"}],"version-history":[{"count":0,"href":"https:\/\/spainfilmcommission.com\/en\/wp-json\/wp\/v2\/posts\/8607\/revisions"}],"wp:featuredmedia":[{"embeddable":true,"href":"https:\/\/spainfilmcommission.com\/en\/wp-json\/wp\/v2\/media\/8608"}],"wp:attachment":[{"href":"https:\/\/spainfilmcommission.com\/en\/wp-json\/wp\/v2\/media?parent=8607"}],"wp:term":[{"taxonomy":"category","embeddable":true,"href":"https:\/\/spainfilmcommission.com\/en\/wp-json\/wp\/v2\/categories?post=8607"},{"taxonomy":"post_tag","embeddable":true,"href":"https:\/\/spainfilmcommission.com\/en\/wp-json\/wp\/v2\/tags?post=8607"}],"curies":[{"name":"wp","href":"https:\/\/api.w.org\/{rel}","templated":true}]}}