{"id":8604,"date":"2022-03-23T00:00:00","date_gmt":"2022-03-22T22:00:00","guid":{"rendered":"https:\/\/sfc.com\/abiertas-las-inscripciones-para-p-a-bootcamp-dirigida-a-jovenes-interesados-en-formarse-en-produccion-audiovisual\/"},"modified":"2025-02-11T08:06:48","modified_gmt":"2025-02-11T07:06:48","slug":"abiertas-las-inscripciones-para-p-a-bootcamp-dirigida-a-jovenes-interesados-en-formarse-en-produccion-audiovisual","status":"publish","type":"post","link":"https:\/\/spainfilmcommission.com\/en\/blog\/abiertas-las-inscripciones-para-p-a-bootcamp-dirigida-a-jovenes-interesados-en-formarse-en-produccion-audiovisual\/","title":{"rendered":"Abiertas las inscripciones para P.A. Bootcamp, dirigida a j\u00f3venes interesados en formarse en producci\u00f3n audiovisual"},"content":{"rendered":"<p style=\"text-align:justify;\"><span style=\"font-size:18px;\">PA Bootcamp, el\u00a0 programa de formaci\u00f3n\u00a0con sede en Los \u00c1ngeles, para asistentes de producci\u00f3n en cine y televisi\u00f3n,\u00a0\u00a0ofrece en Espa\u00f1a,\u00a0una oportunidad formativa \u00fanica y gratuita,\u00a0por primera vez.\u00a0<\/span><\/p>\n<p style=\"text-align:justify;\"><span style=\"font-size:18px;\">Los d\u00edas <strong>6 <\/strong>y\u00a0<strong>7 \u00a0de abril<\/strong>, en<strong>\u00a0Madrid<\/strong>, tendr\u00e1 lugar un curso intensivo, dirigido a<\/span><span style=\"font-size:18px;\">\u00a0quienes est\u00e9n<strong>\u00a0interesados &#8203;&#8203;en poner un pie en la puerta de la producci\u00f3n cinematogr\u00e1fica, comenzando en posiciones b\u00e1sicas.<\/strong><\/span><\/p>\n<p style=\"text-align:justify;\"><span style=\"font-size:18px;\">Para participar no se requiere experiencia previa en producci\u00f3n<\/span><span style=\"font-size:18px;\">, pero si es indispensable\u00a0que los postulantes cuenten con buen\u00a0con dominio de ingl\u00e9s.\u00a0<\/span><span style=\"font-size:18px;\">Las inscripciones se realizan en el siguiente\u00a0<a href=\"https:\/\/docs.google.com\/forms\/d\/e\/1FAIpQLSfQAEbsuSWHg2NDYuZ_JQ5Knn1cEQngnU28SraYVj9qkHtOdw\/viewform\" target=\"_blank\">enlace<\/a>.<\/span><\/p>\n<p style=\"text-align:justify;\"><span style=\"font-size:18px;\">Al completar el formulario, se valorar\u00e1 la descripci\u00f3n de la motivaci\u00f3n, el cupo ser\u00e1 cubierto en orden de inscripci\u00f3n, entre\u00a0quienes cumplimenten los requisitos.<\/span><\/p>\n<p style=\"text-align:justify;\"><span style=\"font-size:18px;\">Se puede visitar la web\u00a0<\/span><a href=\"http:\/\/www.pabootcamp.com\" style=\"font-size:18px;\" target=\"_blank\">www.pabootcamp.com<\/a><span style=\"font-size:18px;\">\u00a0para obtener m\u00e1s informaci\u00f3n.\u00a0<\/span><\/p>\n<p style=\"text-align:justify;\"><span style=\"font-size:18px;\">Por consultas, dudas y comentarios, comunicarse a:\u00a0<a href=\"mailto:projects@powerhousehub.eu?subject=Inscripci%C3%B3n%20P.A%20BootCamp\" target=\"_blank\">projects@powerhousehub.eu<\/a><\/span><\/p>\n<p style=\"text-align:justify;\"><span style=\"font-size:18px;\">Esta actividad est\u00e1 organizada por Spain Film Commission, Madrid Film Office, NBCUniversal y\u00a0<\/span><span style=\"font-family:Arial, sans-serif;font-size:18px;\">PA Bootcamp.<\/span><\/p>\n","protected":false},"excerpt":{"rendered":"<p>PA Bootcamp, el\u00a0 programa de formaci\u00f3n\u00a0con sede en Los \u00c1ngeles, para asistentes de producci\u00f3n en cine y televisi\u00f3n,\u00a0\u00a0ofrece en Espa\u00f1a,\u00a0una oportunidad formativa \u00fanica y gratuita,\u00a0por primera vez.\u00a0 Los d\u00edas 6 [&hellip;]<\/p>\n","protected":false},"author":2,"featured_media":8605,"comment_status":"closed","ping_status":"","sticky":false,"template":"","format":"standard","meta":{"footnotes":""},"categories":[38],"tags":[],"class_list":["post-8604","post","type-post","status-publish","format-standard","has-post-thumbnail","hentry","category-noticias"],"yoast_head":"<!-- This site is optimized with the Yoast SEO plugin v27.3 - https:\/\/yoast.com\/product\/yoast-seo-wordpress\/ -->\n<title>Abiertas las inscripciones para P.A. Bootcamp, dirigida a j\u00f3venes interesados en formarse en producci\u00f3n audiovisual - Spain Film Commission<\/title>\n<meta name=\"robots\" content=\"index, follow, max-snippet:-1, max-image-preview:large, max-video-preview:-1\" \/>\n<link rel=\"canonical\" href=\"https:\/\/spainfilmcommission.com\/en\/blog\/abiertas-las-inscripciones-para-p-a-bootcamp-dirigida-a-jovenes-interesados-en-formarse-en-produccion-audiovisual\/\" \/>\n<meta property=\"og:locale\" content=\"en_US\" \/>\n<meta property=\"og:type\" content=\"article\" \/>\n<meta property=\"og:title\" content=\"Abiertas las inscripciones para P.A. Bootcamp, dirigida a j\u00f3venes interesados en formarse en producci\u00f3n audiovisual - Spain Film Commission\" \/>\n<meta property=\"og:description\" content=\"PA Bootcamp, el\u00a0 programa de formaci\u00f3n\u00a0con sede en Los \u00c1ngeles, para asistentes de producci\u00f3n en cine y televisi\u00f3n,\u00a0\u00a0ofrece en Espa\u00f1a,\u00a0una oportunidad formativa \u00fanica y gratuita,\u00a0por primera vez.\u00a0 Los d\u00edas 6 [&hellip;]\" \/>\n<meta property=\"og:url\" content=\"https:\/\/spainfilmcommission.com\/en\/blog\/abiertas-las-inscripciones-para-p-a-bootcamp-dirigida-a-jovenes-interesados-en-formarse-en-produccion-audiovisual\/\" \/>\n<meta property=\"og:site_name\" content=\"Spain Film Commission\" \/>\n<meta property=\"article:published_time\" content=\"2022-03-22T22:00:00+00:00\" \/>\n<meta property=\"article:modified_time\" content=\"2025-02-11T07:06:48+00:00\" \/>\n<meta property=\"og:image\" content=\"https:\/\/spainfilmcommission.com\/wp-content\/uploads\/2024\/11\/abiertas-las-inscripciones-para-p-a-bootcamp-dirigida-a-jovenes-interesados-en-formarse-en-produccion-audiovisual-255.png\" \/>\n\t<meta property=\"og:image:width\" content=\"1170\" \/>\n\t<meta property=\"og:image:height\" content=\"658\" \/>\n\t<meta property=\"og:image:type\" content=\"image\/png\" \/>\n<meta name=\"author\" content=\"studio128k_dam\" \/>\n<meta name=\"twitter:card\" content=\"summary_large_image\" \/>\n<meta name=\"twitter:label1\" content=\"Written by\" \/>\n\t<meta name=\"twitter:data1\" content=\"studio128k_dam\" \/>\n\t<meta name=\"twitter:label2\" content=\"Est. reading time\" \/>\n\t<meta name=\"twitter:data2\" content=\"1 minute\" \/>\n<script type=\"application\/ld+json\" class=\"yoast-schema-graph\">{\"@context\":\"https:\\\/\\\/schema.org\",\"@graph\":[{\"@type\":\"Article\",\"@id\":\"https:\\\/\\\/spainfilmcommission.com\\\/en\\\/blog\\\/abiertas-las-inscripciones-para-p-a-bootcamp-dirigida-a-jovenes-interesados-en-formarse-en-produccion-audiovisual\\\/#article\",\"isPartOf\":{\"@id\":\"https:\\\/\\\/spainfilmcommission.com\\\/en\\\/blog\\\/abiertas-las-inscripciones-para-p-a-bootcamp-dirigida-a-jovenes-interesados-en-formarse-en-produccion-audiovisual\\\/\"},\"author\":{\"name\":\"studio128k_dam\",\"@id\":\"https:\\\/\\\/spainfilmcommission.com\\\/en\\\/#\\\/schema\\\/person\\\/6c014ba6ceac198d178a6a9e61113c9d\"},\"headline\":\"Abiertas las inscripciones para P.A. Bootcamp, dirigida a j\u00f3venes interesados en formarse en producci\u00f3n audiovisual\",\"datePublished\":\"2022-03-22T22:00:00+00:00\",\"dateModified\":\"2025-02-11T07:06:48+00:00\",\"mainEntityOfPage\":{\"@id\":\"https:\\\/\\\/spainfilmcommission.com\\\/en\\\/blog\\\/abiertas-las-inscripciones-para-p-a-bootcamp-dirigida-a-jovenes-interesados-en-formarse-en-produccion-audiovisual\\\/\"},\"wordCount\":189,\"publisher\":{\"@id\":\"https:\\\/\\\/spainfilmcommission.com\\\/en\\\/#organization\"},\"image\":{\"@id\":\"https:\\\/\\\/spainfilmcommission.com\\\/en\\\/blog\\\/abiertas-las-inscripciones-para-p-a-bootcamp-dirigida-a-jovenes-interesados-en-formarse-en-produccion-audiovisual\\\/#primaryimage\"},\"thumbnailUrl\":\"https:\\\/\\\/spainfilmcommission.com\\\/wp-content\\\/uploads\\\/2024\\\/11\\\/abiertas-las-inscripciones-para-p-a-bootcamp-dirigida-a-jovenes-interesados-en-formarse-en-produccion-audiovisual-255.png\",\"articleSection\":[\"Noticias\"],\"inLanguage\":\"en-US\"},{\"@type\":\"WebPage\",\"@id\":\"https:\\\/\\\/spainfilmcommission.com\\\/en\\\/blog\\\/abiertas-las-inscripciones-para-p-a-bootcamp-dirigida-a-jovenes-interesados-en-formarse-en-produccion-audiovisual\\\/\",\"url\":\"https:\\\/\\\/spainfilmcommission.com\\\/en\\\/blog\\\/abiertas-las-inscripciones-para-p-a-bootcamp-dirigida-a-jovenes-interesados-en-formarse-en-produccion-audiovisual\\\/\",\"name\":\"Abiertas las inscripciones para P.A. Bootcamp, dirigida a j\u00f3venes interesados en formarse en producci\u00f3n audiovisual - Spain Film Commission\",\"isPartOf\":{\"@id\":\"https:\\\/\\\/spainfilmcommission.com\\\/en\\\/#website\"},\"primaryImageOfPage\":{\"@id\":\"https:\\\/\\\/spainfilmcommission.com\\\/en\\\/blog\\\/abiertas-las-inscripciones-para-p-a-bootcamp-dirigida-a-jovenes-interesados-en-formarse-en-produccion-audiovisual\\\/#primaryimage\"},\"image\":{\"@id\":\"https:\\\/\\\/spainfilmcommission.com\\\/en\\\/blog\\\/abiertas-las-inscripciones-para-p-a-bootcamp-dirigida-a-jovenes-interesados-en-formarse-en-produccion-audiovisual\\\/#primaryimage\"},\"thumbnailUrl\":\"https:\\\/\\\/spainfilmcommission.com\\\/wp-content\\\/uploads\\\/2024\\\/11\\\/abiertas-las-inscripciones-para-p-a-bootcamp-dirigida-a-jovenes-interesados-en-formarse-en-produccion-audiovisual-255.png\",\"datePublished\":\"2022-03-22T22:00:00+00:00\",\"dateModified\":\"2025-02-11T07:06:48+00:00\",\"breadcrumb\":{\"@id\":\"https:\\\/\\\/spainfilmcommission.com\\\/en\\\/blog\\\/abiertas-las-inscripciones-para-p-a-bootcamp-dirigida-a-jovenes-interesados-en-formarse-en-produccion-audiovisual\\\/#breadcrumb\"},\"inLanguage\":\"en-US\",\"potentialAction\":[{\"@type\":\"ReadAction\",\"target\":[\"https:\\\/\\\/spainfilmcommission.com\\\/en\\\/blog\\\/abiertas-las-inscripciones-para-p-a-bootcamp-dirigida-a-jovenes-interesados-en-formarse-en-produccion-audiovisual\\\/\"]}]},{\"@type\":\"ImageObject\",\"inLanguage\":\"en-US\",\"@id\":\"https:\\\/\\\/spainfilmcommission.com\\\/en\\\/blog\\\/abiertas-las-inscripciones-para-p-a-bootcamp-dirigida-a-jovenes-interesados-en-formarse-en-produccion-audiovisual\\\/#primaryimage\",\"url\":\"https:\\\/\\\/spainfilmcommission.com\\\/wp-content\\\/uploads\\\/2024\\\/11\\\/abiertas-las-inscripciones-para-p-a-bootcamp-dirigida-a-jovenes-interesados-en-formarse-en-produccion-audiovisual-255.png\",\"contentUrl\":\"https:\\\/\\\/spainfilmcommission.com\\\/wp-content\\\/uploads\\\/2024\\\/11\\\/abiertas-las-inscripciones-para-p-a-bootcamp-dirigida-a-jovenes-interesados-en-formarse-en-produccion-audiovisual-255.png\",\"width\":1170,\"height\":658},{\"@type\":\"BreadcrumbList\",\"@id\":\"https:\\\/\\\/spainfilmcommission.com\\\/en\\\/blog\\\/abiertas-las-inscripciones-para-p-a-bootcamp-dirigida-a-jovenes-interesados-en-formarse-en-produccion-audiovisual\\\/#breadcrumb\",\"itemListElement\":[{\"@type\":\"ListItem\",\"position\":1,\"name\":\"Portada\",\"item\":\"https:\\\/\\\/spainfilmcommission.com\\\/en\\\/\"},{\"@type\":\"ListItem\",\"position\":2,\"name\":\"Abiertas las inscripciones para P.A. Bootcamp, dirigida a j\u00f3venes interesados en formarse en producci\u00f3n audiovisual\"}]},{\"@type\":\"WebSite\",\"@id\":\"https:\\\/\\\/spainfilmcommission.com\\\/en\\\/#website\",\"url\":\"https:\\\/\\\/spainfilmcommission.com\\\/en\\\/\",\"name\":\"Spain Film Commission\",\"description\":\"\",\"publisher\":{\"@id\":\"https:\\\/\\\/spainfilmcommission.com\\\/en\\\/#organization\"},\"potentialAction\":[{\"@type\":\"SearchAction\",\"target\":{\"@type\":\"EntryPoint\",\"urlTemplate\":\"https:\\\/\\\/spainfilmcommission.com\\\/en\\\/?s={search_term_string}\"},\"query-input\":{\"@type\":\"PropertyValueSpecification\",\"valueRequired\":true,\"valueName\":\"search_term_string\"}}],\"inLanguage\":\"en-US\"},{\"@type\":\"Organization\",\"@id\":\"https:\\\/\\\/spainfilmcommission.com\\\/en\\\/#organization\",\"name\":\"Spain Film Commission\",\"url\":\"https:\\\/\\\/spainfilmcommission.com\\\/en\\\/\",\"logo\":{\"@type\":\"ImageObject\",\"inLanguage\":\"en-US\",\"@id\":\"https:\\\/\\\/spainfilmcommission.com\\\/en\\\/#\\\/schema\\\/logo\\\/image\\\/\",\"url\":\"https:\\\/\\\/spainfilmcommission.com\\\/wp-content\\\/uploads\\\/2024\\\/07\\\/SPC_COLOR.png\",\"contentUrl\":\"https:\\\/\\\/spainfilmcommission.com\\\/wp-content\\\/uploads\\\/2024\\\/07\\\/SPC_COLOR.png\",\"width\":1665,\"height\":1665,\"caption\":\"Spain Film Commission\"},\"image\":{\"@id\":\"https:\\\/\\\/spainfilmcommission.com\\\/en\\\/#\\\/schema\\\/logo\\\/image\\\/\"}},{\"@type\":\"Person\",\"@id\":\"https:\\\/\\\/spainfilmcommission.com\\\/en\\\/#\\\/schema\\\/person\\\/6c014ba6ceac198d178a6a9e61113c9d\",\"name\":\"studio128k_dam\",\"image\":{\"@type\":\"ImageObject\",\"inLanguage\":\"en-US\",\"@id\":\"https:\\\/\\\/secure.gravatar.com\\\/avatar\\\/810f99144a13522c24aa173f9cd8bf079d0e89758af00b5f2938443cd51b31e9?s=96&d=mm&r=g\",\"url\":\"https:\\\/\\\/secure.gravatar.com\\\/avatar\\\/810f99144a13522c24aa173f9cd8bf079d0e89758af00b5f2938443cd51b31e9?s=96&d=mm&r=g\",\"contentUrl\":\"https:\\\/\\\/secure.gravatar.com\\\/avatar\\\/810f99144a13522c24aa173f9cd8bf079d0e89758af00b5f2938443cd51b31e9?s=96&d=mm&r=g\",\"caption\":\"studio128k_dam\"}}]}<\/script>\n<!-- \/ Yoast SEO plugin. -->","yoast_head_json":{"title":"Abiertas las inscripciones para P.A. Bootcamp, dirigida a j\u00f3venes interesados en formarse en producci\u00f3n audiovisual - Spain Film Commission","robots":{"index":"index","follow":"follow","max-snippet":"max-snippet:-1","max-image-preview":"max-image-preview:large","max-video-preview":"max-video-preview:-1"},"canonical":"https:\/\/spainfilmcommission.com\/en\/blog\/abiertas-las-inscripciones-para-p-a-bootcamp-dirigida-a-jovenes-interesados-en-formarse-en-produccion-audiovisual\/","og_locale":"en_US","og_type":"article","og_title":"Abiertas las inscripciones para P.A. Bootcamp, dirigida a j\u00f3venes interesados en formarse en producci\u00f3n audiovisual - Spain Film Commission","og_description":"PA Bootcamp, el\u00a0 programa de formaci\u00f3n\u00a0con sede en Los \u00c1ngeles, para asistentes de producci\u00f3n en cine y televisi\u00f3n,\u00a0\u00a0ofrece en Espa\u00f1a,\u00a0una oportunidad formativa \u00fanica y gratuita,\u00a0por primera vez.\u00a0 Los d\u00edas 6 [&hellip;]","og_url":"https:\/\/spainfilmcommission.com\/en\/blog\/abiertas-las-inscripciones-para-p-a-bootcamp-dirigida-a-jovenes-interesados-en-formarse-en-produccion-audiovisual\/","og_site_name":"Spain Film Commission","article_published_time":"2022-03-22T22:00:00+00:00","article_modified_time":"2025-02-11T07:06:48+00:00","og_image":[{"width":1170,"height":658,"url":"https:\/\/spainfilmcommission.com\/wp-content\/uploads\/2024\/11\/abiertas-las-inscripciones-para-p-a-bootcamp-dirigida-a-jovenes-interesados-en-formarse-en-produccion-audiovisual-255.png","type":"image\/png"}],"author":"studio128k_dam","twitter_card":"summary_large_image","twitter_misc":{"Written by":"studio128k_dam","Est. reading time":"1 minute"},"schema":{"@context":"https:\/\/schema.org","@graph":[{"@type":"Article","@id":"https:\/\/spainfilmcommission.com\/en\/blog\/abiertas-las-inscripciones-para-p-a-bootcamp-dirigida-a-jovenes-interesados-en-formarse-en-produccion-audiovisual\/#article","isPartOf":{"@id":"https:\/\/spainfilmcommission.com\/en\/blog\/abiertas-las-inscripciones-para-p-a-bootcamp-dirigida-a-jovenes-interesados-en-formarse-en-produccion-audiovisual\/"},"author":{"name":"studio128k_dam","@id":"https:\/\/spainfilmcommission.com\/en\/#\/schema\/person\/6c014ba6ceac198d178a6a9e61113c9d"},"headline":"Abiertas las inscripciones para P.A. Bootcamp, dirigida a j\u00f3venes interesados en formarse en producci\u00f3n audiovisual","datePublished":"2022-03-22T22:00:00+00:00","dateModified":"2025-02-11T07:06:48+00:00","mainEntityOfPage":{"@id":"https:\/\/spainfilmcommission.com\/en\/blog\/abiertas-las-inscripciones-para-p-a-bootcamp-dirigida-a-jovenes-interesados-en-formarse-en-produccion-audiovisual\/"},"wordCount":189,"publisher":{"@id":"https:\/\/spainfilmcommission.com\/en\/#organization"},"image":{"@id":"https:\/\/spainfilmcommission.com\/en\/blog\/abiertas-las-inscripciones-para-p-a-bootcamp-dirigida-a-jovenes-interesados-en-formarse-en-produccion-audiovisual\/#primaryimage"},"thumbnailUrl":"https:\/\/spainfilmcommission.com\/wp-content\/uploads\/2024\/11\/abiertas-las-inscripciones-para-p-a-bootcamp-dirigida-a-jovenes-interesados-en-formarse-en-produccion-audiovisual-255.png","articleSection":["Noticias"],"inLanguage":"en-US"},{"@type":"WebPage","@id":"https:\/\/spainfilmcommission.com\/en\/blog\/abiertas-las-inscripciones-para-p-a-bootcamp-dirigida-a-jovenes-interesados-en-formarse-en-produccion-audiovisual\/","url":"https:\/\/spainfilmcommission.com\/en\/blog\/abiertas-las-inscripciones-para-p-a-bootcamp-dirigida-a-jovenes-interesados-en-formarse-en-produccion-audiovisual\/","name":"Abiertas las inscripciones para P.A. Bootcamp, dirigida a j\u00f3venes interesados en formarse en producci\u00f3n audiovisual - Spain Film Commission","isPartOf":{"@id":"https:\/\/spainfilmcommission.com\/en\/#website"},"primaryImageOfPage":{"@id":"https:\/\/spainfilmcommission.com\/en\/blog\/abiertas-las-inscripciones-para-p-a-bootcamp-dirigida-a-jovenes-interesados-en-formarse-en-produccion-audiovisual\/#primaryimage"},"image":{"@id":"https:\/\/spainfilmcommission.com\/en\/blog\/abiertas-las-inscripciones-para-p-a-bootcamp-dirigida-a-jovenes-interesados-en-formarse-en-produccion-audiovisual\/#primaryimage"},"thumbnailUrl":"https:\/\/spainfilmcommission.com\/wp-content\/uploads\/2024\/11\/abiertas-las-inscripciones-para-p-a-bootcamp-dirigida-a-jovenes-interesados-en-formarse-en-produccion-audiovisual-255.png","datePublished":"2022-03-22T22:00:00+00:00","dateModified":"2025-02-11T07:06:48+00:00","breadcrumb":{"@id":"https:\/\/spainfilmcommission.com\/en\/blog\/abiertas-las-inscripciones-para-p-a-bootcamp-dirigida-a-jovenes-interesados-en-formarse-en-produccion-audiovisual\/#breadcrumb"},"inLanguage":"en-US","potentialAction":[{"@type":"ReadAction","target":["https:\/\/spainfilmcommission.com\/en\/blog\/abiertas-las-inscripciones-para-p-a-bootcamp-dirigida-a-jovenes-interesados-en-formarse-en-produccion-audiovisual\/"]}]},{"@type":"ImageObject","inLanguage":"en-US","@id":"https:\/\/spainfilmcommission.com\/en\/blog\/abiertas-las-inscripciones-para-p-a-bootcamp-dirigida-a-jovenes-interesados-en-formarse-en-produccion-audiovisual\/#primaryimage","url":"https:\/\/spainfilmcommission.com\/wp-content\/uploads\/2024\/11\/abiertas-las-inscripciones-para-p-a-bootcamp-dirigida-a-jovenes-interesados-en-formarse-en-produccion-audiovisual-255.png","contentUrl":"https:\/\/spainfilmcommission.com\/wp-content\/uploads\/2024\/11\/abiertas-las-inscripciones-para-p-a-bootcamp-dirigida-a-jovenes-interesados-en-formarse-en-produccion-audiovisual-255.png","width":1170,"height":658},{"@type":"BreadcrumbList","@id":"https:\/\/spainfilmcommission.com\/en\/blog\/abiertas-las-inscripciones-para-p-a-bootcamp-dirigida-a-jovenes-interesados-en-formarse-en-produccion-audiovisual\/#breadcrumb","itemListElement":[{"@type":"ListItem","position":1,"name":"Portada","item":"https:\/\/spainfilmcommission.com\/en\/"},{"@type":"ListItem","position":2,"name":"Abiertas las inscripciones para P.A. Bootcamp, dirigida a j\u00f3venes interesados en formarse en producci\u00f3n audiovisual"}]},{"@type":"WebSite","@id":"https:\/\/spainfilmcommission.com\/en\/#website","url":"https:\/\/spainfilmcommission.com\/en\/","name":"Spain Film Commission","description":"","publisher":{"@id":"https:\/\/spainfilmcommission.com\/en\/#organization"},"potentialAction":[{"@type":"SearchAction","target":{"@type":"EntryPoint","urlTemplate":"https:\/\/spainfilmcommission.com\/en\/?s={search_term_string}"},"query-input":{"@type":"PropertyValueSpecification","valueRequired":true,"valueName":"search_term_string"}}],"inLanguage":"en-US"},{"@type":"Organization","@id":"https:\/\/spainfilmcommission.com\/en\/#organization","name":"Spain Film Commission","url":"https:\/\/spainfilmcommission.com\/en\/","logo":{"@type":"ImageObject","inLanguage":"en-US","@id":"https:\/\/spainfilmcommission.com\/en\/#\/schema\/logo\/image\/","url":"https:\/\/spainfilmcommission.com\/wp-content\/uploads\/2024\/07\/SPC_COLOR.png","contentUrl":"https:\/\/spainfilmcommission.com\/wp-content\/uploads\/2024\/07\/SPC_COLOR.png","width":1665,"height":1665,"caption":"Spain Film Commission"},"image":{"@id":"https:\/\/spainfilmcommission.com\/en\/#\/schema\/logo\/image\/"}},{"@type":"Person","@id":"https:\/\/spainfilmcommission.com\/en\/#\/schema\/person\/6c014ba6ceac198d178a6a9e61113c9d","name":"studio128k_dam","image":{"@type":"ImageObject","inLanguage":"en-US","@id":"https:\/\/secure.gravatar.com\/avatar\/810f99144a13522c24aa173f9cd8bf079d0e89758af00b5f2938443cd51b31e9?s=96&d=mm&r=g","url":"https:\/\/secure.gravatar.com\/avatar\/810f99144a13522c24aa173f9cd8bf079d0e89758af00b5f2938443cd51b31e9?s=96&d=mm&r=g","contentUrl":"https:\/\/secure.gravatar.com\/avatar\/810f99144a13522c24aa173f9cd8bf079d0e89758af00b5f2938443cd51b31e9?s=96&d=mm&r=g","caption":"studio128k_dam"}}]}},"_links":{"self":[{"href":"https:\/\/spainfilmcommission.com\/en\/wp-json\/wp\/v2\/posts\/8604","targetHints":{"allow":["GET"]}}],"collection":[{"href":"https:\/\/spainfilmcommission.com\/en\/wp-json\/wp\/v2\/posts"}],"about":[{"href":"https:\/\/spainfilmcommission.com\/en\/wp-json\/wp\/v2\/types\/post"}],"author":[{"embeddable":true,"href":"https:\/\/spainfilmcommission.com\/en\/wp-json\/wp\/v2\/users\/2"}],"replies":[{"embeddable":true,"href":"https:\/\/spainfilmcommission.com\/en\/wp-json\/wp\/v2\/comments?post=8604"}],"version-history":[{"count":0,"href":"https:\/\/spainfilmcommission.com\/en\/wp-json\/wp\/v2\/posts\/8604\/revisions"}],"wp:featuredmedia":[{"embeddable":true,"href":"https:\/\/spainfilmcommission.com\/en\/wp-json\/wp\/v2\/media\/8605"}],"wp:attachment":[{"href":"https:\/\/spainfilmcommission.com\/en\/wp-json\/wp\/v2\/media?parent=8604"}],"wp:term":[{"taxonomy":"category","embeddable":true,"href":"https:\/\/spainfilmcommission.com\/en\/wp-json\/wp\/v2\/categories?post=8604"},{"taxonomy":"post_tag","embeddable":true,"href":"https:\/\/spainfilmcommission.com\/en\/wp-json\/wp\/v2\/tags?post=8604"}],"curies":[{"name":"wp","href":"https:\/\/api.w.org\/{rel}","templated":true}]}}