{"id":8601,"date":"2022-03-22T00:00:00","date_gmt":"2022-03-21T22:00:00","guid":{"rendered":"https:\/\/sfc.com\/spain-film-commission-destaca-el-excelente-momento-de-la-industria-audiovisual-espanola-en-el-festival-de-malaga\/"},"modified":"2025-02-11T08:06:48","modified_gmt":"2025-02-11T07:06:48","slug":"spain-film-commission-destaca-el-excelente-momento-de-la-industria-audiovisual-espanola-en-el-festival-de-malaga","status":"publish","type":"post","link":"https:\/\/spainfilmcommission.com\/en\/blog\/spain-film-commission-destaca-el-excelente-momento-de-la-industria-audiovisual-espanola-en-el-festival-de-malaga\/","title":{"rendered":"Spain Film Commission destaca el excelente momento de la industria audiovisual espa\u00f1ola en el Festival de M\u00e1laga"},"content":{"rendered":"<p style=\"font-size:12px;font-family:Arial, sans-serif;\">El Museo Thyssen de M\u00e1laga ha acogido un encuentro entre actores claves de la industria audiovisual para debatir las oportunidades que ofrece el\u00a0<strong>&#8220;Plan Espa\u00f1a, Hub Audiovisual de Espa\u00f1a&#8221;<\/strong>.\u00a0\u00a0El encuentro, organizado por Spain Film Commission en el marco de las actividades del\u00a0<strong>MAFIZ\u00a0<\/strong>del Festival de M\u00e1laga, ha sido moderado por\u00a0<strong>John Hopewell<\/strong>, editor de Variety y\u00a0ha contado, junto con la presencia de Spain Film Commission,\u00a0con la participaci\u00f3n de\u00a0<strong>PROFILM, ALIA y REDCAU.<\/strong><\/p>\n<p style=\"font-size:12px;font-family:Arial, sans-serif;\">El sistema de incentivos fiscales, la posici\u00f3n competitiva del pa\u00eds para atraer rodajes, el momento de expansi\u00f3n que vive la industria y las necesidades de invertir en formaci\u00f3n han sido los temas centrales de la sesi\u00f3n.\u00a0<\/p>\n<p style=\"font-size:12px;font-family:Arial, sans-serif;\"><strong>Carlos Rosado<\/strong>, presidente de\u00a0<strong>Spain Film Commission<\/strong>, ha manifestado que<em>\u00a0&#8220;Espa\u00f1a ha dado un gran salto cualitativo y cuantitativo en la captaci\u00f3n de rodajes, con un doble enfoque: diversificaci\u00f3n del tipo de proyectos y diversificaci\u00f3n territorial. No ha sido casual. Es el fruto de 20 a\u00f1os de una estrategia de trabajo en red y colaboraci\u00f3n p\u00fablico privada&#8221;<\/em>. El Plan AEH impulsar\u00e1 un incremento potente de rodajes y el tejido empresarial nacional est\u00e1 preparado para atender esta demanda.<\/p>\n<p style=\"font-size:12px;font-family:Arial, sans-serif;\"><strong>Rosa Garc\u00eda<\/strong>, presidenta de la\u00a0<strong>Red Espa\u00f1ola de Clusters Audiovisuales -REDCAU<\/strong>, ha enfatizado<em>\u00a0&#8220;el valor de mantener el equilibrio territorial en el impulso de la industria audiovisual y\u00a0trabajar para apoyar a las empresas que est\u00e1n en los territorios fuera de los centros territoriales de producci\u00f3n. Tenemos que estar preparados para dar respuesta a la demanda en todos los territorios&#8221;.\u00a0<\/em>La formaci\u00f3n es un factor fundamental para REDCAU:\u00a0<em>&#8220;Tenemos que dar respuesta a la demanda con profesionales formados e infraestructuras para que el\u00a0tejido industrial\u00a0crezca y se fortalezca&#8221;.<\/em><\/p>\n<p style=\"font-size:12px;font-family:Arial, sans-serif;\">Seg\u00fan\u00a0<strong>Roberto Sacrist\u00e1n<\/strong>, presidente de<strong>\u00a0ALIA<\/strong>, que re\u00fane a mas de 60 empresas de toda la cadena de valor del audiovisual,\u00a0<em>&#8220;los rodajes internacionales crecen y van a ir creciendo por el impulso p\u00fablico y privado. El Plan AEH impulsar\u00e1 un incremento potente de rodajes y el tejido empresarial nacional est\u00e1 preparado para atender esta demanda&#8221;\u00a0\u00a0<\/em>Si bien la pandamia ha tenido un gran impacto en toda la econom\u00eda, Sacrist\u00e1n ha asegurado\u00a0<em>&#8220;que la\u00a0actividad de la industria est\u00e1 creciendo a nivel sostenido y se espera que contin\u00fae esa tendencia&#8221;.<\/em><\/p>\n<p style=\"font-size:12px;font-family:Arial, sans-serif;\"><strong>Fernando Victoria de Lecea<\/strong>, presidente de\u00a0<strong>PROFILM,<\/strong>\u00a0ha manifestado que\u00a0<em>&#8220;el proyecto de Wes Anderson ha demostrado que Espa\u00f1a es atractivo para todo tipo de proyectos audiovisuales. Desde la industria deseamos que el HUB sea motor de cambios estructurales&#8221;<\/em>\u00a0y ha destacado\u00a0<em>&#8220;que la reapartura de la Ciudad de la Luz es una gran noticia para el sector&#8221;.<\/em><\/p>\n<p style=\"font-size:12px;font-family:Arial, sans-serif;\">En relaci\u00f3n al\u00a0<strong>sistema de incentivos fiscales<\/strong>, Carlos Rosado\u00a0 ha declarado que\u00a0<em>&#8220;Espa\u00f1a tiene un incentivo similar a los pa\u00edses con los que competimos. Estamos en el top ten de los destinos por nuestro incentivo. Pero hay margen de mejora. El cap no es atractivo para las grandes producciones a las que aspiramos. Deber\u00eda subir a 30 millones o desaparecer para poder seguir compitiendo por los grandes proyectos&#8221;.\u00a0<\/em>Fernando Victoria de Lecea, ha manifestado por su parte,\u00a0que\u00a0<em>&#8220;el porcentaje est\u00e1 bastante bien. Estar\u00eda bien igualar todo al 30 % y subir el cap a 30 millones. Todos los pa\u00edses han ido mejorando su incentivo porque comprueban que funciona y tiene un importante impacto en la econom\u00eda\u00a0y en el empleo. Para ello hace falta tener datos concretos que en Espa\u00f1a todav\u00eda no tenemos y\u00a0tambi\u00e9n\u00a0hace falta una lista clara de gasto elegible para el incentivo fiscal para dar claridad y seguridad a las empresas&#8221;.<\/em><\/p>\n<p style=\"font-size:12px;font-family:Arial, sans-serif;\">La sesi\u00f3n ha concluido con una reflexi\u00f3n conjunta acerca de la necesidad de conseguir una coordinaci\u00f3n institucional para que la industria de rodajes pueda afrontar el crecimiento previsto, adem\u00e1s de apostar por el trabajo conjunto, compartiendo informaci\u00f3n y buenas pr\u00e1cticas.\u00a0<\/p>\n<p style=\"font-size:12px;font-family:Arial, sans-serif;\">\u00a0<\/p>\n","protected":false},"excerpt":{"rendered":"<p>El Museo Thyssen de M\u00e1laga ha acogido un encuentro entre actores claves de la industria audiovisual para debatir las oportunidades que ofrece el\u00a0&#8220;Plan Espa\u00f1a, Hub Audiovisual de Espa\u00f1a&#8221;.\u00a0\u00a0El encuentro, organizado [&hellip;]<\/p>\n","protected":false},"author":2,"featured_media":8602,"comment_status":"closed","ping_status":"","sticky":false,"template":"","format":"standard","meta":{"footnotes":""},"categories":[38],"tags":[],"class_list":["post-8601","post","type-post","status-publish","format-standard","has-post-thumbnail","hentry","category-noticias"],"yoast_head":"<!-- This site is optimized with the Yoast SEO plugin v27.3 - https:\/\/yoast.com\/product\/yoast-seo-wordpress\/ -->\n<title>Spain Film Commission destaca el excelente momento de la industria audiovisual espa\u00f1ola en el Festival de M\u00e1laga - Spain Film Commission<\/title>\n<meta name=\"robots\" content=\"index, follow, max-snippet:-1, max-image-preview:large, max-video-preview:-1\" \/>\n<link rel=\"canonical\" href=\"https:\/\/spainfilmcommission.com\/en\/blog\/spain-film-commission-destaca-el-excelente-momento-de-la-industria-audiovisual-espanola-en-el-festival-de-malaga\/\" \/>\n<meta property=\"og:locale\" content=\"en_US\" \/>\n<meta property=\"og:type\" content=\"article\" \/>\n<meta property=\"og:title\" content=\"Spain Film Commission destaca el excelente momento de la industria audiovisual espa\u00f1ola en el Festival de M\u00e1laga - Spain Film Commission\" \/>\n<meta property=\"og:description\" content=\"El Museo Thyssen de M\u00e1laga ha acogido un encuentro entre actores claves de la industria audiovisual para debatir las oportunidades que ofrece el\u00a0&#8220;Plan Espa\u00f1a, Hub Audiovisual de Espa\u00f1a&#8221;.\u00a0\u00a0El encuentro, organizado [&hellip;]\" \/>\n<meta property=\"og:url\" content=\"https:\/\/spainfilmcommission.com\/en\/blog\/spain-film-commission-destaca-el-excelente-momento-de-la-industria-audiovisual-espanola-en-el-festival-de-malaga\/\" \/>\n<meta property=\"og:site_name\" content=\"Spain Film Commission\" \/>\n<meta property=\"article:published_time\" content=\"2022-03-21T22:00:00+00:00\" \/>\n<meta property=\"article:modified_time\" content=\"2025-02-11T07:06:48+00:00\" \/>\n<meta property=\"og:image\" content=\"https:\/\/spainfilmcommission.com\/wp-content\/uploads\/2024\/11\/spain-film-commission-reivindica-el-excelente-momento-de-la-industria-audiovisual-espanola-en-el-festival-de-malaga-254.jpg\" \/>\n\t<meta property=\"og:image:width\" content=\"1170\" \/>\n\t<meta property=\"og:image:height\" content=\"780\" \/>\n\t<meta property=\"og:image:type\" content=\"image\/jpeg\" \/>\n<meta name=\"author\" content=\"studio128k_dam\" \/>\n<meta name=\"twitter:card\" content=\"summary_large_image\" \/>\n<meta name=\"twitter:label1\" content=\"Written by\" \/>\n\t<meta name=\"twitter:data1\" content=\"studio128k_dam\" \/>\n\t<meta name=\"twitter:label2\" content=\"Est. reading time\" \/>\n\t<meta name=\"twitter:data2\" content=\"3 minutes\" \/>\n<script type=\"application\/ld+json\" class=\"yoast-schema-graph\">{\"@context\":\"https:\\\/\\\/schema.org\",\"@graph\":[{\"@type\":\"Article\",\"@id\":\"https:\\\/\\\/spainfilmcommission.com\\\/en\\\/blog\\\/spain-film-commission-destaca-el-excelente-momento-de-la-industria-audiovisual-espanola-en-el-festival-de-malaga\\\/#article\",\"isPartOf\":{\"@id\":\"https:\\\/\\\/spainfilmcommission.com\\\/en\\\/blog\\\/spain-film-commission-destaca-el-excelente-momento-de-la-industria-audiovisual-espanola-en-el-festival-de-malaga\\\/\"},\"author\":{\"name\":\"studio128k_dam\",\"@id\":\"https:\\\/\\\/spainfilmcommission.com\\\/en\\\/#\\\/schema\\\/person\\\/6c014ba6ceac198d178a6a9e61113c9d\"},\"headline\":\"Spain Film Commission destaca el excelente momento de la industria audiovisual espa\u00f1ola en el Festival de M\u00e1laga\",\"datePublished\":\"2022-03-21T22:00:00+00:00\",\"dateModified\":\"2025-02-11T07:06:48+00:00\",\"mainEntityOfPage\":{\"@id\":\"https:\\\/\\\/spainfilmcommission.com\\\/en\\\/blog\\\/spain-film-commission-destaca-el-excelente-momento-de-la-industria-audiovisual-espanola-en-el-festival-de-malaga\\\/\"},\"wordCount\":681,\"publisher\":{\"@id\":\"https:\\\/\\\/spainfilmcommission.com\\\/en\\\/#organization\"},\"image\":{\"@id\":\"https:\\\/\\\/spainfilmcommission.com\\\/en\\\/blog\\\/spain-film-commission-destaca-el-excelente-momento-de-la-industria-audiovisual-espanola-en-el-festival-de-malaga\\\/#primaryimage\"},\"thumbnailUrl\":\"https:\\\/\\\/spainfilmcommission.com\\\/wp-content\\\/uploads\\\/2024\\\/11\\\/spain-film-commission-reivindica-el-excelente-momento-de-la-industria-audiovisual-espanola-en-el-festival-de-malaga-254.jpg\",\"articleSection\":[\"Noticias\"],\"inLanguage\":\"en-US\"},{\"@type\":\"WebPage\",\"@id\":\"https:\\\/\\\/spainfilmcommission.com\\\/en\\\/blog\\\/spain-film-commission-destaca-el-excelente-momento-de-la-industria-audiovisual-espanola-en-el-festival-de-malaga\\\/\",\"url\":\"https:\\\/\\\/spainfilmcommission.com\\\/en\\\/blog\\\/spain-film-commission-destaca-el-excelente-momento-de-la-industria-audiovisual-espanola-en-el-festival-de-malaga\\\/\",\"name\":\"Spain Film Commission destaca el excelente momento de la industria audiovisual espa\u00f1ola en el Festival de M\u00e1laga - Spain Film Commission\",\"isPartOf\":{\"@id\":\"https:\\\/\\\/spainfilmcommission.com\\\/en\\\/#website\"},\"primaryImageOfPage\":{\"@id\":\"https:\\\/\\\/spainfilmcommission.com\\\/en\\\/blog\\\/spain-film-commission-destaca-el-excelente-momento-de-la-industria-audiovisual-espanola-en-el-festival-de-malaga\\\/#primaryimage\"},\"image\":{\"@id\":\"https:\\\/\\\/spainfilmcommission.com\\\/en\\\/blog\\\/spain-film-commission-destaca-el-excelente-momento-de-la-industria-audiovisual-espanola-en-el-festival-de-malaga\\\/#primaryimage\"},\"thumbnailUrl\":\"https:\\\/\\\/spainfilmcommission.com\\\/wp-content\\\/uploads\\\/2024\\\/11\\\/spain-film-commission-reivindica-el-excelente-momento-de-la-industria-audiovisual-espanola-en-el-festival-de-malaga-254.jpg\",\"datePublished\":\"2022-03-21T22:00:00+00:00\",\"dateModified\":\"2025-02-11T07:06:48+00:00\",\"breadcrumb\":{\"@id\":\"https:\\\/\\\/spainfilmcommission.com\\\/en\\\/blog\\\/spain-film-commission-destaca-el-excelente-momento-de-la-industria-audiovisual-espanola-en-el-festival-de-malaga\\\/#breadcrumb\"},\"inLanguage\":\"en-US\",\"potentialAction\":[{\"@type\":\"ReadAction\",\"target\":[\"https:\\\/\\\/spainfilmcommission.com\\\/en\\\/blog\\\/spain-film-commission-destaca-el-excelente-momento-de-la-industria-audiovisual-espanola-en-el-festival-de-malaga\\\/\"]}]},{\"@type\":\"ImageObject\",\"inLanguage\":\"en-US\",\"@id\":\"https:\\\/\\\/spainfilmcommission.com\\\/en\\\/blog\\\/spain-film-commission-destaca-el-excelente-momento-de-la-industria-audiovisual-espanola-en-el-festival-de-malaga\\\/#primaryimage\",\"url\":\"https:\\\/\\\/spainfilmcommission.com\\\/wp-content\\\/uploads\\\/2024\\\/11\\\/spain-film-commission-reivindica-el-excelente-momento-de-la-industria-audiovisual-espanola-en-el-festival-de-malaga-254.jpg\",\"contentUrl\":\"https:\\\/\\\/spainfilmcommission.com\\\/wp-content\\\/uploads\\\/2024\\\/11\\\/spain-film-commission-reivindica-el-excelente-momento-de-la-industria-audiovisual-espanola-en-el-festival-de-malaga-254.jpg\",\"width\":1170,\"height\":780},{\"@type\":\"BreadcrumbList\",\"@id\":\"https:\\\/\\\/spainfilmcommission.com\\\/en\\\/blog\\\/spain-film-commission-destaca-el-excelente-momento-de-la-industria-audiovisual-espanola-en-el-festival-de-malaga\\\/#breadcrumb\",\"itemListElement\":[{\"@type\":\"ListItem\",\"position\":1,\"name\":\"Portada\",\"item\":\"https:\\\/\\\/spainfilmcommission.com\\\/en\\\/\"},{\"@type\":\"ListItem\",\"position\":2,\"name\":\"Spain Film Commission destaca el excelente momento de la industria audiovisual espa\u00f1ola en el Festival de M\u00e1laga\"}]},{\"@type\":\"WebSite\",\"@id\":\"https:\\\/\\\/spainfilmcommission.com\\\/en\\\/#website\",\"url\":\"https:\\\/\\\/spainfilmcommission.com\\\/en\\\/\",\"name\":\"Spain Film Commission\",\"description\":\"\",\"publisher\":{\"@id\":\"https:\\\/\\\/spainfilmcommission.com\\\/en\\\/#organization\"},\"potentialAction\":[{\"@type\":\"SearchAction\",\"target\":{\"@type\":\"EntryPoint\",\"urlTemplate\":\"https:\\\/\\\/spainfilmcommission.com\\\/en\\\/?s={search_term_string}\"},\"query-input\":{\"@type\":\"PropertyValueSpecification\",\"valueRequired\":true,\"valueName\":\"search_term_string\"}}],\"inLanguage\":\"en-US\"},{\"@type\":\"Organization\",\"@id\":\"https:\\\/\\\/spainfilmcommission.com\\\/en\\\/#organization\",\"name\":\"Spain Film Commission\",\"url\":\"https:\\\/\\\/spainfilmcommission.com\\\/en\\\/\",\"logo\":{\"@type\":\"ImageObject\",\"inLanguage\":\"en-US\",\"@id\":\"https:\\\/\\\/spainfilmcommission.com\\\/en\\\/#\\\/schema\\\/logo\\\/image\\\/\",\"url\":\"https:\\\/\\\/spainfilmcommission.com\\\/wp-content\\\/uploads\\\/2024\\\/07\\\/SPC_COLOR.png\",\"contentUrl\":\"https:\\\/\\\/spainfilmcommission.com\\\/wp-content\\\/uploads\\\/2024\\\/07\\\/SPC_COLOR.png\",\"width\":1665,\"height\":1665,\"caption\":\"Spain Film Commission\"},\"image\":{\"@id\":\"https:\\\/\\\/spainfilmcommission.com\\\/en\\\/#\\\/schema\\\/logo\\\/image\\\/\"}},{\"@type\":\"Person\",\"@id\":\"https:\\\/\\\/spainfilmcommission.com\\\/en\\\/#\\\/schema\\\/person\\\/6c014ba6ceac198d178a6a9e61113c9d\",\"name\":\"studio128k_dam\",\"image\":{\"@type\":\"ImageObject\",\"inLanguage\":\"en-US\",\"@id\":\"https:\\\/\\\/secure.gravatar.com\\\/avatar\\\/810f99144a13522c24aa173f9cd8bf079d0e89758af00b5f2938443cd51b31e9?s=96&d=mm&r=g\",\"url\":\"https:\\\/\\\/secure.gravatar.com\\\/avatar\\\/810f99144a13522c24aa173f9cd8bf079d0e89758af00b5f2938443cd51b31e9?s=96&d=mm&r=g\",\"contentUrl\":\"https:\\\/\\\/secure.gravatar.com\\\/avatar\\\/810f99144a13522c24aa173f9cd8bf079d0e89758af00b5f2938443cd51b31e9?s=96&d=mm&r=g\",\"caption\":\"studio128k_dam\"}}]}<\/script>\n<!-- \/ Yoast SEO plugin. -->","yoast_head_json":{"title":"Spain Film Commission destaca el excelente momento de la industria audiovisual espa\u00f1ola en el Festival de M\u00e1laga - Spain Film Commission","robots":{"index":"index","follow":"follow","max-snippet":"max-snippet:-1","max-image-preview":"max-image-preview:large","max-video-preview":"max-video-preview:-1"},"canonical":"https:\/\/spainfilmcommission.com\/en\/blog\/spain-film-commission-destaca-el-excelente-momento-de-la-industria-audiovisual-espanola-en-el-festival-de-malaga\/","og_locale":"en_US","og_type":"article","og_title":"Spain Film Commission destaca el excelente momento de la industria audiovisual espa\u00f1ola en el Festival de M\u00e1laga - Spain Film Commission","og_description":"El Museo Thyssen de M\u00e1laga ha acogido un encuentro entre actores claves de la industria audiovisual para debatir las oportunidades que ofrece el\u00a0&#8220;Plan Espa\u00f1a, Hub Audiovisual de Espa\u00f1a&#8221;.\u00a0\u00a0El encuentro, organizado [&hellip;]","og_url":"https:\/\/spainfilmcommission.com\/en\/blog\/spain-film-commission-destaca-el-excelente-momento-de-la-industria-audiovisual-espanola-en-el-festival-de-malaga\/","og_site_name":"Spain Film Commission","article_published_time":"2022-03-21T22:00:00+00:00","article_modified_time":"2025-02-11T07:06:48+00:00","og_image":[{"width":1170,"height":780,"url":"https:\/\/spainfilmcommission.com\/wp-content\/uploads\/2024\/11\/spain-film-commission-reivindica-el-excelente-momento-de-la-industria-audiovisual-espanola-en-el-festival-de-malaga-254.jpg","type":"image\/jpeg"}],"author":"studio128k_dam","twitter_card":"summary_large_image","twitter_misc":{"Written by":"studio128k_dam","Est. reading time":"3 minutes"},"schema":{"@context":"https:\/\/schema.org","@graph":[{"@type":"Article","@id":"https:\/\/spainfilmcommission.com\/en\/blog\/spain-film-commission-destaca-el-excelente-momento-de-la-industria-audiovisual-espanola-en-el-festival-de-malaga\/#article","isPartOf":{"@id":"https:\/\/spainfilmcommission.com\/en\/blog\/spain-film-commission-destaca-el-excelente-momento-de-la-industria-audiovisual-espanola-en-el-festival-de-malaga\/"},"author":{"name":"studio128k_dam","@id":"https:\/\/spainfilmcommission.com\/en\/#\/schema\/person\/6c014ba6ceac198d178a6a9e61113c9d"},"headline":"Spain Film Commission destaca el excelente momento de la industria audiovisual espa\u00f1ola en el Festival de M\u00e1laga","datePublished":"2022-03-21T22:00:00+00:00","dateModified":"2025-02-11T07:06:48+00:00","mainEntityOfPage":{"@id":"https:\/\/spainfilmcommission.com\/en\/blog\/spain-film-commission-destaca-el-excelente-momento-de-la-industria-audiovisual-espanola-en-el-festival-de-malaga\/"},"wordCount":681,"publisher":{"@id":"https:\/\/spainfilmcommission.com\/en\/#organization"},"image":{"@id":"https:\/\/spainfilmcommission.com\/en\/blog\/spain-film-commission-destaca-el-excelente-momento-de-la-industria-audiovisual-espanola-en-el-festival-de-malaga\/#primaryimage"},"thumbnailUrl":"https:\/\/spainfilmcommission.com\/wp-content\/uploads\/2024\/11\/spain-film-commission-reivindica-el-excelente-momento-de-la-industria-audiovisual-espanola-en-el-festival-de-malaga-254.jpg","articleSection":["Noticias"],"inLanguage":"en-US"},{"@type":"WebPage","@id":"https:\/\/spainfilmcommission.com\/en\/blog\/spain-film-commission-destaca-el-excelente-momento-de-la-industria-audiovisual-espanola-en-el-festival-de-malaga\/","url":"https:\/\/spainfilmcommission.com\/en\/blog\/spain-film-commission-destaca-el-excelente-momento-de-la-industria-audiovisual-espanola-en-el-festival-de-malaga\/","name":"Spain Film Commission destaca el excelente momento de la industria audiovisual espa\u00f1ola en el Festival de M\u00e1laga - Spain Film Commission","isPartOf":{"@id":"https:\/\/spainfilmcommission.com\/en\/#website"},"primaryImageOfPage":{"@id":"https:\/\/spainfilmcommission.com\/en\/blog\/spain-film-commission-destaca-el-excelente-momento-de-la-industria-audiovisual-espanola-en-el-festival-de-malaga\/#primaryimage"},"image":{"@id":"https:\/\/spainfilmcommission.com\/en\/blog\/spain-film-commission-destaca-el-excelente-momento-de-la-industria-audiovisual-espanola-en-el-festival-de-malaga\/#primaryimage"},"thumbnailUrl":"https:\/\/spainfilmcommission.com\/wp-content\/uploads\/2024\/11\/spain-film-commission-reivindica-el-excelente-momento-de-la-industria-audiovisual-espanola-en-el-festival-de-malaga-254.jpg","datePublished":"2022-03-21T22:00:00+00:00","dateModified":"2025-02-11T07:06:48+00:00","breadcrumb":{"@id":"https:\/\/spainfilmcommission.com\/en\/blog\/spain-film-commission-destaca-el-excelente-momento-de-la-industria-audiovisual-espanola-en-el-festival-de-malaga\/#breadcrumb"},"inLanguage":"en-US","potentialAction":[{"@type":"ReadAction","target":["https:\/\/spainfilmcommission.com\/en\/blog\/spain-film-commission-destaca-el-excelente-momento-de-la-industria-audiovisual-espanola-en-el-festival-de-malaga\/"]}]},{"@type":"ImageObject","inLanguage":"en-US","@id":"https:\/\/spainfilmcommission.com\/en\/blog\/spain-film-commission-destaca-el-excelente-momento-de-la-industria-audiovisual-espanola-en-el-festival-de-malaga\/#primaryimage","url":"https:\/\/spainfilmcommission.com\/wp-content\/uploads\/2024\/11\/spain-film-commission-reivindica-el-excelente-momento-de-la-industria-audiovisual-espanola-en-el-festival-de-malaga-254.jpg","contentUrl":"https:\/\/spainfilmcommission.com\/wp-content\/uploads\/2024\/11\/spain-film-commission-reivindica-el-excelente-momento-de-la-industria-audiovisual-espanola-en-el-festival-de-malaga-254.jpg","width":1170,"height":780},{"@type":"BreadcrumbList","@id":"https:\/\/spainfilmcommission.com\/en\/blog\/spain-film-commission-destaca-el-excelente-momento-de-la-industria-audiovisual-espanola-en-el-festival-de-malaga\/#breadcrumb","itemListElement":[{"@type":"ListItem","position":1,"name":"Portada","item":"https:\/\/spainfilmcommission.com\/en\/"},{"@type":"ListItem","position":2,"name":"Spain Film Commission destaca el excelente momento de la industria audiovisual espa\u00f1ola en el Festival de M\u00e1laga"}]},{"@type":"WebSite","@id":"https:\/\/spainfilmcommission.com\/en\/#website","url":"https:\/\/spainfilmcommission.com\/en\/","name":"Spain Film Commission","description":"","publisher":{"@id":"https:\/\/spainfilmcommission.com\/en\/#organization"},"potentialAction":[{"@type":"SearchAction","target":{"@type":"EntryPoint","urlTemplate":"https:\/\/spainfilmcommission.com\/en\/?s={search_term_string}"},"query-input":{"@type":"PropertyValueSpecification","valueRequired":true,"valueName":"search_term_string"}}],"inLanguage":"en-US"},{"@type":"Organization","@id":"https:\/\/spainfilmcommission.com\/en\/#organization","name":"Spain Film Commission","url":"https:\/\/spainfilmcommission.com\/en\/","logo":{"@type":"ImageObject","inLanguage":"en-US","@id":"https:\/\/spainfilmcommission.com\/en\/#\/schema\/logo\/image\/","url":"https:\/\/spainfilmcommission.com\/wp-content\/uploads\/2024\/07\/SPC_COLOR.png","contentUrl":"https:\/\/spainfilmcommission.com\/wp-content\/uploads\/2024\/07\/SPC_COLOR.png","width":1665,"height":1665,"caption":"Spain Film Commission"},"image":{"@id":"https:\/\/spainfilmcommission.com\/en\/#\/schema\/logo\/image\/"}},{"@type":"Person","@id":"https:\/\/spainfilmcommission.com\/en\/#\/schema\/person\/6c014ba6ceac198d178a6a9e61113c9d","name":"studio128k_dam","image":{"@type":"ImageObject","inLanguage":"en-US","@id":"https:\/\/secure.gravatar.com\/avatar\/810f99144a13522c24aa173f9cd8bf079d0e89758af00b5f2938443cd51b31e9?s=96&d=mm&r=g","url":"https:\/\/secure.gravatar.com\/avatar\/810f99144a13522c24aa173f9cd8bf079d0e89758af00b5f2938443cd51b31e9?s=96&d=mm&r=g","contentUrl":"https:\/\/secure.gravatar.com\/avatar\/810f99144a13522c24aa173f9cd8bf079d0e89758af00b5f2938443cd51b31e9?s=96&d=mm&r=g","caption":"studio128k_dam"}}]}},"_links":{"self":[{"href":"https:\/\/spainfilmcommission.com\/en\/wp-json\/wp\/v2\/posts\/8601","targetHints":{"allow":["GET"]}}],"collection":[{"href":"https:\/\/spainfilmcommission.com\/en\/wp-json\/wp\/v2\/posts"}],"about":[{"href":"https:\/\/spainfilmcommission.com\/en\/wp-json\/wp\/v2\/types\/post"}],"author":[{"embeddable":true,"href":"https:\/\/spainfilmcommission.com\/en\/wp-json\/wp\/v2\/users\/2"}],"replies":[{"embeddable":true,"href":"https:\/\/spainfilmcommission.com\/en\/wp-json\/wp\/v2\/comments?post=8601"}],"version-history":[{"count":0,"href":"https:\/\/spainfilmcommission.com\/en\/wp-json\/wp\/v2\/posts\/8601\/revisions"}],"wp:featuredmedia":[{"embeddable":true,"href":"https:\/\/spainfilmcommission.com\/en\/wp-json\/wp\/v2\/media\/8602"}],"wp:attachment":[{"href":"https:\/\/spainfilmcommission.com\/en\/wp-json\/wp\/v2\/media?parent=8601"}],"wp:term":[{"taxonomy":"category","embeddable":true,"href":"https:\/\/spainfilmcommission.com\/en\/wp-json\/wp\/v2\/categories?post=8601"},{"taxonomy":"post_tag","embeddable":true,"href":"https:\/\/spainfilmcommission.com\/en\/wp-json\/wp\/v2\/tags?post=8601"}],"curies":[{"name":"wp","href":"https:\/\/api.w.org\/{rel}","templated":true}]}}