{"id":8598,"date":"2022-03-18T00:00:00","date_gmt":"2022-03-17T22:00:00","guid":{"rendered":"https:\/\/sfc.com\/sfc-reivindica-en-el-festival-de-malaga-el-talento-y-la-fortaleza-de-la-industria-audiovisual-nacional\/"},"modified":"2025-02-11T08:06:48","modified_gmt":"2025-02-11T07:06:48","slug":"sfc-reivindica-en-el-festival-de-malaga-el-talento-y-la-fortaleza-de-la-industria-audiovisual-nacional","status":"publish","type":"post","link":"https:\/\/spainfilmcommission.com\/en\/blog\/sfc-reivindica-en-el-festival-de-malaga-el-talento-y-la-fortaleza-de-la-industria-audiovisual-nacional\/","title":{"rendered":"SFC reivindica en el Festival de M\u00e1laga el talento y la fortaleza de la industria audiovisual nacional"},"content":{"rendered":"<p style=\"margin:0px 0px 10px;font-family:Arial, sans-serif;font-size:12px;text-align:justify;\"><span style=\"font-family:tahoma, geneva, sans-serif;\">El pr\u00f3ximo\u00a0<span style=\"font-weight:700;\">22 de marzo a las 10 horas en el Museo Thyssen,<\/span>\u00a0y en el marco del \u00c1rea de Industria\u00a0del\u00a0<span style=\"font-weight:700;\">Festival de M\u00e1laga<\/span>, Spain Film Commission organiza una mesa redonda sobre\u00a0\u00a0la visi\u00f3n\u00a0y las oportunidades\u00a0que ofrece el\u00a0<span style=\"font-weight:700;\">Plan Espa\u00f1a Hub Audiovisual de Europa<\/span>\u00a0para posicionar nuestro pa\u00eds como\u00a0<span style=\"font-weight:700;\">&#8220;destino premium&#8221;\u00a0<\/span>para la atracci\u00f3n de rodajes internacionales y reforzar el potencial\u00a0de la industria nacional.<\/span><\/p>\n<p style=\"margin:0px 0px 10px;font-family:Arial, sans-serif;font-size:12px;text-align:justify;\"><span style=\"font-family:tahoma, geneva, sans-serif;\"><span style=\"font-weight:700;\">Spain Film Commission<\/span>\u00a0apuesta por\u00a0 la coordinaci\u00f3n interinstitucional y la colaboraci\u00f3n p\u00fablico privada, con la participaci\u00f3n de todos los agentes del sector,\u00a0 para garantizar el \u00e9xito del Plan\u00a0Espa\u00f1a\u00a0Hub Audiovisual de Europa\u00a0y cumplir todos sus objetivos. El momento no puede ser mejor, pero hay que trabajar desde la unidad para transformar Espa\u00f1a en en un gran plat\u00f3 y en una referencia global como\u00a0<span style=\"font-weight:700;\">&#8220;destino premium&#8221;<\/span>\u00a0para rodar de un modo\u00a0seguro, confiable,\u00a0competente y eficaz.\u00a0<\/span><\/p>\n<p style=\"margin:0px 0px 10px;font-family:Arial, sans-serif;font-size:12px;text-align:justify;\"><span style=\"font-family:tahoma, geneva, sans-serif;\">La mesa redonda, organizada por Spain Film Commission, estar\u00e1 moderada por\u00a0<span style=\"font-weight:700;\">John Hopewell<\/span>, editor internacional de Variety, y participar\u00e1n actores claves de la industria audiovisual espa\u00f1ola:\u00a0<\/span><\/p>\n<p style=\"margin:0px 0px 10px;font-family:Arial, sans-serif;font-size:12px;text-align:justify;\"><span style=\"font-family:tahoma, geneva, sans-serif;\">&#8211;\u00a0<span style=\"font-weight:700;\">Rosa Garc\u00eda<\/span>, Presidenta de la Red de Clusters Audiovisuales de Espa\u00f1a,\u00a0<span style=\"font-weight:700;\">REDCAU<\/span><br \/>\n&#8211;\u00a0<span style=\"font-weight:700;\">Roberto Sacrist\u00e1n<\/span>, Presidente de la Alianza Industria Audiovisual,\u00a0<span style=\"font-weight:700;\">ALIA\u00a0<\/span><br \/>\n&#8211;\u00a0<span style=\"font-weight:700;\">Fernando Victoria de Lecea<\/span>, Presidente de\u00a0Productoras Espa\u00f1olas de Audiovisual Internacional,\u00a0<span style=\"font-weight:700;\">PROFILM.<\/span><\/span><\/p>\n<p style=\"margin:0px 0px 10px;font-family:Arial, sans-serif;font-size:12px;text-align:justify;\"><span style=\"font-family:tahoma, geneva, sans-serif;\">&#8211;<span style=\"font-weight:700;\">\u00a0Carlos Rosado<\/span>, Presidente de\u00a0<span style=\"font-weight:700;\">Spain Film Commission\u00a0<\/span><\/span><\/p>\n<p style=\"margin:0px 0px 10px;font-family:Arial, sans-serif;font-size:12px;text-align:justify;\"><span style=\"font-family:tahoma, geneva, sans-serif;\">La entrada es libre, tanto para personas acreditadas como para\u00a0p\u00fablico en general.<\/span><\/p>\n<h3 style=\"font-family:Arial, sans-serif;font-weight:600;line-height:1.1;color:rgb(225,11,19);margin-top:20px;margin-bottom:10px;font-size:12px;text-transform:uppercase;text-align:justify;\"><span style=\"font-family:tahoma, geneva, sans-serif;\"><span style=\"font-size:14px;\">#SHOOTINGINSPAIN\u00a0#RUEDAENESPA\u00d1A\u00a0\u00a0<span class=\"r-18u37iz\">#SPAINAVSHUB<\/span><\/span><\/span><\/h3>\n<div>\u00a0<\/div>\n","protected":false},"excerpt":{"rendered":"<p>SPAIN FILM COMMISSION REIVINDICA EN EL FESTIVAL DE M\u00c1LAGA EL TALENTO Y LA FORTALEZA DE LA INDUSTRIA AUDIOVISUAL NACIONAL<\/p>\n","protected":false},"author":2,"featured_media":8599,"comment_status":"closed","ping_status":"","sticky":false,"template":"","format":"standard","meta":{"footnotes":""},"categories":[38],"tags":[],"class_list":["post-8598","post","type-post","status-publish","format-standard","has-post-thumbnail","hentry","category-noticias"],"yoast_head":"<!-- This site is optimized with the Yoast SEO plugin v27.3 - https:\/\/yoast.com\/product\/yoast-seo-wordpress\/ -->\n<title>SFC reivindica en el Festival de M\u00e1laga el talento y la fortaleza de la industria audiovisual nacional - Spain Film Commission<\/title>\n<meta name=\"robots\" content=\"index, follow, max-snippet:-1, max-image-preview:large, max-video-preview:-1\" \/>\n<link rel=\"canonical\" href=\"https:\/\/spainfilmcommission.com\/en\/blog\/sfc-reivindica-en-el-festival-de-malaga-el-talento-y-la-fortaleza-de-la-industria-audiovisual-nacional\/\" \/>\n<meta property=\"og:locale\" content=\"en_US\" \/>\n<meta property=\"og:type\" content=\"article\" \/>\n<meta property=\"og:title\" content=\"SFC reivindica en el Festival de M\u00e1laga el talento y la fortaleza de la industria audiovisual nacional - Spain Film Commission\" \/>\n<meta property=\"og:description\" content=\"SPAIN FILM COMMISSION REIVINDICA EN EL FESTIVAL DE M\u00c1LAGA EL TALENTO Y LA FORTALEZA DE LA INDUSTRIA AUDIOVISUAL NACIONAL\" \/>\n<meta property=\"og:url\" content=\"https:\/\/spainfilmcommission.com\/en\/blog\/sfc-reivindica-en-el-festival-de-malaga-el-talento-y-la-fortaleza-de-la-industria-audiovisual-nacional\/\" \/>\n<meta property=\"og:site_name\" content=\"Spain Film Commission\" \/>\n<meta property=\"article:published_time\" content=\"2022-03-17T22:00:00+00:00\" \/>\n<meta property=\"article:modified_time\" content=\"2025-02-11T07:06:48+00:00\" \/>\n<meta property=\"og:image\" content=\"https:\/\/spainfilmcommission.com\/wp-content\/uploads\/2024\/11\/sfc-reivindica-en-el-festival-de-malaga-el-talento-y-la-fortaleza-de-la-industria-audiovisual-nacional-253.jpg\" \/>\n\t<meta property=\"og:image:width\" content=\"1170\" \/>\n\t<meta property=\"og:image:height\" content=\"658\" \/>\n\t<meta property=\"og:image:type\" content=\"image\/jpeg\" \/>\n<meta name=\"author\" content=\"studio128k_dam\" \/>\n<meta name=\"twitter:card\" content=\"summary_large_image\" \/>\n<meta name=\"twitter:label1\" content=\"Written by\" \/>\n\t<meta name=\"twitter:data1\" content=\"studio128k_dam\" \/>\n\t<meta name=\"twitter:label2\" content=\"Est. reading time\" \/>\n\t<meta name=\"twitter:data2\" content=\"1 minute\" \/>\n<script type=\"application\/ld+json\" class=\"yoast-schema-graph\">{\"@context\":\"https:\\\/\\\/schema.org\",\"@graph\":[{\"@type\":\"Article\",\"@id\":\"https:\\\/\\\/spainfilmcommission.com\\\/en\\\/blog\\\/sfc-reivindica-en-el-festival-de-malaga-el-talento-y-la-fortaleza-de-la-industria-audiovisual-nacional\\\/#article\",\"isPartOf\":{\"@id\":\"https:\\\/\\\/spainfilmcommission.com\\\/en\\\/blog\\\/sfc-reivindica-en-el-festival-de-malaga-el-talento-y-la-fortaleza-de-la-industria-audiovisual-nacional\\\/\"},\"author\":{\"name\":\"studio128k_dam\",\"@id\":\"https:\\\/\\\/spainfilmcommission.com\\\/en\\\/#\\\/schema\\\/person\\\/6c014ba6ceac198d178a6a9e61113c9d\"},\"headline\":\"SFC reivindica en el Festival de M\u00e1laga el talento y la fortaleza de la industria audiovisual nacional\",\"datePublished\":\"2022-03-17T22:00:00+00:00\",\"dateModified\":\"2025-02-11T07:06:48+00:00\",\"mainEntityOfPage\":{\"@id\":\"https:\\\/\\\/spainfilmcommission.com\\\/en\\\/blog\\\/sfc-reivindica-en-el-festival-de-malaga-el-talento-y-la-fortaleza-de-la-industria-audiovisual-nacional\\\/\"},\"wordCount\":267,\"publisher\":{\"@id\":\"https:\\\/\\\/spainfilmcommission.com\\\/en\\\/#organization\"},\"image\":{\"@id\":\"https:\\\/\\\/spainfilmcommission.com\\\/en\\\/blog\\\/sfc-reivindica-en-el-festival-de-malaga-el-talento-y-la-fortaleza-de-la-industria-audiovisual-nacional\\\/#primaryimage\"},\"thumbnailUrl\":\"https:\\\/\\\/spainfilmcommission.com\\\/wp-content\\\/uploads\\\/2024\\\/11\\\/sfc-reivindica-en-el-festival-de-malaga-el-talento-y-la-fortaleza-de-la-industria-audiovisual-nacional-253.jpg\",\"articleSection\":[\"Noticias\"],\"inLanguage\":\"en-US\"},{\"@type\":\"WebPage\",\"@id\":\"https:\\\/\\\/spainfilmcommission.com\\\/en\\\/blog\\\/sfc-reivindica-en-el-festival-de-malaga-el-talento-y-la-fortaleza-de-la-industria-audiovisual-nacional\\\/\",\"url\":\"https:\\\/\\\/spainfilmcommission.com\\\/en\\\/blog\\\/sfc-reivindica-en-el-festival-de-malaga-el-talento-y-la-fortaleza-de-la-industria-audiovisual-nacional\\\/\",\"name\":\"SFC reivindica en el Festival de M\u00e1laga el talento y la fortaleza de la industria audiovisual nacional - Spain Film Commission\",\"isPartOf\":{\"@id\":\"https:\\\/\\\/spainfilmcommission.com\\\/en\\\/#website\"},\"primaryImageOfPage\":{\"@id\":\"https:\\\/\\\/spainfilmcommission.com\\\/en\\\/blog\\\/sfc-reivindica-en-el-festival-de-malaga-el-talento-y-la-fortaleza-de-la-industria-audiovisual-nacional\\\/#primaryimage\"},\"image\":{\"@id\":\"https:\\\/\\\/spainfilmcommission.com\\\/en\\\/blog\\\/sfc-reivindica-en-el-festival-de-malaga-el-talento-y-la-fortaleza-de-la-industria-audiovisual-nacional\\\/#primaryimage\"},\"thumbnailUrl\":\"https:\\\/\\\/spainfilmcommission.com\\\/wp-content\\\/uploads\\\/2024\\\/11\\\/sfc-reivindica-en-el-festival-de-malaga-el-talento-y-la-fortaleza-de-la-industria-audiovisual-nacional-253.jpg\",\"datePublished\":\"2022-03-17T22:00:00+00:00\",\"dateModified\":\"2025-02-11T07:06:48+00:00\",\"breadcrumb\":{\"@id\":\"https:\\\/\\\/spainfilmcommission.com\\\/en\\\/blog\\\/sfc-reivindica-en-el-festival-de-malaga-el-talento-y-la-fortaleza-de-la-industria-audiovisual-nacional\\\/#breadcrumb\"},\"inLanguage\":\"en-US\",\"potentialAction\":[{\"@type\":\"ReadAction\",\"target\":[\"https:\\\/\\\/spainfilmcommission.com\\\/en\\\/blog\\\/sfc-reivindica-en-el-festival-de-malaga-el-talento-y-la-fortaleza-de-la-industria-audiovisual-nacional\\\/\"]}]},{\"@type\":\"ImageObject\",\"inLanguage\":\"en-US\",\"@id\":\"https:\\\/\\\/spainfilmcommission.com\\\/en\\\/blog\\\/sfc-reivindica-en-el-festival-de-malaga-el-talento-y-la-fortaleza-de-la-industria-audiovisual-nacional\\\/#primaryimage\",\"url\":\"https:\\\/\\\/spainfilmcommission.com\\\/wp-content\\\/uploads\\\/2024\\\/11\\\/sfc-reivindica-en-el-festival-de-malaga-el-talento-y-la-fortaleza-de-la-industria-audiovisual-nacional-253.jpg\",\"contentUrl\":\"https:\\\/\\\/spainfilmcommission.com\\\/wp-content\\\/uploads\\\/2024\\\/11\\\/sfc-reivindica-en-el-festival-de-malaga-el-talento-y-la-fortaleza-de-la-industria-audiovisual-nacional-253.jpg\",\"width\":1170,\"height\":658},{\"@type\":\"BreadcrumbList\",\"@id\":\"https:\\\/\\\/spainfilmcommission.com\\\/en\\\/blog\\\/sfc-reivindica-en-el-festival-de-malaga-el-talento-y-la-fortaleza-de-la-industria-audiovisual-nacional\\\/#breadcrumb\",\"itemListElement\":[{\"@type\":\"ListItem\",\"position\":1,\"name\":\"Portada\",\"item\":\"https:\\\/\\\/spainfilmcommission.com\\\/en\\\/\"},{\"@type\":\"ListItem\",\"position\":2,\"name\":\"SFC reivindica en el Festival de M\u00e1laga el talento y la fortaleza de la industria audiovisual nacional\"}]},{\"@type\":\"WebSite\",\"@id\":\"https:\\\/\\\/spainfilmcommission.com\\\/en\\\/#website\",\"url\":\"https:\\\/\\\/spainfilmcommission.com\\\/en\\\/\",\"name\":\"Spain Film Commission\",\"description\":\"\",\"publisher\":{\"@id\":\"https:\\\/\\\/spainfilmcommission.com\\\/en\\\/#organization\"},\"potentialAction\":[{\"@type\":\"SearchAction\",\"target\":{\"@type\":\"EntryPoint\",\"urlTemplate\":\"https:\\\/\\\/spainfilmcommission.com\\\/en\\\/?s={search_term_string}\"},\"query-input\":{\"@type\":\"PropertyValueSpecification\",\"valueRequired\":true,\"valueName\":\"search_term_string\"}}],\"inLanguage\":\"en-US\"},{\"@type\":\"Organization\",\"@id\":\"https:\\\/\\\/spainfilmcommission.com\\\/en\\\/#organization\",\"name\":\"Spain Film Commission\",\"url\":\"https:\\\/\\\/spainfilmcommission.com\\\/en\\\/\",\"logo\":{\"@type\":\"ImageObject\",\"inLanguage\":\"en-US\",\"@id\":\"https:\\\/\\\/spainfilmcommission.com\\\/en\\\/#\\\/schema\\\/logo\\\/image\\\/\",\"url\":\"https:\\\/\\\/spainfilmcommission.com\\\/wp-content\\\/uploads\\\/2024\\\/07\\\/SPC_COLOR.png\",\"contentUrl\":\"https:\\\/\\\/spainfilmcommission.com\\\/wp-content\\\/uploads\\\/2024\\\/07\\\/SPC_COLOR.png\",\"width\":1665,\"height\":1665,\"caption\":\"Spain Film Commission\"},\"image\":{\"@id\":\"https:\\\/\\\/spainfilmcommission.com\\\/en\\\/#\\\/schema\\\/logo\\\/image\\\/\"}},{\"@type\":\"Person\",\"@id\":\"https:\\\/\\\/spainfilmcommission.com\\\/en\\\/#\\\/schema\\\/person\\\/6c014ba6ceac198d178a6a9e61113c9d\",\"name\":\"studio128k_dam\",\"image\":{\"@type\":\"ImageObject\",\"inLanguage\":\"en-US\",\"@id\":\"https:\\\/\\\/secure.gravatar.com\\\/avatar\\\/810f99144a13522c24aa173f9cd8bf079d0e89758af00b5f2938443cd51b31e9?s=96&d=mm&r=g\",\"url\":\"https:\\\/\\\/secure.gravatar.com\\\/avatar\\\/810f99144a13522c24aa173f9cd8bf079d0e89758af00b5f2938443cd51b31e9?s=96&d=mm&r=g\",\"contentUrl\":\"https:\\\/\\\/secure.gravatar.com\\\/avatar\\\/810f99144a13522c24aa173f9cd8bf079d0e89758af00b5f2938443cd51b31e9?s=96&d=mm&r=g\",\"caption\":\"studio128k_dam\"}}]}<\/script>\n<!-- \/ Yoast SEO plugin. -->","yoast_head_json":{"title":"SFC reivindica en el Festival de M\u00e1laga el talento y la fortaleza de la industria audiovisual nacional - Spain Film Commission","robots":{"index":"index","follow":"follow","max-snippet":"max-snippet:-1","max-image-preview":"max-image-preview:large","max-video-preview":"max-video-preview:-1"},"canonical":"https:\/\/spainfilmcommission.com\/en\/blog\/sfc-reivindica-en-el-festival-de-malaga-el-talento-y-la-fortaleza-de-la-industria-audiovisual-nacional\/","og_locale":"en_US","og_type":"article","og_title":"SFC reivindica en el Festival de M\u00e1laga el talento y la fortaleza de la industria audiovisual nacional - Spain Film Commission","og_description":"SPAIN FILM COMMISSION REIVINDICA EN EL FESTIVAL DE M\u00c1LAGA EL TALENTO Y LA FORTALEZA DE LA INDUSTRIA AUDIOVISUAL NACIONAL","og_url":"https:\/\/spainfilmcommission.com\/en\/blog\/sfc-reivindica-en-el-festival-de-malaga-el-talento-y-la-fortaleza-de-la-industria-audiovisual-nacional\/","og_site_name":"Spain Film Commission","article_published_time":"2022-03-17T22:00:00+00:00","article_modified_time":"2025-02-11T07:06:48+00:00","og_image":[{"width":1170,"height":658,"url":"https:\/\/spainfilmcommission.com\/wp-content\/uploads\/2024\/11\/sfc-reivindica-en-el-festival-de-malaga-el-talento-y-la-fortaleza-de-la-industria-audiovisual-nacional-253.jpg","type":"image\/jpeg"}],"author":"studio128k_dam","twitter_card":"summary_large_image","twitter_misc":{"Written by":"studio128k_dam","Est. reading time":"1 minute"},"schema":{"@context":"https:\/\/schema.org","@graph":[{"@type":"Article","@id":"https:\/\/spainfilmcommission.com\/en\/blog\/sfc-reivindica-en-el-festival-de-malaga-el-talento-y-la-fortaleza-de-la-industria-audiovisual-nacional\/#article","isPartOf":{"@id":"https:\/\/spainfilmcommission.com\/en\/blog\/sfc-reivindica-en-el-festival-de-malaga-el-talento-y-la-fortaleza-de-la-industria-audiovisual-nacional\/"},"author":{"name":"studio128k_dam","@id":"https:\/\/spainfilmcommission.com\/en\/#\/schema\/person\/6c014ba6ceac198d178a6a9e61113c9d"},"headline":"SFC reivindica en el Festival de M\u00e1laga el talento y la fortaleza de la industria audiovisual nacional","datePublished":"2022-03-17T22:00:00+00:00","dateModified":"2025-02-11T07:06:48+00:00","mainEntityOfPage":{"@id":"https:\/\/spainfilmcommission.com\/en\/blog\/sfc-reivindica-en-el-festival-de-malaga-el-talento-y-la-fortaleza-de-la-industria-audiovisual-nacional\/"},"wordCount":267,"publisher":{"@id":"https:\/\/spainfilmcommission.com\/en\/#organization"},"image":{"@id":"https:\/\/spainfilmcommission.com\/en\/blog\/sfc-reivindica-en-el-festival-de-malaga-el-talento-y-la-fortaleza-de-la-industria-audiovisual-nacional\/#primaryimage"},"thumbnailUrl":"https:\/\/spainfilmcommission.com\/wp-content\/uploads\/2024\/11\/sfc-reivindica-en-el-festival-de-malaga-el-talento-y-la-fortaleza-de-la-industria-audiovisual-nacional-253.jpg","articleSection":["Noticias"],"inLanguage":"en-US"},{"@type":"WebPage","@id":"https:\/\/spainfilmcommission.com\/en\/blog\/sfc-reivindica-en-el-festival-de-malaga-el-talento-y-la-fortaleza-de-la-industria-audiovisual-nacional\/","url":"https:\/\/spainfilmcommission.com\/en\/blog\/sfc-reivindica-en-el-festival-de-malaga-el-talento-y-la-fortaleza-de-la-industria-audiovisual-nacional\/","name":"SFC reivindica en el Festival de M\u00e1laga el talento y la fortaleza de la industria audiovisual nacional - Spain Film Commission","isPartOf":{"@id":"https:\/\/spainfilmcommission.com\/en\/#website"},"primaryImageOfPage":{"@id":"https:\/\/spainfilmcommission.com\/en\/blog\/sfc-reivindica-en-el-festival-de-malaga-el-talento-y-la-fortaleza-de-la-industria-audiovisual-nacional\/#primaryimage"},"image":{"@id":"https:\/\/spainfilmcommission.com\/en\/blog\/sfc-reivindica-en-el-festival-de-malaga-el-talento-y-la-fortaleza-de-la-industria-audiovisual-nacional\/#primaryimage"},"thumbnailUrl":"https:\/\/spainfilmcommission.com\/wp-content\/uploads\/2024\/11\/sfc-reivindica-en-el-festival-de-malaga-el-talento-y-la-fortaleza-de-la-industria-audiovisual-nacional-253.jpg","datePublished":"2022-03-17T22:00:00+00:00","dateModified":"2025-02-11T07:06:48+00:00","breadcrumb":{"@id":"https:\/\/spainfilmcommission.com\/en\/blog\/sfc-reivindica-en-el-festival-de-malaga-el-talento-y-la-fortaleza-de-la-industria-audiovisual-nacional\/#breadcrumb"},"inLanguage":"en-US","potentialAction":[{"@type":"ReadAction","target":["https:\/\/spainfilmcommission.com\/en\/blog\/sfc-reivindica-en-el-festival-de-malaga-el-talento-y-la-fortaleza-de-la-industria-audiovisual-nacional\/"]}]},{"@type":"ImageObject","inLanguage":"en-US","@id":"https:\/\/spainfilmcommission.com\/en\/blog\/sfc-reivindica-en-el-festival-de-malaga-el-talento-y-la-fortaleza-de-la-industria-audiovisual-nacional\/#primaryimage","url":"https:\/\/spainfilmcommission.com\/wp-content\/uploads\/2024\/11\/sfc-reivindica-en-el-festival-de-malaga-el-talento-y-la-fortaleza-de-la-industria-audiovisual-nacional-253.jpg","contentUrl":"https:\/\/spainfilmcommission.com\/wp-content\/uploads\/2024\/11\/sfc-reivindica-en-el-festival-de-malaga-el-talento-y-la-fortaleza-de-la-industria-audiovisual-nacional-253.jpg","width":1170,"height":658},{"@type":"BreadcrumbList","@id":"https:\/\/spainfilmcommission.com\/en\/blog\/sfc-reivindica-en-el-festival-de-malaga-el-talento-y-la-fortaleza-de-la-industria-audiovisual-nacional\/#breadcrumb","itemListElement":[{"@type":"ListItem","position":1,"name":"Portada","item":"https:\/\/spainfilmcommission.com\/en\/"},{"@type":"ListItem","position":2,"name":"SFC reivindica en el Festival de M\u00e1laga el talento y la fortaleza de la industria audiovisual nacional"}]},{"@type":"WebSite","@id":"https:\/\/spainfilmcommission.com\/en\/#website","url":"https:\/\/spainfilmcommission.com\/en\/","name":"Spain Film Commission","description":"","publisher":{"@id":"https:\/\/spainfilmcommission.com\/en\/#organization"},"potentialAction":[{"@type":"SearchAction","target":{"@type":"EntryPoint","urlTemplate":"https:\/\/spainfilmcommission.com\/en\/?s={search_term_string}"},"query-input":{"@type":"PropertyValueSpecification","valueRequired":true,"valueName":"search_term_string"}}],"inLanguage":"en-US"},{"@type":"Organization","@id":"https:\/\/spainfilmcommission.com\/en\/#organization","name":"Spain Film Commission","url":"https:\/\/spainfilmcommission.com\/en\/","logo":{"@type":"ImageObject","inLanguage":"en-US","@id":"https:\/\/spainfilmcommission.com\/en\/#\/schema\/logo\/image\/","url":"https:\/\/spainfilmcommission.com\/wp-content\/uploads\/2024\/07\/SPC_COLOR.png","contentUrl":"https:\/\/spainfilmcommission.com\/wp-content\/uploads\/2024\/07\/SPC_COLOR.png","width":1665,"height":1665,"caption":"Spain Film Commission"},"image":{"@id":"https:\/\/spainfilmcommission.com\/en\/#\/schema\/logo\/image\/"}},{"@type":"Person","@id":"https:\/\/spainfilmcommission.com\/en\/#\/schema\/person\/6c014ba6ceac198d178a6a9e61113c9d","name":"studio128k_dam","image":{"@type":"ImageObject","inLanguage":"en-US","@id":"https:\/\/secure.gravatar.com\/avatar\/810f99144a13522c24aa173f9cd8bf079d0e89758af00b5f2938443cd51b31e9?s=96&d=mm&r=g","url":"https:\/\/secure.gravatar.com\/avatar\/810f99144a13522c24aa173f9cd8bf079d0e89758af00b5f2938443cd51b31e9?s=96&d=mm&r=g","contentUrl":"https:\/\/secure.gravatar.com\/avatar\/810f99144a13522c24aa173f9cd8bf079d0e89758af00b5f2938443cd51b31e9?s=96&d=mm&r=g","caption":"studio128k_dam"}}]}},"_links":{"self":[{"href":"https:\/\/spainfilmcommission.com\/en\/wp-json\/wp\/v2\/posts\/8598","targetHints":{"allow":["GET"]}}],"collection":[{"href":"https:\/\/spainfilmcommission.com\/en\/wp-json\/wp\/v2\/posts"}],"about":[{"href":"https:\/\/spainfilmcommission.com\/en\/wp-json\/wp\/v2\/types\/post"}],"author":[{"embeddable":true,"href":"https:\/\/spainfilmcommission.com\/en\/wp-json\/wp\/v2\/users\/2"}],"replies":[{"embeddable":true,"href":"https:\/\/spainfilmcommission.com\/en\/wp-json\/wp\/v2\/comments?post=8598"}],"version-history":[{"count":0,"href":"https:\/\/spainfilmcommission.com\/en\/wp-json\/wp\/v2\/posts\/8598\/revisions"}],"wp:featuredmedia":[{"embeddable":true,"href":"https:\/\/spainfilmcommission.com\/en\/wp-json\/wp\/v2\/media\/8599"}],"wp:attachment":[{"href":"https:\/\/spainfilmcommission.com\/en\/wp-json\/wp\/v2\/media?parent=8598"}],"wp:term":[{"taxonomy":"category","embeddable":true,"href":"https:\/\/spainfilmcommission.com\/en\/wp-json\/wp\/v2\/categories?post=8598"},{"taxonomy":"post_tag","embeddable":true,"href":"https:\/\/spainfilmcommission.com\/en\/wp-json\/wp\/v2\/tags?post=8598"}],"curies":[{"name":"wp","href":"https:\/\/api.w.org\/{rel}","templated":true}]}}