{"id":8592,"date":"2022-02-10T00:00:00","date_gmt":"2022-02-09T22:00:00","guid":{"rendered":"https:\/\/sfc.com\/el-european-film-market-retoma-la-presencialidad\/"},"modified":"2025-02-11T08:06:48","modified_gmt":"2025-02-11T07:06:48","slug":"el-european-film-market-retoma-la-presencialidad","status":"publish","type":"post","link":"https:\/\/spainfilmcommission.com\/en\/blog\/el-european-film-market-retoma-la-presencialidad\/","title":{"rendered":"El European Film Market retoma la presencialidad"},"content":{"rendered":"<p style=\"text-align:justify;\">El 72\u00ba Festival Internacional de Cine de Berl\u00edn di\u00f3 comienzo hoy y\u00a0se llevar\u00e1 a cabo hasta el\u00a020 de febrero, como un evento presencial.\u00a0<\/p>\n<p style=\"text-align:justify;\">El <a href=\"https:\/\/www.efm-berlinale.de\/en\/home\/homepage.html\" target=\"_blank\">European Film Market<\/a> (10-17 de febrero), el Berlinale Co-Production Market (12-16 de febrero), Berlinale Talents (12-17 de febrero) y el World Cinema Fund se centrar\u00e1n en las ofertas presenciales . Adem\u00e1s, proporcionar\u00e1n formatos en l\u00ednea.<\/p>\n<p style=\"text-align:justify;\">El European Film Market, tendr\u00e1 lugar del 10 al 17 de febrero, nuevamente con sus espacios expositivos Gropius Bau y el Hotel Marriott, este a\u00f1o bajo el lema &#8216;Todo recomienza aqu\u00ed&#8217;.\u00a0<\/p>\n<p style=\"text-align:justify;\">Adem\u00e1s de servir como plataforma para el comercio de licencias, incluidas numerosas proyecciones de mercado en los cines cercanos y en l\u00ednea en el sitio web de EFM, como de costumbre, el mercado ser\u00e1 un escenario para la innovaci\u00f3n y el cambio en la era de la transformaci\u00f3n digital en las industrias cinematogr\u00e1fica y de medios. Con su propia ubicaci\u00f3n especial en Potsdamer Platz y una multitud de eventos individuales h\u00edbridos sobre el status quo actual y las tendencias de la industria, las &#8220;Sesiones de la industria de EFM&#8221; de 2022 tambi\u00e9n brindar\u00e1n oportunidades para establecer contactos personales. Adem\u00e1s, el &#8220;Berlinale Series Market&#8221; (del 14 al 16 de febrero) acoger\u00e1 una selecci\u00f3n de proyecciones de mercado y un programa de conferencias de alto nivel sobre el tema &#8216;High-End Series&#8217;.<\/p>\n<p style=\"text-align:justify;\">El Mercado de Coproducci\u00f3n de la Berlinale 2022 ampliar\u00e1 sus eventos presenciales para incluir acceso digital, lo que permitir\u00e1 a los participantes que no viajen a Berl\u00edn seguir la mayor parte del programa. Las reuniones individuales en Berl\u00edn se complementar\u00e1n con otras en l\u00ednea.<\/p>\n<p style=\"text-align:justify;\"><strong>Spain Film Commission, con el objetivo de dar a conocer el sistema de incentivos fiscales<\/strong> &#8211; para rodajes internacionales al 30% en territorio com\u00fan, al 35% en Navarra y al 50% en Canarias.- asiste un a\u00f1o m\u00e1s.\u00a0El <strong>stand virtual<\/strong> de SFC cuenta adem\u00e1s con \u00e1reas con informaci\u00f3n sobre localizaciones, industria, y las medidas sanitarias vigentes para promover los rodajes seguros.\u00a0<\/p>\n<p style=\"text-align:justify;\">\u00a0<\/p>\n<div class=\"col-md-6 col-sm-7\" style=\"padding-right:15px;padding-left:15px;float:left;width:585px;font-family:'Fira Sans', sans-serif;font-size:15px;\">\n<h3 style=\"font-family:Arial, sans-serif;font-weight:600;line-height:1.1;color:rgb(225,11,19);margin-top:20px;margin-bottom:10px;font-size:12px;text-transform:uppercase;text-align:justify;\"><span style=\"font-size:16px;\">#SHOOTINGINSPAIn<\/span><\/h3>\n<h3 style=\"font-family:Arial, sans-serif;font-weight:600;line-height:1.1;color:rgb(225,11,19);margin-top:20px;margin-bottom:10px;font-size:12px;text-transform:uppercase;text-align:justify;\"><span style=\"font-size:16px;\">#whereyourprojectscometrue<\/span><\/h3>\n<h3 style=\"font-family:Arial, sans-serif;font-weight:600;line-height:1.1;color:rgb(225,11,19);margin-top:20px;margin-bottom:10px;font-size:12px;text-transform:uppercase;text-align:justify;\"><span style=\"font-size:16px;\">#spainavhub\u00a0<\/span><\/h3>\n<div>\u00a0<\/div>\n<\/div>\n","protected":false},"excerpt":{"rendered":"<p>El 72\u00ba Festival Internacional de Cine de Berl\u00edn di\u00f3 comienzo hoy y\u00a0se llevar\u00e1 a cabo hasta el\u00a020 de febrero, como un evento presencial.\u00a0 El European Film Market (10-17 de febrero), [&hellip;]<\/p>\n","protected":false},"author":2,"featured_media":8593,"comment_status":"closed","ping_status":"","sticky":false,"template":"","format":"standard","meta":{"footnotes":""},"categories":[38],"tags":[],"class_list":["post-8592","post","type-post","status-publish","format-standard","has-post-thumbnail","hentry","category-noticias"],"yoast_head":"<!-- This site is optimized with the Yoast SEO plugin v27.3 - https:\/\/yoast.com\/product\/yoast-seo-wordpress\/ -->\n<title>El European Film Market retoma la presencialidad - Spain Film Commission<\/title>\n<meta name=\"robots\" content=\"index, follow, max-snippet:-1, max-image-preview:large, max-video-preview:-1\" \/>\n<link rel=\"canonical\" href=\"https:\/\/spainfilmcommission.com\/en\/blog\/el-european-film-market-retoma-la-presencialidad\/\" \/>\n<meta property=\"og:locale\" content=\"en_US\" \/>\n<meta property=\"og:type\" content=\"article\" \/>\n<meta property=\"og:title\" content=\"El European Film Market retoma la presencialidad - Spain Film Commission\" \/>\n<meta property=\"og:description\" content=\"El 72\u00ba Festival Internacional de Cine de Berl\u00edn di\u00f3 comienzo hoy y\u00a0se llevar\u00e1 a cabo hasta el\u00a020 de febrero, como un evento presencial.\u00a0 El European Film Market (10-17 de febrero), [&hellip;]\" \/>\n<meta property=\"og:url\" content=\"https:\/\/spainfilmcommission.com\/en\/blog\/el-european-film-market-retoma-la-presencialidad\/\" \/>\n<meta property=\"og:site_name\" content=\"Spain Film Commission\" \/>\n<meta property=\"article:published_time\" content=\"2022-02-09T22:00:00+00:00\" \/>\n<meta property=\"article:modified_time\" content=\"2025-02-11T07:06:48+00:00\" \/>\n<meta property=\"og:image\" content=\"https:\/\/spainfilmcommission.com\/wp-content\/uploads\/2024\/11\/el-european-film-market-retoma-la-presencialidad-con-un-formato-hibrido-251.png\" \/>\n\t<meta property=\"og:image:width\" content=\"995\" \/>\n\t<meta property=\"og:image:height\" content=\"333\" \/>\n\t<meta property=\"og:image:type\" content=\"image\/png\" \/>\n<meta name=\"author\" content=\"studio128k_dam\" \/>\n<meta name=\"twitter:card\" content=\"summary_large_image\" \/>\n<meta name=\"twitter:label1\" content=\"Written by\" \/>\n\t<meta name=\"twitter:data1\" content=\"studio128k_dam\" \/>\n\t<meta name=\"twitter:label2\" content=\"Est. reading time\" \/>\n\t<meta name=\"twitter:data2\" content=\"2 minutes\" \/>\n<script type=\"application\/ld+json\" class=\"yoast-schema-graph\">{\"@context\":\"https:\\\/\\\/schema.org\",\"@graph\":[{\"@type\":\"Article\",\"@id\":\"https:\\\/\\\/spainfilmcommission.com\\\/en\\\/blog\\\/el-european-film-market-retoma-la-presencialidad\\\/#article\",\"isPartOf\":{\"@id\":\"https:\\\/\\\/spainfilmcommission.com\\\/en\\\/blog\\\/el-european-film-market-retoma-la-presencialidad\\\/\"},\"author\":{\"name\":\"studio128k_dam\",\"@id\":\"https:\\\/\\\/spainfilmcommission.com\\\/en\\\/#\\\/schema\\\/person\\\/6c014ba6ceac198d178a6a9e61113c9d\"},\"headline\":\"El European Film Market retoma la presencialidad\",\"datePublished\":\"2022-02-09T22:00:00+00:00\",\"dateModified\":\"2025-02-11T07:06:48+00:00\",\"mainEntityOfPage\":{\"@id\":\"https:\\\/\\\/spainfilmcommission.com\\\/en\\\/blog\\\/el-european-film-market-retoma-la-presencialidad\\\/\"},\"wordCount\":352,\"publisher\":{\"@id\":\"https:\\\/\\\/spainfilmcommission.com\\\/en\\\/#organization\"},\"image\":{\"@id\":\"https:\\\/\\\/spainfilmcommission.com\\\/en\\\/blog\\\/el-european-film-market-retoma-la-presencialidad\\\/#primaryimage\"},\"thumbnailUrl\":\"https:\\\/\\\/spainfilmcommission.com\\\/wp-content\\\/uploads\\\/2024\\\/11\\\/el-european-film-market-retoma-la-presencialidad-con-un-formato-hibrido-251.png\",\"articleSection\":[\"Noticias\"],\"inLanguage\":\"en-US\"},{\"@type\":\"WebPage\",\"@id\":\"https:\\\/\\\/spainfilmcommission.com\\\/en\\\/blog\\\/el-european-film-market-retoma-la-presencialidad\\\/\",\"url\":\"https:\\\/\\\/spainfilmcommission.com\\\/en\\\/blog\\\/el-european-film-market-retoma-la-presencialidad\\\/\",\"name\":\"El European Film Market retoma la presencialidad - Spain Film Commission\",\"isPartOf\":{\"@id\":\"https:\\\/\\\/spainfilmcommission.com\\\/en\\\/#website\"},\"primaryImageOfPage\":{\"@id\":\"https:\\\/\\\/spainfilmcommission.com\\\/en\\\/blog\\\/el-european-film-market-retoma-la-presencialidad\\\/#primaryimage\"},\"image\":{\"@id\":\"https:\\\/\\\/spainfilmcommission.com\\\/en\\\/blog\\\/el-european-film-market-retoma-la-presencialidad\\\/#primaryimage\"},\"thumbnailUrl\":\"https:\\\/\\\/spainfilmcommission.com\\\/wp-content\\\/uploads\\\/2024\\\/11\\\/el-european-film-market-retoma-la-presencialidad-con-un-formato-hibrido-251.png\",\"datePublished\":\"2022-02-09T22:00:00+00:00\",\"dateModified\":\"2025-02-11T07:06:48+00:00\",\"breadcrumb\":{\"@id\":\"https:\\\/\\\/spainfilmcommission.com\\\/en\\\/blog\\\/el-european-film-market-retoma-la-presencialidad\\\/#breadcrumb\"},\"inLanguage\":\"en-US\",\"potentialAction\":[{\"@type\":\"ReadAction\",\"target\":[\"https:\\\/\\\/spainfilmcommission.com\\\/en\\\/blog\\\/el-european-film-market-retoma-la-presencialidad\\\/\"]}]},{\"@type\":\"ImageObject\",\"inLanguage\":\"en-US\",\"@id\":\"https:\\\/\\\/spainfilmcommission.com\\\/en\\\/blog\\\/el-european-film-market-retoma-la-presencialidad\\\/#primaryimage\",\"url\":\"https:\\\/\\\/spainfilmcommission.com\\\/wp-content\\\/uploads\\\/2024\\\/11\\\/el-european-film-market-retoma-la-presencialidad-con-un-formato-hibrido-251.png\",\"contentUrl\":\"https:\\\/\\\/spainfilmcommission.com\\\/wp-content\\\/uploads\\\/2024\\\/11\\\/el-european-film-market-retoma-la-presencialidad-con-un-formato-hibrido-251.png\",\"width\":995,\"height\":333},{\"@type\":\"BreadcrumbList\",\"@id\":\"https:\\\/\\\/spainfilmcommission.com\\\/en\\\/blog\\\/el-european-film-market-retoma-la-presencialidad\\\/#breadcrumb\",\"itemListElement\":[{\"@type\":\"ListItem\",\"position\":1,\"name\":\"Portada\",\"item\":\"https:\\\/\\\/spainfilmcommission.com\\\/en\\\/\"},{\"@type\":\"ListItem\",\"position\":2,\"name\":\"El European Film Market retoma la presencialidad\"}]},{\"@type\":\"WebSite\",\"@id\":\"https:\\\/\\\/spainfilmcommission.com\\\/en\\\/#website\",\"url\":\"https:\\\/\\\/spainfilmcommission.com\\\/en\\\/\",\"name\":\"Spain Film Commission\",\"description\":\"\",\"publisher\":{\"@id\":\"https:\\\/\\\/spainfilmcommission.com\\\/en\\\/#organization\"},\"potentialAction\":[{\"@type\":\"SearchAction\",\"target\":{\"@type\":\"EntryPoint\",\"urlTemplate\":\"https:\\\/\\\/spainfilmcommission.com\\\/en\\\/?s={search_term_string}\"},\"query-input\":{\"@type\":\"PropertyValueSpecification\",\"valueRequired\":true,\"valueName\":\"search_term_string\"}}],\"inLanguage\":\"en-US\"},{\"@type\":\"Organization\",\"@id\":\"https:\\\/\\\/spainfilmcommission.com\\\/en\\\/#organization\",\"name\":\"Spain Film Commission\",\"url\":\"https:\\\/\\\/spainfilmcommission.com\\\/en\\\/\",\"logo\":{\"@type\":\"ImageObject\",\"inLanguage\":\"en-US\",\"@id\":\"https:\\\/\\\/spainfilmcommission.com\\\/en\\\/#\\\/schema\\\/logo\\\/image\\\/\",\"url\":\"https:\\\/\\\/spainfilmcommission.com\\\/wp-content\\\/uploads\\\/2024\\\/07\\\/SPC_COLOR.png\",\"contentUrl\":\"https:\\\/\\\/spainfilmcommission.com\\\/wp-content\\\/uploads\\\/2024\\\/07\\\/SPC_COLOR.png\",\"width\":1665,\"height\":1665,\"caption\":\"Spain Film Commission\"},\"image\":{\"@id\":\"https:\\\/\\\/spainfilmcommission.com\\\/en\\\/#\\\/schema\\\/logo\\\/image\\\/\"}},{\"@type\":\"Person\",\"@id\":\"https:\\\/\\\/spainfilmcommission.com\\\/en\\\/#\\\/schema\\\/person\\\/6c014ba6ceac198d178a6a9e61113c9d\",\"name\":\"studio128k_dam\",\"image\":{\"@type\":\"ImageObject\",\"inLanguage\":\"en-US\",\"@id\":\"https:\\\/\\\/secure.gravatar.com\\\/avatar\\\/810f99144a13522c24aa173f9cd8bf079d0e89758af00b5f2938443cd51b31e9?s=96&d=mm&r=g\",\"url\":\"https:\\\/\\\/secure.gravatar.com\\\/avatar\\\/810f99144a13522c24aa173f9cd8bf079d0e89758af00b5f2938443cd51b31e9?s=96&d=mm&r=g\",\"contentUrl\":\"https:\\\/\\\/secure.gravatar.com\\\/avatar\\\/810f99144a13522c24aa173f9cd8bf079d0e89758af00b5f2938443cd51b31e9?s=96&d=mm&r=g\",\"caption\":\"studio128k_dam\"}}]}<\/script>\n<!-- \/ Yoast SEO plugin. -->","yoast_head_json":{"title":"El European Film Market retoma la presencialidad - Spain Film Commission","robots":{"index":"index","follow":"follow","max-snippet":"max-snippet:-1","max-image-preview":"max-image-preview:large","max-video-preview":"max-video-preview:-1"},"canonical":"https:\/\/spainfilmcommission.com\/en\/blog\/el-european-film-market-retoma-la-presencialidad\/","og_locale":"en_US","og_type":"article","og_title":"El European Film Market retoma la presencialidad - Spain Film Commission","og_description":"El 72\u00ba Festival Internacional de Cine de Berl\u00edn di\u00f3 comienzo hoy y\u00a0se llevar\u00e1 a cabo hasta el\u00a020 de febrero, como un evento presencial.\u00a0 El European Film Market (10-17 de febrero), [&hellip;]","og_url":"https:\/\/spainfilmcommission.com\/en\/blog\/el-european-film-market-retoma-la-presencialidad\/","og_site_name":"Spain Film Commission","article_published_time":"2022-02-09T22:00:00+00:00","article_modified_time":"2025-02-11T07:06:48+00:00","og_image":[{"width":995,"height":333,"url":"https:\/\/spainfilmcommission.com\/wp-content\/uploads\/2024\/11\/el-european-film-market-retoma-la-presencialidad-con-un-formato-hibrido-251.png","type":"image\/png"}],"author":"studio128k_dam","twitter_card":"summary_large_image","twitter_misc":{"Written by":"studio128k_dam","Est. reading time":"2 minutes"},"schema":{"@context":"https:\/\/schema.org","@graph":[{"@type":"Article","@id":"https:\/\/spainfilmcommission.com\/en\/blog\/el-european-film-market-retoma-la-presencialidad\/#article","isPartOf":{"@id":"https:\/\/spainfilmcommission.com\/en\/blog\/el-european-film-market-retoma-la-presencialidad\/"},"author":{"name":"studio128k_dam","@id":"https:\/\/spainfilmcommission.com\/en\/#\/schema\/person\/6c014ba6ceac198d178a6a9e61113c9d"},"headline":"El European Film Market retoma la presencialidad","datePublished":"2022-02-09T22:00:00+00:00","dateModified":"2025-02-11T07:06:48+00:00","mainEntityOfPage":{"@id":"https:\/\/spainfilmcommission.com\/en\/blog\/el-european-film-market-retoma-la-presencialidad\/"},"wordCount":352,"publisher":{"@id":"https:\/\/spainfilmcommission.com\/en\/#organization"},"image":{"@id":"https:\/\/spainfilmcommission.com\/en\/blog\/el-european-film-market-retoma-la-presencialidad\/#primaryimage"},"thumbnailUrl":"https:\/\/spainfilmcommission.com\/wp-content\/uploads\/2024\/11\/el-european-film-market-retoma-la-presencialidad-con-un-formato-hibrido-251.png","articleSection":["Noticias"],"inLanguage":"en-US"},{"@type":"WebPage","@id":"https:\/\/spainfilmcommission.com\/en\/blog\/el-european-film-market-retoma-la-presencialidad\/","url":"https:\/\/spainfilmcommission.com\/en\/blog\/el-european-film-market-retoma-la-presencialidad\/","name":"El European Film Market retoma la presencialidad - Spain Film Commission","isPartOf":{"@id":"https:\/\/spainfilmcommission.com\/en\/#website"},"primaryImageOfPage":{"@id":"https:\/\/spainfilmcommission.com\/en\/blog\/el-european-film-market-retoma-la-presencialidad\/#primaryimage"},"image":{"@id":"https:\/\/spainfilmcommission.com\/en\/blog\/el-european-film-market-retoma-la-presencialidad\/#primaryimage"},"thumbnailUrl":"https:\/\/spainfilmcommission.com\/wp-content\/uploads\/2024\/11\/el-european-film-market-retoma-la-presencialidad-con-un-formato-hibrido-251.png","datePublished":"2022-02-09T22:00:00+00:00","dateModified":"2025-02-11T07:06:48+00:00","breadcrumb":{"@id":"https:\/\/spainfilmcommission.com\/en\/blog\/el-european-film-market-retoma-la-presencialidad\/#breadcrumb"},"inLanguage":"en-US","potentialAction":[{"@type":"ReadAction","target":["https:\/\/spainfilmcommission.com\/en\/blog\/el-european-film-market-retoma-la-presencialidad\/"]}]},{"@type":"ImageObject","inLanguage":"en-US","@id":"https:\/\/spainfilmcommission.com\/en\/blog\/el-european-film-market-retoma-la-presencialidad\/#primaryimage","url":"https:\/\/spainfilmcommission.com\/wp-content\/uploads\/2024\/11\/el-european-film-market-retoma-la-presencialidad-con-un-formato-hibrido-251.png","contentUrl":"https:\/\/spainfilmcommission.com\/wp-content\/uploads\/2024\/11\/el-european-film-market-retoma-la-presencialidad-con-un-formato-hibrido-251.png","width":995,"height":333},{"@type":"BreadcrumbList","@id":"https:\/\/spainfilmcommission.com\/en\/blog\/el-european-film-market-retoma-la-presencialidad\/#breadcrumb","itemListElement":[{"@type":"ListItem","position":1,"name":"Portada","item":"https:\/\/spainfilmcommission.com\/en\/"},{"@type":"ListItem","position":2,"name":"El European Film Market retoma la presencialidad"}]},{"@type":"WebSite","@id":"https:\/\/spainfilmcommission.com\/en\/#website","url":"https:\/\/spainfilmcommission.com\/en\/","name":"Spain Film Commission","description":"","publisher":{"@id":"https:\/\/spainfilmcommission.com\/en\/#organization"},"potentialAction":[{"@type":"SearchAction","target":{"@type":"EntryPoint","urlTemplate":"https:\/\/spainfilmcommission.com\/en\/?s={search_term_string}"},"query-input":{"@type":"PropertyValueSpecification","valueRequired":true,"valueName":"search_term_string"}}],"inLanguage":"en-US"},{"@type":"Organization","@id":"https:\/\/spainfilmcommission.com\/en\/#organization","name":"Spain Film Commission","url":"https:\/\/spainfilmcommission.com\/en\/","logo":{"@type":"ImageObject","inLanguage":"en-US","@id":"https:\/\/spainfilmcommission.com\/en\/#\/schema\/logo\/image\/","url":"https:\/\/spainfilmcommission.com\/wp-content\/uploads\/2024\/07\/SPC_COLOR.png","contentUrl":"https:\/\/spainfilmcommission.com\/wp-content\/uploads\/2024\/07\/SPC_COLOR.png","width":1665,"height":1665,"caption":"Spain Film Commission"},"image":{"@id":"https:\/\/spainfilmcommission.com\/en\/#\/schema\/logo\/image\/"}},{"@type":"Person","@id":"https:\/\/spainfilmcommission.com\/en\/#\/schema\/person\/6c014ba6ceac198d178a6a9e61113c9d","name":"studio128k_dam","image":{"@type":"ImageObject","inLanguage":"en-US","@id":"https:\/\/secure.gravatar.com\/avatar\/810f99144a13522c24aa173f9cd8bf079d0e89758af00b5f2938443cd51b31e9?s=96&d=mm&r=g","url":"https:\/\/secure.gravatar.com\/avatar\/810f99144a13522c24aa173f9cd8bf079d0e89758af00b5f2938443cd51b31e9?s=96&d=mm&r=g","contentUrl":"https:\/\/secure.gravatar.com\/avatar\/810f99144a13522c24aa173f9cd8bf079d0e89758af00b5f2938443cd51b31e9?s=96&d=mm&r=g","caption":"studio128k_dam"}}]}},"_links":{"self":[{"href":"https:\/\/spainfilmcommission.com\/en\/wp-json\/wp\/v2\/posts\/8592","targetHints":{"allow":["GET"]}}],"collection":[{"href":"https:\/\/spainfilmcommission.com\/en\/wp-json\/wp\/v2\/posts"}],"about":[{"href":"https:\/\/spainfilmcommission.com\/en\/wp-json\/wp\/v2\/types\/post"}],"author":[{"embeddable":true,"href":"https:\/\/spainfilmcommission.com\/en\/wp-json\/wp\/v2\/users\/2"}],"replies":[{"embeddable":true,"href":"https:\/\/spainfilmcommission.com\/en\/wp-json\/wp\/v2\/comments?post=8592"}],"version-history":[{"count":0,"href":"https:\/\/spainfilmcommission.com\/en\/wp-json\/wp\/v2\/posts\/8592\/revisions"}],"wp:featuredmedia":[{"embeddable":true,"href":"https:\/\/spainfilmcommission.com\/en\/wp-json\/wp\/v2\/media\/8593"}],"wp:attachment":[{"href":"https:\/\/spainfilmcommission.com\/en\/wp-json\/wp\/v2\/media?parent=8592"}],"wp:term":[{"taxonomy":"category","embeddable":true,"href":"https:\/\/spainfilmcommission.com\/en\/wp-json\/wp\/v2\/categories?post=8592"},{"taxonomy":"post_tag","embeddable":true,"href":"https:\/\/spainfilmcommission.com\/en\/wp-json\/wp\/v2\/tags?post=8592"}],"curies":[{"name":"wp","href":"https:\/\/api.w.org\/{rel}","templated":true}]}}