{"id":8589,"date":"2022-02-07T00:00:00","date_gmt":"2022-02-06T22:00:00","guid":{"rendered":"https:\/\/sfc.com\/fitur-screen-se-consolida-como-el-espacio-de-encuentro-entre-las-industrias-audiovisual-y-turistica\/"},"modified":"2025-02-11T08:06:48","modified_gmt":"2025-02-11T07:06:48","slug":"fitur-screen-se-consolida-como-el-espacio-de-encuentro-entre-las-industrias-audiovisual-y-turistica","status":"publish","type":"post","link":"https:\/\/spainfilmcommission.com\/en\/blog\/fitur-screen-se-consolida-como-el-espacio-de-encuentro-entre-las-industrias-audiovisual-y-turistica\/","title":{"rendered":"Fitur Screen se consolida como el espacio de encuentro entre las industrias audiovisual y tur\u00edstica"},"content":{"rendered":"<p style=\"font-size:12px;font-family:Arial, sans-serif;\"><span style=\"font-size:14px;\"><span style=\"font-family:arial, helvetica, sans-serif;\"><span class=\"JsGRdQ\">La IV Edici\u00f3n de Fitur Screen ha sido la de la\u00a0<strong>consolidaci\u00f3n<\/strong>\u00a0<strong>como espacio de encuentro entre las indutrias\u00a0audiovisual y tur\u00edstica<\/strong>.<\/span>Durante los tres d\u00edas de jornadas, los profesionales asistentes han podido darse cita\u00a0en\u00a0distintas presentaciones en torno al turismo de pantallas bajo el lema de este a\u00f1o,<em><strong>\u00a0&#8220;Your Movie, Your Trip&#8221;<\/strong><\/em><\/span><\/span><\/p>\n<p dir=\"ltr\" style=\"font-size:12px;font-family:Arial, sans-serif;margin:0pt 0px;line-height:1.38;text-align:justify;padding:0pt 0pt 12pt;\"><span style=\"font-size:14px;\"><span style=\"font-family:arial, helvetica, sans-serif;\"><span id=\"docs-internal-guid-da190955-7fff-f75d-80a9-dde3019b7c74\"><span style=\"color:rgb(0,0,0);background-color:transparent;vertical-align:baseline;white-space:pre-wrap;\">Los <\/span><span style=\"color:rgb(0,0,0);background-color:transparent;font-weight:700;vertical-align:baseline;white-space:pre-wrap;\">Reyes de Espa\u00f1a<\/span><span style=\"color:rgb(0,0,0);background-color:transparent;vertical-align:baseline;white-space:pre-wrap;\"> han visitado el pasado mi\u00e9rcoles con motivo del acto inaugural de Fitur 2022,\u00a0 el espacio <\/span><span style=\"color:rgb(0,0,0);background-color:transparent;font-weight:700;vertical-align:baseline;white-space:pre-wrap;\">Fitur Screen.<\/span><span style=\"color:rgb(0,0,0);background-color:transparent;vertical-align:baseline;white-space:pre-wrap;\"> <\/span><\/span><span style=\"background-color:transparent;color:rgb(0,0,0);vertical-align:baseline;white-space:pre-wrap;\">El Presidente de Spain Film Commission, <\/span><span style=\"background-color:transparent;color:rgb(0,0,0);font-weight:700;font-style:italic;vertical-align:baseline;white-space:pre-wrap;\">Carlos Rosado,<\/span><span style=\"background-color:transparent;color:rgb(0,0,0);vertical-align:baseline;white-space:pre-wrap;\"> y su Secretario General, <\/span><span style=\"background-color:transparent;color:rgb(0,0,0);font-weight:700;font-style:italic;vertical-align:baseline;white-space:pre-wrap;\">Juan Manuel Guimerans,<\/span><span style=\"background-color:transparent;color:rgb(0,0,0);vertical-align:baseline;white-space:pre-wrap;\"> han acompa\u00f1ado a <em><span style=\"font-weight:600;\">Don Felipe<\/span><\/em> y a <span style=\"font-weight:600;\"><em>Do\u00f1a Letizia<\/em><\/span> en su recorrido y han podido explicarles la apuesta estrat\u00e9gica de la red de Film Commissions y Film Offices espa\u00f1olas para impulsar el Turismo Cinematogr\u00e1fico como motor de reactivaci\u00f3n econ\u00f3mica del sector.\u00a0<\/span><\/span><\/span><\/p>\n<p dir=\"ltr\" style=\"font-size:12px;font-family:Arial, sans-serif;margin:0pt 0px;line-height:1.38;text-align:justify;padding:0pt 0pt 12pt;\"><span style=\"font-size:14px;\"><span style=\"font-family:arial, helvetica, sans-serif;\"><span style=\"color:rgb(0,0,0);background-color:transparent;vertical-align:baseline;white-space:pre-wrap;\">Los Reyes tuvieron la oportunidad de poder conocer in situ los proyectos y experiencias m\u00e1s innovadoras y punteras, sobre rutas cinematogr\u00e1ficas. <\/span><span style=\"color:rgb(0,0,0);white-space:pre-wrap;\"><strong>Don Felipe<\/strong> y <strong>Do\u00f1a Letizia<\/strong>, que han expresado siempre su pasi\u00f3n por el s\u00e9ptimo arte, pusieron de manifiesto con esta visita, su compromiso con la industria audiovisual espa\u00f1ola.<\/span><\/span><\/span><\/p>\n<p dir=\"ltr\" style=\"font-size:12px;font-family:Arial, sans-serif;margin:0pt 0px;line-height:1.38;text-align:justify;\"><span style=\"font-size:14px;\"><span style=\"font-family:arial, helvetica, sans-serif;\"><span style=\"color:rgb(0,0,0);background-color:transparent;vertical-align:baseline;white-space:pre-wrap;\">Durante la segunda jornada de Fitur Screen, la sesi\u00f3n principal fue la <strong>Mesa Internacional<\/strong>, donde participaron representantes de <strong>Netflix, Republica Dominicana, Portugal, Reino Unido y Espa\u00f1a<\/strong>. La misma fue moderada por la directora de Poli&#769;ticas Pu&#769;blicas de <\/span><span style=\"background-color:transparent;color:rgb(0,0,0);font-weight:700;vertical-align:baseline;white-space:pre-wrap;\">NETFLIX,<span style=\"background-color:transparent;vertical-align:baseline;\"> <\/span>Esperanza Iba&#769;n&#771;ez.<\/span><\/span><\/span><\/p>\n<p dir=\"ltr\" style=\"font-size:12px;font-family:Arial, sans-serif;margin:0pt 0px;line-height:1.38;text-align:justify;\"><span style=\"font-family:arial, helvetica, sans-serif;font-size:14px;\">La mesa ha contado con la presencia telem\u00e1tica de\u00a0<\/span><span style=\"font-family:arial, helvetica, sans-serif;font-size:14px;background-color:transparent;color:rgb(0,0,0);font-weight:700;vertical-align:baseline;white-space:pre-wrap;\">Adrian Wootton<\/span><span style=\"font-family:arial, helvetica, sans-serif;font-size:14px;background-color:transparent;color:rgb(0,0,0);vertical-align:baseline;white-space:pre-wrap;\">, director ejecutivo de <\/span><span style=\"font-family:arial, helvetica, sans-serif;font-size:14px;background-color:transparent;color:rgb(0,0,0);font-weight:700;vertical-align:baseline;white-space:pre-wrap;\">British Film Commission, <\/span><span style=\"font-family:arial, helvetica, sans-serif;font-size:14px;background-color:transparent;color:rgb(0,0,0);vertical-align:baseline;white-space:pre-wrap;\"> quien ha defendido la &#8220;<\/span><span style=\"font-family:arial, helvetica, sans-serif;font-size:14px;background-color:transparent;color:rgb(0,0,0);font-style:italic;vertical-align:baseline;white-space:pre-wrap;\">necesidad de prestar atenci\u00f3n al turismo de pantalla por el impacto econ\u00f3mico que supone para los pa\u00edses&#8221;. <\/span><span style=\"font-family:arial, helvetica, sans-serif;font-size:14px;background-color:transparent;color:rgb(0,0,0);vertical-align:baseline;white-space:pre-wrap;\"><strong>Wootton<\/strong> ha comentado que actualmente se encuentran &#8220;<\/span><span style=\"font-family:arial, helvetica, sans-serif;font-size:14px;background-color:transparent;color:rgb(0,0,0);font-style:italic;vertical-align:baseline;white-space:pre-wrap;\">centrados en la colaboraci\u00f3n a nivel internacional, ya que las plataformas han propiciado que todas las producciones sean consumidas en todas partes del mundo<\/span><span style=\"font-family:arial, helvetica, sans-serif;font-size:14px;background-color:transparent;color:rgb(0,0,0);vertical-align:baseline;white-space:pre-wrap;\">&#8221;. De hecho, Esperanza Iba&#769;n&#771;ez ha abierto la puerta a nuevas alianzas internacionales en el futuro entre film commissions<\/span><\/p>\n<p dir=\"ltr\" style=\"font-size:12px;font-family:Arial, sans-serif;margin:0pt 0px;line-height:1.38;text-align:justify;\"><span style=\"font-size:14px;\"><span style=\"font-family:arial, helvetica, sans-serif;\"><span style=\"color:rgb(0,0,0);background-color:transparent;font-weight:700;vertical-align:baseline;white-space:pre-wrap;\">Marianna Vargas<\/span><span style=\"color:rgb(0,0,0);background-color:transparent;vertical-align:baseline;white-space:pre-wrap;\">, directora de Direccio&#769;n General de Cine de Republica Dominicana ha compartido con la audiencia casos de pel\u00edculas que se han rodado \u00edntegramente en su pa\u00eds y que han tenido un gran impacto a corto plazo. Llegaron a abrir 4 hoteles en plena pandemia para abastecer las necesidades del rodaje. Adem\u00e1s de tener gran capacidad hotelera, pueden ofrecer grandes plat\u00f3s y capital humano.<\/span><\/span><\/span><\/p>\n<p dir=\"ltr\" style=\"font-size:12px;font-family:Arial, sans-serif;margin:0pt 0px;line-height:1.38;text-align:justify;\"><span style=\"font-size:14px;\"><span style=\"font-family:arial, helvetica, sans-serif;\"><span style=\"color:rgb(0,0,0);background-color:transparent;font-weight:700;vertical-align:baseline;white-space:pre-wrap;\">Piluca Querol<\/span><span style=\"color:rgb(0,0,0);background-color:transparent;vertical-align:baseline;white-space:pre-wrap;\"> de <\/span><span style=\"color:rgb(0,0,0);background-color:transparent;font-weight:700;vertical-align:baseline;white-space:pre-wrap;\">Spain Film Commission<\/span><span style=\"color:rgb(0,0,0);background-color:transparent;vertical-align:baseline;white-space:pre-wrap;\">, describi\u00f3 las caracter\u00edsticas del turista de pantalla: &#8220;<\/span><span style=\"color:rgb(0,0,0);background-color:transparent;font-style:italic;vertical-align:baseline;white-space:pre-wrap;\">es un ciudadano afable y que se interesa por diversos aspectos de la cultura, la naturaleza y el patrimonio, que viene a descubrir y a conocer el pa\u00eds. El trabajo realizado por las film commissions ha supuesto un punto de inflexi\u00f3n para propiciar el turismo de pantalla&#8221; <\/span><span style=\"color:rgb(0,0,0);background-color:transparent;vertical-align:baseline;white-space:pre-wrap;\">y ha cerrado la mesa redonda con una apuesta clara, la de<\/span><span style=\"color:rgb(0,0,0);background-color:transparent;font-style:italic;vertical-align:baseline;white-space:pre-wrap;\"> &#8220;apoyar nuestros propios talentos para que sean mucho m\u00e1s reconocidos fuera&#8221;.<\/span><\/span><\/span><\/p>\n<p dir=\"ltr\" style=\"font-size:12px;font-family:Arial, sans-serif;margin:0pt 0px;line-height:1.38;text-align:justify;\">\u00a0<\/p>\n<p dir=\"ltr\" style=\"font-size:12px;font-family:Arial, sans-serif;margin:0pt 0px;line-height:1.38;text-align:justify;\"><span style=\"font-size:14px;\"><span style=\"font-family:arial, helvetica, sans-serif;\">El mismo d\u00eda jueves, se vivi\u00f3 un momento especial en el auditorio, la entrega del reconocimiento como\u00a0<strong>Embajadora Honoraria SFC 2022<\/strong>\u00a0a<strong>\u00a0Veronica Sullivan<\/strong>, qui\u00e9n agradeci\u00f3 la distinci\u00f3n desde Nueva York con un c\u00e1lido y afectuoso saludo. Expres\u00f3 que<strong>\u00a0&#8220;<em>Espa\u00f1a un pa\u00eds que adoro\u00a0y al que espero\u00a0poder rodar muy pronto<\/em>&#8220;; a su vez manifest\u00f3\u00a0el &#8220;<em>gran inter\u00e9s que existe en las grandes multinacionales estadounidenses de rodar en Espa\u00f1a&#8221;<\/em>.<\/strong><br style=\"font-family:'-apple-system', 'system-ui', BlinkMacSystemFont, 'Segoe UI', Roboto, 'Helvetica Neue', 'Fira Sans', Ubuntu, Oxygen, 'Oxygen Sans', Cantarell, 'Droid Sans', 'Apple Color Emoji', 'Segoe UI Emoji', 'Segoe UI Emoji', 'Segoe UI Symbol', 'Lucida Grande', Helvetica, Arial, sans-serif;\"><br \/>\nFinalmente, Veronica en su video ha agradecido el\u00a0<strong>&#8220;<em>gran apoyo recibido por parte del Gobierno Espa\u00f1ol y la SFC en varios aspectos de la producci\u00f3n y que est\u00e1n muy emocionados de poder mostrar<\/em>&#8220;.<\/strong><\/span><\/span><\/p>\n<p dir=\"ltr\" style=\"font-size:12px;font-family:Arial, sans-serif;margin:0pt 0px;line-height:1.38;text-align:justify;\">\u00a0<\/p>\n<p dir=\"ltr\" style=\"font-size:12px;font-family:Arial, sans-serif;margin:0pt 0px;line-height:1.38;text-align:justify;\"><span style=\"font-size:14px;\"><span style=\"font-family:arial, helvetica, sans-serif;\">La \u00faltima jornada de Fitur Screen acogi\u00f3 una interesante\u00a0<span style=\"color:rgb(0,0,0);background-color:transparent;vertical-align:baseline;white-space:pre-wrap;\">sesi\u00f3n sobre la relaci\u00f3n entre el &#8220;<\/span><span style=\"color:rgb(0,0,0);background-color:transparent;font-weight:700;vertical-align:baseline;white-space:pre-wrap;\">Turismo cinematogr\u00e1fico <\/span><span style=\"color:rgb(0,0,0);background-color:transparent;vertical-align:baseline;white-space:pre-wrap;\">y <\/span><span style=\"color:rgb(0,0,0);background-color:transparent;font-weight:700;vertical-align:baseline;white-space:pre-wrap;\">mass media&#8221; <\/span><span style=\"color:rgb(0,0,0);background-color:transparent;vertical-align:baseline;white-space:pre-wrap;\">en la que participaron el director de Seminci, <\/span><span style=\"color:rgb(0,0,0);background-color:transparent;font-weight:700;vertical-align:baseline;white-space:pre-wrap;\">Javier Angulo,<\/span><span style=\"color:rgb(0,0,0);background-color:transparent;vertical-align:baseline;white-space:pre-wrap;\"> y la periodista <\/span><span style=\"color:rgb(0,0,0);background-color:transparent;font-weight:700;vertical-align:baseline;white-space:pre-wrap;\">Elena Ortega.<\/span><span style=\"color:rgb(0,0,0);background-color:transparent;vertical-align:baseline;white-space:pre-wrap;\"> El encuentro estuvo moderado por\u00a0 <\/span><span style=\"color:rgb(0,0,0);background-color:transparent;font-weight:700;vertical-align:baseline;white-space:pre-wrap;\">I\u00f1aki Gaztelumendi<\/span><span style=\"color:rgb(0,0,0);background-color:transparent;vertical-align:baseline;white-space:pre-wrap;\">, experto en Turismo.<\/span><\/span><\/span><\/p>\n<p dir=\"ltr\" style=\"font-size:12px;font-family:Arial, sans-serif;margin:0pt 0px;line-height:1.38;text-align:justify;\"><span style=\"font-size:14px;\"><span style=\"font-family:arial, helvetica, sans-serif;\"><span style=\"color:rgb(0,0,0);background-color:transparent;vertical-align:baseline;white-space:pre-wrap;\"><strong>Angulo,<\/strong> manifiest\u00f3 que la clave es &#8220;<\/span><span style=\"color:rgb(0,0,0);background-color:transparent;font-style:italic;vertical-align:baseline;white-space:pre-wrap;\">acercar las fantas\u00edas privadas a la realidad. El espectador crea su fantas\u00eda en una pel\u00edcula y quiere <\/span><span style=\"color:rgb(0,0,0);background-color:transparent;font-weight:700;font-style:italic;vertical-align:baseline;white-space:pre-wrap;\">ir a verla en el mundo&#8221;<\/span><span style=\"color:rgb(0,0,0);background-color:transparent;vertical-align:baseline;white-space:pre-wrap;\">. Para Elena<strong> Ortega <\/strong>su relaci\u00f3n con el turismo cinematogr\u00e1fico &#8220;<\/span><span style=\"color:rgb(0,0,0);background-color:transparent;font-style:italic;vertical-align:baseline;white-space:pre-wrap;\">ha marcado mi vida, ya que me <\/span><span style=\"color:rgb(0,0,0);background-color:transparent;font-weight:700;font-style:italic;vertical-align:baseline;white-space:pre-wrap;\">he sentido motivada a vivir en diferentes partes del mundo tras ver esas pel\u00edculas<\/span><span style=\"color:rgb(0,0,0);background-color:transparent;font-weight:700;vertical-align:baseline;white-space:pre-wrap;\">&#8221;.<\/span><\/span><\/span><\/p>\n<p dir=\"ltr\" style=\"font-size:12px;font-family:Arial, sans-serif;margin:0pt 0px;line-height:1.38;text-align:justify;\"><span style=\"font-size:14px;\"><span style=\"font-family:arial, helvetica, sans-serif;\"><span style=\"color:rgb(0,0,0);background-color:transparent;vertical-align:baseline;white-space:pre-wrap;\"><strong>Ortega<\/strong> alert\u00f3 sobre los &#8220;<\/span><span style=\"color:rgb(0,0,0);background-color:transparent;font-style:italic;vertical-align:baseline;white-space:pre-wrap;\">efectos negativos que puede provocar un rodaje&#8221;<\/span><span style=\"color:rgb(0,0,0);background-color:transparent;vertical-align:baseline;white-space:pre-wrap;\">. Para combatirlos se ha creado la <\/span><span style=\"color:rgb(0,0,0);background-color:transparent;font-weight:700;vertical-align:baseline;white-space:pre-wrap;\">Green Card<\/span><span style=\"color:rgb(0,0,0);background-color:transparent;vertical-align:baseline;white-space:pre-wrap;\">, que re\u00fane una serie de consejos a seguir en una producci\u00f3n. Sin ir m\u00e1s lejos, <\/span><span style=\"color:rgb(0,0,0);background-color:transparent;font-weight:700;vertical-align:baseline;white-space:pre-wrap;\">Juego de Tronos<\/span><span style=\"color:rgb(0,0,0);background-color:transparent;vertical-align:baseline;white-space:pre-wrap;\"> lo aplic\u00f3 en el rodaje de su tercera temporada, prohibiendo los botellines de agua y ahorraron 2 toneladas de pl\u00e1stico.<\/span><\/span><\/span><\/p>\n<p dir=\"ltr\" style=\"font-size:12px;font-family:Arial, sans-serif;margin:0pt 0px;line-height:1.656;text-align:justify;\">\u00a0<\/p>\n<p dir=\"ltr\" style=\"font-size:12px;font-family:Arial, sans-serif;margin:0pt 0px;line-height:1.656;text-align:justify;\"><span style=\"font-size:14px;\"><span style=\"font-family:arial, helvetica, sans-serif;\">Cerca del mediod\u00eda, Fitur Screen se convirti\u00f3\u00a0en el escenario propicio para el acto de entrega del\u00a0<strong>Premio a la Mejor Producci\u00f3n Audiovisual Spain Film Commission 2022<\/strong>\u00a0a\u00a0<strong>&#8220;Maixabel&#8221;<\/strong>, el \u00faltimo largometraje de Iciar Bolla\u00edn.<\/span><\/span><\/p>\n<p dir=\"ltr\" style=\"font-size:12px;font-family:Arial, sans-serif;margin:0pt 0px;line-height:1.656;text-align:justify;\"><span style=\"font-family:arial, helvetica, sans-serif;font-size:14px;\">Esta distinci\u00f3n fue recibida por el actor\u00a0<\/span><span style=\"font-family:arial, helvetica, sans-serif;font-size:14px;color:rgb(30,30,30);\">Luis Tosar y la actriz Blanca Portillo.\u00a0<strong>L<\/strong><\/span><span style=\"background-color:transparent;font-family:arial, helvetica, sans-serif;font-size:14px;color:rgb(0,0,0);font-weight:700;vertical-align:baseline;white-space:pre-wrap;\"><strong>u<\/strong>is Tosar, <\/span><span style=\"background-color:transparent;font-family:arial, helvetica, sans-serif;font-size:14px;color:rgb(0,0,0);vertical-align:baseline;white-space:pre-wrap;\">por su parte, expres\u00f3 que en esta pel\u00edcula <\/span><span style=\"background-color:transparent;font-family:arial, helvetica, sans-serif;font-size:14px;color:rgb(0,0,0);font-style:italic;vertical-align:baseline;white-space:pre-wrap;\">&#8220;hay una <\/span><span style=\"background-color:transparent;font-family:arial, helvetica, sans-serif;font-size:14px;color:rgb(0,0,0);font-weight:700;font-style:italic;vertical-align:baseline;white-space:pre-wrap;\">geograf\u00eda emocional<\/span><span style=\"background-color:transparent;font-family:arial, helvetica, sans-serif;font-size:14px;color:rgb(0,0,0);font-style:italic;vertical-align:baseline;white-space:pre-wrap;\"> y en este caso est\u00e1 muy arraigada por el dolor, pero tambi\u00e9n por la esperanza&#8221;<\/span><span style=\"background-color:transparent;font-family:arial, helvetica, sans-serif;font-size:14px;color:rgb(0,0,0);vertical-align:baseline;white-space:pre-wrap;\">. <\/span><span style=\"background-color:transparent;font-family:arial, helvetica, sans-serif;font-size:14px;color:rgb(0,0,0);font-weight:700;vertical-align:baseline;white-space:pre-wrap;\">Blanca Portillo<\/span><span style=\"background-color:transparent;font-family:arial, helvetica, sans-serif;font-size:14px;color:rgb(0,0,0);vertical-align:baseline;white-space:pre-wrap;\"> ha destacado los <\/span><span style=\"background-color:transparent;font-family:arial, helvetica, sans-serif;font-size:14px;color:rgb(0,0,0);font-weight:700;vertical-align:baseline;white-space:pre-wrap;\">escenarios que hay en nuestro pa\u00eds<\/span><span style=\"background-color:transparent;font-family:arial, helvetica, sans-serif;font-size:14px;color:rgb(0,0,0);vertical-align:baseline;white-space:pre-wrap;\"> para poder rodar y ha mostrado su agradecimiento a la labor de los profesionales espa\u00f1oles.<\/span><\/p>\n<p dir=\"ltr\" style=\"font-size:12px;font-family:Arial, sans-serif;margin:0pt 0px;line-height:1.656;text-align:justify;\">\u00a0<\/p>\n<p dir=\"ltr\" style=\"font-size:12px;font-family:Arial, sans-serif;margin:0pt 0px;line-height:1.656;text-align:justify;\"><span style=\"font-size:14px;\"><span style=\"font-family:arial, helvetica, sans-serif;\">En el mismo acto fueron premiados los coproductores de la obra cinematogr\u00e1fica\u00a0<span style=\"color:rgb(0,0,0);background-color:transparent;font-weight:700;vertical-align:baseline;white-space:pre-wrap;\">Guillermo Sempere (FeelGood Movie) y Koldo Zuazua (Kowalski Films)<\/span><span style=\"color:rgb(0,0,0);background-color:transparent;vertical-align:baseline;white-space:pre-wrap;\">, y tambi\u00e9n la \u00a0<\/span><span style=\"color:rgb(0,0,0);background-color:transparent;font-weight:700;vertical-align:baseline;white-space:pre-wrap;\">Vitoria-Gasteiz Film Office, <\/span><span style=\"color:rgb(0,0,0);background-color:transparent;vertical-align:baseline;white-space:pre-wrap;\">la entidad<span style=\"background-color:transparent;font-weight:700;vertical-align:baseline;\"> <\/span>que ha propuesto a la pel\u00edcula como candidata. <\/span><\/span><\/span><\/p>\n<p dir=\"ltr\" style=\"font-size:12px;font-family:Arial, sans-serif;margin:0pt 0px;line-height:1.656;text-align:justify;\">\u00a0<\/p>\n<p dir=\"ltr\" style=\"font-size:12px;font-family:Arial, sans-serif;margin:0pt 0px;line-height:1.656;text-align:justify;\"><span style=\"font-size:14px;\"><span style=\"font-family:arial, helvetica, sans-serif;\">En los tres d\u00edas de actividad,\u00a0\u00a0<strong>once territorios<\/strong>,\u00a0<span style=\"color:rgb(0,0,0);font-weight:700;white-space:pre-wrap;\">La Rioja Film Commission, Valladolid Film Commission, Madrid Film Office &#8211; Film Madrid, Zaragoza Film Office, Andaluc\u00eda Film Commission, Turisme Comunitat Valenciana, Castilla-La Mancha Film Commission, Cantabria Film Commission, Extremadura Film Commission (Extremadura audiovisual), y Terrassa Film Office &#8211; Parc Audiovisual de Catalunya <\/span>expusieron sus proyectos m\u00e1s relevantes y brindaron asesoramiento en los diferentes stands ubicados en el pabell\u00f3n 8 de IFEMA.\u00a0<\/span><\/span><\/p>\n<p dir=\"ltr\" style=\"font-size:12px;font-family:Arial, sans-serif;margin:0pt 0px;line-height:1.656;text-align:justify;\">\u00a0<\/p>\n<p dir=\"ltr\" style=\"font-size:12px;font-family:Arial, sans-serif;margin:0pt 0px;line-height:1.656;text-align:justify;\"><span style=\"font-size:14px;\"><span style=\"font-family:arial, helvetica, sans-serif;\">La\u00a0<strong>IV edici\u00f3n de Fitur Screen<\/strong>\u00a0cierra con un<strong>\u00a0balance positivo<\/strong>\u00a0en cuanto<strong>\u00a0actividades<\/strong>,<strong>\u00a0concurrencia<\/strong>\u00a0y\u00a0<strong>difusi\u00f3n de las jornadas<\/strong>, en palabras de nuestro presidente Carlos Rosado,\u00a0<em>&#8220;<span style=\"color:rgb(68,68,68);\">tenemos motivos para estar satisfechos, porque\u00a0<\/span><strong style=\"color:rgb(68,68,68);font-family:Arial, Tahoma, sans-serif;font-size:medium;\">Fitur Screen<\/strong><span style=\"color:rgb(68,68,68);\">\u00a0va<strong>\u00a0progresando y consolidandose como espacio y modelo de conexi\u00f3n entre la industria audiovisual y el turismo<\/strong>\u00a0cada vez m\u00e1s pujante. Desde la primera edici\u00f3n, gracias al acuerdo con IFEMA, el Gobierno y todos los Gobiernos Auton\u00f3micos que forman parte de nuestra red,\u00a0hemos procurado<strong>\u00a0exhibir Espa\u00f1a como destino de rodajes<\/strong>,\u00a0tambi\u00e9n hemos dise\u00f1ado\u00a0<strong>mesas de debate para mejorar\u00a0la eficiencia<\/strong>\u00a0en el trabajo y\u00a0<strong>la competitividad de Espa\u00f1a<\/strong>\u00a0-a\u00fan m\u00e1s- en el mundo audiovisual&#8221;.<\/span><\/em><\/span><\/span><\/p>\n<p dir=\"ltr\" style=\"font-size:12px;font-family:Arial, sans-serif;margin:0pt 0px;line-height:1.656;text-align:justify;\">\u00a0<\/p>\n<h3 style=\"font-family:Arial, sans-serif;font-weight:600;line-height:1.1;color:rgb(225,11,19);margin-top:20px;margin-bottom:10px;font-size:12px;text-transform:uppercase;text-align:justify;\"><span style=\"font-size:16px;\">#SHOOTINGINSPAIN #YOURMOVIEYOURTRIP #FITURSCREEN2022<\/span><\/h3>\n","protected":false},"excerpt":{"rendered":"<h3 style=\"font-family:Arial, sans-serif;text-align:center;\"><span style=\"font-size:12px;\"><span style=\"font-family:arial, helvetica, sans-serif;\">Spain Film Commission e Ifema Madrid, co-organizadores de la iniciativa, han apostado por crear un espacio din\u00e1mico y que ha tenido una alta repercusi\u00f3n en los medios especializados y generalistas.<\/span><\/span><\/h3>\n","protected":false},"author":2,"featured_media":8590,"comment_status":"closed","ping_status":"","sticky":false,"template":"","format":"standard","meta":{"footnotes":""},"categories":[38],"tags":[],"class_list":["post-8589","post","type-post","status-publish","format-standard","has-post-thumbnail","hentry","category-noticias"],"yoast_head":"<!-- This site is optimized with the Yoast SEO plugin v27.3 - https:\/\/yoast.com\/product\/yoast-seo-wordpress\/ -->\n<title>Fitur Screen se consolida como el espacio de encuentro entre las industrias audiovisual y tur\u00edstica - Spain Film Commission<\/title>\n<meta name=\"robots\" content=\"index, follow, max-snippet:-1, max-image-preview:large, max-video-preview:-1\" \/>\n<link rel=\"canonical\" href=\"https:\/\/spainfilmcommission.com\/en\/blog\/fitur-screen-se-consolida-como-el-espacio-de-encuentro-entre-las-industrias-audiovisual-y-turistica\/\" \/>\n<meta property=\"og:locale\" content=\"en_US\" \/>\n<meta property=\"og:type\" content=\"article\" \/>\n<meta property=\"og:title\" content=\"Fitur Screen se consolida como el espacio de encuentro entre las industrias audiovisual y tur\u00edstica - Spain Film Commission\" \/>\n<meta property=\"og:description\" content=\"Spain Film Commission e Ifema Madrid, co-organizadores de la iniciativa, han apostado por crear un espacio din\u00e1mico y que ha tenido una alta repercusi\u00f3n en los medios especializados y generalistas.\" \/>\n<meta property=\"og:url\" content=\"https:\/\/spainfilmcommission.com\/en\/blog\/fitur-screen-se-consolida-como-el-espacio-de-encuentro-entre-las-industrias-audiovisual-y-turistica\/\" \/>\n<meta property=\"og:site_name\" content=\"Spain Film Commission\" \/>\n<meta property=\"article:published_time\" content=\"2022-02-06T22:00:00+00:00\" \/>\n<meta property=\"article:modified_time\" content=\"2025-02-11T07:06:48+00:00\" \/>\n<meta property=\"og:image\" content=\"https:\/\/spainfilmcommission.com\/wp-content\/uploads\/2024\/11\/fitur-screen-se-consolida-como-el-espacio-de-encuentro-entre-las-industrias-audiovisual-y-turistica-250.jpg\" \/>\n\t<meta property=\"og:image:width\" content=\"1170\" \/>\n\t<meta property=\"og:image:height\" content=\"780\" \/>\n\t<meta property=\"og:image:type\" content=\"image\/jpeg\" \/>\n<meta name=\"author\" content=\"studio128k_dam\" \/>\n<meta name=\"twitter:card\" content=\"summary_large_image\" \/>\n<meta name=\"twitter:label1\" content=\"Written by\" \/>\n\t<meta name=\"twitter:data1\" content=\"studio128k_dam\" \/>\n\t<meta name=\"twitter:label2\" content=\"Est. reading time\" \/>\n\t<meta name=\"twitter:data2\" content=\"6 minutes\" \/>\n<script type=\"application\/ld+json\" class=\"yoast-schema-graph\">{\"@context\":\"https:\\\/\\\/schema.org\",\"@graph\":[{\"@type\":\"Article\",\"@id\":\"https:\\\/\\\/spainfilmcommission.com\\\/en\\\/blog\\\/fitur-screen-se-consolida-como-el-espacio-de-encuentro-entre-las-industrias-audiovisual-y-turistica\\\/#article\",\"isPartOf\":{\"@id\":\"https:\\\/\\\/spainfilmcommission.com\\\/en\\\/blog\\\/fitur-screen-se-consolida-como-el-espacio-de-encuentro-entre-las-industrias-audiovisual-y-turistica\\\/\"},\"author\":{\"name\":\"studio128k_dam\",\"@id\":\"https:\\\/\\\/spainfilmcommission.com\\\/en\\\/#\\\/schema\\\/person\\\/6c014ba6ceac198d178a6a9e61113c9d\"},\"headline\":\"Fitur Screen se consolida como el espacio de encuentro entre las industrias audiovisual y tur\u00edstica\",\"datePublished\":\"2022-02-06T22:00:00+00:00\",\"dateModified\":\"2025-02-11T07:06:48+00:00\",\"mainEntityOfPage\":{\"@id\":\"https:\\\/\\\/spainfilmcommission.com\\\/en\\\/blog\\\/fitur-screen-se-consolida-como-el-espacio-de-encuentro-entre-las-industrias-audiovisual-y-turistica\\\/\"},\"wordCount\":1148,\"publisher\":{\"@id\":\"https:\\\/\\\/spainfilmcommission.com\\\/en\\\/#organization\"},\"image\":{\"@id\":\"https:\\\/\\\/spainfilmcommission.com\\\/en\\\/blog\\\/fitur-screen-se-consolida-como-el-espacio-de-encuentro-entre-las-industrias-audiovisual-y-turistica\\\/#primaryimage\"},\"thumbnailUrl\":\"https:\\\/\\\/spainfilmcommission.com\\\/wp-content\\\/uploads\\\/2024\\\/11\\\/fitur-screen-se-consolida-como-el-espacio-de-encuentro-entre-las-industrias-audiovisual-y-turistica-250.jpg\",\"articleSection\":[\"Noticias\"],\"inLanguage\":\"en-US\"},{\"@type\":\"WebPage\",\"@id\":\"https:\\\/\\\/spainfilmcommission.com\\\/en\\\/blog\\\/fitur-screen-se-consolida-como-el-espacio-de-encuentro-entre-las-industrias-audiovisual-y-turistica\\\/\",\"url\":\"https:\\\/\\\/spainfilmcommission.com\\\/en\\\/blog\\\/fitur-screen-se-consolida-como-el-espacio-de-encuentro-entre-las-industrias-audiovisual-y-turistica\\\/\",\"name\":\"Fitur Screen se consolida como el espacio de encuentro entre las industrias audiovisual y tur\u00edstica - Spain Film Commission\",\"isPartOf\":{\"@id\":\"https:\\\/\\\/spainfilmcommission.com\\\/en\\\/#website\"},\"primaryImageOfPage\":{\"@id\":\"https:\\\/\\\/spainfilmcommission.com\\\/en\\\/blog\\\/fitur-screen-se-consolida-como-el-espacio-de-encuentro-entre-las-industrias-audiovisual-y-turistica\\\/#primaryimage\"},\"image\":{\"@id\":\"https:\\\/\\\/spainfilmcommission.com\\\/en\\\/blog\\\/fitur-screen-se-consolida-como-el-espacio-de-encuentro-entre-las-industrias-audiovisual-y-turistica\\\/#primaryimage\"},\"thumbnailUrl\":\"https:\\\/\\\/spainfilmcommission.com\\\/wp-content\\\/uploads\\\/2024\\\/11\\\/fitur-screen-se-consolida-como-el-espacio-de-encuentro-entre-las-industrias-audiovisual-y-turistica-250.jpg\",\"datePublished\":\"2022-02-06T22:00:00+00:00\",\"dateModified\":\"2025-02-11T07:06:48+00:00\",\"breadcrumb\":{\"@id\":\"https:\\\/\\\/spainfilmcommission.com\\\/en\\\/blog\\\/fitur-screen-se-consolida-como-el-espacio-de-encuentro-entre-las-industrias-audiovisual-y-turistica\\\/#breadcrumb\"},\"inLanguage\":\"en-US\",\"potentialAction\":[{\"@type\":\"ReadAction\",\"target\":[\"https:\\\/\\\/spainfilmcommission.com\\\/en\\\/blog\\\/fitur-screen-se-consolida-como-el-espacio-de-encuentro-entre-las-industrias-audiovisual-y-turistica\\\/\"]}]},{\"@type\":\"ImageObject\",\"inLanguage\":\"en-US\",\"@id\":\"https:\\\/\\\/spainfilmcommission.com\\\/en\\\/blog\\\/fitur-screen-se-consolida-como-el-espacio-de-encuentro-entre-las-industrias-audiovisual-y-turistica\\\/#primaryimage\",\"url\":\"https:\\\/\\\/spainfilmcommission.com\\\/wp-content\\\/uploads\\\/2024\\\/11\\\/fitur-screen-se-consolida-como-el-espacio-de-encuentro-entre-las-industrias-audiovisual-y-turistica-250.jpg\",\"contentUrl\":\"https:\\\/\\\/spainfilmcommission.com\\\/wp-content\\\/uploads\\\/2024\\\/11\\\/fitur-screen-se-consolida-como-el-espacio-de-encuentro-entre-las-industrias-audiovisual-y-turistica-250.jpg\",\"width\":1170,\"height\":780},{\"@type\":\"BreadcrumbList\",\"@id\":\"https:\\\/\\\/spainfilmcommission.com\\\/en\\\/blog\\\/fitur-screen-se-consolida-como-el-espacio-de-encuentro-entre-las-industrias-audiovisual-y-turistica\\\/#breadcrumb\",\"itemListElement\":[{\"@type\":\"ListItem\",\"position\":1,\"name\":\"Portada\",\"item\":\"https:\\\/\\\/spainfilmcommission.com\\\/en\\\/\"},{\"@type\":\"ListItem\",\"position\":2,\"name\":\"Fitur Screen se consolida como el espacio de encuentro entre las industrias audiovisual y tur\u00edstica\"}]},{\"@type\":\"WebSite\",\"@id\":\"https:\\\/\\\/spainfilmcommission.com\\\/en\\\/#website\",\"url\":\"https:\\\/\\\/spainfilmcommission.com\\\/en\\\/\",\"name\":\"Spain Film Commission\",\"description\":\"\",\"publisher\":{\"@id\":\"https:\\\/\\\/spainfilmcommission.com\\\/en\\\/#organization\"},\"potentialAction\":[{\"@type\":\"SearchAction\",\"target\":{\"@type\":\"EntryPoint\",\"urlTemplate\":\"https:\\\/\\\/spainfilmcommission.com\\\/en\\\/?s={search_term_string}\"},\"query-input\":{\"@type\":\"PropertyValueSpecification\",\"valueRequired\":true,\"valueName\":\"search_term_string\"}}],\"inLanguage\":\"en-US\"},{\"@type\":\"Organization\",\"@id\":\"https:\\\/\\\/spainfilmcommission.com\\\/en\\\/#organization\",\"name\":\"Spain Film Commission\",\"url\":\"https:\\\/\\\/spainfilmcommission.com\\\/en\\\/\",\"logo\":{\"@type\":\"ImageObject\",\"inLanguage\":\"en-US\",\"@id\":\"https:\\\/\\\/spainfilmcommission.com\\\/en\\\/#\\\/schema\\\/logo\\\/image\\\/\",\"url\":\"https:\\\/\\\/spainfilmcommission.com\\\/wp-content\\\/uploads\\\/2024\\\/07\\\/SPC_COLOR.png\",\"contentUrl\":\"https:\\\/\\\/spainfilmcommission.com\\\/wp-content\\\/uploads\\\/2024\\\/07\\\/SPC_COLOR.png\",\"width\":1665,\"height\":1665,\"caption\":\"Spain Film Commission\"},\"image\":{\"@id\":\"https:\\\/\\\/spainfilmcommission.com\\\/en\\\/#\\\/schema\\\/logo\\\/image\\\/\"}},{\"@type\":\"Person\",\"@id\":\"https:\\\/\\\/spainfilmcommission.com\\\/en\\\/#\\\/schema\\\/person\\\/6c014ba6ceac198d178a6a9e61113c9d\",\"name\":\"studio128k_dam\",\"image\":{\"@type\":\"ImageObject\",\"inLanguage\":\"en-US\",\"@id\":\"https:\\\/\\\/secure.gravatar.com\\\/avatar\\\/810f99144a13522c24aa173f9cd8bf079d0e89758af00b5f2938443cd51b31e9?s=96&d=mm&r=g\",\"url\":\"https:\\\/\\\/secure.gravatar.com\\\/avatar\\\/810f99144a13522c24aa173f9cd8bf079d0e89758af00b5f2938443cd51b31e9?s=96&d=mm&r=g\",\"contentUrl\":\"https:\\\/\\\/secure.gravatar.com\\\/avatar\\\/810f99144a13522c24aa173f9cd8bf079d0e89758af00b5f2938443cd51b31e9?s=96&d=mm&r=g\",\"caption\":\"studio128k_dam\"}}]}<\/script>\n<!-- \/ Yoast SEO plugin. -->","yoast_head_json":{"title":"Fitur Screen se consolida como el espacio de encuentro entre las industrias audiovisual y tur\u00edstica - Spain Film Commission","robots":{"index":"index","follow":"follow","max-snippet":"max-snippet:-1","max-image-preview":"max-image-preview:large","max-video-preview":"max-video-preview:-1"},"canonical":"https:\/\/spainfilmcommission.com\/en\/blog\/fitur-screen-se-consolida-como-el-espacio-de-encuentro-entre-las-industrias-audiovisual-y-turistica\/","og_locale":"en_US","og_type":"article","og_title":"Fitur Screen se consolida como el espacio de encuentro entre las industrias audiovisual y tur\u00edstica - Spain Film Commission","og_description":"Spain Film Commission e Ifema Madrid, co-organizadores de la iniciativa, han apostado por crear un espacio din\u00e1mico y que ha tenido una alta repercusi\u00f3n en los medios especializados y generalistas.","og_url":"https:\/\/spainfilmcommission.com\/en\/blog\/fitur-screen-se-consolida-como-el-espacio-de-encuentro-entre-las-industrias-audiovisual-y-turistica\/","og_site_name":"Spain Film Commission","article_published_time":"2022-02-06T22:00:00+00:00","article_modified_time":"2025-02-11T07:06:48+00:00","og_image":[{"width":1170,"height":780,"url":"https:\/\/spainfilmcommission.com\/wp-content\/uploads\/2024\/11\/fitur-screen-se-consolida-como-el-espacio-de-encuentro-entre-las-industrias-audiovisual-y-turistica-250.jpg","type":"image\/jpeg"}],"author":"studio128k_dam","twitter_card":"summary_large_image","twitter_misc":{"Written by":"studio128k_dam","Est. reading time":"6 minutes"},"schema":{"@context":"https:\/\/schema.org","@graph":[{"@type":"Article","@id":"https:\/\/spainfilmcommission.com\/en\/blog\/fitur-screen-se-consolida-como-el-espacio-de-encuentro-entre-las-industrias-audiovisual-y-turistica\/#article","isPartOf":{"@id":"https:\/\/spainfilmcommission.com\/en\/blog\/fitur-screen-se-consolida-como-el-espacio-de-encuentro-entre-las-industrias-audiovisual-y-turistica\/"},"author":{"name":"studio128k_dam","@id":"https:\/\/spainfilmcommission.com\/en\/#\/schema\/person\/6c014ba6ceac198d178a6a9e61113c9d"},"headline":"Fitur Screen se consolida como el espacio de encuentro entre las industrias audiovisual y tur\u00edstica","datePublished":"2022-02-06T22:00:00+00:00","dateModified":"2025-02-11T07:06:48+00:00","mainEntityOfPage":{"@id":"https:\/\/spainfilmcommission.com\/en\/blog\/fitur-screen-se-consolida-como-el-espacio-de-encuentro-entre-las-industrias-audiovisual-y-turistica\/"},"wordCount":1148,"publisher":{"@id":"https:\/\/spainfilmcommission.com\/en\/#organization"},"image":{"@id":"https:\/\/spainfilmcommission.com\/en\/blog\/fitur-screen-se-consolida-como-el-espacio-de-encuentro-entre-las-industrias-audiovisual-y-turistica\/#primaryimage"},"thumbnailUrl":"https:\/\/spainfilmcommission.com\/wp-content\/uploads\/2024\/11\/fitur-screen-se-consolida-como-el-espacio-de-encuentro-entre-las-industrias-audiovisual-y-turistica-250.jpg","articleSection":["Noticias"],"inLanguage":"en-US"},{"@type":"WebPage","@id":"https:\/\/spainfilmcommission.com\/en\/blog\/fitur-screen-se-consolida-como-el-espacio-de-encuentro-entre-las-industrias-audiovisual-y-turistica\/","url":"https:\/\/spainfilmcommission.com\/en\/blog\/fitur-screen-se-consolida-como-el-espacio-de-encuentro-entre-las-industrias-audiovisual-y-turistica\/","name":"Fitur Screen se consolida como el espacio de encuentro entre las industrias audiovisual y tur\u00edstica - Spain Film Commission","isPartOf":{"@id":"https:\/\/spainfilmcommission.com\/en\/#website"},"primaryImageOfPage":{"@id":"https:\/\/spainfilmcommission.com\/en\/blog\/fitur-screen-se-consolida-como-el-espacio-de-encuentro-entre-las-industrias-audiovisual-y-turistica\/#primaryimage"},"image":{"@id":"https:\/\/spainfilmcommission.com\/en\/blog\/fitur-screen-se-consolida-como-el-espacio-de-encuentro-entre-las-industrias-audiovisual-y-turistica\/#primaryimage"},"thumbnailUrl":"https:\/\/spainfilmcommission.com\/wp-content\/uploads\/2024\/11\/fitur-screen-se-consolida-como-el-espacio-de-encuentro-entre-las-industrias-audiovisual-y-turistica-250.jpg","datePublished":"2022-02-06T22:00:00+00:00","dateModified":"2025-02-11T07:06:48+00:00","breadcrumb":{"@id":"https:\/\/spainfilmcommission.com\/en\/blog\/fitur-screen-se-consolida-como-el-espacio-de-encuentro-entre-las-industrias-audiovisual-y-turistica\/#breadcrumb"},"inLanguage":"en-US","potentialAction":[{"@type":"ReadAction","target":["https:\/\/spainfilmcommission.com\/en\/blog\/fitur-screen-se-consolida-como-el-espacio-de-encuentro-entre-las-industrias-audiovisual-y-turistica\/"]}]},{"@type":"ImageObject","inLanguage":"en-US","@id":"https:\/\/spainfilmcommission.com\/en\/blog\/fitur-screen-se-consolida-como-el-espacio-de-encuentro-entre-las-industrias-audiovisual-y-turistica\/#primaryimage","url":"https:\/\/spainfilmcommission.com\/wp-content\/uploads\/2024\/11\/fitur-screen-se-consolida-como-el-espacio-de-encuentro-entre-las-industrias-audiovisual-y-turistica-250.jpg","contentUrl":"https:\/\/spainfilmcommission.com\/wp-content\/uploads\/2024\/11\/fitur-screen-se-consolida-como-el-espacio-de-encuentro-entre-las-industrias-audiovisual-y-turistica-250.jpg","width":1170,"height":780},{"@type":"BreadcrumbList","@id":"https:\/\/spainfilmcommission.com\/en\/blog\/fitur-screen-se-consolida-como-el-espacio-de-encuentro-entre-las-industrias-audiovisual-y-turistica\/#breadcrumb","itemListElement":[{"@type":"ListItem","position":1,"name":"Portada","item":"https:\/\/spainfilmcommission.com\/en\/"},{"@type":"ListItem","position":2,"name":"Fitur Screen se consolida como el espacio de encuentro entre las industrias audiovisual y tur\u00edstica"}]},{"@type":"WebSite","@id":"https:\/\/spainfilmcommission.com\/en\/#website","url":"https:\/\/spainfilmcommission.com\/en\/","name":"Spain Film Commission","description":"","publisher":{"@id":"https:\/\/spainfilmcommission.com\/en\/#organization"},"potentialAction":[{"@type":"SearchAction","target":{"@type":"EntryPoint","urlTemplate":"https:\/\/spainfilmcommission.com\/en\/?s={search_term_string}"},"query-input":{"@type":"PropertyValueSpecification","valueRequired":true,"valueName":"search_term_string"}}],"inLanguage":"en-US"},{"@type":"Organization","@id":"https:\/\/spainfilmcommission.com\/en\/#organization","name":"Spain Film Commission","url":"https:\/\/spainfilmcommission.com\/en\/","logo":{"@type":"ImageObject","inLanguage":"en-US","@id":"https:\/\/spainfilmcommission.com\/en\/#\/schema\/logo\/image\/","url":"https:\/\/spainfilmcommission.com\/wp-content\/uploads\/2024\/07\/SPC_COLOR.png","contentUrl":"https:\/\/spainfilmcommission.com\/wp-content\/uploads\/2024\/07\/SPC_COLOR.png","width":1665,"height":1665,"caption":"Spain Film Commission"},"image":{"@id":"https:\/\/spainfilmcommission.com\/en\/#\/schema\/logo\/image\/"}},{"@type":"Person","@id":"https:\/\/spainfilmcommission.com\/en\/#\/schema\/person\/6c014ba6ceac198d178a6a9e61113c9d","name":"studio128k_dam","image":{"@type":"ImageObject","inLanguage":"en-US","@id":"https:\/\/secure.gravatar.com\/avatar\/810f99144a13522c24aa173f9cd8bf079d0e89758af00b5f2938443cd51b31e9?s=96&d=mm&r=g","url":"https:\/\/secure.gravatar.com\/avatar\/810f99144a13522c24aa173f9cd8bf079d0e89758af00b5f2938443cd51b31e9?s=96&d=mm&r=g","contentUrl":"https:\/\/secure.gravatar.com\/avatar\/810f99144a13522c24aa173f9cd8bf079d0e89758af00b5f2938443cd51b31e9?s=96&d=mm&r=g","caption":"studio128k_dam"}}]}},"_links":{"self":[{"href":"https:\/\/spainfilmcommission.com\/en\/wp-json\/wp\/v2\/posts\/8589","targetHints":{"allow":["GET"]}}],"collection":[{"href":"https:\/\/spainfilmcommission.com\/en\/wp-json\/wp\/v2\/posts"}],"about":[{"href":"https:\/\/spainfilmcommission.com\/en\/wp-json\/wp\/v2\/types\/post"}],"author":[{"embeddable":true,"href":"https:\/\/spainfilmcommission.com\/en\/wp-json\/wp\/v2\/users\/2"}],"replies":[{"embeddable":true,"href":"https:\/\/spainfilmcommission.com\/en\/wp-json\/wp\/v2\/comments?post=8589"}],"version-history":[{"count":0,"href":"https:\/\/spainfilmcommission.com\/en\/wp-json\/wp\/v2\/posts\/8589\/revisions"}],"wp:featuredmedia":[{"embeddable":true,"href":"https:\/\/spainfilmcommission.com\/en\/wp-json\/wp\/v2\/media\/8590"}],"wp:attachment":[{"href":"https:\/\/spainfilmcommission.com\/en\/wp-json\/wp\/v2\/media?parent=8589"}],"wp:term":[{"taxonomy":"category","embeddable":true,"href":"https:\/\/spainfilmcommission.com\/en\/wp-json\/wp\/v2\/categories?post=8589"},{"taxonomy":"post_tag","embeddable":true,"href":"https:\/\/spainfilmcommission.com\/en\/wp-json\/wp\/v2\/tags?post=8589"}],"curies":[{"name":"wp","href":"https:\/\/api.w.org\/{rel}","templated":true}]}}