{"id":8586,"date":"2022-01-21T00:00:00","date_gmt":"2022-01-20T22:00:00","guid":{"rendered":"https:\/\/sfc.com\/luis-tosar-y-blanca-portillo-recogen-en-fitur-el-premio-a-la-mejor-produccion-audiovisual-sfc-2022-por-maixabel\/"},"modified":"2025-02-11T08:06:48","modified_gmt":"2025-02-11T07:06:48","slug":"luis-tosar-y-blanca-portillo-recogen-en-fitur-el-premio-a-la-mejor-produccion-audiovisual-sfc-2022-por-maixabel","status":"publish","type":"post","link":"https:\/\/spainfilmcommission.com\/en\/blog\/luis-tosar-y-blanca-portillo-recogen-en-fitur-el-premio-a-la-mejor-produccion-audiovisual-sfc-2022-por-maixabel\/","title":{"rendered":"Luis Tosar y Blanca Portillo recogen en FITUR el Premio a la Mejor Producci\u00f3n Audiovisual SFC 2022 por &#8220;Maixabel&#8221;"},"content":{"rendered":"<p dir=\"ltr\" style=\"font-size:12px;font-family:Arial, sans-serif;line-height:1.656;margin-top:0pt;margin-bottom:0pt;text-align:justify;\"><span id=\"docs-internal-guid-d533b916-7fff-1d08-4084-9116f6a068d5\"><span style=\"font-size:12pt;font-family:Arial;color:rgb(0,0,0);background-color:transparent;vertical-align:baseline;white-space:pre-wrap;\">Spain Film Commission reconoce, con este premio, el <\/span><span style=\"font-size:12pt;font-family:Arial;color:rgb(0,0,0);background-color:transparent;font-weight:700;vertical-align:baseline;white-space:pre-wrap;\">talento<\/span><span style=\"font-size:12pt;font-family:Arial;color:rgb(0,0,0);background-color:transparent;vertical-align:baseline;white-space:pre-wrap;\"> de la producci\u00f3n audiovisual nacional, la <\/span><span style=\"font-size:12pt;font-family:Arial;color:rgb(0,0,0);background-color:transparent;font-weight:700;vertical-align:baseline;white-space:pre-wrap;\">calidad<\/span><span style=\"font-size:12pt;font-family:Arial;color:rgb(0,0,0);background-color:transparent;vertical-align:baseline;white-space:pre-wrap;\"> y <\/span><span style=\"font-size:12pt;font-family:Arial;color:rgb(0,0,0);background-color:transparent;font-weight:700;vertical-align:baseline;white-space:pre-wrap;\">profesionalidad<\/span><span style=\"font-size:12pt;font-family:Arial;color:rgb(0,0,0);background-color:transparent;vertical-align:baseline;white-space:pre-wrap;\"> de sus equipos t\u00e9cnico y art\u00edstico, la<\/span><span style=\"font-size:12pt;font-family:Arial;color:rgb(0,0,0);background-color:transparent;font-weight:700;vertical-align:baseline;white-space:pre-wrap;\"> diversidad <\/span><span style=\"font-size:12pt;font-family:Arial;color:rgb(0,0,0);background-color:transparent;vertical-align:baseline;white-space:pre-wrap;\">de las localizaciones en Espa\u00f1a y el <\/span><span style=\"font-size:12pt;font-family:Arial;color:rgb(0,0,0);background-color:transparent;font-weight:700;vertical-align:baseline;white-space:pre-wrap;\">posicionamiento<\/span><span style=\"font-size:12pt;font-family:Arial;color:rgb(0,0,0);background-color:transparent;vertical-align:baseline;white-space:pre-wrap;\"> de nuestra industria a nivel internacional.\u00a0<\/span><\/span><\/p>\n<p dir=\"ltr\" style=\"font-size:12px;font-family:Arial, sans-serif;line-height:1.38;margin-top:0pt;margin-bottom:0pt;text-align:justify;\"><span style=\"font-size:10pt;font-family:Arial;vertical-align:baseline;white-space:pre-wrap;\">\u00a0<\/span><\/p>\n<p dir=\"ltr\" style=\"font-size:12px;font-family:Arial, sans-serif;line-height:1.656;margin-top:0pt;margin-bottom:0pt;text-align:justify;\"><span style=\"font-size:12pt;font-family:Arial;color:rgb(0,0,0);background-color:transparent;font-weight:700;vertical-align:baseline;white-space:pre-wrap;\">Carlos Rosado<\/span><span style=\"font-size:12pt;font-family:Arial;color:rgb(0,0,0);background-color:transparent;vertical-align:baseline;white-space:pre-wrap;\">, Presidente de Spain Film Commission, ha entregado este reconocimiento a &#8220;<\/span><span style=\"font-size:12pt;font-family:Arial;color:rgb(0,0,0);background-color:transparent;font-weight:700;vertical-align:baseline;white-space:pre-wrap;\">Maixabel<\/span><span style=\"font-size:12pt;font-family:Arial;color:rgb(0,0,0);background-color:transparent;vertical-align:baseline;white-space:pre-wrap;\">&#8221; en un acto en el que les ha deseado<\/span><span style=\"font-size:12pt;font-family:Arial;color:rgb(0,0,0);background-color:transparent;font-style:italic;vertical-align:baseline;white-space:pre-wrap;\"> &#8220;toda la suerte del mundo de cara a los <\/span><span style=\"font-size:12pt;font-family:Arial;color:rgb(0,0,0);background-color:transparent;font-weight:700;font-style:italic;vertical-align:baseline;white-space:pre-wrap;\">Premios Goya 2022<\/span><span style=\"font-size:12pt;font-family:Arial;color:rgb(0,0,0);background-color:transparent;font-style:italic;vertical-align:baseline;white-space:pre-wrap;\">&#8220;, <\/span><span style=\"font-size:12pt;font-family:Arial;color:rgb(0,0,0);background-color:transparent;vertical-align:baseline;white-space:pre-wrap;\">en los que esta obra cinematogr\u00e1fica cuenta con <\/span><span style=\"font-size:12pt;font-family:Arial;color:rgb(0,0,0);background-color:transparent;font-weight:700;vertical-align:baseline;white-space:pre-wrap;\">catorce nominaciones.<\/span><\/p>\n<p dir=\"ltr\" style=\"font-size:12px;font-family:Arial, sans-serif;line-height:1.656;margin-top:0pt;margin-bottom:0pt;text-align:justify;\">\u00a0<\/p>\n<p dir=\"ltr\" style=\"font-size:12px;font-family:Arial, sans-serif;line-height:1.656;margin-top:0pt;margin-bottom:0pt;text-align:justify;\">\u00a0<\/p>\n<p dir=\"ltr\" style=\"font-size:12px;font-family:Arial, sans-serif;line-height:1.656;margin-top:0pt;margin-bottom:0pt;text-align:justify;\"><span style=\"font-size:12pt;font-family:Arial;color:rgb(0,0,0);background-color:transparent;vertical-align:baseline;white-space:pre-wrap;\">Spain Film Commission tambi\u00e9n ha premiado a<\/span><span style=\"font-size:12pt;font-family:Arial;color:rgb(0,0,0);background-color:transparent;font-style:italic;vertical-align:baseline;white-space:pre-wrap;\"> <\/span><span style=\"font-size:12pt;font-family:Arial;color:rgb(0,0,0);background-color:transparent;vertical-align:baseline;white-space:pre-wrap;\">\u00a0<\/span><span style=\"font-size:12pt;font-family:Arial;color:rgb(0,0,0);background-color:transparent;font-weight:700;vertical-align:baseline;white-space:pre-wrap;\">Vitoria-Gasteiz Film Office, <\/span><span style=\"font-size:12pt;font-family:Arial;color:rgb(0,0,0);background-color:transparent;vertical-align:baseline;white-space:pre-wrap;\">la entidad<\/span><span style=\"font-size:12pt;font-family:Arial;color:rgb(0,0,0);background-color:transparent;font-weight:700;vertical-align:baseline;white-space:pre-wrap;\"> <\/span><span style=\"font-size:12pt;font-family:Arial;color:rgb(0,0,0);background-color:transparent;vertical-align:baseline;white-space:pre-wrap;\">que ha propuesto a la pel\u00edcula como candidata, as\u00ed como a los productores <\/span><span style=\"font-size:12pt;font-family:Arial;color:rgb(0,0,0);background-color:transparent;font-weight:700;vertical-align:baseline;white-space:pre-wrap;\">Guillermo Sempere (FeelGood Movie) y Koldo Zuazua (Kowalski Films)<\/span><span style=\"font-size:12pt;font-family:Arial;color:rgb(0,0,0);background-color:transparent;vertical-align:baseline;white-space:pre-wrap;\">, quien ha reivindicado<\/span><span style=\"font-size:12pt;font-family:Arial;color:rgb(0,0,0);background-color:transparent;font-style:italic;vertical-align:baseline;white-space:pre-wrap;\"> &#8220;la posibilidad de una uni\u00f3n entre las film commissions de los tres territorios vascos para crear una <\/span><span style=\"font-size:12pt;font-family:Arial;color:rgb(0,0,0);background-color:transparent;font-weight:700;font-style:italic;vertical-align:baseline;white-space:pre-wrap;\">Film Commission de Euskadi<\/span><span style=\"font-size:12pt;font-family:Arial;color:rgb(0,0,0);background-color:transparent;font-style:italic;vertical-align:baseline;white-space:pre-wrap;\">&#8221;<\/span><span style=\"font-size:12pt;font-family:Arial;color:rgb(0,0,0);background-color:transparent;vertical-align:baseline;white-space:pre-wrap;\">.<\/span><\/p>\n<p dir=\"ltr\" style=\"font-size:12px;font-family:Arial, sans-serif;line-height:1.38;margin-top:0pt;margin-bottom:0pt;text-align:justify;\"><span style=\"font-size:10pt;font-family:Arial;vertical-align:baseline;white-space:pre-wrap;\">\u00a0<\/span><\/p>\n<p dir=\"ltr\" style=\"font-size:12px;font-family:Arial, sans-serif;line-height:1.656;margin-top:0pt;margin-bottom:0pt;text-align:justify;\"><span style=\"font-size:12pt;font-family:Arial;color:rgb(0,0,0);background-color:transparent;font-weight:700;vertical-align:baseline;white-space:pre-wrap;\">Luis Tosar, <\/span><span style=\"font-size:12pt;font-family:Arial;color:rgb(0,0,0);background-color:transparent;vertical-align:baseline;white-space:pre-wrap;\">por su parte, ha expresado que en esta pel\u00edcula <\/span><span style=\"font-size:12pt;font-family:Arial;color:rgb(0,0,0);background-color:transparent;font-style:italic;vertical-align:baseline;white-space:pre-wrap;\">&#8220;hay una <\/span><span style=\"font-size:12pt;font-family:Arial;color:rgb(0,0,0);background-color:transparent;font-weight:700;font-style:italic;vertical-align:baseline;white-space:pre-wrap;\">geograf\u00eda emocional<\/span><span style=\"font-size:12pt;font-family:Arial;color:rgb(0,0,0);background-color:transparent;font-style:italic;vertical-align:baseline;white-space:pre-wrap;\"> y en este caso est\u00e1 muy arraigada por el dolor, pero tambi\u00e9n por la esperanza&#8221;<\/span><span style=\"font-size:12pt;font-family:Arial;color:rgb(0,0,0);background-color:transparent;vertical-align:baseline;white-space:pre-wrap;\">. <\/span><span style=\"font-size:12pt;font-family:Arial;color:rgb(0,0,0);background-color:transparent;font-weight:700;vertical-align:baseline;white-space:pre-wrap;\">Blanca Portillo<\/span><span style=\"font-size:12pt;font-family:Arial;color:rgb(0,0,0);background-color:transparent;vertical-align:baseline;white-space:pre-wrap;\"> ha destacado los <\/span><span style=\"font-size:12pt;font-family:Arial;color:rgb(0,0,0);background-color:transparent;font-weight:700;vertical-align:baseline;white-space:pre-wrap;\">escenarios que hay en nuestro pa\u00eds<\/span><span style=\"font-size:12pt;font-family:Arial;color:rgb(0,0,0);background-color:transparent;vertical-align:baseline;white-space:pre-wrap;\"> para poder rodar y ha mostrado su agradecimiento a la labor de los profesionales espa\u00f1oles.<\/span><\/p>\n<p dir=\"ltr\" style=\"font-size:12px;font-family:Arial, sans-serif;line-height:1.38;margin-top:0pt;margin-bottom:0pt;text-align:justify;\"><span style=\"font-size:10pt;font-family:Arial;vertical-align:baseline;white-space:pre-wrap;\">\u00a0<\/span><\/p>\n<p dir=\"ltr\" style=\"font-size:12px;font-family:Arial, sans-serif;line-height:1.656;margin-top:0pt;margin-bottom:0pt;text-align:justify;\"><span style=\"font-size:12pt;font-family:Arial;color:rgb(0,0,0);background-color:transparent;font-weight:700;vertical-align:baseline;white-space:pre-wrap;\">MESAS REDONDAS: TURISMO DE PANTALLA<\/span><\/p>\n<p dir=\"ltr\" style=\"font-size:12px;font-family:Arial, sans-serif;line-height:1.656;margin-top:0pt;margin-bottom:0pt;text-align:justify;\"><span style=\"font-size:12pt;font-family:Arial;color:rgb(0,0,0);background-color:transparent;font-weight:700;vertical-align:baseline;white-space:pre-wrap;\">Teresa Azcona<\/span><span style=\"font-size:12pt;font-family:Arial;color:rgb(0,0,0);background-color:transparent;vertical-align:baseline;white-space:pre-wrap;\">, vicepresidenta de SFC, ha moderado una mesa redonda con <\/span><span style=\"font-size:12pt;font-family:Arial;color:rgb(0,0,0);background-color:transparent;font-weight:700;vertical-align:baseline;white-space:pre-wrap;\">Alber Soler<\/span><span style=\"font-size:12pt;font-family:Arial;color:rgb(0,0,0);background-color:transparent;vertical-align:baseline;white-space:pre-wrap;\">, (Mamma Team) y miembro de APCP, y <\/span><span style=\"font-size:12pt;font-family:Arial;color:rgb(0,0,0);background-color:transparent;font-weight:700;vertical-align:baseline;white-space:pre-wrap;\">Fernando Victoria de Lecea,<\/span><span style=\"font-size:12pt;font-family:Arial;color:rgb(0,0,0);background-color:transparent;vertical-align:baseline;white-space:pre-wrap;\"> (Me\u00f1akoz Films), en representaci\u00f3n<\/span><span style=\"font-size:12pt;font-family:Arial;color:rgb(0,0,0);background-color:transparent;font-weight:700;vertical-align:baseline;white-space:pre-wrap;\"> Profilm<\/span><span style=\"font-size:12pt;font-family:Arial;color:rgb(0,0,0);background-color:transparent;vertical-align:baseline;white-space:pre-wrap;\">. Para Soler hay un aspecto muy importante a subrayar, <\/span><span style=\"font-size:12pt;font-family:Arial;color:rgb(0,0,0);background-color:transparent;font-style:italic;vertical-align:baseline;white-space:pre-wrap;\">&#8220;que es el tema de la<\/span><span style=\"font-size:12pt;font-family:Arial;color:rgb(0,0,0);background-color:transparent;font-weight:700;font-style:italic;vertical-align:baseline;white-space:pre-wrap;\"> sostenibilidad,<\/span><span style=\"font-size:12pt;font-family:Arial;color:rgb(0,0,0);background-color:transparent;font-style:italic;vertical-align:baseline;white-space:pre-wrap;\"> algo que tiene que ver con lo local y el aprovechamiento de todos los recursos de donde est\u00e9s<\/span><span style=\"font-size:12pt;font-family:Arial;color:rgb(0,0,0);background-color:transparent;vertical-align:baseline;white-space:pre-wrap;\">.&#8221; Tambi\u00e9n cree que en este sentido &#8220;<\/span><span style=\"font-size:12pt;font-family:Arial;color:rgb(0,0,0);background-color:transparent;font-style:italic;vertical-align:baseline;white-space:pre-wrap;\">podemos tener mucha fuerza como pa\u00eds&#8221;<\/span><span style=\"font-size:12pt;font-family:Arial;color:rgb(0,0,0);background-color:transparent;vertical-align:baseline;white-space:pre-wrap;\">.<\/span><\/p>\n<p dir=\"ltr\" style=\"font-size:12px;font-family:Arial, sans-serif;line-height:1.38;margin-top:0pt;margin-bottom:0pt;text-align:justify;\"><span style=\"font-size:10pt;font-family:Arial;vertical-align:baseline;white-space:pre-wrap;\">\u00a0<\/span><\/p>\n<p dir=\"ltr\" style=\"font-size:12px;font-family:Arial, sans-serif;line-height:1.656;margin-top:0pt;margin-bottom:0pt;text-align:justify;\"><span style=\"font-size:12pt;font-family:Arial;color:rgb(0,0,0);background-color:transparent;vertical-align:baseline;white-space:pre-wrap;\">Por otra parte, Victoria de Lecea ha apuntado que <\/span><span style=\"font-size:12pt;font-family:Arial;color:rgb(0,0,0);background-color:transparent;font-style:italic;vertical-align:baseline;white-space:pre-wrap;\">&#8220;el COVID ha determinado los rodajes, ya que los confinamientos perimetrales han propiciado el<\/span><span style=\"font-size:12pt;font-family:Arial;color:rgb(0,0,0);background-color:transparent;font-weight:700;font-style:italic;vertical-align:baseline;white-space:pre-wrap;\"> consumo local<\/span><span style=\"font-size:12pt;font-family:Arial;color:rgb(0,0,0);background-color:transparent;font-style:italic;vertical-align:baseline;white-space:pre-wrap;\">, pero tambi\u00e9n ha desgastado a los equipos ante la imposibilidad de socializar tras los rodajes&#8221;.<\/span><\/p>\n<p dir=\"ltr\" style=\"font-size:12px;font-family:Arial, sans-serif;line-height:1.38;margin-top:0pt;margin-bottom:0pt;text-align:justify;\"><span style=\"font-size:10pt;font-family:Arial;vertical-align:baseline;white-space:pre-wrap;\">\u00a0<\/span><\/p>\n<p dir=\"ltr\" style=\"font-size:12px;font-family:Arial, sans-serif;line-height:1.656;margin-top:0pt;margin-bottom:0pt;text-align:justify;\"><span style=\"font-size:12pt;font-family:Arial;color:rgb(0,0,0);background-color:transparent;vertical-align:baseline;white-space:pre-wrap;\">A continuaci\u00f3n, en la sesi\u00f3n sobre la relaci\u00f3n entre el &#8220;<\/span><span style=\"font-size:12pt;font-family:Arial;color:rgb(0,0,0);background-color:transparent;font-weight:700;vertical-align:baseline;white-space:pre-wrap;\">Turismo cinematogr\u00e1fico <\/span><span style=\"font-size:12pt;font-family:Arial;color:rgb(0,0,0);background-color:transparent;vertical-align:baseline;white-space:pre-wrap;\">y <\/span><span style=\"font-size:12pt;font-family:Arial;color:rgb(0,0,0);background-color:transparent;font-weight:700;vertical-align:baseline;white-space:pre-wrap;\">mass media&#8221; <\/span><span style=\"font-size:12pt;font-family:Arial;color:rgb(0,0,0);background-color:transparent;vertical-align:baseline;white-space:pre-wrap;\">han participado el director de Seminci, <\/span><span style=\"font-size:12pt;font-family:Arial;color:rgb(0,0,0);background-color:transparent;font-weight:700;vertical-align:baseline;white-space:pre-wrap;\">Javier Angulo,<\/span><span style=\"font-size:12pt;font-family:Arial;color:rgb(0,0,0);background-color:transparent;vertical-align:baseline;white-space:pre-wrap;\"> y la periodista <\/span><span style=\"font-size:12pt;font-family:Arial;color:rgb(0,0,0);background-color:transparent;font-weight:700;vertical-align:baseline;white-space:pre-wrap;\">Elena Ortega.<\/span><span style=\"font-size:12pt;font-family:Arial;color:rgb(0,0,0);background-color:transparent;vertical-align:baseline;white-space:pre-wrap;\"> Este encuentro ha estado moderado por\u00a0 <\/span><span style=\"font-size:12pt;font-family:Arial;color:rgb(0,0,0);background-color:transparent;font-weight:700;vertical-align:baseline;white-space:pre-wrap;\">I\u00f1aki Gaztelumendi<\/span><span style=\"font-size:12pt;font-family:Arial;color:rgb(0,0,0);background-color:transparent;vertical-align:baseline;white-space:pre-wrap;\">, experto en Turismo.<\/span><\/p>\n<p dir=\"ltr\" style=\"font-size:12px;font-family:Arial, sans-serif;line-height:1.38;margin-top:0pt;margin-bottom:0pt;text-align:justify;\"><span style=\"font-size:10pt;font-family:Arial;vertical-align:baseline;white-space:pre-wrap;\">\u00a0<\/span><\/p>\n<p dir=\"ltr\" style=\"font-size:12px;font-family:Arial, sans-serif;line-height:1.656;margin-top:0pt;margin-bottom:0pt;text-align:justify;\"><span style=\"font-size:12pt;font-family:Arial;color:rgb(0,0,0);background-color:transparent;vertical-align:baseline;white-space:pre-wrap;\">Para Angulo, la clave es &#8220;<\/span><span style=\"font-size:12pt;font-family:Arial;color:rgb(0,0,0);background-color:transparent;font-style:italic;vertical-align:baseline;white-space:pre-wrap;\">acercar las fantas\u00edas privadas a la realidad. El espectador crea su fantas\u00eda en una pel\u00edcula y quiere <\/span><span style=\"font-size:12pt;font-family:Arial;color:rgb(0,0,0);background-color:transparent;font-weight:700;font-style:italic;vertical-align:baseline;white-space:pre-wrap;\">ir a verla en el mundo&#8221;<\/span><span style=\"font-size:12pt;font-family:Arial;color:rgb(0,0,0);background-color:transparent;vertical-align:baseline;white-space:pre-wrap;\">. Por su parte, para Elena Ortega su relaci\u00f3n con el turismo cinematogr\u00e1fico &#8220;<\/span><span style=\"font-size:12pt;font-family:Arial;color:rgb(0,0,0);background-color:transparent;font-style:italic;vertical-align:baseline;white-space:pre-wrap;\">ha marcado mi vida, ya que me <\/span><span style=\"font-size:12pt;font-family:Arial;color:rgb(0,0,0);background-color:transparent;font-weight:700;font-style:italic;vertical-align:baseline;white-space:pre-wrap;\">he sentido motivada a vivir en diferentes partes del mundo tras ver esas pel\u00edculas<\/span><span style=\"font-size:12pt;font-family:Arial;color:rgb(0,0,0);background-color:transparent;font-weight:700;vertical-align:baseline;white-space:pre-wrap;\">&#8221;.<\/span><\/p>\n<p dir=\"ltr\" style=\"font-size:12px;font-family:Arial, sans-serif;line-height:1.38;margin-top:0pt;margin-bottom:0pt;text-align:justify;\"><span style=\"font-size:10pt;font-family:Arial;vertical-align:baseline;white-space:pre-wrap;\">\u00a0<\/span><\/p>\n<p dir=\"ltr\" style=\"font-size:12px;font-family:Arial, sans-serif;line-height:1.656;margin-top:0pt;margin-bottom:0pt;text-align:justify;\"><span style=\"font-size:12pt;font-family:Arial;color:rgb(0,0,0);background-color:transparent;vertical-align:baseline;white-space:pre-wrap;\">Ortega tambi\u00e9n ha alertado sobre los &#8220;<\/span><span style=\"font-size:12pt;font-family:Arial;color:rgb(0,0,0);background-color:transparent;font-style:italic;vertical-align:baseline;white-space:pre-wrap;\">efectos negativos que puede provocar un rodaje&#8221;<\/span><span style=\"font-size:12pt;font-family:Arial;color:rgb(0,0,0);background-color:transparent;vertical-align:baseline;white-space:pre-wrap;\">. Para combatirlos se ha creado la <\/span><span style=\"font-size:12pt;font-family:Arial;color:rgb(0,0,0);background-color:transparent;font-weight:700;vertical-align:baseline;white-space:pre-wrap;\">Green Card<\/span><span style=\"font-size:12pt;font-family:Arial;color:rgb(0,0,0);background-color:transparent;vertical-align:baseline;white-space:pre-wrap;\">, que re\u00fane una serie de consejos a seguir en una producci\u00f3n. Sin ir m\u00e1s lejos, <\/span><span style=\"font-size:12pt;font-family:Arial;color:rgb(0,0,0);background-color:transparent;font-weight:700;vertical-align:baseline;white-space:pre-wrap;\">Juego de Tronos<\/span><span style=\"font-size:12pt;font-family:Arial;color:rgb(0,0,0);background-color:transparent;vertical-align:baseline;white-space:pre-wrap;\"> lo aplic\u00f3 en el rodaje de su tercera temporada, prohibiendo los botellines de agua y ahorraron 2 toneladas de pl\u00e1stico.<\/span><\/p>\n<p dir=\"ltr\" style=\"font-size:12px;font-family:Arial, sans-serif;line-height:1.656;margin-top:0pt;margin-bottom:0pt;text-align:justify;\">\u00a0<\/p>\n<p dir=\"ltr\" style=\"font-size:12px;font-family:Arial, sans-serif;line-height:1.656;margin-top:0pt;margin-bottom:0pt;text-align:justify;\">\u00a0<\/p>\n<p dir=\"ltr\" style=\"font-size:12px;font-family:Arial, sans-serif;line-height:1.656;margin-top:0pt;margin-bottom:0pt;text-align:justify;\"><span style=\"font-size:12pt;font-family:Arial;color:rgb(0,0,0);background-color:transparent;font-weight:700;vertical-align:baseline;white-space:pre-wrap;\">NUEVAS ALIANZAS<\/span><\/p>\n<p dir=\"ltr\" style=\"font-size:12px;font-family:Arial, sans-serif;line-height:1.656;margin-top:0pt;margin-bottom:0pt;text-align:justify;\"><span style=\"font-size:12pt;font-family:Arial;color:rgb(0,0,0);background-color:transparent;vertical-align:baseline;white-space:pre-wrap;\">Hoy en el marco de Fitur Screen, Spain Film Commission ha firmado, igualmente, dos <\/span><span style=\"font-size:12pt;font-family:Arial;color:rgb(0,0,0);background-color:transparent;font-weight:700;vertical-align:baseline;white-space:pre-wrap;\">Convenios de Colaboraci\u00f3n<\/span><span style=\"font-size:12pt;font-family:Arial;color:rgb(0,0,0);background-color:transparent;vertical-align:baseline;white-space:pre-wrap;\">. El primero, con <\/span><span style=\"font-size:12pt;font-family:Arial;color:rgb(0,0,0);background-color:transparent;font-weight:700;vertical-align:baseline;white-space:pre-wrap;\">Alia (Alianza Industria Audiovisual), <\/span><span style=\"font-size:12pt;font-family:Arial;color:rgb(0,0,0);background-color:transparent;vertical-align:baseline;white-space:pre-wrap;\">en el que ambas partes\u00a0 ponen de manifiesto su preocupaci\u00f3n por la captaci\u00f3n de rodajes y el fortalecimiento de la industria espa\u00f1ola<\/span><span style=\"font-size:12pt;font-family:Arial;color:rgb(0,0,0);background-color:transparent;font-style:italic;vertical-align:baseline;white-space:pre-wrap;\">. <\/span><span style=\"font-size:12pt;font-family:Arial;color:rgb(0,0,0);background-color:transparent;vertical-align:baseline;white-space:pre-wrap;\">Seg\u00fan ha explicado Carlos Rosado, &#8220;<\/span><span style=\"font-size:12pt;font-family:Arial;color:rgb(0,0,0);background-color:transparent;font-style:italic;vertical-align:baseline;white-space:pre-wrap;\">se trata de un convenio que nos permitir\u00e1 compartir informaci\u00f3n y alcanzar este objetivo de que los rodajes que se produzcan en nuestro pa\u00eds cuenten con un sector tan cualificado como el de los profesionales de la producci\u00f3n&#8221;.<\/span><\/p>\n<p dir=\"ltr\" style=\"font-size:12px;font-family:Arial, sans-serif;line-height:1.38;margin-top:0pt;margin-bottom:0pt;text-align:justify;\"><span style=\"font-size:10pt;font-family:Arial;vertical-align:baseline;white-space:pre-wrap;\">\u00a0<\/span><\/p>\n<p dir=\"ltr\" style=\"font-size:12px;font-family:Arial, sans-serif;line-height:1.656;margin-top:0pt;margin-bottom:0pt;text-align:justify;\"><span style=\"font-size:12pt;font-family:Arial;color:rgb(0,0,0);background-color:transparent;vertical-align:baseline;white-space:pre-wrap;\">Tambi\u00e9n se ha hecho efectiva la firma del Convenio con la <\/span><span style=\"font-size:12pt;font-family:Arial;color:rgb(0,0,0);background-color:transparent;font-weight:700;vertical-align:baseline;white-space:pre-wrap;\">Uni\u00f3n de Actores y Actrices,<\/span><span style=\"font-size:12pt;font-family:Arial;color:rgb(0,0,0);background-color:transparent;vertical-align:baseline;white-space:pre-wrap;\"> con el que, en palabras de Rosado, se quiere <\/span><span style=\"font-size:12pt;font-family:Arial;color:rgb(0,0,0);background-color:transparent;font-style:italic;vertical-align:baseline;white-space:pre-wrap;\">&#8220;mandar el mensaje a todos los pa\u00edses con los que se relaciona la SFC de que Espa\u00f1a dispone de actores y actrices llenos de talento&#8221;.<\/span><span style=\"font-size:12pt;font-family:Arial;color:rgb(0,0,0);background-color:transparent;vertical-align:baseline;white-space:pre-wrap;\"> Por ello, SFC ha reiterado su voluntad de seguir trabajando para que esta difusi\u00f3n &#8220;<\/span><span style=\"font-size:12pt;font-family:Arial;color:rgb(0,0,0);background-color:transparent;font-style:italic;vertical-align:baseline;white-space:pre-wrap;\">alcance al mayor n\u00famero de actores y actrices, tanto veteranos, como quienes se estan inciando en este mundo&#8221;.<\/span><\/p>\n<p dir=\"ltr\" style=\"font-size:12px;font-family:Arial, sans-serif;line-height:1.38;margin-top:0pt;margin-bottom:0pt;padding:10pt 0pt;text-align:justify;\">\u00a0<\/p>\n<p dir=\"ltr\" style=\"font-size:12px;font-family:Arial, sans-serif;line-height:1.656;margin-top:0pt;margin-bottom:0pt;text-align:justify;\"><span style=\"font-size:12pt;font-family:Arial;color:rgb(0,0,0);background-color:transparent;font-weight:700;vertical-align:baseline;white-space:pre-wrap;\">EXPERIENCIAS TERRITORIALES<\/span><\/p>\n<p dir=\"ltr\" style=\"font-size:12px;font-family:Arial, sans-serif;line-height:1.656;margin-top:0pt;margin-bottom:0pt;text-align:justify;\"><span style=\"font-size:12pt;font-family:Arial;color:rgb(0,0,0);background-color:transparent;vertical-align:baseline;white-space:pre-wrap;\">La tercera jornada de Fitur Screen 2022 ha arrancado con la sesi\u00f3n &#8220;<\/span><span style=\"font-size:12pt;font-family:Arial;color:rgb(0,0,0);background-color:transparent;font-weight:700;vertical-align:baseline;white-space:pre-wrap;\">Rueda sostenible en Cantabria<\/span><span style=\"font-size:12pt;font-family:Arial;color:rgb(0,0,0);background-color:transparent;vertical-align:baseline;white-space:pre-wrap;\">&#8221;, de la mano de <\/span><span style=\"font-size:12pt;font-family:Arial;color:rgb(0,0,0);background-color:transparent;font-weight:700;vertical-align:baseline;white-space:pre-wrap;\">Gema Agudo<\/span><span style=\"font-size:12pt;font-family:Arial;color:rgb(0,0,0);background-color:transparent;vertical-align:baseline;white-space:pre-wrap;\">, directora general de Acci\u00f3n Cultural de la Consejer\u00eda de Universidades, Igualdad, Cultura y Deporte del Gobierno de Cantabria. &#8220;<\/span><span style=\"font-size:12pt;font-family:Arial;color:rgb(0,0,0);background-color:transparent;font-style:italic;vertical-align:baseline;white-space:pre-wrap;\">El sector audiovisual combina a la perfecci\u00f3n la promoci\u00f3n de una tierra con la cultura y Cantabria es cuna de grandes directores&#8221;<\/span><span style=\"font-size:12pt;font-family:Arial;color:rgb(0,0,0);background-color:transparent;vertical-align:baseline;white-space:pre-wrap;\">, ha afirmado Agudo. Por ello, actualmente trabajan en una pol\u00edtica transversal que haga del audiovisual un motor de desarrollo en Cantabria impulsando rodajes eficientes.<\/span><\/p>\n<p dir=\"ltr\" style=\"font-size:12px;font-family:Arial, sans-serif;line-height:1.38;margin-top:0pt;margin-bottom:0pt;text-align:justify;\"><span style=\"font-size:10pt;font-family:Arial;vertical-align:baseline;white-space:pre-wrap;\">\u00a0<\/span><\/p>\n<p dir=\"ltr\" style=\"font-size:12px;font-family:Arial, sans-serif;line-height:1.656;margin-top:0pt;margin-bottom:0pt;text-align:justify;\"><span style=\"font-size:12pt;font-family:Arial;color:rgb(0,0,0);background-color:transparent;vertical-align:baseline;white-space:pre-wrap;\">Finalmente, la encargada de cerrar la IV Edici\u00f3n de Fitur Screen ha sido <\/span><span style=\"font-size:12pt;font-family:Arial;color:rgb(0,0,0);background-color:transparent;font-weight:700;vertical-align:baseline;white-space:pre-wrap;\">Extremadura Film Commission,<\/span><span style=\"font-size:12pt;font-family:Arial;color:rgb(0,0,0);background-color:transparent;vertical-align:baseline;white-space:pre-wrap;\"> que ha presentado la sesi\u00f3n<\/span><span style=\"font-size:12pt;font-family:Arial;color:rgb(0,0,0);background-color:transparent;font-weight:700;vertical-align:baseline;white-space:pre-wrap;\"> &#8220;Extremadura, arraigo al cine&#8221;<\/span><span style=\"font-size:12pt;font-family:Arial;color:rgb(0,0,0);background-color:transparent;vertical-align:baseline;white-space:pre-wrap;\"> con la presencia de <\/span><span style=\"font-size:12pt;font-family:Arial;color:rgb(0,0,0);background-color:transparent;font-weight:700;vertical-align:baseline;white-space:pre-wrap;\">Nuria Flores<\/span><span style=\"font-size:12pt;font-family:Arial;color:rgb(0,0,0);background-color:transparent;vertical-align:baseline;white-space:pre-wrap;\">, Consejera de Cultura, Turismo y Deportes, Junta de Extremadura. Adem\u00e1s, tambi\u00e9n se ha presentado <\/span><span style=\"font-size:12pt;font-family:Arial;color:rgb(0,0,0);background-color:transparent;font-weight:700;vertical-align:baseline;white-space:pre-wrap;\">C\u00e1ceres \u00a1De Cine!<\/span><span style=\"font-size:12pt;font-family:Arial;color:rgb(0,0,0);background-color:transparent;vertical-align:baseline;white-space:pre-wrap;\"> con su Alcalde, <\/span><span style=\"font-size:12pt;font-family:Arial;color:rgb(0,0,0);background-color:transparent;font-weight:700;vertical-align:baseline;white-space:pre-wrap;\">Luis Salaya Juli\u00e1n<\/span><span style=\"font-size:12pt;font-family:Arial;color:rgb(0,0,0);background-color:transparent;vertical-align:baseline;white-space:pre-wrap;\">, as\u00ed como <\/span><span style=\"font-size:12pt;font-family:Arial;color:rgb(0,0,0);background-color:transparent;font-weight:700;vertical-align:baseline;white-space:pre-wrap;\">Trujillo Plat\u00f3 de Cine<\/span><span style=\"font-size:12pt;font-family:Arial;color:rgb(0,0,0);background-color:transparent;vertical-align:baseline;white-space:pre-wrap;\">, con la presencia de su Alcalde, <\/span><span style=\"font-size:12pt;font-family:Arial;color:rgb(0,0,0);background-color:transparent;font-weight:700;vertical-align:baseline;white-space:pre-wrap;\">Jos\u00e9 Antonio Redondo.<\/span><\/p>\n<p dir=\"ltr\" style=\"font-size:12px;font-family:Arial, sans-serif;line-height:1.656;margin-top:0pt;margin-bottom:0pt;text-align:justify;\">\u00a0<\/p>\n<h3 style=\"font-weight:600;line-height:1.1;font-family:Arial, sans-serif;text-align:justify;color:rgb(225,11,19);margin-top:20px;margin-bottom:10px;font-size:12px;text-transform:uppercase;\"><span style=\"font-size:16px;\">#SHOOTINGINSPAIN #YOURMOVIEYOURTRIP #FITURSCREEN2022<\/span><\/h3>\n","protected":false},"excerpt":{"rendered":"<p dir=\"ltr\" style=\"font-size:12px;font-family:Arial, sans-serif;line-height:1.38;margin-top:0pt;margin-bottom:0pt;text-align:center;\"><span style=\"font-size:14px;\"><span id=\"docs-internal-guid-b95d2208-7fff-eb4a-02fd-5bb8de185cc1\"><span style=\"font-family:Arial;color:rgb(0,0,0);background-color:transparent;font-weight:700;vertical-align:baseline;white-space:pre-wrap;\">Los protagonistas del largometraje dirigido por Iciar Bolla\u00edn han\u00a0<\/span><\/span><\/span><\/p>\n<p dir=\"ltr\" style=\"font-size:12px;font-family:Arial, sans-serif;line-height:1.38;margin-top:0pt;margin-bottom:0pt;text-align:center;\"><span style=\"font-size:14px;\"><span style=\"font-family:Arial;color:rgb(0,0,0);background-color:transparent;font-weight:700;vertical-align:baseline;white-space:pre-wrap;\">recibido el galard\u00f3n de manos del Presidente de Spain Film Commission, Carlos Rosado<\/span><\/span><\/p>\n","protected":false},"author":2,"featured_media":8587,"comment_status":"closed","ping_status":"","sticky":false,"template":"","format":"standard","meta":{"footnotes":""},"categories":[38],"tags":[],"class_list":["post-8586","post","type-post","status-publish","format-standard","has-post-thumbnail","hentry","category-noticias"],"yoast_head":"<!-- This site is optimized with the Yoast SEO plugin v27.3 - https:\/\/yoast.com\/product\/yoast-seo-wordpress\/ -->\n<title>Luis Tosar y Blanca Portillo recogen en FITUR el Premio a la Mejor Producci\u00f3n Audiovisual SFC 2022 por &quot;Maixabel&quot; - Spain Film Commission<\/title>\n<meta name=\"robots\" content=\"index, follow, max-snippet:-1, max-image-preview:large, max-video-preview:-1\" \/>\n<link rel=\"canonical\" href=\"https:\/\/spainfilmcommission.com\/en\/blog\/luis-tosar-y-blanca-portillo-recogen-en-fitur-el-premio-a-la-mejor-produccion-audiovisual-sfc-2022-por-maixabel\/\" \/>\n<meta property=\"og:locale\" content=\"en_US\" \/>\n<meta property=\"og:type\" content=\"article\" \/>\n<meta property=\"og:title\" content=\"Luis Tosar y Blanca Portillo recogen en FITUR el Premio a la Mejor Producci\u00f3n Audiovisual SFC 2022 por &quot;Maixabel&quot; - Spain Film Commission\" \/>\n<meta property=\"og:description\" content=\"Los protagonistas del largometraje dirigido por Iciar Bolla\u00edn han\u00a0 recibido el galard\u00f3n de manos del Presidente de Spain Film Commission, Carlos Rosado\" \/>\n<meta property=\"og:url\" content=\"https:\/\/spainfilmcommission.com\/en\/blog\/luis-tosar-y-blanca-portillo-recogen-en-fitur-el-premio-a-la-mejor-produccion-audiovisual-sfc-2022-por-maixabel\/\" \/>\n<meta property=\"og:site_name\" content=\"Spain Film Commission\" \/>\n<meta property=\"article:published_time\" content=\"2022-01-20T22:00:00+00:00\" \/>\n<meta property=\"article:modified_time\" content=\"2025-02-11T07:06:48+00:00\" \/>\n<meta property=\"og:image\" content=\"https:\/\/spainfilmcommission.com\/wp-content\/uploads\/2024\/11\/luis-tosar-y-blanca-portillo-recogen-en-fitur-el-premio-a-la-mejor-produccion-audiovisual-sfc-2022-por-maixabel-249.jpeg\" \/>\n\t<meta property=\"og:image:width\" content=\"1170\" \/>\n\t<meta property=\"og:image:height\" content=\"779\" \/>\n\t<meta property=\"og:image:type\" content=\"image\/jpeg\" \/>\n<meta name=\"author\" content=\"studio128k_dam\" \/>\n<meta name=\"twitter:card\" content=\"summary_large_image\" \/>\n<meta name=\"twitter:label1\" content=\"Written by\" \/>\n\t<meta name=\"twitter:data1\" content=\"studio128k_dam\" \/>\n\t<meta name=\"twitter:label2\" content=\"Est. reading time\" \/>\n\t<meta name=\"twitter:data2\" content=\"4 minutes\" \/>\n<script type=\"application\/ld+json\" class=\"yoast-schema-graph\">{\"@context\":\"https:\\\/\\\/schema.org\",\"@graph\":[{\"@type\":\"Article\",\"@id\":\"https:\\\/\\\/spainfilmcommission.com\\\/en\\\/blog\\\/luis-tosar-y-blanca-portillo-recogen-en-fitur-el-premio-a-la-mejor-produccion-audiovisual-sfc-2022-por-maixabel\\\/#article\",\"isPartOf\":{\"@id\":\"https:\\\/\\\/spainfilmcommission.com\\\/en\\\/blog\\\/luis-tosar-y-blanca-portillo-recogen-en-fitur-el-premio-a-la-mejor-produccion-audiovisual-sfc-2022-por-maixabel\\\/\"},\"author\":{\"name\":\"studio128k_dam\",\"@id\":\"https:\\\/\\\/spainfilmcommission.com\\\/en\\\/#\\\/schema\\\/person\\\/6c014ba6ceac198d178a6a9e61113c9d\"},\"headline\":\"Luis Tosar y Blanca Portillo recogen en FITUR el Premio a la Mejor Producci\u00f3n Audiovisual SFC 2022 por &#8220;Maixabel&#8221;\",\"datePublished\":\"2022-01-20T22:00:00+00:00\",\"dateModified\":\"2025-02-11T07:06:48+00:00\",\"mainEntityOfPage\":{\"@id\":\"https:\\\/\\\/spainfilmcommission.com\\\/en\\\/blog\\\/luis-tosar-y-blanca-portillo-recogen-en-fitur-el-premio-a-la-mejor-produccion-audiovisual-sfc-2022-por-maixabel\\\/\"},\"wordCount\":887,\"publisher\":{\"@id\":\"https:\\\/\\\/spainfilmcommission.com\\\/en\\\/#organization\"},\"image\":{\"@id\":\"https:\\\/\\\/spainfilmcommission.com\\\/en\\\/blog\\\/luis-tosar-y-blanca-portillo-recogen-en-fitur-el-premio-a-la-mejor-produccion-audiovisual-sfc-2022-por-maixabel\\\/#primaryimage\"},\"thumbnailUrl\":\"https:\\\/\\\/spainfilmcommission.com\\\/wp-content\\\/uploads\\\/2024\\\/11\\\/luis-tosar-y-blanca-portillo-recogen-en-fitur-el-premio-a-la-mejor-produccion-audiovisual-sfc-2022-por-maixabel-249.jpeg\",\"articleSection\":[\"Noticias\"],\"inLanguage\":\"en-US\"},{\"@type\":\"WebPage\",\"@id\":\"https:\\\/\\\/spainfilmcommission.com\\\/en\\\/blog\\\/luis-tosar-y-blanca-portillo-recogen-en-fitur-el-premio-a-la-mejor-produccion-audiovisual-sfc-2022-por-maixabel\\\/\",\"url\":\"https:\\\/\\\/spainfilmcommission.com\\\/en\\\/blog\\\/luis-tosar-y-blanca-portillo-recogen-en-fitur-el-premio-a-la-mejor-produccion-audiovisual-sfc-2022-por-maixabel\\\/\",\"name\":\"Luis Tosar y Blanca Portillo recogen en FITUR el Premio a la Mejor Producci\u00f3n Audiovisual SFC 2022 por \\\"Maixabel\\\" - Spain Film Commission\",\"isPartOf\":{\"@id\":\"https:\\\/\\\/spainfilmcommission.com\\\/en\\\/#website\"},\"primaryImageOfPage\":{\"@id\":\"https:\\\/\\\/spainfilmcommission.com\\\/en\\\/blog\\\/luis-tosar-y-blanca-portillo-recogen-en-fitur-el-premio-a-la-mejor-produccion-audiovisual-sfc-2022-por-maixabel\\\/#primaryimage\"},\"image\":{\"@id\":\"https:\\\/\\\/spainfilmcommission.com\\\/en\\\/blog\\\/luis-tosar-y-blanca-portillo-recogen-en-fitur-el-premio-a-la-mejor-produccion-audiovisual-sfc-2022-por-maixabel\\\/#primaryimage\"},\"thumbnailUrl\":\"https:\\\/\\\/spainfilmcommission.com\\\/wp-content\\\/uploads\\\/2024\\\/11\\\/luis-tosar-y-blanca-portillo-recogen-en-fitur-el-premio-a-la-mejor-produccion-audiovisual-sfc-2022-por-maixabel-249.jpeg\",\"datePublished\":\"2022-01-20T22:00:00+00:00\",\"dateModified\":\"2025-02-11T07:06:48+00:00\",\"breadcrumb\":{\"@id\":\"https:\\\/\\\/spainfilmcommission.com\\\/en\\\/blog\\\/luis-tosar-y-blanca-portillo-recogen-en-fitur-el-premio-a-la-mejor-produccion-audiovisual-sfc-2022-por-maixabel\\\/#breadcrumb\"},\"inLanguage\":\"en-US\",\"potentialAction\":[{\"@type\":\"ReadAction\",\"target\":[\"https:\\\/\\\/spainfilmcommission.com\\\/en\\\/blog\\\/luis-tosar-y-blanca-portillo-recogen-en-fitur-el-premio-a-la-mejor-produccion-audiovisual-sfc-2022-por-maixabel\\\/\"]}]},{\"@type\":\"ImageObject\",\"inLanguage\":\"en-US\",\"@id\":\"https:\\\/\\\/spainfilmcommission.com\\\/en\\\/blog\\\/luis-tosar-y-blanca-portillo-recogen-en-fitur-el-premio-a-la-mejor-produccion-audiovisual-sfc-2022-por-maixabel\\\/#primaryimage\",\"url\":\"https:\\\/\\\/spainfilmcommission.com\\\/wp-content\\\/uploads\\\/2024\\\/11\\\/luis-tosar-y-blanca-portillo-recogen-en-fitur-el-premio-a-la-mejor-produccion-audiovisual-sfc-2022-por-maixabel-249.jpeg\",\"contentUrl\":\"https:\\\/\\\/spainfilmcommission.com\\\/wp-content\\\/uploads\\\/2024\\\/11\\\/luis-tosar-y-blanca-portillo-recogen-en-fitur-el-premio-a-la-mejor-produccion-audiovisual-sfc-2022-por-maixabel-249.jpeg\",\"width\":1170,\"height\":779},{\"@type\":\"BreadcrumbList\",\"@id\":\"https:\\\/\\\/spainfilmcommission.com\\\/en\\\/blog\\\/luis-tosar-y-blanca-portillo-recogen-en-fitur-el-premio-a-la-mejor-produccion-audiovisual-sfc-2022-por-maixabel\\\/#breadcrumb\",\"itemListElement\":[{\"@type\":\"ListItem\",\"position\":1,\"name\":\"Portada\",\"item\":\"https:\\\/\\\/spainfilmcommission.com\\\/en\\\/\"},{\"@type\":\"ListItem\",\"position\":2,\"name\":\"Luis Tosar y Blanca Portillo recogen en FITUR el Premio a la Mejor Producci\u00f3n Audiovisual SFC 2022 por \u00abMaixabel\u00bb\"}]},{\"@type\":\"WebSite\",\"@id\":\"https:\\\/\\\/spainfilmcommission.com\\\/en\\\/#website\",\"url\":\"https:\\\/\\\/spainfilmcommission.com\\\/en\\\/\",\"name\":\"Spain Film Commission\",\"description\":\"\",\"publisher\":{\"@id\":\"https:\\\/\\\/spainfilmcommission.com\\\/en\\\/#organization\"},\"potentialAction\":[{\"@type\":\"SearchAction\",\"target\":{\"@type\":\"EntryPoint\",\"urlTemplate\":\"https:\\\/\\\/spainfilmcommission.com\\\/en\\\/?s={search_term_string}\"},\"query-input\":{\"@type\":\"PropertyValueSpecification\",\"valueRequired\":true,\"valueName\":\"search_term_string\"}}],\"inLanguage\":\"en-US\"},{\"@type\":\"Organization\",\"@id\":\"https:\\\/\\\/spainfilmcommission.com\\\/en\\\/#organization\",\"name\":\"Spain Film Commission\",\"url\":\"https:\\\/\\\/spainfilmcommission.com\\\/en\\\/\",\"logo\":{\"@type\":\"ImageObject\",\"inLanguage\":\"en-US\",\"@id\":\"https:\\\/\\\/spainfilmcommission.com\\\/en\\\/#\\\/schema\\\/logo\\\/image\\\/\",\"url\":\"https:\\\/\\\/spainfilmcommission.com\\\/wp-content\\\/uploads\\\/2024\\\/07\\\/SPC_COLOR.png\",\"contentUrl\":\"https:\\\/\\\/spainfilmcommission.com\\\/wp-content\\\/uploads\\\/2024\\\/07\\\/SPC_COLOR.png\",\"width\":1665,\"height\":1665,\"caption\":\"Spain Film Commission\"},\"image\":{\"@id\":\"https:\\\/\\\/spainfilmcommission.com\\\/en\\\/#\\\/schema\\\/logo\\\/image\\\/\"}},{\"@type\":\"Person\",\"@id\":\"https:\\\/\\\/spainfilmcommission.com\\\/en\\\/#\\\/schema\\\/person\\\/6c014ba6ceac198d178a6a9e61113c9d\",\"name\":\"studio128k_dam\",\"image\":{\"@type\":\"ImageObject\",\"inLanguage\":\"en-US\",\"@id\":\"https:\\\/\\\/secure.gravatar.com\\\/avatar\\\/810f99144a13522c24aa173f9cd8bf079d0e89758af00b5f2938443cd51b31e9?s=96&d=mm&r=g\",\"url\":\"https:\\\/\\\/secure.gravatar.com\\\/avatar\\\/810f99144a13522c24aa173f9cd8bf079d0e89758af00b5f2938443cd51b31e9?s=96&d=mm&r=g\",\"contentUrl\":\"https:\\\/\\\/secure.gravatar.com\\\/avatar\\\/810f99144a13522c24aa173f9cd8bf079d0e89758af00b5f2938443cd51b31e9?s=96&d=mm&r=g\",\"caption\":\"studio128k_dam\"}}]}<\/script>\n<!-- \/ Yoast SEO plugin. -->","yoast_head_json":{"title":"Luis Tosar y Blanca Portillo recogen en FITUR el Premio a la Mejor Producci\u00f3n Audiovisual SFC 2022 por \"Maixabel\" - Spain Film Commission","robots":{"index":"index","follow":"follow","max-snippet":"max-snippet:-1","max-image-preview":"max-image-preview:large","max-video-preview":"max-video-preview:-1"},"canonical":"https:\/\/spainfilmcommission.com\/en\/blog\/luis-tosar-y-blanca-portillo-recogen-en-fitur-el-premio-a-la-mejor-produccion-audiovisual-sfc-2022-por-maixabel\/","og_locale":"en_US","og_type":"article","og_title":"Luis Tosar y Blanca Portillo recogen en FITUR el Premio a la Mejor Producci\u00f3n Audiovisual SFC 2022 por \"Maixabel\" - Spain Film Commission","og_description":"Los protagonistas del largometraje dirigido por Iciar Bolla\u00edn han\u00a0 recibido el galard\u00f3n de manos del Presidente de Spain Film Commission, Carlos Rosado","og_url":"https:\/\/spainfilmcommission.com\/en\/blog\/luis-tosar-y-blanca-portillo-recogen-en-fitur-el-premio-a-la-mejor-produccion-audiovisual-sfc-2022-por-maixabel\/","og_site_name":"Spain Film Commission","article_published_time":"2022-01-20T22:00:00+00:00","article_modified_time":"2025-02-11T07:06:48+00:00","og_image":[{"width":1170,"height":779,"url":"https:\/\/spainfilmcommission.com\/wp-content\/uploads\/2024\/11\/luis-tosar-y-blanca-portillo-recogen-en-fitur-el-premio-a-la-mejor-produccion-audiovisual-sfc-2022-por-maixabel-249.jpeg","type":"image\/jpeg"}],"author":"studio128k_dam","twitter_card":"summary_large_image","twitter_misc":{"Written by":"studio128k_dam","Est. reading time":"4 minutes"},"schema":{"@context":"https:\/\/schema.org","@graph":[{"@type":"Article","@id":"https:\/\/spainfilmcommission.com\/en\/blog\/luis-tosar-y-blanca-portillo-recogen-en-fitur-el-premio-a-la-mejor-produccion-audiovisual-sfc-2022-por-maixabel\/#article","isPartOf":{"@id":"https:\/\/spainfilmcommission.com\/en\/blog\/luis-tosar-y-blanca-portillo-recogen-en-fitur-el-premio-a-la-mejor-produccion-audiovisual-sfc-2022-por-maixabel\/"},"author":{"name":"studio128k_dam","@id":"https:\/\/spainfilmcommission.com\/en\/#\/schema\/person\/6c014ba6ceac198d178a6a9e61113c9d"},"headline":"Luis Tosar y Blanca Portillo recogen en FITUR el Premio a la Mejor Producci\u00f3n Audiovisual SFC 2022 por &#8220;Maixabel&#8221;","datePublished":"2022-01-20T22:00:00+00:00","dateModified":"2025-02-11T07:06:48+00:00","mainEntityOfPage":{"@id":"https:\/\/spainfilmcommission.com\/en\/blog\/luis-tosar-y-blanca-portillo-recogen-en-fitur-el-premio-a-la-mejor-produccion-audiovisual-sfc-2022-por-maixabel\/"},"wordCount":887,"publisher":{"@id":"https:\/\/spainfilmcommission.com\/en\/#organization"},"image":{"@id":"https:\/\/spainfilmcommission.com\/en\/blog\/luis-tosar-y-blanca-portillo-recogen-en-fitur-el-premio-a-la-mejor-produccion-audiovisual-sfc-2022-por-maixabel\/#primaryimage"},"thumbnailUrl":"https:\/\/spainfilmcommission.com\/wp-content\/uploads\/2024\/11\/luis-tosar-y-blanca-portillo-recogen-en-fitur-el-premio-a-la-mejor-produccion-audiovisual-sfc-2022-por-maixabel-249.jpeg","articleSection":["Noticias"],"inLanguage":"en-US"},{"@type":"WebPage","@id":"https:\/\/spainfilmcommission.com\/en\/blog\/luis-tosar-y-blanca-portillo-recogen-en-fitur-el-premio-a-la-mejor-produccion-audiovisual-sfc-2022-por-maixabel\/","url":"https:\/\/spainfilmcommission.com\/en\/blog\/luis-tosar-y-blanca-portillo-recogen-en-fitur-el-premio-a-la-mejor-produccion-audiovisual-sfc-2022-por-maixabel\/","name":"Luis Tosar y Blanca Portillo recogen en FITUR el Premio a la Mejor Producci\u00f3n Audiovisual SFC 2022 por \"Maixabel\" - Spain Film Commission","isPartOf":{"@id":"https:\/\/spainfilmcommission.com\/en\/#website"},"primaryImageOfPage":{"@id":"https:\/\/spainfilmcommission.com\/en\/blog\/luis-tosar-y-blanca-portillo-recogen-en-fitur-el-premio-a-la-mejor-produccion-audiovisual-sfc-2022-por-maixabel\/#primaryimage"},"image":{"@id":"https:\/\/spainfilmcommission.com\/en\/blog\/luis-tosar-y-blanca-portillo-recogen-en-fitur-el-premio-a-la-mejor-produccion-audiovisual-sfc-2022-por-maixabel\/#primaryimage"},"thumbnailUrl":"https:\/\/spainfilmcommission.com\/wp-content\/uploads\/2024\/11\/luis-tosar-y-blanca-portillo-recogen-en-fitur-el-premio-a-la-mejor-produccion-audiovisual-sfc-2022-por-maixabel-249.jpeg","datePublished":"2022-01-20T22:00:00+00:00","dateModified":"2025-02-11T07:06:48+00:00","breadcrumb":{"@id":"https:\/\/spainfilmcommission.com\/en\/blog\/luis-tosar-y-blanca-portillo-recogen-en-fitur-el-premio-a-la-mejor-produccion-audiovisual-sfc-2022-por-maixabel\/#breadcrumb"},"inLanguage":"en-US","potentialAction":[{"@type":"ReadAction","target":["https:\/\/spainfilmcommission.com\/en\/blog\/luis-tosar-y-blanca-portillo-recogen-en-fitur-el-premio-a-la-mejor-produccion-audiovisual-sfc-2022-por-maixabel\/"]}]},{"@type":"ImageObject","inLanguage":"en-US","@id":"https:\/\/spainfilmcommission.com\/en\/blog\/luis-tosar-y-blanca-portillo-recogen-en-fitur-el-premio-a-la-mejor-produccion-audiovisual-sfc-2022-por-maixabel\/#primaryimage","url":"https:\/\/spainfilmcommission.com\/wp-content\/uploads\/2024\/11\/luis-tosar-y-blanca-portillo-recogen-en-fitur-el-premio-a-la-mejor-produccion-audiovisual-sfc-2022-por-maixabel-249.jpeg","contentUrl":"https:\/\/spainfilmcommission.com\/wp-content\/uploads\/2024\/11\/luis-tosar-y-blanca-portillo-recogen-en-fitur-el-premio-a-la-mejor-produccion-audiovisual-sfc-2022-por-maixabel-249.jpeg","width":1170,"height":779},{"@type":"BreadcrumbList","@id":"https:\/\/spainfilmcommission.com\/en\/blog\/luis-tosar-y-blanca-portillo-recogen-en-fitur-el-premio-a-la-mejor-produccion-audiovisual-sfc-2022-por-maixabel\/#breadcrumb","itemListElement":[{"@type":"ListItem","position":1,"name":"Portada","item":"https:\/\/spainfilmcommission.com\/en\/"},{"@type":"ListItem","position":2,"name":"Luis Tosar y Blanca Portillo recogen en FITUR el Premio a la Mejor Producci\u00f3n Audiovisual SFC 2022 por \u00abMaixabel\u00bb"}]},{"@type":"WebSite","@id":"https:\/\/spainfilmcommission.com\/en\/#website","url":"https:\/\/spainfilmcommission.com\/en\/","name":"Spain Film Commission","description":"","publisher":{"@id":"https:\/\/spainfilmcommission.com\/en\/#organization"},"potentialAction":[{"@type":"SearchAction","target":{"@type":"EntryPoint","urlTemplate":"https:\/\/spainfilmcommission.com\/en\/?s={search_term_string}"},"query-input":{"@type":"PropertyValueSpecification","valueRequired":true,"valueName":"search_term_string"}}],"inLanguage":"en-US"},{"@type":"Organization","@id":"https:\/\/spainfilmcommission.com\/en\/#organization","name":"Spain Film Commission","url":"https:\/\/spainfilmcommission.com\/en\/","logo":{"@type":"ImageObject","inLanguage":"en-US","@id":"https:\/\/spainfilmcommission.com\/en\/#\/schema\/logo\/image\/","url":"https:\/\/spainfilmcommission.com\/wp-content\/uploads\/2024\/07\/SPC_COLOR.png","contentUrl":"https:\/\/spainfilmcommission.com\/wp-content\/uploads\/2024\/07\/SPC_COLOR.png","width":1665,"height":1665,"caption":"Spain Film Commission"},"image":{"@id":"https:\/\/spainfilmcommission.com\/en\/#\/schema\/logo\/image\/"}},{"@type":"Person","@id":"https:\/\/spainfilmcommission.com\/en\/#\/schema\/person\/6c014ba6ceac198d178a6a9e61113c9d","name":"studio128k_dam","image":{"@type":"ImageObject","inLanguage":"en-US","@id":"https:\/\/secure.gravatar.com\/avatar\/810f99144a13522c24aa173f9cd8bf079d0e89758af00b5f2938443cd51b31e9?s=96&d=mm&r=g","url":"https:\/\/secure.gravatar.com\/avatar\/810f99144a13522c24aa173f9cd8bf079d0e89758af00b5f2938443cd51b31e9?s=96&d=mm&r=g","contentUrl":"https:\/\/secure.gravatar.com\/avatar\/810f99144a13522c24aa173f9cd8bf079d0e89758af00b5f2938443cd51b31e9?s=96&d=mm&r=g","caption":"studio128k_dam"}}]}},"_links":{"self":[{"href":"https:\/\/spainfilmcommission.com\/en\/wp-json\/wp\/v2\/posts\/8586","targetHints":{"allow":["GET"]}}],"collection":[{"href":"https:\/\/spainfilmcommission.com\/en\/wp-json\/wp\/v2\/posts"}],"about":[{"href":"https:\/\/spainfilmcommission.com\/en\/wp-json\/wp\/v2\/types\/post"}],"author":[{"embeddable":true,"href":"https:\/\/spainfilmcommission.com\/en\/wp-json\/wp\/v2\/users\/2"}],"replies":[{"embeddable":true,"href":"https:\/\/spainfilmcommission.com\/en\/wp-json\/wp\/v2\/comments?post=8586"}],"version-history":[{"count":0,"href":"https:\/\/spainfilmcommission.com\/en\/wp-json\/wp\/v2\/posts\/8586\/revisions"}],"wp:featuredmedia":[{"embeddable":true,"href":"https:\/\/spainfilmcommission.com\/en\/wp-json\/wp\/v2\/media\/8587"}],"wp:attachment":[{"href":"https:\/\/spainfilmcommission.com\/en\/wp-json\/wp\/v2\/media?parent=8586"}],"wp:term":[{"taxonomy":"category","embeddable":true,"href":"https:\/\/spainfilmcommission.com\/en\/wp-json\/wp\/v2\/categories?post=8586"},{"taxonomy":"post_tag","embeddable":true,"href":"https:\/\/spainfilmcommission.com\/en\/wp-json\/wp\/v2\/tags?post=8586"}],"curies":[{"name":"wp","href":"https:\/\/api.w.org\/{rel}","templated":true}]}}