{"id":8583,"date":"2022-01-20T00:00:00","date_gmt":"2022-01-19T22:00:00","guid":{"rendered":"https:\/\/sfc.com\/la-productora-veronica-sullivan-ha-agradecido-el-reconocimiento-de-embajadora-spain-film-commission-2022-a-la-sfc-y-ha-expresado-su-amor-por-nuestro-pais-al-que-espera-poder-venir-a-rodar-muy-pronto\/"},"modified":"2025-02-11T08:06:48","modified_gmt":"2025-02-11T07:06:48","slug":"la-productora-veronica-sullivan-ha-agradecido-el-reconocimiento-de-embajadora-spain-film-commission-2022-a-la-sfc-y-ha-expresado-su-amor-por-nuestro-pais-al-que-espera-poder-venir-a-rodar-muy-pronto","status":"publish","type":"post","link":"https:\/\/spainfilmcommission.com\/en\/blog\/la-productora-veronica-sullivan-ha-agradecido-el-reconocimiento-de-embajadora-spain-film-commission-2022-a-la-sfc-y-ha-expresado-su-amor-por-nuestro-pais-al-que-espera-poder-venir-a-rodar-muy-pronto\/","title":{"rendered":"La productora Veronica Sullivan ha agradecido el reconocimiento de Embajadora Spain Film Commission 2022 a la SFC y ha expresado su amor por nuestro pa\u00eds, al que espera poder venir a rodar muy pronto&#8221;"},"content":{"rendered":"<p dir=\"ltr\" style=\"font-size:12px;font-family:Arial, sans-serif;text-align:justify;line-height:1.38;margin-top:0pt;margin-bottom:0pt;\"><span style=\"font-size:12pt;font-family:Arial;color:rgb(0,0,0);background-color:transparent;vertical-align:baseline;white-space:pre-wrap;\">El nombramiento de la nueva Embajadora y la Sesi\u00f3n Internacional encabezada por Netflix, han sido los actos centrales de la segunda jornada de Fitur Screen.<\/span><\/p>\n<p dir=\"ltr\" style=\"font-size:12px;font-family:Arial, sans-serif;text-align:justify;line-height:1.38;margin-top:0pt;margin-bottom:0pt;\">\u00a0<\/p>\n<p dir=\"ltr\" style=\"font-size:12px;font-family:Arial, sans-serif;text-align:justify;line-height:1.38;margin-top:0pt;margin-bottom:0pt;\">\u00a0<\/p>\n<p dir=\"ltr\" style=\"font-size:12px;font-family:Arial, sans-serif;text-align:justify;line-height:1.38;margin-top:0pt;margin-bottom:0pt;\"><span style=\"font-size:12pt;font-family:Arial;color:rgb(0,0,0);background-color:transparent;vertical-align:baseline;white-space:pre-wrap;\">La directora de Poli&#769;ticas Pu&#769;blicas de <\/span><span style=\"font-size:12pt;font-family:Arial;color:rgb(0,0,0);background-color:transparent;font-weight:700;vertical-align:baseline;white-space:pre-wrap;\">NETFLIX,<\/span><span style=\"font-size:12pt;font-family:Arial;color:rgb(0,0,0);background-color:transparent;vertical-align:baseline;white-space:pre-wrap;\"> <\/span><span style=\"font-size:12pt;font-family:Arial;color:rgb(0,0,0);background-color:transparent;font-weight:700;vertical-align:baseline;white-space:pre-wrap;\">Esperanza Iba&#769;n&#771;ez, <\/span><span style=\"font-size:12pt;font-family:Arial;color:rgb(0,0,0);background-color:transparent;vertical-align:baseline;white-space:pre-wrap;\">ha moderado la <\/span><span style=\"color:rgb(0,0,0);font-family:Arial;font-size:16px;white-space:pre-wrap;\">&#8220;<\/span><span id=\"docs-internal-guid-60b60c6a-7fff-8456-7dfe-387918aebea4\"><span style=\"font-size:12pt;font-family:Arial;color:rgb(0,0,0);background-color:transparent;vertical-align:baseline;white-space:pre-wrap;\">Mesa Internacional: Netflix, Reino Unido, Portugal, Rep\u00fablica Dominicana y Espa\u00f1a<\/span><\/span><span style=\"color:rgb(0,0,0);font-family:Arial;font-size:16px;white-space:pre-wrap;\">&#8221;,<\/span><span style=\"font-size:12pt;font-family:Arial;color:rgb(0,0,0);background-color:transparent;vertical-align:baseline;white-space:pre-wrap;\"> <\/span><span style=\"font-size:12pt;font-family:Arial;color:rgb(0,0,0);background-color:transparent;vertical-align:baseline;white-space:pre-wrap;\">con diferentes agentes a nivel internacional.<\/span><\/p>\n<p dir=\"ltr\" style=\"font-size:12px;font-family:Arial, sans-serif;text-align:justify;line-height:1.38;margin-top:0pt;margin-bottom:0pt;\">\u00a0<\/p>\n<p dir=\"ltr\" style=\"font-size:12px;font-family:Arial, sans-serif;text-align:justify;line-height:1.38;margin-top:0pt;margin-bottom:0pt;\">\u00a0<\/p>\n<p dir=\"ltr\" style=\"font-size:12px;font-family:Arial, sans-serif;text-align:justify;line-height:1.38;margin-top:0pt;margin-bottom:0pt;\"><span style=\"font-size:12pt;font-family:Arial;color:rgb(0,0,0);background-color:transparent;vertical-align:baseline;white-space:pre-wrap;\">Por una parte, <\/span><span style=\"font-size:12pt;font-family:Arial;color:rgb(0,0,0);background-color:transparent;font-weight:700;vertical-align:baseline;white-space:pre-wrap;\">Manuel Claro<\/span><span style=\"font-size:12pt;font-family:Arial;color:rgb(0,0,0);background-color:transparent;vertical-align:baseline;white-space:pre-wrap;\">, de <\/span><span style=\"font-size:12pt;font-family:Arial;color:rgb(0,0,0);background-color:transparent;font-weight:700;vertical-align:baseline;white-space:pre-wrap;\">Portugal Film Commission<\/span><span style=\"font-size:12pt;font-family:Arial;color:rgb(0,0,0);background-color:transparent;vertical-align:baseline;white-space:pre-wrap;\">, ha reconocido que &#8220;<\/span><span style=\"font-size:12pt;font-family:Arial;color:rgb(0,0,0);background-color:transparent;font-style:italic;vertical-align:baseline;white-space:pre-wrap;\">a\u00fan es pronto para conocer el impacto generado por los rodajes, pero conf\u00edan plenamente en esta estrategia<\/span><span style=\"font-size:12pt;font-family:Arial;color:rgb(0,0,0);background-color:transparent;vertical-align:baseline;white-space:pre-wrap;\">&#8221;.<\/span><\/p>\n<p><span style=\"font-family:Arial, sans-serif;font-size:12px;text-align:justify;\">\u00a0<\/span><\/p>\n<p dir=\"ltr\" style=\"font-size:12px;font-family:Arial, sans-serif;text-align:justify;line-height:1.38;margin-top:0pt;margin-bottom:0pt;\"><span style=\"font-size:12pt;font-family:Arial;color:rgb(0,0,0);background-color:transparent;vertical-align:baseline;white-space:pre-wrap;\">A su turno, <\/span><span style=\"font-size:12pt;font-family:Arial;color:rgb(0,0,0);background-color:transparent;font-weight:700;vertical-align:baseline;white-space:pre-wrap;\">Marianna Vargas<\/span><span style=\"font-size:12pt;font-family:Arial;color:rgb(0,0,0);background-color:transparent;vertical-align:baseline;white-space:pre-wrap;\">, directora de Direccio&#769;n General de Cine de Republica Dominicana ha compartido con la audiencia casos de pel\u00edculas que se han rodado \u00edntegramente en su pa\u00eds y que han tenido un gran impacto a corto plazo. Llegaron a abrir 4 hoteles en plena pandemia para abastecer las necesidades del rodaje. Adem\u00e1s de tener gran capacidad hotelera, pueden ofrecer grandes plat\u00f3s y capital humano.<\/span><\/p>\n<p dir=\"ltr\" style=\"font-size:12px;font-family:Arial, sans-serif;text-align:justify;line-height:1.38;margin-top:0pt;margin-bottom:0pt;\"><span style=\"font-size:12pt;font-family:Arial;color:rgb(0,0,0);background-color:transparent;vertical-align:baseline;white-space:pre-wrap;\">\u00a0\u00a0<\/span><\/p>\n<p dir=\"ltr\" style=\"font-size:12px;font-family:Arial, sans-serif;text-align:justify;line-height:1.38;margin-top:0pt;margin-bottom:0pt;\"><span style=\"font-size:12pt;font-family:Arial;color:rgb(0,0,0);background-color:transparent;font-weight:700;vertical-align:baseline;white-space:pre-wrap;\">Adrian Wootton<\/span><span style=\"font-size:12pt;font-family:Arial;color:rgb(0,0,0);background-color:transparent;vertical-align:baseline;white-space:pre-wrap;\">, director ejecutivo de <\/span><span style=\"font-size:12pt;font-family:Arial;color:rgb(0,0,0);background-color:transparent;font-weight:700;vertical-align:baseline;white-space:pre-wrap;\">British Film Commission<\/span><span style=\"font-size:12pt;font-family:Arial;color:rgb(0,0,0);background-color:transparent;vertical-align:baseline;white-space:pre-wrap;\"> que ha participado de forma telem\u00e1tica, ha defendido la &#8220;<\/span><span style=\"font-size:12pt;font-family:Arial;color:rgb(0,0,0);background-color:transparent;font-style:italic;vertical-align:baseline;white-space:pre-wrap;\">necesidad de prestar atenci\u00f3n al turismo de pantalla por el impacto econ\u00f3mico que supone para los pa\u00edses&#8221;. <\/span><span style=\"font-size:12pt;font-family:Arial;color:rgb(0,0,0);background-color:transparent;vertical-align:baseline;white-space:pre-wrap;\">Wootton ha comentado que actualmente se encuentran &#8220;<\/span><span style=\"font-size:12pt;font-family:Arial;color:rgb(0,0,0);background-color:transparent;font-style:italic;vertical-align:baseline;white-space:pre-wrap;\">centrados en la colaboraci\u00f3n a nivel internacional, ya que las plataformas han propiciado que todas las producciones sean consumidas en todas partes del mundo<\/span><span style=\"font-size:12pt;font-family:Arial;color:rgb(0,0,0);background-color:transparent;vertical-align:baseline;white-space:pre-wrap;\">&#8221;. De hecho, Esperanza Iba&#769;n&#771;ez ha abierto la puerta a nuevas alianzas internacionales en el futuro entre film commissions.<\/span><\/p>\n<p><span style=\"font-family:Arial, sans-serif;font-size:12px;text-align:justify;\">\u00a0<\/span><\/p>\n<p dir=\"ltr\" style=\"font-size:12px;font-family:Arial, sans-serif;text-align:justify;line-height:1.38;margin-top:0pt;margin-bottom:0pt;\"><span style=\"font-size:12pt;font-family:Arial;color:rgb(0,0,0);background-color:transparent;font-weight:700;vertical-align:baseline;white-space:pre-wrap;\">Piluca Querol<\/span><span style=\"font-size:12pt;font-family:Arial;color:rgb(0,0,0);background-color:transparent;vertical-align:baseline;white-space:pre-wrap;\"> de <\/span><span style=\"font-size:12pt;font-family:Arial;color:rgb(0,0,0);background-color:transparent;font-weight:700;vertical-align:baseline;white-space:pre-wrap;\">Spain Film Commission<\/span><span style=\"font-size:12pt;font-family:Arial;color:rgb(0,0,0);background-color:transparent;vertical-align:baseline;white-space:pre-wrap;\">, ha descrito las caracter\u00edsticas del turista de pantalla: &#8220;<\/span><span style=\"font-size:12pt;font-family:Arial;color:rgb(0,0,0);background-color:transparent;font-style:italic;vertical-align:baseline;white-space:pre-wrap;\">es un ciudadano afable y que se interesa por diversos aspectos de la cultura, la naturaleza y el patrimonio, que viene a descubrir y a conocer el pa\u00eds. El trabajo realizado por las film commissions ha supuesto un punto de inflexi\u00f3n para propiciar el turismo de pantalla&#8221; <\/span><span style=\"font-size:12pt;font-family:Arial;color:rgb(0,0,0);background-color:transparent;vertical-align:baseline;white-space:pre-wrap;\">y ha cerrado la mesa redonda con una apuesta clara, la de<\/span><span style=\"font-size:12pt;font-family:Arial;color:rgb(0,0,0);background-color:transparent;font-style:italic;vertical-align:baseline;white-space:pre-wrap;\"> &#8220;apoyar nuestros propios talentos para que sean mucho m\u00e1s reconocidos fuera&#8221;.<\/span><\/p>\n<p><span style=\"font-family:Arial, sans-serif;font-size:12px;text-align:justify;\">\u00a0<\/span><\/p>\n<p dir=\"ltr\" style=\"font-size:12px;font-family:Arial, sans-serif;text-align:justify;line-height:1.38;margin-top:0pt;margin-bottom:0pt;\"><span style=\"font-size:12pt;font-family:Arial;color:rgb(0,0,0);background-color:transparent;font-weight:700;vertical-align:baseline;white-space:pre-wrap;\">VERONICA SULLIVAN, NUEVA EMBAJADORA HONORARIA DE SPAIN FILM COMMISSION<\/span><\/p>\n<p><span style=\"font-family:Arial, sans-serif;font-size:12px;text-align:justify;\">\u00a0<\/span><\/p>\n<p dir=\"ltr\" style=\"font-size:12px;font-family:Arial, sans-serif;text-align:justify;line-height:1.38;margin-top:0pt;margin-bottom:0pt;\"><span style=\"font-size:12pt;font-family:Arial;color:rgb(0,0,0);background-color:transparent;vertical-align:baseline;white-space:pre-wrap;\">Se ha hecho entrega del reconocimiento <\/span><span style=\"font-size:12pt;font-family:Arial;color:rgb(0,0,0);background-color:transparent;font-weight:700;vertical-align:baseline;white-space:pre-wrap;\">Embajadores Spain Film Commission 2022<\/span><span style=\"font-size:12pt;font-family:Arial;color:rgb(0,0,0);background-color:transparent;vertical-align:baseline;white-space:pre-wrap;\"> a <\/span><span style=\"font-size:12pt;font-family:Arial;color:rgb(0,0,0);background-color:transparent;font-weight:700;vertical-align:baseline;white-space:pre-wrap;\">Veronica Sullivan, Vicepresidenta Senior y\u00a0 Jefa de Asuntos Externos de la Producci\u00f3n Global y Gobierno Estatal y Local en NBCUniversal.\u00a0<\/span><\/p>\n<p><span style=\"font-family:Arial, sans-serif;font-size:12px;text-align:justify;\">\u00a0<\/span><\/p>\n<p dir=\"ltr\" style=\"font-size:12px;font-family:Arial, sans-serif;text-align:justify;line-height:1.38;margin-top:0pt;margin-bottom:0pt;\"><span style=\"font-size:12pt;font-family:Arial;color:rgb(0,0,0);background-color:transparent;font-weight:700;vertical-align:baseline;white-space:pre-wrap;\">Carlos Rosado<\/span><span style=\"font-size:12pt;font-family:Arial;color:rgb(0,0,0);background-color:transparent;vertical-align:baseline;white-space:pre-wrap;\"> ha elogiado &#8220;la dedicaci\u00f3n de Sullivan al mejor entendimiento entre Espa\u00f1a y EEUU en materia audiovisual&#8221;. En nombre de Veronica Sullivan ha recogido el premio <\/span><span style=\"font-size:12pt;font-family:Arial;color:rgb(0,0,0);background-color:transparent;font-weight:700;vertical-align:baseline;white-space:pre-wrap;\">Olga Mart\u00edn<\/span><span style=\"font-size:12pt;font-family:Arial;color:rgb(0,0,0);background-color:transparent;vertical-align:baseline;white-space:pre-wrap;\">, responsable de Relaciones Internacionales de Universal, quien ha agradecido desde Nueva York el premio a la SFC y ha dicho que &#8220;<\/span><span style=\"font-size:12pt;font-family:Arial;color:rgb(0,0,0);background-color:transparent;font-style:italic;vertical-align:baseline;white-space:pre-wrap;\">Espa\u00f1a es un pa\u00eds que adora y al que espera poder rodar muy pronto&#8221;<\/span><span style=\"font-size:12pt;font-family:Arial;color:rgb(0,0,0);background-color:transparent;vertical-align:baseline;white-space:pre-wrap;\">. Tambi\u00e9n ha expresado el <\/span><span style=\"font-size:12pt;font-family:Arial;color:rgb(0,0,0);background-color:transparent;font-style:italic;vertical-align:baseline;white-space:pre-wrap;\">&#8220;gran inter\u00e9s que existe en las grandes multinacionales estadounidenses de rodar en Espa\u00f1a&#8221;<\/span><span style=\"font-size:12pt;font-family:Arial;color:rgb(0,0,0);background-color:transparent;vertical-align:baseline;white-space:pre-wrap;\">. La nueva Embajadora, tiene previsto recoger su reconocimiento en una pr\u00f3xima visita a Espa\u00f1a. <\/span><\/p>\n<p><span style=\"font-family:Arial, sans-serif;font-size:12px;text-align:justify;\">\u00a0<\/span><\/p>\n<p dir=\"ltr\" style=\"font-size:12px;font-family:Arial, sans-serif;text-align:justify;line-height:1.38;margin-top:0pt;margin-bottom:0pt;\"><span style=\"font-size:12pt;font-family:Arial;color:rgb(0,0,0);background-color:transparent;font-weight:700;vertical-align:baseline;white-space:pre-wrap;\">EXPERIENCIAS TUR\u00cdSTICAS\u00a0<\/span><\/p>\n<p><span style=\"font-family:Arial, sans-serif;font-size:12px;text-align:justify;\">\u00a0<\/span><\/p>\n<p dir=\"ltr\" style=\"font-size:12px;font-family:Arial, sans-serif;text-align:justify;line-height:1.38;margin-top:0pt;margin-bottom:0pt;\"><span style=\"font-size:12pt;font-family:Arial;color:rgb(0,0,0);background-color:transparent;vertical-align:baseline;white-space:pre-wrap;\">A lo largo de la jornada el auditorio del espacio Fitur Screen ha acogido presentaciones de diversas experiencias y proyectos de socios de Spain Film Commission<\/span><\/p>\n<p dir=\"ltr\" style=\"font-size:12px;font-family:Arial, sans-serif;text-align:justify;line-height:1.38;margin-top:0pt;margin-bottom:0pt;\"><span style=\"font-size:12pt;font-family:Arial;color:rgb(0,0,0);background-color:transparent;vertical-align:baseline;white-space:pre-wrap;\">\u00a0<\/span><\/p>\n<p dir=\"ltr\" style=\"font-size:12px;font-family:Arial, sans-serif;text-align:justify;line-height:1.38;margin-top:0pt;margin-bottom:0pt;\"><span style=\"font-size:12pt;font-family:Arial;color:rgb(0,0,0);background-color:transparent;vertical-align:baseline;white-space:pre-wrap;\">&#8220;<\/span><span style=\"font-size:12pt;font-family:Arial;color:rgb(0,0,0);background-color:transparent;font-weight:700;vertical-align:baseline;white-space:pre-wrap;\">An\u00fanciate Madrid<\/span><span style=\"font-size:12pt;font-family:Arial;color:rgb(0,0,0);background-color:transparent;vertical-align:baseline;white-space:pre-wrap;\">&#8221; organizada por Madrid Film Office &#8211; Film Madrid ha descubierto el potencial de Madrid para ser escenario de anuncios publicitarios. La presentaci\u00f3n moderada por <\/span><span style=\"font-size:12pt;font-family:Arial;color:rgb(0,0,0);background-color:transparent;font-weight:700;vertical-align:baseline;white-space:pre-wrap;\">Jaime Terol<\/span><span style=\"font-size:12pt;font-family:Arial;color:rgb(0,0,0);background-color:transparent;vertical-align:baseline;white-space:pre-wrap;\">, Line producer Lee Films ha contado con la presencia de <\/span><span style=\"font-size:12pt;font-family:Arial;color:rgb(0,0,0);background-color:transparent;font-weight:700;vertical-align:baseline;white-space:pre-wrap;\">Nuria Santiago<\/span><span style=\"font-size:12pt;font-family:Arial;color:rgb(0,0,0);background-color:transparent;vertical-align:baseline;white-space:pre-wrap;\">, Location Manager, fundadora y socia de Zafarrancho y <\/span><span style=\"font-size:12pt;font-family:Arial;color:rgb(0,0,0);background-color:transparent;font-weight:700;vertical-align:baseline;white-space:pre-wrap;\">Josep Mari&#769;a Alhama<\/span><span style=\"font-size:12pt;font-family:Arial;color:rgb(0,0,0);background-color:transparent;vertical-align:baseline;white-space:pre-wrap;\">, director de Bestours Viajes.\u00a0<\/span><\/p>\n<p><span style=\"font-family:Arial, sans-serif;font-size:12px;text-align:justify;\">\u00a0<\/span><\/p>\n<p dir=\"ltr\" style=\"font-size:12px;font-family:Arial, sans-serif;text-align:justify;line-height:1.38;margin-top:0pt;margin-bottom:0pt;\"><span style=\"font-size:12pt;font-family:Arial;color:rgb(0,0,0);background-color:transparent;vertical-align:baseline;white-space:pre-wrap;\">La presentaci\u00f3n de &#8220;<\/span><span style=\"font-size:12pt;font-family:Arial;color:rgb(0,0,0);background-color:transparent;font-weight:700;vertical-align:baseline;white-space:pre-wrap;\">Zaragoza, ciudad de cine<\/span><span style=\"font-size:12pt;font-family:Arial;color:rgb(0,0,0);background-color:transparent;vertical-align:baseline;white-space:pre-wrap;\">&#8221; ha contado con la presencia de S<\/span><span style=\"font-size:12pt;font-family:Arial;color:rgb(0,0,0);background-color:transparent;font-weight:700;vertical-align:baseline;white-space:pre-wrap;\">ara Ferna&#769;ndez<\/span><span style=\"font-size:12pt;font-family:Arial;color:rgb(0,0,0);background-color:transparent;vertical-align:baseline;white-space:pre-wrap;\">, Vicealcaldesa y Consejera de Cultura, Turismo y Proyecci\u00f3n Exterior del Ayuntamiento de Zaragoza, quien ha destacado la<\/span><span style=\"font-size:12pt;font-family:Arial;color:rgb(0,0,0);background-color:transparent;font-style:italic;vertical-align:baseline;white-space:pre-wrap;\"> &#8220;consolidaci\u00f3n de la Zaragoza Film Office desde que vi\u00f3o la luz el a\u00f1o pasado. Una ciudad de cine, con amplia oferta de eventos y festivales, as\u00ed como rodajes y agenda profesional&#8221;. <\/span><span style=\"font-size:12pt;font-family:Arial;color:rgb(0,0,0);background-color:transparent;vertical-align:baseline;white-space:pre-wrap;\">Tambi\u00e9n ha participado <\/span><span style=\"font-size:12pt;font-family:Arial;color:rgb(0,0,0);background-color:transparent;font-weight:700;vertical-align:baseline;white-space:pre-wrap;\">Fernando de Luis-Orueta<\/span><span style=\"font-size:12pt;font-family:Arial;color:rgb(0,0,0);background-color:transparent;vertical-align:baseline;white-space:pre-wrap;\">, en representaci\u00f3 de la organizaci\u00f3n de los <\/span><span style=\"font-size:12pt;font-family:Arial;color:rgb(0,0,0);background-color:transparent;font-weight:700;vertical-align:baseline;white-space:pre-wrap;\">Premios Feroz, que se celebrar\u00e1n en Zaragoza el pr\u00f3ximo 29 de enero, <\/span><span style=\"font-size:12pt;font-family:Arial;color:rgb(0,0,0);background-color:transparent;vertical-align:baseline;white-space:pre-wrap;\">y del <\/span><span style=\"background-color:transparent;font-size:12pt;font-family:Arial;color:rgb(0,0,0);vertical-align:baseline;white-space:pre-wrap;\">campus de verano <\/span><span style=\"background-color:transparent;font-size:12pt;font-family:Arial;color:rgb(0,0,0);font-weight:700;vertical-align:baseline;white-space:pre-wrap;\">La Inmortal<\/span><span style=\"background-color:transparent;font-size:12pt;font-family:Arial;color:rgb(0,0,0);vertical-align:baseline;white-space:pre-wrap;\">.\u00a0<\/span><\/p>\n<p><span style=\"font-family:Arial, sans-serif;font-size:12px;text-align:justify;\">\u00a0<\/span><\/p>\n<p dir=\"ltr\" style=\"font-size:12px;font-family:Arial, sans-serif;text-align:justify;line-height:1.38;margin-top:0pt;margin-bottom:0pt;\"><span style=\"font-size:12pt;font-family:Arial;color:rgb(0,0,0);background-color:transparent;vertical-align:baseline;white-space:pre-wrap;\">Tras la intervenci\u00f3n de Zaragoza Film Office, ha sido el turno de la Andaluc\u00eda Film Commission y su directora, Piluca Querol, que ha presentado <\/span><span style=\"font-size:12pt;font-family:Arial;color:rgb(0,0,0);background-color:transparent;font-weight:700;vertical-align:baseline;white-space:pre-wrap;\">&#8220;Andaluc\u00eda Film Universe &#8211; Heritage Sessions&#8221; <\/span><span style=\"font-size:12pt;font-family:Arial;color:rgb(0,0,0);background-color:transparent;vertical-align:baseline;white-space:pre-wrap;\">un evento que se celebrar\u00e1 los d\u00edas 9 y 10 de marzo en Sevilla destinado a poner en valor el patrimonio hist\u00f3rico como escenario de rodajes.\u00a0<\/span><\/p>\n<p><span style=\"font-family:Arial, sans-serif;font-size:12px;text-align:justify;\">\u00a0<\/span><\/p>\n<p dir=\"ltr\" style=\"font-size:12px;font-family:Arial, sans-serif;text-align:justify;line-height:1.38;margin-top:0pt;margin-bottom:0pt;\"><span style=\"font-size:12pt;font-family:Arial;color:rgb(0,0,0);background-color:transparent;vertical-align:baseline;white-space:pre-wrap;\">La sesi\u00f3n de tarde ha arrancado con la mesa redonda &#8220;<\/span><span style=\"font-size:12pt;font-family:Arial;color:rgb(0,0,0);background-color:transparent;font-weight:700;vertical-align:baseline;white-space:pre-wrap;\">La Comunitat Valenciana: plat\u00f3 de cine<\/span><span style=\"font-size:12pt;font-family:Arial;color:rgb(0,0,0);background-color:transparent;vertical-align:baseline;white-space:pre-wrap;\">&#8221;, en el que se ha presentado el <\/span><span style=\"font-size:12pt;font-family:Arial;color:rgb(0,0,0);background-color:transparent;font-weight:700;vertical-align:baseline;white-space:pre-wrap;\">cortometraje sobre La Cord\u00e0 de Paterna<\/span><span style=\"font-size:12pt;font-family:Arial;color:rgb(0,0,0);background-color:transparent;vertical-align:baseline;white-space:pre-wrap;\"> de la mano del Alcalde de la ciudad alicantina.<\/span><\/p>\n<p><span style=\"font-family:Arial, sans-serif;font-size:12px;text-align:justify;\">\u00a0<\/span><\/p>\n<p dir=\"ltr\" style=\"font-size:12px;font-family:Arial, sans-serif;text-align:justify;line-height:1.38;margin-top:0pt;margin-bottom:0pt;\"><span style=\"font-size:12pt;font-family:Arial;color:rgb(0,0,0);background-color:transparent;vertical-align:baseline;white-space:pre-wrap;\">Tambi\u00e9n se ha hecho la presentaci\u00f3n de la gu\u00eda tur\u00edstica <\/span><span style=\"font-size:12pt;font-family:Arial;color:rgb(0,0,0);background-color:transparent;font-weight:700;vertical-align:baseline;white-space:pre-wrap;\">&#8220;Berlanga a la vista. Un recorrido de cine&#8217;<\/span><span style=\"font-size:12pt;font-family:Arial;color:rgb(0,0,0);background-color:transparent;vertical-align:baseline;white-space:pre-wrap;\">&#8216; con el Secretario Auton\u00f3mico de Turismo, <\/span><span style=\"font-size:12pt;font-family:Arial;color:rgb(0,0,0);background-color:transparent;font-weight:700;vertical-align:baseline;white-space:pre-wrap;\">Juan Antonio Sagredo<\/span><span style=\"font-size:12pt;font-family:Arial;color:rgb(0,0,0);background-color:transparent;vertical-align:baseline;white-space:pre-wrap;\"> y la presentaci\u00f3n de los Premios Goya en Valencia en la que ha asistido el President de la Generalitat Valenciana, <\/span><span style=\"font-size:12pt;font-family:Arial;color:rgb(0,0,0);background-color:transparent;font-weight:700;vertical-align:baseline;white-space:pre-wrap;\">Ximo Puig<\/span><span style=\"font-size:12pt;font-family:Arial;color:rgb(0,0,0);background-color:transparent;vertical-align:baseline;white-space:pre-wrap;\">.<\/span><\/p>\n<p style=\"font-size:12px;font-family:Arial, sans-serif;text-align:justify;\">\n<span style=\"font-size:12pt;font-family:Arial;color:rgb(0,0,0);background-color:transparent;vertical-align:baseline;white-space:pre-wrap;\">Por \u00faltimo, se ha presentado la sexta edici\u00f3n de <\/span><span style=\"font-size:12pt;font-family:Arial;color:rgb(0,0,0);background-color:transparent;font-weight:700;vertical-align:baseline;white-space:pre-wrap;\">Conecta FICTION<\/span><span style=\"font-size:12pt;font-family:Arial;color:rgb(0,0,0);background-color:transparent;vertical-align:baseline;white-space:pre-wrap;\"> en un\u00a0 acto que ha contado con la presencia de <\/span><span style=\"font-size:12pt;font-family:Arial;color:rgb(0,0,0);background-color:transparent;font-weight:700;vertical-align:baseline;white-space:pre-wrap;\">Patricia Franco<\/span><span style=\"font-size:12pt;font-family:Arial;color:rgb(0,0,0);background-color:transparent;vertical-align:baseline;white-space:pre-wrap;\">, Consejera de Econom\u00eda, Empresas y Empleo de la Junta de Comunidades de Castilla-La Mancha y <\/span><span style=\"font-size:12pt;font-family:Arial;color:rgb(0,0,0);background-color:transparent;font-weight:700;vertical-align:baseline;white-space:pre-wrap;\">G\u00e9raldine Gonard<\/span><span style=\"font-size:12pt;font-family:Arial;color:rgb(0,0,0);background-color:transparent;vertical-align:baseline;white-space:pre-wrap;\">, Directora de Conecta FICTION. Adem\u00e1s se ha presentado el spot &#8220;<\/span><span style=\"font-size:12pt;font-family:Arial;color:rgb(0,0,0);background-color:transparent;font-weight:700;vertical-align:baseline;white-space:pre-wrap;\">Making of Castilla-La Mancha 2022<\/span><span style=\"font-size:12pt;font-family:Arial;color:rgb(0,0,0);background-color:transparent;vertical-align:baseline;white-space:pre-wrap;\">&#8221;.<\/span><\/p>\n<p style=\"font-size:12px;font-family:Arial, sans-serif;text-align:justify;\">\u00a0<\/p>\n<p style=\"font-size:12px;font-family:Arial, sans-serif;text-align:justify;\">\u00a0<\/p>\n<p style=\"font-size:12px;font-family:Arial, sans-serif;text-align:justify;\">\u00a0<\/p>\n<h3 style=\"font-family:Arial, sans-serif;text-align:justify;font-weight:600;line-height:1.1;color:rgb(225,11,19);margin-top:20px;margin-bottom:10px;font-size:12px;text-transform:uppercase;\"><span style=\"font-size:16px;\">#SHOOTINGINSPAIN #YOURMOVIEYOURTRIP #FITURSCREEN2022<\/span><\/h3>\n","protected":false},"excerpt":{"rendered":"<h3 dir=\"ltr\" style=\"font-family:Arial, sans-serif;line-height:1.38;text-align:center;margin-top:0pt;margin-bottom:0pt;\"><span style=\"font-size:16px;\"><span style=\"color:rgb(0,0,0);font-family:Arial;font-weight:700;white-space:pre-wrap;\">&#8220;Hay un gran inter\u00e9s por parte de las grandes multinacionales estadounidenses de rodar en Espa\u00f1a&#8221;<\/span><\/span><\/h3>\n","protected":false},"author":2,"featured_media":8584,"comment_status":"closed","ping_status":"","sticky":false,"template":"","format":"standard","meta":{"footnotes":""},"categories":[38],"tags":[],"class_list":["post-8583","post","type-post","status-publish","format-standard","has-post-thumbnail","hentry","category-noticias"],"yoast_head":"<!-- This site is optimized with the Yoast SEO plugin v27.3 - https:\/\/yoast.com\/product\/yoast-seo-wordpress\/ -->\n<title>La productora Veronica Sullivan ha agradecido el reconocimiento de Embajadora Spain Film Commission 2022 a la SFC y ha expresado su amor por nuestro pa\u00eds, al que espera poder venir a rodar muy pronto&quot; - Spain Film Commission<\/title>\n<meta name=\"robots\" content=\"index, follow, max-snippet:-1, max-image-preview:large, max-video-preview:-1\" \/>\n<link rel=\"canonical\" href=\"https:\/\/spainfilmcommission.com\/en\/blog\/la-productora-veronica-sullivan-ha-agradecido-el-reconocimiento-de-embajadora-spain-film-commission-2022-a-la-sfc-y-ha-expresado-su-amor-por-nuestro-pais-al-que-espera-poder-venir-a-rodar-muy-pronto\/\" \/>\n<meta property=\"og:locale\" content=\"en_US\" \/>\n<meta property=\"og:type\" content=\"article\" \/>\n<meta property=\"og:title\" content=\"La productora Veronica Sullivan ha agradecido el reconocimiento de Embajadora Spain Film Commission 2022 a la SFC y ha expresado su amor por nuestro pa\u00eds, al que espera poder venir a rodar muy pronto&quot; - Spain Film Commission\" \/>\n<meta property=\"og:description\" content=\"&#8220;Hay un gran inter\u00e9s por parte de las grandes multinacionales estadounidenses de rodar en Espa\u00f1a&quot;\" \/>\n<meta property=\"og:url\" content=\"https:\/\/spainfilmcommission.com\/en\/blog\/la-productora-veronica-sullivan-ha-agradecido-el-reconocimiento-de-embajadora-spain-film-commission-2022-a-la-sfc-y-ha-expresado-su-amor-por-nuestro-pais-al-que-espera-poder-venir-a-rodar-muy-pronto\/\" \/>\n<meta property=\"og:site_name\" content=\"Spain Film Commission\" \/>\n<meta property=\"article:published_time\" content=\"2022-01-19T22:00:00+00:00\" \/>\n<meta property=\"article:modified_time\" content=\"2025-02-11T07:06:48+00:00\" \/>\n<meta property=\"og:image\" content=\"https:\/\/spainfilmcommission.com\/wp-content\/uploads\/2024\/11\/la-productora-veronica-sullivan-ha-agradecido-el-reconocimiento-de-embajadora-spain-film-commission-2022-a-la-sfc-y-ha-expresado-su-amor-por-nuestro-pais-al-que-espera-poder-venir-a-rodar-muy-pronto-248.jpeg\" \/>\n\t<meta property=\"og:image:width\" content=\"1170\" \/>\n\t<meta property=\"og:image:height\" content=\"877\" \/>\n\t<meta property=\"og:image:type\" content=\"image\/jpeg\" \/>\n<meta name=\"author\" content=\"studio128k_dam\" \/>\n<meta name=\"twitter:card\" content=\"summary_large_image\" \/>\n<meta name=\"twitter:label1\" content=\"Written by\" \/>\n\t<meta name=\"twitter:data1\" content=\"studio128k_dam\" \/>\n\t<meta name=\"twitter:label2\" content=\"Est. reading time\" \/>\n\t<meta name=\"twitter:data2\" content=\"4 minutes\" \/>\n<script type=\"application\/ld+json\" class=\"yoast-schema-graph\">{\"@context\":\"https:\\\/\\\/schema.org\",\"@graph\":[{\"@type\":\"Article\",\"@id\":\"https:\\\/\\\/spainfilmcommission.com\\\/en\\\/blog\\\/la-productora-veronica-sullivan-ha-agradecido-el-reconocimiento-de-embajadora-spain-film-commission-2022-a-la-sfc-y-ha-expresado-su-amor-por-nuestro-pais-al-que-espera-poder-venir-a-rodar-muy-pronto\\\/#article\",\"isPartOf\":{\"@id\":\"https:\\\/\\\/spainfilmcommission.com\\\/en\\\/blog\\\/la-productora-veronica-sullivan-ha-agradecido-el-reconocimiento-de-embajadora-spain-film-commission-2022-a-la-sfc-y-ha-expresado-su-amor-por-nuestro-pais-al-que-espera-poder-venir-a-rodar-muy-pronto\\\/\"},\"author\":{\"name\":\"studio128k_dam\",\"@id\":\"https:\\\/\\\/spainfilmcommission.com\\\/en\\\/#\\\/schema\\\/person\\\/6c014ba6ceac198d178a6a9e61113c9d\"},\"headline\":\"La productora Veronica Sullivan ha agradecido el reconocimiento de Embajadora Spain Film Commission 2022 a la SFC y ha expresado su amor por nuestro pa\u00eds, al que espera poder venir a rodar muy pronto&#8221;\",\"datePublished\":\"2022-01-19T22:00:00+00:00\",\"dateModified\":\"2025-02-11T07:06:48+00:00\",\"mainEntityOfPage\":{\"@id\":\"https:\\\/\\\/spainfilmcommission.com\\\/en\\\/blog\\\/la-productora-veronica-sullivan-ha-agradecido-el-reconocimiento-de-embajadora-spain-film-commission-2022-a-la-sfc-y-ha-expresado-su-amor-por-nuestro-pais-al-que-espera-poder-venir-a-rodar-muy-pronto\\\/\"},\"wordCount\":926,\"publisher\":{\"@id\":\"https:\\\/\\\/spainfilmcommission.com\\\/en\\\/#organization\"},\"image\":{\"@id\":\"https:\\\/\\\/spainfilmcommission.com\\\/en\\\/blog\\\/la-productora-veronica-sullivan-ha-agradecido-el-reconocimiento-de-embajadora-spain-film-commission-2022-a-la-sfc-y-ha-expresado-su-amor-por-nuestro-pais-al-que-espera-poder-venir-a-rodar-muy-pronto\\\/#primaryimage\"},\"thumbnailUrl\":\"https:\\\/\\\/spainfilmcommission.com\\\/wp-content\\\/uploads\\\/2024\\\/11\\\/la-productora-veronica-sullivan-ha-agradecido-el-reconocimiento-de-embajadora-spain-film-commission-2022-a-la-sfc-y-ha-expresado-su-amor-por-nuestro-pais-al-que-espera-poder-venir-a-rodar-muy-pronto-248.jpeg\",\"articleSection\":[\"Noticias\"],\"inLanguage\":\"en-US\"},{\"@type\":\"WebPage\",\"@id\":\"https:\\\/\\\/spainfilmcommission.com\\\/en\\\/blog\\\/la-productora-veronica-sullivan-ha-agradecido-el-reconocimiento-de-embajadora-spain-film-commission-2022-a-la-sfc-y-ha-expresado-su-amor-por-nuestro-pais-al-que-espera-poder-venir-a-rodar-muy-pronto\\\/\",\"url\":\"https:\\\/\\\/spainfilmcommission.com\\\/en\\\/blog\\\/la-productora-veronica-sullivan-ha-agradecido-el-reconocimiento-de-embajadora-spain-film-commission-2022-a-la-sfc-y-ha-expresado-su-amor-por-nuestro-pais-al-que-espera-poder-venir-a-rodar-muy-pronto\\\/\",\"name\":\"La productora Veronica Sullivan ha agradecido el reconocimiento de Embajadora Spain Film Commission 2022 a la SFC y ha expresado su amor por nuestro pa\u00eds, al que espera poder venir a rodar muy pronto\\\" - Spain Film Commission\",\"isPartOf\":{\"@id\":\"https:\\\/\\\/spainfilmcommission.com\\\/en\\\/#website\"},\"primaryImageOfPage\":{\"@id\":\"https:\\\/\\\/spainfilmcommission.com\\\/en\\\/blog\\\/la-productora-veronica-sullivan-ha-agradecido-el-reconocimiento-de-embajadora-spain-film-commission-2022-a-la-sfc-y-ha-expresado-su-amor-por-nuestro-pais-al-que-espera-poder-venir-a-rodar-muy-pronto\\\/#primaryimage\"},\"image\":{\"@id\":\"https:\\\/\\\/spainfilmcommission.com\\\/en\\\/blog\\\/la-productora-veronica-sullivan-ha-agradecido-el-reconocimiento-de-embajadora-spain-film-commission-2022-a-la-sfc-y-ha-expresado-su-amor-por-nuestro-pais-al-que-espera-poder-venir-a-rodar-muy-pronto\\\/#primaryimage\"},\"thumbnailUrl\":\"https:\\\/\\\/spainfilmcommission.com\\\/wp-content\\\/uploads\\\/2024\\\/11\\\/la-productora-veronica-sullivan-ha-agradecido-el-reconocimiento-de-embajadora-spain-film-commission-2022-a-la-sfc-y-ha-expresado-su-amor-por-nuestro-pais-al-que-espera-poder-venir-a-rodar-muy-pronto-248.jpeg\",\"datePublished\":\"2022-01-19T22:00:00+00:00\",\"dateModified\":\"2025-02-11T07:06:48+00:00\",\"breadcrumb\":{\"@id\":\"https:\\\/\\\/spainfilmcommission.com\\\/en\\\/blog\\\/la-productora-veronica-sullivan-ha-agradecido-el-reconocimiento-de-embajadora-spain-film-commission-2022-a-la-sfc-y-ha-expresado-su-amor-por-nuestro-pais-al-que-espera-poder-venir-a-rodar-muy-pronto\\\/#breadcrumb\"},\"inLanguage\":\"en-US\",\"potentialAction\":[{\"@type\":\"ReadAction\",\"target\":[\"https:\\\/\\\/spainfilmcommission.com\\\/en\\\/blog\\\/la-productora-veronica-sullivan-ha-agradecido-el-reconocimiento-de-embajadora-spain-film-commission-2022-a-la-sfc-y-ha-expresado-su-amor-por-nuestro-pais-al-que-espera-poder-venir-a-rodar-muy-pronto\\\/\"]}]},{\"@type\":\"ImageObject\",\"inLanguage\":\"en-US\",\"@id\":\"https:\\\/\\\/spainfilmcommission.com\\\/en\\\/blog\\\/la-productora-veronica-sullivan-ha-agradecido-el-reconocimiento-de-embajadora-spain-film-commission-2022-a-la-sfc-y-ha-expresado-su-amor-por-nuestro-pais-al-que-espera-poder-venir-a-rodar-muy-pronto\\\/#primaryimage\",\"url\":\"https:\\\/\\\/spainfilmcommission.com\\\/wp-content\\\/uploads\\\/2024\\\/11\\\/la-productora-veronica-sullivan-ha-agradecido-el-reconocimiento-de-embajadora-spain-film-commission-2022-a-la-sfc-y-ha-expresado-su-amor-por-nuestro-pais-al-que-espera-poder-venir-a-rodar-muy-pronto-248.jpeg\",\"contentUrl\":\"https:\\\/\\\/spainfilmcommission.com\\\/wp-content\\\/uploads\\\/2024\\\/11\\\/la-productora-veronica-sullivan-ha-agradecido-el-reconocimiento-de-embajadora-spain-film-commission-2022-a-la-sfc-y-ha-expresado-su-amor-por-nuestro-pais-al-que-espera-poder-venir-a-rodar-muy-pronto-248.jpeg\",\"width\":1170,\"height\":877},{\"@type\":\"BreadcrumbList\",\"@id\":\"https:\\\/\\\/spainfilmcommission.com\\\/en\\\/blog\\\/la-productora-veronica-sullivan-ha-agradecido-el-reconocimiento-de-embajadora-spain-film-commission-2022-a-la-sfc-y-ha-expresado-su-amor-por-nuestro-pais-al-que-espera-poder-venir-a-rodar-muy-pronto\\\/#breadcrumb\",\"itemListElement\":[{\"@type\":\"ListItem\",\"position\":1,\"name\":\"Portada\",\"item\":\"https:\\\/\\\/spainfilmcommission.com\\\/en\\\/\"},{\"@type\":\"ListItem\",\"position\":2,\"name\":\"La productora Veronica Sullivan ha agradecido el reconocimiento de Embajadora Spain Film Commission 2022 a la SFC y ha expresado su amor por nuestro pa\u00eds, al que espera poder venir a rodar muy pronto\u00bb\"}]},{\"@type\":\"WebSite\",\"@id\":\"https:\\\/\\\/spainfilmcommission.com\\\/en\\\/#website\",\"url\":\"https:\\\/\\\/spainfilmcommission.com\\\/en\\\/\",\"name\":\"Spain Film Commission\",\"description\":\"\",\"publisher\":{\"@id\":\"https:\\\/\\\/spainfilmcommission.com\\\/en\\\/#organization\"},\"potentialAction\":[{\"@type\":\"SearchAction\",\"target\":{\"@type\":\"EntryPoint\",\"urlTemplate\":\"https:\\\/\\\/spainfilmcommission.com\\\/en\\\/?s={search_term_string}\"},\"query-input\":{\"@type\":\"PropertyValueSpecification\",\"valueRequired\":true,\"valueName\":\"search_term_string\"}}],\"inLanguage\":\"en-US\"},{\"@type\":\"Organization\",\"@id\":\"https:\\\/\\\/spainfilmcommission.com\\\/en\\\/#organization\",\"name\":\"Spain Film Commission\",\"url\":\"https:\\\/\\\/spainfilmcommission.com\\\/en\\\/\",\"logo\":{\"@type\":\"ImageObject\",\"inLanguage\":\"en-US\",\"@id\":\"https:\\\/\\\/spainfilmcommission.com\\\/en\\\/#\\\/schema\\\/logo\\\/image\\\/\",\"url\":\"https:\\\/\\\/spainfilmcommission.com\\\/wp-content\\\/uploads\\\/2024\\\/07\\\/SPC_COLOR.png\",\"contentUrl\":\"https:\\\/\\\/spainfilmcommission.com\\\/wp-content\\\/uploads\\\/2024\\\/07\\\/SPC_COLOR.png\",\"width\":1665,\"height\":1665,\"caption\":\"Spain Film Commission\"},\"image\":{\"@id\":\"https:\\\/\\\/spainfilmcommission.com\\\/en\\\/#\\\/schema\\\/logo\\\/image\\\/\"}},{\"@type\":\"Person\",\"@id\":\"https:\\\/\\\/spainfilmcommission.com\\\/en\\\/#\\\/schema\\\/person\\\/6c014ba6ceac198d178a6a9e61113c9d\",\"name\":\"studio128k_dam\",\"image\":{\"@type\":\"ImageObject\",\"inLanguage\":\"en-US\",\"@id\":\"https:\\\/\\\/secure.gravatar.com\\\/avatar\\\/810f99144a13522c24aa173f9cd8bf079d0e89758af00b5f2938443cd51b31e9?s=96&d=mm&r=g\",\"url\":\"https:\\\/\\\/secure.gravatar.com\\\/avatar\\\/810f99144a13522c24aa173f9cd8bf079d0e89758af00b5f2938443cd51b31e9?s=96&d=mm&r=g\",\"contentUrl\":\"https:\\\/\\\/secure.gravatar.com\\\/avatar\\\/810f99144a13522c24aa173f9cd8bf079d0e89758af00b5f2938443cd51b31e9?s=96&d=mm&r=g\",\"caption\":\"studio128k_dam\"}}]}<\/script>\n<!-- \/ Yoast SEO plugin. -->","yoast_head_json":{"title":"La productora Veronica Sullivan ha agradecido el reconocimiento de Embajadora Spain Film Commission 2022 a la SFC y ha expresado su amor por nuestro pa\u00eds, al que espera poder venir a rodar muy pronto\" - Spain Film Commission","robots":{"index":"index","follow":"follow","max-snippet":"max-snippet:-1","max-image-preview":"max-image-preview:large","max-video-preview":"max-video-preview:-1"},"canonical":"https:\/\/spainfilmcommission.com\/en\/blog\/la-productora-veronica-sullivan-ha-agradecido-el-reconocimiento-de-embajadora-spain-film-commission-2022-a-la-sfc-y-ha-expresado-su-amor-por-nuestro-pais-al-que-espera-poder-venir-a-rodar-muy-pronto\/","og_locale":"en_US","og_type":"article","og_title":"La productora Veronica Sullivan ha agradecido el reconocimiento de Embajadora Spain Film Commission 2022 a la SFC y ha expresado su amor por nuestro pa\u00eds, al que espera poder venir a rodar muy pronto\" - Spain Film Commission","og_description":"&#8220;Hay un gran inter\u00e9s por parte de las grandes multinacionales estadounidenses de rodar en Espa\u00f1a\"","og_url":"https:\/\/spainfilmcommission.com\/en\/blog\/la-productora-veronica-sullivan-ha-agradecido-el-reconocimiento-de-embajadora-spain-film-commission-2022-a-la-sfc-y-ha-expresado-su-amor-por-nuestro-pais-al-que-espera-poder-venir-a-rodar-muy-pronto\/","og_site_name":"Spain Film Commission","article_published_time":"2022-01-19T22:00:00+00:00","article_modified_time":"2025-02-11T07:06:48+00:00","og_image":[{"width":1170,"height":877,"url":"https:\/\/spainfilmcommission.com\/wp-content\/uploads\/2024\/11\/la-productora-veronica-sullivan-ha-agradecido-el-reconocimiento-de-embajadora-spain-film-commission-2022-a-la-sfc-y-ha-expresado-su-amor-por-nuestro-pais-al-que-espera-poder-venir-a-rodar-muy-pronto-248.jpeg","type":"image\/jpeg"}],"author":"studio128k_dam","twitter_card":"summary_large_image","twitter_misc":{"Written by":"studio128k_dam","Est. reading time":"4 minutes"},"schema":{"@context":"https:\/\/schema.org","@graph":[{"@type":"Article","@id":"https:\/\/spainfilmcommission.com\/en\/blog\/la-productora-veronica-sullivan-ha-agradecido-el-reconocimiento-de-embajadora-spain-film-commission-2022-a-la-sfc-y-ha-expresado-su-amor-por-nuestro-pais-al-que-espera-poder-venir-a-rodar-muy-pronto\/#article","isPartOf":{"@id":"https:\/\/spainfilmcommission.com\/en\/blog\/la-productora-veronica-sullivan-ha-agradecido-el-reconocimiento-de-embajadora-spain-film-commission-2022-a-la-sfc-y-ha-expresado-su-amor-por-nuestro-pais-al-que-espera-poder-venir-a-rodar-muy-pronto\/"},"author":{"name":"studio128k_dam","@id":"https:\/\/spainfilmcommission.com\/en\/#\/schema\/person\/6c014ba6ceac198d178a6a9e61113c9d"},"headline":"La productora Veronica Sullivan ha agradecido el reconocimiento de Embajadora Spain Film Commission 2022 a la SFC y ha expresado su amor por nuestro pa\u00eds, al que espera poder venir a rodar muy pronto&#8221;","datePublished":"2022-01-19T22:00:00+00:00","dateModified":"2025-02-11T07:06:48+00:00","mainEntityOfPage":{"@id":"https:\/\/spainfilmcommission.com\/en\/blog\/la-productora-veronica-sullivan-ha-agradecido-el-reconocimiento-de-embajadora-spain-film-commission-2022-a-la-sfc-y-ha-expresado-su-amor-por-nuestro-pais-al-que-espera-poder-venir-a-rodar-muy-pronto\/"},"wordCount":926,"publisher":{"@id":"https:\/\/spainfilmcommission.com\/en\/#organization"},"image":{"@id":"https:\/\/spainfilmcommission.com\/en\/blog\/la-productora-veronica-sullivan-ha-agradecido-el-reconocimiento-de-embajadora-spain-film-commission-2022-a-la-sfc-y-ha-expresado-su-amor-por-nuestro-pais-al-que-espera-poder-venir-a-rodar-muy-pronto\/#primaryimage"},"thumbnailUrl":"https:\/\/spainfilmcommission.com\/wp-content\/uploads\/2024\/11\/la-productora-veronica-sullivan-ha-agradecido-el-reconocimiento-de-embajadora-spain-film-commission-2022-a-la-sfc-y-ha-expresado-su-amor-por-nuestro-pais-al-que-espera-poder-venir-a-rodar-muy-pronto-248.jpeg","articleSection":["Noticias"],"inLanguage":"en-US"},{"@type":"WebPage","@id":"https:\/\/spainfilmcommission.com\/en\/blog\/la-productora-veronica-sullivan-ha-agradecido-el-reconocimiento-de-embajadora-spain-film-commission-2022-a-la-sfc-y-ha-expresado-su-amor-por-nuestro-pais-al-que-espera-poder-venir-a-rodar-muy-pronto\/","url":"https:\/\/spainfilmcommission.com\/en\/blog\/la-productora-veronica-sullivan-ha-agradecido-el-reconocimiento-de-embajadora-spain-film-commission-2022-a-la-sfc-y-ha-expresado-su-amor-por-nuestro-pais-al-que-espera-poder-venir-a-rodar-muy-pronto\/","name":"La productora Veronica Sullivan ha agradecido el reconocimiento de Embajadora Spain Film Commission 2022 a la SFC y ha expresado su amor por nuestro pa\u00eds, al que espera poder venir a rodar muy pronto\" - Spain Film Commission","isPartOf":{"@id":"https:\/\/spainfilmcommission.com\/en\/#website"},"primaryImageOfPage":{"@id":"https:\/\/spainfilmcommission.com\/en\/blog\/la-productora-veronica-sullivan-ha-agradecido-el-reconocimiento-de-embajadora-spain-film-commission-2022-a-la-sfc-y-ha-expresado-su-amor-por-nuestro-pais-al-que-espera-poder-venir-a-rodar-muy-pronto\/#primaryimage"},"image":{"@id":"https:\/\/spainfilmcommission.com\/en\/blog\/la-productora-veronica-sullivan-ha-agradecido-el-reconocimiento-de-embajadora-spain-film-commission-2022-a-la-sfc-y-ha-expresado-su-amor-por-nuestro-pais-al-que-espera-poder-venir-a-rodar-muy-pronto\/#primaryimage"},"thumbnailUrl":"https:\/\/spainfilmcommission.com\/wp-content\/uploads\/2024\/11\/la-productora-veronica-sullivan-ha-agradecido-el-reconocimiento-de-embajadora-spain-film-commission-2022-a-la-sfc-y-ha-expresado-su-amor-por-nuestro-pais-al-que-espera-poder-venir-a-rodar-muy-pronto-248.jpeg","datePublished":"2022-01-19T22:00:00+00:00","dateModified":"2025-02-11T07:06:48+00:00","breadcrumb":{"@id":"https:\/\/spainfilmcommission.com\/en\/blog\/la-productora-veronica-sullivan-ha-agradecido-el-reconocimiento-de-embajadora-spain-film-commission-2022-a-la-sfc-y-ha-expresado-su-amor-por-nuestro-pais-al-que-espera-poder-venir-a-rodar-muy-pronto\/#breadcrumb"},"inLanguage":"en-US","potentialAction":[{"@type":"ReadAction","target":["https:\/\/spainfilmcommission.com\/en\/blog\/la-productora-veronica-sullivan-ha-agradecido-el-reconocimiento-de-embajadora-spain-film-commission-2022-a-la-sfc-y-ha-expresado-su-amor-por-nuestro-pais-al-que-espera-poder-venir-a-rodar-muy-pronto\/"]}]},{"@type":"ImageObject","inLanguage":"en-US","@id":"https:\/\/spainfilmcommission.com\/en\/blog\/la-productora-veronica-sullivan-ha-agradecido-el-reconocimiento-de-embajadora-spain-film-commission-2022-a-la-sfc-y-ha-expresado-su-amor-por-nuestro-pais-al-que-espera-poder-venir-a-rodar-muy-pronto\/#primaryimage","url":"https:\/\/spainfilmcommission.com\/wp-content\/uploads\/2024\/11\/la-productora-veronica-sullivan-ha-agradecido-el-reconocimiento-de-embajadora-spain-film-commission-2022-a-la-sfc-y-ha-expresado-su-amor-por-nuestro-pais-al-que-espera-poder-venir-a-rodar-muy-pronto-248.jpeg","contentUrl":"https:\/\/spainfilmcommission.com\/wp-content\/uploads\/2024\/11\/la-productora-veronica-sullivan-ha-agradecido-el-reconocimiento-de-embajadora-spain-film-commission-2022-a-la-sfc-y-ha-expresado-su-amor-por-nuestro-pais-al-que-espera-poder-venir-a-rodar-muy-pronto-248.jpeg","width":1170,"height":877},{"@type":"BreadcrumbList","@id":"https:\/\/spainfilmcommission.com\/en\/blog\/la-productora-veronica-sullivan-ha-agradecido-el-reconocimiento-de-embajadora-spain-film-commission-2022-a-la-sfc-y-ha-expresado-su-amor-por-nuestro-pais-al-que-espera-poder-venir-a-rodar-muy-pronto\/#breadcrumb","itemListElement":[{"@type":"ListItem","position":1,"name":"Portada","item":"https:\/\/spainfilmcommission.com\/en\/"},{"@type":"ListItem","position":2,"name":"La productora Veronica Sullivan ha agradecido el reconocimiento de Embajadora Spain Film Commission 2022 a la SFC y ha expresado su amor por nuestro pa\u00eds, al que espera poder venir a rodar muy pronto\u00bb"}]},{"@type":"WebSite","@id":"https:\/\/spainfilmcommission.com\/en\/#website","url":"https:\/\/spainfilmcommission.com\/en\/","name":"Spain Film Commission","description":"","publisher":{"@id":"https:\/\/spainfilmcommission.com\/en\/#organization"},"potentialAction":[{"@type":"SearchAction","target":{"@type":"EntryPoint","urlTemplate":"https:\/\/spainfilmcommission.com\/en\/?s={search_term_string}"},"query-input":{"@type":"PropertyValueSpecification","valueRequired":true,"valueName":"search_term_string"}}],"inLanguage":"en-US"},{"@type":"Organization","@id":"https:\/\/spainfilmcommission.com\/en\/#organization","name":"Spain Film Commission","url":"https:\/\/spainfilmcommission.com\/en\/","logo":{"@type":"ImageObject","inLanguage":"en-US","@id":"https:\/\/spainfilmcommission.com\/en\/#\/schema\/logo\/image\/","url":"https:\/\/spainfilmcommission.com\/wp-content\/uploads\/2024\/07\/SPC_COLOR.png","contentUrl":"https:\/\/spainfilmcommission.com\/wp-content\/uploads\/2024\/07\/SPC_COLOR.png","width":1665,"height":1665,"caption":"Spain Film Commission"},"image":{"@id":"https:\/\/spainfilmcommission.com\/en\/#\/schema\/logo\/image\/"}},{"@type":"Person","@id":"https:\/\/spainfilmcommission.com\/en\/#\/schema\/person\/6c014ba6ceac198d178a6a9e61113c9d","name":"studio128k_dam","image":{"@type":"ImageObject","inLanguage":"en-US","@id":"https:\/\/secure.gravatar.com\/avatar\/810f99144a13522c24aa173f9cd8bf079d0e89758af00b5f2938443cd51b31e9?s=96&d=mm&r=g","url":"https:\/\/secure.gravatar.com\/avatar\/810f99144a13522c24aa173f9cd8bf079d0e89758af00b5f2938443cd51b31e9?s=96&d=mm&r=g","contentUrl":"https:\/\/secure.gravatar.com\/avatar\/810f99144a13522c24aa173f9cd8bf079d0e89758af00b5f2938443cd51b31e9?s=96&d=mm&r=g","caption":"studio128k_dam"}}]}},"_links":{"self":[{"href":"https:\/\/spainfilmcommission.com\/en\/wp-json\/wp\/v2\/posts\/8583","targetHints":{"allow":["GET"]}}],"collection":[{"href":"https:\/\/spainfilmcommission.com\/en\/wp-json\/wp\/v2\/posts"}],"about":[{"href":"https:\/\/spainfilmcommission.com\/en\/wp-json\/wp\/v2\/types\/post"}],"author":[{"embeddable":true,"href":"https:\/\/spainfilmcommission.com\/en\/wp-json\/wp\/v2\/users\/2"}],"replies":[{"embeddable":true,"href":"https:\/\/spainfilmcommission.com\/en\/wp-json\/wp\/v2\/comments?post=8583"}],"version-history":[{"count":0,"href":"https:\/\/spainfilmcommission.com\/en\/wp-json\/wp\/v2\/posts\/8583\/revisions"}],"wp:featuredmedia":[{"embeddable":true,"href":"https:\/\/spainfilmcommission.com\/en\/wp-json\/wp\/v2\/media\/8584"}],"wp:attachment":[{"href":"https:\/\/spainfilmcommission.com\/en\/wp-json\/wp\/v2\/media?parent=8583"}],"wp:term":[{"taxonomy":"category","embeddable":true,"href":"https:\/\/spainfilmcommission.com\/en\/wp-json\/wp\/v2\/categories?post=8583"},{"taxonomy":"post_tag","embeddable":true,"href":"https:\/\/spainfilmcommission.com\/en\/wp-json\/wp\/v2\/tags?post=8583"}],"curies":[{"name":"wp","href":"https:\/\/api.w.org\/{rel}","templated":true}]}}